{"id":256194,"date":"2022-09-02T22:39:28","date_gmt":"2022-09-03T03:39:28","guid":{"rendered":"https:\/\/www.fiscalia.gov.co\/colombia\/?p=256194"},"modified":"2022-09-02T22:41:22","modified_gmt":"2022-09-03T03:41:22","slug":"fiscalia-adelanta-investigacion-sobre-atentado-con-explosivos-ocurrido-en-el-corregimiento-de-san-luis-huila-donde-fallecieron-7-policias-y-uno-mas-resulto-herido","status":"publish","type":"post","link":"https:\/\/www.fiscalia.gov.co\/colombia\/noticias\/fiscalia-adelanta-investigacion-sobre-atentado-con-explosivos-ocurrido-en-el-corregimiento-de-san-luis-huila-donde-fallecieron-7-policias-y-uno-mas-resulto-herido\/","title":{"rendered":"Fiscal\u00eda adelanta investigaci\u00f3n sobre atentado con explosivos ocurrido en el corregimiento de San Luis (Huila), donde fallecieron 7 polic\u00edas y uno m\u00e1s result\u00f3 herido\u00a0"},"content":{"rendered":"<p>Desde el momento en que se conocieron los hechos sobre la explosi\u00f3n que dej\u00f3 como v\u00edctimas mortales a 7 uniformados de la polic\u00eda y uno m\u00e1s result\u00f3 herido, en el corregimiento de San Luis, jurisdicci\u00f3n de Neiva, (Huila), desde el despacho del se\u00f1or Fiscal General de la Naci\u00f3n, Francisco Barbosa Delgado, se dispuso la conformaci\u00f3n de un equipo interdependencias de fiscales e investigadores de la Delegada para la Seguridad Territorial, la Delegada contra la Criminalidad Organizada y de la Unidad Especial, para que se logre la mayor concentraci\u00f3n de elementos materiales probatorios y evidencia f\u00edsica que permitan esclarecer en el menor tiempo posible lo ocurrido.<\/p>\n<p>El equipo t\u00e9cnico \u2013 cient\u00edfico est\u00e1 articulado por tres fiscales especializados, un l\u00edder investigador, seis investigadores de apoyo, 2 expertos antiexplosivos, un bal\u00edstico, un top\u00f3grafo, un arquitecto, dos fot\u00f3grafos, un l\u00edder t\u00e9cnico, un criminal\u00edstico y cuatro analistas. Es un grupo de trabajo con experiencia en este tipo de eventos.<\/p>\n<p>Los funcionarios estar\u00e1n en el lugar del atentado para determinar las circunstancias de tiempo, modo y lugar en el que se desarroll\u00f3 el crimen. De igual forma, se recopilar\u00e1 material probatorio y evidencia f\u00edsica que sirva de insumo para la investigaci\u00f3n penal.<\/p>\n<p>Adem\u00e1s, el director del Instituto Nacional de Medicina Legal dispuso de un equipo de expertos forenses que van a abordar los cuerpos para efectos de obtener la mayor informaci\u00f3n probatoria en ellos.<\/p>\n<p>En el Consejo de Seguridad realizado a petici\u00f3n del se\u00f1or Presidente de la Rep\u00fablica, Gustavo Petro, la Fiscal\u00eda entreg\u00f3 informaci\u00f3n de los avances preliminares en materia criminal\u00edstica.<\/p>\n<p>La Fiscal\u00eda habla con resultados.<\/p>\n<p>&nbsp;<\/p>\n<p>LMFO\/MRC\/PATN\/LFOG\/MJM\/<\/p>\n<p>&nbsp;<\/p>\n<p>&nbsp;<\/p>\n<p><em>La informaci\u00f3n contenida en este bolet\u00edn de prensa corresponde a la narraci\u00f3n de los hechos noticiosos objetivos, y las investigaciones penales al interior de la Fiscal\u00eda General de la Naci\u00f3n. Para el momento de la divulgaci\u00f3n de este comunicado, la situaci\u00f3n jur\u00eddica de la(s) persona(s) relacionada(s) se encuentra pendiente de resolver por la autoridad judicial competente, siempre bajo los preceptos de la presunci\u00f3n de inocencia, consagrados en el art\u00edculo 29 de la Constituci\u00f3n Pol\u00edtica y el art\u00edculo 7\u00ba de la Ley 906 de 2004.<\/em><\/p>\n<p>&nbsp;<\/p>\n\n<div class=\"twitter-share\"><a href=\"https:\/\/twitter.com\/intent\/tweet?via=fiscaliacol\" class=\"twitter-share-button\">Tweet<\/a><\/div>\n","protected":false},"excerpt":{"rendered":"<p>Desde el momento en que se conocieron los hechos sobre la explosi\u00f3n que dej\u00f3 como v\u00edctimas mortales a 7 uniformados de la polic\u00eda y uno m\u00e1s result\u00f3 herido, en el corregimiento de San Luis, jurisdicci\u00f3n de Neiva, (Huila), desde el despacho del se\u00f1or Fiscal General de la Naci\u00f3n, Francisco Barbosa Delgado, se dispuso la conformaci\u00f3n [&hellip;]<\/p>\n","protected":false},"author":175,"featured_media":0,"comment_status":"closed","ping_status":"open","sticky":false,"template":"","format":"standard","meta":{"tdm_status":"","tdm_grid_status":"","footnotes":""},"categories":[1,24099],"tags":[32734,24188,24305],"class_list":{"0":"post-256194","1":"post","2":"type-post","3":"status-publish","4":"format-standard","6":"category-noticias","7":"category-seguridad-territorial","8":"tag-atentado-san-luis-huila","9":"tag-fiscal-francisco-barbosa","10":"tag-fiscal-general-francisco-barbosa"},"yoast_head":"<!-- This site is optimized with the Yoast SEO plugin v24.3 - https:\/\/yoast.com\/wordpress\/plugins\/seo\/ -->\n<title>Fiscal\u00eda General de la Naci\u00f3n<\/title>\n<meta name=\"description\" content=\"P\u00e1gina oficial de la Fiscal\u00eda General de la Naci\u00f3n \u2013 Colombia. Garantizamos el acceso efectivo a la justicia, la verdad y la reparaci\u00f3n de las v\u00edctimas de los delitos.\" \/>\n<meta name=\"robots\" content=\"noindex, follow\" \/>\n<meta property=\"og:locale\" content=\"es_ES\" \/>\n<meta property=\"og:type\" content=\"article\" \/>\n<meta property=\"og:title\" content=\"Fiscal\u00eda General de la Naci\u00f3n\" \/>\n<meta property=\"og:description\" content=\"P\u00e1gina oficial de la Fiscal\u00eda General de la Naci\u00f3n \u2013 Colombia. Garantizamos el acceso efectivo a la justicia, la verdad y la reparaci\u00f3n de las v\u00edctimas de los delitos.\" \/>\n<meta property=\"og:url\" content=\"https:\/\/www.fiscalia.gov.co\/colombia\/noticias\/fiscalia-adelanta-investigacion-sobre-atentado-con-explosivos-ocurrido-en-el-corregimiento-de-san-luis-huila-donde-fallecieron-7-policias-y-uno-mas-resulto-herido\/\" \/>\n<meta property=\"og:site_name\" content=\"Fiscal\u00eda General de la Naci\u00f3n\" \/>\n<meta property=\"article:publisher\" content=\"https:\/\/www.facebook.com\/FiscaliaCol\" \/>\n<meta property=\"article:published_time\" content=\"2022-09-03T03:39:28+00:00\" \/>\n<meta property=\"article:modified_time\" content=\"2022-09-03T03:41:22+00:00\" \/>\n<meta name=\"author\" content=\"Katherine Loaiza Mart\u00ednez\" \/>\n<meta name=\"twitter:card\" content=\"summary_large_image\" \/>\n<meta name=\"twitter:creator\" content=\"@FiscaliaCol\" \/>\n<meta name=\"twitter:site\" content=\"@FiscaliaCol\" \/>\n<meta name=\"twitter:label1\" content=\"Escrito por\" \/>\n\t<meta name=\"twitter:data1\" content=\"Katherine Loaiza Mart\u00ednez\" \/>\n\t<meta name=\"twitter:label2\" content=\"Tiempo de lectura\" \/>\n\t<meta name=\"twitter:data2\" content=\"2 minutos\" \/>\n<script type=\"application\/ld+json\" class=\"yoast-schema-graph\">{\"@context\":\"https:\/\/schema.org\",\"@graph\":[{\"@type\":\"Article\",\"@id\":\"https:\/\/www.fiscalia.gov.co\/colombia\/noticias\/fiscalia-adelanta-investigacion-sobre-atentado-con-explosivos-ocurrido-en-el-corregimiento-de-san-luis-huila-donde-fallecieron-7-policias-y-uno-mas-resulto-herido\/#article\",\"isPartOf\":{\"@id\":\"https:\/\/www.fiscalia.gov.co\/colombia\/noticias\/fiscalia-adelanta-investigacion-sobre-atentado-con-explosivos-ocurrido-en-el-corregimiento-de-san-luis-huila-donde-fallecieron-7-policias-y-uno-mas-resulto-herido\/\"},\"author\":{\"name\":\"Katherine Loaiza Mart\u00ednez\",\"@id\":\"https:\/\/www.fiscalia.gov.co\/colombia\/#\/schema\/person\/2e76b9aba5ecf875ed565ce4de0e0415\"},\"headline\":\"Fiscal\u00eda adelanta investigaci\u00f3n sobre atentado con explosivos ocurrido en el corregimiento de San Luis (Huila), donde fallecieron 7 polic\u00edas y uno m\u00e1s result\u00f3 herido\u00a0\",\"datePublished\":\"2022-09-03T03:39:28+00:00\",\"dateModified\":\"2022-09-03T03:41:22+00:00\",\"mainEntityOfPage\":{\"@id\":\"https:\/\/www.fiscalia.gov.co\/colombia\/noticias\/fiscalia-adelanta-investigacion-sobre-atentado-con-explosivos-ocurrido-en-el-corregimiento-de-san-luis-huila-donde-fallecieron-7-policias-y-uno-mas-resulto-herido\/\"},\"wordCount\":420,\"publisher\":{\"@id\":\"https:\/\/www.fiscalia.gov.co\/colombia\/#organization\"},\"keywords\":[\"Atentado San Luis Huila\",\"Fiscal Francisco Barbosa\",\"Fiscal General Francisco Barbosa\"],\"articleSection\":[\"Noticias\",\"Seguridad territorial\"],\"inLanguage\":\"es-CO\"},{\"@type\":\"WebPage\",\"@id\":\"https:\/\/www.fiscalia.gov.co\/colombia\/noticias\/fiscalia-adelanta-investigacion-sobre-atentado-con-explosivos-ocurrido-en-el-corregimiento-de-san-luis-huila-donde-fallecieron-7-policias-y-uno-mas-resulto-herido\/\",\"url\":\"https:\/\/www.fiscalia.gov.co\/colombia\/noticias\/fiscalia-adelanta-investigacion-sobre-atentado-con-explosivos-ocurrido-en-el-corregimiento-de-san-luis-huila-donde-fallecieron-7-policias-y-uno-mas-resulto-herido\/\",\"name\":\"Fiscal\u00eda General de la Naci\u00f3n\",\"isPartOf\":{\"@id\":\"https:\/\/www.fiscalia.gov.co\/colombia\/#website\"},\"datePublished\":\"2022-09-03T03:39:28+00:00\",\"dateModified\":\"2022-09-03T03:41:22+00:00\",\"description\":\"P\u00e1gina oficial de la Fiscal\u00eda General de la Naci\u00f3n \u2013 Colombia. Garantizamos el acceso efectivo a la justicia, la verdad y la reparaci\u00f3n de las v\u00edctimas de los delitos.\",\"breadcrumb\":{\"@id\":\"https:\/\/www.fiscalia.gov.co\/colombia\/noticias\/fiscalia-adelanta-investigacion-sobre-atentado-con-explosivos-ocurrido-en-el-corregimiento-de-san-luis-huila-donde-fallecieron-7-policias-y-uno-mas-resulto-herido\/#breadcrumb\"},\"inLanguage\":\"es-CO\",\"potentialAction\":[{\"@type\":\"ReadAction\",\"target\":[\"https:\/\/www.fiscalia.gov.co\/colombia\/noticias\/fiscalia-adelanta-investigacion-sobre-atentado-con-explosivos-ocurrido-en-el-corregimiento-de-san-luis-huila-donde-fallecieron-7-policias-y-uno-mas-resulto-herido\/\"]}]},{\"@type\":\"BreadcrumbList\",\"@id\":\"https:\/\/www.fiscalia.gov.co\/colombia\/noticias\/fiscalia-adelanta-investigacion-sobre-atentado-con-explosivos-ocurrido-en-el-corregimiento-de-san-luis-huila-donde-fallecieron-7-policias-y-uno-mas-resulto-herido\/#breadcrumb\",\"itemListElement\":[{\"@type\":\"ListItem\",\"position\":1,\"name\":\"Home\",\"item\":\"https:\/\/www.fiscalia.gov.co\/colombia\/\"},{\"@type\":\"ListItem\",\"position\":2,\"name\":\"Fiscal\u00eda adelanta investigaci\u00f3n sobre atentado con explosivos ocurrido en el corregimiento de San Luis (Huila), donde fallecieron 7 polic\u00edas y uno m\u00e1s result\u00f3 herido\u00a0\"}]},{\"@type\":\"WebSite\",\"@id\":\"https:\/\/www.fiscalia.gov.co\/colombia\/#website\",\"url\":\"https:\/\/www.fiscalia.gov.co\/colombia\/\",\"name\":\"Fiscal\u00eda General de la Naci\u00f3n\",\"description\":\"P\u00e1gina oficial de la Fiscal\u00eda General de la Naci\u00f3n \u2013 Colombia. Garantizamos el acceso efectivo a la justicia, la verdad y la reparaci\u00f3n de las v\u00edctimas de los delitos.\",\"publisher\":{\"@id\":\"https:\/\/www.fiscalia.gov.co\/colombia\/#organization\"},\"potentialAction\":[{\"@type\":\"SearchAction\",\"target\":{\"@type\":\"EntryPoint\",\"urlTemplate\":\"https:\/\/www.fiscalia.gov.co\/colombia\/?s={search_term_string}\"},\"query-input\":{\"@type\":\"PropertyValueSpecification\",\"valueRequired\":true,\"valueName\":\"search_term_string\"}}],\"inLanguage\":\"es-CO\"},{\"@type\":\"Organization\",\"@id\":\"https:\/\/www.fiscalia.gov.co\/colombia\/#organization\",\"name\":\"Fiscal\u00eda General de la Naci\u00f3n\",\"url\":\"https:\/\/www.fiscalia.gov.co\/colombia\/\",\"logo\":{\"@type\":\"ImageObject\",\"inLanguage\":\"es-CO\",\"@id\":\"https:\/\/www.fiscalia.gov.co\/colombia\/#\/schema\/logo\/image\/\",\"url\":\"https:\/\/www.fiscalia.gov.co\/colombia\/wp-content\/uploads\/LogoHorizontal_1.jpg\",\"contentUrl\":\"https:\/\/www.fiscalia.gov.co\/colombia\/wp-content\/uploads\/LogoHorizontal_1.jpg\",\"width\":300,\"height\":90,\"caption\":\"Fiscal\u00eda General de la Naci\u00f3n\"},\"image\":{\"@id\":\"https:\/\/www.fiscalia.gov.co\/colombia\/#\/schema\/logo\/image\/\"},\"sameAs\":[\"https:\/\/www.facebook.com\/FiscaliaCol\",\"https:\/\/x.com\/FiscaliaCol\",\"https:\/\/www.instagram.com\/fiscaliacol\",\"https:\/\/www.linkedin.com\/company\/fiscalia-general-de-la-naci-n\/\",\"https:\/\/youtube.com\/@fiscaliageneraldelanacion-4668?si=6nN79nyQICPU5iTh\"]},{\"@type\":\"Person\",\"@id\":\"https:\/\/www.fiscalia.gov.co\/colombia\/#\/schema\/person\/2e76b9aba5ecf875ed565ce4de0e0415\",\"name\":\"Katherine Loaiza Mart\u00ednez\",\"image\":{\"@type\":\"ImageObject\",\"inLanguage\":\"es-CO\",\"@id\":\"https:\/\/www.fiscalia.gov.co\/colombia\/#\/schema\/person\/image\/\",\"url\":\"https:\/\/secure.gravatar.com\/avatar\/ab775a2f394c1b83b6d6f78680e57b50?s=96&d=mm&r=g\",\"contentUrl\":\"https:\/\/secure.gravatar.com\/avatar\/ab775a2f394c1b83b6d6f78680e57b50?s=96&d=mm&r=g\",\"caption\":\"Katherine Loaiza Mart\u00ednez\"},\"url\":\"https:\/\/www.fiscalia.gov.co\/colombia\/author\/kloaiza\/\"}]}<\/script>\n<!-- \/ Yoast SEO plugin. -->","yoast_head_json":{"title":"Fiscal\u00eda General de la Naci\u00f3n","description":"P\u00e1gina oficial de la Fiscal\u00eda General de la Naci\u00f3n \u2013 Colombia. Garantizamos el acceso efectivo a la justicia, la verdad y la reparaci\u00f3n de las v\u00edctimas de los delitos.","robots":{"index":"noindex","follow":"follow"},"og_locale":"es_ES","og_type":"article","og_title":"Fiscal\u00eda General de la Naci\u00f3n","og_description":"P\u00e1gina oficial de la Fiscal\u00eda General de la Naci\u00f3n \u2013 Colombia. Garantizamos el acceso efectivo a la justicia, la verdad y la reparaci\u00f3n de las v\u00edctimas de los delitos.","og_url":"https:\/\/www.fiscalia.gov.co\/colombia\/noticias\/fiscalia-adelanta-investigacion-sobre-atentado-con-explosivos-ocurrido-en-el-corregimiento-de-san-luis-huila-donde-fallecieron-7-policias-y-uno-mas-resulto-herido\/","og_site_name":"Fiscal\u00eda General de la Naci\u00f3n","article_publisher":"https:\/\/www.facebook.com\/FiscaliaCol","article_published_time":"2022-09-03T03:39:28+00:00","article_modified_time":"2022-09-03T03:41:22+00:00","author":"Katherine Loaiza Mart\u00ednez","twitter_card":"summary_large_image","twitter_creator":"@FiscaliaCol","twitter_site":"@FiscaliaCol","twitter_misc":{"Escrito por":"Katherine Loaiza Mart\u00ednez","Tiempo de lectura":"2 minutos"},"schema":{"@context":"https:\/\/schema.org","@graph":[{"@type":"Article","@id":"https:\/\/www.fiscalia.gov.co\/colombia\/noticias\/fiscalia-adelanta-investigacion-sobre-atentado-con-explosivos-ocurrido-en-el-corregimiento-de-san-luis-huila-donde-fallecieron-7-policias-y-uno-mas-resulto-herido\/#article","isPartOf":{"@id":"https:\/\/www.fiscalia.gov.co\/colombia\/noticias\/fiscalia-adelanta-investigacion-sobre-atentado-con-explosivos-ocurrido-en-el-corregimiento-de-san-luis-huila-donde-fallecieron-7-policias-y-uno-mas-resulto-herido\/"},"author":{"name":"Katherine Loaiza Mart\u00ednez","@id":"https:\/\/www.fiscalia.gov.co\/colombia\/#\/schema\/person\/2e76b9aba5ecf875ed565ce4de0e0415"},"headline":"Fiscal\u00eda adelanta investigaci\u00f3n sobre atentado con explosivos ocurrido en el corregimiento de San Luis (Huila), donde fallecieron 7 polic\u00edas y uno m\u00e1s result\u00f3 herido\u00a0","datePublished":"2022-09-03T03:39:28+00:00","dateModified":"2022-09-03T03:41:22+00:00","mainEntityOfPage":{"@id":"https:\/\/www.fiscalia.gov.co\/colombia\/noticias\/fiscalia-adelanta-investigacion-sobre-atentado-con-explosivos-ocurrido-en-el-corregimiento-de-san-luis-huila-donde-fallecieron-7-policias-y-uno-mas-resulto-herido\/"},"wordCount":420,"publisher":{"@id":"https:\/\/www.fiscalia.gov.co\/colombia\/#organization"},"keywords":["Atentado San Luis Huila","Fiscal Francisco Barbosa","Fiscal General Francisco Barbosa"],"articleSection":["Noticias","Seguridad territorial"],"inLanguage":"es-CO"},{"@type":"WebPage","@id":"https:\/\/www.fiscalia.gov.co\/colombia\/noticias\/fiscalia-adelanta-investigacion-sobre-atentado-con-explosivos-ocurrido-en-el-corregimiento-de-san-luis-huila-donde-fallecieron-7-policias-y-uno-mas-resulto-herido\/","url":"https:\/\/www.fiscalia.gov.co\/colombia\/noticias\/fiscalia-adelanta-investigacion-sobre-atentado-con-explosivos-ocurrido-en-el-corregimiento-de-san-luis-huila-donde-fallecieron-7-policias-y-uno-mas-resulto-herido\/","name":"Fiscal\u00eda General de la Naci\u00f3n","isPartOf":{"@id":"https:\/\/www.fiscalia.gov.co\/colombia\/#website"},"datePublished":"2022-09-03T03:39:28+00:00","dateModified":"2022-09-03T03:41:22+00:00","description":"P\u00e1gina oficial de la Fiscal\u00eda General de la Naci\u00f3n \u2013 Colombia. Garantizamos el acceso efectivo a la justicia, la verdad y la reparaci\u00f3n de las v\u00edctimas de los delitos.","breadcrumb":{"@id":"https:\/\/www.fiscalia.gov.co\/colombia\/noticias\/fiscalia-adelanta-investigacion-sobre-atentado-con-explosivos-ocurrido-en-el-corregimiento-de-san-luis-huila-donde-fallecieron-7-policias-y-uno-mas-resulto-herido\/#breadcrumb"},"inLanguage":"es-CO","potentialAction":[{"@type":"ReadAction","target":["https:\/\/www.fiscalia.gov.co\/colombia\/noticias\/fiscalia-adelanta-investigacion-sobre-atentado-con-explosivos-ocurrido-en-el-corregimiento-de-san-luis-huila-donde-fallecieron-7-policias-y-uno-mas-resulto-herido\/"]}]},{"@type":"BreadcrumbList","@id":"https:\/\/www.fiscalia.gov.co\/colombia\/noticias\/fiscalia-adelanta-investigacion-sobre-atentado-con-explosivos-ocurrido-en-el-corregimiento-de-san-luis-huila-donde-fallecieron-7-policias-y-uno-mas-resulto-herido\/#breadcrumb","itemListElement":[{"@type":"ListItem","position":1,"name":"Home","item":"https:\/\/www.fiscalia.gov.co\/colombia\/"},{"@type":"ListItem","position":2,"name":"Fiscal\u00eda adelanta investigaci\u00f3n sobre atentado con explosivos ocurrido en el corregimiento de San Luis (Huila), donde fallecieron 7 polic\u00edas y uno m\u00e1s result\u00f3 herido\u00a0"}]},{"@type":"WebSite","@id":"https:\/\/www.fiscalia.gov.co\/colombia\/#website","url":"https:\/\/www.fiscalia.gov.co\/colombia\/","name":"Fiscal\u00eda General de la Naci\u00f3n","description":"P\u00e1gina oficial de la Fiscal\u00eda General de la Naci\u00f3n \u2013 Colombia. Garantizamos el acceso efectivo a la justicia, la verdad y la reparaci\u00f3n de las v\u00edctimas de los delitos.","publisher":{"@id":"https:\/\/www.fiscalia.gov.co\/colombia\/#organization"},"potentialAction":[{"@type":"SearchAction","target":{"@type":"EntryPoint","urlTemplate":"https:\/\/www.fiscalia.gov.co\/colombia\/?s={search_term_string}"},"query-input":{"@type":"PropertyValueSpecification","valueRequired":true,"valueName":"search_term_string"}}],"inLanguage":"es-CO"},{"@type":"Organization","@id":"https:\/\/www.fiscalia.gov.co\/colombia\/#organization","name":"Fiscal\u00eda General de la Naci\u00f3n","url":"https:\/\/www.fiscalia.gov.co\/colombia\/","logo":{"@type":"ImageObject","inLanguage":"es-CO","@id":"https:\/\/www.fiscalia.gov.co\/colombia\/#\/schema\/logo\/image\/","url":"https:\/\/www.fiscalia.gov.co\/colombia\/wp-content\/uploads\/LogoHorizontal_1.jpg","contentUrl":"https:\/\/www.fiscalia.gov.co\/colombia\/wp-content\/uploads\/LogoHorizontal_1.jpg","width":300,"height":90,"caption":"Fiscal\u00eda General de la Naci\u00f3n"},"image":{"@id":"https:\/\/www.fiscalia.gov.co\/colombia\/#\/schema\/logo\/image\/"},"sameAs":["https:\/\/www.facebook.com\/FiscaliaCol","https:\/\/x.com\/FiscaliaCol","https:\/\/www.instagram.com\/fiscaliacol","https:\/\/www.linkedin.com\/company\/fiscalia-general-de-la-naci-n\/","https:\/\/youtube.com\/@fiscaliageneraldelanacion-4668?si=6nN79nyQICPU5iTh"]},{"@type":"Person","@id":"https:\/\/www.fiscalia.gov.co\/colombia\/#\/schema\/person\/2e76b9aba5ecf875ed565ce4de0e0415","name":"Katherine Loaiza Mart\u00ednez","image":{"@type":"ImageObject","inLanguage":"es-CO","@id":"https:\/\/www.fiscalia.gov.co\/colombia\/#\/schema\/person\/image\/","url":"https:\/\/secure.gravatar.com\/avatar\/ab775a2f394c1b83b6d6f78680e57b50?s=96&d=mm&r=g","contentUrl":"https:\/\/secure.gravatar.com\/avatar\/ab775a2f394c1b83b6d6f78680e57b50?s=96&d=mm&r=g","caption":"Katherine Loaiza Mart\u00ednez"},"url":"https:\/\/www.fiscalia.gov.co\/colombia\/author\/kloaiza\/"}]}},"_links":{"self":[{"href":"https:\/\/www.fiscalia.gov.co\/colombia\/wp-json\/wp\/v2\/posts\/256194","targetHints":{"allow":["GET"]}}],"collection":[{"href":"https:\/\/www.fiscalia.gov.co\/colombia\/wp-json\/wp\/v2\/posts"}],"about":[{"href":"https:\/\/www.fiscalia.gov.co\/colombia\/wp-json\/wp\/v2\/types\/post"}],"author":[{"embeddable":true,"href":"https:\/\/www.fiscalia.gov.co\/colombia\/wp-json\/wp\/v2\/users\/175"}],"replies":[{"embeddable":true,"href":"https:\/\/www.fiscalia.gov.co\/colombia\/wp-json\/wp\/v2\/comments?post=256194"}],"version-history":[{"count":3,"href":"https:\/\/www.fiscalia.gov.co\/colombia\/wp-json\/wp\/v2\/posts\/256194\/revisions"}],"predecessor-version":[{"id":256197,"href":"https:\/\/www.fiscalia.gov.co\/colombia\/wp-json\/wp\/v2\/posts\/256194\/revisions\/256197"}],"wp:attachment":[{"href":"https:\/\/www.fiscalia.gov.co\/colombia\/wp-json\/wp\/v2\/media?parent=256194"}],"wp:term":[{"taxonomy":"category","embeddable":true,"href":"https:\/\/www.fiscalia.gov.co\/colombia\/wp-json\/wp\/v2\/categories?post=256194"},{"taxonomy":"post_tag","embeddable":true,"href":"https:\/\/www.fiscalia.gov.co\/colombia\/wp-json\/wp\/v2\/tags?post=256194"}],"curies":[{"name":"wp","href":"https:\/\/api.w.org\/{rel}","templated":true}]}}