{"id":255716,"date":"2022-08-29T09:56:08","date_gmt":"2022-08-29T14:56:08","guid":{"rendered":"https:\/\/www.fiscalia.gov.co\/colombia\/?p=255716"},"modified":"2022-09-02T15:16:45","modified_gmt":"2022-09-02T20:16:45","slug":"fiscalia-ocupo-bienes-por-4-295-millones-de-pesos-que-habrian-sido-adquiridos-por-uno-de-los-hombres-de-confianza-de-alias-megateo","status":"publish","type":"post","link":"https:\/\/www.fiscalia.gov.co\/colombia\/noticias\/fiscalia-ocupo-bienes-por-4-295-millones-de-pesos-que-habrian-sido-adquiridos-por-uno-de-los-hombres-de-confianza-de-alias-megateo\/","title":{"rendered":"Fiscal\u00eda ocup\u00f3 bienes por 4.295 millones de pesos que habr\u00edan sido adquiridos por uno de los hombres de confianza de alias Megateo\u00a0"},"content":{"rendered":"<p>La Direcci\u00f3n Especializada de Extinci\u00f3n del Derecho de Dominio de la Fiscal\u00eda General de la Naci\u00f3n, con el apoyo de la Sij\u00edn de la Polic\u00eda Nacional, ocup\u00f3 tres inmuebles ubicados en los municipios de Chin\u00e1cota, Villa del Rosario y Los Patios (Norte de Santander) propiedad de Milton Torres S\u00e1nchez, alias El Viejo, hombre de confianza de V\u00edctor Ram\u00f3n Navarro Serrano, alias Megateo.<\/p>\n<figure id=\"attachment_255717\" aria-describedby=\"caption-attachment-255717\" style=\"width: 1280px\" class=\"wp-caption aligncenter\"><img loading=\"lazy\" decoding=\"async\" class=\"size-full wp-image-255717\" src=\"https:\/\/www.fiscalia.gov.co\/colombia\/wp-content\/uploads\/La-Direccion-Especializada-de-Extincion-del-Derecho-de-Dominio-ocupo-inmuebles-de-Milton-Torres-Sanchez-alias-El-Viejo.jpeg\" alt=\"\" width=\"1280\" height=\"716\" srcset=\"https:\/\/www.fiscalia.gov.co\/colombia\/wp-content\/uploads\/La-Direccion-Especializada-de-Extincion-del-Derecho-de-Dominio-ocupo-inmuebles-de-Milton-Torres-Sanchez-alias-El-Viejo.jpeg 1280w, https:\/\/www.fiscalia.gov.co\/colombia\/wp-content\/uploads\/La-Direccion-Especializada-de-Extincion-del-Derecho-de-Dominio-ocupo-inmuebles-de-Milton-Torres-Sanchez-alias-El-Viejo-300x168.jpeg 300w, https:\/\/www.fiscalia.gov.co\/colombia\/wp-content\/uploads\/La-Direccion-Especializada-de-Extincion-del-Derecho-de-Dominio-ocupo-inmuebles-de-Milton-Torres-Sanchez-alias-El-Viejo-1024x573.jpeg 1024w, https:\/\/www.fiscalia.gov.co\/colombia\/wp-content\/uploads\/La-Direccion-Especializada-de-Extincion-del-Derecho-de-Dominio-ocupo-inmuebles-de-Milton-Torres-Sanchez-alias-El-Viejo-768x430.jpeg 768w, https:\/\/www.fiscalia.gov.co\/colombia\/wp-content\/uploads\/La-Direccion-Especializada-de-Extincion-del-Derecho-de-Dominio-ocupo-inmuebles-de-Milton-Torres-Sanchez-alias-El-Viejo-696x389.jpeg 696w, https:\/\/www.fiscalia.gov.co\/colombia\/wp-content\/uploads\/La-Direccion-Especializada-de-Extincion-del-Derecho-de-Dominio-ocupo-inmuebles-de-Milton-Torres-Sanchez-alias-El-Viejo-1068x597.jpeg 1068w, https:\/\/www.fiscalia.gov.co\/colombia\/wp-content\/uploads\/La-Direccion-Especializada-de-Extincion-del-Derecho-de-Dominio-ocupo-inmuebles-de-Milton-Torres-Sanchez-alias-El-Viejo-751x420.jpeg 751w\" sizes=\"auto, (max-width: 1280px) 100vw, 1280px\" \/><figcaption id=\"caption-attachment-255717\" class=\"wp-caption-text\">Predio ocupado por la Direcci\u00f3n Especializada de Extinci\u00f3n del Derecho de Dominio, de Milton Torres S\u00e1nchez, alias El Viejo.<\/figcaption><\/figure>\n<p>El material de prueba recaudado por el ente investigador evidenci\u00f3 que los activos, avaluados en 4.295 millones de pesos, har\u00edan parte del patrimonio il\u00edcito de la organizaci\u00f3n ilegal comandada por alias Megateo. A esta red criminal se le atribuye el env\u00edo de grandes cargamentos de estupefacientes a Europa y Centroam\u00e9rica.<\/p>\n<p>La investigaci\u00f3n determin\u00f3 que desde 2010 Torres S\u00e1nchez ser\u00eda el encargado de adquirir grandes cantidades de insumos qu\u00edmicos para el procesamiento de estupefacientes, acciones que habr\u00edan sido cumplidas en distintos laboratorios que pertenecer\u00edan a la organizaci\u00f3n criminal EPL.<\/p>\n<p>Labores de polic\u00eda judicial evidenciaron que los predios afectados con medidas cautelares aparecen a nombre de familiares de Torres S\u00e1nchez, quienes habr\u00edan buscado evadir la acci\u00f3n de las autoridades sobre los referidos activos.<\/p>\n<p>Los bienes afectados fueron entregados a la Sociedad de Activos Especiales (SAE) para su administraci\u00f3n.<\/p>\n<p>MAGA\/DR\/LPDS\/DEEDD\/MRC.<\/p>\n<p>&nbsp;<\/p>\n<p><strong>La Fiscal\u00eda habla con resultados.\u00a0<\/strong><\/p>\n<p>&nbsp;<\/p>\n<p>&nbsp;<\/p>\n<div class=\"td-post-content tagdiv-type\">\n<div class=\"td-post-content tagdiv-type\">\n<div class=\"td-post-content tagdiv-type\">\n<div class=\"td-post-content tagdiv-type\">\n<p><em>La informaci\u00f3n contenida en este bolet\u00edn de prensa corresponde a la narraci\u00f3n de los hechos noticiosos objetivos, suministrados por los funcionarios encargados de adelantar las investigaciones penales al interior de la Fiscal\u00eda General de la Naci\u00f3n. Para el momento de la divulgaci\u00f3n de este comunicado, la situaci\u00f3n jur\u00eddica de la(s) persona(s) relacionada(s) se encuentra pendiente de resolver por la autoridad judicial competente, siempre bajo los preceptos de la presunci\u00f3n de inocencia, consagrados en el art\u00edculo 29 de la Constituci\u00f3n Pol\u00edtica y el art\u00edculo 7\u00ba de la Ley 906 de 2004.\u00a0<\/em><\/p>\n<\/div>\n<\/div>\n<\/div>\n<\/div>\n<footer>\n<div class=\"td-post-source-tags\"><\/div>\n<div class=\"td-post-sharing-bottom\"><\/div>\n<\/footer>\n\n<div class=\"twitter-share\"><a href=\"https:\/\/twitter.com\/intent\/tweet?via=fiscaliacol\" class=\"twitter-share-button\">Tweet<\/a><\/div>\n","protected":false},"excerpt":{"rendered":"<p>La Direcci\u00f3n Especializada de Extinci\u00f3n del Derecho de Dominio de la Fiscal\u00eda General de la Naci\u00f3n, con el apoyo de la Sij\u00edn de la Polic\u00eda Nacional, ocup\u00f3 tres inmuebles ubicados en los municipios de Chin\u00e1cota, Villa del Rosario y Los Patios (Norte de Santander) propiedad de Milton Torres S\u00e1nchez, alias El Viejo, hombre de confianza [&hellip;]<\/p>\n","protected":false},"author":175,"featured_media":256175,"comment_status":"closed","ping_status":"open","sticky":false,"template":"","format":"video","meta":{"_price":"","_stock":"","_tribe_ticket_header":"","_tribe_default_ticket_provider":"","_tribe_ticket_capacity":"0","_ticket_start_date":"","_ticket_end_date":"","_tribe_ticket_show_description":"","_tribe_ticket_show_not_going":false,"_tribe_ticket_use_global_stock":"","_tribe_ticket_global_stock_level":"","_global_stock_mode":"","_global_stock_cap":"","_tribe_rsvp_for_event":"","_tribe_ticket_going_count":"","_tribe_ticket_not_going_count":"","_tribe_tickets_list":"[]","_tribe_ticket_has_attendee_info_fields":false,"tdm_status":"","tdm_grid_status":"","footnotes":""},"categories":[24116,1],"tags":[10660,1862,26355,1047,32699,558,20476,32700],"class_list":{"0":"post-255716","1":"post","2":"type-post","3":"status-publish","4":"format-video","5":"has-post-thumbnail","7":"category-extincion-de-dominio","8":"category-noticias","9":"tag-alias-el-viejo","10":"tag-alias-megateo","11":"tag-direccion-especializada-de-extincion-del-derecho-de-dominio","12":"tag-fiscalia-general-de-la-nacion","13":"tag-milton-torres-sanchez","14":"tag-policia-nacional","15":"tag-sijin","16":"tag-victor-ramon-navarro-serrano","17":"post_format-post-format-video"},"yoast_head":"<!-- This site is optimized with the Yoast SEO plugin v24.3 - https:\/\/yoast.com\/wordpress\/plugins\/seo\/ -->\n<title>Fiscal\u00eda General de la Naci\u00f3n<\/title>\n<meta name=\"description\" content=\"P\u00e1gina oficial de la Fiscal\u00eda General de la Naci\u00f3n \u2013 Colombia. Garantizamos el acceso efectivo a la justicia, la verdad y la reparaci\u00f3n de las v\u00edctimas de los delitos.\" \/>\n<meta name=\"robots\" content=\"noindex, follow\" \/>\n<meta property=\"og:locale\" content=\"es_ES\" \/>\n<meta property=\"og:type\" content=\"article\" \/>\n<meta property=\"og:title\" content=\"Fiscal\u00eda General de la Naci\u00f3n\" \/>\n<meta property=\"og:description\" content=\"P\u00e1gina oficial de la Fiscal\u00eda General de la Naci\u00f3n \u2013 Colombia. Garantizamos el acceso efectivo a la justicia, la verdad y la reparaci\u00f3n de las v\u00edctimas de los delitos.\" \/>\n<meta property=\"og:url\" content=\"https:\/\/www.fiscalia.gov.co\/colombia\/noticias\/fiscalia-ocupo-bienes-por-4-295-millones-de-pesos-que-habrian-sido-adquiridos-por-uno-de-los-hombres-de-confianza-de-alias-megateo\/\" \/>\n<meta property=\"og:site_name\" content=\"Fiscal\u00eda General de la Naci\u00f3n\" \/>\n<meta property=\"article:publisher\" content=\"https:\/\/www.facebook.com\/FiscaliaCol\" \/>\n<meta property=\"article:published_time\" content=\"2022-08-29T14:56:08+00:00\" \/>\n<meta property=\"article:modified_time\" content=\"2022-09-02T20:16:45+00:00\" \/>\n<meta property=\"og:image\" content=\"https:\/\/www.fiscalia.gov.co\/colombia\/wp-content\/uploads\/maxresdefault-685.jpg\" \/>\n\t<meta property=\"og:image:width\" content=\"1280\" \/>\n\t<meta property=\"og:image:height\" content=\"720\" \/>\n\t<meta property=\"og:image:type\" content=\"image\/jpeg\" \/>\n<meta name=\"author\" content=\"Katherine Loaiza Mart\u00ednez\" \/>\n<meta name=\"twitter:card\" content=\"summary_large_image\" \/>\n<meta name=\"twitter:creator\" content=\"@FiscaliaCol\" \/>\n<meta name=\"twitter:site\" content=\"@FiscaliaCol\" \/>\n<meta name=\"twitter:label1\" content=\"Escrito por\" \/>\n\t<meta name=\"twitter:data1\" content=\"Katherine Loaiza Mart\u00ednez\" \/>\n\t<meta name=\"twitter:label2\" content=\"Tiempo de lectura\" \/>\n\t<meta name=\"twitter:data2\" content=\"2 minutos\" \/>\n<script type=\"application\/ld+json\" class=\"yoast-schema-graph\">{\"@context\":\"https:\/\/schema.org\",\"@graph\":[{\"@type\":\"Article\",\"@id\":\"https:\/\/www.fiscalia.gov.co\/colombia\/noticias\/fiscalia-ocupo-bienes-por-4-295-millones-de-pesos-que-habrian-sido-adquiridos-por-uno-de-los-hombres-de-confianza-de-alias-megateo\/#article\",\"isPartOf\":{\"@id\":\"https:\/\/www.fiscalia.gov.co\/colombia\/noticias\/fiscalia-ocupo-bienes-por-4-295-millones-de-pesos-que-habrian-sido-adquiridos-por-uno-de-los-hombres-de-confianza-de-alias-megateo\/\"},\"author\":{\"name\":\"Katherine Loaiza Mart\u00ednez\",\"@id\":\"https:\/\/www.fiscalia.gov.co\/colombia\/#\/schema\/person\/2e76b9aba5ecf875ed565ce4de0e0415\"},\"headline\":\"Fiscal\u00eda ocup\u00f3 bienes por 4.295 millones de pesos que habr\u00edan sido adquiridos por uno de los hombres de confianza de alias Megateo\u00a0\",\"datePublished\":\"2022-08-29T14:56:08+00:00\",\"dateModified\":\"2022-09-02T20:16:45+00:00\",\"mainEntityOfPage\":{\"@id\":\"https:\/\/www.fiscalia.gov.co\/colombia\/noticias\/fiscalia-ocupo-bienes-por-4-295-millones-de-pesos-que-habrian-sido-adquiridos-por-uno-de-los-hombres-de-confianza-de-alias-megateo\/\"},\"wordCount\":391,\"publisher\":{\"@id\":\"https:\/\/www.fiscalia.gov.co\/colombia\/#organization\"},\"image\":{\"@id\":\"https:\/\/www.fiscalia.gov.co\/colombia\/noticias\/fiscalia-ocupo-bienes-por-4-295-millones-de-pesos-que-habrian-sido-adquiridos-por-uno-de-los-hombres-de-confianza-de-alias-megateo\/#primaryimage\"},\"thumbnailUrl\":\"https:\/\/www.fiscalia.gov.co\/colombia\/wp-content\/uploads\/maxresdefault-685.jpg\",\"keywords\":[\"alias El Viejo\",\"Alias Megateo\",\"Direcci\u00f3n Especializada de Extinci\u00f3n del Derecho de Dominio\",\"Fiscal\u00eda General de la Naci\u00f3n\",\"Milton Torres S\u00e1nchez\",\"Polic\u00eda Nacional\",\"Sij\u00edn\",\"V\u00edctor Ram\u00f3n Navarro Serrano\"],\"articleSection\":[\"Extinci\u00f3n de dominio\",\"Noticias\"],\"inLanguage\":\"es-CO\"},{\"@type\":\"WebPage\",\"@id\":\"https:\/\/www.fiscalia.gov.co\/colombia\/noticias\/fiscalia-ocupo-bienes-por-4-295-millones-de-pesos-que-habrian-sido-adquiridos-por-uno-de-los-hombres-de-confianza-de-alias-megateo\/\",\"url\":\"https:\/\/www.fiscalia.gov.co\/colombia\/noticias\/fiscalia-ocupo-bienes-por-4-295-millones-de-pesos-que-habrian-sido-adquiridos-por-uno-de-los-hombres-de-confianza-de-alias-megateo\/\",\"name\":\"Fiscal\u00eda General de la Naci\u00f3n\",\"isPartOf\":{\"@id\":\"https:\/\/www.fiscalia.gov.co\/colombia\/#website\"},\"primaryImageOfPage\":{\"@id\":\"https:\/\/www.fiscalia.gov.co\/colombia\/noticias\/fiscalia-ocupo-bienes-por-4-295-millones-de-pesos-que-habrian-sido-adquiridos-por-uno-de-los-hombres-de-confianza-de-alias-megateo\/#primaryimage\"},\"image\":{\"@id\":\"https:\/\/www.fiscalia.gov.co\/colombia\/noticias\/fiscalia-ocupo-bienes-por-4-295-millones-de-pesos-que-habrian-sido-adquiridos-por-uno-de-los-hombres-de-confianza-de-alias-megateo\/#primaryimage\"},\"thumbnailUrl\":\"https:\/\/www.fiscalia.gov.co\/colombia\/wp-content\/uploads\/maxresdefault-685.jpg\",\"datePublished\":\"2022-08-29T14:56:08+00:00\",\"dateModified\":\"2022-09-02T20:16:45+00:00\",\"description\":\"P\u00e1gina oficial de la Fiscal\u00eda General de la Naci\u00f3n \u2013 Colombia. Garantizamos el acceso efectivo a la justicia, la verdad y la reparaci\u00f3n de las v\u00edctimas de los delitos.\",\"breadcrumb\":{\"@id\":\"https:\/\/www.fiscalia.gov.co\/colombia\/noticias\/fiscalia-ocupo-bienes-por-4-295-millones-de-pesos-que-habrian-sido-adquiridos-por-uno-de-los-hombres-de-confianza-de-alias-megateo\/#breadcrumb\"},\"inLanguage\":\"es-CO\",\"potentialAction\":[{\"@type\":\"ReadAction\",\"target\":[\"https:\/\/www.fiscalia.gov.co\/colombia\/noticias\/fiscalia-ocupo-bienes-por-4-295-millones-de-pesos-que-habrian-sido-adquiridos-por-uno-de-los-hombres-de-confianza-de-alias-megateo\/\"]}]},{\"@type\":\"ImageObject\",\"inLanguage\":\"es-CO\",\"@id\":\"https:\/\/www.fiscalia.gov.co\/colombia\/noticias\/fiscalia-ocupo-bienes-por-4-295-millones-de-pesos-que-habrian-sido-adquiridos-por-uno-de-los-hombres-de-confianza-de-alias-megateo\/#primaryimage\",\"url\":\"https:\/\/www.fiscalia.gov.co\/colombia\/wp-content\/uploads\/maxresdefault-685.jpg\",\"contentUrl\":\"https:\/\/www.fiscalia.gov.co\/colombia\/wp-content\/uploads\/maxresdefault-685.jpg\",\"width\":1280,\"height\":720},{\"@type\":\"BreadcrumbList\",\"@id\":\"https:\/\/www.fiscalia.gov.co\/colombia\/noticias\/fiscalia-ocupo-bienes-por-4-295-millones-de-pesos-que-habrian-sido-adquiridos-por-uno-de-los-hombres-de-confianza-de-alias-megateo\/#breadcrumb\",\"itemListElement\":[{\"@type\":\"ListItem\",\"position\":1,\"name\":\"Home\",\"item\":\"https:\/\/www.fiscalia.gov.co\/colombia\/\"},{\"@type\":\"ListItem\",\"position\":2,\"name\":\"Fiscal\u00eda ocup\u00f3 bienes por 4.295 millones de pesos que habr\u00edan sido adquiridos por uno de los hombres de confianza de alias Megateo\u00a0\"}]},{\"@type\":\"WebSite\",\"@id\":\"https:\/\/www.fiscalia.gov.co\/colombia\/#website\",\"url\":\"https:\/\/www.fiscalia.gov.co\/colombia\/\",\"name\":\"Fiscal\u00eda General de la Naci\u00f3n\",\"description\":\"P\u00e1gina oficial de la Fiscal\u00eda General de la Naci\u00f3n \u2013 Colombia. Garantizamos el acceso efectivo a la justicia, la verdad y la reparaci\u00f3n de las v\u00edctimas de los delitos.\",\"publisher\":{\"@id\":\"https:\/\/www.fiscalia.gov.co\/colombia\/#organization\"},\"potentialAction\":[{\"@type\":\"SearchAction\",\"target\":{\"@type\":\"EntryPoint\",\"urlTemplate\":\"https:\/\/www.fiscalia.gov.co\/colombia\/?s={search_term_string}\"},\"query-input\":{\"@type\":\"PropertyValueSpecification\",\"valueRequired\":true,\"valueName\":\"search_term_string\"}}],\"inLanguage\":\"es-CO\"},{\"@type\":\"Organization\",\"@id\":\"https:\/\/www.fiscalia.gov.co\/colombia\/#organization\",\"name\":\"Fiscal\u00eda General de la Naci\u00f3n\",\"url\":\"https:\/\/www.fiscalia.gov.co\/colombia\/\",\"logo\":{\"@type\":\"ImageObject\",\"inLanguage\":\"es-CO\",\"@id\":\"https:\/\/www.fiscalia.gov.co\/colombia\/#\/schema\/logo\/image\/\",\"url\":\"https:\/\/www.fiscalia.gov.co\/colombia\/wp-content\/uploads\/LogoHorizontal_1.jpg\",\"contentUrl\":\"https:\/\/www.fiscalia.gov.co\/colombia\/wp-content\/uploads\/LogoHorizontal_1.jpg\",\"width\":300,\"height\":90,\"caption\":\"Fiscal\u00eda General de la Naci\u00f3n\"},\"image\":{\"@id\":\"https:\/\/www.fiscalia.gov.co\/colombia\/#\/schema\/logo\/image\/\"},\"sameAs\":[\"https:\/\/www.facebook.com\/FiscaliaCol\",\"https:\/\/x.com\/FiscaliaCol\",\"https:\/\/www.instagram.com\/fiscaliacol\",\"https:\/\/www.linkedin.com\/company\/fiscalia-general-de-la-naci-n\/\",\"https:\/\/youtube.com\/@fiscaliageneraldelanacion-4668?si=6nN79nyQICPU5iTh\"]},{\"@type\":\"Person\",\"@id\":\"https:\/\/www.fiscalia.gov.co\/colombia\/#\/schema\/person\/2e76b9aba5ecf875ed565ce4de0e0415\",\"name\":\"Katherine Loaiza Mart\u00ednez\",\"image\":{\"@type\":\"ImageObject\",\"inLanguage\":\"es-CO\",\"@id\":\"https:\/\/www.fiscalia.gov.co\/colombia\/#\/schema\/person\/image\/\",\"url\":\"https:\/\/secure.gravatar.com\/avatar\/ab775a2f394c1b83b6d6f78680e57b50?s=96&d=mm&r=g\",\"contentUrl\":\"https:\/\/secure.gravatar.com\/avatar\/ab775a2f394c1b83b6d6f78680e57b50?s=96&d=mm&r=g\",\"caption\":\"Katherine Loaiza Mart\u00ednez\"},\"url\":\"https:\/\/www.fiscalia.gov.co\/colombia\/author\/kloaiza\/\"}]}<\/script>\n<!-- \/ Yoast SEO plugin. -->","yoast_head_json":{"title":"Fiscal\u00eda General de la Naci\u00f3n","description":"P\u00e1gina oficial de la Fiscal\u00eda General de la Naci\u00f3n \u2013 Colombia. Garantizamos el acceso efectivo a la justicia, la verdad y la reparaci\u00f3n de las v\u00edctimas de los delitos.","robots":{"index":"noindex","follow":"follow"},"og_locale":"es_ES","og_type":"article","og_title":"Fiscal\u00eda General de la Naci\u00f3n","og_description":"P\u00e1gina oficial de la Fiscal\u00eda General de la Naci\u00f3n \u2013 Colombia. Garantizamos el acceso efectivo a la justicia, la verdad y la reparaci\u00f3n de las v\u00edctimas de los delitos.","og_url":"https:\/\/www.fiscalia.gov.co\/colombia\/noticias\/fiscalia-ocupo-bienes-por-4-295-millones-de-pesos-que-habrian-sido-adquiridos-por-uno-de-los-hombres-de-confianza-de-alias-megateo\/","og_site_name":"Fiscal\u00eda General de la Naci\u00f3n","article_publisher":"https:\/\/www.facebook.com\/FiscaliaCol","article_published_time":"2022-08-29T14:56:08+00:00","article_modified_time":"2022-09-02T20:16:45+00:00","og_image":[{"width":1280,"height":720,"url":"https:\/\/www.fiscalia.gov.co\/colombia\/wp-content\/uploads\/maxresdefault-685.jpg","type":"image\/jpeg"}],"author":"Katherine Loaiza Mart\u00ednez","twitter_card":"summary_large_image","twitter_creator":"@FiscaliaCol","twitter_site":"@FiscaliaCol","twitter_misc":{"Escrito por":"Katherine Loaiza Mart\u00ednez","Tiempo de lectura":"2 minutos"},"schema":{"@context":"https:\/\/schema.org","@graph":[{"@type":"Article","@id":"https:\/\/www.fiscalia.gov.co\/colombia\/noticias\/fiscalia-ocupo-bienes-por-4-295-millones-de-pesos-que-habrian-sido-adquiridos-por-uno-de-los-hombres-de-confianza-de-alias-megateo\/#article","isPartOf":{"@id":"https:\/\/www.fiscalia.gov.co\/colombia\/noticias\/fiscalia-ocupo-bienes-por-4-295-millones-de-pesos-que-habrian-sido-adquiridos-por-uno-de-los-hombres-de-confianza-de-alias-megateo\/"},"author":{"name":"Katherine Loaiza Mart\u00ednez","@id":"https:\/\/www.fiscalia.gov.co\/colombia\/#\/schema\/person\/2e76b9aba5ecf875ed565ce4de0e0415"},"headline":"Fiscal\u00eda ocup\u00f3 bienes por 4.295 millones de pesos que habr\u00edan sido adquiridos por uno de los hombres de confianza de alias Megateo\u00a0","datePublished":"2022-08-29T14:56:08+00:00","dateModified":"2022-09-02T20:16:45+00:00","mainEntityOfPage":{"@id":"https:\/\/www.fiscalia.gov.co\/colombia\/noticias\/fiscalia-ocupo-bienes-por-4-295-millones-de-pesos-que-habrian-sido-adquiridos-por-uno-de-los-hombres-de-confianza-de-alias-megateo\/"},"wordCount":391,"publisher":{"@id":"https:\/\/www.fiscalia.gov.co\/colombia\/#organization"},"image":{"@id":"https:\/\/www.fiscalia.gov.co\/colombia\/noticias\/fiscalia-ocupo-bienes-por-4-295-millones-de-pesos-que-habrian-sido-adquiridos-por-uno-de-los-hombres-de-confianza-de-alias-megateo\/#primaryimage"},"thumbnailUrl":"https:\/\/www.fiscalia.gov.co\/colombia\/wp-content\/uploads\/maxresdefault-685.jpg","keywords":["alias El Viejo","Alias Megateo","Direcci\u00f3n Especializada de Extinci\u00f3n del Derecho de Dominio","Fiscal\u00eda General de la Naci\u00f3n","Milton Torres S\u00e1nchez","Polic\u00eda Nacional","Sij\u00edn","V\u00edctor Ram\u00f3n Navarro Serrano"],"articleSection":["Extinci\u00f3n de dominio","Noticias"],"inLanguage":"es-CO"},{"@type":"WebPage","@id":"https:\/\/www.fiscalia.gov.co\/colombia\/noticias\/fiscalia-ocupo-bienes-por-4-295-millones-de-pesos-que-habrian-sido-adquiridos-por-uno-de-los-hombres-de-confianza-de-alias-megateo\/","url":"https:\/\/www.fiscalia.gov.co\/colombia\/noticias\/fiscalia-ocupo-bienes-por-4-295-millones-de-pesos-que-habrian-sido-adquiridos-por-uno-de-los-hombres-de-confianza-de-alias-megateo\/","name":"Fiscal\u00eda General de la Naci\u00f3n","isPartOf":{"@id":"https:\/\/www.fiscalia.gov.co\/colombia\/#website"},"primaryImageOfPage":{"@id":"https:\/\/www.fiscalia.gov.co\/colombia\/noticias\/fiscalia-ocupo-bienes-por-4-295-millones-de-pesos-que-habrian-sido-adquiridos-por-uno-de-los-hombres-de-confianza-de-alias-megateo\/#primaryimage"},"image":{"@id":"https:\/\/www.fiscalia.gov.co\/colombia\/noticias\/fiscalia-ocupo-bienes-por-4-295-millones-de-pesos-que-habrian-sido-adquiridos-por-uno-de-los-hombres-de-confianza-de-alias-megateo\/#primaryimage"},"thumbnailUrl":"https:\/\/www.fiscalia.gov.co\/colombia\/wp-content\/uploads\/maxresdefault-685.jpg","datePublished":"2022-08-29T14:56:08+00:00","dateModified":"2022-09-02T20:16:45+00:00","description":"P\u00e1gina oficial de la Fiscal\u00eda General de la Naci\u00f3n \u2013 Colombia. Garantizamos el acceso efectivo a la justicia, la verdad y la reparaci\u00f3n de las v\u00edctimas de los delitos.","breadcrumb":{"@id":"https:\/\/www.fiscalia.gov.co\/colombia\/noticias\/fiscalia-ocupo-bienes-por-4-295-millones-de-pesos-que-habrian-sido-adquiridos-por-uno-de-los-hombres-de-confianza-de-alias-megateo\/#breadcrumb"},"inLanguage":"es-CO","potentialAction":[{"@type":"ReadAction","target":["https:\/\/www.fiscalia.gov.co\/colombia\/noticias\/fiscalia-ocupo-bienes-por-4-295-millones-de-pesos-que-habrian-sido-adquiridos-por-uno-de-los-hombres-de-confianza-de-alias-megateo\/"]}]},{"@type":"ImageObject","inLanguage":"es-CO","@id":"https:\/\/www.fiscalia.gov.co\/colombia\/noticias\/fiscalia-ocupo-bienes-por-4-295-millones-de-pesos-que-habrian-sido-adquiridos-por-uno-de-los-hombres-de-confianza-de-alias-megateo\/#primaryimage","url":"https:\/\/www.fiscalia.gov.co\/colombia\/wp-content\/uploads\/maxresdefault-685.jpg","contentUrl":"https:\/\/www.fiscalia.gov.co\/colombia\/wp-content\/uploads\/maxresdefault-685.jpg","width":1280,"height":720},{"@type":"BreadcrumbList","@id":"https:\/\/www.fiscalia.gov.co\/colombia\/noticias\/fiscalia-ocupo-bienes-por-4-295-millones-de-pesos-que-habrian-sido-adquiridos-por-uno-de-los-hombres-de-confianza-de-alias-megateo\/#breadcrumb","itemListElement":[{"@type":"ListItem","position":1,"name":"Home","item":"https:\/\/www.fiscalia.gov.co\/colombia\/"},{"@type":"ListItem","position":2,"name":"Fiscal\u00eda ocup\u00f3 bienes por 4.295 millones de pesos que habr\u00edan sido adquiridos por uno de los hombres de confianza de alias Megateo\u00a0"}]},{"@type":"WebSite","@id":"https:\/\/www.fiscalia.gov.co\/colombia\/#website","url":"https:\/\/www.fiscalia.gov.co\/colombia\/","name":"Fiscal\u00eda General de la Naci\u00f3n","description":"P\u00e1gina oficial de la Fiscal\u00eda General de la Naci\u00f3n \u2013 Colombia. Garantizamos el acceso efectivo a la justicia, la verdad y la reparaci\u00f3n de las v\u00edctimas de los delitos.","publisher":{"@id":"https:\/\/www.fiscalia.gov.co\/colombia\/#organization"},"potentialAction":[{"@type":"SearchAction","target":{"@type":"EntryPoint","urlTemplate":"https:\/\/www.fiscalia.gov.co\/colombia\/?s={search_term_string}"},"query-input":{"@type":"PropertyValueSpecification","valueRequired":true,"valueName":"search_term_string"}}],"inLanguage":"es-CO"},{"@type":"Organization","@id":"https:\/\/www.fiscalia.gov.co\/colombia\/#organization","name":"Fiscal\u00eda General de la Naci\u00f3n","url":"https:\/\/www.fiscalia.gov.co\/colombia\/","logo":{"@type":"ImageObject","inLanguage":"es-CO","@id":"https:\/\/www.fiscalia.gov.co\/colombia\/#\/schema\/logo\/image\/","url":"https:\/\/www.fiscalia.gov.co\/colombia\/wp-content\/uploads\/LogoHorizontal_1.jpg","contentUrl":"https:\/\/www.fiscalia.gov.co\/colombia\/wp-content\/uploads\/LogoHorizontal_1.jpg","width":300,"height":90,"caption":"Fiscal\u00eda General de la Naci\u00f3n"},"image":{"@id":"https:\/\/www.fiscalia.gov.co\/colombia\/#\/schema\/logo\/image\/"},"sameAs":["https:\/\/www.facebook.com\/FiscaliaCol","https:\/\/x.com\/FiscaliaCol","https:\/\/www.instagram.com\/fiscaliacol","https:\/\/www.linkedin.com\/company\/fiscalia-general-de-la-naci-n\/","https:\/\/youtube.com\/@fiscaliageneraldelanacion-4668?si=6nN79nyQICPU5iTh"]},{"@type":"Person","@id":"https:\/\/www.fiscalia.gov.co\/colombia\/#\/schema\/person\/2e76b9aba5ecf875ed565ce4de0e0415","name":"Katherine Loaiza Mart\u00ednez","image":{"@type":"ImageObject","inLanguage":"es-CO","@id":"https:\/\/www.fiscalia.gov.co\/colombia\/#\/schema\/person\/image\/","url":"https:\/\/secure.gravatar.com\/avatar\/ab775a2f394c1b83b6d6f78680e57b50?s=96&d=mm&r=g","contentUrl":"https:\/\/secure.gravatar.com\/avatar\/ab775a2f394c1b83b6d6f78680e57b50?s=96&d=mm&r=g","caption":"Katherine Loaiza Mart\u00ednez"},"url":"https:\/\/www.fiscalia.gov.co\/colombia\/author\/kloaiza\/"}]}},"_links":{"self":[{"href":"https:\/\/www.fiscalia.gov.co\/colombia\/wp-json\/wp\/v2\/posts\/255716","targetHints":{"allow":["GET"]}}],"collection":[{"href":"https:\/\/www.fiscalia.gov.co\/colombia\/wp-json\/wp\/v2\/posts"}],"about":[{"href":"https:\/\/www.fiscalia.gov.co\/colombia\/wp-json\/wp\/v2\/types\/post"}],"author":[{"embeddable":true,"href":"https:\/\/www.fiscalia.gov.co\/colombia\/wp-json\/wp\/v2\/users\/175"}],"replies":[{"embeddable":true,"href":"https:\/\/www.fiscalia.gov.co\/colombia\/wp-json\/wp\/v2\/comments?post=255716"}],"version-history":[{"count":2,"href":"https:\/\/www.fiscalia.gov.co\/colombia\/wp-json\/wp\/v2\/posts\/255716\/revisions"}],"predecessor-version":[{"id":256187,"href":"https:\/\/www.fiscalia.gov.co\/colombia\/wp-json\/wp\/v2\/posts\/255716\/revisions\/256187"}],"wp:featuredmedia":[{"embeddable":true,"href":"https:\/\/www.fiscalia.gov.co\/colombia\/wp-json\/wp\/v2\/media\/256175"}],"wp:attachment":[{"href":"https:\/\/www.fiscalia.gov.co\/colombia\/wp-json\/wp\/v2\/media?parent=255716"}],"wp:term":[{"taxonomy":"category","embeddable":true,"href":"https:\/\/www.fiscalia.gov.co\/colombia\/wp-json\/wp\/v2\/categories?post=255716"},{"taxonomy":"post_tag","embeddable":true,"href":"https:\/\/www.fiscalia.gov.co\/colombia\/wp-json\/wp\/v2\/tags?post=255716"}],"curies":[{"name":"wp","href":"https:\/\/api.w.org\/{rel}","templated":true}]}}