{"id":255678,"date":"2022-08-27T09:41:55","date_gmt":"2022-08-27T14:41:55","guid":{"rendered":"https:\/\/www.fiscalia.gov.co\/colombia\/?p=255678"},"modified":"2022-09-01T12:42:40","modified_gmt":"2022-09-01T17:42:40","slug":"fiscalia-judicializo-18-presuntos-integrantes-de-los-de-rionegro-grupo-delincuencial-organizado-dedicado-a-estafar-clientes-de-entidades-financieras","status":"publish","type":"post","link":"https:\/\/www.fiscalia.gov.co\/colombia\/noticias\/fiscalia-judicializo-18-presuntos-integrantes-de-los-de-rionegro-grupo-delincuencial-organizado-dedicado-a-estafar-clientes-de-entidades-financieras\/","title":{"rendered":"Fiscal\u00eda judicializ\u00f3 18 presuntos integrantes de \u2018Los de Rionegro\u2019, grupo delincuencial organizado dedicado a estafar clientes de entidades financieras"},"content":{"rendered":"<ul>\n<li>\n<h4><strong><em>Jueces de control de garant\u00edas de Bogot\u00e1 <\/em><em>impusieran 16 medidas de aseguramiento en centro carcelario y 2 domiciliarias. <\/em><\/strong><\/h4>\n<\/li>\n<li>\n<h4><strong><em>Los integrantes de la red delincuencial habr\u00edan hurtado, durante dos a\u00f1os, al menos 3.190 millones de pesos de las cuentas bancarias que las v\u00edctimas tienen en entidades financieras ubicadas en Cauca, Valle del Cauca, Cundinamarca, Bol\u00edvar y Bogot\u00e1. <\/em><\/strong><\/h4>\n<\/li>\n<\/ul>\n<p>La contundencia del material probatorio aportado por fiscales adscritos al Cuerpo T\u00e9cnico de Investigaci\u00f3n (CTI) de la Fiscal\u00eda General de la Naci\u00f3n, permiti\u00f3 que jueces de control de garant\u00edas de Bogot\u00e1 impusieran 16 medidas de aseguramiento en centro carcelario y 2 domiciliarias, contra 18 presuntos integrantes del grupo delincuencial organizado (GDO) \u2018Los de Rionegro\u2019. La decisi\u00f3n de primera instancia fue apelada.<\/p>\n<p>La evidencia f\u00edsica recopilada advierte que la red, presuntamente, estaba encabezada por Carlos Felipe Corredor Rubio y Carlos Andr\u00e9s C\u00e1rdenas Buenaventura, quienes accedieron a informaci\u00f3n financiera de al menos 11 clientes.\u00a0 Entre los afectados se encuentran copropiedades inmobiliarias, una comunidad religiosa, una EPS y varias empresas m\u00e1s con cuentas en distintas entidades bancarias.<\/p>\n<p>Presuntamente, utilizando papeler\u00eda membretada, logotipos, sellos, huellas y firmas falsas; los integrantes de la red delincuencial habr\u00edan hurtado, durante dos a\u00f1os, al menos 3.190 millones de pesos que las v\u00edctimas ten\u00edan en cuentas de ahorro y cr\u00e9dito ubicadas en Cauca, Valle del Cauca, Cundinamarca, Bol\u00edvar y Bogot\u00e1.<\/p>\n<p>La investigaci\u00f3n permiti\u00f3 establecer que el grupo delincuencial pagaban a los denominados cobradores, cuidadores y reclutadores entre el 3 y el 10 por ciento, del total estafado; seg\u00fan la labor desempe\u00f1ada al interior de la organizaci\u00f3n.<\/p>\n<p>Llam\u00f3 la atenci\u00f3n de las autoridades los m\u00e9todos usados por la red criminal para alcanzar sus objetivos il\u00edcitos; pues habr\u00edan accedido de manera ilegal a informaci\u00f3n de las v\u00edctimas, en empresas de telefon\u00eda y en las entidades bancarias. De acuerdo al material probatorio se pudo establecer que se habr\u00eda logrado suplantar a los ciudadanos durante las llamadas hechas desde los bancos para validar los movimientos de dinero. Tambi\u00e9n se constat\u00f3 que se utilizar\u00eda l\u00e1tex para simular las huellas dactilares de los afectados y as\u00ed evadir los controles financieros.<\/p>\n<p>La Fiscal\u00eda, de acuerdo al presunto grado de participaci\u00f3n de los procesados, imput\u00f3 delitos tales como: estafa agravada, falsedad ideol\u00f3gica en documento privado, concierto para delinquir, obstaculizaci\u00f3n ilegitima de sistema inform\u00e1tico o red de telecomunicaciones y violaci\u00f3n de datos personales.<\/p>\n<p>Los presuntos implicados son: Carlos Felipe Corredor Rubio, Carlos Andr\u00e9s C\u00e1rdenas Buenaventura, Luis Carlos Lovera Moreno, Mar\u00eda Camila Corredor Vargas, Jos\u00e9 Diomedes Garz\u00f3n Malag\u00f3n, Jorge Mario G\u00f3mez Rodr\u00edguez, Luis Gabriel Guillen Montero, Lady Johanna Vega Parra, Diego Juli\u00e1n Ardila Redondo, Jhon Marcos Morales Rubio, Stiven Humberto Morales Su\u00e1rez, Luis Eduardo Mej\u00eda Acu\u00f1a, Edwin Camilo Ortiz Hern\u00e1ndez, Alisson Fernanda Arango P\u00e9rez, Carlos Orlando V\u00e1squez Zabala, Jeferson Garcera Ib\u00e1\u00f1ez, Kelly Tatiana Bar\u00f3n Mar\u00edn y Ana Vanessa Duque Arias. Esta \u00faltima acept\u00f3 su responsabilidad en los cargos formulados.<\/p>\n<p>Esta informaci\u00f3n se publica por razones de inter\u00e9s general.<\/p>\n<p><strong>La Fiscal\u00eda habla con resultados.<\/strong><\/p>\n<p>&nbsp;<\/p>\n<p>&nbsp;<\/p>\n<p>&nbsp;<\/p>\n<p>AG\/MAGA\/LAC\/CTI\/MRC\/.<\/p>\n<p>&nbsp;<\/p>\n<p>&nbsp;<\/p>\n<p>&nbsp;<\/p>\n<div class=\"td-post-content tagdiv-type\">\n<div class=\"td-post-content tagdiv-type\">\n<div class=\"td-post-content tagdiv-type\">\n<p><em><span lang=\"ES\">La informaci\u00f3n contenida en este bolet\u00edn de prensa corresponde a la narraci\u00f3n de los hechos noticiosos objetivos, suministrados por los funcionarios encargados de adelantar las investigaciones penales al interior de la Fiscal\u00eda General de la Naci\u00f3n. Para el momento de la divulgaci\u00f3n de este comunicado, la situaci\u00f3n jur\u00eddica de la(s) persona(s) relacionada(s) se encuentra pendiente de resolver por la autoridad judicial competente, siempre bajo los preceptos de la presunci\u00f3n de inocencia, consagrados en el art\u00edculo 29 de la Constituci\u00f3n Pol\u00edtica y el art\u00edculo 7\u00ba de la Ley 906 de 2004.\u00a0<\/span><\/em><\/p>\n<\/div>\n<\/div>\n<\/div>\n\n<div class=\"twitter-share\"><a href=\"https:\/\/twitter.com\/intent\/tweet?via=fiscaliacol\" class=\"twitter-share-button\">Tweet<\/a><\/div>\n","protected":false},"excerpt":{"rendered":"<p>Jueces de control de garant\u00edas de Bogot\u00e1 impusieran 16 medidas de aseguramiento en centro carcelario y 2 domiciliarias. Los integrantes de la red delincuencial habr\u00edan hurtado, durante dos a\u00f1os, al [&hellip;]<\/p>\n","protected":false},"author":177,"featured_media":0,"comment_status":"closed","ping_status":"open","sticky":false,"template":"","format":"video","meta":{"tdm_status":"","tdm_grid_status":"","footnotes":""},"categories":[24098,1],"tags":[7484,13863,653,24185,1047],"class_list":["post-255678","post","type-post","status-publish","format-video","category-crimen-organizado","category-noticias","tag-crimen-organizado","tag-entidades-financieras","tag-estafa","tag-fiscal-barbosa","tag-fiscalia-general-de-la-nacion","post_format-post-format-video"],"yoast_head":"<!-- This site is optimized with the Yoast SEO plugin v24.3 - https:\/\/yoast.com\/wordpress\/plugins\/seo\/ -->\n<title>Fiscal\u00eda General de la Naci\u00f3n<\/title>\n<meta name=\"description\" content=\"P\u00e1gina oficial de la Fiscal\u00eda General de la Naci\u00f3n \u2013 Colombia. Garantizamos el acceso efectivo a la justicia, la verdad y la reparaci\u00f3n de las v\u00edctimas de los delitos.\" \/>\n<meta name=\"robots\" content=\"noindex, follow\" \/>\n<meta property=\"og:locale\" content=\"es_ES\" \/>\n<meta property=\"og:type\" content=\"article\" \/>\n<meta property=\"og:title\" content=\"Fiscal\u00eda General de la Naci\u00f3n\" \/>\n<meta property=\"og:description\" content=\"P\u00e1gina oficial de la Fiscal\u00eda General de la Naci\u00f3n \u2013 Colombia. Garantizamos el acceso efectivo a la justicia, la verdad y la reparaci\u00f3n de las v\u00edctimas de los delitos.\" \/>\n<meta property=\"og:url\" content=\"https:\/\/www.fiscalia.gov.co\/colombia\/noticias\/fiscalia-judicializo-18-presuntos-integrantes-de-los-de-rionegro-grupo-delincuencial-organizado-dedicado-a-estafar-clientes-de-entidades-financieras\/\" \/>\n<meta property=\"og:site_name\" content=\"Fiscal\u00eda General de la Naci\u00f3n\" \/>\n<meta property=\"article:publisher\" content=\"https:\/\/www.facebook.com\/FiscaliaCol\" \/>\n<meta property=\"article:published_time\" content=\"2022-08-27T14:41:55+00:00\" \/>\n<meta property=\"article:modified_time\" content=\"2022-09-01T17:42:40+00:00\" \/>\n<meta name=\"author\" content=\"Jordan Leandro Oviedo Anzola\" \/>\n<meta name=\"twitter:card\" content=\"summary_large_image\" \/>\n<meta name=\"twitter:creator\" content=\"@FiscaliaCol\" \/>\n<meta name=\"twitter:site\" content=\"@FiscaliaCol\" \/>\n<meta name=\"twitter:label1\" content=\"Escrito por\" \/>\n\t<meta name=\"twitter:data1\" content=\"Jordan Leandro Oviedo Anzola\" \/>\n\t<meta name=\"twitter:label2\" content=\"Tiempo de lectura\" \/>\n\t<meta name=\"twitter:data2\" content=\"3 minutos\" \/>\n<script type=\"application\/ld+json\" class=\"yoast-schema-graph\">{\"@context\":\"https:\/\/schema.org\",\"@graph\":[{\"@type\":\"Article\",\"@id\":\"https:\/\/www.fiscalia.gov.co\/colombia\/noticias\/fiscalia-judicializo-18-presuntos-integrantes-de-los-de-rionegro-grupo-delincuencial-organizado-dedicado-a-estafar-clientes-de-entidades-financieras\/#article\",\"isPartOf\":{\"@id\":\"https:\/\/www.fiscalia.gov.co\/colombia\/noticias\/fiscalia-judicializo-18-presuntos-integrantes-de-los-de-rionegro-grupo-delincuencial-organizado-dedicado-a-estafar-clientes-de-entidades-financieras\/\"},\"author\":{\"name\":\"Jordan Leandro Oviedo Anzola\",\"@id\":\"https:\/\/www.fiscalia.gov.co\/colombia\/#\/schema\/person\/bf84402cf293a5393e9c70b111020b24\"},\"headline\":\"Fiscal\u00eda judicializ\u00f3 18 presuntos integrantes de \u2018Los de Rionegro\u2019, grupo delincuencial organizado dedicado a estafar clientes de entidades financieras\",\"datePublished\":\"2022-08-27T14:41:55+00:00\",\"dateModified\":\"2022-09-01T17:42:40+00:00\",\"mainEntityOfPage\":{\"@id\":\"https:\/\/www.fiscalia.gov.co\/colombia\/noticias\/fiscalia-judicializo-18-presuntos-integrantes-de-los-de-rionegro-grupo-delincuencial-organizado-dedicado-a-estafar-clientes-de-entidades-financieras\/\"},\"wordCount\":666,\"publisher\":{\"@id\":\"https:\/\/www.fiscalia.gov.co\/colombia\/#organization\"},\"keywords\":[\"Crimen organizado\",\"Entidades financieras\",\"Estafa\",\"Fiscal Barbosa\",\"Fiscal\u00eda General de la Naci\u00f3n\"],\"articleSection\":[\"Crimen organizado\",\"Noticias\"],\"inLanguage\":\"es-CO\"},{\"@type\":\"WebPage\",\"@id\":\"https:\/\/www.fiscalia.gov.co\/colombia\/noticias\/fiscalia-judicializo-18-presuntos-integrantes-de-los-de-rionegro-grupo-delincuencial-organizado-dedicado-a-estafar-clientes-de-entidades-financieras\/\",\"url\":\"https:\/\/www.fiscalia.gov.co\/colombia\/noticias\/fiscalia-judicializo-18-presuntos-integrantes-de-los-de-rionegro-grupo-delincuencial-organizado-dedicado-a-estafar-clientes-de-entidades-financieras\/\",\"name\":\"Fiscal\u00eda General de la Naci\u00f3n\",\"isPartOf\":{\"@id\":\"https:\/\/www.fiscalia.gov.co\/colombia\/#website\"},\"datePublished\":\"2022-08-27T14:41:55+00:00\",\"dateModified\":\"2022-09-01T17:42:40+00:00\",\"description\":\"P\u00e1gina oficial de la Fiscal\u00eda General de la Naci\u00f3n \u2013 Colombia. Garantizamos el acceso efectivo a la justicia, la verdad y la reparaci\u00f3n de las v\u00edctimas de los delitos.\",\"breadcrumb\":{\"@id\":\"https:\/\/www.fiscalia.gov.co\/colombia\/noticias\/fiscalia-judicializo-18-presuntos-integrantes-de-los-de-rionegro-grupo-delincuencial-organizado-dedicado-a-estafar-clientes-de-entidades-financieras\/#breadcrumb\"},\"inLanguage\":\"es-CO\",\"potentialAction\":[{\"@type\":\"ReadAction\",\"target\":[\"https:\/\/www.fiscalia.gov.co\/colombia\/noticias\/fiscalia-judicializo-18-presuntos-integrantes-de-los-de-rionegro-grupo-delincuencial-organizado-dedicado-a-estafar-clientes-de-entidades-financieras\/\"]}]},{\"@type\":\"BreadcrumbList\",\"@id\":\"https:\/\/www.fiscalia.gov.co\/colombia\/noticias\/fiscalia-judicializo-18-presuntos-integrantes-de-los-de-rionegro-grupo-delincuencial-organizado-dedicado-a-estafar-clientes-de-entidades-financieras\/#breadcrumb\",\"itemListElement\":[{\"@type\":\"ListItem\",\"position\":1,\"name\":\"Home\",\"item\":\"https:\/\/www.fiscalia.gov.co\/colombia\/\"},{\"@type\":\"ListItem\",\"position\":2,\"name\":\"Fiscal\u00eda judicializ\u00f3 18 presuntos integrantes de \u2018Los de Rionegro\u2019, grupo delincuencial organizado dedicado a estafar clientes de entidades financieras\"}]},{\"@type\":\"WebSite\",\"@id\":\"https:\/\/www.fiscalia.gov.co\/colombia\/#website\",\"url\":\"https:\/\/www.fiscalia.gov.co\/colombia\/\",\"name\":\"Fiscal\u00eda General de la Naci\u00f3n\",\"description\":\"P\u00e1gina oficial de la Fiscal\u00eda General de la Naci\u00f3n \u2013 Colombia. Garantizamos el acceso efectivo a la justicia, la verdad y la reparaci\u00f3n de las v\u00edctimas de los delitos.\",\"publisher\":{\"@id\":\"https:\/\/www.fiscalia.gov.co\/colombia\/#organization\"},\"potentialAction\":[{\"@type\":\"SearchAction\",\"target\":{\"@type\":\"EntryPoint\",\"urlTemplate\":\"https:\/\/www.fiscalia.gov.co\/colombia\/?s={search_term_string}\"},\"query-input\":{\"@type\":\"PropertyValueSpecification\",\"valueRequired\":true,\"valueName\":\"search_term_string\"}}],\"inLanguage\":\"es-CO\"},{\"@type\":\"Organization\",\"@id\":\"https:\/\/www.fiscalia.gov.co\/colombia\/#organization\",\"name\":\"Fiscal\u00eda General de la Naci\u00f3n\",\"url\":\"https:\/\/www.fiscalia.gov.co\/colombia\/\",\"logo\":{\"@type\":\"ImageObject\",\"inLanguage\":\"es-CO\",\"@id\":\"https:\/\/www.fiscalia.gov.co\/colombia\/#\/schema\/logo\/image\/\",\"url\":\"https:\/\/www.fiscalia.gov.co\/colombia\/wp-content\/uploads\/LogoHorizontal_1.jpg\",\"contentUrl\":\"https:\/\/www.fiscalia.gov.co\/colombia\/wp-content\/uploads\/LogoHorizontal_1.jpg\",\"width\":300,\"height\":90,\"caption\":\"Fiscal\u00eda General de la Naci\u00f3n\"},\"image\":{\"@id\":\"https:\/\/www.fiscalia.gov.co\/colombia\/#\/schema\/logo\/image\/\"},\"sameAs\":[\"https:\/\/www.facebook.com\/FiscaliaCol\",\"https:\/\/x.com\/FiscaliaCol\",\"https:\/\/www.instagram.com\/fiscaliacol\",\"https:\/\/www.linkedin.com\/company\/fiscalia-general-de-la-naci-n\/\",\"https:\/\/youtube.com\/@fiscaliageneraldelanacion-4668?si=6nN79nyQICPU5iTh\"]},{\"@type\":\"Person\",\"@id\":\"https:\/\/www.fiscalia.gov.co\/colombia\/#\/schema\/person\/bf84402cf293a5393e9c70b111020b24\",\"name\":\"Jordan Leandro Oviedo Anzola\",\"image\":{\"@type\":\"ImageObject\",\"inLanguage\":\"es-CO\",\"@id\":\"https:\/\/www.fiscalia.gov.co\/colombia\/#\/schema\/person\/image\/\",\"url\":\"https:\/\/secure.gravatar.com\/avatar\/dabba4346fa9b9207d96adafa8f92721?s=96&d=mm&r=g\",\"contentUrl\":\"https:\/\/secure.gravatar.com\/avatar\/dabba4346fa9b9207d96adafa8f92721?s=96&d=mm&r=g\",\"caption\":\"Jordan Leandro Oviedo Anzola\"},\"url\":\"https:\/\/www.fiscalia.gov.co\/colombia\/author\/joviedo\/\"}]}<\/script>\n<!-- \/ Yoast SEO plugin. -->","yoast_head_json":{"title":"Fiscal\u00eda General de la Naci\u00f3n","description":"P\u00e1gina oficial de la Fiscal\u00eda General de la Naci\u00f3n \u2013 Colombia. Garantizamos el acceso efectivo a la justicia, la verdad y la reparaci\u00f3n de las v\u00edctimas de los delitos.","robots":{"index":"noindex","follow":"follow"},"og_locale":"es_ES","og_type":"article","og_title":"Fiscal\u00eda General de la Naci\u00f3n","og_description":"P\u00e1gina oficial de la Fiscal\u00eda General de la Naci\u00f3n \u2013 Colombia. Garantizamos el acceso efectivo a la justicia, la verdad y la reparaci\u00f3n de las v\u00edctimas de los delitos.","og_url":"https:\/\/www.fiscalia.gov.co\/colombia\/noticias\/fiscalia-judicializo-18-presuntos-integrantes-de-los-de-rionegro-grupo-delincuencial-organizado-dedicado-a-estafar-clientes-de-entidades-financieras\/","og_site_name":"Fiscal\u00eda General de la Naci\u00f3n","article_publisher":"https:\/\/www.facebook.com\/FiscaliaCol","article_published_time":"2022-08-27T14:41:55+00:00","article_modified_time":"2022-09-01T17:42:40+00:00","author":"Jordan Leandro Oviedo Anzola","twitter_card":"summary_large_image","twitter_creator":"@FiscaliaCol","twitter_site":"@FiscaliaCol","twitter_misc":{"Escrito por":"Jordan Leandro Oviedo Anzola","Tiempo de lectura":"3 minutos"},"schema":{"@context":"https:\/\/schema.org","@graph":[{"@type":"Article","@id":"https:\/\/www.fiscalia.gov.co\/colombia\/noticias\/fiscalia-judicializo-18-presuntos-integrantes-de-los-de-rionegro-grupo-delincuencial-organizado-dedicado-a-estafar-clientes-de-entidades-financieras\/#article","isPartOf":{"@id":"https:\/\/www.fiscalia.gov.co\/colombia\/noticias\/fiscalia-judicializo-18-presuntos-integrantes-de-los-de-rionegro-grupo-delincuencial-organizado-dedicado-a-estafar-clientes-de-entidades-financieras\/"},"author":{"name":"Jordan Leandro Oviedo Anzola","@id":"https:\/\/www.fiscalia.gov.co\/colombia\/#\/schema\/person\/bf84402cf293a5393e9c70b111020b24"},"headline":"Fiscal\u00eda judicializ\u00f3 18 presuntos integrantes de \u2018Los de Rionegro\u2019, grupo delincuencial organizado dedicado a estafar clientes de entidades financieras","datePublished":"2022-08-27T14:41:55+00:00","dateModified":"2022-09-01T17:42:40+00:00","mainEntityOfPage":{"@id":"https:\/\/www.fiscalia.gov.co\/colombia\/noticias\/fiscalia-judicializo-18-presuntos-integrantes-de-los-de-rionegro-grupo-delincuencial-organizado-dedicado-a-estafar-clientes-de-entidades-financieras\/"},"wordCount":666,"publisher":{"@id":"https:\/\/www.fiscalia.gov.co\/colombia\/#organization"},"keywords":["Crimen organizado","Entidades financieras","Estafa","Fiscal Barbosa","Fiscal\u00eda General de la Naci\u00f3n"],"articleSection":["Crimen organizado","Noticias"],"inLanguage":"es-CO"},{"@type":"WebPage","@id":"https:\/\/www.fiscalia.gov.co\/colombia\/noticias\/fiscalia-judicializo-18-presuntos-integrantes-de-los-de-rionegro-grupo-delincuencial-organizado-dedicado-a-estafar-clientes-de-entidades-financieras\/","url":"https:\/\/www.fiscalia.gov.co\/colombia\/noticias\/fiscalia-judicializo-18-presuntos-integrantes-de-los-de-rionegro-grupo-delincuencial-organizado-dedicado-a-estafar-clientes-de-entidades-financieras\/","name":"Fiscal\u00eda General de la Naci\u00f3n","isPartOf":{"@id":"https:\/\/www.fiscalia.gov.co\/colombia\/#website"},"datePublished":"2022-08-27T14:41:55+00:00","dateModified":"2022-09-01T17:42:40+00:00","description":"P\u00e1gina oficial de la Fiscal\u00eda General de la Naci\u00f3n \u2013 Colombia. Garantizamos el acceso efectivo a la justicia, la verdad y la reparaci\u00f3n de las v\u00edctimas de los delitos.","breadcrumb":{"@id":"https:\/\/www.fiscalia.gov.co\/colombia\/noticias\/fiscalia-judicializo-18-presuntos-integrantes-de-los-de-rionegro-grupo-delincuencial-organizado-dedicado-a-estafar-clientes-de-entidades-financieras\/#breadcrumb"},"inLanguage":"es-CO","potentialAction":[{"@type":"ReadAction","target":["https:\/\/www.fiscalia.gov.co\/colombia\/noticias\/fiscalia-judicializo-18-presuntos-integrantes-de-los-de-rionegro-grupo-delincuencial-organizado-dedicado-a-estafar-clientes-de-entidades-financieras\/"]}]},{"@type":"BreadcrumbList","@id":"https:\/\/www.fiscalia.gov.co\/colombia\/noticias\/fiscalia-judicializo-18-presuntos-integrantes-de-los-de-rionegro-grupo-delincuencial-organizado-dedicado-a-estafar-clientes-de-entidades-financieras\/#breadcrumb","itemListElement":[{"@type":"ListItem","position":1,"name":"Home","item":"https:\/\/www.fiscalia.gov.co\/colombia\/"},{"@type":"ListItem","position":2,"name":"Fiscal\u00eda judicializ\u00f3 18 presuntos integrantes de \u2018Los de Rionegro\u2019, grupo delincuencial organizado dedicado a estafar clientes de entidades financieras"}]},{"@type":"WebSite","@id":"https:\/\/www.fiscalia.gov.co\/colombia\/#website","url":"https:\/\/www.fiscalia.gov.co\/colombia\/","name":"Fiscal\u00eda General de la Naci\u00f3n","description":"P\u00e1gina oficial de la Fiscal\u00eda General de la Naci\u00f3n \u2013 Colombia. Garantizamos el acceso efectivo a la justicia, la verdad y la reparaci\u00f3n de las v\u00edctimas de los delitos.","publisher":{"@id":"https:\/\/www.fiscalia.gov.co\/colombia\/#organization"},"potentialAction":[{"@type":"SearchAction","target":{"@type":"EntryPoint","urlTemplate":"https:\/\/www.fiscalia.gov.co\/colombia\/?s={search_term_string}"},"query-input":{"@type":"PropertyValueSpecification","valueRequired":true,"valueName":"search_term_string"}}],"inLanguage":"es-CO"},{"@type":"Organization","@id":"https:\/\/www.fiscalia.gov.co\/colombia\/#organization","name":"Fiscal\u00eda General de la Naci\u00f3n","url":"https:\/\/www.fiscalia.gov.co\/colombia\/","logo":{"@type":"ImageObject","inLanguage":"es-CO","@id":"https:\/\/www.fiscalia.gov.co\/colombia\/#\/schema\/logo\/image\/","url":"https:\/\/www.fiscalia.gov.co\/colombia\/wp-content\/uploads\/LogoHorizontal_1.jpg","contentUrl":"https:\/\/www.fiscalia.gov.co\/colombia\/wp-content\/uploads\/LogoHorizontal_1.jpg","width":300,"height":90,"caption":"Fiscal\u00eda General de la Naci\u00f3n"},"image":{"@id":"https:\/\/www.fiscalia.gov.co\/colombia\/#\/schema\/logo\/image\/"},"sameAs":["https:\/\/www.facebook.com\/FiscaliaCol","https:\/\/x.com\/FiscaliaCol","https:\/\/www.instagram.com\/fiscaliacol","https:\/\/www.linkedin.com\/company\/fiscalia-general-de-la-naci-n\/","https:\/\/youtube.com\/@fiscaliageneraldelanacion-4668?si=6nN79nyQICPU5iTh"]},{"@type":"Person","@id":"https:\/\/www.fiscalia.gov.co\/colombia\/#\/schema\/person\/bf84402cf293a5393e9c70b111020b24","name":"Jordan Leandro Oviedo Anzola","image":{"@type":"ImageObject","inLanguage":"es-CO","@id":"https:\/\/www.fiscalia.gov.co\/colombia\/#\/schema\/person\/image\/","url":"https:\/\/secure.gravatar.com\/avatar\/dabba4346fa9b9207d96adafa8f92721?s=96&d=mm&r=g","contentUrl":"https:\/\/secure.gravatar.com\/avatar\/dabba4346fa9b9207d96adafa8f92721?s=96&d=mm&r=g","caption":"Jordan Leandro Oviedo Anzola"},"url":"https:\/\/www.fiscalia.gov.co\/colombia\/author\/joviedo\/"}]}},"_links":{"self":[{"href":"https:\/\/www.fiscalia.gov.co\/colombia\/wp-json\/wp\/v2\/posts\/255678","targetHints":{"allow":["GET"]}}],"collection":[{"href":"https:\/\/www.fiscalia.gov.co\/colombia\/wp-json\/wp\/v2\/posts"}],"about":[{"href":"https:\/\/www.fiscalia.gov.co\/colombia\/wp-json\/wp\/v2\/types\/post"}],"author":[{"embeddable":true,"href":"https:\/\/www.fiscalia.gov.co\/colombia\/wp-json\/wp\/v2\/users\/177"}],"replies":[{"embeddable":true,"href":"https:\/\/www.fiscalia.gov.co\/colombia\/wp-json\/wp\/v2\/comments?post=255678"}],"version-history":[{"count":1,"href":"https:\/\/www.fiscalia.gov.co\/colombia\/wp-json\/wp\/v2\/posts\/255678\/revisions"}],"predecessor-version":[{"id":255679,"href":"https:\/\/www.fiscalia.gov.co\/colombia\/wp-json\/wp\/v2\/posts\/255678\/revisions\/255679"}],"wp:attachment":[{"href":"https:\/\/www.fiscalia.gov.co\/colombia\/wp-json\/wp\/v2\/media?parent=255678"}],"wp:term":[{"taxonomy":"category","embeddable":true,"href":"https:\/\/www.fiscalia.gov.co\/colombia\/wp-json\/wp\/v2\/categories?post=255678"},{"taxonomy":"post_tag","embeddable":true,"href":"https:\/\/www.fiscalia.gov.co\/colombia\/wp-json\/wp\/v2\/tags?post=255678"}],"curies":[{"name":"wp","href":"https:\/\/api.w.org\/{rel}","templated":true}]}}