{"id":255661,"date":"2022-08-26T16:10:28","date_gmt":"2022-08-26T21:10:28","guid":{"rendered":"https:\/\/www.fiscalia.gov.co\/colombia\/?p=255661"},"modified":"2022-12-06T10:34:52","modified_gmt":"2022-12-06T15:34:52","slug":"fiscal-francisco-barbosa-firma-memorando-de-entendimiento-con-el-salvador-para-fortalecer-lucha-contra-la-criminalidad-organizada-en-la-region","status":"publish","type":"post","link":"https:\/\/www.fiscalia.gov.co\/colombia\/noticias\/fiscal-francisco-barbosa-firma-memorando-de-entendimiento-con-el-salvador-para-fortalecer-lucha-contra-la-criminalidad-organizada-en-la-region\/","title":{"rendered":"Fiscal Francisco Barbosa firma memorando de entendimiento con El Salvador para fortalecer lucha contra la criminalidad organizada en la regi\u00f3n"},"content":{"rendered":"<p>El Fiscal General de la Naci\u00f3n, Francisco Barbosa Delgado, se reuni\u00f3 con su hom\u00f3logo de El Salvador, Rodolfo Delgado, para revisar los m\u00e1s recientes resultados logrados en la lucha contra la criminalidad transnacional.<\/p>\n<p>El jefe del ente investigador colombiano destac\u00f3 entre los resultados dos importantes operaciones adelantadas con las autoridades salvadore\u00f1as que permitieron la incautaci\u00f3n de cerca de cuatro toneladas de clorhidrato de coca\u00edna.<\/p>\n<p>\u201cEn virtud del trabajo binacional y del trabajo que realizan las autoridades salvadore\u00f1as es muy importante se\u00f1alar que se han presentado dos grandes operaciones en El Salvador. Una el 19 de agosto, y otra el 20 de agosto. En la primera, se incaut\u00f3 una embarcaci\u00f3n donde hab\u00eda un ecuatoriano y dos colombianos. All\u00ed se encontraron dos toneladas de clorhidrato de coca\u00edna. En la segunda, se incautaron otras dos toneladas de clorhidrato de coca\u00edna y fueron capturados \u00a0cuatro guatemaltecos\u201d, se\u00f1al\u00f3 el Fiscal Barbosa Delgado, desde El Salvador.<\/p>\n<p><img loading=\"lazy\" decoding=\"async\" class=\"aligncenter size-large wp-image-255662\" src=\"https:\/\/www.fiscalia.gov.co\/colombia\/wp-content\/uploads\/Fiscal-barbosa-El-Salvador-1024x684.jpeg\" alt=\"\" width=\"696\" height=\"465\" srcset=\"https:\/\/www.fiscalia.gov.co\/colombia\/wp-content\/uploads\/Fiscal-barbosa-El-Salvador-1024x684.jpeg 1024w, https:\/\/www.fiscalia.gov.co\/colombia\/wp-content\/uploads\/Fiscal-barbosa-El-Salvador-300x200.jpeg 300w, https:\/\/www.fiscalia.gov.co\/colombia\/wp-content\/uploads\/Fiscal-barbosa-El-Salvador-768x513.jpeg 768w, https:\/\/www.fiscalia.gov.co\/colombia\/wp-content\/uploads\/Fiscal-barbosa-El-Salvador-696x465.jpeg 696w, https:\/\/www.fiscalia.gov.co\/colombia\/wp-content\/uploads\/Fiscal-barbosa-El-Salvador-1068x713.jpeg 1068w, https:\/\/www.fiscalia.gov.co\/colombia\/wp-content\/uploads\/Fiscal-barbosa-El-Salvador-629x420.jpeg 629w, https:\/\/www.fiscalia.gov.co\/colombia\/wp-content\/uploads\/Fiscal-barbosa-El-Salvador.jpeg 1280w\" sizes=\"auto, (max-width: 696px) 100vw, 696px\" \/><\/p>\n<p>El jefe del ente investigador de Colombia destac\u00f3 que estas acciones hacen parte de un importante trabajo que se fortalecer\u00e1 con la firma de un acuerdo entre los dos pa\u00edses.<\/p>\n<p><strong><u>Memorando de entendimiento con El Salvador<\/u><\/strong><\/p>\n<p>Este memorando de entendimiento, firmado por los dos pa\u00edses, busca fortalecer la cooperaci\u00f3n judicial en la lucha contra el tr\u00e1fico de estupefacientes, trata de personas, tr\u00e1fico de migrantes, delitos financieros, lavado de activos y cibercriminalidad.<\/p>\n<p>\u201cHemos firmado un memorando de entendimiento donde nos ponemos de acuerdo con nuestros equipos operativos y con nuestras fiscal\u00edas para perseguir esa criminalidad que est\u00e1 atada al narcotr\u00e1fico, a la trata de personas, al tr\u00e1fico de migrantes; entre muchas otras cosas, y as\u00ed poder avanzar en operaciones conjuntas, en intercambio espont\u00e1neo de informaci\u00f3n judicial que nos permita tener mejores investigaciones ac\u00e1 y en Colombia. El objetivo de todo eso es presentar resultados\u201d, asegur\u00f3 el Fiscal Barbosa.<\/p>\n<p><iframe loading=\"lazy\" title=\"Fiscal Francisco Barbosa destaca operaci\u00f3n conjunta con El Salvador\" width=\"696\" height=\"392\" src=\"https:\/\/www.youtube.com\/embed\/_x5xnZGz-mA?feature=oembed\" frameborder=\"0\" allow=\"accelerometer; autoplay; clipboard-write; encrypted-media; gyroscope; picture-in-picture\" allowfullscreen><\/iframe><\/p>\n<p>El acuerdo bilateral incluye acciones estrat\u00e9gicas como el impulso de investigaciones contra la delincuencia organizada transnacional, as\u00ed como actuaciones conjuntas en materia de recuperaci\u00f3n de activos provenientes de actividades delictivas y organizaciones criminales.<\/p>\n<p>\u201cCreo que este tipo de acuerdos son importantes para nuestra instituci\u00f3n; principalmente, porque contribuye al intercambio de buenas pr\u00e1cticas en materia de combate a la delincuencia; tanto organizada, como la delincuencia com\u00fan. Creemos que tanto Colombia como El Salvador tienen problemas delictivos muy similares (\u2026) y creo que la misi\u00f3n de los fiscales generales es precisamente utilizar todo el peso de la ley (\u2026) para tratar de llevar a la c\u00e1rcel a todos los delincuentes que pretenden alterar la paz p\u00fablica\u201d, se\u00f1al\u00f3 el Fiscal General de El Salvador, Rodolfo Delgado.<\/p>\n<p><a href=\"https:\/\/youtu.be\/yCNw59kNpS8\">https:\/\/youtu.be\/yCNw59kNpS8<\/a><\/p>\n<p>Con este acuerdo tambi\u00e9n se busca adelantar investigaciones integrales entre los pa\u00edses, con intercambio de informaci\u00f3n que permita la judicializaci\u00f3n de los responsables de cr\u00edmenes trasnacionales.<\/p>\n<p><img loading=\"lazy\" decoding=\"async\" class=\"aligncenter size-large wp-image-255663\" src=\"https:\/\/www.fiscalia.gov.co\/colombia\/wp-content\/uploads\/Fiscal-Barbosa-acuerdo-1024x684.jpeg\" alt=\"\" width=\"696\" height=\"465\" srcset=\"https:\/\/www.fiscalia.gov.co\/colombia\/wp-content\/uploads\/Fiscal-Barbosa-acuerdo-1024x684.jpeg 1024w, https:\/\/www.fiscalia.gov.co\/colombia\/wp-content\/uploads\/Fiscal-Barbosa-acuerdo-300x200.jpeg 300w, https:\/\/www.fiscalia.gov.co\/colombia\/wp-content\/uploads\/Fiscal-Barbosa-acuerdo-768x513.jpeg 768w, https:\/\/www.fiscalia.gov.co\/colombia\/wp-content\/uploads\/Fiscal-Barbosa-acuerdo-696x465.jpeg 696w, https:\/\/www.fiscalia.gov.co\/colombia\/wp-content\/uploads\/Fiscal-Barbosa-acuerdo-1068x713.jpeg 1068w, https:\/\/www.fiscalia.gov.co\/colombia\/wp-content\/uploads\/Fiscal-Barbosa-acuerdo-629x420.jpeg 629w, https:\/\/www.fiscalia.gov.co\/colombia\/wp-content\/uploads\/Fiscal-Barbosa-acuerdo.jpeg 1280w\" sizes=\"auto, (max-width: 696px) 100vw, 696px\" \/><\/p>\n<p>Como parte de los encuentros adelantados en este pa\u00eds la Fiscal\u00eda de El Salvador dio a conocer la estrategia que adelanta actualmente en materia de lucha contra grupos delincuenciales que afectan la seguridad de los ciudadanos.<\/p>\n<p>\u201cVinimos a verificar tambi\u00e9n la experiencia que se ha dado en la lucha contra el crimen organizado, tenemos claridad de que no es solamente con la persecuci\u00f3n individual como llegar\u00edamos (\u2026) a esas estructuras criminales, sino que es necesario estudiar la criminalidad y poder entender qu\u00e9 est\u00e1 sucediendo en zonas rurales y en zonas urbanas en ambos pa\u00edses\u201d, afirm\u00f3 el Fiscal Francisco Barbosa.<\/p>\n[embedyt] https:\/\/www.youtube.com\/watch?v=yCNw59kNpS8[\/embedyt]\n<p>Por su parte, el Fiscal General de El Salvador resalt\u00f3 la importancia de conocer la estrategia implementada en Colombia en materia de investigaci\u00f3n de maltrato animal. \u201cVa a ser muy enriquecedor conocer en detalle c\u00f3mo es que se ha obtenido la cantidad de sentencias condenatorias en ese tipo de hechos criminales. Para nosotros es una legislaci\u00f3n nueva y nos vamos a apoyar en esas buenas pr\u00e1cticas\u201d, manifest\u00f3.<\/p>\n<p>Este trabajo bilateral hace parte de las estrategias lideradas por el Fiscal Francisco Barbosa Delgado, como presidente de la Asociaci\u00f3n Iberoamericana de Ministerios P\u00fablicos (AIAMP), que busca articular las acciones e investigaciones que se adelantan en los diferentes pa\u00edses contra la criminalidad organizada.<\/p>\n<p><strong>La Fiscal\u00eda habla con resultados<\/strong><\/p>\n<p>&nbsp;<\/p>\n<p>&nbsp;<\/p>\n<p>&nbsp;<\/p>\n<p>AMCJ\/MAGA\/MCRC\/PATN\/<\/p>\n<p>&nbsp;<\/p>\n<p>&nbsp;<\/p>\n<p>&nbsp;<\/p>\n<div class=\"td-post-content tagdiv-type\">\n<div class=\"td-post-content tagdiv-type\">\n<p><em><span lang=\"ES\">La informaci\u00f3n contenida en este bolet\u00edn de prensa corresponde a la narraci\u00f3n de los hechos noticiosos objetivos, suministrados por los funcionarios encargados de adelantar las investigaciones penales al interior de la Fiscal\u00eda General de la Naci\u00f3n. Para el momento de la divulgaci\u00f3n de este comunicado, la situaci\u00f3n jur\u00eddica de la(s) persona(s) relacionada(s) se encuentra pendiente de resolver por la autoridad judicial competente, siempre bajo los preceptos de la presunci\u00f3n de inocencia, consagrados en el art\u00edculo 29 de la Constituci\u00f3n Pol\u00edtica y el art\u00edculo 7\u00ba de la Ley 906 de 2004.\u00a0<\/span><\/em><\/p>\n<\/div>\n<\/div>\n\n<div class=\"twitter-share\"><a href=\"https:\/\/twitter.com\/intent\/tweet?via=fiscaliacol\" class=\"twitter-share-button\">Tweet<\/a><\/div>\n","protected":false},"excerpt":{"rendered":"<p>El Fiscal General de la Naci\u00f3n, Francisco Barbosa Delgado, se reuni\u00f3 con su hom\u00f3logo de El Salvador, Rodolfo Delgado, para revisar los m\u00e1s recientes resultados logrados en la lucha contra la criminalidad transnacional. El jefe del ente investigador colombiano destac\u00f3 entre los resultados dos importantes operaciones adelantadas con las autoridades salvadore\u00f1as que permitieron la incautaci\u00f3n [&hellip;]<\/p>\n","protected":false},"author":177,"featured_media":255666,"comment_status":"closed","ping_status":"open","sticky":false,"template":"","format":"video","meta":{"_price":"","_stock":"","_tribe_ticket_header":"","_tribe_default_ticket_provider":"","_tribe_ticket_capacity":"0","_ticket_start_date":"","_ticket_end_date":"","_tribe_ticket_show_description":"","_tribe_ticket_show_not_going":false,"_tribe_ticket_use_global_stock":"","_tribe_ticket_global_stock_level":"","_global_stock_mode":"","_global_stock_cap":"","_tribe_rsvp_for_event":"","_tribe_ticket_going_count":"","_tribe_ticket_not_going_count":"","_tribe_tickets_list":"[]","_tribe_ticket_has_attendee_info_fields":false,"tdm_status":"","tdm_grid_status":"","footnotes":""},"categories":[25128,24096,1],"tags":[32696,32059,24185,24188,32697,1047],"class_list":{"0":"post-255661","1":"post","2":"type-post","3":"status-publish","4":"format-video","5":"has-post-thumbnail","7":"category-el-fiscal-en-los-territorios","8":"category-fiscal-general-de-la-nacion","9":"category-noticias","10":"tag-acuerdo","11":"tag-el-salvador","12":"tag-fiscal-barbosa","13":"tag-fiscal-francisco-barbosa","14":"tag-fiscalia-el-salvador","15":"tag-fiscalia-general-de-la-nacion","16":"post_format-post-format-video"},"yoast_head":"<!-- This site is optimized with the Yoast SEO plugin v24.3 - https:\/\/yoast.com\/wordpress\/plugins\/seo\/ -->\n<title>Fiscal\u00eda General de la Naci\u00f3n<\/title>\n<meta name=\"description\" content=\"P\u00e1gina oficial de la Fiscal\u00eda General de la Naci\u00f3n \u2013 Colombia. Garantizamos el acceso efectivo a la justicia, la verdad y la reparaci\u00f3n de las v\u00edctimas de los delitos.\" \/>\n<meta name=\"robots\" content=\"noindex, follow\" \/>\n<meta property=\"og:locale\" content=\"es_ES\" \/>\n<meta property=\"og:type\" content=\"article\" \/>\n<meta property=\"og:title\" content=\"Fiscal\u00eda General de la Naci\u00f3n\" \/>\n<meta property=\"og:description\" content=\"P\u00e1gina oficial de la Fiscal\u00eda General de la Naci\u00f3n \u2013 Colombia. Garantizamos el acceso efectivo a la justicia, la verdad y la reparaci\u00f3n de las v\u00edctimas de los delitos.\" \/>\n<meta property=\"og:url\" content=\"https:\/\/www.fiscalia.gov.co\/colombia\/noticias\/fiscal-francisco-barbosa-firma-memorando-de-entendimiento-con-el-salvador-para-fortalecer-lucha-contra-la-criminalidad-organizada-en-la-region\/\" \/>\n<meta property=\"og:site_name\" content=\"Fiscal\u00eda General de la Naci\u00f3n\" \/>\n<meta property=\"article:publisher\" content=\"https:\/\/www.facebook.com\/FiscaliaCol\" \/>\n<meta property=\"article:published_time\" content=\"2022-08-26T21:10:28+00:00\" \/>\n<meta property=\"article:modified_time\" content=\"2022-12-06T15:34:52+00:00\" \/>\n<meta property=\"og:image\" content=\"https:\/\/www.fiscalia.gov.co\/colombia\/wp-content\/uploads\/sddefault-2.jpg\" \/>\n\t<meta property=\"og:image:width\" content=\"640\" \/>\n\t<meta property=\"og:image:height\" content=\"480\" \/>\n\t<meta property=\"og:image:type\" content=\"image\/jpeg\" \/>\n<meta name=\"author\" content=\"Jordan Leandro Oviedo Anzola\" \/>\n<meta name=\"twitter:card\" content=\"summary_large_image\" \/>\n<meta name=\"twitter:creator\" content=\"@FiscaliaCol\" \/>\n<meta name=\"twitter:site\" content=\"@FiscaliaCol\" \/>\n<meta name=\"twitter:label1\" content=\"Escrito por\" \/>\n\t<meta name=\"twitter:data1\" content=\"Jordan Leandro Oviedo Anzola\" \/>\n\t<meta name=\"twitter:label2\" content=\"Tiempo de lectura\" \/>\n\t<meta name=\"twitter:data2\" content=\"4 minutos\" \/>\n<script type=\"application\/ld+json\" class=\"yoast-schema-graph\">{\"@context\":\"https:\/\/schema.org\",\"@graph\":[{\"@type\":\"Article\",\"@id\":\"https:\/\/www.fiscalia.gov.co\/colombia\/noticias\/fiscal-francisco-barbosa-firma-memorando-de-entendimiento-con-el-salvador-para-fortalecer-lucha-contra-la-criminalidad-organizada-en-la-region\/#article\",\"isPartOf\":{\"@id\":\"https:\/\/www.fiscalia.gov.co\/colombia\/noticias\/fiscal-francisco-barbosa-firma-memorando-de-entendimiento-con-el-salvador-para-fortalecer-lucha-contra-la-criminalidad-organizada-en-la-region\/\"},\"author\":{\"name\":\"Jordan Leandro Oviedo Anzola\",\"@id\":\"https:\/\/www.fiscalia.gov.co\/colombia\/#\/schema\/person\/bf84402cf293a5393e9c70b111020b24\"},\"headline\":\"Fiscal Francisco Barbosa firma memorando de entendimiento con El Salvador para fortalecer lucha contra la criminalidad organizada en la regi\u00f3n\",\"datePublished\":\"2022-08-26T21:10:28+00:00\",\"dateModified\":\"2022-12-06T15:34:52+00:00\",\"mainEntityOfPage\":{\"@id\":\"https:\/\/www.fiscalia.gov.co\/colombia\/noticias\/fiscal-francisco-barbosa-firma-memorando-de-entendimiento-con-el-salvador-para-fortalecer-lucha-contra-la-criminalidad-organizada-en-la-region\/\"},\"wordCount\":861,\"publisher\":{\"@id\":\"https:\/\/www.fiscalia.gov.co\/colombia\/#organization\"},\"image\":{\"@id\":\"https:\/\/www.fiscalia.gov.co\/colombia\/noticias\/fiscal-francisco-barbosa-firma-memorando-de-entendimiento-con-el-salvador-para-fortalecer-lucha-contra-la-criminalidad-organizada-en-la-region\/#primaryimage\"},\"thumbnailUrl\":\"https:\/\/www.fiscalia.gov.co\/colombia\/wp-content\/uploads\/sddefault-2.jpg\",\"keywords\":[\"acuerdo\",\"El Salvador\",\"Fiscal Barbosa\",\"Fiscal Francisco Barbosa\",\"Fiscalia El Salvador\",\"Fiscal\u00eda General de la Naci\u00f3n\"],\"articleSection\":[\"El Fiscal en los territorios\",\"Fiscal General de la Naci\u00f3n\",\"Noticias\"],\"inLanguage\":\"es-CO\"},{\"@type\":\"WebPage\",\"@id\":\"https:\/\/www.fiscalia.gov.co\/colombia\/noticias\/fiscal-francisco-barbosa-firma-memorando-de-entendimiento-con-el-salvador-para-fortalecer-lucha-contra-la-criminalidad-organizada-en-la-region\/\",\"url\":\"https:\/\/www.fiscalia.gov.co\/colombia\/noticias\/fiscal-francisco-barbosa-firma-memorando-de-entendimiento-con-el-salvador-para-fortalecer-lucha-contra-la-criminalidad-organizada-en-la-region\/\",\"name\":\"Fiscal\u00eda General de la Naci\u00f3n\",\"isPartOf\":{\"@id\":\"https:\/\/www.fiscalia.gov.co\/colombia\/#website\"},\"primaryImageOfPage\":{\"@id\":\"https:\/\/www.fiscalia.gov.co\/colombia\/noticias\/fiscal-francisco-barbosa-firma-memorando-de-entendimiento-con-el-salvador-para-fortalecer-lucha-contra-la-criminalidad-organizada-en-la-region\/#primaryimage\"},\"image\":{\"@id\":\"https:\/\/www.fiscalia.gov.co\/colombia\/noticias\/fiscal-francisco-barbosa-firma-memorando-de-entendimiento-con-el-salvador-para-fortalecer-lucha-contra-la-criminalidad-organizada-en-la-region\/#primaryimage\"},\"thumbnailUrl\":\"https:\/\/www.fiscalia.gov.co\/colombia\/wp-content\/uploads\/sddefault-2.jpg\",\"datePublished\":\"2022-08-26T21:10:28+00:00\",\"dateModified\":\"2022-12-06T15:34:52+00:00\",\"description\":\"P\u00e1gina oficial de la Fiscal\u00eda General de la Naci\u00f3n \u2013 Colombia. Garantizamos el acceso efectivo a la justicia, la verdad y la reparaci\u00f3n de las v\u00edctimas de los delitos.\",\"breadcrumb\":{\"@id\":\"https:\/\/www.fiscalia.gov.co\/colombia\/noticias\/fiscal-francisco-barbosa-firma-memorando-de-entendimiento-con-el-salvador-para-fortalecer-lucha-contra-la-criminalidad-organizada-en-la-region\/#breadcrumb\"},\"inLanguage\":\"es-CO\",\"potentialAction\":[{\"@type\":\"ReadAction\",\"target\":[\"https:\/\/www.fiscalia.gov.co\/colombia\/noticias\/fiscal-francisco-barbosa-firma-memorando-de-entendimiento-con-el-salvador-para-fortalecer-lucha-contra-la-criminalidad-organizada-en-la-region\/\"]}]},{\"@type\":\"ImageObject\",\"inLanguage\":\"es-CO\",\"@id\":\"https:\/\/www.fiscalia.gov.co\/colombia\/noticias\/fiscal-francisco-barbosa-firma-memorando-de-entendimiento-con-el-salvador-para-fortalecer-lucha-contra-la-criminalidad-organizada-en-la-region\/#primaryimage\",\"url\":\"https:\/\/www.fiscalia.gov.co\/colombia\/wp-content\/uploads\/sddefault-2.jpg\",\"contentUrl\":\"https:\/\/www.fiscalia.gov.co\/colombia\/wp-content\/uploads\/sddefault-2.jpg\",\"width\":640,\"height\":480},{\"@type\":\"BreadcrumbList\",\"@id\":\"https:\/\/www.fiscalia.gov.co\/colombia\/noticias\/fiscal-francisco-barbosa-firma-memorando-de-entendimiento-con-el-salvador-para-fortalecer-lucha-contra-la-criminalidad-organizada-en-la-region\/#breadcrumb\",\"itemListElement\":[{\"@type\":\"ListItem\",\"position\":1,\"name\":\"Home\",\"item\":\"https:\/\/www.fiscalia.gov.co\/colombia\/\"},{\"@type\":\"ListItem\",\"position\":2,\"name\":\"Fiscal Francisco Barbosa firma memorando de entendimiento con El Salvador para fortalecer lucha contra la criminalidad organizada en la regi\u00f3n\"}]},{\"@type\":\"WebSite\",\"@id\":\"https:\/\/www.fiscalia.gov.co\/colombia\/#website\",\"url\":\"https:\/\/www.fiscalia.gov.co\/colombia\/\",\"name\":\"Fiscal\u00eda General de la Naci\u00f3n\",\"description\":\"P\u00e1gina oficial de la Fiscal\u00eda General de la Naci\u00f3n \u2013 Colombia. Garantizamos el acceso efectivo a la justicia, la verdad y la reparaci\u00f3n de las v\u00edctimas de los delitos.\",\"publisher\":{\"@id\":\"https:\/\/www.fiscalia.gov.co\/colombia\/#organization\"},\"potentialAction\":[{\"@type\":\"SearchAction\",\"target\":{\"@type\":\"EntryPoint\",\"urlTemplate\":\"https:\/\/www.fiscalia.gov.co\/colombia\/?s={search_term_string}\"},\"query-input\":{\"@type\":\"PropertyValueSpecification\",\"valueRequired\":true,\"valueName\":\"search_term_string\"}}],\"inLanguage\":\"es-CO\"},{\"@type\":\"Organization\",\"@id\":\"https:\/\/www.fiscalia.gov.co\/colombia\/#organization\",\"name\":\"Fiscal\u00eda General de la Naci\u00f3n\",\"url\":\"https:\/\/www.fiscalia.gov.co\/colombia\/\",\"logo\":{\"@type\":\"ImageObject\",\"inLanguage\":\"es-CO\",\"@id\":\"https:\/\/www.fiscalia.gov.co\/colombia\/#\/schema\/logo\/image\/\",\"url\":\"https:\/\/www.fiscalia.gov.co\/colombia\/wp-content\/uploads\/LogoHorizontal_1.jpg\",\"contentUrl\":\"https:\/\/www.fiscalia.gov.co\/colombia\/wp-content\/uploads\/LogoHorizontal_1.jpg\",\"width\":300,\"height\":90,\"caption\":\"Fiscal\u00eda General de la Naci\u00f3n\"},\"image\":{\"@id\":\"https:\/\/www.fiscalia.gov.co\/colombia\/#\/schema\/logo\/image\/\"},\"sameAs\":[\"https:\/\/www.facebook.com\/FiscaliaCol\",\"https:\/\/x.com\/FiscaliaCol\",\"https:\/\/www.instagram.com\/fiscaliacol\",\"https:\/\/www.linkedin.com\/company\/fiscalia-general-de-la-naci-n\/\",\"https:\/\/youtube.com\/@fiscaliageneraldelanacion-4668?si=6nN79nyQICPU5iTh\"]},{\"@type\":\"Person\",\"@id\":\"https:\/\/www.fiscalia.gov.co\/colombia\/#\/schema\/person\/bf84402cf293a5393e9c70b111020b24\",\"name\":\"Jordan Leandro Oviedo Anzola\",\"image\":{\"@type\":\"ImageObject\",\"inLanguage\":\"es-CO\",\"@id\":\"https:\/\/www.fiscalia.gov.co\/colombia\/#\/schema\/person\/image\/\",\"url\":\"https:\/\/secure.gravatar.com\/avatar\/dabba4346fa9b9207d96adafa8f92721?s=96&d=mm&r=g\",\"contentUrl\":\"https:\/\/secure.gravatar.com\/avatar\/dabba4346fa9b9207d96adafa8f92721?s=96&d=mm&r=g\",\"caption\":\"Jordan Leandro Oviedo Anzola\"},\"url\":\"https:\/\/www.fiscalia.gov.co\/colombia\/author\/joviedo\/\"}]}<\/script>\n<!-- \/ Yoast SEO plugin. -->","yoast_head_json":{"title":"Fiscal\u00eda General de la Naci\u00f3n","description":"P\u00e1gina oficial de la Fiscal\u00eda General de la Naci\u00f3n \u2013 Colombia. Garantizamos el acceso efectivo a la justicia, la verdad y la reparaci\u00f3n de las v\u00edctimas de los delitos.","robots":{"index":"noindex","follow":"follow"},"og_locale":"es_ES","og_type":"article","og_title":"Fiscal\u00eda General de la Naci\u00f3n","og_description":"P\u00e1gina oficial de la Fiscal\u00eda General de la Naci\u00f3n \u2013 Colombia. Garantizamos el acceso efectivo a la justicia, la verdad y la reparaci\u00f3n de las v\u00edctimas de los delitos.","og_url":"https:\/\/www.fiscalia.gov.co\/colombia\/noticias\/fiscal-francisco-barbosa-firma-memorando-de-entendimiento-con-el-salvador-para-fortalecer-lucha-contra-la-criminalidad-organizada-en-la-region\/","og_site_name":"Fiscal\u00eda General de la Naci\u00f3n","article_publisher":"https:\/\/www.facebook.com\/FiscaliaCol","article_published_time":"2022-08-26T21:10:28+00:00","article_modified_time":"2022-12-06T15:34:52+00:00","og_image":[{"width":640,"height":480,"url":"https:\/\/www.fiscalia.gov.co\/colombia\/wp-content\/uploads\/sddefault-2.jpg","type":"image\/jpeg"}],"author":"Jordan Leandro Oviedo Anzola","twitter_card":"summary_large_image","twitter_creator":"@FiscaliaCol","twitter_site":"@FiscaliaCol","twitter_misc":{"Escrito por":"Jordan Leandro Oviedo Anzola","Tiempo de lectura":"4 minutos"},"schema":{"@context":"https:\/\/schema.org","@graph":[{"@type":"Article","@id":"https:\/\/www.fiscalia.gov.co\/colombia\/noticias\/fiscal-francisco-barbosa-firma-memorando-de-entendimiento-con-el-salvador-para-fortalecer-lucha-contra-la-criminalidad-organizada-en-la-region\/#article","isPartOf":{"@id":"https:\/\/www.fiscalia.gov.co\/colombia\/noticias\/fiscal-francisco-barbosa-firma-memorando-de-entendimiento-con-el-salvador-para-fortalecer-lucha-contra-la-criminalidad-organizada-en-la-region\/"},"author":{"name":"Jordan Leandro Oviedo Anzola","@id":"https:\/\/www.fiscalia.gov.co\/colombia\/#\/schema\/person\/bf84402cf293a5393e9c70b111020b24"},"headline":"Fiscal Francisco Barbosa firma memorando de entendimiento con El Salvador para fortalecer lucha contra la criminalidad organizada en la regi\u00f3n","datePublished":"2022-08-26T21:10:28+00:00","dateModified":"2022-12-06T15:34:52+00:00","mainEntityOfPage":{"@id":"https:\/\/www.fiscalia.gov.co\/colombia\/noticias\/fiscal-francisco-barbosa-firma-memorando-de-entendimiento-con-el-salvador-para-fortalecer-lucha-contra-la-criminalidad-organizada-en-la-region\/"},"wordCount":861,"publisher":{"@id":"https:\/\/www.fiscalia.gov.co\/colombia\/#organization"},"image":{"@id":"https:\/\/www.fiscalia.gov.co\/colombia\/noticias\/fiscal-francisco-barbosa-firma-memorando-de-entendimiento-con-el-salvador-para-fortalecer-lucha-contra-la-criminalidad-organizada-en-la-region\/#primaryimage"},"thumbnailUrl":"https:\/\/www.fiscalia.gov.co\/colombia\/wp-content\/uploads\/sddefault-2.jpg","keywords":["acuerdo","El Salvador","Fiscal Barbosa","Fiscal Francisco Barbosa","Fiscalia El Salvador","Fiscal\u00eda General de la Naci\u00f3n"],"articleSection":["El Fiscal en los territorios","Fiscal General de la Naci\u00f3n","Noticias"],"inLanguage":"es-CO"},{"@type":"WebPage","@id":"https:\/\/www.fiscalia.gov.co\/colombia\/noticias\/fiscal-francisco-barbosa-firma-memorando-de-entendimiento-con-el-salvador-para-fortalecer-lucha-contra-la-criminalidad-organizada-en-la-region\/","url":"https:\/\/www.fiscalia.gov.co\/colombia\/noticias\/fiscal-francisco-barbosa-firma-memorando-de-entendimiento-con-el-salvador-para-fortalecer-lucha-contra-la-criminalidad-organizada-en-la-region\/","name":"Fiscal\u00eda General de la Naci\u00f3n","isPartOf":{"@id":"https:\/\/www.fiscalia.gov.co\/colombia\/#website"},"primaryImageOfPage":{"@id":"https:\/\/www.fiscalia.gov.co\/colombia\/noticias\/fiscal-francisco-barbosa-firma-memorando-de-entendimiento-con-el-salvador-para-fortalecer-lucha-contra-la-criminalidad-organizada-en-la-region\/#primaryimage"},"image":{"@id":"https:\/\/www.fiscalia.gov.co\/colombia\/noticias\/fiscal-francisco-barbosa-firma-memorando-de-entendimiento-con-el-salvador-para-fortalecer-lucha-contra-la-criminalidad-organizada-en-la-region\/#primaryimage"},"thumbnailUrl":"https:\/\/www.fiscalia.gov.co\/colombia\/wp-content\/uploads\/sddefault-2.jpg","datePublished":"2022-08-26T21:10:28+00:00","dateModified":"2022-12-06T15:34:52+00:00","description":"P\u00e1gina oficial de la Fiscal\u00eda General de la Naci\u00f3n \u2013 Colombia. Garantizamos el acceso efectivo a la justicia, la verdad y la reparaci\u00f3n de las v\u00edctimas de los delitos.","breadcrumb":{"@id":"https:\/\/www.fiscalia.gov.co\/colombia\/noticias\/fiscal-francisco-barbosa-firma-memorando-de-entendimiento-con-el-salvador-para-fortalecer-lucha-contra-la-criminalidad-organizada-en-la-region\/#breadcrumb"},"inLanguage":"es-CO","potentialAction":[{"@type":"ReadAction","target":["https:\/\/www.fiscalia.gov.co\/colombia\/noticias\/fiscal-francisco-barbosa-firma-memorando-de-entendimiento-con-el-salvador-para-fortalecer-lucha-contra-la-criminalidad-organizada-en-la-region\/"]}]},{"@type":"ImageObject","inLanguage":"es-CO","@id":"https:\/\/www.fiscalia.gov.co\/colombia\/noticias\/fiscal-francisco-barbosa-firma-memorando-de-entendimiento-con-el-salvador-para-fortalecer-lucha-contra-la-criminalidad-organizada-en-la-region\/#primaryimage","url":"https:\/\/www.fiscalia.gov.co\/colombia\/wp-content\/uploads\/sddefault-2.jpg","contentUrl":"https:\/\/www.fiscalia.gov.co\/colombia\/wp-content\/uploads\/sddefault-2.jpg","width":640,"height":480},{"@type":"BreadcrumbList","@id":"https:\/\/www.fiscalia.gov.co\/colombia\/noticias\/fiscal-francisco-barbosa-firma-memorando-de-entendimiento-con-el-salvador-para-fortalecer-lucha-contra-la-criminalidad-organizada-en-la-region\/#breadcrumb","itemListElement":[{"@type":"ListItem","position":1,"name":"Home","item":"https:\/\/www.fiscalia.gov.co\/colombia\/"},{"@type":"ListItem","position":2,"name":"Fiscal Francisco Barbosa firma memorando de entendimiento con El Salvador para fortalecer lucha contra la criminalidad organizada en la regi\u00f3n"}]},{"@type":"WebSite","@id":"https:\/\/www.fiscalia.gov.co\/colombia\/#website","url":"https:\/\/www.fiscalia.gov.co\/colombia\/","name":"Fiscal\u00eda General de la Naci\u00f3n","description":"P\u00e1gina oficial de la Fiscal\u00eda General de la Naci\u00f3n \u2013 Colombia. Garantizamos el acceso efectivo a la justicia, la verdad y la reparaci\u00f3n de las v\u00edctimas de los delitos.","publisher":{"@id":"https:\/\/www.fiscalia.gov.co\/colombia\/#organization"},"potentialAction":[{"@type":"SearchAction","target":{"@type":"EntryPoint","urlTemplate":"https:\/\/www.fiscalia.gov.co\/colombia\/?s={search_term_string}"},"query-input":{"@type":"PropertyValueSpecification","valueRequired":true,"valueName":"search_term_string"}}],"inLanguage":"es-CO"},{"@type":"Organization","@id":"https:\/\/www.fiscalia.gov.co\/colombia\/#organization","name":"Fiscal\u00eda General de la Naci\u00f3n","url":"https:\/\/www.fiscalia.gov.co\/colombia\/","logo":{"@type":"ImageObject","inLanguage":"es-CO","@id":"https:\/\/www.fiscalia.gov.co\/colombia\/#\/schema\/logo\/image\/","url":"https:\/\/www.fiscalia.gov.co\/colombia\/wp-content\/uploads\/LogoHorizontal_1.jpg","contentUrl":"https:\/\/www.fiscalia.gov.co\/colombia\/wp-content\/uploads\/LogoHorizontal_1.jpg","width":300,"height":90,"caption":"Fiscal\u00eda General de la Naci\u00f3n"},"image":{"@id":"https:\/\/www.fiscalia.gov.co\/colombia\/#\/schema\/logo\/image\/"},"sameAs":["https:\/\/www.facebook.com\/FiscaliaCol","https:\/\/x.com\/FiscaliaCol","https:\/\/www.instagram.com\/fiscaliacol","https:\/\/www.linkedin.com\/company\/fiscalia-general-de-la-naci-n\/","https:\/\/youtube.com\/@fiscaliageneraldelanacion-4668?si=6nN79nyQICPU5iTh"]},{"@type":"Person","@id":"https:\/\/www.fiscalia.gov.co\/colombia\/#\/schema\/person\/bf84402cf293a5393e9c70b111020b24","name":"Jordan Leandro Oviedo Anzola","image":{"@type":"ImageObject","inLanguage":"es-CO","@id":"https:\/\/www.fiscalia.gov.co\/colombia\/#\/schema\/person\/image\/","url":"https:\/\/secure.gravatar.com\/avatar\/dabba4346fa9b9207d96adafa8f92721?s=96&d=mm&r=g","contentUrl":"https:\/\/secure.gravatar.com\/avatar\/dabba4346fa9b9207d96adafa8f92721?s=96&d=mm&r=g","caption":"Jordan Leandro Oviedo Anzola"},"url":"https:\/\/www.fiscalia.gov.co\/colombia\/author\/joviedo\/"}]}},"_links":{"self":[{"href":"https:\/\/www.fiscalia.gov.co\/colombia\/wp-json\/wp\/v2\/posts\/255661","targetHints":{"allow":["GET"]}}],"collection":[{"href":"https:\/\/www.fiscalia.gov.co\/colombia\/wp-json\/wp\/v2\/posts"}],"about":[{"href":"https:\/\/www.fiscalia.gov.co\/colombia\/wp-json\/wp\/v2\/types\/post"}],"author":[{"embeddable":true,"href":"https:\/\/www.fiscalia.gov.co\/colombia\/wp-json\/wp\/v2\/users\/177"}],"replies":[{"embeddable":true,"href":"https:\/\/www.fiscalia.gov.co\/colombia\/wp-json\/wp\/v2\/comments?post=255661"}],"version-history":[{"count":4,"href":"https:\/\/www.fiscalia.gov.co\/colombia\/wp-json\/wp\/v2\/posts\/255661\/revisions"}],"predecessor-version":[{"id":262341,"href":"https:\/\/www.fiscalia.gov.co\/colombia\/wp-json\/wp\/v2\/posts\/255661\/revisions\/262341"}],"wp:featuredmedia":[{"embeddable":true,"href":"https:\/\/www.fiscalia.gov.co\/colombia\/wp-json\/wp\/v2\/media\/255666"}],"wp:attachment":[{"href":"https:\/\/www.fiscalia.gov.co\/colombia\/wp-json\/wp\/v2\/media?parent=255661"}],"wp:term":[{"taxonomy":"category","embeddable":true,"href":"https:\/\/www.fiscalia.gov.co\/colombia\/wp-json\/wp\/v2\/categories?post=255661"},{"taxonomy":"post_tag","embeddable":true,"href":"https:\/\/www.fiscalia.gov.co\/colombia\/wp-json\/wp\/v2\/tags?post=255661"}],"curies":[{"name":"wp","href":"https:\/\/api.w.org\/{rel}","templated":true}]}}