{"id":255607,"date":"2022-08-26T11:09:39","date_gmt":"2022-08-26T16:09:39","guid":{"rendered":"https:\/\/www.fiscalia.gov.co\/colombia\/?p=255607"},"modified":"2022-08-26T11:09:39","modified_gmt":"2022-08-26T16:09:39","slug":"privados-de-la-libertad-5-presuntos-integrantes-de-una-banda-comprometida-en-asaltos-a-casas-y-apartamentos","status":"publish","type":"post","link":"https:\/\/www.fiscalia.gov.co\/colombia\/noticias\/privados-de-la-libertad-5-presuntos-integrantes-de-una-banda-comprometida-en-asaltos-a-casas-y-apartamentos\/","title":{"rendered":"Privados de la libertad 5 presuntos integrantes de una banda comprometida en asaltos a casas y apartamentos"},"content":{"rendered":"<h4><strong><em>Las pertenencias hurtadas en los\u00a0 inmuebles fueron avaluadas en $900 millones.<\/em><\/strong><\/h4>\n<p>Ante las evidencias y el material probatorio presentado por un fiscal de la Estructura de Apoyo durante las audiencias concentradas, un juez penal de Cali dict\u00f3 medida de aseguramiento contra 5 presuntos integrantes de la banda \u2018HR\u2019 en establecimiento carcelario.<\/p>\n<figure id=\"attachment_255608\" aria-describedby=\"caption-attachment-255608\" style=\"width: 696px\" class=\"wp-caption aligncenter\"><img loading=\"lazy\" decoding=\"async\" class=\"size-large wp-image-255608\" src=\"https:\/\/www.fiscalia.gov.co\/colombia\/wp-content\/uploads\/Fiscal-Barbosa-La-Fiscalia-logro-asociar-10-eventos-de-hurtos-efectuados-al-parecer-por-esta-estructura-delincuencial-municipios-del-Valle-y-Cauca.--1024x605.jpg\" alt=\"\" width=\"696\" height=\"411\" srcset=\"https:\/\/www.fiscalia.gov.co\/colombia\/wp-content\/uploads\/Fiscal-Barbosa-La-Fiscalia-logro-asociar-10-eventos-de-hurtos-efectuados-al-parecer-por-esta-estructura-delincuencial-municipios-del-Valle-y-Cauca.--1024x605.jpg 1024w, https:\/\/www.fiscalia.gov.co\/colombia\/wp-content\/uploads\/Fiscal-Barbosa-La-Fiscalia-logro-asociar-10-eventos-de-hurtos-efectuados-al-parecer-por-esta-estructura-delincuencial-municipios-del-Valle-y-Cauca.--300x177.jpg 300w, https:\/\/www.fiscalia.gov.co\/colombia\/wp-content\/uploads\/Fiscal-Barbosa-La-Fiscalia-logro-asociar-10-eventos-de-hurtos-efectuados-al-parecer-por-esta-estructura-delincuencial-municipios-del-Valle-y-Cauca.--768x454.jpg 768w, https:\/\/www.fiscalia.gov.co\/colombia\/wp-content\/uploads\/Fiscal-Barbosa-La-Fiscalia-logro-asociar-10-eventos-de-hurtos-efectuados-al-parecer-por-esta-estructura-delincuencial-municipios-del-Valle-y-Cauca.--696x411.jpg 696w, https:\/\/www.fiscalia.gov.co\/colombia\/wp-content\/uploads\/Fiscal-Barbosa-La-Fiscalia-logro-asociar-10-eventos-de-hurtos-efectuados-al-parecer-por-esta-estructura-delincuencial-municipios-del-Valle-y-Cauca.--1068x631.jpg 1068w, https:\/\/www.fiscalia.gov.co\/colombia\/wp-content\/uploads\/Fiscal-Barbosa-La-Fiscalia-logro-asociar-10-eventos-de-hurtos-efectuados-al-parecer-por-esta-estructura-delincuencial-municipios-del-Valle-y-Cauca.--711x420.jpg 711w, https:\/\/www.fiscalia.gov.co\/colombia\/wp-content\/uploads\/Fiscal-Barbosa-La-Fiscalia-logro-asociar-10-eventos-de-hurtos-efectuados-al-parecer-por-esta-estructura-delincuencial-municipios-del-Valle-y-Cauca.-.jpg 1280w\" sizes=\"auto, (max-width: 696px) 100vw, 696px\" \/><figcaption id=\"caption-attachment-255608\" class=\"wp-caption-text\">La Fiscal\u00eda logr\u00f3 asociar 10 eventos de hurtos\u00a0 efectuados\u00a0 al parecer por esta estructura delincuencial municipios del Valle y Cauca.<\/figcaption><\/figure>\n<p>Armando Rodr\u00edguez Collazos, Jhon Brandon Valencia Ospina, Jos\u00e9 Libardo Pantoja Portillo, Alexander Camacho Espinosa y Joan Alejandro Meneses Place fueron imputados con cargos como presuntos autores de los delitos de concierto para delinquir agravado y\u00a0<a href=\"https:\/\/www.fiscalia.gov.co\/colombia\/noticias\/fiscalia-desmantelo-la-banda-crimina-los-del-alto-dedicada-al-homicidio-el-hurto-calificado-y-suplantacion-de-autoridad-y-judicializo-a-10-de-sus-presuntos-integrantes\/\" data-saferedirecturl=\"https:\/\/www.google.com\/url?q=https:\/\/www.fiscalia.gov.co\/colombia\/noticias\/fiscalia-desmantelo-la-banda-crimina-los-del-alto-dedicada-al-homicidio-el-hurto-calificado-y-suplantacion-de-autoridad-y-judicializo-a-10-de-sus-presuntos-integrantes\/&amp;source=gmail&amp;ust=1661616037468000&amp;usg=AOvVaw1RgZu1GAhkRC4ZhGKn0ax3\">hurto calificado<\/a>\u00a0y agravado.<\/p>\n<p>Seg\u00fan la investigaci\u00f3n, la estructura criminal estaba dedicada al hurto de residencias bajo la modalidad de atraco, delinquiendo en Dapa, corregimiento del municipio de Yumbo, Buga (Valle), en Santander de Quilichao (Cauca) y en Cali, en los barrios Juanamb\u00fa y Miraflores.<\/p>\n<p>De acuerdo con el proceso, cuando los propietarios llegaban a sus viviendas y apartamentos eran abordados, retenidos y at\u00e1dos con cuerdas, luego con amon\u00edaco dorm\u00edan a sus mascotas y proced\u00edan a saquear los inmuebles apoder\u00e1ndose de sus pertenencias.<\/p>\n<p>La Fiscal\u00eda logr\u00f3 asociar diez eventos de hurtos cometidos por esta banda y los\u00a0 elementos hurtados fueron avaluados en $900 millones.<\/p>\n<p>Los 5 asegurados fueron capturados por agentes de la SIJIN de la Polic\u00eda Metropolitana durante dos diligencias de registro y allanamiento a sus viviendas. Durante los operativos fueron incautados 3 tel\u00e9fonos celulares, 2 tablets, un veh\u00edculo taxi y una motocicleta.<\/p>\n<p>Durante la imputaci\u00f3n, los presuntos miembros de la banda \u2018HR\u2019 no aceptaron los cargos.<\/p>\n<p><strong>La Fiscal\u00eda habla con resultados.\u00a0<\/strong><\/p>\n<p>Le puede interesar:\u00a0<a href=\"https:\/\/www.fiscalia.gov.co\/colombia\/noticias\/asegurados-seis-presuntos-miembros-de-una-banda-dedicada-al-hurto-calificado-y-receptacion\/\" data-saferedirecturl=\"https:\/\/www.google.com\/url?q=https:\/\/www.fiscalia.gov.co\/colombia\/noticias\/asegurados-seis-presuntos-miembros-de-una-banda-dedicada-al-hurto-calificado-y-receptacion\/&amp;source=gmail&amp;ust=1661616037468000&amp;usg=AOvVaw3YZfEJ57W9J-tUs1BQZ0E6\">Asegurados seis presuntos miembros de una banda\u00a0dedicada al hurto calificado y receptaci\u00f3n<\/a><\/p>\n<p>&nbsp;<\/p>\n<p>&nbsp;<\/p>\n<p>&nbsp;<\/p>\n<p>JGP\/CFG\/SEG\/DSC<\/p>\n<p>&nbsp;<\/p>\n<p>&nbsp;<\/p>\n<p>&nbsp;<\/p>\n<p><em>La informaci\u00f3n contenida en este bolet\u00edn de prensa corresponde a la narraci\u00f3n de los hechos noticiosos objetivos, suministrados por los funcionarios encargados de adelantar las investigaciones penales al interior de la Fiscal\u00eda General de la Naci\u00f3n. Para el momento de la divulgaci\u00f3n de este comunicado, la situaci\u00f3n jur\u00eddica de la(s) persona(s) relacionada(s) se encuentra pendiente de resolver por la autoridad judicial competente, siempre bajo los preceptos de la presunci\u00f3n de inocencia, consagrados en el art\u00edculo 29 de la Constituci\u00f3n Pol\u00edtica y el art\u00edculo 7\u00ba de la Ley 906 de 2004.<\/em><\/p>\n\n<div class=\"twitter-share\"><a href=\"https:\/\/twitter.com\/intent\/tweet?via=fiscaliacol\" class=\"twitter-share-button\">Tweet<\/a><\/div>\n","protected":false},"excerpt":{"rendered":"<p>Las pertenencias hurtadas en los\u00a0 inmuebles fueron avaluadas en $900 millones. Ante las evidencias y el material probatorio presentado por un fiscal de la Estructura de Apoyo durante las audiencias concentradas, un juez penal de Cali dict\u00f3 medida de aseguramiento contra 5 presuntos integrantes de la banda \u2018HR\u2019 en establecimiento carcelario. Armando Rodr\u00edguez Collazos, Jhon [&hellip;]<\/p>\n","protected":false},"author":177,"featured_media":0,"comment_status":"closed","ping_status":"open","sticky":false,"template":"","format":"standard","meta":{"tdm_status":"","tdm_grid_status":"","footnotes":""},"categories":[1,324,303,24099],"tags":[30077,24526,24481,1047,2408,17968],"class_list":{"0":"post-255607","1":"post","2":"type-post","3":"status-publish","4":"format-standard","6":"category-noticias","7":"category-seccional-cali","8":"category-seccionales","9":"category-seguridad-territorial","10":"tag-cali-valle-del-cauca","11":"tag-fiscal-general-francisco-barbosa-delgado","12":"tag-fiscalia-de-colombia","13":"tag-fiscalia-general-de-la-nacion","14":"tag-hurto-calificado","15":"tag-joyas"},"yoast_head":"<!-- This site is optimized with the Yoast SEO plugin v24.3 - https:\/\/yoast.com\/wordpress\/plugins\/seo\/ -->\n<title>Fiscal\u00eda General de la Naci\u00f3n<\/title>\n<meta name=\"description\" content=\"P\u00e1gina oficial de la Fiscal\u00eda General de la Naci\u00f3n \u2013 Colombia. Garantizamos el acceso efectivo a la justicia, la verdad y la reparaci\u00f3n de las v\u00edctimas de los delitos.\" \/>\n<meta name=\"robots\" content=\"noindex, follow\" \/>\n<meta property=\"og:locale\" content=\"es_ES\" \/>\n<meta property=\"og:type\" content=\"article\" \/>\n<meta property=\"og:title\" content=\"Fiscal\u00eda General de la Naci\u00f3n\" \/>\n<meta property=\"og:description\" content=\"P\u00e1gina oficial de la Fiscal\u00eda General de la Naci\u00f3n \u2013 Colombia. Garantizamos el acceso efectivo a la justicia, la verdad y la reparaci\u00f3n de las v\u00edctimas de los delitos.\" \/>\n<meta property=\"og:url\" content=\"https:\/\/www.fiscalia.gov.co\/colombia\/noticias\/privados-de-la-libertad-5-presuntos-integrantes-de-una-banda-comprometida-en-asaltos-a-casas-y-apartamentos\/\" \/>\n<meta property=\"og:site_name\" content=\"Fiscal\u00eda General de la Naci\u00f3n\" \/>\n<meta property=\"article:publisher\" content=\"https:\/\/www.facebook.com\/FiscaliaCol\" \/>\n<meta property=\"article:published_time\" content=\"2022-08-26T16:09:39+00:00\" \/>\n<meta property=\"og:image\" content=\"https:\/\/www.fiscalia.gov.co\/colombia\/wp-content\/uploads\/Fiscal-Barbosa-La-Fiscalia-logro-asociar-10-eventos-de-hurtos-efectuados-al-parecer-por-esta-estructura-delincuencial-municipios-del-Valle-y-Cauca.--1024x605.jpg\" \/>\n<meta name=\"author\" content=\"Jordan Leandro Oviedo Anzola\" \/>\n<meta name=\"twitter:card\" content=\"summary_large_image\" \/>\n<meta name=\"twitter:creator\" content=\"@FiscaliaCol\" \/>\n<meta name=\"twitter:site\" content=\"@FiscaliaCol\" \/>\n<meta name=\"twitter:label1\" content=\"Escrito por\" \/>\n\t<meta name=\"twitter:data1\" content=\"Jordan Leandro Oviedo Anzola\" \/>\n\t<meta name=\"twitter:label2\" content=\"Tiempo de lectura\" \/>\n\t<meta name=\"twitter:data2\" content=\"2 minutos\" \/>\n<script type=\"application\/ld+json\" class=\"yoast-schema-graph\">{\"@context\":\"https:\/\/schema.org\",\"@graph\":[{\"@type\":\"Article\",\"@id\":\"https:\/\/www.fiscalia.gov.co\/colombia\/noticias\/privados-de-la-libertad-5-presuntos-integrantes-de-una-banda-comprometida-en-asaltos-a-casas-y-apartamentos\/#article\",\"isPartOf\":{\"@id\":\"https:\/\/www.fiscalia.gov.co\/colombia\/noticias\/privados-de-la-libertad-5-presuntos-integrantes-de-una-banda-comprometida-en-asaltos-a-casas-y-apartamentos\/\"},\"author\":{\"name\":\"Jordan Leandro Oviedo Anzola\",\"@id\":\"https:\/\/www.fiscalia.gov.co\/colombia\/#\/schema\/person\/bf84402cf293a5393e9c70b111020b24\"},\"headline\":\"Privados de la libertad 5 presuntos integrantes de una banda comprometida en asaltos a casas y apartamentos\",\"datePublished\":\"2022-08-26T16:09:39+00:00\",\"dateModified\":\"2022-08-26T16:09:39+00:00\",\"mainEntityOfPage\":{\"@id\":\"https:\/\/www.fiscalia.gov.co\/colombia\/noticias\/privados-de-la-libertad-5-presuntos-integrantes-de-una-banda-comprometida-en-asaltos-a-casas-y-apartamentos\/\"},\"wordCount\":429,\"publisher\":{\"@id\":\"https:\/\/www.fiscalia.gov.co\/colombia\/#organization\"},\"image\":{\"@id\":\"https:\/\/www.fiscalia.gov.co\/colombia\/noticias\/privados-de-la-libertad-5-presuntos-integrantes-de-una-banda-comprometida-en-asaltos-a-casas-y-apartamentos\/#primaryimage\"},\"thumbnailUrl\":\"https:\/\/www.fiscalia.gov.co\/colombia\/wp-content\/uploads\/Fiscal-Barbosa-La-Fiscalia-logro-asociar-10-eventos-de-hurtos-efectuados-al-parecer-por-esta-estructura-delincuencial-municipios-del-Valle-y-Cauca.--1024x605.jpg\",\"keywords\":[\"Cali (Valle del Cauca)\",\"Fiscal General Francisco Barbosa Delgado\",\"Fiscal\u00eda de Colombia\",\"Fiscal\u00eda General de la Naci\u00f3n\",\"Hurto calificado\",\"Joyas\"],\"articleSection\":[\"Noticias\",\"Seccional Cali\",\"Seccionales\",\"Seguridad territorial\"],\"inLanguage\":\"es-CO\"},{\"@type\":\"WebPage\",\"@id\":\"https:\/\/www.fiscalia.gov.co\/colombia\/noticias\/privados-de-la-libertad-5-presuntos-integrantes-de-una-banda-comprometida-en-asaltos-a-casas-y-apartamentos\/\",\"url\":\"https:\/\/www.fiscalia.gov.co\/colombia\/noticias\/privados-de-la-libertad-5-presuntos-integrantes-de-una-banda-comprometida-en-asaltos-a-casas-y-apartamentos\/\",\"name\":\"Fiscal\u00eda General de la Naci\u00f3n\",\"isPartOf\":{\"@id\":\"https:\/\/www.fiscalia.gov.co\/colombia\/#website\"},\"primaryImageOfPage\":{\"@id\":\"https:\/\/www.fiscalia.gov.co\/colombia\/noticias\/privados-de-la-libertad-5-presuntos-integrantes-de-una-banda-comprometida-en-asaltos-a-casas-y-apartamentos\/#primaryimage\"},\"image\":{\"@id\":\"https:\/\/www.fiscalia.gov.co\/colombia\/noticias\/privados-de-la-libertad-5-presuntos-integrantes-de-una-banda-comprometida-en-asaltos-a-casas-y-apartamentos\/#primaryimage\"},\"thumbnailUrl\":\"https:\/\/www.fiscalia.gov.co\/colombia\/wp-content\/uploads\/Fiscal-Barbosa-La-Fiscalia-logro-asociar-10-eventos-de-hurtos-efectuados-al-parecer-por-esta-estructura-delincuencial-municipios-del-Valle-y-Cauca.--1024x605.jpg\",\"datePublished\":\"2022-08-26T16:09:39+00:00\",\"dateModified\":\"2022-08-26T16:09:39+00:00\",\"description\":\"P\u00e1gina oficial de la Fiscal\u00eda General de la Naci\u00f3n \u2013 Colombia. Garantizamos el acceso efectivo a la justicia, la verdad y la reparaci\u00f3n de las v\u00edctimas de los delitos.\",\"breadcrumb\":{\"@id\":\"https:\/\/www.fiscalia.gov.co\/colombia\/noticias\/privados-de-la-libertad-5-presuntos-integrantes-de-una-banda-comprometida-en-asaltos-a-casas-y-apartamentos\/#breadcrumb\"},\"inLanguage\":\"es-CO\",\"potentialAction\":[{\"@type\":\"ReadAction\",\"target\":[\"https:\/\/www.fiscalia.gov.co\/colombia\/noticias\/privados-de-la-libertad-5-presuntos-integrantes-de-una-banda-comprometida-en-asaltos-a-casas-y-apartamentos\/\"]}]},{\"@type\":\"ImageObject\",\"inLanguage\":\"es-CO\",\"@id\":\"https:\/\/www.fiscalia.gov.co\/colombia\/noticias\/privados-de-la-libertad-5-presuntos-integrantes-de-una-banda-comprometida-en-asaltos-a-casas-y-apartamentos\/#primaryimage\",\"url\":\"https:\/\/www.fiscalia.gov.co\/colombia\/wp-content\/uploads\/Fiscal-Barbosa-La-Fiscalia-logro-asociar-10-eventos-de-hurtos-efectuados-al-parecer-por-esta-estructura-delincuencial-municipios-del-Valle-y-Cauca.-.jpg\",\"contentUrl\":\"https:\/\/www.fiscalia.gov.co\/colombia\/wp-content\/uploads\/Fiscal-Barbosa-La-Fiscalia-logro-asociar-10-eventos-de-hurtos-efectuados-al-parecer-por-esta-estructura-delincuencial-municipios-del-Valle-y-Cauca.-.jpg\",\"width\":1280,\"height\":756,\"caption\":\"La Fiscal\u00eda logr\u00f3 asociar 10 eventos de hurtos\u00a0 efectuados\u00a0 al parecer por esta estructura delincuencial municipios del Valle y Cauca.\u00a0\"},{\"@type\":\"BreadcrumbList\",\"@id\":\"https:\/\/www.fiscalia.gov.co\/colombia\/noticias\/privados-de-la-libertad-5-presuntos-integrantes-de-una-banda-comprometida-en-asaltos-a-casas-y-apartamentos\/#breadcrumb\",\"itemListElement\":[{\"@type\":\"ListItem\",\"position\":1,\"name\":\"Home\",\"item\":\"https:\/\/www.fiscalia.gov.co\/colombia\/\"},{\"@type\":\"ListItem\",\"position\":2,\"name\":\"Privados de la libertad 5 presuntos integrantes de una banda comprometida en asaltos a casas y apartamentos\"}]},{\"@type\":\"WebSite\",\"@id\":\"https:\/\/www.fiscalia.gov.co\/colombia\/#website\",\"url\":\"https:\/\/www.fiscalia.gov.co\/colombia\/\",\"name\":\"Fiscal\u00eda General de la Naci\u00f3n\",\"description\":\"P\u00e1gina oficial de la Fiscal\u00eda General de la Naci\u00f3n \u2013 Colombia. Garantizamos el acceso efectivo a la justicia, la verdad y la reparaci\u00f3n de las v\u00edctimas de los delitos.\",\"publisher\":{\"@id\":\"https:\/\/www.fiscalia.gov.co\/colombia\/#organization\"},\"potentialAction\":[{\"@type\":\"SearchAction\",\"target\":{\"@type\":\"EntryPoint\",\"urlTemplate\":\"https:\/\/www.fiscalia.gov.co\/colombia\/?s={search_term_string}\"},\"query-input\":{\"@type\":\"PropertyValueSpecification\",\"valueRequired\":true,\"valueName\":\"search_term_string\"}}],\"inLanguage\":\"es-CO\"},{\"@type\":\"Organization\",\"@id\":\"https:\/\/www.fiscalia.gov.co\/colombia\/#organization\",\"name\":\"Fiscal\u00eda General de la Naci\u00f3n\",\"url\":\"https:\/\/www.fiscalia.gov.co\/colombia\/\",\"logo\":{\"@type\":\"ImageObject\",\"inLanguage\":\"es-CO\",\"@id\":\"https:\/\/www.fiscalia.gov.co\/colombia\/#\/schema\/logo\/image\/\",\"url\":\"https:\/\/www.fiscalia.gov.co\/colombia\/wp-content\/uploads\/LogoHorizontal_1.jpg\",\"contentUrl\":\"https:\/\/www.fiscalia.gov.co\/colombia\/wp-content\/uploads\/LogoHorizontal_1.jpg\",\"width\":300,\"height\":90,\"caption\":\"Fiscal\u00eda General de la Naci\u00f3n\"},\"image\":{\"@id\":\"https:\/\/www.fiscalia.gov.co\/colombia\/#\/schema\/logo\/image\/\"},\"sameAs\":[\"https:\/\/www.facebook.com\/FiscaliaCol\",\"https:\/\/x.com\/FiscaliaCol\",\"https:\/\/www.instagram.com\/fiscaliacol\",\"https:\/\/www.linkedin.com\/company\/fiscalia-general-de-la-naci-n\/\",\"https:\/\/youtube.com\/@fiscaliageneraldelanacion-4668?si=6nN79nyQICPU5iTh\"]},{\"@type\":\"Person\",\"@id\":\"https:\/\/www.fiscalia.gov.co\/colombia\/#\/schema\/person\/bf84402cf293a5393e9c70b111020b24\",\"name\":\"Jordan Leandro Oviedo Anzola\",\"image\":{\"@type\":\"ImageObject\",\"inLanguage\":\"es-CO\",\"@id\":\"https:\/\/www.fiscalia.gov.co\/colombia\/#\/schema\/person\/image\/\",\"url\":\"https:\/\/secure.gravatar.com\/avatar\/dabba4346fa9b9207d96adafa8f92721?s=96&d=mm&r=g\",\"contentUrl\":\"https:\/\/secure.gravatar.com\/avatar\/dabba4346fa9b9207d96adafa8f92721?s=96&d=mm&r=g\",\"caption\":\"Jordan Leandro Oviedo Anzola\"},\"url\":\"https:\/\/www.fiscalia.gov.co\/colombia\/author\/joviedo\/\"}]}<\/script>\n<!-- \/ Yoast SEO plugin. -->","yoast_head_json":{"title":"Fiscal\u00eda General de la Naci\u00f3n","description":"P\u00e1gina oficial de la Fiscal\u00eda General de la Naci\u00f3n \u2013 Colombia. Garantizamos el acceso efectivo a la justicia, la verdad y la reparaci\u00f3n de las v\u00edctimas de los delitos.","robots":{"index":"noindex","follow":"follow"},"og_locale":"es_ES","og_type":"article","og_title":"Fiscal\u00eda General de la Naci\u00f3n","og_description":"P\u00e1gina oficial de la Fiscal\u00eda General de la Naci\u00f3n \u2013 Colombia. Garantizamos el acceso efectivo a la justicia, la verdad y la reparaci\u00f3n de las v\u00edctimas de los delitos.","og_url":"https:\/\/www.fiscalia.gov.co\/colombia\/noticias\/privados-de-la-libertad-5-presuntos-integrantes-de-una-banda-comprometida-en-asaltos-a-casas-y-apartamentos\/","og_site_name":"Fiscal\u00eda General de la Naci\u00f3n","article_publisher":"https:\/\/www.facebook.com\/FiscaliaCol","article_published_time":"2022-08-26T16:09:39+00:00","og_image":[{"url":"https:\/\/www.fiscalia.gov.co\/colombia\/wp-content\/uploads\/Fiscal-Barbosa-La-Fiscalia-logro-asociar-10-eventos-de-hurtos-efectuados-al-parecer-por-esta-estructura-delincuencial-municipios-del-Valle-y-Cauca.--1024x605.jpg","type":"","width":"","height":""}],"author":"Jordan Leandro Oviedo Anzola","twitter_card":"summary_large_image","twitter_creator":"@FiscaliaCol","twitter_site":"@FiscaliaCol","twitter_misc":{"Escrito por":"Jordan Leandro Oviedo Anzola","Tiempo de lectura":"2 minutos"},"schema":{"@context":"https:\/\/schema.org","@graph":[{"@type":"Article","@id":"https:\/\/www.fiscalia.gov.co\/colombia\/noticias\/privados-de-la-libertad-5-presuntos-integrantes-de-una-banda-comprometida-en-asaltos-a-casas-y-apartamentos\/#article","isPartOf":{"@id":"https:\/\/www.fiscalia.gov.co\/colombia\/noticias\/privados-de-la-libertad-5-presuntos-integrantes-de-una-banda-comprometida-en-asaltos-a-casas-y-apartamentos\/"},"author":{"name":"Jordan Leandro Oviedo Anzola","@id":"https:\/\/www.fiscalia.gov.co\/colombia\/#\/schema\/person\/bf84402cf293a5393e9c70b111020b24"},"headline":"Privados de la libertad 5 presuntos integrantes de una banda comprometida en asaltos a casas y apartamentos","datePublished":"2022-08-26T16:09:39+00:00","dateModified":"2022-08-26T16:09:39+00:00","mainEntityOfPage":{"@id":"https:\/\/www.fiscalia.gov.co\/colombia\/noticias\/privados-de-la-libertad-5-presuntos-integrantes-de-una-banda-comprometida-en-asaltos-a-casas-y-apartamentos\/"},"wordCount":429,"publisher":{"@id":"https:\/\/www.fiscalia.gov.co\/colombia\/#organization"},"image":{"@id":"https:\/\/www.fiscalia.gov.co\/colombia\/noticias\/privados-de-la-libertad-5-presuntos-integrantes-de-una-banda-comprometida-en-asaltos-a-casas-y-apartamentos\/#primaryimage"},"thumbnailUrl":"https:\/\/www.fiscalia.gov.co\/colombia\/wp-content\/uploads\/Fiscal-Barbosa-La-Fiscalia-logro-asociar-10-eventos-de-hurtos-efectuados-al-parecer-por-esta-estructura-delincuencial-municipios-del-Valle-y-Cauca.--1024x605.jpg","keywords":["Cali (Valle del Cauca)","Fiscal General Francisco Barbosa Delgado","Fiscal\u00eda de Colombia","Fiscal\u00eda General de la Naci\u00f3n","Hurto calificado","Joyas"],"articleSection":["Noticias","Seccional Cali","Seccionales","Seguridad territorial"],"inLanguage":"es-CO"},{"@type":"WebPage","@id":"https:\/\/www.fiscalia.gov.co\/colombia\/noticias\/privados-de-la-libertad-5-presuntos-integrantes-de-una-banda-comprometida-en-asaltos-a-casas-y-apartamentos\/","url":"https:\/\/www.fiscalia.gov.co\/colombia\/noticias\/privados-de-la-libertad-5-presuntos-integrantes-de-una-banda-comprometida-en-asaltos-a-casas-y-apartamentos\/","name":"Fiscal\u00eda General de la Naci\u00f3n","isPartOf":{"@id":"https:\/\/www.fiscalia.gov.co\/colombia\/#website"},"primaryImageOfPage":{"@id":"https:\/\/www.fiscalia.gov.co\/colombia\/noticias\/privados-de-la-libertad-5-presuntos-integrantes-de-una-banda-comprometida-en-asaltos-a-casas-y-apartamentos\/#primaryimage"},"image":{"@id":"https:\/\/www.fiscalia.gov.co\/colombia\/noticias\/privados-de-la-libertad-5-presuntos-integrantes-de-una-banda-comprometida-en-asaltos-a-casas-y-apartamentos\/#primaryimage"},"thumbnailUrl":"https:\/\/www.fiscalia.gov.co\/colombia\/wp-content\/uploads\/Fiscal-Barbosa-La-Fiscalia-logro-asociar-10-eventos-de-hurtos-efectuados-al-parecer-por-esta-estructura-delincuencial-municipios-del-Valle-y-Cauca.--1024x605.jpg","datePublished":"2022-08-26T16:09:39+00:00","dateModified":"2022-08-26T16:09:39+00:00","description":"P\u00e1gina oficial de la Fiscal\u00eda General de la Naci\u00f3n \u2013 Colombia. Garantizamos el acceso efectivo a la justicia, la verdad y la reparaci\u00f3n de las v\u00edctimas de los delitos.","breadcrumb":{"@id":"https:\/\/www.fiscalia.gov.co\/colombia\/noticias\/privados-de-la-libertad-5-presuntos-integrantes-de-una-banda-comprometida-en-asaltos-a-casas-y-apartamentos\/#breadcrumb"},"inLanguage":"es-CO","potentialAction":[{"@type":"ReadAction","target":["https:\/\/www.fiscalia.gov.co\/colombia\/noticias\/privados-de-la-libertad-5-presuntos-integrantes-de-una-banda-comprometida-en-asaltos-a-casas-y-apartamentos\/"]}]},{"@type":"ImageObject","inLanguage":"es-CO","@id":"https:\/\/www.fiscalia.gov.co\/colombia\/noticias\/privados-de-la-libertad-5-presuntos-integrantes-de-una-banda-comprometida-en-asaltos-a-casas-y-apartamentos\/#primaryimage","url":"https:\/\/www.fiscalia.gov.co\/colombia\/wp-content\/uploads\/Fiscal-Barbosa-La-Fiscalia-logro-asociar-10-eventos-de-hurtos-efectuados-al-parecer-por-esta-estructura-delincuencial-municipios-del-Valle-y-Cauca.-.jpg","contentUrl":"https:\/\/www.fiscalia.gov.co\/colombia\/wp-content\/uploads\/Fiscal-Barbosa-La-Fiscalia-logro-asociar-10-eventos-de-hurtos-efectuados-al-parecer-por-esta-estructura-delincuencial-municipios-del-Valle-y-Cauca.-.jpg","width":1280,"height":756,"caption":"La Fiscal\u00eda logr\u00f3 asociar 10 eventos de hurtos\u00a0 efectuados\u00a0 al parecer por esta estructura delincuencial municipios del Valle y Cauca.\u00a0"},{"@type":"BreadcrumbList","@id":"https:\/\/www.fiscalia.gov.co\/colombia\/noticias\/privados-de-la-libertad-5-presuntos-integrantes-de-una-banda-comprometida-en-asaltos-a-casas-y-apartamentos\/#breadcrumb","itemListElement":[{"@type":"ListItem","position":1,"name":"Home","item":"https:\/\/www.fiscalia.gov.co\/colombia\/"},{"@type":"ListItem","position":2,"name":"Privados de la libertad 5 presuntos integrantes de una banda comprometida en asaltos a casas y apartamentos"}]},{"@type":"WebSite","@id":"https:\/\/www.fiscalia.gov.co\/colombia\/#website","url":"https:\/\/www.fiscalia.gov.co\/colombia\/","name":"Fiscal\u00eda General de la Naci\u00f3n","description":"P\u00e1gina oficial de la Fiscal\u00eda General de la Naci\u00f3n \u2013 Colombia. Garantizamos el acceso efectivo a la justicia, la verdad y la reparaci\u00f3n de las v\u00edctimas de los delitos.","publisher":{"@id":"https:\/\/www.fiscalia.gov.co\/colombia\/#organization"},"potentialAction":[{"@type":"SearchAction","target":{"@type":"EntryPoint","urlTemplate":"https:\/\/www.fiscalia.gov.co\/colombia\/?s={search_term_string}"},"query-input":{"@type":"PropertyValueSpecification","valueRequired":true,"valueName":"search_term_string"}}],"inLanguage":"es-CO"},{"@type":"Organization","@id":"https:\/\/www.fiscalia.gov.co\/colombia\/#organization","name":"Fiscal\u00eda General de la Naci\u00f3n","url":"https:\/\/www.fiscalia.gov.co\/colombia\/","logo":{"@type":"ImageObject","inLanguage":"es-CO","@id":"https:\/\/www.fiscalia.gov.co\/colombia\/#\/schema\/logo\/image\/","url":"https:\/\/www.fiscalia.gov.co\/colombia\/wp-content\/uploads\/LogoHorizontal_1.jpg","contentUrl":"https:\/\/www.fiscalia.gov.co\/colombia\/wp-content\/uploads\/LogoHorizontal_1.jpg","width":300,"height":90,"caption":"Fiscal\u00eda General de la Naci\u00f3n"},"image":{"@id":"https:\/\/www.fiscalia.gov.co\/colombia\/#\/schema\/logo\/image\/"},"sameAs":["https:\/\/www.facebook.com\/FiscaliaCol","https:\/\/x.com\/FiscaliaCol","https:\/\/www.instagram.com\/fiscaliacol","https:\/\/www.linkedin.com\/company\/fiscalia-general-de-la-naci-n\/","https:\/\/youtube.com\/@fiscaliageneraldelanacion-4668?si=6nN79nyQICPU5iTh"]},{"@type":"Person","@id":"https:\/\/www.fiscalia.gov.co\/colombia\/#\/schema\/person\/bf84402cf293a5393e9c70b111020b24","name":"Jordan Leandro Oviedo Anzola","image":{"@type":"ImageObject","inLanguage":"es-CO","@id":"https:\/\/www.fiscalia.gov.co\/colombia\/#\/schema\/person\/image\/","url":"https:\/\/secure.gravatar.com\/avatar\/dabba4346fa9b9207d96adafa8f92721?s=96&d=mm&r=g","contentUrl":"https:\/\/secure.gravatar.com\/avatar\/dabba4346fa9b9207d96adafa8f92721?s=96&d=mm&r=g","caption":"Jordan Leandro Oviedo Anzola"},"url":"https:\/\/www.fiscalia.gov.co\/colombia\/author\/joviedo\/"}]}},"_links":{"self":[{"href":"https:\/\/www.fiscalia.gov.co\/colombia\/wp-json\/wp\/v2\/posts\/255607","targetHints":{"allow":["GET"]}}],"collection":[{"href":"https:\/\/www.fiscalia.gov.co\/colombia\/wp-json\/wp\/v2\/posts"}],"about":[{"href":"https:\/\/www.fiscalia.gov.co\/colombia\/wp-json\/wp\/v2\/types\/post"}],"author":[{"embeddable":true,"href":"https:\/\/www.fiscalia.gov.co\/colombia\/wp-json\/wp\/v2\/users\/177"}],"replies":[{"embeddable":true,"href":"https:\/\/www.fiscalia.gov.co\/colombia\/wp-json\/wp\/v2\/comments?post=255607"}],"version-history":[{"count":1,"href":"https:\/\/www.fiscalia.gov.co\/colombia\/wp-json\/wp\/v2\/posts\/255607\/revisions"}],"predecessor-version":[{"id":255609,"href":"https:\/\/www.fiscalia.gov.co\/colombia\/wp-json\/wp\/v2\/posts\/255607\/revisions\/255609"}],"wp:attachment":[{"href":"https:\/\/www.fiscalia.gov.co\/colombia\/wp-json\/wp\/v2\/media?parent=255607"}],"wp:term":[{"taxonomy":"category","embeddable":true,"href":"https:\/\/www.fiscalia.gov.co\/colombia\/wp-json\/wp\/v2\/categories?post=255607"},{"taxonomy":"post_tag","embeddable":true,"href":"https:\/\/www.fiscalia.gov.co\/colombia\/wp-json\/wp\/v2\/tags?post=255607"}],"curies":[{"name":"wp","href":"https:\/\/api.w.org\/{rel}","templated":true}]}}