{"id":255556,"date":"2022-08-25T17:12:24","date_gmt":"2022-08-25T22:12:24","guid":{"rendered":"https:\/\/www.fiscalia.gov.co\/colombia\/?p=255556"},"modified":"2022-08-25T17:12:24","modified_gmt":"2022-08-25T22:12:24","slug":"condenan-a-mas-de-13-anos-de-prision-a-dos-mujeres-que-participaron-en-secuestro-de-un-juez-en-cartagena","status":"publish","type":"post","link":"https:\/\/www.fiscalia.gov.co\/colombia\/noticias\/condenan-a-mas-de-13-anos-de-prision-a-dos-mujeres-que-participaron-en-secuestro-de-un-juez-en-cartagena\/","title":{"rendered":"Condenan a m\u00e1s de 13 a\u00f1os de prisi\u00f3n a dos mujeres que participaron en secuestro de un juez en Cartagena"},"content":{"rendered":"<p>Tras avalar el preacuerdo entre la Fiscal\u00eda y la defensa de las procesadas, un juez penal de conocimiento conden\u00f3 a\u00a0Massiel Alejandra Gonz\u00e1lez P\u00e1ez y Lina Alexandra Gonz\u00e1lez Rodr\u00edguez a\u00a013 a\u00f1os, 3 meses de prisi\u00f3n por su coautor\u00eda en el delito de secuestro extorsivo agravado.<\/p>\n<p>De acuerdo con la investigaci\u00f3n, los hechos sucedieron en noviembre de 2016, cuando los procesados participaron en el secuestro del ciudadano colombo estadounidense, Benny Cornelio Osorio Mej\u00eda, quien se desempe\u00f1a como juez en Estados Unidos y\u00a0que se encontraba en el pa\u00eds adelantado unas actividades acad\u00e9micas.<\/p>\n<p>Se estableci\u00f3 que por su liberaci\u00f3n y a cambio de no atentar contra su vida, los captores ped\u00edan 33 mil d\u00f3lares a sus familiares, quienes residen en Barranquilla.<\/p>\n<p>Labores de polic\u00eda judicial adelantadas por el grupo Gaula Atl\u00e1ntico y Bol\u00edvar, permitieron d\u00edas despu\u00e9s, capturar en un centro comercial de Barranquilla a Gonz\u00e1lez P\u00e1ez en momentos en que recib\u00edan 50 millones de pesos, producto de la extorsi\u00f3n.<\/p>\n<p>Un segundo operativo llevado a cabo en una vivienda del barrio Daniel Lemaitre de La Heroica, permiti\u00f3 el rescate de Osorio Mej\u00eda y capturar a Gonz\u00e1lez Rodr\u00edguez, quien se encontraban custodiando el lugar.<\/p>\n<p>Las hoy condenadas deber\u00e1n cancelar una multa de 1.333 salarios m\u00ednimos vigentes legales y continuar\u00e1n privadas de la libertad en centro carcelario de la capital de Bol\u00edvar.<\/p>\n<p>Por estos mismos hechos se encuentran vinculados a la investigaci\u00f3n\u00a0Erick Samir Hoyos Delgado, quien se encuentra pr\u00f3fugo de la justicia y Andr\u00e9s Stevenson Ramos Pastrana, que est\u00e1 a la espera de audiencia de juicio.<\/p>\n<p><strong>La Fiscal\u00eda habla con resultados.<\/strong><strong>\u00a0<\/strong><\/p>\n<p style=\"font-weight: 400;\"><em><strong>Le puede interesar:<\/strong><\/em><\/p>\n<p style=\"font-weight: 400;\"><a href=\"https:\/\/www.fiscalia.gov.co\/colombia\/noticias\/condenado-a-16-anos-de-prision-por-homicidio-y-tentativa-de-homicidio-en-medio-de-un-acto-de-intolerancia\/\" data-saferedirecturl=\"https:\/\/www.google.com\/url?q=https:\/\/www.fiscalia.gov.co\/colombia\/noticias\/condenado-a-16-anos-de-prision-por-homicidio-y-tentativa-de-homicidio-en-medio-de-un-acto-de-intolerancia\/&amp;source=gmail&amp;ust=1661551804221000&amp;usg=AOvVaw3PKHTwcySrhj7uhHc8ADpp\">Condenado a 16 a\u00f1os de prisi\u00f3n por homicidio y tentativa de homicidio en medio de un acto de intolerancia<\/a><\/p>\n<p style=\"font-weight: 400;\"><a href=\"https:\/\/www.fiscalia.gov.co\/colombia\/noticias\/condenados-a-mas-de-tres-anos-de-prision-por-ofrecerle-dinero-a-uniformados-de-la-policia-para-evitar-una-requisa\/\" data-saferedirecturl=\"https:\/\/www.google.com\/url?q=https:\/\/www.fiscalia.gov.co\/colombia\/noticias\/condenados-a-mas-de-tres-anos-de-prision-por-ofrecerle-dinero-a-uniformados-de-la-policia-para-evitar-una-requisa\/&amp;source=gmail&amp;ust=1661551804221000&amp;usg=AOvVaw237FXYzSKOacZpOnwJ31BN\">Condenados a m\u00e1s de tres a\u00f1os de prisi\u00f3n por ofrecerle dinero a uniformados de la Polic\u00eda para evitar una requisa<\/a><\/p>\n<p>&nbsp;<\/p>\n<p>&nbsp;<\/p>\n<p>&nbsp;<\/p>\n<p>&nbsp;<\/p>\n<p>MEVA\/MG\/PD\/DSB<strong>\u00a0<\/strong><\/p>\n<p style=\"font-weight: 400;\">\n<p>&nbsp;<\/p>\n<p style=\"font-weight: 400;\">\n<div class=\"td-post-content tagdiv-type\">\n<p><i>La informaci\u00f3n contenida en este bolet\u00edn de prensa corresponde a la narraci\u00f3n de los hechos noticiosos objetivos, suministrados por los funcionarios encargados de adelantar las investigaciones penales al interior de la Fiscal\u00eda General de la Naci\u00f3n. Para el momento de la divulgaci\u00f3n de este comunicado, la situaci\u00f3n jur\u00eddica de la(s) persona(s) relacionada(s) se encuentra pendiente de resolver por la autoridad judicial competente, siempre bajo los preceptos de la presunci\u00f3n de inocencia, consagrados en el art\u00edculo 29 de la Constituci\u00f3n Pol\u00edtica y el art\u00edculo 7\u00ba de la Ley 906 de 2004.<\/i><\/p>\n<\/div>\n\n<div class=\"twitter-share\"><a href=\"https:\/\/twitter.com\/intent\/tweet?via=fiscaliacol\" class=\"twitter-share-button\">Tweet<\/a><\/div>\n","protected":false},"excerpt":{"rendered":"<p>Tras avalar el preacuerdo entre la Fiscal\u00eda y la defensa de las procesadas, un juez penal de conocimiento conden\u00f3 a\u00a0Massiel Alejandra Gonz\u00e1lez P\u00e1ez y Lina Alexandra Gonz\u00e1lez Rodr\u00edguez a\u00a013 a\u00f1os, 3 meses de prisi\u00f3n por su coautor\u00eda en el delito de secuestro extorsivo agravado. De acuerdo con la investigaci\u00f3n, los hechos sucedieron en noviembre de [&hellip;]<\/p>\n","protected":false},"author":177,"featured_media":0,"comment_status":"closed","ping_status":"open","sticky":false,"template":"","format":"standard","meta":{"tdm_status":"","tdm_grid_status":"","footnotes":""},"categories":[1,325,303,24099],"tags":[23819,23998,293,24187,1047,558,1063,24237,14346,13239],"class_list":{"0":"post-255556","1":"post","2":"type-post","3":"status-publish","4":"format-standard","6":"category-noticias","7":"category-seccional-cartagena","8":"category-seccionales","9":"category-seguridad-territorial","10":"tag-cartagena","11":"tag-cartagena-bolivar","12":"tag-condena","13":"tag-fiscalia-colombia","14":"tag-fiscalia-general-de-la-nacion","15":"tag-policia-nacional","16":"tag-preacuerdo","17":"tag-prision","18":"tag-rebaja-de-pena","19":"tag-secuestro-extorsivo-agravado"},"yoast_head":"<!-- This site is optimized with the Yoast SEO plugin v24.3 - https:\/\/yoast.com\/wordpress\/plugins\/seo\/ -->\n<title>Fiscal\u00eda General de la Naci\u00f3n<\/title>\n<meta name=\"description\" content=\"P\u00e1gina oficial de la Fiscal\u00eda General de la Naci\u00f3n \u2013 Colombia. Garantizamos el acceso efectivo a la justicia, la verdad y la reparaci\u00f3n de las v\u00edctimas de los delitos.\" \/>\n<meta name=\"robots\" content=\"noindex, follow\" \/>\n<meta property=\"og:locale\" content=\"es_ES\" \/>\n<meta property=\"og:type\" content=\"article\" \/>\n<meta property=\"og:title\" content=\"Fiscal\u00eda General de la Naci\u00f3n\" \/>\n<meta property=\"og:description\" content=\"P\u00e1gina oficial de la Fiscal\u00eda General de la Naci\u00f3n \u2013 Colombia. Garantizamos el acceso efectivo a la justicia, la verdad y la reparaci\u00f3n de las v\u00edctimas de los delitos.\" \/>\n<meta property=\"og:url\" content=\"https:\/\/www.fiscalia.gov.co\/colombia\/noticias\/condenan-a-mas-de-13-anos-de-prision-a-dos-mujeres-que-participaron-en-secuestro-de-un-juez-en-cartagena\/\" \/>\n<meta property=\"og:site_name\" content=\"Fiscal\u00eda General de la Naci\u00f3n\" \/>\n<meta property=\"article:publisher\" content=\"https:\/\/www.facebook.com\/FiscaliaCol\" \/>\n<meta property=\"article:published_time\" content=\"2022-08-25T22:12:24+00:00\" \/>\n<meta name=\"author\" content=\"Jordan Leandro Oviedo Anzola\" \/>\n<meta name=\"twitter:card\" content=\"summary_large_image\" \/>\n<meta name=\"twitter:creator\" content=\"@FiscaliaCol\" \/>\n<meta name=\"twitter:site\" content=\"@FiscaliaCol\" \/>\n<meta name=\"twitter:label1\" content=\"Escrito por\" \/>\n\t<meta name=\"twitter:data1\" content=\"Jordan Leandro Oviedo Anzola\" \/>\n\t<meta name=\"twitter:label2\" content=\"Tiempo de lectura\" \/>\n\t<meta name=\"twitter:data2\" content=\"2 minutos\" \/>\n<script type=\"application\/ld+json\" class=\"yoast-schema-graph\">{\"@context\":\"https:\/\/schema.org\",\"@graph\":[{\"@type\":\"Article\",\"@id\":\"https:\/\/www.fiscalia.gov.co\/colombia\/noticias\/condenan-a-mas-de-13-anos-de-prision-a-dos-mujeres-que-participaron-en-secuestro-de-un-juez-en-cartagena\/#article\",\"isPartOf\":{\"@id\":\"https:\/\/www.fiscalia.gov.co\/colombia\/noticias\/condenan-a-mas-de-13-anos-de-prision-a-dos-mujeres-que-participaron-en-secuestro-de-un-juez-en-cartagena\/\"},\"author\":{\"name\":\"Jordan Leandro Oviedo Anzola\",\"@id\":\"https:\/\/www.fiscalia.gov.co\/colombia\/#\/schema\/person\/bf84402cf293a5393e9c70b111020b24\"},\"headline\":\"Condenan a m\u00e1s de 13 a\u00f1os de prisi\u00f3n a dos mujeres que participaron en secuestro de un juez en Cartagena\",\"datePublished\":\"2022-08-25T22:12:24+00:00\",\"dateModified\":\"2022-08-25T22:12:24+00:00\",\"mainEntityOfPage\":{\"@id\":\"https:\/\/www.fiscalia.gov.co\/colombia\/noticias\/condenan-a-mas-de-13-anos-de-prision-a-dos-mujeres-que-participaron-en-secuestro-de-un-juez-en-cartagena\/\"},\"wordCount\":468,\"publisher\":{\"@id\":\"https:\/\/www.fiscalia.gov.co\/colombia\/#organization\"},\"keywords\":[\"Cartagena\",\"Cartagena (Bol\u00edvar)\",\"Condena\",\"Fiscal\u00eda Colombia\",\"Fiscal\u00eda General de la Naci\u00f3n\",\"Polic\u00eda Nacional\",\"Preacuerdo\",\"prisi\u00f3n\",\"Rebaja de pena\",\"secuestro extorsivo agravado\"],\"articleSection\":[\"Noticias\",\"Seccional Cartagena\",\"Seccionales\",\"Seguridad territorial\"],\"inLanguage\":\"es-CO\"},{\"@type\":\"WebPage\",\"@id\":\"https:\/\/www.fiscalia.gov.co\/colombia\/noticias\/condenan-a-mas-de-13-anos-de-prision-a-dos-mujeres-que-participaron-en-secuestro-de-un-juez-en-cartagena\/\",\"url\":\"https:\/\/www.fiscalia.gov.co\/colombia\/noticias\/condenan-a-mas-de-13-anos-de-prision-a-dos-mujeres-que-participaron-en-secuestro-de-un-juez-en-cartagena\/\",\"name\":\"Fiscal\u00eda General de la Naci\u00f3n\",\"isPartOf\":{\"@id\":\"https:\/\/www.fiscalia.gov.co\/colombia\/#website\"},\"datePublished\":\"2022-08-25T22:12:24+00:00\",\"dateModified\":\"2022-08-25T22:12:24+00:00\",\"description\":\"P\u00e1gina oficial de la Fiscal\u00eda General de la Naci\u00f3n \u2013 Colombia. Garantizamos el acceso efectivo a la justicia, la verdad y la reparaci\u00f3n de las v\u00edctimas de los delitos.\",\"breadcrumb\":{\"@id\":\"https:\/\/www.fiscalia.gov.co\/colombia\/noticias\/condenan-a-mas-de-13-anos-de-prision-a-dos-mujeres-que-participaron-en-secuestro-de-un-juez-en-cartagena\/#breadcrumb\"},\"inLanguage\":\"es-CO\",\"potentialAction\":[{\"@type\":\"ReadAction\",\"target\":[\"https:\/\/www.fiscalia.gov.co\/colombia\/noticias\/condenan-a-mas-de-13-anos-de-prision-a-dos-mujeres-que-participaron-en-secuestro-de-un-juez-en-cartagena\/\"]}]},{\"@type\":\"BreadcrumbList\",\"@id\":\"https:\/\/www.fiscalia.gov.co\/colombia\/noticias\/condenan-a-mas-de-13-anos-de-prision-a-dos-mujeres-que-participaron-en-secuestro-de-un-juez-en-cartagena\/#breadcrumb\",\"itemListElement\":[{\"@type\":\"ListItem\",\"position\":1,\"name\":\"Home\",\"item\":\"https:\/\/www.fiscalia.gov.co\/colombia\/\"},{\"@type\":\"ListItem\",\"position\":2,\"name\":\"Condenan a m\u00e1s de 13 a\u00f1os de prisi\u00f3n a dos mujeres que participaron en secuestro de un juez en Cartagena\"}]},{\"@type\":\"WebSite\",\"@id\":\"https:\/\/www.fiscalia.gov.co\/colombia\/#website\",\"url\":\"https:\/\/www.fiscalia.gov.co\/colombia\/\",\"name\":\"Fiscal\u00eda General de la Naci\u00f3n\",\"description\":\"P\u00e1gina oficial de la Fiscal\u00eda General de la Naci\u00f3n \u2013 Colombia. Garantizamos el acceso efectivo a la justicia, la verdad y la reparaci\u00f3n de las v\u00edctimas de los delitos.\",\"publisher\":{\"@id\":\"https:\/\/www.fiscalia.gov.co\/colombia\/#organization\"},\"potentialAction\":[{\"@type\":\"SearchAction\",\"target\":{\"@type\":\"EntryPoint\",\"urlTemplate\":\"https:\/\/www.fiscalia.gov.co\/colombia\/?s={search_term_string}\"},\"query-input\":{\"@type\":\"PropertyValueSpecification\",\"valueRequired\":true,\"valueName\":\"search_term_string\"}}],\"inLanguage\":\"es-CO\"},{\"@type\":\"Organization\",\"@id\":\"https:\/\/www.fiscalia.gov.co\/colombia\/#organization\",\"name\":\"Fiscal\u00eda General de la Naci\u00f3n\",\"url\":\"https:\/\/www.fiscalia.gov.co\/colombia\/\",\"logo\":{\"@type\":\"ImageObject\",\"inLanguage\":\"es-CO\",\"@id\":\"https:\/\/www.fiscalia.gov.co\/colombia\/#\/schema\/logo\/image\/\",\"url\":\"https:\/\/www.fiscalia.gov.co\/colombia\/wp-content\/uploads\/LogoHorizontal_1.jpg\",\"contentUrl\":\"https:\/\/www.fiscalia.gov.co\/colombia\/wp-content\/uploads\/LogoHorizontal_1.jpg\",\"width\":300,\"height\":90,\"caption\":\"Fiscal\u00eda General de la Naci\u00f3n\"},\"image\":{\"@id\":\"https:\/\/www.fiscalia.gov.co\/colombia\/#\/schema\/logo\/image\/\"},\"sameAs\":[\"https:\/\/www.facebook.com\/FiscaliaCol\",\"https:\/\/x.com\/FiscaliaCol\",\"https:\/\/www.instagram.com\/fiscaliacol\",\"https:\/\/www.linkedin.com\/company\/fiscalia-general-de-la-naci-n\/\",\"https:\/\/youtube.com\/@fiscaliageneraldelanacion-4668?si=6nN79nyQICPU5iTh\"]},{\"@type\":\"Person\",\"@id\":\"https:\/\/www.fiscalia.gov.co\/colombia\/#\/schema\/person\/bf84402cf293a5393e9c70b111020b24\",\"name\":\"Jordan Leandro Oviedo Anzola\",\"image\":{\"@type\":\"ImageObject\",\"inLanguage\":\"es-CO\",\"@id\":\"https:\/\/www.fiscalia.gov.co\/colombia\/#\/schema\/person\/image\/\",\"url\":\"https:\/\/secure.gravatar.com\/avatar\/dabba4346fa9b9207d96adafa8f92721?s=96&d=mm&r=g\",\"contentUrl\":\"https:\/\/secure.gravatar.com\/avatar\/dabba4346fa9b9207d96adafa8f92721?s=96&d=mm&r=g\",\"caption\":\"Jordan Leandro Oviedo Anzola\"},\"url\":\"https:\/\/www.fiscalia.gov.co\/colombia\/author\/joviedo\/\"}]}<\/script>\n<!-- \/ Yoast SEO plugin. -->","yoast_head_json":{"title":"Fiscal\u00eda General de la Naci\u00f3n","description":"P\u00e1gina oficial de la Fiscal\u00eda General de la Naci\u00f3n \u2013 Colombia. Garantizamos el acceso efectivo a la justicia, la verdad y la reparaci\u00f3n de las v\u00edctimas de los delitos.","robots":{"index":"noindex","follow":"follow"},"og_locale":"es_ES","og_type":"article","og_title":"Fiscal\u00eda General de la Naci\u00f3n","og_description":"P\u00e1gina oficial de la Fiscal\u00eda General de la Naci\u00f3n \u2013 Colombia. Garantizamos el acceso efectivo a la justicia, la verdad y la reparaci\u00f3n de las v\u00edctimas de los delitos.","og_url":"https:\/\/www.fiscalia.gov.co\/colombia\/noticias\/condenan-a-mas-de-13-anos-de-prision-a-dos-mujeres-que-participaron-en-secuestro-de-un-juez-en-cartagena\/","og_site_name":"Fiscal\u00eda General de la Naci\u00f3n","article_publisher":"https:\/\/www.facebook.com\/FiscaliaCol","article_published_time":"2022-08-25T22:12:24+00:00","author":"Jordan Leandro Oviedo Anzola","twitter_card":"summary_large_image","twitter_creator":"@FiscaliaCol","twitter_site":"@FiscaliaCol","twitter_misc":{"Escrito por":"Jordan Leandro Oviedo Anzola","Tiempo de lectura":"2 minutos"},"schema":{"@context":"https:\/\/schema.org","@graph":[{"@type":"Article","@id":"https:\/\/www.fiscalia.gov.co\/colombia\/noticias\/condenan-a-mas-de-13-anos-de-prision-a-dos-mujeres-que-participaron-en-secuestro-de-un-juez-en-cartagena\/#article","isPartOf":{"@id":"https:\/\/www.fiscalia.gov.co\/colombia\/noticias\/condenan-a-mas-de-13-anos-de-prision-a-dos-mujeres-que-participaron-en-secuestro-de-un-juez-en-cartagena\/"},"author":{"name":"Jordan Leandro Oviedo Anzola","@id":"https:\/\/www.fiscalia.gov.co\/colombia\/#\/schema\/person\/bf84402cf293a5393e9c70b111020b24"},"headline":"Condenan a m\u00e1s de 13 a\u00f1os de prisi\u00f3n a dos mujeres que participaron en secuestro de un juez en Cartagena","datePublished":"2022-08-25T22:12:24+00:00","dateModified":"2022-08-25T22:12:24+00:00","mainEntityOfPage":{"@id":"https:\/\/www.fiscalia.gov.co\/colombia\/noticias\/condenan-a-mas-de-13-anos-de-prision-a-dos-mujeres-que-participaron-en-secuestro-de-un-juez-en-cartagena\/"},"wordCount":468,"publisher":{"@id":"https:\/\/www.fiscalia.gov.co\/colombia\/#organization"},"keywords":["Cartagena","Cartagena (Bol\u00edvar)","Condena","Fiscal\u00eda Colombia","Fiscal\u00eda General de la Naci\u00f3n","Polic\u00eda Nacional","Preacuerdo","prisi\u00f3n","Rebaja de pena","secuestro extorsivo agravado"],"articleSection":["Noticias","Seccional Cartagena","Seccionales","Seguridad territorial"],"inLanguage":"es-CO"},{"@type":"WebPage","@id":"https:\/\/www.fiscalia.gov.co\/colombia\/noticias\/condenan-a-mas-de-13-anos-de-prision-a-dos-mujeres-que-participaron-en-secuestro-de-un-juez-en-cartagena\/","url":"https:\/\/www.fiscalia.gov.co\/colombia\/noticias\/condenan-a-mas-de-13-anos-de-prision-a-dos-mujeres-que-participaron-en-secuestro-de-un-juez-en-cartagena\/","name":"Fiscal\u00eda General de la Naci\u00f3n","isPartOf":{"@id":"https:\/\/www.fiscalia.gov.co\/colombia\/#website"},"datePublished":"2022-08-25T22:12:24+00:00","dateModified":"2022-08-25T22:12:24+00:00","description":"P\u00e1gina oficial de la Fiscal\u00eda General de la Naci\u00f3n \u2013 Colombia. Garantizamos el acceso efectivo a la justicia, la verdad y la reparaci\u00f3n de las v\u00edctimas de los delitos.","breadcrumb":{"@id":"https:\/\/www.fiscalia.gov.co\/colombia\/noticias\/condenan-a-mas-de-13-anos-de-prision-a-dos-mujeres-que-participaron-en-secuestro-de-un-juez-en-cartagena\/#breadcrumb"},"inLanguage":"es-CO","potentialAction":[{"@type":"ReadAction","target":["https:\/\/www.fiscalia.gov.co\/colombia\/noticias\/condenan-a-mas-de-13-anos-de-prision-a-dos-mujeres-que-participaron-en-secuestro-de-un-juez-en-cartagena\/"]}]},{"@type":"BreadcrumbList","@id":"https:\/\/www.fiscalia.gov.co\/colombia\/noticias\/condenan-a-mas-de-13-anos-de-prision-a-dos-mujeres-que-participaron-en-secuestro-de-un-juez-en-cartagena\/#breadcrumb","itemListElement":[{"@type":"ListItem","position":1,"name":"Home","item":"https:\/\/www.fiscalia.gov.co\/colombia\/"},{"@type":"ListItem","position":2,"name":"Condenan a m\u00e1s de 13 a\u00f1os de prisi\u00f3n a dos mujeres que participaron en secuestro de un juez en Cartagena"}]},{"@type":"WebSite","@id":"https:\/\/www.fiscalia.gov.co\/colombia\/#website","url":"https:\/\/www.fiscalia.gov.co\/colombia\/","name":"Fiscal\u00eda General de la Naci\u00f3n","description":"P\u00e1gina oficial de la Fiscal\u00eda General de la Naci\u00f3n \u2013 Colombia. Garantizamos el acceso efectivo a la justicia, la verdad y la reparaci\u00f3n de las v\u00edctimas de los delitos.","publisher":{"@id":"https:\/\/www.fiscalia.gov.co\/colombia\/#organization"},"potentialAction":[{"@type":"SearchAction","target":{"@type":"EntryPoint","urlTemplate":"https:\/\/www.fiscalia.gov.co\/colombia\/?s={search_term_string}"},"query-input":{"@type":"PropertyValueSpecification","valueRequired":true,"valueName":"search_term_string"}}],"inLanguage":"es-CO"},{"@type":"Organization","@id":"https:\/\/www.fiscalia.gov.co\/colombia\/#organization","name":"Fiscal\u00eda General de la Naci\u00f3n","url":"https:\/\/www.fiscalia.gov.co\/colombia\/","logo":{"@type":"ImageObject","inLanguage":"es-CO","@id":"https:\/\/www.fiscalia.gov.co\/colombia\/#\/schema\/logo\/image\/","url":"https:\/\/www.fiscalia.gov.co\/colombia\/wp-content\/uploads\/LogoHorizontal_1.jpg","contentUrl":"https:\/\/www.fiscalia.gov.co\/colombia\/wp-content\/uploads\/LogoHorizontal_1.jpg","width":300,"height":90,"caption":"Fiscal\u00eda General de la Naci\u00f3n"},"image":{"@id":"https:\/\/www.fiscalia.gov.co\/colombia\/#\/schema\/logo\/image\/"},"sameAs":["https:\/\/www.facebook.com\/FiscaliaCol","https:\/\/x.com\/FiscaliaCol","https:\/\/www.instagram.com\/fiscaliacol","https:\/\/www.linkedin.com\/company\/fiscalia-general-de-la-naci-n\/","https:\/\/youtube.com\/@fiscaliageneraldelanacion-4668?si=6nN79nyQICPU5iTh"]},{"@type":"Person","@id":"https:\/\/www.fiscalia.gov.co\/colombia\/#\/schema\/person\/bf84402cf293a5393e9c70b111020b24","name":"Jordan Leandro Oviedo Anzola","image":{"@type":"ImageObject","inLanguage":"es-CO","@id":"https:\/\/www.fiscalia.gov.co\/colombia\/#\/schema\/person\/image\/","url":"https:\/\/secure.gravatar.com\/avatar\/dabba4346fa9b9207d96adafa8f92721?s=96&d=mm&r=g","contentUrl":"https:\/\/secure.gravatar.com\/avatar\/dabba4346fa9b9207d96adafa8f92721?s=96&d=mm&r=g","caption":"Jordan Leandro Oviedo Anzola"},"url":"https:\/\/www.fiscalia.gov.co\/colombia\/author\/joviedo\/"}]}},"_links":{"self":[{"href":"https:\/\/www.fiscalia.gov.co\/colombia\/wp-json\/wp\/v2\/posts\/255556","targetHints":{"allow":["GET"]}}],"collection":[{"href":"https:\/\/www.fiscalia.gov.co\/colombia\/wp-json\/wp\/v2\/posts"}],"about":[{"href":"https:\/\/www.fiscalia.gov.co\/colombia\/wp-json\/wp\/v2\/types\/post"}],"author":[{"embeddable":true,"href":"https:\/\/www.fiscalia.gov.co\/colombia\/wp-json\/wp\/v2\/users\/177"}],"replies":[{"embeddable":true,"href":"https:\/\/www.fiscalia.gov.co\/colombia\/wp-json\/wp\/v2\/comments?post=255556"}],"version-history":[{"count":2,"href":"https:\/\/www.fiscalia.gov.co\/colombia\/wp-json\/wp\/v2\/posts\/255556\/revisions"}],"predecessor-version":[{"id":255558,"href":"https:\/\/www.fiscalia.gov.co\/colombia\/wp-json\/wp\/v2\/posts\/255556\/revisions\/255558"}],"wp:attachment":[{"href":"https:\/\/www.fiscalia.gov.co\/colombia\/wp-json\/wp\/v2\/media?parent=255556"}],"wp:term":[{"taxonomy":"category","embeddable":true,"href":"https:\/\/www.fiscalia.gov.co\/colombia\/wp-json\/wp\/v2\/categories?post=255556"},{"taxonomy":"post_tag","embeddable":true,"href":"https:\/\/www.fiscalia.gov.co\/colombia\/wp-json\/wp\/v2\/tags?post=255556"}],"curies":[{"name":"wp","href":"https:\/\/api.w.org\/{rel}","templated":true}]}}