{"id":255479,"date":"2022-08-24T16:05:08","date_gmt":"2022-08-24T21:05:08","guid":{"rendered":"https:\/\/www.fiscalia.gov.co\/colombia\/?p=255479"},"modified":"2022-08-24T16:05:08","modified_gmt":"2022-08-24T21:05:08","slug":"condenados-a-mas-de-tres-anos-de-prision-por-ofrecerle-dinero-a-uniformados-de-la-policia-para-evitar-una-requisa","status":"publish","type":"post","link":"https:\/\/www.fiscalia.gov.co\/colombia\/noticias\/condenados-a-mas-de-tres-anos-de-prision-por-ofrecerle-dinero-a-uniformados-de-la-policia-para-evitar-una-requisa\/","title":{"rendered":"Condenados a m\u00e1s de tres a\u00f1os de prisi\u00f3n por ofrecerle dinero a uniformados de la Polic\u00eda para evitar una requisa"},"content":{"rendered":"<p>La\u00a0<b>Fiscal\u00eda Seccional Caldas<\/b>\u00a0logr\u00f3 la condena a tres a\u00f1os y dos meses de prisi\u00f3n\u00a0<b>de Ronny Dominid Quintero Garc\u00eda, Yordy Yampier Quintero Garc\u00eda y Christopher C\u00e1rdenas<\/b>\u00a0por los delitos de\u00a0<b>cohecho por dar u ofrecer y receptaci\u00f3n<\/b>, luego que los detenidos hicieran un preacuerdo con el ente acusador y fuera avalado por un juez.<\/p>\n<p>Los condenados fueron capturados en la calle 24 entre carreras 17 y 18 en Manizales (Caldas), el 16 de marzo de 2022.<\/p>\n<p>De acuerdo con las evidencias estas tres personas transitaban en un carro en contrav\u00eda por lo que fueron requeridos por uniformados de la Polic\u00eda para una requisa. En las verificaciones encontraron al interior del automotor tres computadores para veh\u00edculos.<\/p>\n<p>Ante el hallazgo, los procesados no supieron explicar la procedencia de los equipos, por lo que le ofrecieron $2 millones a los polic\u00edas para que no continuaran con el procedimiento.<\/p>\n<p>En la investigaci\u00f3n se pudo establecer con entrevistas y las denuncias que instauraron los propietarios de los computadores, que hab\u00edan sido extra\u00eddos de tres veh\u00edculos en\u00a0<b>Villamar\u00eda (Caldas),<\/b>\u00a0en\u00a0<b>el sector San Marcel<\/b>\u00a0y cerca al\u00a0<b>barrio La Isabela<\/b>\u00a0de Manizales, todos, en horas de la tarde del 16 de marzo.<\/p>\n<p>Adem\u00e1s los computadores fueron sometidos a an\u00e1lisis de esc\u00e1ner, y se logr\u00f3 determinar que correspond\u00edan a los\u00a0 veh\u00edculos que refieren los denunciantes.<\/p>\n<p>La condena deber\u00e1n pagarla en centro carcelario.<\/p>\n<p>La\u00a0<b>Fiscal\u00eda General de la Naci\u00f3n<\/b>\u00a0habla con resultados.<\/p>\n<p>&nbsp;<\/p>\n<p>&nbsp;<\/p>\n<p>&nbsp;<\/p>\n<p>&nbsp;<\/p>\n<p>JLH\/MAB\/FAGH<\/p>\n<p>&nbsp;<\/p>\n<p>&nbsp;<\/p>\n<p>&nbsp;<\/p>\n<p><em>La informaci\u00f3n contenida en este bolet\u00edn de prensa corresponde a la narraci\u00f3n de los hechos noticiosos objetivos, suministrados por los funcionarios encargados de adelantar las investigaciones penales al interior de la Fiscal\u00eda General de la Naci\u00f3n. Para el momento de la divulgaci\u00f3n de este comunicado, la situaci\u00f3n jur\u00eddica de la(s) persona(s) relacionada(s) se encuentra pendiente de resolver por la autoridad judicial competente, siempre bajo los preceptos de la presunci\u00f3n de inocencia, consagrados en el art\u00edculo 29 de la Constituci\u00f3n Pol\u00edtica y el art\u00edculo 7\u00ba de la Ley 906 de 2004.\u00a0<\/em><\/p>\n\n<div class=\"twitter-share\"><a href=\"https:\/\/twitter.com\/intent\/tweet?via=fiscaliacol\" class=\"twitter-share-button\">Tweet<\/a><\/div>\n","protected":false},"excerpt":{"rendered":"<p>La\u00a0Fiscal\u00eda Seccional Caldas\u00a0logr\u00f3 la condena a tres a\u00f1os y dos meses de prisi\u00f3n\u00a0de Ronny Dominid Quintero Garc\u00eda, Yordy Yampier Quintero Garc\u00eda y Christopher C\u00e1rdenas\u00a0por los delitos de\u00a0cohecho por dar u ofrecer y receptaci\u00f3n, luego que los detenidos hicieran un preacuerdo con el ente acusador y fuera avalado por un juez. Los condenados fueron capturados en [&hellip;]<\/p>\n","protected":false},"author":177,"featured_media":0,"comment_status":"closed","ping_status":"open","sticky":false,"template":"","format":"standard","meta":{"tdm_status":"","tdm_grid_status":"","footnotes":""},"categories":[1,330,303,24099],"tags":[30974,32677,32675,32678,1047,25517,24665,26303,32676],"class_list":{"0":"post-255479","1":"post","2":"type-post","3":"status-publish","4":"format-standard","6":"category-noticias","7":"category-seccional-manizales","8":"category-seccionales","9":"category-seguridad-territorial","10":"tag-barrio-la-isabela","11":"tag-cohecho-por-dar-u-ofrecer-y-receptacion","12":"tag-de-ronny-dominid-quintero-garcia","13":"tag-el-sector-san-marcel","14":"tag-fiscalia-general-de-la-nacion","15":"tag-fiscalia-seccional-caldas","16":"tag-manizales-caldas","17":"tag-villamaria-caldas","18":"tag-yordy-yampier-quintero-garcia-y-christopher-cardenas"},"yoast_head":"<!-- This site is optimized with the Yoast SEO plugin v24.3 - https:\/\/yoast.com\/wordpress\/plugins\/seo\/ -->\n<title>Fiscal\u00eda General de la Naci\u00f3n<\/title>\n<meta name=\"description\" content=\"P\u00e1gina oficial de la Fiscal\u00eda General de la Naci\u00f3n \u2013 Colombia. Garantizamos el acceso efectivo a la justicia, la verdad y la reparaci\u00f3n de las v\u00edctimas de los delitos.\" \/>\n<meta name=\"robots\" content=\"noindex, follow\" \/>\n<meta property=\"og:locale\" content=\"es_ES\" \/>\n<meta property=\"og:type\" content=\"article\" \/>\n<meta property=\"og:title\" content=\"Fiscal\u00eda General de la Naci\u00f3n\" \/>\n<meta property=\"og:description\" content=\"P\u00e1gina oficial de la Fiscal\u00eda General de la Naci\u00f3n \u2013 Colombia. Garantizamos el acceso efectivo a la justicia, la verdad y la reparaci\u00f3n de las v\u00edctimas de los delitos.\" \/>\n<meta property=\"og:url\" content=\"https:\/\/www.fiscalia.gov.co\/colombia\/noticias\/condenados-a-mas-de-tres-anos-de-prision-por-ofrecerle-dinero-a-uniformados-de-la-policia-para-evitar-una-requisa\/\" \/>\n<meta property=\"og:site_name\" content=\"Fiscal\u00eda General de la Naci\u00f3n\" \/>\n<meta property=\"article:publisher\" content=\"https:\/\/www.facebook.com\/FiscaliaCol\" \/>\n<meta property=\"article:published_time\" content=\"2022-08-24T21:05:08+00:00\" \/>\n<meta name=\"author\" content=\"Jordan Leandro Oviedo Anzola\" \/>\n<meta name=\"twitter:card\" content=\"summary_large_image\" \/>\n<meta name=\"twitter:creator\" content=\"@FiscaliaCol\" \/>\n<meta name=\"twitter:site\" content=\"@FiscaliaCol\" \/>\n<meta name=\"twitter:label1\" content=\"Escrito por\" \/>\n\t<meta name=\"twitter:data1\" content=\"Jordan Leandro Oviedo Anzola\" \/>\n\t<meta name=\"twitter:label2\" content=\"Tiempo de lectura\" \/>\n\t<meta name=\"twitter:data2\" content=\"2 minutos\" \/>\n<script type=\"application\/ld+json\" class=\"yoast-schema-graph\">{\"@context\":\"https:\/\/schema.org\",\"@graph\":[{\"@type\":\"Article\",\"@id\":\"https:\/\/www.fiscalia.gov.co\/colombia\/noticias\/condenados-a-mas-de-tres-anos-de-prision-por-ofrecerle-dinero-a-uniformados-de-la-policia-para-evitar-una-requisa\/#article\",\"isPartOf\":{\"@id\":\"https:\/\/www.fiscalia.gov.co\/colombia\/noticias\/condenados-a-mas-de-tres-anos-de-prision-por-ofrecerle-dinero-a-uniformados-de-la-policia-para-evitar-una-requisa\/\"},\"author\":{\"name\":\"Jordan Leandro Oviedo Anzola\",\"@id\":\"https:\/\/www.fiscalia.gov.co\/colombia\/#\/schema\/person\/bf84402cf293a5393e9c70b111020b24\"},\"headline\":\"Condenados a m\u00e1s de tres a\u00f1os de prisi\u00f3n por ofrecerle dinero a uniformados de la Polic\u00eda para evitar una requisa\",\"datePublished\":\"2022-08-24T21:05:08+00:00\",\"dateModified\":\"2022-08-24T21:05:08+00:00\",\"mainEntityOfPage\":{\"@id\":\"https:\/\/www.fiscalia.gov.co\/colombia\/noticias\/condenados-a-mas-de-tres-anos-de-prision-por-ofrecerle-dinero-a-uniformados-de-la-policia-para-evitar-una-requisa\/\"},\"wordCount\":388,\"publisher\":{\"@id\":\"https:\/\/www.fiscalia.gov.co\/colombia\/#organization\"},\"keywords\":[\"barrio La Isabela\",\"cohecho por dar u ofrecer y receptaci\u00f3n\",\"de Ronny Dominid Quintero Garc\u00eda\",\"el sector San Marcel\",\"Fiscal\u00eda General de la Naci\u00f3n\",\"Fiscal\u00eda Seccional Caldas\",\"Manizales (Caldas)\",\"Villamar\u00eda (Caldas)\",\"Yordy Yampier Quintero Garc\u00eda y Christopher C\u00e1rdenas\"],\"articleSection\":[\"Noticias\",\"Seccional Manizales\",\"Seccionales\",\"Seguridad territorial\"],\"inLanguage\":\"es-CO\"},{\"@type\":\"WebPage\",\"@id\":\"https:\/\/www.fiscalia.gov.co\/colombia\/noticias\/condenados-a-mas-de-tres-anos-de-prision-por-ofrecerle-dinero-a-uniformados-de-la-policia-para-evitar-una-requisa\/\",\"url\":\"https:\/\/www.fiscalia.gov.co\/colombia\/noticias\/condenados-a-mas-de-tres-anos-de-prision-por-ofrecerle-dinero-a-uniformados-de-la-policia-para-evitar-una-requisa\/\",\"name\":\"Fiscal\u00eda General de la Naci\u00f3n\",\"isPartOf\":{\"@id\":\"https:\/\/www.fiscalia.gov.co\/colombia\/#website\"},\"datePublished\":\"2022-08-24T21:05:08+00:00\",\"dateModified\":\"2022-08-24T21:05:08+00:00\",\"description\":\"P\u00e1gina oficial de la Fiscal\u00eda General de la Naci\u00f3n \u2013 Colombia. Garantizamos el acceso efectivo a la justicia, la verdad y la reparaci\u00f3n de las v\u00edctimas de los delitos.\",\"breadcrumb\":{\"@id\":\"https:\/\/www.fiscalia.gov.co\/colombia\/noticias\/condenados-a-mas-de-tres-anos-de-prision-por-ofrecerle-dinero-a-uniformados-de-la-policia-para-evitar-una-requisa\/#breadcrumb\"},\"inLanguage\":\"es-CO\",\"potentialAction\":[{\"@type\":\"ReadAction\",\"target\":[\"https:\/\/www.fiscalia.gov.co\/colombia\/noticias\/condenados-a-mas-de-tres-anos-de-prision-por-ofrecerle-dinero-a-uniformados-de-la-policia-para-evitar-una-requisa\/\"]}]},{\"@type\":\"BreadcrumbList\",\"@id\":\"https:\/\/www.fiscalia.gov.co\/colombia\/noticias\/condenados-a-mas-de-tres-anos-de-prision-por-ofrecerle-dinero-a-uniformados-de-la-policia-para-evitar-una-requisa\/#breadcrumb\",\"itemListElement\":[{\"@type\":\"ListItem\",\"position\":1,\"name\":\"Home\",\"item\":\"https:\/\/www.fiscalia.gov.co\/colombia\/\"},{\"@type\":\"ListItem\",\"position\":2,\"name\":\"Condenados a m\u00e1s de tres a\u00f1os de prisi\u00f3n por ofrecerle dinero a uniformados de la Polic\u00eda para evitar una requisa\"}]},{\"@type\":\"WebSite\",\"@id\":\"https:\/\/www.fiscalia.gov.co\/colombia\/#website\",\"url\":\"https:\/\/www.fiscalia.gov.co\/colombia\/\",\"name\":\"Fiscal\u00eda General de la Naci\u00f3n\",\"description\":\"P\u00e1gina oficial de la Fiscal\u00eda General de la Naci\u00f3n \u2013 Colombia. Garantizamos el acceso efectivo a la justicia, la verdad y la reparaci\u00f3n de las v\u00edctimas de los delitos.\",\"publisher\":{\"@id\":\"https:\/\/www.fiscalia.gov.co\/colombia\/#organization\"},\"potentialAction\":[{\"@type\":\"SearchAction\",\"target\":{\"@type\":\"EntryPoint\",\"urlTemplate\":\"https:\/\/www.fiscalia.gov.co\/colombia\/?s={search_term_string}\"},\"query-input\":{\"@type\":\"PropertyValueSpecification\",\"valueRequired\":true,\"valueName\":\"search_term_string\"}}],\"inLanguage\":\"es-CO\"},{\"@type\":\"Organization\",\"@id\":\"https:\/\/www.fiscalia.gov.co\/colombia\/#organization\",\"name\":\"Fiscal\u00eda General de la Naci\u00f3n\",\"url\":\"https:\/\/www.fiscalia.gov.co\/colombia\/\",\"logo\":{\"@type\":\"ImageObject\",\"inLanguage\":\"es-CO\",\"@id\":\"https:\/\/www.fiscalia.gov.co\/colombia\/#\/schema\/logo\/image\/\",\"url\":\"https:\/\/www.fiscalia.gov.co\/colombia\/wp-content\/uploads\/LogoHorizontal_1.jpg\",\"contentUrl\":\"https:\/\/www.fiscalia.gov.co\/colombia\/wp-content\/uploads\/LogoHorizontal_1.jpg\",\"width\":300,\"height\":90,\"caption\":\"Fiscal\u00eda General de la Naci\u00f3n\"},\"image\":{\"@id\":\"https:\/\/www.fiscalia.gov.co\/colombia\/#\/schema\/logo\/image\/\"},\"sameAs\":[\"https:\/\/www.facebook.com\/FiscaliaCol\",\"https:\/\/x.com\/FiscaliaCol\",\"https:\/\/www.instagram.com\/fiscaliacol\",\"https:\/\/www.linkedin.com\/company\/fiscalia-general-de-la-naci-n\/\",\"https:\/\/youtube.com\/@fiscaliageneraldelanacion-4668?si=6nN79nyQICPU5iTh\"]},{\"@type\":\"Person\",\"@id\":\"https:\/\/www.fiscalia.gov.co\/colombia\/#\/schema\/person\/bf84402cf293a5393e9c70b111020b24\",\"name\":\"Jordan Leandro Oviedo Anzola\",\"image\":{\"@type\":\"ImageObject\",\"inLanguage\":\"es-CO\",\"@id\":\"https:\/\/www.fiscalia.gov.co\/colombia\/#\/schema\/person\/image\/\",\"url\":\"https:\/\/secure.gravatar.com\/avatar\/dabba4346fa9b9207d96adafa8f92721?s=96&d=mm&r=g\",\"contentUrl\":\"https:\/\/secure.gravatar.com\/avatar\/dabba4346fa9b9207d96adafa8f92721?s=96&d=mm&r=g\",\"caption\":\"Jordan Leandro Oviedo Anzola\"},\"url\":\"https:\/\/www.fiscalia.gov.co\/colombia\/author\/joviedo\/\"}]}<\/script>\n<!-- \/ Yoast SEO plugin. -->","yoast_head_json":{"title":"Fiscal\u00eda General de la Naci\u00f3n","description":"P\u00e1gina oficial de la Fiscal\u00eda General de la Naci\u00f3n \u2013 Colombia. Garantizamos el acceso efectivo a la justicia, la verdad y la reparaci\u00f3n de las v\u00edctimas de los delitos.","robots":{"index":"noindex","follow":"follow"},"og_locale":"es_ES","og_type":"article","og_title":"Fiscal\u00eda General de la Naci\u00f3n","og_description":"P\u00e1gina oficial de la Fiscal\u00eda General de la Naci\u00f3n \u2013 Colombia. Garantizamos el acceso efectivo a la justicia, la verdad y la reparaci\u00f3n de las v\u00edctimas de los delitos.","og_url":"https:\/\/www.fiscalia.gov.co\/colombia\/noticias\/condenados-a-mas-de-tres-anos-de-prision-por-ofrecerle-dinero-a-uniformados-de-la-policia-para-evitar-una-requisa\/","og_site_name":"Fiscal\u00eda General de la Naci\u00f3n","article_publisher":"https:\/\/www.facebook.com\/FiscaliaCol","article_published_time":"2022-08-24T21:05:08+00:00","author":"Jordan Leandro Oviedo Anzola","twitter_card":"summary_large_image","twitter_creator":"@FiscaliaCol","twitter_site":"@FiscaliaCol","twitter_misc":{"Escrito por":"Jordan Leandro Oviedo Anzola","Tiempo de lectura":"2 minutos"},"schema":{"@context":"https:\/\/schema.org","@graph":[{"@type":"Article","@id":"https:\/\/www.fiscalia.gov.co\/colombia\/noticias\/condenados-a-mas-de-tres-anos-de-prision-por-ofrecerle-dinero-a-uniformados-de-la-policia-para-evitar-una-requisa\/#article","isPartOf":{"@id":"https:\/\/www.fiscalia.gov.co\/colombia\/noticias\/condenados-a-mas-de-tres-anos-de-prision-por-ofrecerle-dinero-a-uniformados-de-la-policia-para-evitar-una-requisa\/"},"author":{"name":"Jordan Leandro Oviedo Anzola","@id":"https:\/\/www.fiscalia.gov.co\/colombia\/#\/schema\/person\/bf84402cf293a5393e9c70b111020b24"},"headline":"Condenados a m\u00e1s de tres a\u00f1os de prisi\u00f3n por ofrecerle dinero a uniformados de la Polic\u00eda para evitar una requisa","datePublished":"2022-08-24T21:05:08+00:00","dateModified":"2022-08-24T21:05:08+00:00","mainEntityOfPage":{"@id":"https:\/\/www.fiscalia.gov.co\/colombia\/noticias\/condenados-a-mas-de-tres-anos-de-prision-por-ofrecerle-dinero-a-uniformados-de-la-policia-para-evitar-una-requisa\/"},"wordCount":388,"publisher":{"@id":"https:\/\/www.fiscalia.gov.co\/colombia\/#organization"},"keywords":["barrio La Isabela","cohecho por dar u ofrecer y receptaci\u00f3n","de Ronny Dominid Quintero Garc\u00eda","el sector San Marcel","Fiscal\u00eda General de la Naci\u00f3n","Fiscal\u00eda Seccional Caldas","Manizales (Caldas)","Villamar\u00eda (Caldas)","Yordy Yampier Quintero Garc\u00eda y Christopher C\u00e1rdenas"],"articleSection":["Noticias","Seccional Manizales","Seccionales","Seguridad territorial"],"inLanguage":"es-CO"},{"@type":"WebPage","@id":"https:\/\/www.fiscalia.gov.co\/colombia\/noticias\/condenados-a-mas-de-tres-anos-de-prision-por-ofrecerle-dinero-a-uniformados-de-la-policia-para-evitar-una-requisa\/","url":"https:\/\/www.fiscalia.gov.co\/colombia\/noticias\/condenados-a-mas-de-tres-anos-de-prision-por-ofrecerle-dinero-a-uniformados-de-la-policia-para-evitar-una-requisa\/","name":"Fiscal\u00eda General de la Naci\u00f3n","isPartOf":{"@id":"https:\/\/www.fiscalia.gov.co\/colombia\/#website"},"datePublished":"2022-08-24T21:05:08+00:00","dateModified":"2022-08-24T21:05:08+00:00","description":"P\u00e1gina oficial de la Fiscal\u00eda General de la Naci\u00f3n \u2013 Colombia. Garantizamos el acceso efectivo a la justicia, la verdad y la reparaci\u00f3n de las v\u00edctimas de los delitos.","breadcrumb":{"@id":"https:\/\/www.fiscalia.gov.co\/colombia\/noticias\/condenados-a-mas-de-tres-anos-de-prision-por-ofrecerle-dinero-a-uniformados-de-la-policia-para-evitar-una-requisa\/#breadcrumb"},"inLanguage":"es-CO","potentialAction":[{"@type":"ReadAction","target":["https:\/\/www.fiscalia.gov.co\/colombia\/noticias\/condenados-a-mas-de-tres-anos-de-prision-por-ofrecerle-dinero-a-uniformados-de-la-policia-para-evitar-una-requisa\/"]}]},{"@type":"BreadcrumbList","@id":"https:\/\/www.fiscalia.gov.co\/colombia\/noticias\/condenados-a-mas-de-tres-anos-de-prision-por-ofrecerle-dinero-a-uniformados-de-la-policia-para-evitar-una-requisa\/#breadcrumb","itemListElement":[{"@type":"ListItem","position":1,"name":"Home","item":"https:\/\/www.fiscalia.gov.co\/colombia\/"},{"@type":"ListItem","position":2,"name":"Condenados a m\u00e1s de tres a\u00f1os de prisi\u00f3n por ofrecerle dinero a uniformados de la Polic\u00eda para evitar una requisa"}]},{"@type":"WebSite","@id":"https:\/\/www.fiscalia.gov.co\/colombia\/#website","url":"https:\/\/www.fiscalia.gov.co\/colombia\/","name":"Fiscal\u00eda General de la Naci\u00f3n","description":"P\u00e1gina oficial de la Fiscal\u00eda General de la Naci\u00f3n \u2013 Colombia. Garantizamos el acceso efectivo a la justicia, la verdad y la reparaci\u00f3n de las v\u00edctimas de los delitos.","publisher":{"@id":"https:\/\/www.fiscalia.gov.co\/colombia\/#organization"},"potentialAction":[{"@type":"SearchAction","target":{"@type":"EntryPoint","urlTemplate":"https:\/\/www.fiscalia.gov.co\/colombia\/?s={search_term_string}"},"query-input":{"@type":"PropertyValueSpecification","valueRequired":true,"valueName":"search_term_string"}}],"inLanguage":"es-CO"},{"@type":"Organization","@id":"https:\/\/www.fiscalia.gov.co\/colombia\/#organization","name":"Fiscal\u00eda General de la Naci\u00f3n","url":"https:\/\/www.fiscalia.gov.co\/colombia\/","logo":{"@type":"ImageObject","inLanguage":"es-CO","@id":"https:\/\/www.fiscalia.gov.co\/colombia\/#\/schema\/logo\/image\/","url":"https:\/\/www.fiscalia.gov.co\/colombia\/wp-content\/uploads\/LogoHorizontal_1.jpg","contentUrl":"https:\/\/www.fiscalia.gov.co\/colombia\/wp-content\/uploads\/LogoHorizontal_1.jpg","width":300,"height":90,"caption":"Fiscal\u00eda General de la Naci\u00f3n"},"image":{"@id":"https:\/\/www.fiscalia.gov.co\/colombia\/#\/schema\/logo\/image\/"},"sameAs":["https:\/\/www.facebook.com\/FiscaliaCol","https:\/\/x.com\/FiscaliaCol","https:\/\/www.instagram.com\/fiscaliacol","https:\/\/www.linkedin.com\/company\/fiscalia-general-de-la-naci-n\/","https:\/\/youtube.com\/@fiscaliageneraldelanacion-4668?si=6nN79nyQICPU5iTh"]},{"@type":"Person","@id":"https:\/\/www.fiscalia.gov.co\/colombia\/#\/schema\/person\/bf84402cf293a5393e9c70b111020b24","name":"Jordan Leandro Oviedo Anzola","image":{"@type":"ImageObject","inLanguage":"es-CO","@id":"https:\/\/www.fiscalia.gov.co\/colombia\/#\/schema\/person\/image\/","url":"https:\/\/secure.gravatar.com\/avatar\/dabba4346fa9b9207d96adafa8f92721?s=96&d=mm&r=g","contentUrl":"https:\/\/secure.gravatar.com\/avatar\/dabba4346fa9b9207d96adafa8f92721?s=96&d=mm&r=g","caption":"Jordan Leandro Oviedo Anzola"},"url":"https:\/\/www.fiscalia.gov.co\/colombia\/author\/joviedo\/"}]}},"_links":{"self":[{"href":"https:\/\/www.fiscalia.gov.co\/colombia\/wp-json\/wp\/v2\/posts\/255479","targetHints":{"allow":["GET"]}}],"collection":[{"href":"https:\/\/www.fiscalia.gov.co\/colombia\/wp-json\/wp\/v2\/posts"}],"about":[{"href":"https:\/\/www.fiscalia.gov.co\/colombia\/wp-json\/wp\/v2\/types\/post"}],"author":[{"embeddable":true,"href":"https:\/\/www.fiscalia.gov.co\/colombia\/wp-json\/wp\/v2\/users\/177"}],"replies":[{"embeddable":true,"href":"https:\/\/www.fiscalia.gov.co\/colombia\/wp-json\/wp\/v2\/comments?post=255479"}],"version-history":[{"count":1,"href":"https:\/\/www.fiscalia.gov.co\/colombia\/wp-json\/wp\/v2\/posts\/255479\/revisions"}],"predecessor-version":[{"id":255480,"href":"https:\/\/www.fiscalia.gov.co\/colombia\/wp-json\/wp\/v2\/posts\/255479\/revisions\/255480"}],"wp:attachment":[{"href":"https:\/\/www.fiscalia.gov.co\/colombia\/wp-json\/wp\/v2\/media?parent=255479"}],"wp:term":[{"taxonomy":"category","embeddable":true,"href":"https:\/\/www.fiscalia.gov.co\/colombia\/wp-json\/wp\/v2\/categories?post=255479"},{"taxonomy":"post_tag","embeddable":true,"href":"https:\/\/www.fiscalia.gov.co\/colombia\/wp-json\/wp\/v2\/tags?post=255479"}],"curies":[{"name":"wp","href":"https:\/\/api.w.org\/{rel}","templated":true}]}}