{"id":255221,"date":"2022-08-19T20:07:23","date_gmt":"2022-08-20T01:07:23","guid":{"rendered":"https:\/\/www.fiscalia.gov.co\/colombia\/?p=255221"},"modified":"2022-08-20T10:13:57","modified_gmt":"2022-08-20T15:13:57","slug":"ex-parroco-de-una-iglesia-del-tolima-fue-condenado-a-21-anos-de-prision-por-haber-abusado-de-un-par-de-hermanas","status":"publish","type":"post","link":"https:\/\/www.fiscalia.gov.co\/colombia\/noticias\/ex-parroco-de-una-iglesia-del-tolima-fue-condenado-a-21-anos-de-prision-por-haber-abusado-de-un-par-de-hermanas\/","title":{"rendered":"Ex p\u00e1rroco\u00a0de una iglesia del Tolima fue\u00a0condenado a 21 a\u00f1os de prisi\u00f3n\u00a0por haber abusado\u00a0de\u00a0un par de hermanas"},"content":{"rendered":"<blockquote>\n<h4 style=\"text-align: left;\"><strong><em>Una de las menores era su ac\u00f3lito en la iglesia que \u00e9l dirig\u00eda en zona rural del Cunday, Tolima.<\/em><\/strong><\/h4>\n<\/blockquote>\n<p>&nbsp;<\/p>\n<p>La Fiscal\u00eda logr\u00f3 que un juez condenara a 21 a\u00f1os de c\u00e1rcel a\u00a0<a href=\"https:\/\/www.fiscalia.gov.co\/colombia\/noticias\/a-la-carcel-sacerdote-por-presuntos-delitos-sexuales-en-contra-de-dos-hermanas-de-7-y-14-anos-en-el-tolima\/\">Wilmar Quesada Pinto<\/a>, quien\u00a0acept\u00f3 su responsabilidad en los delitos de acceso carnal abusivo con menor de 14 a\u00f1os agravado, actos sexuales con menor de 14 a\u00f1os agravado y pornograf\u00eda con personas menores de 18 a\u00f1os.<\/p>\n<p>El fiscal del caso demostr\u00f3 que el hombre de 45 a\u00f1os quien para el momento de los hechos se desempe\u00f1aba como p\u00e1rroco de una iglesia en zona rural de Cunday (Tolima),\u00a0\u00a0abus\u00f3\u00a0de dos\u00a0hermanas de 7 y 14 a\u00f1os.<\/p>\n<p>Los hechos iniciaron\u00a0en el a\u00f1o 2018 cuando el condenado vincul\u00f3 a la ni\u00f1a mayor como ac\u00f3lita monaguillo de su parroquia.\u00a0Esta situaci\u00f3n fue aprovechada por el entonces religioso, para realizarle tocamientos inapropiados en sus partes \u00edntimas en repetidas ocasiones, as\u00ed como la toma de fotograf\u00edas \u00edntimas a la ni\u00f1a.<\/p>\n<p>Adem\u00e1s, se evidenci\u00f3\u00a0que en 2021 hizo lo mismo con la\u00a0hermana\u00a0menor quien ten\u00eda en ese momento 5 a\u00f1os de edad, aprovechando\u00a0que ella\u00a0acompa\u00f1aba\u00a0a\u00a0su mam\u00e1 a la casa cural.<\/p>\n<p>Fue as\u00ed como solo dos d\u00edas despu\u00e9s de conocer el hecho, fue capturado por\u00a0investigadores del CTI y la Sijin de la Polic\u00eda del Departamento del Tolima bajo la coordinaci\u00f3n de un despacho fiscal del municipio tolimense de Melgar. En las diligencias\u00a0de registro y allanamiento\u00a0se incautaron\u00a0varios celulares y un equipo de c\u00f3mputo con material que\u00a0ser\u00eda clave para\u00a0la investigaci\u00f3n.<\/p>\n<p>De ese material hab\u00eda dado cuenta la madre en su denuncia, al relatar que su hija mayor encontr\u00f3 en el computador del\u00a0ya condenado\u00a0im\u00e1genes con contenido pornogr\u00e1fico de sus hermanas menores de edad, debido a que, al parecer, las fotografiaba.Quesada Pinto permanece\u00a0privado de la libertad en un centro carcelario del Tolima.<\/p>\n<p>&nbsp;<\/p>\n<p>La Fiscal\u00eda habla con resultado<\/p>\n<p>&nbsp;<\/p>\n<p>PAAM\/FAGHFR\/FCL\/DST<\/p>\n<p><em>\u00a0<\/em><\/p>\n<p><em>La informaci\u00f3n contenida en este bolet\u00edn de prensa corresponde a la narraci\u00f3n de los hechos noticiosos objetivos, suministrados por los funcionarios encargados de adelantar\u00a0las\u00a0investigaciones penales al interior de la Fiscal\u00eda General de la Naci\u00f3n. Para el momento de la divulgaci\u00f3n de este comunicado, la situaci\u00f3n jur\u00eddica de la(s) persona(s) relacionada(s) se encuentra pendiente de resolver por la autoridad judicial competente, siempre bajo los preceptos de la presunci\u00f3n de inocencia, consagrados en el art\u00edculo 29 de la Constituci\u00f3n Pol\u00edtica y el art\u00edculo 7\u00ba de la Ley 906 de 2004.\u00a0 \u00a0 \u00a0 \u00a0 \u00a0\u00a0<\/em><\/p>\n\n<div class=\"twitter-share\"><a href=\"https:\/\/twitter.com\/intent\/tweet?via=fiscaliacol\" class=\"twitter-share-button\">Tweet<\/a><\/div>\n","protected":false},"excerpt":{"rendered":"<p>Una de las menores era su ac\u00f3lito en la iglesia que \u00e9l dirig\u00eda en zona rural del Cunday, Tolima. &nbsp; La Fiscal\u00eda logr\u00f3 que un juez condenara a 21 a\u00f1os [&hellip;]<\/p>\n","protected":false},"author":175,"featured_media":0,"comment_status":"closed","ping_status":"open","sticky":false,"template":"","format":"standard","meta":{"tdm_status":"","tdm_grid_status":"","footnotes":""},"categories":[1,329,24099],"tags":[24189,24305],"class_list":["post-255221","post","type-post","status-publish","format-standard","category-noticias","category-seccional-ibague","category-seguridad-territorial","tag-fiscal-francisco-barbosa-delgado","tag-fiscal-general-francisco-barbosa"],"yoast_head":"<!-- This site is optimized with the Yoast SEO plugin v24.3 - https:\/\/yoast.com\/wordpress\/plugins\/seo\/ -->\n<title>Fiscal\u00eda General de la Naci\u00f3n<\/title>\n<meta name=\"description\" content=\"P\u00e1gina oficial de la Fiscal\u00eda General de la Naci\u00f3n \u2013 Colombia. Garantizamos el acceso efectivo a la justicia, la verdad y la reparaci\u00f3n de las v\u00edctimas de los delitos.\" \/>\n<meta name=\"robots\" content=\"noindex, follow\" \/>\n<meta property=\"og:locale\" content=\"es_ES\" \/>\n<meta property=\"og:type\" content=\"article\" \/>\n<meta property=\"og:title\" content=\"Fiscal\u00eda General de la Naci\u00f3n\" \/>\n<meta property=\"og:description\" content=\"P\u00e1gina oficial de la Fiscal\u00eda General de la Naci\u00f3n \u2013 Colombia. Garantizamos el acceso efectivo a la justicia, la verdad y la reparaci\u00f3n de las v\u00edctimas de los delitos.\" \/>\n<meta property=\"og:url\" content=\"https:\/\/www.fiscalia.gov.co\/colombia\/noticias\/ex-parroco-de-una-iglesia-del-tolima-fue-condenado-a-21-anos-de-prision-por-haber-abusado-de-un-par-de-hermanas\/\" \/>\n<meta property=\"og:site_name\" content=\"Fiscal\u00eda General de la Naci\u00f3n\" \/>\n<meta property=\"article:publisher\" content=\"https:\/\/www.facebook.com\/FiscaliaCol\" \/>\n<meta property=\"article:published_time\" content=\"2022-08-20T01:07:23+00:00\" \/>\n<meta property=\"article:modified_time\" content=\"2022-08-20T15:13:57+00:00\" \/>\n<meta name=\"author\" content=\"Katherine Loaiza Mart\u00ednez\" \/>\n<meta name=\"twitter:card\" content=\"summary_large_image\" \/>\n<meta name=\"twitter:creator\" content=\"@FiscaliaCol\" \/>\n<meta name=\"twitter:site\" content=\"@FiscaliaCol\" \/>\n<meta name=\"twitter:label1\" content=\"Escrito por\" \/>\n\t<meta name=\"twitter:data1\" content=\"Katherine Loaiza Mart\u00ednez\" \/>\n\t<meta name=\"twitter:label2\" content=\"Tiempo de lectura\" \/>\n\t<meta name=\"twitter:data2\" content=\"2 minutos\" \/>\n<script type=\"application\/ld+json\" class=\"yoast-schema-graph\">{\"@context\":\"https:\/\/schema.org\",\"@graph\":[{\"@type\":\"Article\",\"@id\":\"https:\/\/www.fiscalia.gov.co\/colombia\/noticias\/ex-parroco-de-una-iglesia-del-tolima-fue-condenado-a-21-anos-de-prision-por-haber-abusado-de-un-par-de-hermanas\/#article\",\"isPartOf\":{\"@id\":\"https:\/\/www.fiscalia.gov.co\/colombia\/noticias\/ex-parroco-de-una-iglesia-del-tolima-fue-condenado-a-21-anos-de-prision-por-haber-abusado-de-un-par-de-hermanas\/\"},\"author\":{\"name\":\"Katherine Loaiza Mart\u00ednez\",\"@id\":\"https:\/\/www.fiscalia.gov.co\/colombia\/#\/schema\/person\/2e76b9aba5ecf875ed565ce4de0e0415\"},\"headline\":\"Ex p\u00e1rroco\u00a0de una iglesia del Tolima fue\u00a0condenado a 21 a\u00f1os de prisi\u00f3n\u00a0por haber abusado\u00a0de\u00a0un par de hermanas\",\"datePublished\":\"2022-08-20T01:07:23+00:00\",\"dateModified\":\"2022-08-20T15:13:57+00:00\",\"mainEntityOfPage\":{\"@id\":\"https:\/\/www.fiscalia.gov.co\/colombia\/noticias\/ex-parroco-de-una-iglesia-del-tolima-fue-condenado-a-21-anos-de-prision-por-haber-abusado-de-un-par-de-hermanas\/\"},\"wordCount\":470,\"publisher\":{\"@id\":\"https:\/\/www.fiscalia.gov.co\/colombia\/#organization\"},\"keywords\":[\"Fiscal Francisco Barbosa Delgado\",\"Fiscal General Francisco Barbosa\"],\"articleSection\":[\"Noticias\",\"Seccional Ibagu\u00e9\",\"Seguridad territorial\"],\"inLanguage\":\"es-CO\"},{\"@type\":\"WebPage\",\"@id\":\"https:\/\/www.fiscalia.gov.co\/colombia\/noticias\/ex-parroco-de-una-iglesia-del-tolima-fue-condenado-a-21-anos-de-prision-por-haber-abusado-de-un-par-de-hermanas\/\",\"url\":\"https:\/\/www.fiscalia.gov.co\/colombia\/noticias\/ex-parroco-de-una-iglesia-del-tolima-fue-condenado-a-21-anos-de-prision-por-haber-abusado-de-un-par-de-hermanas\/\",\"name\":\"Fiscal\u00eda General de la Naci\u00f3n\",\"isPartOf\":{\"@id\":\"https:\/\/www.fiscalia.gov.co\/colombia\/#website\"},\"datePublished\":\"2022-08-20T01:07:23+00:00\",\"dateModified\":\"2022-08-20T15:13:57+00:00\",\"description\":\"P\u00e1gina oficial de la Fiscal\u00eda General de la Naci\u00f3n \u2013 Colombia. Garantizamos el acceso efectivo a la justicia, la verdad y la reparaci\u00f3n de las v\u00edctimas de los delitos.\",\"breadcrumb\":{\"@id\":\"https:\/\/www.fiscalia.gov.co\/colombia\/noticias\/ex-parroco-de-una-iglesia-del-tolima-fue-condenado-a-21-anos-de-prision-por-haber-abusado-de-un-par-de-hermanas\/#breadcrumb\"},\"inLanguage\":\"es-CO\",\"potentialAction\":[{\"@type\":\"ReadAction\",\"target\":[\"https:\/\/www.fiscalia.gov.co\/colombia\/noticias\/ex-parroco-de-una-iglesia-del-tolima-fue-condenado-a-21-anos-de-prision-por-haber-abusado-de-un-par-de-hermanas\/\"]}]},{\"@type\":\"BreadcrumbList\",\"@id\":\"https:\/\/www.fiscalia.gov.co\/colombia\/noticias\/ex-parroco-de-una-iglesia-del-tolima-fue-condenado-a-21-anos-de-prision-por-haber-abusado-de-un-par-de-hermanas\/#breadcrumb\",\"itemListElement\":[{\"@type\":\"ListItem\",\"position\":1,\"name\":\"Home\",\"item\":\"https:\/\/www.fiscalia.gov.co\/colombia\/\"},{\"@type\":\"ListItem\",\"position\":2,\"name\":\"Ex p\u00e1rroco\u00a0de una iglesia del Tolima fue\u00a0condenado a 21 a\u00f1os de prisi\u00f3n\u00a0por haber abusado\u00a0de\u00a0un par de hermanas\"}]},{\"@type\":\"WebSite\",\"@id\":\"https:\/\/www.fiscalia.gov.co\/colombia\/#website\",\"url\":\"https:\/\/www.fiscalia.gov.co\/colombia\/\",\"name\":\"Fiscal\u00eda General de la Naci\u00f3n\",\"description\":\"P\u00e1gina oficial de la Fiscal\u00eda General de la Naci\u00f3n \u2013 Colombia. Garantizamos el acceso efectivo a la justicia, la verdad y la reparaci\u00f3n de las v\u00edctimas de los delitos.\",\"publisher\":{\"@id\":\"https:\/\/www.fiscalia.gov.co\/colombia\/#organization\"},\"potentialAction\":[{\"@type\":\"SearchAction\",\"target\":{\"@type\":\"EntryPoint\",\"urlTemplate\":\"https:\/\/www.fiscalia.gov.co\/colombia\/?s={search_term_string}\"},\"query-input\":{\"@type\":\"PropertyValueSpecification\",\"valueRequired\":true,\"valueName\":\"search_term_string\"}}],\"inLanguage\":\"es-CO\"},{\"@type\":\"Organization\",\"@id\":\"https:\/\/www.fiscalia.gov.co\/colombia\/#organization\",\"name\":\"Fiscal\u00eda General de la Naci\u00f3n\",\"url\":\"https:\/\/www.fiscalia.gov.co\/colombia\/\",\"logo\":{\"@type\":\"ImageObject\",\"inLanguage\":\"es-CO\",\"@id\":\"https:\/\/www.fiscalia.gov.co\/colombia\/#\/schema\/logo\/image\/\",\"url\":\"https:\/\/www.fiscalia.gov.co\/colombia\/wp-content\/uploads\/LogoHorizontal_1.jpg\",\"contentUrl\":\"https:\/\/www.fiscalia.gov.co\/colombia\/wp-content\/uploads\/LogoHorizontal_1.jpg\",\"width\":300,\"height\":90,\"caption\":\"Fiscal\u00eda General de la Naci\u00f3n\"},\"image\":{\"@id\":\"https:\/\/www.fiscalia.gov.co\/colombia\/#\/schema\/logo\/image\/\"},\"sameAs\":[\"https:\/\/www.facebook.com\/FiscaliaCol\",\"https:\/\/x.com\/FiscaliaCol\",\"https:\/\/www.instagram.com\/fiscaliacol\",\"https:\/\/www.linkedin.com\/company\/fiscalia-general-de-la-naci-n\/\",\"https:\/\/youtube.com\/@fiscaliageneraldelanacion-4668?si=6nN79nyQICPU5iTh\"]},{\"@type\":\"Person\",\"@id\":\"https:\/\/www.fiscalia.gov.co\/colombia\/#\/schema\/person\/2e76b9aba5ecf875ed565ce4de0e0415\",\"name\":\"Katherine Loaiza Mart\u00ednez\",\"image\":{\"@type\":\"ImageObject\",\"inLanguage\":\"es-CO\",\"@id\":\"https:\/\/www.fiscalia.gov.co\/colombia\/#\/schema\/person\/image\/\",\"url\":\"https:\/\/secure.gravatar.com\/avatar\/ab775a2f394c1b83b6d6f78680e57b50?s=96&d=mm&r=g\",\"contentUrl\":\"https:\/\/secure.gravatar.com\/avatar\/ab775a2f394c1b83b6d6f78680e57b50?s=96&d=mm&r=g\",\"caption\":\"Katherine Loaiza Mart\u00ednez\"},\"url\":\"https:\/\/www.fiscalia.gov.co\/colombia\/author\/kloaiza\/\"}]}<\/script>\n<!-- \/ Yoast SEO plugin. -->","yoast_head_json":{"title":"Fiscal\u00eda General de la Naci\u00f3n","description":"P\u00e1gina oficial de la Fiscal\u00eda General de la Naci\u00f3n \u2013 Colombia. Garantizamos el acceso efectivo a la justicia, la verdad y la reparaci\u00f3n de las v\u00edctimas de los delitos.","robots":{"index":"noindex","follow":"follow"},"og_locale":"es_ES","og_type":"article","og_title":"Fiscal\u00eda General de la Naci\u00f3n","og_description":"P\u00e1gina oficial de la Fiscal\u00eda General de la Naci\u00f3n \u2013 Colombia. Garantizamos el acceso efectivo a la justicia, la verdad y la reparaci\u00f3n de las v\u00edctimas de los delitos.","og_url":"https:\/\/www.fiscalia.gov.co\/colombia\/noticias\/ex-parroco-de-una-iglesia-del-tolima-fue-condenado-a-21-anos-de-prision-por-haber-abusado-de-un-par-de-hermanas\/","og_site_name":"Fiscal\u00eda General de la Naci\u00f3n","article_publisher":"https:\/\/www.facebook.com\/FiscaliaCol","article_published_time":"2022-08-20T01:07:23+00:00","article_modified_time":"2022-08-20T15:13:57+00:00","author":"Katherine Loaiza Mart\u00ednez","twitter_card":"summary_large_image","twitter_creator":"@FiscaliaCol","twitter_site":"@FiscaliaCol","twitter_misc":{"Escrito por":"Katherine Loaiza Mart\u00ednez","Tiempo de lectura":"2 minutos"},"schema":{"@context":"https:\/\/schema.org","@graph":[{"@type":"Article","@id":"https:\/\/www.fiscalia.gov.co\/colombia\/noticias\/ex-parroco-de-una-iglesia-del-tolima-fue-condenado-a-21-anos-de-prision-por-haber-abusado-de-un-par-de-hermanas\/#article","isPartOf":{"@id":"https:\/\/www.fiscalia.gov.co\/colombia\/noticias\/ex-parroco-de-una-iglesia-del-tolima-fue-condenado-a-21-anos-de-prision-por-haber-abusado-de-un-par-de-hermanas\/"},"author":{"name":"Katherine Loaiza Mart\u00ednez","@id":"https:\/\/www.fiscalia.gov.co\/colombia\/#\/schema\/person\/2e76b9aba5ecf875ed565ce4de0e0415"},"headline":"Ex p\u00e1rroco\u00a0de una iglesia del Tolima fue\u00a0condenado a 21 a\u00f1os de prisi\u00f3n\u00a0por haber abusado\u00a0de\u00a0un par de hermanas","datePublished":"2022-08-20T01:07:23+00:00","dateModified":"2022-08-20T15:13:57+00:00","mainEntityOfPage":{"@id":"https:\/\/www.fiscalia.gov.co\/colombia\/noticias\/ex-parroco-de-una-iglesia-del-tolima-fue-condenado-a-21-anos-de-prision-por-haber-abusado-de-un-par-de-hermanas\/"},"wordCount":470,"publisher":{"@id":"https:\/\/www.fiscalia.gov.co\/colombia\/#organization"},"keywords":["Fiscal Francisco Barbosa Delgado","Fiscal General Francisco Barbosa"],"articleSection":["Noticias","Seccional Ibagu\u00e9","Seguridad territorial"],"inLanguage":"es-CO"},{"@type":"WebPage","@id":"https:\/\/www.fiscalia.gov.co\/colombia\/noticias\/ex-parroco-de-una-iglesia-del-tolima-fue-condenado-a-21-anos-de-prision-por-haber-abusado-de-un-par-de-hermanas\/","url":"https:\/\/www.fiscalia.gov.co\/colombia\/noticias\/ex-parroco-de-una-iglesia-del-tolima-fue-condenado-a-21-anos-de-prision-por-haber-abusado-de-un-par-de-hermanas\/","name":"Fiscal\u00eda General de la Naci\u00f3n","isPartOf":{"@id":"https:\/\/www.fiscalia.gov.co\/colombia\/#website"},"datePublished":"2022-08-20T01:07:23+00:00","dateModified":"2022-08-20T15:13:57+00:00","description":"P\u00e1gina oficial de la Fiscal\u00eda General de la Naci\u00f3n \u2013 Colombia. Garantizamos el acceso efectivo a la justicia, la verdad y la reparaci\u00f3n de las v\u00edctimas de los delitos.","breadcrumb":{"@id":"https:\/\/www.fiscalia.gov.co\/colombia\/noticias\/ex-parroco-de-una-iglesia-del-tolima-fue-condenado-a-21-anos-de-prision-por-haber-abusado-de-un-par-de-hermanas\/#breadcrumb"},"inLanguage":"es-CO","potentialAction":[{"@type":"ReadAction","target":["https:\/\/www.fiscalia.gov.co\/colombia\/noticias\/ex-parroco-de-una-iglesia-del-tolima-fue-condenado-a-21-anos-de-prision-por-haber-abusado-de-un-par-de-hermanas\/"]}]},{"@type":"BreadcrumbList","@id":"https:\/\/www.fiscalia.gov.co\/colombia\/noticias\/ex-parroco-de-una-iglesia-del-tolima-fue-condenado-a-21-anos-de-prision-por-haber-abusado-de-un-par-de-hermanas\/#breadcrumb","itemListElement":[{"@type":"ListItem","position":1,"name":"Home","item":"https:\/\/www.fiscalia.gov.co\/colombia\/"},{"@type":"ListItem","position":2,"name":"Ex p\u00e1rroco\u00a0de una iglesia del Tolima fue\u00a0condenado a 21 a\u00f1os de prisi\u00f3n\u00a0por haber abusado\u00a0de\u00a0un par de hermanas"}]},{"@type":"WebSite","@id":"https:\/\/www.fiscalia.gov.co\/colombia\/#website","url":"https:\/\/www.fiscalia.gov.co\/colombia\/","name":"Fiscal\u00eda General de la Naci\u00f3n","description":"P\u00e1gina oficial de la Fiscal\u00eda General de la Naci\u00f3n \u2013 Colombia. Garantizamos el acceso efectivo a la justicia, la verdad y la reparaci\u00f3n de las v\u00edctimas de los delitos.","publisher":{"@id":"https:\/\/www.fiscalia.gov.co\/colombia\/#organization"},"potentialAction":[{"@type":"SearchAction","target":{"@type":"EntryPoint","urlTemplate":"https:\/\/www.fiscalia.gov.co\/colombia\/?s={search_term_string}"},"query-input":{"@type":"PropertyValueSpecification","valueRequired":true,"valueName":"search_term_string"}}],"inLanguage":"es-CO"},{"@type":"Organization","@id":"https:\/\/www.fiscalia.gov.co\/colombia\/#organization","name":"Fiscal\u00eda General de la Naci\u00f3n","url":"https:\/\/www.fiscalia.gov.co\/colombia\/","logo":{"@type":"ImageObject","inLanguage":"es-CO","@id":"https:\/\/www.fiscalia.gov.co\/colombia\/#\/schema\/logo\/image\/","url":"https:\/\/www.fiscalia.gov.co\/colombia\/wp-content\/uploads\/LogoHorizontal_1.jpg","contentUrl":"https:\/\/www.fiscalia.gov.co\/colombia\/wp-content\/uploads\/LogoHorizontal_1.jpg","width":300,"height":90,"caption":"Fiscal\u00eda General de la Naci\u00f3n"},"image":{"@id":"https:\/\/www.fiscalia.gov.co\/colombia\/#\/schema\/logo\/image\/"},"sameAs":["https:\/\/www.facebook.com\/FiscaliaCol","https:\/\/x.com\/FiscaliaCol","https:\/\/www.instagram.com\/fiscaliacol","https:\/\/www.linkedin.com\/company\/fiscalia-general-de-la-naci-n\/","https:\/\/youtube.com\/@fiscaliageneraldelanacion-4668?si=6nN79nyQICPU5iTh"]},{"@type":"Person","@id":"https:\/\/www.fiscalia.gov.co\/colombia\/#\/schema\/person\/2e76b9aba5ecf875ed565ce4de0e0415","name":"Katherine Loaiza Mart\u00ednez","image":{"@type":"ImageObject","inLanguage":"es-CO","@id":"https:\/\/www.fiscalia.gov.co\/colombia\/#\/schema\/person\/image\/","url":"https:\/\/secure.gravatar.com\/avatar\/ab775a2f394c1b83b6d6f78680e57b50?s=96&d=mm&r=g","contentUrl":"https:\/\/secure.gravatar.com\/avatar\/ab775a2f394c1b83b6d6f78680e57b50?s=96&d=mm&r=g","caption":"Katherine Loaiza Mart\u00ednez"},"url":"https:\/\/www.fiscalia.gov.co\/colombia\/author\/kloaiza\/"}]}},"_links":{"self":[{"href":"https:\/\/www.fiscalia.gov.co\/colombia\/wp-json\/wp\/v2\/posts\/255221","targetHints":{"allow":["GET"]}}],"collection":[{"href":"https:\/\/www.fiscalia.gov.co\/colombia\/wp-json\/wp\/v2\/posts"}],"about":[{"href":"https:\/\/www.fiscalia.gov.co\/colombia\/wp-json\/wp\/v2\/types\/post"}],"author":[{"embeddable":true,"href":"https:\/\/www.fiscalia.gov.co\/colombia\/wp-json\/wp\/v2\/users\/175"}],"replies":[{"embeddable":true,"href":"https:\/\/www.fiscalia.gov.co\/colombia\/wp-json\/wp\/v2\/comments?post=255221"}],"version-history":[{"count":2,"href":"https:\/\/www.fiscalia.gov.co\/colombia\/wp-json\/wp\/v2\/posts\/255221\/revisions"}],"predecessor-version":[{"id":255239,"href":"https:\/\/www.fiscalia.gov.co\/colombia\/wp-json\/wp\/v2\/posts\/255221\/revisions\/255239"}],"wp:attachment":[{"href":"https:\/\/www.fiscalia.gov.co\/colombia\/wp-json\/wp\/v2\/media?parent=255221"}],"wp:term":[{"taxonomy":"category","embeddable":true,"href":"https:\/\/www.fiscalia.gov.co\/colombia\/wp-json\/wp\/v2\/categories?post=255221"},{"taxonomy":"post_tag","embeddable":true,"href":"https:\/\/www.fiscalia.gov.co\/colombia\/wp-json\/wp\/v2\/tags?post=255221"}],"curies":[{"name":"wp","href":"https:\/\/api.w.org\/{rel}","templated":true}]}}