{"id":254976,"date":"2022-08-17T09:35:18","date_gmt":"2022-08-17T14:35:18","guid":{"rendered":"https:\/\/www.fiscalia.gov.co\/colombia\/?p=254976"},"modified":"2022-08-17T09:35:18","modified_gmt":"2022-08-17T14:35:18","slug":"fiscalia-judicializo-dos-hombres-por-el-delito-de-trafico-fabricacion-y-porte-de-estupefacientes-en-yopal-casanare","status":"publish","type":"post","link":"https:\/\/www.fiscalia.gov.co\/colombia\/noticias\/fiscalia-judicializo-dos-hombres-por-el-delito-de-trafico-fabricacion-y-porte-de-estupefacientes-en-yopal-casanare\/","title":{"rendered":"Fiscal\u00eda judicializ\u00f3 dos hombres por el delito de tr\u00e1fico fabricaci\u00f3n y porte de estupefacientes en Yopal (Casanare)"},"content":{"rendered":"<p>En un trabajo coordinado por la Fiscal\u00eda Secci\u00f3n al Casanare, con el apoyo de la Polic\u00eda Nacional\u00a0logr\u00f3 la judicializaci\u00f3n de dos hombres, a quienes se les hall\u00f3 en su poder\u00a0<a href=\"https:\/\/www.fiscalia.gov.co\/colombia\/noticias\/en-hechos-distintos-fueron-aseguradas-siete-personas-que-se-dedicarian-al-trafico-de-estupefacientes-en-dos-municipios-del-huila\/\" data-saferedirecturl=\"https:\/\/www.google.com\/url?q=https:\/\/www.fiscalia.gov.co\/colombia\/noticias\/en-hechos-distintos-fueron-aseguradas-siete-personas-que-se-dedicarian-al-trafico-de-estupefacientes-en-dos-municipios-del-huila\/&amp;source=gmail&amp;ust=1660832191884000&amp;usg=AOvVaw2VqPryjNHvX0L8TG8eM9II\"><strong>sustancias alucin\u00f3genas<\/strong><\/a>\u00a0y que, al parecer, ser\u00edan los responsables de su comercializaci\u00f3n y transporte en Yopal (Casanare).<\/p>\n<figure id=\"attachment_254977\" aria-describedby=\"caption-attachment-254977\" style=\"width: 1140px\" class=\"wp-caption aligncenter\"><img loading=\"lazy\" decoding=\"async\" class=\"size-full wp-image-254977\" src=\"https:\/\/www.fiscalia.gov.co\/colombia\/wp-content\/uploads\/Jorge-Emilio-Martinez-Barrero.jpeg\" alt=\"\" width=\"1140\" height=\"1028\" srcset=\"https:\/\/www.fiscalia.gov.co\/colombia\/wp-content\/uploads\/Jorge-Emilio-Martinez-Barrero.jpeg 1140w, https:\/\/www.fiscalia.gov.co\/colombia\/wp-content\/uploads\/Jorge-Emilio-Martinez-Barrero-300x271.jpeg 300w, https:\/\/www.fiscalia.gov.co\/colombia\/wp-content\/uploads\/Jorge-Emilio-Martinez-Barrero-1024x923.jpeg 1024w, https:\/\/www.fiscalia.gov.co\/colombia\/wp-content\/uploads\/Jorge-Emilio-Martinez-Barrero-768x693.jpeg 768w, https:\/\/www.fiscalia.gov.co\/colombia\/wp-content\/uploads\/Jorge-Emilio-Martinez-Barrero-696x628.jpeg 696w, https:\/\/www.fiscalia.gov.co\/colombia\/wp-content\/uploads\/Jorge-Emilio-Martinez-Barrero-1068x963.jpeg 1068w, https:\/\/www.fiscalia.gov.co\/colombia\/wp-content\/uploads\/Jorge-Emilio-Martinez-Barrero-466x420.jpeg 466w\" sizes=\"auto, (max-width: 1140px) 100vw, 1140px\" \/><figcaption id=\"caption-attachment-254977\" class=\"wp-caption-text\">Jorge Emilio Mart\u00ednez Barrero fue judicializado y enviado a la c\u00e1rcel, por su presunta responsabilidad en el delito de tr\u00e1fico, fabricaci\u00f3n y porte de estupefacientes.<\/figcaption><\/figure>\n<p>El primero de los casos corresponde a la captura de\u00a0<strong>Jorge Emilio Mart\u00ednez Barrero,\u00a0<\/strong>quien el pasado 11 de agosto fue requerido por unidades de la Polic\u00eda Nacional, en zona rural de esa ciudad, para hacer efectiva una orden de captura emitida en su contra por un juzgado de Ch\u00e1meza, por su presunta responsabilidad en el delito de\u00a0<a href=\"https:\/\/www.fiscalia.gov.co\/colombia\/noticias\/judicializados-presuntos-responsables-de-microtrafico-en-meta\/\" data-saferedirecturl=\"https:\/\/www.google.com\/url?q=https:\/\/www.fiscalia.gov.co\/colombia\/noticias\/judicializados-presuntos-responsables-de-microtrafico-en-meta\/&amp;source=gmail&amp;ust=1660832191884000&amp;usg=AOvVaw1QX5SdW69qBeBp0XaetlUx\"><strong>tr\u00e1fico, fabricaci\u00f3n o porte de estupefacientes.<\/strong><\/a><\/p>\n<p>La investigaci\u00f3n se origin\u00f3 por la denuncia de un ciudadano instaurada en julio del 2021, que daba cuenta de que, presuntamente,\u00a0<strong>Mart\u00ednez Barrero\u00a0<\/strong>estar\u00eda inmerso en la venta de\u00a0<a href=\"https:\/\/www.fiscalia.gov.co\/colombia\/noticias\/medida-de-aseguramiento-a-seis-presuntos-integrantes-de-organizacion-dedicada-al-microtrafico\/\" data-saferedirecturl=\"https:\/\/www.google.com\/url?q=https:\/\/www.fiscalia.gov.co\/colombia\/noticias\/medida-de-aseguramiento-a-seis-presuntos-integrantes-de-organizacion-dedicada-al-microtrafico\/&amp;source=gmail&amp;ust=1660832191884000&amp;usg=AOvVaw0Y6K7yW7XM1mf_facauBAd\">estupefacientes<\/a>\u00a0bajo la modalidad de punto fijo en una vivienda del sector conocido como el Asentamiento Humano 15 de Octubre y a domicilio.<\/p>\n<p>Durante las audiencias concentradas, el juez aval\u00f3 los argumentos de la Fiscal\u00eda y lo priv\u00f3 de la libertad en establecimiento carcelario.<\/p>\n<p>En otro hecho,\u00a0 el pasado 12 de agosto fue capturado en flagrancia por uniformados de la Polic\u00eda Nacional,\u00a0<strong>Exon Arantes Irre\u00f1o Soloza\u00a0<\/strong>a<strong>\u00a0<\/strong>quien se le encontr\u00f3 en su poder una caja de cart\u00f3n, la cual, al ser verificada, se localizaron 360 gramos de algunas sustancias alucin\u00f3genas.<\/p>\n<p>El hallazgo se produjo durante en una actividad de registro y control de las personas que ingresan o salen de la terminal de transportes de Yopal, por parte de las autoridades.<\/p>\n<p>Un Fiscal de la seccional Casanare present\u00f3 ante un juez con funci\u00f3n de control de garant\u00edas a\u00a0<strong>Irre\u00f1o Soloza,\u00a0<\/strong>y lo imput\u00f3 por los delitos de\u00a0<a href=\"https:\/\/www.fiscalia.gov.co\/colombia\/noticias\/impactada-organizacion-ilegal-los-sinteticos-dedicada-presuntamente-al-trafico-de-estupefacientes-en-cartagena\/\" data-saferedirecturl=\"https:\/\/www.google.com\/url?q=https:\/\/www.fiscalia.gov.co\/colombia\/noticias\/impactada-organizacion-ilegal-los-sinteticos-dedicada-presuntamente-al-trafico-de-estupefacientes-en-cartagena\/&amp;source=gmail&amp;ust=1660832191884000&amp;usg=AOvVaw0H1esRzii_9tPxlg_VUNNp\"><strong>tr\u00e1fico y porte de estupefacientes<\/strong><\/a><strong>,<\/strong>\u00a0cargos que no acept\u00f3, no obstante, el juez del caso acogi\u00f3 todas las solicitudes del ente acusador y dict\u00f3 medida de aseguramientos consistente en reclusi\u00f3n en centro carcelario.<\/p>\n<p>Esta informaci\u00f3n se publica por razones de inter\u00e9s general.\u00a0<strong>\u00a0<\/strong><\/p>\n<p>&nbsp;<\/p>\n<p>&nbsp;<\/p>\n<p>La Fiscal\u00eda habla con resultados.<\/p>\n<p>&nbsp;<\/p>\n<p>&nbsp;<\/p>\n<p>LAZL\/MG\/RTVR\/CERP\/DSC\/<\/p>\n<p>&nbsp;<\/p>\n<p>&nbsp;<\/p>\n<p>&nbsp;<\/p>\n<p><u>Etiquetas<\/u>:\u00a0Fiscal\u00eda General de la Naci\u00f3n, captura, tr\u00e1fico fabricaci\u00f3n y porte de estupefacientes,\u00a0medida de aseguramiento.<\/p>\n<p><em>\u00a0<\/em><\/p>\n<p><em>\u00a0<\/em><\/p>\n<p><em>La informaci\u00f3n contenida en este bolet\u00edn de prensa corresponde a la narraci\u00f3n de los hechos noticiosos objetivos, suministrados por los funcionarios encargados de adelantar las investigaciones penales al interior de la Fiscal\u00eda General de la Naci\u00f3n. Para el momento de la divulgaci\u00f3n de este comunicado, la situaci\u00f3n jur\u00eddica de la(s) persona(s) relacionada(s) se encuentra pendiente de resolver por la autoridad judicial competente, siempre bajo los preceptos de la presunci\u00f3n de inocencia, consagrados en el art\u00edculo 29 de la Constituci\u00f3n Pol\u00edtica y el art\u00edculo 7\u00ba de la Ley 906 de 2004.<\/em><\/p>\n\n<div class=\"twitter-share\"><a href=\"https:\/\/twitter.com\/intent\/tweet?via=fiscaliacol\" class=\"twitter-share-button\">Tweet<\/a><\/div>\n","protected":false},"excerpt":{"rendered":"<p>En un trabajo coordinado por la Fiscal\u00eda Secci\u00f3n al Casanare, con el apoyo de la Polic\u00eda Nacional\u00a0logr\u00f3 la judicializaci\u00f3n de dos hombres, a quienes se les hall\u00f3 en su poder\u00a0sustancias alucin\u00f3genas\u00a0y que, al parecer, ser\u00edan los responsables de su comercializaci\u00f3n y transporte en Yopal (Casanare). El primero de los casos corresponde a la captura de\u00a0Jorge [&hellip;]<\/p>\n","protected":false},"author":175,"featured_media":0,"comment_status":"closed","ping_status":"open","sticky":false,"template":"","format":"standard","meta":{"_price":"","_stock":"","_tribe_ticket_header":"","_tribe_default_ticket_provider":"","_tribe_ticket_capacity":"0","_ticket_start_date":"","_ticket_end_date":"","_tribe_ticket_show_description":"","_tribe_ticket_show_not_going":false,"_tribe_ticket_use_global_stock":"","_tribe_ticket_global_stock_level":"","_global_stock_mode":"","_global_stock_cap":"","_tribe_rsvp_for_event":"","_tribe_ticket_going_count":"","_tribe_ticket_not_going_count":"","_tribe_tickets_list":"[]","_tribe_ticket_has_attendee_info_fields":false,"tdm_status":"","tdm_grid_status":"","footnotes":""},"categories":[1,16751,24099],"tags":[24189],"class_list":{"0":"post-254976","1":"post","2":"type-post","3":"status-publish","4":"format-standard","6":"category-noticias","7":"category-seccional-casanare","8":"category-seguridad-territorial","9":"tag-fiscal-francisco-barbosa-delgado"},"yoast_head":"<!-- This site is optimized with the Yoast SEO plugin v24.3 - https:\/\/yoast.com\/wordpress\/plugins\/seo\/ -->\n<title>Fiscal\u00eda General de la Naci\u00f3n<\/title>\n<meta name=\"description\" content=\"P\u00e1gina oficial de la Fiscal\u00eda General de la Naci\u00f3n \u2013 Colombia. Garantizamos el acceso efectivo a la justicia, la verdad y la reparaci\u00f3n de las v\u00edctimas de los delitos.\" \/>\n<meta name=\"robots\" content=\"noindex, follow\" \/>\n<meta property=\"og:locale\" content=\"es_ES\" \/>\n<meta property=\"og:type\" content=\"article\" \/>\n<meta property=\"og:title\" content=\"Fiscal\u00eda General de la Naci\u00f3n\" \/>\n<meta property=\"og:description\" content=\"P\u00e1gina oficial de la Fiscal\u00eda General de la Naci\u00f3n \u2013 Colombia. Garantizamos el acceso efectivo a la justicia, la verdad y la reparaci\u00f3n de las v\u00edctimas de los delitos.\" \/>\n<meta property=\"og:url\" content=\"https:\/\/www.fiscalia.gov.co\/colombia\/noticias\/fiscalia-judicializo-dos-hombres-por-el-delito-de-trafico-fabricacion-y-porte-de-estupefacientes-en-yopal-casanare\/\" \/>\n<meta property=\"og:site_name\" content=\"Fiscal\u00eda General de la Naci\u00f3n\" \/>\n<meta property=\"article:publisher\" content=\"https:\/\/www.facebook.com\/FiscaliaCol\" \/>\n<meta property=\"article:published_time\" content=\"2022-08-17T14:35:18+00:00\" \/>\n<meta property=\"og:image\" content=\"https:\/\/www.fiscalia.gov.co\/colombia\/wp-content\/uploads\/Jorge-Emilio-Martinez-Barrero.jpeg\" \/>\n<meta name=\"author\" content=\"Katherine Loaiza Mart\u00ednez\" \/>\n<meta name=\"twitter:card\" content=\"summary_large_image\" \/>\n<meta name=\"twitter:creator\" content=\"@FiscaliaCol\" \/>\n<meta name=\"twitter:site\" content=\"@FiscaliaCol\" \/>\n<meta name=\"twitter:label1\" content=\"Escrito por\" \/>\n\t<meta name=\"twitter:data1\" content=\"Katherine Loaiza Mart\u00ednez\" \/>\n\t<meta name=\"twitter:label2\" content=\"Tiempo de lectura\" \/>\n\t<meta name=\"twitter:data2\" content=\"3 minutos\" \/>\n<script type=\"application\/ld+json\" class=\"yoast-schema-graph\">{\"@context\":\"https:\/\/schema.org\",\"@graph\":[{\"@type\":\"Article\",\"@id\":\"https:\/\/www.fiscalia.gov.co\/colombia\/noticias\/fiscalia-judicializo-dos-hombres-por-el-delito-de-trafico-fabricacion-y-porte-de-estupefacientes-en-yopal-casanare\/#article\",\"isPartOf\":{\"@id\":\"https:\/\/www.fiscalia.gov.co\/colombia\/noticias\/fiscalia-judicializo-dos-hombres-por-el-delito-de-trafico-fabricacion-y-porte-de-estupefacientes-en-yopal-casanare\/\"},\"author\":{\"name\":\"Katherine Loaiza Mart\u00ednez\",\"@id\":\"https:\/\/www.fiscalia.gov.co\/colombia\/#\/schema\/person\/2e76b9aba5ecf875ed565ce4de0e0415\"},\"headline\":\"Fiscal\u00eda judicializ\u00f3 dos hombres por el delito de tr\u00e1fico fabricaci\u00f3n y porte de estupefacientes en Yopal (Casanare)\",\"datePublished\":\"2022-08-17T14:35:18+00:00\",\"dateModified\":\"2022-08-17T14:35:18+00:00\",\"mainEntityOfPage\":{\"@id\":\"https:\/\/www.fiscalia.gov.co\/colombia\/noticias\/fiscalia-judicializo-dos-hombres-por-el-delito-de-trafico-fabricacion-y-porte-de-estupefacientes-en-yopal-casanare\/\"},\"wordCount\":549,\"publisher\":{\"@id\":\"https:\/\/www.fiscalia.gov.co\/colombia\/#organization\"},\"image\":{\"@id\":\"https:\/\/www.fiscalia.gov.co\/colombia\/noticias\/fiscalia-judicializo-dos-hombres-por-el-delito-de-trafico-fabricacion-y-porte-de-estupefacientes-en-yopal-casanare\/#primaryimage\"},\"thumbnailUrl\":\"https:\/\/www.fiscalia.gov.co\/colombia\/wp-content\/uploads\/Jorge-Emilio-Martinez-Barrero.jpeg\",\"keywords\":[\"Fiscal Francisco Barbosa Delgado\"],\"articleSection\":[\"Noticias\",\"Seccional Casanare\",\"Seguridad territorial\"],\"inLanguage\":\"es-CO\"},{\"@type\":\"WebPage\",\"@id\":\"https:\/\/www.fiscalia.gov.co\/colombia\/noticias\/fiscalia-judicializo-dos-hombres-por-el-delito-de-trafico-fabricacion-y-porte-de-estupefacientes-en-yopal-casanare\/\",\"url\":\"https:\/\/www.fiscalia.gov.co\/colombia\/noticias\/fiscalia-judicializo-dos-hombres-por-el-delito-de-trafico-fabricacion-y-porte-de-estupefacientes-en-yopal-casanare\/\",\"name\":\"Fiscal\u00eda General de la Naci\u00f3n\",\"isPartOf\":{\"@id\":\"https:\/\/www.fiscalia.gov.co\/colombia\/#website\"},\"primaryImageOfPage\":{\"@id\":\"https:\/\/www.fiscalia.gov.co\/colombia\/noticias\/fiscalia-judicializo-dos-hombres-por-el-delito-de-trafico-fabricacion-y-porte-de-estupefacientes-en-yopal-casanare\/#primaryimage\"},\"image\":{\"@id\":\"https:\/\/www.fiscalia.gov.co\/colombia\/noticias\/fiscalia-judicializo-dos-hombres-por-el-delito-de-trafico-fabricacion-y-porte-de-estupefacientes-en-yopal-casanare\/#primaryimage\"},\"thumbnailUrl\":\"https:\/\/www.fiscalia.gov.co\/colombia\/wp-content\/uploads\/Jorge-Emilio-Martinez-Barrero.jpeg\",\"datePublished\":\"2022-08-17T14:35:18+00:00\",\"dateModified\":\"2022-08-17T14:35:18+00:00\",\"description\":\"P\u00e1gina oficial de la Fiscal\u00eda General de la Naci\u00f3n \u2013 Colombia. Garantizamos el acceso efectivo a la justicia, la verdad y la reparaci\u00f3n de las v\u00edctimas de los delitos.\",\"breadcrumb\":{\"@id\":\"https:\/\/www.fiscalia.gov.co\/colombia\/noticias\/fiscalia-judicializo-dos-hombres-por-el-delito-de-trafico-fabricacion-y-porte-de-estupefacientes-en-yopal-casanare\/#breadcrumb\"},\"inLanguage\":\"es-CO\",\"potentialAction\":[{\"@type\":\"ReadAction\",\"target\":[\"https:\/\/www.fiscalia.gov.co\/colombia\/noticias\/fiscalia-judicializo-dos-hombres-por-el-delito-de-trafico-fabricacion-y-porte-de-estupefacientes-en-yopal-casanare\/\"]}]},{\"@type\":\"ImageObject\",\"inLanguage\":\"es-CO\",\"@id\":\"https:\/\/www.fiscalia.gov.co\/colombia\/noticias\/fiscalia-judicializo-dos-hombres-por-el-delito-de-trafico-fabricacion-y-porte-de-estupefacientes-en-yopal-casanare\/#primaryimage\",\"url\":\"https:\/\/www.fiscalia.gov.co\/colombia\/wp-content\/uploads\/Jorge-Emilio-Martinez-Barrero.jpeg\",\"contentUrl\":\"https:\/\/www.fiscalia.gov.co\/colombia\/wp-content\/uploads\/Jorge-Emilio-Martinez-Barrero.jpeg\",\"width\":1140,\"height\":1028,\"caption\":\"Jorge Emilio Mart\u00ednez Barrero fue judicializado y enviado a la c\u00e1rcel, por su presunta responsabilidad en el delito de tr\u00e1fico, fabricaci\u00f3n y porte de estupefacientes.\u00a0\"},{\"@type\":\"BreadcrumbList\",\"@id\":\"https:\/\/www.fiscalia.gov.co\/colombia\/noticias\/fiscalia-judicializo-dos-hombres-por-el-delito-de-trafico-fabricacion-y-porte-de-estupefacientes-en-yopal-casanare\/#breadcrumb\",\"itemListElement\":[{\"@type\":\"ListItem\",\"position\":1,\"name\":\"Home\",\"item\":\"https:\/\/www.fiscalia.gov.co\/colombia\/\"},{\"@type\":\"ListItem\",\"position\":2,\"name\":\"Fiscal\u00eda judicializ\u00f3 dos hombres por el delito de tr\u00e1fico fabricaci\u00f3n y porte de estupefacientes en Yopal (Casanare)\"}]},{\"@type\":\"WebSite\",\"@id\":\"https:\/\/www.fiscalia.gov.co\/colombia\/#website\",\"url\":\"https:\/\/www.fiscalia.gov.co\/colombia\/\",\"name\":\"Fiscal\u00eda General de la Naci\u00f3n\",\"description\":\"P\u00e1gina oficial de la Fiscal\u00eda General de la Naci\u00f3n \u2013 Colombia. Garantizamos el acceso efectivo a la justicia, la verdad y la reparaci\u00f3n de las v\u00edctimas de los delitos.\",\"publisher\":{\"@id\":\"https:\/\/www.fiscalia.gov.co\/colombia\/#organization\"},\"potentialAction\":[{\"@type\":\"SearchAction\",\"target\":{\"@type\":\"EntryPoint\",\"urlTemplate\":\"https:\/\/www.fiscalia.gov.co\/colombia\/?s={search_term_string}\"},\"query-input\":{\"@type\":\"PropertyValueSpecification\",\"valueRequired\":true,\"valueName\":\"search_term_string\"}}],\"inLanguage\":\"es-CO\"},{\"@type\":\"Organization\",\"@id\":\"https:\/\/www.fiscalia.gov.co\/colombia\/#organization\",\"name\":\"Fiscal\u00eda General de la Naci\u00f3n\",\"url\":\"https:\/\/www.fiscalia.gov.co\/colombia\/\",\"logo\":{\"@type\":\"ImageObject\",\"inLanguage\":\"es-CO\",\"@id\":\"https:\/\/www.fiscalia.gov.co\/colombia\/#\/schema\/logo\/image\/\",\"url\":\"https:\/\/www.fiscalia.gov.co\/colombia\/wp-content\/uploads\/LogoHorizontal_1.jpg\",\"contentUrl\":\"https:\/\/www.fiscalia.gov.co\/colombia\/wp-content\/uploads\/LogoHorizontal_1.jpg\",\"width\":300,\"height\":90,\"caption\":\"Fiscal\u00eda General de la Naci\u00f3n\"},\"image\":{\"@id\":\"https:\/\/www.fiscalia.gov.co\/colombia\/#\/schema\/logo\/image\/\"},\"sameAs\":[\"https:\/\/www.facebook.com\/FiscaliaCol\",\"https:\/\/x.com\/FiscaliaCol\",\"https:\/\/www.instagram.com\/fiscaliacol\",\"https:\/\/www.linkedin.com\/company\/fiscalia-general-de-la-naci-n\/\",\"https:\/\/youtube.com\/@fiscaliageneraldelanacion-4668?si=6nN79nyQICPU5iTh\"]},{\"@type\":\"Person\",\"@id\":\"https:\/\/www.fiscalia.gov.co\/colombia\/#\/schema\/person\/2e76b9aba5ecf875ed565ce4de0e0415\",\"name\":\"Katherine Loaiza Mart\u00ednez\",\"image\":{\"@type\":\"ImageObject\",\"inLanguage\":\"es-CO\",\"@id\":\"https:\/\/www.fiscalia.gov.co\/colombia\/#\/schema\/person\/image\/\",\"url\":\"https:\/\/secure.gravatar.com\/avatar\/ab775a2f394c1b83b6d6f78680e57b50?s=96&d=mm&r=g\",\"contentUrl\":\"https:\/\/secure.gravatar.com\/avatar\/ab775a2f394c1b83b6d6f78680e57b50?s=96&d=mm&r=g\",\"caption\":\"Katherine Loaiza Mart\u00ednez\"},\"url\":\"https:\/\/www.fiscalia.gov.co\/colombia\/author\/kloaiza\/\"}]}<\/script>\n<!-- \/ Yoast SEO plugin. -->","yoast_head_json":{"title":"Fiscal\u00eda General de la Naci\u00f3n","description":"P\u00e1gina oficial de la Fiscal\u00eda General de la Naci\u00f3n \u2013 Colombia. Garantizamos el acceso efectivo a la justicia, la verdad y la reparaci\u00f3n de las v\u00edctimas de los delitos.","robots":{"index":"noindex","follow":"follow"},"og_locale":"es_ES","og_type":"article","og_title":"Fiscal\u00eda General de la Naci\u00f3n","og_description":"P\u00e1gina oficial de la Fiscal\u00eda General de la Naci\u00f3n \u2013 Colombia. Garantizamos el acceso efectivo a la justicia, la verdad y la reparaci\u00f3n de las v\u00edctimas de los delitos.","og_url":"https:\/\/www.fiscalia.gov.co\/colombia\/noticias\/fiscalia-judicializo-dos-hombres-por-el-delito-de-trafico-fabricacion-y-porte-de-estupefacientes-en-yopal-casanare\/","og_site_name":"Fiscal\u00eda General de la Naci\u00f3n","article_publisher":"https:\/\/www.facebook.com\/FiscaliaCol","article_published_time":"2022-08-17T14:35:18+00:00","og_image":[{"url":"https:\/\/www.fiscalia.gov.co\/colombia\/wp-content\/uploads\/Jorge-Emilio-Martinez-Barrero.jpeg","type":"","width":"","height":""}],"author":"Katherine Loaiza Mart\u00ednez","twitter_card":"summary_large_image","twitter_creator":"@FiscaliaCol","twitter_site":"@FiscaliaCol","twitter_misc":{"Escrito por":"Katherine Loaiza Mart\u00ednez","Tiempo de lectura":"3 minutos"},"schema":{"@context":"https:\/\/schema.org","@graph":[{"@type":"Article","@id":"https:\/\/www.fiscalia.gov.co\/colombia\/noticias\/fiscalia-judicializo-dos-hombres-por-el-delito-de-trafico-fabricacion-y-porte-de-estupefacientes-en-yopal-casanare\/#article","isPartOf":{"@id":"https:\/\/www.fiscalia.gov.co\/colombia\/noticias\/fiscalia-judicializo-dos-hombres-por-el-delito-de-trafico-fabricacion-y-porte-de-estupefacientes-en-yopal-casanare\/"},"author":{"name":"Katherine Loaiza Mart\u00ednez","@id":"https:\/\/www.fiscalia.gov.co\/colombia\/#\/schema\/person\/2e76b9aba5ecf875ed565ce4de0e0415"},"headline":"Fiscal\u00eda judicializ\u00f3 dos hombres por el delito de tr\u00e1fico fabricaci\u00f3n y porte de estupefacientes en Yopal (Casanare)","datePublished":"2022-08-17T14:35:18+00:00","dateModified":"2022-08-17T14:35:18+00:00","mainEntityOfPage":{"@id":"https:\/\/www.fiscalia.gov.co\/colombia\/noticias\/fiscalia-judicializo-dos-hombres-por-el-delito-de-trafico-fabricacion-y-porte-de-estupefacientes-en-yopal-casanare\/"},"wordCount":549,"publisher":{"@id":"https:\/\/www.fiscalia.gov.co\/colombia\/#organization"},"image":{"@id":"https:\/\/www.fiscalia.gov.co\/colombia\/noticias\/fiscalia-judicializo-dos-hombres-por-el-delito-de-trafico-fabricacion-y-porte-de-estupefacientes-en-yopal-casanare\/#primaryimage"},"thumbnailUrl":"https:\/\/www.fiscalia.gov.co\/colombia\/wp-content\/uploads\/Jorge-Emilio-Martinez-Barrero.jpeg","keywords":["Fiscal Francisco Barbosa Delgado"],"articleSection":["Noticias","Seccional Casanare","Seguridad territorial"],"inLanguage":"es-CO"},{"@type":"WebPage","@id":"https:\/\/www.fiscalia.gov.co\/colombia\/noticias\/fiscalia-judicializo-dos-hombres-por-el-delito-de-trafico-fabricacion-y-porte-de-estupefacientes-en-yopal-casanare\/","url":"https:\/\/www.fiscalia.gov.co\/colombia\/noticias\/fiscalia-judicializo-dos-hombres-por-el-delito-de-trafico-fabricacion-y-porte-de-estupefacientes-en-yopal-casanare\/","name":"Fiscal\u00eda General de la Naci\u00f3n","isPartOf":{"@id":"https:\/\/www.fiscalia.gov.co\/colombia\/#website"},"primaryImageOfPage":{"@id":"https:\/\/www.fiscalia.gov.co\/colombia\/noticias\/fiscalia-judicializo-dos-hombres-por-el-delito-de-trafico-fabricacion-y-porte-de-estupefacientes-en-yopal-casanare\/#primaryimage"},"image":{"@id":"https:\/\/www.fiscalia.gov.co\/colombia\/noticias\/fiscalia-judicializo-dos-hombres-por-el-delito-de-trafico-fabricacion-y-porte-de-estupefacientes-en-yopal-casanare\/#primaryimage"},"thumbnailUrl":"https:\/\/www.fiscalia.gov.co\/colombia\/wp-content\/uploads\/Jorge-Emilio-Martinez-Barrero.jpeg","datePublished":"2022-08-17T14:35:18+00:00","dateModified":"2022-08-17T14:35:18+00:00","description":"P\u00e1gina oficial de la Fiscal\u00eda General de la Naci\u00f3n \u2013 Colombia. Garantizamos el acceso efectivo a la justicia, la verdad y la reparaci\u00f3n de las v\u00edctimas de los delitos.","breadcrumb":{"@id":"https:\/\/www.fiscalia.gov.co\/colombia\/noticias\/fiscalia-judicializo-dos-hombres-por-el-delito-de-trafico-fabricacion-y-porte-de-estupefacientes-en-yopal-casanare\/#breadcrumb"},"inLanguage":"es-CO","potentialAction":[{"@type":"ReadAction","target":["https:\/\/www.fiscalia.gov.co\/colombia\/noticias\/fiscalia-judicializo-dos-hombres-por-el-delito-de-trafico-fabricacion-y-porte-de-estupefacientes-en-yopal-casanare\/"]}]},{"@type":"ImageObject","inLanguage":"es-CO","@id":"https:\/\/www.fiscalia.gov.co\/colombia\/noticias\/fiscalia-judicializo-dos-hombres-por-el-delito-de-trafico-fabricacion-y-porte-de-estupefacientes-en-yopal-casanare\/#primaryimage","url":"https:\/\/www.fiscalia.gov.co\/colombia\/wp-content\/uploads\/Jorge-Emilio-Martinez-Barrero.jpeg","contentUrl":"https:\/\/www.fiscalia.gov.co\/colombia\/wp-content\/uploads\/Jorge-Emilio-Martinez-Barrero.jpeg","width":1140,"height":1028,"caption":"Jorge Emilio Mart\u00ednez Barrero fue judicializado y enviado a la c\u00e1rcel, por su presunta responsabilidad en el delito de tr\u00e1fico, fabricaci\u00f3n y porte de estupefacientes.\u00a0"},{"@type":"BreadcrumbList","@id":"https:\/\/www.fiscalia.gov.co\/colombia\/noticias\/fiscalia-judicializo-dos-hombres-por-el-delito-de-trafico-fabricacion-y-porte-de-estupefacientes-en-yopal-casanare\/#breadcrumb","itemListElement":[{"@type":"ListItem","position":1,"name":"Home","item":"https:\/\/www.fiscalia.gov.co\/colombia\/"},{"@type":"ListItem","position":2,"name":"Fiscal\u00eda judicializ\u00f3 dos hombres por el delito de tr\u00e1fico fabricaci\u00f3n y porte de estupefacientes en Yopal (Casanare)"}]},{"@type":"WebSite","@id":"https:\/\/www.fiscalia.gov.co\/colombia\/#website","url":"https:\/\/www.fiscalia.gov.co\/colombia\/","name":"Fiscal\u00eda General de la Naci\u00f3n","description":"P\u00e1gina oficial de la Fiscal\u00eda General de la Naci\u00f3n \u2013 Colombia. Garantizamos el acceso efectivo a la justicia, la verdad y la reparaci\u00f3n de las v\u00edctimas de los delitos.","publisher":{"@id":"https:\/\/www.fiscalia.gov.co\/colombia\/#organization"},"potentialAction":[{"@type":"SearchAction","target":{"@type":"EntryPoint","urlTemplate":"https:\/\/www.fiscalia.gov.co\/colombia\/?s={search_term_string}"},"query-input":{"@type":"PropertyValueSpecification","valueRequired":true,"valueName":"search_term_string"}}],"inLanguage":"es-CO"},{"@type":"Organization","@id":"https:\/\/www.fiscalia.gov.co\/colombia\/#organization","name":"Fiscal\u00eda General de la Naci\u00f3n","url":"https:\/\/www.fiscalia.gov.co\/colombia\/","logo":{"@type":"ImageObject","inLanguage":"es-CO","@id":"https:\/\/www.fiscalia.gov.co\/colombia\/#\/schema\/logo\/image\/","url":"https:\/\/www.fiscalia.gov.co\/colombia\/wp-content\/uploads\/LogoHorizontal_1.jpg","contentUrl":"https:\/\/www.fiscalia.gov.co\/colombia\/wp-content\/uploads\/LogoHorizontal_1.jpg","width":300,"height":90,"caption":"Fiscal\u00eda General de la Naci\u00f3n"},"image":{"@id":"https:\/\/www.fiscalia.gov.co\/colombia\/#\/schema\/logo\/image\/"},"sameAs":["https:\/\/www.facebook.com\/FiscaliaCol","https:\/\/x.com\/FiscaliaCol","https:\/\/www.instagram.com\/fiscaliacol","https:\/\/www.linkedin.com\/company\/fiscalia-general-de-la-naci-n\/","https:\/\/youtube.com\/@fiscaliageneraldelanacion-4668?si=6nN79nyQICPU5iTh"]},{"@type":"Person","@id":"https:\/\/www.fiscalia.gov.co\/colombia\/#\/schema\/person\/2e76b9aba5ecf875ed565ce4de0e0415","name":"Katherine Loaiza Mart\u00ednez","image":{"@type":"ImageObject","inLanguage":"es-CO","@id":"https:\/\/www.fiscalia.gov.co\/colombia\/#\/schema\/person\/image\/","url":"https:\/\/secure.gravatar.com\/avatar\/ab775a2f394c1b83b6d6f78680e57b50?s=96&d=mm&r=g","contentUrl":"https:\/\/secure.gravatar.com\/avatar\/ab775a2f394c1b83b6d6f78680e57b50?s=96&d=mm&r=g","caption":"Katherine Loaiza Mart\u00ednez"},"url":"https:\/\/www.fiscalia.gov.co\/colombia\/author\/kloaiza\/"}]}},"_links":{"self":[{"href":"https:\/\/www.fiscalia.gov.co\/colombia\/wp-json\/wp\/v2\/posts\/254976","targetHints":{"allow":["GET"]}}],"collection":[{"href":"https:\/\/www.fiscalia.gov.co\/colombia\/wp-json\/wp\/v2\/posts"}],"about":[{"href":"https:\/\/www.fiscalia.gov.co\/colombia\/wp-json\/wp\/v2\/types\/post"}],"author":[{"embeddable":true,"href":"https:\/\/www.fiscalia.gov.co\/colombia\/wp-json\/wp\/v2\/users\/175"}],"replies":[{"embeddable":true,"href":"https:\/\/www.fiscalia.gov.co\/colombia\/wp-json\/wp\/v2\/comments?post=254976"}],"version-history":[{"count":1,"href":"https:\/\/www.fiscalia.gov.co\/colombia\/wp-json\/wp\/v2\/posts\/254976\/revisions"}],"predecessor-version":[{"id":254978,"href":"https:\/\/www.fiscalia.gov.co\/colombia\/wp-json\/wp\/v2\/posts\/254976\/revisions\/254978"}],"wp:attachment":[{"href":"https:\/\/www.fiscalia.gov.co\/colombia\/wp-json\/wp\/v2\/media?parent=254976"}],"wp:term":[{"taxonomy":"category","embeddable":true,"href":"https:\/\/www.fiscalia.gov.co\/colombia\/wp-json\/wp\/v2\/categories?post=254976"},{"taxonomy":"post_tag","embeddable":true,"href":"https:\/\/www.fiscalia.gov.co\/colombia\/wp-json\/wp\/v2\/tags?post=254976"}],"curies":[{"name":"wp","href":"https:\/\/api.w.org\/{rel}","templated":true}]}}