{"id":254973,"date":"2022-08-17T09:18:08","date_gmt":"2022-08-17T14:18:08","guid":{"rendered":"https:\/\/www.fiscalia.gov.co\/colombia\/?p=254973"},"modified":"2022-08-24T11:41:49","modified_gmt":"2022-08-24T16:41:49","slug":"fiscalia-desarticulo-a-los-velar-estructura-dedicada-al-homicidio-y-trafico-de-estupefacientes-en-cali","status":"publish","type":"post","link":"https:\/\/www.fiscalia.gov.co\/colombia\/noticias\/fiscalia-desarticulo-a-los-velar-estructura-dedicada-al-homicidio-y-trafico-de-estupefacientes-en-cali\/","title":{"rendered":"Fiscal\u00eda desarticul\u00f3 a &#8216;Los Velar&#8217;, estructura dedicada al homicidio y tr\u00e1fico de estupefacientes en Cali\u00a0"},"content":{"rendered":"<h4 style=\"text-align: left;\"><strong><em>Con la judicializaci\u00f3n de los hoy procesados se logr\u00f3 esclarecer tres homicidios que habr\u00edan realizado la banda delincuencial.\u00a0<\/em><\/strong><\/h4>\n<h4 style=\"text-align: left;\"><strong><em>Durante las diligencias judiciales\u00a0tres polic\u00edas activos fueron capturados por el delito de cohecho propio.\u00a0\u00a0<\/em><\/strong><\/h4>\n<p>La\u00a0 Fiscal\u00eda General de la Naci\u00f3n logr\u00f3 que un juez de control de garant\u00edas privar\u00e1 de la libertad en establecimiento carcelario a 12 presuntos integrantes de la banda Los Velar, por los delitos\u00a0de concierto para delinquir agravado, homicidio agravado, tentativa de homicidio agravado, fabricaci\u00f3n, tr\u00e1fico, y porte de armas de fuego, accesorios, partes y municiones, fabricaci\u00f3n, tr\u00e1fico y porte de estupefacientes.\u00a0Asimismo, fueron asegurados\u00a0tres uniformados de la Polic\u00eda Nacional por los delitos de cohecho propio y falsedad ideol\u00f3gica en documento p\u00fablico.<\/p>\n<figure id=\"attachment_254974\" aria-describedby=\"caption-attachment-254974\" style=\"width: 1280px\" class=\"wp-caption aligncenter\"><img loading=\"lazy\" decoding=\"async\" class=\"size-full wp-image-254974\" src=\"https:\/\/www.fiscalia.gov.co\/colombia\/wp-content\/uploads\/Los_velar_Cali.jpeg\" alt=\"\" width=\"1280\" height=\"720\" srcset=\"https:\/\/www.fiscalia.gov.co\/colombia\/wp-content\/uploads\/Los_velar_Cali.jpeg 1280w, https:\/\/www.fiscalia.gov.co\/colombia\/wp-content\/uploads\/Los_velar_Cali-300x169.jpeg 300w, https:\/\/www.fiscalia.gov.co\/colombia\/wp-content\/uploads\/Los_velar_Cali-1024x576.jpeg 1024w, https:\/\/www.fiscalia.gov.co\/colombia\/wp-content\/uploads\/Los_velar_Cali-768x432.jpeg 768w, https:\/\/www.fiscalia.gov.co\/colombia\/wp-content\/uploads\/Los_velar_Cali-696x392.jpeg 696w, https:\/\/www.fiscalia.gov.co\/colombia\/wp-content\/uploads\/Los_velar_Cali-1068x601.jpeg 1068w, https:\/\/www.fiscalia.gov.co\/colombia\/wp-content\/uploads\/Los_velar_Cali-747x420.jpeg 747w\" sizes=\"auto, (max-width: 1280px) 100vw, 1280px\" \/><figcaption id=\"caption-attachment-254974\" class=\"wp-caption-text\">En los operativos de captura de 12 presuntos integrantes de Los Velar, las autoridades incautaron drogas, dinero en efectivo, joyas, armas de fuego, municiones, celulares y \u00e9xtasis.<\/figcaption><\/figure>\n<p>De acuerdo con las investigaciones adelantadas por\u00a0un fiscal de la Estructura de Apoyo (EDA),\u00a0&#8216;Los Velar&#8217; se\u00a0dedicaban a la venta de\u00a0<a href=\"https:\/\/www.fiscalia.gov.co\/colombia\/noticias\/carcel-para-hombre-que-llevaba-al-parecer-mas-de-18-kilos-de-marihuana-en-un-bus-de-transporte-intermunicipal\/\">marihuana<\/a>, coca\u00edna, \u00e9xtasis,\u00a0\u00a0<a href=\"https:\/\/www.fiscalia.gov.co\/colombia\/noticias\/fiscalia-desmantelo-la-banda-los-ciberneticos-que-estaria-dedicada-a-a-la-venta-de-drogas-sinteticas-a-traves-de-redes-sociales\/\">Tucibi<\/a>\u00a0(2CB), LSD y anfetaminas\u00a0en la modalidad de menudeo, en el oriente de Cali (Valle del Cauca); as\u00ed como a la ejecuci\u00f3n de\u00a0homicidios selectivos en la modalidad de sicariato, tres de los cuales fueron esclarecidos con la desarticulaci\u00f3n de esta estructura delincuencial.<\/p>\n<p>Adem\u00e1s, se estableci\u00f3 que los tres agentes presuntamente recibieron dinero, por parte de la estructura criminal, por devolver un arma de fuego que hab\u00eda sido incautada y utilizada en un homicidio.<\/p>\n<p><strong>Modus operandi\u00a0<\/strong><\/p>\n<p>Seg\u00fan la Fiscal\u00eda el grupo delincuencial obten\u00eda los estupefacientes en Corinto (Cauca), los cuales eran transportados a Cali en buses de servicio intermunicipal. Luego era comercializada a\u00a0recicladores, habitantes de la calle, estudiantes, adultos y consumidores habituales en los barrios Villa del Lago y Mariano Ramos de esa ciudad.<\/p>\n<p>Dos de los homicidios esclarecidos fueron cometidos el pasado 6 de enero, una de las v\u00edctimas\u00a0era el propietario de una inmobiliaria. Adem\u00e1s, los hoy procesados habr\u00edan herido de gravedad a\u00a0un m\u00e9dico de una cl\u00ednica de la ciudad.<\/p>\n<p>Por labores de interceptaci\u00f3n de llamadas, los investigadores establecieron que el cabecilla de Los Velar, alias Frank, desde la c\u00e1rcel La Picota (Bogot\u00e1), donde se encuentra recluido, por otros delitos, daba instrucciones a los presuntos integrantes de la banda para cometer homicidios y mantener el control territorial en la capital del Valle.<\/p>\n<p>Doce de las capturas fueron realizadas por agentes de la Sijin de la Polic\u00eda Metropolitana (Mecal), durante diligencias de registro y allanamiento, cumpliendo las \u00f3rdenes emitidas por un juez, las otras 3 aprehensiones fueron en flagrancia.<\/p>\n<p>En los operativos fueron incautado cigarrillos de marihuana, coca\u00edna, pastillas de \u00e9xtasis,\u00a0<a href=\"https:\/\/www.fiscalia.gov.co\/colombia\/noticias\/fiscalia-desmantelo-la-banda-los-ciberneticos-que-estaria-dedicada-a-a-la-venta-de-drogas-sinteticas-a-traves-de-redes-sociales\/\">Tucibi<\/a>\u00a0(2CB), LSD, 5 armas de fuego, $148 millones, 2.410 d\u00f3lares, 60 euros, cadenas y pulseras de oro, relojes de marca, 10 tel\u00e9fonos celulares y una motocicleta.<\/p>\n<p>Durante las audiencias concentradas, los 15 imputados no se allanaron a cargos.<\/p>\n<p>Con la banda Los velar, la Fiscal\u00eda ha desmantelado 57 organizaciones criminales en lo que va corrido del 2022 en Cali y ha judicializado a 405 con medida de aseguramiento intramuros.<\/p>\n<p>Esta informaci\u00f3n se publica por razones de inter\u00e9s general.<\/p>\n<p><strong>La Fiscal\u00eda habla con resultados<\/strong><\/p>\n<p><strong>Le puede interesar<\/strong><strong>:\u00a0<\/strong><a href=\"https:\/\/www.fiscalia.gov.co\/colombia\/noticias\/carcel-para-hombre-que-llevaba-al-parecer-mas-de-18-kilos-de-marihuana-en-un-bus-de-transporte-intermunicipal\/\">C\u00e1rcel para hombre que llevaba, al parecer, m\u00e1s de 18 kilos de marihuana en un bus de transporte intermunicipal\u00a0<\/a><\/p>\n<p>&nbsp;<\/p>\n<p>&nbsp;<\/p>\n<p>JGP\/MGCFG\/SEG\/DSC<\/p>\n<p>&nbsp;<\/p>\n<p>&nbsp;<\/p>\n<p><em>La informaci\u00f3n contenida en este bolet\u00edn de prensa corresponde a la narraci\u00f3n de los hechos noticiosos objetivos, suministrados por los funcionarios encargados de adelantar las investigaciones penales al interior de la Fiscal\u00eda General de la Naci\u00f3n. Para el momento de la divulgaci\u00f3n de este comunicado, la situaci\u00f3n jur\u00eddica de la(s) persona(s) relacionada(s) se encuentra pendiente de resolver por la autoridad judicial competente, siempre bajo los preceptos de la presunci\u00f3n de inocencia, consagrados en el art\u00edculo 29 de la Constituci\u00f3n Pol\u00edtica y el art\u00edculo 7\u00ba de la Ley 906 de 2004\u00a0<\/em><\/p>\n\n<div class=\"twitter-share\"><a href=\"https:\/\/twitter.com\/intent\/tweet?via=fiscaliacol\" class=\"twitter-share-button\">Tweet<\/a><\/div>\n","protected":false},"excerpt":{"rendered":"<p>Con la judicializaci\u00f3n de los hoy procesados se logr\u00f3 esclarecer tres homicidios que habr\u00edan realizado la banda delincuencial.\u00a0 Durante las diligencias judiciales\u00a0tres polic\u00edas activos fueron capturados por el delito de cohecho propio.\u00a0\u00a0 La\u00a0 Fiscal\u00eda General de la Naci\u00f3n logr\u00f3 que un juez de control de garant\u00edas privar\u00e1 de la libertad en establecimiento carcelario a 12 [&hellip;]<\/p>\n","protected":false},"author":175,"featured_media":0,"comment_status":"closed","ping_status":"open","sticky":false,"template":"","format":"video","meta":{"_price":"","_stock":"","_tribe_ticket_header":"","_tribe_default_ticket_provider":"","_tribe_ticket_capacity":"0","_ticket_start_date":"","_ticket_end_date":"","_tribe_ticket_show_description":"","_tribe_ticket_show_not_going":false,"_tribe_ticket_use_global_stock":"","_tribe_ticket_global_stock_level":"","_global_stock_mode":"","_global_stock_cap":"","_tribe_rsvp_for_event":"","_tribe_ticket_going_count":"","_tribe_ticket_not_going_count":"","_tribe_tickets_list":"[]","_tribe_ticket_has_attendee_info_fields":false,"tdm_status":"","tdm_grid_status":"","footnotes":""},"categories":[1,324,24099],"tags":[29823,24526,24481,1047,1264],"class_list":{"0":"post-254973","1":"post","2":"type-post","3":"status-publish","4":"format-video","6":"category-noticias","7":"category-seccional-cali","8":"category-seguridad-territorial","9":"tag-tucibi","10":"tag-fiscal-general-francisco-barbosa-delgado","11":"tag-fiscalia-de-colombia","12":"tag-fiscalia-general-de-la-nacion","13":"tag-marihuana","14":"post_format-post-format-video"},"yoast_head":"<!-- This site is optimized with the Yoast SEO plugin v24.3 - https:\/\/yoast.com\/wordpress\/plugins\/seo\/ -->\n<title>Fiscal\u00eda General de la Naci\u00f3n<\/title>\n<meta name=\"description\" content=\"P\u00e1gina oficial de la Fiscal\u00eda General de la Naci\u00f3n \u2013 Colombia. Garantizamos el acceso efectivo a la justicia, la verdad y la reparaci\u00f3n de las v\u00edctimas de los delitos.\" \/>\n<meta name=\"robots\" content=\"noindex, follow\" \/>\n<meta property=\"og:locale\" content=\"es_ES\" \/>\n<meta property=\"og:type\" content=\"article\" \/>\n<meta property=\"og:title\" content=\"Fiscal\u00eda General de la Naci\u00f3n\" \/>\n<meta property=\"og:description\" content=\"P\u00e1gina oficial de la Fiscal\u00eda General de la Naci\u00f3n \u2013 Colombia. Garantizamos el acceso efectivo a la justicia, la verdad y la reparaci\u00f3n de las v\u00edctimas de los delitos.\" \/>\n<meta property=\"og:url\" content=\"https:\/\/www.fiscalia.gov.co\/colombia\/noticias\/fiscalia-desarticulo-a-los-velar-estructura-dedicada-al-homicidio-y-trafico-de-estupefacientes-en-cali\/\" \/>\n<meta property=\"og:site_name\" content=\"Fiscal\u00eda General de la Naci\u00f3n\" \/>\n<meta property=\"article:publisher\" content=\"https:\/\/www.facebook.com\/FiscaliaCol\" \/>\n<meta property=\"article:published_time\" content=\"2022-08-17T14:18:08+00:00\" \/>\n<meta property=\"article:modified_time\" content=\"2022-08-24T16:41:49+00:00\" \/>\n<meta property=\"og:image\" content=\"https:\/\/www.fiscalia.gov.co\/colombia\/wp-content\/uploads\/Los_velar_Cali.jpeg\" \/>\n<meta name=\"author\" content=\"Katherine Loaiza Mart\u00ednez\" \/>\n<meta name=\"twitter:card\" content=\"summary_large_image\" \/>\n<meta name=\"twitter:creator\" content=\"@FiscaliaCol\" \/>\n<meta name=\"twitter:site\" content=\"@FiscaliaCol\" \/>\n<meta name=\"twitter:label1\" content=\"Escrito por\" \/>\n\t<meta name=\"twitter:data1\" content=\"Katherine Loaiza Mart\u00ednez\" \/>\n\t<meta name=\"twitter:label2\" content=\"Tiempo de lectura\" \/>\n\t<meta name=\"twitter:data2\" content=\"3 minutos\" \/>\n<script type=\"application\/ld+json\" class=\"yoast-schema-graph\">{\"@context\":\"https:\/\/schema.org\",\"@graph\":[{\"@type\":\"Article\",\"@id\":\"https:\/\/www.fiscalia.gov.co\/colombia\/noticias\/fiscalia-desarticulo-a-los-velar-estructura-dedicada-al-homicidio-y-trafico-de-estupefacientes-en-cali\/#article\",\"isPartOf\":{\"@id\":\"https:\/\/www.fiscalia.gov.co\/colombia\/noticias\/fiscalia-desarticulo-a-los-velar-estructura-dedicada-al-homicidio-y-trafico-de-estupefacientes-en-cali\/\"},\"author\":{\"name\":\"Katherine Loaiza Mart\u00ednez\",\"@id\":\"https:\/\/www.fiscalia.gov.co\/colombia\/#\/schema\/person\/2e76b9aba5ecf875ed565ce4de0e0415\"},\"headline\":\"Fiscal\u00eda desarticul\u00f3 a &#8216;Los Velar&#8217;, estructura dedicada al homicidio y tr\u00e1fico de estupefacientes en Cali\u00a0\",\"datePublished\":\"2022-08-17T14:18:08+00:00\",\"dateModified\":\"2022-08-24T16:41:49+00:00\",\"mainEntityOfPage\":{\"@id\":\"https:\/\/www.fiscalia.gov.co\/colombia\/noticias\/fiscalia-desarticulo-a-los-velar-estructura-dedicada-al-homicidio-y-trafico-de-estupefacientes-en-cali\/\"},\"wordCount\":698,\"publisher\":{\"@id\":\"https:\/\/www.fiscalia.gov.co\/colombia\/#organization\"},\"image\":{\"@id\":\"https:\/\/www.fiscalia.gov.co\/colombia\/noticias\/fiscalia-desarticulo-a-los-velar-estructura-dedicada-al-homicidio-y-trafico-de-estupefacientes-en-cali\/#primaryimage\"},\"thumbnailUrl\":\"https:\/\/www.fiscalia.gov.co\/colombia\/wp-content\/uploads\/Los_velar_Cali.jpeg\",\"keywords\":[\"\u2018tucibi\u2019\",\"Fiscal General Francisco Barbosa Delgado\",\"Fiscal\u00eda de Colombia\",\"Fiscal\u00eda General de la Naci\u00f3n\",\"Marihuana\"],\"articleSection\":[\"Noticias\",\"Seccional Cali\",\"Seguridad territorial\"],\"inLanguage\":\"es-CO\"},{\"@type\":\"WebPage\",\"@id\":\"https:\/\/www.fiscalia.gov.co\/colombia\/noticias\/fiscalia-desarticulo-a-los-velar-estructura-dedicada-al-homicidio-y-trafico-de-estupefacientes-en-cali\/\",\"url\":\"https:\/\/www.fiscalia.gov.co\/colombia\/noticias\/fiscalia-desarticulo-a-los-velar-estructura-dedicada-al-homicidio-y-trafico-de-estupefacientes-en-cali\/\",\"name\":\"Fiscal\u00eda General de la Naci\u00f3n\",\"isPartOf\":{\"@id\":\"https:\/\/www.fiscalia.gov.co\/colombia\/#website\"},\"primaryImageOfPage\":{\"@id\":\"https:\/\/www.fiscalia.gov.co\/colombia\/noticias\/fiscalia-desarticulo-a-los-velar-estructura-dedicada-al-homicidio-y-trafico-de-estupefacientes-en-cali\/#primaryimage\"},\"image\":{\"@id\":\"https:\/\/www.fiscalia.gov.co\/colombia\/noticias\/fiscalia-desarticulo-a-los-velar-estructura-dedicada-al-homicidio-y-trafico-de-estupefacientes-en-cali\/#primaryimage\"},\"thumbnailUrl\":\"https:\/\/www.fiscalia.gov.co\/colombia\/wp-content\/uploads\/Los_velar_Cali.jpeg\",\"datePublished\":\"2022-08-17T14:18:08+00:00\",\"dateModified\":\"2022-08-24T16:41:49+00:00\",\"description\":\"P\u00e1gina oficial de la Fiscal\u00eda General de la Naci\u00f3n \u2013 Colombia. Garantizamos el acceso efectivo a la justicia, la verdad y la reparaci\u00f3n de las v\u00edctimas de los delitos.\",\"breadcrumb\":{\"@id\":\"https:\/\/www.fiscalia.gov.co\/colombia\/noticias\/fiscalia-desarticulo-a-los-velar-estructura-dedicada-al-homicidio-y-trafico-de-estupefacientes-en-cali\/#breadcrumb\"},\"inLanguage\":\"es-CO\",\"potentialAction\":[{\"@type\":\"ReadAction\",\"target\":[\"https:\/\/www.fiscalia.gov.co\/colombia\/noticias\/fiscalia-desarticulo-a-los-velar-estructura-dedicada-al-homicidio-y-trafico-de-estupefacientes-en-cali\/\"]}]},{\"@type\":\"ImageObject\",\"inLanguage\":\"es-CO\",\"@id\":\"https:\/\/www.fiscalia.gov.co\/colombia\/noticias\/fiscalia-desarticulo-a-los-velar-estructura-dedicada-al-homicidio-y-trafico-de-estupefacientes-en-cali\/#primaryimage\",\"url\":\"https:\/\/www.fiscalia.gov.co\/colombia\/wp-content\/uploads\/Los_velar_Cali.jpeg\",\"contentUrl\":\"https:\/\/www.fiscalia.gov.co\/colombia\/wp-content\/uploads\/Los_velar_Cali.jpeg\",\"width\":1280,\"height\":720,\"caption\":\"En los operativos de captura de 12 presuntos integrantes de Los Velar, las autoridades incautaron drogas, dinero en efectivo, joyas, armas de fuego, municiones, celulares y \u00e9xtasis.\"},{\"@type\":\"BreadcrumbList\",\"@id\":\"https:\/\/www.fiscalia.gov.co\/colombia\/noticias\/fiscalia-desarticulo-a-los-velar-estructura-dedicada-al-homicidio-y-trafico-de-estupefacientes-en-cali\/#breadcrumb\",\"itemListElement\":[{\"@type\":\"ListItem\",\"position\":1,\"name\":\"Home\",\"item\":\"https:\/\/www.fiscalia.gov.co\/colombia\/\"},{\"@type\":\"ListItem\",\"position\":2,\"name\":\"Fiscal\u00eda desarticul\u00f3 a &#8216;Los Velar&#8217;, estructura dedicada al homicidio y tr\u00e1fico de estupefacientes en Cali\u00a0\"}]},{\"@type\":\"WebSite\",\"@id\":\"https:\/\/www.fiscalia.gov.co\/colombia\/#website\",\"url\":\"https:\/\/www.fiscalia.gov.co\/colombia\/\",\"name\":\"Fiscal\u00eda General de la Naci\u00f3n\",\"description\":\"P\u00e1gina oficial de la Fiscal\u00eda General de la Naci\u00f3n \u2013 Colombia. Garantizamos el acceso efectivo a la justicia, la verdad y la reparaci\u00f3n de las v\u00edctimas de los delitos.\",\"publisher\":{\"@id\":\"https:\/\/www.fiscalia.gov.co\/colombia\/#organization\"},\"potentialAction\":[{\"@type\":\"SearchAction\",\"target\":{\"@type\":\"EntryPoint\",\"urlTemplate\":\"https:\/\/www.fiscalia.gov.co\/colombia\/?s={search_term_string}\"},\"query-input\":{\"@type\":\"PropertyValueSpecification\",\"valueRequired\":true,\"valueName\":\"search_term_string\"}}],\"inLanguage\":\"es-CO\"},{\"@type\":\"Organization\",\"@id\":\"https:\/\/www.fiscalia.gov.co\/colombia\/#organization\",\"name\":\"Fiscal\u00eda General de la Naci\u00f3n\",\"url\":\"https:\/\/www.fiscalia.gov.co\/colombia\/\",\"logo\":{\"@type\":\"ImageObject\",\"inLanguage\":\"es-CO\",\"@id\":\"https:\/\/www.fiscalia.gov.co\/colombia\/#\/schema\/logo\/image\/\",\"url\":\"https:\/\/www.fiscalia.gov.co\/colombia\/wp-content\/uploads\/LogoHorizontal_1.jpg\",\"contentUrl\":\"https:\/\/www.fiscalia.gov.co\/colombia\/wp-content\/uploads\/LogoHorizontal_1.jpg\",\"width\":300,\"height\":90,\"caption\":\"Fiscal\u00eda General de la Naci\u00f3n\"},\"image\":{\"@id\":\"https:\/\/www.fiscalia.gov.co\/colombia\/#\/schema\/logo\/image\/\"},\"sameAs\":[\"https:\/\/www.facebook.com\/FiscaliaCol\",\"https:\/\/x.com\/FiscaliaCol\",\"https:\/\/www.instagram.com\/fiscaliacol\",\"https:\/\/www.linkedin.com\/company\/fiscalia-general-de-la-naci-n\/\",\"https:\/\/youtube.com\/@fiscaliageneraldelanacion-4668?si=6nN79nyQICPU5iTh\"]},{\"@type\":\"Person\",\"@id\":\"https:\/\/www.fiscalia.gov.co\/colombia\/#\/schema\/person\/2e76b9aba5ecf875ed565ce4de0e0415\",\"name\":\"Katherine Loaiza Mart\u00ednez\",\"image\":{\"@type\":\"ImageObject\",\"inLanguage\":\"es-CO\",\"@id\":\"https:\/\/www.fiscalia.gov.co\/colombia\/#\/schema\/person\/image\/\",\"url\":\"https:\/\/secure.gravatar.com\/avatar\/ab775a2f394c1b83b6d6f78680e57b50?s=96&d=mm&r=g\",\"contentUrl\":\"https:\/\/secure.gravatar.com\/avatar\/ab775a2f394c1b83b6d6f78680e57b50?s=96&d=mm&r=g\",\"caption\":\"Katherine Loaiza Mart\u00ednez\"},\"url\":\"https:\/\/www.fiscalia.gov.co\/colombia\/author\/kloaiza\/\"}]}<\/script>\n<!-- \/ Yoast SEO plugin. -->","yoast_head_json":{"title":"Fiscal\u00eda General de la Naci\u00f3n","description":"P\u00e1gina oficial de la Fiscal\u00eda General de la Naci\u00f3n \u2013 Colombia. Garantizamos el acceso efectivo a la justicia, la verdad y la reparaci\u00f3n de las v\u00edctimas de los delitos.","robots":{"index":"noindex","follow":"follow"},"og_locale":"es_ES","og_type":"article","og_title":"Fiscal\u00eda General de la Naci\u00f3n","og_description":"P\u00e1gina oficial de la Fiscal\u00eda General de la Naci\u00f3n \u2013 Colombia. Garantizamos el acceso efectivo a la justicia, la verdad y la reparaci\u00f3n de las v\u00edctimas de los delitos.","og_url":"https:\/\/www.fiscalia.gov.co\/colombia\/noticias\/fiscalia-desarticulo-a-los-velar-estructura-dedicada-al-homicidio-y-trafico-de-estupefacientes-en-cali\/","og_site_name":"Fiscal\u00eda General de la Naci\u00f3n","article_publisher":"https:\/\/www.facebook.com\/FiscaliaCol","article_published_time":"2022-08-17T14:18:08+00:00","article_modified_time":"2022-08-24T16:41:49+00:00","og_image":[{"url":"https:\/\/www.fiscalia.gov.co\/colombia\/wp-content\/uploads\/Los_velar_Cali.jpeg","type":"","width":"","height":""}],"author":"Katherine Loaiza Mart\u00ednez","twitter_card":"summary_large_image","twitter_creator":"@FiscaliaCol","twitter_site":"@FiscaliaCol","twitter_misc":{"Escrito por":"Katherine Loaiza Mart\u00ednez","Tiempo de lectura":"3 minutos"},"schema":{"@context":"https:\/\/schema.org","@graph":[{"@type":"Article","@id":"https:\/\/www.fiscalia.gov.co\/colombia\/noticias\/fiscalia-desarticulo-a-los-velar-estructura-dedicada-al-homicidio-y-trafico-de-estupefacientes-en-cali\/#article","isPartOf":{"@id":"https:\/\/www.fiscalia.gov.co\/colombia\/noticias\/fiscalia-desarticulo-a-los-velar-estructura-dedicada-al-homicidio-y-trafico-de-estupefacientes-en-cali\/"},"author":{"name":"Katherine Loaiza Mart\u00ednez","@id":"https:\/\/www.fiscalia.gov.co\/colombia\/#\/schema\/person\/2e76b9aba5ecf875ed565ce4de0e0415"},"headline":"Fiscal\u00eda desarticul\u00f3 a &#8216;Los Velar&#8217;, estructura dedicada al homicidio y tr\u00e1fico de estupefacientes en Cali\u00a0","datePublished":"2022-08-17T14:18:08+00:00","dateModified":"2022-08-24T16:41:49+00:00","mainEntityOfPage":{"@id":"https:\/\/www.fiscalia.gov.co\/colombia\/noticias\/fiscalia-desarticulo-a-los-velar-estructura-dedicada-al-homicidio-y-trafico-de-estupefacientes-en-cali\/"},"wordCount":698,"publisher":{"@id":"https:\/\/www.fiscalia.gov.co\/colombia\/#organization"},"image":{"@id":"https:\/\/www.fiscalia.gov.co\/colombia\/noticias\/fiscalia-desarticulo-a-los-velar-estructura-dedicada-al-homicidio-y-trafico-de-estupefacientes-en-cali\/#primaryimage"},"thumbnailUrl":"https:\/\/www.fiscalia.gov.co\/colombia\/wp-content\/uploads\/Los_velar_Cali.jpeg","keywords":["\u2018tucibi\u2019","Fiscal General Francisco Barbosa Delgado","Fiscal\u00eda de Colombia","Fiscal\u00eda General de la Naci\u00f3n","Marihuana"],"articleSection":["Noticias","Seccional Cali","Seguridad territorial"],"inLanguage":"es-CO"},{"@type":"WebPage","@id":"https:\/\/www.fiscalia.gov.co\/colombia\/noticias\/fiscalia-desarticulo-a-los-velar-estructura-dedicada-al-homicidio-y-trafico-de-estupefacientes-en-cali\/","url":"https:\/\/www.fiscalia.gov.co\/colombia\/noticias\/fiscalia-desarticulo-a-los-velar-estructura-dedicada-al-homicidio-y-trafico-de-estupefacientes-en-cali\/","name":"Fiscal\u00eda General de la Naci\u00f3n","isPartOf":{"@id":"https:\/\/www.fiscalia.gov.co\/colombia\/#website"},"primaryImageOfPage":{"@id":"https:\/\/www.fiscalia.gov.co\/colombia\/noticias\/fiscalia-desarticulo-a-los-velar-estructura-dedicada-al-homicidio-y-trafico-de-estupefacientes-en-cali\/#primaryimage"},"image":{"@id":"https:\/\/www.fiscalia.gov.co\/colombia\/noticias\/fiscalia-desarticulo-a-los-velar-estructura-dedicada-al-homicidio-y-trafico-de-estupefacientes-en-cali\/#primaryimage"},"thumbnailUrl":"https:\/\/www.fiscalia.gov.co\/colombia\/wp-content\/uploads\/Los_velar_Cali.jpeg","datePublished":"2022-08-17T14:18:08+00:00","dateModified":"2022-08-24T16:41:49+00:00","description":"P\u00e1gina oficial de la Fiscal\u00eda General de la Naci\u00f3n \u2013 Colombia. Garantizamos el acceso efectivo a la justicia, la verdad y la reparaci\u00f3n de las v\u00edctimas de los delitos.","breadcrumb":{"@id":"https:\/\/www.fiscalia.gov.co\/colombia\/noticias\/fiscalia-desarticulo-a-los-velar-estructura-dedicada-al-homicidio-y-trafico-de-estupefacientes-en-cali\/#breadcrumb"},"inLanguage":"es-CO","potentialAction":[{"@type":"ReadAction","target":["https:\/\/www.fiscalia.gov.co\/colombia\/noticias\/fiscalia-desarticulo-a-los-velar-estructura-dedicada-al-homicidio-y-trafico-de-estupefacientes-en-cali\/"]}]},{"@type":"ImageObject","inLanguage":"es-CO","@id":"https:\/\/www.fiscalia.gov.co\/colombia\/noticias\/fiscalia-desarticulo-a-los-velar-estructura-dedicada-al-homicidio-y-trafico-de-estupefacientes-en-cali\/#primaryimage","url":"https:\/\/www.fiscalia.gov.co\/colombia\/wp-content\/uploads\/Los_velar_Cali.jpeg","contentUrl":"https:\/\/www.fiscalia.gov.co\/colombia\/wp-content\/uploads\/Los_velar_Cali.jpeg","width":1280,"height":720,"caption":"En los operativos de captura de 12 presuntos integrantes de Los Velar, las autoridades incautaron drogas, dinero en efectivo, joyas, armas de fuego, municiones, celulares y \u00e9xtasis."},{"@type":"BreadcrumbList","@id":"https:\/\/www.fiscalia.gov.co\/colombia\/noticias\/fiscalia-desarticulo-a-los-velar-estructura-dedicada-al-homicidio-y-trafico-de-estupefacientes-en-cali\/#breadcrumb","itemListElement":[{"@type":"ListItem","position":1,"name":"Home","item":"https:\/\/www.fiscalia.gov.co\/colombia\/"},{"@type":"ListItem","position":2,"name":"Fiscal\u00eda desarticul\u00f3 a &#8216;Los Velar&#8217;, estructura dedicada al homicidio y tr\u00e1fico de estupefacientes en Cali\u00a0"}]},{"@type":"WebSite","@id":"https:\/\/www.fiscalia.gov.co\/colombia\/#website","url":"https:\/\/www.fiscalia.gov.co\/colombia\/","name":"Fiscal\u00eda General de la Naci\u00f3n","description":"P\u00e1gina oficial de la Fiscal\u00eda General de la Naci\u00f3n \u2013 Colombia. Garantizamos el acceso efectivo a la justicia, la verdad y la reparaci\u00f3n de las v\u00edctimas de los delitos.","publisher":{"@id":"https:\/\/www.fiscalia.gov.co\/colombia\/#organization"},"potentialAction":[{"@type":"SearchAction","target":{"@type":"EntryPoint","urlTemplate":"https:\/\/www.fiscalia.gov.co\/colombia\/?s={search_term_string}"},"query-input":{"@type":"PropertyValueSpecification","valueRequired":true,"valueName":"search_term_string"}}],"inLanguage":"es-CO"},{"@type":"Organization","@id":"https:\/\/www.fiscalia.gov.co\/colombia\/#organization","name":"Fiscal\u00eda General de la Naci\u00f3n","url":"https:\/\/www.fiscalia.gov.co\/colombia\/","logo":{"@type":"ImageObject","inLanguage":"es-CO","@id":"https:\/\/www.fiscalia.gov.co\/colombia\/#\/schema\/logo\/image\/","url":"https:\/\/www.fiscalia.gov.co\/colombia\/wp-content\/uploads\/LogoHorizontal_1.jpg","contentUrl":"https:\/\/www.fiscalia.gov.co\/colombia\/wp-content\/uploads\/LogoHorizontal_1.jpg","width":300,"height":90,"caption":"Fiscal\u00eda General de la Naci\u00f3n"},"image":{"@id":"https:\/\/www.fiscalia.gov.co\/colombia\/#\/schema\/logo\/image\/"},"sameAs":["https:\/\/www.facebook.com\/FiscaliaCol","https:\/\/x.com\/FiscaliaCol","https:\/\/www.instagram.com\/fiscaliacol","https:\/\/www.linkedin.com\/company\/fiscalia-general-de-la-naci-n\/","https:\/\/youtube.com\/@fiscaliageneraldelanacion-4668?si=6nN79nyQICPU5iTh"]},{"@type":"Person","@id":"https:\/\/www.fiscalia.gov.co\/colombia\/#\/schema\/person\/2e76b9aba5ecf875ed565ce4de0e0415","name":"Katherine Loaiza Mart\u00ednez","image":{"@type":"ImageObject","inLanguage":"es-CO","@id":"https:\/\/www.fiscalia.gov.co\/colombia\/#\/schema\/person\/image\/","url":"https:\/\/secure.gravatar.com\/avatar\/ab775a2f394c1b83b6d6f78680e57b50?s=96&d=mm&r=g","contentUrl":"https:\/\/secure.gravatar.com\/avatar\/ab775a2f394c1b83b6d6f78680e57b50?s=96&d=mm&r=g","caption":"Katherine Loaiza Mart\u00ednez"},"url":"https:\/\/www.fiscalia.gov.co\/colombia\/author\/kloaiza\/"}]}},"_links":{"self":[{"href":"https:\/\/www.fiscalia.gov.co\/colombia\/wp-json\/wp\/v2\/posts\/254973","targetHints":{"allow":["GET"]}}],"collection":[{"href":"https:\/\/www.fiscalia.gov.co\/colombia\/wp-json\/wp\/v2\/posts"}],"about":[{"href":"https:\/\/www.fiscalia.gov.co\/colombia\/wp-json\/wp\/v2\/types\/post"}],"author":[{"embeddable":true,"href":"https:\/\/www.fiscalia.gov.co\/colombia\/wp-json\/wp\/v2\/users\/175"}],"replies":[{"embeddable":true,"href":"https:\/\/www.fiscalia.gov.co\/colombia\/wp-json\/wp\/v2\/comments?post=254973"}],"version-history":[{"count":3,"href":"https:\/\/www.fiscalia.gov.co\/colombia\/wp-json\/wp\/v2\/posts\/254973\/revisions"}],"predecessor-version":[{"id":255433,"href":"https:\/\/www.fiscalia.gov.co\/colombia\/wp-json\/wp\/v2\/posts\/254973\/revisions\/255433"}],"wp:attachment":[{"href":"https:\/\/www.fiscalia.gov.co\/colombia\/wp-json\/wp\/v2\/media?parent=254973"}],"wp:term":[{"taxonomy":"category","embeddable":true,"href":"https:\/\/www.fiscalia.gov.co\/colombia\/wp-json\/wp\/v2\/categories?post=254973"},{"taxonomy":"post_tag","embeddable":true,"href":"https:\/\/www.fiscalia.gov.co\/colombia\/wp-json\/wp\/v2\/tags?post=254973"}],"curies":[{"name":"wp","href":"https:\/\/api.w.org\/{rel}","templated":true}]}}