{"id":254654,"date":"2022-08-10T15:24:47","date_gmt":"2022-08-10T20:24:47","guid":{"rendered":"https:\/\/www.fiscalia.gov.co\/colombia\/?p=254654"},"modified":"2022-08-10T15:24:47","modified_gmt":"2022-08-10T20:24:47","slug":"carcel-para-seis-personas-senaladas-de-la-venta-de-estupefacientes-en-aranzazu-caldas","status":"publish","type":"post","link":"https:\/\/www.fiscalia.gov.co\/colombia\/noticias\/carcel-para-seis-personas-senaladas-de-la-venta-de-estupefacientes-en-aranzazu-caldas\/","title":{"rendered":"C\u00e1rcel para seis personas se\u00f1aladas de la venta de estupefacientes en Aranzazu (Caldas)"},"content":{"rendered":"<h4><b><i>Las capturas se adelantaron en la operaci\u00f3n Odisea, liderada por la Fiscal\u00eda Seccional Caldas con apoyo de la Polic\u00eda Nacional.<\/i><\/b><i><\/i><\/h4>\n<p>En diligencias de registro y allanamiento en\u00a0Aranzazu (Caldas),\u00a0que se desarrollaron durante la\u00a0Operaci\u00f3n Odisea, la\u00a0Fiscal\u00eda Seccional Caldas\u00a0en coordinaci\u00f3n con la\u00a0Polic\u00eda Nacional\u00a0capturaron seis personas por los delitos de\u00a0concierto para delinquir agravado, en concurso con tr\u00e1fico, fabricaci\u00f3n o porte de estupefacientes y uso de menores de edad para la comisi\u00f3n de delitos.<\/p>\n<p>Se trata de\u00a0Jhon Alejandro Salazar Bedoya, alias Lapicero; Luis Fernando Agudelo Mart\u00ednez, alias Sombra; Elkin Fernando Ospitia Bedoya, alias Mem\u00edn; Jhon Jaider G\u00f3mez Nore\u00f1a, alias El Mocho; y Cristian David Grajales Bedoya, alias El Negro, quienes ten\u00edan orden de captura, y a Henry Rodr\u00edguez Bedoya, alias La Henry en flagrancia.\u00a0 Un juez de control de garant\u00edas los cobij\u00f3 con medida de aseguramiento intramuros. Ninguno acept\u00f3 los cargos.<\/p>\n<p>De acuerdo con las investigaciones realizadas, declaraciones juradas, seguimientos, y reconocimientos fotogr\u00e1ficos estas personas, al parecer, desde enero del 2022 presuntamente se dedicar\u00edan a la distribuci\u00f3n y comercializaci\u00f3n dosificada de estupefacientes en barrios y sectores como\u00a0Ni\u00f1o Jes\u00fas de Praga, El Callej\u00f3n, La Morocha, El Platanal, Polideportivo, de Aranzazu.<\/p>\n<p>Seg\u00fan la investigaci\u00f3n presuntamente, el l\u00edder de la organizaci\u00f3n ser\u00eda alias Lapicero, quien a su vez compra, almacena, dosifica y provee los estupefacientes a los integrantes del grupo delincuencial para que los comercialicen en las calles, instituciones educativas y parques.<\/p>\n<p>Durante las tres diligencias de registro y allanamiento fueron incautados 3 celulares, bazuco, coca\u00edna, marihuana, una gramera, un escopeta y dinero en efectivo.<\/p>\n<p><strong>La\u00a0Fiscal\u00eda\u00a0habla con resultados.<\/strong><\/p>\n<p>&nbsp;<\/p>\n<p>&nbsp;<\/p>\n<p>&nbsp;<\/p>\n<p>JLH\/CPS\/FAGH<\/p>\n<p>&nbsp;<\/p>\n<p>&nbsp;<\/p>\n<div class=\"td-post-content tagdiv-type\">\n<div class=\"td-post-content tagdiv-type\">\n<div class=\"td-post-content tagdiv-type\">\n<p><em><span lang=\"ES\">La informaci\u00f3n contenida en este bolet\u00edn de prensa corresponde a la narraci\u00f3n de los hechos noticiosos objetivos, suministrados por los funcionarios encargados de adelantar las investigaciones penales al interior de la Fiscal\u00eda General de la Naci\u00f3n. Para el momento de la divulgaci\u00f3n de este comunicado, la situaci\u00f3n jur\u00eddica de la(s) persona(s) relacionada(s) se encuentra pendiente de resolver por la autoridad judicial competente, siempre bajo los preceptos de la presunci\u00f3n de inocencia, consagrados en el art\u00edculo 29 de la Constituci\u00f3n Pol\u00edtica y el art\u00edculo 7\u00ba de la Ley 906 de 2004.<\/span><\/em><\/p>\n<\/div>\n<\/div>\n<\/div>\n\n<div class=\"twitter-share\"><a href=\"https:\/\/twitter.com\/intent\/tweet?via=fiscaliacol\" class=\"twitter-share-button\">Tweet<\/a><\/div>\n","protected":false},"excerpt":{"rendered":"<p>Las capturas se adelantaron en la operaci\u00f3n Odisea, liderada por la Fiscal\u00eda Seccional Caldas con apoyo de la Polic\u00eda Nacional. En diligencias de registro y allanamiento en\u00a0Aranzazu (Caldas),\u00a0que se desarrollaron durante la\u00a0Operaci\u00f3n Odisea, la\u00a0Fiscal\u00eda Seccional Caldas\u00a0en coordinaci\u00f3n con la\u00a0Polic\u00eda Nacional\u00a0capturaron seis personas por los delitos de\u00a0concierto para delinquir agravado, en concurso con tr\u00e1fico, fabricaci\u00f3n o [&hellip;]<\/p>\n","protected":false},"author":177,"featured_media":0,"comment_status":"closed","ping_status":"open","sticky":false,"template":"","format":"standard","meta":{"_price":"","_stock":"","_tribe_ticket_header":"","_tribe_default_ticket_provider":"","_tribe_ticket_capacity":"0","_ticket_start_date":"","_ticket_end_date":"","_tribe_ticket_show_description":"","_tribe_ticket_show_not_going":false,"_tribe_ticket_use_global_stock":"","_tribe_ticket_global_stock_level":"","_global_stock_mode":"","_global_stock_cap":"","_tribe_rsvp_for_event":"","_tribe_ticket_going_count":"","_tribe_ticket_not_going_count":"","_tribe_tickets_list":"[]","_tribe_ticket_has_attendee_info_fields":false,"tdm_status":"","tdm_grid_status":"","footnotes":""},"categories":[1,330,303,24103],"tags":[32575,29718,32577,32572,32574,32573,32567,7336,32579,32581,32569,32570,25517,24915,32576,32571,32580,32578,32568,558,32582,26649],"class_list":{"0":"post-254654","1":"post","2":"type-post","3":"status-publish","4":"format-standard","6":"category-noticias","7":"category-seccional-manizales","8":"category-seccionales","9":"category-trafico-de-estupefacientes","10":"tag-alias-el-mocho-y-cristian-david-grajales-bedoya","11":"tag-alias-el-negro","12":"tag-alias-la-henry","13":"tag-alias-lapicero-luis-fernando-agudelo-martinez","14":"tag-alias-memin-jhon-jaider-gomez-norena","15":"tag-alias-sombra-elkin-fernando-ospitia-bedoya","16":"tag-aranzazu-caldas","17":"tag-concierto-para-delinquir-agravado","18":"tag-el-callejon","19":"tag-el-platanal","20":"tag-en-concurso-con-trafico","21":"tag-fabricacion-o-porte-de-estupefacientes-y-uso-de-menores-de-edad-para-la-comision-de-delitos","22":"tag-fiscalia-seccional-caldas","23":"tag-fiscalia","24":"tag-henry-rodriguez-bedoya","25":"tag-jhon-alejandro-salazar-bedoya","26":"tag-la-morocha","27":"tag-nino-jesus-de-praga","28":"tag-operacion-odisea","29":"tag-policia-nacional","30":"tag-polideportivo","31":"tag-salamina-caldas"},"yoast_head":"<!-- This site is optimized with the Yoast SEO plugin v24.3 - https:\/\/yoast.com\/wordpress\/plugins\/seo\/ -->\n<title>Fiscal\u00eda General de la Naci\u00f3n<\/title>\n<meta name=\"description\" content=\"P\u00e1gina oficial de la Fiscal\u00eda General de la Naci\u00f3n \u2013 Colombia. Garantizamos el acceso efectivo a la justicia, la verdad y la reparaci\u00f3n de las v\u00edctimas de los delitos.\" \/>\n<meta name=\"robots\" content=\"noindex, follow\" \/>\n<meta property=\"og:locale\" content=\"es_ES\" \/>\n<meta property=\"og:type\" content=\"article\" \/>\n<meta property=\"og:title\" content=\"Fiscal\u00eda General de la Naci\u00f3n\" \/>\n<meta property=\"og:description\" content=\"P\u00e1gina oficial de la Fiscal\u00eda General de la Naci\u00f3n \u2013 Colombia. Garantizamos el acceso efectivo a la justicia, la verdad y la reparaci\u00f3n de las v\u00edctimas de los delitos.\" \/>\n<meta property=\"og:url\" content=\"https:\/\/www.fiscalia.gov.co\/colombia\/noticias\/carcel-para-seis-personas-senaladas-de-la-venta-de-estupefacientes-en-aranzazu-caldas\/\" \/>\n<meta property=\"og:site_name\" content=\"Fiscal\u00eda General de la Naci\u00f3n\" \/>\n<meta property=\"article:publisher\" content=\"https:\/\/www.facebook.com\/FiscaliaCol\" \/>\n<meta property=\"article:published_time\" content=\"2022-08-10T20:24:47+00:00\" \/>\n<meta name=\"author\" content=\"Jordan Leandro Oviedo Anzola\" \/>\n<meta name=\"twitter:card\" content=\"summary_large_image\" \/>\n<meta name=\"twitter:creator\" content=\"@FiscaliaCol\" \/>\n<meta name=\"twitter:site\" content=\"@FiscaliaCol\" \/>\n<meta name=\"twitter:label1\" content=\"Escrito por\" \/>\n\t<meta name=\"twitter:data1\" content=\"Jordan Leandro Oviedo Anzola\" \/>\n\t<meta name=\"twitter:label2\" content=\"Tiempo de lectura\" \/>\n\t<meta name=\"twitter:data2\" content=\"2 minutos\" \/>\n<script type=\"application\/ld+json\" class=\"yoast-schema-graph\">{\"@context\":\"https:\/\/schema.org\",\"@graph\":[{\"@type\":\"Article\",\"@id\":\"https:\/\/www.fiscalia.gov.co\/colombia\/noticias\/carcel-para-seis-personas-senaladas-de-la-venta-de-estupefacientes-en-aranzazu-caldas\/#article\",\"isPartOf\":{\"@id\":\"https:\/\/www.fiscalia.gov.co\/colombia\/noticias\/carcel-para-seis-personas-senaladas-de-la-venta-de-estupefacientes-en-aranzazu-caldas\/\"},\"author\":{\"name\":\"Jordan Leandro Oviedo Anzola\",\"@id\":\"https:\/\/www.fiscalia.gov.co\/colombia\/#\/schema\/person\/bf84402cf293a5393e9c70b111020b24\"},\"headline\":\"C\u00e1rcel para seis personas se\u00f1aladas de la venta de estupefacientes en Aranzazu (Caldas)\",\"datePublished\":\"2022-08-10T20:24:47+00:00\",\"dateModified\":\"2022-08-10T20:24:47+00:00\",\"mainEntityOfPage\":{\"@id\":\"https:\/\/www.fiscalia.gov.co\/colombia\/noticias\/carcel-para-seis-personas-senaladas-de-la-venta-de-estupefacientes-en-aranzazu-caldas\/\"},\"wordCount\":416,\"publisher\":{\"@id\":\"https:\/\/www.fiscalia.gov.co\/colombia\/#organization\"},\"keywords\":[\"alias El Mocho; y Cristian David Grajales Bedoya\",\"alias El Negro\",\"alias La Henry\",\"alias Lapicero; Luis Fernando Agudelo Mart\u00ednez\",\"alias Mem\u00edn; Jhon Jaider G\u00f3mez Nore\u00f1a\",\"alias Sombra; Elkin Fernando Ospitia Bedoya\",\"Aranzazu (Caldas)\",\"Concierto para delinquir agravado\",\"El Callej\u00f3n\",\"El Platanal\",\"en concurso con tr\u00e1fico\",\"fabricaci\u00f3n o porte de estupefacientes y uso de menores de edad para la comisi\u00f3n de delitos\",\"Fiscal\u00eda Seccional Caldas\",\"Fiscal\u00eda.\",\"Henry Rodr\u00edguez Bedoya\",\"Jhon Alejandro Salazar Bedoya\",\"La Morocha\",\"Ni\u00f1o Jes\u00fas de Praga\",\"Operaci\u00f3n Odisea\",\"Polic\u00eda Nacional\",\"Polideportivo\",\"Salamina (Caldas)\"],\"articleSection\":[\"Noticias\",\"Seccional Manizales\",\"Seccionales\",\"Tr\u00e1fico de estupefacientes\"],\"inLanguage\":\"es-CO\"},{\"@type\":\"WebPage\",\"@id\":\"https:\/\/www.fiscalia.gov.co\/colombia\/noticias\/carcel-para-seis-personas-senaladas-de-la-venta-de-estupefacientes-en-aranzazu-caldas\/\",\"url\":\"https:\/\/www.fiscalia.gov.co\/colombia\/noticias\/carcel-para-seis-personas-senaladas-de-la-venta-de-estupefacientes-en-aranzazu-caldas\/\",\"name\":\"Fiscal\u00eda General de la Naci\u00f3n\",\"isPartOf\":{\"@id\":\"https:\/\/www.fiscalia.gov.co\/colombia\/#website\"},\"datePublished\":\"2022-08-10T20:24:47+00:00\",\"dateModified\":\"2022-08-10T20:24:47+00:00\",\"description\":\"P\u00e1gina oficial de la Fiscal\u00eda General de la Naci\u00f3n \u2013 Colombia. Garantizamos el acceso efectivo a la justicia, la verdad y la reparaci\u00f3n de las v\u00edctimas de los delitos.\",\"breadcrumb\":{\"@id\":\"https:\/\/www.fiscalia.gov.co\/colombia\/noticias\/carcel-para-seis-personas-senaladas-de-la-venta-de-estupefacientes-en-aranzazu-caldas\/#breadcrumb\"},\"inLanguage\":\"es-CO\",\"potentialAction\":[{\"@type\":\"ReadAction\",\"target\":[\"https:\/\/www.fiscalia.gov.co\/colombia\/noticias\/carcel-para-seis-personas-senaladas-de-la-venta-de-estupefacientes-en-aranzazu-caldas\/\"]}]},{\"@type\":\"BreadcrumbList\",\"@id\":\"https:\/\/www.fiscalia.gov.co\/colombia\/noticias\/carcel-para-seis-personas-senaladas-de-la-venta-de-estupefacientes-en-aranzazu-caldas\/#breadcrumb\",\"itemListElement\":[{\"@type\":\"ListItem\",\"position\":1,\"name\":\"Home\",\"item\":\"https:\/\/www.fiscalia.gov.co\/colombia\/\"},{\"@type\":\"ListItem\",\"position\":2,\"name\":\"C\u00e1rcel para seis personas se\u00f1aladas de la venta de estupefacientes en Aranzazu (Caldas)\"}]},{\"@type\":\"WebSite\",\"@id\":\"https:\/\/www.fiscalia.gov.co\/colombia\/#website\",\"url\":\"https:\/\/www.fiscalia.gov.co\/colombia\/\",\"name\":\"Fiscal\u00eda General de la Naci\u00f3n\",\"description\":\"P\u00e1gina oficial de la Fiscal\u00eda General de la Naci\u00f3n \u2013 Colombia. Garantizamos el acceso efectivo a la justicia, la verdad y la reparaci\u00f3n de las v\u00edctimas de los delitos.\",\"publisher\":{\"@id\":\"https:\/\/www.fiscalia.gov.co\/colombia\/#organization\"},\"potentialAction\":[{\"@type\":\"SearchAction\",\"target\":{\"@type\":\"EntryPoint\",\"urlTemplate\":\"https:\/\/www.fiscalia.gov.co\/colombia\/?s={search_term_string}\"},\"query-input\":{\"@type\":\"PropertyValueSpecification\",\"valueRequired\":true,\"valueName\":\"search_term_string\"}}],\"inLanguage\":\"es-CO\"},{\"@type\":\"Organization\",\"@id\":\"https:\/\/www.fiscalia.gov.co\/colombia\/#organization\",\"name\":\"Fiscal\u00eda General de la Naci\u00f3n\",\"url\":\"https:\/\/www.fiscalia.gov.co\/colombia\/\",\"logo\":{\"@type\":\"ImageObject\",\"inLanguage\":\"es-CO\",\"@id\":\"https:\/\/www.fiscalia.gov.co\/colombia\/#\/schema\/logo\/image\/\",\"url\":\"https:\/\/www.fiscalia.gov.co\/colombia\/wp-content\/uploads\/LogoHorizontal_1.jpg\",\"contentUrl\":\"https:\/\/www.fiscalia.gov.co\/colombia\/wp-content\/uploads\/LogoHorizontal_1.jpg\",\"width\":300,\"height\":90,\"caption\":\"Fiscal\u00eda General de la Naci\u00f3n\"},\"image\":{\"@id\":\"https:\/\/www.fiscalia.gov.co\/colombia\/#\/schema\/logo\/image\/\"},\"sameAs\":[\"https:\/\/www.facebook.com\/FiscaliaCol\",\"https:\/\/x.com\/FiscaliaCol\",\"https:\/\/www.instagram.com\/fiscaliacol\",\"https:\/\/www.linkedin.com\/company\/fiscalia-general-de-la-naci-n\/\",\"https:\/\/youtube.com\/@fiscaliageneraldelanacion-4668?si=6nN79nyQICPU5iTh\"]},{\"@type\":\"Person\",\"@id\":\"https:\/\/www.fiscalia.gov.co\/colombia\/#\/schema\/person\/bf84402cf293a5393e9c70b111020b24\",\"name\":\"Jordan Leandro Oviedo Anzola\",\"image\":{\"@type\":\"ImageObject\",\"inLanguage\":\"es-CO\",\"@id\":\"https:\/\/www.fiscalia.gov.co\/colombia\/#\/schema\/person\/image\/\",\"url\":\"https:\/\/secure.gravatar.com\/avatar\/dabba4346fa9b9207d96adafa8f92721?s=96&d=mm&r=g\",\"contentUrl\":\"https:\/\/secure.gravatar.com\/avatar\/dabba4346fa9b9207d96adafa8f92721?s=96&d=mm&r=g\",\"caption\":\"Jordan Leandro Oviedo Anzola\"},\"url\":\"https:\/\/www.fiscalia.gov.co\/colombia\/author\/joviedo\/\"}]}<\/script>\n<!-- \/ Yoast SEO plugin. -->","yoast_head_json":{"title":"Fiscal\u00eda General de la Naci\u00f3n","description":"P\u00e1gina oficial de la Fiscal\u00eda General de la Naci\u00f3n \u2013 Colombia. Garantizamos el acceso efectivo a la justicia, la verdad y la reparaci\u00f3n de las v\u00edctimas de los delitos.","robots":{"index":"noindex","follow":"follow"},"og_locale":"es_ES","og_type":"article","og_title":"Fiscal\u00eda General de la Naci\u00f3n","og_description":"P\u00e1gina oficial de la Fiscal\u00eda General de la Naci\u00f3n \u2013 Colombia. Garantizamos el acceso efectivo a la justicia, la verdad y la reparaci\u00f3n de las v\u00edctimas de los delitos.","og_url":"https:\/\/www.fiscalia.gov.co\/colombia\/noticias\/carcel-para-seis-personas-senaladas-de-la-venta-de-estupefacientes-en-aranzazu-caldas\/","og_site_name":"Fiscal\u00eda General de la Naci\u00f3n","article_publisher":"https:\/\/www.facebook.com\/FiscaliaCol","article_published_time":"2022-08-10T20:24:47+00:00","author":"Jordan Leandro Oviedo Anzola","twitter_card":"summary_large_image","twitter_creator":"@FiscaliaCol","twitter_site":"@FiscaliaCol","twitter_misc":{"Escrito por":"Jordan Leandro Oviedo Anzola","Tiempo de lectura":"2 minutos"},"schema":{"@context":"https:\/\/schema.org","@graph":[{"@type":"Article","@id":"https:\/\/www.fiscalia.gov.co\/colombia\/noticias\/carcel-para-seis-personas-senaladas-de-la-venta-de-estupefacientes-en-aranzazu-caldas\/#article","isPartOf":{"@id":"https:\/\/www.fiscalia.gov.co\/colombia\/noticias\/carcel-para-seis-personas-senaladas-de-la-venta-de-estupefacientes-en-aranzazu-caldas\/"},"author":{"name":"Jordan Leandro Oviedo Anzola","@id":"https:\/\/www.fiscalia.gov.co\/colombia\/#\/schema\/person\/bf84402cf293a5393e9c70b111020b24"},"headline":"C\u00e1rcel para seis personas se\u00f1aladas de la venta de estupefacientes en Aranzazu (Caldas)","datePublished":"2022-08-10T20:24:47+00:00","dateModified":"2022-08-10T20:24:47+00:00","mainEntityOfPage":{"@id":"https:\/\/www.fiscalia.gov.co\/colombia\/noticias\/carcel-para-seis-personas-senaladas-de-la-venta-de-estupefacientes-en-aranzazu-caldas\/"},"wordCount":416,"publisher":{"@id":"https:\/\/www.fiscalia.gov.co\/colombia\/#organization"},"keywords":["alias El Mocho; y Cristian David Grajales Bedoya","alias El Negro","alias La Henry","alias Lapicero; Luis Fernando Agudelo Mart\u00ednez","alias Mem\u00edn; Jhon Jaider G\u00f3mez Nore\u00f1a","alias Sombra; Elkin Fernando Ospitia Bedoya","Aranzazu (Caldas)","Concierto para delinquir agravado","El Callej\u00f3n","El Platanal","en concurso con tr\u00e1fico","fabricaci\u00f3n o porte de estupefacientes y uso de menores de edad para la comisi\u00f3n de delitos","Fiscal\u00eda Seccional Caldas","Fiscal\u00eda.","Henry Rodr\u00edguez Bedoya","Jhon Alejandro Salazar Bedoya","La Morocha","Ni\u00f1o Jes\u00fas de Praga","Operaci\u00f3n Odisea","Polic\u00eda Nacional","Polideportivo","Salamina (Caldas)"],"articleSection":["Noticias","Seccional Manizales","Seccionales","Tr\u00e1fico de estupefacientes"],"inLanguage":"es-CO"},{"@type":"WebPage","@id":"https:\/\/www.fiscalia.gov.co\/colombia\/noticias\/carcel-para-seis-personas-senaladas-de-la-venta-de-estupefacientes-en-aranzazu-caldas\/","url":"https:\/\/www.fiscalia.gov.co\/colombia\/noticias\/carcel-para-seis-personas-senaladas-de-la-venta-de-estupefacientes-en-aranzazu-caldas\/","name":"Fiscal\u00eda General de la Naci\u00f3n","isPartOf":{"@id":"https:\/\/www.fiscalia.gov.co\/colombia\/#website"},"datePublished":"2022-08-10T20:24:47+00:00","dateModified":"2022-08-10T20:24:47+00:00","description":"P\u00e1gina oficial de la Fiscal\u00eda General de la Naci\u00f3n \u2013 Colombia. Garantizamos el acceso efectivo a la justicia, la verdad y la reparaci\u00f3n de las v\u00edctimas de los delitos.","breadcrumb":{"@id":"https:\/\/www.fiscalia.gov.co\/colombia\/noticias\/carcel-para-seis-personas-senaladas-de-la-venta-de-estupefacientes-en-aranzazu-caldas\/#breadcrumb"},"inLanguage":"es-CO","potentialAction":[{"@type":"ReadAction","target":["https:\/\/www.fiscalia.gov.co\/colombia\/noticias\/carcel-para-seis-personas-senaladas-de-la-venta-de-estupefacientes-en-aranzazu-caldas\/"]}]},{"@type":"BreadcrumbList","@id":"https:\/\/www.fiscalia.gov.co\/colombia\/noticias\/carcel-para-seis-personas-senaladas-de-la-venta-de-estupefacientes-en-aranzazu-caldas\/#breadcrumb","itemListElement":[{"@type":"ListItem","position":1,"name":"Home","item":"https:\/\/www.fiscalia.gov.co\/colombia\/"},{"@type":"ListItem","position":2,"name":"C\u00e1rcel para seis personas se\u00f1aladas de la venta de estupefacientes en Aranzazu (Caldas)"}]},{"@type":"WebSite","@id":"https:\/\/www.fiscalia.gov.co\/colombia\/#website","url":"https:\/\/www.fiscalia.gov.co\/colombia\/","name":"Fiscal\u00eda General de la Naci\u00f3n","description":"P\u00e1gina oficial de la Fiscal\u00eda General de la Naci\u00f3n \u2013 Colombia. Garantizamos el acceso efectivo a la justicia, la verdad y la reparaci\u00f3n de las v\u00edctimas de los delitos.","publisher":{"@id":"https:\/\/www.fiscalia.gov.co\/colombia\/#organization"},"potentialAction":[{"@type":"SearchAction","target":{"@type":"EntryPoint","urlTemplate":"https:\/\/www.fiscalia.gov.co\/colombia\/?s={search_term_string}"},"query-input":{"@type":"PropertyValueSpecification","valueRequired":true,"valueName":"search_term_string"}}],"inLanguage":"es-CO"},{"@type":"Organization","@id":"https:\/\/www.fiscalia.gov.co\/colombia\/#organization","name":"Fiscal\u00eda General de la Naci\u00f3n","url":"https:\/\/www.fiscalia.gov.co\/colombia\/","logo":{"@type":"ImageObject","inLanguage":"es-CO","@id":"https:\/\/www.fiscalia.gov.co\/colombia\/#\/schema\/logo\/image\/","url":"https:\/\/www.fiscalia.gov.co\/colombia\/wp-content\/uploads\/LogoHorizontal_1.jpg","contentUrl":"https:\/\/www.fiscalia.gov.co\/colombia\/wp-content\/uploads\/LogoHorizontal_1.jpg","width":300,"height":90,"caption":"Fiscal\u00eda General de la Naci\u00f3n"},"image":{"@id":"https:\/\/www.fiscalia.gov.co\/colombia\/#\/schema\/logo\/image\/"},"sameAs":["https:\/\/www.facebook.com\/FiscaliaCol","https:\/\/x.com\/FiscaliaCol","https:\/\/www.instagram.com\/fiscaliacol","https:\/\/www.linkedin.com\/company\/fiscalia-general-de-la-naci-n\/","https:\/\/youtube.com\/@fiscaliageneraldelanacion-4668?si=6nN79nyQICPU5iTh"]},{"@type":"Person","@id":"https:\/\/www.fiscalia.gov.co\/colombia\/#\/schema\/person\/bf84402cf293a5393e9c70b111020b24","name":"Jordan Leandro Oviedo Anzola","image":{"@type":"ImageObject","inLanguage":"es-CO","@id":"https:\/\/www.fiscalia.gov.co\/colombia\/#\/schema\/person\/image\/","url":"https:\/\/secure.gravatar.com\/avatar\/dabba4346fa9b9207d96adafa8f92721?s=96&d=mm&r=g","contentUrl":"https:\/\/secure.gravatar.com\/avatar\/dabba4346fa9b9207d96adafa8f92721?s=96&d=mm&r=g","caption":"Jordan Leandro Oviedo Anzola"},"url":"https:\/\/www.fiscalia.gov.co\/colombia\/author\/joviedo\/"}]}},"_links":{"self":[{"href":"https:\/\/www.fiscalia.gov.co\/colombia\/wp-json\/wp\/v2\/posts\/254654","targetHints":{"allow":["GET"]}}],"collection":[{"href":"https:\/\/www.fiscalia.gov.co\/colombia\/wp-json\/wp\/v2\/posts"}],"about":[{"href":"https:\/\/www.fiscalia.gov.co\/colombia\/wp-json\/wp\/v2\/types\/post"}],"author":[{"embeddable":true,"href":"https:\/\/www.fiscalia.gov.co\/colombia\/wp-json\/wp\/v2\/users\/177"}],"replies":[{"embeddable":true,"href":"https:\/\/www.fiscalia.gov.co\/colombia\/wp-json\/wp\/v2\/comments?post=254654"}],"version-history":[{"count":1,"href":"https:\/\/www.fiscalia.gov.co\/colombia\/wp-json\/wp\/v2\/posts\/254654\/revisions"}],"predecessor-version":[{"id":254656,"href":"https:\/\/www.fiscalia.gov.co\/colombia\/wp-json\/wp\/v2\/posts\/254654\/revisions\/254656"}],"wp:attachment":[{"href":"https:\/\/www.fiscalia.gov.co\/colombia\/wp-json\/wp\/v2\/media?parent=254654"}],"wp:term":[{"taxonomy":"category","embeddable":true,"href":"https:\/\/www.fiscalia.gov.co\/colombia\/wp-json\/wp\/v2\/categories?post=254654"},{"taxonomy":"post_tag","embeddable":true,"href":"https:\/\/www.fiscalia.gov.co\/colombia\/wp-json\/wp\/v2\/tags?post=254654"}],"curies":[{"name":"wp","href":"https:\/\/api.w.org\/{rel}","templated":true}]}}