{"id":254533,"date":"2022-08-09T11:40:32","date_gmt":"2022-08-09T16:40:32","guid":{"rendered":"https:\/\/www.fiscalia.gov.co\/colombia\/?p=254533"},"modified":"2022-08-09T11:41:04","modified_gmt":"2022-08-09T16:41:04","slug":"fiscalia-desarticulo-la-banda-delincuencial-los-de-la-empresa-dedicada-al-trafico-de-armas-y-estupefacientes","status":"publish","type":"post","link":"https:\/\/www.fiscalia.gov.co\/colombia\/noticias\/fiscalia-desarticulo-la-banda-delincuencial-los-de-la-empresa-dedicada-al-trafico-de-armas-y-estupefacientes\/","title":{"rendered":"Fiscal\u00eda desarticul\u00f3 la banda delincuencial los de La Empresa, dedicada al tr\u00e1fico de armas y estupefacientes"},"content":{"rendered":"<div dir=\"ltr\">\n<p style=\"text-align: left;\" align=\"center\"><strong><i><span lang=\"ES-CO\">Esta estructura criminal era contratada por otras redes delictivas para el control rutas de distribuci\u00f3n de drogas en tres comunas de Cali\u00a0<\/span><\/i><\/strong><\/p>\n<div>\n<p><span lang=\"ES-CO\">Al avalar las evidencias y el material probatorio recaudado por la Fiscal\u00eda General de la Naci\u00f3n, un juez penal envi\u00f3 a la c\u00e1rcel a 10 presuntos miembros de\u00a0<\/span><a href=\"https:\/\/www.fiscalia.gov.co\/colombia\/noticias\/envian-a-la-carcel-a-presuntos-integrantes-de-la-banda-los-americanos\/\" target=\"_blank\" rel=\"noopener\" data-saferedirecturl=\"https:\/\/www.google.com\/url?q=https:\/\/www.fiscalia.gov.co\/colombia\/noticias\/envian-a-la-carcel-a-presuntos-integrantes-de-la-banda-los-americanos\/&amp;source=gmail&amp;ust=1660149284327000&amp;usg=AOvVaw3bcYTHoHhAbavXPQ5UagK2\"><span lang=\"ES-CO\">la banda<\/span><\/a>\u00a0delincuencial<span lang=\"ES-CO\">\u00a0los de La Empresa, por su presunta responsabilidad en los\u00a0<\/span><span lang=\"ES-CO\">delitos de\u00a0<\/span><a href=\"https:\/\/www.fiscalia.gov.co\/colombia\/noticias\/asegurada-por-concierto-para-delinquir-agravado-presunta-integrante-de-los-pachenca\/\" target=\"_blank\" rel=\"noopener\" data-saferedirecturl=\"https:\/\/www.google.com\/url?q=https:\/\/www.fiscalia.gov.co\/colombia\/noticias\/asegurada-por-concierto-para-delinquir-agravado-presunta-integrante-de-los-pachenca\/&amp;source=gmail&amp;ust=1660149284327000&amp;usg=AOvVaw2i9PgzBB-LKratW2WFu8yQ\">concierto para delinquir<\/a>\u00a0agravado<span lang=\"ES-CO\">, fabricaci\u00f3n, tr\u00e1fico y porte de estupefacientes, y fabricaci\u00f3n, tr\u00e1fico, y porte de armas de fuego, accesorios, partes y municiones, y receptaci\u00f3n, a los cuales no se allanaron.\u00a0<\/span><\/p>\n<p><span lang=\"ES-CO\">La Fiscal\u00eda logr\u00f3 demostrar durante las audiencias concentradas que esta estructura criminal prestaba sus servicios criminales, por contrataci\u00f3n directa, a otras organizaciones delictivas como Los de la R, para mantener el control de la distribuci\u00f3n de estupefacientes en varios sectores del oriente de esta ciudad.\u00a0<\/span><\/p>\n<p><span lang=\"ES-CO\">Los de &#8216;La Empresa&#8217; delinqu\u00edan en el asentamiento Brisas del Limonar, Comuna 10, y en los barrios El Retiro de la Comuna 15, El Vergel de comuna 13, Antonio Nari\u00f1o de la Comuna 16, bajo el liderazgo de alias Balanta.\u00a0\u00a0<\/span><\/p>\n<p><span lang=\"ES-CO\">Los 10 asegurados fueron detenidos durante 17 operativos de registro y allanamiento por agentes de la Sij\u00edn de la Polic\u00eda Metropolitana (Mecal), coordinados por un fiscal especializado. Durante las diligencias judiciales las autoridades les incautaron marihuana, bazuco y coca\u00edna, tres motocicletas, dos armas de fuego calibres 9 y 38 mil\u00edmetros.\u00a0<\/span><\/p>\n<p><span lang=\"ES-CO\">El juez penal envi\u00f3 a la c\u00e1rcel a 5 mujeres y 5 hombres presuntos integrantes de la banda delictiva.\u00a0<\/span><\/p>\n<p><strong><span lang=\"ES-CO\">La Fiscal\u00eda habla con resultados.<\/span><\/strong><\/p>\n<p><span lang=\"ES-CO\">Le puede interesar:\u00a0<\/span><span lang=\"ES-CO\"><a href=\"https:\/\/www.fiscalia.gov.co\/colombia\/noticias\/carcel-para-4-presuntos-integrantes-de-la-banda-los-de-adentro-comprometidos-en-homicidio-y-trafico-de-armas\/\" target=\"_blank\" rel=\"noopener\" data-saferedirecturl=\"https:\/\/www.google.com\/url?q=https:\/\/www.fiscalia.gov.co\/colombia\/noticias\/carcel-para-4-presuntos-integrantes-de-la-banda-los-de-adentro-comprometidos-en-homicidio-y-trafico-de-armas\/&amp;source=gmail&amp;ust=1660149284327000&amp;usg=AOvVaw1Fa-4SCo8ETj23ykDJDoeZ\">C\u00e1rcel para 4 presuntos integrantes de la banda Los de Adentro, comprometidos en homicidio y tr\u00e1fico de armas\u00a0<\/a><\/span><\/p>\n<\/div>\n<\/div>\n<p>&nbsp;<\/p>\n<p>&nbsp;<\/p>\n<p>&nbsp;<\/p>\n<div dir=\"ltr\">\n<div>\n<p>JGP\/MG\/SEG\/DSC<\/p>\n<p>&nbsp;<\/p>\n<p>&nbsp;<\/p>\n<p><i><span lang=\"ES\">La informaci\u00f3n contenida en este bolet\u00edn de prensa corresponde a la narraci\u00f3n de los hechos noticiosos objetivos, suministrados por los funcionarios encargados de adelantar las investigaciones penales al interior de la Fiscal\u00eda General de la Naci\u00f3n. Para el momento de la divulgaci\u00f3n de este comunicado, la situaci\u00f3n jur\u00eddica de la(s) persona(s) relacionada(s) se encuentra pendiente de resolver por la autoridad judicial competente, siempre bajo los preceptos de la presunci\u00f3n de inocencia, consagrados en el<\/span><\/i><i><span lang=\"ES\">art\u00edculo 29 de la Constituci\u00f3n Pol\u00edtica y el art\u00edculo 7\u00ba de la Ley 906 de 2004.<\/span><\/i><\/p>\n<\/div>\n<\/div>\n\n<div class=\"twitter-share\"><a href=\"https:\/\/twitter.com\/intent\/tweet?via=fiscaliacol\" class=\"twitter-share-button\">Tweet<\/a><\/div>\n","protected":false},"excerpt":{"rendered":"<p>Esta estructura criminal era contratada por otras redes delictivas para el control rutas de distribuci\u00f3n de drogas en tres comunas de Cali\u00a0 Al avalar las evidencias y el material probatorio recaudado por la Fiscal\u00eda General de la Naci\u00f3n, un juez penal envi\u00f3 a la c\u00e1rcel a 10 presuntos miembros de\u00a0la banda\u00a0delincuencial\u00a0los de La Empresa, por [&hellip;]<\/p>\n","protected":false},"author":177,"featured_media":0,"comment_status":"closed","ping_status":"open","sticky":false,"template":"","format":"standard","meta":{"_price":"","_stock":"","_tribe_ticket_header":"","_tribe_default_ticket_provider":"","_tribe_ticket_capacity":"0","_ticket_start_date":"","_ticket_end_date":"","_tribe_ticket_show_description":"","_tribe_ticket_show_not_going":false,"_tribe_ticket_use_global_stock":"","_tribe_ticket_global_stock_level":"","_global_stock_mode":"","_global_stock_cap":"","_tribe_rsvp_for_event":"","_tribe_ticket_going_count":"","_tribe_ticket_not_going_count":"","_tribe_tickets_list":"[]","_tribe_ticket_has_attendee_info_fields":false,"tdm_status":"","tdm_grid_status":"","footnotes":""},"categories":[1,324,303,24103],"tags":[30077,83,24526,24481,1047,31945],"class_list":{"0":"post-254533","1":"post","2":"type-post","3":"status-publish","4":"format-standard","6":"category-noticias","7":"category-seccional-cali","8":"category-seccionales","9":"category-trafico-de-estupefacientes","10":"tag-cali-valle-del-cauca","11":"tag-concierto-para-delinquir","12":"tag-fiscal-general-francisco-barbosa-delgado","13":"tag-fiscalia-de-colombia","14":"tag-fiscalia-general-de-la-nacion","15":"tag-la-banda"},"yoast_head":"<!-- This site is optimized with the Yoast SEO plugin v24.3 - https:\/\/yoast.com\/wordpress\/plugins\/seo\/ -->\n<title>Fiscal\u00eda General de la Naci\u00f3n<\/title>\n<meta name=\"description\" content=\"P\u00e1gina oficial de la Fiscal\u00eda General de la Naci\u00f3n \u2013 Colombia. Garantizamos el acceso efectivo a la justicia, la verdad y la reparaci\u00f3n de las v\u00edctimas de los delitos.\" \/>\n<meta name=\"robots\" content=\"noindex, follow\" \/>\n<meta property=\"og:locale\" content=\"es_ES\" \/>\n<meta property=\"og:type\" content=\"article\" \/>\n<meta property=\"og:title\" content=\"Fiscal\u00eda General de la Naci\u00f3n\" \/>\n<meta property=\"og:description\" content=\"P\u00e1gina oficial de la Fiscal\u00eda General de la Naci\u00f3n \u2013 Colombia. Garantizamos el acceso efectivo a la justicia, la verdad y la reparaci\u00f3n de las v\u00edctimas de los delitos.\" \/>\n<meta property=\"og:url\" content=\"https:\/\/www.fiscalia.gov.co\/colombia\/noticias\/fiscalia-desarticulo-la-banda-delincuencial-los-de-la-empresa-dedicada-al-trafico-de-armas-y-estupefacientes\/\" \/>\n<meta property=\"og:site_name\" content=\"Fiscal\u00eda General de la Naci\u00f3n\" \/>\n<meta property=\"article:publisher\" content=\"https:\/\/www.facebook.com\/FiscaliaCol\" \/>\n<meta property=\"article:published_time\" content=\"2022-08-09T16:40:32+00:00\" \/>\n<meta property=\"article:modified_time\" content=\"2022-08-09T16:41:04+00:00\" \/>\n<meta name=\"author\" content=\"Jordan Leandro Oviedo Anzola\" \/>\n<meta name=\"twitter:card\" content=\"summary_large_image\" \/>\n<meta name=\"twitter:creator\" content=\"@FiscaliaCol\" \/>\n<meta name=\"twitter:site\" content=\"@FiscaliaCol\" \/>\n<meta name=\"twitter:label1\" content=\"Escrito por\" \/>\n\t<meta name=\"twitter:data1\" content=\"Jordan Leandro Oviedo Anzola\" \/>\n\t<meta name=\"twitter:label2\" content=\"Tiempo de lectura\" \/>\n\t<meta name=\"twitter:data2\" content=\"2 minutos\" \/>\n<script type=\"application\/ld+json\" class=\"yoast-schema-graph\">{\"@context\":\"https:\/\/schema.org\",\"@graph\":[{\"@type\":\"Article\",\"@id\":\"https:\/\/www.fiscalia.gov.co\/colombia\/noticias\/fiscalia-desarticulo-la-banda-delincuencial-los-de-la-empresa-dedicada-al-trafico-de-armas-y-estupefacientes\/#article\",\"isPartOf\":{\"@id\":\"https:\/\/www.fiscalia.gov.co\/colombia\/noticias\/fiscalia-desarticulo-la-banda-delincuencial-los-de-la-empresa-dedicada-al-trafico-de-armas-y-estupefacientes\/\"},\"author\":{\"name\":\"Jordan Leandro Oviedo Anzola\",\"@id\":\"https:\/\/www.fiscalia.gov.co\/colombia\/#\/schema\/person\/bf84402cf293a5393e9c70b111020b24\"},\"headline\":\"Fiscal\u00eda desarticul\u00f3 la banda delincuencial los de La Empresa, dedicada al tr\u00e1fico de armas y estupefacientes\",\"datePublished\":\"2022-08-09T16:40:32+00:00\",\"dateModified\":\"2022-08-09T16:41:04+00:00\",\"mainEntityOfPage\":{\"@id\":\"https:\/\/www.fiscalia.gov.co\/colombia\/noticias\/fiscalia-desarticulo-la-banda-delincuencial-los-de-la-empresa-dedicada-al-trafico-de-armas-y-estupefacientes\/\"},\"wordCount\":415,\"publisher\":{\"@id\":\"https:\/\/www.fiscalia.gov.co\/colombia\/#organization\"},\"keywords\":[\"Cali (Valle del Cauca)\",\"Concierto para delinquir\",\"Fiscal General Francisco Barbosa Delgado\",\"Fiscal\u00eda de Colombia\",\"Fiscal\u00eda General de la Naci\u00f3n\",\"La banda\"],\"articleSection\":[\"Noticias\",\"Seccional Cali\",\"Seccionales\",\"Tr\u00e1fico de estupefacientes\"],\"inLanguage\":\"es-CO\"},{\"@type\":\"WebPage\",\"@id\":\"https:\/\/www.fiscalia.gov.co\/colombia\/noticias\/fiscalia-desarticulo-la-banda-delincuencial-los-de-la-empresa-dedicada-al-trafico-de-armas-y-estupefacientes\/\",\"url\":\"https:\/\/www.fiscalia.gov.co\/colombia\/noticias\/fiscalia-desarticulo-la-banda-delincuencial-los-de-la-empresa-dedicada-al-trafico-de-armas-y-estupefacientes\/\",\"name\":\"Fiscal\u00eda General de la Naci\u00f3n\",\"isPartOf\":{\"@id\":\"https:\/\/www.fiscalia.gov.co\/colombia\/#website\"},\"datePublished\":\"2022-08-09T16:40:32+00:00\",\"dateModified\":\"2022-08-09T16:41:04+00:00\",\"description\":\"P\u00e1gina oficial de la Fiscal\u00eda General de la Naci\u00f3n \u2013 Colombia. Garantizamos el acceso efectivo a la justicia, la verdad y la reparaci\u00f3n de las v\u00edctimas de los delitos.\",\"breadcrumb\":{\"@id\":\"https:\/\/www.fiscalia.gov.co\/colombia\/noticias\/fiscalia-desarticulo-la-banda-delincuencial-los-de-la-empresa-dedicada-al-trafico-de-armas-y-estupefacientes\/#breadcrumb\"},\"inLanguage\":\"es-CO\",\"potentialAction\":[{\"@type\":\"ReadAction\",\"target\":[\"https:\/\/www.fiscalia.gov.co\/colombia\/noticias\/fiscalia-desarticulo-la-banda-delincuencial-los-de-la-empresa-dedicada-al-trafico-de-armas-y-estupefacientes\/\"]}]},{\"@type\":\"BreadcrumbList\",\"@id\":\"https:\/\/www.fiscalia.gov.co\/colombia\/noticias\/fiscalia-desarticulo-la-banda-delincuencial-los-de-la-empresa-dedicada-al-trafico-de-armas-y-estupefacientes\/#breadcrumb\",\"itemListElement\":[{\"@type\":\"ListItem\",\"position\":1,\"name\":\"Home\",\"item\":\"https:\/\/www.fiscalia.gov.co\/colombia\/\"},{\"@type\":\"ListItem\",\"position\":2,\"name\":\"Fiscal\u00eda desarticul\u00f3 la banda delincuencial los de La Empresa, dedicada al tr\u00e1fico de armas y estupefacientes\"}]},{\"@type\":\"WebSite\",\"@id\":\"https:\/\/www.fiscalia.gov.co\/colombia\/#website\",\"url\":\"https:\/\/www.fiscalia.gov.co\/colombia\/\",\"name\":\"Fiscal\u00eda General de la Naci\u00f3n\",\"description\":\"P\u00e1gina oficial de la Fiscal\u00eda General de la Naci\u00f3n \u2013 Colombia. Garantizamos el acceso efectivo a la justicia, la verdad y la reparaci\u00f3n de las v\u00edctimas de los delitos.\",\"publisher\":{\"@id\":\"https:\/\/www.fiscalia.gov.co\/colombia\/#organization\"},\"potentialAction\":[{\"@type\":\"SearchAction\",\"target\":{\"@type\":\"EntryPoint\",\"urlTemplate\":\"https:\/\/www.fiscalia.gov.co\/colombia\/?s={search_term_string}\"},\"query-input\":{\"@type\":\"PropertyValueSpecification\",\"valueRequired\":true,\"valueName\":\"search_term_string\"}}],\"inLanguage\":\"es-CO\"},{\"@type\":\"Organization\",\"@id\":\"https:\/\/www.fiscalia.gov.co\/colombia\/#organization\",\"name\":\"Fiscal\u00eda General de la Naci\u00f3n\",\"url\":\"https:\/\/www.fiscalia.gov.co\/colombia\/\",\"logo\":{\"@type\":\"ImageObject\",\"inLanguage\":\"es-CO\",\"@id\":\"https:\/\/www.fiscalia.gov.co\/colombia\/#\/schema\/logo\/image\/\",\"url\":\"https:\/\/www.fiscalia.gov.co\/colombia\/wp-content\/uploads\/LogoHorizontal_1.jpg\",\"contentUrl\":\"https:\/\/www.fiscalia.gov.co\/colombia\/wp-content\/uploads\/LogoHorizontal_1.jpg\",\"width\":300,\"height\":90,\"caption\":\"Fiscal\u00eda General de la Naci\u00f3n\"},\"image\":{\"@id\":\"https:\/\/www.fiscalia.gov.co\/colombia\/#\/schema\/logo\/image\/\"},\"sameAs\":[\"https:\/\/www.facebook.com\/FiscaliaCol\",\"https:\/\/x.com\/FiscaliaCol\",\"https:\/\/www.instagram.com\/fiscaliacol\",\"https:\/\/www.linkedin.com\/company\/fiscalia-general-de-la-naci-n\/\",\"https:\/\/youtube.com\/@fiscaliageneraldelanacion-4668?si=6nN79nyQICPU5iTh\"]},{\"@type\":\"Person\",\"@id\":\"https:\/\/www.fiscalia.gov.co\/colombia\/#\/schema\/person\/bf84402cf293a5393e9c70b111020b24\",\"name\":\"Jordan Leandro Oviedo Anzola\",\"image\":{\"@type\":\"ImageObject\",\"inLanguage\":\"es-CO\",\"@id\":\"https:\/\/www.fiscalia.gov.co\/colombia\/#\/schema\/person\/image\/\",\"url\":\"https:\/\/secure.gravatar.com\/avatar\/dabba4346fa9b9207d96adafa8f92721?s=96&d=mm&r=g\",\"contentUrl\":\"https:\/\/secure.gravatar.com\/avatar\/dabba4346fa9b9207d96adafa8f92721?s=96&d=mm&r=g\",\"caption\":\"Jordan Leandro Oviedo Anzola\"},\"url\":\"https:\/\/www.fiscalia.gov.co\/colombia\/author\/joviedo\/\"}]}<\/script>\n<!-- \/ Yoast SEO plugin. -->","yoast_head_json":{"title":"Fiscal\u00eda General de la Naci\u00f3n","description":"P\u00e1gina oficial de la Fiscal\u00eda General de la Naci\u00f3n \u2013 Colombia. Garantizamos el acceso efectivo a la justicia, la verdad y la reparaci\u00f3n de las v\u00edctimas de los delitos.","robots":{"index":"noindex","follow":"follow"},"og_locale":"es_ES","og_type":"article","og_title":"Fiscal\u00eda General de la Naci\u00f3n","og_description":"P\u00e1gina oficial de la Fiscal\u00eda General de la Naci\u00f3n \u2013 Colombia. Garantizamos el acceso efectivo a la justicia, la verdad y la reparaci\u00f3n de las v\u00edctimas de los delitos.","og_url":"https:\/\/www.fiscalia.gov.co\/colombia\/noticias\/fiscalia-desarticulo-la-banda-delincuencial-los-de-la-empresa-dedicada-al-trafico-de-armas-y-estupefacientes\/","og_site_name":"Fiscal\u00eda General de la Naci\u00f3n","article_publisher":"https:\/\/www.facebook.com\/FiscaliaCol","article_published_time":"2022-08-09T16:40:32+00:00","article_modified_time":"2022-08-09T16:41:04+00:00","author":"Jordan Leandro Oviedo Anzola","twitter_card":"summary_large_image","twitter_creator":"@FiscaliaCol","twitter_site":"@FiscaliaCol","twitter_misc":{"Escrito por":"Jordan Leandro Oviedo Anzola","Tiempo de lectura":"2 minutos"},"schema":{"@context":"https:\/\/schema.org","@graph":[{"@type":"Article","@id":"https:\/\/www.fiscalia.gov.co\/colombia\/noticias\/fiscalia-desarticulo-la-banda-delincuencial-los-de-la-empresa-dedicada-al-trafico-de-armas-y-estupefacientes\/#article","isPartOf":{"@id":"https:\/\/www.fiscalia.gov.co\/colombia\/noticias\/fiscalia-desarticulo-la-banda-delincuencial-los-de-la-empresa-dedicada-al-trafico-de-armas-y-estupefacientes\/"},"author":{"name":"Jordan Leandro Oviedo Anzola","@id":"https:\/\/www.fiscalia.gov.co\/colombia\/#\/schema\/person\/bf84402cf293a5393e9c70b111020b24"},"headline":"Fiscal\u00eda desarticul\u00f3 la banda delincuencial los de La Empresa, dedicada al tr\u00e1fico de armas y estupefacientes","datePublished":"2022-08-09T16:40:32+00:00","dateModified":"2022-08-09T16:41:04+00:00","mainEntityOfPage":{"@id":"https:\/\/www.fiscalia.gov.co\/colombia\/noticias\/fiscalia-desarticulo-la-banda-delincuencial-los-de-la-empresa-dedicada-al-trafico-de-armas-y-estupefacientes\/"},"wordCount":415,"publisher":{"@id":"https:\/\/www.fiscalia.gov.co\/colombia\/#organization"},"keywords":["Cali (Valle del Cauca)","Concierto para delinquir","Fiscal General Francisco Barbosa Delgado","Fiscal\u00eda de Colombia","Fiscal\u00eda General de la Naci\u00f3n","La banda"],"articleSection":["Noticias","Seccional Cali","Seccionales","Tr\u00e1fico de estupefacientes"],"inLanguage":"es-CO"},{"@type":"WebPage","@id":"https:\/\/www.fiscalia.gov.co\/colombia\/noticias\/fiscalia-desarticulo-la-banda-delincuencial-los-de-la-empresa-dedicada-al-trafico-de-armas-y-estupefacientes\/","url":"https:\/\/www.fiscalia.gov.co\/colombia\/noticias\/fiscalia-desarticulo-la-banda-delincuencial-los-de-la-empresa-dedicada-al-trafico-de-armas-y-estupefacientes\/","name":"Fiscal\u00eda General de la Naci\u00f3n","isPartOf":{"@id":"https:\/\/www.fiscalia.gov.co\/colombia\/#website"},"datePublished":"2022-08-09T16:40:32+00:00","dateModified":"2022-08-09T16:41:04+00:00","description":"P\u00e1gina oficial de la Fiscal\u00eda General de la Naci\u00f3n \u2013 Colombia. Garantizamos el acceso efectivo a la justicia, la verdad y la reparaci\u00f3n de las v\u00edctimas de los delitos.","breadcrumb":{"@id":"https:\/\/www.fiscalia.gov.co\/colombia\/noticias\/fiscalia-desarticulo-la-banda-delincuencial-los-de-la-empresa-dedicada-al-trafico-de-armas-y-estupefacientes\/#breadcrumb"},"inLanguage":"es-CO","potentialAction":[{"@type":"ReadAction","target":["https:\/\/www.fiscalia.gov.co\/colombia\/noticias\/fiscalia-desarticulo-la-banda-delincuencial-los-de-la-empresa-dedicada-al-trafico-de-armas-y-estupefacientes\/"]}]},{"@type":"BreadcrumbList","@id":"https:\/\/www.fiscalia.gov.co\/colombia\/noticias\/fiscalia-desarticulo-la-banda-delincuencial-los-de-la-empresa-dedicada-al-trafico-de-armas-y-estupefacientes\/#breadcrumb","itemListElement":[{"@type":"ListItem","position":1,"name":"Home","item":"https:\/\/www.fiscalia.gov.co\/colombia\/"},{"@type":"ListItem","position":2,"name":"Fiscal\u00eda desarticul\u00f3 la banda delincuencial los de La Empresa, dedicada al tr\u00e1fico de armas y estupefacientes"}]},{"@type":"WebSite","@id":"https:\/\/www.fiscalia.gov.co\/colombia\/#website","url":"https:\/\/www.fiscalia.gov.co\/colombia\/","name":"Fiscal\u00eda General de la Naci\u00f3n","description":"P\u00e1gina oficial de la Fiscal\u00eda General de la Naci\u00f3n \u2013 Colombia. Garantizamos el acceso efectivo a la justicia, la verdad y la reparaci\u00f3n de las v\u00edctimas de los delitos.","publisher":{"@id":"https:\/\/www.fiscalia.gov.co\/colombia\/#organization"},"potentialAction":[{"@type":"SearchAction","target":{"@type":"EntryPoint","urlTemplate":"https:\/\/www.fiscalia.gov.co\/colombia\/?s={search_term_string}"},"query-input":{"@type":"PropertyValueSpecification","valueRequired":true,"valueName":"search_term_string"}}],"inLanguage":"es-CO"},{"@type":"Organization","@id":"https:\/\/www.fiscalia.gov.co\/colombia\/#organization","name":"Fiscal\u00eda General de la Naci\u00f3n","url":"https:\/\/www.fiscalia.gov.co\/colombia\/","logo":{"@type":"ImageObject","inLanguage":"es-CO","@id":"https:\/\/www.fiscalia.gov.co\/colombia\/#\/schema\/logo\/image\/","url":"https:\/\/www.fiscalia.gov.co\/colombia\/wp-content\/uploads\/LogoHorizontal_1.jpg","contentUrl":"https:\/\/www.fiscalia.gov.co\/colombia\/wp-content\/uploads\/LogoHorizontal_1.jpg","width":300,"height":90,"caption":"Fiscal\u00eda General de la Naci\u00f3n"},"image":{"@id":"https:\/\/www.fiscalia.gov.co\/colombia\/#\/schema\/logo\/image\/"},"sameAs":["https:\/\/www.facebook.com\/FiscaliaCol","https:\/\/x.com\/FiscaliaCol","https:\/\/www.instagram.com\/fiscaliacol","https:\/\/www.linkedin.com\/company\/fiscalia-general-de-la-naci-n\/","https:\/\/youtube.com\/@fiscaliageneraldelanacion-4668?si=6nN79nyQICPU5iTh"]},{"@type":"Person","@id":"https:\/\/www.fiscalia.gov.co\/colombia\/#\/schema\/person\/bf84402cf293a5393e9c70b111020b24","name":"Jordan Leandro Oviedo Anzola","image":{"@type":"ImageObject","inLanguage":"es-CO","@id":"https:\/\/www.fiscalia.gov.co\/colombia\/#\/schema\/person\/image\/","url":"https:\/\/secure.gravatar.com\/avatar\/dabba4346fa9b9207d96adafa8f92721?s=96&d=mm&r=g","contentUrl":"https:\/\/secure.gravatar.com\/avatar\/dabba4346fa9b9207d96adafa8f92721?s=96&d=mm&r=g","caption":"Jordan Leandro Oviedo Anzola"},"url":"https:\/\/www.fiscalia.gov.co\/colombia\/author\/joviedo\/"}]}},"_links":{"self":[{"href":"https:\/\/www.fiscalia.gov.co\/colombia\/wp-json\/wp\/v2\/posts\/254533","targetHints":{"allow":["GET"]}}],"collection":[{"href":"https:\/\/www.fiscalia.gov.co\/colombia\/wp-json\/wp\/v2\/posts"}],"about":[{"href":"https:\/\/www.fiscalia.gov.co\/colombia\/wp-json\/wp\/v2\/types\/post"}],"author":[{"embeddable":true,"href":"https:\/\/www.fiscalia.gov.co\/colombia\/wp-json\/wp\/v2\/users\/177"}],"replies":[{"embeddable":true,"href":"https:\/\/www.fiscalia.gov.co\/colombia\/wp-json\/wp\/v2\/comments?post=254533"}],"version-history":[{"count":2,"href":"https:\/\/www.fiscalia.gov.co\/colombia\/wp-json\/wp\/v2\/posts\/254533\/revisions"}],"predecessor-version":[{"id":254535,"href":"https:\/\/www.fiscalia.gov.co\/colombia\/wp-json\/wp\/v2\/posts\/254533\/revisions\/254535"}],"wp:attachment":[{"href":"https:\/\/www.fiscalia.gov.co\/colombia\/wp-json\/wp\/v2\/media?parent=254533"}],"wp:term":[{"taxonomy":"category","embeddable":true,"href":"https:\/\/www.fiscalia.gov.co\/colombia\/wp-json\/wp\/v2\/categories?post=254533"},{"taxonomy":"post_tag","embeddable":true,"href":"https:\/\/www.fiscalia.gov.co\/colombia\/wp-json\/wp\/v2\/tags?post=254533"}],"curies":[{"name":"wp","href":"https:\/\/api.w.org\/{rel}","templated":true}]}}