{"id":254040,"date":"2022-08-02T13:00:51","date_gmt":"2022-08-02T18:00:51","guid":{"rendered":"https:\/\/www.fiscalia.gov.co\/colombia\/?p=254040"},"modified":"2022-08-10T11:26:40","modified_gmt":"2022-08-10T16:26:40","slug":"fiscalia-judicializo-a-11-presuntos-integrantes-de-la-banda-secon-dedicada-al-microtrafico-en-entornos-escolares-en-cali","status":"publish","type":"post","link":"https:\/\/www.fiscalia.gov.co\/colombia\/noticias\/fiscalia-judicializo-a-11-presuntos-integrantes-de-la-banda-secon-dedicada-al-microtrafico-en-entornos-escolares-en-cali\/","title":{"rendered":"Fiscal\u00eda judicializ\u00f3 a 11 presuntos integrantes de la banda Secon, dedicada al microtr\u00e1fico en entornos escolares en Cali\u00a0"},"content":{"rendered":"<p>El trabajo articulado entre la Fiscal\u00eda General de la Naci\u00f3n y la Sijin de la Polic\u00eda Metropolitana, Mecal, permiti\u00f3 que un juez penal de Cali enviara a la c\u00e1rcel a 10 presuntos integrantes de la banda Secon por su presunta responsabilidad individual en los delitos de concierto para delinquir agravado y fabricaci\u00f3n, tr\u00e1fico y <a href=\"https:\/\/www.fiscalia.gov.co\/colombia\/noticias\/carcel-para-siete-presuntos-integrantes-de-la-banda-los-lleras-por-trafico-de-estupefacientes-en-cali-y-el-norte-del-cauca\/\">porte de estupefacientes y<\/a>\u00a0uso de menores para la comisi\u00f3n de delitos.<\/p>\n<figure id=\"attachment_254041\" aria-describedby=\"caption-attachment-254041\" style=\"width: 1280px\" class=\"wp-caption aligncenter\"><img loading=\"lazy\" decoding=\"async\" class=\"size-full wp-image-254041\" src=\"https:\/\/www.fiscalia.gov.co\/colombia\/wp-content\/uploads\/Banda-Secon-Cali.jpeg\" alt=\"\" width=\"1280\" height=\"611\" srcset=\"https:\/\/www.fiscalia.gov.co\/colombia\/wp-content\/uploads\/Banda-Secon-Cali.jpeg 1280w, https:\/\/www.fiscalia.gov.co\/colombia\/wp-content\/uploads\/Banda-Secon-Cali-300x143.jpeg 300w, https:\/\/www.fiscalia.gov.co\/colombia\/wp-content\/uploads\/Banda-Secon-Cali-1024x489.jpeg 1024w, https:\/\/www.fiscalia.gov.co\/colombia\/wp-content\/uploads\/Banda-Secon-Cali-768x367.jpeg 768w, https:\/\/www.fiscalia.gov.co\/colombia\/wp-content\/uploads\/Banda-Secon-Cali-696x332.jpeg 696w, https:\/\/www.fiscalia.gov.co\/colombia\/wp-content\/uploads\/Banda-Secon-Cali-1068x510.jpeg 1068w, https:\/\/www.fiscalia.gov.co\/colombia\/wp-content\/uploads\/Banda-Secon-Cali-880x420.jpeg 880w\" sizes=\"auto, (max-width: 1280px) 100vw, 1280px\" \/><figcaption id=\"caption-attachment-254041\" class=\"wp-caption-text\">Los 11 presuntos integrantes de la banda Secon delinqu\u00edan en el barrio El Retiro de la Comuna 15, distribuyendo marihuana y coca\u00edna en inmediaciones de entornos educativos y un parque recreativo.<\/figcaption><\/figure>\n<p>El servidor judicial dict\u00f3 tambi\u00e9n medida de aseguramiento contra una mujer de 71 a\u00f1os consistente en detenci\u00f3n preventiva en lugar de residencia, como presunta integrante de esta estructura delictiva.<\/p>\n<p>Seg\u00fan la investigaci\u00f3n, la organizaci\u00f3n delictiva Secon delinqu\u00eda en el barrio El Retiro, Distrito de Aguablanca, Comuna 15, dedicada a la venta y comercializaci\u00f3n de 2.500 dosis de\u00a0<a href=\"https:\/\/www.fiscalia.gov.co\/colombia\/noticias\/desarticulada-banda-delictiva-los-domiciliarios-por-microtrafico-en-la-union-narino\/\">marihuana<\/a>\u00a0y coca\u00edna en la modalidad de menudeo.<\/p>\n<p>Adem\u00e1s, varios presuntos miembros de esta estructura criminal utilizaban bienes inmuebles para el almacenamiento de drogas y estupefacientes.<\/p>\n<p>La Fiscal\u00eda logr\u00f3 establecer que la organizaci\u00f3n delincuencial estar\u00eda involucrada en 106 eventos delictivos con la comercializaci\u00f3n de drogas, especialmente en las inmediaciones de un parque recreativo, un jard\u00edn infantil y un centro educativo de la Comuna 15.<\/p>\n<p>Los 11 procesados fueron detenidos durante 13 operativos de registro y allanamiento realizados por agentes de la Sijin, coordinados por un fiscal de la Estructura de Apoyo (EDA), cumpliendo con \u00f3rdenes de captura emitidas por un juez penal con control de garant\u00edas.<\/p>\n<p>En los operativos fueron incautados dosis de coca\u00edna, marihuana y dinero en efectivo.<\/p>\n<p>En lo que va corrido de 2022, la Fiscal\u00eda General ha impactado 20 estructuras dedicadas al tr\u00e1fico de drogas con un total de 165 personas capturadas y enviadas a la c\u00e1rcel por microtr\u00e1fico en la capital del Valle.<\/p>\n<p>Esta informaci\u00f3n se publica por razones de inter\u00e9s general.<\/p>\n<p>La Fiscal\u00eda habla con resultados.<\/p>\n<p>Revis\u00f3: JGP\/MG\/SEGM\/DSC<\/p>\n<p><em>La informaci\u00f3n contenida en este bolet\u00edn de prensa corresponde a la narraci\u00f3n de los hechos noticiosos objetivos, suministrados por los funcionarios encargados de adelantar las investigaciones penales al interior de la Fiscal\u00eda General de la Naci\u00f3n. Para el momento de la divulgaci\u00f3n de este comunicado, la situaci\u00f3n jur\u00eddica de la(s) persona(s) relacionada(s) se encuentra pendiente de resolver por la autoridad judicial competente, siempre bajo los preceptos de la presunci\u00f3n de inocencia, consagrados en el<strong>\u00a0<\/strong>art\u00edculo 29 de la Constituci\u00f3n Pol\u00edtica y el art\u00edculo 7\u00ba de la Ley 906 de 2004\u00a0<\/em><\/p>\n<p>Le puede interesar:\u00a0<a href=\"https:\/\/www.fiscalia.gov.co\/colombia\/seccionales\/fiscalia-logro-la-judicializacion-de-8-presuntos-integrantes-de-la-banda-taxi-hachis-dedicada-al-trafico-de-drogas-en-dos-comunas-de-cali\/\">Fiscal\u00eda logr\u00f3 la judicializaci\u00f3n de 8 presuntos integrantes de la banda Taxi Hach\u00eds, dedicada al tr\u00e1fico de drogas en dos comunas de Cali\u00a0<\/a><\/p>\n\n<div class=\"twitter-share\"><a href=\"https:\/\/twitter.com\/intent\/tweet?via=fiscaliacol\" class=\"twitter-share-button\">Tweet<\/a><\/div>\n","protected":false},"excerpt":{"rendered":"<p>El trabajo articulado entre la Fiscal\u00eda General de la Naci\u00f3n y la Sijin de la Polic\u00eda Metropolitana, Mecal, permiti\u00f3 que un juez penal de Cali enviara a la c\u00e1rcel a 10 presuntos integrantes de la banda Secon por su presunta responsabilidad individual en los delitos de concierto para delinquir agravado y fabricaci\u00f3n, tr\u00e1fico y porte [&hellip;]<\/p>\n","protected":false},"author":175,"featured_media":0,"comment_status":"closed","ping_status":"open","sticky":false,"template":"","format":"video","meta":{"_price":"","_stock":"","_tribe_ticket_header":"","_tribe_default_ticket_provider":"","_tribe_ticket_capacity":"0","_ticket_start_date":"","_ticket_end_date":"","_tribe_ticket_show_description":"","_tribe_ticket_show_not_going":false,"_tribe_ticket_use_global_stock":"","_tribe_ticket_global_stock_level":"","_global_stock_mode":"","_global_stock_cap":"","_tribe_rsvp_for_event":"","_tribe_ticket_going_count":"","_tribe_ticket_not_going_count":"","_tribe_tickets_list":"[]","_tribe_ticket_has_attendee_info_fields":false,"tdm_status":"","tdm_grid_status":"","footnotes":""},"categories":[1,324,24103],"tags":[24189,24526,24481,1047,1264,12161],"class_list":{"0":"post-254040","1":"post","2":"type-post","3":"status-publish","4":"format-video","6":"category-noticias","7":"category-seccional-cali","8":"category-trafico-de-estupefacientes","9":"tag-fiscal-francisco-barbosa-delgado","10":"tag-fiscal-general-francisco-barbosa-delgado","11":"tag-fiscalia-de-colombia","12":"tag-fiscalia-general-de-la-nacion","13":"tag-marihuana","14":"tag-porte-de-estupefacientes","15":"post_format-post-format-video"},"yoast_head":"<!-- This site is optimized with the Yoast SEO plugin v24.3 - https:\/\/yoast.com\/wordpress\/plugins\/seo\/ -->\n<title>Fiscal\u00eda General de la Naci\u00f3n<\/title>\n<meta name=\"description\" content=\"P\u00e1gina oficial de la Fiscal\u00eda General de la Naci\u00f3n \u2013 Colombia. Garantizamos el acceso efectivo a la justicia, la verdad y la reparaci\u00f3n de las v\u00edctimas de los delitos.\" \/>\n<meta name=\"robots\" content=\"noindex, follow\" \/>\n<meta property=\"og:locale\" content=\"es_ES\" \/>\n<meta property=\"og:type\" content=\"article\" \/>\n<meta property=\"og:title\" content=\"Fiscal\u00eda General de la Naci\u00f3n\" \/>\n<meta property=\"og:description\" content=\"P\u00e1gina oficial de la Fiscal\u00eda General de la Naci\u00f3n \u2013 Colombia. Garantizamos el acceso efectivo a la justicia, la verdad y la reparaci\u00f3n de las v\u00edctimas de los delitos.\" \/>\n<meta property=\"og:url\" content=\"https:\/\/www.fiscalia.gov.co\/colombia\/noticias\/fiscalia-judicializo-a-11-presuntos-integrantes-de-la-banda-secon-dedicada-al-microtrafico-en-entornos-escolares-en-cali\/\" \/>\n<meta property=\"og:site_name\" content=\"Fiscal\u00eda General de la Naci\u00f3n\" \/>\n<meta property=\"article:publisher\" content=\"https:\/\/www.facebook.com\/FiscaliaCol\" \/>\n<meta property=\"article:published_time\" content=\"2022-08-02T18:00:51+00:00\" \/>\n<meta property=\"article:modified_time\" content=\"2022-08-10T16:26:40+00:00\" \/>\n<meta property=\"og:image\" content=\"https:\/\/www.fiscalia.gov.co\/colombia\/wp-content\/uploads\/Banda-Secon-Cali.jpeg\" \/>\n<meta name=\"author\" content=\"Katherine Loaiza Mart\u00ednez\" \/>\n<meta name=\"twitter:card\" content=\"summary_large_image\" \/>\n<meta name=\"twitter:creator\" content=\"@FiscaliaCol\" \/>\n<meta name=\"twitter:site\" content=\"@FiscaliaCol\" \/>\n<meta name=\"twitter:label1\" content=\"Escrito por\" \/>\n\t<meta name=\"twitter:data1\" content=\"Katherine Loaiza Mart\u00ednez\" \/>\n\t<meta name=\"twitter:label2\" content=\"Tiempo de lectura\" \/>\n\t<meta name=\"twitter:data2\" content=\"2 minutos\" \/>\n<script type=\"application\/ld+json\" class=\"yoast-schema-graph\">{\"@context\":\"https:\/\/schema.org\",\"@graph\":[{\"@type\":\"Article\",\"@id\":\"https:\/\/www.fiscalia.gov.co\/colombia\/noticias\/fiscalia-judicializo-a-11-presuntos-integrantes-de-la-banda-secon-dedicada-al-microtrafico-en-entornos-escolares-en-cali\/#article\",\"isPartOf\":{\"@id\":\"https:\/\/www.fiscalia.gov.co\/colombia\/noticias\/fiscalia-judicializo-a-11-presuntos-integrantes-de-la-banda-secon-dedicada-al-microtrafico-en-entornos-escolares-en-cali\/\"},\"author\":{\"name\":\"Katherine Loaiza Mart\u00ednez\",\"@id\":\"https:\/\/www.fiscalia.gov.co\/colombia\/#\/schema\/person\/2e76b9aba5ecf875ed565ce4de0e0415\"},\"headline\":\"Fiscal\u00eda judicializ\u00f3 a 11 presuntos integrantes de la banda Secon, dedicada al microtr\u00e1fico en entornos escolares en Cali\u00a0\",\"datePublished\":\"2022-08-02T18:00:51+00:00\",\"dateModified\":\"2022-08-10T16:26:40+00:00\",\"mainEntityOfPage\":{\"@id\":\"https:\/\/www.fiscalia.gov.co\/colombia\/noticias\/fiscalia-judicializo-a-11-presuntos-integrantes-de-la-banda-secon-dedicada-al-microtrafico-en-entornos-escolares-en-cali\/\"},\"wordCount\":507,\"publisher\":{\"@id\":\"https:\/\/www.fiscalia.gov.co\/colombia\/#organization\"},\"image\":{\"@id\":\"https:\/\/www.fiscalia.gov.co\/colombia\/noticias\/fiscalia-judicializo-a-11-presuntos-integrantes-de-la-banda-secon-dedicada-al-microtrafico-en-entornos-escolares-en-cali\/#primaryimage\"},\"thumbnailUrl\":\"https:\/\/www.fiscalia.gov.co\/colombia\/wp-content\/uploads\/Banda-Secon-Cali.jpeg\",\"keywords\":[\"Fiscal Francisco Barbosa Delgado\",\"Fiscal General Francisco Barbosa Delgado\",\"Fiscal\u00eda de Colombia\",\"Fiscal\u00eda General de la Naci\u00f3n\",\"Marihuana\",\"Porte de estupefacientes\"],\"articleSection\":[\"Noticias\",\"Seccional Cali\",\"Tr\u00e1fico de estupefacientes\"],\"inLanguage\":\"es-CO\"},{\"@type\":\"WebPage\",\"@id\":\"https:\/\/www.fiscalia.gov.co\/colombia\/noticias\/fiscalia-judicializo-a-11-presuntos-integrantes-de-la-banda-secon-dedicada-al-microtrafico-en-entornos-escolares-en-cali\/\",\"url\":\"https:\/\/www.fiscalia.gov.co\/colombia\/noticias\/fiscalia-judicializo-a-11-presuntos-integrantes-de-la-banda-secon-dedicada-al-microtrafico-en-entornos-escolares-en-cali\/\",\"name\":\"Fiscal\u00eda General de la Naci\u00f3n\",\"isPartOf\":{\"@id\":\"https:\/\/www.fiscalia.gov.co\/colombia\/#website\"},\"primaryImageOfPage\":{\"@id\":\"https:\/\/www.fiscalia.gov.co\/colombia\/noticias\/fiscalia-judicializo-a-11-presuntos-integrantes-de-la-banda-secon-dedicada-al-microtrafico-en-entornos-escolares-en-cali\/#primaryimage\"},\"image\":{\"@id\":\"https:\/\/www.fiscalia.gov.co\/colombia\/noticias\/fiscalia-judicializo-a-11-presuntos-integrantes-de-la-banda-secon-dedicada-al-microtrafico-en-entornos-escolares-en-cali\/#primaryimage\"},\"thumbnailUrl\":\"https:\/\/www.fiscalia.gov.co\/colombia\/wp-content\/uploads\/Banda-Secon-Cali.jpeg\",\"datePublished\":\"2022-08-02T18:00:51+00:00\",\"dateModified\":\"2022-08-10T16:26:40+00:00\",\"description\":\"P\u00e1gina oficial de la Fiscal\u00eda General de la Naci\u00f3n \u2013 Colombia. Garantizamos el acceso efectivo a la justicia, la verdad y la reparaci\u00f3n de las v\u00edctimas de los delitos.\",\"breadcrumb\":{\"@id\":\"https:\/\/www.fiscalia.gov.co\/colombia\/noticias\/fiscalia-judicializo-a-11-presuntos-integrantes-de-la-banda-secon-dedicada-al-microtrafico-en-entornos-escolares-en-cali\/#breadcrumb\"},\"inLanguage\":\"es-CO\",\"potentialAction\":[{\"@type\":\"ReadAction\",\"target\":[\"https:\/\/www.fiscalia.gov.co\/colombia\/noticias\/fiscalia-judicializo-a-11-presuntos-integrantes-de-la-banda-secon-dedicada-al-microtrafico-en-entornos-escolares-en-cali\/\"]}]},{\"@type\":\"ImageObject\",\"inLanguage\":\"es-CO\",\"@id\":\"https:\/\/www.fiscalia.gov.co\/colombia\/noticias\/fiscalia-judicializo-a-11-presuntos-integrantes-de-la-banda-secon-dedicada-al-microtrafico-en-entornos-escolares-en-cali\/#primaryimage\",\"url\":\"https:\/\/www.fiscalia.gov.co\/colombia\/wp-content\/uploads\/Banda-Secon-Cali.jpeg\",\"contentUrl\":\"https:\/\/www.fiscalia.gov.co\/colombia\/wp-content\/uploads\/Banda-Secon-Cali.jpeg\",\"width\":1280,\"height\":611,\"caption\":\"Los 11 presuntos integrantes de la banda Secon delinqu\u00edan en el barrio El Retiro de la Comuna 15, distribuyendo marihuana y coca\u00edna en inmediaciones de entornos educativos y un parque recreativo.\"},{\"@type\":\"BreadcrumbList\",\"@id\":\"https:\/\/www.fiscalia.gov.co\/colombia\/noticias\/fiscalia-judicializo-a-11-presuntos-integrantes-de-la-banda-secon-dedicada-al-microtrafico-en-entornos-escolares-en-cali\/#breadcrumb\",\"itemListElement\":[{\"@type\":\"ListItem\",\"position\":1,\"name\":\"Home\",\"item\":\"https:\/\/www.fiscalia.gov.co\/colombia\/\"},{\"@type\":\"ListItem\",\"position\":2,\"name\":\"Fiscal\u00eda judicializ\u00f3 a 11 presuntos integrantes de la banda Secon, dedicada al microtr\u00e1fico en entornos escolares en Cali\u00a0\"}]},{\"@type\":\"WebSite\",\"@id\":\"https:\/\/www.fiscalia.gov.co\/colombia\/#website\",\"url\":\"https:\/\/www.fiscalia.gov.co\/colombia\/\",\"name\":\"Fiscal\u00eda General de la Naci\u00f3n\",\"description\":\"P\u00e1gina oficial de la Fiscal\u00eda General de la Naci\u00f3n \u2013 Colombia. Garantizamos el acceso efectivo a la justicia, la verdad y la reparaci\u00f3n de las v\u00edctimas de los delitos.\",\"publisher\":{\"@id\":\"https:\/\/www.fiscalia.gov.co\/colombia\/#organization\"},\"potentialAction\":[{\"@type\":\"SearchAction\",\"target\":{\"@type\":\"EntryPoint\",\"urlTemplate\":\"https:\/\/www.fiscalia.gov.co\/colombia\/?s={search_term_string}\"},\"query-input\":{\"@type\":\"PropertyValueSpecification\",\"valueRequired\":true,\"valueName\":\"search_term_string\"}}],\"inLanguage\":\"es-CO\"},{\"@type\":\"Organization\",\"@id\":\"https:\/\/www.fiscalia.gov.co\/colombia\/#organization\",\"name\":\"Fiscal\u00eda General de la Naci\u00f3n\",\"url\":\"https:\/\/www.fiscalia.gov.co\/colombia\/\",\"logo\":{\"@type\":\"ImageObject\",\"inLanguage\":\"es-CO\",\"@id\":\"https:\/\/www.fiscalia.gov.co\/colombia\/#\/schema\/logo\/image\/\",\"url\":\"https:\/\/www.fiscalia.gov.co\/colombia\/wp-content\/uploads\/LogoHorizontal_1.jpg\",\"contentUrl\":\"https:\/\/www.fiscalia.gov.co\/colombia\/wp-content\/uploads\/LogoHorizontal_1.jpg\",\"width\":300,\"height\":90,\"caption\":\"Fiscal\u00eda General de la Naci\u00f3n\"},\"image\":{\"@id\":\"https:\/\/www.fiscalia.gov.co\/colombia\/#\/schema\/logo\/image\/\"},\"sameAs\":[\"https:\/\/www.facebook.com\/FiscaliaCol\",\"https:\/\/x.com\/FiscaliaCol\",\"https:\/\/www.instagram.com\/fiscaliacol\",\"https:\/\/www.linkedin.com\/company\/fiscalia-general-de-la-naci-n\/\",\"https:\/\/youtube.com\/@fiscaliageneraldelanacion-4668?si=6nN79nyQICPU5iTh\"]},{\"@type\":\"Person\",\"@id\":\"https:\/\/www.fiscalia.gov.co\/colombia\/#\/schema\/person\/2e76b9aba5ecf875ed565ce4de0e0415\",\"name\":\"Katherine Loaiza Mart\u00ednez\",\"image\":{\"@type\":\"ImageObject\",\"inLanguage\":\"es-CO\",\"@id\":\"https:\/\/www.fiscalia.gov.co\/colombia\/#\/schema\/person\/image\/\",\"url\":\"https:\/\/secure.gravatar.com\/avatar\/ab775a2f394c1b83b6d6f78680e57b50?s=96&d=mm&r=g\",\"contentUrl\":\"https:\/\/secure.gravatar.com\/avatar\/ab775a2f394c1b83b6d6f78680e57b50?s=96&d=mm&r=g\",\"caption\":\"Katherine Loaiza Mart\u00ednez\"},\"url\":\"https:\/\/www.fiscalia.gov.co\/colombia\/author\/kloaiza\/\"}]}<\/script>\n<!-- \/ Yoast SEO plugin. -->","yoast_head_json":{"title":"Fiscal\u00eda General de la Naci\u00f3n","description":"P\u00e1gina oficial de la Fiscal\u00eda General de la Naci\u00f3n \u2013 Colombia. Garantizamos el acceso efectivo a la justicia, la verdad y la reparaci\u00f3n de las v\u00edctimas de los delitos.","robots":{"index":"noindex","follow":"follow"},"og_locale":"es_ES","og_type":"article","og_title":"Fiscal\u00eda General de la Naci\u00f3n","og_description":"P\u00e1gina oficial de la Fiscal\u00eda General de la Naci\u00f3n \u2013 Colombia. Garantizamos el acceso efectivo a la justicia, la verdad y la reparaci\u00f3n de las v\u00edctimas de los delitos.","og_url":"https:\/\/www.fiscalia.gov.co\/colombia\/noticias\/fiscalia-judicializo-a-11-presuntos-integrantes-de-la-banda-secon-dedicada-al-microtrafico-en-entornos-escolares-en-cali\/","og_site_name":"Fiscal\u00eda General de la Naci\u00f3n","article_publisher":"https:\/\/www.facebook.com\/FiscaliaCol","article_published_time":"2022-08-02T18:00:51+00:00","article_modified_time":"2022-08-10T16:26:40+00:00","og_image":[{"url":"https:\/\/www.fiscalia.gov.co\/colombia\/wp-content\/uploads\/Banda-Secon-Cali.jpeg","type":"","width":"","height":""}],"author":"Katherine Loaiza Mart\u00ednez","twitter_card":"summary_large_image","twitter_creator":"@FiscaliaCol","twitter_site":"@FiscaliaCol","twitter_misc":{"Escrito por":"Katherine Loaiza Mart\u00ednez","Tiempo de lectura":"2 minutos"},"schema":{"@context":"https:\/\/schema.org","@graph":[{"@type":"Article","@id":"https:\/\/www.fiscalia.gov.co\/colombia\/noticias\/fiscalia-judicializo-a-11-presuntos-integrantes-de-la-banda-secon-dedicada-al-microtrafico-en-entornos-escolares-en-cali\/#article","isPartOf":{"@id":"https:\/\/www.fiscalia.gov.co\/colombia\/noticias\/fiscalia-judicializo-a-11-presuntos-integrantes-de-la-banda-secon-dedicada-al-microtrafico-en-entornos-escolares-en-cali\/"},"author":{"name":"Katherine Loaiza Mart\u00ednez","@id":"https:\/\/www.fiscalia.gov.co\/colombia\/#\/schema\/person\/2e76b9aba5ecf875ed565ce4de0e0415"},"headline":"Fiscal\u00eda judicializ\u00f3 a 11 presuntos integrantes de la banda Secon, dedicada al microtr\u00e1fico en entornos escolares en Cali\u00a0","datePublished":"2022-08-02T18:00:51+00:00","dateModified":"2022-08-10T16:26:40+00:00","mainEntityOfPage":{"@id":"https:\/\/www.fiscalia.gov.co\/colombia\/noticias\/fiscalia-judicializo-a-11-presuntos-integrantes-de-la-banda-secon-dedicada-al-microtrafico-en-entornos-escolares-en-cali\/"},"wordCount":507,"publisher":{"@id":"https:\/\/www.fiscalia.gov.co\/colombia\/#organization"},"image":{"@id":"https:\/\/www.fiscalia.gov.co\/colombia\/noticias\/fiscalia-judicializo-a-11-presuntos-integrantes-de-la-banda-secon-dedicada-al-microtrafico-en-entornos-escolares-en-cali\/#primaryimage"},"thumbnailUrl":"https:\/\/www.fiscalia.gov.co\/colombia\/wp-content\/uploads\/Banda-Secon-Cali.jpeg","keywords":["Fiscal Francisco Barbosa Delgado","Fiscal General Francisco Barbosa Delgado","Fiscal\u00eda de Colombia","Fiscal\u00eda General de la Naci\u00f3n","Marihuana","Porte de estupefacientes"],"articleSection":["Noticias","Seccional Cali","Tr\u00e1fico de estupefacientes"],"inLanguage":"es-CO"},{"@type":"WebPage","@id":"https:\/\/www.fiscalia.gov.co\/colombia\/noticias\/fiscalia-judicializo-a-11-presuntos-integrantes-de-la-banda-secon-dedicada-al-microtrafico-en-entornos-escolares-en-cali\/","url":"https:\/\/www.fiscalia.gov.co\/colombia\/noticias\/fiscalia-judicializo-a-11-presuntos-integrantes-de-la-banda-secon-dedicada-al-microtrafico-en-entornos-escolares-en-cali\/","name":"Fiscal\u00eda General de la Naci\u00f3n","isPartOf":{"@id":"https:\/\/www.fiscalia.gov.co\/colombia\/#website"},"primaryImageOfPage":{"@id":"https:\/\/www.fiscalia.gov.co\/colombia\/noticias\/fiscalia-judicializo-a-11-presuntos-integrantes-de-la-banda-secon-dedicada-al-microtrafico-en-entornos-escolares-en-cali\/#primaryimage"},"image":{"@id":"https:\/\/www.fiscalia.gov.co\/colombia\/noticias\/fiscalia-judicializo-a-11-presuntos-integrantes-de-la-banda-secon-dedicada-al-microtrafico-en-entornos-escolares-en-cali\/#primaryimage"},"thumbnailUrl":"https:\/\/www.fiscalia.gov.co\/colombia\/wp-content\/uploads\/Banda-Secon-Cali.jpeg","datePublished":"2022-08-02T18:00:51+00:00","dateModified":"2022-08-10T16:26:40+00:00","description":"P\u00e1gina oficial de la Fiscal\u00eda General de la Naci\u00f3n \u2013 Colombia. Garantizamos el acceso efectivo a la justicia, la verdad y la reparaci\u00f3n de las v\u00edctimas de los delitos.","breadcrumb":{"@id":"https:\/\/www.fiscalia.gov.co\/colombia\/noticias\/fiscalia-judicializo-a-11-presuntos-integrantes-de-la-banda-secon-dedicada-al-microtrafico-en-entornos-escolares-en-cali\/#breadcrumb"},"inLanguage":"es-CO","potentialAction":[{"@type":"ReadAction","target":["https:\/\/www.fiscalia.gov.co\/colombia\/noticias\/fiscalia-judicializo-a-11-presuntos-integrantes-de-la-banda-secon-dedicada-al-microtrafico-en-entornos-escolares-en-cali\/"]}]},{"@type":"ImageObject","inLanguage":"es-CO","@id":"https:\/\/www.fiscalia.gov.co\/colombia\/noticias\/fiscalia-judicializo-a-11-presuntos-integrantes-de-la-banda-secon-dedicada-al-microtrafico-en-entornos-escolares-en-cali\/#primaryimage","url":"https:\/\/www.fiscalia.gov.co\/colombia\/wp-content\/uploads\/Banda-Secon-Cali.jpeg","contentUrl":"https:\/\/www.fiscalia.gov.co\/colombia\/wp-content\/uploads\/Banda-Secon-Cali.jpeg","width":1280,"height":611,"caption":"Los 11 presuntos integrantes de la banda Secon delinqu\u00edan en el barrio El Retiro de la Comuna 15, distribuyendo marihuana y coca\u00edna en inmediaciones de entornos educativos y un parque recreativo."},{"@type":"BreadcrumbList","@id":"https:\/\/www.fiscalia.gov.co\/colombia\/noticias\/fiscalia-judicializo-a-11-presuntos-integrantes-de-la-banda-secon-dedicada-al-microtrafico-en-entornos-escolares-en-cali\/#breadcrumb","itemListElement":[{"@type":"ListItem","position":1,"name":"Home","item":"https:\/\/www.fiscalia.gov.co\/colombia\/"},{"@type":"ListItem","position":2,"name":"Fiscal\u00eda judicializ\u00f3 a 11 presuntos integrantes de la banda Secon, dedicada al microtr\u00e1fico en entornos escolares en Cali\u00a0"}]},{"@type":"WebSite","@id":"https:\/\/www.fiscalia.gov.co\/colombia\/#website","url":"https:\/\/www.fiscalia.gov.co\/colombia\/","name":"Fiscal\u00eda General de la Naci\u00f3n","description":"P\u00e1gina oficial de la Fiscal\u00eda General de la Naci\u00f3n \u2013 Colombia. Garantizamos el acceso efectivo a la justicia, la verdad y la reparaci\u00f3n de las v\u00edctimas de los delitos.","publisher":{"@id":"https:\/\/www.fiscalia.gov.co\/colombia\/#organization"},"potentialAction":[{"@type":"SearchAction","target":{"@type":"EntryPoint","urlTemplate":"https:\/\/www.fiscalia.gov.co\/colombia\/?s={search_term_string}"},"query-input":{"@type":"PropertyValueSpecification","valueRequired":true,"valueName":"search_term_string"}}],"inLanguage":"es-CO"},{"@type":"Organization","@id":"https:\/\/www.fiscalia.gov.co\/colombia\/#organization","name":"Fiscal\u00eda General de la Naci\u00f3n","url":"https:\/\/www.fiscalia.gov.co\/colombia\/","logo":{"@type":"ImageObject","inLanguage":"es-CO","@id":"https:\/\/www.fiscalia.gov.co\/colombia\/#\/schema\/logo\/image\/","url":"https:\/\/www.fiscalia.gov.co\/colombia\/wp-content\/uploads\/LogoHorizontal_1.jpg","contentUrl":"https:\/\/www.fiscalia.gov.co\/colombia\/wp-content\/uploads\/LogoHorizontal_1.jpg","width":300,"height":90,"caption":"Fiscal\u00eda General de la Naci\u00f3n"},"image":{"@id":"https:\/\/www.fiscalia.gov.co\/colombia\/#\/schema\/logo\/image\/"},"sameAs":["https:\/\/www.facebook.com\/FiscaliaCol","https:\/\/x.com\/FiscaliaCol","https:\/\/www.instagram.com\/fiscaliacol","https:\/\/www.linkedin.com\/company\/fiscalia-general-de-la-naci-n\/","https:\/\/youtube.com\/@fiscaliageneraldelanacion-4668?si=6nN79nyQICPU5iTh"]},{"@type":"Person","@id":"https:\/\/www.fiscalia.gov.co\/colombia\/#\/schema\/person\/2e76b9aba5ecf875ed565ce4de0e0415","name":"Katherine Loaiza Mart\u00ednez","image":{"@type":"ImageObject","inLanguage":"es-CO","@id":"https:\/\/www.fiscalia.gov.co\/colombia\/#\/schema\/person\/image\/","url":"https:\/\/secure.gravatar.com\/avatar\/ab775a2f394c1b83b6d6f78680e57b50?s=96&d=mm&r=g","contentUrl":"https:\/\/secure.gravatar.com\/avatar\/ab775a2f394c1b83b6d6f78680e57b50?s=96&d=mm&r=g","caption":"Katherine Loaiza Mart\u00ednez"},"url":"https:\/\/www.fiscalia.gov.co\/colombia\/author\/kloaiza\/"}]}},"_links":{"self":[{"href":"https:\/\/www.fiscalia.gov.co\/colombia\/wp-json\/wp\/v2\/posts\/254040","targetHints":{"allow":["GET"]}}],"collection":[{"href":"https:\/\/www.fiscalia.gov.co\/colombia\/wp-json\/wp\/v2\/posts"}],"about":[{"href":"https:\/\/www.fiscalia.gov.co\/colombia\/wp-json\/wp\/v2\/types\/post"}],"author":[{"embeddable":true,"href":"https:\/\/www.fiscalia.gov.co\/colombia\/wp-json\/wp\/v2\/users\/175"}],"replies":[{"embeddable":true,"href":"https:\/\/www.fiscalia.gov.co\/colombia\/wp-json\/wp\/v2\/comments?post=254040"}],"version-history":[{"count":2,"href":"https:\/\/www.fiscalia.gov.co\/colombia\/wp-json\/wp\/v2\/posts\/254040\/revisions"}],"predecessor-version":[{"id":254619,"href":"https:\/\/www.fiscalia.gov.co\/colombia\/wp-json\/wp\/v2\/posts\/254040\/revisions\/254619"}],"wp:attachment":[{"href":"https:\/\/www.fiscalia.gov.co\/colombia\/wp-json\/wp\/v2\/media?parent=254040"}],"wp:term":[{"taxonomy":"category","embeddable":true,"href":"https:\/\/www.fiscalia.gov.co\/colombia\/wp-json\/wp\/v2\/categories?post=254040"},{"taxonomy":"post_tag","embeddable":true,"href":"https:\/\/www.fiscalia.gov.co\/colombia\/wp-json\/wp\/v2\/tags?post=254040"}],"curies":[{"name":"wp","href":"https:\/\/api.w.org\/{rel}","templated":true}]}}