{"id":254003,"date":"2022-08-02T11:01:08","date_gmt":"2022-08-02T16:01:08","guid":{"rendered":"https:\/\/www.fiscalia.gov.co\/colombia\/?p=254003"},"modified":"2022-08-02T13:06:10","modified_gmt":"2022-08-02T18:06:10","slug":"judicializadas-14-personas-senaladas-de-pertenecer-presuntamente-a-a-la-organizacion-delincuencial-los-de-la-20-grupo-dedicado-al-trafico-de-estupefacientes-en-el-espinal-tolima","status":"publish","type":"post","link":"https:\/\/www.fiscalia.gov.co\/colombia\/noticias\/judicializadas-14-personas-senaladas-de-pertenecer-presuntamente-a-a-la-organizacion-delincuencial-los-de-la-20-grupo-dedicado-al-trafico-de-estupefacientes-en-el-espinal-tolima\/","title":{"rendered":"Judicializadas 14 personas se\u00f1aladas de pertenecer presuntamente\u00a0a la organizaci\u00f3n delincuencial\u00a0 Los de la 20, grupo dedicado al tr\u00e1fico de estupefacientes en El Espinal (Tolima)"},"content":{"rendered":"<p>Bajo el direccionamiento de un despacho especializado de la Unidad Antinarc\u00f3ticos\u00a0\u00a0de la Fiscal\u00eda Seccional Tolima, se logr\u00f3 la captura y judicializaci\u00f3n de 14 personas se\u00f1aladas de concertarse para delinquir al servicio de un grupo de delincuencia organizada denominado Los de la 20, dedicado, al parecer, al\u00a0<a href=\"https:\/\/www.fiscalia.gov.co\/colombia\/noticias\/con-15-capturas-fiscalia-impacto-el-grupo-ilegal-los-del-ocho-presuntamente-responsable-de-comercializar-de-estupefacientes-en-el-carmen-de-bolivar\/\" target=\"_blank\" rel=\"noopener\" data-saferedirecturl=\"https:\/\/www.google.com\/url?q=https:\/\/www.fiscalia.gov.co\/colombia\/noticias\/con-15-capturas-fiscalia-impacto-el-grupo-ilegal-los-del-ocho-presuntamente-responsable-de-comercializar-de-estupefacientes-en-el-carmen-de-bolivar\/&amp;source=gmail&amp;ust=1659540584034000&amp;usg=AOvVaw1txcl3dNG7Wsfkblm97ufN\">tr\u00e1fico de estupefacientes<\/a>\u00a0en el municipio tolimense de El Espinal.<\/p>\n<div id=\"m_-3497654205646033346divtagdefaultwrapper\">\n<figure id=\"attachment_254004\" aria-describedby=\"caption-attachment-254004\" style=\"width: 1028px\" class=\"wp-caption aligncenter\"><img loading=\"lazy\" decoding=\"async\" class=\"size-full wp-image-254004\" src=\"https:\/\/www.fiscalia.gov.co\/colombia\/wp-content\/uploads\/capturados-en-flagrancia-los-del-20-estupefacientes-el-espinal.jpeg\" alt=\"\" width=\"1028\" height=\"1038\" srcset=\"https:\/\/www.fiscalia.gov.co\/colombia\/wp-content\/uploads\/capturados-en-flagrancia-los-del-20-estupefacientes-el-espinal.jpeg 1028w, https:\/\/www.fiscalia.gov.co\/colombia\/wp-content\/uploads\/capturados-en-flagrancia-los-del-20-estupefacientes-el-espinal-297x300.jpeg 297w, https:\/\/www.fiscalia.gov.co\/colombia\/wp-content\/uploads\/capturados-en-flagrancia-los-del-20-estupefacientes-el-espinal-1014x1024.jpeg 1014w, https:\/\/www.fiscalia.gov.co\/colombia\/wp-content\/uploads\/capturados-en-flagrancia-los-del-20-estupefacientes-el-espinal-150x150.jpeg 150w, https:\/\/www.fiscalia.gov.co\/colombia\/wp-content\/uploads\/capturados-en-flagrancia-los-del-20-estupefacientes-el-espinal-768x775.jpeg 768w, https:\/\/www.fiscalia.gov.co\/colombia\/wp-content\/uploads\/capturados-en-flagrancia-los-del-20-estupefacientes-el-espinal-696x703.jpeg 696w, https:\/\/www.fiscalia.gov.co\/colombia\/wp-content\/uploads\/capturados-en-flagrancia-los-del-20-estupefacientes-el-espinal-416x420.jpeg 416w\" sizes=\"auto, (max-width: 1028px) 100vw, 1028px\" \/><figcaption id=\"caption-attachment-254004\" class=\"wp-caption-text\">Jos\u00e9 Daniel Arrollo Gonz\u00e1lez y Nofal Esneider Rojas Guti\u00e9rrez, fueron capturados en flagrancia con un arma de fuego y varios gramos de sustancia estupefaciente<\/figcaption><\/figure>\n<p>Seg\u00fan la investigaci\u00f3n\u00a0adelantada por la Fiscal\u00eda Los de la 20, se dedicaban, al parecer, al expendio de sustancias\u00a0il\u00edcitas\u00a0en los barrios El Nacional, Santa Rosa, Santa Margarita y El Libertador de esa localidad mediante puestos fijos en sectores p\u00fablicos, as\u00ed como distribuci\u00f3n a domicilio y al menudeo.<\/p>\n<p>Las capturas de estas personas\u00a0se hicieron efectivas mediante varias diligencias de registro y allanamiento durante el fin de semana \u00faltimo por personal de polic\u00eda judicial Sijin del Departamento del Tolima.<\/p>\n<p>De manera inicial fueron detenidas 12 personas en 13\u00a0diligencias de registro y allanamiento, entre ellos dos en flagrancia por tr\u00e1fico de armas de fuego. Posteriormente se capturaron dos personas m\u00e1s.<\/p>\n<figure id=\"attachment_254005\" aria-describedby=\"caption-attachment-254005\" style=\"width: 1280px\" class=\"wp-caption aligncenter\"><img loading=\"lazy\" decoding=\"async\" class=\"size-full wp-image-254005\" src=\"https:\/\/www.fiscalia.gov.co\/colombia\/wp-content\/uploads\/detenidos-los-del-20-estupefacientes-el-espina.jpeg\" alt=\"\" width=\"1280\" height=\"747\" srcset=\"https:\/\/www.fiscalia.gov.co\/colombia\/wp-content\/uploads\/detenidos-los-del-20-estupefacientes-el-espina.jpeg 1280w, https:\/\/www.fiscalia.gov.co\/colombia\/wp-content\/uploads\/detenidos-los-del-20-estupefacientes-el-espina-300x175.jpeg 300w, https:\/\/www.fiscalia.gov.co\/colombia\/wp-content\/uploads\/detenidos-los-del-20-estupefacientes-el-espina-1024x598.jpeg 1024w, https:\/\/www.fiscalia.gov.co\/colombia\/wp-content\/uploads\/detenidos-los-del-20-estupefacientes-el-espina-768x448.jpeg 768w, https:\/\/www.fiscalia.gov.co\/colombia\/wp-content\/uploads\/detenidos-los-del-20-estupefacientes-el-espina-696x406.jpeg 696w, https:\/\/www.fiscalia.gov.co\/colombia\/wp-content\/uploads\/detenidos-los-del-20-estupefacientes-el-espina-1068x623.jpeg 1068w, https:\/\/www.fiscalia.gov.co\/colombia\/wp-content\/uploads\/detenidos-los-del-20-estupefacientes-el-espina-720x420.jpeg 720w\" sizes=\"auto, (max-width: 1280px) 100vw, 1280px\" \/><figcaption id=\"caption-attachment-254005\" class=\"wp-caption-text\">Carlos Alberto Abello Galeano y Juli\u00e1n David Vel\u00e1squez Torres fueron detenidos el fin de semana luego del operativo en el que captur\u00f3 la Polic\u00eda a 12 de sus c\u00f3mplices en 15 diligencias de registro y allanamiento.<\/figcaption><\/figure>\n<p>Durante las audiencias de rigor la Fiscal\u00eda les imput\u00f3 los delitos de concierto para delinquir agravado; tr\u00e1fico de estupefacientes agravado; uso de menores para la comisi\u00f3n de delitos, y fabricaci\u00f3n, tr\u00e1fico y porte de armas de fuego, seg\u00fan sus responsabilidades individuales.<\/p>\n<p>Las personas capturadas\u00a0que no aceptaron responsabilidad alguna\u00a0fueron identificadas como:<\/p>\n<p>1.\u00a0\u00a0\u00a0\u00a0Luis Miguel Rodr\u00edguez Rodr\u00edguez<\/p>\n<p>2.\u00a0\u00a0\u00a0\u00a0Yonatan S\u00e1nchez Prada<\/p>\n<p>3.\u00a0\u00a0\u00a0\u00a0Cristian Guti\u00e9rrez S\u00e1nchez<\/p>\n<p>4.\u00a0\u00a0\u00a0\u00a0Jes\u00fas Humberto Quintero Ruge<\/p>\n<p>5.\u00a0\u00a0\u00a0\u00a0Jonathan Sebasti\u00e1n Almario P\u00e9rez<\/p>\n<p>6.\u00a0\u00a0\u00a0\u00a0Carlos Alberto Rodr\u00edguez Manzanares<\/p>\n<p>7.\u00a0\u00a0\u00a0\u00a0Jair Antonio Bedoya Montealegre<\/p>\n<p>8.\u00a0\u00a0\u00a0\u00a0Jonathan P\u00e9rez Bri\u00f1ez<\/p>\n<p>9.\u00a0\u00a0\u00a0\u00a0Cristian P\u00e9rez P\u00e9rez<\/p>\n<p>10.\u00a0\u00a0Jos\u00e9 An\u00edbal Almario Mar\u00edn<\/p>\n<p>11.\u00a0\u00a0Jos\u00e9 Daniel Arrollo Gonz\u00e1lez<\/p>\n<p>12.\u00a0\u00a0Nofal Esneider Rojas Guti\u00e9rrez<\/p>\n<p>13.\u00a0\u00a0Carlos Alberto Abello Galeano<\/p>\n<p>14.\u00a0\u00a0Juli\u00e1n David Vel\u00e1squez Torres<\/p>\n<p>As\u00ed mismo, se logr\u00f3 la incautaci\u00f3n de un arma de fuego y varios gramos de marihuana y de base de coca.<\/p>\n<p>Todos fueron afectados con medida de aseguramiento mientras avanza la investigaci\u00f3n.<\/p>\n<p>La Fiscal\u00eda habla con resultados.<\/p>\n<p>&nbsp;<\/p>\n<p>PAAM\/FAGH\/JDO\/DST<\/p>\n<\/div>\n<div class=\"td-post-content tagdiv-type\">\n<div class=\"td-post-content tagdiv-type\">\n<div class=\"td-post-content tagdiv-type\">\n<p><em>La informaci\u00f3n contenida en este bolet\u00edn de prensa corresponde a la narraci\u00f3n de los hechos noticiosos objetivos, suministrados por los funcionarios encargados de adelantar las investigaciones penales al interior de la Fiscal\u00eda General de la Naci\u00f3n. Para el momento de la divulgaci\u00f3n de este comunicado, la situaci\u00f3n jur\u00eddica de la(s) persona(s) relacionada(s) se encuentra pendiente de resolver por la autoridad judicial competente, siempre bajo los preceptos de la presunci\u00f3n de inocencia, consagrados en el art\u00edculo 29 de la Constituci\u00f3n Pol\u00edtica y el art\u00edculo 7\u00ba de la Ley 906 de 2004.<\/em><\/p>\n<\/div>\n<\/div>\n<\/div>\n\n<div class=\"twitter-share\"><a href=\"https:\/\/twitter.com\/intent\/tweet?via=fiscaliacol\" class=\"twitter-share-button\">Tweet<\/a><\/div>\n","protected":false},"excerpt":{"rendered":"<p>Bajo el direccionamiento de un despacho especializado de la Unidad Antinarc\u00f3ticos\u00a0\u00a0de la Fiscal\u00eda Seccional Tolima, se logr\u00f3 la captura y judicializaci\u00f3n de 14 personas se\u00f1aladas de concertarse para delinquir al servicio de un grupo de delincuencia organizada denominado Los de la 20, dedicado, al parecer, al\u00a0tr\u00e1fico de estupefacientes\u00a0en el municipio tolimense de El Espinal. Seg\u00fan [&hellip;]<\/p>\n","protected":false},"author":175,"featured_media":0,"comment_status":"closed","ping_status":"open","sticky":false,"template":"","format":"standard","meta":{"_price":"","_stock":"","_tribe_ticket_header":"","_tribe_default_ticket_provider":"","_tribe_ticket_capacity":"0","_ticket_start_date":"","_ticket_end_date":"","_tribe_ticket_show_description":"","_tribe_ticket_show_not_going":false,"_tribe_ticket_use_global_stock":"","_tribe_ticket_global_stock_level":"","_global_stock_mode":"","_global_stock_cap":"","_tribe_rsvp_for_event":"","_tribe_ticket_going_count":"","_tribe_ticket_not_going_count":"","_tribe_tickets_list":"[]","_tribe_ticket_has_attendee_info_fields":false,"tdm_status":"","tdm_grid_status":"","footnotes":""},"categories":[1,329,24099],"tags":[26112,24526],"class_list":{"0":"post-254003","1":"post","2":"type-post","3":"status-publish","4":"format-standard","6":"category-noticias","7":"category-seccional-ibague","8":"category-seguridad-territorial","9":"tag-fiscal-francisco-barbosa-delgado-narcojets-cocaina-extincion-de-dominio-medidas-cautelares","10":"tag-fiscal-general-francisco-barbosa-delgado"},"yoast_head":"<!-- This site is optimized with the Yoast SEO plugin v24.3 - https:\/\/yoast.com\/wordpress\/plugins\/seo\/ -->\n<title>Fiscal\u00eda General de la Naci\u00f3n<\/title>\n<meta name=\"description\" content=\"P\u00e1gina oficial de la Fiscal\u00eda General de la Naci\u00f3n \u2013 Colombia. Garantizamos el acceso efectivo a la justicia, la verdad y la reparaci\u00f3n de las v\u00edctimas de los delitos.\" \/>\n<meta name=\"robots\" content=\"noindex, follow\" \/>\n<meta property=\"og:locale\" content=\"es_ES\" \/>\n<meta property=\"og:type\" content=\"article\" \/>\n<meta property=\"og:title\" content=\"Fiscal\u00eda General de la Naci\u00f3n\" \/>\n<meta property=\"og:description\" content=\"P\u00e1gina oficial de la Fiscal\u00eda General de la Naci\u00f3n \u2013 Colombia. Garantizamos el acceso efectivo a la justicia, la verdad y la reparaci\u00f3n de las v\u00edctimas de los delitos.\" \/>\n<meta property=\"og:url\" content=\"https:\/\/www.fiscalia.gov.co\/colombia\/noticias\/judicializadas-14-personas-senaladas-de-pertenecer-presuntamente-a-a-la-organizacion-delincuencial-los-de-la-20-grupo-dedicado-al-trafico-de-estupefacientes-en-el-espinal-tolima\/\" \/>\n<meta property=\"og:site_name\" content=\"Fiscal\u00eda General de la Naci\u00f3n\" \/>\n<meta property=\"article:publisher\" content=\"https:\/\/www.facebook.com\/FiscaliaCol\" \/>\n<meta property=\"article:published_time\" content=\"2022-08-02T16:01:08+00:00\" \/>\n<meta property=\"article:modified_time\" content=\"2022-08-02T18:06:10+00:00\" \/>\n<meta property=\"og:image\" content=\"https:\/\/www.fiscalia.gov.co\/colombia\/wp-content\/uploads\/capturados-en-flagrancia-los-del-20-estupefacientes-el-espinal.jpeg\" \/>\n<meta name=\"author\" content=\"Katherine Loaiza Mart\u00ednez\" \/>\n<meta name=\"twitter:card\" content=\"summary_large_image\" \/>\n<meta name=\"twitter:creator\" content=\"@FiscaliaCol\" \/>\n<meta name=\"twitter:site\" content=\"@FiscaliaCol\" \/>\n<meta name=\"twitter:label1\" content=\"Escrito por\" \/>\n\t<meta name=\"twitter:data1\" content=\"Katherine Loaiza Mart\u00ednez\" \/>\n\t<meta name=\"twitter:label2\" content=\"Tiempo de lectura\" \/>\n\t<meta name=\"twitter:data2\" content=\"3 minutos\" \/>\n<script type=\"application\/ld+json\" class=\"yoast-schema-graph\">{\"@context\":\"https:\/\/schema.org\",\"@graph\":[{\"@type\":\"Article\",\"@id\":\"https:\/\/www.fiscalia.gov.co\/colombia\/noticias\/judicializadas-14-personas-senaladas-de-pertenecer-presuntamente-a-a-la-organizacion-delincuencial-los-de-la-20-grupo-dedicado-al-trafico-de-estupefacientes-en-el-espinal-tolima\/#article\",\"isPartOf\":{\"@id\":\"https:\/\/www.fiscalia.gov.co\/colombia\/noticias\/judicializadas-14-personas-senaladas-de-pertenecer-presuntamente-a-a-la-organizacion-delincuencial-los-de-la-20-grupo-dedicado-al-trafico-de-estupefacientes-en-el-espinal-tolima\/\"},\"author\":{\"name\":\"Katherine Loaiza Mart\u00ednez\",\"@id\":\"https:\/\/www.fiscalia.gov.co\/colombia\/#\/schema\/person\/2e76b9aba5ecf875ed565ce4de0e0415\"},\"headline\":\"Judicializadas 14 personas se\u00f1aladas de pertenecer presuntamente\u00a0a la organizaci\u00f3n delincuencial\u00a0 Los de la 20, grupo dedicado al tr\u00e1fico de estupefacientes en El Espinal (Tolima)\",\"datePublished\":\"2022-08-02T16:01:08+00:00\",\"dateModified\":\"2022-08-02T18:06:10+00:00\",\"mainEntityOfPage\":{\"@id\":\"https:\/\/www.fiscalia.gov.co\/colombia\/noticias\/judicializadas-14-personas-senaladas-de-pertenecer-presuntamente-a-a-la-organizacion-delincuencial-los-de-la-20-grupo-dedicado-al-trafico-de-estupefacientes-en-el-espinal-tolima\/\"},\"wordCount\":557,\"publisher\":{\"@id\":\"https:\/\/www.fiscalia.gov.co\/colombia\/#organization\"},\"image\":{\"@id\":\"https:\/\/www.fiscalia.gov.co\/colombia\/noticias\/judicializadas-14-personas-senaladas-de-pertenecer-presuntamente-a-a-la-organizacion-delincuencial-los-de-la-20-grupo-dedicado-al-trafico-de-estupefacientes-en-el-espinal-tolima\/#primaryimage\"},\"thumbnailUrl\":\"https:\/\/www.fiscalia.gov.co\/colombia\/wp-content\/uploads\/capturados-en-flagrancia-los-del-20-estupefacientes-el-espinal.jpeg\",\"keywords\":[\"Fiscal Francisco Barbosa Delgado Narcojets coca\u00edna Extinci\u00f3n de dominio Medidas Cautelares.\",\"Fiscal General Francisco Barbosa Delgado\"],\"articleSection\":[\"Noticias\",\"Seccional Ibagu\u00e9\",\"Seguridad territorial\"],\"inLanguage\":\"es-CO\"},{\"@type\":\"WebPage\",\"@id\":\"https:\/\/www.fiscalia.gov.co\/colombia\/noticias\/judicializadas-14-personas-senaladas-de-pertenecer-presuntamente-a-a-la-organizacion-delincuencial-los-de-la-20-grupo-dedicado-al-trafico-de-estupefacientes-en-el-espinal-tolima\/\",\"url\":\"https:\/\/www.fiscalia.gov.co\/colombia\/noticias\/judicializadas-14-personas-senaladas-de-pertenecer-presuntamente-a-a-la-organizacion-delincuencial-los-de-la-20-grupo-dedicado-al-trafico-de-estupefacientes-en-el-espinal-tolima\/\",\"name\":\"Fiscal\u00eda General de la Naci\u00f3n\",\"isPartOf\":{\"@id\":\"https:\/\/www.fiscalia.gov.co\/colombia\/#website\"},\"primaryImageOfPage\":{\"@id\":\"https:\/\/www.fiscalia.gov.co\/colombia\/noticias\/judicializadas-14-personas-senaladas-de-pertenecer-presuntamente-a-a-la-organizacion-delincuencial-los-de-la-20-grupo-dedicado-al-trafico-de-estupefacientes-en-el-espinal-tolima\/#primaryimage\"},\"image\":{\"@id\":\"https:\/\/www.fiscalia.gov.co\/colombia\/noticias\/judicializadas-14-personas-senaladas-de-pertenecer-presuntamente-a-a-la-organizacion-delincuencial-los-de-la-20-grupo-dedicado-al-trafico-de-estupefacientes-en-el-espinal-tolima\/#primaryimage\"},\"thumbnailUrl\":\"https:\/\/www.fiscalia.gov.co\/colombia\/wp-content\/uploads\/capturados-en-flagrancia-los-del-20-estupefacientes-el-espinal.jpeg\",\"datePublished\":\"2022-08-02T16:01:08+00:00\",\"dateModified\":\"2022-08-02T18:06:10+00:00\",\"description\":\"P\u00e1gina oficial de la Fiscal\u00eda General de la Naci\u00f3n \u2013 Colombia. Garantizamos el acceso efectivo a la justicia, la verdad y la reparaci\u00f3n de las v\u00edctimas de los delitos.\",\"breadcrumb\":{\"@id\":\"https:\/\/www.fiscalia.gov.co\/colombia\/noticias\/judicializadas-14-personas-senaladas-de-pertenecer-presuntamente-a-a-la-organizacion-delincuencial-los-de-la-20-grupo-dedicado-al-trafico-de-estupefacientes-en-el-espinal-tolima\/#breadcrumb\"},\"inLanguage\":\"es-CO\",\"potentialAction\":[{\"@type\":\"ReadAction\",\"target\":[\"https:\/\/www.fiscalia.gov.co\/colombia\/noticias\/judicializadas-14-personas-senaladas-de-pertenecer-presuntamente-a-a-la-organizacion-delincuencial-los-de-la-20-grupo-dedicado-al-trafico-de-estupefacientes-en-el-espinal-tolima\/\"]}]},{\"@type\":\"ImageObject\",\"inLanguage\":\"es-CO\",\"@id\":\"https:\/\/www.fiscalia.gov.co\/colombia\/noticias\/judicializadas-14-personas-senaladas-de-pertenecer-presuntamente-a-a-la-organizacion-delincuencial-los-de-la-20-grupo-dedicado-al-trafico-de-estupefacientes-en-el-espinal-tolima\/#primaryimage\",\"url\":\"https:\/\/www.fiscalia.gov.co\/colombia\/wp-content\/uploads\/capturados-en-flagrancia-los-del-20-estupefacientes-el-espinal.jpeg\",\"contentUrl\":\"https:\/\/www.fiscalia.gov.co\/colombia\/wp-content\/uploads\/capturados-en-flagrancia-los-del-20-estupefacientes-el-espinal.jpeg\",\"width\":1028,\"height\":1038,\"caption\":\"Jos\u00e9 Daniel Arrollo Gonz\u00e1lez y Nofal Esneider Rojas Guti\u00e9rrez, fueron capturados en flagrancia con un arma de fuego y varios gramos de sustancia estupefaciente\"},{\"@type\":\"BreadcrumbList\",\"@id\":\"https:\/\/www.fiscalia.gov.co\/colombia\/noticias\/judicializadas-14-personas-senaladas-de-pertenecer-presuntamente-a-a-la-organizacion-delincuencial-los-de-la-20-grupo-dedicado-al-trafico-de-estupefacientes-en-el-espinal-tolima\/#breadcrumb\",\"itemListElement\":[{\"@type\":\"ListItem\",\"position\":1,\"name\":\"Home\",\"item\":\"https:\/\/www.fiscalia.gov.co\/colombia\/\"},{\"@type\":\"ListItem\",\"position\":2,\"name\":\"Judicializadas 14 personas se\u00f1aladas de pertenecer presuntamente\u00a0a la organizaci\u00f3n delincuencial\u00a0 Los de la 20, grupo dedicado al tr\u00e1fico de estupefacientes en El Espinal (Tolima)\"}]},{\"@type\":\"WebSite\",\"@id\":\"https:\/\/www.fiscalia.gov.co\/colombia\/#website\",\"url\":\"https:\/\/www.fiscalia.gov.co\/colombia\/\",\"name\":\"Fiscal\u00eda General de la Naci\u00f3n\",\"description\":\"P\u00e1gina oficial de la Fiscal\u00eda General de la Naci\u00f3n \u2013 Colombia. Garantizamos el acceso efectivo a la justicia, la verdad y la reparaci\u00f3n de las v\u00edctimas de los delitos.\",\"publisher\":{\"@id\":\"https:\/\/www.fiscalia.gov.co\/colombia\/#organization\"},\"potentialAction\":[{\"@type\":\"SearchAction\",\"target\":{\"@type\":\"EntryPoint\",\"urlTemplate\":\"https:\/\/www.fiscalia.gov.co\/colombia\/?s={search_term_string}\"},\"query-input\":{\"@type\":\"PropertyValueSpecification\",\"valueRequired\":true,\"valueName\":\"search_term_string\"}}],\"inLanguage\":\"es-CO\"},{\"@type\":\"Organization\",\"@id\":\"https:\/\/www.fiscalia.gov.co\/colombia\/#organization\",\"name\":\"Fiscal\u00eda General de la Naci\u00f3n\",\"url\":\"https:\/\/www.fiscalia.gov.co\/colombia\/\",\"logo\":{\"@type\":\"ImageObject\",\"inLanguage\":\"es-CO\",\"@id\":\"https:\/\/www.fiscalia.gov.co\/colombia\/#\/schema\/logo\/image\/\",\"url\":\"https:\/\/www.fiscalia.gov.co\/colombia\/wp-content\/uploads\/LogoHorizontal_1.jpg\",\"contentUrl\":\"https:\/\/www.fiscalia.gov.co\/colombia\/wp-content\/uploads\/LogoHorizontal_1.jpg\",\"width\":300,\"height\":90,\"caption\":\"Fiscal\u00eda General de la Naci\u00f3n\"},\"image\":{\"@id\":\"https:\/\/www.fiscalia.gov.co\/colombia\/#\/schema\/logo\/image\/\"},\"sameAs\":[\"https:\/\/www.facebook.com\/FiscaliaCol\",\"https:\/\/x.com\/FiscaliaCol\",\"https:\/\/www.instagram.com\/fiscaliacol\",\"https:\/\/www.linkedin.com\/company\/fiscalia-general-de-la-naci-n\/\",\"https:\/\/youtube.com\/@fiscaliageneraldelanacion-4668?si=6nN79nyQICPU5iTh\"]},{\"@type\":\"Person\",\"@id\":\"https:\/\/www.fiscalia.gov.co\/colombia\/#\/schema\/person\/2e76b9aba5ecf875ed565ce4de0e0415\",\"name\":\"Katherine Loaiza Mart\u00ednez\",\"image\":{\"@type\":\"ImageObject\",\"inLanguage\":\"es-CO\",\"@id\":\"https:\/\/www.fiscalia.gov.co\/colombia\/#\/schema\/person\/image\/\",\"url\":\"https:\/\/secure.gravatar.com\/avatar\/ab775a2f394c1b83b6d6f78680e57b50?s=96&d=mm&r=g\",\"contentUrl\":\"https:\/\/secure.gravatar.com\/avatar\/ab775a2f394c1b83b6d6f78680e57b50?s=96&d=mm&r=g\",\"caption\":\"Katherine Loaiza Mart\u00ednez\"},\"url\":\"https:\/\/www.fiscalia.gov.co\/colombia\/author\/kloaiza\/\"}]}<\/script>\n<!-- \/ Yoast SEO plugin. -->","yoast_head_json":{"title":"Fiscal\u00eda General de la Naci\u00f3n","description":"P\u00e1gina oficial de la Fiscal\u00eda General de la Naci\u00f3n \u2013 Colombia. Garantizamos el acceso efectivo a la justicia, la verdad y la reparaci\u00f3n de las v\u00edctimas de los delitos.","robots":{"index":"noindex","follow":"follow"},"og_locale":"es_ES","og_type":"article","og_title":"Fiscal\u00eda General de la Naci\u00f3n","og_description":"P\u00e1gina oficial de la Fiscal\u00eda General de la Naci\u00f3n \u2013 Colombia. Garantizamos el acceso efectivo a la justicia, la verdad y la reparaci\u00f3n de las v\u00edctimas de los delitos.","og_url":"https:\/\/www.fiscalia.gov.co\/colombia\/noticias\/judicializadas-14-personas-senaladas-de-pertenecer-presuntamente-a-a-la-organizacion-delincuencial-los-de-la-20-grupo-dedicado-al-trafico-de-estupefacientes-en-el-espinal-tolima\/","og_site_name":"Fiscal\u00eda General de la Naci\u00f3n","article_publisher":"https:\/\/www.facebook.com\/FiscaliaCol","article_published_time":"2022-08-02T16:01:08+00:00","article_modified_time":"2022-08-02T18:06:10+00:00","og_image":[{"url":"https:\/\/www.fiscalia.gov.co\/colombia\/wp-content\/uploads\/capturados-en-flagrancia-los-del-20-estupefacientes-el-espinal.jpeg","type":"","width":"","height":""}],"author":"Katherine Loaiza Mart\u00ednez","twitter_card":"summary_large_image","twitter_creator":"@FiscaliaCol","twitter_site":"@FiscaliaCol","twitter_misc":{"Escrito por":"Katherine Loaiza Mart\u00ednez","Tiempo de lectura":"3 minutos"},"schema":{"@context":"https:\/\/schema.org","@graph":[{"@type":"Article","@id":"https:\/\/www.fiscalia.gov.co\/colombia\/noticias\/judicializadas-14-personas-senaladas-de-pertenecer-presuntamente-a-a-la-organizacion-delincuencial-los-de-la-20-grupo-dedicado-al-trafico-de-estupefacientes-en-el-espinal-tolima\/#article","isPartOf":{"@id":"https:\/\/www.fiscalia.gov.co\/colombia\/noticias\/judicializadas-14-personas-senaladas-de-pertenecer-presuntamente-a-a-la-organizacion-delincuencial-los-de-la-20-grupo-dedicado-al-trafico-de-estupefacientes-en-el-espinal-tolima\/"},"author":{"name":"Katherine Loaiza Mart\u00ednez","@id":"https:\/\/www.fiscalia.gov.co\/colombia\/#\/schema\/person\/2e76b9aba5ecf875ed565ce4de0e0415"},"headline":"Judicializadas 14 personas se\u00f1aladas de pertenecer presuntamente\u00a0a la organizaci\u00f3n delincuencial\u00a0 Los de la 20, grupo dedicado al tr\u00e1fico de estupefacientes en El Espinal (Tolima)","datePublished":"2022-08-02T16:01:08+00:00","dateModified":"2022-08-02T18:06:10+00:00","mainEntityOfPage":{"@id":"https:\/\/www.fiscalia.gov.co\/colombia\/noticias\/judicializadas-14-personas-senaladas-de-pertenecer-presuntamente-a-a-la-organizacion-delincuencial-los-de-la-20-grupo-dedicado-al-trafico-de-estupefacientes-en-el-espinal-tolima\/"},"wordCount":557,"publisher":{"@id":"https:\/\/www.fiscalia.gov.co\/colombia\/#organization"},"image":{"@id":"https:\/\/www.fiscalia.gov.co\/colombia\/noticias\/judicializadas-14-personas-senaladas-de-pertenecer-presuntamente-a-a-la-organizacion-delincuencial-los-de-la-20-grupo-dedicado-al-trafico-de-estupefacientes-en-el-espinal-tolima\/#primaryimage"},"thumbnailUrl":"https:\/\/www.fiscalia.gov.co\/colombia\/wp-content\/uploads\/capturados-en-flagrancia-los-del-20-estupefacientes-el-espinal.jpeg","keywords":["Fiscal Francisco Barbosa Delgado Narcojets coca\u00edna Extinci\u00f3n de dominio Medidas Cautelares.","Fiscal General Francisco Barbosa Delgado"],"articleSection":["Noticias","Seccional Ibagu\u00e9","Seguridad territorial"],"inLanguage":"es-CO"},{"@type":"WebPage","@id":"https:\/\/www.fiscalia.gov.co\/colombia\/noticias\/judicializadas-14-personas-senaladas-de-pertenecer-presuntamente-a-a-la-organizacion-delincuencial-los-de-la-20-grupo-dedicado-al-trafico-de-estupefacientes-en-el-espinal-tolima\/","url":"https:\/\/www.fiscalia.gov.co\/colombia\/noticias\/judicializadas-14-personas-senaladas-de-pertenecer-presuntamente-a-a-la-organizacion-delincuencial-los-de-la-20-grupo-dedicado-al-trafico-de-estupefacientes-en-el-espinal-tolima\/","name":"Fiscal\u00eda General de la Naci\u00f3n","isPartOf":{"@id":"https:\/\/www.fiscalia.gov.co\/colombia\/#website"},"primaryImageOfPage":{"@id":"https:\/\/www.fiscalia.gov.co\/colombia\/noticias\/judicializadas-14-personas-senaladas-de-pertenecer-presuntamente-a-a-la-organizacion-delincuencial-los-de-la-20-grupo-dedicado-al-trafico-de-estupefacientes-en-el-espinal-tolima\/#primaryimage"},"image":{"@id":"https:\/\/www.fiscalia.gov.co\/colombia\/noticias\/judicializadas-14-personas-senaladas-de-pertenecer-presuntamente-a-a-la-organizacion-delincuencial-los-de-la-20-grupo-dedicado-al-trafico-de-estupefacientes-en-el-espinal-tolima\/#primaryimage"},"thumbnailUrl":"https:\/\/www.fiscalia.gov.co\/colombia\/wp-content\/uploads\/capturados-en-flagrancia-los-del-20-estupefacientes-el-espinal.jpeg","datePublished":"2022-08-02T16:01:08+00:00","dateModified":"2022-08-02T18:06:10+00:00","description":"P\u00e1gina oficial de la Fiscal\u00eda General de la Naci\u00f3n \u2013 Colombia. Garantizamos el acceso efectivo a la justicia, la verdad y la reparaci\u00f3n de las v\u00edctimas de los delitos.","breadcrumb":{"@id":"https:\/\/www.fiscalia.gov.co\/colombia\/noticias\/judicializadas-14-personas-senaladas-de-pertenecer-presuntamente-a-a-la-organizacion-delincuencial-los-de-la-20-grupo-dedicado-al-trafico-de-estupefacientes-en-el-espinal-tolima\/#breadcrumb"},"inLanguage":"es-CO","potentialAction":[{"@type":"ReadAction","target":["https:\/\/www.fiscalia.gov.co\/colombia\/noticias\/judicializadas-14-personas-senaladas-de-pertenecer-presuntamente-a-a-la-organizacion-delincuencial-los-de-la-20-grupo-dedicado-al-trafico-de-estupefacientes-en-el-espinal-tolima\/"]}]},{"@type":"ImageObject","inLanguage":"es-CO","@id":"https:\/\/www.fiscalia.gov.co\/colombia\/noticias\/judicializadas-14-personas-senaladas-de-pertenecer-presuntamente-a-a-la-organizacion-delincuencial-los-de-la-20-grupo-dedicado-al-trafico-de-estupefacientes-en-el-espinal-tolima\/#primaryimage","url":"https:\/\/www.fiscalia.gov.co\/colombia\/wp-content\/uploads\/capturados-en-flagrancia-los-del-20-estupefacientes-el-espinal.jpeg","contentUrl":"https:\/\/www.fiscalia.gov.co\/colombia\/wp-content\/uploads\/capturados-en-flagrancia-los-del-20-estupefacientes-el-espinal.jpeg","width":1028,"height":1038,"caption":"Jos\u00e9 Daniel Arrollo Gonz\u00e1lez y Nofal Esneider Rojas Guti\u00e9rrez, fueron capturados en flagrancia con un arma de fuego y varios gramos de sustancia estupefaciente"},{"@type":"BreadcrumbList","@id":"https:\/\/www.fiscalia.gov.co\/colombia\/noticias\/judicializadas-14-personas-senaladas-de-pertenecer-presuntamente-a-a-la-organizacion-delincuencial-los-de-la-20-grupo-dedicado-al-trafico-de-estupefacientes-en-el-espinal-tolima\/#breadcrumb","itemListElement":[{"@type":"ListItem","position":1,"name":"Home","item":"https:\/\/www.fiscalia.gov.co\/colombia\/"},{"@type":"ListItem","position":2,"name":"Judicializadas 14 personas se\u00f1aladas de pertenecer presuntamente\u00a0a la organizaci\u00f3n delincuencial\u00a0 Los de la 20, grupo dedicado al tr\u00e1fico de estupefacientes en El Espinal (Tolima)"}]},{"@type":"WebSite","@id":"https:\/\/www.fiscalia.gov.co\/colombia\/#website","url":"https:\/\/www.fiscalia.gov.co\/colombia\/","name":"Fiscal\u00eda General de la Naci\u00f3n","description":"P\u00e1gina oficial de la Fiscal\u00eda General de la Naci\u00f3n \u2013 Colombia. Garantizamos el acceso efectivo a la justicia, la verdad y la reparaci\u00f3n de las v\u00edctimas de los delitos.","publisher":{"@id":"https:\/\/www.fiscalia.gov.co\/colombia\/#organization"},"potentialAction":[{"@type":"SearchAction","target":{"@type":"EntryPoint","urlTemplate":"https:\/\/www.fiscalia.gov.co\/colombia\/?s={search_term_string}"},"query-input":{"@type":"PropertyValueSpecification","valueRequired":true,"valueName":"search_term_string"}}],"inLanguage":"es-CO"},{"@type":"Organization","@id":"https:\/\/www.fiscalia.gov.co\/colombia\/#organization","name":"Fiscal\u00eda General de la Naci\u00f3n","url":"https:\/\/www.fiscalia.gov.co\/colombia\/","logo":{"@type":"ImageObject","inLanguage":"es-CO","@id":"https:\/\/www.fiscalia.gov.co\/colombia\/#\/schema\/logo\/image\/","url":"https:\/\/www.fiscalia.gov.co\/colombia\/wp-content\/uploads\/LogoHorizontal_1.jpg","contentUrl":"https:\/\/www.fiscalia.gov.co\/colombia\/wp-content\/uploads\/LogoHorizontal_1.jpg","width":300,"height":90,"caption":"Fiscal\u00eda General de la Naci\u00f3n"},"image":{"@id":"https:\/\/www.fiscalia.gov.co\/colombia\/#\/schema\/logo\/image\/"},"sameAs":["https:\/\/www.facebook.com\/FiscaliaCol","https:\/\/x.com\/FiscaliaCol","https:\/\/www.instagram.com\/fiscaliacol","https:\/\/www.linkedin.com\/company\/fiscalia-general-de-la-naci-n\/","https:\/\/youtube.com\/@fiscaliageneraldelanacion-4668?si=6nN79nyQICPU5iTh"]},{"@type":"Person","@id":"https:\/\/www.fiscalia.gov.co\/colombia\/#\/schema\/person\/2e76b9aba5ecf875ed565ce4de0e0415","name":"Katherine Loaiza Mart\u00ednez","image":{"@type":"ImageObject","inLanguage":"es-CO","@id":"https:\/\/www.fiscalia.gov.co\/colombia\/#\/schema\/person\/image\/","url":"https:\/\/secure.gravatar.com\/avatar\/ab775a2f394c1b83b6d6f78680e57b50?s=96&d=mm&r=g","contentUrl":"https:\/\/secure.gravatar.com\/avatar\/ab775a2f394c1b83b6d6f78680e57b50?s=96&d=mm&r=g","caption":"Katherine Loaiza Mart\u00ednez"},"url":"https:\/\/www.fiscalia.gov.co\/colombia\/author\/kloaiza\/"}]}},"_links":{"self":[{"href":"https:\/\/www.fiscalia.gov.co\/colombia\/wp-json\/wp\/v2\/posts\/254003","targetHints":{"allow":["GET"]}}],"collection":[{"href":"https:\/\/www.fiscalia.gov.co\/colombia\/wp-json\/wp\/v2\/posts"}],"about":[{"href":"https:\/\/www.fiscalia.gov.co\/colombia\/wp-json\/wp\/v2\/types\/post"}],"author":[{"embeddable":true,"href":"https:\/\/www.fiscalia.gov.co\/colombia\/wp-json\/wp\/v2\/users\/175"}],"replies":[{"embeddable":true,"href":"https:\/\/www.fiscalia.gov.co\/colombia\/wp-json\/wp\/v2\/comments?post=254003"}],"version-history":[{"count":3,"href":"https:\/\/www.fiscalia.gov.co\/colombia\/wp-json\/wp\/v2\/posts\/254003\/revisions"}],"predecessor-version":[{"id":254043,"href":"https:\/\/www.fiscalia.gov.co\/colombia\/wp-json\/wp\/v2\/posts\/254003\/revisions\/254043"}],"wp:attachment":[{"href":"https:\/\/www.fiscalia.gov.co\/colombia\/wp-json\/wp\/v2\/media?parent=254003"}],"wp:term":[{"taxonomy":"category","embeddable":true,"href":"https:\/\/www.fiscalia.gov.co\/colombia\/wp-json\/wp\/v2\/categories?post=254003"},{"taxonomy":"post_tag","embeddable":true,"href":"https:\/\/www.fiscalia.gov.co\/colombia\/wp-json\/wp\/v2\/tags?post=254003"}],"curies":[{"name":"wp","href":"https:\/\/api.w.org\/{rel}","templated":true}]}}