{"id":253995,"date":"2022-08-02T08:24:14","date_gmt":"2022-08-02T13:24:14","guid":{"rendered":"https:\/\/www.fiscalia.gov.co\/colombia\/?p=253995"},"modified":"2022-08-02T08:24:14","modified_gmt":"2022-08-02T13:24:14","slug":"asegurado-concejal-de-cartagena-y-exdirector-de-fondo-de-pensiones-por-su-presunta-responsabilidad-en-los-delitos-de-prevaricato-por-accion-y-peculado-por-apropiacion","status":"publish","type":"post","link":"https:\/\/www.fiscalia.gov.co\/colombia\/noticias\/asegurado-concejal-de-cartagena-y-exdirector-de-fondo-de-pensiones-por-su-presunta-responsabilidad-en-los-delitos-de-prevaricato-por-accion-y-peculado-por-apropiacion\/","title":{"rendered":"Asegurado concejal de Cartagena y exdirector de fondo de pensiones por su presunta responsabilidad en los delitos de prevaricato por acci\u00f3n y peculado por apropiaci\u00f3n"},"content":{"rendered":"<p>Por solicitud de un fiscal de la Unidad de Administraci\u00f3n P\u00fablica de Cartagena, un juez de control de garant\u00edas profiri\u00f3 medida de aseguramiento privativa de la libertad contra el concejal \u00d3scar Mar\u00edn Villalba y exdirector del Fondo Territorial de Pensiones del Distrito de Cartagena (Fonpecar), como presunto coautor de los delitos de prevaricato por acci\u00f3n en concurso con peculado por apropiaci\u00f3n.<\/p>\n<p>La decisi\u00f3n judicial est\u00e1 relacionada con una denuncia hecha desde la Alcald\u00eda de Cartagena, que daba cuenta de presuntas irregularidades en el reconocimiento de una pensi\u00f3n de vejez que favoreci\u00f3 a la se\u00f1ora Bertha Tar\u00f3n Arrieta quien, al parecer, no contaba con la edad para alcanzar dicho beneficio.<\/p>\n<p>Seg\u00fan consta en la investigaci\u00f3n, a la mujer le fueron canceladas mesadas pensionales desde diciembre de 2015, y hasta febrero pasado. Esto habr\u00eda generado una apropiaci\u00f3n il\u00edcita de recursos p\u00fablicos por m\u00e1s de 316 millones de pesos.<\/p>\n<p>Por estos mismos hechos, en el mes de julio pasado, la Fiscal\u00eda tambi\u00e9n le imput\u00f3 cargos a la ciudadana Taron Arrieta como presunta responsable del delito de peculado por apropiaci\u00f3n en calidad de interviniente. La procesada est\u00e1 vinculada a la investigaci\u00f3n.<\/p>\n<p>Por disposici\u00f3n del juez de control de garant\u00edas, el concejal Mar\u00edn Villalba y exdirector del Fondo de Pensiones de Cartagena deber\u00e1 cumplir su detenci\u00f3n en el lugar de domicilio.<\/p>\n<p>Esta informaci\u00f3n se publica por razones de inter\u00e9s general.<\/p>\n<p>MEVA\/MAGA\/DC\/DSBA<\/p>\n<p>&nbsp;<\/p>\n<p><strong>La Fiscal\u00eda General habla con resultados.<\/strong><\/p>\n<p>&nbsp;<\/p>\n<p><em>La informaci\u00f3n contenida en este bolet\u00edn de prensa corresponde a la narraci\u00f3n de los hechos noticiosos objetivos, suministrados por los funcionarios encargados de adelantar las investigaciones penales al interior de la Fiscal\u00eda General de la Naci\u00f3n. Para el momento de la divulgaci\u00f3n de este comunicado, la situaci\u00f3n jur\u00eddica de la(s) persona(s) relacionada(s) se encuentra pendiente de resolver por la autoridad judicial competente, siempre bajo los preceptos de la presunci\u00f3n de inocencia, consagrados en el art\u00edculo 29 de la Constituci\u00f3n Pol\u00edtica y el art\u00edculo 7\u00ba de la Ley 906 de 2004.<\/em><\/p>\n\n<div class=\"twitter-share\"><a href=\"https:\/\/twitter.com\/intent\/tweet?via=fiscaliacol\" class=\"twitter-share-button\">Tweet<\/a><\/div>\n","protected":false},"excerpt":{"rendered":"<p>Por solicitud de un fiscal de la Unidad de Administraci\u00f3n P\u00fablica de Cartagena, un juez de control de garant\u00edas profiri\u00f3 medida de aseguramiento privativa de la libertad contra el concejal \u00d3scar Mar\u00edn Villalba y exdirector del Fondo Territorial de Pensiones del Distrito de Cartagena (Fonpecar), como presunto coautor de los delitos de prevaricato por acci\u00f3n [&hellip;]<\/p>\n","protected":false},"author":175,"featured_media":0,"comment_status":"closed","ping_status":"open","sticky":false,"template":"","format":"standard","meta":{"_price":"","_stock":"","_tribe_ticket_header":"","_tribe_default_ticket_provider":"","_tribe_ticket_capacity":"0","_ticket_start_date":"","_ticket_end_date":"","_tribe_ticket_show_description":"","_tribe_ticket_show_not_going":false,"_tribe_ticket_use_global_stock":"","_tribe_ticket_global_stock_level":"","_global_stock_mode":"","_global_stock_cap":"","_tribe_rsvp_for_event":"","_tribe_ticket_going_count":"","_tribe_ticket_not_going_count":"","_tribe_tickets_list":"[]","_tribe_ticket_has_attendee_info_fields":false,"tdm_status":"","tdm_grid_status":"","footnotes":""},"categories":[24097,24107,1,325],"tags":[23819,24189,24305,24187,1047,13858,1229,7459],"class_list":{"0":"post-253995","1":"post","2":"type-post","3":"status-publish","4":"format-standard","6":"category-corrupcion","7":"category-lucha-contra-corrupcion","8":"category-noticias","9":"category-seccional-cartagena","10":"tag-cartagena","11":"tag-fiscal-francisco-barbosa-delgado","12":"tag-fiscal-general-francisco-barbosa","13":"tag-fiscalia-colombia","14":"tag-fiscalia-general-de-la-nacion","15":"tag-imputacion","16":"tag-peculado-por-apropiacion","17":"tag-prevaricato-por-accion"},"yoast_head":"<!-- This site is optimized with the Yoast SEO plugin v24.3 - https:\/\/yoast.com\/wordpress\/plugins\/seo\/ -->\n<title>Fiscal\u00eda General de la Naci\u00f3n<\/title>\n<meta name=\"description\" content=\"P\u00e1gina oficial de la Fiscal\u00eda General de la Naci\u00f3n \u2013 Colombia. Garantizamos el acceso efectivo a la justicia, la verdad y la reparaci\u00f3n de las v\u00edctimas de los delitos.\" \/>\n<meta name=\"robots\" content=\"noindex, follow\" \/>\n<meta property=\"og:locale\" content=\"es_ES\" \/>\n<meta property=\"og:type\" content=\"article\" \/>\n<meta property=\"og:title\" content=\"Fiscal\u00eda General de la Naci\u00f3n\" \/>\n<meta property=\"og:description\" content=\"P\u00e1gina oficial de la Fiscal\u00eda General de la Naci\u00f3n \u2013 Colombia. Garantizamos el acceso efectivo a la justicia, la verdad y la reparaci\u00f3n de las v\u00edctimas de los delitos.\" \/>\n<meta property=\"og:url\" content=\"https:\/\/www.fiscalia.gov.co\/colombia\/noticias\/asegurado-concejal-de-cartagena-y-exdirector-de-fondo-de-pensiones-por-su-presunta-responsabilidad-en-los-delitos-de-prevaricato-por-accion-y-peculado-por-apropiacion\/\" \/>\n<meta property=\"og:site_name\" content=\"Fiscal\u00eda General de la Naci\u00f3n\" \/>\n<meta property=\"article:publisher\" content=\"https:\/\/www.facebook.com\/FiscaliaCol\" \/>\n<meta property=\"article:published_time\" content=\"2022-08-02T13:24:14+00:00\" \/>\n<meta name=\"author\" content=\"Katherine Loaiza Mart\u00ednez\" \/>\n<meta name=\"twitter:card\" content=\"summary_large_image\" \/>\n<meta name=\"twitter:creator\" content=\"@FiscaliaCol\" \/>\n<meta name=\"twitter:site\" content=\"@FiscaliaCol\" \/>\n<meta name=\"twitter:label1\" content=\"Escrito por\" \/>\n\t<meta name=\"twitter:data1\" content=\"Katherine Loaiza Mart\u00ednez\" \/>\n\t<meta name=\"twitter:label2\" content=\"Tiempo de lectura\" \/>\n\t<meta name=\"twitter:data2\" content=\"2 minutos\" \/>\n<script type=\"application\/ld+json\" class=\"yoast-schema-graph\">{\"@context\":\"https:\/\/schema.org\",\"@graph\":[{\"@type\":\"Article\",\"@id\":\"https:\/\/www.fiscalia.gov.co\/colombia\/noticias\/asegurado-concejal-de-cartagena-y-exdirector-de-fondo-de-pensiones-por-su-presunta-responsabilidad-en-los-delitos-de-prevaricato-por-accion-y-peculado-por-apropiacion\/#article\",\"isPartOf\":{\"@id\":\"https:\/\/www.fiscalia.gov.co\/colombia\/noticias\/asegurado-concejal-de-cartagena-y-exdirector-de-fondo-de-pensiones-por-su-presunta-responsabilidad-en-los-delitos-de-prevaricato-por-accion-y-peculado-por-apropiacion\/\"},\"author\":{\"name\":\"Katherine Loaiza Mart\u00ednez\",\"@id\":\"https:\/\/www.fiscalia.gov.co\/colombia\/#\/schema\/person\/2e76b9aba5ecf875ed565ce4de0e0415\"},\"headline\":\"Asegurado concejal de Cartagena y exdirector de fondo de pensiones por su presunta responsabilidad en los delitos de prevaricato por acci\u00f3n y peculado por apropiaci\u00f3n\",\"datePublished\":\"2022-08-02T13:24:14+00:00\",\"dateModified\":\"2022-08-02T13:24:14+00:00\",\"mainEntityOfPage\":{\"@id\":\"https:\/\/www.fiscalia.gov.co\/colombia\/noticias\/asegurado-concejal-de-cartagena-y-exdirector-de-fondo-de-pensiones-por-su-presunta-responsabilidad-en-los-delitos-de-prevaricato-por-accion-y-peculado-por-apropiacion\/\"},\"wordCount\":393,\"publisher\":{\"@id\":\"https:\/\/www.fiscalia.gov.co\/colombia\/#organization\"},\"keywords\":[\"Cartagena\",\"Fiscal Francisco Barbosa Delgado\",\"Fiscal General Francisco Barbosa\",\"Fiscal\u00eda Colombia\",\"Fiscal\u00eda General de la Naci\u00f3n\",\"Imputaci\u00f3n\",\"Peculado por apropiaci\u00f3n\",\"prevaricato por acci\u00f3n\"],\"articleSection\":[\"Corrupci\u00f3n\",\"Corrupci\u00f3n\",\"Noticias\",\"Seccional Cartagena\"],\"inLanguage\":\"es-CO\"},{\"@type\":\"WebPage\",\"@id\":\"https:\/\/www.fiscalia.gov.co\/colombia\/noticias\/asegurado-concejal-de-cartagena-y-exdirector-de-fondo-de-pensiones-por-su-presunta-responsabilidad-en-los-delitos-de-prevaricato-por-accion-y-peculado-por-apropiacion\/\",\"url\":\"https:\/\/www.fiscalia.gov.co\/colombia\/noticias\/asegurado-concejal-de-cartagena-y-exdirector-de-fondo-de-pensiones-por-su-presunta-responsabilidad-en-los-delitos-de-prevaricato-por-accion-y-peculado-por-apropiacion\/\",\"name\":\"Fiscal\u00eda General de la Naci\u00f3n\",\"isPartOf\":{\"@id\":\"https:\/\/www.fiscalia.gov.co\/colombia\/#website\"},\"datePublished\":\"2022-08-02T13:24:14+00:00\",\"dateModified\":\"2022-08-02T13:24:14+00:00\",\"description\":\"P\u00e1gina oficial de la Fiscal\u00eda General de la Naci\u00f3n \u2013 Colombia. Garantizamos el acceso efectivo a la justicia, la verdad y la reparaci\u00f3n de las v\u00edctimas de los delitos.\",\"breadcrumb\":{\"@id\":\"https:\/\/www.fiscalia.gov.co\/colombia\/noticias\/asegurado-concejal-de-cartagena-y-exdirector-de-fondo-de-pensiones-por-su-presunta-responsabilidad-en-los-delitos-de-prevaricato-por-accion-y-peculado-por-apropiacion\/#breadcrumb\"},\"inLanguage\":\"es-CO\",\"potentialAction\":[{\"@type\":\"ReadAction\",\"target\":[\"https:\/\/www.fiscalia.gov.co\/colombia\/noticias\/asegurado-concejal-de-cartagena-y-exdirector-de-fondo-de-pensiones-por-su-presunta-responsabilidad-en-los-delitos-de-prevaricato-por-accion-y-peculado-por-apropiacion\/\"]}]},{\"@type\":\"BreadcrumbList\",\"@id\":\"https:\/\/www.fiscalia.gov.co\/colombia\/noticias\/asegurado-concejal-de-cartagena-y-exdirector-de-fondo-de-pensiones-por-su-presunta-responsabilidad-en-los-delitos-de-prevaricato-por-accion-y-peculado-por-apropiacion\/#breadcrumb\",\"itemListElement\":[{\"@type\":\"ListItem\",\"position\":1,\"name\":\"Home\",\"item\":\"https:\/\/www.fiscalia.gov.co\/colombia\/\"},{\"@type\":\"ListItem\",\"position\":2,\"name\":\"Asegurado concejal de Cartagena y exdirector de fondo de pensiones por su presunta responsabilidad en los delitos de prevaricato por acci\u00f3n y peculado por apropiaci\u00f3n\"}]},{\"@type\":\"WebSite\",\"@id\":\"https:\/\/www.fiscalia.gov.co\/colombia\/#website\",\"url\":\"https:\/\/www.fiscalia.gov.co\/colombia\/\",\"name\":\"Fiscal\u00eda General de la Naci\u00f3n\",\"description\":\"P\u00e1gina oficial de la Fiscal\u00eda General de la Naci\u00f3n \u2013 Colombia. Garantizamos el acceso efectivo a la justicia, la verdad y la reparaci\u00f3n de las v\u00edctimas de los delitos.\",\"publisher\":{\"@id\":\"https:\/\/www.fiscalia.gov.co\/colombia\/#organization\"},\"potentialAction\":[{\"@type\":\"SearchAction\",\"target\":{\"@type\":\"EntryPoint\",\"urlTemplate\":\"https:\/\/www.fiscalia.gov.co\/colombia\/?s={search_term_string}\"},\"query-input\":{\"@type\":\"PropertyValueSpecification\",\"valueRequired\":true,\"valueName\":\"search_term_string\"}}],\"inLanguage\":\"es-CO\"},{\"@type\":\"Organization\",\"@id\":\"https:\/\/www.fiscalia.gov.co\/colombia\/#organization\",\"name\":\"Fiscal\u00eda General de la Naci\u00f3n\",\"url\":\"https:\/\/www.fiscalia.gov.co\/colombia\/\",\"logo\":{\"@type\":\"ImageObject\",\"inLanguage\":\"es-CO\",\"@id\":\"https:\/\/www.fiscalia.gov.co\/colombia\/#\/schema\/logo\/image\/\",\"url\":\"https:\/\/www.fiscalia.gov.co\/colombia\/wp-content\/uploads\/LogoHorizontal_1.jpg\",\"contentUrl\":\"https:\/\/www.fiscalia.gov.co\/colombia\/wp-content\/uploads\/LogoHorizontal_1.jpg\",\"width\":300,\"height\":90,\"caption\":\"Fiscal\u00eda General de la Naci\u00f3n\"},\"image\":{\"@id\":\"https:\/\/www.fiscalia.gov.co\/colombia\/#\/schema\/logo\/image\/\"},\"sameAs\":[\"https:\/\/www.facebook.com\/FiscaliaCol\",\"https:\/\/x.com\/FiscaliaCol\",\"https:\/\/www.instagram.com\/fiscaliacol\",\"https:\/\/www.linkedin.com\/company\/fiscalia-general-de-la-naci-n\/\",\"https:\/\/youtube.com\/@fiscaliageneraldelanacion-4668?si=6nN79nyQICPU5iTh\"]},{\"@type\":\"Person\",\"@id\":\"https:\/\/www.fiscalia.gov.co\/colombia\/#\/schema\/person\/2e76b9aba5ecf875ed565ce4de0e0415\",\"name\":\"Katherine Loaiza Mart\u00ednez\",\"image\":{\"@type\":\"ImageObject\",\"inLanguage\":\"es-CO\",\"@id\":\"https:\/\/www.fiscalia.gov.co\/colombia\/#\/schema\/person\/image\/\",\"url\":\"https:\/\/secure.gravatar.com\/avatar\/ab775a2f394c1b83b6d6f78680e57b50?s=96&d=mm&r=g\",\"contentUrl\":\"https:\/\/secure.gravatar.com\/avatar\/ab775a2f394c1b83b6d6f78680e57b50?s=96&d=mm&r=g\",\"caption\":\"Katherine Loaiza Mart\u00ednez\"},\"url\":\"https:\/\/www.fiscalia.gov.co\/colombia\/author\/kloaiza\/\"}]}<\/script>\n<!-- \/ Yoast SEO plugin. -->","yoast_head_json":{"title":"Fiscal\u00eda General de la Naci\u00f3n","description":"P\u00e1gina oficial de la Fiscal\u00eda General de la Naci\u00f3n \u2013 Colombia. Garantizamos el acceso efectivo a la justicia, la verdad y la reparaci\u00f3n de las v\u00edctimas de los delitos.","robots":{"index":"noindex","follow":"follow"},"og_locale":"es_ES","og_type":"article","og_title":"Fiscal\u00eda General de la Naci\u00f3n","og_description":"P\u00e1gina oficial de la Fiscal\u00eda General de la Naci\u00f3n \u2013 Colombia. Garantizamos el acceso efectivo a la justicia, la verdad y la reparaci\u00f3n de las v\u00edctimas de los delitos.","og_url":"https:\/\/www.fiscalia.gov.co\/colombia\/noticias\/asegurado-concejal-de-cartagena-y-exdirector-de-fondo-de-pensiones-por-su-presunta-responsabilidad-en-los-delitos-de-prevaricato-por-accion-y-peculado-por-apropiacion\/","og_site_name":"Fiscal\u00eda General de la Naci\u00f3n","article_publisher":"https:\/\/www.facebook.com\/FiscaliaCol","article_published_time":"2022-08-02T13:24:14+00:00","author":"Katherine Loaiza Mart\u00ednez","twitter_card":"summary_large_image","twitter_creator":"@FiscaliaCol","twitter_site":"@FiscaliaCol","twitter_misc":{"Escrito por":"Katherine Loaiza Mart\u00ednez","Tiempo de lectura":"2 minutos"},"schema":{"@context":"https:\/\/schema.org","@graph":[{"@type":"Article","@id":"https:\/\/www.fiscalia.gov.co\/colombia\/noticias\/asegurado-concejal-de-cartagena-y-exdirector-de-fondo-de-pensiones-por-su-presunta-responsabilidad-en-los-delitos-de-prevaricato-por-accion-y-peculado-por-apropiacion\/#article","isPartOf":{"@id":"https:\/\/www.fiscalia.gov.co\/colombia\/noticias\/asegurado-concejal-de-cartagena-y-exdirector-de-fondo-de-pensiones-por-su-presunta-responsabilidad-en-los-delitos-de-prevaricato-por-accion-y-peculado-por-apropiacion\/"},"author":{"name":"Katherine Loaiza Mart\u00ednez","@id":"https:\/\/www.fiscalia.gov.co\/colombia\/#\/schema\/person\/2e76b9aba5ecf875ed565ce4de0e0415"},"headline":"Asegurado concejal de Cartagena y exdirector de fondo de pensiones por su presunta responsabilidad en los delitos de prevaricato por acci\u00f3n y peculado por apropiaci\u00f3n","datePublished":"2022-08-02T13:24:14+00:00","dateModified":"2022-08-02T13:24:14+00:00","mainEntityOfPage":{"@id":"https:\/\/www.fiscalia.gov.co\/colombia\/noticias\/asegurado-concejal-de-cartagena-y-exdirector-de-fondo-de-pensiones-por-su-presunta-responsabilidad-en-los-delitos-de-prevaricato-por-accion-y-peculado-por-apropiacion\/"},"wordCount":393,"publisher":{"@id":"https:\/\/www.fiscalia.gov.co\/colombia\/#organization"},"keywords":["Cartagena","Fiscal Francisco Barbosa Delgado","Fiscal General Francisco Barbosa","Fiscal\u00eda Colombia","Fiscal\u00eda General de la Naci\u00f3n","Imputaci\u00f3n","Peculado por apropiaci\u00f3n","prevaricato por acci\u00f3n"],"articleSection":["Corrupci\u00f3n","Corrupci\u00f3n","Noticias","Seccional Cartagena"],"inLanguage":"es-CO"},{"@type":"WebPage","@id":"https:\/\/www.fiscalia.gov.co\/colombia\/noticias\/asegurado-concejal-de-cartagena-y-exdirector-de-fondo-de-pensiones-por-su-presunta-responsabilidad-en-los-delitos-de-prevaricato-por-accion-y-peculado-por-apropiacion\/","url":"https:\/\/www.fiscalia.gov.co\/colombia\/noticias\/asegurado-concejal-de-cartagena-y-exdirector-de-fondo-de-pensiones-por-su-presunta-responsabilidad-en-los-delitos-de-prevaricato-por-accion-y-peculado-por-apropiacion\/","name":"Fiscal\u00eda General de la Naci\u00f3n","isPartOf":{"@id":"https:\/\/www.fiscalia.gov.co\/colombia\/#website"},"datePublished":"2022-08-02T13:24:14+00:00","dateModified":"2022-08-02T13:24:14+00:00","description":"P\u00e1gina oficial de la Fiscal\u00eda General de la Naci\u00f3n \u2013 Colombia. Garantizamos el acceso efectivo a la justicia, la verdad y la reparaci\u00f3n de las v\u00edctimas de los delitos.","breadcrumb":{"@id":"https:\/\/www.fiscalia.gov.co\/colombia\/noticias\/asegurado-concejal-de-cartagena-y-exdirector-de-fondo-de-pensiones-por-su-presunta-responsabilidad-en-los-delitos-de-prevaricato-por-accion-y-peculado-por-apropiacion\/#breadcrumb"},"inLanguage":"es-CO","potentialAction":[{"@type":"ReadAction","target":["https:\/\/www.fiscalia.gov.co\/colombia\/noticias\/asegurado-concejal-de-cartagena-y-exdirector-de-fondo-de-pensiones-por-su-presunta-responsabilidad-en-los-delitos-de-prevaricato-por-accion-y-peculado-por-apropiacion\/"]}]},{"@type":"BreadcrumbList","@id":"https:\/\/www.fiscalia.gov.co\/colombia\/noticias\/asegurado-concejal-de-cartagena-y-exdirector-de-fondo-de-pensiones-por-su-presunta-responsabilidad-en-los-delitos-de-prevaricato-por-accion-y-peculado-por-apropiacion\/#breadcrumb","itemListElement":[{"@type":"ListItem","position":1,"name":"Home","item":"https:\/\/www.fiscalia.gov.co\/colombia\/"},{"@type":"ListItem","position":2,"name":"Asegurado concejal de Cartagena y exdirector de fondo de pensiones por su presunta responsabilidad en los delitos de prevaricato por acci\u00f3n y peculado por apropiaci\u00f3n"}]},{"@type":"WebSite","@id":"https:\/\/www.fiscalia.gov.co\/colombia\/#website","url":"https:\/\/www.fiscalia.gov.co\/colombia\/","name":"Fiscal\u00eda General de la Naci\u00f3n","description":"P\u00e1gina oficial de la Fiscal\u00eda General de la Naci\u00f3n \u2013 Colombia. Garantizamos el acceso efectivo a la justicia, la verdad y la reparaci\u00f3n de las v\u00edctimas de los delitos.","publisher":{"@id":"https:\/\/www.fiscalia.gov.co\/colombia\/#organization"},"potentialAction":[{"@type":"SearchAction","target":{"@type":"EntryPoint","urlTemplate":"https:\/\/www.fiscalia.gov.co\/colombia\/?s={search_term_string}"},"query-input":{"@type":"PropertyValueSpecification","valueRequired":true,"valueName":"search_term_string"}}],"inLanguage":"es-CO"},{"@type":"Organization","@id":"https:\/\/www.fiscalia.gov.co\/colombia\/#organization","name":"Fiscal\u00eda General de la Naci\u00f3n","url":"https:\/\/www.fiscalia.gov.co\/colombia\/","logo":{"@type":"ImageObject","inLanguage":"es-CO","@id":"https:\/\/www.fiscalia.gov.co\/colombia\/#\/schema\/logo\/image\/","url":"https:\/\/www.fiscalia.gov.co\/colombia\/wp-content\/uploads\/LogoHorizontal_1.jpg","contentUrl":"https:\/\/www.fiscalia.gov.co\/colombia\/wp-content\/uploads\/LogoHorizontal_1.jpg","width":300,"height":90,"caption":"Fiscal\u00eda General de la Naci\u00f3n"},"image":{"@id":"https:\/\/www.fiscalia.gov.co\/colombia\/#\/schema\/logo\/image\/"},"sameAs":["https:\/\/www.facebook.com\/FiscaliaCol","https:\/\/x.com\/FiscaliaCol","https:\/\/www.instagram.com\/fiscaliacol","https:\/\/www.linkedin.com\/company\/fiscalia-general-de-la-naci-n\/","https:\/\/youtube.com\/@fiscaliageneraldelanacion-4668?si=6nN79nyQICPU5iTh"]},{"@type":"Person","@id":"https:\/\/www.fiscalia.gov.co\/colombia\/#\/schema\/person\/2e76b9aba5ecf875ed565ce4de0e0415","name":"Katherine Loaiza Mart\u00ednez","image":{"@type":"ImageObject","inLanguage":"es-CO","@id":"https:\/\/www.fiscalia.gov.co\/colombia\/#\/schema\/person\/image\/","url":"https:\/\/secure.gravatar.com\/avatar\/ab775a2f394c1b83b6d6f78680e57b50?s=96&d=mm&r=g","contentUrl":"https:\/\/secure.gravatar.com\/avatar\/ab775a2f394c1b83b6d6f78680e57b50?s=96&d=mm&r=g","caption":"Katherine Loaiza Mart\u00ednez"},"url":"https:\/\/www.fiscalia.gov.co\/colombia\/author\/kloaiza\/"}]}},"_links":{"self":[{"href":"https:\/\/www.fiscalia.gov.co\/colombia\/wp-json\/wp\/v2\/posts\/253995","targetHints":{"allow":["GET"]}}],"collection":[{"href":"https:\/\/www.fiscalia.gov.co\/colombia\/wp-json\/wp\/v2\/posts"}],"about":[{"href":"https:\/\/www.fiscalia.gov.co\/colombia\/wp-json\/wp\/v2\/types\/post"}],"author":[{"embeddable":true,"href":"https:\/\/www.fiscalia.gov.co\/colombia\/wp-json\/wp\/v2\/users\/175"}],"replies":[{"embeddable":true,"href":"https:\/\/www.fiscalia.gov.co\/colombia\/wp-json\/wp\/v2\/comments?post=253995"}],"version-history":[{"count":1,"href":"https:\/\/www.fiscalia.gov.co\/colombia\/wp-json\/wp\/v2\/posts\/253995\/revisions"}],"predecessor-version":[{"id":253996,"href":"https:\/\/www.fiscalia.gov.co\/colombia\/wp-json\/wp\/v2\/posts\/253995\/revisions\/253996"}],"wp:attachment":[{"href":"https:\/\/www.fiscalia.gov.co\/colombia\/wp-json\/wp\/v2\/media?parent=253995"}],"wp:term":[{"taxonomy":"category","embeddable":true,"href":"https:\/\/www.fiscalia.gov.co\/colombia\/wp-json\/wp\/v2\/categories?post=253995"},{"taxonomy":"post_tag","embeddable":true,"href":"https:\/\/www.fiscalia.gov.co\/colombia\/wp-json\/wp\/v2\/tags?post=253995"}],"curies":[{"name":"wp","href":"https:\/\/api.w.org\/{rel}","templated":true}]}}