{"id":253893,"date":"2022-08-01T08:16:19","date_gmt":"2022-08-01T13:16:19","guid":{"rendered":"https:\/\/www.fiscalia.gov.co\/colombia\/?p=253893"},"modified":"2022-08-08T10:32:19","modified_gmt":"2022-08-08T15:32:19","slug":"alias-memin-maximo-cabecilla-de-los-grupos-paramilitares-en-el-noroccidente-antioqueno-acepta-167-hechos-criminales-ante-la-fiscalia","status":"publish","type":"post","link":"https:\/\/www.fiscalia.gov.co\/colombia\/noticias\/alias-memin-maximo-cabecilla-de-los-grupos-paramilitares-en-el-noroccidente-antioqueno-acepta-167-hechos-criminales-ante-la-fiscalia\/","title":{"rendered":"Alias Mem\u00edn, m\u00e1ximo cabecilla de los grupos paramilitares en el Noroccidente Antioque\u00f1o, acepta 167 hechos criminales ante la Fiscal\u00eda"},"content":{"rendered":"<ul>\n<li style=\"text-align: left;\">\n<h4><strong><em>Esta actuaci\u00f3n es el resultado de una gran investigaci\u00f3n relacionada con los cr\u00edmenes cometidos contra la poblaci\u00f3n civil en 27 municipios del noroccidente de Antioquia.<\/em><\/strong><\/h4>\n<\/li>\n<\/ul>\n<ul>\n<li style=\"text-align: left;\">\n<h4><strong><em>Alias Mem\u00edn reconoci\u00f3 homicidios, desapariciones, secuestros, casos de tortura, hurtos y desplazamientos forzados entre otras conductas delictivas ocurridas en Frontino.<\/em><\/strong><\/h4>\n<\/li>\n<\/ul>\n<p>&nbsp;<\/p>\n<p>Como parte de una macroinvestigaci\u00f3n que busca esclarecer los cr\u00edmenes atribuidos a las grupos paramilitares que delinquieron en 27 municipios del noroccidente de Antioquia, entre 1996 y 2005, la Fiscal\u00eda General de la Naci\u00f3n logr\u00f3 que Luis Arnulfo Tuberquia, alias Mem\u00edn, aceptara su responsabilidad en 167 hechos de graves agresiones contra la poblaci\u00f3n civil.<\/p>\n<p><img loading=\"lazy\" decoding=\"async\" class=\"alignleft wp-image-253894 size-medium\" src=\"https:\/\/www.fiscalia.gov.co\/colombia\/wp-content\/uploads\/Alias-Memin-300x215.jpg\" alt=\"\" width=\"300\" height=\"215\" srcset=\"https:\/\/www.fiscalia.gov.co\/colombia\/wp-content\/uploads\/Alias-Memin-300x215.jpg 300w, https:\/\/www.fiscalia.gov.co\/colombia\/wp-content\/uploads\/Alias-Memin-1024x734.jpg 1024w, https:\/\/www.fiscalia.gov.co\/colombia\/wp-content\/uploads\/Alias-Memin-768x551.jpg 768w, https:\/\/www.fiscalia.gov.co\/colombia\/wp-content\/uploads\/Alias-Memin-696x499.jpg 696w, https:\/\/www.fiscalia.gov.co\/colombia\/wp-content\/uploads\/Alias-Memin-1068x766.jpg 1068w, https:\/\/www.fiscalia.gov.co\/colombia\/wp-content\/uploads\/Alias-Memin-586x420.jpg 586w, https:\/\/www.fiscalia.gov.co\/colombia\/wp-content\/uploads\/Alias-Memin.jpg 1280w\" sizes=\"auto, (max-width: 300px) 100vw, 300px\" \/><\/p>\n<p>El procesado, quien fue el m\u00e1ximo cabecilla del entonces Bloque Noroccidente Antioque\u00f1o de las extintas AUC y atend\u00eda \u00f3rdenes directas de la denominada \u2018Casa Casta\u00f1o\u2019, indic\u00f3 que hombres armados a su cargo se dedicaron a ubicar a personas se\u00f1aladas equivocadamente de ser colaboradoras de las extintas Farc, las sacaron de sus casas y negocios o las interceptaron mientras se movilizaban en veh\u00edculos de servicio p\u00fablico, y las sometieron a diferentes conductas il\u00edcitas.<\/p>\n<p>Este accionar violento fue indiscriminado y dej\u00f3 como v\u00edctimas a agricultores, comerciantes, menores de edad, mujeres e integrantes de comunidades ind\u00edgenas de la regi\u00f3n.<\/p>\n<p>En una primera fase del procesao, relacionada exclusivamente con los delitos cometidos en Frontino (Antioquia), alias Mem\u00edn reconoci\u00f3, entre otros, 31 casos de homicidio en persona protegida, 25 de desaparici\u00f3n forzada, 40 de deportaci\u00f3n, expulsi\u00f3n, traslado o desplazamiento forzado de la poblaci\u00f3n civil; 46 de secuestro, 10 de tortura en persona protegida, 7 de hurto agravado y calificado; y uno de acceso carnal violento.<\/p>\n<p>En ese sentido, una fiscal de la Direcci\u00f3n Especializada contra las Violaciones a los Derechos Humanos, que dirige la macroinvestigaci\u00f3n en el noroccidente antioque\u00f1o, le impuso a Luis Arnulfo Tuberquia medida de aseguramiento de detenci\u00f3n preventiva, la cual deber\u00e1 cumplir en la c\u00e1rcel La Paz, en Itag\u00fc\u00ed (Antioquia), donde permanece privado de la libertad.<\/p>\n<p>Con la aceptaci\u00f3n de cargos, alias Mem\u00edn se somete a sentencia anticipada. La codena ser\u00e1 fijada por un juzgado especializado de Antioquia, en atenci\u00f3n a los par\u00e1metros fijados en la Ley 600 de 2000 (anterior sistema Penal).<\/p>\n<p><strong><u>Casos<\/u><\/strong><\/p>\n<p>El reconocimiento libre y voluntario por parte del procesado permiti\u00f3 a la Fiscal\u00eda esclarecer 167 hechos criminales sucedidos en Frontino (Antioquia), algunos son:<\/p>\n<ul>\n<li>Desaparici\u00f3n forzada de un integrante de una comunidad ind\u00edgena, quien se movilizaba con su hija menor de edad en un bus escalera, en febrero de 1997. Las dos v\u00edctimas fueron obligadas a bajar del automotor y subidas a una camioneta. Desde entonces se desconoce su paradero.<\/li>\n<li>Secuestro y homicidio de dos adolescentes, el 5 de junio de 1999. Hombres armados ingresaron a la finca en la que viv\u00edan los menores de edad, hurtaron 30 reses y se llevaron a los j\u00f3venes. Cinco d\u00edas despu\u00e9s fueron encontrado muertos en Uramita (Antioquia).<\/li>\n<li>Homicidio de H\u00e9ctor Herrera Durango, pol\u00edtico e integrante de la Junta de Acci\u00f3n Comunal de la vereda Los Monos, ocurrido el 24 de octubre de 1998.<\/li>\n<\/ul>\n<p>&nbsp;<\/p>\n<ul>\n<li>Homicidio de Joselito Bailar\u00edn Domico, ind\u00edgena Embera Katio y gobernador de la comunidad ind\u00edgena Ca\u00f1averal, sucedido el 30 de junio de 2000.<\/li>\n<\/ul>\n<p>&nbsp;<\/p>\n<ul>\n<li>Abuso sexual de una mujer campesina en la vereda El Filo de Pont\u00f3n, en febrero de 2001. Un hombre de la estructura armada de alias Mem\u00edn ingres\u00f3 a la finca de la mujer y la someti\u00f3 a diferentes vej\u00e1menes con el supuesto de que la v\u00edctima colaboraba con otros grupos ilegales.<\/li>\n<\/ul>\n<p>&nbsp;<\/p>\n<p>Esta informaci\u00f3n se publica por razones de inter\u00e9s general.<\/p>\n<p>JARG\/DJR\/DEVDH.<\/p>\n<p>&nbsp;<\/p>\n<div class=\"td-post-content tagdiv-type\">\n<div dir=\"ltr\">\n<div class=\"td-post-content tagdiv-type\">\n<div class=\"td-post-content tagdiv-type\">\n<p><em>La informaci\u00f3n contenida en este bolet\u00edn de prensa corresponde a la narraci\u00f3n de los hechos noticiosos objetivos, suministrados por los funcionarios encargados de adelantar las investigaciones penales al interior de la Fiscal\u00eda General de la Naci\u00f3n. Para el momento de la divulgaci\u00f3n de este comunicado, la situaci\u00f3n jur\u00eddica de la(s) persona(s) relacionada(s) se encuentra pendiente de resolver por la autoridad judicial competente, siempre bajo los preceptos de la presunci\u00f3n de inocencia, consagrados en el art\u00edculo 29 de la Constituci\u00f3n Pol\u00edtica y el art\u00edculo 7\u00ba de la Ley 906 de 2004.<\/em><\/p>\n<\/div>\n<\/div>\n<\/div>\n<\/div>\n\n<div class=\"twitter-share\"><a href=\"https:\/\/twitter.com\/intent\/tweet?via=fiscaliacol\" class=\"twitter-share-button\">Tweet<\/a><\/div>\n","protected":false},"excerpt":{"rendered":"<p>Esta actuaci\u00f3n es el resultado de una gran investigaci\u00f3n relacionada con los cr\u00edmenes cometidos contra la poblaci\u00f3n civil en 27 municipios del noroccidente de Antioquia. Alias Mem\u00edn reconoci\u00f3 homicidios, desapariciones, secuestros, casos de tortura, hurtos y desplazamientos forzados entre otras conductas delictivas ocurridas en Frontino. &nbsp; Como parte de una macroinvestigaci\u00f3n que busca esclarecer los [&hellip;]<\/p>\n","protected":false},"author":175,"featured_media":0,"comment_status":"closed","ping_status":"open","sticky":false,"template":"","format":"video","meta":{"_price":"","_stock":"","_tribe_ticket_header":"","_tribe_default_ticket_provider":"","_tribe_ticket_capacity":"0","_ticket_start_date":"","_ticket_end_date":"","_tribe_ticket_show_description":"","_tribe_ticket_show_not_going":false,"_tribe_ticket_use_global_stock":"","_tribe_ticket_global_stock_level":"","_global_stock_mode":"","_global_stock_cap":"","_tribe_rsvp_for_event":"","_tribe_ticket_going_count":"","_tribe_ticket_not_going_count":"","_tribe_tickets_list":"[]","_tribe_ticket_has_attendee_info_fields":false,"tdm_status":"","tdm_grid_status":"","footnotes":""},"categories":[24102,1],"tags":[24189,24526],"class_list":{"0":"post-253893","1":"post","2":"type-post","3":"status-publish","4":"format-video","6":"category-derechos-humanos","7":"category-noticias","8":"tag-fiscal-francisco-barbosa-delgado","9":"tag-fiscal-general-francisco-barbosa-delgado","10":"post_format-post-format-video"},"yoast_head":"<!-- This site is optimized with the Yoast SEO plugin v24.3 - https:\/\/yoast.com\/wordpress\/plugins\/seo\/ -->\n<title>Fiscal\u00eda General de la Naci\u00f3n<\/title>\n<meta name=\"description\" content=\"P\u00e1gina oficial de la Fiscal\u00eda General de la Naci\u00f3n \u2013 Colombia. Garantizamos el acceso efectivo a la justicia, la verdad y la reparaci\u00f3n de las v\u00edctimas de los delitos.\" \/>\n<meta name=\"robots\" content=\"noindex, follow\" \/>\n<meta property=\"og:locale\" content=\"es_ES\" \/>\n<meta property=\"og:type\" content=\"article\" \/>\n<meta property=\"og:title\" content=\"Fiscal\u00eda General de la Naci\u00f3n\" \/>\n<meta property=\"og:description\" content=\"P\u00e1gina oficial de la Fiscal\u00eda General de la Naci\u00f3n \u2013 Colombia. Garantizamos el acceso efectivo a la justicia, la verdad y la reparaci\u00f3n de las v\u00edctimas de los delitos.\" \/>\n<meta property=\"og:url\" content=\"https:\/\/www.fiscalia.gov.co\/colombia\/noticias\/alias-memin-maximo-cabecilla-de-los-grupos-paramilitares-en-el-noroccidente-antioqueno-acepta-167-hechos-criminales-ante-la-fiscalia\/\" \/>\n<meta property=\"og:site_name\" content=\"Fiscal\u00eda General de la Naci\u00f3n\" \/>\n<meta property=\"article:publisher\" content=\"https:\/\/www.facebook.com\/FiscaliaCol\" \/>\n<meta property=\"article:published_time\" content=\"2022-08-01T13:16:19+00:00\" \/>\n<meta property=\"article:modified_time\" content=\"2022-08-08T15:32:19+00:00\" \/>\n<meta property=\"og:image\" content=\"https:\/\/www.fiscalia.gov.co\/colombia\/wp-content\/uploads\/Alias-Memin-300x215.jpg\" \/>\n<meta name=\"author\" content=\"Katherine Loaiza Mart\u00ednez\" \/>\n<meta name=\"twitter:card\" content=\"summary_large_image\" \/>\n<meta name=\"twitter:creator\" content=\"@FiscaliaCol\" \/>\n<meta name=\"twitter:site\" content=\"@FiscaliaCol\" \/>\n<meta name=\"twitter:label1\" content=\"Escrito por\" \/>\n\t<meta name=\"twitter:data1\" content=\"Katherine Loaiza Mart\u00ednez\" \/>\n\t<meta name=\"twitter:label2\" content=\"Tiempo de lectura\" \/>\n\t<meta name=\"twitter:data2\" content=\"4 minutos\" \/>\n<script type=\"application\/ld+json\" class=\"yoast-schema-graph\">{\"@context\":\"https:\/\/schema.org\",\"@graph\":[{\"@type\":\"Article\",\"@id\":\"https:\/\/www.fiscalia.gov.co\/colombia\/noticias\/alias-memin-maximo-cabecilla-de-los-grupos-paramilitares-en-el-noroccidente-antioqueno-acepta-167-hechos-criminales-ante-la-fiscalia\/#article\",\"isPartOf\":{\"@id\":\"https:\/\/www.fiscalia.gov.co\/colombia\/noticias\/alias-memin-maximo-cabecilla-de-los-grupos-paramilitares-en-el-noroccidente-antioqueno-acepta-167-hechos-criminales-ante-la-fiscalia\/\"},\"author\":{\"name\":\"Katherine Loaiza Mart\u00ednez\",\"@id\":\"https:\/\/www.fiscalia.gov.co\/colombia\/#\/schema\/person\/2e76b9aba5ecf875ed565ce4de0e0415\"},\"headline\":\"Alias Mem\u00edn, m\u00e1ximo cabecilla de los grupos paramilitares en el Noroccidente Antioque\u00f1o, acepta 167 hechos criminales ante la Fiscal\u00eda\",\"datePublished\":\"2022-08-01T13:16:19+00:00\",\"dateModified\":\"2022-08-08T15:32:19+00:00\",\"mainEntityOfPage\":{\"@id\":\"https:\/\/www.fiscalia.gov.co\/colombia\/noticias\/alias-memin-maximo-cabecilla-de-los-grupos-paramilitares-en-el-noroccidente-antioqueno-acepta-167-hechos-criminales-ante-la-fiscalia\/\"},\"wordCount\":738,\"publisher\":{\"@id\":\"https:\/\/www.fiscalia.gov.co\/colombia\/#organization\"},\"image\":{\"@id\":\"https:\/\/www.fiscalia.gov.co\/colombia\/noticias\/alias-memin-maximo-cabecilla-de-los-grupos-paramilitares-en-el-noroccidente-antioqueno-acepta-167-hechos-criminales-ante-la-fiscalia\/#primaryimage\"},\"thumbnailUrl\":\"https:\/\/www.fiscalia.gov.co\/colombia\/wp-content\/uploads\/Alias-Memin-300x215.jpg\",\"keywords\":[\"Fiscal Francisco Barbosa Delgado\",\"Fiscal General Francisco Barbosa Delgado\"],\"articleSection\":[\"Derechos Humanos\",\"Noticias\"],\"inLanguage\":\"es-CO\"},{\"@type\":\"WebPage\",\"@id\":\"https:\/\/www.fiscalia.gov.co\/colombia\/noticias\/alias-memin-maximo-cabecilla-de-los-grupos-paramilitares-en-el-noroccidente-antioqueno-acepta-167-hechos-criminales-ante-la-fiscalia\/\",\"url\":\"https:\/\/www.fiscalia.gov.co\/colombia\/noticias\/alias-memin-maximo-cabecilla-de-los-grupos-paramilitares-en-el-noroccidente-antioqueno-acepta-167-hechos-criminales-ante-la-fiscalia\/\",\"name\":\"Fiscal\u00eda General de la Naci\u00f3n\",\"isPartOf\":{\"@id\":\"https:\/\/www.fiscalia.gov.co\/colombia\/#website\"},\"primaryImageOfPage\":{\"@id\":\"https:\/\/www.fiscalia.gov.co\/colombia\/noticias\/alias-memin-maximo-cabecilla-de-los-grupos-paramilitares-en-el-noroccidente-antioqueno-acepta-167-hechos-criminales-ante-la-fiscalia\/#primaryimage\"},\"image\":{\"@id\":\"https:\/\/www.fiscalia.gov.co\/colombia\/noticias\/alias-memin-maximo-cabecilla-de-los-grupos-paramilitares-en-el-noroccidente-antioqueno-acepta-167-hechos-criminales-ante-la-fiscalia\/#primaryimage\"},\"thumbnailUrl\":\"https:\/\/www.fiscalia.gov.co\/colombia\/wp-content\/uploads\/Alias-Memin-300x215.jpg\",\"datePublished\":\"2022-08-01T13:16:19+00:00\",\"dateModified\":\"2022-08-08T15:32:19+00:00\",\"description\":\"P\u00e1gina oficial de la Fiscal\u00eda General de la Naci\u00f3n \u2013 Colombia. Garantizamos el acceso efectivo a la justicia, la verdad y la reparaci\u00f3n de las v\u00edctimas de los delitos.\",\"breadcrumb\":{\"@id\":\"https:\/\/www.fiscalia.gov.co\/colombia\/noticias\/alias-memin-maximo-cabecilla-de-los-grupos-paramilitares-en-el-noroccidente-antioqueno-acepta-167-hechos-criminales-ante-la-fiscalia\/#breadcrumb\"},\"inLanguage\":\"es-CO\",\"potentialAction\":[{\"@type\":\"ReadAction\",\"target\":[\"https:\/\/www.fiscalia.gov.co\/colombia\/noticias\/alias-memin-maximo-cabecilla-de-los-grupos-paramilitares-en-el-noroccidente-antioqueno-acepta-167-hechos-criminales-ante-la-fiscalia\/\"]}]},{\"@type\":\"ImageObject\",\"inLanguage\":\"es-CO\",\"@id\":\"https:\/\/www.fiscalia.gov.co\/colombia\/noticias\/alias-memin-maximo-cabecilla-de-los-grupos-paramilitares-en-el-noroccidente-antioqueno-acepta-167-hechos-criminales-ante-la-fiscalia\/#primaryimage\",\"url\":\"https:\/\/www.fiscalia.gov.co\/colombia\/wp-content\/uploads\/Alias-Memin.jpg\",\"contentUrl\":\"https:\/\/www.fiscalia.gov.co\/colombia\/wp-content\/uploads\/Alias-Memin.jpg\",\"width\":1280,\"height\":918},{\"@type\":\"BreadcrumbList\",\"@id\":\"https:\/\/www.fiscalia.gov.co\/colombia\/noticias\/alias-memin-maximo-cabecilla-de-los-grupos-paramilitares-en-el-noroccidente-antioqueno-acepta-167-hechos-criminales-ante-la-fiscalia\/#breadcrumb\",\"itemListElement\":[{\"@type\":\"ListItem\",\"position\":1,\"name\":\"Home\",\"item\":\"https:\/\/www.fiscalia.gov.co\/colombia\/\"},{\"@type\":\"ListItem\",\"position\":2,\"name\":\"Alias Mem\u00edn, m\u00e1ximo cabecilla de los grupos paramilitares en el Noroccidente Antioque\u00f1o, acepta 167 hechos criminales ante la Fiscal\u00eda\"}]},{\"@type\":\"WebSite\",\"@id\":\"https:\/\/www.fiscalia.gov.co\/colombia\/#website\",\"url\":\"https:\/\/www.fiscalia.gov.co\/colombia\/\",\"name\":\"Fiscal\u00eda General de la Naci\u00f3n\",\"description\":\"P\u00e1gina oficial de la Fiscal\u00eda General de la Naci\u00f3n \u2013 Colombia. Garantizamos el acceso efectivo a la justicia, la verdad y la reparaci\u00f3n de las v\u00edctimas de los delitos.\",\"publisher\":{\"@id\":\"https:\/\/www.fiscalia.gov.co\/colombia\/#organization\"},\"potentialAction\":[{\"@type\":\"SearchAction\",\"target\":{\"@type\":\"EntryPoint\",\"urlTemplate\":\"https:\/\/www.fiscalia.gov.co\/colombia\/?s={search_term_string}\"},\"query-input\":{\"@type\":\"PropertyValueSpecification\",\"valueRequired\":true,\"valueName\":\"search_term_string\"}}],\"inLanguage\":\"es-CO\"},{\"@type\":\"Organization\",\"@id\":\"https:\/\/www.fiscalia.gov.co\/colombia\/#organization\",\"name\":\"Fiscal\u00eda General de la Naci\u00f3n\",\"url\":\"https:\/\/www.fiscalia.gov.co\/colombia\/\",\"logo\":{\"@type\":\"ImageObject\",\"inLanguage\":\"es-CO\",\"@id\":\"https:\/\/www.fiscalia.gov.co\/colombia\/#\/schema\/logo\/image\/\",\"url\":\"https:\/\/www.fiscalia.gov.co\/colombia\/wp-content\/uploads\/LogoHorizontal_1.jpg\",\"contentUrl\":\"https:\/\/www.fiscalia.gov.co\/colombia\/wp-content\/uploads\/LogoHorizontal_1.jpg\",\"width\":300,\"height\":90,\"caption\":\"Fiscal\u00eda General de la Naci\u00f3n\"},\"image\":{\"@id\":\"https:\/\/www.fiscalia.gov.co\/colombia\/#\/schema\/logo\/image\/\"},\"sameAs\":[\"https:\/\/www.facebook.com\/FiscaliaCol\",\"https:\/\/x.com\/FiscaliaCol\",\"https:\/\/www.instagram.com\/fiscaliacol\",\"https:\/\/www.linkedin.com\/company\/fiscalia-general-de-la-naci-n\/\",\"https:\/\/youtube.com\/@fiscaliageneraldelanacion-4668?si=6nN79nyQICPU5iTh\"]},{\"@type\":\"Person\",\"@id\":\"https:\/\/www.fiscalia.gov.co\/colombia\/#\/schema\/person\/2e76b9aba5ecf875ed565ce4de0e0415\",\"name\":\"Katherine Loaiza Mart\u00ednez\",\"image\":{\"@type\":\"ImageObject\",\"inLanguage\":\"es-CO\",\"@id\":\"https:\/\/www.fiscalia.gov.co\/colombia\/#\/schema\/person\/image\/\",\"url\":\"https:\/\/secure.gravatar.com\/avatar\/ab775a2f394c1b83b6d6f78680e57b50?s=96&d=mm&r=g\",\"contentUrl\":\"https:\/\/secure.gravatar.com\/avatar\/ab775a2f394c1b83b6d6f78680e57b50?s=96&d=mm&r=g\",\"caption\":\"Katherine Loaiza Mart\u00ednez\"},\"url\":\"https:\/\/www.fiscalia.gov.co\/colombia\/author\/kloaiza\/\"}]}<\/script>\n<!-- \/ Yoast SEO plugin. -->","yoast_head_json":{"title":"Fiscal\u00eda General de la Naci\u00f3n","description":"P\u00e1gina oficial de la Fiscal\u00eda General de la Naci\u00f3n \u2013 Colombia. Garantizamos el acceso efectivo a la justicia, la verdad y la reparaci\u00f3n de las v\u00edctimas de los delitos.","robots":{"index":"noindex","follow":"follow"},"og_locale":"es_ES","og_type":"article","og_title":"Fiscal\u00eda General de la Naci\u00f3n","og_description":"P\u00e1gina oficial de la Fiscal\u00eda General de la Naci\u00f3n \u2013 Colombia. Garantizamos el acceso efectivo a la justicia, la verdad y la reparaci\u00f3n de las v\u00edctimas de los delitos.","og_url":"https:\/\/www.fiscalia.gov.co\/colombia\/noticias\/alias-memin-maximo-cabecilla-de-los-grupos-paramilitares-en-el-noroccidente-antioqueno-acepta-167-hechos-criminales-ante-la-fiscalia\/","og_site_name":"Fiscal\u00eda General de la Naci\u00f3n","article_publisher":"https:\/\/www.facebook.com\/FiscaliaCol","article_published_time":"2022-08-01T13:16:19+00:00","article_modified_time":"2022-08-08T15:32:19+00:00","og_image":[{"url":"https:\/\/www.fiscalia.gov.co\/colombia\/wp-content\/uploads\/Alias-Memin-300x215.jpg","type":"","width":"","height":""}],"author":"Katherine Loaiza Mart\u00ednez","twitter_card":"summary_large_image","twitter_creator":"@FiscaliaCol","twitter_site":"@FiscaliaCol","twitter_misc":{"Escrito por":"Katherine Loaiza Mart\u00ednez","Tiempo de lectura":"4 minutos"},"schema":{"@context":"https:\/\/schema.org","@graph":[{"@type":"Article","@id":"https:\/\/www.fiscalia.gov.co\/colombia\/noticias\/alias-memin-maximo-cabecilla-de-los-grupos-paramilitares-en-el-noroccidente-antioqueno-acepta-167-hechos-criminales-ante-la-fiscalia\/#article","isPartOf":{"@id":"https:\/\/www.fiscalia.gov.co\/colombia\/noticias\/alias-memin-maximo-cabecilla-de-los-grupos-paramilitares-en-el-noroccidente-antioqueno-acepta-167-hechos-criminales-ante-la-fiscalia\/"},"author":{"name":"Katherine Loaiza Mart\u00ednez","@id":"https:\/\/www.fiscalia.gov.co\/colombia\/#\/schema\/person\/2e76b9aba5ecf875ed565ce4de0e0415"},"headline":"Alias Mem\u00edn, m\u00e1ximo cabecilla de los grupos paramilitares en el Noroccidente Antioque\u00f1o, acepta 167 hechos criminales ante la Fiscal\u00eda","datePublished":"2022-08-01T13:16:19+00:00","dateModified":"2022-08-08T15:32:19+00:00","mainEntityOfPage":{"@id":"https:\/\/www.fiscalia.gov.co\/colombia\/noticias\/alias-memin-maximo-cabecilla-de-los-grupos-paramilitares-en-el-noroccidente-antioqueno-acepta-167-hechos-criminales-ante-la-fiscalia\/"},"wordCount":738,"publisher":{"@id":"https:\/\/www.fiscalia.gov.co\/colombia\/#organization"},"image":{"@id":"https:\/\/www.fiscalia.gov.co\/colombia\/noticias\/alias-memin-maximo-cabecilla-de-los-grupos-paramilitares-en-el-noroccidente-antioqueno-acepta-167-hechos-criminales-ante-la-fiscalia\/#primaryimage"},"thumbnailUrl":"https:\/\/www.fiscalia.gov.co\/colombia\/wp-content\/uploads\/Alias-Memin-300x215.jpg","keywords":["Fiscal Francisco Barbosa Delgado","Fiscal General Francisco Barbosa Delgado"],"articleSection":["Derechos Humanos","Noticias"],"inLanguage":"es-CO"},{"@type":"WebPage","@id":"https:\/\/www.fiscalia.gov.co\/colombia\/noticias\/alias-memin-maximo-cabecilla-de-los-grupos-paramilitares-en-el-noroccidente-antioqueno-acepta-167-hechos-criminales-ante-la-fiscalia\/","url":"https:\/\/www.fiscalia.gov.co\/colombia\/noticias\/alias-memin-maximo-cabecilla-de-los-grupos-paramilitares-en-el-noroccidente-antioqueno-acepta-167-hechos-criminales-ante-la-fiscalia\/","name":"Fiscal\u00eda General de la Naci\u00f3n","isPartOf":{"@id":"https:\/\/www.fiscalia.gov.co\/colombia\/#website"},"primaryImageOfPage":{"@id":"https:\/\/www.fiscalia.gov.co\/colombia\/noticias\/alias-memin-maximo-cabecilla-de-los-grupos-paramilitares-en-el-noroccidente-antioqueno-acepta-167-hechos-criminales-ante-la-fiscalia\/#primaryimage"},"image":{"@id":"https:\/\/www.fiscalia.gov.co\/colombia\/noticias\/alias-memin-maximo-cabecilla-de-los-grupos-paramilitares-en-el-noroccidente-antioqueno-acepta-167-hechos-criminales-ante-la-fiscalia\/#primaryimage"},"thumbnailUrl":"https:\/\/www.fiscalia.gov.co\/colombia\/wp-content\/uploads\/Alias-Memin-300x215.jpg","datePublished":"2022-08-01T13:16:19+00:00","dateModified":"2022-08-08T15:32:19+00:00","description":"P\u00e1gina oficial de la Fiscal\u00eda General de la Naci\u00f3n \u2013 Colombia. Garantizamos el acceso efectivo a la justicia, la verdad y la reparaci\u00f3n de las v\u00edctimas de los delitos.","breadcrumb":{"@id":"https:\/\/www.fiscalia.gov.co\/colombia\/noticias\/alias-memin-maximo-cabecilla-de-los-grupos-paramilitares-en-el-noroccidente-antioqueno-acepta-167-hechos-criminales-ante-la-fiscalia\/#breadcrumb"},"inLanguage":"es-CO","potentialAction":[{"@type":"ReadAction","target":["https:\/\/www.fiscalia.gov.co\/colombia\/noticias\/alias-memin-maximo-cabecilla-de-los-grupos-paramilitares-en-el-noroccidente-antioqueno-acepta-167-hechos-criminales-ante-la-fiscalia\/"]}]},{"@type":"ImageObject","inLanguage":"es-CO","@id":"https:\/\/www.fiscalia.gov.co\/colombia\/noticias\/alias-memin-maximo-cabecilla-de-los-grupos-paramilitares-en-el-noroccidente-antioqueno-acepta-167-hechos-criminales-ante-la-fiscalia\/#primaryimage","url":"https:\/\/www.fiscalia.gov.co\/colombia\/wp-content\/uploads\/Alias-Memin.jpg","contentUrl":"https:\/\/www.fiscalia.gov.co\/colombia\/wp-content\/uploads\/Alias-Memin.jpg","width":1280,"height":918},{"@type":"BreadcrumbList","@id":"https:\/\/www.fiscalia.gov.co\/colombia\/noticias\/alias-memin-maximo-cabecilla-de-los-grupos-paramilitares-en-el-noroccidente-antioqueno-acepta-167-hechos-criminales-ante-la-fiscalia\/#breadcrumb","itemListElement":[{"@type":"ListItem","position":1,"name":"Home","item":"https:\/\/www.fiscalia.gov.co\/colombia\/"},{"@type":"ListItem","position":2,"name":"Alias Mem\u00edn, m\u00e1ximo cabecilla de los grupos paramilitares en el Noroccidente Antioque\u00f1o, acepta 167 hechos criminales ante la Fiscal\u00eda"}]},{"@type":"WebSite","@id":"https:\/\/www.fiscalia.gov.co\/colombia\/#website","url":"https:\/\/www.fiscalia.gov.co\/colombia\/","name":"Fiscal\u00eda General de la Naci\u00f3n","description":"P\u00e1gina oficial de la Fiscal\u00eda General de la Naci\u00f3n \u2013 Colombia. Garantizamos el acceso efectivo a la justicia, la verdad y la reparaci\u00f3n de las v\u00edctimas de los delitos.","publisher":{"@id":"https:\/\/www.fiscalia.gov.co\/colombia\/#organization"},"potentialAction":[{"@type":"SearchAction","target":{"@type":"EntryPoint","urlTemplate":"https:\/\/www.fiscalia.gov.co\/colombia\/?s={search_term_string}"},"query-input":{"@type":"PropertyValueSpecification","valueRequired":true,"valueName":"search_term_string"}}],"inLanguage":"es-CO"},{"@type":"Organization","@id":"https:\/\/www.fiscalia.gov.co\/colombia\/#organization","name":"Fiscal\u00eda General de la Naci\u00f3n","url":"https:\/\/www.fiscalia.gov.co\/colombia\/","logo":{"@type":"ImageObject","inLanguage":"es-CO","@id":"https:\/\/www.fiscalia.gov.co\/colombia\/#\/schema\/logo\/image\/","url":"https:\/\/www.fiscalia.gov.co\/colombia\/wp-content\/uploads\/LogoHorizontal_1.jpg","contentUrl":"https:\/\/www.fiscalia.gov.co\/colombia\/wp-content\/uploads\/LogoHorizontal_1.jpg","width":300,"height":90,"caption":"Fiscal\u00eda General de la Naci\u00f3n"},"image":{"@id":"https:\/\/www.fiscalia.gov.co\/colombia\/#\/schema\/logo\/image\/"},"sameAs":["https:\/\/www.facebook.com\/FiscaliaCol","https:\/\/x.com\/FiscaliaCol","https:\/\/www.instagram.com\/fiscaliacol","https:\/\/www.linkedin.com\/company\/fiscalia-general-de-la-naci-n\/","https:\/\/youtube.com\/@fiscaliageneraldelanacion-4668?si=6nN79nyQICPU5iTh"]},{"@type":"Person","@id":"https:\/\/www.fiscalia.gov.co\/colombia\/#\/schema\/person\/2e76b9aba5ecf875ed565ce4de0e0415","name":"Katherine Loaiza Mart\u00ednez","image":{"@type":"ImageObject","inLanguage":"es-CO","@id":"https:\/\/www.fiscalia.gov.co\/colombia\/#\/schema\/person\/image\/","url":"https:\/\/secure.gravatar.com\/avatar\/ab775a2f394c1b83b6d6f78680e57b50?s=96&d=mm&r=g","contentUrl":"https:\/\/secure.gravatar.com\/avatar\/ab775a2f394c1b83b6d6f78680e57b50?s=96&d=mm&r=g","caption":"Katherine Loaiza Mart\u00ednez"},"url":"https:\/\/www.fiscalia.gov.co\/colombia\/author\/kloaiza\/"}]}},"_links":{"self":[{"href":"https:\/\/www.fiscalia.gov.co\/colombia\/wp-json\/wp\/v2\/posts\/253893","targetHints":{"allow":["GET"]}}],"collection":[{"href":"https:\/\/www.fiscalia.gov.co\/colombia\/wp-json\/wp\/v2\/posts"}],"about":[{"href":"https:\/\/www.fiscalia.gov.co\/colombia\/wp-json\/wp\/v2\/types\/post"}],"author":[{"embeddable":true,"href":"https:\/\/www.fiscalia.gov.co\/colombia\/wp-json\/wp\/v2\/users\/175"}],"replies":[{"embeddable":true,"href":"https:\/\/www.fiscalia.gov.co\/colombia\/wp-json\/wp\/v2\/comments?post=253893"}],"version-history":[{"count":3,"href":"https:\/\/www.fiscalia.gov.co\/colombia\/wp-json\/wp\/v2\/posts\/253893\/revisions"}],"predecessor-version":[{"id":254430,"href":"https:\/\/www.fiscalia.gov.co\/colombia\/wp-json\/wp\/v2\/posts\/253893\/revisions\/254430"}],"wp:attachment":[{"href":"https:\/\/www.fiscalia.gov.co\/colombia\/wp-json\/wp\/v2\/media?parent=253893"}],"wp:term":[{"taxonomy":"category","embeddable":true,"href":"https:\/\/www.fiscalia.gov.co\/colombia\/wp-json\/wp\/v2\/categories?post=253893"},{"taxonomy":"post_tag","embeddable":true,"href":"https:\/\/www.fiscalia.gov.co\/colombia\/wp-json\/wp\/v2\/tags?post=253893"}],"curies":[{"name":"wp","href":"https:\/\/api.w.org\/{rel}","templated":true}]}}