{"id":253666,"date":"2022-07-28T11:37:35","date_gmt":"2022-07-28T16:37:35","guid":{"rendered":"https:\/\/www.fiscalia.gov.co\/colombia\/?p=253666"},"modified":"2022-07-28T11:37:35","modified_gmt":"2022-07-28T16:37:35","slug":"impactados-los-brothers-senalados-de-la-venta-al-menudeo-de-estupefacientes-en-ibague","status":"publish","type":"post","link":"https:\/\/www.fiscalia.gov.co\/colombia\/noticias\/impactados-los-brothers-senalados-de-la-venta-al-menudeo-de-estupefacientes-en-ibague\/","title":{"rendered":"Impactados \u2018Los Brothers\u2019 se\u00f1alados de la venta al menudeo de estupefacientes en Ibagu\u00e9"},"content":{"rendered":"<div dir=\"ltr\">\n<div id=\"m_-9017663507564337924x_divtagdefaultwrapper\" dir=\"ltr\">\n<p>Bajo la coordinaci\u00f3n de un despacho especializado de la Unidad Antinarc\u00f3ticos de la Fiscal\u00eda Seccional Tolima, la Polic\u00eda Nacional captur\u00f3 el 26 de julio de 2022, a ocho personas se\u00f1aladas de delinquir al servicio de una organizaci\u00f3n delincuencial dedicada al narcomenudeo en los barrios Centro y La Estaci\u00f3n a los alrededores del Parque Andr\u00e9s L\u00f3pez Galarza de Ibagu\u00e9.<\/p>\n<figure id=\"attachment_253667\" aria-describedby=\"caption-attachment-253667\" style=\"width: 696px\" class=\"wp-caption aligncenter\"><img loading=\"lazy\" decoding=\"async\" class=\"size-large wp-image-253667\" src=\"https:\/\/www.fiscalia.gov.co\/colombia\/wp-content\/uploads\/Fiscal-Barbosa-los-brothers-asegurados-por-concierto-estupefacientes-en-parque-galarza-ibague-1024x576.jpeg\" alt=\"\" width=\"696\" height=\"392\" srcset=\"https:\/\/www.fiscalia.gov.co\/colombia\/wp-content\/uploads\/Fiscal-Barbosa-los-brothers-asegurados-por-concierto-estupefacientes-en-parque-galarza-ibague-1024x576.jpeg 1024w, https:\/\/www.fiscalia.gov.co\/colombia\/wp-content\/uploads\/Fiscal-Barbosa-los-brothers-asegurados-por-concierto-estupefacientes-en-parque-galarza-ibague-300x169.jpeg 300w, https:\/\/www.fiscalia.gov.co\/colombia\/wp-content\/uploads\/Fiscal-Barbosa-los-brothers-asegurados-por-concierto-estupefacientes-en-parque-galarza-ibague-768x432.jpeg 768w, https:\/\/www.fiscalia.gov.co\/colombia\/wp-content\/uploads\/Fiscal-Barbosa-los-brothers-asegurados-por-concierto-estupefacientes-en-parque-galarza-ibague-696x392.jpeg 696w, https:\/\/www.fiscalia.gov.co\/colombia\/wp-content\/uploads\/Fiscal-Barbosa-los-brothers-asegurados-por-concierto-estupefacientes-en-parque-galarza-ibague-1068x601.jpeg 1068w, https:\/\/www.fiscalia.gov.co\/colombia\/wp-content\/uploads\/Fiscal-Barbosa-los-brothers-asegurados-por-concierto-estupefacientes-en-parque-galarza-ibague-747x420.jpeg 747w, https:\/\/www.fiscalia.gov.co\/colombia\/wp-content\/uploads\/Fiscal-Barbosa-los-brothers-asegurados-por-concierto-estupefacientes-en-parque-galarza-ibague.jpeg 1280w\" sizes=\"auto, (max-width: 696px) 100vw, 696px\" \/><figcaption id=\"caption-attachment-253667\" class=\"wp-caption-text\">Los Brothers son investigados por la Fiscal\u00eda por concertarse para el tr\u00e1fico de sustancias il\u00edcitas al menudeo en el barrio Centro y La Estaci\u00f3n de Ibagu\u00e9.<\/figcaption><\/figure>\n<p>Las capturas se llevaron a cabo en siete diligencias de registro y allanamiento en diferentes puntos de la capital tolimense.<\/p>\n<p>Se trata de un grupo, al parecer, de delincuencia organizada que cumple diferentes roles, en su mayor\u00eda de expendedores, del cual fueron detenidas las siguientes personas:<\/p>\n<ul type=\"disc\">\n<li>Leidy Paola R\u00edos Cale\u00f1o<\/li>\n<li>V\u00edctor Alfonso Galvis<\/li>\n<li>July Alexandra Pach\u00f3n Camacho<\/li>\n<li>Edwin Fernando Ospina Hern\u00e1ndez<\/li>\n<li>Nivia Luna<\/li>\n<li>Andr\u00e9s Felipe P\u00e9rez Santana<\/li>\n<li>Magaly Ensue\u00f1o Su\u00e1rez<\/li>\n<li>Mar\u00eda del Socorro Cudriz<\/li>\n<\/ul>\n<p>A todos les fueron imputados los delitos de concierto para delinquir con fines de tr\u00e1fico de estupefacientes; tr\u00e1fico, fabricaci\u00f3n o porte de estupefacientes agravado y porte de armas de fuego, de acuerdo a sus responsabilidades individuales, que ninguno acept\u00f3 haber cometido.<\/p>\n<p>Las sustancias que comercializaban era la marihuana y base de coca al menudeo.<\/p>\n<p>Precisamente en el operativo que permiti\u00f3 su captura les incautaron 500 gramos de marihuana; cigarrillos de marihuana; frascos de ketamina y varios gramos de clorhidrato de coca\u00edna.<\/p>\n<p>As\u00ed mismo, cartuchos calibre 38; una m\u00e1quina para fabricar cigarrillos de marihuana; rollos de papel para la envoltura de cigarrillos; raspadoras de marihuana, 80 bolsas pl\u00e1sticas transparentes con sello herm\u00e9tico, y un mill\u00f3n y medio de pesos en efectivo, producto, presuntamente, de la venta del estupefaciente.<\/p>\n<p>Todos fueron afectados con medida intramuros debido a la gravedad y modalidad de las conductas cometidas.<\/p>\n<p><strong>La Fiscal\u00eda habla con resultados.\u00a0<\/strong><\/p>\n<\/div>\n<\/div>\n<p>&nbsp;<\/p>\n<p>&nbsp;<\/p>\n<p>&nbsp;<\/p>\n<div dir=\"ltr\">\n<div id=\"m_-9017663507564337924x_divtagdefaultwrapper\" dir=\"ltr\">\n<p>PAAM\/FAGH\/JDO\/DST<\/p>\n<p>&nbsp;<\/p>\n<p>&nbsp;<\/p>\n<p>&nbsp;<\/p>\n<p><em>La informaci\u00f3n contenida en este bolet\u00edn de prensa corresponde a la narraci\u00f3n de los hechos noticiosos objetivos, y las investigaciones penales al interior de la Fiscal\u00eda General de la Naci\u00f3n. Para el momento de la divulgaci\u00f3n de este comunicado, la situaci\u00f3n jur\u00eddica de la(s) persona(s) relacionada(s) se encuentra pendiente de resolver por la autoridad judicial competente, siempre bajo los preceptos de la presunci\u00f3n de inocencia, consagrados en el art\u00edculo 29 de la Constituci\u00f3n Pol\u00edtica y el art\u00edculo 7\u00ba de la Ley 906 de 2004.<\/em><\/p>\n<\/div>\n<\/div>\n\n<div class=\"twitter-share\"><a href=\"https:\/\/twitter.com\/intent\/tweet?via=fiscaliacol\" class=\"twitter-share-button\">Tweet<\/a><\/div>\n","protected":false},"excerpt":{"rendered":"<p>Bajo la coordinaci\u00f3n de un despacho especializado de la Unidad Antinarc\u00f3ticos de la Fiscal\u00eda Seccional Tolima, la Polic\u00eda Nacional captur\u00f3 el 26 de julio de 2022, a ocho personas se\u00f1aladas de delinquir al servicio de una organizaci\u00f3n delincuencial dedicada al narcomenudeo en los barrios Centro y La Estaci\u00f3n a los alrededores del Parque Andr\u00e9s L\u00f3pez [&hellip;]<\/p>\n","protected":false},"author":177,"featured_media":0,"comment_status":"closed","ping_status":"open","sticky":false,"template":"","format":"standard","meta":{"_price":"","_stock":"","_tribe_ticket_header":"","_tribe_default_ticket_provider":"","_tribe_ticket_capacity":"0","_ticket_start_date":"","_ticket_end_date":"","_tribe_ticket_show_description":"","_tribe_ticket_show_not_going":false,"_tribe_ticket_use_global_stock":"","_tribe_ticket_global_stock_level":"","_global_stock_mode":"","_global_stock_cap":"","_tribe_rsvp_for_event":"","_tribe_ticket_going_count":"","_tribe_ticket_not_going_count":"","_tribe_tickets_list":"[]","_tribe_ticket_has_attendee_info_fields":false,"tdm_status":"","tdm_grid_status":"","footnotes":""},"categories":[1,329,303,24103],"tags":[32443,26273,83,1047,23838,23990,32442,558,30239,12189,155,5549],"class_list":{"0":"post-253666","1":"post","2":"type-post","3":"status-publish","4":"format-standard","6":"category-noticias","7":"category-seccional-ibague","8":"category-seccionales","9":"category-trafico-de-estupefacientes","10":"tag-barrio-la-estacion","11":"tag-centro","12":"tag-concierto-para-delinquir","13":"tag-fiscalia-general-de-la-nacion","14":"tag-ibague","15":"tag-ibague-tolima","16":"tag-parque-andres-lopez-galarza","17":"tag-policia-nacional","18":"tag-seguridad-territorial","19":"tag-tolima","20":"tag-trafico-de-estupefacientes","21":"tag-unidad-antinarcoticos"},"yoast_head":"<!-- This site is optimized with the Yoast SEO plugin v24.3 - https:\/\/yoast.com\/wordpress\/plugins\/seo\/ -->\n<title>Fiscal\u00eda General de la Naci\u00f3n<\/title>\n<meta name=\"description\" content=\"P\u00e1gina oficial de la Fiscal\u00eda General de la Naci\u00f3n \u2013 Colombia. Garantizamos el acceso efectivo a la justicia, la verdad y la reparaci\u00f3n de las v\u00edctimas de los delitos.\" \/>\n<meta name=\"robots\" content=\"noindex, follow\" \/>\n<meta property=\"og:locale\" content=\"es_ES\" \/>\n<meta property=\"og:type\" content=\"article\" \/>\n<meta property=\"og:title\" content=\"Fiscal\u00eda General de la Naci\u00f3n\" \/>\n<meta property=\"og:description\" content=\"P\u00e1gina oficial de la Fiscal\u00eda General de la Naci\u00f3n \u2013 Colombia. Garantizamos el acceso efectivo a la justicia, la verdad y la reparaci\u00f3n de las v\u00edctimas de los delitos.\" \/>\n<meta property=\"og:url\" content=\"https:\/\/www.fiscalia.gov.co\/colombia\/noticias\/impactados-los-brothers-senalados-de-la-venta-al-menudeo-de-estupefacientes-en-ibague\/\" \/>\n<meta property=\"og:site_name\" content=\"Fiscal\u00eda General de la Naci\u00f3n\" \/>\n<meta property=\"article:publisher\" content=\"https:\/\/www.facebook.com\/FiscaliaCol\" \/>\n<meta property=\"article:published_time\" content=\"2022-07-28T16:37:35+00:00\" \/>\n<meta property=\"og:image\" content=\"https:\/\/www.fiscalia.gov.co\/colombia\/wp-content\/uploads\/Fiscal-Barbosa-los-brothers-asegurados-por-concierto-estupefacientes-en-parque-galarza-ibague-1024x576.jpeg\" \/>\n<meta name=\"author\" content=\"Jordan Leandro Oviedo Anzola\" \/>\n<meta name=\"twitter:card\" content=\"summary_large_image\" \/>\n<meta name=\"twitter:creator\" content=\"@FiscaliaCol\" \/>\n<meta name=\"twitter:site\" content=\"@FiscaliaCol\" \/>\n<meta name=\"twitter:label1\" content=\"Escrito por\" \/>\n\t<meta name=\"twitter:data1\" content=\"Jordan Leandro Oviedo Anzola\" \/>\n\t<meta name=\"twitter:label2\" content=\"Tiempo de lectura\" \/>\n\t<meta name=\"twitter:data2\" content=\"2 minutos\" \/>\n<script type=\"application\/ld+json\" class=\"yoast-schema-graph\">{\"@context\":\"https:\/\/schema.org\",\"@graph\":[{\"@type\":\"Article\",\"@id\":\"https:\/\/www.fiscalia.gov.co\/colombia\/noticias\/impactados-los-brothers-senalados-de-la-venta-al-menudeo-de-estupefacientes-en-ibague\/#article\",\"isPartOf\":{\"@id\":\"https:\/\/www.fiscalia.gov.co\/colombia\/noticias\/impactados-los-brothers-senalados-de-la-venta-al-menudeo-de-estupefacientes-en-ibague\/\"},\"author\":{\"name\":\"Jordan Leandro Oviedo Anzola\",\"@id\":\"https:\/\/www.fiscalia.gov.co\/colombia\/#\/schema\/person\/bf84402cf293a5393e9c70b111020b24\"},\"headline\":\"Impactados \u2018Los Brothers\u2019 se\u00f1alados de la venta al menudeo de estupefacientes en Ibagu\u00e9\",\"datePublished\":\"2022-07-28T16:37:35+00:00\",\"dateModified\":\"2022-07-28T16:37:35+00:00\",\"mainEntityOfPage\":{\"@id\":\"https:\/\/www.fiscalia.gov.co\/colombia\/noticias\/impactados-los-brothers-senalados-de-la-venta-al-menudeo-de-estupefacientes-en-ibague\/\"},\"wordCount\":461,\"publisher\":{\"@id\":\"https:\/\/www.fiscalia.gov.co\/colombia\/#organization\"},\"image\":{\"@id\":\"https:\/\/www.fiscalia.gov.co\/colombia\/noticias\/impactados-los-brothers-senalados-de-la-venta-al-menudeo-de-estupefacientes-en-ibague\/#primaryimage\"},\"thumbnailUrl\":\"https:\/\/www.fiscalia.gov.co\/colombia\/wp-content\/uploads\/Fiscal-Barbosa-los-brothers-asegurados-por-concierto-estupefacientes-en-parque-galarza-ibague-1024x576.jpeg\",\"keywords\":[\"barrio La Estaci\u00f3n\",\"centro\",\"Concierto para delinquir\",\"Fiscal\u00eda General de la Naci\u00f3n\",\"Ibagu\u00e9\",\"Ibagu\u00e9 (Tolima)\",\"parque Andr\u00e9s L\u00f3pez Galarza\",\"Polic\u00eda Nacional\",\"Seguridad territorial\",\"Tolima\",\"Tr\u00e1fico de estupefacientes\",\"Unidad Antinarc\u00f3ticos\"],\"articleSection\":[\"Noticias\",\"Seccional Ibagu\u00e9\",\"Seccionales\",\"Tr\u00e1fico de estupefacientes\"],\"inLanguage\":\"es-CO\"},{\"@type\":\"WebPage\",\"@id\":\"https:\/\/www.fiscalia.gov.co\/colombia\/noticias\/impactados-los-brothers-senalados-de-la-venta-al-menudeo-de-estupefacientes-en-ibague\/\",\"url\":\"https:\/\/www.fiscalia.gov.co\/colombia\/noticias\/impactados-los-brothers-senalados-de-la-venta-al-menudeo-de-estupefacientes-en-ibague\/\",\"name\":\"Fiscal\u00eda General de la Naci\u00f3n\",\"isPartOf\":{\"@id\":\"https:\/\/www.fiscalia.gov.co\/colombia\/#website\"},\"primaryImageOfPage\":{\"@id\":\"https:\/\/www.fiscalia.gov.co\/colombia\/noticias\/impactados-los-brothers-senalados-de-la-venta-al-menudeo-de-estupefacientes-en-ibague\/#primaryimage\"},\"image\":{\"@id\":\"https:\/\/www.fiscalia.gov.co\/colombia\/noticias\/impactados-los-brothers-senalados-de-la-venta-al-menudeo-de-estupefacientes-en-ibague\/#primaryimage\"},\"thumbnailUrl\":\"https:\/\/www.fiscalia.gov.co\/colombia\/wp-content\/uploads\/Fiscal-Barbosa-los-brothers-asegurados-por-concierto-estupefacientes-en-parque-galarza-ibague-1024x576.jpeg\",\"datePublished\":\"2022-07-28T16:37:35+00:00\",\"dateModified\":\"2022-07-28T16:37:35+00:00\",\"description\":\"P\u00e1gina oficial de la Fiscal\u00eda General de la Naci\u00f3n \u2013 Colombia. Garantizamos el acceso efectivo a la justicia, la verdad y la reparaci\u00f3n de las v\u00edctimas de los delitos.\",\"breadcrumb\":{\"@id\":\"https:\/\/www.fiscalia.gov.co\/colombia\/noticias\/impactados-los-brothers-senalados-de-la-venta-al-menudeo-de-estupefacientes-en-ibague\/#breadcrumb\"},\"inLanguage\":\"es-CO\",\"potentialAction\":[{\"@type\":\"ReadAction\",\"target\":[\"https:\/\/www.fiscalia.gov.co\/colombia\/noticias\/impactados-los-brothers-senalados-de-la-venta-al-menudeo-de-estupefacientes-en-ibague\/\"]}]},{\"@type\":\"ImageObject\",\"inLanguage\":\"es-CO\",\"@id\":\"https:\/\/www.fiscalia.gov.co\/colombia\/noticias\/impactados-los-brothers-senalados-de-la-venta-al-menudeo-de-estupefacientes-en-ibague\/#primaryimage\",\"url\":\"https:\/\/www.fiscalia.gov.co\/colombia\/wp-content\/uploads\/Fiscal-Barbosa-los-brothers-asegurados-por-concierto-estupefacientes-en-parque-galarza-ibague-1024x576.jpeg\",\"contentUrl\":\"https:\/\/www.fiscalia.gov.co\/colombia\/wp-content\/uploads\/Fiscal-Barbosa-los-brothers-asegurados-por-concierto-estupefacientes-en-parque-galarza-ibague-1024x576.jpeg\"},{\"@type\":\"BreadcrumbList\",\"@id\":\"https:\/\/www.fiscalia.gov.co\/colombia\/noticias\/impactados-los-brothers-senalados-de-la-venta-al-menudeo-de-estupefacientes-en-ibague\/#breadcrumb\",\"itemListElement\":[{\"@type\":\"ListItem\",\"position\":1,\"name\":\"Home\",\"item\":\"https:\/\/www.fiscalia.gov.co\/colombia\/\"},{\"@type\":\"ListItem\",\"position\":2,\"name\":\"Impactados \u2018Los Brothers\u2019 se\u00f1alados de la venta al menudeo de estupefacientes en Ibagu\u00e9\"}]},{\"@type\":\"WebSite\",\"@id\":\"https:\/\/www.fiscalia.gov.co\/colombia\/#website\",\"url\":\"https:\/\/www.fiscalia.gov.co\/colombia\/\",\"name\":\"Fiscal\u00eda General de la Naci\u00f3n\",\"description\":\"P\u00e1gina oficial de la Fiscal\u00eda General de la Naci\u00f3n \u2013 Colombia. Garantizamos el acceso efectivo a la justicia, la verdad y la reparaci\u00f3n de las v\u00edctimas de los delitos.\",\"publisher\":{\"@id\":\"https:\/\/www.fiscalia.gov.co\/colombia\/#organization\"},\"potentialAction\":[{\"@type\":\"SearchAction\",\"target\":{\"@type\":\"EntryPoint\",\"urlTemplate\":\"https:\/\/www.fiscalia.gov.co\/colombia\/?s={search_term_string}\"},\"query-input\":{\"@type\":\"PropertyValueSpecification\",\"valueRequired\":true,\"valueName\":\"search_term_string\"}}],\"inLanguage\":\"es-CO\"},{\"@type\":\"Organization\",\"@id\":\"https:\/\/www.fiscalia.gov.co\/colombia\/#organization\",\"name\":\"Fiscal\u00eda General de la Naci\u00f3n\",\"url\":\"https:\/\/www.fiscalia.gov.co\/colombia\/\",\"logo\":{\"@type\":\"ImageObject\",\"inLanguage\":\"es-CO\",\"@id\":\"https:\/\/www.fiscalia.gov.co\/colombia\/#\/schema\/logo\/image\/\",\"url\":\"https:\/\/www.fiscalia.gov.co\/colombia\/wp-content\/uploads\/LogoHorizontal_1.jpg\",\"contentUrl\":\"https:\/\/www.fiscalia.gov.co\/colombia\/wp-content\/uploads\/LogoHorizontal_1.jpg\",\"width\":300,\"height\":90,\"caption\":\"Fiscal\u00eda General de la Naci\u00f3n\"},\"image\":{\"@id\":\"https:\/\/www.fiscalia.gov.co\/colombia\/#\/schema\/logo\/image\/\"},\"sameAs\":[\"https:\/\/www.facebook.com\/FiscaliaCol\",\"https:\/\/x.com\/FiscaliaCol\",\"https:\/\/www.instagram.com\/fiscaliacol\",\"https:\/\/www.linkedin.com\/company\/fiscalia-general-de-la-naci-n\/\",\"https:\/\/youtube.com\/@fiscaliageneraldelanacion-4668?si=6nN79nyQICPU5iTh\"]},{\"@type\":\"Person\",\"@id\":\"https:\/\/www.fiscalia.gov.co\/colombia\/#\/schema\/person\/bf84402cf293a5393e9c70b111020b24\",\"name\":\"Jordan Leandro Oviedo Anzola\",\"image\":{\"@type\":\"ImageObject\",\"inLanguage\":\"es-CO\",\"@id\":\"https:\/\/www.fiscalia.gov.co\/colombia\/#\/schema\/person\/image\/\",\"url\":\"https:\/\/secure.gravatar.com\/avatar\/dabba4346fa9b9207d96adafa8f92721?s=96&d=mm&r=g\",\"contentUrl\":\"https:\/\/secure.gravatar.com\/avatar\/dabba4346fa9b9207d96adafa8f92721?s=96&d=mm&r=g\",\"caption\":\"Jordan Leandro Oviedo Anzola\"},\"url\":\"https:\/\/www.fiscalia.gov.co\/colombia\/author\/joviedo\/\"}]}<\/script>\n<!-- \/ Yoast SEO plugin. -->","yoast_head_json":{"title":"Fiscal\u00eda General de la Naci\u00f3n","description":"P\u00e1gina oficial de la Fiscal\u00eda General de la Naci\u00f3n \u2013 Colombia. Garantizamos el acceso efectivo a la justicia, la verdad y la reparaci\u00f3n de las v\u00edctimas de los delitos.","robots":{"index":"noindex","follow":"follow"},"og_locale":"es_ES","og_type":"article","og_title":"Fiscal\u00eda General de la Naci\u00f3n","og_description":"P\u00e1gina oficial de la Fiscal\u00eda General de la Naci\u00f3n \u2013 Colombia. Garantizamos el acceso efectivo a la justicia, la verdad y la reparaci\u00f3n de las v\u00edctimas de los delitos.","og_url":"https:\/\/www.fiscalia.gov.co\/colombia\/noticias\/impactados-los-brothers-senalados-de-la-venta-al-menudeo-de-estupefacientes-en-ibague\/","og_site_name":"Fiscal\u00eda General de la Naci\u00f3n","article_publisher":"https:\/\/www.facebook.com\/FiscaliaCol","article_published_time":"2022-07-28T16:37:35+00:00","og_image":[{"url":"https:\/\/www.fiscalia.gov.co\/colombia\/wp-content\/uploads\/Fiscal-Barbosa-los-brothers-asegurados-por-concierto-estupefacientes-en-parque-galarza-ibague-1024x576.jpeg","type":"","width":"","height":""}],"author":"Jordan Leandro Oviedo Anzola","twitter_card":"summary_large_image","twitter_creator":"@FiscaliaCol","twitter_site":"@FiscaliaCol","twitter_misc":{"Escrito por":"Jordan Leandro Oviedo Anzola","Tiempo de lectura":"2 minutos"},"schema":{"@context":"https:\/\/schema.org","@graph":[{"@type":"Article","@id":"https:\/\/www.fiscalia.gov.co\/colombia\/noticias\/impactados-los-brothers-senalados-de-la-venta-al-menudeo-de-estupefacientes-en-ibague\/#article","isPartOf":{"@id":"https:\/\/www.fiscalia.gov.co\/colombia\/noticias\/impactados-los-brothers-senalados-de-la-venta-al-menudeo-de-estupefacientes-en-ibague\/"},"author":{"name":"Jordan Leandro Oviedo Anzola","@id":"https:\/\/www.fiscalia.gov.co\/colombia\/#\/schema\/person\/bf84402cf293a5393e9c70b111020b24"},"headline":"Impactados \u2018Los Brothers\u2019 se\u00f1alados de la venta al menudeo de estupefacientes en Ibagu\u00e9","datePublished":"2022-07-28T16:37:35+00:00","dateModified":"2022-07-28T16:37:35+00:00","mainEntityOfPage":{"@id":"https:\/\/www.fiscalia.gov.co\/colombia\/noticias\/impactados-los-brothers-senalados-de-la-venta-al-menudeo-de-estupefacientes-en-ibague\/"},"wordCount":461,"publisher":{"@id":"https:\/\/www.fiscalia.gov.co\/colombia\/#organization"},"image":{"@id":"https:\/\/www.fiscalia.gov.co\/colombia\/noticias\/impactados-los-brothers-senalados-de-la-venta-al-menudeo-de-estupefacientes-en-ibague\/#primaryimage"},"thumbnailUrl":"https:\/\/www.fiscalia.gov.co\/colombia\/wp-content\/uploads\/Fiscal-Barbosa-los-brothers-asegurados-por-concierto-estupefacientes-en-parque-galarza-ibague-1024x576.jpeg","keywords":["barrio La Estaci\u00f3n","centro","Concierto para delinquir","Fiscal\u00eda General de la Naci\u00f3n","Ibagu\u00e9","Ibagu\u00e9 (Tolima)","parque Andr\u00e9s L\u00f3pez Galarza","Polic\u00eda Nacional","Seguridad territorial","Tolima","Tr\u00e1fico de estupefacientes","Unidad Antinarc\u00f3ticos"],"articleSection":["Noticias","Seccional Ibagu\u00e9","Seccionales","Tr\u00e1fico de estupefacientes"],"inLanguage":"es-CO"},{"@type":"WebPage","@id":"https:\/\/www.fiscalia.gov.co\/colombia\/noticias\/impactados-los-brothers-senalados-de-la-venta-al-menudeo-de-estupefacientes-en-ibague\/","url":"https:\/\/www.fiscalia.gov.co\/colombia\/noticias\/impactados-los-brothers-senalados-de-la-venta-al-menudeo-de-estupefacientes-en-ibague\/","name":"Fiscal\u00eda General de la Naci\u00f3n","isPartOf":{"@id":"https:\/\/www.fiscalia.gov.co\/colombia\/#website"},"primaryImageOfPage":{"@id":"https:\/\/www.fiscalia.gov.co\/colombia\/noticias\/impactados-los-brothers-senalados-de-la-venta-al-menudeo-de-estupefacientes-en-ibague\/#primaryimage"},"image":{"@id":"https:\/\/www.fiscalia.gov.co\/colombia\/noticias\/impactados-los-brothers-senalados-de-la-venta-al-menudeo-de-estupefacientes-en-ibague\/#primaryimage"},"thumbnailUrl":"https:\/\/www.fiscalia.gov.co\/colombia\/wp-content\/uploads\/Fiscal-Barbosa-los-brothers-asegurados-por-concierto-estupefacientes-en-parque-galarza-ibague-1024x576.jpeg","datePublished":"2022-07-28T16:37:35+00:00","dateModified":"2022-07-28T16:37:35+00:00","description":"P\u00e1gina oficial de la Fiscal\u00eda General de la Naci\u00f3n \u2013 Colombia. Garantizamos el acceso efectivo a la justicia, la verdad y la reparaci\u00f3n de las v\u00edctimas de los delitos.","breadcrumb":{"@id":"https:\/\/www.fiscalia.gov.co\/colombia\/noticias\/impactados-los-brothers-senalados-de-la-venta-al-menudeo-de-estupefacientes-en-ibague\/#breadcrumb"},"inLanguage":"es-CO","potentialAction":[{"@type":"ReadAction","target":["https:\/\/www.fiscalia.gov.co\/colombia\/noticias\/impactados-los-brothers-senalados-de-la-venta-al-menudeo-de-estupefacientes-en-ibague\/"]}]},{"@type":"ImageObject","inLanguage":"es-CO","@id":"https:\/\/www.fiscalia.gov.co\/colombia\/noticias\/impactados-los-brothers-senalados-de-la-venta-al-menudeo-de-estupefacientes-en-ibague\/#primaryimage","url":"https:\/\/www.fiscalia.gov.co\/colombia\/wp-content\/uploads\/Fiscal-Barbosa-los-brothers-asegurados-por-concierto-estupefacientes-en-parque-galarza-ibague-1024x576.jpeg","contentUrl":"https:\/\/www.fiscalia.gov.co\/colombia\/wp-content\/uploads\/Fiscal-Barbosa-los-brothers-asegurados-por-concierto-estupefacientes-en-parque-galarza-ibague-1024x576.jpeg"},{"@type":"BreadcrumbList","@id":"https:\/\/www.fiscalia.gov.co\/colombia\/noticias\/impactados-los-brothers-senalados-de-la-venta-al-menudeo-de-estupefacientes-en-ibague\/#breadcrumb","itemListElement":[{"@type":"ListItem","position":1,"name":"Home","item":"https:\/\/www.fiscalia.gov.co\/colombia\/"},{"@type":"ListItem","position":2,"name":"Impactados \u2018Los Brothers\u2019 se\u00f1alados de la venta al menudeo de estupefacientes en Ibagu\u00e9"}]},{"@type":"WebSite","@id":"https:\/\/www.fiscalia.gov.co\/colombia\/#website","url":"https:\/\/www.fiscalia.gov.co\/colombia\/","name":"Fiscal\u00eda General de la Naci\u00f3n","description":"P\u00e1gina oficial de la Fiscal\u00eda General de la Naci\u00f3n \u2013 Colombia. Garantizamos el acceso efectivo a la justicia, la verdad y la reparaci\u00f3n de las v\u00edctimas de los delitos.","publisher":{"@id":"https:\/\/www.fiscalia.gov.co\/colombia\/#organization"},"potentialAction":[{"@type":"SearchAction","target":{"@type":"EntryPoint","urlTemplate":"https:\/\/www.fiscalia.gov.co\/colombia\/?s={search_term_string}"},"query-input":{"@type":"PropertyValueSpecification","valueRequired":true,"valueName":"search_term_string"}}],"inLanguage":"es-CO"},{"@type":"Organization","@id":"https:\/\/www.fiscalia.gov.co\/colombia\/#organization","name":"Fiscal\u00eda General de la Naci\u00f3n","url":"https:\/\/www.fiscalia.gov.co\/colombia\/","logo":{"@type":"ImageObject","inLanguage":"es-CO","@id":"https:\/\/www.fiscalia.gov.co\/colombia\/#\/schema\/logo\/image\/","url":"https:\/\/www.fiscalia.gov.co\/colombia\/wp-content\/uploads\/LogoHorizontal_1.jpg","contentUrl":"https:\/\/www.fiscalia.gov.co\/colombia\/wp-content\/uploads\/LogoHorizontal_1.jpg","width":300,"height":90,"caption":"Fiscal\u00eda General de la Naci\u00f3n"},"image":{"@id":"https:\/\/www.fiscalia.gov.co\/colombia\/#\/schema\/logo\/image\/"},"sameAs":["https:\/\/www.facebook.com\/FiscaliaCol","https:\/\/x.com\/FiscaliaCol","https:\/\/www.instagram.com\/fiscaliacol","https:\/\/www.linkedin.com\/company\/fiscalia-general-de-la-naci-n\/","https:\/\/youtube.com\/@fiscaliageneraldelanacion-4668?si=6nN79nyQICPU5iTh"]},{"@type":"Person","@id":"https:\/\/www.fiscalia.gov.co\/colombia\/#\/schema\/person\/bf84402cf293a5393e9c70b111020b24","name":"Jordan Leandro Oviedo Anzola","image":{"@type":"ImageObject","inLanguage":"es-CO","@id":"https:\/\/www.fiscalia.gov.co\/colombia\/#\/schema\/person\/image\/","url":"https:\/\/secure.gravatar.com\/avatar\/dabba4346fa9b9207d96adafa8f92721?s=96&d=mm&r=g","contentUrl":"https:\/\/secure.gravatar.com\/avatar\/dabba4346fa9b9207d96adafa8f92721?s=96&d=mm&r=g","caption":"Jordan Leandro Oviedo Anzola"},"url":"https:\/\/www.fiscalia.gov.co\/colombia\/author\/joviedo\/"}]}},"_links":{"self":[{"href":"https:\/\/www.fiscalia.gov.co\/colombia\/wp-json\/wp\/v2\/posts\/253666","targetHints":{"allow":["GET"]}}],"collection":[{"href":"https:\/\/www.fiscalia.gov.co\/colombia\/wp-json\/wp\/v2\/posts"}],"about":[{"href":"https:\/\/www.fiscalia.gov.co\/colombia\/wp-json\/wp\/v2\/types\/post"}],"author":[{"embeddable":true,"href":"https:\/\/www.fiscalia.gov.co\/colombia\/wp-json\/wp\/v2\/users\/177"}],"replies":[{"embeddable":true,"href":"https:\/\/www.fiscalia.gov.co\/colombia\/wp-json\/wp\/v2\/comments?post=253666"}],"version-history":[{"count":1,"href":"https:\/\/www.fiscalia.gov.co\/colombia\/wp-json\/wp\/v2\/posts\/253666\/revisions"}],"predecessor-version":[{"id":253668,"href":"https:\/\/www.fiscalia.gov.co\/colombia\/wp-json\/wp\/v2\/posts\/253666\/revisions\/253668"}],"wp:attachment":[{"href":"https:\/\/www.fiscalia.gov.co\/colombia\/wp-json\/wp\/v2\/media?parent=253666"}],"wp:term":[{"taxonomy":"category","embeddable":true,"href":"https:\/\/www.fiscalia.gov.co\/colombia\/wp-json\/wp\/v2\/categories?post=253666"},{"taxonomy":"post_tag","embeddable":true,"href":"https:\/\/www.fiscalia.gov.co\/colombia\/wp-json\/wp\/v2\/tags?post=253666"}],"curies":[{"name":"wp","href":"https:\/\/api.w.org\/{rel}","templated":true}]}}