{"id":253517,"date":"2022-07-26T13:19:47","date_gmt":"2022-07-26T18:19:47","guid":{"rendered":"https:\/\/www.fiscalia.gov.co\/colombia\/?p=253517"},"modified":"2022-08-03T12:52:17","modified_gmt":"2022-08-03T17:52:17","slug":"fiscalia-y-policia-afectaron-dos-estructuras-delictivas-dedicadas-al-microtrafico-en-cali-y-el-cerrito-valle-del-cauca","status":"publish","type":"post","link":"https:\/\/www.fiscalia.gov.co\/colombia\/noticias\/fiscalia-y-policia-afectaron-dos-estructuras-delictivas-dedicadas-al-microtrafico-en-cali-y-el-cerrito-valle-del-cauca\/","title":{"rendered":"Fiscal\u00eda y Polic\u00eda afectaron dos estructuras delictivas dedicadas al microtr\u00e1fico en Cali y El Cerrito (Valle del Cauca)"},"content":{"rendered":"<div dir=\"ltr\">\n<h4><strong><i><span lang=\"ES\">Con estas son 17 las estructuras afectadas, dedicadas al tr\u00e1fico de narc\u00f3ticos, con un total de 123 personas capturadas y privadas de la libertad en la Seccional Cali.<\/span><\/i><\/strong><\/h4>\n<p>En un trabajo articulado entre la Fiscal\u00eda General de la Naci\u00f3n y la Polic\u00eda Nacional afectaron dos estructuras delictivas dedicadas\u00a0denominadas Los Magic y La Gallera,\u00a0dedicadas a la venta y comercializaci\u00f3n de marihuana y base de coca en cuatro sectores del municipio de El Cerrito y en el barrio Alfonso Bonilla Arag\u00f3n de Cali (Valle del Cauca).<\/p>\n<p>Con este desarticulaci\u00f3n son 17\u00a0 las estructuras delincuenciales impactadas este a\u00f1o,\u00a0con un total de 123 personas capturadas y privadas de la libertad.<\/p>\n<p><b><u>En El Cerrito, \u2018Los Magic\u2019:<\/u><\/b><\/p>\n<p>Bajo la coordinaci\u00f3n de un fiscal especializado de Cali, personal de la Sijin de la Polic\u00eda Nacional, realiz\u00f3 seis diligencias de registro y allanamiento en varios inmuebles del municipio de El Cerrito, donde fueron capturados seis presuntos integrantes de \u2018Los Magic\u2019.<\/p>\n<figure id=\"attachment_253518\" aria-describedby=\"caption-attachment-253518\" style=\"width: 696px\" class=\"wp-caption aligncenter\"><img loading=\"lazy\" decoding=\"async\" class=\"size-large wp-image-253518\" src=\"https:\/\/www.fiscalia.gov.co\/colombia\/wp-content\/uploads\/Fiscal-Barbosa-Los-Magic.-Estupefacientes-El-Cerrito-Valle.-1024x576.jpg\" alt=\"\" width=\"696\" height=\"392\" srcset=\"https:\/\/www.fiscalia.gov.co\/colombia\/wp-content\/uploads\/Fiscal-Barbosa-Los-Magic.-Estupefacientes-El-Cerrito-Valle.-1024x576.jpg 1024w, https:\/\/www.fiscalia.gov.co\/colombia\/wp-content\/uploads\/Fiscal-Barbosa-Los-Magic.-Estupefacientes-El-Cerrito-Valle.-300x169.jpg 300w, https:\/\/www.fiscalia.gov.co\/colombia\/wp-content\/uploads\/Fiscal-Barbosa-Los-Magic.-Estupefacientes-El-Cerrito-Valle.-768x432.jpg 768w, https:\/\/www.fiscalia.gov.co\/colombia\/wp-content\/uploads\/Fiscal-Barbosa-Los-Magic.-Estupefacientes-El-Cerrito-Valle.-696x392.jpg 696w, https:\/\/www.fiscalia.gov.co\/colombia\/wp-content\/uploads\/Fiscal-Barbosa-Los-Magic.-Estupefacientes-El-Cerrito-Valle.-1068x601.jpg 1068w, https:\/\/www.fiscalia.gov.co\/colombia\/wp-content\/uploads\/Fiscal-Barbosa-Los-Magic.-Estupefacientes-El-Cerrito-Valle.-747x420.jpg 747w, https:\/\/www.fiscalia.gov.co\/colombia\/wp-content\/uploads\/Fiscal-Barbosa-Los-Magic.-Estupefacientes-El-Cerrito-Valle..jpg 1280w\" sizes=\"auto, (max-width: 696px) 100vw, 696px\" \/><figcaption id=\"caption-attachment-253518\" class=\"wp-caption-text\">Presuntos integrantes de \u2018Los Magic\u2019, judicializados por microtr\u00e1fico y otros delitos en El Cerrito (Valle).<\/figcaption><\/figure>\n<p>Seg\u00fan la Fiscal\u00eda, el grupo delictivo en menci\u00f3n\u00a0delinqu\u00eda en los barrios\u00a0La Esperanza, Sajonia, Prado Valle y en el sector del matadero, donde vend\u00edan y traficaban con marihuana y base de coca, bajo la modalidad del menudeo.<\/p>\n<p>Se trata de:\u00a0Miguel \u00c1ngel Galvis Casta\u00f1o, alias \u2018Mono Leche\u2019; Jui\u00e1n Ernesto V\u00e9lez Casta\u00f1o, alias \u2019Covin\u2019; Juan Diego Jim\u00e9nez Casta\u00f1o, alias \u2018Mamacita\u2019; Fulbia Nury Casta\u00f1o Ram\u00edrez, alias \u2018Pipe\u2019; Andr\u00e9s Felipe Sabala Olaya, alias \u2018Pipe\u2019 y Leonardo Jos\u00e9 Maldonado Hern\u00e1ndez, alias \u2018Morocho\u2019.\u00a0Durante las diligencias las autoridades incautaron un arma de fuego tipo rev\u00f3lver.<\/p>\n<p><b><u>En Cali, \u2018La Gallera\u2019:<\/u><\/b><\/p>\n<p>En otro caso, un fiscal especializado de la Estructura de Apoyo (EDA) judicializ\u00f3 a cinco presuntos integrantes del grupo delictivo La Gallera, tres de ellos capturados con orden judicial y dos en flagrancia, durante cinco diligencias de registro y allanamiento en el barrio Alfonso Bonilla Arag\u00f3n de la capital vallecaucana.<\/p>\n<figure id=\"attachment_253519\" aria-describedby=\"caption-attachment-253519\" style=\"width: 696px\" class=\"wp-caption aligncenter\"><img loading=\"lazy\" decoding=\"async\" class=\"size-large wp-image-253519\" src=\"https:\/\/www.fiscalia.gov.co\/colombia\/wp-content\/uploads\/Fiscal-Barbosa-La-Gallera.-Estupefacientes.-Cali-Valle.-1024x346.jpg\" alt=\"\" width=\"696\" height=\"235\" srcset=\"https:\/\/www.fiscalia.gov.co\/colombia\/wp-content\/uploads\/Fiscal-Barbosa-La-Gallera.-Estupefacientes.-Cali-Valle.-1024x346.jpg 1024w, https:\/\/www.fiscalia.gov.co\/colombia\/wp-content\/uploads\/Fiscal-Barbosa-La-Gallera.-Estupefacientes.-Cali-Valle.-300x101.jpg 300w, https:\/\/www.fiscalia.gov.co\/colombia\/wp-content\/uploads\/Fiscal-Barbosa-La-Gallera.-Estupefacientes.-Cali-Valle.-768x260.jpg 768w, https:\/\/www.fiscalia.gov.co\/colombia\/wp-content\/uploads\/Fiscal-Barbosa-La-Gallera.-Estupefacientes.-Cali-Valle.-696x235.jpg 696w, https:\/\/www.fiscalia.gov.co\/colombia\/wp-content\/uploads\/Fiscal-Barbosa-La-Gallera.-Estupefacientes.-Cali-Valle.-1068x361.jpg 1068w, https:\/\/www.fiscalia.gov.co\/colombia\/wp-content\/uploads\/Fiscal-Barbosa-La-Gallera.-Estupefacientes.-Cali-Valle.-1242x420.jpg 1242w, https:\/\/www.fiscalia.gov.co\/colombia\/wp-content\/uploads\/Fiscal-Barbosa-La-Gallera.-Estupefacientes.-Cali-Valle..jpg 1280w\" sizes=\"auto, (max-width: 696px) 100vw, 696px\" \/><figcaption id=\"caption-attachment-253519\" class=\"wp-caption-text\">Presuntos integrantes de \u2018La Gallera\u2019, judicializados por tr\u00e1fico de estupefacientes en Cali (Valle).<\/figcaption><\/figure>\n<p>De acuerdo con la investigaci\u00f3n, la estructura delictiva delinqu\u00eda en el barrio Alfonso Bonilla Arag\u00f3n, Comuna 14, de la capital vallecaucana, utilizando como fachada una gallera y unas pesebreras para ocultar los cigarrillos de marihuana y las bolsas con base de coca que camuflaban\u00a0 en empaques de comida, en la parte inferior de las carretas de caballos, en los marcos de las puertas de dichos establecimientos y en las rejas de las viviendas aleda\u00f1as.<\/p>\n<p>Durante las diligencias, las autoridades incautaron: 1 arma de fuego, 40 cartuchos 9 mm, 24 cartuchos calibre 38 mm, 20 kilos de marihuana, 605 gramos de base de coca, 15 gramos de 2CB, elementos de dosificaci\u00f3n para estupefacientes y dinero en efectivo.<\/p>\n<p>Los investigados son: Jhon Fredy Restrepo Salazar, Bryan Steven Casta\u00f1o Chong, Juan Pablo Chamorro Sarria, Leidy Tatiana Herrera Ruiz y Francia Del Pilar L\u00f3pez. Los dos \u00faltimos capturados en flagrancia.<\/p>\n<p><span lang=\"ES\">En ambos casos la Fiscal\u00eda imput\u00f3 a los capturados los delitos de\u00a0concierto para delinquir agravado; tr\u00e1fico, fabricaci\u00f3n y porte de estupefacientes y fabricaci\u00f3n, tr\u00e1fico y porte de armas de fuego.<\/span><\/p>\n<p><span lang=\"ES\">Los jueces decidieron que los presuntos implicados de \u2018Los Magic\u2019 y \u2018La Gallera\u2019, deben cumplir la medida de aseguramiento en centros carcelarios. Ninguno de los hoy imputados acept\u00f3 los cargos formulados por la Fiscal\u00eda.<\/span><\/p>\n<p><span lang=\"ES-MX\">Esta informaci\u00f3n se publica por razones de inter\u00e9s general.\u00a0<\/span><\/p>\n<p style=\"text-align: left;\" align=\"center\"><b><span lang=\"ES-MX\">La Fiscal\u00eda habla con resultados.<\/span><\/b><\/p>\n<p align=\"center\">\n<\/div>\n<div dir=\"ltr\">\n<p style=\"text-align: left;\" align=\"center\"><span lang=\"ES-MX\">MAP\/MG\/SEGM\/DSC\/<\/span><\/p>\n<\/div>\n<div class=\"td-post-content tagdiv-type\">\n<p><em><span lang=\"ES\">La informaci\u00f3n contenida en este bolet\u00edn de prensa corresponde a la narraci\u00f3n de los hechos noticiosos objetivos, suministrados por los funcionarios encargados de adelantar las investigaciones penales al interior de la Fiscal\u00eda General de la Naci\u00f3n. Para el momento de la divulgaci\u00f3n de este comunicado, la situaci\u00f3n jur\u00eddica de la(s) persona(s) relacionada(s) se encuentra pendiente de resolver por la autoridad judicial competente, siempre bajo los preceptos de la presunci\u00f3n de inocencia, consagrados en el art\u00edculo 29 de la Constituci\u00f3n Pol\u00edtica y el art\u00edculo 7\u00ba de la Ley 906 de 2004.<\/span><\/em><\/p>\n<\/div>\n\n<div class=\"twitter-share\"><a href=\"https:\/\/twitter.com\/intent\/tweet?via=fiscaliacol\" class=\"twitter-share-button\">Tweet<\/a><\/div>\n","protected":false},"excerpt":{"rendered":"<p>Con estas son 17 las estructuras afectadas, dedicadas al tr\u00e1fico de narc\u00f3ticos, con un total de 123 personas capturadas y privadas de la libertad en la Seccional Cali. En un trabajo articulado entre la Fiscal\u00eda General de la Naci\u00f3n y la Polic\u00eda Nacional afectaron dos estructuras delictivas dedicadas\u00a0denominadas Los Magic y La Gallera,\u00a0dedicadas a la [&hellip;]<\/p>\n","protected":false},"author":177,"featured_media":0,"comment_status":"closed","ping_status":"open","sticky":false,"template":"","format":"video","meta":{"tdm_status":"","tdm_grid_status":"","footnotes":""},"categories":[1,324,303,24103],"tags":[32422,32421,3391,30077,8010,25314,24417,32420,78,24187,7169,1264,1185,24549,26070,4141],"class_list":{"0":"post-253517","1":"post","2":"type-post","3":"status-publish","4":"format-video","6":"category-noticias","7":"category-seccional-cali","8":"category-seccionales","9":"category-trafico-de-estupefacientes","10":"tag-la-gallera","11":"tag-los-magic","12":"tag-base-de-coca","13":"tag-cali-valle-del-cauca","14":"tag-capturados","15":"tag-concierto-para-delinquir-agravado-trafico","16":"tag-establecimiento-carcelario","17":"tag-fabricacion-y-porte-de-estupefacientes-y-fabricacion","18":"tag-fiscal-general-de-la-nacion","19":"tag-fiscalia-colombia","20":"tag-flagrancia","21":"tag-marihuana","22":"tag-medida-de-aseguramiento","23":"tag-orden-judicial","24":"tag-seccional-cali","25":"tag-trafico-y-porte-de-armas-de-fuego","26":"post_format-post-format-video"},"yoast_head":"<!-- This site is optimized with the Yoast SEO plugin v24.3 - https:\/\/yoast.com\/wordpress\/plugins\/seo\/ -->\n<title>Fiscal\u00eda General de la Naci\u00f3n<\/title>\n<meta name=\"description\" content=\"P\u00e1gina oficial de la Fiscal\u00eda General de la Naci\u00f3n \u2013 Colombia. Garantizamos el acceso efectivo a la justicia, la verdad y la reparaci\u00f3n de las v\u00edctimas de los delitos.\" \/>\n<meta name=\"robots\" content=\"noindex, follow\" \/>\n<meta property=\"og:locale\" content=\"es_ES\" \/>\n<meta property=\"og:type\" content=\"article\" \/>\n<meta property=\"og:title\" content=\"Fiscal\u00eda General de la Naci\u00f3n\" \/>\n<meta property=\"og:description\" content=\"P\u00e1gina oficial de la Fiscal\u00eda General de la Naci\u00f3n \u2013 Colombia. Garantizamos el acceso efectivo a la justicia, la verdad y la reparaci\u00f3n de las v\u00edctimas de los delitos.\" \/>\n<meta property=\"og:url\" content=\"https:\/\/www.fiscalia.gov.co\/colombia\/noticias\/fiscalia-y-policia-afectaron-dos-estructuras-delictivas-dedicadas-al-microtrafico-en-cali-y-el-cerrito-valle-del-cauca\/\" \/>\n<meta property=\"og:site_name\" content=\"Fiscal\u00eda General de la Naci\u00f3n\" \/>\n<meta property=\"article:publisher\" content=\"https:\/\/www.facebook.com\/FiscaliaCol\" \/>\n<meta property=\"article:published_time\" content=\"2022-07-26T18:19:47+00:00\" \/>\n<meta property=\"article:modified_time\" content=\"2022-08-03T17:52:17+00:00\" \/>\n<meta property=\"og:image\" content=\"https:\/\/www.fiscalia.gov.co\/colombia\/wp-content\/uploads\/Fiscal-Barbosa-Los-Magic.-Estupefacientes-El-Cerrito-Valle.-1024x576.jpg\" \/>\n<meta name=\"author\" content=\"Jordan Leandro Oviedo Anzola\" \/>\n<meta name=\"twitter:card\" content=\"summary_large_image\" \/>\n<meta name=\"twitter:creator\" content=\"@FiscaliaCol\" \/>\n<meta name=\"twitter:site\" content=\"@FiscaliaCol\" \/>\n<meta name=\"twitter:label1\" content=\"Escrito por\" \/>\n\t<meta name=\"twitter:data1\" content=\"Jordan Leandro Oviedo Anzola\" \/>\n\t<meta name=\"twitter:label2\" content=\"Tiempo de lectura\" \/>\n\t<meta name=\"twitter:data2\" content=\"4 minutos\" \/>\n<script type=\"application\/ld+json\" class=\"yoast-schema-graph\">{\"@context\":\"https:\/\/schema.org\",\"@graph\":[{\"@type\":\"Article\",\"@id\":\"https:\/\/www.fiscalia.gov.co\/colombia\/noticias\/fiscalia-y-policia-afectaron-dos-estructuras-delictivas-dedicadas-al-microtrafico-en-cali-y-el-cerrito-valle-del-cauca\/#article\",\"isPartOf\":{\"@id\":\"https:\/\/www.fiscalia.gov.co\/colombia\/noticias\/fiscalia-y-policia-afectaron-dos-estructuras-delictivas-dedicadas-al-microtrafico-en-cali-y-el-cerrito-valle-del-cauca\/\"},\"author\":{\"name\":\"Jordan Leandro Oviedo Anzola\",\"@id\":\"https:\/\/www.fiscalia.gov.co\/colombia\/#\/schema\/person\/bf84402cf293a5393e9c70b111020b24\"},\"headline\":\"Fiscal\u00eda y Polic\u00eda afectaron dos estructuras delictivas dedicadas al microtr\u00e1fico en Cali y El Cerrito (Valle del Cauca)\",\"datePublished\":\"2022-07-26T18:19:47+00:00\",\"dateModified\":\"2022-08-03T17:52:17+00:00\",\"mainEntityOfPage\":{\"@id\":\"https:\/\/www.fiscalia.gov.co\/colombia\/noticias\/fiscalia-y-policia-afectaron-dos-estructuras-delictivas-dedicadas-al-microtrafico-en-cali-y-el-cerrito-valle-del-cauca\/\"},\"wordCount\":727,\"publisher\":{\"@id\":\"https:\/\/www.fiscalia.gov.co\/colombia\/#organization\"},\"image\":{\"@id\":\"https:\/\/www.fiscalia.gov.co\/colombia\/noticias\/fiscalia-y-policia-afectaron-dos-estructuras-delictivas-dedicadas-al-microtrafico-en-cali-y-el-cerrito-valle-del-cauca\/#primaryimage\"},\"thumbnailUrl\":\"https:\/\/www.fiscalia.gov.co\/colombia\/wp-content\/uploads\/Fiscal-Barbosa-Los-Magic.-Estupefacientes-El-Cerrito-Valle.-1024x576.jpg\",\"keywords\":[\"\u2018La Gallera\u2019\",\"\u2018Los Magic\u2019\",\"Base de coca\",\"Cali (Valle del Cauca)\",\"Capturados\",\"concierto para delinquir agravado; tr\u00e1fico\",\"establecimiento carcelario\",\"fabricaci\u00f3n y porte de estupefacientes y fabricaci\u00f3n\",\"Fiscal General de la Naci\u00f3n\",\"Fiscal\u00eda Colombia\",\"Flagrancia\",\"Marihuana\",\"Medida de aseguramiento\",\"orden judicial\",\"Seccional Cali\",\"tr\u00e1fico y porte de armas de fuego\"],\"articleSection\":[\"Noticias\",\"Seccional Cali\",\"Seccionales\",\"Tr\u00e1fico de estupefacientes\"],\"inLanguage\":\"es-CO\"},{\"@type\":\"WebPage\",\"@id\":\"https:\/\/www.fiscalia.gov.co\/colombia\/noticias\/fiscalia-y-policia-afectaron-dos-estructuras-delictivas-dedicadas-al-microtrafico-en-cali-y-el-cerrito-valle-del-cauca\/\",\"url\":\"https:\/\/www.fiscalia.gov.co\/colombia\/noticias\/fiscalia-y-policia-afectaron-dos-estructuras-delictivas-dedicadas-al-microtrafico-en-cali-y-el-cerrito-valle-del-cauca\/\",\"name\":\"Fiscal\u00eda General de la Naci\u00f3n\",\"isPartOf\":{\"@id\":\"https:\/\/www.fiscalia.gov.co\/colombia\/#website\"},\"primaryImageOfPage\":{\"@id\":\"https:\/\/www.fiscalia.gov.co\/colombia\/noticias\/fiscalia-y-policia-afectaron-dos-estructuras-delictivas-dedicadas-al-microtrafico-en-cali-y-el-cerrito-valle-del-cauca\/#primaryimage\"},\"image\":{\"@id\":\"https:\/\/www.fiscalia.gov.co\/colombia\/noticias\/fiscalia-y-policia-afectaron-dos-estructuras-delictivas-dedicadas-al-microtrafico-en-cali-y-el-cerrito-valle-del-cauca\/#primaryimage\"},\"thumbnailUrl\":\"https:\/\/www.fiscalia.gov.co\/colombia\/wp-content\/uploads\/Fiscal-Barbosa-Los-Magic.-Estupefacientes-El-Cerrito-Valle.-1024x576.jpg\",\"datePublished\":\"2022-07-26T18:19:47+00:00\",\"dateModified\":\"2022-08-03T17:52:17+00:00\",\"description\":\"P\u00e1gina oficial de la Fiscal\u00eda General de la Naci\u00f3n \u2013 Colombia. Garantizamos el acceso efectivo a la justicia, la verdad y la reparaci\u00f3n de las v\u00edctimas de los delitos.\",\"breadcrumb\":{\"@id\":\"https:\/\/www.fiscalia.gov.co\/colombia\/noticias\/fiscalia-y-policia-afectaron-dos-estructuras-delictivas-dedicadas-al-microtrafico-en-cali-y-el-cerrito-valle-del-cauca\/#breadcrumb\"},\"inLanguage\":\"es-CO\",\"potentialAction\":[{\"@type\":\"ReadAction\",\"target\":[\"https:\/\/www.fiscalia.gov.co\/colombia\/noticias\/fiscalia-y-policia-afectaron-dos-estructuras-delictivas-dedicadas-al-microtrafico-en-cali-y-el-cerrito-valle-del-cauca\/\"]}]},{\"@type\":\"ImageObject\",\"inLanguage\":\"es-CO\",\"@id\":\"https:\/\/www.fiscalia.gov.co\/colombia\/noticias\/fiscalia-y-policia-afectaron-dos-estructuras-delictivas-dedicadas-al-microtrafico-en-cali-y-el-cerrito-valle-del-cauca\/#primaryimage\",\"url\":\"https:\/\/www.fiscalia.gov.co\/colombia\/wp-content\/uploads\/Fiscal-Barbosa-Los-Magic.-Estupefacientes-El-Cerrito-Valle..jpg\",\"contentUrl\":\"https:\/\/www.fiscalia.gov.co\/colombia\/wp-content\/uploads\/Fiscal-Barbosa-Los-Magic.-Estupefacientes-El-Cerrito-Valle..jpg\",\"width\":1280,\"height\":720,\"caption\":\"Presuntos integrantes de \u2018Los Magic\u2019, judicializados por microtr\u00e1fico y otros delitos en El Cerrito (Valle).\"},{\"@type\":\"BreadcrumbList\",\"@id\":\"https:\/\/www.fiscalia.gov.co\/colombia\/noticias\/fiscalia-y-policia-afectaron-dos-estructuras-delictivas-dedicadas-al-microtrafico-en-cali-y-el-cerrito-valle-del-cauca\/#breadcrumb\",\"itemListElement\":[{\"@type\":\"ListItem\",\"position\":1,\"name\":\"Home\",\"item\":\"https:\/\/www.fiscalia.gov.co\/colombia\/\"},{\"@type\":\"ListItem\",\"position\":2,\"name\":\"Fiscal\u00eda y Polic\u00eda afectaron dos estructuras delictivas dedicadas al microtr\u00e1fico en Cali y El Cerrito (Valle del Cauca)\"}]},{\"@type\":\"WebSite\",\"@id\":\"https:\/\/www.fiscalia.gov.co\/colombia\/#website\",\"url\":\"https:\/\/www.fiscalia.gov.co\/colombia\/\",\"name\":\"Fiscal\u00eda General de la Naci\u00f3n\",\"description\":\"P\u00e1gina oficial de la Fiscal\u00eda General de la Naci\u00f3n \u2013 Colombia. Garantizamos el acceso efectivo a la justicia, la verdad y la reparaci\u00f3n de las v\u00edctimas de los delitos.\",\"publisher\":{\"@id\":\"https:\/\/www.fiscalia.gov.co\/colombia\/#organization\"},\"potentialAction\":[{\"@type\":\"SearchAction\",\"target\":{\"@type\":\"EntryPoint\",\"urlTemplate\":\"https:\/\/www.fiscalia.gov.co\/colombia\/?s={search_term_string}\"},\"query-input\":{\"@type\":\"PropertyValueSpecification\",\"valueRequired\":true,\"valueName\":\"search_term_string\"}}],\"inLanguage\":\"es-CO\"},{\"@type\":\"Organization\",\"@id\":\"https:\/\/www.fiscalia.gov.co\/colombia\/#organization\",\"name\":\"Fiscal\u00eda General de la Naci\u00f3n\",\"url\":\"https:\/\/www.fiscalia.gov.co\/colombia\/\",\"logo\":{\"@type\":\"ImageObject\",\"inLanguage\":\"es-CO\",\"@id\":\"https:\/\/www.fiscalia.gov.co\/colombia\/#\/schema\/logo\/image\/\",\"url\":\"https:\/\/www.fiscalia.gov.co\/colombia\/wp-content\/uploads\/LogoHorizontal_1.jpg\",\"contentUrl\":\"https:\/\/www.fiscalia.gov.co\/colombia\/wp-content\/uploads\/LogoHorizontal_1.jpg\",\"width\":300,\"height\":90,\"caption\":\"Fiscal\u00eda General de la Naci\u00f3n\"},\"image\":{\"@id\":\"https:\/\/www.fiscalia.gov.co\/colombia\/#\/schema\/logo\/image\/\"},\"sameAs\":[\"https:\/\/www.facebook.com\/FiscaliaCol\",\"https:\/\/x.com\/FiscaliaCol\",\"https:\/\/www.instagram.com\/fiscaliacol\",\"https:\/\/www.linkedin.com\/company\/fiscalia-general-de-la-naci-n\/\",\"https:\/\/youtube.com\/@fiscaliageneraldelanacion-4668?si=6nN79nyQICPU5iTh\"]},{\"@type\":\"Person\",\"@id\":\"https:\/\/www.fiscalia.gov.co\/colombia\/#\/schema\/person\/bf84402cf293a5393e9c70b111020b24\",\"name\":\"Jordan Leandro Oviedo Anzola\",\"image\":{\"@type\":\"ImageObject\",\"inLanguage\":\"es-CO\",\"@id\":\"https:\/\/www.fiscalia.gov.co\/colombia\/#\/schema\/person\/image\/\",\"url\":\"https:\/\/secure.gravatar.com\/avatar\/dabba4346fa9b9207d96adafa8f92721?s=96&d=mm&r=g\",\"contentUrl\":\"https:\/\/secure.gravatar.com\/avatar\/dabba4346fa9b9207d96adafa8f92721?s=96&d=mm&r=g\",\"caption\":\"Jordan Leandro Oviedo Anzola\"},\"url\":\"https:\/\/www.fiscalia.gov.co\/colombia\/author\/joviedo\/\"}]}<\/script>\n<!-- \/ Yoast SEO plugin. -->","yoast_head_json":{"title":"Fiscal\u00eda General de la Naci\u00f3n","description":"P\u00e1gina oficial de la Fiscal\u00eda General de la Naci\u00f3n \u2013 Colombia. Garantizamos el acceso efectivo a la justicia, la verdad y la reparaci\u00f3n de las v\u00edctimas de los delitos.","robots":{"index":"noindex","follow":"follow"},"og_locale":"es_ES","og_type":"article","og_title":"Fiscal\u00eda General de la Naci\u00f3n","og_description":"P\u00e1gina oficial de la Fiscal\u00eda General de la Naci\u00f3n \u2013 Colombia. Garantizamos el acceso efectivo a la justicia, la verdad y la reparaci\u00f3n de las v\u00edctimas de los delitos.","og_url":"https:\/\/www.fiscalia.gov.co\/colombia\/noticias\/fiscalia-y-policia-afectaron-dos-estructuras-delictivas-dedicadas-al-microtrafico-en-cali-y-el-cerrito-valle-del-cauca\/","og_site_name":"Fiscal\u00eda General de la Naci\u00f3n","article_publisher":"https:\/\/www.facebook.com\/FiscaliaCol","article_published_time":"2022-07-26T18:19:47+00:00","article_modified_time":"2022-08-03T17:52:17+00:00","og_image":[{"url":"https:\/\/www.fiscalia.gov.co\/colombia\/wp-content\/uploads\/Fiscal-Barbosa-Los-Magic.-Estupefacientes-El-Cerrito-Valle.-1024x576.jpg","type":"","width":"","height":""}],"author":"Jordan Leandro Oviedo Anzola","twitter_card":"summary_large_image","twitter_creator":"@FiscaliaCol","twitter_site":"@FiscaliaCol","twitter_misc":{"Escrito por":"Jordan Leandro Oviedo Anzola","Tiempo de lectura":"4 minutos"},"schema":{"@context":"https:\/\/schema.org","@graph":[{"@type":"Article","@id":"https:\/\/www.fiscalia.gov.co\/colombia\/noticias\/fiscalia-y-policia-afectaron-dos-estructuras-delictivas-dedicadas-al-microtrafico-en-cali-y-el-cerrito-valle-del-cauca\/#article","isPartOf":{"@id":"https:\/\/www.fiscalia.gov.co\/colombia\/noticias\/fiscalia-y-policia-afectaron-dos-estructuras-delictivas-dedicadas-al-microtrafico-en-cali-y-el-cerrito-valle-del-cauca\/"},"author":{"name":"Jordan Leandro Oviedo Anzola","@id":"https:\/\/www.fiscalia.gov.co\/colombia\/#\/schema\/person\/bf84402cf293a5393e9c70b111020b24"},"headline":"Fiscal\u00eda y Polic\u00eda afectaron dos estructuras delictivas dedicadas al microtr\u00e1fico en Cali y El Cerrito (Valle del Cauca)","datePublished":"2022-07-26T18:19:47+00:00","dateModified":"2022-08-03T17:52:17+00:00","mainEntityOfPage":{"@id":"https:\/\/www.fiscalia.gov.co\/colombia\/noticias\/fiscalia-y-policia-afectaron-dos-estructuras-delictivas-dedicadas-al-microtrafico-en-cali-y-el-cerrito-valle-del-cauca\/"},"wordCount":727,"publisher":{"@id":"https:\/\/www.fiscalia.gov.co\/colombia\/#organization"},"image":{"@id":"https:\/\/www.fiscalia.gov.co\/colombia\/noticias\/fiscalia-y-policia-afectaron-dos-estructuras-delictivas-dedicadas-al-microtrafico-en-cali-y-el-cerrito-valle-del-cauca\/#primaryimage"},"thumbnailUrl":"https:\/\/www.fiscalia.gov.co\/colombia\/wp-content\/uploads\/Fiscal-Barbosa-Los-Magic.-Estupefacientes-El-Cerrito-Valle.-1024x576.jpg","keywords":["\u2018La Gallera\u2019","\u2018Los Magic\u2019","Base de coca","Cali (Valle del Cauca)","Capturados","concierto para delinquir agravado; tr\u00e1fico","establecimiento carcelario","fabricaci\u00f3n y porte de estupefacientes y fabricaci\u00f3n","Fiscal General de la Naci\u00f3n","Fiscal\u00eda Colombia","Flagrancia","Marihuana","Medida de aseguramiento","orden judicial","Seccional Cali","tr\u00e1fico y porte de armas de fuego"],"articleSection":["Noticias","Seccional Cali","Seccionales","Tr\u00e1fico de estupefacientes"],"inLanguage":"es-CO"},{"@type":"WebPage","@id":"https:\/\/www.fiscalia.gov.co\/colombia\/noticias\/fiscalia-y-policia-afectaron-dos-estructuras-delictivas-dedicadas-al-microtrafico-en-cali-y-el-cerrito-valle-del-cauca\/","url":"https:\/\/www.fiscalia.gov.co\/colombia\/noticias\/fiscalia-y-policia-afectaron-dos-estructuras-delictivas-dedicadas-al-microtrafico-en-cali-y-el-cerrito-valle-del-cauca\/","name":"Fiscal\u00eda General de la Naci\u00f3n","isPartOf":{"@id":"https:\/\/www.fiscalia.gov.co\/colombia\/#website"},"primaryImageOfPage":{"@id":"https:\/\/www.fiscalia.gov.co\/colombia\/noticias\/fiscalia-y-policia-afectaron-dos-estructuras-delictivas-dedicadas-al-microtrafico-en-cali-y-el-cerrito-valle-del-cauca\/#primaryimage"},"image":{"@id":"https:\/\/www.fiscalia.gov.co\/colombia\/noticias\/fiscalia-y-policia-afectaron-dos-estructuras-delictivas-dedicadas-al-microtrafico-en-cali-y-el-cerrito-valle-del-cauca\/#primaryimage"},"thumbnailUrl":"https:\/\/www.fiscalia.gov.co\/colombia\/wp-content\/uploads\/Fiscal-Barbosa-Los-Magic.-Estupefacientes-El-Cerrito-Valle.-1024x576.jpg","datePublished":"2022-07-26T18:19:47+00:00","dateModified":"2022-08-03T17:52:17+00:00","description":"P\u00e1gina oficial de la Fiscal\u00eda General de la Naci\u00f3n \u2013 Colombia. Garantizamos el acceso efectivo a la justicia, la verdad y la reparaci\u00f3n de las v\u00edctimas de los delitos.","breadcrumb":{"@id":"https:\/\/www.fiscalia.gov.co\/colombia\/noticias\/fiscalia-y-policia-afectaron-dos-estructuras-delictivas-dedicadas-al-microtrafico-en-cali-y-el-cerrito-valle-del-cauca\/#breadcrumb"},"inLanguage":"es-CO","potentialAction":[{"@type":"ReadAction","target":["https:\/\/www.fiscalia.gov.co\/colombia\/noticias\/fiscalia-y-policia-afectaron-dos-estructuras-delictivas-dedicadas-al-microtrafico-en-cali-y-el-cerrito-valle-del-cauca\/"]}]},{"@type":"ImageObject","inLanguage":"es-CO","@id":"https:\/\/www.fiscalia.gov.co\/colombia\/noticias\/fiscalia-y-policia-afectaron-dos-estructuras-delictivas-dedicadas-al-microtrafico-en-cali-y-el-cerrito-valle-del-cauca\/#primaryimage","url":"https:\/\/www.fiscalia.gov.co\/colombia\/wp-content\/uploads\/Fiscal-Barbosa-Los-Magic.-Estupefacientes-El-Cerrito-Valle..jpg","contentUrl":"https:\/\/www.fiscalia.gov.co\/colombia\/wp-content\/uploads\/Fiscal-Barbosa-Los-Magic.-Estupefacientes-El-Cerrito-Valle..jpg","width":1280,"height":720,"caption":"Presuntos integrantes de \u2018Los Magic\u2019, judicializados por microtr\u00e1fico y otros delitos en El Cerrito (Valle)."},{"@type":"BreadcrumbList","@id":"https:\/\/www.fiscalia.gov.co\/colombia\/noticias\/fiscalia-y-policia-afectaron-dos-estructuras-delictivas-dedicadas-al-microtrafico-en-cali-y-el-cerrito-valle-del-cauca\/#breadcrumb","itemListElement":[{"@type":"ListItem","position":1,"name":"Home","item":"https:\/\/www.fiscalia.gov.co\/colombia\/"},{"@type":"ListItem","position":2,"name":"Fiscal\u00eda y Polic\u00eda afectaron dos estructuras delictivas dedicadas al microtr\u00e1fico en Cali y El Cerrito (Valle del Cauca)"}]},{"@type":"WebSite","@id":"https:\/\/www.fiscalia.gov.co\/colombia\/#website","url":"https:\/\/www.fiscalia.gov.co\/colombia\/","name":"Fiscal\u00eda General de la Naci\u00f3n","description":"P\u00e1gina oficial de la Fiscal\u00eda General de la Naci\u00f3n \u2013 Colombia. Garantizamos el acceso efectivo a la justicia, la verdad y la reparaci\u00f3n de las v\u00edctimas de los delitos.","publisher":{"@id":"https:\/\/www.fiscalia.gov.co\/colombia\/#organization"},"potentialAction":[{"@type":"SearchAction","target":{"@type":"EntryPoint","urlTemplate":"https:\/\/www.fiscalia.gov.co\/colombia\/?s={search_term_string}"},"query-input":{"@type":"PropertyValueSpecification","valueRequired":true,"valueName":"search_term_string"}}],"inLanguage":"es-CO"},{"@type":"Organization","@id":"https:\/\/www.fiscalia.gov.co\/colombia\/#organization","name":"Fiscal\u00eda General de la Naci\u00f3n","url":"https:\/\/www.fiscalia.gov.co\/colombia\/","logo":{"@type":"ImageObject","inLanguage":"es-CO","@id":"https:\/\/www.fiscalia.gov.co\/colombia\/#\/schema\/logo\/image\/","url":"https:\/\/www.fiscalia.gov.co\/colombia\/wp-content\/uploads\/LogoHorizontal_1.jpg","contentUrl":"https:\/\/www.fiscalia.gov.co\/colombia\/wp-content\/uploads\/LogoHorizontal_1.jpg","width":300,"height":90,"caption":"Fiscal\u00eda General de la Naci\u00f3n"},"image":{"@id":"https:\/\/www.fiscalia.gov.co\/colombia\/#\/schema\/logo\/image\/"},"sameAs":["https:\/\/www.facebook.com\/FiscaliaCol","https:\/\/x.com\/FiscaliaCol","https:\/\/www.instagram.com\/fiscaliacol","https:\/\/www.linkedin.com\/company\/fiscalia-general-de-la-naci-n\/","https:\/\/youtube.com\/@fiscaliageneraldelanacion-4668?si=6nN79nyQICPU5iTh"]},{"@type":"Person","@id":"https:\/\/www.fiscalia.gov.co\/colombia\/#\/schema\/person\/bf84402cf293a5393e9c70b111020b24","name":"Jordan Leandro Oviedo Anzola","image":{"@type":"ImageObject","inLanguage":"es-CO","@id":"https:\/\/www.fiscalia.gov.co\/colombia\/#\/schema\/person\/image\/","url":"https:\/\/secure.gravatar.com\/avatar\/dabba4346fa9b9207d96adafa8f92721?s=96&d=mm&r=g","contentUrl":"https:\/\/secure.gravatar.com\/avatar\/dabba4346fa9b9207d96adafa8f92721?s=96&d=mm&r=g","caption":"Jordan Leandro Oviedo Anzola"},"url":"https:\/\/www.fiscalia.gov.co\/colombia\/author\/joviedo\/"}]}},"_links":{"self":[{"href":"https:\/\/www.fiscalia.gov.co\/colombia\/wp-json\/wp\/v2\/posts\/253517","targetHints":{"allow":["GET"]}}],"collection":[{"href":"https:\/\/www.fiscalia.gov.co\/colombia\/wp-json\/wp\/v2\/posts"}],"about":[{"href":"https:\/\/www.fiscalia.gov.co\/colombia\/wp-json\/wp\/v2\/types\/post"}],"author":[{"embeddable":true,"href":"https:\/\/www.fiscalia.gov.co\/colombia\/wp-json\/wp\/v2\/users\/177"}],"replies":[{"embeddable":true,"href":"https:\/\/www.fiscalia.gov.co\/colombia\/wp-json\/wp\/v2\/comments?post=253517"}],"version-history":[{"count":3,"href":"https:\/\/www.fiscalia.gov.co\/colombia\/wp-json\/wp\/v2\/posts\/253517\/revisions"}],"predecessor-version":[{"id":254151,"href":"https:\/\/www.fiscalia.gov.co\/colombia\/wp-json\/wp\/v2\/posts\/253517\/revisions\/254151"}],"wp:attachment":[{"href":"https:\/\/www.fiscalia.gov.co\/colombia\/wp-json\/wp\/v2\/media?parent=253517"}],"wp:term":[{"taxonomy":"category","embeddable":true,"href":"https:\/\/www.fiscalia.gov.co\/colombia\/wp-json\/wp\/v2\/categories?post=253517"},{"taxonomy":"post_tag","embeddable":true,"href":"https:\/\/www.fiscalia.gov.co\/colombia\/wp-json\/wp\/v2\/tags?post=253517"}],"curies":[{"name":"wp","href":"https:\/\/api.w.org\/{rel}","templated":true}]}}