{"id":253371,"date":"2022-07-24T09:06:18","date_gmt":"2022-07-24T14:06:18","guid":{"rendered":"https:\/\/www.fiscalia.gov.co\/colombia\/?p=253371"},"modified":"2022-07-29T13:00:21","modified_gmt":"2022-07-29T18:00:21","slug":"accion-investigativa-en-defensa-de-los-recursos-naturales-permite-ubicar-dos-centros-de-acopio-y-fundicion-de-minerales-extraidos-ilicitamente-en-zona-de-frontera-con-venezuela","status":"publish","type":"post","link":"https:\/\/www.fiscalia.gov.co\/colombia\/noticias\/accion-investigativa-en-defensa-de-los-recursos-naturales-permite-ubicar-dos-centros-de-acopio-y-fundicion-de-minerales-extraidos-ilicitamente-en-zona-de-frontera-con-venezuela\/","title":{"rendered":"Acci\u00f3n investigativa en defensa de los recursos naturales permite ubicar dos centros de acopio y fundici\u00f3n de minerales extra\u00eddos il\u00edcitamente en zona de frontera con Venezuela"},"content":{"rendered":"<blockquote>\n<h4 style=\"text-align: left;\"><strong><em>En diligencias realizadas en Cumaribo (Vichada) fue incautada algo m\u00e1s de tonelada y media de esta\u00f1o en lingotes y arena. Estos puntos funcionaban en zona de injerencia del ELN.<\/em><\/strong><\/h4>\n<\/blockquote>\n<p>&nbsp;<\/p>\n<p>La Fiscal\u00eda General de la Naci\u00f3n, a trav\u00e9s de la Direcci\u00f3n Especializada contra las Violaciones a los Derechos Humanos y el CTI, y en un trabajo articulado con el Ej\u00e9rcito Nacional y la Fuerza A\u00e9rea Colombiana, ubic\u00f3 dos predios en la inspecci\u00f3n Santa Rita, en zona rural de Cumaribo (Vichada), donde funcionaban dos posibles centros de acopio y fundici\u00f3n de minerales.<\/p>\n<p>De acuerdo con el material de prueba, los elementos eran extra\u00eddos ilegalmente en yacimientos de Vichada, Guain\u00eda y en la margen de r\u00edo In\u00edrida, en frontera con Venezuela. Posteriormente, los trasladaban a estos puntos para ser preparados y almacenados mientras se defin\u00eda su comercializaci\u00f3n y distribuci\u00f3n.<\/p>\n<p>En los bienes, localizados en \u00e1rea de injerencia criminal del Frente de Guerra Oriental del ELN, los investigadores encontraron algo m\u00e1s de tonelada y media de esta\u00f1o, distribuida en 29 lingotes, que arrojaron un peso de 448 kilogramos; y en 16 lonas, que conten\u00edan 1.214 kilogramos del metal en arena.<\/p>\n<p>Adicionalmente, en el sitio se hallaron moldes, hornos y herramientas. Peritos especializados del CTI trabajan en establecer el uso y destino del esta\u00f1o, y avanzan en las verificaciones para tener claridad sobre otros elementos que eran llevados a los dos inmuebles para ser fundidos.<\/p>\n<p>La Fiscal\u00eda obtuvo ante un juez de control de garant\u00edas medidas cautelares con fines de comiso sobre la tonelada y media de esta\u00f1o, que podr\u00eda superar en valor los 200 millones de pesos.<\/p>\n<p>Esta informaci\u00f3n se publica por razones de inter\u00e9s general.<\/p>\n<p>JARG\/DJR\/DEVDH\/MCRC<\/p>\n<p><strong>La Fiscal\u00eda habla con resultados.<\/strong><\/p>\n<p>&nbsp;<\/p>\n<div class=\"td-post-content tagdiv-type\">\n<div dir=\"ltr\">\n<div class=\"td-post-content tagdiv-type\">\n<div class=\"td-post-content tagdiv-type\">\n<p><em>La informaci\u00f3n contenida en este bolet\u00edn de prensa corresponde a la narraci\u00f3n de los hechos noticiosos objetivos, suministrados por los funcionarios encargados de adelantar las investigaciones penales al interior de la Fiscal\u00eda General de la Naci\u00f3n. Para el momento de la divulgaci\u00f3n de este comunicado, la situaci\u00f3n jur\u00eddica de la(s) persona(s) relacionada(s) se encuentra pendiente de resolver por la autoridad judicial competente, siempre bajo los preceptos de la presunci\u00f3n de inocencia, consagrados en el art\u00edculo 29 de la Constituci\u00f3n Pol\u00edtica y el art\u00edculo 7\u00ba de la Ley 906 de 2004.<\/em><\/p>\n<\/div>\n<\/div>\n<\/div>\n<\/div>\n<footer>\n<div class=\"td-post-source-tags\"><\/div>\n<div class=\"td-post-sharing-bottom\"><\/div>\n<\/footer>\n\n<div class=\"twitter-share\"><a href=\"https:\/\/twitter.com\/intent\/tweet?via=fiscaliacol\" class=\"twitter-share-button\">Tweet<\/a><\/div>\n","protected":false},"excerpt":{"rendered":"<p>En diligencias realizadas en Cumaribo (Vichada) fue incautada algo m\u00e1s de tonelada y media de esta\u00f1o en lingotes y arena. Estos puntos funcionaban en zona de injerencia del ELN. &nbsp; [&hellip;]<\/p>\n","protected":false},"author":175,"featured_media":0,"comment_status":"closed","ping_status":"open","sticky":false,"template":"","format":"video","meta":{"tdm_status":"","tdm_grid_status":"","footnotes":""},"categories":[24102,1],"tags":[24185,24188,24526],"class_list":["post-253371","post","type-post","status-publish","format-video","category-derechos-humanos","category-noticias","tag-fiscal-barbosa","tag-fiscal-francisco-barbosa","tag-fiscal-general-francisco-barbosa-delgado","post_format-post-format-video"],"yoast_head":"<!-- This site is optimized with the Yoast SEO plugin v24.3 - https:\/\/yoast.com\/wordpress\/plugins\/seo\/ -->\n<title>Fiscal\u00eda General de la Naci\u00f3n<\/title>\n<meta name=\"description\" content=\"P\u00e1gina oficial de la Fiscal\u00eda General de la Naci\u00f3n \u2013 Colombia. Garantizamos el acceso efectivo a la justicia, la verdad y la reparaci\u00f3n de las v\u00edctimas de los delitos.\" \/>\n<meta name=\"robots\" content=\"noindex, follow\" \/>\n<meta property=\"og:locale\" content=\"es_ES\" \/>\n<meta property=\"og:type\" content=\"article\" \/>\n<meta property=\"og:title\" content=\"Fiscal\u00eda General de la Naci\u00f3n\" \/>\n<meta property=\"og:description\" content=\"P\u00e1gina oficial de la Fiscal\u00eda General de la Naci\u00f3n \u2013 Colombia. Garantizamos el acceso efectivo a la justicia, la verdad y la reparaci\u00f3n de las v\u00edctimas de los delitos.\" \/>\n<meta property=\"og:url\" content=\"https:\/\/www.fiscalia.gov.co\/colombia\/noticias\/accion-investigativa-en-defensa-de-los-recursos-naturales-permite-ubicar-dos-centros-de-acopio-y-fundicion-de-minerales-extraidos-ilicitamente-en-zona-de-frontera-con-venezuela\/\" \/>\n<meta property=\"og:site_name\" content=\"Fiscal\u00eda General de la Naci\u00f3n\" \/>\n<meta property=\"article:publisher\" content=\"https:\/\/www.facebook.com\/FiscaliaCol\" \/>\n<meta property=\"article:published_time\" content=\"2022-07-24T14:06:18+00:00\" \/>\n<meta property=\"article:modified_time\" content=\"2022-07-29T18:00:21+00:00\" \/>\n<meta name=\"author\" content=\"Katherine Loaiza Mart\u00ednez\" \/>\n<meta name=\"twitter:card\" content=\"summary_large_image\" \/>\n<meta name=\"twitter:creator\" content=\"@FiscaliaCol\" \/>\n<meta name=\"twitter:site\" content=\"@FiscaliaCol\" \/>\n<meta name=\"twitter:label1\" content=\"Escrito por\" \/>\n\t<meta name=\"twitter:data1\" content=\"Katherine Loaiza Mart\u00ednez\" \/>\n\t<meta name=\"twitter:label2\" content=\"Tiempo de lectura\" \/>\n\t<meta name=\"twitter:data2\" content=\"2 minutos\" \/>\n<script type=\"application\/ld+json\" class=\"yoast-schema-graph\">{\"@context\":\"https:\/\/schema.org\",\"@graph\":[{\"@type\":\"Article\",\"@id\":\"https:\/\/www.fiscalia.gov.co\/colombia\/noticias\/accion-investigativa-en-defensa-de-los-recursos-naturales-permite-ubicar-dos-centros-de-acopio-y-fundicion-de-minerales-extraidos-ilicitamente-en-zona-de-frontera-con-venezuela\/#article\",\"isPartOf\":{\"@id\":\"https:\/\/www.fiscalia.gov.co\/colombia\/noticias\/accion-investigativa-en-defensa-de-los-recursos-naturales-permite-ubicar-dos-centros-de-acopio-y-fundicion-de-minerales-extraidos-ilicitamente-en-zona-de-frontera-con-venezuela\/\"},\"author\":{\"name\":\"Katherine Loaiza Mart\u00ednez\",\"@id\":\"https:\/\/www.fiscalia.gov.co\/colombia\/#\/schema\/person\/2e76b9aba5ecf875ed565ce4de0e0415\"},\"headline\":\"Acci\u00f3n investigativa en defensa de los recursos naturales permite ubicar dos centros de acopio y fundici\u00f3n de minerales extra\u00eddos il\u00edcitamente en zona de frontera con Venezuela\",\"datePublished\":\"2022-07-24T14:06:18+00:00\",\"dateModified\":\"2022-07-29T18:00:21+00:00\",\"mainEntityOfPage\":{\"@id\":\"https:\/\/www.fiscalia.gov.co\/colombia\/noticias\/accion-investigativa-en-defensa-de-los-recursos-naturales-permite-ubicar-dos-centros-de-acopio-y-fundicion-de-minerales-extraidos-ilicitamente-en-zona-de-frontera-con-venezuela\/\"},\"wordCount\":438,\"publisher\":{\"@id\":\"https:\/\/www.fiscalia.gov.co\/colombia\/#organization\"},\"keywords\":[\"Fiscal Barbosa\",\"Fiscal Francisco Barbosa\",\"Fiscal General Francisco Barbosa Delgado\"],\"articleSection\":[\"Derechos Humanos\",\"Noticias\"],\"inLanguage\":\"es-CO\"},{\"@type\":\"WebPage\",\"@id\":\"https:\/\/www.fiscalia.gov.co\/colombia\/noticias\/accion-investigativa-en-defensa-de-los-recursos-naturales-permite-ubicar-dos-centros-de-acopio-y-fundicion-de-minerales-extraidos-ilicitamente-en-zona-de-frontera-con-venezuela\/\",\"url\":\"https:\/\/www.fiscalia.gov.co\/colombia\/noticias\/accion-investigativa-en-defensa-de-los-recursos-naturales-permite-ubicar-dos-centros-de-acopio-y-fundicion-de-minerales-extraidos-ilicitamente-en-zona-de-frontera-con-venezuela\/\",\"name\":\"Fiscal\u00eda General de la Naci\u00f3n\",\"isPartOf\":{\"@id\":\"https:\/\/www.fiscalia.gov.co\/colombia\/#website\"},\"datePublished\":\"2022-07-24T14:06:18+00:00\",\"dateModified\":\"2022-07-29T18:00:21+00:00\",\"description\":\"P\u00e1gina oficial de la Fiscal\u00eda General de la Naci\u00f3n \u2013 Colombia. Garantizamos el acceso efectivo a la justicia, la verdad y la reparaci\u00f3n de las v\u00edctimas de los delitos.\",\"breadcrumb\":{\"@id\":\"https:\/\/www.fiscalia.gov.co\/colombia\/noticias\/accion-investigativa-en-defensa-de-los-recursos-naturales-permite-ubicar-dos-centros-de-acopio-y-fundicion-de-minerales-extraidos-ilicitamente-en-zona-de-frontera-con-venezuela\/#breadcrumb\"},\"inLanguage\":\"es-CO\",\"potentialAction\":[{\"@type\":\"ReadAction\",\"target\":[\"https:\/\/www.fiscalia.gov.co\/colombia\/noticias\/accion-investigativa-en-defensa-de-los-recursos-naturales-permite-ubicar-dos-centros-de-acopio-y-fundicion-de-minerales-extraidos-ilicitamente-en-zona-de-frontera-con-venezuela\/\"]}]},{\"@type\":\"BreadcrumbList\",\"@id\":\"https:\/\/www.fiscalia.gov.co\/colombia\/noticias\/accion-investigativa-en-defensa-de-los-recursos-naturales-permite-ubicar-dos-centros-de-acopio-y-fundicion-de-minerales-extraidos-ilicitamente-en-zona-de-frontera-con-venezuela\/#breadcrumb\",\"itemListElement\":[{\"@type\":\"ListItem\",\"position\":1,\"name\":\"Home\",\"item\":\"https:\/\/www.fiscalia.gov.co\/colombia\/\"},{\"@type\":\"ListItem\",\"position\":2,\"name\":\"Acci\u00f3n investigativa en defensa de los recursos naturales permite ubicar dos centros de acopio y fundici\u00f3n de minerales extra\u00eddos il\u00edcitamente en zona de frontera con Venezuela\"}]},{\"@type\":\"WebSite\",\"@id\":\"https:\/\/www.fiscalia.gov.co\/colombia\/#website\",\"url\":\"https:\/\/www.fiscalia.gov.co\/colombia\/\",\"name\":\"Fiscal\u00eda General de la Naci\u00f3n\",\"description\":\"P\u00e1gina oficial de la Fiscal\u00eda General de la Naci\u00f3n \u2013 Colombia. Garantizamos el acceso efectivo a la justicia, la verdad y la reparaci\u00f3n de las v\u00edctimas de los delitos.\",\"publisher\":{\"@id\":\"https:\/\/www.fiscalia.gov.co\/colombia\/#organization\"},\"potentialAction\":[{\"@type\":\"SearchAction\",\"target\":{\"@type\":\"EntryPoint\",\"urlTemplate\":\"https:\/\/www.fiscalia.gov.co\/colombia\/?s={search_term_string}\"},\"query-input\":{\"@type\":\"PropertyValueSpecification\",\"valueRequired\":true,\"valueName\":\"search_term_string\"}}],\"inLanguage\":\"es-CO\"},{\"@type\":\"Organization\",\"@id\":\"https:\/\/www.fiscalia.gov.co\/colombia\/#organization\",\"name\":\"Fiscal\u00eda General de la Naci\u00f3n\",\"url\":\"https:\/\/www.fiscalia.gov.co\/colombia\/\",\"logo\":{\"@type\":\"ImageObject\",\"inLanguage\":\"es-CO\",\"@id\":\"https:\/\/www.fiscalia.gov.co\/colombia\/#\/schema\/logo\/image\/\",\"url\":\"https:\/\/www.fiscalia.gov.co\/colombia\/wp-content\/uploads\/LogoHorizontal_1.jpg\",\"contentUrl\":\"https:\/\/www.fiscalia.gov.co\/colombia\/wp-content\/uploads\/LogoHorizontal_1.jpg\",\"width\":300,\"height\":90,\"caption\":\"Fiscal\u00eda General de la Naci\u00f3n\"},\"image\":{\"@id\":\"https:\/\/www.fiscalia.gov.co\/colombia\/#\/schema\/logo\/image\/\"},\"sameAs\":[\"https:\/\/www.facebook.com\/FiscaliaCol\",\"https:\/\/x.com\/FiscaliaCol\",\"https:\/\/www.instagram.com\/fiscaliacol\",\"https:\/\/www.linkedin.com\/company\/fiscalia-general-de-la-naci-n\/\",\"https:\/\/youtube.com\/@fiscaliageneraldelanacion-4668?si=6nN79nyQICPU5iTh\"]},{\"@type\":\"Person\",\"@id\":\"https:\/\/www.fiscalia.gov.co\/colombia\/#\/schema\/person\/2e76b9aba5ecf875ed565ce4de0e0415\",\"name\":\"Katherine Loaiza Mart\u00ednez\",\"image\":{\"@type\":\"ImageObject\",\"inLanguage\":\"es-CO\",\"@id\":\"https:\/\/www.fiscalia.gov.co\/colombia\/#\/schema\/person\/image\/\",\"url\":\"https:\/\/secure.gravatar.com\/avatar\/ab775a2f394c1b83b6d6f78680e57b50?s=96&d=mm&r=g\",\"contentUrl\":\"https:\/\/secure.gravatar.com\/avatar\/ab775a2f394c1b83b6d6f78680e57b50?s=96&d=mm&r=g\",\"caption\":\"Katherine Loaiza Mart\u00ednez\"},\"url\":\"https:\/\/www.fiscalia.gov.co\/colombia\/author\/kloaiza\/\"}]}<\/script>\n<!-- \/ Yoast SEO plugin. -->","yoast_head_json":{"title":"Fiscal\u00eda General de la Naci\u00f3n","description":"P\u00e1gina oficial de la Fiscal\u00eda General de la Naci\u00f3n \u2013 Colombia. Garantizamos el acceso efectivo a la justicia, la verdad y la reparaci\u00f3n de las v\u00edctimas de los delitos.","robots":{"index":"noindex","follow":"follow"},"og_locale":"es_ES","og_type":"article","og_title":"Fiscal\u00eda General de la Naci\u00f3n","og_description":"P\u00e1gina oficial de la Fiscal\u00eda General de la Naci\u00f3n \u2013 Colombia. Garantizamos el acceso efectivo a la justicia, la verdad y la reparaci\u00f3n de las v\u00edctimas de los delitos.","og_url":"https:\/\/www.fiscalia.gov.co\/colombia\/noticias\/accion-investigativa-en-defensa-de-los-recursos-naturales-permite-ubicar-dos-centros-de-acopio-y-fundicion-de-minerales-extraidos-ilicitamente-en-zona-de-frontera-con-venezuela\/","og_site_name":"Fiscal\u00eda General de la Naci\u00f3n","article_publisher":"https:\/\/www.facebook.com\/FiscaliaCol","article_published_time":"2022-07-24T14:06:18+00:00","article_modified_time":"2022-07-29T18:00:21+00:00","author":"Katherine Loaiza Mart\u00ednez","twitter_card":"summary_large_image","twitter_creator":"@FiscaliaCol","twitter_site":"@FiscaliaCol","twitter_misc":{"Escrito por":"Katherine Loaiza Mart\u00ednez","Tiempo de lectura":"2 minutos"},"schema":{"@context":"https:\/\/schema.org","@graph":[{"@type":"Article","@id":"https:\/\/www.fiscalia.gov.co\/colombia\/noticias\/accion-investigativa-en-defensa-de-los-recursos-naturales-permite-ubicar-dos-centros-de-acopio-y-fundicion-de-minerales-extraidos-ilicitamente-en-zona-de-frontera-con-venezuela\/#article","isPartOf":{"@id":"https:\/\/www.fiscalia.gov.co\/colombia\/noticias\/accion-investigativa-en-defensa-de-los-recursos-naturales-permite-ubicar-dos-centros-de-acopio-y-fundicion-de-minerales-extraidos-ilicitamente-en-zona-de-frontera-con-venezuela\/"},"author":{"name":"Katherine Loaiza Mart\u00ednez","@id":"https:\/\/www.fiscalia.gov.co\/colombia\/#\/schema\/person\/2e76b9aba5ecf875ed565ce4de0e0415"},"headline":"Acci\u00f3n investigativa en defensa de los recursos naturales permite ubicar dos centros de acopio y fundici\u00f3n de minerales extra\u00eddos il\u00edcitamente en zona de frontera con Venezuela","datePublished":"2022-07-24T14:06:18+00:00","dateModified":"2022-07-29T18:00:21+00:00","mainEntityOfPage":{"@id":"https:\/\/www.fiscalia.gov.co\/colombia\/noticias\/accion-investigativa-en-defensa-de-los-recursos-naturales-permite-ubicar-dos-centros-de-acopio-y-fundicion-de-minerales-extraidos-ilicitamente-en-zona-de-frontera-con-venezuela\/"},"wordCount":438,"publisher":{"@id":"https:\/\/www.fiscalia.gov.co\/colombia\/#organization"},"keywords":["Fiscal Barbosa","Fiscal Francisco Barbosa","Fiscal General Francisco Barbosa Delgado"],"articleSection":["Derechos Humanos","Noticias"],"inLanguage":"es-CO"},{"@type":"WebPage","@id":"https:\/\/www.fiscalia.gov.co\/colombia\/noticias\/accion-investigativa-en-defensa-de-los-recursos-naturales-permite-ubicar-dos-centros-de-acopio-y-fundicion-de-minerales-extraidos-ilicitamente-en-zona-de-frontera-con-venezuela\/","url":"https:\/\/www.fiscalia.gov.co\/colombia\/noticias\/accion-investigativa-en-defensa-de-los-recursos-naturales-permite-ubicar-dos-centros-de-acopio-y-fundicion-de-minerales-extraidos-ilicitamente-en-zona-de-frontera-con-venezuela\/","name":"Fiscal\u00eda General de la Naci\u00f3n","isPartOf":{"@id":"https:\/\/www.fiscalia.gov.co\/colombia\/#website"},"datePublished":"2022-07-24T14:06:18+00:00","dateModified":"2022-07-29T18:00:21+00:00","description":"P\u00e1gina oficial de la Fiscal\u00eda General de la Naci\u00f3n \u2013 Colombia. Garantizamos el acceso efectivo a la justicia, la verdad y la reparaci\u00f3n de las v\u00edctimas de los delitos.","breadcrumb":{"@id":"https:\/\/www.fiscalia.gov.co\/colombia\/noticias\/accion-investigativa-en-defensa-de-los-recursos-naturales-permite-ubicar-dos-centros-de-acopio-y-fundicion-de-minerales-extraidos-ilicitamente-en-zona-de-frontera-con-venezuela\/#breadcrumb"},"inLanguage":"es-CO","potentialAction":[{"@type":"ReadAction","target":["https:\/\/www.fiscalia.gov.co\/colombia\/noticias\/accion-investigativa-en-defensa-de-los-recursos-naturales-permite-ubicar-dos-centros-de-acopio-y-fundicion-de-minerales-extraidos-ilicitamente-en-zona-de-frontera-con-venezuela\/"]}]},{"@type":"BreadcrumbList","@id":"https:\/\/www.fiscalia.gov.co\/colombia\/noticias\/accion-investigativa-en-defensa-de-los-recursos-naturales-permite-ubicar-dos-centros-de-acopio-y-fundicion-de-minerales-extraidos-ilicitamente-en-zona-de-frontera-con-venezuela\/#breadcrumb","itemListElement":[{"@type":"ListItem","position":1,"name":"Home","item":"https:\/\/www.fiscalia.gov.co\/colombia\/"},{"@type":"ListItem","position":2,"name":"Acci\u00f3n investigativa en defensa de los recursos naturales permite ubicar dos centros de acopio y fundici\u00f3n de minerales extra\u00eddos il\u00edcitamente en zona de frontera con Venezuela"}]},{"@type":"WebSite","@id":"https:\/\/www.fiscalia.gov.co\/colombia\/#website","url":"https:\/\/www.fiscalia.gov.co\/colombia\/","name":"Fiscal\u00eda General de la Naci\u00f3n","description":"P\u00e1gina oficial de la Fiscal\u00eda General de la Naci\u00f3n \u2013 Colombia. Garantizamos el acceso efectivo a la justicia, la verdad y la reparaci\u00f3n de las v\u00edctimas de los delitos.","publisher":{"@id":"https:\/\/www.fiscalia.gov.co\/colombia\/#organization"},"potentialAction":[{"@type":"SearchAction","target":{"@type":"EntryPoint","urlTemplate":"https:\/\/www.fiscalia.gov.co\/colombia\/?s={search_term_string}"},"query-input":{"@type":"PropertyValueSpecification","valueRequired":true,"valueName":"search_term_string"}}],"inLanguage":"es-CO"},{"@type":"Organization","@id":"https:\/\/www.fiscalia.gov.co\/colombia\/#organization","name":"Fiscal\u00eda General de la Naci\u00f3n","url":"https:\/\/www.fiscalia.gov.co\/colombia\/","logo":{"@type":"ImageObject","inLanguage":"es-CO","@id":"https:\/\/www.fiscalia.gov.co\/colombia\/#\/schema\/logo\/image\/","url":"https:\/\/www.fiscalia.gov.co\/colombia\/wp-content\/uploads\/LogoHorizontal_1.jpg","contentUrl":"https:\/\/www.fiscalia.gov.co\/colombia\/wp-content\/uploads\/LogoHorizontal_1.jpg","width":300,"height":90,"caption":"Fiscal\u00eda General de la Naci\u00f3n"},"image":{"@id":"https:\/\/www.fiscalia.gov.co\/colombia\/#\/schema\/logo\/image\/"},"sameAs":["https:\/\/www.facebook.com\/FiscaliaCol","https:\/\/x.com\/FiscaliaCol","https:\/\/www.instagram.com\/fiscaliacol","https:\/\/www.linkedin.com\/company\/fiscalia-general-de-la-naci-n\/","https:\/\/youtube.com\/@fiscaliageneraldelanacion-4668?si=6nN79nyQICPU5iTh"]},{"@type":"Person","@id":"https:\/\/www.fiscalia.gov.co\/colombia\/#\/schema\/person\/2e76b9aba5ecf875ed565ce4de0e0415","name":"Katherine Loaiza Mart\u00ednez","image":{"@type":"ImageObject","inLanguage":"es-CO","@id":"https:\/\/www.fiscalia.gov.co\/colombia\/#\/schema\/person\/image\/","url":"https:\/\/secure.gravatar.com\/avatar\/ab775a2f394c1b83b6d6f78680e57b50?s=96&d=mm&r=g","contentUrl":"https:\/\/secure.gravatar.com\/avatar\/ab775a2f394c1b83b6d6f78680e57b50?s=96&d=mm&r=g","caption":"Katherine Loaiza Mart\u00ednez"},"url":"https:\/\/www.fiscalia.gov.co\/colombia\/author\/kloaiza\/"}]}},"_links":{"self":[{"href":"https:\/\/www.fiscalia.gov.co\/colombia\/wp-json\/wp\/v2\/posts\/253371","targetHints":{"allow":["GET"]}}],"collection":[{"href":"https:\/\/www.fiscalia.gov.co\/colombia\/wp-json\/wp\/v2\/posts"}],"about":[{"href":"https:\/\/www.fiscalia.gov.co\/colombia\/wp-json\/wp\/v2\/types\/post"}],"author":[{"embeddable":true,"href":"https:\/\/www.fiscalia.gov.co\/colombia\/wp-json\/wp\/v2\/users\/175"}],"replies":[{"embeddable":true,"href":"https:\/\/www.fiscalia.gov.co\/colombia\/wp-json\/wp\/v2\/comments?post=253371"}],"version-history":[{"count":1,"href":"https:\/\/www.fiscalia.gov.co\/colombia\/wp-json\/wp\/v2\/posts\/253371\/revisions"}],"predecessor-version":[{"id":253372,"href":"https:\/\/www.fiscalia.gov.co\/colombia\/wp-json\/wp\/v2\/posts\/253371\/revisions\/253372"}],"wp:attachment":[{"href":"https:\/\/www.fiscalia.gov.co\/colombia\/wp-json\/wp\/v2\/media?parent=253371"}],"wp:term":[{"taxonomy":"category","embeddable":true,"href":"https:\/\/www.fiscalia.gov.co\/colombia\/wp-json\/wp\/v2\/categories?post=253371"},{"taxonomy":"post_tag","embeddable":true,"href":"https:\/\/www.fiscalia.gov.co\/colombia\/wp-json\/wp\/v2\/tags?post=253371"}],"curies":[{"name":"wp","href":"https:\/\/api.w.org\/{rel}","templated":true}]}}