{"id":253345,"date":"2022-07-22T19:01:56","date_gmt":"2022-07-23T00:01:56","guid":{"rendered":"https:\/\/www.fiscalia.gov.co\/colombia\/?p=253345"},"modified":"2022-07-22T19:18:30","modified_gmt":"2022-07-23T00:18:30","slug":"fiscal-general-de-la-nacion-francisco-barbosa-delgado-exalta-la-labor-de-la-policia-judicial-durante-la-conmemoracion-el-dia-del-investigador","status":"publish","type":"post","link":"https:\/\/www.fiscalia.gov.co\/colombia\/noticias\/fiscal-general-de-la-nacion-francisco-barbosa-delgado-exalta-la-labor-de-la-policia-judicial-durante-la-conmemoracion-el-dia-del-investigador\/","title":{"rendered":"Fiscal General de la Naci\u00f3n, Francisco Barbosa Delgado, exalta la labor de la polic\u00eda judicial durante la conmemoraci\u00f3n el D\u00eda del Investigador"},"content":{"rendered":"<ul>\n<li style=\"text-align: left;\">\n<h4><strong><em>Indic\u00f3 la necesidad en aumentar el valor de la prueba t\u00e9cnica para avanzar en los procesos penales.<\/em><\/strong><\/h4>\n<\/li>\n<\/ul>\n<ul>\n<li style=\"text-align: left;\">\n<h4><strong><em>Destac\u00f3 el trabajo de los investigadores que ha permitido afectar con fines de extinci\u00f3n de dominio bienes avaluados en m\u00e1s de 23 billones de pesos, una cifra que equivale a dos reformas tributarias.<\/em><\/strong><\/h4>\n<\/li>\n<\/ul>\n<p>&nbsp;<\/p>\n<p>Durante la conmemoraci\u00f3n del \u2018D\u00eda del Investigador\u2019, el Fiscal General de la Naci\u00f3n, Francisco Barbosa Delgado, resalt\u00f3 el compromiso y profesionalismos de los analistas, t\u00e9cnicos forenses, perfiladores, peritos, entre otros integrantes de los grupos de polic\u00eda judicial del CTI que han permitido lograr resultados destacados en la lucha contra la delincuencia y la criminalidad organizada.<\/p>\n<iframe loading=\"lazy\"  id=\"_ytid_50763\"  width=\"696\" height=\"392\"  data-origwidth=\"696\" data-origheight=\"392\" src=\"https:\/\/www.youtube.com\/embed\/JIpvSuyrdY0?enablejsapi=1&autoplay=0&cc_load_policy=0&cc_lang_pref=&iv_load_policy=1&loop=0&modestbranding=0&rel=1&fs=1&playsinline=0&autohide=2&theme=dark&color=red&controls=1&\" class=\"__youtube_prefs__  no-lazyload\" title=\"YouTube player\"  allow=\"fullscreen; accelerometer; autoplay; clipboard-write; encrypted-media; gyroscope; picture-in-picture\" allowfullscreen data-no-lazy=\"1\" data-skipgform_ajax_framebjll=\"\"><\/iframe>\n<p>\u201cNo hay acci\u00f3n penal, ni justicia penal, ni estrategias de persecuci\u00f3n al delito que funcionen, ni lineamientos de pol\u00edtica criminal eficaces, si no hay investigadores. Todos estos resultados son de ustedes. Ustedes hacen la tarea inicial fundamental. Sin esos insumos nadie puede llevar ante el juez de control garant\u00edas ning\u00fan elemento, material probatorio, evidencia f\u00edsica para lograr resultados\u201d enfatiz\u00f3 el Fiscal General.<\/p>\n<p><img loading=\"lazy\" decoding=\"async\" class=\"aligncenter size-full wp-image-253347\" src=\"https:\/\/www.fiscalia.gov.co\/colombia\/wp-content\/uploads\/Fiscal_Francisco_Barbosa_Dia_Investigador.jpeg\" alt=\"\" width=\"1600\" height=\"1066\" srcset=\"https:\/\/www.fiscalia.gov.co\/colombia\/wp-content\/uploads\/Fiscal_Francisco_Barbosa_Dia_Investigador.jpeg 1600w, https:\/\/www.fiscalia.gov.co\/colombia\/wp-content\/uploads\/Fiscal_Francisco_Barbosa_Dia_Investigador-300x200.jpeg 300w, https:\/\/www.fiscalia.gov.co\/colombia\/wp-content\/uploads\/Fiscal_Francisco_Barbosa_Dia_Investigador-1024x682.jpeg 1024w, https:\/\/www.fiscalia.gov.co\/colombia\/wp-content\/uploads\/Fiscal_Francisco_Barbosa_Dia_Investigador-768x512.jpeg 768w, https:\/\/www.fiscalia.gov.co\/colombia\/wp-content\/uploads\/Fiscal_Francisco_Barbosa_Dia_Investigador-1536x1023.jpeg 1536w, https:\/\/www.fiscalia.gov.co\/colombia\/wp-content\/uploads\/Fiscal_Francisco_Barbosa_Dia_Investigador-696x464.jpeg 696w, https:\/\/www.fiscalia.gov.co\/colombia\/wp-content\/uploads\/Fiscal_Francisco_Barbosa_Dia_Investigador-1068x712.jpeg 1068w, https:\/\/www.fiscalia.gov.co\/colombia\/wp-content\/uploads\/Fiscal_Francisco_Barbosa_Dia_Investigador-630x420.jpeg 630w\" sizes=\"auto, (max-width: 1600px) 100vw, 1600px\" \/><\/p>\n<p>En ese sentido, destac\u00f3 la necesidad de fortalecer las capacidades para la obtenci\u00f3n de la prueba t\u00e9cnica, esencial e irrefutable a la hora de establecer la verdad sobre las graves conductas que afectan a la ciudadan\u00eda.<\/p>\n<iframe loading=\"lazy\"  id=\"_ytid_11479\"  width=\"696\" height=\"392\"  data-origwidth=\"696\" data-origheight=\"392\" src=\"https:\/\/www.youtube.com\/embed\/wthZzC85-Kg?enablejsapi=1&autoplay=0&cc_load_policy=0&cc_lang_pref=&iv_load_policy=1&loop=0&modestbranding=0&rel=1&fs=1&playsinline=0&autohide=2&theme=dark&color=red&controls=1&\" class=\"__youtube_prefs__  no-lazyload\" title=\"YouTube player\"  allow=\"fullscreen; accelerometer; autoplay; clipboard-write; encrypted-media; gyroscope; picture-in-picture\" allowfullscreen data-no-lazy=\"1\" data-skipgform_ajax_framebjll=\"\"><\/iframe>\n<p>\u201cEn el marco de lograr que la prueba t\u00e9cnica, que la prueba cient\u00edfica, que la prueba pericial, que nuestros recursos forenses, que nuestras tecnolog\u00edas de la informaci\u00f3n, que nuestra concentraci\u00f3n de tareas investigativas supere el testimonio como elemento central en las investigaciones penales\u201d, precis\u00f3.<\/p>\n<p>Uno de los ejes prioritarios definidos por el Fiscal General es la persecuci\u00f3n y afectaci\u00f3n de los patrimonios il\u00edcitos. En este aspecto, el trabajo persistente de an\u00e1lisis y rastreo que realizan los investigadores del CTI ha sido determinante para alcanzar cifras hist\u00f3ricas en materia de extinci\u00f3n del derecho de dominio, durante algo m\u00e1s de dos a\u00f1os de gesti\u00f3n.<\/p>\n<p>\u201c23 billones de pesos. Uno pensar\u00eda que son dos reformas tributarias normales lo que hemos recaudado o recuperado en estos dos a\u00f1os y medio. Mas all\u00e1 de lamentar y golpear el bolsillo de los colombianos deber\u00edan m\u00e1s bien mirar c\u00f3mo monetizan esos bienes que la Fiscal\u00eda le ha puesto al servicio y se los ha entregado a la SAE para que podamos utilizar esos recursos y permitir la recuperaci\u00f3n de la econom\u00eda colombiana\u201d, enfatiz\u00f3 el Fiscal Barbosa Delgado.<\/p>\n<p>En esa lucha de identificaci\u00f3n y afectaci\u00f3n de los activos de la criminalidad, la Fiscal\u00eda tambi\u00e9n ha conseguido recursos importantes en beneficio de las v\u00edctimas del conflicto armado.<\/p>\n<iframe loading=\"lazy\"  id=\"_ytid_10436\"  width=\"696\" height=\"392\"  data-origwidth=\"696\" data-origheight=\"392\" src=\"https:\/\/www.youtube.com\/embed\/KaIuMN5p8nI?enablejsapi=1&autoplay=0&cc_load_policy=0&cc_lang_pref=&iv_load_policy=1&loop=0&modestbranding=0&rel=1&fs=1&playsinline=0&autohide=2&theme=dark&color=red&controls=1&\" class=\"__youtube_prefs__  no-lazyload\" title=\"YouTube player\"  allow=\"fullscreen; accelerometer; autoplay; clipboard-write; encrypted-media; gyroscope; picture-in-picture\" allowfullscreen data-no-lazy=\"1\" data-skipgform_ajax_framebjll=\"\"><\/iframe>\n<p>\u201cTenemos en la Direcci\u00f3n de Justicia Transicional la entrega al Fondo de Reparaci\u00f3n para las V\u00edctimas bienes por m\u00e1s de 600.000 millones de pesos, sumando la acci\u00f3n que fue avalada por el Tribunal de 70.000 millones de pesos, representados en unos bienes en dos municipios en Antioquia, en El Retiro y Envigado, que curiosamente aparece un expol\u00edtico dentro de los titulares. Es inadmisible que pol\u00edtico alguno en Colombia tenga ese nivel de recursos\u201d, recalc\u00f3.<\/p>\n<p>Las acciones judiciales contra la corrupci\u00f3n han sido otras de las prioridades de los investigadores de la entidad. En este escenario, los elementos de prueba y la evidencia t\u00e9cnica recopilados han facilitado la realizaci\u00f3n de 12.370 audiencias de imputaci\u00f3n, 49 de estas a gobernadores o exgobernadores, 13 m\u00e1s a altos funcionarios de la Rama Judicial y 16 contra integrantes de la fuerza p\u00fablica.<\/p>\n<p>En el marco del D\u00eda del Investigador, el Fiscal General de la Naci\u00f3n; la Vicefiscal General, Martha Janeth Mancera; y el director nacional del CTI, Alberto Acevedo Quintero, entregaron un reconocimiento especial a 12 funcionarios que, como analistas, han permitido la desarticulaci\u00f3n de grandes estructuras ilegales y avanzar en el esclarecimiento de homicidios.<\/p>\n<p>\u201cDefender\u00e9 en este a\u00f1o y medio que me queda de mandato la soberan\u00eda judicial colombiana. Aqu\u00ed no caben comisiones internacionales de ning\u00fan tipo para decirle a Colombia c\u00f3mo tiene que investigar. Nosotros lo sabemos hacer. 30 a\u00f1os con la Fiscal\u00eda General de la Naci\u00f3n, 30 a\u00f1os con un cuerpo de investigaci\u00f3n que es profesional y que sabe hacer las investigaciones, nos ha mostrado que hemos podido responderle a Colombia en m\u00faltiples episodios de nuestra historia\u201d, concluy\u00f3 el Fiscal General.<\/p>\n<iframe loading=\"lazy\"  id=\"_ytid_99983\"  width=\"696\" height=\"392\"  data-origwidth=\"696\" data-origheight=\"392\" src=\"https:\/\/www.youtube.com\/embed\/d8qgIFz5aMA?enablejsapi=1&autoplay=0&cc_load_policy=0&cc_lang_pref=&iv_load_policy=1&loop=0&modestbranding=0&rel=1&fs=1&playsinline=0&autohide=2&theme=dark&color=red&controls=1&\" class=\"__youtube_prefs__  no-lazyload\" title=\"YouTube player\"  allow=\"fullscreen; accelerometer; autoplay; clipboard-write; encrypted-media; gyroscope; picture-in-picture\" allowfullscreen data-no-lazy=\"1\" data-skipgform_ajax_framebjll=\"\"><\/iframe>\n<p>Esta informaci\u00f3n se publica por razones de inter\u00e9s general.<\/p>\n<p>LAGP\/JARG\/MCRC.<\/p>\n<p><strong>La Fiscal\u00eda habla con resultados.<\/strong><\/p>\n<p>&nbsp;<\/p>\n<p><em><span lang=\"ES\">La informaci\u00f3n contenida en este bolet\u00edn de prensa corresponde a la narraci\u00f3n de los hechos noticiosos objetivos, suministrados por los funcionarios encargados de adelantar las investigaciones penales al interior de la Fiscal\u00eda General de la Naci\u00f3n. Para el momento de la divulgaci\u00f3n de este comunicado, la situaci\u00f3n jur\u00eddica de la(s) persona(s) relacionada(s) se encuentra pendiente de resolver por la autoridad judicial competente, siempre bajo los preceptos de la presunci\u00f3n de inocencia, consagrados en el art\u00edculo 29 de la Constituci\u00f3n Pol\u00edtica y el art\u00edculo 7\u00ba de la Ley 906 de 2004.<\/span><\/em><\/p>\n\n<div class=\"twitter-share\"><a href=\"https:\/\/twitter.com\/intent\/tweet?via=fiscaliacol\" class=\"twitter-share-button\">Tweet<\/a><\/div>\n","protected":false},"excerpt":{"rendered":"<p>Indic\u00f3 la necesidad en aumentar el valor de la prueba t\u00e9cnica para avanzar en los procesos penales. Destac\u00f3 el trabajo de los investigadores que ha permitido afectar con fines de [&hellip;]<\/p>\n","protected":false},"author":175,"featured_media":253350,"comment_status":"closed","ping_status":"open","sticky":false,"template":"","format":"video","meta":{"tdm_status":"","tdm_grid_status":"","footnotes":""},"categories":[24096,1],"tags":[24189,24526],"class_list":["post-253345","post","type-post","status-publish","format-video","has-post-thumbnail","category-fiscal-general-de-la-nacion","category-noticias","tag-fiscal-francisco-barbosa-delgado","tag-fiscal-general-francisco-barbosa-delgado","post_format-post-format-video"],"yoast_head":"<!-- This site is optimized with the Yoast SEO plugin v24.3 - https:\/\/yoast.com\/wordpress\/plugins\/seo\/ -->\n<title>Fiscal\u00eda General de la Naci\u00f3n<\/title>\n<meta name=\"description\" content=\"P\u00e1gina oficial de la Fiscal\u00eda General de la Naci\u00f3n \u2013 Colombia. Garantizamos el acceso efectivo a la justicia, la verdad y la reparaci\u00f3n de las v\u00edctimas de los delitos.\" \/>\n<meta name=\"robots\" content=\"noindex, follow\" \/>\n<meta property=\"og:locale\" content=\"es_ES\" \/>\n<meta property=\"og:type\" content=\"article\" \/>\n<meta property=\"og:title\" content=\"Fiscal\u00eda General de la Naci\u00f3n\" \/>\n<meta property=\"og:description\" content=\"P\u00e1gina oficial de la Fiscal\u00eda General de la Naci\u00f3n \u2013 Colombia. Garantizamos el acceso efectivo a la justicia, la verdad y la reparaci\u00f3n de las v\u00edctimas de los delitos.\" \/>\n<meta property=\"og:url\" content=\"https:\/\/www.fiscalia.gov.co\/colombia\/noticias\/fiscal-general-de-la-nacion-francisco-barbosa-delgado-exalta-la-labor-de-la-policia-judicial-durante-la-conmemoracion-el-dia-del-investigador\/\" \/>\n<meta property=\"og:site_name\" content=\"Fiscal\u00eda General de la Naci\u00f3n\" \/>\n<meta property=\"article:publisher\" content=\"https:\/\/www.facebook.com\/FiscaliaCol\" \/>\n<meta property=\"article:published_time\" content=\"2022-07-23T00:01:56+00:00\" \/>\n<meta property=\"article:modified_time\" content=\"2022-07-23T00:18:30+00:00\" \/>\n<meta property=\"og:image\" content=\"https:\/\/www.fiscalia.gov.co\/colombia\/wp-content\/uploads\/maxresdefault-604.jpg\" \/>\n\t<meta property=\"og:image:width\" content=\"1280\" \/>\n\t<meta property=\"og:image:height\" content=\"720\" \/>\n\t<meta property=\"og:image:type\" content=\"image\/jpeg\" \/>\n<meta name=\"author\" content=\"Katherine Loaiza Mart\u00ednez\" \/>\n<meta name=\"twitter:card\" content=\"summary_large_image\" \/>\n<meta name=\"twitter:creator\" content=\"@FiscaliaCol\" \/>\n<meta name=\"twitter:site\" content=\"@FiscaliaCol\" \/>\n<meta name=\"twitter:label1\" content=\"Escrito por\" \/>\n\t<meta name=\"twitter:data1\" content=\"Katherine Loaiza Mart\u00ednez\" \/>\n\t<meta name=\"twitter:label2\" content=\"Tiempo de lectura\" \/>\n\t<meta name=\"twitter:data2\" content=\"5 minutos\" \/>\n<script type=\"application\/ld+json\" class=\"yoast-schema-graph\">{\"@context\":\"https:\/\/schema.org\",\"@graph\":[{\"@type\":\"Article\",\"@id\":\"https:\/\/www.fiscalia.gov.co\/colombia\/noticias\/fiscal-general-de-la-nacion-francisco-barbosa-delgado-exalta-la-labor-de-la-policia-judicial-durante-la-conmemoracion-el-dia-del-investigador\/#article\",\"isPartOf\":{\"@id\":\"https:\/\/www.fiscalia.gov.co\/colombia\/noticias\/fiscal-general-de-la-nacion-francisco-barbosa-delgado-exalta-la-labor-de-la-policia-judicial-durante-la-conmemoracion-el-dia-del-investigador\/\"},\"author\":{\"name\":\"Katherine Loaiza Mart\u00ednez\",\"@id\":\"https:\/\/www.fiscalia.gov.co\/colombia\/#\/schema\/person\/2e76b9aba5ecf875ed565ce4de0e0415\"},\"headline\":\"Fiscal General de la Naci\u00f3n, Francisco Barbosa Delgado, exalta la labor de la polic\u00eda judicial durante la conmemoraci\u00f3n el D\u00eda del Investigador\",\"datePublished\":\"2022-07-23T00:01:56+00:00\",\"dateModified\":\"2022-07-23T00:18:30+00:00\",\"mainEntityOfPage\":{\"@id\":\"https:\/\/www.fiscalia.gov.co\/colombia\/noticias\/fiscal-general-de-la-nacion-francisco-barbosa-delgado-exalta-la-labor-de-la-policia-judicial-durante-la-conmemoracion-el-dia-del-investigador\/\"},\"wordCount\":930,\"publisher\":{\"@id\":\"https:\/\/www.fiscalia.gov.co\/colombia\/#organization\"},\"image\":{\"@id\":\"https:\/\/www.fiscalia.gov.co\/colombia\/noticias\/fiscal-general-de-la-nacion-francisco-barbosa-delgado-exalta-la-labor-de-la-policia-judicial-durante-la-conmemoracion-el-dia-del-investigador\/#primaryimage\"},\"thumbnailUrl\":\"https:\/\/www.fiscalia.gov.co\/colombia\/wp-content\/uploads\/maxresdefault-604.jpg\",\"keywords\":[\"Fiscal Francisco Barbosa Delgado\",\"Fiscal General Francisco Barbosa Delgado\"],\"articleSection\":[\"Fiscal General de la Naci\u00f3n\",\"Noticias\"],\"inLanguage\":\"es-CO\"},{\"@type\":\"WebPage\",\"@id\":\"https:\/\/www.fiscalia.gov.co\/colombia\/noticias\/fiscal-general-de-la-nacion-francisco-barbosa-delgado-exalta-la-labor-de-la-policia-judicial-durante-la-conmemoracion-el-dia-del-investigador\/\",\"url\":\"https:\/\/www.fiscalia.gov.co\/colombia\/noticias\/fiscal-general-de-la-nacion-francisco-barbosa-delgado-exalta-la-labor-de-la-policia-judicial-durante-la-conmemoracion-el-dia-del-investigador\/\",\"name\":\"Fiscal\u00eda General de la Naci\u00f3n\",\"isPartOf\":{\"@id\":\"https:\/\/www.fiscalia.gov.co\/colombia\/#website\"},\"primaryImageOfPage\":{\"@id\":\"https:\/\/www.fiscalia.gov.co\/colombia\/noticias\/fiscal-general-de-la-nacion-francisco-barbosa-delgado-exalta-la-labor-de-la-policia-judicial-durante-la-conmemoracion-el-dia-del-investigador\/#primaryimage\"},\"image\":{\"@id\":\"https:\/\/www.fiscalia.gov.co\/colombia\/noticias\/fiscal-general-de-la-nacion-francisco-barbosa-delgado-exalta-la-labor-de-la-policia-judicial-durante-la-conmemoracion-el-dia-del-investigador\/#primaryimage\"},\"thumbnailUrl\":\"https:\/\/www.fiscalia.gov.co\/colombia\/wp-content\/uploads\/maxresdefault-604.jpg\",\"datePublished\":\"2022-07-23T00:01:56+00:00\",\"dateModified\":\"2022-07-23T00:18:30+00:00\",\"description\":\"P\u00e1gina oficial de la Fiscal\u00eda General de la Naci\u00f3n \u2013 Colombia. Garantizamos el acceso efectivo a la justicia, la verdad y la reparaci\u00f3n de las v\u00edctimas de los delitos.\",\"breadcrumb\":{\"@id\":\"https:\/\/www.fiscalia.gov.co\/colombia\/noticias\/fiscal-general-de-la-nacion-francisco-barbosa-delgado-exalta-la-labor-de-la-policia-judicial-durante-la-conmemoracion-el-dia-del-investigador\/#breadcrumb\"},\"inLanguage\":\"es-CO\",\"potentialAction\":[{\"@type\":\"ReadAction\",\"target\":[\"https:\/\/www.fiscalia.gov.co\/colombia\/noticias\/fiscal-general-de-la-nacion-francisco-barbosa-delgado-exalta-la-labor-de-la-policia-judicial-durante-la-conmemoracion-el-dia-del-investigador\/\"]}]},{\"@type\":\"ImageObject\",\"inLanguage\":\"es-CO\",\"@id\":\"https:\/\/www.fiscalia.gov.co\/colombia\/noticias\/fiscal-general-de-la-nacion-francisco-barbosa-delgado-exalta-la-labor-de-la-policia-judicial-durante-la-conmemoracion-el-dia-del-investigador\/#primaryimage\",\"url\":\"https:\/\/www.fiscalia.gov.co\/colombia\/wp-content\/uploads\/maxresdefault-604.jpg\",\"contentUrl\":\"https:\/\/www.fiscalia.gov.co\/colombia\/wp-content\/uploads\/maxresdefault-604.jpg\",\"width\":1280,\"height\":720},{\"@type\":\"BreadcrumbList\",\"@id\":\"https:\/\/www.fiscalia.gov.co\/colombia\/noticias\/fiscal-general-de-la-nacion-francisco-barbosa-delgado-exalta-la-labor-de-la-policia-judicial-durante-la-conmemoracion-el-dia-del-investigador\/#breadcrumb\",\"itemListElement\":[{\"@type\":\"ListItem\",\"position\":1,\"name\":\"Home\",\"item\":\"https:\/\/www.fiscalia.gov.co\/colombia\/\"},{\"@type\":\"ListItem\",\"position\":2,\"name\":\"Fiscal General de la Naci\u00f3n, Francisco Barbosa Delgado, exalta la labor de la polic\u00eda judicial durante la conmemoraci\u00f3n el D\u00eda del Investigador\"}]},{\"@type\":\"WebSite\",\"@id\":\"https:\/\/www.fiscalia.gov.co\/colombia\/#website\",\"url\":\"https:\/\/www.fiscalia.gov.co\/colombia\/\",\"name\":\"Fiscal\u00eda General de la Naci\u00f3n\",\"description\":\"P\u00e1gina oficial de la Fiscal\u00eda General de la Naci\u00f3n \u2013 Colombia. Garantizamos el acceso efectivo a la justicia, la verdad y la reparaci\u00f3n de las v\u00edctimas de los delitos.\",\"publisher\":{\"@id\":\"https:\/\/www.fiscalia.gov.co\/colombia\/#organization\"},\"potentialAction\":[{\"@type\":\"SearchAction\",\"target\":{\"@type\":\"EntryPoint\",\"urlTemplate\":\"https:\/\/www.fiscalia.gov.co\/colombia\/?s={search_term_string}\"},\"query-input\":{\"@type\":\"PropertyValueSpecification\",\"valueRequired\":true,\"valueName\":\"search_term_string\"}}],\"inLanguage\":\"es-CO\"},{\"@type\":\"Organization\",\"@id\":\"https:\/\/www.fiscalia.gov.co\/colombia\/#organization\",\"name\":\"Fiscal\u00eda General de la Naci\u00f3n\",\"url\":\"https:\/\/www.fiscalia.gov.co\/colombia\/\",\"logo\":{\"@type\":\"ImageObject\",\"inLanguage\":\"es-CO\",\"@id\":\"https:\/\/www.fiscalia.gov.co\/colombia\/#\/schema\/logo\/image\/\",\"url\":\"https:\/\/www.fiscalia.gov.co\/colombia\/wp-content\/uploads\/LogoHorizontal_1.jpg\",\"contentUrl\":\"https:\/\/www.fiscalia.gov.co\/colombia\/wp-content\/uploads\/LogoHorizontal_1.jpg\",\"width\":300,\"height\":90,\"caption\":\"Fiscal\u00eda General de la Naci\u00f3n\"},\"image\":{\"@id\":\"https:\/\/www.fiscalia.gov.co\/colombia\/#\/schema\/logo\/image\/\"},\"sameAs\":[\"https:\/\/www.facebook.com\/FiscaliaCol\",\"https:\/\/x.com\/FiscaliaCol\",\"https:\/\/www.instagram.com\/fiscaliacol\",\"https:\/\/www.linkedin.com\/company\/fiscalia-general-de-la-naci-n\/\",\"https:\/\/youtube.com\/@fiscaliageneraldelanacion-4668?si=6nN79nyQICPU5iTh\"]},{\"@type\":\"Person\",\"@id\":\"https:\/\/www.fiscalia.gov.co\/colombia\/#\/schema\/person\/2e76b9aba5ecf875ed565ce4de0e0415\",\"name\":\"Katherine Loaiza Mart\u00ednez\",\"image\":{\"@type\":\"ImageObject\",\"inLanguage\":\"es-CO\",\"@id\":\"https:\/\/www.fiscalia.gov.co\/colombia\/#\/schema\/person\/image\/\",\"url\":\"https:\/\/secure.gravatar.com\/avatar\/ab775a2f394c1b83b6d6f78680e57b50?s=96&d=mm&r=g\",\"contentUrl\":\"https:\/\/secure.gravatar.com\/avatar\/ab775a2f394c1b83b6d6f78680e57b50?s=96&d=mm&r=g\",\"caption\":\"Katherine Loaiza Mart\u00ednez\"},\"url\":\"https:\/\/www.fiscalia.gov.co\/colombia\/author\/kloaiza\/\"}]}<\/script>\n<!-- \/ Yoast SEO plugin. -->","yoast_head_json":{"title":"Fiscal\u00eda General de la Naci\u00f3n","description":"P\u00e1gina oficial de la Fiscal\u00eda General de la Naci\u00f3n \u2013 Colombia. Garantizamos el acceso efectivo a la justicia, la verdad y la reparaci\u00f3n de las v\u00edctimas de los delitos.","robots":{"index":"noindex","follow":"follow"},"og_locale":"es_ES","og_type":"article","og_title":"Fiscal\u00eda General de la Naci\u00f3n","og_description":"P\u00e1gina oficial de la Fiscal\u00eda General de la Naci\u00f3n \u2013 Colombia. Garantizamos el acceso efectivo a la justicia, la verdad y la reparaci\u00f3n de las v\u00edctimas de los delitos.","og_url":"https:\/\/www.fiscalia.gov.co\/colombia\/noticias\/fiscal-general-de-la-nacion-francisco-barbosa-delgado-exalta-la-labor-de-la-policia-judicial-durante-la-conmemoracion-el-dia-del-investigador\/","og_site_name":"Fiscal\u00eda General de la Naci\u00f3n","article_publisher":"https:\/\/www.facebook.com\/FiscaliaCol","article_published_time":"2022-07-23T00:01:56+00:00","article_modified_time":"2022-07-23T00:18:30+00:00","og_image":[{"width":1280,"height":720,"url":"https:\/\/www.fiscalia.gov.co\/colombia\/wp-content\/uploads\/maxresdefault-604.jpg","type":"image\/jpeg"}],"author":"Katherine Loaiza Mart\u00ednez","twitter_card":"summary_large_image","twitter_creator":"@FiscaliaCol","twitter_site":"@FiscaliaCol","twitter_misc":{"Escrito por":"Katherine Loaiza Mart\u00ednez","Tiempo de lectura":"5 minutos"},"schema":{"@context":"https:\/\/schema.org","@graph":[{"@type":"Article","@id":"https:\/\/www.fiscalia.gov.co\/colombia\/noticias\/fiscal-general-de-la-nacion-francisco-barbosa-delgado-exalta-la-labor-de-la-policia-judicial-durante-la-conmemoracion-el-dia-del-investigador\/#article","isPartOf":{"@id":"https:\/\/www.fiscalia.gov.co\/colombia\/noticias\/fiscal-general-de-la-nacion-francisco-barbosa-delgado-exalta-la-labor-de-la-policia-judicial-durante-la-conmemoracion-el-dia-del-investigador\/"},"author":{"name":"Katherine Loaiza Mart\u00ednez","@id":"https:\/\/www.fiscalia.gov.co\/colombia\/#\/schema\/person\/2e76b9aba5ecf875ed565ce4de0e0415"},"headline":"Fiscal General de la Naci\u00f3n, Francisco Barbosa Delgado, exalta la labor de la polic\u00eda judicial durante la conmemoraci\u00f3n el D\u00eda del Investigador","datePublished":"2022-07-23T00:01:56+00:00","dateModified":"2022-07-23T00:18:30+00:00","mainEntityOfPage":{"@id":"https:\/\/www.fiscalia.gov.co\/colombia\/noticias\/fiscal-general-de-la-nacion-francisco-barbosa-delgado-exalta-la-labor-de-la-policia-judicial-durante-la-conmemoracion-el-dia-del-investigador\/"},"wordCount":930,"publisher":{"@id":"https:\/\/www.fiscalia.gov.co\/colombia\/#organization"},"image":{"@id":"https:\/\/www.fiscalia.gov.co\/colombia\/noticias\/fiscal-general-de-la-nacion-francisco-barbosa-delgado-exalta-la-labor-de-la-policia-judicial-durante-la-conmemoracion-el-dia-del-investigador\/#primaryimage"},"thumbnailUrl":"https:\/\/www.fiscalia.gov.co\/colombia\/wp-content\/uploads\/maxresdefault-604.jpg","keywords":["Fiscal Francisco Barbosa Delgado","Fiscal General Francisco Barbosa Delgado"],"articleSection":["Fiscal General de la Naci\u00f3n","Noticias"],"inLanguage":"es-CO"},{"@type":"WebPage","@id":"https:\/\/www.fiscalia.gov.co\/colombia\/noticias\/fiscal-general-de-la-nacion-francisco-barbosa-delgado-exalta-la-labor-de-la-policia-judicial-durante-la-conmemoracion-el-dia-del-investigador\/","url":"https:\/\/www.fiscalia.gov.co\/colombia\/noticias\/fiscal-general-de-la-nacion-francisco-barbosa-delgado-exalta-la-labor-de-la-policia-judicial-durante-la-conmemoracion-el-dia-del-investigador\/","name":"Fiscal\u00eda General de la Naci\u00f3n","isPartOf":{"@id":"https:\/\/www.fiscalia.gov.co\/colombia\/#website"},"primaryImageOfPage":{"@id":"https:\/\/www.fiscalia.gov.co\/colombia\/noticias\/fiscal-general-de-la-nacion-francisco-barbosa-delgado-exalta-la-labor-de-la-policia-judicial-durante-la-conmemoracion-el-dia-del-investigador\/#primaryimage"},"image":{"@id":"https:\/\/www.fiscalia.gov.co\/colombia\/noticias\/fiscal-general-de-la-nacion-francisco-barbosa-delgado-exalta-la-labor-de-la-policia-judicial-durante-la-conmemoracion-el-dia-del-investigador\/#primaryimage"},"thumbnailUrl":"https:\/\/www.fiscalia.gov.co\/colombia\/wp-content\/uploads\/maxresdefault-604.jpg","datePublished":"2022-07-23T00:01:56+00:00","dateModified":"2022-07-23T00:18:30+00:00","description":"P\u00e1gina oficial de la Fiscal\u00eda General de la Naci\u00f3n \u2013 Colombia. Garantizamos el acceso efectivo a la justicia, la verdad y la reparaci\u00f3n de las v\u00edctimas de los delitos.","breadcrumb":{"@id":"https:\/\/www.fiscalia.gov.co\/colombia\/noticias\/fiscal-general-de-la-nacion-francisco-barbosa-delgado-exalta-la-labor-de-la-policia-judicial-durante-la-conmemoracion-el-dia-del-investigador\/#breadcrumb"},"inLanguage":"es-CO","potentialAction":[{"@type":"ReadAction","target":["https:\/\/www.fiscalia.gov.co\/colombia\/noticias\/fiscal-general-de-la-nacion-francisco-barbosa-delgado-exalta-la-labor-de-la-policia-judicial-durante-la-conmemoracion-el-dia-del-investigador\/"]}]},{"@type":"ImageObject","inLanguage":"es-CO","@id":"https:\/\/www.fiscalia.gov.co\/colombia\/noticias\/fiscal-general-de-la-nacion-francisco-barbosa-delgado-exalta-la-labor-de-la-policia-judicial-durante-la-conmemoracion-el-dia-del-investigador\/#primaryimage","url":"https:\/\/www.fiscalia.gov.co\/colombia\/wp-content\/uploads\/maxresdefault-604.jpg","contentUrl":"https:\/\/www.fiscalia.gov.co\/colombia\/wp-content\/uploads\/maxresdefault-604.jpg","width":1280,"height":720},{"@type":"BreadcrumbList","@id":"https:\/\/www.fiscalia.gov.co\/colombia\/noticias\/fiscal-general-de-la-nacion-francisco-barbosa-delgado-exalta-la-labor-de-la-policia-judicial-durante-la-conmemoracion-el-dia-del-investigador\/#breadcrumb","itemListElement":[{"@type":"ListItem","position":1,"name":"Home","item":"https:\/\/www.fiscalia.gov.co\/colombia\/"},{"@type":"ListItem","position":2,"name":"Fiscal General de la Naci\u00f3n, Francisco Barbosa Delgado, exalta la labor de la polic\u00eda judicial durante la conmemoraci\u00f3n el D\u00eda del Investigador"}]},{"@type":"WebSite","@id":"https:\/\/www.fiscalia.gov.co\/colombia\/#website","url":"https:\/\/www.fiscalia.gov.co\/colombia\/","name":"Fiscal\u00eda General de la Naci\u00f3n","description":"P\u00e1gina oficial de la Fiscal\u00eda General de la Naci\u00f3n \u2013 Colombia. Garantizamos el acceso efectivo a la justicia, la verdad y la reparaci\u00f3n de las v\u00edctimas de los delitos.","publisher":{"@id":"https:\/\/www.fiscalia.gov.co\/colombia\/#organization"},"potentialAction":[{"@type":"SearchAction","target":{"@type":"EntryPoint","urlTemplate":"https:\/\/www.fiscalia.gov.co\/colombia\/?s={search_term_string}"},"query-input":{"@type":"PropertyValueSpecification","valueRequired":true,"valueName":"search_term_string"}}],"inLanguage":"es-CO"},{"@type":"Organization","@id":"https:\/\/www.fiscalia.gov.co\/colombia\/#organization","name":"Fiscal\u00eda General de la Naci\u00f3n","url":"https:\/\/www.fiscalia.gov.co\/colombia\/","logo":{"@type":"ImageObject","inLanguage":"es-CO","@id":"https:\/\/www.fiscalia.gov.co\/colombia\/#\/schema\/logo\/image\/","url":"https:\/\/www.fiscalia.gov.co\/colombia\/wp-content\/uploads\/LogoHorizontal_1.jpg","contentUrl":"https:\/\/www.fiscalia.gov.co\/colombia\/wp-content\/uploads\/LogoHorizontal_1.jpg","width":300,"height":90,"caption":"Fiscal\u00eda General de la Naci\u00f3n"},"image":{"@id":"https:\/\/www.fiscalia.gov.co\/colombia\/#\/schema\/logo\/image\/"},"sameAs":["https:\/\/www.facebook.com\/FiscaliaCol","https:\/\/x.com\/FiscaliaCol","https:\/\/www.instagram.com\/fiscaliacol","https:\/\/www.linkedin.com\/company\/fiscalia-general-de-la-naci-n\/","https:\/\/youtube.com\/@fiscaliageneraldelanacion-4668?si=6nN79nyQICPU5iTh"]},{"@type":"Person","@id":"https:\/\/www.fiscalia.gov.co\/colombia\/#\/schema\/person\/2e76b9aba5ecf875ed565ce4de0e0415","name":"Katherine Loaiza Mart\u00ednez","image":{"@type":"ImageObject","inLanguage":"es-CO","@id":"https:\/\/www.fiscalia.gov.co\/colombia\/#\/schema\/person\/image\/","url":"https:\/\/secure.gravatar.com\/avatar\/ab775a2f394c1b83b6d6f78680e57b50?s=96&d=mm&r=g","contentUrl":"https:\/\/secure.gravatar.com\/avatar\/ab775a2f394c1b83b6d6f78680e57b50?s=96&d=mm&r=g","caption":"Katherine Loaiza Mart\u00ednez"},"url":"https:\/\/www.fiscalia.gov.co\/colombia\/author\/kloaiza\/"}]}},"_links":{"self":[{"href":"https:\/\/www.fiscalia.gov.co\/colombia\/wp-json\/wp\/v2\/posts\/253345","targetHints":{"allow":["GET"]}}],"collection":[{"href":"https:\/\/www.fiscalia.gov.co\/colombia\/wp-json\/wp\/v2\/posts"}],"about":[{"href":"https:\/\/www.fiscalia.gov.co\/colombia\/wp-json\/wp\/v2\/types\/post"}],"author":[{"embeddable":true,"href":"https:\/\/www.fiscalia.gov.co\/colombia\/wp-json\/wp\/v2\/users\/175"}],"replies":[{"embeddable":true,"href":"https:\/\/www.fiscalia.gov.co\/colombia\/wp-json\/wp\/v2\/comments?post=253345"}],"version-history":[{"count":7,"href":"https:\/\/www.fiscalia.gov.co\/colombia\/wp-json\/wp\/v2\/posts\/253345\/revisions"}],"predecessor-version":[{"id":253355,"href":"https:\/\/www.fiscalia.gov.co\/colombia\/wp-json\/wp\/v2\/posts\/253345\/revisions\/253355"}],"wp:featuredmedia":[{"embeddable":true,"href":"https:\/\/www.fiscalia.gov.co\/colombia\/wp-json\/wp\/v2\/media\/253350"}],"wp:attachment":[{"href":"https:\/\/www.fiscalia.gov.co\/colombia\/wp-json\/wp\/v2\/media?parent=253345"}],"wp:term":[{"taxonomy":"category","embeddable":true,"href":"https:\/\/www.fiscalia.gov.co\/colombia\/wp-json\/wp\/v2\/categories?post=253345"},{"taxonomy":"post_tag","embeddable":true,"href":"https:\/\/www.fiscalia.gov.co\/colombia\/wp-json\/wp\/v2\/tags?post=253345"}],"curies":[{"name":"wp","href":"https:\/\/api.w.org\/{rel}","templated":true}]}}