{"id":253343,"date":"2022-07-23T07:08:04","date_gmt":"2022-07-23T12:08:04","guid":{"rendered":"https:\/\/www.fiscalia.gov.co\/colombia\/?p=253343"},"modified":"2022-07-29T12:57:31","modified_gmt":"2022-07-29T17:57:31","slug":"acciones-judiciales-de-la-fiscalia-contra-las-disidencias-del-frente-33-de-las-farc-por-actos-terroristas-e-intimidaciones-a-la-poblacion-civil-en-norte-de-santander","status":"publish","type":"post","link":"https:\/\/www.fiscalia.gov.co\/colombia\/noticias\/acciones-judiciales-de-la-fiscalia-contra-las-disidencias-del-frente-33-de-las-farc-por-actos-terroristas-e-intimidaciones-a-la-poblacion-civil-en-norte-de-santander\/","title":{"rendered":"Acciones judiciales de la Fiscal\u00eda contra las disidencias del Frente 33 de las Farc por actos terroristas e intimidaciones a la poblaci\u00f3n civil en Norte de Santander"},"content":{"rendered":"<blockquote>\n<ul>\n<li>\n<h4 style=\"text-align: left;\"><strong><em>Cinco de los presuntos integrantes fueron capturados y judicializados en procedimientos distintos realizados en Oca\u00f1a y Tib\u00fa (Norte de Santander).<\/em><\/strong><\/h4>\n<\/li>\n<\/ul>\n<ul>\n<li>\n<h4 style=\"text-align: left;\"><strong><em>Uno de los procesados estar\u00eda involucrado en el asesinato de cuatro integrantes del Ej\u00e9rcito Nacional. Otro, conocido como Rumaldo, habr\u00eda hecho parte de grupo armado que grab\u00f3 videos frente a la Alcald\u00eda de Tib\u00fa y recorriendo las calles del municipio.<\/em><\/strong><\/h4>\n<\/li>\n<\/ul>\n<\/blockquote>\n<p>&nbsp;<\/p>\n<p>El trabajo investigativo de la Fiscal\u00eda General de la Naci\u00f3n, en articulaci\u00f3n con la DIJIN de la Polic\u00eda Nacional, permiti\u00f3 ejecutar dos acciones operativas y judiciales distintas que afectan el componente armado y financiero de las disidencias del frente 33 de las Farc, que delinquen en zona de frontera con Venezuela.<\/p>\n<p>Inicialmente, Carmen Javier Bastos Chinchilla, alias Jaiber o Jaider, fue presentado ante una juez de control de garant\u00edas como presunto responsable de varios ataques contra la fuerza p\u00fablica, homicidios y actividades narcotraficantes.<\/p>\n<p>El material de prueba indica que este hombre habr\u00eda sido designado directamente por alias Jhon Mechas y alias Mocho Olmedo, los cabecillas principales de la estructura criminal, para asumir el control de un componente armado en Sardinata, Oca\u00f1a y Tib\u00fa (Norte de Santander).<\/p>\n<p>Alias Jaiber, al parecer, orden\u00f3 el ataque con granadas y cilindros bomba contra la subestaci\u00f3n de polic\u00eda del corregimiento Las Mercedes, en Oca\u00f1a, el 21 de septiembre de 2019. La acci\u00f3n ilegal ocurri\u00f3 mientras la poblaci\u00f3n estaba reunida en las fiestas municipales, por lo que dos uniformados y 14 civiles resultaron heridos.<\/p>\n<p>Asimismo, estar\u00eda involucrado en el asesinato de tres soldados profesionales y un suboficial del Ej\u00e9rcito Nacional, que acompa\u00f1aban labores de erradicaci\u00f3n de cultivos il\u00edcitos en la vereda Porvenir, en Sardinata (Norte de Santander), el 31 de agosto de 2020.<\/p>\n<p>La evidencia da cuenta de que alias Jaiber se gan\u00f3 la confianza de los militares con el supuesto de que podr\u00eda ayudarlos con un corte de pelo. De esta manera, los convenci\u00f3 de ir a una carpa de campa\u00f1a, donde les habr\u00eda propinado varios disparos a quemarropa.<\/p>\n<p>De igual manera, se conoci\u00f3 que Bastos Chinchilla, presuntamente, coordinaban la salida de cargamentos de coca\u00edna de la regi\u00f3n del Catatumbo a los departamentos de la Costa Atl\u00e1ntica; y promov\u00eda amenazas contra los l\u00edderes comunales.<\/p>\n<p>Por estos hechos, una fiscal especializada contra las Organizaciones Criminales le imput\u00f3 los delitos de homicidio agravado, terrorismos agravado y concierto para delinquir agravado. Los cargos no fueron aceptados por el procesado, que deber\u00e1 cumplir medida de aseguramiento privativa de la libertad en centro carcelario.<\/p>\n<p><strong><u>C\u00e1rcel para \u2018Rumaldo\u2019 y tres de sus presuntos subalternos<\/u><\/strong><\/p>\n<p>Por solicitud de una fiscal de la Direcci\u00f3n Especializada contra las Organizaciones Criminales, un juez de control de garant\u00edas impuso medida de aseguramiento en centro carcelario a Rumaldo V\u00e1squez G\u00f3mez y tres de sus presuntos subalternos, se\u00f1alados de conformar el componente armado del frente 33 de las disidencias de las Farc.<\/p>\n<p>V\u00e1squez G\u00f3mez es se\u00f1alado de promover intimidaciones contra la poblaci\u00f3n civil en el Catatumbo. Precisamente, ser\u00eda uno de los hombres que, encapuchados y con fusiles, grabaron videos mientras recorr\u00edan las calles de Tib\u00fa (Norte de Santander), y enviaban mensajes amenazantes frente a la alcald\u00eda municipal.<\/p>\n<p>\u2018Rumaldo\u2019 y las otras tres personas fueron capturadas en una acci\u00f3n conjunta de la Fiscal\u00eda, el Ej\u00e9rcito Nacional y la Polic\u00eda Nacional en Tib\u00fa. En el procedimiento se incautaron de dos granadas de fragmentaci\u00f3n, una pistola, un proveedor, cartuchos, brazaletes y propaganda alusiva a las disidencias de las Farc.<\/p>\n<p>En ese sentido, fueron imputados por el delito de fabricaci\u00f3n, tr\u00e1fico y porte de armas de uso privativo, de uso restringido de las Fuerzas Armadas o explosivos.<\/p>\n<p>Esta informaci\u00f3n se publica por razones de inter\u00e9s general.<\/p>\n<p>LMBG\/JARG\/CRIO\/DECOC\/MCRC.<\/p>\n<p><strong>La Fiscal\u00eda habla con resultados<\/strong><\/p>\n<p><em><span lang=\"ES\">La informaci\u00f3n contenida en este bolet\u00edn de prensa corresponde a la narraci\u00f3n de los hechos noticiosos objetivos, suministrados por los funcionarios encargados de adelantar las investigaciones penales al interior de la Fiscal\u00eda General de la Naci\u00f3n. Para el momento de la divulgaci\u00f3n de este comunicado, la situaci\u00f3n jur\u00eddica de la(s) persona(s) relacionada(s) se encuentra pendiente de resolver por la autoridad judicial competente, siempre bajo los preceptos de la presunci\u00f3n de inocencia, consagrados en el art\u00edculo 29 de la Constituci\u00f3n Pol\u00edtica y el art\u00edculo 7\u00ba de la Ley 906 de 2004.<\/span><\/em><\/p>\n\n<div class=\"twitter-share\"><a href=\"https:\/\/twitter.com\/intent\/tweet?via=fiscaliacol\" class=\"twitter-share-button\">Tweet<\/a><\/div>\n","protected":false},"excerpt":{"rendered":"<p>Cinco de los presuntos integrantes fueron capturados y judicializados en procedimientos distintos realizados en Oca\u00f1a y Tib\u00fa (Norte de Santander). Uno de los procesados estar\u00eda involucrado en el asesinato de [&hellip;]<\/p>\n","protected":false},"author":175,"featured_media":253802,"comment_status":"closed","ping_status":"open","sticky":false,"template":"","format":"video","meta":{"tdm_status":"","tdm_grid_status":"","footnotes":""},"categories":[24098,1],"tags":[24189,24526],"class_list":["post-253343","post","type-post","status-publish","format-video","has-post-thumbnail","category-crimen-organizado","category-noticias","tag-fiscal-francisco-barbosa-delgado","tag-fiscal-general-francisco-barbosa-delgado","post_format-post-format-video"],"yoast_head":"<!-- This site is optimized with the Yoast SEO plugin v24.3 - https:\/\/yoast.com\/wordpress\/plugins\/seo\/ -->\n<title>Fiscal\u00eda General de la Naci\u00f3n<\/title>\n<meta name=\"description\" content=\"P\u00e1gina oficial de la Fiscal\u00eda General de la Naci\u00f3n \u2013 Colombia. Garantizamos el acceso efectivo a la justicia, la verdad y la reparaci\u00f3n de las v\u00edctimas de los delitos.\" \/>\n<meta name=\"robots\" content=\"noindex, follow\" \/>\n<meta property=\"og:locale\" content=\"es_ES\" \/>\n<meta property=\"og:type\" content=\"article\" \/>\n<meta property=\"og:title\" content=\"Fiscal\u00eda General de la Naci\u00f3n\" \/>\n<meta property=\"og:description\" content=\"P\u00e1gina oficial de la Fiscal\u00eda General de la Naci\u00f3n \u2013 Colombia. Garantizamos el acceso efectivo a la justicia, la verdad y la reparaci\u00f3n de las v\u00edctimas de los delitos.\" \/>\n<meta property=\"og:url\" content=\"https:\/\/www.fiscalia.gov.co\/colombia\/noticias\/acciones-judiciales-de-la-fiscalia-contra-las-disidencias-del-frente-33-de-las-farc-por-actos-terroristas-e-intimidaciones-a-la-poblacion-civil-en-norte-de-santander\/\" \/>\n<meta property=\"og:site_name\" content=\"Fiscal\u00eda General de la Naci\u00f3n\" \/>\n<meta property=\"article:publisher\" content=\"https:\/\/www.facebook.com\/FiscaliaCol\" \/>\n<meta property=\"article:published_time\" content=\"2022-07-23T12:08:04+00:00\" \/>\n<meta property=\"article:modified_time\" content=\"2022-07-29T17:57:31+00:00\" \/>\n<meta property=\"og:image\" content=\"https:\/\/www.fiscalia.gov.co\/colombia\/wp-content\/uploads\/maxresdefault-616.jpg\" \/>\n\t<meta property=\"og:image:width\" content=\"1280\" \/>\n\t<meta property=\"og:image:height\" content=\"720\" \/>\n\t<meta property=\"og:image:type\" content=\"image\/jpeg\" \/>\n<meta name=\"author\" content=\"Katherine Loaiza Mart\u00ednez\" \/>\n<meta name=\"twitter:card\" content=\"summary_large_image\" \/>\n<meta name=\"twitter:creator\" content=\"@FiscaliaCol\" \/>\n<meta name=\"twitter:site\" content=\"@FiscaliaCol\" \/>\n<meta name=\"twitter:label1\" content=\"Escrito por\" \/>\n\t<meta name=\"twitter:data1\" content=\"Katherine Loaiza Mart\u00ednez\" \/>\n\t<meta name=\"twitter:label2\" content=\"Tiempo de lectura\" \/>\n\t<meta name=\"twitter:data2\" content=\"4 minutos\" \/>\n<script type=\"application\/ld+json\" class=\"yoast-schema-graph\">{\"@context\":\"https:\/\/schema.org\",\"@graph\":[{\"@type\":\"Article\",\"@id\":\"https:\/\/www.fiscalia.gov.co\/colombia\/noticias\/acciones-judiciales-de-la-fiscalia-contra-las-disidencias-del-frente-33-de-las-farc-por-actos-terroristas-e-intimidaciones-a-la-poblacion-civil-en-norte-de-santander\/#article\",\"isPartOf\":{\"@id\":\"https:\/\/www.fiscalia.gov.co\/colombia\/noticias\/acciones-judiciales-de-la-fiscalia-contra-las-disidencias-del-frente-33-de-las-farc-por-actos-terroristas-e-intimidaciones-a-la-poblacion-civil-en-norte-de-santander\/\"},\"author\":{\"name\":\"Katherine Loaiza Mart\u00ednez\",\"@id\":\"https:\/\/www.fiscalia.gov.co\/colombia\/#\/schema\/person\/2e76b9aba5ecf875ed565ce4de0e0415\"},\"headline\":\"Acciones judiciales de la Fiscal\u00eda contra las disidencias del Frente 33 de las Farc por actos terroristas e intimidaciones a la poblaci\u00f3n civil en Norte de Santander\",\"datePublished\":\"2022-07-23T12:08:04+00:00\",\"dateModified\":\"2022-07-29T17:57:31+00:00\",\"mainEntityOfPage\":{\"@id\":\"https:\/\/www.fiscalia.gov.co\/colombia\/noticias\/acciones-judiciales-de-la-fiscalia-contra-las-disidencias-del-frente-33-de-las-farc-por-actos-terroristas-e-intimidaciones-a-la-poblacion-civil-en-norte-de-santander\/\"},\"wordCount\":782,\"publisher\":{\"@id\":\"https:\/\/www.fiscalia.gov.co\/colombia\/#organization\"},\"image\":{\"@id\":\"https:\/\/www.fiscalia.gov.co\/colombia\/noticias\/acciones-judiciales-de-la-fiscalia-contra-las-disidencias-del-frente-33-de-las-farc-por-actos-terroristas-e-intimidaciones-a-la-poblacion-civil-en-norte-de-santander\/#primaryimage\"},\"thumbnailUrl\":\"https:\/\/www.fiscalia.gov.co\/colombia\/wp-content\/uploads\/maxresdefault-616.jpg\",\"keywords\":[\"Fiscal Francisco Barbosa Delgado\",\"Fiscal General Francisco Barbosa Delgado\"],\"articleSection\":[\"Crimen organizado\",\"Noticias\"],\"inLanguage\":\"es-CO\"},{\"@type\":\"WebPage\",\"@id\":\"https:\/\/www.fiscalia.gov.co\/colombia\/noticias\/acciones-judiciales-de-la-fiscalia-contra-las-disidencias-del-frente-33-de-las-farc-por-actos-terroristas-e-intimidaciones-a-la-poblacion-civil-en-norte-de-santander\/\",\"url\":\"https:\/\/www.fiscalia.gov.co\/colombia\/noticias\/acciones-judiciales-de-la-fiscalia-contra-las-disidencias-del-frente-33-de-las-farc-por-actos-terroristas-e-intimidaciones-a-la-poblacion-civil-en-norte-de-santander\/\",\"name\":\"Fiscal\u00eda General de la Naci\u00f3n\",\"isPartOf\":{\"@id\":\"https:\/\/www.fiscalia.gov.co\/colombia\/#website\"},\"primaryImageOfPage\":{\"@id\":\"https:\/\/www.fiscalia.gov.co\/colombia\/noticias\/acciones-judiciales-de-la-fiscalia-contra-las-disidencias-del-frente-33-de-las-farc-por-actos-terroristas-e-intimidaciones-a-la-poblacion-civil-en-norte-de-santander\/#primaryimage\"},\"image\":{\"@id\":\"https:\/\/www.fiscalia.gov.co\/colombia\/noticias\/acciones-judiciales-de-la-fiscalia-contra-las-disidencias-del-frente-33-de-las-farc-por-actos-terroristas-e-intimidaciones-a-la-poblacion-civil-en-norte-de-santander\/#primaryimage\"},\"thumbnailUrl\":\"https:\/\/www.fiscalia.gov.co\/colombia\/wp-content\/uploads\/maxresdefault-616.jpg\",\"datePublished\":\"2022-07-23T12:08:04+00:00\",\"dateModified\":\"2022-07-29T17:57:31+00:00\",\"description\":\"P\u00e1gina oficial de la Fiscal\u00eda General de la Naci\u00f3n \u2013 Colombia. Garantizamos el acceso efectivo a la justicia, la verdad y la reparaci\u00f3n de las v\u00edctimas de los delitos.\",\"breadcrumb\":{\"@id\":\"https:\/\/www.fiscalia.gov.co\/colombia\/noticias\/acciones-judiciales-de-la-fiscalia-contra-las-disidencias-del-frente-33-de-las-farc-por-actos-terroristas-e-intimidaciones-a-la-poblacion-civil-en-norte-de-santander\/#breadcrumb\"},\"inLanguage\":\"es-CO\",\"potentialAction\":[{\"@type\":\"ReadAction\",\"target\":[\"https:\/\/www.fiscalia.gov.co\/colombia\/noticias\/acciones-judiciales-de-la-fiscalia-contra-las-disidencias-del-frente-33-de-las-farc-por-actos-terroristas-e-intimidaciones-a-la-poblacion-civil-en-norte-de-santander\/\"]}]},{\"@type\":\"ImageObject\",\"inLanguage\":\"es-CO\",\"@id\":\"https:\/\/www.fiscalia.gov.co\/colombia\/noticias\/acciones-judiciales-de-la-fiscalia-contra-las-disidencias-del-frente-33-de-las-farc-por-actos-terroristas-e-intimidaciones-a-la-poblacion-civil-en-norte-de-santander\/#primaryimage\",\"url\":\"https:\/\/www.fiscalia.gov.co\/colombia\/wp-content\/uploads\/maxresdefault-616.jpg\",\"contentUrl\":\"https:\/\/www.fiscalia.gov.co\/colombia\/wp-content\/uploads\/maxresdefault-616.jpg\",\"width\":1280,\"height\":720},{\"@type\":\"BreadcrumbList\",\"@id\":\"https:\/\/www.fiscalia.gov.co\/colombia\/noticias\/acciones-judiciales-de-la-fiscalia-contra-las-disidencias-del-frente-33-de-las-farc-por-actos-terroristas-e-intimidaciones-a-la-poblacion-civil-en-norte-de-santander\/#breadcrumb\",\"itemListElement\":[{\"@type\":\"ListItem\",\"position\":1,\"name\":\"Home\",\"item\":\"https:\/\/www.fiscalia.gov.co\/colombia\/\"},{\"@type\":\"ListItem\",\"position\":2,\"name\":\"Acciones judiciales de la Fiscal\u00eda contra las disidencias del Frente 33 de las Farc por actos terroristas e intimidaciones a la poblaci\u00f3n civil en Norte de Santander\"}]},{\"@type\":\"WebSite\",\"@id\":\"https:\/\/www.fiscalia.gov.co\/colombia\/#website\",\"url\":\"https:\/\/www.fiscalia.gov.co\/colombia\/\",\"name\":\"Fiscal\u00eda General de la Naci\u00f3n\",\"description\":\"P\u00e1gina oficial de la Fiscal\u00eda General de la Naci\u00f3n \u2013 Colombia. Garantizamos el acceso efectivo a la justicia, la verdad y la reparaci\u00f3n de las v\u00edctimas de los delitos.\",\"publisher\":{\"@id\":\"https:\/\/www.fiscalia.gov.co\/colombia\/#organization\"},\"potentialAction\":[{\"@type\":\"SearchAction\",\"target\":{\"@type\":\"EntryPoint\",\"urlTemplate\":\"https:\/\/www.fiscalia.gov.co\/colombia\/?s={search_term_string}\"},\"query-input\":{\"@type\":\"PropertyValueSpecification\",\"valueRequired\":true,\"valueName\":\"search_term_string\"}}],\"inLanguage\":\"es-CO\"},{\"@type\":\"Organization\",\"@id\":\"https:\/\/www.fiscalia.gov.co\/colombia\/#organization\",\"name\":\"Fiscal\u00eda General de la Naci\u00f3n\",\"url\":\"https:\/\/www.fiscalia.gov.co\/colombia\/\",\"logo\":{\"@type\":\"ImageObject\",\"inLanguage\":\"es-CO\",\"@id\":\"https:\/\/www.fiscalia.gov.co\/colombia\/#\/schema\/logo\/image\/\",\"url\":\"https:\/\/www.fiscalia.gov.co\/colombia\/wp-content\/uploads\/LogoHorizontal_1.jpg\",\"contentUrl\":\"https:\/\/www.fiscalia.gov.co\/colombia\/wp-content\/uploads\/LogoHorizontal_1.jpg\",\"width\":300,\"height\":90,\"caption\":\"Fiscal\u00eda General de la Naci\u00f3n\"},\"image\":{\"@id\":\"https:\/\/www.fiscalia.gov.co\/colombia\/#\/schema\/logo\/image\/\"},\"sameAs\":[\"https:\/\/www.facebook.com\/FiscaliaCol\",\"https:\/\/x.com\/FiscaliaCol\",\"https:\/\/www.instagram.com\/fiscaliacol\",\"https:\/\/www.linkedin.com\/company\/fiscalia-general-de-la-naci-n\/\",\"https:\/\/youtube.com\/@fiscaliageneraldelanacion-4668?si=6nN79nyQICPU5iTh\"]},{\"@type\":\"Person\",\"@id\":\"https:\/\/www.fiscalia.gov.co\/colombia\/#\/schema\/person\/2e76b9aba5ecf875ed565ce4de0e0415\",\"name\":\"Katherine Loaiza Mart\u00ednez\",\"image\":{\"@type\":\"ImageObject\",\"inLanguage\":\"es-CO\",\"@id\":\"https:\/\/www.fiscalia.gov.co\/colombia\/#\/schema\/person\/image\/\",\"url\":\"https:\/\/secure.gravatar.com\/avatar\/ab775a2f394c1b83b6d6f78680e57b50?s=96&d=mm&r=g\",\"contentUrl\":\"https:\/\/secure.gravatar.com\/avatar\/ab775a2f394c1b83b6d6f78680e57b50?s=96&d=mm&r=g\",\"caption\":\"Katherine Loaiza Mart\u00ednez\"},\"url\":\"https:\/\/www.fiscalia.gov.co\/colombia\/author\/kloaiza\/\"}]}<\/script>\n<!-- \/ Yoast SEO plugin. -->","yoast_head_json":{"title":"Fiscal\u00eda General de la Naci\u00f3n","description":"P\u00e1gina oficial de la Fiscal\u00eda General de la Naci\u00f3n \u2013 Colombia. Garantizamos el acceso efectivo a la justicia, la verdad y la reparaci\u00f3n de las v\u00edctimas de los delitos.","robots":{"index":"noindex","follow":"follow"},"og_locale":"es_ES","og_type":"article","og_title":"Fiscal\u00eda General de la Naci\u00f3n","og_description":"P\u00e1gina oficial de la Fiscal\u00eda General de la Naci\u00f3n \u2013 Colombia. Garantizamos el acceso efectivo a la justicia, la verdad y la reparaci\u00f3n de las v\u00edctimas de los delitos.","og_url":"https:\/\/www.fiscalia.gov.co\/colombia\/noticias\/acciones-judiciales-de-la-fiscalia-contra-las-disidencias-del-frente-33-de-las-farc-por-actos-terroristas-e-intimidaciones-a-la-poblacion-civil-en-norte-de-santander\/","og_site_name":"Fiscal\u00eda General de la Naci\u00f3n","article_publisher":"https:\/\/www.facebook.com\/FiscaliaCol","article_published_time":"2022-07-23T12:08:04+00:00","article_modified_time":"2022-07-29T17:57:31+00:00","og_image":[{"width":1280,"height":720,"url":"https:\/\/www.fiscalia.gov.co\/colombia\/wp-content\/uploads\/maxresdefault-616.jpg","type":"image\/jpeg"}],"author":"Katherine Loaiza Mart\u00ednez","twitter_card":"summary_large_image","twitter_creator":"@FiscaliaCol","twitter_site":"@FiscaliaCol","twitter_misc":{"Escrito por":"Katherine Loaiza Mart\u00ednez","Tiempo de lectura":"4 minutos"},"schema":{"@context":"https:\/\/schema.org","@graph":[{"@type":"Article","@id":"https:\/\/www.fiscalia.gov.co\/colombia\/noticias\/acciones-judiciales-de-la-fiscalia-contra-las-disidencias-del-frente-33-de-las-farc-por-actos-terroristas-e-intimidaciones-a-la-poblacion-civil-en-norte-de-santander\/#article","isPartOf":{"@id":"https:\/\/www.fiscalia.gov.co\/colombia\/noticias\/acciones-judiciales-de-la-fiscalia-contra-las-disidencias-del-frente-33-de-las-farc-por-actos-terroristas-e-intimidaciones-a-la-poblacion-civil-en-norte-de-santander\/"},"author":{"name":"Katherine Loaiza Mart\u00ednez","@id":"https:\/\/www.fiscalia.gov.co\/colombia\/#\/schema\/person\/2e76b9aba5ecf875ed565ce4de0e0415"},"headline":"Acciones judiciales de la Fiscal\u00eda contra las disidencias del Frente 33 de las Farc por actos terroristas e intimidaciones a la poblaci\u00f3n civil en Norte de Santander","datePublished":"2022-07-23T12:08:04+00:00","dateModified":"2022-07-29T17:57:31+00:00","mainEntityOfPage":{"@id":"https:\/\/www.fiscalia.gov.co\/colombia\/noticias\/acciones-judiciales-de-la-fiscalia-contra-las-disidencias-del-frente-33-de-las-farc-por-actos-terroristas-e-intimidaciones-a-la-poblacion-civil-en-norte-de-santander\/"},"wordCount":782,"publisher":{"@id":"https:\/\/www.fiscalia.gov.co\/colombia\/#organization"},"image":{"@id":"https:\/\/www.fiscalia.gov.co\/colombia\/noticias\/acciones-judiciales-de-la-fiscalia-contra-las-disidencias-del-frente-33-de-las-farc-por-actos-terroristas-e-intimidaciones-a-la-poblacion-civil-en-norte-de-santander\/#primaryimage"},"thumbnailUrl":"https:\/\/www.fiscalia.gov.co\/colombia\/wp-content\/uploads\/maxresdefault-616.jpg","keywords":["Fiscal Francisco Barbosa Delgado","Fiscal General Francisco Barbosa Delgado"],"articleSection":["Crimen organizado","Noticias"],"inLanguage":"es-CO"},{"@type":"WebPage","@id":"https:\/\/www.fiscalia.gov.co\/colombia\/noticias\/acciones-judiciales-de-la-fiscalia-contra-las-disidencias-del-frente-33-de-las-farc-por-actos-terroristas-e-intimidaciones-a-la-poblacion-civil-en-norte-de-santander\/","url":"https:\/\/www.fiscalia.gov.co\/colombia\/noticias\/acciones-judiciales-de-la-fiscalia-contra-las-disidencias-del-frente-33-de-las-farc-por-actos-terroristas-e-intimidaciones-a-la-poblacion-civil-en-norte-de-santander\/","name":"Fiscal\u00eda General de la Naci\u00f3n","isPartOf":{"@id":"https:\/\/www.fiscalia.gov.co\/colombia\/#website"},"primaryImageOfPage":{"@id":"https:\/\/www.fiscalia.gov.co\/colombia\/noticias\/acciones-judiciales-de-la-fiscalia-contra-las-disidencias-del-frente-33-de-las-farc-por-actos-terroristas-e-intimidaciones-a-la-poblacion-civil-en-norte-de-santander\/#primaryimage"},"image":{"@id":"https:\/\/www.fiscalia.gov.co\/colombia\/noticias\/acciones-judiciales-de-la-fiscalia-contra-las-disidencias-del-frente-33-de-las-farc-por-actos-terroristas-e-intimidaciones-a-la-poblacion-civil-en-norte-de-santander\/#primaryimage"},"thumbnailUrl":"https:\/\/www.fiscalia.gov.co\/colombia\/wp-content\/uploads\/maxresdefault-616.jpg","datePublished":"2022-07-23T12:08:04+00:00","dateModified":"2022-07-29T17:57:31+00:00","description":"P\u00e1gina oficial de la Fiscal\u00eda General de la Naci\u00f3n \u2013 Colombia. Garantizamos el acceso efectivo a la justicia, la verdad y la reparaci\u00f3n de las v\u00edctimas de los delitos.","breadcrumb":{"@id":"https:\/\/www.fiscalia.gov.co\/colombia\/noticias\/acciones-judiciales-de-la-fiscalia-contra-las-disidencias-del-frente-33-de-las-farc-por-actos-terroristas-e-intimidaciones-a-la-poblacion-civil-en-norte-de-santander\/#breadcrumb"},"inLanguage":"es-CO","potentialAction":[{"@type":"ReadAction","target":["https:\/\/www.fiscalia.gov.co\/colombia\/noticias\/acciones-judiciales-de-la-fiscalia-contra-las-disidencias-del-frente-33-de-las-farc-por-actos-terroristas-e-intimidaciones-a-la-poblacion-civil-en-norte-de-santander\/"]}]},{"@type":"ImageObject","inLanguage":"es-CO","@id":"https:\/\/www.fiscalia.gov.co\/colombia\/noticias\/acciones-judiciales-de-la-fiscalia-contra-las-disidencias-del-frente-33-de-las-farc-por-actos-terroristas-e-intimidaciones-a-la-poblacion-civil-en-norte-de-santander\/#primaryimage","url":"https:\/\/www.fiscalia.gov.co\/colombia\/wp-content\/uploads\/maxresdefault-616.jpg","contentUrl":"https:\/\/www.fiscalia.gov.co\/colombia\/wp-content\/uploads\/maxresdefault-616.jpg","width":1280,"height":720},{"@type":"BreadcrumbList","@id":"https:\/\/www.fiscalia.gov.co\/colombia\/noticias\/acciones-judiciales-de-la-fiscalia-contra-las-disidencias-del-frente-33-de-las-farc-por-actos-terroristas-e-intimidaciones-a-la-poblacion-civil-en-norte-de-santander\/#breadcrumb","itemListElement":[{"@type":"ListItem","position":1,"name":"Home","item":"https:\/\/www.fiscalia.gov.co\/colombia\/"},{"@type":"ListItem","position":2,"name":"Acciones judiciales de la Fiscal\u00eda contra las disidencias del Frente 33 de las Farc por actos terroristas e intimidaciones a la poblaci\u00f3n civil en Norte de Santander"}]},{"@type":"WebSite","@id":"https:\/\/www.fiscalia.gov.co\/colombia\/#website","url":"https:\/\/www.fiscalia.gov.co\/colombia\/","name":"Fiscal\u00eda General de la Naci\u00f3n","description":"P\u00e1gina oficial de la Fiscal\u00eda General de la Naci\u00f3n \u2013 Colombia. Garantizamos el acceso efectivo a la justicia, la verdad y la reparaci\u00f3n de las v\u00edctimas de los delitos.","publisher":{"@id":"https:\/\/www.fiscalia.gov.co\/colombia\/#organization"},"potentialAction":[{"@type":"SearchAction","target":{"@type":"EntryPoint","urlTemplate":"https:\/\/www.fiscalia.gov.co\/colombia\/?s={search_term_string}"},"query-input":{"@type":"PropertyValueSpecification","valueRequired":true,"valueName":"search_term_string"}}],"inLanguage":"es-CO"},{"@type":"Organization","@id":"https:\/\/www.fiscalia.gov.co\/colombia\/#organization","name":"Fiscal\u00eda General de la Naci\u00f3n","url":"https:\/\/www.fiscalia.gov.co\/colombia\/","logo":{"@type":"ImageObject","inLanguage":"es-CO","@id":"https:\/\/www.fiscalia.gov.co\/colombia\/#\/schema\/logo\/image\/","url":"https:\/\/www.fiscalia.gov.co\/colombia\/wp-content\/uploads\/LogoHorizontal_1.jpg","contentUrl":"https:\/\/www.fiscalia.gov.co\/colombia\/wp-content\/uploads\/LogoHorizontal_1.jpg","width":300,"height":90,"caption":"Fiscal\u00eda General de la Naci\u00f3n"},"image":{"@id":"https:\/\/www.fiscalia.gov.co\/colombia\/#\/schema\/logo\/image\/"},"sameAs":["https:\/\/www.facebook.com\/FiscaliaCol","https:\/\/x.com\/FiscaliaCol","https:\/\/www.instagram.com\/fiscaliacol","https:\/\/www.linkedin.com\/company\/fiscalia-general-de-la-naci-n\/","https:\/\/youtube.com\/@fiscaliageneraldelanacion-4668?si=6nN79nyQICPU5iTh"]},{"@type":"Person","@id":"https:\/\/www.fiscalia.gov.co\/colombia\/#\/schema\/person\/2e76b9aba5ecf875ed565ce4de0e0415","name":"Katherine Loaiza Mart\u00ednez","image":{"@type":"ImageObject","inLanguage":"es-CO","@id":"https:\/\/www.fiscalia.gov.co\/colombia\/#\/schema\/person\/image\/","url":"https:\/\/secure.gravatar.com\/avatar\/ab775a2f394c1b83b6d6f78680e57b50?s=96&d=mm&r=g","contentUrl":"https:\/\/secure.gravatar.com\/avatar\/ab775a2f394c1b83b6d6f78680e57b50?s=96&d=mm&r=g","caption":"Katherine Loaiza Mart\u00ednez"},"url":"https:\/\/www.fiscalia.gov.co\/colombia\/author\/kloaiza\/"}]}},"_links":{"self":[{"href":"https:\/\/www.fiscalia.gov.co\/colombia\/wp-json\/wp\/v2\/posts\/253343","targetHints":{"allow":["GET"]}}],"collection":[{"href":"https:\/\/www.fiscalia.gov.co\/colombia\/wp-json\/wp\/v2\/posts"}],"about":[{"href":"https:\/\/www.fiscalia.gov.co\/colombia\/wp-json\/wp\/v2\/types\/post"}],"author":[{"embeddable":true,"href":"https:\/\/www.fiscalia.gov.co\/colombia\/wp-json\/wp\/v2\/users\/175"}],"replies":[{"embeddable":true,"href":"https:\/\/www.fiscalia.gov.co\/colombia\/wp-json\/wp\/v2\/comments?post=253343"}],"version-history":[{"count":3,"href":"https:\/\/www.fiscalia.gov.co\/colombia\/wp-json\/wp\/v2\/posts\/253343\/revisions"}],"predecessor-version":[{"id":253807,"href":"https:\/\/www.fiscalia.gov.co\/colombia\/wp-json\/wp\/v2\/posts\/253343\/revisions\/253807"}],"wp:featuredmedia":[{"embeddable":true,"href":"https:\/\/www.fiscalia.gov.co\/colombia\/wp-json\/wp\/v2\/media\/253802"}],"wp:attachment":[{"href":"https:\/\/www.fiscalia.gov.co\/colombia\/wp-json\/wp\/v2\/media?parent=253343"}],"wp:term":[{"taxonomy":"category","embeddable":true,"href":"https:\/\/www.fiscalia.gov.co\/colombia\/wp-json\/wp\/v2\/categories?post=253343"},{"taxonomy":"post_tag","embeddable":true,"href":"https:\/\/www.fiscalia.gov.co\/colombia\/wp-json\/wp\/v2\/tags?post=253343"}],"curies":[{"name":"wp","href":"https:\/\/api.w.org\/{rel}","templated":true}]}}