{"id":253304,"date":"2022-07-22T13:41:31","date_gmt":"2022-07-22T18:41:31","guid":{"rendered":"https:\/\/www.fiscalia.gov.co\/colombia\/?p=253304"},"modified":"2022-07-29T12:59:38","modified_gmt":"2022-07-29T17:59:38","slug":"carcel-para-cuatro-presuntos-integrantes-de-la-organizacion-delincuencial-las-hienas-por-hurto-de-vehiculos-en-bogota","status":"publish","type":"post","link":"https:\/\/www.fiscalia.gov.co\/colombia\/noticias\/carcel-para-cuatro-presuntos-integrantes-de-la-organizacion-delincuencial-las-hienas-por-hurto-de-vehiculos-en-bogota\/","title":{"rendered":"C\u00e1rcel para cuatro presuntos integrantes de la organizaci\u00f3n delincuencial \u2018Las Hienas\u2019 por hurto de veh\u00edculos en Bogot\u00e1"},"content":{"rendered":"<h4 style=\"font-weight: 400;\"><em>Los procesados estar\u00edan involucrados en 11 eventos distintos, en los que fueron robados carros avaluados en casi 1.000 millones de pesos.<\/em><\/h4>\n<figure id=\"attachment_253306\" aria-describedby=\"caption-attachment-253306\" style=\"width: 300px\" class=\"wp-caption alignleft\"><img loading=\"lazy\" decoding=\"async\" class=\"wp-image-253306 size-medium\" src=\"https:\/\/www.fiscalia.gov.co\/colombia\/wp-content\/uploads\/WhatsApp-Image-2022-07-22-at-9.22.10-AM-300x168.jpeg\" alt=\"\" width=\"300\" height=\"168\" srcset=\"https:\/\/www.fiscalia.gov.co\/colombia\/wp-content\/uploads\/WhatsApp-Image-2022-07-22-at-9.22.10-AM-300x168.jpeg 300w, https:\/\/www.fiscalia.gov.co\/colombia\/wp-content\/uploads\/WhatsApp-Image-2022-07-22-at-9.22.10-AM-1024x573.jpeg 1024w, https:\/\/www.fiscalia.gov.co\/colombia\/wp-content\/uploads\/WhatsApp-Image-2022-07-22-at-9.22.10-AM-768x430.jpeg 768w, https:\/\/www.fiscalia.gov.co\/colombia\/wp-content\/uploads\/WhatsApp-Image-2022-07-22-at-9.22.10-AM-696x389.jpeg 696w, https:\/\/www.fiscalia.gov.co\/colombia\/wp-content\/uploads\/WhatsApp-Image-2022-07-22-at-9.22.10-AM-1068x597.jpeg 1068w, https:\/\/www.fiscalia.gov.co\/colombia\/wp-content\/uploads\/WhatsApp-Image-2022-07-22-at-9.22.10-AM-751x420.jpeg 751w, https:\/\/www.fiscalia.gov.co\/colombia\/wp-content\/uploads\/WhatsApp-Image-2022-07-22-at-9.22.10-AM.jpeg 1280w\" sizes=\"auto, (max-width: 300px) 100vw, 300px\" \/><figcaption id=\"caption-attachment-253306\" class=\"wp-caption-text\">Los procesados estar\u00edan involucrados en 11 eventos distintos, en los que fueron robados carros avaluados en casi 1.000 millones de pesos.<\/figcaption><\/figure>\n<p style=\"font-weight: 400;\">La Fiscal\u00eda General de la Naci\u00f3n, en trabajo articulado con la SIJIN de la Polic\u00eda Metropolitana de Bogot\u00e1, logr\u00f3 la captura de cuatro personas que har\u00edan parte de \u2018Las Hienas\u2019, una red delincuencial se\u00f1alada hurtos de veh\u00edculos en Bogot\u00e1.<\/p>\n<p style=\"font-weight: 400;\">Los detenidos ser\u00edan los responsables de 11 robos ocurridos en los barrios Santa Rita, Ciudad Montes y Carabelas, en la localidad de Puente Aranda; Santander, Sosiego y Ciudad Jard\u00edn, en la localidad de Antonio Nari\u00f1o; y Country Sur y Bravo P\u00e1ez, en la localidad de Rafael Uribe Uribe.<\/p>\n<p style=\"font-weight: 400;\">De acuerdo con las denuncias recibidas por estos hechos, los carros hurtados alcanzan un valor aproximado de mil millones de pesos.<\/p>\n<p style=\"font-weight: 400;\">La evidencia f\u00edlmica recopilada permiti\u00f3 conocer la modalidad il\u00edcita usada por \u2018Las Hienas\u2019. Uno de sus integrantes recorr\u00eda los barrios y fing\u00eda haberse perdido. En realidad, estaba pendiente de identificar el momento exacto en el que los residentes llegaban a sus inmuebles y abr\u00edan los garajes para guardar los veh\u00edculos. De esta manera, alertaba a los dem\u00e1s c\u00f3mplices, que abordaban a la v\u00edctima, la intimidaban con armas de fuego, le arrebataban las pertenencias y se llevaban los automotores.<\/p>\n<p style=\"font-weight: 400;\">Un fiscal de la Seccional Bogot\u00e1 imput\u00f3 a los capturados los delitos de concierto para delinquir y hurto calificado y agravado. Los cargos no fueron aceptados por los procesados, que deber\u00e1n cumplir medida de aseguramiento privativa de la libertad en centro carcelario.<\/p>\n<p style=\"font-weight: 400;\">Los afectados con la decisi\u00f3n son: Emerson Javier Feria Corredor, Pedro Pascual Palacios Becerra, John Alexander Fonseca Sarmiento y Jaibert Orjuela \u00c1lvarez.<\/p>\n<p style=\"font-weight: 400;\">FAGH\/JARG\/JMM\/SB\/MCR<\/p>\n<p style=\"font-weight: 400;\"><strong>La Fiscal\u00eda habla con resultados.<\/strong><\/p>\n<hr \/>\n<p><em>La informaci\u00f3n contenida en este bolet\u00edn de prensa corresponde a la narraci\u00f3n de los hechos noticiosos objetivos, suministrados por los funcionarios encargados de adelantar las investigaciones penales al interior de la Fiscal\u00eda General de la Naci\u00f3n. Para el momento de la divulgaci\u00f3n de este comunicado, la situaci\u00f3n jur\u00eddica de la(s) persona(s) relacionada(s) se encuentra pendiente de resolver por la autoridad judicial competente, siempre bajo los preceptos de la presunci\u00f3n de inocencia, consagrados en el art\u00edculo 29 de la Constituci\u00f3n Pol\u00edtica y el art\u00edculo 7\u00ba de la Ley 906 de 2004.<\/em><\/p>\n\n<div class=\"twitter-share\"><a href=\"https:\/\/twitter.com\/intent\/tweet?via=fiscaliacol\" class=\"twitter-share-button\">Tweet<\/a><\/div>\n","protected":false},"excerpt":{"rendered":"<p>Los procesados estar\u00edan involucrados en 11 eventos distintos, en los que fueron robados carros avaluados en casi 1.000 millones de pesos. La Fiscal\u00eda General de la Naci\u00f3n, en trabajo articulado [&hellip;]<\/p>\n","protected":false},"author":173,"featured_media":0,"comment_status":"closed","ping_status":"open","sticky":false,"template":"","format":"video","meta":{"tdm_status":"","tdm_grid_status":"","footnotes":""},"categories":[1,321,24099],"tags":[24401,32392,32391,32390],"class_list":["post-253304","post","type-post","status-publish","format-video","category-noticias","category-seccional-bogota","category-seguridad-territorial","tag-fiscal-barbosa-delgado","tag-hurto-carros","tag-hurto-de-vehiculos-en-bogota","tag-las-hienas","post_format-post-format-video"],"yoast_head":"<!-- This site is optimized with the Yoast SEO plugin v24.3 - https:\/\/yoast.com\/wordpress\/plugins\/seo\/ -->\n<title>Fiscal\u00eda General de la Naci\u00f3n<\/title>\n<meta name=\"description\" content=\"P\u00e1gina oficial de la Fiscal\u00eda General de la Naci\u00f3n \u2013 Colombia. Garantizamos el acceso efectivo a la justicia, la verdad y la reparaci\u00f3n de las v\u00edctimas de los delitos.\" \/>\n<meta name=\"robots\" content=\"noindex, follow\" \/>\n<meta property=\"og:locale\" content=\"es_ES\" \/>\n<meta property=\"og:type\" content=\"article\" \/>\n<meta property=\"og:title\" content=\"Fiscal\u00eda General de la Naci\u00f3n\" \/>\n<meta property=\"og:description\" content=\"P\u00e1gina oficial de la Fiscal\u00eda General de la Naci\u00f3n \u2013 Colombia. Garantizamos el acceso efectivo a la justicia, la verdad y la reparaci\u00f3n de las v\u00edctimas de los delitos.\" \/>\n<meta property=\"og:url\" content=\"https:\/\/www.fiscalia.gov.co\/colombia\/noticias\/carcel-para-cuatro-presuntos-integrantes-de-la-organizacion-delincuencial-las-hienas-por-hurto-de-vehiculos-en-bogota\/\" \/>\n<meta property=\"og:site_name\" content=\"Fiscal\u00eda General de la Naci\u00f3n\" \/>\n<meta property=\"article:publisher\" content=\"https:\/\/www.facebook.com\/FiscaliaCol\" \/>\n<meta property=\"article:published_time\" content=\"2022-07-22T18:41:31+00:00\" \/>\n<meta property=\"article:modified_time\" content=\"2022-07-29T17:59:38+00:00\" \/>\n<meta property=\"og:image\" content=\"https:\/\/www.fiscalia.gov.co\/colombia\/wp-content\/uploads\/WhatsApp-Image-2022-07-22-at-9.22.10-AM-300x168.jpeg\" \/>\n<meta name=\"author\" content=\"Leonardo Romero\" \/>\n<meta name=\"twitter:card\" content=\"summary_large_image\" \/>\n<meta name=\"twitter:creator\" content=\"@FiscaliaCol\" \/>\n<meta name=\"twitter:site\" content=\"@FiscaliaCol\" \/>\n<meta name=\"twitter:label1\" content=\"Escrito por\" \/>\n\t<meta name=\"twitter:data1\" content=\"Leonardo Romero\" \/>\n\t<meta name=\"twitter:label2\" content=\"Tiempo de lectura\" \/>\n\t<meta name=\"twitter:data2\" content=\"2 minutos\" \/>\n<script type=\"application\/ld+json\" class=\"yoast-schema-graph\">{\"@context\":\"https:\/\/schema.org\",\"@graph\":[{\"@type\":\"Article\",\"@id\":\"https:\/\/www.fiscalia.gov.co\/colombia\/noticias\/carcel-para-cuatro-presuntos-integrantes-de-la-organizacion-delincuencial-las-hienas-por-hurto-de-vehiculos-en-bogota\/#article\",\"isPartOf\":{\"@id\":\"https:\/\/www.fiscalia.gov.co\/colombia\/noticias\/carcel-para-cuatro-presuntos-integrantes-de-la-organizacion-delincuencial-las-hienas-por-hurto-de-vehiculos-en-bogota\/\"},\"author\":{\"name\":\"Leonardo Romero\",\"@id\":\"https:\/\/www.fiscalia.gov.co\/colombia\/#\/schema\/person\/6d2fae8231b80ec79ce67cf9f7d8c6ad\"},\"headline\":\"C\u00e1rcel para cuatro presuntos integrantes de la organizaci\u00f3n delincuencial \u2018Las Hienas\u2019 por hurto de veh\u00edculos en Bogot\u00e1\",\"datePublished\":\"2022-07-22T18:41:31+00:00\",\"dateModified\":\"2022-07-29T17:59:38+00:00\",\"mainEntityOfPage\":{\"@id\":\"https:\/\/www.fiscalia.gov.co\/colombia\/noticias\/carcel-para-cuatro-presuntos-integrantes-de-la-organizacion-delincuencial-las-hienas-por-hurto-de-vehiculos-en-bogota\/\"},\"wordCount\":450,\"publisher\":{\"@id\":\"https:\/\/www.fiscalia.gov.co\/colombia\/#organization\"},\"image\":{\"@id\":\"https:\/\/www.fiscalia.gov.co\/colombia\/noticias\/carcel-para-cuatro-presuntos-integrantes-de-la-organizacion-delincuencial-las-hienas-por-hurto-de-vehiculos-en-bogota\/#primaryimage\"},\"thumbnailUrl\":\"https:\/\/www.fiscalia.gov.co\/colombia\/wp-content\/uploads\/WhatsApp-Image-2022-07-22-at-9.22.10-AM-300x168.jpeg\",\"keywords\":[\"Fiscal Barbosa Delgado\",\"hurto carros\",\"hurto de veh\u00edculos en Bogot\u00e1\",\"Las Hienas\"],\"articleSection\":[\"Noticias\",\"Seccional Bogot\u00e1\",\"Seguridad territorial\"],\"inLanguage\":\"es-CO\"},{\"@type\":\"WebPage\",\"@id\":\"https:\/\/www.fiscalia.gov.co\/colombia\/noticias\/carcel-para-cuatro-presuntos-integrantes-de-la-organizacion-delincuencial-las-hienas-por-hurto-de-vehiculos-en-bogota\/\",\"url\":\"https:\/\/www.fiscalia.gov.co\/colombia\/noticias\/carcel-para-cuatro-presuntos-integrantes-de-la-organizacion-delincuencial-las-hienas-por-hurto-de-vehiculos-en-bogota\/\",\"name\":\"Fiscal\u00eda General de la Naci\u00f3n\",\"isPartOf\":{\"@id\":\"https:\/\/www.fiscalia.gov.co\/colombia\/#website\"},\"primaryImageOfPage\":{\"@id\":\"https:\/\/www.fiscalia.gov.co\/colombia\/noticias\/carcel-para-cuatro-presuntos-integrantes-de-la-organizacion-delincuencial-las-hienas-por-hurto-de-vehiculos-en-bogota\/#primaryimage\"},\"image\":{\"@id\":\"https:\/\/www.fiscalia.gov.co\/colombia\/noticias\/carcel-para-cuatro-presuntos-integrantes-de-la-organizacion-delincuencial-las-hienas-por-hurto-de-vehiculos-en-bogota\/#primaryimage\"},\"thumbnailUrl\":\"https:\/\/www.fiscalia.gov.co\/colombia\/wp-content\/uploads\/WhatsApp-Image-2022-07-22-at-9.22.10-AM-300x168.jpeg\",\"datePublished\":\"2022-07-22T18:41:31+00:00\",\"dateModified\":\"2022-07-29T17:59:38+00:00\",\"description\":\"P\u00e1gina oficial de la Fiscal\u00eda General de la Naci\u00f3n \u2013 Colombia. Garantizamos el acceso efectivo a la justicia, la verdad y la reparaci\u00f3n de las v\u00edctimas de los delitos.\",\"breadcrumb\":{\"@id\":\"https:\/\/www.fiscalia.gov.co\/colombia\/noticias\/carcel-para-cuatro-presuntos-integrantes-de-la-organizacion-delincuencial-las-hienas-por-hurto-de-vehiculos-en-bogota\/#breadcrumb\"},\"inLanguage\":\"es-CO\",\"potentialAction\":[{\"@type\":\"ReadAction\",\"target\":[\"https:\/\/www.fiscalia.gov.co\/colombia\/noticias\/carcel-para-cuatro-presuntos-integrantes-de-la-organizacion-delincuencial-las-hienas-por-hurto-de-vehiculos-en-bogota\/\"]}]},{\"@type\":\"ImageObject\",\"inLanguage\":\"es-CO\",\"@id\":\"https:\/\/www.fiscalia.gov.co\/colombia\/noticias\/carcel-para-cuatro-presuntos-integrantes-de-la-organizacion-delincuencial-las-hienas-por-hurto-de-vehiculos-en-bogota\/#primaryimage\",\"url\":\"https:\/\/www.fiscalia.gov.co\/colombia\/wp-content\/uploads\/WhatsApp-Image-2022-07-22-at-9.22.10-AM-300x168.jpeg\",\"contentUrl\":\"https:\/\/www.fiscalia.gov.co\/colombia\/wp-content\/uploads\/WhatsApp-Image-2022-07-22-at-9.22.10-AM-300x168.jpeg\"},{\"@type\":\"BreadcrumbList\",\"@id\":\"https:\/\/www.fiscalia.gov.co\/colombia\/noticias\/carcel-para-cuatro-presuntos-integrantes-de-la-organizacion-delincuencial-las-hienas-por-hurto-de-vehiculos-en-bogota\/#breadcrumb\",\"itemListElement\":[{\"@type\":\"ListItem\",\"position\":1,\"name\":\"Home\",\"item\":\"https:\/\/www.fiscalia.gov.co\/colombia\/\"},{\"@type\":\"ListItem\",\"position\":2,\"name\":\"C\u00e1rcel para cuatro presuntos integrantes de la organizaci\u00f3n delincuencial \u2018Las Hienas\u2019 por hurto de veh\u00edculos en Bogot\u00e1\"}]},{\"@type\":\"WebSite\",\"@id\":\"https:\/\/www.fiscalia.gov.co\/colombia\/#website\",\"url\":\"https:\/\/www.fiscalia.gov.co\/colombia\/\",\"name\":\"Fiscal\u00eda General de la Naci\u00f3n\",\"description\":\"P\u00e1gina oficial de la Fiscal\u00eda General de la Naci\u00f3n \u2013 Colombia. Garantizamos el acceso efectivo a la justicia, la verdad y la reparaci\u00f3n de las v\u00edctimas de los delitos.\",\"publisher\":{\"@id\":\"https:\/\/www.fiscalia.gov.co\/colombia\/#organization\"},\"potentialAction\":[{\"@type\":\"SearchAction\",\"target\":{\"@type\":\"EntryPoint\",\"urlTemplate\":\"https:\/\/www.fiscalia.gov.co\/colombia\/?s={search_term_string}\"},\"query-input\":{\"@type\":\"PropertyValueSpecification\",\"valueRequired\":true,\"valueName\":\"search_term_string\"}}],\"inLanguage\":\"es-CO\"},{\"@type\":\"Organization\",\"@id\":\"https:\/\/www.fiscalia.gov.co\/colombia\/#organization\",\"name\":\"Fiscal\u00eda General de la Naci\u00f3n\",\"url\":\"https:\/\/www.fiscalia.gov.co\/colombia\/\",\"logo\":{\"@type\":\"ImageObject\",\"inLanguage\":\"es-CO\",\"@id\":\"https:\/\/www.fiscalia.gov.co\/colombia\/#\/schema\/logo\/image\/\",\"url\":\"https:\/\/www.fiscalia.gov.co\/colombia\/wp-content\/uploads\/LogoHorizontal_1.jpg\",\"contentUrl\":\"https:\/\/www.fiscalia.gov.co\/colombia\/wp-content\/uploads\/LogoHorizontal_1.jpg\",\"width\":300,\"height\":90,\"caption\":\"Fiscal\u00eda General de la Naci\u00f3n\"},\"image\":{\"@id\":\"https:\/\/www.fiscalia.gov.co\/colombia\/#\/schema\/logo\/image\/\"},\"sameAs\":[\"https:\/\/www.facebook.com\/FiscaliaCol\",\"https:\/\/x.com\/FiscaliaCol\",\"https:\/\/www.instagram.com\/fiscaliacol\",\"https:\/\/www.linkedin.com\/company\/fiscalia-general-de-la-naci-n\/\",\"https:\/\/youtube.com\/@fiscaliageneraldelanacion-4668?si=6nN79nyQICPU5iTh\"]},{\"@type\":\"Person\",\"@id\":\"https:\/\/www.fiscalia.gov.co\/colombia\/#\/schema\/person\/6d2fae8231b80ec79ce67cf9f7d8c6ad\",\"name\":\"Leonardo Romero\",\"image\":{\"@type\":\"ImageObject\",\"inLanguage\":\"es-CO\",\"@id\":\"https:\/\/www.fiscalia.gov.co\/colombia\/#\/schema\/person\/image\/\",\"url\":\"https:\/\/secure.gravatar.com\/avatar\/1dd49c43034b846c6b5566fd5f7f57d1?s=96&d=mm&r=g\",\"contentUrl\":\"https:\/\/secure.gravatar.com\/avatar\/1dd49c43034b846c6b5566fd5f7f57d1?s=96&d=mm&r=g\",\"caption\":\"Leonardo Romero\"},\"url\":\"https:\/\/www.fiscalia.gov.co\/colombia\/author\/lromero\/\"}]}<\/script>\n<!-- \/ Yoast SEO plugin. -->","yoast_head_json":{"title":"Fiscal\u00eda General de la Naci\u00f3n","description":"P\u00e1gina oficial de la Fiscal\u00eda General de la Naci\u00f3n \u2013 Colombia. Garantizamos el acceso efectivo a la justicia, la verdad y la reparaci\u00f3n de las v\u00edctimas de los delitos.","robots":{"index":"noindex","follow":"follow"},"og_locale":"es_ES","og_type":"article","og_title":"Fiscal\u00eda General de la Naci\u00f3n","og_description":"P\u00e1gina oficial de la Fiscal\u00eda General de la Naci\u00f3n \u2013 Colombia. Garantizamos el acceso efectivo a la justicia, la verdad y la reparaci\u00f3n de las v\u00edctimas de los delitos.","og_url":"https:\/\/www.fiscalia.gov.co\/colombia\/noticias\/carcel-para-cuatro-presuntos-integrantes-de-la-organizacion-delincuencial-las-hienas-por-hurto-de-vehiculos-en-bogota\/","og_site_name":"Fiscal\u00eda General de la Naci\u00f3n","article_publisher":"https:\/\/www.facebook.com\/FiscaliaCol","article_published_time":"2022-07-22T18:41:31+00:00","article_modified_time":"2022-07-29T17:59:38+00:00","og_image":[{"url":"https:\/\/www.fiscalia.gov.co\/colombia\/wp-content\/uploads\/WhatsApp-Image-2022-07-22-at-9.22.10-AM-300x168.jpeg","type":"","width":"","height":""}],"author":"Leonardo Romero","twitter_card":"summary_large_image","twitter_creator":"@FiscaliaCol","twitter_site":"@FiscaliaCol","twitter_misc":{"Escrito por":"Leonardo Romero","Tiempo de lectura":"2 minutos"},"schema":{"@context":"https:\/\/schema.org","@graph":[{"@type":"Article","@id":"https:\/\/www.fiscalia.gov.co\/colombia\/noticias\/carcel-para-cuatro-presuntos-integrantes-de-la-organizacion-delincuencial-las-hienas-por-hurto-de-vehiculos-en-bogota\/#article","isPartOf":{"@id":"https:\/\/www.fiscalia.gov.co\/colombia\/noticias\/carcel-para-cuatro-presuntos-integrantes-de-la-organizacion-delincuencial-las-hienas-por-hurto-de-vehiculos-en-bogota\/"},"author":{"name":"Leonardo Romero","@id":"https:\/\/www.fiscalia.gov.co\/colombia\/#\/schema\/person\/6d2fae8231b80ec79ce67cf9f7d8c6ad"},"headline":"C\u00e1rcel para cuatro presuntos integrantes de la organizaci\u00f3n delincuencial \u2018Las Hienas\u2019 por hurto de veh\u00edculos en Bogot\u00e1","datePublished":"2022-07-22T18:41:31+00:00","dateModified":"2022-07-29T17:59:38+00:00","mainEntityOfPage":{"@id":"https:\/\/www.fiscalia.gov.co\/colombia\/noticias\/carcel-para-cuatro-presuntos-integrantes-de-la-organizacion-delincuencial-las-hienas-por-hurto-de-vehiculos-en-bogota\/"},"wordCount":450,"publisher":{"@id":"https:\/\/www.fiscalia.gov.co\/colombia\/#organization"},"image":{"@id":"https:\/\/www.fiscalia.gov.co\/colombia\/noticias\/carcel-para-cuatro-presuntos-integrantes-de-la-organizacion-delincuencial-las-hienas-por-hurto-de-vehiculos-en-bogota\/#primaryimage"},"thumbnailUrl":"https:\/\/www.fiscalia.gov.co\/colombia\/wp-content\/uploads\/WhatsApp-Image-2022-07-22-at-9.22.10-AM-300x168.jpeg","keywords":["Fiscal Barbosa Delgado","hurto carros","hurto de veh\u00edculos en Bogot\u00e1","Las Hienas"],"articleSection":["Noticias","Seccional Bogot\u00e1","Seguridad territorial"],"inLanguage":"es-CO"},{"@type":"WebPage","@id":"https:\/\/www.fiscalia.gov.co\/colombia\/noticias\/carcel-para-cuatro-presuntos-integrantes-de-la-organizacion-delincuencial-las-hienas-por-hurto-de-vehiculos-en-bogota\/","url":"https:\/\/www.fiscalia.gov.co\/colombia\/noticias\/carcel-para-cuatro-presuntos-integrantes-de-la-organizacion-delincuencial-las-hienas-por-hurto-de-vehiculos-en-bogota\/","name":"Fiscal\u00eda General de la Naci\u00f3n","isPartOf":{"@id":"https:\/\/www.fiscalia.gov.co\/colombia\/#website"},"primaryImageOfPage":{"@id":"https:\/\/www.fiscalia.gov.co\/colombia\/noticias\/carcel-para-cuatro-presuntos-integrantes-de-la-organizacion-delincuencial-las-hienas-por-hurto-de-vehiculos-en-bogota\/#primaryimage"},"image":{"@id":"https:\/\/www.fiscalia.gov.co\/colombia\/noticias\/carcel-para-cuatro-presuntos-integrantes-de-la-organizacion-delincuencial-las-hienas-por-hurto-de-vehiculos-en-bogota\/#primaryimage"},"thumbnailUrl":"https:\/\/www.fiscalia.gov.co\/colombia\/wp-content\/uploads\/WhatsApp-Image-2022-07-22-at-9.22.10-AM-300x168.jpeg","datePublished":"2022-07-22T18:41:31+00:00","dateModified":"2022-07-29T17:59:38+00:00","description":"P\u00e1gina oficial de la Fiscal\u00eda General de la Naci\u00f3n \u2013 Colombia. Garantizamos el acceso efectivo a la justicia, la verdad y la reparaci\u00f3n de las v\u00edctimas de los delitos.","breadcrumb":{"@id":"https:\/\/www.fiscalia.gov.co\/colombia\/noticias\/carcel-para-cuatro-presuntos-integrantes-de-la-organizacion-delincuencial-las-hienas-por-hurto-de-vehiculos-en-bogota\/#breadcrumb"},"inLanguage":"es-CO","potentialAction":[{"@type":"ReadAction","target":["https:\/\/www.fiscalia.gov.co\/colombia\/noticias\/carcel-para-cuatro-presuntos-integrantes-de-la-organizacion-delincuencial-las-hienas-por-hurto-de-vehiculos-en-bogota\/"]}]},{"@type":"ImageObject","inLanguage":"es-CO","@id":"https:\/\/www.fiscalia.gov.co\/colombia\/noticias\/carcel-para-cuatro-presuntos-integrantes-de-la-organizacion-delincuencial-las-hienas-por-hurto-de-vehiculos-en-bogota\/#primaryimage","url":"https:\/\/www.fiscalia.gov.co\/colombia\/wp-content\/uploads\/WhatsApp-Image-2022-07-22-at-9.22.10-AM-300x168.jpeg","contentUrl":"https:\/\/www.fiscalia.gov.co\/colombia\/wp-content\/uploads\/WhatsApp-Image-2022-07-22-at-9.22.10-AM-300x168.jpeg"},{"@type":"BreadcrumbList","@id":"https:\/\/www.fiscalia.gov.co\/colombia\/noticias\/carcel-para-cuatro-presuntos-integrantes-de-la-organizacion-delincuencial-las-hienas-por-hurto-de-vehiculos-en-bogota\/#breadcrumb","itemListElement":[{"@type":"ListItem","position":1,"name":"Home","item":"https:\/\/www.fiscalia.gov.co\/colombia\/"},{"@type":"ListItem","position":2,"name":"C\u00e1rcel para cuatro presuntos integrantes de la organizaci\u00f3n delincuencial \u2018Las Hienas\u2019 por hurto de veh\u00edculos en Bogot\u00e1"}]},{"@type":"WebSite","@id":"https:\/\/www.fiscalia.gov.co\/colombia\/#website","url":"https:\/\/www.fiscalia.gov.co\/colombia\/","name":"Fiscal\u00eda General de la Naci\u00f3n","description":"P\u00e1gina oficial de la Fiscal\u00eda General de la Naci\u00f3n \u2013 Colombia. Garantizamos el acceso efectivo a la justicia, la verdad y la reparaci\u00f3n de las v\u00edctimas de los delitos.","publisher":{"@id":"https:\/\/www.fiscalia.gov.co\/colombia\/#organization"},"potentialAction":[{"@type":"SearchAction","target":{"@type":"EntryPoint","urlTemplate":"https:\/\/www.fiscalia.gov.co\/colombia\/?s={search_term_string}"},"query-input":{"@type":"PropertyValueSpecification","valueRequired":true,"valueName":"search_term_string"}}],"inLanguage":"es-CO"},{"@type":"Organization","@id":"https:\/\/www.fiscalia.gov.co\/colombia\/#organization","name":"Fiscal\u00eda General de la Naci\u00f3n","url":"https:\/\/www.fiscalia.gov.co\/colombia\/","logo":{"@type":"ImageObject","inLanguage":"es-CO","@id":"https:\/\/www.fiscalia.gov.co\/colombia\/#\/schema\/logo\/image\/","url":"https:\/\/www.fiscalia.gov.co\/colombia\/wp-content\/uploads\/LogoHorizontal_1.jpg","contentUrl":"https:\/\/www.fiscalia.gov.co\/colombia\/wp-content\/uploads\/LogoHorizontal_1.jpg","width":300,"height":90,"caption":"Fiscal\u00eda General de la Naci\u00f3n"},"image":{"@id":"https:\/\/www.fiscalia.gov.co\/colombia\/#\/schema\/logo\/image\/"},"sameAs":["https:\/\/www.facebook.com\/FiscaliaCol","https:\/\/x.com\/FiscaliaCol","https:\/\/www.instagram.com\/fiscaliacol","https:\/\/www.linkedin.com\/company\/fiscalia-general-de-la-naci-n\/","https:\/\/youtube.com\/@fiscaliageneraldelanacion-4668?si=6nN79nyQICPU5iTh"]},{"@type":"Person","@id":"https:\/\/www.fiscalia.gov.co\/colombia\/#\/schema\/person\/6d2fae8231b80ec79ce67cf9f7d8c6ad","name":"Leonardo Romero","image":{"@type":"ImageObject","inLanguage":"es-CO","@id":"https:\/\/www.fiscalia.gov.co\/colombia\/#\/schema\/person\/image\/","url":"https:\/\/secure.gravatar.com\/avatar\/1dd49c43034b846c6b5566fd5f7f57d1?s=96&d=mm&r=g","contentUrl":"https:\/\/secure.gravatar.com\/avatar\/1dd49c43034b846c6b5566fd5f7f57d1?s=96&d=mm&r=g","caption":"Leonardo Romero"},"url":"https:\/\/www.fiscalia.gov.co\/colombia\/author\/lromero\/"}]}},"_links":{"self":[{"href":"https:\/\/www.fiscalia.gov.co\/colombia\/wp-json\/wp\/v2\/posts\/253304","targetHints":{"allow":["GET"]}}],"collection":[{"href":"https:\/\/www.fiscalia.gov.co\/colombia\/wp-json\/wp\/v2\/posts"}],"about":[{"href":"https:\/\/www.fiscalia.gov.co\/colombia\/wp-json\/wp\/v2\/types\/post"}],"author":[{"embeddable":true,"href":"https:\/\/www.fiscalia.gov.co\/colombia\/wp-json\/wp\/v2\/users\/173"}],"replies":[{"embeddable":true,"href":"https:\/\/www.fiscalia.gov.co\/colombia\/wp-json\/wp\/v2\/comments?post=253304"}],"version-history":[{"count":2,"href":"https:\/\/www.fiscalia.gov.co\/colombia\/wp-json\/wp\/v2\/posts\/253304\/revisions"}],"predecessor-version":[{"id":253307,"href":"https:\/\/www.fiscalia.gov.co\/colombia\/wp-json\/wp\/v2\/posts\/253304\/revisions\/253307"}],"wp:attachment":[{"href":"https:\/\/www.fiscalia.gov.co\/colombia\/wp-json\/wp\/v2\/media?parent=253304"}],"wp:term":[{"taxonomy":"category","embeddable":true,"href":"https:\/\/www.fiscalia.gov.co\/colombia\/wp-json\/wp\/v2\/categories?post=253304"},{"taxonomy":"post_tag","embeddable":true,"href":"https:\/\/www.fiscalia.gov.co\/colombia\/wp-json\/wp\/v2\/tags?post=253304"}],"curies":[{"name":"wp","href":"https:\/\/api.w.org\/{rel}","templated":true}]}}