{"id":253277,"date":"2022-07-22T07:27:39","date_gmt":"2022-07-22T12:27:39","guid":{"rendered":"https:\/\/www.fiscalia.gov.co\/colombia\/?p=253277"},"modified":"2022-07-28T15:08:19","modified_gmt":"2022-07-28T20:08:19","slug":"a-prision-presuntos-implicados-en-la-desaparicion-forzada-del-alcalde-de-el-charco-narino","status":"publish","type":"post","link":"https:\/\/www.fiscalia.gov.co\/colombia\/noticias\/a-prision-presuntos-implicados-en-la-desaparicion-forzada-del-alcalde-de-el-charco-narino\/","title":{"rendered":"A prisi\u00f3n presuntos implicados en la desaparici\u00f3n forzada del alcalde de El Charco (Nari\u00f1o)"},"content":{"rendered":"<p>La contundencia del material probatorio recaudado por la Fiscal\u00eda General de la Naci\u00f3n permiti\u00f3 que un juez de control de garant\u00edas de Popay\u00e1n (Cauca) impusiera media de aseguramiento en centro carcelario contra Cristian David Pay\u00e1n Vega y Joffer Fabi\u00e1n Hurtado Cundum\u00ed, alias \u2018Cumbamba\u2019.<\/p>\n<figure id=\"attachment_253278\" aria-describedby=\"caption-attachment-253278\" style=\"width: 300px\" class=\"wp-caption alignleft\"><img loading=\"lazy\" decoding=\"async\" class=\"wp-image-253278 size-medium\" src=\"https:\/\/www.fiscalia.gov.co\/colombia\/wp-content\/uploads\/IMG-20220721-WA0059-300x169.jpg\" alt=\"\" width=\"300\" height=\"169\" srcset=\"https:\/\/www.fiscalia.gov.co\/colombia\/wp-content\/uploads\/IMG-20220721-WA0059-300x169.jpg 300w, https:\/\/www.fiscalia.gov.co\/colombia\/wp-content\/uploads\/IMG-20220721-WA0059-1024x576.jpg 1024w, https:\/\/www.fiscalia.gov.co\/colombia\/wp-content\/uploads\/IMG-20220721-WA0059-768x432.jpg 768w, https:\/\/www.fiscalia.gov.co\/colombia\/wp-content\/uploads\/IMG-20220721-WA0059-696x392.jpg 696w, https:\/\/www.fiscalia.gov.co\/colombia\/wp-content\/uploads\/IMG-20220721-WA0059-1068x601.jpg 1068w, https:\/\/www.fiscalia.gov.co\/colombia\/wp-content\/uploads\/IMG-20220721-WA0059-747x420.jpg 747w, https:\/\/www.fiscalia.gov.co\/colombia\/wp-content\/uploads\/IMG-20220721-WA0059.jpg 1280w\" sizes=\"auto, (max-width: 300px) 100vw, 300px\" \/><figcaption id=\"caption-attachment-253278\" class=\"wp-caption-text\">Un juez de control de garant\u00edas de Popay\u00e1n (Cauca) impusiera media de aseguramiento en centro carcelario contra Cristian David Pay\u00e1n Vega y Joffer Fabi\u00e1n Hurtado Cundum\u00ed, alias \u2018Cumbamba\u2019.<\/figcaption><\/figure>\n<p>Estas dos personas, al parecer, estar\u00edan implicadas en la desaparici\u00f3n forzada del alcalde encargado de El Charco (Nari\u00f1o), Jes\u00fas David Urue\u00f1a More\u00f1o quien fue retenido por el pasado 24 de abril cuando se movilizaba en una lancha por el r\u00edo Guap\u00ed, sector La Bocana (Cauca).<\/p>\n<p>La investigaci\u00f3n adelantada por la Fiscal\u00eda se\u00f1ala que el mandatario fue interceptado por hombres que se movilizaban en otra embarcaci\u00f3n, quienes se lo llevaron con rumbo desconocido.<\/p>\n<p>El material probatorio recaudado evidenci\u00f3 que Pay\u00e1n Vega ser\u00eda la persona encargada de esperar, vigilar y hacer seguimiento al mandatario desde que lleg\u00f3 a la regi\u00f3n en un avi\u00f3n que aterriz\u00f3 en Guapi para, posteriormente, tomar una lancha con destino a El Charco.<\/p>\n<p>Hurtado Cundum\u00ed habr\u00eda sido el encargado de la log\u00edstica para ejecutar el il\u00edcito y ser\u00eda quien se qued\u00f3 con el celular de la v\u00edctima, elemento que se cree mantuvo oculto en su residencia, tal como lo evidencian las labores de seguimiento realizadas por las autoridades al GPS del tel\u00e9fono.<\/p>\n<p>En cumplimiento de una orden judicial Pay\u00e1n y Hurtado fueron capturados en Guapi (Cauca) y El Charco (Nari\u00f1o), respectivamente, por servidores del Cuerpo T\u00e9cnico de Investigaci\u00f3n (CTI) de las seccionales Cauca y Nari\u00f1o. Estas acciones fueron apoyadas por uniformados del Gaula de la Polic\u00eda y de la Armada Nacional.<\/p>\n<p>Por estos hechos un fiscal especializado de la Seccional Cauca imput\u00f3 a los procesados el delito de desaparici\u00f3n forzada, cargo que no fue aceptado por los ninguno de los presuntos implicados.<\/p>\n<p>La Fiscal\u00eda y la polic\u00eda judicial contin\u00faan las labores de b\u00fasqueda del mandatario, de quien hasta el momento se desconoce su paradero.<\/p>\n<p>Esta informaci\u00f3n se publica por razones de inter\u00e9s general.\u00a0<strong>\u00a0<\/strong><\/p>\n<p><strong>La Fiscal\u00eda habla con resultados.<\/strong><\/p>\n<p>MAP\/MAGA\/GAMM\/DSC\/MRC.<\/p>\n<hr \/>\n<p><em>La informaci\u00f3n contenida en este bolet\u00edn de prensa corresponde a la narraci\u00f3n de los hechos noticiosos objetivos, suministrados por los funcionarios encargados de adelantar las investigaciones penales al interior de la Fiscal\u00eda General de la Naci\u00f3n. Para el momento de la divulgaci\u00f3n de este comunicado, la situaci\u00f3n jur\u00eddica de la(s) persona(s) relacionada(s) se encuentra pendiente de resolver por la autoridad judicial competente, siempre bajo los preceptos de la presunci\u00f3n de inocencia, consagrados en el art\u00edculo 29 de la Constituci\u00f3n Pol\u00edtica y el art\u00edculo 7\u00ba de la Ley 906 de 2004.<\/em><\/p>\n\n<div class=\"twitter-share\"><a href=\"https:\/\/twitter.com\/intent\/tweet?via=fiscaliacol\" class=\"twitter-share-button\">Tweet<\/a><\/div>\n","protected":false},"excerpt":{"rendered":"<p>La contundencia del material probatorio recaudado por la Fiscal\u00eda General de la Naci\u00f3n permiti\u00f3 que un juez de control de garant\u00edas de Popay\u00e1n (Cauca) impusiera media de aseguramiento en centro [&hellip;]<\/p>\n","protected":false},"author":173,"featured_media":253705,"comment_status":"closed","ping_status":"open","sticky":false,"template":"","format":"video","meta":{"tdm_status":"","tdm_grid_status":"","footnotes":""},"categories":[1,24099],"tags":[25012,363,32304,24305,31641],"class_list":["post-253277","post","type-post","status-publish","format-video","has-post-thumbnail","category-noticias","category-seguridad-territorial","tag-cuerpo-tecnico-de-investigacion","tag-desaparicion-forzada","tag-el-charco-narino","tag-fiscal-general-francisco-barbosa","tag-popayan-cauca","post_format-post-format-video"],"yoast_head":"<!-- This site is optimized with the Yoast SEO plugin v24.3 - https:\/\/yoast.com\/wordpress\/plugins\/seo\/ -->\n<title>Fiscal\u00eda General de la Naci\u00f3n<\/title>\n<meta name=\"description\" content=\"P\u00e1gina oficial de la Fiscal\u00eda General de la Naci\u00f3n \u2013 Colombia. Garantizamos el acceso efectivo a la justicia, la verdad y la reparaci\u00f3n de las v\u00edctimas de los delitos.\" \/>\n<meta name=\"robots\" content=\"noindex, follow\" \/>\n<meta property=\"og:locale\" content=\"es_ES\" \/>\n<meta property=\"og:type\" content=\"article\" \/>\n<meta property=\"og:title\" content=\"Fiscal\u00eda General de la Naci\u00f3n\" \/>\n<meta property=\"og:description\" content=\"P\u00e1gina oficial de la Fiscal\u00eda General de la Naci\u00f3n \u2013 Colombia. Garantizamos el acceso efectivo a la justicia, la verdad y la reparaci\u00f3n de las v\u00edctimas de los delitos.\" \/>\n<meta property=\"og:url\" content=\"https:\/\/www.fiscalia.gov.co\/colombia\/noticias\/a-prision-presuntos-implicados-en-la-desaparicion-forzada-del-alcalde-de-el-charco-narino\/\" \/>\n<meta property=\"og:site_name\" content=\"Fiscal\u00eda General de la Naci\u00f3n\" \/>\n<meta property=\"article:publisher\" content=\"https:\/\/www.facebook.com\/FiscaliaCol\" \/>\n<meta property=\"article:published_time\" content=\"2022-07-22T12:27:39+00:00\" \/>\n<meta property=\"article:modified_time\" content=\"2022-07-28T20:08:19+00:00\" \/>\n<meta property=\"og:image\" content=\"https:\/\/www.fiscalia.gov.co\/colombia\/wp-content\/uploads\/maxresdefault-613.jpg\" \/>\n\t<meta property=\"og:image:width\" content=\"1280\" \/>\n\t<meta property=\"og:image:height\" content=\"720\" \/>\n\t<meta property=\"og:image:type\" content=\"image\/jpeg\" \/>\n<meta name=\"author\" content=\"Leonardo Romero\" \/>\n<meta name=\"twitter:card\" content=\"summary_large_image\" \/>\n<meta name=\"twitter:creator\" content=\"@FiscaliaCol\" \/>\n<meta name=\"twitter:site\" content=\"@FiscaliaCol\" \/>\n<meta name=\"twitter:label1\" content=\"Escrito por\" \/>\n\t<meta name=\"twitter:data1\" content=\"Leonardo Romero\" \/>\n\t<meta name=\"twitter:label2\" content=\"Tiempo de lectura\" \/>\n\t<meta name=\"twitter:data2\" content=\"3 minutos\" \/>\n<script type=\"application\/ld+json\" class=\"yoast-schema-graph\">{\"@context\":\"https:\/\/schema.org\",\"@graph\":[{\"@type\":\"Article\",\"@id\":\"https:\/\/www.fiscalia.gov.co\/colombia\/noticias\/a-prision-presuntos-implicados-en-la-desaparicion-forzada-del-alcalde-de-el-charco-narino\/#article\",\"isPartOf\":{\"@id\":\"https:\/\/www.fiscalia.gov.co\/colombia\/noticias\/a-prision-presuntos-implicados-en-la-desaparicion-forzada-del-alcalde-de-el-charco-narino\/\"},\"author\":{\"name\":\"Leonardo Romero\",\"@id\":\"https:\/\/www.fiscalia.gov.co\/colombia\/#\/schema\/person\/6d2fae8231b80ec79ce67cf9f7d8c6ad\"},\"headline\":\"A prisi\u00f3n presuntos implicados en la desaparici\u00f3n forzada del alcalde de El Charco (Nari\u00f1o)\",\"datePublished\":\"2022-07-22T12:27:39+00:00\",\"dateModified\":\"2022-07-28T20:08:19+00:00\",\"mainEntityOfPage\":{\"@id\":\"https:\/\/www.fiscalia.gov.co\/colombia\/noticias\/a-prision-presuntos-implicados-en-la-desaparicion-forzada-del-alcalde-de-el-charco-narino\/\"},\"wordCount\":526,\"publisher\":{\"@id\":\"https:\/\/www.fiscalia.gov.co\/colombia\/#organization\"},\"image\":{\"@id\":\"https:\/\/www.fiscalia.gov.co\/colombia\/noticias\/a-prision-presuntos-implicados-en-la-desaparicion-forzada-del-alcalde-de-el-charco-narino\/#primaryimage\"},\"thumbnailUrl\":\"https:\/\/www.fiscalia.gov.co\/colombia\/wp-content\/uploads\/maxresdefault-613.jpg\",\"keywords\":[\"cuerpo t\u00e9cnico de investigaci\u00f3n\",\"Desaparici\u00f3n forzada\",\"El Charco (Nari\u00f1o)\",\"Fiscal General Francisco Barbosa\",\"Popay\u00e1n (Cauca)\"],\"articleSection\":[\"Noticias\",\"Seguridad territorial\"],\"inLanguage\":\"es-CO\"},{\"@type\":\"WebPage\",\"@id\":\"https:\/\/www.fiscalia.gov.co\/colombia\/noticias\/a-prision-presuntos-implicados-en-la-desaparicion-forzada-del-alcalde-de-el-charco-narino\/\",\"url\":\"https:\/\/www.fiscalia.gov.co\/colombia\/noticias\/a-prision-presuntos-implicados-en-la-desaparicion-forzada-del-alcalde-de-el-charco-narino\/\",\"name\":\"Fiscal\u00eda General de la Naci\u00f3n\",\"isPartOf\":{\"@id\":\"https:\/\/www.fiscalia.gov.co\/colombia\/#website\"},\"primaryImageOfPage\":{\"@id\":\"https:\/\/www.fiscalia.gov.co\/colombia\/noticias\/a-prision-presuntos-implicados-en-la-desaparicion-forzada-del-alcalde-de-el-charco-narino\/#primaryimage\"},\"image\":{\"@id\":\"https:\/\/www.fiscalia.gov.co\/colombia\/noticias\/a-prision-presuntos-implicados-en-la-desaparicion-forzada-del-alcalde-de-el-charco-narino\/#primaryimage\"},\"thumbnailUrl\":\"https:\/\/www.fiscalia.gov.co\/colombia\/wp-content\/uploads\/maxresdefault-613.jpg\",\"datePublished\":\"2022-07-22T12:27:39+00:00\",\"dateModified\":\"2022-07-28T20:08:19+00:00\",\"description\":\"P\u00e1gina oficial de la Fiscal\u00eda General de la Naci\u00f3n \u2013 Colombia. Garantizamos el acceso efectivo a la justicia, la verdad y la reparaci\u00f3n de las v\u00edctimas de los delitos.\",\"breadcrumb\":{\"@id\":\"https:\/\/www.fiscalia.gov.co\/colombia\/noticias\/a-prision-presuntos-implicados-en-la-desaparicion-forzada-del-alcalde-de-el-charco-narino\/#breadcrumb\"},\"inLanguage\":\"es-CO\",\"potentialAction\":[{\"@type\":\"ReadAction\",\"target\":[\"https:\/\/www.fiscalia.gov.co\/colombia\/noticias\/a-prision-presuntos-implicados-en-la-desaparicion-forzada-del-alcalde-de-el-charco-narino\/\"]}]},{\"@type\":\"ImageObject\",\"inLanguage\":\"es-CO\",\"@id\":\"https:\/\/www.fiscalia.gov.co\/colombia\/noticias\/a-prision-presuntos-implicados-en-la-desaparicion-forzada-del-alcalde-de-el-charco-narino\/#primaryimage\",\"url\":\"https:\/\/www.fiscalia.gov.co\/colombia\/wp-content\/uploads\/maxresdefault-613.jpg\",\"contentUrl\":\"https:\/\/www.fiscalia.gov.co\/colombia\/wp-content\/uploads\/maxresdefault-613.jpg\",\"width\":1280,\"height\":720},{\"@type\":\"BreadcrumbList\",\"@id\":\"https:\/\/www.fiscalia.gov.co\/colombia\/noticias\/a-prision-presuntos-implicados-en-la-desaparicion-forzada-del-alcalde-de-el-charco-narino\/#breadcrumb\",\"itemListElement\":[{\"@type\":\"ListItem\",\"position\":1,\"name\":\"Home\",\"item\":\"https:\/\/www.fiscalia.gov.co\/colombia\/\"},{\"@type\":\"ListItem\",\"position\":2,\"name\":\"A prisi\u00f3n presuntos implicados en la desaparici\u00f3n forzada del alcalde de El Charco (Nari\u00f1o)\"}]},{\"@type\":\"WebSite\",\"@id\":\"https:\/\/www.fiscalia.gov.co\/colombia\/#website\",\"url\":\"https:\/\/www.fiscalia.gov.co\/colombia\/\",\"name\":\"Fiscal\u00eda General de la Naci\u00f3n\",\"description\":\"P\u00e1gina oficial de la Fiscal\u00eda General de la Naci\u00f3n \u2013 Colombia. Garantizamos el acceso efectivo a la justicia, la verdad y la reparaci\u00f3n de las v\u00edctimas de los delitos.\",\"publisher\":{\"@id\":\"https:\/\/www.fiscalia.gov.co\/colombia\/#organization\"},\"potentialAction\":[{\"@type\":\"SearchAction\",\"target\":{\"@type\":\"EntryPoint\",\"urlTemplate\":\"https:\/\/www.fiscalia.gov.co\/colombia\/?s={search_term_string}\"},\"query-input\":{\"@type\":\"PropertyValueSpecification\",\"valueRequired\":true,\"valueName\":\"search_term_string\"}}],\"inLanguage\":\"es-CO\"},{\"@type\":\"Organization\",\"@id\":\"https:\/\/www.fiscalia.gov.co\/colombia\/#organization\",\"name\":\"Fiscal\u00eda General de la Naci\u00f3n\",\"url\":\"https:\/\/www.fiscalia.gov.co\/colombia\/\",\"logo\":{\"@type\":\"ImageObject\",\"inLanguage\":\"es-CO\",\"@id\":\"https:\/\/www.fiscalia.gov.co\/colombia\/#\/schema\/logo\/image\/\",\"url\":\"https:\/\/www.fiscalia.gov.co\/colombia\/wp-content\/uploads\/LogoHorizontal_1.jpg\",\"contentUrl\":\"https:\/\/www.fiscalia.gov.co\/colombia\/wp-content\/uploads\/LogoHorizontal_1.jpg\",\"width\":300,\"height\":90,\"caption\":\"Fiscal\u00eda General de la Naci\u00f3n\"},\"image\":{\"@id\":\"https:\/\/www.fiscalia.gov.co\/colombia\/#\/schema\/logo\/image\/\"},\"sameAs\":[\"https:\/\/www.facebook.com\/FiscaliaCol\",\"https:\/\/x.com\/FiscaliaCol\",\"https:\/\/www.instagram.com\/fiscaliacol\",\"https:\/\/www.linkedin.com\/company\/fiscalia-general-de-la-naci-n\/\",\"https:\/\/youtube.com\/@fiscaliageneraldelanacion-4668?si=6nN79nyQICPU5iTh\"]},{\"@type\":\"Person\",\"@id\":\"https:\/\/www.fiscalia.gov.co\/colombia\/#\/schema\/person\/6d2fae8231b80ec79ce67cf9f7d8c6ad\",\"name\":\"Leonardo Romero\",\"image\":{\"@type\":\"ImageObject\",\"inLanguage\":\"es-CO\",\"@id\":\"https:\/\/www.fiscalia.gov.co\/colombia\/#\/schema\/person\/image\/\",\"url\":\"https:\/\/secure.gravatar.com\/avatar\/1dd49c43034b846c6b5566fd5f7f57d1?s=96&d=mm&r=g\",\"contentUrl\":\"https:\/\/secure.gravatar.com\/avatar\/1dd49c43034b846c6b5566fd5f7f57d1?s=96&d=mm&r=g\",\"caption\":\"Leonardo Romero\"},\"url\":\"https:\/\/www.fiscalia.gov.co\/colombia\/author\/lromero\/\"}]}<\/script>\n<!-- \/ Yoast SEO plugin. -->","yoast_head_json":{"title":"Fiscal\u00eda General de la Naci\u00f3n","description":"P\u00e1gina oficial de la Fiscal\u00eda General de la Naci\u00f3n \u2013 Colombia. Garantizamos el acceso efectivo a la justicia, la verdad y la reparaci\u00f3n de las v\u00edctimas de los delitos.","robots":{"index":"noindex","follow":"follow"},"og_locale":"es_ES","og_type":"article","og_title":"Fiscal\u00eda General de la Naci\u00f3n","og_description":"P\u00e1gina oficial de la Fiscal\u00eda General de la Naci\u00f3n \u2013 Colombia. Garantizamos el acceso efectivo a la justicia, la verdad y la reparaci\u00f3n de las v\u00edctimas de los delitos.","og_url":"https:\/\/www.fiscalia.gov.co\/colombia\/noticias\/a-prision-presuntos-implicados-en-la-desaparicion-forzada-del-alcalde-de-el-charco-narino\/","og_site_name":"Fiscal\u00eda General de la Naci\u00f3n","article_publisher":"https:\/\/www.facebook.com\/FiscaliaCol","article_published_time":"2022-07-22T12:27:39+00:00","article_modified_time":"2022-07-28T20:08:19+00:00","og_image":[{"width":1280,"height":720,"url":"https:\/\/www.fiscalia.gov.co\/colombia\/wp-content\/uploads\/maxresdefault-613.jpg","type":"image\/jpeg"}],"author":"Leonardo Romero","twitter_card":"summary_large_image","twitter_creator":"@FiscaliaCol","twitter_site":"@FiscaliaCol","twitter_misc":{"Escrito por":"Leonardo Romero","Tiempo de lectura":"3 minutos"},"schema":{"@context":"https:\/\/schema.org","@graph":[{"@type":"Article","@id":"https:\/\/www.fiscalia.gov.co\/colombia\/noticias\/a-prision-presuntos-implicados-en-la-desaparicion-forzada-del-alcalde-de-el-charco-narino\/#article","isPartOf":{"@id":"https:\/\/www.fiscalia.gov.co\/colombia\/noticias\/a-prision-presuntos-implicados-en-la-desaparicion-forzada-del-alcalde-de-el-charco-narino\/"},"author":{"name":"Leonardo Romero","@id":"https:\/\/www.fiscalia.gov.co\/colombia\/#\/schema\/person\/6d2fae8231b80ec79ce67cf9f7d8c6ad"},"headline":"A prisi\u00f3n presuntos implicados en la desaparici\u00f3n forzada del alcalde de El Charco (Nari\u00f1o)","datePublished":"2022-07-22T12:27:39+00:00","dateModified":"2022-07-28T20:08:19+00:00","mainEntityOfPage":{"@id":"https:\/\/www.fiscalia.gov.co\/colombia\/noticias\/a-prision-presuntos-implicados-en-la-desaparicion-forzada-del-alcalde-de-el-charco-narino\/"},"wordCount":526,"publisher":{"@id":"https:\/\/www.fiscalia.gov.co\/colombia\/#organization"},"image":{"@id":"https:\/\/www.fiscalia.gov.co\/colombia\/noticias\/a-prision-presuntos-implicados-en-la-desaparicion-forzada-del-alcalde-de-el-charco-narino\/#primaryimage"},"thumbnailUrl":"https:\/\/www.fiscalia.gov.co\/colombia\/wp-content\/uploads\/maxresdefault-613.jpg","keywords":["cuerpo t\u00e9cnico de investigaci\u00f3n","Desaparici\u00f3n forzada","El Charco (Nari\u00f1o)","Fiscal General Francisco Barbosa","Popay\u00e1n (Cauca)"],"articleSection":["Noticias","Seguridad territorial"],"inLanguage":"es-CO"},{"@type":"WebPage","@id":"https:\/\/www.fiscalia.gov.co\/colombia\/noticias\/a-prision-presuntos-implicados-en-la-desaparicion-forzada-del-alcalde-de-el-charco-narino\/","url":"https:\/\/www.fiscalia.gov.co\/colombia\/noticias\/a-prision-presuntos-implicados-en-la-desaparicion-forzada-del-alcalde-de-el-charco-narino\/","name":"Fiscal\u00eda General de la Naci\u00f3n","isPartOf":{"@id":"https:\/\/www.fiscalia.gov.co\/colombia\/#website"},"primaryImageOfPage":{"@id":"https:\/\/www.fiscalia.gov.co\/colombia\/noticias\/a-prision-presuntos-implicados-en-la-desaparicion-forzada-del-alcalde-de-el-charco-narino\/#primaryimage"},"image":{"@id":"https:\/\/www.fiscalia.gov.co\/colombia\/noticias\/a-prision-presuntos-implicados-en-la-desaparicion-forzada-del-alcalde-de-el-charco-narino\/#primaryimage"},"thumbnailUrl":"https:\/\/www.fiscalia.gov.co\/colombia\/wp-content\/uploads\/maxresdefault-613.jpg","datePublished":"2022-07-22T12:27:39+00:00","dateModified":"2022-07-28T20:08:19+00:00","description":"P\u00e1gina oficial de la Fiscal\u00eda General de la Naci\u00f3n \u2013 Colombia. Garantizamos el acceso efectivo a la justicia, la verdad y la reparaci\u00f3n de las v\u00edctimas de los delitos.","breadcrumb":{"@id":"https:\/\/www.fiscalia.gov.co\/colombia\/noticias\/a-prision-presuntos-implicados-en-la-desaparicion-forzada-del-alcalde-de-el-charco-narino\/#breadcrumb"},"inLanguage":"es-CO","potentialAction":[{"@type":"ReadAction","target":["https:\/\/www.fiscalia.gov.co\/colombia\/noticias\/a-prision-presuntos-implicados-en-la-desaparicion-forzada-del-alcalde-de-el-charco-narino\/"]}]},{"@type":"ImageObject","inLanguage":"es-CO","@id":"https:\/\/www.fiscalia.gov.co\/colombia\/noticias\/a-prision-presuntos-implicados-en-la-desaparicion-forzada-del-alcalde-de-el-charco-narino\/#primaryimage","url":"https:\/\/www.fiscalia.gov.co\/colombia\/wp-content\/uploads\/maxresdefault-613.jpg","contentUrl":"https:\/\/www.fiscalia.gov.co\/colombia\/wp-content\/uploads\/maxresdefault-613.jpg","width":1280,"height":720},{"@type":"BreadcrumbList","@id":"https:\/\/www.fiscalia.gov.co\/colombia\/noticias\/a-prision-presuntos-implicados-en-la-desaparicion-forzada-del-alcalde-de-el-charco-narino\/#breadcrumb","itemListElement":[{"@type":"ListItem","position":1,"name":"Home","item":"https:\/\/www.fiscalia.gov.co\/colombia\/"},{"@type":"ListItem","position":2,"name":"A prisi\u00f3n presuntos implicados en la desaparici\u00f3n forzada del alcalde de El Charco (Nari\u00f1o)"}]},{"@type":"WebSite","@id":"https:\/\/www.fiscalia.gov.co\/colombia\/#website","url":"https:\/\/www.fiscalia.gov.co\/colombia\/","name":"Fiscal\u00eda General de la Naci\u00f3n","description":"P\u00e1gina oficial de la Fiscal\u00eda General de la Naci\u00f3n \u2013 Colombia. Garantizamos el acceso efectivo a la justicia, la verdad y la reparaci\u00f3n de las v\u00edctimas de los delitos.","publisher":{"@id":"https:\/\/www.fiscalia.gov.co\/colombia\/#organization"},"potentialAction":[{"@type":"SearchAction","target":{"@type":"EntryPoint","urlTemplate":"https:\/\/www.fiscalia.gov.co\/colombia\/?s={search_term_string}"},"query-input":{"@type":"PropertyValueSpecification","valueRequired":true,"valueName":"search_term_string"}}],"inLanguage":"es-CO"},{"@type":"Organization","@id":"https:\/\/www.fiscalia.gov.co\/colombia\/#organization","name":"Fiscal\u00eda General de la Naci\u00f3n","url":"https:\/\/www.fiscalia.gov.co\/colombia\/","logo":{"@type":"ImageObject","inLanguage":"es-CO","@id":"https:\/\/www.fiscalia.gov.co\/colombia\/#\/schema\/logo\/image\/","url":"https:\/\/www.fiscalia.gov.co\/colombia\/wp-content\/uploads\/LogoHorizontal_1.jpg","contentUrl":"https:\/\/www.fiscalia.gov.co\/colombia\/wp-content\/uploads\/LogoHorizontal_1.jpg","width":300,"height":90,"caption":"Fiscal\u00eda General de la Naci\u00f3n"},"image":{"@id":"https:\/\/www.fiscalia.gov.co\/colombia\/#\/schema\/logo\/image\/"},"sameAs":["https:\/\/www.facebook.com\/FiscaliaCol","https:\/\/x.com\/FiscaliaCol","https:\/\/www.instagram.com\/fiscaliacol","https:\/\/www.linkedin.com\/company\/fiscalia-general-de-la-naci-n\/","https:\/\/youtube.com\/@fiscaliageneraldelanacion-4668?si=6nN79nyQICPU5iTh"]},{"@type":"Person","@id":"https:\/\/www.fiscalia.gov.co\/colombia\/#\/schema\/person\/6d2fae8231b80ec79ce67cf9f7d8c6ad","name":"Leonardo Romero","image":{"@type":"ImageObject","inLanguage":"es-CO","@id":"https:\/\/www.fiscalia.gov.co\/colombia\/#\/schema\/person\/image\/","url":"https:\/\/secure.gravatar.com\/avatar\/1dd49c43034b846c6b5566fd5f7f57d1?s=96&d=mm&r=g","contentUrl":"https:\/\/secure.gravatar.com\/avatar\/1dd49c43034b846c6b5566fd5f7f57d1?s=96&d=mm&r=g","caption":"Leonardo Romero"},"url":"https:\/\/www.fiscalia.gov.co\/colombia\/author\/lromero\/"}]}},"_links":{"self":[{"href":"https:\/\/www.fiscalia.gov.co\/colombia\/wp-json\/wp\/v2\/posts\/253277","targetHints":{"allow":["GET"]}}],"collection":[{"href":"https:\/\/www.fiscalia.gov.co\/colombia\/wp-json\/wp\/v2\/posts"}],"about":[{"href":"https:\/\/www.fiscalia.gov.co\/colombia\/wp-json\/wp\/v2\/types\/post"}],"author":[{"embeddable":true,"href":"https:\/\/www.fiscalia.gov.co\/colombia\/wp-json\/wp\/v2\/users\/173"}],"replies":[{"embeddable":true,"href":"https:\/\/www.fiscalia.gov.co\/colombia\/wp-json\/wp\/v2\/comments?post=253277"}],"version-history":[{"count":2,"href":"https:\/\/www.fiscalia.gov.co\/colombia\/wp-json\/wp\/v2\/posts\/253277\/revisions"}],"predecessor-version":[{"id":253709,"href":"https:\/\/www.fiscalia.gov.co\/colombia\/wp-json\/wp\/v2\/posts\/253277\/revisions\/253709"}],"wp:featuredmedia":[{"embeddable":true,"href":"https:\/\/www.fiscalia.gov.co\/colombia\/wp-json\/wp\/v2\/media\/253705"}],"wp:attachment":[{"href":"https:\/\/www.fiscalia.gov.co\/colombia\/wp-json\/wp\/v2\/media?parent=253277"}],"wp:term":[{"taxonomy":"category","embeddable":true,"href":"https:\/\/www.fiscalia.gov.co\/colombia\/wp-json\/wp\/v2\/categories?post=253277"},{"taxonomy":"post_tag","embeddable":true,"href":"https:\/\/www.fiscalia.gov.co\/colombia\/wp-json\/wp\/v2\/tags?post=253277"}],"curies":[{"name":"wp","href":"https:\/\/api.w.org\/{rel}","templated":true}]}}