{"id":253126,"date":"2022-07-21T08:50:32","date_gmt":"2022-07-21T13:50:32","guid":{"rendered":"https:\/\/www.fiscalia.gov.co\/colombia\/?p=253126"},"modified":"2022-07-21T08:50:32","modified_gmt":"2022-07-21T13:50:32","slug":"a-prision-dos-presuntos-responsables-de-agresiones-sexuales-contra-menores-de-edad-en-bolivar","status":"publish","type":"post","link":"https:\/\/www.fiscalia.gov.co\/colombia\/noticias\/a-prision-dos-presuntos-responsables-de-agresiones-sexuales-contra-menores-de-edad-en-bolivar\/","title":{"rendered":"A prisi\u00f3n dos presuntos responsables de agresiones sexuales contra menores de edad en Bol\u00edvar"},"content":{"rendered":"<p>En procesos diferentes, dos fiscales de la seccional Bol\u00edvar solicitaron a jueces de control de garant\u00edas medidas de aseguramiento contra dos hombres, presuntamente, implicados en actos sexuales con menores de 14 a\u00f1os.<\/p>\n<figure id=\"attachment_253128\" aria-describedby=\"caption-attachment-253128\" style=\"width: 300px\" class=\"wp-caption alignleft\"><img loading=\"lazy\" decoding=\"async\" class=\"wp-image-253128 size-medium\" src=\"https:\/\/www.fiscalia.gov.co\/colombia\/wp-content\/uploads\/foto-1-boletin-19-de-julio-acto-sexual-Cgena-300x169.jpeg\" alt=\"\" width=\"300\" height=\"169\" srcset=\"https:\/\/www.fiscalia.gov.co\/colombia\/wp-content\/uploads\/foto-1-boletin-19-de-julio-acto-sexual-Cgena-300x169.jpeg 300w, https:\/\/www.fiscalia.gov.co\/colombia\/wp-content\/uploads\/foto-1-boletin-19-de-julio-acto-sexual-Cgena-1024x576.jpeg 1024w, https:\/\/www.fiscalia.gov.co\/colombia\/wp-content\/uploads\/foto-1-boletin-19-de-julio-acto-sexual-Cgena-768x432.jpeg 768w, https:\/\/www.fiscalia.gov.co\/colombia\/wp-content\/uploads\/foto-1-boletin-19-de-julio-acto-sexual-Cgena-696x392.jpeg 696w, https:\/\/www.fiscalia.gov.co\/colombia\/wp-content\/uploads\/foto-1-boletin-19-de-julio-acto-sexual-Cgena-1068x601.jpeg 1068w, https:\/\/www.fiscalia.gov.co\/colombia\/wp-content\/uploads\/foto-1-boletin-19-de-julio-acto-sexual-Cgena-747x420.jpeg 747w, https:\/\/www.fiscalia.gov.co\/colombia\/wp-content\/uploads\/foto-1-boletin-19-de-julio-acto-sexual-Cgena.jpeg 1280w\" sizes=\"auto, (max-width: 300px) 100vw, 300px\" \/><figcaption id=\"caption-attachment-253128\" class=\"wp-caption-text\">Capturado en Cartagena por su presunta responsabilidad en el delito de acto sexual.<\/figcaption><\/figure>\n<p>El primer caso est\u00e1 relacionado con los hechos ocurridos el pasado 15 de julio en el barrio Olaya de Cartagena, donde miembros de la Polic\u00eda Nacional atendieron un llamado de la comunidad y capturaron a un hombre de 40 a\u00f1os que, al parecer, habr\u00eda intentado abusar sexualmente de un estudiante de 13 a\u00f1os.<\/p>\n<p>El segundo caso sucedi\u00f3 en el municipio de Turbaco (Bol\u00edvar) el 14 de julio pasado. Ese d\u00eda la Polic\u00eda captur\u00f3 a un hombre de 45 a\u00f1os que habr\u00eda aprovechado su condici\u00f3n de\u00a0mototaxista\u00a0para presuntamente realizar tocamientos de \u00edndole sexual a una pasajera de 15 a\u00f1os.\u00a0Pobladores del sector detuvieron al hombre y lo entregaron a las autoridades.<\/p>\n<figure id=\"attachment_253127\" aria-describedby=\"caption-attachment-253127\" style=\"width: 300px\" class=\"wp-caption alignleft\"><img loading=\"lazy\" decoding=\"async\" class=\"wp-image-253127 size-medium\" src=\"https:\/\/www.fiscalia.gov.co\/colombia\/wp-content\/uploads\/Foto-2-boletin-19-de-julio-Acto-sexual-Turbaco-300x270.jpeg\" alt=\"\" width=\"300\" height=\"270\" srcset=\"https:\/\/www.fiscalia.gov.co\/colombia\/wp-content\/uploads\/Foto-2-boletin-19-de-julio-Acto-sexual-Turbaco-300x270.jpeg 300w, https:\/\/www.fiscalia.gov.co\/colombia\/wp-content\/uploads\/Foto-2-boletin-19-de-julio-Acto-sexual-Turbaco-1024x921.jpeg 1024w, https:\/\/www.fiscalia.gov.co\/colombia\/wp-content\/uploads\/Foto-2-boletin-19-de-julio-Acto-sexual-Turbaco-768x691.jpeg 768w, https:\/\/www.fiscalia.gov.co\/colombia\/wp-content\/uploads\/Foto-2-boletin-19-de-julio-Acto-sexual-Turbaco-696x626.jpeg 696w, https:\/\/www.fiscalia.gov.co\/colombia\/wp-content\/uploads\/Foto-2-boletin-19-de-julio-Acto-sexual-Turbaco-1068x960.jpeg 1068w, https:\/\/www.fiscalia.gov.co\/colombia\/wp-content\/uploads\/Foto-2-boletin-19-de-julio-Acto-sexual-Turbaco-467x420.jpeg 467w, https:\/\/www.fiscalia.gov.co\/colombia\/wp-content\/uploads\/Foto-2-boletin-19-de-julio-Acto-sexual-Turbaco.jpeg 1210w\" sizes=\"auto, (max-width: 300px) 100vw, 300px\" \/><figcaption id=\"caption-attachment-253127\" class=\"wp-caption-text\">Momentos en que la Polic\u00eda Nacional captur\u00f3 al presunto responsable del delito de acto sexual en el municipio de Turbaco (bol\u00edvar).<\/figcaption><\/figure>\n<p>Ninguno de los presuntos involucrados acept\u00f3 los cargos imputados por el ente acusador. Los jueces respectivos dispusieron para las dos personas medidas de aseguramiento en centro carcelario.<\/p>\n<p>Esta informaci\u00f3n se publica por razones de inter\u00e9s general.<\/p>\n<p>MEVA\/MAGA\/RR\/RA\/DSB<\/p>\n<p>&nbsp;<\/p>\n<p>&nbsp;<\/p>\n<hr \/>\n<p><em>La informaci\u00f3n contenida en este bolet\u00edn de prensa corresponde a la narraci\u00f3n de los hechos noticiosos objetivos, suministrados por los funcionarios encargados de adelantar las investigaciones penales al interior de la Fiscal\u00eda General de la Naci\u00f3n. Para el momento de la divulgaci\u00f3n de este comunicado, la situaci\u00f3n jur\u00eddica de la(s) persona(s) relacionada(s) se encuentra pendiente de resolver por la autoridad judicial competente, siempre bajo los preceptos de la presunci\u00f3n de inocencia, consagrados en el art\u00edculo 29 de la Constituci\u00f3n Pol\u00edtica y el art\u00edculo 7\u00ba de la Ley 906 de 2004.<\/em><\/p>\n\n<div class=\"twitter-share\"><a href=\"https:\/\/twitter.com\/intent\/tweet?via=fiscaliacol\" class=\"twitter-share-button\">Tweet<\/a><\/div>\n","protected":false},"excerpt":{"rendered":"<p>En procesos diferentes, dos fiscales de la seccional Bol\u00edvar solicitaron a jueces de control de garant\u00edas medidas de aseguramiento contra dos hombres, presuntamente, implicados en actos sexuales con menores de 14 a\u00f1os. El primer caso est\u00e1 relacionado con los hechos ocurridos el pasado 15 de julio en el barrio Olaya de Cartagena, donde miembros de [&hellip;]<\/p>\n","protected":false},"author":173,"featured_media":0,"comment_status":"closed","ping_status":"open","sticky":false,"template":"","format":"standard","meta":{"_price":"","_stock":"","_tribe_ticket_header":"","_tribe_default_ticket_provider":"","_tribe_ticket_capacity":"0","_ticket_start_date":"","_ticket_end_date":"","_tribe_ticket_show_description":"","_tribe_ticket_show_not_going":false,"_tribe_ticket_use_global_stock":"","_tribe_ticket_global_stock_level":"","_global_stock_mode":"","_global_stock_cap":"","_tribe_rsvp_for_event":"","_tribe_ticket_going_count":"","_tribe_ticket_not_going_count":"","_tribe_tickets_list":"[]","_tribe_ticket_has_attendee_info_fields":false,"tdm_status":"","tdm_grid_status":"","footnotes":""},"categories":[1,24127],"tags":[7412,14550,23819,24188,24187,1047,558,29369],"class_list":{"0":"post-253126","1":"post","2":"type-post","3":"status-publish","4":"format-standard","6":"category-noticias","7":"category-violencia-sexual-e-intrafamiliar","8":"tag-acto-sexual-con-menor-de-14-anos","9":"tag-carcel","10":"tag-cartagena","11":"tag-fiscal-francisco-barbosa","12":"tag-fiscalia-colombia","13":"tag-fiscalia-general-de-la-nacion","14":"tag-policia-nacional","15":"tag-turbaco"},"yoast_head":"<!-- This site is optimized with the Yoast SEO plugin v24.3 - https:\/\/yoast.com\/wordpress\/plugins\/seo\/ -->\n<title>Fiscal\u00eda General de la Naci\u00f3n<\/title>\n<meta name=\"description\" content=\"P\u00e1gina oficial de la Fiscal\u00eda General de la Naci\u00f3n \u2013 Colombia. Garantizamos el acceso efectivo a la justicia, la verdad y la reparaci\u00f3n de las v\u00edctimas de los delitos.\" \/>\n<meta name=\"robots\" content=\"noindex, follow\" \/>\n<meta property=\"og:locale\" content=\"es_ES\" \/>\n<meta property=\"og:type\" content=\"article\" \/>\n<meta property=\"og:title\" content=\"Fiscal\u00eda General de la Naci\u00f3n\" \/>\n<meta property=\"og:description\" content=\"P\u00e1gina oficial de la Fiscal\u00eda General de la Naci\u00f3n \u2013 Colombia. Garantizamos el acceso efectivo a la justicia, la verdad y la reparaci\u00f3n de las v\u00edctimas de los delitos.\" \/>\n<meta property=\"og:url\" content=\"https:\/\/www.fiscalia.gov.co\/colombia\/noticias\/a-prision-dos-presuntos-responsables-de-agresiones-sexuales-contra-menores-de-edad-en-bolivar\/\" \/>\n<meta property=\"og:site_name\" content=\"Fiscal\u00eda General de la Naci\u00f3n\" \/>\n<meta property=\"article:publisher\" content=\"https:\/\/www.facebook.com\/FiscaliaCol\" \/>\n<meta property=\"article:published_time\" content=\"2022-07-21T13:50:32+00:00\" \/>\n<meta property=\"og:image\" content=\"https:\/\/www.fiscalia.gov.co\/colombia\/wp-content\/uploads\/foto-1-boletin-19-de-julio-acto-sexual-Cgena-300x169.jpeg\" \/>\n<meta name=\"author\" content=\"Leonardo Romero\" \/>\n<meta name=\"twitter:card\" content=\"summary_large_image\" \/>\n<meta name=\"twitter:creator\" content=\"@FiscaliaCol\" \/>\n<meta name=\"twitter:site\" content=\"@FiscaliaCol\" \/>\n<meta name=\"twitter:label1\" content=\"Escrito por\" \/>\n\t<meta name=\"twitter:data1\" content=\"Leonardo Romero\" \/>\n\t<meta name=\"twitter:label2\" content=\"Tiempo de lectura\" \/>\n\t<meta name=\"twitter:data2\" content=\"2 minutos\" \/>\n<script type=\"application\/ld+json\" class=\"yoast-schema-graph\">{\"@context\":\"https:\/\/schema.org\",\"@graph\":[{\"@type\":\"Article\",\"@id\":\"https:\/\/www.fiscalia.gov.co\/colombia\/noticias\/a-prision-dos-presuntos-responsables-de-agresiones-sexuales-contra-menores-de-edad-en-bolivar\/#article\",\"isPartOf\":{\"@id\":\"https:\/\/www.fiscalia.gov.co\/colombia\/noticias\/a-prision-dos-presuntos-responsables-de-agresiones-sexuales-contra-menores-de-edad-en-bolivar\/\"},\"author\":{\"name\":\"Leonardo Romero\",\"@id\":\"https:\/\/www.fiscalia.gov.co\/colombia\/#\/schema\/person\/6d2fae8231b80ec79ce67cf9f7d8c6ad\"},\"headline\":\"A prisi\u00f3n dos presuntos responsables de agresiones sexuales contra menores de edad en Bol\u00edvar\",\"datePublished\":\"2022-07-21T13:50:32+00:00\",\"dateModified\":\"2022-07-21T13:50:32+00:00\",\"mainEntityOfPage\":{\"@id\":\"https:\/\/www.fiscalia.gov.co\/colombia\/noticias\/a-prision-dos-presuntos-responsables-de-agresiones-sexuales-contra-menores-de-edad-en-bolivar\/\"},\"wordCount\":363,\"publisher\":{\"@id\":\"https:\/\/www.fiscalia.gov.co\/colombia\/#organization\"},\"image\":{\"@id\":\"https:\/\/www.fiscalia.gov.co\/colombia\/noticias\/a-prision-dos-presuntos-responsables-de-agresiones-sexuales-contra-menores-de-edad-en-bolivar\/#primaryimage\"},\"thumbnailUrl\":\"https:\/\/www.fiscalia.gov.co\/colombia\/wp-content\/uploads\/foto-1-boletin-19-de-julio-acto-sexual-Cgena-300x169.jpeg\",\"keywords\":[\"acto sexual con menor de 14 a\u00f1os\",\"C\u00e1rcel\",\"Cartagena\",\"Fiscal Francisco Barbosa\",\"Fiscal\u00eda Colombia\",\"Fiscal\u00eda General de la Naci\u00f3n\",\"Polic\u00eda Nacional\",\"Turbaco\"],\"articleSection\":[\"Noticias\",\"Violencia sexual e intrafamiliar\"],\"inLanguage\":\"es-CO\"},{\"@type\":\"WebPage\",\"@id\":\"https:\/\/www.fiscalia.gov.co\/colombia\/noticias\/a-prision-dos-presuntos-responsables-de-agresiones-sexuales-contra-menores-de-edad-en-bolivar\/\",\"url\":\"https:\/\/www.fiscalia.gov.co\/colombia\/noticias\/a-prision-dos-presuntos-responsables-de-agresiones-sexuales-contra-menores-de-edad-en-bolivar\/\",\"name\":\"Fiscal\u00eda General de la Naci\u00f3n\",\"isPartOf\":{\"@id\":\"https:\/\/www.fiscalia.gov.co\/colombia\/#website\"},\"primaryImageOfPage\":{\"@id\":\"https:\/\/www.fiscalia.gov.co\/colombia\/noticias\/a-prision-dos-presuntos-responsables-de-agresiones-sexuales-contra-menores-de-edad-en-bolivar\/#primaryimage\"},\"image\":{\"@id\":\"https:\/\/www.fiscalia.gov.co\/colombia\/noticias\/a-prision-dos-presuntos-responsables-de-agresiones-sexuales-contra-menores-de-edad-en-bolivar\/#primaryimage\"},\"thumbnailUrl\":\"https:\/\/www.fiscalia.gov.co\/colombia\/wp-content\/uploads\/foto-1-boletin-19-de-julio-acto-sexual-Cgena-300x169.jpeg\",\"datePublished\":\"2022-07-21T13:50:32+00:00\",\"dateModified\":\"2022-07-21T13:50:32+00:00\",\"description\":\"P\u00e1gina oficial de la Fiscal\u00eda General de la Naci\u00f3n \u2013 Colombia. Garantizamos el acceso efectivo a la justicia, la verdad y la reparaci\u00f3n de las v\u00edctimas de los delitos.\",\"breadcrumb\":{\"@id\":\"https:\/\/www.fiscalia.gov.co\/colombia\/noticias\/a-prision-dos-presuntos-responsables-de-agresiones-sexuales-contra-menores-de-edad-en-bolivar\/#breadcrumb\"},\"inLanguage\":\"es-CO\",\"potentialAction\":[{\"@type\":\"ReadAction\",\"target\":[\"https:\/\/www.fiscalia.gov.co\/colombia\/noticias\/a-prision-dos-presuntos-responsables-de-agresiones-sexuales-contra-menores-de-edad-en-bolivar\/\"]}]},{\"@type\":\"ImageObject\",\"inLanguage\":\"es-CO\",\"@id\":\"https:\/\/www.fiscalia.gov.co\/colombia\/noticias\/a-prision-dos-presuntos-responsables-de-agresiones-sexuales-contra-menores-de-edad-en-bolivar\/#primaryimage\",\"url\":\"https:\/\/www.fiscalia.gov.co\/colombia\/wp-content\/uploads\/foto-1-boletin-19-de-julio-acto-sexual-Cgena-300x169.jpeg\",\"contentUrl\":\"https:\/\/www.fiscalia.gov.co\/colombia\/wp-content\/uploads\/foto-1-boletin-19-de-julio-acto-sexual-Cgena-300x169.jpeg\"},{\"@type\":\"BreadcrumbList\",\"@id\":\"https:\/\/www.fiscalia.gov.co\/colombia\/noticias\/a-prision-dos-presuntos-responsables-de-agresiones-sexuales-contra-menores-de-edad-en-bolivar\/#breadcrumb\",\"itemListElement\":[{\"@type\":\"ListItem\",\"position\":1,\"name\":\"Home\",\"item\":\"https:\/\/www.fiscalia.gov.co\/colombia\/\"},{\"@type\":\"ListItem\",\"position\":2,\"name\":\"A prisi\u00f3n dos presuntos responsables de agresiones sexuales contra menores de edad en Bol\u00edvar\"}]},{\"@type\":\"WebSite\",\"@id\":\"https:\/\/www.fiscalia.gov.co\/colombia\/#website\",\"url\":\"https:\/\/www.fiscalia.gov.co\/colombia\/\",\"name\":\"Fiscal\u00eda General de la Naci\u00f3n\",\"description\":\"P\u00e1gina oficial de la Fiscal\u00eda General de la Naci\u00f3n \u2013 Colombia. Garantizamos el acceso efectivo a la justicia, la verdad y la reparaci\u00f3n de las v\u00edctimas de los delitos.\",\"publisher\":{\"@id\":\"https:\/\/www.fiscalia.gov.co\/colombia\/#organization\"},\"potentialAction\":[{\"@type\":\"SearchAction\",\"target\":{\"@type\":\"EntryPoint\",\"urlTemplate\":\"https:\/\/www.fiscalia.gov.co\/colombia\/?s={search_term_string}\"},\"query-input\":{\"@type\":\"PropertyValueSpecification\",\"valueRequired\":true,\"valueName\":\"search_term_string\"}}],\"inLanguage\":\"es-CO\"},{\"@type\":\"Organization\",\"@id\":\"https:\/\/www.fiscalia.gov.co\/colombia\/#organization\",\"name\":\"Fiscal\u00eda General de la Naci\u00f3n\",\"url\":\"https:\/\/www.fiscalia.gov.co\/colombia\/\",\"logo\":{\"@type\":\"ImageObject\",\"inLanguage\":\"es-CO\",\"@id\":\"https:\/\/www.fiscalia.gov.co\/colombia\/#\/schema\/logo\/image\/\",\"url\":\"https:\/\/www.fiscalia.gov.co\/colombia\/wp-content\/uploads\/LogoHorizontal_1.jpg\",\"contentUrl\":\"https:\/\/www.fiscalia.gov.co\/colombia\/wp-content\/uploads\/LogoHorizontal_1.jpg\",\"width\":300,\"height\":90,\"caption\":\"Fiscal\u00eda General de la Naci\u00f3n\"},\"image\":{\"@id\":\"https:\/\/www.fiscalia.gov.co\/colombia\/#\/schema\/logo\/image\/\"},\"sameAs\":[\"https:\/\/www.facebook.com\/FiscaliaCol\",\"https:\/\/x.com\/FiscaliaCol\",\"https:\/\/www.instagram.com\/fiscaliacol\",\"https:\/\/www.linkedin.com\/company\/fiscalia-general-de-la-naci-n\/\",\"https:\/\/youtube.com\/@fiscaliageneraldelanacion-4668?si=6nN79nyQICPU5iTh\"]},{\"@type\":\"Person\",\"@id\":\"https:\/\/www.fiscalia.gov.co\/colombia\/#\/schema\/person\/6d2fae8231b80ec79ce67cf9f7d8c6ad\",\"name\":\"Leonardo Romero\",\"image\":{\"@type\":\"ImageObject\",\"inLanguage\":\"es-CO\",\"@id\":\"https:\/\/www.fiscalia.gov.co\/colombia\/#\/schema\/person\/image\/\",\"url\":\"https:\/\/secure.gravatar.com\/avatar\/1dd49c43034b846c6b5566fd5f7f57d1?s=96&d=mm&r=g\",\"contentUrl\":\"https:\/\/secure.gravatar.com\/avatar\/1dd49c43034b846c6b5566fd5f7f57d1?s=96&d=mm&r=g\",\"caption\":\"Leonardo Romero\"},\"url\":\"https:\/\/www.fiscalia.gov.co\/colombia\/author\/lromero\/\"}]}<\/script>\n<!-- \/ Yoast SEO plugin. -->","yoast_head_json":{"title":"Fiscal\u00eda General de la Naci\u00f3n","description":"P\u00e1gina oficial de la Fiscal\u00eda General de la Naci\u00f3n \u2013 Colombia. Garantizamos el acceso efectivo a la justicia, la verdad y la reparaci\u00f3n de las v\u00edctimas de los delitos.","robots":{"index":"noindex","follow":"follow"},"og_locale":"es_ES","og_type":"article","og_title":"Fiscal\u00eda General de la Naci\u00f3n","og_description":"P\u00e1gina oficial de la Fiscal\u00eda General de la Naci\u00f3n \u2013 Colombia. Garantizamos el acceso efectivo a la justicia, la verdad y la reparaci\u00f3n de las v\u00edctimas de los delitos.","og_url":"https:\/\/www.fiscalia.gov.co\/colombia\/noticias\/a-prision-dos-presuntos-responsables-de-agresiones-sexuales-contra-menores-de-edad-en-bolivar\/","og_site_name":"Fiscal\u00eda General de la Naci\u00f3n","article_publisher":"https:\/\/www.facebook.com\/FiscaliaCol","article_published_time":"2022-07-21T13:50:32+00:00","og_image":[{"url":"https:\/\/www.fiscalia.gov.co\/colombia\/wp-content\/uploads\/foto-1-boletin-19-de-julio-acto-sexual-Cgena-300x169.jpeg","type":"","width":"","height":""}],"author":"Leonardo Romero","twitter_card":"summary_large_image","twitter_creator":"@FiscaliaCol","twitter_site":"@FiscaliaCol","twitter_misc":{"Escrito por":"Leonardo Romero","Tiempo de lectura":"2 minutos"},"schema":{"@context":"https:\/\/schema.org","@graph":[{"@type":"Article","@id":"https:\/\/www.fiscalia.gov.co\/colombia\/noticias\/a-prision-dos-presuntos-responsables-de-agresiones-sexuales-contra-menores-de-edad-en-bolivar\/#article","isPartOf":{"@id":"https:\/\/www.fiscalia.gov.co\/colombia\/noticias\/a-prision-dos-presuntos-responsables-de-agresiones-sexuales-contra-menores-de-edad-en-bolivar\/"},"author":{"name":"Leonardo Romero","@id":"https:\/\/www.fiscalia.gov.co\/colombia\/#\/schema\/person\/6d2fae8231b80ec79ce67cf9f7d8c6ad"},"headline":"A prisi\u00f3n dos presuntos responsables de agresiones sexuales contra menores de edad en Bol\u00edvar","datePublished":"2022-07-21T13:50:32+00:00","dateModified":"2022-07-21T13:50:32+00:00","mainEntityOfPage":{"@id":"https:\/\/www.fiscalia.gov.co\/colombia\/noticias\/a-prision-dos-presuntos-responsables-de-agresiones-sexuales-contra-menores-de-edad-en-bolivar\/"},"wordCount":363,"publisher":{"@id":"https:\/\/www.fiscalia.gov.co\/colombia\/#organization"},"image":{"@id":"https:\/\/www.fiscalia.gov.co\/colombia\/noticias\/a-prision-dos-presuntos-responsables-de-agresiones-sexuales-contra-menores-de-edad-en-bolivar\/#primaryimage"},"thumbnailUrl":"https:\/\/www.fiscalia.gov.co\/colombia\/wp-content\/uploads\/foto-1-boletin-19-de-julio-acto-sexual-Cgena-300x169.jpeg","keywords":["acto sexual con menor de 14 a\u00f1os","C\u00e1rcel","Cartagena","Fiscal Francisco Barbosa","Fiscal\u00eda Colombia","Fiscal\u00eda General de la Naci\u00f3n","Polic\u00eda Nacional","Turbaco"],"articleSection":["Noticias","Violencia sexual e intrafamiliar"],"inLanguage":"es-CO"},{"@type":"WebPage","@id":"https:\/\/www.fiscalia.gov.co\/colombia\/noticias\/a-prision-dos-presuntos-responsables-de-agresiones-sexuales-contra-menores-de-edad-en-bolivar\/","url":"https:\/\/www.fiscalia.gov.co\/colombia\/noticias\/a-prision-dos-presuntos-responsables-de-agresiones-sexuales-contra-menores-de-edad-en-bolivar\/","name":"Fiscal\u00eda General de la Naci\u00f3n","isPartOf":{"@id":"https:\/\/www.fiscalia.gov.co\/colombia\/#website"},"primaryImageOfPage":{"@id":"https:\/\/www.fiscalia.gov.co\/colombia\/noticias\/a-prision-dos-presuntos-responsables-de-agresiones-sexuales-contra-menores-de-edad-en-bolivar\/#primaryimage"},"image":{"@id":"https:\/\/www.fiscalia.gov.co\/colombia\/noticias\/a-prision-dos-presuntos-responsables-de-agresiones-sexuales-contra-menores-de-edad-en-bolivar\/#primaryimage"},"thumbnailUrl":"https:\/\/www.fiscalia.gov.co\/colombia\/wp-content\/uploads\/foto-1-boletin-19-de-julio-acto-sexual-Cgena-300x169.jpeg","datePublished":"2022-07-21T13:50:32+00:00","dateModified":"2022-07-21T13:50:32+00:00","description":"P\u00e1gina oficial de la Fiscal\u00eda General de la Naci\u00f3n \u2013 Colombia. Garantizamos el acceso efectivo a la justicia, la verdad y la reparaci\u00f3n de las v\u00edctimas de los delitos.","breadcrumb":{"@id":"https:\/\/www.fiscalia.gov.co\/colombia\/noticias\/a-prision-dos-presuntos-responsables-de-agresiones-sexuales-contra-menores-de-edad-en-bolivar\/#breadcrumb"},"inLanguage":"es-CO","potentialAction":[{"@type":"ReadAction","target":["https:\/\/www.fiscalia.gov.co\/colombia\/noticias\/a-prision-dos-presuntos-responsables-de-agresiones-sexuales-contra-menores-de-edad-en-bolivar\/"]}]},{"@type":"ImageObject","inLanguage":"es-CO","@id":"https:\/\/www.fiscalia.gov.co\/colombia\/noticias\/a-prision-dos-presuntos-responsables-de-agresiones-sexuales-contra-menores-de-edad-en-bolivar\/#primaryimage","url":"https:\/\/www.fiscalia.gov.co\/colombia\/wp-content\/uploads\/foto-1-boletin-19-de-julio-acto-sexual-Cgena-300x169.jpeg","contentUrl":"https:\/\/www.fiscalia.gov.co\/colombia\/wp-content\/uploads\/foto-1-boletin-19-de-julio-acto-sexual-Cgena-300x169.jpeg"},{"@type":"BreadcrumbList","@id":"https:\/\/www.fiscalia.gov.co\/colombia\/noticias\/a-prision-dos-presuntos-responsables-de-agresiones-sexuales-contra-menores-de-edad-en-bolivar\/#breadcrumb","itemListElement":[{"@type":"ListItem","position":1,"name":"Home","item":"https:\/\/www.fiscalia.gov.co\/colombia\/"},{"@type":"ListItem","position":2,"name":"A prisi\u00f3n dos presuntos responsables de agresiones sexuales contra menores de edad en Bol\u00edvar"}]},{"@type":"WebSite","@id":"https:\/\/www.fiscalia.gov.co\/colombia\/#website","url":"https:\/\/www.fiscalia.gov.co\/colombia\/","name":"Fiscal\u00eda General de la Naci\u00f3n","description":"P\u00e1gina oficial de la Fiscal\u00eda General de la Naci\u00f3n \u2013 Colombia. Garantizamos el acceso efectivo a la justicia, la verdad y la reparaci\u00f3n de las v\u00edctimas de los delitos.","publisher":{"@id":"https:\/\/www.fiscalia.gov.co\/colombia\/#organization"},"potentialAction":[{"@type":"SearchAction","target":{"@type":"EntryPoint","urlTemplate":"https:\/\/www.fiscalia.gov.co\/colombia\/?s={search_term_string}"},"query-input":{"@type":"PropertyValueSpecification","valueRequired":true,"valueName":"search_term_string"}}],"inLanguage":"es-CO"},{"@type":"Organization","@id":"https:\/\/www.fiscalia.gov.co\/colombia\/#organization","name":"Fiscal\u00eda General de la Naci\u00f3n","url":"https:\/\/www.fiscalia.gov.co\/colombia\/","logo":{"@type":"ImageObject","inLanguage":"es-CO","@id":"https:\/\/www.fiscalia.gov.co\/colombia\/#\/schema\/logo\/image\/","url":"https:\/\/www.fiscalia.gov.co\/colombia\/wp-content\/uploads\/LogoHorizontal_1.jpg","contentUrl":"https:\/\/www.fiscalia.gov.co\/colombia\/wp-content\/uploads\/LogoHorizontal_1.jpg","width":300,"height":90,"caption":"Fiscal\u00eda General de la Naci\u00f3n"},"image":{"@id":"https:\/\/www.fiscalia.gov.co\/colombia\/#\/schema\/logo\/image\/"},"sameAs":["https:\/\/www.facebook.com\/FiscaliaCol","https:\/\/x.com\/FiscaliaCol","https:\/\/www.instagram.com\/fiscaliacol","https:\/\/www.linkedin.com\/company\/fiscalia-general-de-la-naci-n\/","https:\/\/youtube.com\/@fiscaliageneraldelanacion-4668?si=6nN79nyQICPU5iTh"]},{"@type":"Person","@id":"https:\/\/www.fiscalia.gov.co\/colombia\/#\/schema\/person\/6d2fae8231b80ec79ce67cf9f7d8c6ad","name":"Leonardo Romero","image":{"@type":"ImageObject","inLanguage":"es-CO","@id":"https:\/\/www.fiscalia.gov.co\/colombia\/#\/schema\/person\/image\/","url":"https:\/\/secure.gravatar.com\/avatar\/1dd49c43034b846c6b5566fd5f7f57d1?s=96&d=mm&r=g","contentUrl":"https:\/\/secure.gravatar.com\/avatar\/1dd49c43034b846c6b5566fd5f7f57d1?s=96&d=mm&r=g","caption":"Leonardo Romero"},"url":"https:\/\/www.fiscalia.gov.co\/colombia\/author\/lromero\/"}]}},"_links":{"self":[{"href":"https:\/\/www.fiscalia.gov.co\/colombia\/wp-json\/wp\/v2\/posts\/253126","targetHints":{"allow":["GET"]}}],"collection":[{"href":"https:\/\/www.fiscalia.gov.co\/colombia\/wp-json\/wp\/v2\/posts"}],"about":[{"href":"https:\/\/www.fiscalia.gov.co\/colombia\/wp-json\/wp\/v2\/types\/post"}],"author":[{"embeddable":true,"href":"https:\/\/www.fiscalia.gov.co\/colombia\/wp-json\/wp\/v2\/users\/173"}],"replies":[{"embeddable":true,"href":"https:\/\/www.fiscalia.gov.co\/colombia\/wp-json\/wp\/v2\/comments?post=253126"}],"version-history":[{"count":1,"href":"https:\/\/www.fiscalia.gov.co\/colombia\/wp-json\/wp\/v2\/posts\/253126\/revisions"}],"predecessor-version":[{"id":253129,"href":"https:\/\/www.fiscalia.gov.co\/colombia\/wp-json\/wp\/v2\/posts\/253126\/revisions\/253129"}],"wp:attachment":[{"href":"https:\/\/www.fiscalia.gov.co\/colombia\/wp-json\/wp\/v2\/media?parent=253126"}],"wp:term":[{"taxonomy":"category","embeddable":true,"href":"https:\/\/www.fiscalia.gov.co\/colombia\/wp-json\/wp\/v2\/categories?post=253126"},{"taxonomy":"post_tag","embeddable":true,"href":"https:\/\/www.fiscalia.gov.co\/colombia\/wp-json\/wp\/v2\/tags?post=253126"}],"curies":[{"name":"wp","href":"https:\/\/api.w.org\/{rel}","templated":true}]}}