{"id":25307,"date":"2012-10-23T08:54:36","date_gmt":"2012-10-23T13:54:36","guid":{"rendered":"http:\/\/www.fiscalia.gov.co\/colombia\/?p=25307"},"modified":"2012-10-23T17:08:01","modified_gmt":"2012-10-23T22:08:01","slug":"entre-alcaldes-exalcaldes-y-exconcejales-mas-de-470-vinculados-por-nexos-con-autodefensas","status":"publish","type":"post","link":"https:\/\/www.fiscalia.gov.co\/colombia\/noticias\/entre-alcaldes-exalcaldes-y-exconcejales-mas-de-470-vinculados-por-nexos-con-autodefensas\/","title":{"rendered":"Entre alcaldes, exalcaldes y exconcejales m\u00e1s de 470 vinculados por nexos con autodefensas"},"content":{"rendered":"<p>Durante sus cinco a\u00f1os de existencia la Estructura de Apoyo creada para investigar los nexos de la dirigencia pol\u00edtica local y regional con las autodefensas, ha vinculado a 38 alcaldes, 44 concejales, 1 diputado, 58 exalcaldes, 135 exconcejales, 2 exdiputados, 55 funcionarios p\u00fablicos, \u00a029 contratistas, 69 desmovilizados \u00a0y 47 particulares procesados, en su mayor\u00eda, por concierto para delinquir y dentro del sistema penal mixto.<\/p>\n<p>A septiembre de 2012 los fiscales de ese grupo &#8211; coordinado por la Jefatura de la Unidad Nacional contra el Terrorismo- acusaron a 19 alcaldes, otros 7 mandatarios locales se acogieron a sentencia anticipada, 8 m\u00e1s fueron condenados y 2 quedaron absueltos. Con respecto a los concejales, 19 fueron acusados y uno m\u00e1s acept\u00f3 su responsabilidad ante el fiscal instructor.<\/p>\n<p>As\u00ed mismo, 23 funcionarios p\u00fablicos \u2013de diversos niveles- se acogieron a sentencia anticipada, otros 18 purgan condena y 2 fueron absueltos.<\/p>\n<p>Igualmente, fueron cobijados con resoluci\u00f3n de acusaci\u00f3n 27 exalcaldes, 9 m\u00e1s aceptaron cargos, 13 est\u00e1n condenados y uno fue absuelto. En cuanto a los exconcejales; 19 fueron acusados, 81 reconocieron su responsabilidad con miras a sentencia anticipada, y 10 fueron afectados con fallos condenatorios.<\/p>\n<p>La subunidad tambi\u00e9n acus\u00f3 a 7 excandidatos a alcald\u00edas y \u00a0otros 2 exaspirantes aceptaron cargos. De la misma manera, est\u00e1n acusados 3 excandidatos a diputados mientras que uno se acogi\u00f3 a sentencia anticipada.<\/p>\n<p>Los funcionarios judiciales tambi\u00e9n recaudaron pruebas para acusar a 14 contratistas, otros 12 solicitaron sentencia anticipada y 4 m\u00e1s cumplen condena.<\/p>\n<p>Igualmente, durante este lustro de trabajo \u00a0la Estructura de Apoyo estableci\u00f3 la participaci\u00f3n de particulares en la urdimbre lanzada sobre la actividad pol\u00edtica local y regional por grupos de autodefensa. Es as\u00ed como 26 personas fueron acusadas, una se acogi\u00f3 a sentencia anticipada, otras 6 cumplen condena, y 3 fueron absueltas.<\/p>\n<p>Por \u00faltimo, en el aspecto de cifras, la Fiscal\u00eda acus\u00f3 a 33 desmovilizados, dos m\u00e1s aceptaron cargos y uno cumple condena.<\/p>\n<p><strong>Hegemon\u00eda local<\/strong><\/p>\n<p>Hasta la fecha el total de acusados, en el orden local es aproximadamente de 140 personas, otras 137 cumplieron diligencia de formulaci\u00f3n de cargos para sentencia anticipada.<\/p>\n<p>El otro jefe del \u201cBloque \u00c9lmer C\u00e1rdenas\u201d, Fredy Rend\u00f3n Herrera, alias El Alem\u00e1n, por ejemplo, llev\u00f3 a cabo un plan para dominar pol\u00edticamente la subregi\u00f3n de Urab\u00e1.<\/p>\n<p>De acuerdo con el proyecto de alias \u2018El Alem\u00e1n\u2019, durante el a\u00f1o 2000 representantes de ese bloque paramilitar llegaron a corregimientos y veredas de los municipios de Urab\u00e1, para conformar y legalizar las juntas de acci\u00f3n comunal.<\/p>\n<p>Posteriormente, el trabajo estuvo orientado a conseguir candidatos a los concejos y a las alcald\u00edas. El grupo ilegal influy\u00f3 en municipios como: San Juan de Urab\u00e1, Arboletes, Chigorod\u00f3, San Pedro de Urab\u00e1, Necocl\u00ed, Turbo, Carepa, Mutat\u00e1 y Apartad\u00f3, entre otros.<\/p>\n<p>Para el caso de las alcald\u00edas, en la mayor\u00eda de los casos Rend\u00f3n Herrera dispon\u00eda de dos aspirantes, uno reconocido por la poblaci\u00f3n y otro algo desconocido, pero ambos patrocinados econ\u00f3mica y pol\u00edticamente por la estructura armada ilegal.<\/p>\n<p>La tercera fase del proyecto fue llegar a la C\u00e1mara de Representantes, lo que lograron cuatro personas apoyadas por alias \u2018El Alem\u00e1n\u2019. Esta parte de la investigaci\u00f3n fue enviada a la Corte Suprema de Justicia por competencia.<\/p>\n<p>Rend\u00f3n Herrera tambi\u00e9n fue responsable del denominado \u201cPacto de Marizco\u201d, Margen Izquierda de C\u00f3rdoba, por medio del cual impuso su dominio en poblaciones como: Los C\u00f3rdobas, Canaletes y Mo\u00f1itos, entre otras.<\/p>\n<p>Otro tanto hizo, \u00a0pero en el oriente del pa\u00eds, H\u00e9ctor Germ\u00e1n Buitrago Parada, alias \u2018Mart\u00edn Llanos\u2019, quien en 2003 comprometi\u00f3 a candidatos a seis alcald\u00eda de Casanare a que le entregaran la mitad del presupuesto de cada municipio y el 10 por ciento de los contratos que llegaran a suscribir las administraciones.<\/p>\n<p>La Fiscal\u00eda descubri\u00f3 en la ejecuci\u00f3n de varios contratos anomal\u00edas como: ausencia de antecedentes en las convocatorias, incumplimiento en los t\u00e9rminos estipulados para cumplir con los mismos, descuido de los interventores frente al desarrollo de los contratos y an\u00e1lisis de conveniencia y oportunidad incompletos o sin las motivaciones de rigor.<\/p>\n<p>En el documento de 14 puntos, los entonces aspirantes para el periodo 2004-2008 se comprometieron a: nombrar personas recomendadas por las autodefensas y asistir a las reuniones convocadas por esos grupos ilegales.<\/p>\n<p>Tambi\u00e9n, la tarea adelantada por la Estructura de Apoyo comprende investigaciones para quienes hicieron parte de los denominados \u201cPacto de Chivolo\u201d y \u00a0\u201cPacto de Pivijay\u201d, que facilitaron a las autodefensas ejercer control en poblaciones del Cesar y Magdalena.<\/p>\n\n<div class=\"twitter-share\"><a href=\"https:\/\/twitter.com\/intent\/tweet?via=fiscaliacol\" class=\"twitter-share-button\">Tweet<\/a><\/div>\n","protected":false},"excerpt":{"rendered":"<p>Durante sus cinco a\u00f1os de existencia la Estructura de Apoyo creada para investigar los nexos de la dirigencia pol\u00edtica local y regional con las autodefensas, ha vinculado a 38 alcaldes, 44 concejales, 1 diputado, 58 exalcaldes, 135 exconcejales, 2 exdiputados, 55 funcionarios p\u00fablicos, \u00a029 contratistas, 69 desmovilizados \u00a0y 47 particulares procesados, en su mayor\u00eda, por [&hellip;]<\/p>\n","protected":false},"author":143,"featured_media":0,"comment_status":"closed","ping_status":"open","sticky":false,"template":"","format":"standard","meta":{"tdm_status":"","tdm_grid_status":"","footnotes":""},"categories":[1],"tags":[2061,2234,402,2235,381],"class_list":{"0":"post-25307","1":"post","2":"type-post","3":"status-publish","4":"format-standard","6":"category-noticias","7":"tag-alias-el-aleman","8":"tag-alias-martin-llanos","9":"tag-autodefensas","10":"tag-estructura-de-apoyo","11":"tag-terrorismo"},"yoast_head":"<!-- This site is optimized with the Yoast SEO plugin v24.3 - https:\/\/yoast.com\/wordpress\/plugins\/seo\/ -->\n<title>Fiscal\u00eda General de la Naci\u00f3n<\/title>\n<meta name=\"description\" content=\"P\u00e1gina oficial de la Fiscal\u00eda General de la Naci\u00f3n \u2013 Colombia. Garantizamos el acceso efectivo a la justicia, la verdad y la reparaci\u00f3n de las v\u00edctimas de los delitos.\" \/>\n<meta name=\"robots\" content=\"noindex, follow\" \/>\n<meta property=\"og:locale\" content=\"es_ES\" \/>\n<meta property=\"og:type\" content=\"article\" \/>\n<meta property=\"og:title\" content=\"Fiscal\u00eda General de la Naci\u00f3n\" \/>\n<meta property=\"og:description\" content=\"P\u00e1gina oficial de la Fiscal\u00eda General de la Naci\u00f3n \u2013 Colombia. Garantizamos el acceso efectivo a la justicia, la verdad y la reparaci\u00f3n de las v\u00edctimas de los delitos.\" \/>\n<meta property=\"og:url\" content=\"https:\/\/www.fiscalia.gov.co\/colombia\/noticias\/entre-alcaldes-exalcaldes-y-exconcejales-mas-de-470-vinculados-por-nexos-con-autodefensas\/\" \/>\n<meta property=\"og:site_name\" content=\"Fiscal\u00eda General de la Naci\u00f3n\" \/>\n<meta property=\"article:publisher\" content=\"https:\/\/www.facebook.com\/FiscaliaCol\" \/>\n<meta property=\"article:published_time\" content=\"2012-10-23T13:54:36+00:00\" \/>\n<meta property=\"article:modified_time\" content=\"2012-10-23T22:08:01+00:00\" \/>\n<meta name=\"author\" content=\"dfgordillo\" \/>\n<meta name=\"twitter:card\" content=\"summary_large_image\" \/>\n<meta name=\"twitter:creator\" content=\"@FiscaliaCol\" \/>\n<meta name=\"twitter:site\" content=\"@FiscaliaCol\" \/>\n<meta name=\"twitter:label1\" content=\"Escrito por\" \/>\n\t<meta name=\"twitter:data1\" content=\"dfgordillo\" \/>\n\t<meta name=\"twitter:label2\" content=\"Tiempo de lectura\" \/>\n\t<meta name=\"twitter:data2\" content=\"4 minutos\" \/>\n<script type=\"application\/ld+json\" class=\"yoast-schema-graph\">{\"@context\":\"https:\/\/schema.org\",\"@graph\":[{\"@type\":\"Article\",\"@id\":\"https:\/\/www.fiscalia.gov.co\/colombia\/noticias\/entre-alcaldes-exalcaldes-y-exconcejales-mas-de-470-vinculados-por-nexos-con-autodefensas\/#article\",\"isPartOf\":{\"@id\":\"https:\/\/www.fiscalia.gov.co\/colombia\/noticias\/entre-alcaldes-exalcaldes-y-exconcejales-mas-de-470-vinculados-por-nexos-con-autodefensas\/\"},\"author\":{\"name\":\"dfgordillo\",\"@id\":\"https:\/\/www.fiscalia.gov.co\/colombia\/#\/schema\/person\/3903856a3ce2d54b094c69eb29247895\"},\"headline\":\"Entre alcaldes, exalcaldes y exconcejales m\u00e1s de 470 vinculados por nexos con autodefensas\",\"datePublished\":\"2012-10-23T13:54:36+00:00\",\"dateModified\":\"2012-10-23T22:08:01+00:00\",\"mainEntityOfPage\":{\"@id\":\"https:\/\/www.fiscalia.gov.co\/colombia\/noticias\/entre-alcaldes-exalcaldes-y-exconcejales-mas-de-470-vinculados-por-nexos-con-autodefensas\/\"},\"wordCount\":755,\"publisher\":{\"@id\":\"https:\/\/www.fiscalia.gov.co\/colombia\/#organization\"},\"keywords\":[\"Alias El Alem\u00e1n\",\"Alias Mart\u00edn Llanos\",\"Autodefensas\",\"Estructura de Apoyo\",\"Terrorismo\"],\"articleSection\":[\"Noticias\"],\"inLanguage\":\"es-CO\"},{\"@type\":\"WebPage\",\"@id\":\"https:\/\/www.fiscalia.gov.co\/colombia\/noticias\/entre-alcaldes-exalcaldes-y-exconcejales-mas-de-470-vinculados-por-nexos-con-autodefensas\/\",\"url\":\"https:\/\/www.fiscalia.gov.co\/colombia\/noticias\/entre-alcaldes-exalcaldes-y-exconcejales-mas-de-470-vinculados-por-nexos-con-autodefensas\/\",\"name\":\"Fiscal\u00eda General de la Naci\u00f3n\",\"isPartOf\":{\"@id\":\"https:\/\/www.fiscalia.gov.co\/colombia\/#website\"},\"datePublished\":\"2012-10-23T13:54:36+00:00\",\"dateModified\":\"2012-10-23T22:08:01+00:00\",\"description\":\"P\u00e1gina oficial de la Fiscal\u00eda General de la Naci\u00f3n \u2013 Colombia. Garantizamos el acceso efectivo a la justicia, la verdad y la reparaci\u00f3n de las v\u00edctimas de los delitos.\",\"breadcrumb\":{\"@id\":\"https:\/\/www.fiscalia.gov.co\/colombia\/noticias\/entre-alcaldes-exalcaldes-y-exconcejales-mas-de-470-vinculados-por-nexos-con-autodefensas\/#breadcrumb\"},\"inLanguage\":\"es-CO\",\"potentialAction\":[{\"@type\":\"ReadAction\",\"target\":[\"https:\/\/www.fiscalia.gov.co\/colombia\/noticias\/entre-alcaldes-exalcaldes-y-exconcejales-mas-de-470-vinculados-por-nexos-con-autodefensas\/\"]}]},{\"@type\":\"BreadcrumbList\",\"@id\":\"https:\/\/www.fiscalia.gov.co\/colombia\/noticias\/entre-alcaldes-exalcaldes-y-exconcejales-mas-de-470-vinculados-por-nexos-con-autodefensas\/#breadcrumb\",\"itemListElement\":[{\"@type\":\"ListItem\",\"position\":1,\"name\":\"Home\",\"item\":\"https:\/\/www.fiscalia.gov.co\/colombia\/\"},{\"@type\":\"ListItem\",\"position\":2,\"name\":\"Entre alcaldes, exalcaldes y exconcejales m\u00e1s de 470 vinculados por nexos con autodefensas\"}]},{\"@type\":\"WebSite\",\"@id\":\"https:\/\/www.fiscalia.gov.co\/colombia\/#website\",\"url\":\"https:\/\/www.fiscalia.gov.co\/colombia\/\",\"name\":\"Fiscal\u00eda General de la Naci\u00f3n\",\"description\":\"P\u00e1gina oficial de la Fiscal\u00eda General de la Naci\u00f3n \u2013 Colombia. Garantizamos el acceso efectivo a la justicia, la verdad y la reparaci\u00f3n de las v\u00edctimas de los delitos.\",\"publisher\":{\"@id\":\"https:\/\/www.fiscalia.gov.co\/colombia\/#organization\"},\"potentialAction\":[{\"@type\":\"SearchAction\",\"target\":{\"@type\":\"EntryPoint\",\"urlTemplate\":\"https:\/\/www.fiscalia.gov.co\/colombia\/?s={search_term_string}\"},\"query-input\":{\"@type\":\"PropertyValueSpecification\",\"valueRequired\":true,\"valueName\":\"search_term_string\"}}],\"inLanguage\":\"es-CO\"},{\"@type\":\"Organization\",\"@id\":\"https:\/\/www.fiscalia.gov.co\/colombia\/#organization\",\"name\":\"Fiscal\u00eda General de la Naci\u00f3n\",\"url\":\"https:\/\/www.fiscalia.gov.co\/colombia\/\",\"logo\":{\"@type\":\"ImageObject\",\"inLanguage\":\"es-CO\",\"@id\":\"https:\/\/www.fiscalia.gov.co\/colombia\/#\/schema\/logo\/image\/\",\"url\":\"https:\/\/www.fiscalia.gov.co\/colombia\/wp-content\/uploads\/LogoHorizontal_1.jpg\",\"contentUrl\":\"https:\/\/www.fiscalia.gov.co\/colombia\/wp-content\/uploads\/LogoHorizontal_1.jpg\",\"width\":300,\"height\":90,\"caption\":\"Fiscal\u00eda General de la Naci\u00f3n\"},\"image\":{\"@id\":\"https:\/\/www.fiscalia.gov.co\/colombia\/#\/schema\/logo\/image\/\"},\"sameAs\":[\"https:\/\/www.facebook.com\/FiscaliaCol\",\"https:\/\/x.com\/FiscaliaCol\",\"https:\/\/www.instagram.com\/fiscaliacol\",\"https:\/\/www.linkedin.com\/company\/fiscalia-general-de-la-naci-n\/\",\"https:\/\/youtube.com\/@fiscaliageneraldelanacion-4668?si=6nN79nyQICPU5iTh\"]},{\"@type\":\"Person\",\"@id\":\"https:\/\/www.fiscalia.gov.co\/colombia\/#\/schema\/person\/3903856a3ce2d54b094c69eb29247895\",\"name\":\"dfgordillo\",\"image\":{\"@type\":\"ImageObject\",\"inLanguage\":\"es-CO\",\"@id\":\"https:\/\/www.fiscalia.gov.co\/colombia\/#\/schema\/person\/image\/\",\"url\":\"https:\/\/secure.gravatar.com\/avatar\/b6356e21c5657c60757fe6fb9493e947?s=96&d=mm&r=g\",\"contentUrl\":\"https:\/\/secure.gravatar.com\/avatar\/b6356e21c5657c60757fe6fb9493e947?s=96&d=mm&r=g\",\"caption\":\"dfgordillo\"},\"sameAs\":[\"dfgordillo\"],\"url\":\"https:\/\/www.fiscalia.gov.co\/colombia\/author\/dfgordillo\/\"}]}<\/script>\n<!-- \/ Yoast SEO plugin. -->","yoast_head_json":{"title":"Fiscal\u00eda General de la Naci\u00f3n","description":"P\u00e1gina oficial de la Fiscal\u00eda General de la Naci\u00f3n \u2013 Colombia. Garantizamos el acceso efectivo a la justicia, la verdad y la reparaci\u00f3n de las v\u00edctimas de los delitos.","robots":{"index":"noindex","follow":"follow"},"og_locale":"es_ES","og_type":"article","og_title":"Fiscal\u00eda General de la Naci\u00f3n","og_description":"P\u00e1gina oficial de la Fiscal\u00eda General de la Naci\u00f3n \u2013 Colombia. Garantizamos el acceso efectivo a la justicia, la verdad y la reparaci\u00f3n de las v\u00edctimas de los delitos.","og_url":"https:\/\/www.fiscalia.gov.co\/colombia\/noticias\/entre-alcaldes-exalcaldes-y-exconcejales-mas-de-470-vinculados-por-nexos-con-autodefensas\/","og_site_name":"Fiscal\u00eda General de la Naci\u00f3n","article_publisher":"https:\/\/www.facebook.com\/FiscaliaCol","article_published_time":"2012-10-23T13:54:36+00:00","article_modified_time":"2012-10-23T22:08:01+00:00","author":"dfgordillo","twitter_card":"summary_large_image","twitter_creator":"@FiscaliaCol","twitter_site":"@FiscaliaCol","twitter_misc":{"Escrito por":"dfgordillo","Tiempo de lectura":"4 minutos"},"schema":{"@context":"https:\/\/schema.org","@graph":[{"@type":"Article","@id":"https:\/\/www.fiscalia.gov.co\/colombia\/noticias\/entre-alcaldes-exalcaldes-y-exconcejales-mas-de-470-vinculados-por-nexos-con-autodefensas\/#article","isPartOf":{"@id":"https:\/\/www.fiscalia.gov.co\/colombia\/noticias\/entre-alcaldes-exalcaldes-y-exconcejales-mas-de-470-vinculados-por-nexos-con-autodefensas\/"},"author":{"name":"dfgordillo","@id":"https:\/\/www.fiscalia.gov.co\/colombia\/#\/schema\/person\/3903856a3ce2d54b094c69eb29247895"},"headline":"Entre alcaldes, exalcaldes y exconcejales m\u00e1s de 470 vinculados por nexos con autodefensas","datePublished":"2012-10-23T13:54:36+00:00","dateModified":"2012-10-23T22:08:01+00:00","mainEntityOfPage":{"@id":"https:\/\/www.fiscalia.gov.co\/colombia\/noticias\/entre-alcaldes-exalcaldes-y-exconcejales-mas-de-470-vinculados-por-nexos-con-autodefensas\/"},"wordCount":755,"publisher":{"@id":"https:\/\/www.fiscalia.gov.co\/colombia\/#organization"},"keywords":["Alias El Alem\u00e1n","Alias Mart\u00edn Llanos","Autodefensas","Estructura de Apoyo","Terrorismo"],"articleSection":["Noticias"],"inLanguage":"es-CO"},{"@type":"WebPage","@id":"https:\/\/www.fiscalia.gov.co\/colombia\/noticias\/entre-alcaldes-exalcaldes-y-exconcejales-mas-de-470-vinculados-por-nexos-con-autodefensas\/","url":"https:\/\/www.fiscalia.gov.co\/colombia\/noticias\/entre-alcaldes-exalcaldes-y-exconcejales-mas-de-470-vinculados-por-nexos-con-autodefensas\/","name":"Fiscal\u00eda General de la Naci\u00f3n","isPartOf":{"@id":"https:\/\/www.fiscalia.gov.co\/colombia\/#website"},"datePublished":"2012-10-23T13:54:36+00:00","dateModified":"2012-10-23T22:08:01+00:00","description":"P\u00e1gina oficial de la Fiscal\u00eda General de la Naci\u00f3n \u2013 Colombia. Garantizamos el acceso efectivo a la justicia, la verdad y la reparaci\u00f3n de las v\u00edctimas de los delitos.","breadcrumb":{"@id":"https:\/\/www.fiscalia.gov.co\/colombia\/noticias\/entre-alcaldes-exalcaldes-y-exconcejales-mas-de-470-vinculados-por-nexos-con-autodefensas\/#breadcrumb"},"inLanguage":"es-CO","potentialAction":[{"@type":"ReadAction","target":["https:\/\/www.fiscalia.gov.co\/colombia\/noticias\/entre-alcaldes-exalcaldes-y-exconcejales-mas-de-470-vinculados-por-nexos-con-autodefensas\/"]}]},{"@type":"BreadcrumbList","@id":"https:\/\/www.fiscalia.gov.co\/colombia\/noticias\/entre-alcaldes-exalcaldes-y-exconcejales-mas-de-470-vinculados-por-nexos-con-autodefensas\/#breadcrumb","itemListElement":[{"@type":"ListItem","position":1,"name":"Home","item":"https:\/\/www.fiscalia.gov.co\/colombia\/"},{"@type":"ListItem","position":2,"name":"Entre alcaldes, exalcaldes y exconcejales m\u00e1s de 470 vinculados por nexos con autodefensas"}]},{"@type":"WebSite","@id":"https:\/\/www.fiscalia.gov.co\/colombia\/#website","url":"https:\/\/www.fiscalia.gov.co\/colombia\/","name":"Fiscal\u00eda General de la Naci\u00f3n","description":"P\u00e1gina oficial de la Fiscal\u00eda General de la Naci\u00f3n \u2013 Colombia. Garantizamos el acceso efectivo a la justicia, la verdad y la reparaci\u00f3n de las v\u00edctimas de los delitos.","publisher":{"@id":"https:\/\/www.fiscalia.gov.co\/colombia\/#organization"},"potentialAction":[{"@type":"SearchAction","target":{"@type":"EntryPoint","urlTemplate":"https:\/\/www.fiscalia.gov.co\/colombia\/?s={search_term_string}"},"query-input":{"@type":"PropertyValueSpecification","valueRequired":true,"valueName":"search_term_string"}}],"inLanguage":"es-CO"},{"@type":"Organization","@id":"https:\/\/www.fiscalia.gov.co\/colombia\/#organization","name":"Fiscal\u00eda General de la Naci\u00f3n","url":"https:\/\/www.fiscalia.gov.co\/colombia\/","logo":{"@type":"ImageObject","inLanguage":"es-CO","@id":"https:\/\/www.fiscalia.gov.co\/colombia\/#\/schema\/logo\/image\/","url":"https:\/\/www.fiscalia.gov.co\/colombia\/wp-content\/uploads\/LogoHorizontal_1.jpg","contentUrl":"https:\/\/www.fiscalia.gov.co\/colombia\/wp-content\/uploads\/LogoHorizontal_1.jpg","width":300,"height":90,"caption":"Fiscal\u00eda General de la Naci\u00f3n"},"image":{"@id":"https:\/\/www.fiscalia.gov.co\/colombia\/#\/schema\/logo\/image\/"},"sameAs":["https:\/\/www.facebook.com\/FiscaliaCol","https:\/\/x.com\/FiscaliaCol","https:\/\/www.instagram.com\/fiscaliacol","https:\/\/www.linkedin.com\/company\/fiscalia-general-de-la-naci-n\/","https:\/\/youtube.com\/@fiscaliageneraldelanacion-4668?si=6nN79nyQICPU5iTh"]},{"@type":"Person","@id":"https:\/\/www.fiscalia.gov.co\/colombia\/#\/schema\/person\/3903856a3ce2d54b094c69eb29247895","name":"dfgordillo","image":{"@type":"ImageObject","inLanguage":"es-CO","@id":"https:\/\/www.fiscalia.gov.co\/colombia\/#\/schema\/person\/image\/","url":"https:\/\/secure.gravatar.com\/avatar\/b6356e21c5657c60757fe6fb9493e947?s=96&d=mm&r=g","contentUrl":"https:\/\/secure.gravatar.com\/avatar\/b6356e21c5657c60757fe6fb9493e947?s=96&d=mm&r=g","caption":"dfgordillo"},"sameAs":["dfgordillo"],"url":"https:\/\/www.fiscalia.gov.co\/colombia\/author\/dfgordillo\/"}]}},"_links":{"self":[{"href":"https:\/\/www.fiscalia.gov.co\/colombia\/wp-json\/wp\/v2\/posts\/25307","targetHints":{"allow":["GET"]}}],"collection":[{"href":"https:\/\/www.fiscalia.gov.co\/colombia\/wp-json\/wp\/v2\/posts"}],"about":[{"href":"https:\/\/www.fiscalia.gov.co\/colombia\/wp-json\/wp\/v2\/types\/post"}],"author":[{"embeddable":true,"href":"https:\/\/www.fiscalia.gov.co\/colombia\/wp-json\/wp\/v2\/users\/143"}],"replies":[{"embeddable":true,"href":"https:\/\/www.fiscalia.gov.co\/colombia\/wp-json\/wp\/v2\/comments?post=25307"}],"version-history":[{"count":3,"href":"https:\/\/www.fiscalia.gov.co\/colombia\/wp-json\/wp\/v2\/posts\/25307\/revisions"}],"predecessor-version":[{"id":25309,"href":"https:\/\/www.fiscalia.gov.co\/colombia\/wp-json\/wp\/v2\/posts\/25307\/revisions\/25309"}],"wp:attachment":[{"href":"https:\/\/www.fiscalia.gov.co\/colombia\/wp-json\/wp\/v2\/media?parent=25307"}],"wp:term":[{"taxonomy":"category","embeddable":true,"href":"https:\/\/www.fiscalia.gov.co\/colombia\/wp-json\/wp\/v2\/categories?post=25307"},{"taxonomy":"post_tag","embeddable":true,"href":"https:\/\/www.fiscalia.gov.co\/colombia\/wp-json\/wp\/v2\/tags?post=25307"}],"curies":[{"name":"wp","href":"https:\/\/api.w.org\/{rel}","templated":true}]}}