{"id":252886,"date":"2022-07-15T17:54:19","date_gmt":"2022-07-15T22:54:19","guid":{"rendered":"https:\/\/www.fiscalia.gov.co\/colombia\/?p=252886"},"modified":"2022-07-22T14:57:51","modified_gmt":"2022-07-22T19:57:51","slug":"asegurados-presuntos-implicados-en-secuestro-de-un-abogado-en-el-sur-de-cali","status":"publish","type":"post","link":"https:\/\/www.fiscalia.gov.co\/colombia\/noticias\/asegurados-presuntos-implicados-en-secuestro-de-un-abogado-en-el-sur-de-cali\/","title":{"rendered":"Asegurados presuntos implicados en secuestro de un abogado en el sur de Cali"},"content":{"rendered":"<div>\n<h4><strong><em>Los hoy imputados, entre los que se encuentra un menor de edad, se enfrentaron a la Polic\u00eda Nacional con armas de fuego.<\/em><\/strong><\/h4>\n<\/div>\n<div>\n<div dir=\"ltr\">\n<p>Tres personas fueron privadas de la libertad por un juez de control de garant\u00edas, luego de acoger la solicitud de la Fiscal\u00eda General de la Naci\u00f3n, como presuntos responsables del\u00a0<a href=\"https:\/\/www.fiscalia.gov.co\/colombia\/seccionales\/a-la-carcel-presuntos-responsables-del-secuestro-de-un-abogado-en-monteria-cordoba\/\" target=\"_blank\" rel=\"noopener\" data-saferedirecturl=\"https:\/\/www.google.com\/url?q=https:\/\/www.fiscalia.gov.co\/colombia\/seccionales\/a-la-carcel-presuntos-responsables-del-secuestro-de-un-abogado-en-monteria-cordoba\/&amp;source=gmail&amp;ust=1658011387656000&amp;usg=AOvVaw3jnvHIVePPqK8FaQMIlWUl\">secuestro de un abogado<\/a>, en el sur de Cali (Valle del Cauca).<\/p>\n<figure id=\"attachment_252887\" aria-describedby=\"caption-attachment-252887\" style=\"width: 696px\" class=\"wp-caption aligncenter\"><img loading=\"lazy\" decoding=\"async\" class=\"size-large wp-image-252887\" src=\"https:\/\/www.fiscalia.gov.co\/colombia\/wp-content\/uploads\/Fiscal-Barbosa-Tres-adultos-y-un-menor-de-17-anos-de-edad-fueron-privados-de-la-libertad-como-presuntos-responsables-del-secuestro-de-un-abogado-en-Cali-Valle.-1024x690.jpeg\" alt=\"\" width=\"696\" height=\"469\" srcset=\"https:\/\/www.fiscalia.gov.co\/colombia\/wp-content\/uploads\/Fiscal-Barbosa-Tres-adultos-y-un-menor-de-17-anos-de-edad-fueron-privados-de-la-libertad-como-presuntos-responsables-del-secuestro-de-un-abogado-en-Cali-Valle.-1024x690.jpeg 1024w, https:\/\/www.fiscalia.gov.co\/colombia\/wp-content\/uploads\/Fiscal-Barbosa-Tres-adultos-y-un-menor-de-17-anos-de-edad-fueron-privados-de-la-libertad-como-presuntos-responsables-del-secuestro-de-un-abogado-en-Cali-Valle.-300x202.jpeg 300w, https:\/\/www.fiscalia.gov.co\/colombia\/wp-content\/uploads\/Fiscal-Barbosa-Tres-adultos-y-un-menor-de-17-anos-de-edad-fueron-privados-de-la-libertad-como-presuntos-responsables-del-secuestro-de-un-abogado-en-Cali-Valle.-768x518.jpeg 768w, https:\/\/www.fiscalia.gov.co\/colombia\/wp-content\/uploads\/Fiscal-Barbosa-Tres-adultos-y-un-menor-de-17-anos-de-edad-fueron-privados-de-la-libertad-como-presuntos-responsables-del-secuestro-de-un-abogado-en-Cali-Valle.-696x469.jpeg 696w, https:\/\/www.fiscalia.gov.co\/colombia\/wp-content\/uploads\/Fiscal-Barbosa-Tres-adultos-y-un-menor-de-17-anos-de-edad-fueron-privados-de-la-libertad-como-presuntos-responsables-del-secuestro-de-un-abogado-en-Cali-Valle.-1068x720.jpeg 1068w, https:\/\/www.fiscalia.gov.co\/colombia\/wp-content\/uploads\/Fiscal-Barbosa-Tres-adultos-y-un-menor-de-17-anos-de-edad-fueron-privados-de-la-libertad-como-presuntos-responsables-del-secuestro-de-un-abogado-en-Cali-Valle.-623x420.jpeg 623w, https:\/\/www.fiscalia.gov.co\/colombia\/wp-content\/uploads\/Fiscal-Barbosa-Tres-adultos-y-un-menor-de-17-anos-de-edad-fueron-privados-de-la-libertad-como-presuntos-responsables-del-secuestro-de-un-abogado-en-Cali-Valle..jpeg 1280w\" sizes=\"auto, (max-width: 696px) 100vw, 696px\" \/><figcaption id=\"caption-attachment-252887\" class=\"wp-caption-text\">Tres adultos y un menor de 17 a\u00f1os de edad fueron privados de la libertad como presuntos responsables del secuestro de un abogado, en Cali (Valle).<\/figcaption><\/figure>\n<p>Asimismo,\u00a0un menor de 17 a\u00f1os fue aprehendido y\u00a0un\u00a0juez de Infancia y Adolescencia dict\u00f3 medida de internamiento preventivo en un centro especializado para adolescentes.<\/p>\n<p>Se trata de\u00a0<span lang=\"ES\">Halan Manuel Panchano Urbano,\u00a0 Jhoan David L\u00f3pez Valenzuela y Giovanny Uribe Moncada, quienes fueron capturados en flagrancia por uniformados de la Polic\u00eda Nacional, en la tarde del pasado 13 de julio, cuando pretend\u00edan secuestrar a un abogado.<\/span><\/p>\n<p><span lang=\"ES\">Seg\u00fan las investigaciones adelantadas por la Fiscal\u00eda,\u00a0<\/span><span lang=\"ES\">la v\u00edctima se desplazaba en su veh\u00edculo, en compa\u00f1\u00eda de su esposa, y\u00a0 en un sector de la Avenida Sim\u00f3n Bol\u00edvar fue interceptado por sujetos que se movilizaban en motocicletas. Uno de ellos, al parecer, se abalanz\u00f3 contra el carro con intenci\u00f3n de provocar un choque. Cuando el descendi\u00f3 del automotor para ver lo sucedido, fue abordado por varios hombres que lo intimidaron y obligaron a subir a un taxi.<\/span><\/p>\n<p><span lang=\"ES\">En medio del forcejeo la v\u00edctima fue golpeada y amenazada. El veh\u00edculo emprendi\u00f3 la huida hacia la v\u00eda al municipio de Jamund\u00ed (Valle del Cauca) y en el sector de Bochalema personal de la Polic\u00eda Nacional hace presencia y los presuntos captores se enfrentan con armas de fuego a las autoridades quienes, finalmente, capturan en flagrancia a cuatro personas, entre ellas un menor de edad, la incautaci\u00f3n de un arma de fuego y un arma traum\u00e1tica.<\/span><\/p>\n<p><span lang=\"ES\">Asimismo, a la v\u00edctima le hurtaron un tel\u00e9fono celular, reloj y joyas, avaluados en aproximadamente 25 millones de pesos.<\/span><\/p>\n<p><span lang=\"ES\">Durante las audiencias concentradas un fiscal adscrito al Gaula de la Polic\u00eda imput\u00f3 cargos a los tres adultos por los delitos de secuestro simple, uso de menores de edad para la comisi\u00f3n de il\u00edcitos, hurto calificado y agravado, y tr\u00e1fico, fabricaci\u00f3n y porte de armas de fuego. Por su parte al menor le fueron endilgados\u00a0<\/span>los delitos de secuestro simple y fabricaci\u00f3n, tr\u00e1fico y porte de armas de fuego o municiones agravado.<\/p>\n<p><span lang=\"ES-MX\">Esta informaci\u00f3n se publica por razones de inter\u00e9s general.\u00a0<\/span><\/p>\n<p style=\"text-align: left;\" align=\"center\"><b><span lang=\"ES-MX\">La Fiscal\u00eda habla con resultados.<\/span><\/b><\/p>\n<\/div>\n<\/div>\n<div>\n<div dir=\"ltr\">\n<p style=\"text-align: left;\" align=\"right\">MAP\/SEGM\/MG\/DSC\/<\/p>\n<p align=\"right\">\n<\/div>\n<\/div>\n<p>&nbsp;<\/p>\n<p><i>La informaci\u00f3n contenida en este bolet\u00edn de prensa corresponde a la narraci\u00f3n de los hechos noticiosos objetivos, suministrados por los funcionarios encargados de adelantar las investigaciones penales al interior de la Fiscal\u00eda General de la Naci\u00f3n. Para el momento de la divulgaci\u00f3n de este comunicado, la situaci\u00f3n jur\u00eddica de la(s) persona(s) relacionada(s) se encuentra pendiente de resolver por la autoridad judicial competente, siempre bajo los preceptos de la presunci\u00f3n de inocencia, consagrados en el art\u00edculo 29 de la Constituci\u00f3n Pol\u00edtica y el art\u00edculo 7\u00ba de la Ley 906 de 2004.\u00a0<\/i>\u00a0\u00a0<u><\/u>\u00a0<u><\/u><\/p>\n<div>\n<div dir=\"ltr\">\n<p>&nbsp;<\/p>\n<\/div>\n<\/div>\n\n<div class=\"twitter-share\"><a href=\"https:\/\/twitter.com\/intent\/tweet?via=fiscaliacol\" class=\"twitter-share-button\">Tweet<\/a><\/div>\n","protected":false},"excerpt":{"rendered":"<p>Los hoy imputados, entre los que se encuentra un menor de edad, se enfrentaron a la Polic\u00eda Nacional con armas de fuego. Tres personas fueron privadas de la libertad por un juez de control de garant\u00edas, luego de acoger la solicitud de la Fiscal\u00eda General de la Naci\u00f3n, como presuntos responsables del\u00a0secuestro de un abogado, [&hellip;]<\/p>\n","protected":false},"author":177,"featured_media":0,"comment_status":"closed","ping_status":"open","sticky":false,"template":"","format":"video","meta":{"_price":"","_stock":"","_tribe_ticket_header":"","_tribe_default_ticket_provider":"","_tribe_ticket_capacity":"0","_ticket_start_date":"","_ticket_end_date":"","_tribe_ticket_show_description":"","_tribe_ticket_show_not_going":false,"_tribe_ticket_use_global_stock":"","_tribe_ticket_global_stock_level":"","_global_stock_mode":"","_global_stock_cap":"","_tribe_rsvp_for_event":"","_tribe_ticket_going_count":"","_tribe_ticket_not_going_count":"","_tribe_tickets_list":"[]","_tribe_ticket_has_attendee_info_fields":false,"tdm_status":"","tdm_grid_status":"","footnotes":""},"categories":[1,324,303,24099],"tags":[24508,30077,32186,24417,78,24187,7169,7451,24507,1185,26070,32317,32031,32318],"class_list":{"0":"post-252886","1":"post","2":"type-post","3":"status-publish","4":"format-video","6":"category-noticias","7":"category-seccional-cali","8":"category-seccionales","9":"category-seguridad-territorial","10":"tag-aprehendido","11":"tag-cali-valle-del-cauca","12":"tag-centro-especializado-para-menores","13":"tag-establecimiento-carcelario","14":"tag-fiscal-general-de-la-nacion","15":"tag-fiscalia-colombia","16":"tag-flagrancia","17":"tag-hurto-calificado-y-agravado","18":"tag-internamiento-preventivo","19":"tag-medida-de-aseguramiento","20":"tag-seccional-cali","21":"tag-secuestro-simple-y-fabricacion","22":"tag-trafico-y-porte-de-armas-de-fuego-o-municiones-agravado","23":"tag-uso-de-menores-de-edad-para-la-comision-de-ilicitos-capturados","24":"post_format-post-format-video"},"yoast_head":"<!-- This site is optimized with the Yoast SEO plugin v24.3 - https:\/\/yoast.com\/wordpress\/plugins\/seo\/ -->\n<title>Fiscal\u00eda General de la Naci\u00f3n<\/title>\n<meta name=\"description\" content=\"P\u00e1gina oficial de la Fiscal\u00eda General de la Naci\u00f3n \u2013 Colombia. Garantizamos el acceso efectivo a la justicia, la verdad y la reparaci\u00f3n de las v\u00edctimas de los delitos.\" \/>\n<meta name=\"robots\" content=\"noindex, follow\" \/>\n<meta property=\"og:locale\" content=\"es_ES\" \/>\n<meta property=\"og:type\" content=\"article\" \/>\n<meta property=\"og:title\" content=\"Fiscal\u00eda General de la Naci\u00f3n\" \/>\n<meta property=\"og:description\" content=\"P\u00e1gina oficial de la Fiscal\u00eda General de la Naci\u00f3n \u2013 Colombia. Garantizamos el acceso efectivo a la justicia, la verdad y la reparaci\u00f3n de las v\u00edctimas de los delitos.\" \/>\n<meta property=\"og:url\" content=\"https:\/\/www.fiscalia.gov.co\/colombia\/noticias\/asegurados-presuntos-implicados-en-secuestro-de-un-abogado-en-el-sur-de-cali\/\" \/>\n<meta property=\"og:site_name\" content=\"Fiscal\u00eda General de la Naci\u00f3n\" \/>\n<meta property=\"article:publisher\" content=\"https:\/\/www.facebook.com\/FiscaliaCol\" \/>\n<meta property=\"article:published_time\" content=\"2022-07-15T22:54:19+00:00\" \/>\n<meta property=\"article:modified_time\" content=\"2022-07-22T19:57:51+00:00\" \/>\n<meta property=\"og:image\" content=\"https:\/\/www.fiscalia.gov.co\/colombia\/wp-content\/uploads\/Fiscal-Barbosa-Tres-adultos-y-un-menor-de-17-anos-de-edad-fueron-privados-de-la-libertad-como-presuntos-responsables-del-secuestro-de-un-abogado-en-Cali-Valle.-1024x690.jpeg\" \/>\n<meta name=\"author\" content=\"Jordan Leandro Oviedo Anzola\" \/>\n<meta name=\"twitter:card\" content=\"summary_large_image\" \/>\n<meta name=\"twitter:creator\" content=\"@FiscaliaCol\" \/>\n<meta name=\"twitter:site\" content=\"@FiscaliaCol\" \/>\n<meta name=\"twitter:label1\" content=\"Escrito por\" \/>\n\t<meta name=\"twitter:data1\" content=\"Jordan Leandro Oviedo Anzola\" \/>\n\t<meta name=\"twitter:label2\" content=\"Tiempo de lectura\" \/>\n\t<meta name=\"twitter:data2\" content=\"3 minutos\" \/>\n<script type=\"application\/ld+json\" class=\"yoast-schema-graph\">{\"@context\":\"https:\/\/schema.org\",\"@graph\":[{\"@type\":\"Article\",\"@id\":\"https:\/\/www.fiscalia.gov.co\/colombia\/noticias\/asegurados-presuntos-implicados-en-secuestro-de-un-abogado-en-el-sur-de-cali\/#article\",\"isPartOf\":{\"@id\":\"https:\/\/www.fiscalia.gov.co\/colombia\/noticias\/asegurados-presuntos-implicados-en-secuestro-de-un-abogado-en-el-sur-de-cali\/\"},\"author\":{\"name\":\"Jordan Leandro Oviedo Anzola\",\"@id\":\"https:\/\/www.fiscalia.gov.co\/colombia\/#\/schema\/person\/bf84402cf293a5393e9c70b111020b24\"},\"headline\":\"Asegurados presuntos implicados en secuestro de un abogado en el sur de Cali\",\"datePublished\":\"2022-07-15T22:54:19+00:00\",\"dateModified\":\"2022-07-22T19:57:51+00:00\",\"mainEntityOfPage\":{\"@id\":\"https:\/\/www.fiscalia.gov.co\/colombia\/noticias\/asegurados-presuntos-implicados-en-secuestro-de-un-abogado-en-el-sur-de-cali\/\"},\"wordCount\":573,\"publisher\":{\"@id\":\"https:\/\/www.fiscalia.gov.co\/colombia\/#organization\"},\"image\":{\"@id\":\"https:\/\/www.fiscalia.gov.co\/colombia\/noticias\/asegurados-presuntos-implicados-en-secuestro-de-un-abogado-en-el-sur-de-cali\/#primaryimage\"},\"thumbnailUrl\":\"https:\/\/www.fiscalia.gov.co\/colombia\/wp-content\/uploads\/Fiscal-Barbosa-Tres-adultos-y-un-menor-de-17-anos-de-edad-fueron-privados-de-la-libertad-como-presuntos-responsables-del-secuestro-de-un-abogado-en-Cali-Valle.-1024x690.jpeg\",\"keywords\":[\"aprehendido\",\"Cali (Valle del Cauca)\",\"centro especializado para menores\",\"establecimiento carcelario\",\"Fiscal General de la Naci\u00f3n\",\"Fiscal\u00eda Colombia\",\"Flagrancia\",\"hurto calificado y agravado\",\"internamiento preventivo\",\"Medida de aseguramiento\",\"Seccional Cali\",\"secuestro simple y fabricaci\u00f3n\",\"tr\u00e1fico y porte de armas de fuego o municiones agravado.\",\"uso de menores de edad para la comisi\u00f3n de il\u00edcitos\u00a0capturados\"],\"articleSection\":[\"Noticias\",\"Seccional Cali\",\"Seccionales\",\"Seguridad territorial\"],\"inLanguage\":\"es-CO\"},{\"@type\":\"WebPage\",\"@id\":\"https:\/\/www.fiscalia.gov.co\/colombia\/noticias\/asegurados-presuntos-implicados-en-secuestro-de-un-abogado-en-el-sur-de-cali\/\",\"url\":\"https:\/\/www.fiscalia.gov.co\/colombia\/noticias\/asegurados-presuntos-implicados-en-secuestro-de-un-abogado-en-el-sur-de-cali\/\",\"name\":\"Fiscal\u00eda General de la Naci\u00f3n\",\"isPartOf\":{\"@id\":\"https:\/\/www.fiscalia.gov.co\/colombia\/#website\"},\"primaryImageOfPage\":{\"@id\":\"https:\/\/www.fiscalia.gov.co\/colombia\/noticias\/asegurados-presuntos-implicados-en-secuestro-de-un-abogado-en-el-sur-de-cali\/#primaryimage\"},\"image\":{\"@id\":\"https:\/\/www.fiscalia.gov.co\/colombia\/noticias\/asegurados-presuntos-implicados-en-secuestro-de-un-abogado-en-el-sur-de-cali\/#primaryimage\"},\"thumbnailUrl\":\"https:\/\/www.fiscalia.gov.co\/colombia\/wp-content\/uploads\/Fiscal-Barbosa-Tres-adultos-y-un-menor-de-17-anos-de-edad-fueron-privados-de-la-libertad-como-presuntos-responsables-del-secuestro-de-un-abogado-en-Cali-Valle.-1024x690.jpeg\",\"datePublished\":\"2022-07-15T22:54:19+00:00\",\"dateModified\":\"2022-07-22T19:57:51+00:00\",\"description\":\"P\u00e1gina oficial de la Fiscal\u00eda General de la Naci\u00f3n \u2013 Colombia. Garantizamos el acceso efectivo a la justicia, la verdad y la reparaci\u00f3n de las v\u00edctimas de los delitos.\",\"breadcrumb\":{\"@id\":\"https:\/\/www.fiscalia.gov.co\/colombia\/noticias\/asegurados-presuntos-implicados-en-secuestro-de-un-abogado-en-el-sur-de-cali\/#breadcrumb\"},\"inLanguage\":\"es-CO\",\"potentialAction\":[{\"@type\":\"ReadAction\",\"target\":[\"https:\/\/www.fiscalia.gov.co\/colombia\/noticias\/asegurados-presuntos-implicados-en-secuestro-de-un-abogado-en-el-sur-de-cali\/\"]}]},{\"@type\":\"ImageObject\",\"inLanguage\":\"es-CO\",\"@id\":\"https:\/\/www.fiscalia.gov.co\/colombia\/noticias\/asegurados-presuntos-implicados-en-secuestro-de-un-abogado-en-el-sur-de-cali\/#primaryimage\",\"url\":\"https:\/\/www.fiscalia.gov.co\/colombia\/wp-content\/uploads\/Fiscal-Barbosa-Tres-adultos-y-un-menor-de-17-anos-de-edad-fueron-privados-de-la-libertad-como-presuntos-responsables-del-secuestro-de-un-abogado-en-Cali-Valle.-1024x690.jpeg\",\"contentUrl\":\"https:\/\/www.fiscalia.gov.co\/colombia\/wp-content\/uploads\/Fiscal-Barbosa-Tres-adultos-y-un-menor-de-17-anos-de-edad-fueron-privados-de-la-libertad-como-presuntos-responsables-del-secuestro-de-un-abogado-en-Cali-Valle.-1024x690.jpeg\"},{\"@type\":\"BreadcrumbList\",\"@id\":\"https:\/\/www.fiscalia.gov.co\/colombia\/noticias\/asegurados-presuntos-implicados-en-secuestro-de-un-abogado-en-el-sur-de-cali\/#breadcrumb\",\"itemListElement\":[{\"@type\":\"ListItem\",\"position\":1,\"name\":\"Home\",\"item\":\"https:\/\/www.fiscalia.gov.co\/colombia\/\"},{\"@type\":\"ListItem\",\"position\":2,\"name\":\"Asegurados presuntos implicados en secuestro de un abogado en el sur de Cali\"}]},{\"@type\":\"WebSite\",\"@id\":\"https:\/\/www.fiscalia.gov.co\/colombia\/#website\",\"url\":\"https:\/\/www.fiscalia.gov.co\/colombia\/\",\"name\":\"Fiscal\u00eda General de la Naci\u00f3n\",\"description\":\"P\u00e1gina oficial de la Fiscal\u00eda General de la Naci\u00f3n \u2013 Colombia. Garantizamos el acceso efectivo a la justicia, la verdad y la reparaci\u00f3n de las v\u00edctimas de los delitos.\",\"publisher\":{\"@id\":\"https:\/\/www.fiscalia.gov.co\/colombia\/#organization\"},\"potentialAction\":[{\"@type\":\"SearchAction\",\"target\":{\"@type\":\"EntryPoint\",\"urlTemplate\":\"https:\/\/www.fiscalia.gov.co\/colombia\/?s={search_term_string}\"},\"query-input\":{\"@type\":\"PropertyValueSpecification\",\"valueRequired\":true,\"valueName\":\"search_term_string\"}}],\"inLanguage\":\"es-CO\"},{\"@type\":\"Organization\",\"@id\":\"https:\/\/www.fiscalia.gov.co\/colombia\/#organization\",\"name\":\"Fiscal\u00eda General de la Naci\u00f3n\",\"url\":\"https:\/\/www.fiscalia.gov.co\/colombia\/\",\"logo\":{\"@type\":\"ImageObject\",\"inLanguage\":\"es-CO\",\"@id\":\"https:\/\/www.fiscalia.gov.co\/colombia\/#\/schema\/logo\/image\/\",\"url\":\"https:\/\/www.fiscalia.gov.co\/colombia\/wp-content\/uploads\/LogoHorizontal_1.jpg\",\"contentUrl\":\"https:\/\/www.fiscalia.gov.co\/colombia\/wp-content\/uploads\/LogoHorizontal_1.jpg\",\"width\":300,\"height\":90,\"caption\":\"Fiscal\u00eda General de la Naci\u00f3n\"},\"image\":{\"@id\":\"https:\/\/www.fiscalia.gov.co\/colombia\/#\/schema\/logo\/image\/\"},\"sameAs\":[\"https:\/\/www.facebook.com\/FiscaliaCol\",\"https:\/\/x.com\/FiscaliaCol\",\"https:\/\/www.instagram.com\/fiscaliacol\",\"https:\/\/www.linkedin.com\/company\/fiscalia-general-de-la-naci-n\/\",\"https:\/\/youtube.com\/@fiscaliageneraldelanacion-4668?si=6nN79nyQICPU5iTh\"]},{\"@type\":\"Person\",\"@id\":\"https:\/\/www.fiscalia.gov.co\/colombia\/#\/schema\/person\/bf84402cf293a5393e9c70b111020b24\",\"name\":\"Jordan Leandro Oviedo Anzola\",\"image\":{\"@type\":\"ImageObject\",\"inLanguage\":\"es-CO\",\"@id\":\"https:\/\/www.fiscalia.gov.co\/colombia\/#\/schema\/person\/image\/\",\"url\":\"https:\/\/secure.gravatar.com\/avatar\/dabba4346fa9b9207d96adafa8f92721?s=96&d=mm&r=g\",\"contentUrl\":\"https:\/\/secure.gravatar.com\/avatar\/dabba4346fa9b9207d96adafa8f92721?s=96&d=mm&r=g\",\"caption\":\"Jordan Leandro Oviedo Anzola\"},\"url\":\"https:\/\/www.fiscalia.gov.co\/colombia\/author\/joviedo\/\"}]}<\/script>\n<!-- \/ Yoast SEO plugin. -->","yoast_head_json":{"title":"Fiscal\u00eda General de la Naci\u00f3n","description":"P\u00e1gina oficial de la Fiscal\u00eda General de la Naci\u00f3n \u2013 Colombia. Garantizamos el acceso efectivo a la justicia, la verdad y la reparaci\u00f3n de las v\u00edctimas de los delitos.","robots":{"index":"noindex","follow":"follow"},"og_locale":"es_ES","og_type":"article","og_title":"Fiscal\u00eda General de la Naci\u00f3n","og_description":"P\u00e1gina oficial de la Fiscal\u00eda General de la Naci\u00f3n \u2013 Colombia. Garantizamos el acceso efectivo a la justicia, la verdad y la reparaci\u00f3n de las v\u00edctimas de los delitos.","og_url":"https:\/\/www.fiscalia.gov.co\/colombia\/noticias\/asegurados-presuntos-implicados-en-secuestro-de-un-abogado-en-el-sur-de-cali\/","og_site_name":"Fiscal\u00eda General de la Naci\u00f3n","article_publisher":"https:\/\/www.facebook.com\/FiscaliaCol","article_published_time":"2022-07-15T22:54:19+00:00","article_modified_time":"2022-07-22T19:57:51+00:00","og_image":[{"url":"https:\/\/www.fiscalia.gov.co\/colombia\/wp-content\/uploads\/Fiscal-Barbosa-Tres-adultos-y-un-menor-de-17-anos-de-edad-fueron-privados-de-la-libertad-como-presuntos-responsables-del-secuestro-de-un-abogado-en-Cali-Valle.-1024x690.jpeg","type":"","width":"","height":""}],"author":"Jordan Leandro Oviedo Anzola","twitter_card":"summary_large_image","twitter_creator":"@FiscaliaCol","twitter_site":"@FiscaliaCol","twitter_misc":{"Escrito por":"Jordan Leandro Oviedo Anzola","Tiempo de lectura":"3 minutos"},"schema":{"@context":"https:\/\/schema.org","@graph":[{"@type":"Article","@id":"https:\/\/www.fiscalia.gov.co\/colombia\/noticias\/asegurados-presuntos-implicados-en-secuestro-de-un-abogado-en-el-sur-de-cali\/#article","isPartOf":{"@id":"https:\/\/www.fiscalia.gov.co\/colombia\/noticias\/asegurados-presuntos-implicados-en-secuestro-de-un-abogado-en-el-sur-de-cali\/"},"author":{"name":"Jordan Leandro Oviedo Anzola","@id":"https:\/\/www.fiscalia.gov.co\/colombia\/#\/schema\/person\/bf84402cf293a5393e9c70b111020b24"},"headline":"Asegurados presuntos implicados en secuestro de un abogado en el sur de Cali","datePublished":"2022-07-15T22:54:19+00:00","dateModified":"2022-07-22T19:57:51+00:00","mainEntityOfPage":{"@id":"https:\/\/www.fiscalia.gov.co\/colombia\/noticias\/asegurados-presuntos-implicados-en-secuestro-de-un-abogado-en-el-sur-de-cali\/"},"wordCount":573,"publisher":{"@id":"https:\/\/www.fiscalia.gov.co\/colombia\/#organization"},"image":{"@id":"https:\/\/www.fiscalia.gov.co\/colombia\/noticias\/asegurados-presuntos-implicados-en-secuestro-de-un-abogado-en-el-sur-de-cali\/#primaryimage"},"thumbnailUrl":"https:\/\/www.fiscalia.gov.co\/colombia\/wp-content\/uploads\/Fiscal-Barbosa-Tres-adultos-y-un-menor-de-17-anos-de-edad-fueron-privados-de-la-libertad-como-presuntos-responsables-del-secuestro-de-un-abogado-en-Cali-Valle.-1024x690.jpeg","keywords":["aprehendido","Cali (Valle del Cauca)","centro especializado para menores","establecimiento carcelario","Fiscal General de la Naci\u00f3n","Fiscal\u00eda Colombia","Flagrancia","hurto calificado y agravado","internamiento preventivo","Medida de aseguramiento","Seccional Cali","secuestro simple y fabricaci\u00f3n","tr\u00e1fico y porte de armas de fuego o municiones agravado.","uso de menores de edad para la comisi\u00f3n de il\u00edcitos\u00a0capturados"],"articleSection":["Noticias","Seccional Cali","Seccionales","Seguridad territorial"],"inLanguage":"es-CO"},{"@type":"WebPage","@id":"https:\/\/www.fiscalia.gov.co\/colombia\/noticias\/asegurados-presuntos-implicados-en-secuestro-de-un-abogado-en-el-sur-de-cali\/","url":"https:\/\/www.fiscalia.gov.co\/colombia\/noticias\/asegurados-presuntos-implicados-en-secuestro-de-un-abogado-en-el-sur-de-cali\/","name":"Fiscal\u00eda General de la Naci\u00f3n","isPartOf":{"@id":"https:\/\/www.fiscalia.gov.co\/colombia\/#website"},"primaryImageOfPage":{"@id":"https:\/\/www.fiscalia.gov.co\/colombia\/noticias\/asegurados-presuntos-implicados-en-secuestro-de-un-abogado-en-el-sur-de-cali\/#primaryimage"},"image":{"@id":"https:\/\/www.fiscalia.gov.co\/colombia\/noticias\/asegurados-presuntos-implicados-en-secuestro-de-un-abogado-en-el-sur-de-cali\/#primaryimage"},"thumbnailUrl":"https:\/\/www.fiscalia.gov.co\/colombia\/wp-content\/uploads\/Fiscal-Barbosa-Tres-adultos-y-un-menor-de-17-anos-de-edad-fueron-privados-de-la-libertad-como-presuntos-responsables-del-secuestro-de-un-abogado-en-Cali-Valle.-1024x690.jpeg","datePublished":"2022-07-15T22:54:19+00:00","dateModified":"2022-07-22T19:57:51+00:00","description":"P\u00e1gina oficial de la Fiscal\u00eda General de la Naci\u00f3n \u2013 Colombia. Garantizamos el acceso efectivo a la justicia, la verdad y la reparaci\u00f3n de las v\u00edctimas de los delitos.","breadcrumb":{"@id":"https:\/\/www.fiscalia.gov.co\/colombia\/noticias\/asegurados-presuntos-implicados-en-secuestro-de-un-abogado-en-el-sur-de-cali\/#breadcrumb"},"inLanguage":"es-CO","potentialAction":[{"@type":"ReadAction","target":["https:\/\/www.fiscalia.gov.co\/colombia\/noticias\/asegurados-presuntos-implicados-en-secuestro-de-un-abogado-en-el-sur-de-cali\/"]}]},{"@type":"ImageObject","inLanguage":"es-CO","@id":"https:\/\/www.fiscalia.gov.co\/colombia\/noticias\/asegurados-presuntos-implicados-en-secuestro-de-un-abogado-en-el-sur-de-cali\/#primaryimage","url":"https:\/\/www.fiscalia.gov.co\/colombia\/wp-content\/uploads\/Fiscal-Barbosa-Tres-adultos-y-un-menor-de-17-anos-de-edad-fueron-privados-de-la-libertad-como-presuntos-responsables-del-secuestro-de-un-abogado-en-Cali-Valle.-1024x690.jpeg","contentUrl":"https:\/\/www.fiscalia.gov.co\/colombia\/wp-content\/uploads\/Fiscal-Barbosa-Tres-adultos-y-un-menor-de-17-anos-de-edad-fueron-privados-de-la-libertad-como-presuntos-responsables-del-secuestro-de-un-abogado-en-Cali-Valle.-1024x690.jpeg"},{"@type":"BreadcrumbList","@id":"https:\/\/www.fiscalia.gov.co\/colombia\/noticias\/asegurados-presuntos-implicados-en-secuestro-de-un-abogado-en-el-sur-de-cali\/#breadcrumb","itemListElement":[{"@type":"ListItem","position":1,"name":"Home","item":"https:\/\/www.fiscalia.gov.co\/colombia\/"},{"@type":"ListItem","position":2,"name":"Asegurados presuntos implicados en secuestro de un abogado en el sur de Cali"}]},{"@type":"WebSite","@id":"https:\/\/www.fiscalia.gov.co\/colombia\/#website","url":"https:\/\/www.fiscalia.gov.co\/colombia\/","name":"Fiscal\u00eda General de la Naci\u00f3n","description":"P\u00e1gina oficial de la Fiscal\u00eda General de la Naci\u00f3n \u2013 Colombia. Garantizamos el acceso efectivo a la justicia, la verdad y la reparaci\u00f3n de las v\u00edctimas de los delitos.","publisher":{"@id":"https:\/\/www.fiscalia.gov.co\/colombia\/#organization"},"potentialAction":[{"@type":"SearchAction","target":{"@type":"EntryPoint","urlTemplate":"https:\/\/www.fiscalia.gov.co\/colombia\/?s={search_term_string}"},"query-input":{"@type":"PropertyValueSpecification","valueRequired":true,"valueName":"search_term_string"}}],"inLanguage":"es-CO"},{"@type":"Organization","@id":"https:\/\/www.fiscalia.gov.co\/colombia\/#organization","name":"Fiscal\u00eda General de la Naci\u00f3n","url":"https:\/\/www.fiscalia.gov.co\/colombia\/","logo":{"@type":"ImageObject","inLanguage":"es-CO","@id":"https:\/\/www.fiscalia.gov.co\/colombia\/#\/schema\/logo\/image\/","url":"https:\/\/www.fiscalia.gov.co\/colombia\/wp-content\/uploads\/LogoHorizontal_1.jpg","contentUrl":"https:\/\/www.fiscalia.gov.co\/colombia\/wp-content\/uploads\/LogoHorizontal_1.jpg","width":300,"height":90,"caption":"Fiscal\u00eda General de la Naci\u00f3n"},"image":{"@id":"https:\/\/www.fiscalia.gov.co\/colombia\/#\/schema\/logo\/image\/"},"sameAs":["https:\/\/www.facebook.com\/FiscaliaCol","https:\/\/x.com\/FiscaliaCol","https:\/\/www.instagram.com\/fiscaliacol","https:\/\/www.linkedin.com\/company\/fiscalia-general-de-la-naci-n\/","https:\/\/youtube.com\/@fiscaliageneraldelanacion-4668?si=6nN79nyQICPU5iTh"]},{"@type":"Person","@id":"https:\/\/www.fiscalia.gov.co\/colombia\/#\/schema\/person\/bf84402cf293a5393e9c70b111020b24","name":"Jordan Leandro Oviedo Anzola","image":{"@type":"ImageObject","inLanguage":"es-CO","@id":"https:\/\/www.fiscalia.gov.co\/colombia\/#\/schema\/person\/image\/","url":"https:\/\/secure.gravatar.com\/avatar\/dabba4346fa9b9207d96adafa8f92721?s=96&d=mm&r=g","contentUrl":"https:\/\/secure.gravatar.com\/avatar\/dabba4346fa9b9207d96adafa8f92721?s=96&d=mm&r=g","caption":"Jordan Leandro Oviedo Anzola"},"url":"https:\/\/www.fiscalia.gov.co\/colombia\/author\/joviedo\/"}]}},"_links":{"self":[{"href":"https:\/\/www.fiscalia.gov.co\/colombia\/wp-json\/wp\/v2\/posts\/252886","targetHints":{"allow":["GET"]}}],"collection":[{"href":"https:\/\/www.fiscalia.gov.co\/colombia\/wp-json\/wp\/v2\/posts"}],"about":[{"href":"https:\/\/www.fiscalia.gov.co\/colombia\/wp-json\/wp\/v2\/types\/post"}],"author":[{"embeddable":true,"href":"https:\/\/www.fiscalia.gov.co\/colombia\/wp-json\/wp\/v2\/users\/177"}],"replies":[{"embeddable":true,"href":"https:\/\/www.fiscalia.gov.co\/colombia\/wp-json\/wp\/v2\/comments?post=252886"}],"version-history":[{"count":3,"href":"https:\/\/www.fiscalia.gov.co\/colombia\/wp-json\/wp\/v2\/posts\/252886\/revisions"}],"predecessor-version":[{"id":253319,"href":"https:\/\/www.fiscalia.gov.co\/colombia\/wp-json\/wp\/v2\/posts\/252886\/revisions\/253319"}],"wp:attachment":[{"href":"https:\/\/www.fiscalia.gov.co\/colombia\/wp-json\/wp\/v2\/media?parent=252886"}],"wp:term":[{"taxonomy":"category","embeddable":true,"href":"https:\/\/www.fiscalia.gov.co\/colombia\/wp-json\/wp\/v2\/categories?post=252886"},{"taxonomy":"post_tag","embeddable":true,"href":"https:\/\/www.fiscalia.gov.co\/colombia\/wp-json\/wp\/v2\/tags?post=252886"}],"curies":[{"name":"wp","href":"https:\/\/api.w.org\/{rel}","templated":true}]}}