{"id":252831,"date":"2022-07-15T09:37:53","date_gmt":"2022-07-15T14:37:53","guid":{"rendered":"https:\/\/www.fiscalia.gov.co\/colombia\/?p=252831"},"modified":"2022-07-15T09:37:53","modified_gmt":"2022-07-15T14:37:53","slug":"carcel-para-un-hombre-que-habria-golpeado-a-su-expareja-sentimental-quien-se-encuentra-en-estado-de-embarazo","status":"publish","type":"post","link":"https:\/\/www.fiscalia.gov.co\/colombia\/noticias\/carcel-para-un-hombre-que-habria-golpeado-a-su-expareja-sentimental-quien-se-encuentra-en-estado-de-embarazo\/","title":{"rendered":"C\u00e1rcel para un hombre que habr\u00eda golpeado a su expareja sentimental, quien se encuentra en estado de embarazo"},"content":{"rendered":"<p>Luego de acoger los argumentos de la Fiscal\u00eda General de la Naci\u00f3n, un juez de control de garant\u00edas priv\u00f3 de la libertad en establecimiento carcelario a James Balmaceda Calder\u00f3n, por su presunta responsabilidad en el delito de violencia intrafamiliar agravada.<\/p>\n<figure id=\"attachment_252832\" aria-describedby=\"caption-attachment-252832\" style=\"width: 696px\" class=\"wp-caption aligncenter\"><img loading=\"lazy\" decoding=\"async\" class=\"size-large wp-image-252832\" src=\"https:\/\/www.fiscalia.gov.co\/colombia\/wp-content\/uploads\/Fiscal-Barbosa-Balmaceda-Calderon-tienen-anotaciones-judiciales-por-hurto-calificado-y-agravado-lesiones-personales-entre-otros.-1024x767.jpeg\" alt=\"\" width=\"696\" height=\"521\" srcset=\"https:\/\/www.fiscalia.gov.co\/colombia\/wp-content\/uploads\/Fiscal-Barbosa-Balmaceda-Calderon-tienen-anotaciones-judiciales-por-hurto-calificado-y-agravado-lesiones-personales-entre-otros.-1024x767.jpeg 1024w, https:\/\/www.fiscalia.gov.co\/colombia\/wp-content\/uploads\/Fiscal-Barbosa-Balmaceda-Calderon-tienen-anotaciones-judiciales-por-hurto-calificado-y-agravado-lesiones-personales-entre-otros.-300x225.jpeg 300w, https:\/\/www.fiscalia.gov.co\/colombia\/wp-content\/uploads\/Fiscal-Barbosa-Balmaceda-Calderon-tienen-anotaciones-judiciales-por-hurto-calificado-y-agravado-lesiones-personales-entre-otros.-768x575.jpeg 768w, https:\/\/www.fiscalia.gov.co\/colombia\/wp-content\/uploads\/Fiscal-Barbosa-Balmaceda-Calderon-tienen-anotaciones-judiciales-por-hurto-calificado-y-agravado-lesiones-personales-entre-otros.-696x521.jpeg 696w, https:\/\/www.fiscalia.gov.co\/colombia\/wp-content\/uploads\/Fiscal-Barbosa-Balmaceda-Calderon-tienen-anotaciones-judiciales-por-hurto-calificado-y-agravado-lesiones-personales-entre-otros.-1068x800.jpeg 1068w, https:\/\/www.fiscalia.gov.co\/colombia\/wp-content\/uploads\/Fiscal-Barbosa-Balmaceda-Calderon-tienen-anotaciones-judiciales-por-hurto-calificado-y-agravado-lesiones-personales-entre-otros.-561x420.jpeg 561w, https:\/\/www.fiscalia.gov.co\/colombia\/wp-content\/uploads\/Fiscal-Barbosa-Balmaceda-Calderon-tienen-anotaciones-judiciales-por-hurto-calificado-y-agravado-lesiones-personales-entre-otros.-80x60.jpeg 80w, https:\/\/www.fiscalia.gov.co\/colombia\/wp-content\/uploads\/Fiscal-Barbosa-Balmaceda-Calderon-tienen-anotaciones-judiciales-por-hurto-calificado-y-agravado-lesiones-personales-entre-otros.-265x198.jpeg 265w, https:\/\/www.fiscalia.gov.co\/colombia\/wp-content\/uploads\/Fiscal-Barbosa-Balmaceda-Calderon-tienen-anotaciones-judiciales-por-hurto-calificado-y-agravado-lesiones-personales-entre-otros..jpeg 1280w\" sizes=\"auto, (max-width: 696px) 100vw, 696px\" \/><figcaption id=\"caption-attachment-252832\" class=\"wp-caption-text\">Balmaceda Calder\u00f3n tienen anotaciones judiciales por hurto calificado y agravado, lesiones personales, entre otros.<\/figcaption><\/figure>\n<p>De acuerdo con la denuncia instaurada por su expareja sentimental, los hechos ocurrieron en febrero del a\u00f1o en curso, en una vivienda del municipio de Aguazul (Casanare), donde el hoy procesado habr\u00eda agredido a la v\u00edctima, quien se encuentra en estado de embarazo.<\/p>\n<p>Balmaceda Calder\u00f3n fue capturado por uniformados de la Polic\u00eda Nacional mediante orden judicial el pasado 12 de julio.<\/p>\n<p>Cabe resaltar que, el imputado tiene antecedentes penales, por los delitos de hurto calificado y agravado, lesiones personales y violencia intrafamiliar.<\/p>\n<p><strong>La Fiscal\u00eda habla con resultados.<\/strong><\/p>\n<p>&nbsp;<\/p>\n<p>&nbsp;<\/p>\n<p>LAZL\/MG\/LSAG\/DSC\/<\/p>\n<p>&nbsp;<\/p>\n<p>&nbsp;<\/p>\n<div class=\"td-post-content tagdiv-type\">\n<p><em>La informaci\u00f3n contenida en este bolet\u00edn de prensa corresponde a la narraci\u00f3n de los hechos noticiosos objetivos, suministrados por los funcionarios encargados de adelantar las investigaciones penales al interior de la Fiscal\u00eda General de la Naci\u00f3n. Para el momento de la divulgaci\u00f3n de este comunicado, la situaci\u00f3n jur\u00eddica de la(s) persona(s) relacionada(s) se encuentra pendiente de resolver por la autoridad judicial competente, siempre bajo los preceptos de la presunci\u00f3n de inocencia, consagrados en el art\u00edculo 29 de la Constituci\u00f3n Pol\u00edtica y el art\u00edculo 7\u00ba de la Ley 906 de 2004.<\/em><strong>\u00a0<\/strong><\/p>\n<\/div>\n\n<div class=\"twitter-share\"><a href=\"https:\/\/twitter.com\/intent\/tweet?via=fiscaliacol\" class=\"twitter-share-button\">Tweet<\/a><\/div>\n","protected":false},"excerpt":{"rendered":"<p>Luego de acoger los argumentos de la Fiscal\u00eda General de la Naci\u00f3n, un juez de control de garant\u00edas priv\u00f3 de la libertad en establecimiento carcelario a James Balmaceda Calder\u00f3n, por su presunta responsabilidad en el delito de violencia intrafamiliar agravada. De acuerdo con la denuncia instaurada por su expareja sentimental, los hechos ocurrieron en febrero [&hellip;]<\/p>\n","protected":false},"author":177,"featured_media":0,"comment_status":"closed","ping_status":"open","sticky":false,"template":"","format":"standard","meta":{"_price":"","_stock":"","_tribe_ticket_header":"","_tribe_default_ticket_provider":"","_tribe_ticket_capacity":"0","_ticket_start_date":"","_ticket_end_date":"","_tribe_ticket_show_description":"","_tribe_ticket_show_not_going":false,"_tribe_ticket_use_global_stock":"","_tribe_ticket_global_stock_level":"","_global_stock_mode":"","_global_stock_cap":"","_tribe_rsvp_for_event":"","_tribe_ticket_going_count":"","_tribe_ticket_not_going_count":"","_tribe_tickets_list":"[]","_tribe_ticket_has_attendee_info_fields":false,"tdm_status":"","tdm_grid_status":"","footnotes":""},"categories":[1,24134,303,24127],"tags":[924,1047,1185,12433,24034],"class_list":{"0":"post-252831","1":"post","2":"type-post","3":"status-publish","4":"format-standard","6":"category-noticias","7":"category-seccional-yopal","8":"category-seccionales","9":"category-violencia-sexual-e-intrafamiliar","10":"tag-captura","11":"tag-fiscalia-general-de-la-nacion","12":"tag-medida-de-aseguramiento","13":"tag-violencia-intrafamiliar-agravada","14":"tag-yopal-casanare"},"yoast_head":"<!-- This site is optimized with the Yoast SEO plugin v24.3 - https:\/\/yoast.com\/wordpress\/plugins\/seo\/ -->\n<title>Fiscal\u00eda General de la Naci\u00f3n<\/title>\n<meta name=\"description\" content=\"P\u00e1gina oficial de la Fiscal\u00eda General de la Naci\u00f3n \u2013 Colombia. Garantizamos el acceso efectivo a la justicia, la verdad y la reparaci\u00f3n de las v\u00edctimas de los delitos.\" \/>\n<meta name=\"robots\" content=\"noindex, follow\" \/>\n<meta property=\"og:locale\" content=\"es_ES\" \/>\n<meta property=\"og:type\" content=\"article\" \/>\n<meta property=\"og:title\" content=\"Fiscal\u00eda General de la Naci\u00f3n\" \/>\n<meta property=\"og:description\" content=\"P\u00e1gina oficial de la Fiscal\u00eda General de la Naci\u00f3n \u2013 Colombia. Garantizamos el acceso efectivo a la justicia, la verdad y la reparaci\u00f3n de las v\u00edctimas de los delitos.\" \/>\n<meta property=\"og:url\" content=\"https:\/\/www.fiscalia.gov.co\/colombia\/noticias\/carcel-para-un-hombre-que-habria-golpeado-a-su-expareja-sentimental-quien-se-encuentra-en-estado-de-embarazo\/\" \/>\n<meta property=\"og:site_name\" content=\"Fiscal\u00eda General de la Naci\u00f3n\" \/>\n<meta property=\"article:publisher\" content=\"https:\/\/www.facebook.com\/FiscaliaCol\" \/>\n<meta property=\"article:published_time\" content=\"2022-07-15T14:37:53+00:00\" \/>\n<meta property=\"og:image\" content=\"https:\/\/www.fiscalia.gov.co\/colombia\/wp-content\/uploads\/Fiscal-Barbosa-Balmaceda-Calderon-tienen-anotaciones-judiciales-por-hurto-calificado-y-agravado-lesiones-personales-entre-otros.-1024x767.jpeg\" \/>\n<meta name=\"author\" content=\"Jordan Leandro Oviedo Anzola\" \/>\n<meta name=\"twitter:card\" content=\"summary_large_image\" \/>\n<meta name=\"twitter:creator\" content=\"@FiscaliaCol\" \/>\n<meta name=\"twitter:site\" content=\"@FiscaliaCol\" \/>\n<meta name=\"twitter:label1\" content=\"Escrito por\" \/>\n\t<meta name=\"twitter:data1\" content=\"Jordan Leandro Oviedo Anzola\" \/>\n\t<meta name=\"twitter:label2\" content=\"Tiempo de lectura\" \/>\n\t<meta name=\"twitter:data2\" content=\"1 minuto\" \/>\n<script type=\"application\/ld+json\" class=\"yoast-schema-graph\">{\"@context\":\"https:\/\/schema.org\",\"@graph\":[{\"@type\":\"Article\",\"@id\":\"https:\/\/www.fiscalia.gov.co\/colombia\/noticias\/carcel-para-un-hombre-que-habria-golpeado-a-su-expareja-sentimental-quien-se-encuentra-en-estado-de-embarazo\/#article\",\"isPartOf\":{\"@id\":\"https:\/\/www.fiscalia.gov.co\/colombia\/noticias\/carcel-para-un-hombre-que-habria-golpeado-a-su-expareja-sentimental-quien-se-encuentra-en-estado-de-embarazo\/\"},\"author\":{\"name\":\"Jordan Leandro Oviedo Anzola\",\"@id\":\"https:\/\/www.fiscalia.gov.co\/colombia\/#\/schema\/person\/bf84402cf293a5393e9c70b111020b24\"},\"headline\":\"C\u00e1rcel para un hombre que habr\u00eda golpeado a su expareja sentimental, quien se encuentra en estado de embarazo\",\"datePublished\":\"2022-07-15T14:37:53+00:00\",\"dateModified\":\"2022-07-15T14:37:53+00:00\",\"mainEntityOfPage\":{\"@id\":\"https:\/\/www.fiscalia.gov.co\/colombia\/noticias\/carcel-para-un-hombre-que-habria-golpeado-a-su-expareja-sentimental-quien-se-encuentra-en-estado-de-embarazo\/\"},\"wordCount\":288,\"publisher\":{\"@id\":\"https:\/\/www.fiscalia.gov.co\/colombia\/#organization\"},\"image\":{\"@id\":\"https:\/\/www.fiscalia.gov.co\/colombia\/noticias\/carcel-para-un-hombre-que-habria-golpeado-a-su-expareja-sentimental-quien-se-encuentra-en-estado-de-embarazo\/#primaryimage\"},\"thumbnailUrl\":\"https:\/\/www.fiscalia.gov.co\/colombia\/wp-content\/uploads\/Fiscal-Barbosa-Balmaceda-Calderon-tienen-anotaciones-judiciales-por-hurto-calificado-y-agravado-lesiones-personales-entre-otros.-1024x767.jpeg\",\"keywords\":[\"Captura\",\"Fiscal\u00eda General de la Naci\u00f3n\",\"Medida de aseguramiento\",\"violencia intrafamiliar agravada\",\"Yopal (Casanare)\"],\"articleSection\":[\"Noticias\",\"Seccional Yopal\",\"Seccionales\",\"Violencia sexual e intrafamiliar\"],\"inLanguage\":\"es-CO\"},{\"@type\":\"WebPage\",\"@id\":\"https:\/\/www.fiscalia.gov.co\/colombia\/noticias\/carcel-para-un-hombre-que-habria-golpeado-a-su-expareja-sentimental-quien-se-encuentra-en-estado-de-embarazo\/\",\"url\":\"https:\/\/www.fiscalia.gov.co\/colombia\/noticias\/carcel-para-un-hombre-que-habria-golpeado-a-su-expareja-sentimental-quien-se-encuentra-en-estado-de-embarazo\/\",\"name\":\"Fiscal\u00eda General de la Naci\u00f3n\",\"isPartOf\":{\"@id\":\"https:\/\/www.fiscalia.gov.co\/colombia\/#website\"},\"primaryImageOfPage\":{\"@id\":\"https:\/\/www.fiscalia.gov.co\/colombia\/noticias\/carcel-para-un-hombre-que-habria-golpeado-a-su-expareja-sentimental-quien-se-encuentra-en-estado-de-embarazo\/#primaryimage\"},\"image\":{\"@id\":\"https:\/\/www.fiscalia.gov.co\/colombia\/noticias\/carcel-para-un-hombre-que-habria-golpeado-a-su-expareja-sentimental-quien-se-encuentra-en-estado-de-embarazo\/#primaryimage\"},\"thumbnailUrl\":\"https:\/\/www.fiscalia.gov.co\/colombia\/wp-content\/uploads\/Fiscal-Barbosa-Balmaceda-Calderon-tienen-anotaciones-judiciales-por-hurto-calificado-y-agravado-lesiones-personales-entre-otros.-1024x767.jpeg\",\"datePublished\":\"2022-07-15T14:37:53+00:00\",\"dateModified\":\"2022-07-15T14:37:53+00:00\",\"description\":\"P\u00e1gina oficial de la Fiscal\u00eda General de la Naci\u00f3n \u2013 Colombia. Garantizamos el acceso efectivo a la justicia, la verdad y la reparaci\u00f3n de las v\u00edctimas de los delitos.\",\"breadcrumb\":{\"@id\":\"https:\/\/www.fiscalia.gov.co\/colombia\/noticias\/carcel-para-un-hombre-que-habria-golpeado-a-su-expareja-sentimental-quien-se-encuentra-en-estado-de-embarazo\/#breadcrumb\"},\"inLanguage\":\"es-CO\",\"potentialAction\":[{\"@type\":\"ReadAction\",\"target\":[\"https:\/\/www.fiscalia.gov.co\/colombia\/noticias\/carcel-para-un-hombre-que-habria-golpeado-a-su-expareja-sentimental-quien-se-encuentra-en-estado-de-embarazo\/\"]}]},{\"@type\":\"ImageObject\",\"inLanguage\":\"es-CO\",\"@id\":\"https:\/\/www.fiscalia.gov.co\/colombia\/noticias\/carcel-para-un-hombre-que-habria-golpeado-a-su-expareja-sentimental-quien-se-encuentra-en-estado-de-embarazo\/#primaryimage\",\"url\":\"https:\/\/www.fiscalia.gov.co\/colombia\/wp-content\/uploads\/Fiscal-Barbosa-Balmaceda-Calderon-tienen-anotaciones-judiciales-por-hurto-calificado-y-agravado-lesiones-personales-entre-otros.-1024x767.jpeg\",\"contentUrl\":\"https:\/\/www.fiscalia.gov.co\/colombia\/wp-content\/uploads\/Fiscal-Barbosa-Balmaceda-Calderon-tienen-anotaciones-judiciales-por-hurto-calificado-y-agravado-lesiones-personales-entre-otros.-1024x767.jpeg\"},{\"@type\":\"BreadcrumbList\",\"@id\":\"https:\/\/www.fiscalia.gov.co\/colombia\/noticias\/carcel-para-un-hombre-que-habria-golpeado-a-su-expareja-sentimental-quien-se-encuentra-en-estado-de-embarazo\/#breadcrumb\",\"itemListElement\":[{\"@type\":\"ListItem\",\"position\":1,\"name\":\"Home\",\"item\":\"https:\/\/www.fiscalia.gov.co\/colombia\/\"},{\"@type\":\"ListItem\",\"position\":2,\"name\":\"C\u00e1rcel para un hombre que habr\u00eda golpeado a su expareja sentimental, quien se encuentra en estado de embarazo\"}]},{\"@type\":\"WebSite\",\"@id\":\"https:\/\/www.fiscalia.gov.co\/colombia\/#website\",\"url\":\"https:\/\/www.fiscalia.gov.co\/colombia\/\",\"name\":\"Fiscal\u00eda General de la Naci\u00f3n\",\"description\":\"P\u00e1gina oficial de la Fiscal\u00eda General de la Naci\u00f3n \u2013 Colombia. Garantizamos el acceso efectivo a la justicia, la verdad y la reparaci\u00f3n de las v\u00edctimas de los delitos.\",\"publisher\":{\"@id\":\"https:\/\/www.fiscalia.gov.co\/colombia\/#organization\"},\"potentialAction\":[{\"@type\":\"SearchAction\",\"target\":{\"@type\":\"EntryPoint\",\"urlTemplate\":\"https:\/\/www.fiscalia.gov.co\/colombia\/?s={search_term_string}\"},\"query-input\":{\"@type\":\"PropertyValueSpecification\",\"valueRequired\":true,\"valueName\":\"search_term_string\"}}],\"inLanguage\":\"es-CO\"},{\"@type\":\"Organization\",\"@id\":\"https:\/\/www.fiscalia.gov.co\/colombia\/#organization\",\"name\":\"Fiscal\u00eda General de la Naci\u00f3n\",\"url\":\"https:\/\/www.fiscalia.gov.co\/colombia\/\",\"logo\":{\"@type\":\"ImageObject\",\"inLanguage\":\"es-CO\",\"@id\":\"https:\/\/www.fiscalia.gov.co\/colombia\/#\/schema\/logo\/image\/\",\"url\":\"https:\/\/www.fiscalia.gov.co\/colombia\/wp-content\/uploads\/LogoHorizontal_1.jpg\",\"contentUrl\":\"https:\/\/www.fiscalia.gov.co\/colombia\/wp-content\/uploads\/LogoHorizontal_1.jpg\",\"width\":300,\"height\":90,\"caption\":\"Fiscal\u00eda General de la Naci\u00f3n\"},\"image\":{\"@id\":\"https:\/\/www.fiscalia.gov.co\/colombia\/#\/schema\/logo\/image\/\"},\"sameAs\":[\"https:\/\/www.facebook.com\/FiscaliaCol\",\"https:\/\/x.com\/FiscaliaCol\",\"https:\/\/www.instagram.com\/fiscaliacol\",\"https:\/\/www.linkedin.com\/company\/fiscalia-general-de-la-naci-n\/\",\"https:\/\/youtube.com\/@fiscaliageneraldelanacion-4668?si=6nN79nyQICPU5iTh\"]},{\"@type\":\"Person\",\"@id\":\"https:\/\/www.fiscalia.gov.co\/colombia\/#\/schema\/person\/bf84402cf293a5393e9c70b111020b24\",\"name\":\"Jordan Leandro Oviedo Anzola\",\"image\":{\"@type\":\"ImageObject\",\"inLanguage\":\"es-CO\",\"@id\":\"https:\/\/www.fiscalia.gov.co\/colombia\/#\/schema\/person\/image\/\",\"url\":\"https:\/\/secure.gravatar.com\/avatar\/dabba4346fa9b9207d96adafa8f92721?s=96&d=mm&r=g\",\"contentUrl\":\"https:\/\/secure.gravatar.com\/avatar\/dabba4346fa9b9207d96adafa8f92721?s=96&d=mm&r=g\",\"caption\":\"Jordan Leandro Oviedo Anzola\"},\"url\":\"https:\/\/www.fiscalia.gov.co\/colombia\/author\/joviedo\/\"}]}<\/script>\n<!-- \/ Yoast SEO plugin. -->","yoast_head_json":{"title":"Fiscal\u00eda General de la Naci\u00f3n","description":"P\u00e1gina oficial de la Fiscal\u00eda General de la Naci\u00f3n \u2013 Colombia. Garantizamos el acceso efectivo a la justicia, la verdad y la reparaci\u00f3n de las v\u00edctimas de los delitos.","robots":{"index":"noindex","follow":"follow"},"og_locale":"es_ES","og_type":"article","og_title":"Fiscal\u00eda General de la Naci\u00f3n","og_description":"P\u00e1gina oficial de la Fiscal\u00eda General de la Naci\u00f3n \u2013 Colombia. Garantizamos el acceso efectivo a la justicia, la verdad y la reparaci\u00f3n de las v\u00edctimas de los delitos.","og_url":"https:\/\/www.fiscalia.gov.co\/colombia\/noticias\/carcel-para-un-hombre-que-habria-golpeado-a-su-expareja-sentimental-quien-se-encuentra-en-estado-de-embarazo\/","og_site_name":"Fiscal\u00eda General de la Naci\u00f3n","article_publisher":"https:\/\/www.facebook.com\/FiscaliaCol","article_published_time":"2022-07-15T14:37:53+00:00","og_image":[{"url":"https:\/\/www.fiscalia.gov.co\/colombia\/wp-content\/uploads\/Fiscal-Barbosa-Balmaceda-Calderon-tienen-anotaciones-judiciales-por-hurto-calificado-y-agravado-lesiones-personales-entre-otros.-1024x767.jpeg","type":"","width":"","height":""}],"author":"Jordan Leandro Oviedo Anzola","twitter_card":"summary_large_image","twitter_creator":"@FiscaliaCol","twitter_site":"@FiscaliaCol","twitter_misc":{"Escrito por":"Jordan Leandro Oviedo Anzola","Tiempo de lectura":"1 minuto"},"schema":{"@context":"https:\/\/schema.org","@graph":[{"@type":"Article","@id":"https:\/\/www.fiscalia.gov.co\/colombia\/noticias\/carcel-para-un-hombre-que-habria-golpeado-a-su-expareja-sentimental-quien-se-encuentra-en-estado-de-embarazo\/#article","isPartOf":{"@id":"https:\/\/www.fiscalia.gov.co\/colombia\/noticias\/carcel-para-un-hombre-que-habria-golpeado-a-su-expareja-sentimental-quien-se-encuentra-en-estado-de-embarazo\/"},"author":{"name":"Jordan Leandro Oviedo Anzola","@id":"https:\/\/www.fiscalia.gov.co\/colombia\/#\/schema\/person\/bf84402cf293a5393e9c70b111020b24"},"headline":"C\u00e1rcel para un hombre que habr\u00eda golpeado a su expareja sentimental, quien se encuentra en estado de embarazo","datePublished":"2022-07-15T14:37:53+00:00","dateModified":"2022-07-15T14:37:53+00:00","mainEntityOfPage":{"@id":"https:\/\/www.fiscalia.gov.co\/colombia\/noticias\/carcel-para-un-hombre-que-habria-golpeado-a-su-expareja-sentimental-quien-se-encuentra-en-estado-de-embarazo\/"},"wordCount":288,"publisher":{"@id":"https:\/\/www.fiscalia.gov.co\/colombia\/#organization"},"image":{"@id":"https:\/\/www.fiscalia.gov.co\/colombia\/noticias\/carcel-para-un-hombre-que-habria-golpeado-a-su-expareja-sentimental-quien-se-encuentra-en-estado-de-embarazo\/#primaryimage"},"thumbnailUrl":"https:\/\/www.fiscalia.gov.co\/colombia\/wp-content\/uploads\/Fiscal-Barbosa-Balmaceda-Calderon-tienen-anotaciones-judiciales-por-hurto-calificado-y-agravado-lesiones-personales-entre-otros.-1024x767.jpeg","keywords":["Captura","Fiscal\u00eda General de la Naci\u00f3n","Medida de aseguramiento","violencia intrafamiliar agravada","Yopal (Casanare)"],"articleSection":["Noticias","Seccional Yopal","Seccionales","Violencia sexual e intrafamiliar"],"inLanguage":"es-CO"},{"@type":"WebPage","@id":"https:\/\/www.fiscalia.gov.co\/colombia\/noticias\/carcel-para-un-hombre-que-habria-golpeado-a-su-expareja-sentimental-quien-se-encuentra-en-estado-de-embarazo\/","url":"https:\/\/www.fiscalia.gov.co\/colombia\/noticias\/carcel-para-un-hombre-que-habria-golpeado-a-su-expareja-sentimental-quien-se-encuentra-en-estado-de-embarazo\/","name":"Fiscal\u00eda General de la Naci\u00f3n","isPartOf":{"@id":"https:\/\/www.fiscalia.gov.co\/colombia\/#website"},"primaryImageOfPage":{"@id":"https:\/\/www.fiscalia.gov.co\/colombia\/noticias\/carcel-para-un-hombre-que-habria-golpeado-a-su-expareja-sentimental-quien-se-encuentra-en-estado-de-embarazo\/#primaryimage"},"image":{"@id":"https:\/\/www.fiscalia.gov.co\/colombia\/noticias\/carcel-para-un-hombre-que-habria-golpeado-a-su-expareja-sentimental-quien-se-encuentra-en-estado-de-embarazo\/#primaryimage"},"thumbnailUrl":"https:\/\/www.fiscalia.gov.co\/colombia\/wp-content\/uploads\/Fiscal-Barbosa-Balmaceda-Calderon-tienen-anotaciones-judiciales-por-hurto-calificado-y-agravado-lesiones-personales-entre-otros.-1024x767.jpeg","datePublished":"2022-07-15T14:37:53+00:00","dateModified":"2022-07-15T14:37:53+00:00","description":"P\u00e1gina oficial de la Fiscal\u00eda General de la Naci\u00f3n \u2013 Colombia. Garantizamos el acceso efectivo a la justicia, la verdad y la reparaci\u00f3n de las v\u00edctimas de los delitos.","breadcrumb":{"@id":"https:\/\/www.fiscalia.gov.co\/colombia\/noticias\/carcel-para-un-hombre-que-habria-golpeado-a-su-expareja-sentimental-quien-se-encuentra-en-estado-de-embarazo\/#breadcrumb"},"inLanguage":"es-CO","potentialAction":[{"@type":"ReadAction","target":["https:\/\/www.fiscalia.gov.co\/colombia\/noticias\/carcel-para-un-hombre-que-habria-golpeado-a-su-expareja-sentimental-quien-se-encuentra-en-estado-de-embarazo\/"]}]},{"@type":"ImageObject","inLanguage":"es-CO","@id":"https:\/\/www.fiscalia.gov.co\/colombia\/noticias\/carcel-para-un-hombre-que-habria-golpeado-a-su-expareja-sentimental-quien-se-encuentra-en-estado-de-embarazo\/#primaryimage","url":"https:\/\/www.fiscalia.gov.co\/colombia\/wp-content\/uploads\/Fiscal-Barbosa-Balmaceda-Calderon-tienen-anotaciones-judiciales-por-hurto-calificado-y-agravado-lesiones-personales-entre-otros.-1024x767.jpeg","contentUrl":"https:\/\/www.fiscalia.gov.co\/colombia\/wp-content\/uploads\/Fiscal-Barbosa-Balmaceda-Calderon-tienen-anotaciones-judiciales-por-hurto-calificado-y-agravado-lesiones-personales-entre-otros.-1024x767.jpeg"},{"@type":"BreadcrumbList","@id":"https:\/\/www.fiscalia.gov.co\/colombia\/noticias\/carcel-para-un-hombre-que-habria-golpeado-a-su-expareja-sentimental-quien-se-encuentra-en-estado-de-embarazo\/#breadcrumb","itemListElement":[{"@type":"ListItem","position":1,"name":"Home","item":"https:\/\/www.fiscalia.gov.co\/colombia\/"},{"@type":"ListItem","position":2,"name":"C\u00e1rcel para un hombre que habr\u00eda golpeado a su expareja sentimental, quien se encuentra en estado de embarazo"}]},{"@type":"WebSite","@id":"https:\/\/www.fiscalia.gov.co\/colombia\/#website","url":"https:\/\/www.fiscalia.gov.co\/colombia\/","name":"Fiscal\u00eda General de la Naci\u00f3n","description":"P\u00e1gina oficial de la Fiscal\u00eda General de la Naci\u00f3n \u2013 Colombia. Garantizamos el acceso efectivo a la justicia, la verdad y la reparaci\u00f3n de las v\u00edctimas de los delitos.","publisher":{"@id":"https:\/\/www.fiscalia.gov.co\/colombia\/#organization"},"potentialAction":[{"@type":"SearchAction","target":{"@type":"EntryPoint","urlTemplate":"https:\/\/www.fiscalia.gov.co\/colombia\/?s={search_term_string}"},"query-input":{"@type":"PropertyValueSpecification","valueRequired":true,"valueName":"search_term_string"}}],"inLanguage":"es-CO"},{"@type":"Organization","@id":"https:\/\/www.fiscalia.gov.co\/colombia\/#organization","name":"Fiscal\u00eda General de la Naci\u00f3n","url":"https:\/\/www.fiscalia.gov.co\/colombia\/","logo":{"@type":"ImageObject","inLanguage":"es-CO","@id":"https:\/\/www.fiscalia.gov.co\/colombia\/#\/schema\/logo\/image\/","url":"https:\/\/www.fiscalia.gov.co\/colombia\/wp-content\/uploads\/LogoHorizontal_1.jpg","contentUrl":"https:\/\/www.fiscalia.gov.co\/colombia\/wp-content\/uploads\/LogoHorizontal_1.jpg","width":300,"height":90,"caption":"Fiscal\u00eda General de la Naci\u00f3n"},"image":{"@id":"https:\/\/www.fiscalia.gov.co\/colombia\/#\/schema\/logo\/image\/"},"sameAs":["https:\/\/www.facebook.com\/FiscaliaCol","https:\/\/x.com\/FiscaliaCol","https:\/\/www.instagram.com\/fiscaliacol","https:\/\/www.linkedin.com\/company\/fiscalia-general-de-la-naci-n\/","https:\/\/youtube.com\/@fiscaliageneraldelanacion-4668?si=6nN79nyQICPU5iTh"]},{"@type":"Person","@id":"https:\/\/www.fiscalia.gov.co\/colombia\/#\/schema\/person\/bf84402cf293a5393e9c70b111020b24","name":"Jordan Leandro Oviedo Anzola","image":{"@type":"ImageObject","inLanguage":"es-CO","@id":"https:\/\/www.fiscalia.gov.co\/colombia\/#\/schema\/person\/image\/","url":"https:\/\/secure.gravatar.com\/avatar\/dabba4346fa9b9207d96adafa8f92721?s=96&d=mm&r=g","contentUrl":"https:\/\/secure.gravatar.com\/avatar\/dabba4346fa9b9207d96adafa8f92721?s=96&d=mm&r=g","caption":"Jordan Leandro Oviedo Anzola"},"url":"https:\/\/www.fiscalia.gov.co\/colombia\/author\/joviedo\/"}]}},"_links":{"self":[{"href":"https:\/\/www.fiscalia.gov.co\/colombia\/wp-json\/wp\/v2\/posts\/252831","targetHints":{"allow":["GET"]}}],"collection":[{"href":"https:\/\/www.fiscalia.gov.co\/colombia\/wp-json\/wp\/v2\/posts"}],"about":[{"href":"https:\/\/www.fiscalia.gov.co\/colombia\/wp-json\/wp\/v2\/types\/post"}],"author":[{"embeddable":true,"href":"https:\/\/www.fiscalia.gov.co\/colombia\/wp-json\/wp\/v2\/users\/177"}],"replies":[{"embeddable":true,"href":"https:\/\/www.fiscalia.gov.co\/colombia\/wp-json\/wp\/v2\/comments?post=252831"}],"version-history":[{"count":1,"href":"https:\/\/www.fiscalia.gov.co\/colombia\/wp-json\/wp\/v2\/posts\/252831\/revisions"}],"predecessor-version":[{"id":252833,"href":"https:\/\/www.fiscalia.gov.co\/colombia\/wp-json\/wp\/v2\/posts\/252831\/revisions\/252833"}],"wp:attachment":[{"href":"https:\/\/www.fiscalia.gov.co\/colombia\/wp-json\/wp\/v2\/media?parent=252831"}],"wp:term":[{"taxonomy":"category","embeddable":true,"href":"https:\/\/www.fiscalia.gov.co\/colombia\/wp-json\/wp\/v2\/categories?post=252831"},{"taxonomy":"post_tag","embeddable":true,"href":"https:\/\/www.fiscalia.gov.co\/colombia\/wp-json\/wp\/v2\/tags?post=252831"}],"curies":[{"name":"wp","href":"https:\/\/api.w.org\/{rel}","templated":true}]}}