{"id":252828,"date":"2022-07-15T09:33:49","date_gmt":"2022-07-15T14:33:49","guid":{"rendered":"https:\/\/www.fiscalia.gov.co\/colombia\/?p=252828"},"modified":"2022-07-15T09:33:49","modified_gmt":"2022-07-15T14:33:49","slug":"condenados-dos-hombres-por-un-homicidio-y-doble-tentativa-de-homicidio-en-el-tolima","status":"publish","type":"post","link":"https:\/\/www.fiscalia.gov.co\/colombia\/noticias\/condenados-dos-hombres-por-un-homicidio-y-doble-tentativa-de-homicidio-en-el-tolima\/","title":{"rendered":"Condenados dos hombres por un homicidio y doble tentativa de homicidio en el Tolima"},"content":{"rendered":"<h4><em><strong>Los casos ocurrieron en hechos aislados. Ambos se encuentran privados de la libertad.<\/strong><\/em><\/h4>\n<p>Jhon Eduar Castro Galindo y Wilson Andr\u00e9s Rojas G\u00f3mez, fueron recientemente condenados tras llegar a un preacuerdo con la Fiscal\u00eda General de la Naci\u00f3n a trav\u00e9s de un despacho de la Unidad de Vida de la Seccional Tolima, por los delitos de tentativa de homicidio agravado y homicidio simple, respectivamente, por hechos ocurridos en los a\u00f1os 2020 y 2022 en Ibagu\u00e9.<\/p>\n<figure id=\"attachment_252829\" aria-describedby=\"caption-attachment-252829\" style=\"width: 1024px\" class=\"wp-caption aligncenter\"><img loading=\"lazy\" decoding=\"async\" class=\"size-full wp-image-252829\" src=\"https:\/\/www.fiscalia.gov.co\/colombia\/wp-content\/uploads\/Fiscal-Barbosa-Wilson-Andres-Rojas-Gomez-condenado-por-el-homicidio-de-Brayan-Lopez-en-medio-de-un-acto-de-intolerancia..jpeg\" alt=\"\" width=\"1024\" height=\"558\" srcset=\"https:\/\/www.fiscalia.gov.co\/colombia\/wp-content\/uploads\/Fiscal-Barbosa-Wilson-Andres-Rojas-Gomez-condenado-por-el-homicidio-de-Brayan-Lopez-en-medio-de-un-acto-de-intolerancia..jpeg 1024w, https:\/\/www.fiscalia.gov.co\/colombia\/wp-content\/uploads\/Fiscal-Barbosa-Wilson-Andres-Rojas-Gomez-condenado-por-el-homicidio-de-Brayan-Lopez-en-medio-de-un-acto-de-intolerancia.-300x163.jpeg 300w, https:\/\/www.fiscalia.gov.co\/colombia\/wp-content\/uploads\/Fiscal-Barbosa-Wilson-Andres-Rojas-Gomez-condenado-por-el-homicidio-de-Brayan-Lopez-en-medio-de-un-acto-de-intolerancia.-768x419.jpeg 768w, https:\/\/www.fiscalia.gov.co\/colombia\/wp-content\/uploads\/Fiscal-Barbosa-Wilson-Andres-Rojas-Gomez-condenado-por-el-homicidio-de-Brayan-Lopez-en-medio-de-un-acto-de-intolerancia.-696x379.jpeg 696w, https:\/\/www.fiscalia.gov.co\/colombia\/wp-content\/uploads\/Fiscal-Barbosa-Wilson-Andres-Rojas-Gomez-condenado-por-el-homicidio-de-Brayan-Lopez-en-medio-de-un-acto-de-intolerancia.-771x420.jpeg 771w\" sizes=\"auto, (max-width: 1024px) 100vw, 1024px\" \/><figcaption id=\"caption-attachment-252829\" class=\"wp-caption-text\">Wilson Andr\u00e9s Rojas G\u00f3mez, condenado por el homicidio de Brayan L\u00f3pez, en medio de un acto de intolerancia.<\/figcaption><\/figure>\n<p>El primero deber\u00e1 purgar una condena de 11 a\u00f1os de prisi\u00f3n por doble tentativa de homicidio agravado del que fueron v\u00edctimas dos j\u00f3venes el 4 de agosto del a\u00f1o 2020 en el sector de la Mina del Vergel.<\/p>\n<p>Las v\u00edctimas se encontraban con sus respectivas novias sentados a orillas de una piscina natural que hay en el lugar, cuando notaron la presencia intimidante de dos hombres, entre ellos el hoy sentenciado.<\/p>\n<p>Fue as\u00ed como los novios tomaron la decisi\u00f3n de irse y al intentar hacerlo los sospechosos se abalanzaron en contra de Nicol\u00e1s Fl\u00f3rez y a Jenier Rodr\u00edguez Ruiz quienes fueron atacados con machete y cuchillo sufriendo heridas de gravedad por lo que fueron trasladados al hospital local para su atenci\u00f3n inmediata.<\/p>\n<p>Los indiciados fueron detenidos por la Polic\u00eda que fue alertada por las novias de las v\u00edctimas, cuando intentaban huir.<\/p>\n<p><strong>Rencillas entre vecinos<\/strong><\/p>\n<p>Entretanto, Wilson Andr\u00e9s Rojas G\u00f3mez, fue condenado a la pena de 12 a\u00f1os de prisi\u00f3n por los delitos de homicidio simple y porte ilegal de armas de fuego.<\/p>\n<p>El hombre hiri\u00f3 de muerte a Brayan Rojas G\u00f3mez cuando le dispar\u00f3 a \u00e9l y a su hermano luego que estos lo retaran a pelear en hechos ocurridos en el barrio San Jos\u00e9 de la capital tolimense.<\/p>\n<p>Se tiene que en horas de la madrugada el hermano de la v\u00edctima, quien estaba ingiriendo licor con \u00e9l, tuvo un problema con su esposa, por lo que su vecino Rojas G\u00f3mez se interpuso para evitar que la mujer fuera lastimada.<\/p>\n<p>Luego de esto los \u00e1nimos se calentaron y los hermanos fueron hasta la casa del hoy condenado para gritarle improperios, pero al ver que Wilson los ignoraba se marcharon. Minutos despu\u00e9s este lleg\u00f3 armado a la casa de los parientes y les dispar\u00f3, llev\u00e1ndose la peor parte el joven de 22 a\u00f1os.<\/p>\n<p>El encartado huy\u00f3 siendo posteriormente detenido, mientras que Brayan muri\u00f3 rumbo al hospital.<\/p>\n<p>Ambas sentencias quedaron en firme.<\/p>\n<p><strong>La Fiscal\u00eda habla con resultados.<\/strong><\/p>\n<p>&nbsp;<\/p>\n<p>&nbsp;<\/p>\n<p>&nbsp;<\/p>\n<p>PAAM\/FAGH\/AHM\/DST<\/p>\n<p>&nbsp;<\/p>\n<p>&nbsp;<\/p>\n<p><em>La informaci\u00f3n contenida en este bolet\u00edn de prensa corresponde a la narraci\u00f3n de los hechos noticiosos objetivos, suministrados por los funcionarios encargados de adelantar las investigaciones penales al interior de la Fiscal\u00eda General de la Naci\u00f3n. Para el momento de la divulgaci\u00f3n de este comunicado, la situaci\u00f3n jur\u00eddica de la(s) persona(s) relacionada(s) se encuentra pendiente de resolver por la autoridad judicial competente, siempre bajo los preceptos de la presunci\u00f3n de inocencia, consagrados en el art\u00edculo 29 de la Constituci\u00f3n Pol\u00edtica y el art\u00edculo 7\u00ba de la Ley 906 de 2004.<\/em><strong>\u00a0<\/strong><\/p>\n\n<div class=\"twitter-share\"><a href=\"https:\/\/twitter.com\/intent\/tweet?via=fiscaliacol\" class=\"twitter-share-button\">Tweet<\/a><\/div>\n","protected":false},"excerpt":{"rendered":"<p>Los casos ocurrieron en hechos aislados. Ambos se encuentran privados de la libertad. Jhon Eduar Castro Galindo y Wilson Andr\u00e9s Rojas G\u00f3mez, fueron recientemente condenados tras llegar a un preacuerdo con la Fiscal\u00eda General de la Naci\u00f3n a trav\u00e9s de un despacho de la Unidad de Vida de la Seccional Tolima, por los delitos de [&hellip;]<\/p>\n","protected":false},"author":177,"featured_media":0,"comment_status":"closed","ping_status":"open","sticky":false,"template":"","format":"standard","meta":{"_price":"","_stock":"","_tribe_ticket_header":"","_tribe_default_ticket_provider":"","_tribe_ticket_capacity":"0","_ticket_start_date":"","_ticket_end_date":"","_tribe_ticket_show_description":"","_tribe_ticket_show_not_going":false,"_tribe_ticket_use_global_stock":"","_tribe_ticket_global_stock_level":"","_global_stock_mode":"","_global_stock_cap":"","_tribe_rsvp_for_event":"","_tribe_ticket_going_count":"","_tribe_ticket_not_going_count":"","_tribe_tickets_list":"[]","_tribe_ticket_has_attendee_info_fields":false,"tdm_status":"","tdm_grid_status":"","footnotes":""},"categories":[1,329,303,24099],"tags":[24185,24188,1047,409,23990,479],"class_list":{"0":"post-252828","1":"post","2":"type-post","3":"status-publish","4":"format-standard","6":"category-noticias","7":"category-seccional-ibague","8":"category-seccionales","9":"category-seguridad-territorial","10":"tag-fiscal-barbosa","11":"tag-fiscal-francisco-barbosa","12":"tag-fiscalia-general-de-la-nacion","13":"tag-homicidio","14":"tag-ibague-tolima","15":"tag-tentativa-de-homicidio"},"yoast_head":"<!-- This site is optimized with the Yoast SEO plugin v24.3 - https:\/\/yoast.com\/wordpress\/plugins\/seo\/ -->\n<title>Fiscal\u00eda General de la Naci\u00f3n<\/title>\n<meta name=\"description\" content=\"P\u00e1gina oficial de la Fiscal\u00eda General de la Naci\u00f3n \u2013 Colombia. Garantizamos el acceso efectivo a la justicia, la verdad y la reparaci\u00f3n de las v\u00edctimas de los delitos.\" \/>\n<meta name=\"robots\" content=\"noindex, follow\" \/>\n<meta property=\"og:locale\" content=\"es_ES\" \/>\n<meta property=\"og:type\" content=\"article\" \/>\n<meta property=\"og:title\" content=\"Fiscal\u00eda General de la Naci\u00f3n\" \/>\n<meta property=\"og:description\" content=\"P\u00e1gina oficial de la Fiscal\u00eda General de la Naci\u00f3n \u2013 Colombia. Garantizamos el acceso efectivo a la justicia, la verdad y la reparaci\u00f3n de las v\u00edctimas de los delitos.\" \/>\n<meta property=\"og:url\" content=\"https:\/\/www.fiscalia.gov.co\/colombia\/noticias\/condenados-dos-hombres-por-un-homicidio-y-doble-tentativa-de-homicidio-en-el-tolima\/\" \/>\n<meta property=\"og:site_name\" content=\"Fiscal\u00eda General de la Naci\u00f3n\" \/>\n<meta property=\"article:publisher\" content=\"https:\/\/www.facebook.com\/FiscaliaCol\" \/>\n<meta property=\"article:published_time\" content=\"2022-07-15T14:33:49+00:00\" \/>\n<meta property=\"og:image\" content=\"https:\/\/www.fiscalia.gov.co\/colombia\/wp-content\/uploads\/Fiscal-Barbosa-Wilson-Andres-Rojas-Gomez-condenado-por-el-homicidio-de-Brayan-Lopez-en-medio-de-un-acto-de-intolerancia..jpeg\" \/>\n<meta name=\"author\" content=\"Jordan Leandro Oviedo Anzola\" \/>\n<meta name=\"twitter:card\" content=\"summary_large_image\" \/>\n<meta name=\"twitter:creator\" content=\"@FiscaliaCol\" \/>\n<meta name=\"twitter:site\" content=\"@FiscaliaCol\" \/>\n<meta name=\"twitter:label1\" content=\"Escrito por\" \/>\n\t<meta name=\"twitter:data1\" content=\"Jordan Leandro Oviedo Anzola\" \/>\n\t<meta name=\"twitter:label2\" content=\"Tiempo de lectura\" \/>\n\t<meta name=\"twitter:data2\" content=\"3 minutos\" \/>\n<script type=\"application\/ld+json\" class=\"yoast-schema-graph\">{\"@context\":\"https:\/\/schema.org\",\"@graph\":[{\"@type\":\"Article\",\"@id\":\"https:\/\/www.fiscalia.gov.co\/colombia\/noticias\/condenados-dos-hombres-por-un-homicidio-y-doble-tentativa-de-homicidio-en-el-tolima\/#article\",\"isPartOf\":{\"@id\":\"https:\/\/www.fiscalia.gov.co\/colombia\/noticias\/condenados-dos-hombres-por-un-homicidio-y-doble-tentativa-de-homicidio-en-el-tolima\/\"},\"author\":{\"name\":\"Jordan Leandro Oviedo Anzola\",\"@id\":\"https:\/\/www.fiscalia.gov.co\/colombia\/#\/schema\/person\/bf84402cf293a5393e9c70b111020b24\"},\"headline\":\"Condenados dos hombres por un homicidio y doble tentativa de homicidio en el Tolima\",\"datePublished\":\"2022-07-15T14:33:49+00:00\",\"dateModified\":\"2022-07-15T14:33:49+00:00\",\"mainEntityOfPage\":{\"@id\":\"https:\/\/www.fiscalia.gov.co\/colombia\/noticias\/condenados-dos-hombres-por-un-homicidio-y-doble-tentativa-de-homicidio-en-el-tolima\/\"},\"wordCount\":575,\"publisher\":{\"@id\":\"https:\/\/www.fiscalia.gov.co\/colombia\/#organization\"},\"image\":{\"@id\":\"https:\/\/www.fiscalia.gov.co\/colombia\/noticias\/condenados-dos-hombres-por-un-homicidio-y-doble-tentativa-de-homicidio-en-el-tolima\/#primaryimage\"},\"thumbnailUrl\":\"https:\/\/www.fiscalia.gov.co\/colombia\/wp-content\/uploads\/Fiscal-Barbosa-Wilson-Andres-Rojas-Gomez-condenado-por-el-homicidio-de-Brayan-Lopez-en-medio-de-un-acto-de-intolerancia..jpeg\",\"keywords\":[\"Fiscal Barbosa\",\"Fiscal Francisco Barbosa\",\"Fiscal\u00eda General de la Naci\u00f3n\",\"Homicidio\",\"Ibagu\u00e9 (Tolima)\",\"Tentativa de homicidio\"],\"articleSection\":[\"Noticias\",\"Seccional Ibagu\u00e9\",\"Seccionales\",\"Seguridad territorial\"],\"inLanguage\":\"es-CO\"},{\"@type\":\"WebPage\",\"@id\":\"https:\/\/www.fiscalia.gov.co\/colombia\/noticias\/condenados-dos-hombres-por-un-homicidio-y-doble-tentativa-de-homicidio-en-el-tolima\/\",\"url\":\"https:\/\/www.fiscalia.gov.co\/colombia\/noticias\/condenados-dos-hombres-por-un-homicidio-y-doble-tentativa-de-homicidio-en-el-tolima\/\",\"name\":\"Fiscal\u00eda General de la Naci\u00f3n\",\"isPartOf\":{\"@id\":\"https:\/\/www.fiscalia.gov.co\/colombia\/#website\"},\"primaryImageOfPage\":{\"@id\":\"https:\/\/www.fiscalia.gov.co\/colombia\/noticias\/condenados-dos-hombres-por-un-homicidio-y-doble-tentativa-de-homicidio-en-el-tolima\/#primaryimage\"},\"image\":{\"@id\":\"https:\/\/www.fiscalia.gov.co\/colombia\/noticias\/condenados-dos-hombres-por-un-homicidio-y-doble-tentativa-de-homicidio-en-el-tolima\/#primaryimage\"},\"thumbnailUrl\":\"https:\/\/www.fiscalia.gov.co\/colombia\/wp-content\/uploads\/Fiscal-Barbosa-Wilson-Andres-Rojas-Gomez-condenado-por-el-homicidio-de-Brayan-Lopez-en-medio-de-un-acto-de-intolerancia..jpeg\",\"datePublished\":\"2022-07-15T14:33:49+00:00\",\"dateModified\":\"2022-07-15T14:33:49+00:00\",\"description\":\"P\u00e1gina oficial de la Fiscal\u00eda General de la Naci\u00f3n \u2013 Colombia. Garantizamos el acceso efectivo a la justicia, la verdad y la reparaci\u00f3n de las v\u00edctimas de los delitos.\",\"breadcrumb\":{\"@id\":\"https:\/\/www.fiscalia.gov.co\/colombia\/noticias\/condenados-dos-hombres-por-un-homicidio-y-doble-tentativa-de-homicidio-en-el-tolima\/#breadcrumb\"},\"inLanguage\":\"es-CO\",\"potentialAction\":[{\"@type\":\"ReadAction\",\"target\":[\"https:\/\/www.fiscalia.gov.co\/colombia\/noticias\/condenados-dos-hombres-por-un-homicidio-y-doble-tentativa-de-homicidio-en-el-tolima\/\"]}]},{\"@type\":\"ImageObject\",\"inLanguage\":\"es-CO\",\"@id\":\"https:\/\/www.fiscalia.gov.co\/colombia\/noticias\/condenados-dos-hombres-por-un-homicidio-y-doble-tentativa-de-homicidio-en-el-tolima\/#primaryimage\",\"url\":\"https:\/\/www.fiscalia.gov.co\/colombia\/wp-content\/uploads\/Fiscal-Barbosa-Wilson-Andres-Rojas-Gomez-condenado-por-el-homicidio-de-Brayan-Lopez-en-medio-de-un-acto-de-intolerancia..jpeg\",\"contentUrl\":\"https:\/\/www.fiscalia.gov.co\/colombia\/wp-content\/uploads\/Fiscal-Barbosa-Wilson-Andres-Rojas-Gomez-condenado-por-el-homicidio-de-Brayan-Lopez-en-medio-de-un-acto-de-intolerancia..jpeg\",\"width\":1024,\"height\":558,\"caption\":\"Wilson Andr\u00e9s Rojas G\u00f3mez, condenado por el homicidio de Brayan L\u00f3pez, en medio de un acto de intolerancia.\"},{\"@type\":\"BreadcrumbList\",\"@id\":\"https:\/\/www.fiscalia.gov.co\/colombia\/noticias\/condenados-dos-hombres-por-un-homicidio-y-doble-tentativa-de-homicidio-en-el-tolima\/#breadcrumb\",\"itemListElement\":[{\"@type\":\"ListItem\",\"position\":1,\"name\":\"Home\",\"item\":\"https:\/\/www.fiscalia.gov.co\/colombia\/\"},{\"@type\":\"ListItem\",\"position\":2,\"name\":\"Condenados dos hombres por un homicidio y doble tentativa de homicidio en el Tolima\"}]},{\"@type\":\"WebSite\",\"@id\":\"https:\/\/www.fiscalia.gov.co\/colombia\/#website\",\"url\":\"https:\/\/www.fiscalia.gov.co\/colombia\/\",\"name\":\"Fiscal\u00eda General de la Naci\u00f3n\",\"description\":\"P\u00e1gina oficial de la Fiscal\u00eda General de la Naci\u00f3n \u2013 Colombia. Garantizamos el acceso efectivo a la justicia, la verdad y la reparaci\u00f3n de las v\u00edctimas de los delitos.\",\"publisher\":{\"@id\":\"https:\/\/www.fiscalia.gov.co\/colombia\/#organization\"},\"potentialAction\":[{\"@type\":\"SearchAction\",\"target\":{\"@type\":\"EntryPoint\",\"urlTemplate\":\"https:\/\/www.fiscalia.gov.co\/colombia\/?s={search_term_string}\"},\"query-input\":{\"@type\":\"PropertyValueSpecification\",\"valueRequired\":true,\"valueName\":\"search_term_string\"}}],\"inLanguage\":\"es-CO\"},{\"@type\":\"Organization\",\"@id\":\"https:\/\/www.fiscalia.gov.co\/colombia\/#organization\",\"name\":\"Fiscal\u00eda General de la Naci\u00f3n\",\"url\":\"https:\/\/www.fiscalia.gov.co\/colombia\/\",\"logo\":{\"@type\":\"ImageObject\",\"inLanguage\":\"es-CO\",\"@id\":\"https:\/\/www.fiscalia.gov.co\/colombia\/#\/schema\/logo\/image\/\",\"url\":\"https:\/\/www.fiscalia.gov.co\/colombia\/wp-content\/uploads\/LogoHorizontal_1.jpg\",\"contentUrl\":\"https:\/\/www.fiscalia.gov.co\/colombia\/wp-content\/uploads\/LogoHorizontal_1.jpg\",\"width\":300,\"height\":90,\"caption\":\"Fiscal\u00eda General de la Naci\u00f3n\"},\"image\":{\"@id\":\"https:\/\/www.fiscalia.gov.co\/colombia\/#\/schema\/logo\/image\/\"},\"sameAs\":[\"https:\/\/www.facebook.com\/FiscaliaCol\",\"https:\/\/x.com\/FiscaliaCol\",\"https:\/\/www.instagram.com\/fiscaliacol\",\"https:\/\/www.linkedin.com\/company\/fiscalia-general-de-la-naci-n\/\",\"https:\/\/youtube.com\/@fiscaliageneraldelanacion-4668?si=6nN79nyQICPU5iTh\"]},{\"@type\":\"Person\",\"@id\":\"https:\/\/www.fiscalia.gov.co\/colombia\/#\/schema\/person\/bf84402cf293a5393e9c70b111020b24\",\"name\":\"Jordan Leandro Oviedo Anzola\",\"image\":{\"@type\":\"ImageObject\",\"inLanguage\":\"es-CO\",\"@id\":\"https:\/\/www.fiscalia.gov.co\/colombia\/#\/schema\/person\/image\/\",\"url\":\"https:\/\/secure.gravatar.com\/avatar\/dabba4346fa9b9207d96adafa8f92721?s=96&d=mm&r=g\",\"contentUrl\":\"https:\/\/secure.gravatar.com\/avatar\/dabba4346fa9b9207d96adafa8f92721?s=96&d=mm&r=g\",\"caption\":\"Jordan Leandro Oviedo Anzola\"},\"url\":\"https:\/\/www.fiscalia.gov.co\/colombia\/author\/joviedo\/\"}]}<\/script>\n<!-- \/ Yoast SEO plugin. -->","yoast_head_json":{"title":"Fiscal\u00eda General de la Naci\u00f3n","description":"P\u00e1gina oficial de la Fiscal\u00eda General de la Naci\u00f3n \u2013 Colombia. Garantizamos el acceso efectivo a la justicia, la verdad y la reparaci\u00f3n de las v\u00edctimas de los delitos.","robots":{"index":"noindex","follow":"follow"},"og_locale":"es_ES","og_type":"article","og_title":"Fiscal\u00eda General de la Naci\u00f3n","og_description":"P\u00e1gina oficial de la Fiscal\u00eda General de la Naci\u00f3n \u2013 Colombia. Garantizamos el acceso efectivo a la justicia, la verdad y la reparaci\u00f3n de las v\u00edctimas de los delitos.","og_url":"https:\/\/www.fiscalia.gov.co\/colombia\/noticias\/condenados-dos-hombres-por-un-homicidio-y-doble-tentativa-de-homicidio-en-el-tolima\/","og_site_name":"Fiscal\u00eda General de la Naci\u00f3n","article_publisher":"https:\/\/www.facebook.com\/FiscaliaCol","article_published_time":"2022-07-15T14:33:49+00:00","og_image":[{"url":"https:\/\/www.fiscalia.gov.co\/colombia\/wp-content\/uploads\/Fiscal-Barbosa-Wilson-Andres-Rojas-Gomez-condenado-por-el-homicidio-de-Brayan-Lopez-en-medio-de-un-acto-de-intolerancia..jpeg","type":"","width":"","height":""}],"author":"Jordan Leandro Oviedo Anzola","twitter_card":"summary_large_image","twitter_creator":"@FiscaliaCol","twitter_site":"@FiscaliaCol","twitter_misc":{"Escrito por":"Jordan Leandro Oviedo Anzola","Tiempo de lectura":"3 minutos"},"schema":{"@context":"https:\/\/schema.org","@graph":[{"@type":"Article","@id":"https:\/\/www.fiscalia.gov.co\/colombia\/noticias\/condenados-dos-hombres-por-un-homicidio-y-doble-tentativa-de-homicidio-en-el-tolima\/#article","isPartOf":{"@id":"https:\/\/www.fiscalia.gov.co\/colombia\/noticias\/condenados-dos-hombres-por-un-homicidio-y-doble-tentativa-de-homicidio-en-el-tolima\/"},"author":{"name":"Jordan Leandro Oviedo Anzola","@id":"https:\/\/www.fiscalia.gov.co\/colombia\/#\/schema\/person\/bf84402cf293a5393e9c70b111020b24"},"headline":"Condenados dos hombres por un homicidio y doble tentativa de homicidio en el Tolima","datePublished":"2022-07-15T14:33:49+00:00","dateModified":"2022-07-15T14:33:49+00:00","mainEntityOfPage":{"@id":"https:\/\/www.fiscalia.gov.co\/colombia\/noticias\/condenados-dos-hombres-por-un-homicidio-y-doble-tentativa-de-homicidio-en-el-tolima\/"},"wordCount":575,"publisher":{"@id":"https:\/\/www.fiscalia.gov.co\/colombia\/#organization"},"image":{"@id":"https:\/\/www.fiscalia.gov.co\/colombia\/noticias\/condenados-dos-hombres-por-un-homicidio-y-doble-tentativa-de-homicidio-en-el-tolima\/#primaryimage"},"thumbnailUrl":"https:\/\/www.fiscalia.gov.co\/colombia\/wp-content\/uploads\/Fiscal-Barbosa-Wilson-Andres-Rojas-Gomez-condenado-por-el-homicidio-de-Brayan-Lopez-en-medio-de-un-acto-de-intolerancia..jpeg","keywords":["Fiscal Barbosa","Fiscal Francisco Barbosa","Fiscal\u00eda General de la Naci\u00f3n","Homicidio","Ibagu\u00e9 (Tolima)","Tentativa de homicidio"],"articleSection":["Noticias","Seccional Ibagu\u00e9","Seccionales","Seguridad territorial"],"inLanguage":"es-CO"},{"@type":"WebPage","@id":"https:\/\/www.fiscalia.gov.co\/colombia\/noticias\/condenados-dos-hombres-por-un-homicidio-y-doble-tentativa-de-homicidio-en-el-tolima\/","url":"https:\/\/www.fiscalia.gov.co\/colombia\/noticias\/condenados-dos-hombres-por-un-homicidio-y-doble-tentativa-de-homicidio-en-el-tolima\/","name":"Fiscal\u00eda General de la Naci\u00f3n","isPartOf":{"@id":"https:\/\/www.fiscalia.gov.co\/colombia\/#website"},"primaryImageOfPage":{"@id":"https:\/\/www.fiscalia.gov.co\/colombia\/noticias\/condenados-dos-hombres-por-un-homicidio-y-doble-tentativa-de-homicidio-en-el-tolima\/#primaryimage"},"image":{"@id":"https:\/\/www.fiscalia.gov.co\/colombia\/noticias\/condenados-dos-hombres-por-un-homicidio-y-doble-tentativa-de-homicidio-en-el-tolima\/#primaryimage"},"thumbnailUrl":"https:\/\/www.fiscalia.gov.co\/colombia\/wp-content\/uploads\/Fiscal-Barbosa-Wilson-Andres-Rojas-Gomez-condenado-por-el-homicidio-de-Brayan-Lopez-en-medio-de-un-acto-de-intolerancia..jpeg","datePublished":"2022-07-15T14:33:49+00:00","dateModified":"2022-07-15T14:33:49+00:00","description":"P\u00e1gina oficial de la Fiscal\u00eda General de la Naci\u00f3n \u2013 Colombia. Garantizamos el acceso efectivo a la justicia, la verdad y la reparaci\u00f3n de las v\u00edctimas de los delitos.","breadcrumb":{"@id":"https:\/\/www.fiscalia.gov.co\/colombia\/noticias\/condenados-dos-hombres-por-un-homicidio-y-doble-tentativa-de-homicidio-en-el-tolima\/#breadcrumb"},"inLanguage":"es-CO","potentialAction":[{"@type":"ReadAction","target":["https:\/\/www.fiscalia.gov.co\/colombia\/noticias\/condenados-dos-hombres-por-un-homicidio-y-doble-tentativa-de-homicidio-en-el-tolima\/"]}]},{"@type":"ImageObject","inLanguage":"es-CO","@id":"https:\/\/www.fiscalia.gov.co\/colombia\/noticias\/condenados-dos-hombres-por-un-homicidio-y-doble-tentativa-de-homicidio-en-el-tolima\/#primaryimage","url":"https:\/\/www.fiscalia.gov.co\/colombia\/wp-content\/uploads\/Fiscal-Barbosa-Wilson-Andres-Rojas-Gomez-condenado-por-el-homicidio-de-Brayan-Lopez-en-medio-de-un-acto-de-intolerancia..jpeg","contentUrl":"https:\/\/www.fiscalia.gov.co\/colombia\/wp-content\/uploads\/Fiscal-Barbosa-Wilson-Andres-Rojas-Gomez-condenado-por-el-homicidio-de-Brayan-Lopez-en-medio-de-un-acto-de-intolerancia..jpeg","width":1024,"height":558,"caption":"Wilson Andr\u00e9s Rojas G\u00f3mez, condenado por el homicidio de Brayan L\u00f3pez, en medio de un acto de intolerancia."},{"@type":"BreadcrumbList","@id":"https:\/\/www.fiscalia.gov.co\/colombia\/noticias\/condenados-dos-hombres-por-un-homicidio-y-doble-tentativa-de-homicidio-en-el-tolima\/#breadcrumb","itemListElement":[{"@type":"ListItem","position":1,"name":"Home","item":"https:\/\/www.fiscalia.gov.co\/colombia\/"},{"@type":"ListItem","position":2,"name":"Condenados dos hombres por un homicidio y doble tentativa de homicidio en el Tolima"}]},{"@type":"WebSite","@id":"https:\/\/www.fiscalia.gov.co\/colombia\/#website","url":"https:\/\/www.fiscalia.gov.co\/colombia\/","name":"Fiscal\u00eda General de la Naci\u00f3n","description":"P\u00e1gina oficial de la Fiscal\u00eda General de la Naci\u00f3n \u2013 Colombia. Garantizamos el acceso efectivo a la justicia, la verdad y la reparaci\u00f3n de las v\u00edctimas de los delitos.","publisher":{"@id":"https:\/\/www.fiscalia.gov.co\/colombia\/#organization"},"potentialAction":[{"@type":"SearchAction","target":{"@type":"EntryPoint","urlTemplate":"https:\/\/www.fiscalia.gov.co\/colombia\/?s={search_term_string}"},"query-input":{"@type":"PropertyValueSpecification","valueRequired":true,"valueName":"search_term_string"}}],"inLanguage":"es-CO"},{"@type":"Organization","@id":"https:\/\/www.fiscalia.gov.co\/colombia\/#organization","name":"Fiscal\u00eda General de la Naci\u00f3n","url":"https:\/\/www.fiscalia.gov.co\/colombia\/","logo":{"@type":"ImageObject","inLanguage":"es-CO","@id":"https:\/\/www.fiscalia.gov.co\/colombia\/#\/schema\/logo\/image\/","url":"https:\/\/www.fiscalia.gov.co\/colombia\/wp-content\/uploads\/LogoHorizontal_1.jpg","contentUrl":"https:\/\/www.fiscalia.gov.co\/colombia\/wp-content\/uploads\/LogoHorizontal_1.jpg","width":300,"height":90,"caption":"Fiscal\u00eda General de la Naci\u00f3n"},"image":{"@id":"https:\/\/www.fiscalia.gov.co\/colombia\/#\/schema\/logo\/image\/"},"sameAs":["https:\/\/www.facebook.com\/FiscaliaCol","https:\/\/x.com\/FiscaliaCol","https:\/\/www.instagram.com\/fiscaliacol","https:\/\/www.linkedin.com\/company\/fiscalia-general-de-la-naci-n\/","https:\/\/youtube.com\/@fiscaliageneraldelanacion-4668?si=6nN79nyQICPU5iTh"]},{"@type":"Person","@id":"https:\/\/www.fiscalia.gov.co\/colombia\/#\/schema\/person\/bf84402cf293a5393e9c70b111020b24","name":"Jordan Leandro Oviedo Anzola","image":{"@type":"ImageObject","inLanguage":"es-CO","@id":"https:\/\/www.fiscalia.gov.co\/colombia\/#\/schema\/person\/image\/","url":"https:\/\/secure.gravatar.com\/avatar\/dabba4346fa9b9207d96adafa8f92721?s=96&d=mm&r=g","contentUrl":"https:\/\/secure.gravatar.com\/avatar\/dabba4346fa9b9207d96adafa8f92721?s=96&d=mm&r=g","caption":"Jordan Leandro Oviedo Anzola"},"url":"https:\/\/www.fiscalia.gov.co\/colombia\/author\/joviedo\/"}]}},"_links":{"self":[{"href":"https:\/\/www.fiscalia.gov.co\/colombia\/wp-json\/wp\/v2\/posts\/252828","targetHints":{"allow":["GET"]}}],"collection":[{"href":"https:\/\/www.fiscalia.gov.co\/colombia\/wp-json\/wp\/v2\/posts"}],"about":[{"href":"https:\/\/www.fiscalia.gov.co\/colombia\/wp-json\/wp\/v2\/types\/post"}],"author":[{"embeddable":true,"href":"https:\/\/www.fiscalia.gov.co\/colombia\/wp-json\/wp\/v2\/users\/177"}],"replies":[{"embeddable":true,"href":"https:\/\/www.fiscalia.gov.co\/colombia\/wp-json\/wp\/v2\/comments?post=252828"}],"version-history":[{"count":1,"href":"https:\/\/www.fiscalia.gov.co\/colombia\/wp-json\/wp\/v2\/posts\/252828\/revisions"}],"predecessor-version":[{"id":252830,"href":"https:\/\/www.fiscalia.gov.co\/colombia\/wp-json\/wp\/v2\/posts\/252828\/revisions\/252830"}],"wp:attachment":[{"href":"https:\/\/www.fiscalia.gov.co\/colombia\/wp-json\/wp\/v2\/media?parent=252828"}],"wp:term":[{"taxonomy":"category","embeddable":true,"href":"https:\/\/www.fiscalia.gov.co\/colombia\/wp-json\/wp\/v2\/categories?post=252828"},{"taxonomy":"post_tag","embeddable":true,"href":"https:\/\/www.fiscalia.gov.co\/colombia\/wp-json\/wp\/v2\/tags?post=252828"}],"curies":[{"name":"wp","href":"https:\/\/api.w.org\/{rel}","templated":true}]}}