{"id":252771,"date":"2022-07-14T10:15:18","date_gmt":"2022-07-14T15:15:18","guid":{"rendered":"https:\/\/www.fiscalia.gov.co\/colombia\/?p=252771"},"modified":"2022-07-21T13:10:25","modified_gmt":"2022-07-21T18:10:25","slug":"judicializado-concejal-de-el-charco-narino-por-presuntamente-abusar-de-una-menor-de-12-anos","status":"publish","type":"post","link":"https:\/\/www.fiscalia.gov.co\/colombia\/noticias\/judicializado-concejal-de-el-charco-narino-por-presuntamente-abusar-de-una-menor-de-12-anos\/","title":{"rendered":"Judicializado concejal de El Charco (Nari\u00f1o) por presuntamente abusar de una menor de 12 a\u00f1os"},"content":{"rendered":"<p>Por solicitud de la Fiscal\u00eda, un juez envi\u00f3 a la c\u00e1rcel a\u00a0Cristian Stiwar Huila Platic\u00f3n, concejal de El Charco (Nari\u00f1o), quien habr\u00eda abusado sexualmente de una menor de 12 a\u00f1os en al menos dos oportunidades.<\/p>\n<figure id=\"attachment_252772\" aria-describedby=\"caption-attachment-252772\" style=\"width: 537px\" class=\"wp-caption aligncenter\"><img loading=\"lazy\" decoding=\"async\" class=\"size-full wp-image-252772\" src=\"https:\/\/www.fiscalia.gov.co\/colombia\/wp-content\/uploads\/Fiscal-Barbosa-Cristian-Stiwar-Huila-Platicon.-Acceso-carnal-abusivo-con-menor-de-14-anos.-El-Charco-Narino..jpg\" alt=\"\" width=\"537\" height=\"720\" srcset=\"https:\/\/www.fiscalia.gov.co\/colombia\/wp-content\/uploads\/Fiscal-Barbosa-Cristian-Stiwar-Huila-Platicon.-Acceso-carnal-abusivo-con-menor-de-14-anos.-El-Charco-Narino..jpg 537w, https:\/\/www.fiscalia.gov.co\/colombia\/wp-content\/uploads\/Fiscal-Barbosa-Cristian-Stiwar-Huila-Platicon.-Acceso-carnal-abusivo-con-menor-de-14-anos.-El-Charco-Narino.-224x300.jpg 224w, https:\/\/www.fiscalia.gov.co\/colombia\/wp-content\/uploads\/Fiscal-Barbosa-Cristian-Stiwar-Huila-Platicon.-Acceso-carnal-abusivo-con-menor-de-14-anos.-El-Charco-Narino.-313x420.jpg 313w\" sizes=\"auto, (max-width: 537px) 100vw, 537px\" \/><figcaption id=\"caption-attachment-252772\" class=\"wp-caption-text\">Cristian Stiwar Huila Platic\u00f3n, concejal del municipio de El Charco (Nari\u00f1o), fue privado de la libertad como presunto responsable del delito de acceso carnal abusivo con menor de 14 a\u00f1os.<\/figcaption><\/figure>\n<p>De acuerdo con la investigaci\u00f3n, la primera agresi\u00f3n tuvo lugar el 13 de diciembre de 2021 cuando, al parecer, mediante enga\u00f1os cit\u00f3 a la ni\u00f1a a la vivienda de un amigo. Esta misma situaci\u00f3n se habr\u00eda repetido, bajo amenazas, el 26 de diciembre.<\/p>\n<p>Igualmente, le habr\u00eda propuesto enviar conversaciones con contenido sexual, intercambiar fotograf\u00edas y videos de contenido explicito.<\/p>\n<p>Personal de la Polic\u00eda Nacional lo captur\u00f3 este 12 de julio con orden judicial en El Charco.\u00a0La Fiscal\u00eda lo imput\u00f3 por el delito de\u00a0<a href=\"https:\/\/www.fiscalia.gov.co\/colombia\/noticias\/a-la-carcel-presunto-responsable-de-acceso-carnal-abusivo-con-menor-de-14-anos\/\" data-saferedirecturl=\"https:\/\/www.google.com\/url?q=https:\/\/www.fiscalia.gov.co\/colombia\/noticias\/a-la-carcel-presunto-responsable-de-acceso-carnal-abusivo-con-menor-de-14-anos\/&amp;source=gmail&amp;ust=1657897704956000&amp;usg=AOvVaw2ZRmmMAdLdbyyHLYCkTtgo\">acceso carnal abusivo con menor de 14 a\u00f1os<\/a>, cargos que no acept\u00f3. Y un juez con funci\u00f3n de control de garant\u00edas le dict\u00f3 medida de aseguramiento en centro carcelario.<\/p>\n<p><strong>La Fiscal\u00eda habla con resultados.<\/strong><\/p>\n<p>&nbsp;<\/p>\n<p>&nbsp;<\/p>\n<p>MAP\/CFG\/LV\/DSN\/<\/p>\n<p>&nbsp;<\/p>\n<p>&nbsp;<\/p>\n<div class=\"td-post-content tagdiv-type\">\n<div class=\"td-post-content tagdiv-type\">\n<div class=\"td-post-content tagdiv-type\">\n<p><em><span lang=\"es\">La informaci\u00f3n contenida en este bolet\u00edn de prensa corresponde a la narraci\u00f3n de los hechos noticiosos objetivos, suministrados por los funcionarios encargados de adelantar las investigaciones penales al interior de la Fiscal\u00eda General de la Naci\u00f3n. Para el momento de la divulgaci\u00f3n de este comunicado, la situaci\u00f3n jur\u00eddica de la(s) persona(s) relacionada(s) se encuentra pendiente de resolver por la autoridad judicial competente, siempre bajo los preceptos de la presunci\u00f3n de inocencia, consagrados en el art\u00edculo 29 de la Constituci\u00f3n Pol\u00edtica y el art\u00edculo 7\u00ba de la Ley 906 de 2004.<\/span><\/em><\/p>\n<\/div>\n<\/div>\n<\/div>\n\n<div class=\"twitter-share\"><a href=\"https:\/\/twitter.com\/intent\/tweet?via=fiscaliacol\" class=\"twitter-share-button\">Tweet<\/a><\/div>\n","protected":false},"excerpt":{"rendered":"<p>Por solicitud de la Fiscal\u00eda, un juez envi\u00f3 a la c\u00e1rcel a\u00a0Cristian Stiwar Huila Platic\u00f3n, concejal de El Charco (Nari\u00f1o), quien habr\u00eda abusado sexualmente de una menor de 12 a\u00f1os [&hellip;]<\/p>\n","protected":false},"author":177,"featured_media":0,"comment_status":"closed","ping_status":"open","sticky":false,"template":"","format":"video","meta":{"tdm_status":"","tdm_grid_status":"","footnotes":""},"categories":[1,334,303,24127],"tags":[11941,12424,24551,1029,32304,78,24187,1185,24549,32205],"class_list":["post-252771","post","type-post","status-publish","format-video","category-noticias","category-seccional-pasto","category-seccionales","category-violencia-sexual-e-intrafamiliar","tag-acceso-carnal-abusivo-con-menor-de-14-anos","tag-capturado","tag-centro-carcelario","tag-concejal","tag-el-charco-narino","tag-fiscal-general-de-la-nacion","tag-fiscalia-colombia","tag-medida-de-aseguramiento","tag-orden-judicial","tag-seccional-narino","post_format-post-format-video"],"yoast_head":"<!-- This site is optimized with the Yoast SEO plugin v24.3 - https:\/\/yoast.com\/wordpress\/plugins\/seo\/ -->\n<title>Fiscal\u00eda General de la Naci\u00f3n<\/title>\n<meta name=\"description\" content=\"P\u00e1gina oficial de la Fiscal\u00eda General de la Naci\u00f3n \u2013 Colombia. Garantizamos el acceso efectivo a la justicia, la verdad y la reparaci\u00f3n de las v\u00edctimas de los delitos.\" \/>\n<meta name=\"robots\" content=\"noindex, follow\" \/>\n<meta property=\"og:locale\" content=\"es_ES\" \/>\n<meta property=\"og:type\" content=\"article\" \/>\n<meta property=\"og:title\" content=\"Fiscal\u00eda General de la Naci\u00f3n\" \/>\n<meta property=\"og:description\" content=\"P\u00e1gina oficial de la Fiscal\u00eda General de la Naci\u00f3n \u2013 Colombia. Garantizamos el acceso efectivo a la justicia, la verdad y la reparaci\u00f3n de las v\u00edctimas de los delitos.\" \/>\n<meta property=\"og:url\" content=\"https:\/\/www.fiscalia.gov.co\/colombia\/noticias\/judicializado-concejal-de-el-charco-narino-por-presuntamente-abusar-de-una-menor-de-12-anos\/\" \/>\n<meta property=\"og:site_name\" content=\"Fiscal\u00eda General de la Naci\u00f3n\" \/>\n<meta property=\"article:publisher\" content=\"https:\/\/www.facebook.com\/FiscaliaCol\" \/>\n<meta property=\"article:published_time\" content=\"2022-07-14T15:15:18+00:00\" \/>\n<meta property=\"article:modified_time\" content=\"2022-07-21T18:10:25+00:00\" \/>\n<meta property=\"og:image\" content=\"https:\/\/www.fiscalia.gov.co\/colombia\/wp-content\/uploads\/Fiscal-Barbosa-Cristian-Stiwar-Huila-Platicon.-Acceso-carnal-abusivo-con-menor-de-14-anos.-El-Charco-Narino..jpg\" \/>\n<meta name=\"author\" content=\"Jordan Leandro Oviedo Anzola\" \/>\n<meta name=\"twitter:card\" content=\"summary_large_image\" \/>\n<meta name=\"twitter:creator\" content=\"@FiscaliaCol\" \/>\n<meta name=\"twitter:site\" content=\"@FiscaliaCol\" \/>\n<meta name=\"twitter:label1\" content=\"Escrito por\" \/>\n\t<meta name=\"twitter:data1\" content=\"Jordan Leandro Oviedo Anzola\" \/>\n\t<meta name=\"twitter:label2\" content=\"Tiempo de lectura\" \/>\n\t<meta name=\"twitter:data2\" content=\"2 minutos\" \/>\n<script type=\"application\/ld+json\" class=\"yoast-schema-graph\">{\"@context\":\"https:\/\/schema.org\",\"@graph\":[{\"@type\":\"Article\",\"@id\":\"https:\/\/www.fiscalia.gov.co\/colombia\/noticias\/judicializado-concejal-de-el-charco-narino-por-presuntamente-abusar-de-una-menor-de-12-anos\/#article\",\"isPartOf\":{\"@id\":\"https:\/\/www.fiscalia.gov.co\/colombia\/noticias\/judicializado-concejal-de-el-charco-narino-por-presuntamente-abusar-de-una-menor-de-12-anos\/\"},\"author\":{\"name\":\"Jordan Leandro Oviedo Anzola\",\"@id\":\"https:\/\/www.fiscalia.gov.co\/colombia\/#\/schema\/person\/bf84402cf293a5393e9c70b111020b24\"},\"headline\":\"Judicializado concejal de El Charco (Nari\u00f1o) por presuntamente abusar de una menor de 12 a\u00f1os\",\"datePublished\":\"2022-07-14T15:15:18+00:00\",\"dateModified\":\"2022-07-21T18:10:25+00:00\",\"mainEntityOfPage\":{\"@id\":\"https:\/\/www.fiscalia.gov.co\/colombia\/noticias\/judicializado-concejal-de-el-charco-narino-por-presuntamente-abusar-de-una-menor-de-12-anos\/\"},\"wordCount\":333,\"publisher\":{\"@id\":\"https:\/\/www.fiscalia.gov.co\/colombia\/#organization\"},\"image\":{\"@id\":\"https:\/\/www.fiscalia.gov.co\/colombia\/noticias\/judicializado-concejal-de-el-charco-narino-por-presuntamente-abusar-de-una-menor-de-12-anos\/#primaryimage\"},\"thumbnailUrl\":\"https:\/\/www.fiscalia.gov.co\/colombia\/wp-content\/uploads\/Fiscal-Barbosa-Cristian-Stiwar-Huila-Platicon.-Acceso-carnal-abusivo-con-menor-de-14-anos.-El-Charco-Narino..jpg\",\"keywords\":[\"acceso carnal abusivo con menor de 14 a\u00f1os\",\"Capturado\",\"centro carcelario\",\"Concejal\",\"El Charco (Nari\u00f1o)\",\"Fiscal General de la Naci\u00f3n\",\"Fiscal\u00eda Colombia\",\"Medida de aseguramiento\",\"orden judicial\",\"Seccional Nari\u00f1o\"],\"articleSection\":[\"Noticias\",\"Seccional Pasto\",\"Seccionales\",\"Violencia sexual e intrafamiliar\"],\"inLanguage\":\"es-CO\"},{\"@type\":\"WebPage\",\"@id\":\"https:\/\/www.fiscalia.gov.co\/colombia\/noticias\/judicializado-concejal-de-el-charco-narino-por-presuntamente-abusar-de-una-menor-de-12-anos\/\",\"url\":\"https:\/\/www.fiscalia.gov.co\/colombia\/noticias\/judicializado-concejal-de-el-charco-narino-por-presuntamente-abusar-de-una-menor-de-12-anos\/\",\"name\":\"Fiscal\u00eda General de la Naci\u00f3n\",\"isPartOf\":{\"@id\":\"https:\/\/www.fiscalia.gov.co\/colombia\/#website\"},\"primaryImageOfPage\":{\"@id\":\"https:\/\/www.fiscalia.gov.co\/colombia\/noticias\/judicializado-concejal-de-el-charco-narino-por-presuntamente-abusar-de-una-menor-de-12-anos\/#primaryimage\"},\"image\":{\"@id\":\"https:\/\/www.fiscalia.gov.co\/colombia\/noticias\/judicializado-concejal-de-el-charco-narino-por-presuntamente-abusar-de-una-menor-de-12-anos\/#primaryimage\"},\"thumbnailUrl\":\"https:\/\/www.fiscalia.gov.co\/colombia\/wp-content\/uploads\/Fiscal-Barbosa-Cristian-Stiwar-Huila-Platicon.-Acceso-carnal-abusivo-con-menor-de-14-anos.-El-Charco-Narino..jpg\",\"datePublished\":\"2022-07-14T15:15:18+00:00\",\"dateModified\":\"2022-07-21T18:10:25+00:00\",\"description\":\"P\u00e1gina oficial de la Fiscal\u00eda General de la Naci\u00f3n \u2013 Colombia. Garantizamos el acceso efectivo a la justicia, la verdad y la reparaci\u00f3n de las v\u00edctimas de los delitos.\",\"breadcrumb\":{\"@id\":\"https:\/\/www.fiscalia.gov.co\/colombia\/noticias\/judicializado-concejal-de-el-charco-narino-por-presuntamente-abusar-de-una-menor-de-12-anos\/#breadcrumb\"},\"inLanguage\":\"es-CO\",\"potentialAction\":[{\"@type\":\"ReadAction\",\"target\":[\"https:\/\/www.fiscalia.gov.co\/colombia\/noticias\/judicializado-concejal-de-el-charco-narino-por-presuntamente-abusar-de-una-menor-de-12-anos\/\"]}]},{\"@type\":\"ImageObject\",\"inLanguage\":\"es-CO\",\"@id\":\"https:\/\/www.fiscalia.gov.co\/colombia\/noticias\/judicializado-concejal-de-el-charco-narino-por-presuntamente-abusar-de-una-menor-de-12-anos\/#primaryimage\",\"url\":\"https:\/\/www.fiscalia.gov.co\/colombia\/wp-content\/uploads\/Fiscal-Barbosa-Cristian-Stiwar-Huila-Platicon.-Acceso-carnal-abusivo-con-menor-de-14-anos.-El-Charco-Narino..jpg\",\"contentUrl\":\"https:\/\/www.fiscalia.gov.co\/colombia\/wp-content\/uploads\/Fiscal-Barbosa-Cristian-Stiwar-Huila-Platicon.-Acceso-carnal-abusivo-con-menor-de-14-anos.-El-Charco-Narino..jpg\",\"width\":537,\"height\":720,\"caption\":\"Cristian Stiwar Huila Platic\u00f3n, concejal del municipio de El Charco (Nari\u00f1o), fue privado de la libertad como presunto responsable del delito de acceso carnal abusivo con menor de 14 a\u00f1os.\"},{\"@type\":\"BreadcrumbList\",\"@id\":\"https:\/\/www.fiscalia.gov.co\/colombia\/noticias\/judicializado-concejal-de-el-charco-narino-por-presuntamente-abusar-de-una-menor-de-12-anos\/#breadcrumb\",\"itemListElement\":[{\"@type\":\"ListItem\",\"position\":1,\"name\":\"Home\",\"item\":\"https:\/\/www.fiscalia.gov.co\/colombia\/\"},{\"@type\":\"ListItem\",\"position\":2,\"name\":\"Judicializado concejal de El Charco (Nari\u00f1o) por presuntamente abusar de una menor de 12 a\u00f1os\"}]},{\"@type\":\"WebSite\",\"@id\":\"https:\/\/www.fiscalia.gov.co\/colombia\/#website\",\"url\":\"https:\/\/www.fiscalia.gov.co\/colombia\/\",\"name\":\"Fiscal\u00eda General de la Naci\u00f3n\",\"description\":\"P\u00e1gina oficial de la Fiscal\u00eda General de la Naci\u00f3n \u2013 Colombia. Garantizamos el acceso efectivo a la justicia, la verdad y la reparaci\u00f3n de las v\u00edctimas de los delitos.\",\"publisher\":{\"@id\":\"https:\/\/www.fiscalia.gov.co\/colombia\/#organization\"},\"potentialAction\":[{\"@type\":\"SearchAction\",\"target\":{\"@type\":\"EntryPoint\",\"urlTemplate\":\"https:\/\/www.fiscalia.gov.co\/colombia\/?s={search_term_string}\"},\"query-input\":{\"@type\":\"PropertyValueSpecification\",\"valueRequired\":true,\"valueName\":\"search_term_string\"}}],\"inLanguage\":\"es-CO\"},{\"@type\":\"Organization\",\"@id\":\"https:\/\/www.fiscalia.gov.co\/colombia\/#organization\",\"name\":\"Fiscal\u00eda General de la Naci\u00f3n\",\"url\":\"https:\/\/www.fiscalia.gov.co\/colombia\/\",\"logo\":{\"@type\":\"ImageObject\",\"inLanguage\":\"es-CO\",\"@id\":\"https:\/\/www.fiscalia.gov.co\/colombia\/#\/schema\/logo\/image\/\",\"url\":\"https:\/\/www.fiscalia.gov.co\/colombia\/wp-content\/uploads\/LogoHorizontal_1.jpg\",\"contentUrl\":\"https:\/\/www.fiscalia.gov.co\/colombia\/wp-content\/uploads\/LogoHorizontal_1.jpg\",\"width\":300,\"height\":90,\"caption\":\"Fiscal\u00eda General de la Naci\u00f3n\"},\"image\":{\"@id\":\"https:\/\/www.fiscalia.gov.co\/colombia\/#\/schema\/logo\/image\/\"},\"sameAs\":[\"https:\/\/www.facebook.com\/FiscaliaCol\",\"https:\/\/x.com\/FiscaliaCol\",\"https:\/\/www.instagram.com\/fiscaliacol\",\"https:\/\/www.linkedin.com\/company\/fiscalia-general-de-la-naci-n\/\",\"https:\/\/youtube.com\/@fiscaliageneraldelanacion-4668?si=6nN79nyQICPU5iTh\"]},{\"@type\":\"Person\",\"@id\":\"https:\/\/www.fiscalia.gov.co\/colombia\/#\/schema\/person\/bf84402cf293a5393e9c70b111020b24\",\"name\":\"Jordan Leandro Oviedo Anzola\",\"image\":{\"@type\":\"ImageObject\",\"inLanguage\":\"es-CO\",\"@id\":\"https:\/\/www.fiscalia.gov.co\/colombia\/#\/schema\/person\/image\/\",\"url\":\"https:\/\/secure.gravatar.com\/avatar\/dabba4346fa9b9207d96adafa8f92721?s=96&d=mm&r=g\",\"contentUrl\":\"https:\/\/secure.gravatar.com\/avatar\/dabba4346fa9b9207d96adafa8f92721?s=96&d=mm&r=g\",\"caption\":\"Jordan Leandro Oviedo Anzola\"},\"url\":\"https:\/\/www.fiscalia.gov.co\/colombia\/author\/joviedo\/\"}]}<\/script>\n<!-- \/ Yoast SEO plugin. -->","yoast_head_json":{"title":"Fiscal\u00eda General de la Naci\u00f3n","description":"P\u00e1gina oficial de la Fiscal\u00eda General de la Naci\u00f3n \u2013 Colombia. Garantizamos el acceso efectivo a la justicia, la verdad y la reparaci\u00f3n de las v\u00edctimas de los delitos.","robots":{"index":"noindex","follow":"follow"},"og_locale":"es_ES","og_type":"article","og_title":"Fiscal\u00eda General de la Naci\u00f3n","og_description":"P\u00e1gina oficial de la Fiscal\u00eda General de la Naci\u00f3n \u2013 Colombia. Garantizamos el acceso efectivo a la justicia, la verdad y la reparaci\u00f3n de las v\u00edctimas de los delitos.","og_url":"https:\/\/www.fiscalia.gov.co\/colombia\/noticias\/judicializado-concejal-de-el-charco-narino-por-presuntamente-abusar-de-una-menor-de-12-anos\/","og_site_name":"Fiscal\u00eda General de la Naci\u00f3n","article_publisher":"https:\/\/www.facebook.com\/FiscaliaCol","article_published_time":"2022-07-14T15:15:18+00:00","article_modified_time":"2022-07-21T18:10:25+00:00","og_image":[{"url":"https:\/\/www.fiscalia.gov.co\/colombia\/wp-content\/uploads\/Fiscal-Barbosa-Cristian-Stiwar-Huila-Platicon.-Acceso-carnal-abusivo-con-menor-de-14-anos.-El-Charco-Narino..jpg","type":"","width":"","height":""}],"author":"Jordan Leandro Oviedo Anzola","twitter_card":"summary_large_image","twitter_creator":"@FiscaliaCol","twitter_site":"@FiscaliaCol","twitter_misc":{"Escrito por":"Jordan Leandro Oviedo Anzola","Tiempo de lectura":"2 minutos"},"schema":{"@context":"https:\/\/schema.org","@graph":[{"@type":"Article","@id":"https:\/\/www.fiscalia.gov.co\/colombia\/noticias\/judicializado-concejal-de-el-charco-narino-por-presuntamente-abusar-de-una-menor-de-12-anos\/#article","isPartOf":{"@id":"https:\/\/www.fiscalia.gov.co\/colombia\/noticias\/judicializado-concejal-de-el-charco-narino-por-presuntamente-abusar-de-una-menor-de-12-anos\/"},"author":{"name":"Jordan Leandro Oviedo Anzola","@id":"https:\/\/www.fiscalia.gov.co\/colombia\/#\/schema\/person\/bf84402cf293a5393e9c70b111020b24"},"headline":"Judicializado concejal de El Charco (Nari\u00f1o) por presuntamente abusar de una menor de 12 a\u00f1os","datePublished":"2022-07-14T15:15:18+00:00","dateModified":"2022-07-21T18:10:25+00:00","mainEntityOfPage":{"@id":"https:\/\/www.fiscalia.gov.co\/colombia\/noticias\/judicializado-concejal-de-el-charco-narino-por-presuntamente-abusar-de-una-menor-de-12-anos\/"},"wordCount":333,"publisher":{"@id":"https:\/\/www.fiscalia.gov.co\/colombia\/#organization"},"image":{"@id":"https:\/\/www.fiscalia.gov.co\/colombia\/noticias\/judicializado-concejal-de-el-charco-narino-por-presuntamente-abusar-de-una-menor-de-12-anos\/#primaryimage"},"thumbnailUrl":"https:\/\/www.fiscalia.gov.co\/colombia\/wp-content\/uploads\/Fiscal-Barbosa-Cristian-Stiwar-Huila-Platicon.-Acceso-carnal-abusivo-con-menor-de-14-anos.-El-Charco-Narino..jpg","keywords":["acceso carnal abusivo con menor de 14 a\u00f1os","Capturado","centro carcelario","Concejal","El Charco (Nari\u00f1o)","Fiscal General de la Naci\u00f3n","Fiscal\u00eda Colombia","Medida de aseguramiento","orden judicial","Seccional Nari\u00f1o"],"articleSection":["Noticias","Seccional Pasto","Seccionales","Violencia sexual e intrafamiliar"],"inLanguage":"es-CO"},{"@type":"WebPage","@id":"https:\/\/www.fiscalia.gov.co\/colombia\/noticias\/judicializado-concejal-de-el-charco-narino-por-presuntamente-abusar-de-una-menor-de-12-anos\/","url":"https:\/\/www.fiscalia.gov.co\/colombia\/noticias\/judicializado-concejal-de-el-charco-narino-por-presuntamente-abusar-de-una-menor-de-12-anos\/","name":"Fiscal\u00eda General de la Naci\u00f3n","isPartOf":{"@id":"https:\/\/www.fiscalia.gov.co\/colombia\/#website"},"primaryImageOfPage":{"@id":"https:\/\/www.fiscalia.gov.co\/colombia\/noticias\/judicializado-concejal-de-el-charco-narino-por-presuntamente-abusar-de-una-menor-de-12-anos\/#primaryimage"},"image":{"@id":"https:\/\/www.fiscalia.gov.co\/colombia\/noticias\/judicializado-concejal-de-el-charco-narino-por-presuntamente-abusar-de-una-menor-de-12-anos\/#primaryimage"},"thumbnailUrl":"https:\/\/www.fiscalia.gov.co\/colombia\/wp-content\/uploads\/Fiscal-Barbosa-Cristian-Stiwar-Huila-Platicon.-Acceso-carnal-abusivo-con-menor-de-14-anos.-El-Charco-Narino..jpg","datePublished":"2022-07-14T15:15:18+00:00","dateModified":"2022-07-21T18:10:25+00:00","description":"P\u00e1gina oficial de la Fiscal\u00eda General de la Naci\u00f3n \u2013 Colombia. Garantizamos el acceso efectivo a la justicia, la verdad y la reparaci\u00f3n de las v\u00edctimas de los delitos.","breadcrumb":{"@id":"https:\/\/www.fiscalia.gov.co\/colombia\/noticias\/judicializado-concejal-de-el-charco-narino-por-presuntamente-abusar-de-una-menor-de-12-anos\/#breadcrumb"},"inLanguage":"es-CO","potentialAction":[{"@type":"ReadAction","target":["https:\/\/www.fiscalia.gov.co\/colombia\/noticias\/judicializado-concejal-de-el-charco-narino-por-presuntamente-abusar-de-una-menor-de-12-anos\/"]}]},{"@type":"ImageObject","inLanguage":"es-CO","@id":"https:\/\/www.fiscalia.gov.co\/colombia\/noticias\/judicializado-concejal-de-el-charco-narino-por-presuntamente-abusar-de-una-menor-de-12-anos\/#primaryimage","url":"https:\/\/www.fiscalia.gov.co\/colombia\/wp-content\/uploads\/Fiscal-Barbosa-Cristian-Stiwar-Huila-Platicon.-Acceso-carnal-abusivo-con-menor-de-14-anos.-El-Charco-Narino..jpg","contentUrl":"https:\/\/www.fiscalia.gov.co\/colombia\/wp-content\/uploads\/Fiscal-Barbosa-Cristian-Stiwar-Huila-Platicon.-Acceso-carnal-abusivo-con-menor-de-14-anos.-El-Charco-Narino..jpg","width":537,"height":720,"caption":"Cristian Stiwar Huila Platic\u00f3n, concejal del municipio de El Charco (Nari\u00f1o), fue privado de la libertad como presunto responsable del delito de acceso carnal abusivo con menor de 14 a\u00f1os."},{"@type":"BreadcrumbList","@id":"https:\/\/www.fiscalia.gov.co\/colombia\/noticias\/judicializado-concejal-de-el-charco-narino-por-presuntamente-abusar-de-una-menor-de-12-anos\/#breadcrumb","itemListElement":[{"@type":"ListItem","position":1,"name":"Home","item":"https:\/\/www.fiscalia.gov.co\/colombia\/"},{"@type":"ListItem","position":2,"name":"Judicializado concejal de El Charco (Nari\u00f1o) por presuntamente abusar de una menor de 12 a\u00f1os"}]},{"@type":"WebSite","@id":"https:\/\/www.fiscalia.gov.co\/colombia\/#website","url":"https:\/\/www.fiscalia.gov.co\/colombia\/","name":"Fiscal\u00eda General de la Naci\u00f3n","description":"P\u00e1gina oficial de la Fiscal\u00eda General de la Naci\u00f3n \u2013 Colombia. Garantizamos el acceso efectivo a la justicia, la verdad y la reparaci\u00f3n de las v\u00edctimas de los delitos.","publisher":{"@id":"https:\/\/www.fiscalia.gov.co\/colombia\/#organization"},"potentialAction":[{"@type":"SearchAction","target":{"@type":"EntryPoint","urlTemplate":"https:\/\/www.fiscalia.gov.co\/colombia\/?s={search_term_string}"},"query-input":{"@type":"PropertyValueSpecification","valueRequired":true,"valueName":"search_term_string"}}],"inLanguage":"es-CO"},{"@type":"Organization","@id":"https:\/\/www.fiscalia.gov.co\/colombia\/#organization","name":"Fiscal\u00eda General de la Naci\u00f3n","url":"https:\/\/www.fiscalia.gov.co\/colombia\/","logo":{"@type":"ImageObject","inLanguage":"es-CO","@id":"https:\/\/www.fiscalia.gov.co\/colombia\/#\/schema\/logo\/image\/","url":"https:\/\/www.fiscalia.gov.co\/colombia\/wp-content\/uploads\/LogoHorizontal_1.jpg","contentUrl":"https:\/\/www.fiscalia.gov.co\/colombia\/wp-content\/uploads\/LogoHorizontal_1.jpg","width":300,"height":90,"caption":"Fiscal\u00eda General de la Naci\u00f3n"},"image":{"@id":"https:\/\/www.fiscalia.gov.co\/colombia\/#\/schema\/logo\/image\/"},"sameAs":["https:\/\/www.facebook.com\/FiscaliaCol","https:\/\/x.com\/FiscaliaCol","https:\/\/www.instagram.com\/fiscaliacol","https:\/\/www.linkedin.com\/company\/fiscalia-general-de-la-naci-n\/","https:\/\/youtube.com\/@fiscaliageneraldelanacion-4668?si=6nN79nyQICPU5iTh"]},{"@type":"Person","@id":"https:\/\/www.fiscalia.gov.co\/colombia\/#\/schema\/person\/bf84402cf293a5393e9c70b111020b24","name":"Jordan Leandro Oviedo Anzola","image":{"@type":"ImageObject","inLanguage":"es-CO","@id":"https:\/\/www.fiscalia.gov.co\/colombia\/#\/schema\/person\/image\/","url":"https:\/\/secure.gravatar.com\/avatar\/dabba4346fa9b9207d96adafa8f92721?s=96&d=mm&r=g","contentUrl":"https:\/\/secure.gravatar.com\/avatar\/dabba4346fa9b9207d96adafa8f92721?s=96&d=mm&r=g","caption":"Jordan Leandro Oviedo Anzola"},"url":"https:\/\/www.fiscalia.gov.co\/colombia\/author\/joviedo\/"}]}},"_links":{"self":[{"href":"https:\/\/www.fiscalia.gov.co\/colombia\/wp-json\/wp\/v2\/posts\/252771","targetHints":{"allow":["GET"]}}],"collection":[{"href":"https:\/\/www.fiscalia.gov.co\/colombia\/wp-json\/wp\/v2\/posts"}],"about":[{"href":"https:\/\/www.fiscalia.gov.co\/colombia\/wp-json\/wp\/v2\/types\/post"}],"author":[{"embeddable":true,"href":"https:\/\/www.fiscalia.gov.co\/colombia\/wp-json\/wp\/v2\/users\/177"}],"replies":[{"embeddable":true,"href":"https:\/\/www.fiscalia.gov.co\/colombia\/wp-json\/wp\/v2\/comments?post=252771"}],"version-history":[{"count":1,"href":"https:\/\/www.fiscalia.gov.co\/colombia\/wp-json\/wp\/v2\/posts\/252771\/revisions"}],"predecessor-version":[{"id":252773,"href":"https:\/\/www.fiscalia.gov.co\/colombia\/wp-json\/wp\/v2\/posts\/252771\/revisions\/252773"}],"wp:attachment":[{"href":"https:\/\/www.fiscalia.gov.co\/colombia\/wp-json\/wp\/v2\/media?parent=252771"}],"wp:term":[{"taxonomy":"category","embeddable":true,"href":"https:\/\/www.fiscalia.gov.co\/colombia\/wp-json\/wp\/v2\/categories?post=252771"},{"taxonomy":"post_tag","embeddable":true,"href":"https:\/\/www.fiscalia.gov.co\/colombia\/wp-json\/wp\/v2\/tags?post=252771"}],"curies":[{"name":"wp","href":"https:\/\/api.w.org\/{rel}","templated":true}]}}