{"id":252651,"date":"2022-07-12T18:32:48","date_gmt":"2022-07-12T23:32:48","guid":{"rendered":"https:\/\/www.fiscalia.gov.co\/colombia\/?p=252651"},"modified":"2022-07-12T18:32:48","modified_gmt":"2022-07-12T23:32:48","slug":"cinco-personas-que-presuntamente-se-dedicaban-el-expendio-de-estupefacientes-iran-a-prision-en-magangue-bolivar","status":"publish","type":"post","link":"https:\/\/www.fiscalia.gov.co\/colombia\/noticias\/cinco-personas-que-presuntamente-se-dedicaban-el-expendio-de-estupefacientes-iran-a-prision-en-magangue-bolivar\/","title":{"rendered":"Cinco personas que presuntamente se dedicaban el expendio de estupefacientes ir\u00e1n a prisi\u00f3n en Magang\u00fae (Bol\u00edvar)"},"content":{"rendered":"<p>Las peticiones de dos fiscales de Magangu\u00e9 (Bol\u00edvar) fueron suficientes para que jueces de control de garant\u00edas profirieran, en procesos distintos, medidas de aseguramiento contra cinco personas, presuntamente, responsables del delito de fabricaci\u00f3n, tr\u00e1fico o porte de estupefacientes.<\/p>\n<p>La primera investigaci\u00f3n se relaciona con informaci\u00f3n acerca de la existencia de un grupo que desde sus inmuebles, al parecer, comercializaban estupefacientes en el casco urbano de Magangu\u00e9.\u00a0Allanamientos realizados por la Polic\u00eda Nacional el 7 de julio pasado en el barrio Nueva Esperanza del referido municipio permitieron la captura de Luis Fernando Arias Sarabia, Carolina Esnelda Mej\u00eda Ojeda, Bryan Jos\u00e9 Donado Arrieta y Milena Cruz Col\u00f3n.<\/p>\n<p>En poder de estas personas fueron encontrados 348 gramos de sustancias como coca\u00edna y marihuana.<\/p>\n<p>El segundo proceso sucedi\u00f3 en el municipio de Tiquisio (Bol\u00edvar) donde la Polic\u00eda Nacional encontr\u00f3 en una residencia del barrio 20 de Julio a Edgardo Antonio Molina Acevedo.\u00a0En su poder le fueron hallado 405 gramos coca\u00edna listos para ser vendidos a pobladores de la regi\u00f3n. En este operativo fueron decomisados 189.000 pesos en efectivo, al parecer, producto de la comercializaci\u00f3n de estupefacientes.<\/p>\n<p>Ninguno de los investigados acept\u00f3 su responsabilidad en los cargos endilgados por el ente acusador. Todos deber\u00e1n cumplir medidas privativas de la libertad en centros carcelarios de Magangu\u00e9.<\/p>\n<p>Esta informaci\u00f3n se publica por razones de inter\u00e9s general.<\/p>\n<p><b>La Fiscal\u00eda General habla con resultados.<\/b><\/p>\n<p>&nbsp;<\/p>\n<p>&nbsp;<\/p>\n<p>&nbsp;<\/p>\n<p>MEVA\/MAGA\/IR\/AR\/DSB<\/p>\n<p>&nbsp;<\/p>\n<p>&nbsp;<\/p>\n<p align=\"center\"><b>\u00a0<\/b><\/p>\n<p><em><span lang=\"ES\">La informaci\u00f3n contenida en este bolet\u00edn de prensa corresponde a la narraci\u00f3n de los hechos noticiosos objetivos, suministrados por los funcionarios encargados de adelantar las investigaciones penales al interior de la Fiscal\u00eda General de la Naci\u00f3n. Para el momento de la divulgaci\u00f3n de este comunicado, la situaci\u00f3n jur\u00eddica de la(s) persona(s) relacionada(s) se encuentra pendiente de resolver por la autoridad judicial competente, siempre bajo los preceptos de la presunci\u00f3n de inocencia, consagrados en el art\u00edculo 29 de la Constituci\u00f3n Pol\u00edtica y el art\u00edculo 7\u00ba de la Ley 906 de 2004.<\/span><\/em><\/p>\n\n<div class=\"twitter-share\"><a href=\"https:\/\/twitter.com\/intent\/tweet?via=fiscaliacol\" class=\"twitter-share-button\">Tweet<\/a><\/div>\n","protected":false},"excerpt":{"rendered":"<p>Las peticiones de dos fiscales de Magangu\u00e9 (Bol\u00edvar) fueron suficientes para que jueces de control de garant\u00edas profirieran, en procesos distintos, medidas de aseguramiento contra cinco personas, presuntamente, responsables del delito de fabricaci\u00f3n, tr\u00e1fico o porte de estupefacientes. La primera investigaci\u00f3n se relaciona con informaci\u00f3n acerca de la existencia de un grupo que desde sus [&hellip;]<\/p>\n","protected":false},"author":177,"featured_media":0,"comment_status":"closed","ping_status":"open","sticky":false,"template":"","format":"standard","meta":{"tdm_status":"","tdm_grid_status":"","footnotes":""},"categories":[1,325,303,24103],"tags":[9082,14550,50,24187,1047,8948,24038,674,31459],"class_list":{"0":"post-252651","1":"post","2":"type-post","3":"status-publish","4":"format-standard","6":"category-noticias","7":"category-seccional-cartagena","8":"category-seccionales","9":"category-trafico-de-estupefacientes","10":"tag-bolivar","11":"tag-carcel","12":"tag-estupefacientes","13":"tag-fiscalia-colombia","14":"tag-fiscalia-general-de-la-nacion","15":"tag-magangue-2","16":"tag-magangue-bolivar","17":"tag-microtrafico","18":"tag-tiquisio"},"yoast_head":"<!-- This site is optimized with the Yoast SEO plugin v24.3 - https:\/\/yoast.com\/wordpress\/plugins\/seo\/ -->\n<title>Fiscal\u00eda General de la Naci\u00f3n<\/title>\n<meta name=\"description\" content=\"P\u00e1gina oficial de la Fiscal\u00eda General de la Naci\u00f3n \u2013 Colombia. Garantizamos el acceso efectivo a la justicia, la verdad y la reparaci\u00f3n de las v\u00edctimas de los delitos.\" \/>\n<meta name=\"robots\" content=\"noindex, follow\" \/>\n<meta property=\"og:locale\" content=\"es_ES\" \/>\n<meta property=\"og:type\" content=\"article\" \/>\n<meta property=\"og:title\" content=\"Fiscal\u00eda General de la Naci\u00f3n\" \/>\n<meta property=\"og:description\" content=\"P\u00e1gina oficial de la Fiscal\u00eda General de la Naci\u00f3n \u2013 Colombia. Garantizamos el acceso efectivo a la justicia, la verdad y la reparaci\u00f3n de las v\u00edctimas de los delitos.\" \/>\n<meta property=\"og:url\" content=\"https:\/\/www.fiscalia.gov.co\/colombia\/noticias\/cinco-personas-que-presuntamente-se-dedicaban-el-expendio-de-estupefacientes-iran-a-prision-en-magangue-bolivar\/\" \/>\n<meta property=\"og:site_name\" content=\"Fiscal\u00eda General de la Naci\u00f3n\" \/>\n<meta property=\"article:publisher\" content=\"https:\/\/www.facebook.com\/FiscaliaCol\" \/>\n<meta property=\"article:published_time\" content=\"2022-07-12T23:32:48+00:00\" \/>\n<meta name=\"author\" content=\"Jordan Leandro Oviedo Anzola\" \/>\n<meta name=\"twitter:card\" content=\"summary_large_image\" \/>\n<meta name=\"twitter:creator\" content=\"@FiscaliaCol\" \/>\n<meta name=\"twitter:site\" content=\"@FiscaliaCol\" \/>\n<meta name=\"twitter:label1\" content=\"Escrito por\" \/>\n\t<meta name=\"twitter:data1\" content=\"Jordan Leandro Oviedo Anzola\" \/>\n\t<meta name=\"twitter:label2\" content=\"Tiempo de lectura\" \/>\n\t<meta name=\"twitter:data2\" content=\"2 minutos\" \/>\n<script type=\"application\/ld+json\" class=\"yoast-schema-graph\">{\"@context\":\"https:\/\/schema.org\",\"@graph\":[{\"@type\":\"Article\",\"@id\":\"https:\/\/www.fiscalia.gov.co\/colombia\/noticias\/cinco-personas-que-presuntamente-se-dedicaban-el-expendio-de-estupefacientes-iran-a-prision-en-magangue-bolivar\/#article\",\"isPartOf\":{\"@id\":\"https:\/\/www.fiscalia.gov.co\/colombia\/noticias\/cinco-personas-que-presuntamente-se-dedicaban-el-expendio-de-estupefacientes-iran-a-prision-en-magangue-bolivar\/\"},\"author\":{\"name\":\"Jordan Leandro Oviedo Anzola\",\"@id\":\"https:\/\/www.fiscalia.gov.co\/colombia\/#\/schema\/person\/bf84402cf293a5393e9c70b111020b24\"},\"headline\":\"Cinco personas que presuntamente se dedicaban el expendio de estupefacientes ir\u00e1n a prisi\u00f3n en Magang\u00fae (Bol\u00edvar)\",\"datePublished\":\"2022-07-12T23:32:48+00:00\",\"dateModified\":\"2022-07-12T23:32:48+00:00\",\"mainEntityOfPage\":{\"@id\":\"https:\/\/www.fiscalia.gov.co\/colombia\/noticias\/cinco-personas-que-presuntamente-se-dedicaban-el-expendio-de-estupefacientes-iran-a-prision-en-magangue-bolivar\/\"},\"wordCount\":372,\"publisher\":{\"@id\":\"https:\/\/www.fiscalia.gov.co\/colombia\/#organization\"},\"keywords\":[\"Bol\u00edvar\",\"C\u00e1rcel\",\"Estupefacientes\",\"Fiscal\u00eda Colombia\",\"Fiscal\u00eda General de la Naci\u00f3n\",\"Magangu\u00e9\",\"Magangu\u00e9 (Bol\u00edvar)\",\"Microtr\u00e1fico\",\"Tiquisio\"],\"articleSection\":[\"Noticias\",\"Seccional Cartagena\",\"Seccionales\",\"Tr\u00e1fico de estupefacientes\"],\"inLanguage\":\"es-CO\"},{\"@type\":\"WebPage\",\"@id\":\"https:\/\/www.fiscalia.gov.co\/colombia\/noticias\/cinco-personas-que-presuntamente-se-dedicaban-el-expendio-de-estupefacientes-iran-a-prision-en-magangue-bolivar\/\",\"url\":\"https:\/\/www.fiscalia.gov.co\/colombia\/noticias\/cinco-personas-que-presuntamente-se-dedicaban-el-expendio-de-estupefacientes-iran-a-prision-en-magangue-bolivar\/\",\"name\":\"Fiscal\u00eda General de la Naci\u00f3n\",\"isPartOf\":{\"@id\":\"https:\/\/www.fiscalia.gov.co\/colombia\/#website\"},\"datePublished\":\"2022-07-12T23:32:48+00:00\",\"dateModified\":\"2022-07-12T23:32:48+00:00\",\"description\":\"P\u00e1gina oficial de la Fiscal\u00eda General de la Naci\u00f3n \u2013 Colombia. Garantizamos el acceso efectivo a la justicia, la verdad y la reparaci\u00f3n de las v\u00edctimas de los delitos.\",\"breadcrumb\":{\"@id\":\"https:\/\/www.fiscalia.gov.co\/colombia\/noticias\/cinco-personas-que-presuntamente-se-dedicaban-el-expendio-de-estupefacientes-iran-a-prision-en-magangue-bolivar\/#breadcrumb\"},\"inLanguage\":\"es-CO\",\"potentialAction\":[{\"@type\":\"ReadAction\",\"target\":[\"https:\/\/www.fiscalia.gov.co\/colombia\/noticias\/cinco-personas-que-presuntamente-se-dedicaban-el-expendio-de-estupefacientes-iran-a-prision-en-magangue-bolivar\/\"]}]},{\"@type\":\"BreadcrumbList\",\"@id\":\"https:\/\/www.fiscalia.gov.co\/colombia\/noticias\/cinco-personas-que-presuntamente-se-dedicaban-el-expendio-de-estupefacientes-iran-a-prision-en-magangue-bolivar\/#breadcrumb\",\"itemListElement\":[{\"@type\":\"ListItem\",\"position\":1,\"name\":\"Home\",\"item\":\"https:\/\/www.fiscalia.gov.co\/colombia\/\"},{\"@type\":\"ListItem\",\"position\":2,\"name\":\"Cinco personas que presuntamente se dedicaban el expendio de estupefacientes ir\u00e1n a prisi\u00f3n en Magang\u00fae (Bol\u00edvar)\"}]},{\"@type\":\"WebSite\",\"@id\":\"https:\/\/www.fiscalia.gov.co\/colombia\/#website\",\"url\":\"https:\/\/www.fiscalia.gov.co\/colombia\/\",\"name\":\"Fiscal\u00eda General de la Naci\u00f3n\",\"description\":\"P\u00e1gina oficial de la Fiscal\u00eda General de la Naci\u00f3n \u2013 Colombia. Garantizamos el acceso efectivo a la justicia, la verdad y la reparaci\u00f3n de las v\u00edctimas de los delitos.\",\"publisher\":{\"@id\":\"https:\/\/www.fiscalia.gov.co\/colombia\/#organization\"},\"potentialAction\":[{\"@type\":\"SearchAction\",\"target\":{\"@type\":\"EntryPoint\",\"urlTemplate\":\"https:\/\/www.fiscalia.gov.co\/colombia\/?s={search_term_string}\"},\"query-input\":{\"@type\":\"PropertyValueSpecification\",\"valueRequired\":true,\"valueName\":\"search_term_string\"}}],\"inLanguage\":\"es-CO\"},{\"@type\":\"Organization\",\"@id\":\"https:\/\/www.fiscalia.gov.co\/colombia\/#organization\",\"name\":\"Fiscal\u00eda General de la Naci\u00f3n\",\"url\":\"https:\/\/www.fiscalia.gov.co\/colombia\/\",\"logo\":{\"@type\":\"ImageObject\",\"inLanguage\":\"es-CO\",\"@id\":\"https:\/\/www.fiscalia.gov.co\/colombia\/#\/schema\/logo\/image\/\",\"url\":\"https:\/\/www.fiscalia.gov.co\/colombia\/wp-content\/uploads\/LogoHorizontal_1.jpg\",\"contentUrl\":\"https:\/\/www.fiscalia.gov.co\/colombia\/wp-content\/uploads\/LogoHorizontal_1.jpg\",\"width\":300,\"height\":90,\"caption\":\"Fiscal\u00eda General de la Naci\u00f3n\"},\"image\":{\"@id\":\"https:\/\/www.fiscalia.gov.co\/colombia\/#\/schema\/logo\/image\/\"},\"sameAs\":[\"https:\/\/www.facebook.com\/FiscaliaCol\",\"https:\/\/x.com\/FiscaliaCol\",\"https:\/\/www.instagram.com\/fiscaliacol\",\"https:\/\/www.linkedin.com\/company\/fiscalia-general-de-la-naci-n\/\",\"https:\/\/youtube.com\/@fiscaliageneraldelanacion-4668?si=6nN79nyQICPU5iTh\"]},{\"@type\":\"Person\",\"@id\":\"https:\/\/www.fiscalia.gov.co\/colombia\/#\/schema\/person\/bf84402cf293a5393e9c70b111020b24\",\"name\":\"Jordan Leandro Oviedo Anzola\",\"image\":{\"@type\":\"ImageObject\",\"inLanguage\":\"es-CO\",\"@id\":\"https:\/\/www.fiscalia.gov.co\/colombia\/#\/schema\/person\/image\/\",\"url\":\"https:\/\/secure.gravatar.com\/avatar\/dabba4346fa9b9207d96adafa8f92721?s=96&d=mm&r=g\",\"contentUrl\":\"https:\/\/secure.gravatar.com\/avatar\/dabba4346fa9b9207d96adafa8f92721?s=96&d=mm&r=g\",\"caption\":\"Jordan Leandro Oviedo Anzola\"},\"url\":\"https:\/\/www.fiscalia.gov.co\/colombia\/author\/joviedo\/\"}]}<\/script>\n<!-- \/ Yoast SEO plugin. -->","yoast_head_json":{"title":"Fiscal\u00eda General de la Naci\u00f3n","description":"P\u00e1gina oficial de la Fiscal\u00eda General de la Naci\u00f3n \u2013 Colombia. Garantizamos el acceso efectivo a la justicia, la verdad y la reparaci\u00f3n de las v\u00edctimas de los delitos.","robots":{"index":"noindex","follow":"follow"},"og_locale":"es_ES","og_type":"article","og_title":"Fiscal\u00eda General de la Naci\u00f3n","og_description":"P\u00e1gina oficial de la Fiscal\u00eda General de la Naci\u00f3n \u2013 Colombia. Garantizamos el acceso efectivo a la justicia, la verdad y la reparaci\u00f3n de las v\u00edctimas de los delitos.","og_url":"https:\/\/www.fiscalia.gov.co\/colombia\/noticias\/cinco-personas-que-presuntamente-se-dedicaban-el-expendio-de-estupefacientes-iran-a-prision-en-magangue-bolivar\/","og_site_name":"Fiscal\u00eda General de la Naci\u00f3n","article_publisher":"https:\/\/www.facebook.com\/FiscaliaCol","article_published_time":"2022-07-12T23:32:48+00:00","author":"Jordan Leandro Oviedo Anzola","twitter_card":"summary_large_image","twitter_creator":"@FiscaliaCol","twitter_site":"@FiscaliaCol","twitter_misc":{"Escrito por":"Jordan Leandro Oviedo Anzola","Tiempo de lectura":"2 minutos"},"schema":{"@context":"https:\/\/schema.org","@graph":[{"@type":"Article","@id":"https:\/\/www.fiscalia.gov.co\/colombia\/noticias\/cinco-personas-que-presuntamente-se-dedicaban-el-expendio-de-estupefacientes-iran-a-prision-en-magangue-bolivar\/#article","isPartOf":{"@id":"https:\/\/www.fiscalia.gov.co\/colombia\/noticias\/cinco-personas-que-presuntamente-se-dedicaban-el-expendio-de-estupefacientes-iran-a-prision-en-magangue-bolivar\/"},"author":{"name":"Jordan Leandro Oviedo Anzola","@id":"https:\/\/www.fiscalia.gov.co\/colombia\/#\/schema\/person\/bf84402cf293a5393e9c70b111020b24"},"headline":"Cinco personas que presuntamente se dedicaban el expendio de estupefacientes ir\u00e1n a prisi\u00f3n en Magang\u00fae (Bol\u00edvar)","datePublished":"2022-07-12T23:32:48+00:00","dateModified":"2022-07-12T23:32:48+00:00","mainEntityOfPage":{"@id":"https:\/\/www.fiscalia.gov.co\/colombia\/noticias\/cinco-personas-que-presuntamente-se-dedicaban-el-expendio-de-estupefacientes-iran-a-prision-en-magangue-bolivar\/"},"wordCount":372,"publisher":{"@id":"https:\/\/www.fiscalia.gov.co\/colombia\/#organization"},"keywords":["Bol\u00edvar","C\u00e1rcel","Estupefacientes","Fiscal\u00eda Colombia","Fiscal\u00eda General de la Naci\u00f3n","Magangu\u00e9","Magangu\u00e9 (Bol\u00edvar)","Microtr\u00e1fico","Tiquisio"],"articleSection":["Noticias","Seccional Cartagena","Seccionales","Tr\u00e1fico de estupefacientes"],"inLanguage":"es-CO"},{"@type":"WebPage","@id":"https:\/\/www.fiscalia.gov.co\/colombia\/noticias\/cinco-personas-que-presuntamente-se-dedicaban-el-expendio-de-estupefacientes-iran-a-prision-en-magangue-bolivar\/","url":"https:\/\/www.fiscalia.gov.co\/colombia\/noticias\/cinco-personas-que-presuntamente-se-dedicaban-el-expendio-de-estupefacientes-iran-a-prision-en-magangue-bolivar\/","name":"Fiscal\u00eda General de la Naci\u00f3n","isPartOf":{"@id":"https:\/\/www.fiscalia.gov.co\/colombia\/#website"},"datePublished":"2022-07-12T23:32:48+00:00","dateModified":"2022-07-12T23:32:48+00:00","description":"P\u00e1gina oficial de la Fiscal\u00eda General de la Naci\u00f3n \u2013 Colombia. Garantizamos el acceso efectivo a la justicia, la verdad y la reparaci\u00f3n de las v\u00edctimas de los delitos.","breadcrumb":{"@id":"https:\/\/www.fiscalia.gov.co\/colombia\/noticias\/cinco-personas-que-presuntamente-se-dedicaban-el-expendio-de-estupefacientes-iran-a-prision-en-magangue-bolivar\/#breadcrumb"},"inLanguage":"es-CO","potentialAction":[{"@type":"ReadAction","target":["https:\/\/www.fiscalia.gov.co\/colombia\/noticias\/cinco-personas-que-presuntamente-se-dedicaban-el-expendio-de-estupefacientes-iran-a-prision-en-magangue-bolivar\/"]}]},{"@type":"BreadcrumbList","@id":"https:\/\/www.fiscalia.gov.co\/colombia\/noticias\/cinco-personas-que-presuntamente-se-dedicaban-el-expendio-de-estupefacientes-iran-a-prision-en-magangue-bolivar\/#breadcrumb","itemListElement":[{"@type":"ListItem","position":1,"name":"Home","item":"https:\/\/www.fiscalia.gov.co\/colombia\/"},{"@type":"ListItem","position":2,"name":"Cinco personas que presuntamente se dedicaban el expendio de estupefacientes ir\u00e1n a prisi\u00f3n en Magang\u00fae (Bol\u00edvar)"}]},{"@type":"WebSite","@id":"https:\/\/www.fiscalia.gov.co\/colombia\/#website","url":"https:\/\/www.fiscalia.gov.co\/colombia\/","name":"Fiscal\u00eda General de la Naci\u00f3n","description":"P\u00e1gina oficial de la Fiscal\u00eda General de la Naci\u00f3n \u2013 Colombia. Garantizamos el acceso efectivo a la justicia, la verdad y la reparaci\u00f3n de las v\u00edctimas de los delitos.","publisher":{"@id":"https:\/\/www.fiscalia.gov.co\/colombia\/#organization"},"potentialAction":[{"@type":"SearchAction","target":{"@type":"EntryPoint","urlTemplate":"https:\/\/www.fiscalia.gov.co\/colombia\/?s={search_term_string}"},"query-input":{"@type":"PropertyValueSpecification","valueRequired":true,"valueName":"search_term_string"}}],"inLanguage":"es-CO"},{"@type":"Organization","@id":"https:\/\/www.fiscalia.gov.co\/colombia\/#organization","name":"Fiscal\u00eda General de la Naci\u00f3n","url":"https:\/\/www.fiscalia.gov.co\/colombia\/","logo":{"@type":"ImageObject","inLanguage":"es-CO","@id":"https:\/\/www.fiscalia.gov.co\/colombia\/#\/schema\/logo\/image\/","url":"https:\/\/www.fiscalia.gov.co\/colombia\/wp-content\/uploads\/LogoHorizontal_1.jpg","contentUrl":"https:\/\/www.fiscalia.gov.co\/colombia\/wp-content\/uploads\/LogoHorizontal_1.jpg","width":300,"height":90,"caption":"Fiscal\u00eda General de la Naci\u00f3n"},"image":{"@id":"https:\/\/www.fiscalia.gov.co\/colombia\/#\/schema\/logo\/image\/"},"sameAs":["https:\/\/www.facebook.com\/FiscaliaCol","https:\/\/x.com\/FiscaliaCol","https:\/\/www.instagram.com\/fiscaliacol","https:\/\/www.linkedin.com\/company\/fiscalia-general-de-la-naci-n\/","https:\/\/youtube.com\/@fiscaliageneraldelanacion-4668?si=6nN79nyQICPU5iTh"]},{"@type":"Person","@id":"https:\/\/www.fiscalia.gov.co\/colombia\/#\/schema\/person\/bf84402cf293a5393e9c70b111020b24","name":"Jordan Leandro Oviedo Anzola","image":{"@type":"ImageObject","inLanguage":"es-CO","@id":"https:\/\/www.fiscalia.gov.co\/colombia\/#\/schema\/person\/image\/","url":"https:\/\/secure.gravatar.com\/avatar\/dabba4346fa9b9207d96adafa8f92721?s=96&d=mm&r=g","contentUrl":"https:\/\/secure.gravatar.com\/avatar\/dabba4346fa9b9207d96adafa8f92721?s=96&d=mm&r=g","caption":"Jordan Leandro Oviedo Anzola"},"url":"https:\/\/www.fiscalia.gov.co\/colombia\/author\/joviedo\/"}]}},"_links":{"self":[{"href":"https:\/\/www.fiscalia.gov.co\/colombia\/wp-json\/wp\/v2\/posts\/252651","targetHints":{"allow":["GET"]}}],"collection":[{"href":"https:\/\/www.fiscalia.gov.co\/colombia\/wp-json\/wp\/v2\/posts"}],"about":[{"href":"https:\/\/www.fiscalia.gov.co\/colombia\/wp-json\/wp\/v2\/types\/post"}],"author":[{"embeddable":true,"href":"https:\/\/www.fiscalia.gov.co\/colombia\/wp-json\/wp\/v2\/users\/177"}],"replies":[{"embeddable":true,"href":"https:\/\/www.fiscalia.gov.co\/colombia\/wp-json\/wp\/v2\/comments?post=252651"}],"version-history":[{"count":1,"href":"https:\/\/www.fiscalia.gov.co\/colombia\/wp-json\/wp\/v2\/posts\/252651\/revisions"}],"predecessor-version":[{"id":252652,"href":"https:\/\/www.fiscalia.gov.co\/colombia\/wp-json\/wp\/v2\/posts\/252651\/revisions\/252652"}],"wp:attachment":[{"href":"https:\/\/www.fiscalia.gov.co\/colombia\/wp-json\/wp\/v2\/media?parent=252651"}],"wp:term":[{"taxonomy":"category","embeddable":true,"href":"https:\/\/www.fiscalia.gov.co\/colombia\/wp-json\/wp\/v2\/categories?post=252651"},{"taxonomy":"post_tag","embeddable":true,"href":"https:\/\/www.fiscalia.gov.co\/colombia\/wp-json\/wp\/v2\/tags?post=252651"}],"curies":[{"name":"wp","href":"https:\/\/api.w.org\/{rel}","templated":true}]}}