{"id":252584,"date":"2022-07-12T11:29:33","date_gmt":"2022-07-12T16:29:33","guid":{"rendered":"https:\/\/www.fiscalia.gov.co\/colombia\/?p=252584"},"modified":"2022-07-12T11:29:33","modified_gmt":"2022-07-12T16:29:33","slug":"fiscalia-judicializo-a-presunto-traficante-de-estupefacientes-en-casanare","status":"publish","type":"post","link":"https:\/\/www.fiscalia.gov.co\/colombia\/noticias\/fiscalia-judicializo-a-presunto-traficante-de-estupefacientes-en-casanare\/","title":{"rendered":"Fiscal\u00eda judicializ\u00f3 a presunto traficante de estupefacientes en Casanare"},"content":{"rendered":"<p>Luego de que las autoridades recibieran varias denuncias relacionadas con una persona que, al parecer, expend\u00eda alucin\u00f3genos en un c\u00e9ntrico sector del municipio de Paz de Ariporo (Casanare), la Fiscal\u00eda llev\u00f3 a cabo el pasado 9 de julio una diligencia de allanamiento al inmueble donde se captur\u00f3 en flagrancia a\u00a0\u00c1ngel Leopoldo Meche Sigua.<\/p>\n<figure id=\"attachment_252585\" aria-describedby=\"caption-attachment-252585\" style=\"width: 696px\" class=\"wp-caption aligncenter\"><img loading=\"lazy\" decoding=\"async\" class=\"size-large wp-image-252585\" src=\"https:\/\/www.fiscalia.gov.co\/colombia\/wp-content\/uploads\/Fiscal-Barbosa-A-Angel-Leopoldo-Meche-Sigua-la-Fiscalia-lo-imputo-por-los-delitos-de-porte-y-venta-de-estupefacientes-y-porte-de-armas-de-fuego.-1024x759.jpeg\" alt=\"\" width=\"696\" height=\"516\" srcset=\"https:\/\/www.fiscalia.gov.co\/colombia\/wp-content\/uploads\/Fiscal-Barbosa-A-Angel-Leopoldo-Meche-Sigua-la-Fiscalia-lo-imputo-por-los-delitos-de-porte-y-venta-de-estupefacientes-y-porte-de-armas-de-fuego.-1024x759.jpeg 1024w, https:\/\/www.fiscalia.gov.co\/colombia\/wp-content\/uploads\/Fiscal-Barbosa-A-Angel-Leopoldo-Meche-Sigua-la-Fiscalia-lo-imputo-por-los-delitos-de-porte-y-venta-de-estupefacientes-y-porte-de-armas-de-fuego.-300x222.jpeg 300w, https:\/\/www.fiscalia.gov.co\/colombia\/wp-content\/uploads\/Fiscal-Barbosa-A-Angel-Leopoldo-Meche-Sigua-la-Fiscalia-lo-imputo-por-los-delitos-de-porte-y-venta-de-estupefacientes-y-porte-de-armas-de-fuego.-768x569.jpeg 768w, https:\/\/www.fiscalia.gov.co\/colombia\/wp-content\/uploads\/Fiscal-Barbosa-A-Angel-Leopoldo-Meche-Sigua-la-Fiscalia-lo-imputo-por-los-delitos-de-porte-y-venta-de-estupefacientes-y-porte-de-armas-de-fuego.-485x360.jpeg 485w, https:\/\/www.fiscalia.gov.co\/colombia\/wp-content\/uploads\/Fiscal-Barbosa-A-Angel-Leopoldo-Meche-Sigua-la-Fiscalia-lo-imputo-por-los-delitos-de-porte-y-venta-de-estupefacientes-y-porte-de-armas-de-fuego.-696x516.jpeg 696w, https:\/\/www.fiscalia.gov.co\/colombia\/wp-content\/uploads\/Fiscal-Barbosa-A-Angel-Leopoldo-Meche-Sigua-la-Fiscalia-lo-imputo-por-los-delitos-de-porte-y-venta-de-estupefacientes-y-porte-de-armas-de-fuego.-1068x792.jpeg 1068w, https:\/\/www.fiscalia.gov.co\/colombia\/wp-content\/uploads\/Fiscal-Barbosa-A-Angel-Leopoldo-Meche-Sigua-la-Fiscalia-lo-imputo-por-los-delitos-de-porte-y-venta-de-estupefacientes-y-porte-de-armas-de-fuego.-566x420.jpeg 566w, https:\/\/www.fiscalia.gov.co\/colombia\/wp-content\/uploads\/Fiscal-Barbosa-A-Angel-Leopoldo-Meche-Sigua-la-Fiscalia-lo-imputo-por-los-delitos-de-porte-y-venta-de-estupefacientes-y-porte-de-armas-de-fuego.-80x60.jpeg 80w, https:\/\/www.fiscalia.gov.co\/colombia\/wp-content\/uploads\/Fiscal-Barbosa-A-Angel-Leopoldo-Meche-Sigua-la-Fiscalia-lo-imputo-por-los-delitos-de-porte-y-venta-de-estupefacientes-y-porte-de-armas-de-fuego..jpeg 1280w\" sizes=\"auto, (max-width: 696px) 100vw, 696px\" \/><figcaption id=\"caption-attachment-252585\" class=\"wp-caption-text\">A \u00c1ngel Leopoldo Meche Sigua la Fiscal\u00eda lo imput\u00f3 por los delitos de porte y venta de estupefacientes y porte de armas de fuego.<\/figcaption><\/figure>\n<p>En los registros, la Fiscal\u00eda en coordinaci\u00f3n con unidades de la Polic\u00eda Nacional incautaron dos armas de fuego, 300 gramos de marihuana, 1.9 gramos de bazuco, dinero en efectivo y algunos elementos para el procesamiento de los alcaloides.<\/p>\n<p>El pasado de 10 de julio la Fiscal\u00eda lo imput\u00f3 por los delitos\u00a0de porte y venta de estupefacientes y porte de armas de fuego, cargos que no acept\u00f3.<\/p>\n<p>Un juez del circuito de S\u00e1cama (Casanare), acogi\u00f3 en su totalidad las peticiones de la Fiscal\u00eda de legalizar las diligencias de allanamiento y de captura y dictar medida carcelaria en su contra.<\/p>\n<p><strong>La Fiscal\u00eda habla con resultados.<\/strong><\/p>\n<p>&nbsp;<\/p>\n<p>&nbsp;<\/p>\n<p>LAZL\/CFG\/JIFS\/DSC\/<\/p>\n<p>&nbsp;<\/p>\n<p>&nbsp;<\/p>\n<p>&nbsp;<\/p>\n<div class=\"td-post-content tagdiv-type\">\n<div class=\"gmail_quote\">\n<div dir=\"ltr\">\n<p><i>La informaci\u00f3n contenida en este bolet\u00edn de prensa corresponde a la narraci\u00f3n de los hechos noticiosos objetivos, suministrados por los funcionarios encargados de adelantar las investigaciones penales al interior de la Fiscal\u00eda General de la Naci\u00f3n. Para el momento de la divulgaci\u00f3n de este comunicado, la situaci\u00f3n jur\u00eddica de la(s) persona(s) relacionada(s) se encuentra pendiente de resolver por la autoridad judicial competente, siempre bajo los preceptos de la presunci\u00f3n de inocencia, consagrados en el art\u00edculo 29 de la Constituci\u00f3n Pol\u00edtica y el art\u00edculo 7\u00ba de la Ley 906 de 2004.\u00a0<\/i>\u00a0\u00a0\u00a0\u00a0<b>\u00a0<\/b><\/p>\n<\/div>\n<\/div>\n<\/div>\n\n<div class=\"twitter-share\"><a href=\"https:\/\/twitter.com\/intent\/tweet?via=fiscaliacol\" class=\"twitter-share-button\">Tweet<\/a><\/div>\n","protected":false},"excerpt":{"rendered":"<p>Luego de que las autoridades recibieran varias denuncias relacionadas con una persona que, al parecer, expend\u00eda alucin\u00f3genos en un c\u00e9ntrico sector del municipio de Paz de Ariporo (Casanare), la Fiscal\u00eda llev\u00f3 a cabo el pasado 9 de julio una diligencia de allanamiento al inmueble donde se captur\u00f3 en flagrancia a\u00a0\u00c1ngel Leopoldo Meche Sigua. En los [&hellip;]<\/p>\n","protected":false},"author":177,"featured_media":0,"comment_status":"closed","ping_status":"open","sticky":false,"template":"","format":"standard","meta":{"tdm_status":"","tdm_grid_status":"","footnotes":""},"categories":[1,24134,303,24103],"tags":[50,24185,24188,1047,916,24034],"class_list":{"0":"post-252584","1":"post","2":"type-post","3":"status-publish","4":"format-standard","6":"category-noticias","7":"category-seccional-yopal","8":"category-seccionales","9":"category-trafico-de-estupefacientes","10":"tag-estupefacientes","11":"tag-fiscal-barbosa","12":"tag-fiscal-francisco-barbosa","13":"tag-fiscalia-general-de-la-nacion","14":"tag-trafico","15":"tag-yopal-casanare"},"yoast_head":"<!-- This site is optimized with the Yoast SEO plugin v24.3 - https:\/\/yoast.com\/wordpress\/plugins\/seo\/ -->\n<title>Fiscal\u00eda General de la Naci\u00f3n<\/title>\n<meta name=\"description\" content=\"P\u00e1gina oficial de la Fiscal\u00eda General de la Naci\u00f3n \u2013 Colombia. Garantizamos el acceso efectivo a la justicia, la verdad y la reparaci\u00f3n de las v\u00edctimas de los delitos.\" \/>\n<meta name=\"robots\" content=\"noindex, follow\" \/>\n<meta property=\"og:locale\" content=\"es_ES\" \/>\n<meta property=\"og:type\" content=\"article\" \/>\n<meta property=\"og:title\" content=\"Fiscal\u00eda General de la Naci\u00f3n\" \/>\n<meta property=\"og:description\" content=\"P\u00e1gina oficial de la Fiscal\u00eda General de la Naci\u00f3n \u2013 Colombia. Garantizamos el acceso efectivo a la justicia, la verdad y la reparaci\u00f3n de las v\u00edctimas de los delitos.\" \/>\n<meta property=\"og:url\" content=\"https:\/\/www.fiscalia.gov.co\/colombia\/noticias\/fiscalia-judicializo-a-presunto-traficante-de-estupefacientes-en-casanare\/\" \/>\n<meta property=\"og:site_name\" content=\"Fiscal\u00eda General de la Naci\u00f3n\" \/>\n<meta property=\"article:publisher\" content=\"https:\/\/www.facebook.com\/FiscaliaCol\" \/>\n<meta property=\"article:published_time\" content=\"2022-07-12T16:29:33+00:00\" \/>\n<meta property=\"og:image\" content=\"https:\/\/www.fiscalia.gov.co\/colombia\/wp-content\/uploads\/Fiscal-Barbosa-A-Angel-Leopoldo-Meche-Sigua-la-Fiscalia-lo-imputo-por-los-delitos-de-porte-y-venta-de-estupefacientes-y-porte-de-armas-de-fuego.-1024x759.jpeg\" \/>\n<meta name=\"author\" content=\"Jordan Leandro Oviedo Anzola\" \/>\n<meta name=\"twitter:card\" content=\"summary_large_image\" \/>\n<meta name=\"twitter:creator\" content=\"@FiscaliaCol\" \/>\n<meta name=\"twitter:site\" content=\"@FiscaliaCol\" \/>\n<meta name=\"twitter:label1\" content=\"Escrito por\" \/>\n\t<meta name=\"twitter:data1\" content=\"Jordan Leandro Oviedo Anzola\" \/>\n\t<meta name=\"twitter:label2\" content=\"Tiempo de lectura\" \/>\n\t<meta name=\"twitter:data2\" content=\"2 minutos\" \/>\n<script type=\"application\/ld+json\" class=\"yoast-schema-graph\">{\"@context\":\"https:\/\/schema.org\",\"@graph\":[{\"@type\":\"Article\",\"@id\":\"https:\/\/www.fiscalia.gov.co\/colombia\/noticias\/fiscalia-judicializo-a-presunto-traficante-de-estupefacientes-en-casanare\/#article\",\"isPartOf\":{\"@id\":\"https:\/\/www.fiscalia.gov.co\/colombia\/noticias\/fiscalia-judicializo-a-presunto-traficante-de-estupefacientes-en-casanare\/\"},\"author\":{\"name\":\"Jordan Leandro Oviedo Anzola\",\"@id\":\"https:\/\/www.fiscalia.gov.co\/colombia\/#\/schema\/person\/bf84402cf293a5393e9c70b111020b24\"},\"headline\":\"Fiscal\u00eda judicializ\u00f3 a presunto traficante de estupefacientes en Casanare\",\"datePublished\":\"2022-07-12T16:29:33+00:00\",\"dateModified\":\"2022-07-12T16:29:33+00:00\",\"mainEntityOfPage\":{\"@id\":\"https:\/\/www.fiscalia.gov.co\/colombia\/noticias\/fiscalia-judicializo-a-presunto-traficante-de-estupefacientes-en-casanare\/\"},\"wordCount\":318,\"publisher\":{\"@id\":\"https:\/\/www.fiscalia.gov.co\/colombia\/#organization\"},\"image\":{\"@id\":\"https:\/\/www.fiscalia.gov.co\/colombia\/noticias\/fiscalia-judicializo-a-presunto-traficante-de-estupefacientes-en-casanare\/#primaryimage\"},\"thumbnailUrl\":\"https:\/\/www.fiscalia.gov.co\/colombia\/wp-content\/uploads\/Fiscal-Barbosa-A-Angel-Leopoldo-Meche-Sigua-la-Fiscalia-lo-imputo-por-los-delitos-de-porte-y-venta-de-estupefacientes-y-porte-de-armas-de-fuego.-1024x759.jpeg\",\"keywords\":[\"Estupefacientes\",\"Fiscal Barbosa\",\"Fiscal Francisco Barbosa\",\"Fiscal\u00eda General de la Naci\u00f3n\",\"Tr\u00e1fico\",\"Yopal (Casanare)\"],\"articleSection\":[\"Noticias\",\"Seccional Yopal\",\"Seccionales\",\"Tr\u00e1fico de estupefacientes\"],\"inLanguage\":\"es-CO\"},{\"@type\":\"WebPage\",\"@id\":\"https:\/\/www.fiscalia.gov.co\/colombia\/noticias\/fiscalia-judicializo-a-presunto-traficante-de-estupefacientes-en-casanare\/\",\"url\":\"https:\/\/www.fiscalia.gov.co\/colombia\/noticias\/fiscalia-judicializo-a-presunto-traficante-de-estupefacientes-en-casanare\/\",\"name\":\"Fiscal\u00eda General de la Naci\u00f3n\",\"isPartOf\":{\"@id\":\"https:\/\/www.fiscalia.gov.co\/colombia\/#website\"},\"primaryImageOfPage\":{\"@id\":\"https:\/\/www.fiscalia.gov.co\/colombia\/noticias\/fiscalia-judicializo-a-presunto-traficante-de-estupefacientes-en-casanare\/#primaryimage\"},\"image\":{\"@id\":\"https:\/\/www.fiscalia.gov.co\/colombia\/noticias\/fiscalia-judicializo-a-presunto-traficante-de-estupefacientes-en-casanare\/#primaryimage\"},\"thumbnailUrl\":\"https:\/\/www.fiscalia.gov.co\/colombia\/wp-content\/uploads\/Fiscal-Barbosa-A-Angel-Leopoldo-Meche-Sigua-la-Fiscalia-lo-imputo-por-los-delitos-de-porte-y-venta-de-estupefacientes-y-porte-de-armas-de-fuego.-1024x759.jpeg\",\"datePublished\":\"2022-07-12T16:29:33+00:00\",\"dateModified\":\"2022-07-12T16:29:33+00:00\",\"description\":\"P\u00e1gina oficial de la Fiscal\u00eda General de la Naci\u00f3n \u2013 Colombia. Garantizamos el acceso efectivo a la justicia, la verdad y la reparaci\u00f3n de las v\u00edctimas de los delitos.\",\"breadcrumb\":{\"@id\":\"https:\/\/www.fiscalia.gov.co\/colombia\/noticias\/fiscalia-judicializo-a-presunto-traficante-de-estupefacientes-en-casanare\/#breadcrumb\"},\"inLanguage\":\"es-CO\",\"potentialAction\":[{\"@type\":\"ReadAction\",\"target\":[\"https:\/\/www.fiscalia.gov.co\/colombia\/noticias\/fiscalia-judicializo-a-presunto-traficante-de-estupefacientes-en-casanare\/\"]}]},{\"@type\":\"ImageObject\",\"inLanguage\":\"es-CO\",\"@id\":\"https:\/\/www.fiscalia.gov.co\/colombia\/noticias\/fiscalia-judicializo-a-presunto-traficante-de-estupefacientes-en-casanare\/#primaryimage\",\"url\":\"https:\/\/www.fiscalia.gov.co\/colombia\/wp-content\/uploads\/Fiscal-Barbosa-A-Angel-Leopoldo-Meche-Sigua-la-Fiscalia-lo-imputo-por-los-delitos-de-porte-y-venta-de-estupefacientes-y-porte-de-armas-de-fuego.-1024x759.jpeg\",\"contentUrl\":\"https:\/\/www.fiscalia.gov.co\/colombia\/wp-content\/uploads\/Fiscal-Barbosa-A-Angel-Leopoldo-Meche-Sigua-la-Fiscalia-lo-imputo-por-los-delitos-de-porte-y-venta-de-estupefacientes-y-porte-de-armas-de-fuego.-1024x759.jpeg\"},{\"@type\":\"BreadcrumbList\",\"@id\":\"https:\/\/www.fiscalia.gov.co\/colombia\/noticias\/fiscalia-judicializo-a-presunto-traficante-de-estupefacientes-en-casanare\/#breadcrumb\",\"itemListElement\":[{\"@type\":\"ListItem\",\"position\":1,\"name\":\"Home\",\"item\":\"https:\/\/www.fiscalia.gov.co\/colombia\/\"},{\"@type\":\"ListItem\",\"position\":2,\"name\":\"Fiscal\u00eda judicializ\u00f3 a presunto traficante de estupefacientes en Casanare\"}]},{\"@type\":\"WebSite\",\"@id\":\"https:\/\/www.fiscalia.gov.co\/colombia\/#website\",\"url\":\"https:\/\/www.fiscalia.gov.co\/colombia\/\",\"name\":\"Fiscal\u00eda General de la Naci\u00f3n\",\"description\":\"P\u00e1gina oficial de la Fiscal\u00eda General de la Naci\u00f3n \u2013 Colombia. Garantizamos el acceso efectivo a la justicia, la verdad y la reparaci\u00f3n de las v\u00edctimas de los delitos.\",\"publisher\":{\"@id\":\"https:\/\/www.fiscalia.gov.co\/colombia\/#organization\"},\"potentialAction\":[{\"@type\":\"SearchAction\",\"target\":{\"@type\":\"EntryPoint\",\"urlTemplate\":\"https:\/\/www.fiscalia.gov.co\/colombia\/?s={search_term_string}\"},\"query-input\":{\"@type\":\"PropertyValueSpecification\",\"valueRequired\":true,\"valueName\":\"search_term_string\"}}],\"inLanguage\":\"es-CO\"},{\"@type\":\"Organization\",\"@id\":\"https:\/\/www.fiscalia.gov.co\/colombia\/#organization\",\"name\":\"Fiscal\u00eda General de la Naci\u00f3n\",\"url\":\"https:\/\/www.fiscalia.gov.co\/colombia\/\",\"logo\":{\"@type\":\"ImageObject\",\"inLanguage\":\"es-CO\",\"@id\":\"https:\/\/www.fiscalia.gov.co\/colombia\/#\/schema\/logo\/image\/\",\"url\":\"https:\/\/www.fiscalia.gov.co\/colombia\/wp-content\/uploads\/LogoHorizontal_1.jpg\",\"contentUrl\":\"https:\/\/www.fiscalia.gov.co\/colombia\/wp-content\/uploads\/LogoHorizontal_1.jpg\",\"width\":300,\"height\":90,\"caption\":\"Fiscal\u00eda General de la Naci\u00f3n\"},\"image\":{\"@id\":\"https:\/\/www.fiscalia.gov.co\/colombia\/#\/schema\/logo\/image\/\"},\"sameAs\":[\"https:\/\/www.facebook.com\/FiscaliaCol\",\"https:\/\/x.com\/FiscaliaCol\",\"https:\/\/www.instagram.com\/fiscaliacol\",\"https:\/\/www.linkedin.com\/company\/fiscalia-general-de-la-naci-n\/\",\"https:\/\/youtube.com\/@fiscaliageneraldelanacion-4668?si=6nN79nyQICPU5iTh\"]},{\"@type\":\"Person\",\"@id\":\"https:\/\/www.fiscalia.gov.co\/colombia\/#\/schema\/person\/bf84402cf293a5393e9c70b111020b24\",\"name\":\"Jordan Leandro Oviedo Anzola\",\"image\":{\"@type\":\"ImageObject\",\"inLanguage\":\"es-CO\",\"@id\":\"https:\/\/www.fiscalia.gov.co\/colombia\/#\/schema\/person\/image\/\",\"url\":\"https:\/\/secure.gravatar.com\/avatar\/dabba4346fa9b9207d96adafa8f92721?s=96&d=mm&r=g\",\"contentUrl\":\"https:\/\/secure.gravatar.com\/avatar\/dabba4346fa9b9207d96adafa8f92721?s=96&d=mm&r=g\",\"caption\":\"Jordan Leandro Oviedo Anzola\"},\"url\":\"https:\/\/www.fiscalia.gov.co\/colombia\/author\/joviedo\/\"}]}<\/script>\n<!-- \/ Yoast SEO plugin. -->","yoast_head_json":{"title":"Fiscal\u00eda General de la Naci\u00f3n","description":"P\u00e1gina oficial de la Fiscal\u00eda General de la Naci\u00f3n \u2013 Colombia. Garantizamos el acceso efectivo a la justicia, la verdad y la reparaci\u00f3n de las v\u00edctimas de los delitos.","robots":{"index":"noindex","follow":"follow"},"og_locale":"es_ES","og_type":"article","og_title":"Fiscal\u00eda General de la Naci\u00f3n","og_description":"P\u00e1gina oficial de la Fiscal\u00eda General de la Naci\u00f3n \u2013 Colombia. Garantizamos el acceso efectivo a la justicia, la verdad y la reparaci\u00f3n de las v\u00edctimas de los delitos.","og_url":"https:\/\/www.fiscalia.gov.co\/colombia\/noticias\/fiscalia-judicializo-a-presunto-traficante-de-estupefacientes-en-casanare\/","og_site_name":"Fiscal\u00eda General de la Naci\u00f3n","article_publisher":"https:\/\/www.facebook.com\/FiscaliaCol","article_published_time":"2022-07-12T16:29:33+00:00","og_image":[{"url":"https:\/\/www.fiscalia.gov.co\/colombia\/wp-content\/uploads\/Fiscal-Barbosa-A-Angel-Leopoldo-Meche-Sigua-la-Fiscalia-lo-imputo-por-los-delitos-de-porte-y-venta-de-estupefacientes-y-porte-de-armas-de-fuego.-1024x759.jpeg","type":"","width":"","height":""}],"author":"Jordan Leandro Oviedo Anzola","twitter_card":"summary_large_image","twitter_creator":"@FiscaliaCol","twitter_site":"@FiscaliaCol","twitter_misc":{"Escrito por":"Jordan Leandro Oviedo Anzola","Tiempo de lectura":"2 minutos"},"schema":{"@context":"https:\/\/schema.org","@graph":[{"@type":"Article","@id":"https:\/\/www.fiscalia.gov.co\/colombia\/noticias\/fiscalia-judicializo-a-presunto-traficante-de-estupefacientes-en-casanare\/#article","isPartOf":{"@id":"https:\/\/www.fiscalia.gov.co\/colombia\/noticias\/fiscalia-judicializo-a-presunto-traficante-de-estupefacientes-en-casanare\/"},"author":{"name":"Jordan Leandro Oviedo Anzola","@id":"https:\/\/www.fiscalia.gov.co\/colombia\/#\/schema\/person\/bf84402cf293a5393e9c70b111020b24"},"headline":"Fiscal\u00eda judicializ\u00f3 a presunto traficante de estupefacientes en Casanare","datePublished":"2022-07-12T16:29:33+00:00","dateModified":"2022-07-12T16:29:33+00:00","mainEntityOfPage":{"@id":"https:\/\/www.fiscalia.gov.co\/colombia\/noticias\/fiscalia-judicializo-a-presunto-traficante-de-estupefacientes-en-casanare\/"},"wordCount":318,"publisher":{"@id":"https:\/\/www.fiscalia.gov.co\/colombia\/#organization"},"image":{"@id":"https:\/\/www.fiscalia.gov.co\/colombia\/noticias\/fiscalia-judicializo-a-presunto-traficante-de-estupefacientes-en-casanare\/#primaryimage"},"thumbnailUrl":"https:\/\/www.fiscalia.gov.co\/colombia\/wp-content\/uploads\/Fiscal-Barbosa-A-Angel-Leopoldo-Meche-Sigua-la-Fiscalia-lo-imputo-por-los-delitos-de-porte-y-venta-de-estupefacientes-y-porte-de-armas-de-fuego.-1024x759.jpeg","keywords":["Estupefacientes","Fiscal Barbosa","Fiscal Francisco Barbosa","Fiscal\u00eda General de la Naci\u00f3n","Tr\u00e1fico","Yopal (Casanare)"],"articleSection":["Noticias","Seccional Yopal","Seccionales","Tr\u00e1fico de estupefacientes"],"inLanguage":"es-CO"},{"@type":"WebPage","@id":"https:\/\/www.fiscalia.gov.co\/colombia\/noticias\/fiscalia-judicializo-a-presunto-traficante-de-estupefacientes-en-casanare\/","url":"https:\/\/www.fiscalia.gov.co\/colombia\/noticias\/fiscalia-judicializo-a-presunto-traficante-de-estupefacientes-en-casanare\/","name":"Fiscal\u00eda General de la Naci\u00f3n","isPartOf":{"@id":"https:\/\/www.fiscalia.gov.co\/colombia\/#website"},"primaryImageOfPage":{"@id":"https:\/\/www.fiscalia.gov.co\/colombia\/noticias\/fiscalia-judicializo-a-presunto-traficante-de-estupefacientes-en-casanare\/#primaryimage"},"image":{"@id":"https:\/\/www.fiscalia.gov.co\/colombia\/noticias\/fiscalia-judicializo-a-presunto-traficante-de-estupefacientes-en-casanare\/#primaryimage"},"thumbnailUrl":"https:\/\/www.fiscalia.gov.co\/colombia\/wp-content\/uploads\/Fiscal-Barbosa-A-Angel-Leopoldo-Meche-Sigua-la-Fiscalia-lo-imputo-por-los-delitos-de-porte-y-venta-de-estupefacientes-y-porte-de-armas-de-fuego.-1024x759.jpeg","datePublished":"2022-07-12T16:29:33+00:00","dateModified":"2022-07-12T16:29:33+00:00","description":"P\u00e1gina oficial de la Fiscal\u00eda General de la Naci\u00f3n \u2013 Colombia. Garantizamos el acceso efectivo a la justicia, la verdad y la reparaci\u00f3n de las v\u00edctimas de los delitos.","breadcrumb":{"@id":"https:\/\/www.fiscalia.gov.co\/colombia\/noticias\/fiscalia-judicializo-a-presunto-traficante-de-estupefacientes-en-casanare\/#breadcrumb"},"inLanguage":"es-CO","potentialAction":[{"@type":"ReadAction","target":["https:\/\/www.fiscalia.gov.co\/colombia\/noticias\/fiscalia-judicializo-a-presunto-traficante-de-estupefacientes-en-casanare\/"]}]},{"@type":"ImageObject","inLanguage":"es-CO","@id":"https:\/\/www.fiscalia.gov.co\/colombia\/noticias\/fiscalia-judicializo-a-presunto-traficante-de-estupefacientes-en-casanare\/#primaryimage","url":"https:\/\/www.fiscalia.gov.co\/colombia\/wp-content\/uploads\/Fiscal-Barbosa-A-Angel-Leopoldo-Meche-Sigua-la-Fiscalia-lo-imputo-por-los-delitos-de-porte-y-venta-de-estupefacientes-y-porte-de-armas-de-fuego.-1024x759.jpeg","contentUrl":"https:\/\/www.fiscalia.gov.co\/colombia\/wp-content\/uploads\/Fiscal-Barbosa-A-Angel-Leopoldo-Meche-Sigua-la-Fiscalia-lo-imputo-por-los-delitos-de-porte-y-venta-de-estupefacientes-y-porte-de-armas-de-fuego.-1024x759.jpeg"},{"@type":"BreadcrumbList","@id":"https:\/\/www.fiscalia.gov.co\/colombia\/noticias\/fiscalia-judicializo-a-presunto-traficante-de-estupefacientes-en-casanare\/#breadcrumb","itemListElement":[{"@type":"ListItem","position":1,"name":"Home","item":"https:\/\/www.fiscalia.gov.co\/colombia\/"},{"@type":"ListItem","position":2,"name":"Fiscal\u00eda judicializ\u00f3 a presunto traficante de estupefacientes en Casanare"}]},{"@type":"WebSite","@id":"https:\/\/www.fiscalia.gov.co\/colombia\/#website","url":"https:\/\/www.fiscalia.gov.co\/colombia\/","name":"Fiscal\u00eda General de la Naci\u00f3n","description":"P\u00e1gina oficial de la Fiscal\u00eda General de la Naci\u00f3n \u2013 Colombia. Garantizamos el acceso efectivo a la justicia, la verdad y la reparaci\u00f3n de las v\u00edctimas de los delitos.","publisher":{"@id":"https:\/\/www.fiscalia.gov.co\/colombia\/#organization"},"potentialAction":[{"@type":"SearchAction","target":{"@type":"EntryPoint","urlTemplate":"https:\/\/www.fiscalia.gov.co\/colombia\/?s={search_term_string}"},"query-input":{"@type":"PropertyValueSpecification","valueRequired":true,"valueName":"search_term_string"}}],"inLanguage":"es-CO"},{"@type":"Organization","@id":"https:\/\/www.fiscalia.gov.co\/colombia\/#organization","name":"Fiscal\u00eda General de la Naci\u00f3n","url":"https:\/\/www.fiscalia.gov.co\/colombia\/","logo":{"@type":"ImageObject","inLanguage":"es-CO","@id":"https:\/\/www.fiscalia.gov.co\/colombia\/#\/schema\/logo\/image\/","url":"https:\/\/www.fiscalia.gov.co\/colombia\/wp-content\/uploads\/LogoHorizontal_1.jpg","contentUrl":"https:\/\/www.fiscalia.gov.co\/colombia\/wp-content\/uploads\/LogoHorizontal_1.jpg","width":300,"height":90,"caption":"Fiscal\u00eda General de la Naci\u00f3n"},"image":{"@id":"https:\/\/www.fiscalia.gov.co\/colombia\/#\/schema\/logo\/image\/"},"sameAs":["https:\/\/www.facebook.com\/FiscaliaCol","https:\/\/x.com\/FiscaliaCol","https:\/\/www.instagram.com\/fiscaliacol","https:\/\/www.linkedin.com\/company\/fiscalia-general-de-la-naci-n\/","https:\/\/youtube.com\/@fiscaliageneraldelanacion-4668?si=6nN79nyQICPU5iTh"]},{"@type":"Person","@id":"https:\/\/www.fiscalia.gov.co\/colombia\/#\/schema\/person\/bf84402cf293a5393e9c70b111020b24","name":"Jordan Leandro Oviedo Anzola","image":{"@type":"ImageObject","inLanguage":"es-CO","@id":"https:\/\/www.fiscalia.gov.co\/colombia\/#\/schema\/person\/image\/","url":"https:\/\/secure.gravatar.com\/avatar\/dabba4346fa9b9207d96adafa8f92721?s=96&d=mm&r=g","contentUrl":"https:\/\/secure.gravatar.com\/avatar\/dabba4346fa9b9207d96adafa8f92721?s=96&d=mm&r=g","caption":"Jordan Leandro Oviedo Anzola"},"url":"https:\/\/www.fiscalia.gov.co\/colombia\/author\/joviedo\/"}]}},"_links":{"self":[{"href":"https:\/\/www.fiscalia.gov.co\/colombia\/wp-json\/wp\/v2\/posts\/252584","targetHints":{"allow":["GET"]}}],"collection":[{"href":"https:\/\/www.fiscalia.gov.co\/colombia\/wp-json\/wp\/v2\/posts"}],"about":[{"href":"https:\/\/www.fiscalia.gov.co\/colombia\/wp-json\/wp\/v2\/types\/post"}],"author":[{"embeddable":true,"href":"https:\/\/www.fiscalia.gov.co\/colombia\/wp-json\/wp\/v2\/users\/177"}],"replies":[{"embeddable":true,"href":"https:\/\/www.fiscalia.gov.co\/colombia\/wp-json\/wp\/v2\/comments?post=252584"}],"version-history":[{"count":1,"href":"https:\/\/www.fiscalia.gov.co\/colombia\/wp-json\/wp\/v2\/posts\/252584\/revisions"}],"predecessor-version":[{"id":252586,"href":"https:\/\/www.fiscalia.gov.co\/colombia\/wp-json\/wp\/v2\/posts\/252584\/revisions\/252586"}],"wp:attachment":[{"href":"https:\/\/www.fiscalia.gov.co\/colombia\/wp-json\/wp\/v2\/media?parent=252584"}],"wp:term":[{"taxonomy":"category","embeddable":true,"href":"https:\/\/www.fiscalia.gov.co\/colombia\/wp-json\/wp\/v2\/categories?post=252584"},{"taxonomy":"post_tag","embeddable":true,"href":"https:\/\/www.fiscalia.gov.co\/colombia\/wp-json\/wp\/v2\/tags?post=252584"}],"curies":[{"name":"wp","href":"https:\/\/api.w.org\/{rel}","templated":true}]}}