{"id":252470,"date":"2022-07-11T10:54:41","date_gmt":"2022-07-11T15:54:41","guid":{"rendered":"https:\/\/www.fiscalia.gov.co\/colombia\/?p=252470"},"modified":"2022-07-15T14:16:31","modified_gmt":"2022-07-15T19:16:31","slug":"asegurados-10-presuntos-integrantes-de-los-piel-roja-por-microtrafico-extorsion-y-desplazamiento-forzado-en-cali","status":"publish","type":"post","link":"https:\/\/www.fiscalia.gov.co\/colombia\/noticias\/asegurados-10-presuntos-integrantes-de-los-piel-roja-por-microtrafico-extorsion-y-desplazamiento-forzado-en-cali\/","title":{"rendered":"Asegurados 10 presuntos integrantes de \u2018Los Piel Roja\u2019 por microtr\u00e1fico, extorsi\u00f3n y desplazamiento forzado en Cali"},"content":{"rendered":"<h4 style=\"font-weight: 400;\"><strong><em>Durante 10 a\u00f1os este grupo delictivo delinqui\u00f3 en los barrios El Calvario, Sucre y San Nicol\u00e1s de la capital vallecaucana. Se les endilga su participaci\u00f3n en 31 eventos il\u00edcitos.<\/em><\/strong><\/h4>\n<h4 style=\"font-weight: 400;\"><strong><em>Es la estructura n\u00famero 15 afectada en lo que va corrido del presente a\u00f1o en la capital vallecaucana. Un total de 109 capturados y privados de la libertad para un \u00edndice de efectividad del 100% en materia de microtr\u00e1fico en esta ciudad.<\/em><\/strong><\/h4>\n<p style=\"font-weight: 400;\">Diez presuntos integrantes del grupo delictivo \u2018Los Piel Roja\u2019 fueron capturados, judicializados y privados de la libertad como presuntos responsables de 31 eventos delictivos relacionados con\u00a0<a href=\"https:\/\/www.fiscalia.gov.co\/colombia\/noticias\/asegurados-5-presuntos-integrantes-de-la-banda-los-cafeteros-dedicada-al-microtrafico-en-pasto\/\" data-saferedirecturl=\"https:\/\/www.google.com\/url?q=https:\/\/www.fiscalia.gov.co\/colombia\/noticias\/asegurados-5-presuntos-integrantes-de-la-banda-los-cafeteros-dedicada-al-microtrafico-en-pasto\/&amp;source=gmail&amp;ust=1657640623704000&amp;usg=AOvVaw3p9CXkCYOJSMPK7MK2dHIB\">microtr\u00e1fico<\/a>, extorsiones y desplazamiento forzado, en las comunas 3 y 9 de Cali (Valle del Cauca).<\/p>\n<figure id=\"attachment_252471\" aria-describedby=\"caption-attachment-252471\" style=\"width: 696px\" class=\"wp-caption aligncenter\"><img loading=\"lazy\" decoding=\"async\" class=\"size-large wp-image-252471\" src=\"https:\/\/www.fiscalia.gov.co\/colombia\/wp-content\/uploads\/Los-Piel-Roja.-Microtrafico-y-otros-delitos.-Cali-Valle.-1024x576.jpg\" alt=\"\" width=\"696\" height=\"392\" srcset=\"https:\/\/www.fiscalia.gov.co\/colombia\/wp-content\/uploads\/Los-Piel-Roja.-Microtrafico-y-otros-delitos.-Cali-Valle.-1024x576.jpg 1024w, https:\/\/www.fiscalia.gov.co\/colombia\/wp-content\/uploads\/Los-Piel-Roja.-Microtrafico-y-otros-delitos.-Cali-Valle.-300x169.jpg 300w, https:\/\/www.fiscalia.gov.co\/colombia\/wp-content\/uploads\/Los-Piel-Roja.-Microtrafico-y-otros-delitos.-Cali-Valle.-768x432.jpg 768w, https:\/\/www.fiscalia.gov.co\/colombia\/wp-content\/uploads\/Los-Piel-Roja.-Microtrafico-y-otros-delitos.-Cali-Valle.-696x392.jpg 696w, https:\/\/www.fiscalia.gov.co\/colombia\/wp-content\/uploads\/Los-Piel-Roja.-Microtrafico-y-otros-delitos.-Cali-Valle.-1068x601.jpg 1068w, https:\/\/www.fiscalia.gov.co\/colombia\/wp-content\/uploads\/Los-Piel-Roja.-Microtrafico-y-otros-delitos.-Cali-Valle.-747x420.jpg 747w, https:\/\/www.fiscalia.gov.co\/colombia\/wp-content\/uploads\/Los-Piel-Roja.-Microtrafico-y-otros-delitos.-Cali-Valle..jpg 1280w\" sizes=\"auto, (max-width: 696px) 100vw, 696px\" \/><figcaption id=\"caption-attachment-252471\" class=\"wp-caption-text\">Presuntos integrantes de \u2018Los Piel Roja\u2019 privados de la libertad, implicados en delitos como microtr\u00e1fico y extorsi\u00f3n en las comunas 3 y 9 de Cali (Valle).<\/figcaption><\/figure>\n<p style=\"font-weight: 400;\">As\u00ed lo solicit\u00f3 la Fiscal\u00eda General de la Naci\u00f3n ante un juez de control de garant\u00edas, luego de que los hoy imputados fueron capturados con orden judicial (9) y en flagrancia (1), durante diligencias judiciales adelantadas por personal de la Polic\u00eda Nacional.<\/p>\n<p style=\"font-weight: 400;\">Se trata de:<\/p>\n<p style=\"font-weight: 400;\">.- Carlos\u00a0 Andr\u00e9s Rodr\u00edguez Riascos, alias \u2018Cori\u2019 y supuesto l\u00edder.<\/p>\n<p style=\"font-weight: 400;\">.- Luis Enrique Fajardo Mosquera, alias \u2018Cul\u00f3n\u2019 y supuesto l\u00edder.<\/p>\n<p style=\"font-weight: 400;\">.- Fredy Ca\u00f1averal Meza, alias \u2018El Gordo\u2019 o \u2018El Coste\u00f1o\u2019.<\/p>\n<p style=\"font-weight: 400;\">.- Jonathan Jos\u00e9 Ferrer Palomo, alias \u2018Jonathan\u2019.<\/p>\n<p style=\"font-weight: 400;\">.- Kever Leandro Rodr\u00edguez Rivera, alias \u2018Kever\u2019.<\/p>\n<p style=\"font-weight: 400;\">.- Pedro Daniel Carranza Vargas, alias \u2018Pedrito\u2019.<\/p>\n<p style=\"font-weight: 400;\">.-Jes\u00fas Francisco Plaza Enr\u00edquez, alias \u2018L\u00e1grimas\u2019.<\/p>\n<p style=\"font-weight: 400;\">.- Rachel Diosimar Riviero Ojeda, alias \u2018Rachel\u2019.<\/p>\n<p style=\"font-weight: 400;\">.- Nilson Argenis Vargas Andrade, alias \u2018Argenis\u2019.<\/p>\n<p style=\"font-weight: 400;\">.-Jhonathan Arce Torres (capturado en flagrancia).<\/p>\n<p style=\"font-weight: 400;\"><strong><u>\u2018Modus operandi\u2019:<\/u><\/strong><\/p>\n<p style=\"font-weight: 400;\">De acuerdo con la investigaci\u00f3n coordinada por un fiscal especializado de la Estructura de Apoyo de la Seccional Cali, \u2018Los Piel Roja\u2019 se acentuaron en los barrios el Calvario, San Nicol\u00e1s y Sucre, centro de la capital vallecaucana.<\/p>\n<p style=\"font-weight: 400;\">Dicho grupo delictivo ten\u00eda dividido sus rangos o roles que van desde coordinadores o administradores que eran los encargados de controlar la venta y recolecci\u00f3n de dineros de dichas ventas. As\u00ed como de las extorsiones en la que tambi\u00e9n estar\u00edan inmersos los presuntos integrantes de este grupo delictivo, provocando el desplazamiento forzado de varias v\u00edctimas, especialmente tenderos y de negocios comerciales a quienes les exig\u00edan dinero para dejarlos trabajar.<\/p>\n<p style=\"font-weight: 400;\">Asimismo, los encargados de la venta de los estupefacientes eran, en su mayor\u00eda, habitantes de calle, quienes las escond\u00edan en postes, andenes, alcantarillas, entre otros.<\/p>\n<p style=\"font-weight: 400;\"><strong><u>Privados de la libertad:<\/u><\/strong><\/p>\n<p style=\"font-weight: 400;\">Durante diligencias de registro y allanamiento, ordenadas por el fiscal del caso, personal de la Polic\u00eda Nacional hizo efectivas 9 \u00f3rdenes de captura y realiz\u00f3 otra en flagrancia por estupefacientes.<\/p>\n<p style=\"font-weight: 400;\">La Fiscal\u00eda, en las audiencias concentradas, les imput\u00f3 cargos a los capturados por delitos como concierto para delinquir; fabricaci\u00f3n, tr\u00e1fico o porte de estupefacientes, desplazamiento forzado y extorsi\u00f3n.<\/p>\n<p style=\"font-weight: 400;\">Por decisi\u00f3n del juez los 10 presuntos integrantes de \u2018Los Piel Roja\u2019, quienes no aceptaron los cargos formulados por la Fiscal\u00eda, deben cumplir la medida de aseguramiento en centro carcelario.<\/p>\n<p style=\"font-weight: 400;\">Con \u2018Los Piel Roja\u2019 son 15 las estructuras delictivas dedicadas al microtr\u00e1fico en la capital vallecaucana, con un total de 109 capturados y privados de la libertad, lo que significa en \u00edndice de efectividad del 100% en lo que va corrido del presente a\u00f1o.<\/p>\n<p style=\"font-weight: 400;\"><strong>La Fiscal\u00eda habla con resultados.<\/strong><\/p>\n<p>&nbsp;<\/p>\n<p>&nbsp;<\/p>\n<p>&nbsp;<\/p>\n<p style=\"font-weight: 400;\">MAP\/CFG\/SEGM\/DSC\/<\/p>\n<p>&nbsp;<\/p>\n<div class=\"td-post-content tagdiv-type\">\n<div class=\"td-post-content tagdiv-type\">\n<p><em>La informaci\u00f3n contenida en este bolet\u00edn de prensa corresponde a la narraci\u00f3n de los hechos noticiosos objetivos, suministrados por los funcionarios encargados de adelantar las investigaciones penales al interior de la Fiscal\u00eda General de la Naci\u00f3n. Para el momento de la divulgaci\u00f3n de este comunicado, la situaci\u00f3n jur\u00eddica de la(s) persona(s) relacionada(s) se encuentra pendiente de resolver por la autoridad judicial competente, siempre bajo los preceptos de la presunci\u00f3n de inocencia, consagrados en el art\u00edculo 29 de la Constituci\u00f3n Pol\u00edtica y el art\u00edculo 7\u00ba de la Ley 906 de 2004.<\/em><strong>\u00a0<\/strong><\/p>\n<\/div>\n<\/div>\n<p style=\"font-weight: 400;\">\n\n<div class=\"twitter-share\"><a href=\"https:\/\/twitter.com\/intent\/tweet?via=fiscaliacol\" class=\"twitter-share-button\">Tweet<\/a><\/div>\n","protected":false},"excerpt":{"rendered":"<p>Durante 10 a\u00f1os este grupo delictivo delinqui\u00f3 en los barrios El Calvario, Sucre y San Nicol\u00e1s de la capital vallecaucana. Se les endilga su participaci\u00f3n en 31 eventos il\u00edcitos. Es [&hellip;]<\/p>\n","protected":false},"author":177,"featured_media":0,"comment_status":"closed","ping_status":"open","sticky":false,"template":"","format":"video","meta":{"tdm_status":"","tdm_grid_status":"","footnotes":""},"categories":[1,324,303,24099],"tags":[32252,30077,8010,24551,27446,32251,78,24187,7169,1185,674,24549,26070,12476],"class_list":["post-252470","post","type-post","status-publish","format-video","category-noticias","category-seccional-cali","category-seccionales","category-seguridad-territorial","tag-los-piel-roja","tag-cali-valle-del-cauca","tag-capturados","tag-centro-carcelario","tag-concierto-para-delinquir-fabricacion","tag-desplazamiento-forzado-y-extorsion","tag-fiscal-general-de-la-nacion","tag-fiscalia-colombia","tag-flagrancia","tag-medida-de-aseguramiento","tag-microtrafico","tag-orden-judicial","tag-seccional-cali","tag-trafico-o-porte-de-estupefacientes","post_format-post-format-video"],"yoast_head":"<!-- This site is optimized with the Yoast SEO plugin v24.3 - https:\/\/yoast.com\/wordpress\/plugins\/seo\/ -->\n<title>Fiscal\u00eda General de la Naci\u00f3n<\/title>\n<meta name=\"description\" content=\"P\u00e1gina oficial de la Fiscal\u00eda General de la Naci\u00f3n \u2013 Colombia. Garantizamos el acceso efectivo a la justicia, la verdad y la reparaci\u00f3n de las v\u00edctimas de los delitos.\" \/>\n<meta name=\"robots\" content=\"noindex, follow\" \/>\n<meta property=\"og:locale\" content=\"es_ES\" \/>\n<meta property=\"og:type\" content=\"article\" \/>\n<meta property=\"og:title\" content=\"Fiscal\u00eda General de la Naci\u00f3n\" \/>\n<meta property=\"og:description\" content=\"P\u00e1gina oficial de la Fiscal\u00eda General de la Naci\u00f3n \u2013 Colombia. Garantizamos el acceso efectivo a la justicia, la verdad y la reparaci\u00f3n de las v\u00edctimas de los delitos.\" \/>\n<meta property=\"og:url\" content=\"https:\/\/www.fiscalia.gov.co\/colombia\/noticias\/asegurados-10-presuntos-integrantes-de-los-piel-roja-por-microtrafico-extorsion-y-desplazamiento-forzado-en-cali\/\" \/>\n<meta property=\"og:site_name\" content=\"Fiscal\u00eda General de la Naci\u00f3n\" \/>\n<meta property=\"article:publisher\" content=\"https:\/\/www.facebook.com\/FiscaliaCol\" \/>\n<meta property=\"article:published_time\" content=\"2022-07-11T15:54:41+00:00\" \/>\n<meta property=\"article:modified_time\" content=\"2022-07-15T19:16:31+00:00\" \/>\n<meta property=\"og:image\" content=\"https:\/\/www.fiscalia.gov.co\/colombia\/wp-content\/uploads\/Los-Piel-Roja.-Microtrafico-y-otros-delitos.-Cali-Valle.-1024x576.jpg\" \/>\n<meta name=\"author\" content=\"Jordan Leandro Oviedo Anzola\" \/>\n<meta name=\"twitter:card\" content=\"summary_large_image\" \/>\n<meta name=\"twitter:creator\" content=\"@FiscaliaCol\" \/>\n<meta name=\"twitter:site\" content=\"@FiscaliaCol\" \/>\n<meta name=\"twitter:label1\" content=\"Escrito por\" \/>\n\t<meta name=\"twitter:data1\" content=\"Jordan Leandro Oviedo Anzola\" \/>\n\t<meta name=\"twitter:label2\" content=\"Tiempo de lectura\" \/>\n\t<meta name=\"twitter:data2\" content=\"3 minutos\" \/>\n<script type=\"application\/ld+json\" class=\"yoast-schema-graph\">{\"@context\":\"https:\/\/schema.org\",\"@graph\":[{\"@type\":\"Article\",\"@id\":\"https:\/\/www.fiscalia.gov.co\/colombia\/noticias\/asegurados-10-presuntos-integrantes-de-los-piel-roja-por-microtrafico-extorsion-y-desplazamiento-forzado-en-cali\/#article\",\"isPartOf\":{\"@id\":\"https:\/\/www.fiscalia.gov.co\/colombia\/noticias\/asegurados-10-presuntos-integrantes-de-los-piel-roja-por-microtrafico-extorsion-y-desplazamiento-forzado-en-cali\/\"},\"author\":{\"name\":\"Jordan Leandro Oviedo Anzola\",\"@id\":\"https:\/\/www.fiscalia.gov.co\/colombia\/#\/schema\/person\/bf84402cf293a5393e9c70b111020b24\"},\"headline\":\"Asegurados 10 presuntos integrantes de \u2018Los Piel Roja\u2019 por microtr\u00e1fico, extorsi\u00f3n y desplazamiento forzado en Cali\",\"datePublished\":\"2022-07-11T15:54:41+00:00\",\"dateModified\":\"2022-07-15T19:16:31+00:00\",\"mainEntityOfPage\":{\"@id\":\"https:\/\/www.fiscalia.gov.co\/colombia\/noticias\/asegurados-10-presuntos-integrantes-de-los-piel-roja-por-microtrafico-extorsion-y-desplazamiento-forzado-en-cali\/\"},\"wordCount\":698,\"publisher\":{\"@id\":\"https:\/\/www.fiscalia.gov.co\/colombia\/#organization\"},\"image\":{\"@id\":\"https:\/\/www.fiscalia.gov.co\/colombia\/noticias\/asegurados-10-presuntos-integrantes-de-los-piel-roja-por-microtrafico-extorsion-y-desplazamiento-forzado-en-cali\/#primaryimage\"},\"thumbnailUrl\":\"https:\/\/www.fiscalia.gov.co\/colombia\/wp-content\/uploads\/Los-Piel-Roja.-Microtrafico-y-otros-delitos.-Cali-Valle.-1024x576.jpg\",\"keywords\":[\"\u2018Los Piel Roja\u2019\",\"Cali (Valle del Cauca)\",\"Capturados\",\"centro carcelario\",\"concierto para delinquir; fabricaci\u00f3n\",\"desplazamiento forzado y extorsi\u00f3n\",\"Fiscal General de la Naci\u00f3n\",\"Fiscal\u00eda Colombia\",\"Flagrancia\",\"Medida de aseguramiento\",\"Microtr\u00e1fico\",\"orden judicial\",\"Seccional Cali\",\"tr\u00e1fico o porte de estupefacientes\"],\"articleSection\":[\"Noticias\",\"Seccional Cali\",\"Seccionales\",\"Seguridad territorial\"],\"inLanguage\":\"es-CO\"},{\"@type\":\"WebPage\",\"@id\":\"https:\/\/www.fiscalia.gov.co\/colombia\/noticias\/asegurados-10-presuntos-integrantes-de-los-piel-roja-por-microtrafico-extorsion-y-desplazamiento-forzado-en-cali\/\",\"url\":\"https:\/\/www.fiscalia.gov.co\/colombia\/noticias\/asegurados-10-presuntos-integrantes-de-los-piel-roja-por-microtrafico-extorsion-y-desplazamiento-forzado-en-cali\/\",\"name\":\"Fiscal\u00eda General de la Naci\u00f3n\",\"isPartOf\":{\"@id\":\"https:\/\/www.fiscalia.gov.co\/colombia\/#website\"},\"primaryImageOfPage\":{\"@id\":\"https:\/\/www.fiscalia.gov.co\/colombia\/noticias\/asegurados-10-presuntos-integrantes-de-los-piel-roja-por-microtrafico-extorsion-y-desplazamiento-forzado-en-cali\/#primaryimage\"},\"image\":{\"@id\":\"https:\/\/www.fiscalia.gov.co\/colombia\/noticias\/asegurados-10-presuntos-integrantes-de-los-piel-roja-por-microtrafico-extorsion-y-desplazamiento-forzado-en-cali\/#primaryimage\"},\"thumbnailUrl\":\"https:\/\/www.fiscalia.gov.co\/colombia\/wp-content\/uploads\/Los-Piel-Roja.-Microtrafico-y-otros-delitos.-Cali-Valle.-1024x576.jpg\",\"datePublished\":\"2022-07-11T15:54:41+00:00\",\"dateModified\":\"2022-07-15T19:16:31+00:00\",\"description\":\"P\u00e1gina oficial de la Fiscal\u00eda General de la Naci\u00f3n \u2013 Colombia. Garantizamos el acceso efectivo a la justicia, la verdad y la reparaci\u00f3n de las v\u00edctimas de los delitos.\",\"breadcrumb\":{\"@id\":\"https:\/\/www.fiscalia.gov.co\/colombia\/noticias\/asegurados-10-presuntos-integrantes-de-los-piel-roja-por-microtrafico-extorsion-y-desplazamiento-forzado-en-cali\/#breadcrumb\"},\"inLanguage\":\"es-CO\",\"potentialAction\":[{\"@type\":\"ReadAction\",\"target\":[\"https:\/\/www.fiscalia.gov.co\/colombia\/noticias\/asegurados-10-presuntos-integrantes-de-los-piel-roja-por-microtrafico-extorsion-y-desplazamiento-forzado-en-cali\/\"]}]},{\"@type\":\"ImageObject\",\"inLanguage\":\"es-CO\",\"@id\":\"https:\/\/www.fiscalia.gov.co\/colombia\/noticias\/asegurados-10-presuntos-integrantes-de-los-piel-roja-por-microtrafico-extorsion-y-desplazamiento-forzado-en-cali\/#primaryimage\",\"url\":\"https:\/\/www.fiscalia.gov.co\/colombia\/wp-content\/uploads\/Los-Piel-Roja.-Microtrafico-y-otros-delitos.-Cali-Valle..jpg\",\"contentUrl\":\"https:\/\/www.fiscalia.gov.co\/colombia\/wp-content\/uploads\/Los-Piel-Roja.-Microtrafico-y-otros-delitos.-Cali-Valle..jpg\",\"width\":1280,\"height\":720,\"caption\":\"Presuntos integrantes de \u2018Los Piel Roja\u2019 privados de la libertad, implicados en delitos como microtr\u00e1fico y extorsi\u00f3n en las comunas 3 y 9 de Cali (Valle).\"},{\"@type\":\"BreadcrumbList\",\"@id\":\"https:\/\/www.fiscalia.gov.co\/colombia\/noticias\/asegurados-10-presuntos-integrantes-de-los-piel-roja-por-microtrafico-extorsion-y-desplazamiento-forzado-en-cali\/#breadcrumb\",\"itemListElement\":[{\"@type\":\"ListItem\",\"position\":1,\"name\":\"Home\",\"item\":\"https:\/\/www.fiscalia.gov.co\/colombia\/\"},{\"@type\":\"ListItem\",\"position\":2,\"name\":\"Asegurados 10 presuntos integrantes de \u2018Los Piel Roja\u2019 por microtr\u00e1fico, extorsi\u00f3n y desplazamiento forzado en Cali\"}]},{\"@type\":\"WebSite\",\"@id\":\"https:\/\/www.fiscalia.gov.co\/colombia\/#website\",\"url\":\"https:\/\/www.fiscalia.gov.co\/colombia\/\",\"name\":\"Fiscal\u00eda General de la Naci\u00f3n\",\"description\":\"P\u00e1gina oficial de la Fiscal\u00eda General de la Naci\u00f3n \u2013 Colombia. Garantizamos el acceso efectivo a la justicia, la verdad y la reparaci\u00f3n de las v\u00edctimas de los delitos.\",\"publisher\":{\"@id\":\"https:\/\/www.fiscalia.gov.co\/colombia\/#organization\"},\"potentialAction\":[{\"@type\":\"SearchAction\",\"target\":{\"@type\":\"EntryPoint\",\"urlTemplate\":\"https:\/\/www.fiscalia.gov.co\/colombia\/?s={search_term_string}\"},\"query-input\":{\"@type\":\"PropertyValueSpecification\",\"valueRequired\":true,\"valueName\":\"search_term_string\"}}],\"inLanguage\":\"es-CO\"},{\"@type\":\"Organization\",\"@id\":\"https:\/\/www.fiscalia.gov.co\/colombia\/#organization\",\"name\":\"Fiscal\u00eda General de la Naci\u00f3n\",\"url\":\"https:\/\/www.fiscalia.gov.co\/colombia\/\",\"logo\":{\"@type\":\"ImageObject\",\"inLanguage\":\"es-CO\",\"@id\":\"https:\/\/www.fiscalia.gov.co\/colombia\/#\/schema\/logo\/image\/\",\"url\":\"https:\/\/www.fiscalia.gov.co\/colombia\/wp-content\/uploads\/LogoHorizontal_1.jpg\",\"contentUrl\":\"https:\/\/www.fiscalia.gov.co\/colombia\/wp-content\/uploads\/LogoHorizontal_1.jpg\",\"width\":300,\"height\":90,\"caption\":\"Fiscal\u00eda General de la Naci\u00f3n\"},\"image\":{\"@id\":\"https:\/\/www.fiscalia.gov.co\/colombia\/#\/schema\/logo\/image\/\"},\"sameAs\":[\"https:\/\/www.facebook.com\/FiscaliaCol\",\"https:\/\/x.com\/FiscaliaCol\",\"https:\/\/www.instagram.com\/fiscaliacol\",\"https:\/\/www.linkedin.com\/company\/fiscalia-general-de-la-naci-n\/\",\"https:\/\/youtube.com\/@fiscaliageneraldelanacion-4668?si=6nN79nyQICPU5iTh\"]},{\"@type\":\"Person\",\"@id\":\"https:\/\/www.fiscalia.gov.co\/colombia\/#\/schema\/person\/bf84402cf293a5393e9c70b111020b24\",\"name\":\"Jordan Leandro Oviedo Anzola\",\"image\":{\"@type\":\"ImageObject\",\"inLanguage\":\"es-CO\",\"@id\":\"https:\/\/www.fiscalia.gov.co\/colombia\/#\/schema\/person\/image\/\",\"url\":\"https:\/\/secure.gravatar.com\/avatar\/dabba4346fa9b9207d96adafa8f92721?s=96&d=mm&r=g\",\"contentUrl\":\"https:\/\/secure.gravatar.com\/avatar\/dabba4346fa9b9207d96adafa8f92721?s=96&d=mm&r=g\",\"caption\":\"Jordan Leandro Oviedo Anzola\"},\"url\":\"https:\/\/www.fiscalia.gov.co\/colombia\/author\/joviedo\/\"}]}<\/script>\n<!-- \/ Yoast SEO plugin. -->","yoast_head_json":{"title":"Fiscal\u00eda General de la Naci\u00f3n","description":"P\u00e1gina oficial de la Fiscal\u00eda General de la Naci\u00f3n \u2013 Colombia. Garantizamos el acceso efectivo a la justicia, la verdad y la reparaci\u00f3n de las v\u00edctimas de los delitos.","robots":{"index":"noindex","follow":"follow"},"og_locale":"es_ES","og_type":"article","og_title":"Fiscal\u00eda General de la Naci\u00f3n","og_description":"P\u00e1gina oficial de la Fiscal\u00eda General de la Naci\u00f3n \u2013 Colombia. Garantizamos el acceso efectivo a la justicia, la verdad y la reparaci\u00f3n de las v\u00edctimas de los delitos.","og_url":"https:\/\/www.fiscalia.gov.co\/colombia\/noticias\/asegurados-10-presuntos-integrantes-de-los-piel-roja-por-microtrafico-extorsion-y-desplazamiento-forzado-en-cali\/","og_site_name":"Fiscal\u00eda General de la Naci\u00f3n","article_publisher":"https:\/\/www.facebook.com\/FiscaliaCol","article_published_time":"2022-07-11T15:54:41+00:00","article_modified_time":"2022-07-15T19:16:31+00:00","og_image":[{"url":"https:\/\/www.fiscalia.gov.co\/colombia\/wp-content\/uploads\/Los-Piel-Roja.-Microtrafico-y-otros-delitos.-Cali-Valle.-1024x576.jpg","type":"","width":"","height":""}],"author":"Jordan Leandro Oviedo Anzola","twitter_card":"summary_large_image","twitter_creator":"@FiscaliaCol","twitter_site":"@FiscaliaCol","twitter_misc":{"Escrito por":"Jordan Leandro Oviedo Anzola","Tiempo de lectura":"3 minutos"},"schema":{"@context":"https:\/\/schema.org","@graph":[{"@type":"Article","@id":"https:\/\/www.fiscalia.gov.co\/colombia\/noticias\/asegurados-10-presuntos-integrantes-de-los-piel-roja-por-microtrafico-extorsion-y-desplazamiento-forzado-en-cali\/#article","isPartOf":{"@id":"https:\/\/www.fiscalia.gov.co\/colombia\/noticias\/asegurados-10-presuntos-integrantes-de-los-piel-roja-por-microtrafico-extorsion-y-desplazamiento-forzado-en-cali\/"},"author":{"name":"Jordan Leandro Oviedo Anzola","@id":"https:\/\/www.fiscalia.gov.co\/colombia\/#\/schema\/person\/bf84402cf293a5393e9c70b111020b24"},"headline":"Asegurados 10 presuntos integrantes de \u2018Los Piel Roja\u2019 por microtr\u00e1fico, extorsi\u00f3n y desplazamiento forzado en Cali","datePublished":"2022-07-11T15:54:41+00:00","dateModified":"2022-07-15T19:16:31+00:00","mainEntityOfPage":{"@id":"https:\/\/www.fiscalia.gov.co\/colombia\/noticias\/asegurados-10-presuntos-integrantes-de-los-piel-roja-por-microtrafico-extorsion-y-desplazamiento-forzado-en-cali\/"},"wordCount":698,"publisher":{"@id":"https:\/\/www.fiscalia.gov.co\/colombia\/#organization"},"image":{"@id":"https:\/\/www.fiscalia.gov.co\/colombia\/noticias\/asegurados-10-presuntos-integrantes-de-los-piel-roja-por-microtrafico-extorsion-y-desplazamiento-forzado-en-cali\/#primaryimage"},"thumbnailUrl":"https:\/\/www.fiscalia.gov.co\/colombia\/wp-content\/uploads\/Los-Piel-Roja.-Microtrafico-y-otros-delitos.-Cali-Valle.-1024x576.jpg","keywords":["\u2018Los Piel Roja\u2019","Cali (Valle del Cauca)","Capturados","centro carcelario","concierto para delinquir; fabricaci\u00f3n","desplazamiento forzado y extorsi\u00f3n","Fiscal General de la Naci\u00f3n","Fiscal\u00eda Colombia","Flagrancia","Medida de aseguramiento","Microtr\u00e1fico","orden judicial","Seccional Cali","tr\u00e1fico o porte de estupefacientes"],"articleSection":["Noticias","Seccional Cali","Seccionales","Seguridad territorial"],"inLanguage":"es-CO"},{"@type":"WebPage","@id":"https:\/\/www.fiscalia.gov.co\/colombia\/noticias\/asegurados-10-presuntos-integrantes-de-los-piel-roja-por-microtrafico-extorsion-y-desplazamiento-forzado-en-cali\/","url":"https:\/\/www.fiscalia.gov.co\/colombia\/noticias\/asegurados-10-presuntos-integrantes-de-los-piel-roja-por-microtrafico-extorsion-y-desplazamiento-forzado-en-cali\/","name":"Fiscal\u00eda General de la Naci\u00f3n","isPartOf":{"@id":"https:\/\/www.fiscalia.gov.co\/colombia\/#website"},"primaryImageOfPage":{"@id":"https:\/\/www.fiscalia.gov.co\/colombia\/noticias\/asegurados-10-presuntos-integrantes-de-los-piel-roja-por-microtrafico-extorsion-y-desplazamiento-forzado-en-cali\/#primaryimage"},"image":{"@id":"https:\/\/www.fiscalia.gov.co\/colombia\/noticias\/asegurados-10-presuntos-integrantes-de-los-piel-roja-por-microtrafico-extorsion-y-desplazamiento-forzado-en-cali\/#primaryimage"},"thumbnailUrl":"https:\/\/www.fiscalia.gov.co\/colombia\/wp-content\/uploads\/Los-Piel-Roja.-Microtrafico-y-otros-delitos.-Cali-Valle.-1024x576.jpg","datePublished":"2022-07-11T15:54:41+00:00","dateModified":"2022-07-15T19:16:31+00:00","description":"P\u00e1gina oficial de la Fiscal\u00eda General de la Naci\u00f3n \u2013 Colombia. Garantizamos el acceso efectivo a la justicia, la verdad y la reparaci\u00f3n de las v\u00edctimas de los delitos.","breadcrumb":{"@id":"https:\/\/www.fiscalia.gov.co\/colombia\/noticias\/asegurados-10-presuntos-integrantes-de-los-piel-roja-por-microtrafico-extorsion-y-desplazamiento-forzado-en-cali\/#breadcrumb"},"inLanguage":"es-CO","potentialAction":[{"@type":"ReadAction","target":["https:\/\/www.fiscalia.gov.co\/colombia\/noticias\/asegurados-10-presuntos-integrantes-de-los-piel-roja-por-microtrafico-extorsion-y-desplazamiento-forzado-en-cali\/"]}]},{"@type":"ImageObject","inLanguage":"es-CO","@id":"https:\/\/www.fiscalia.gov.co\/colombia\/noticias\/asegurados-10-presuntos-integrantes-de-los-piel-roja-por-microtrafico-extorsion-y-desplazamiento-forzado-en-cali\/#primaryimage","url":"https:\/\/www.fiscalia.gov.co\/colombia\/wp-content\/uploads\/Los-Piel-Roja.-Microtrafico-y-otros-delitos.-Cali-Valle..jpg","contentUrl":"https:\/\/www.fiscalia.gov.co\/colombia\/wp-content\/uploads\/Los-Piel-Roja.-Microtrafico-y-otros-delitos.-Cali-Valle..jpg","width":1280,"height":720,"caption":"Presuntos integrantes de \u2018Los Piel Roja\u2019 privados de la libertad, implicados en delitos como microtr\u00e1fico y extorsi\u00f3n en las comunas 3 y 9 de Cali (Valle)."},{"@type":"BreadcrumbList","@id":"https:\/\/www.fiscalia.gov.co\/colombia\/noticias\/asegurados-10-presuntos-integrantes-de-los-piel-roja-por-microtrafico-extorsion-y-desplazamiento-forzado-en-cali\/#breadcrumb","itemListElement":[{"@type":"ListItem","position":1,"name":"Home","item":"https:\/\/www.fiscalia.gov.co\/colombia\/"},{"@type":"ListItem","position":2,"name":"Asegurados 10 presuntos integrantes de \u2018Los Piel Roja\u2019 por microtr\u00e1fico, extorsi\u00f3n y desplazamiento forzado en Cali"}]},{"@type":"WebSite","@id":"https:\/\/www.fiscalia.gov.co\/colombia\/#website","url":"https:\/\/www.fiscalia.gov.co\/colombia\/","name":"Fiscal\u00eda General de la Naci\u00f3n","description":"P\u00e1gina oficial de la Fiscal\u00eda General de la Naci\u00f3n \u2013 Colombia. Garantizamos el acceso efectivo a la justicia, la verdad y la reparaci\u00f3n de las v\u00edctimas de los delitos.","publisher":{"@id":"https:\/\/www.fiscalia.gov.co\/colombia\/#organization"},"potentialAction":[{"@type":"SearchAction","target":{"@type":"EntryPoint","urlTemplate":"https:\/\/www.fiscalia.gov.co\/colombia\/?s={search_term_string}"},"query-input":{"@type":"PropertyValueSpecification","valueRequired":true,"valueName":"search_term_string"}}],"inLanguage":"es-CO"},{"@type":"Organization","@id":"https:\/\/www.fiscalia.gov.co\/colombia\/#organization","name":"Fiscal\u00eda General de la Naci\u00f3n","url":"https:\/\/www.fiscalia.gov.co\/colombia\/","logo":{"@type":"ImageObject","inLanguage":"es-CO","@id":"https:\/\/www.fiscalia.gov.co\/colombia\/#\/schema\/logo\/image\/","url":"https:\/\/www.fiscalia.gov.co\/colombia\/wp-content\/uploads\/LogoHorizontal_1.jpg","contentUrl":"https:\/\/www.fiscalia.gov.co\/colombia\/wp-content\/uploads\/LogoHorizontal_1.jpg","width":300,"height":90,"caption":"Fiscal\u00eda General de la Naci\u00f3n"},"image":{"@id":"https:\/\/www.fiscalia.gov.co\/colombia\/#\/schema\/logo\/image\/"},"sameAs":["https:\/\/www.facebook.com\/FiscaliaCol","https:\/\/x.com\/FiscaliaCol","https:\/\/www.instagram.com\/fiscaliacol","https:\/\/www.linkedin.com\/company\/fiscalia-general-de-la-naci-n\/","https:\/\/youtube.com\/@fiscaliageneraldelanacion-4668?si=6nN79nyQICPU5iTh"]},{"@type":"Person","@id":"https:\/\/www.fiscalia.gov.co\/colombia\/#\/schema\/person\/bf84402cf293a5393e9c70b111020b24","name":"Jordan Leandro Oviedo Anzola","image":{"@type":"ImageObject","inLanguage":"es-CO","@id":"https:\/\/www.fiscalia.gov.co\/colombia\/#\/schema\/person\/image\/","url":"https:\/\/secure.gravatar.com\/avatar\/dabba4346fa9b9207d96adafa8f92721?s=96&d=mm&r=g","contentUrl":"https:\/\/secure.gravatar.com\/avatar\/dabba4346fa9b9207d96adafa8f92721?s=96&d=mm&r=g","caption":"Jordan Leandro Oviedo Anzola"},"url":"https:\/\/www.fiscalia.gov.co\/colombia\/author\/joviedo\/"}]}},"_links":{"self":[{"href":"https:\/\/www.fiscalia.gov.co\/colombia\/wp-json\/wp\/v2\/posts\/252470","targetHints":{"allow":["GET"]}}],"collection":[{"href":"https:\/\/www.fiscalia.gov.co\/colombia\/wp-json\/wp\/v2\/posts"}],"about":[{"href":"https:\/\/www.fiscalia.gov.co\/colombia\/wp-json\/wp\/v2\/types\/post"}],"author":[{"embeddable":true,"href":"https:\/\/www.fiscalia.gov.co\/colombia\/wp-json\/wp\/v2\/users\/177"}],"replies":[{"embeddable":true,"href":"https:\/\/www.fiscalia.gov.co\/colombia\/wp-json\/wp\/v2\/comments?post=252470"}],"version-history":[{"count":3,"href":"https:\/\/www.fiscalia.gov.co\/colombia\/wp-json\/wp\/v2\/posts\/252470\/revisions"}],"predecessor-version":[{"id":252867,"href":"https:\/\/www.fiscalia.gov.co\/colombia\/wp-json\/wp\/v2\/posts\/252470\/revisions\/252867"}],"wp:attachment":[{"href":"https:\/\/www.fiscalia.gov.co\/colombia\/wp-json\/wp\/v2\/media?parent=252470"}],"wp:term":[{"taxonomy":"category","embeddable":true,"href":"https:\/\/www.fiscalia.gov.co\/colombia\/wp-json\/wp\/v2\/categories?post=252470"},{"taxonomy":"post_tag","embeddable":true,"href":"https:\/\/www.fiscalia.gov.co\/colombia\/wp-json\/wp\/v2\/tags?post=252470"}],"curies":[{"name":"wp","href":"https:\/\/api.w.org\/{rel}","templated":true}]}}