{"id":252245,"date":"2022-07-07T15:44:31","date_gmt":"2022-07-07T20:44:31","guid":{"rendered":"https:\/\/www.fiscalia.gov.co\/colombia\/?p=252245"},"modified":"2022-07-07T15:44:31","modified_gmt":"2022-07-07T20:44:31","slug":"fiscalia-incauto-mas-de-500-botellas-de-licor-al-parecer-de-contrabando","status":"publish","type":"post","link":"https:\/\/www.fiscalia.gov.co\/colombia\/noticias\/fiscalia-incauto-mas-de-500-botellas-de-licor-al-parecer-de-contrabando\/","title":{"rendered":"Fiscal\u00eda incaut\u00f3 m\u00e1s de 500 botellas de licor, al parecer, de contrabando"},"content":{"rendered":"<blockquote>\n<h4 style=\"text-align: left;\"><strong><i>La Fiscal\u00eda vincul\u00f3 a una persona a la investigaci\u00f3n por este hallazgo.<\/i><\/strong><\/h4>\n<\/blockquote>\n<div id=\"m_-1309359278917238726divtagdefaultwrapper\">\n<p>&nbsp;<\/p>\n<p>La Fiscal\u00eda General de la Naci\u00f3n a trav\u00e9s de investigadores del CTI de la Seccional Caquet\u00e1 en coordinaci\u00f3n con funcionarios del Grupo Operativo Anticontrabando de la Gobernaci\u00f3n de Caquet\u00e1, se incautaron de unas 560 botellas de aguardiente, whisky y ron de las cuales se presume su procedencia no es l\u00edcita.<\/p>\n<figure id=\"attachment_252246\" aria-describedby=\"caption-attachment-252246\" style=\"width: 1154px\" class=\"wp-caption aligncenter\"><img loading=\"lazy\" decoding=\"async\" class=\"size-full wp-image-252246\" src=\"https:\/\/www.fiscalia.gov.co\/colombia\/wp-content\/uploads\/licor-contrabando-caqueta.jpeg\" alt=\"\" width=\"1154\" height=\"655\" srcset=\"https:\/\/www.fiscalia.gov.co\/colombia\/wp-content\/uploads\/licor-contrabando-caqueta.jpeg 1154w, https:\/\/www.fiscalia.gov.co\/colombia\/wp-content\/uploads\/licor-contrabando-caqueta-300x170.jpeg 300w, https:\/\/www.fiscalia.gov.co\/colombia\/wp-content\/uploads\/licor-contrabando-caqueta-1024x581.jpeg 1024w, https:\/\/www.fiscalia.gov.co\/colombia\/wp-content\/uploads\/licor-contrabando-caqueta-768x436.jpeg 768w, https:\/\/www.fiscalia.gov.co\/colombia\/wp-content\/uploads\/licor-contrabando-caqueta-696x395.jpeg 696w, https:\/\/www.fiscalia.gov.co\/colombia\/wp-content\/uploads\/licor-contrabando-caqueta-1068x606.jpeg 1068w, https:\/\/www.fiscalia.gov.co\/colombia\/wp-content\/uploads\/licor-contrabando-caqueta-740x420.jpeg 740w\" sizes=\"auto, (max-width: 1154px) 100vw, 1154px\" \/><figcaption id=\"caption-attachment-252246\" class=\"wp-caption-text\">La Fiscal\u00eda en coordinaci\u00f3n con del Grupo Operativo Anticontrabando de la Gobernaci\u00f3n de Caquet\u00e1, se incautaron de unas 560 botellas de aguardiente, whisky y ron de las cuales se presume su procedencia no es l\u00edcita mediante diligencia de allanamiento en el barrio Alto de Capry de Florencia.<\/figcaption><\/figure>\n<p>La diligencia se llev\u00f3 a cabo en el barrio Alto de Capry de Florencia donde las autoridades se desplazaron para verificar informaci\u00f3n de fuente humana que daba cuenta sobre un estanquillo que distribu\u00eda\u00a0<a href=\"https:\/\/www.fiscalia.gov.co\/colombia\/seccionales\/incautacion-de-licor-de-contrabando-en-mosquera-cundinamarca\/\" target=\"_blank\" rel=\"noopener\" data-saferedirecturl=\"https:\/\/www.google.com\/url?q=https:\/\/www.fiscalia.gov.co\/colombia\/seccionales\/incautacion-de-licor-de-contrabando-en-mosquera-cundinamarca\/&amp;source=gmail&amp;ust=1657312859813000&amp;usg=AOvVaw3Hi6tEBGc-5u8ayQyx8Sy7\">licor de contrabando<\/a>.<\/p>\n<p>Es as\u00ed como que en el establecimiento comercial se realiz\u00f3 la respectiva diligencia de allanamiento y registro donde seg\u00fan el peritaje del Grupo Anticontrabando de la Gobernaci\u00f3n de Caquet\u00e1, el licor encontrado estaba envasado en botellas que presentaban irregularidades en la tapa, estampilla y etiqueta, las cuales se encontraban sueltas o borrosas.<\/p>\n<p>De igual manera se hallaron cajas vac\u00edas para empaque de aguardiente y de ron. Adem\u00e1s, galones y un timbo donde al parecer almacenaban el licor para despu\u00e9s reenvasarlo en las botellas,\u00a0105 estampillas sueltas y\u00a0 hojas de impresiones de estampillas con serial borroso.<\/p>\n<p>La Fiscal\u00eda imput\u00f3 cargos por los delitos de ejercicio il\u00edcito de la actividad monopol\u00edstica de arbitrario rent\u00edstico; usurpaci\u00f3n de derechos de propiedad industrial y derechos de obtentores de variedad vegetales, y circulaci\u00f3n y uso de efecto oficial o sello falsificado a la mujer que se encontraba en el sitio, quien deber\u00e1 seguir respondiendo mientras avanza la investigaci\u00f3n.<\/p>\n<p>La Fiscal\u00eda habla con resultados.<\/p>\n<p>&nbsp;<\/p>\n<p>PAAM\/FAGH\/SP\/DSC<\/p>\n<p>&nbsp;<\/p>\n<div class=\"td-post-content tagdiv-type\">\n<p><em><span lang=\"ES\">La informaci\u00f3n contenida en este bolet\u00edn de prensa corresponde a la narraci\u00f3n de los hechos noticiosos objetivos, suministrados por los funcionarios encargados de adelantar las investigaciones penales al interior de la Fiscal\u00eda General de la Naci\u00f3n. Para el momento de la divulgaci\u00f3n de este comunicado, la situaci\u00f3n jur\u00eddica de la(s) persona(s) relacionada(s) se encuentra pendiente de resolver por la autoridad judicial competente, siempre bajo los preceptos de la presunci\u00f3n de inocencia, consagrados en el art\u00edculo 29 de la Constituci\u00f3n Pol\u00edtica y el art\u00edculo 7\u00ba de la Ley 906 de 2004.<\/span><\/em><\/p>\n<\/div>\n<\/div>\n\n<div class=\"twitter-share\"><a href=\"https:\/\/twitter.com\/intent\/tweet?via=fiscaliacol\" class=\"twitter-share-button\">Tweet<\/a><\/div>\n","protected":false},"excerpt":{"rendered":"<p>La Fiscal\u00eda vincul\u00f3 a una persona a la investigaci\u00f3n por este hallazgo. &nbsp; La Fiscal\u00eda General de la Naci\u00f3n a trav\u00e9s de investigadores del CTI de la Seccional Caquet\u00e1 en [&hellip;]<\/p>\n","protected":false},"author":175,"featured_media":0,"comment_status":"closed","ping_status":"open","sticky":false,"template":"","format":"standard","meta":{"tdm_status":"","tdm_grid_status":"","footnotes":""},"categories":[1,328,24099],"tags":[3723,32225,6489,32224,24189,24305,1047,23822,32226,32221,32223,24379,32222],"class_list":["post-252245","post","type-post","status-publish","format-standard","category-noticias","category-seccional-florencia","category-seguridad-territorial","tag-aguardiente","tag-barrio-alto-de-capry","tag-caqueta","tag-estanquillo","tag-fiscal-francisco-barbosa-delgado","tag-fiscal-general-francisco-barbosa","tag-fiscalia-general-de-la-nacion","tag-florencia","tag-grupo-operativo-anticontrabando-de-la-gobernacion-de-caqueta","tag-licor-de-contrabando","tag-ron","tag-seccional-caqueta","tag-whisky"],"yoast_head":"<!-- This site is optimized with the Yoast SEO plugin v24.3 - https:\/\/yoast.com\/wordpress\/plugins\/seo\/ -->\n<title>Fiscal\u00eda General de la Naci\u00f3n<\/title>\n<meta name=\"description\" content=\"P\u00e1gina oficial de la Fiscal\u00eda General de la Naci\u00f3n \u2013 Colombia. Garantizamos el acceso efectivo a la justicia, la verdad y la reparaci\u00f3n de las v\u00edctimas de los delitos.\" \/>\n<meta name=\"robots\" content=\"noindex, follow\" \/>\n<meta property=\"og:locale\" content=\"es_ES\" \/>\n<meta property=\"og:type\" content=\"article\" \/>\n<meta property=\"og:title\" content=\"Fiscal\u00eda General de la Naci\u00f3n\" \/>\n<meta property=\"og:description\" content=\"P\u00e1gina oficial de la Fiscal\u00eda General de la Naci\u00f3n \u2013 Colombia. Garantizamos el acceso efectivo a la justicia, la verdad y la reparaci\u00f3n de las v\u00edctimas de los delitos.\" \/>\n<meta property=\"og:url\" content=\"https:\/\/www.fiscalia.gov.co\/colombia\/noticias\/fiscalia-incauto-mas-de-500-botellas-de-licor-al-parecer-de-contrabando\/\" \/>\n<meta property=\"og:site_name\" content=\"Fiscal\u00eda General de la Naci\u00f3n\" \/>\n<meta property=\"article:publisher\" content=\"https:\/\/www.facebook.com\/FiscaliaCol\" \/>\n<meta property=\"article:published_time\" content=\"2022-07-07T20:44:31+00:00\" \/>\n<meta property=\"og:image\" content=\"https:\/\/www.fiscalia.gov.co\/colombia\/wp-content\/uploads\/licor-contrabando-caqueta.jpeg\" \/>\n<meta name=\"author\" content=\"Katherine Loaiza Mart\u00ednez\" \/>\n<meta name=\"twitter:card\" content=\"summary_large_image\" \/>\n<meta name=\"twitter:creator\" content=\"@FiscaliaCol\" \/>\n<meta name=\"twitter:site\" content=\"@FiscaliaCol\" \/>\n<meta name=\"twitter:label1\" content=\"Escrito por\" \/>\n\t<meta name=\"twitter:data1\" content=\"Katherine Loaiza Mart\u00ednez\" \/>\n\t<meta name=\"twitter:label2\" content=\"Tiempo de lectura\" \/>\n\t<meta name=\"twitter:data2\" content=\"2 minutos\" \/>\n<script type=\"application\/ld+json\" class=\"yoast-schema-graph\">{\"@context\":\"https:\/\/schema.org\",\"@graph\":[{\"@type\":\"Article\",\"@id\":\"https:\/\/www.fiscalia.gov.co\/colombia\/noticias\/fiscalia-incauto-mas-de-500-botellas-de-licor-al-parecer-de-contrabando\/#article\",\"isPartOf\":{\"@id\":\"https:\/\/www.fiscalia.gov.co\/colombia\/noticias\/fiscalia-incauto-mas-de-500-botellas-de-licor-al-parecer-de-contrabando\/\"},\"author\":{\"name\":\"Katherine Loaiza Mart\u00ednez\",\"@id\":\"https:\/\/www.fiscalia.gov.co\/colombia\/#\/schema\/person\/2e76b9aba5ecf875ed565ce4de0e0415\"},\"headline\":\"Fiscal\u00eda incaut\u00f3 m\u00e1s de 500 botellas de licor, al parecer, de contrabando\",\"datePublished\":\"2022-07-07T20:44:31+00:00\",\"dateModified\":\"2022-07-07T20:44:31+00:00\",\"mainEntityOfPage\":{\"@id\":\"https:\/\/www.fiscalia.gov.co\/colombia\/noticias\/fiscalia-incauto-mas-de-500-botellas-de-licor-al-parecer-de-contrabando\/\"},\"wordCount\":455,\"publisher\":{\"@id\":\"https:\/\/www.fiscalia.gov.co\/colombia\/#organization\"},\"image\":{\"@id\":\"https:\/\/www.fiscalia.gov.co\/colombia\/noticias\/fiscalia-incauto-mas-de-500-botellas-de-licor-al-parecer-de-contrabando\/#primaryimage\"},\"thumbnailUrl\":\"https:\/\/www.fiscalia.gov.co\/colombia\/wp-content\/uploads\/licor-contrabando-caqueta.jpeg\",\"keywords\":[\"Aguardiente\",\"barrio Alto de Capry\",\"Caquet\u00e1\",\"estanquillo\",\"Fiscal Francisco Barbosa Delgado\",\"Fiscal General Francisco Barbosa\",\"Fiscal\u00eda General de la Naci\u00f3n\",\"Florencia\",\"Grupo Operativo Anticontrabando de la Gobernaci\u00f3n de Caquet\u00e1\",\"licor de contrabando\",\"ron\",\"Seccional Caquet\u00e1.\",\"whisky\"],\"articleSection\":[\"Noticias\",\"Seccional Florencia\",\"Seguridad territorial\"],\"inLanguage\":\"es-CO\"},{\"@type\":\"WebPage\",\"@id\":\"https:\/\/www.fiscalia.gov.co\/colombia\/noticias\/fiscalia-incauto-mas-de-500-botellas-de-licor-al-parecer-de-contrabando\/\",\"url\":\"https:\/\/www.fiscalia.gov.co\/colombia\/noticias\/fiscalia-incauto-mas-de-500-botellas-de-licor-al-parecer-de-contrabando\/\",\"name\":\"Fiscal\u00eda General de la Naci\u00f3n\",\"isPartOf\":{\"@id\":\"https:\/\/www.fiscalia.gov.co\/colombia\/#website\"},\"primaryImageOfPage\":{\"@id\":\"https:\/\/www.fiscalia.gov.co\/colombia\/noticias\/fiscalia-incauto-mas-de-500-botellas-de-licor-al-parecer-de-contrabando\/#primaryimage\"},\"image\":{\"@id\":\"https:\/\/www.fiscalia.gov.co\/colombia\/noticias\/fiscalia-incauto-mas-de-500-botellas-de-licor-al-parecer-de-contrabando\/#primaryimage\"},\"thumbnailUrl\":\"https:\/\/www.fiscalia.gov.co\/colombia\/wp-content\/uploads\/licor-contrabando-caqueta.jpeg\",\"datePublished\":\"2022-07-07T20:44:31+00:00\",\"dateModified\":\"2022-07-07T20:44:31+00:00\",\"description\":\"P\u00e1gina oficial de la Fiscal\u00eda General de la Naci\u00f3n \u2013 Colombia. Garantizamos el acceso efectivo a la justicia, la verdad y la reparaci\u00f3n de las v\u00edctimas de los delitos.\",\"breadcrumb\":{\"@id\":\"https:\/\/www.fiscalia.gov.co\/colombia\/noticias\/fiscalia-incauto-mas-de-500-botellas-de-licor-al-parecer-de-contrabando\/#breadcrumb\"},\"inLanguage\":\"es-CO\",\"potentialAction\":[{\"@type\":\"ReadAction\",\"target\":[\"https:\/\/www.fiscalia.gov.co\/colombia\/noticias\/fiscalia-incauto-mas-de-500-botellas-de-licor-al-parecer-de-contrabando\/\"]}]},{\"@type\":\"ImageObject\",\"inLanguage\":\"es-CO\",\"@id\":\"https:\/\/www.fiscalia.gov.co\/colombia\/noticias\/fiscalia-incauto-mas-de-500-botellas-de-licor-al-parecer-de-contrabando\/#primaryimage\",\"url\":\"https:\/\/www.fiscalia.gov.co\/colombia\/wp-content\/uploads\/licor-contrabando-caqueta.jpeg\",\"contentUrl\":\"https:\/\/www.fiscalia.gov.co\/colombia\/wp-content\/uploads\/licor-contrabando-caqueta.jpeg\",\"width\":1154,\"height\":655,\"caption\":\"La Fiscal\u00eda en coordinaci\u00f3n con del Grupo Operativo Anticontrabando de la Gobernaci\u00f3n de Caquet\u00e1, se incautaron de unas 560 botellas de aguardiente, whisky y ron de las cuales se presume su procedencia no es l\u00edcita mediante diligencia de allanamiento en el barrio Alto de Capry de Florencia.\"},{\"@type\":\"BreadcrumbList\",\"@id\":\"https:\/\/www.fiscalia.gov.co\/colombia\/noticias\/fiscalia-incauto-mas-de-500-botellas-de-licor-al-parecer-de-contrabando\/#breadcrumb\",\"itemListElement\":[{\"@type\":\"ListItem\",\"position\":1,\"name\":\"Home\",\"item\":\"https:\/\/www.fiscalia.gov.co\/colombia\/\"},{\"@type\":\"ListItem\",\"position\":2,\"name\":\"Fiscal\u00eda incaut\u00f3 m\u00e1s de 500 botellas de licor, al parecer, de contrabando\"}]},{\"@type\":\"WebSite\",\"@id\":\"https:\/\/www.fiscalia.gov.co\/colombia\/#website\",\"url\":\"https:\/\/www.fiscalia.gov.co\/colombia\/\",\"name\":\"Fiscal\u00eda General de la Naci\u00f3n\",\"description\":\"P\u00e1gina oficial de la Fiscal\u00eda General de la Naci\u00f3n \u2013 Colombia. Garantizamos el acceso efectivo a la justicia, la verdad y la reparaci\u00f3n de las v\u00edctimas de los delitos.\",\"publisher\":{\"@id\":\"https:\/\/www.fiscalia.gov.co\/colombia\/#organization\"},\"potentialAction\":[{\"@type\":\"SearchAction\",\"target\":{\"@type\":\"EntryPoint\",\"urlTemplate\":\"https:\/\/www.fiscalia.gov.co\/colombia\/?s={search_term_string}\"},\"query-input\":{\"@type\":\"PropertyValueSpecification\",\"valueRequired\":true,\"valueName\":\"search_term_string\"}}],\"inLanguage\":\"es-CO\"},{\"@type\":\"Organization\",\"@id\":\"https:\/\/www.fiscalia.gov.co\/colombia\/#organization\",\"name\":\"Fiscal\u00eda General de la Naci\u00f3n\",\"url\":\"https:\/\/www.fiscalia.gov.co\/colombia\/\",\"logo\":{\"@type\":\"ImageObject\",\"inLanguage\":\"es-CO\",\"@id\":\"https:\/\/www.fiscalia.gov.co\/colombia\/#\/schema\/logo\/image\/\",\"url\":\"https:\/\/www.fiscalia.gov.co\/colombia\/wp-content\/uploads\/LogoHorizontal_1.jpg\",\"contentUrl\":\"https:\/\/www.fiscalia.gov.co\/colombia\/wp-content\/uploads\/LogoHorizontal_1.jpg\",\"width\":300,\"height\":90,\"caption\":\"Fiscal\u00eda General de la Naci\u00f3n\"},\"image\":{\"@id\":\"https:\/\/www.fiscalia.gov.co\/colombia\/#\/schema\/logo\/image\/\"},\"sameAs\":[\"https:\/\/www.facebook.com\/FiscaliaCol\",\"https:\/\/x.com\/FiscaliaCol\",\"https:\/\/www.instagram.com\/fiscaliacol\",\"https:\/\/www.linkedin.com\/company\/fiscalia-general-de-la-naci-n\/\",\"https:\/\/youtube.com\/@fiscaliageneraldelanacion-4668?si=6nN79nyQICPU5iTh\"]},{\"@type\":\"Person\",\"@id\":\"https:\/\/www.fiscalia.gov.co\/colombia\/#\/schema\/person\/2e76b9aba5ecf875ed565ce4de0e0415\",\"name\":\"Katherine Loaiza Mart\u00ednez\",\"image\":{\"@type\":\"ImageObject\",\"inLanguage\":\"es-CO\",\"@id\":\"https:\/\/www.fiscalia.gov.co\/colombia\/#\/schema\/person\/image\/\",\"url\":\"https:\/\/secure.gravatar.com\/avatar\/ab775a2f394c1b83b6d6f78680e57b50?s=96&d=mm&r=g\",\"contentUrl\":\"https:\/\/secure.gravatar.com\/avatar\/ab775a2f394c1b83b6d6f78680e57b50?s=96&d=mm&r=g\",\"caption\":\"Katherine Loaiza Mart\u00ednez\"},\"url\":\"https:\/\/www.fiscalia.gov.co\/colombia\/author\/kloaiza\/\"}]}<\/script>\n<!-- \/ Yoast SEO plugin. -->","yoast_head_json":{"title":"Fiscal\u00eda General de la Naci\u00f3n","description":"P\u00e1gina oficial de la Fiscal\u00eda General de la Naci\u00f3n \u2013 Colombia. Garantizamos el acceso efectivo a la justicia, la verdad y la reparaci\u00f3n de las v\u00edctimas de los delitos.","robots":{"index":"noindex","follow":"follow"},"og_locale":"es_ES","og_type":"article","og_title":"Fiscal\u00eda General de la Naci\u00f3n","og_description":"P\u00e1gina oficial de la Fiscal\u00eda General de la Naci\u00f3n \u2013 Colombia. Garantizamos el acceso efectivo a la justicia, la verdad y la reparaci\u00f3n de las v\u00edctimas de los delitos.","og_url":"https:\/\/www.fiscalia.gov.co\/colombia\/noticias\/fiscalia-incauto-mas-de-500-botellas-de-licor-al-parecer-de-contrabando\/","og_site_name":"Fiscal\u00eda General de la Naci\u00f3n","article_publisher":"https:\/\/www.facebook.com\/FiscaliaCol","article_published_time":"2022-07-07T20:44:31+00:00","og_image":[{"url":"https:\/\/www.fiscalia.gov.co\/colombia\/wp-content\/uploads\/licor-contrabando-caqueta.jpeg","type":"","width":"","height":""}],"author":"Katherine Loaiza Mart\u00ednez","twitter_card":"summary_large_image","twitter_creator":"@FiscaliaCol","twitter_site":"@FiscaliaCol","twitter_misc":{"Escrito por":"Katherine Loaiza Mart\u00ednez","Tiempo de lectura":"2 minutos"},"schema":{"@context":"https:\/\/schema.org","@graph":[{"@type":"Article","@id":"https:\/\/www.fiscalia.gov.co\/colombia\/noticias\/fiscalia-incauto-mas-de-500-botellas-de-licor-al-parecer-de-contrabando\/#article","isPartOf":{"@id":"https:\/\/www.fiscalia.gov.co\/colombia\/noticias\/fiscalia-incauto-mas-de-500-botellas-de-licor-al-parecer-de-contrabando\/"},"author":{"name":"Katherine Loaiza Mart\u00ednez","@id":"https:\/\/www.fiscalia.gov.co\/colombia\/#\/schema\/person\/2e76b9aba5ecf875ed565ce4de0e0415"},"headline":"Fiscal\u00eda incaut\u00f3 m\u00e1s de 500 botellas de licor, al parecer, de contrabando","datePublished":"2022-07-07T20:44:31+00:00","dateModified":"2022-07-07T20:44:31+00:00","mainEntityOfPage":{"@id":"https:\/\/www.fiscalia.gov.co\/colombia\/noticias\/fiscalia-incauto-mas-de-500-botellas-de-licor-al-parecer-de-contrabando\/"},"wordCount":455,"publisher":{"@id":"https:\/\/www.fiscalia.gov.co\/colombia\/#organization"},"image":{"@id":"https:\/\/www.fiscalia.gov.co\/colombia\/noticias\/fiscalia-incauto-mas-de-500-botellas-de-licor-al-parecer-de-contrabando\/#primaryimage"},"thumbnailUrl":"https:\/\/www.fiscalia.gov.co\/colombia\/wp-content\/uploads\/licor-contrabando-caqueta.jpeg","keywords":["Aguardiente","barrio Alto de Capry","Caquet\u00e1","estanquillo","Fiscal Francisco Barbosa Delgado","Fiscal General Francisco Barbosa","Fiscal\u00eda General de la Naci\u00f3n","Florencia","Grupo Operativo Anticontrabando de la Gobernaci\u00f3n de Caquet\u00e1","licor de contrabando","ron","Seccional Caquet\u00e1.","whisky"],"articleSection":["Noticias","Seccional Florencia","Seguridad territorial"],"inLanguage":"es-CO"},{"@type":"WebPage","@id":"https:\/\/www.fiscalia.gov.co\/colombia\/noticias\/fiscalia-incauto-mas-de-500-botellas-de-licor-al-parecer-de-contrabando\/","url":"https:\/\/www.fiscalia.gov.co\/colombia\/noticias\/fiscalia-incauto-mas-de-500-botellas-de-licor-al-parecer-de-contrabando\/","name":"Fiscal\u00eda General de la Naci\u00f3n","isPartOf":{"@id":"https:\/\/www.fiscalia.gov.co\/colombia\/#website"},"primaryImageOfPage":{"@id":"https:\/\/www.fiscalia.gov.co\/colombia\/noticias\/fiscalia-incauto-mas-de-500-botellas-de-licor-al-parecer-de-contrabando\/#primaryimage"},"image":{"@id":"https:\/\/www.fiscalia.gov.co\/colombia\/noticias\/fiscalia-incauto-mas-de-500-botellas-de-licor-al-parecer-de-contrabando\/#primaryimage"},"thumbnailUrl":"https:\/\/www.fiscalia.gov.co\/colombia\/wp-content\/uploads\/licor-contrabando-caqueta.jpeg","datePublished":"2022-07-07T20:44:31+00:00","dateModified":"2022-07-07T20:44:31+00:00","description":"P\u00e1gina oficial de la Fiscal\u00eda General de la Naci\u00f3n \u2013 Colombia. Garantizamos el acceso efectivo a la justicia, la verdad y la reparaci\u00f3n de las v\u00edctimas de los delitos.","breadcrumb":{"@id":"https:\/\/www.fiscalia.gov.co\/colombia\/noticias\/fiscalia-incauto-mas-de-500-botellas-de-licor-al-parecer-de-contrabando\/#breadcrumb"},"inLanguage":"es-CO","potentialAction":[{"@type":"ReadAction","target":["https:\/\/www.fiscalia.gov.co\/colombia\/noticias\/fiscalia-incauto-mas-de-500-botellas-de-licor-al-parecer-de-contrabando\/"]}]},{"@type":"ImageObject","inLanguage":"es-CO","@id":"https:\/\/www.fiscalia.gov.co\/colombia\/noticias\/fiscalia-incauto-mas-de-500-botellas-de-licor-al-parecer-de-contrabando\/#primaryimage","url":"https:\/\/www.fiscalia.gov.co\/colombia\/wp-content\/uploads\/licor-contrabando-caqueta.jpeg","contentUrl":"https:\/\/www.fiscalia.gov.co\/colombia\/wp-content\/uploads\/licor-contrabando-caqueta.jpeg","width":1154,"height":655,"caption":"La Fiscal\u00eda en coordinaci\u00f3n con del Grupo Operativo Anticontrabando de la Gobernaci\u00f3n de Caquet\u00e1, se incautaron de unas 560 botellas de aguardiente, whisky y ron de las cuales se presume su procedencia no es l\u00edcita mediante diligencia de allanamiento en el barrio Alto de Capry de Florencia."},{"@type":"BreadcrumbList","@id":"https:\/\/www.fiscalia.gov.co\/colombia\/noticias\/fiscalia-incauto-mas-de-500-botellas-de-licor-al-parecer-de-contrabando\/#breadcrumb","itemListElement":[{"@type":"ListItem","position":1,"name":"Home","item":"https:\/\/www.fiscalia.gov.co\/colombia\/"},{"@type":"ListItem","position":2,"name":"Fiscal\u00eda incaut\u00f3 m\u00e1s de 500 botellas de licor, al parecer, de contrabando"}]},{"@type":"WebSite","@id":"https:\/\/www.fiscalia.gov.co\/colombia\/#website","url":"https:\/\/www.fiscalia.gov.co\/colombia\/","name":"Fiscal\u00eda General de la Naci\u00f3n","description":"P\u00e1gina oficial de la Fiscal\u00eda General de la Naci\u00f3n \u2013 Colombia. Garantizamos el acceso efectivo a la justicia, la verdad y la reparaci\u00f3n de las v\u00edctimas de los delitos.","publisher":{"@id":"https:\/\/www.fiscalia.gov.co\/colombia\/#organization"},"potentialAction":[{"@type":"SearchAction","target":{"@type":"EntryPoint","urlTemplate":"https:\/\/www.fiscalia.gov.co\/colombia\/?s={search_term_string}"},"query-input":{"@type":"PropertyValueSpecification","valueRequired":true,"valueName":"search_term_string"}}],"inLanguage":"es-CO"},{"@type":"Organization","@id":"https:\/\/www.fiscalia.gov.co\/colombia\/#organization","name":"Fiscal\u00eda General de la Naci\u00f3n","url":"https:\/\/www.fiscalia.gov.co\/colombia\/","logo":{"@type":"ImageObject","inLanguage":"es-CO","@id":"https:\/\/www.fiscalia.gov.co\/colombia\/#\/schema\/logo\/image\/","url":"https:\/\/www.fiscalia.gov.co\/colombia\/wp-content\/uploads\/LogoHorizontal_1.jpg","contentUrl":"https:\/\/www.fiscalia.gov.co\/colombia\/wp-content\/uploads\/LogoHorizontal_1.jpg","width":300,"height":90,"caption":"Fiscal\u00eda General de la Naci\u00f3n"},"image":{"@id":"https:\/\/www.fiscalia.gov.co\/colombia\/#\/schema\/logo\/image\/"},"sameAs":["https:\/\/www.facebook.com\/FiscaliaCol","https:\/\/x.com\/FiscaliaCol","https:\/\/www.instagram.com\/fiscaliacol","https:\/\/www.linkedin.com\/company\/fiscalia-general-de-la-naci-n\/","https:\/\/youtube.com\/@fiscaliageneraldelanacion-4668?si=6nN79nyQICPU5iTh"]},{"@type":"Person","@id":"https:\/\/www.fiscalia.gov.co\/colombia\/#\/schema\/person\/2e76b9aba5ecf875ed565ce4de0e0415","name":"Katherine Loaiza Mart\u00ednez","image":{"@type":"ImageObject","inLanguage":"es-CO","@id":"https:\/\/www.fiscalia.gov.co\/colombia\/#\/schema\/person\/image\/","url":"https:\/\/secure.gravatar.com\/avatar\/ab775a2f394c1b83b6d6f78680e57b50?s=96&d=mm&r=g","contentUrl":"https:\/\/secure.gravatar.com\/avatar\/ab775a2f394c1b83b6d6f78680e57b50?s=96&d=mm&r=g","caption":"Katherine Loaiza Mart\u00ednez"},"url":"https:\/\/www.fiscalia.gov.co\/colombia\/author\/kloaiza\/"}]}},"_links":{"self":[{"href":"https:\/\/www.fiscalia.gov.co\/colombia\/wp-json\/wp\/v2\/posts\/252245","targetHints":{"allow":["GET"]}}],"collection":[{"href":"https:\/\/www.fiscalia.gov.co\/colombia\/wp-json\/wp\/v2\/posts"}],"about":[{"href":"https:\/\/www.fiscalia.gov.co\/colombia\/wp-json\/wp\/v2\/types\/post"}],"author":[{"embeddable":true,"href":"https:\/\/www.fiscalia.gov.co\/colombia\/wp-json\/wp\/v2\/users\/175"}],"replies":[{"embeddable":true,"href":"https:\/\/www.fiscalia.gov.co\/colombia\/wp-json\/wp\/v2\/comments?post=252245"}],"version-history":[{"count":1,"href":"https:\/\/www.fiscalia.gov.co\/colombia\/wp-json\/wp\/v2\/posts\/252245\/revisions"}],"predecessor-version":[{"id":252247,"href":"https:\/\/www.fiscalia.gov.co\/colombia\/wp-json\/wp\/v2\/posts\/252245\/revisions\/252247"}],"wp:attachment":[{"href":"https:\/\/www.fiscalia.gov.co\/colombia\/wp-json\/wp\/v2\/media?parent=252245"}],"wp:term":[{"taxonomy":"category","embeddable":true,"href":"https:\/\/www.fiscalia.gov.co\/colombia\/wp-json\/wp\/v2\/categories?post=252245"},{"taxonomy":"post_tag","embeddable":true,"href":"https:\/\/www.fiscalia.gov.co\/colombia\/wp-json\/wp\/v2\/tags?post=252245"}],"curies":[{"name":"wp","href":"https:\/\/api.w.org\/{rel}","templated":true}]}}