{"id":252215,"date":"2022-07-07T14:19:10","date_gmt":"2022-07-07T19:19:10","guid":{"rendered":"https:\/\/www.fiscalia.gov.co\/colombia\/?p=252215"},"modified":"2022-07-07T14:20:30","modified_gmt":"2022-07-07T19:20:30","slug":"imputan-cargos-a-9-exmilitares-investigados-por-un-peculado-superior-a-1-700-millones-de-pesos","status":"publish","type":"post","link":"https:\/\/www.fiscalia.gov.co\/colombia\/noticias\/imputan-cargos-a-9-exmilitares-investigados-por-un-peculado-superior-a-1-700-millones-de-pesos\/","title":{"rendered":"Imputan cargos a 9 exmilitares investigados por un peculado superior a 1.700 millones de pesos\u00a0"},"content":{"rendered":"<p style=\"font-weight: 400;\">La Fiscal\u00eda General de la Naci\u00f3n imput\u00f3 cargos contra nueve oficiales del Ej\u00e9rcito Nacional, retirados; investigados como presuntos responsables del delito de peculado por apropiaci\u00f3n en favor de terceros en cuant\u00eda de 1.798\u2019092.630 pesos.<\/p>\n<p style=\"font-weight: 400;\">Con esta decisi\u00f3n fueron afectados los coroneles retirados Luis Fernando Camargo Chaparro, Juan Carlos Bustamante Rodr\u00edguez y Jaime Arturo Remolina Fontalvo; as\u00ed como los tenientes coroneles Ilvar Orlando Gonz\u00e1lez Villamil, Ricardo Pati\u00f1o Casta\u00f1eda y Henry Benicio Rodr\u00edguez Mesa, quienes se desempe\u00f1aron como jefes de estado mayor conjunto u oficiales de log\u00edstica de la Cuarta Brigada del Ej\u00e9rcito Nacional con sede en Medell\u00edn.<\/p>\n<p style=\"font-weight: 400;\">Tambi\u00e9n fueron imputados los mayores en retiro \u00d3scar Giraldo Garc\u00e9s, Fabi\u00e1n Borja P\u00e9rez y Javier Antonio Arango Moya, quienes ostentaron el cargo de Segundo Comandante del batall\u00f3n Pedro Nel Ospina, ubicado en el municipio de Bello (Antioquia).<\/p>\n<p style=\"font-weight: 400;\">De acuerdo con la investigaci\u00f3n, adelantada por un\u00a0fiscal de la Unidad de Delitos contra la Administraci\u00f3n P\u00fablica, y apoyada por el grupo de contrainteligencia del Ej\u00e9rcito Nacional; entre enero de 2010 y diciembre de 2014 los procesados habr\u00edan recibido dineros como contraprestaci\u00f3n por el pago de servicios de escolta, certificados de idoneidad, bodegaje y alquiler de helipuertos para el cargue y descargue de explosivos provenientes de empresas mineras, del sector energ\u00e9tico y de obras p\u00fablicas.<\/p>\n<p style=\"font-weight: 400;\">Se cree que dichas sumas no fueron consignadas en la cuenta del\u00a0Fondo Interno de las Fuerzas Militares generando el millonario detrimento patrimonial.<\/p>\n<p style=\"font-weight: 400;\">Ninguno de los procesados acept\u00f3 su responsabilidad en los cargos imputados.<\/p>\n<p style=\"font-weight: 400;\">LFML\/MAGA\/LAB\/DSM<\/p>\n<p style=\"font-weight: 400;\"><em>La informaci\u00f3n contenida en este bolet\u00edn de prensa corresponde a la narraci\u00f3n de los hechos noticiosos objetivos, suministrados por los funcionarios encargados de adelantar las investigaciones penales al interior de la Fiscal\u00eda General de la Naci\u00f3n. Para el momento de la divulgaci\u00f3n de este comunicado, la situaci\u00f3n jur\u00eddica de la(s) persona(s) relacionada(s) se encuentra pendiente de resolver por la autoridad judicial competente, siempre bajo los preceptos de la presunci\u00f3n de inocencia, consagrados en el art\u00edculo 29 de la Constituci\u00f3n Pol\u00edtica y el art\u00edculo 7\u00ba de la Ley 906 de 2004.<\/em><strong>\u00a0<\/strong><\/p>\n\n<div class=\"twitter-share\"><a href=\"https:\/\/twitter.com\/intent\/tweet?via=fiscaliacol\" class=\"twitter-share-button\">Tweet<\/a><\/div>\n","protected":false},"excerpt":{"rendered":"<p>La Fiscal\u00eda General de la Naci\u00f3n imput\u00f3 cargos contra nueve oficiales del Ej\u00e9rcito Nacional, retirados; investigados como presuntos responsables del delito de peculado por apropiaci\u00f3n en favor de terceros en cuant\u00eda de 1.798\u2019092.630 pesos. Con esta decisi\u00f3n fueron afectados los coroneles retirados Luis Fernando Camargo Chaparro, Juan Carlos Bustamante Rodr\u00edguez y Jaime Arturo Remolina Fontalvo; [&hellip;]<\/p>\n","protected":false},"author":175,"featured_media":0,"comment_status":"closed","ping_status":"open","sticky":false,"template":"","format":"standard","meta":{"_price":"","_stock":"","_tribe_ticket_header":"","_tribe_default_ticket_provider":"","_tribe_ticket_capacity":"0","_ticket_start_date":"","_ticket_end_date":"","_tribe_ticket_show_description":"","_tribe_ticket_show_not_going":false,"_tribe_ticket_use_global_stock":"","_tribe_ticket_global_stock_level":"","_global_stock_mode":"","_global_stock_cap":"","_tribe_rsvp_for_event":"","_tribe_ticket_going_count":"","_tribe_ticket_not_going_count":"","_tribe_tickets_list":"[]","_tribe_ticket_has_attendee_info_fields":false,"tdm_status":"","tdm_grid_status":"","footnotes":""},"categories":[24097,24107,1,331],"tags":[32214,32215,24189,24526,1047,15474,13310,4705],"class_list":{"0":"post-252215","1":"post","2":"type-post","3":"status-publish","4":"format-standard","6":"category-corrupcion","7":"category-lucha-contra-corrupcion","8":"category-noticias","9":"category-seccional-medellin","10":"tag-9-oficiales-de-la-cuarta-brigada-del-ejercito-nacional","11":"tag-cuantia-de-1-798-092-630","12":"tag-fiscal-francisco-barbosa-delgado","13":"tag-fiscal-general-francisco-barbosa-delgado","14":"tag-fiscalia-general-de-la-nacion","15":"tag-imputacion-de-cargos","16":"tag-peculado-por-apropiacion-en-favor-de-terceros","17":"tag-unidad-de-delitos-contra-la-administracion-publica"},"yoast_head":"<!-- This site is optimized with the Yoast SEO plugin v24.3 - https:\/\/yoast.com\/wordpress\/plugins\/seo\/ -->\n<title>Fiscal\u00eda General de la Naci\u00f3n<\/title>\n<meta name=\"description\" content=\"P\u00e1gina oficial de la Fiscal\u00eda General de la Naci\u00f3n \u2013 Colombia. Garantizamos el acceso efectivo a la justicia, la verdad y la reparaci\u00f3n de las v\u00edctimas de los delitos.\" \/>\n<meta name=\"robots\" content=\"noindex, follow\" \/>\n<meta property=\"og:locale\" content=\"es_ES\" \/>\n<meta property=\"og:type\" content=\"article\" \/>\n<meta property=\"og:title\" content=\"Fiscal\u00eda General de la Naci\u00f3n\" \/>\n<meta property=\"og:description\" content=\"P\u00e1gina oficial de la Fiscal\u00eda General de la Naci\u00f3n \u2013 Colombia. Garantizamos el acceso efectivo a la justicia, la verdad y la reparaci\u00f3n de las v\u00edctimas de los delitos.\" \/>\n<meta property=\"og:url\" content=\"https:\/\/www.fiscalia.gov.co\/colombia\/noticias\/imputan-cargos-a-9-exmilitares-investigados-por-un-peculado-superior-a-1-700-millones-de-pesos\/\" \/>\n<meta property=\"og:site_name\" content=\"Fiscal\u00eda General de la Naci\u00f3n\" \/>\n<meta property=\"article:publisher\" content=\"https:\/\/www.facebook.com\/FiscaliaCol\" \/>\n<meta property=\"article:published_time\" content=\"2022-07-07T19:19:10+00:00\" \/>\n<meta property=\"article:modified_time\" content=\"2022-07-07T19:20:30+00:00\" \/>\n<meta name=\"author\" content=\"Katherine Loaiza Mart\u00ednez\" \/>\n<meta name=\"twitter:card\" content=\"summary_large_image\" \/>\n<meta name=\"twitter:creator\" content=\"@FiscaliaCol\" \/>\n<meta name=\"twitter:site\" content=\"@FiscaliaCol\" \/>\n<meta name=\"twitter:label1\" content=\"Escrito por\" \/>\n\t<meta name=\"twitter:data1\" content=\"Katherine Loaiza Mart\u00ednez\" \/>\n\t<meta name=\"twitter:label2\" content=\"Tiempo de lectura\" \/>\n\t<meta name=\"twitter:data2\" content=\"2 minutos\" \/>\n<script type=\"application\/ld+json\" class=\"yoast-schema-graph\">{\"@context\":\"https:\/\/schema.org\",\"@graph\":[{\"@type\":\"Article\",\"@id\":\"https:\/\/www.fiscalia.gov.co\/colombia\/noticias\/imputan-cargos-a-9-exmilitares-investigados-por-un-peculado-superior-a-1-700-millones-de-pesos\/#article\",\"isPartOf\":{\"@id\":\"https:\/\/www.fiscalia.gov.co\/colombia\/noticias\/imputan-cargos-a-9-exmilitares-investigados-por-un-peculado-superior-a-1-700-millones-de-pesos\/\"},\"author\":{\"name\":\"Katherine Loaiza Mart\u00ednez\",\"@id\":\"https:\/\/www.fiscalia.gov.co\/colombia\/#\/schema\/person\/2e76b9aba5ecf875ed565ce4de0e0415\"},\"headline\":\"Imputan cargos a 9 exmilitares investigados por un peculado superior a 1.700 millones de pesos\u00a0\",\"datePublished\":\"2022-07-07T19:19:10+00:00\",\"dateModified\":\"2022-07-07T19:20:30+00:00\",\"mainEntityOfPage\":{\"@id\":\"https:\/\/www.fiscalia.gov.co\/colombia\/noticias\/imputan-cargos-a-9-exmilitares-investigados-por-un-peculado-superior-a-1-700-millones-de-pesos\/\"},\"wordCount\":387,\"publisher\":{\"@id\":\"https:\/\/www.fiscalia.gov.co\/colombia\/#organization\"},\"keywords\":[\"9 oficiales de la Cuarta Brigada del Ej\u00e9rcito Nacional\",\"cuant\u00eda de 1 798 092 630\",\"Fiscal Francisco Barbosa Delgado\",\"Fiscal General Francisco Barbosa Delgado\",\"Fiscal\u00eda General de la Naci\u00f3n\",\"Imputaci\u00f3n de cargos\",\"peculado por apropiaci\u00f3n en favor de terceros\",\"Unidad de Delitos contra la Administraci\u00f3n P\u00fablica\"],\"articleSection\":[\"Corrupci\u00f3n\",\"Corrupci\u00f3n\",\"Noticias\",\"Seccional Medell\u00edn\"],\"inLanguage\":\"es-CO\"},{\"@type\":\"WebPage\",\"@id\":\"https:\/\/www.fiscalia.gov.co\/colombia\/noticias\/imputan-cargos-a-9-exmilitares-investigados-por-un-peculado-superior-a-1-700-millones-de-pesos\/\",\"url\":\"https:\/\/www.fiscalia.gov.co\/colombia\/noticias\/imputan-cargos-a-9-exmilitares-investigados-por-un-peculado-superior-a-1-700-millones-de-pesos\/\",\"name\":\"Fiscal\u00eda General de la Naci\u00f3n\",\"isPartOf\":{\"@id\":\"https:\/\/www.fiscalia.gov.co\/colombia\/#website\"},\"datePublished\":\"2022-07-07T19:19:10+00:00\",\"dateModified\":\"2022-07-07T19:20:30+00:00\",\"description\":\"P\u00e1gina oficial de la Fiscal\u00eda General de la Naci\u00f3n \u2013 Colombia. Garantizamos el acceso efectivo a la justicia, la verdad y la reparaci\u00f3n de las v\u00edctimas de los delitos.\",\"breadcrumb\":{\"@id\":\"https:\/\/www.fiscalia.gov.co\/colombia\/noticias\/imputan-cargos-a-9-exmilitares-investigados-por-un-peculado-superior-a-1-700-millones-de-pesos\/#breadcrumb\"},\"inLanguage\":\"es-CO\",\"potentialAction\":[{\"@type\":\"ReadAction\",\"target\":[\"https:\/\/www.fiscalia.gov.co\/colombia\/noticias\/imputan-cargos-a-9-exmilitares-investigados-por-un-peculado-superior-a-1-700-millones-de-pesos\/\"]}]},{\"@type\":\"BreadcrumbList\",\"@id\":\"https:\/\/www.fiscalia.gov.co\/colombia\/noticias\/imputan-cargos-a-9-exmilitares-investigados-por-un-peculado-superior-a-1-700-millones-de-pesos\/#breadcrumb\",\"itemListElement\":[{\"@type\":\"ListItem\",\"position\":1,\"name\":\"Home\",\"item\":\"https:\/\/www.fiscalia.gov.co\/colombia\/\"},{\"@type\":\"ListItem\",\"position\":2,\"name\":\"Imputan cargos a 9 exmilitares investigados por un peculado superior a 1.700 millones de pesos\u00a0\"}]},{\"@type\":\"WebSite\",\"@id\":\"https:\/\/www.fiscalia.gov.co\/colombia\/#website\",\"url\":\"https:\/\/www.fiscalia.gov.co\/colombia\/\",\"name\":\"Fiscal\u00eda General de la Naci\u00f3n\",\"description\":\"P\u00e1gina oficial de la Fiscal\u00eda General de la Naci\u00f3n \u2013 Colombia. Garantizamos el acceso efectivo a la justicia, la verdad y la reparaci\u00f3n de las v\u00edctimas de los delitos.\",\"publisher\":{\"@id\":\"https:\/\/www.fiscalia.gov.co\/colombia\/#organization\"},\"potentialAction\":[{\"@type\":\"SearchAction\",\"target\":{\"@type\":\"EntryPoint\",\"urlTemplate\":\"https:\/\/www.fiscalia.gov.co\/colombia\/?s={search_term_string}\"},\"query-input\":{\"@type\":\"PropertyValueSpecification\",\"valueRequired\":true,\"valueName\":\"search_term_string\"}}],\"inLanguage\":\"es-CO\"},{\"@type\":\"Organization\",\"@id\":\"https:\/\/www.fiscalia.gov.co\/colombia\/#organization\",\"name\":\"Fiscal\u00eda General de la Naci\u00f3n\",\"url\":\"https:\/\/www.fiscalia.gov.co\/colombia\/\",\"logo\":{\"@type\":\"ImageObject\",\"inLanguage\":\"es-CO\",\"@id\":\"https:\/\/www.fiscalia.gov.co\/colombia\/#\/schema\/logo\/image\/\",\"url\":\"https:\/\/www.fiscalia.gov.co\/colombia\/wp-content\/uploads\/LogoHorizontal_1.jpg\",\"contentUrl\":\"https:\/\/www.fiscalia.gov.co\/colombia\/wp-content\/uploads\/LogoHorizontal_1.jpg\",\"width\":300,\"height\":90,\"caption\":\"Fiscal\u00eda General de la Naci\u00f3n\"},\"image\":{\"@id\":\"https:\/\/www.fiscalia.gov.co\/colombia\/#\/schema\/logo\/image\/\"},\"sameAs\":[\"https:\/\/www.facebook.com\/FiscaliaCol\",\"https:\/\/x.com\/FiscaliaCol\",\"https:\/\/www.instagram.com\/fiscaliacol\",\"https:\/\/www.linkedin.com\/company\/fiscalia-general-de-la-naci-n\/\",\"https:\/\/youtube.com\/@fiscaliageneraldelanacion-4668?si=6nN79nyQICPU5iTh\"]},{\"@type\":\"Person\",\"@id\":\"https:\/\/www.fiscalia.gov.co\/colombia\/#\/schema\/person\/2e76b9aba5ecf875ed565ce4de0e0415\",\"name\":\"Katherine Loaiza Mart\u00ednez\",\"image\":{\"@type\":\"ImageObject\",\"inLanguage\":\"es-CO\",\"@id\":\"https:\/\/www.fiscalia.gov.co\/colombia\/#\/schema\/person\/image\/\",\"url\":\"https:\/\/secure.gravatar.com\/avatar\/ab775a2f394c1b83b6d6f78680e57b50?s=96&d=mm&r=g\",\"contentUrl\":\"https:\/\/secure.gravatar.com\/avatar\/ab775a2f394c1b83b6d6f78680e57b50?s=96&d=mm&r=g\",\"caption\":\"Katherine Loaiza Mart\u00ednez\"},\"url\":\"https:\/\/www.fiscalia.gov.co\/colombia\/author\/kloaiza\/\"}]}<\/script>\n<!-- \/ Yoast SEO plugin. -->","yoast_head_json":{"title":"Fiscal\u00eda General de la Naci\u00f3n","description":"P\u00e1gina oficial de la Fiscal\u00eda General de la Naci\u00f3n \u2013 Colombia. Garantizamos el acceso efectivo a la justicia, la verdad y la reparaci\u00f3n de las v\u00edctimas de los delitos.","robots":{"index":"noindex","follow":"follow"},"og_locale":"es_ES","og_type":"article","og_title":"Fiscal\u00eda General de la Naci\u00f3n","og_description":"P\u00e1gina oficial de la Fiscal\u00eda General de la Naci\u00f3n \u2013 Colombia. Garantizamos el acceso efectivo a la justicia, la verdad y la reparaci\u00f3n de las v\u00edctimas de los delitos.","og_url":"https:\/\/www.fiscalia.gov.co\/colombia\/noticias\/imputan-cargos-a-9-exmilitares-investigados-por-un-peculado-superior-a-1-700-millones-de-pesos\/","og_site_name":"Fiscal\u00eda General de la Naci\u00f3n","article_publisher":"https:\/\/www.facebook.com\/FiscaliaCol","article_published_time":"2022-07-07T19:19:10+00:00","article_modified_time":"2022-07-07T19:20:30+00:00","author":"Katherine Loaiza Mart\u00ednez","twitter_card":"summary_large_image","twitter_creator":"@FiscaliaCol","twitter_site":"@FiscaliaCol","twitter_misc":{"Escrito por":"Katherine Loaiza Mart\u00ednez","Tiempo de lectura":"2 minutos"},"schema":{"@context":"https:\/\/schema.org","@graph":[{"@type":"Article","@id":"https:\/\/www.fiscalia.gov.co\/colombia\/noticias\/imputan-cargos-a-9-exmilitares-investigados-por-un-peculado-superior-a-1-700-millones-de-pesos\/#article","isPartOf":{"@id":"https:\/\/www.fiscalia.gov.co\/colombia\/noticias\/imputan-cargos-a-9-exmilitares-investigados-por-un-peculado-superior-a-1-700-millones-de-pesos\/"},"author":{"name":"Katherine Loaiza Mart\u00ednez","@id":"https:\/\/www.fiscalia.gov.co\/colombia\/#\/schema\/person\/2e76b9aba5ecf875ed565ce4de0e0415"},"headline":"Imputan cargos a 9 exmilitares investigados por un peculado superior a 1.700 millones de pesos\u00a0","datePublished":"2022-07-07T19:19:10+00:00","dateModified":"2022-07-07T19:20:30+00:00","mainEntityOfPage":{"@id":"https:\/\/www.fiscalia.gov.co\/colombia\/noticias\/imputan-cargos-a-9-exmilitares-investigados-por-un-peculado-superior-a-1-700-millones-de-pesos\/"},"wordCount":387,"publisher":{"@id":"https:\/\/www.fiscalia.gov.co\/colombia\/#organization"},"keywords":["9 oficiales de la Cuarta Brigada del Ej\u00e9rcito Nacional","cuant\u00eda de 1 798 092 630","Fiscal Francisco Barbosa Delgado","Fiscal General Francisco Barbosa Delgado","Fiscal\u00eda General de la Naci\u00f3n","Imputaci\u00f3n de cargos","peculado por apropiaci\u00f3n en favor de terceros","Unidad de Delitos contra la Administraci\u00f3n P\u00fablica"],"articleSection":["Corrupci\u00f3n","Corrupci\u00f3n","Noticias","Seccional Medell\u00edn"],"inLanguage":"es-CO"},{"@type":"WebPage","@id":"https:\/\/www.fiscalia.gov.co\/colombia\/noticias\/imputan-cargos-a-9-exmilitares-investigados-por-un-peculado-superior-a-1-700-millones-de-pesos\/","url":"https:\/\/www.fiscalia.gov.co\/colombia\/noticias\/imputan-cargos-a-9-exmilitares-investigados-por-un-peculado-superior-a-1-700-millones-de-pesos\/","name":"Fiscal\u00eda General de la Naci\u00f3n","isPartOf":{"@id":"https:\/\/www.fiscalia.gov.co\/colombia\/#website"},"datePublished":"2022-07-07T19:19:10+00:00","dateModified":"2022-07-07T19:20:30+00:00","description":"P\u00e1gina oficial de la Fiscal\u00eda General de la Naci\u00f3n \u2013 Colombia. Garantizamos el acceso efectivo a la justicia, la verdad y la reparaci\u00f3n de las v\u00edctimas de los delitos.","breadcrumb":{"@id":"https:\/\/www.fiscalia.gov.co\/colombia\/noticias\/imputan-cargos-a-9-exmilitares-investigados-por-un-peculado-superior-a-1-700-millones-de-pesos\/#breadcrumb"},"inLanguage":"es-CO","potentialAction":[{"@type":"ReadAction","target":["https:\/\/www.fiscalia.gov.co\/colombia\/noticias\/imputan-cargos-a-9-exmilitares-investigados-por-un-peculado-superior-a-1-700-millones-de-pesos\/"]}]},{"@type":"BreadcrumbList","@id":"https:\/\/www.fiscalia.gov.co\/colombia\/noticias\/imputan-cargos-a-9-exmilitares-investigados-por-un-peculado-superior-a-1-700-millones-de-pesos\/#breadcrumb","itemListElement":[{"@type":"ListItem","position":1,"name":"Home","item":"https:\/\/www.fiscalia.gov.co\/colombia\/"},{"@type":"ListItem","position":2,"name":"Imputan cargos a 9 exmilitares investigados por un peculado superior a 1.700 millones de pesos\u00a0"}]},{"@type":"WebSite","@id":"https:\/\/www.fiscalia.gov.co\/colombia\/#website","url":"https:\/\/www.fiscalia.gov.co\/colombia\/","name":"Fiscal\u00eda General de la Naci\u00f3n","description":"P\u00e1gina oficial de la Fiscal\u00eda General de la Naci\u00f3n \u2013 Colombia. Garantizamos el acceso efectivo a la justicia, la verdad y la reparaci\u00f3n de las v\u00edctimas de los delitos.","publisher":{"@id":"https:\/\/www.fiscalia.gov.co\/colombia\/#organization"},"potentialAction":[{"@type":"SearchAction","target":{"@type":"EntryPoint","urlTemplate":"https:\/\/www.fiscalia.gov.co\/colombia\/?s={search_term_string}"},"query-input":{"@type":"PropertyValueSpecification","valueRequired":true,"valueName":"search_term_string"}}],"inLanguage":"es-CO"},{"@type":"Organization","@id":"https:\/\/www.fiscalia.gov.co\/colombia\/#organization","name":"Fiscal\u00eda General de la Naci\u00f3n","url":"https:\/\/www.fiscalia.gov.co\/colombia\/","logo":{"@type":"ImageObject","inLanguage":"es-CO","@id":"https:\/\/www.fiscalia.gov.co\/colombia\/#\/schema\/logo\/image\/","url":"https:\/\/www.fiscalia.gov.co\/colombia\/wp-content\/uploads\/LogoHorizontal_1.jpg","contentUrl":"https:\/\/www.fiscalia.gov.co\/colombia\/wp-content\/uploads\/LogoHorizontal_1.jpg","width":300,"height":90,"caption":"Fiscal\u00eda General de la Naci\u00f3n"},"image":{"@id":"https:\/\/www.fiscalia.gov.co\/colombia\/#\/schema\/logo\/image\/"},"sameAs":["https:\/\/www.facebook.com\/FiscaliaCol","https:\/\/x.com\/FiscaliaCol","https:\/\/www.instagram.com\/fiscaliacol","https:\/\/www.linkedin.com\/company\/fiscalia-general-de-la-naci-n\/","https:\/\/youtube.com\/@fiscaliageneraldelanacion-4668?si=6nN79nyQICPU5iTh"]},{"@type":"Person","@id":"https:\/\/www.fiscalia.gov.co\/colombia\/#\/schema\/person\/2e76b9aba5ecf875ed565ce4de0e0415","name":"Katherine Loaiza Mart\u00ednez","image":{"@type":"ImageObject","inLanguage":"es-CO","@id":"https:\/\/www.fiscalia.gov.co\/colombia\/#\/schema\/person\/image\/","url":"https:\/\/secure.gravatar.com\/avatar\/ab775a2f394c1b83b6d6f78680e57b50?s=96&d=mm&r=g","contentUrl":"https:\/\/secure.gravatar.com\/avatar\/ab775a2f394c1b83b6d6f78680e57b50?s=96&d=mm&r=g","caption":"Katherine Loaiza Mart\u00ednez"},"url":"https:\/\/www.fiscalia.gov.co\/colombia\/author\/kloaiza\/"}]}},"_links":{"self":[{"href":"https:\/\/www.fiscalia.gov.co\/colombia\/wp-json\/wp\/v2\/posts\/252215","targetHints":{"allow":["GET"]}}],"collection":[{"href":"https:\/\/www.fiscalia.gov.co\/colombia\/wp-json\/wp\/v2\/posts"}],"about":[{"href":"https:\/\/www.fiscalia.gov.co\/colombia\/wp-json\/wp\/v2\/types\/post"}],"author":[{"embeddable":true,"href":"https:\/\/www.fiscalia.gov.co\/colombia\/wp-json\/wp\/v2\/users\/175"}],"replies":[{"embeddable":true,"href":"https:\/\/www.fiscalia.gov.co\/colombia\/wp-json\/wp\/v2\/comments?post=252215"}],"version-history":[{"count":3,"href":"https:\/\/www.fiscalia.gov.co\/colombia\/wp-json\/wp\/v2\/posts\/252215\/revisions"}],"predecessor-version":[{"id":252218,"href":"https:\/\/www.fiscalia.gov.co\/colombia\/wp-json\/wp\/v2\/posts\/252215\/revisions\/252218"}],"wp:attachment":[{"href":"https:\/\/www.fiscalia.gov.co\/colombia\/wp-json\/wp\/v2\/media?parent=252215"}],"wp:term":[{"taxonomy":"category","embeddable":true,"href":"https:\/\/www.fiscalia.gov.co\/colombia\/wp-json\/wp\/v2\/categories?post=252215"},{"taxonomy":"post_tag","embeddable":true,"href":"https:\/\/www.fiscalia.gov.co\/colombia\/wp-json\/wp\/v2\/tags?post=252215"}],"curies":[{"name":"wp","href":"https:\/\/api.w.org\/{rel}","templated":true}]}}