{"id":252081,"date":"2022-07-06T13:16:58","date_gmt":"2022-07-06T18:16:58","guid":{"rendered":"https:\/\/www.fiscalia.gov.co\/colombia\/?p=252081"},"modified":"2022-07-06T13:16:58","modified_gmt":"2022-07-06T18:16:58","slug":"asegurado-abogado-como-presunto-responsable-de-maltratar-y-amenazar-a-su-companera-permanente-durante-tres-anos","status":"publish","type":"post","link":"https:\/\/www.fiscalia.gov.co\/colombia\/noticias\/asegurado-abogado-como-presunto-responsable-de-maltratar-y-amenazar-a-su-companera-permanente-durante-tres-anos\/","title":{"rendered":"Asegurado abogado como presunto responsable de maltratar y amenazar a su compa\u00f1era permanente durante tres a\u00f1os"},"content":{"rendered":"<blockquote>\n<h4 style=\"font-weight: 400; text-align: left;\"><strong><em>En las audiencias concentradas el fiscal del caso corri\u00f3 traslado del escrito de acusaci\u00f3n en contra del hoy imputado.<\/em><\/strong><\/h4>\n<\/blockquote>\n<p style=\"font-weight: 400;\">\n<p style=\"font-weight: 400;\">La Fiscal\u00eda General de la Naci\u00f3n judicializ\u00f3 al abogado Luis Antonio Caiza C\u00f3rdoba, de 62 a\u00f1os, como presunto responsable de maltratar y amenazar a su compa\u00f1era permanente en Cali (Valle del Cauca).<\/p>\n<figure id=\"attachment_252082\" aria-describedby=\"caption-attachment-252082\" style=\"width: 225px\" class=\"wp-caption alignleft\"><img loading=\"lazy\" decoding=\"async\" class=\"wp-image-252082 size-medium\" src=\"https:\/\/www.fiscalia.gov.co\/colombia\/wp-content\/uploads\/Luis-Antonio-Caiza-Cordoba.-Violencia-intrafamiliar-agravada.-Cali-Valle.-225x300.jpg\" alt=\"\" width=\"225\" height=\"300\" srcset=\"https:\/\/www.fiscalia.gov.co\/colombia\/wp-content\/uploads\/Luis-Antonio-Caiza-Cordoba.-Violencia-intrafamiliar-agravada.-Cali-Valle.-225x300.jpg 225w, https:\/\/www.fiscalia.gov.co\/colombia\/wp-content\/uploads\/Luis-Antonio-Caiza-Cordoba.-Violencia-intrafamiliar-agravada.-Cali-Valle.-767x1024.jpg 767w, https:\/\/www.fiscalia.gov.co\/colombia\/wp-content\/uploads\/Luis-Antonio-Caiza-Cordoba.-Violencia-intrafamiliar-agravada.-Cali-Valle.-768x1025.jpg 768w, https:\/\/www.fiscalia.gov.co\/colombia\/wp-content\/uploads\/Luis-Antonio-Caiza-Cordoba.-Violencia-intrafamiliar-agravada.-Cali-Valle.-696x929.jpg 696w, https:\/\/www.fiscalia.gov.co\/colombia\/wp-content\/uploads\/Luis-Antonio-Caiza-Cordoba.-Violencia-intrafamiliar-agravada.-Cali-Valle.-315x420.jpg 315w, https:\/\/www.fiscalia.gov.co\/colombia\/wp-content\/uploads\/Luis-Antonio-Caiza-Cordoba.-Violencia-intrafamiliar-agravada.-Cali-Valle..jpg 959w\" sizes=\"auto, (max-width: 225px) 100vw, 225px\" \/><figcaption id=\"caption-attachment-252082\" class=\"wp-caption-text\">Luis Antonio Caiza C\u00f3rdoba, enviado a la c\u00e1rcel como presunto responsable de maltratar y amenazar a su compa\u00f1era permanente, en Cali (Valle).<\/figcaption><\/figure>\n<p style=\"font-weight: 400;\">Un juez de control de garant\u00edas acogi\u00f3 la solicitud de la Fiscal\u00eda y decidi\u00f3 enviar a la c\u00e1rcel al abogado Caiza C\u00f3rdoba, quien fue capturado con orden judicial por personal del Cuerpo T\u00e9cnico de Investigaci\u00f3n (CTI) de la Seccional Cali y la Polic\u00eda Nacional. La Fiscal\u00eda tambi\u00e9n corri\u00f3 traslado del escrito de acusaci\u00f3n en su contra.<\/p>\n<p style=\"font-weight: 400;\">De acuerdo con la investigaci\u00f3n, el hoy imputado habr\u00eda incurrido en dicha conducta il\u00edcita desde el 2019, tiempo desde el cual convivi\u00f3 con la v\u00edctima a quien, presuntamente, le enviaba mensajes de texto y audios con mensajes e improperios, dentro de un contexto de violencia basa en el g\u00e9nero, en la que, adem\u00e1s, al parecer, ejerc\u00eda actos de control apoder\u00e1ndose de las decisiones de su expareja.<\/p>\n<p style=\"font-weight: 400;\">Dicha situaci\u00f3n fue corroborada por el Instituto Nacional de Medicina Legal y Ciencias Forenses indicando que la violencia era cr\u00f3nica, de tipo f\u00edsico, patrimonial, econ\u00f3mica, social y sexual, dentro del \u00e1mbito p\u00fablico y privado.<\/p>\n<p style=\"font-weight: 400;\">Con labores de polic\u00eda judicial se recaudaron elementos materiales probatorios y evidencia f\u00edsica que permitieron a la Fiscal\u00eda establecer que el maltrato y las agresiones, al parecer, se extendieron hasta el pasado mes de mayo, durante una diligencia a la cual hab\u00edan sido citados la v\u00edctima y el presunto implicado.<\/p>\n<p style=\"font-weight: 400;\">En desarrollo de las audiencias preliminares, la Fiscal\u00eda le imput\u00f3 cargos al capturado por el delito de\u00a0<a href=\"https:\/\/www.fiscalia.gov.co\/colombia\/noticias\/a-prision-presunto-autor-de-violencia-intrafamiliar-agravada\/\" data-saferedirecturl=\"https:\/\/www.google.com\/url?q=https:\/\/www.fiscalia.gov.co\/colombia\/noticias\/a-prision-presunto-autor-de-violencia-intrafamiliar-agravada\/&amp;source=gmail&amp;ust=1657215503350000&amp;usg=AOvVaw2CP-E7g6vwoNR-X1h4Nj3J\">violencia intrafamiliar agravada<\/a>, por lo que el juez decidi\u00f3 que Caiza C\u00f3rdoba debe cumplir la medida de aseguramiento en centro carcelario.<\/p>\n<p style=\"font-weight: 400;\">Esta informaci\u00f3n se publica por razones de inter\u00e9s general.<\/p>\n<p style=\"font-weight: 400;\"><strong>La Fiscal\u00eda habla con resultados.<\/strong><\/p>\n<p style=\"font-weight: 400;\">\n<p style=\"font-weight: 400;\">MAP\/CFG\/SEGM\/DSC\/<\/p>\n<p><em>La informaci\u00f3n contenida en este bolet\u00edn de prensa corresponde a la narraci\u00f3n de los hechos noticiosos objetivos, suministrados por los funcionarios encargados de adelantar las investigaciones penales al interior de la Fiscal\u00eda General de la Naci\u00f3n. Para el momento de la divulgaci\u00f3n de este comunicado, la situaci\u00f3n jur\u00eddica de la(s) persona(s) relacionada(s) se encuentra pendiente de resolver por la autoridad judicial competente, siempre bajo los preceptos de la presunci\u00f3n de inocencia, consagrados en el art\u00edculo 29 de la Constituci\u00f3n Pol\u00edtica y el art\u00edculo 7\u00ba de la Ley 906 de 2004.<\/em><\/p>\n<p>&nbsp;<\/p>\n\n<div class=\"twitter-share\"><a href=\"https:\/\/twitter.com\/intent\/tweet?via=fiscaliacol\" class=\"twitter-share-button\">Tweet<\/a><\/div>\n","protected":false},"excerpt":{"rendered":"<p>En las audiencias concentradas el fiscal del caso corri\u00f3 traslado del escrito de acusaci\u00f3n en contra del hoy imputado. La Fiscal\u00eda General de la Naci\u00f3n judicializ\u00f3 al abogado Luis Antonio [&hellip;]<\/p>\n","protected":false},"author":175,"featured_media":0,"comment_status":"closed","ping_status":"open","sticky":false,"template":"","format":"standard","meta":{"tdm_status":"","tdm_grid_status":"","footnotes":""},"categories":[1,324,24127],"tags":[12424,14550,24551,810,24189,78,24187,1185,24549,26070,12433],"class_list":["post-252081","post","type-post","status-publish","format-standard","category-noticias","category-seccional-cali","category-violencia-sexual-e-intrafamiliar","tag-capturado","tag-carcel","tag-centro-carcelario","tag-escrito-de-acusacion","tag-fiscal-francisco-barbosa-delgado","tag-fiscal-general-de-la-nacion","tag-fiscalia-colombia","tag-medida-de-aseguramiento","tag-orden-judicial","tag-seccional-cali","tag-violencia-intrafamiliar-agravada"],"yoast_head":"<!-- This site is optimized with the Yoast SEO plugin v24.3 - https:\/\/yoast.com\/wordpress\/plugins\/seo\/ -->\n<title>Fiscal\u00eda General de la Naci\u00f3n<\/title>\n<meta name=\"description\" content=\"P\u00e1gina oficial de la Fiscal\u00eda General de la Naci\u00f3n \u2013 Colombia. Garantizamos el acceso efectivo a la justicia, la verdad y la reparaci\u00f3n de las v\u00edctimas de los delitos.\" \/>\n<meta name=\"robots\" content=\"noindex, follow\" \/>\n<meta property=\"og:locale\" content=\"es_ES\" \/>\n<meta property=\"og:type\" content=\"article\" \/>\n<meta property=\"og:title\" content=\"Fiscal\u00eda General de la Naci\u00f3n\" \/>\n<meta property=\"og:description\" content=\"P\u00e1gina oficial de la Fiscal\u00eda General de la Naci\u00f3n \u2013 Colombia. Garantizamos el acceso efectivo a la justicia, la verdad y la reparaci\u00f3n de las v\u00edctimas de los delitos.\" \/>\n<meta property=\"og:url\" content=\"https:\/\/www.fiscalia.gov.co\/colombia\/noticias\/asegurado-abogado-como-presunto-responsable-de-maltratar-y-amenazar-a-su-companera-permanente-durante-tres-anos\/\" \/>\n<meta property=\"og:site_name\" content=\"Fiscal\u00eda General de la Naci\u00f3n\" \/>\n<meta property=\"article:publisher\" content=\"https:\/\/www.facebook.com\/FiscaliaCol\" \/>\n<meta property=\"article:published_time\" content=\"2022-07-06T18:16:58+00:00\" \/>\n<meta property=\"og:image\" content=\"https:\/\/www.fiscalia.gov.co\/colombia\/wp-content\/uploads\/Luis-Antonio-Caiza-Cordoba.-Violencia-intrafamiliar-agravada.-Cali-Valle.-225x300.jpg\" \/>\n<meta name=\"author\" content=\"Katherine Loaiza Mart\u00ednez\" \/>\n<meta name=\"twitter:card\" content=\"summary_large_image\" \/>\n<meta name=\"twitter:creator\" content=\"@FiscaliaCol\" \/>\n<meta name=\"twitter:site\" content=\"@FiscaliaCol\" \/>\n<meta name=\"twitter:label1\" content=\"Escrito por\" \/>\n\t<meta name=\"twitter:data1\" content=\"Katherine Loaiza Mart\u00ednez\" \/>\n\t<meta name=\"twitter:label2\" content=\"Tiempo de lectura\" \/>\n\t<meta name=\"twitter:data2\" content=\"2 minutos\" \/>\n<script type=\"application\/ld+json\" class=\"yoast-schema-graph\">{\"@context\":\"https:\/\/schema.org\",\"@graph\":[{\"@type\":\"Article\",\"@id\":\"https:\/\/www.fiscalia.gov.co\/colombia\/noticias\/asegurado-abogado-como-presunto-responsable-de-maltratar-y-amenazar-a-su-companera-permanente-durante-tres-anos\/#article\",\"isPartOf\":{\"@id\":\"https:\/\/www.fiscalia.gov.co\/colombia\/noticias\/asegurado-abogado-como-presunto-responsable-de-maltratar-y-amenazar-a-su-companera-permanente-durante-tres-anos\/\"},\"author\":{\"name\":\"Katherine Loaiza Mart\u00ednez\",\"@id\":\"https:\/\/www.fiscalia.gov.co\/colombia\/#\/schema\/person\/2e76b9aba5ecf875ed565ce4de0e0415\"},\"headline\":\"Asegurado abogado como presunto responsable de maltratar y amenazar a su compa\u00f1era permanente durante tres a\u00f1os\",\"datePublished\":\"2022-07-06T18:16:58+00:00\",\"dateModified\":\"2022-07-06T18:16:58+00:00\",\"mainEntityOfPage\":{\"@id\":\"https:\/\/www.fiscalia.gov.co\/colombia\/noticias\/asegurado-abogado-como-presunto-responsable-de-maltratar-y-amenazar-a-su-companera-permanente-durante-tres-anos\/\"},\"wordCount\":503,\"publisher\":{\"@id\":\"https:\/\/www.fiscalia.gov.co\/colombia\/#organization\"},\"image\":{\"@id\":\"https:\/\/www.fiscalia.gov.co\/colombia\/noticias\/asegurado-abogado-como-presunto-responsable-de-maltratar-y-amenazar-a-su-companera-permanente-durante-tres-anos\/#primaryimage\"},\"thumbnailUrl\":\"https:\/\/www.fiscalia.gov.co\/colombia\/wp-content\/uploads\/Luis-Antonio-Caiza-Cordoba.-Violencia-intrafamiliar-agravada.-Cali-Valle.-225x300.jpg\",\"keywords\":[\"Capturado\",\"C\u00e1rcel\",\"centro carcelario\",\"Escrito de acusaci\u00f3n\",\"Fiscal Francisco Barbosa Delgado\",\"Fiscal General de la Naci\u00f3n\",\"Fiscal\u00eda Colombia\",\"Medida de aseguramiento\",\"orden judicial\",\"Seccional Cali\",\"violencia intrafamiliar agravada\"],\"articleSection\":[\"Noticias\",\"Seccional Cali\",\"Violencia sexual e intrafamiliar\"],\"inLanguage\":\"es-CO\"},{\"@type\":\"WebPage\",\"@id\":\"https:\/\/www.fiscalia.gov.co\/colombia\/noticias\/asegurado-abogado-como-presunto-responsable-de-maltratar-y-amenazar-a-su-companera-permanente-durante-tres-anos\/\",\"url\":\"https:\/\/www.fiscalia.gov.co\/colombia\/noticias\/asegurado-abogado-como-presunto-responsable-de-maltratar-y-amenazar-a-su-companera-permanente-durante-tres-anos\/\",\"name\":\"Fiscal\u00eda General de la Naci\u00f3n\",\"isPartOf\":{\"@id\":\"https:\/\/www.fiscalia.gov.co\/colombia\/#website\"},\"primaryImageOfPage\":{\"@id\":\"https:\/\/www.fiscalia.gov.co\/colombia\/noticias\/asegurado-abogado-como-presunto-responsable-de-maltratar-y-amenazar-a-su-companera-permanente-durante-tres-anos\/#primaryimage\"},\"image\":{\"@id\":\"https:\/\/www.fiscalia.gov.co\/colombia\/noticias\/asegurado-abogado-como-presunto-responsable-de-maltratar-y-amenazar-a-su-companera-permanente-durante-tres-anos\/#primaryimage\"},\"thumbnailUrl\":\"https:\/\/www.fiscalia.gov.co\/colombia\/wp-content\/uploads\/Luis-Antonio-Caiza-Cordoba.-Violencia-intrafamiliar-agravada.-Cali-Valle.-225x300.jpg\",\"datePublished\":\"2022-07-06T18:16:58+00:00\",\"dateModified\":\"2022-07-06T18:16:58+00:00\",\"description\":\"P\u00e1gina oficial de la Fiscal\u00eda General de la Naci\u00f3n \u2013 Colombia. Garantizamos el acceso efectivo a la justicia, la verdad y la reparaci\u00f3n de las v\u00edctimas de los delitos.\",\"breadcrumb\":{\"@id\":\"https:\/\/www.fiscalia.gov.co\/colombia\/noticias\/asegurado-abogado-como-presunto-responsable-de-maltratar-y-amenazar-a-su-companera-permanente-durante-tres-anos\/#breadcrumb\"},\"inLanguage\":\"es-CO\",\"potentialAction\":[{\"@type\":\"ReadAction\",\"target\":[\"https:\/\/www.fiscalia.gov.co\/colombia\/noticias\/asegurado-abogado-como-presunto-responsable-de-maltratar-y-amenazar-a-su-companera-permanente-durante-tres-anos\/\"]}]},{\"@type\":\"ImageObject\",\"inLanguage\":\"es-CO\",\"@id\":\"https:\/\/www.fiscalia.gov.co\/colombia\/noticias\/asegurado-abogado-como-presunto-responsable-de-maltratar-y-amenazar-a-su-companera-permanente-durante-tres-anos\/#primaryimage\",\"url\":\"https:\/\/www.fiscalia.gov.co\/colombia\/wp-content\/uploads\/Luis-Antonio-Caiza-Cordoba.-Violencia-intrafamiliar-agravada.-Cali-Valle..jpg\",\"contentUrl\":\"https:\/\/www.fiscalia.gov.co\/colombia\/wp-content\/uploads\/Luis-Antonio-Caiza-Cordoba.-Violencia-intrafamiliar-agravada.-Cali-Valle..jpg\",\"width\":959,\"height\":1280,\"caption\":\"Luis Antonio Caiza C\u00f3rdoba, enviado a la c\u00e1rcel como presunto responsable de maltratar y amenazar a su compa\u00f1era permanente, en Cali (Valle).\"},{\"@type\":\"BreadcrumbList\",\"@id\":\"https:\/\/www.fiscalia.gov.co\/colombia\/noticias\/asegurado-abogado-como-presunto-responsable-de-maltratar-y-amenazar-a-su-companera-permanente-durante-tres-anos\/#breadcrumb\",\"itemListElement\":[{\"@type\":\"ListItem\",\"position\":1,\"name\":\"Home\",\"item\":\"https:\/\/www.fiscalia.gov.co\/colombia\/\"},{\"@type\":\"ListItem\",\"position\":2,\"name\":\"Asegurado abogado como presunto responsable de maltratar y amenazar a su compa\u00f1era permanente durante tres a\u00f1os\"}]},{\"@type\":\"WebSite\",\"@id\":\"https:\/\/www.fiscalia.gov.co\/colombia\/#website\",\"url\":\"https:\/\/www.fiscalia.gov.co\/colombia\/\",\"name\":\"Fiscal\u00eda General de la Naci\u00f3n\",\"description\":\"P\u00e1gina oficial de la Fiscal\u00eda General de la Naci\u00f3n \u2013 Colombia. Garantizamos el acceso efectivo a la justicia, la verdad y la reparaci\u00f3n de las v\u00edctimas de los delitos.\",\"publisher\":{\"@id\":\"https:\/\/www.fiscalia.gov.co\/colombia\/#organization\"},\"potentialAction\":[{\"@type\":\"SearchAction\",\"target\":{\"@type\":\"EntryPoint\",\"urlTemplate\":\"https:\/\/www.fiscalia.gov.co\/colombia\/?s={search_term_string}\"},\"query-input\":{\"@type\":\"PropertyValueSpecification\",\"valueRequired\":true,\"valueName\":\"search_term_string\"}}],\"inLanguage\":\"es-CO\"},{\"@type\":\"Organization\",\"@id\":\"https:\/\/www.fiscalia.gov.co\/colombia\/#organization\",\"name\":\"Fiscal\u00eda General de la Naci\u00f3n\",\"url\":\"https:\/\/www.fiscalia.gov.co\/colombia\/\",\"logo\":{\"@type\":\"ImageObject\",\"inLanguage\":\"es-CO\",\"@id\":\"https:\/\/www.fiscalia.gov.co\/colombia\/#\/schema\/logo\/image\/\",\"url\":\"https:\/\/www.fiscalia.gov.co\/colombia\/wp-content\/uploads\/LogoHorizontal_1.jpg\",\"contentUrl\":\"https:\/\/www.fiscalia.gov.co\/colombia\/wp-content\/uploads\/LogoHorizontal_1.jpg\",\"width\":300,\"height\":90,\"caption\":\"Fiscal\u00eda General de la Naci\u00f3n\"},\"image\":{\"@id\":\"https:\/\/www.fiscalia.gov.co\/colombia\/#\/schema\/logo\/image\/\"},\"sameAs\":[\"https:\/\/www.facebook.com\/FiscaliaCol\",\"https:\/\/x.com\/FiscaliaCol\",\"https:\/\/www.instagram.com\/fiscaliacol\",\"https:\/\/www.linkedin.com\/company\/fiscalia-general-de-la-naci-n\/\",\"https:\/\/youtube.com\/@fiscaliageneraldelanacion-4668?si=6nN79nyQICPU5iTh\"]},{\"@type\":\"Person\",\"@id\":\"https:\/\/www.fiscalia.gov.co\/colombia\/#\/schema\/person\/2e76b9aba5ecf875ed565ce4de0e0415\",\"name\":\"Katherine Loaiza Mart\u00ednez\",\"image\":{\"@type\":\"ImageObject\",\"inLanguage\":\"es-CO\",\"@id\":\"https:\/\/www.fiscalia.gov.co\/colombia\/#\/schema\/person\/image\/\",\"url\":\"https:\/\/secure.gravatar.com\/avatar\/ab775a2f394c1b83b6d6f78680e57b50?s=96&d=mm&r=g\",\"contentUrl\":\"https:\/\/secure.gravatar.com\/avatar\/ab775a2f394c1b83b6d6f78680e57b50?s=96&d=mm&r=g\",\"caption\":\"Katherine Loaiza Mart\u00ednez\"},\"url\":\"https:\/\/www.fiscalia.gov.co\/colombia\/author\/kloaiza\/\"}]}<\/script>\n<!-- \/ Yoast SEO plugin. -->","yoast_head_json":{"title":"Fiscal\u00eda General de la Naci\u00f3n","description":"P\u00e1gina oficial de la Fiscal\u00eda General de la Naci\u00f3n \u2013 Colombia. Garantizamos el acceso efectivo a la justicia, la verdad y la reparaci\u00f3n de las v\u00edctimas de los delitos.","robots":{"index":"noindex","follow":"follow"},"og_locale":"es_ES","og_type":"article","og_title":"Fiscal\u00eda General de la Naci\u00f3n","og_description":"P\u00e1gina oficial de la Fiscal\u00eda General de la Naci\u00f3n \u2013 Colombia. Garantizamos el acceso efectivo a la justicia, la verdad y la reparaci\u00f3n de las v\u00edctimas de los delitos.","og_url":"https:\/\/www.fiscalia.gov.co\/colombia\/noticias\/asegurado-abogado-como-presunto-responsable-de-maltratar-y-amenazar-a-su-companera-permanente-durante-tres-anos\/","og_site_name":"Fiscal\u00eda General de la Naci\u00f3n","article_publisher":"https:\/\/www.facebook.com\/FiscaliaCol","article_published_time":"2022-07-06T18:16:58+00:00","og_image":[{"url":"https:\/\/www.fiscalia.gov.co\/colombia\/wp-content\/uploads\/Luis-Antonio-Caiza-Cordoba.-Violencia-intrafamiliar-agravada.-Cali-Valle.-225x300.jpg","type":"","width":"","height":""}],"author":"Katherine Loaiza Mart\u00ednez","twitter_card":"summary_large_image","twitter_creator":"@FiscaliaCol","twitter_site":"@FiscaliaCol","twitter_misc":{"Escrito por":"Katherine Loaiza Mart\u00ednez","Tiempo de lectura":"2 minutos"},"schema":{"@context":"https:\/\/schema.org","@graph":[{"@type":"Article","@id":"https:\/\/www.fiscalia.gov.co\/colombia\/noticias\/asegurado-abogado-como-presunto-responsable-de-maltratar-y-amenazar-a-su-companera-permanente-durante-tres-anos\/#article","isPartOf":{"@id":"https:\/\/www.fiscalia.gov.co\/colombia\/noticias\/asegurado-abogado-como-presunto-responsable-de-maltratar-y-amenazar-a-su-companera-permanente-durante-tres-anos\/"},"author":{"name":"Katherine Loaiza Mart\u00ednez","@id":"https:\/\/www.fiscalia.gov.co\/colombia\/#\/schema\/person\/2e76b9aba5ecf875ed565ce4de0e0415"},"headline":"Asegurado abogado como presunto responsable de maltratar y amenazar a su compa\u00f1era permanente durante tres a\u00f1os","datePublished":"2022-07-06T18:16:58+00:00","dateModified":"2022-07-06T18:16:58+00:00","mainEntityOfPage":{"@id":"https:\/\/www.fiscalia.gov.co\/colombia\/noticias\/asegurado-abogado-como-presunto-responsable-de-maltratar-y-amenazar-a-su-companera-permanente-durante-tres-anos\/"},"wordCount":503,"publisher":{"@id":"https:\/\/www.fiscalia.gov.co\/colombia\/#organization"},"image":{"@id":"https:\/\/www.fiscalia.gov.co\/colombia\/noticias\/asegurado-abogado-como-presunto-responsable-de-maltratar-y-amenazar-a-su-companera-permanente-durante-tres-anos\/#primaryimage"},"thumbnailUrl":"https:\/\/www.fiscalia.gov.co\/colombia\/wp-content\/uploads\/Luis-Antonio-Caiza-Cordoba.-Violencia-intrafamiliar-agravada.-Cali-Valle.-225x300.jpg","keywords":["Capturado","C\u00e1rcel","centro carcelario","Escrito de acusaci\u00f3n","Fiscal Francisco Barbosa Delgado","Fiscal General de la Naci\u00f3n","Fiscal\u00eda Colombia","Medida de aseguramiento","orden judicial","Seccional Cali","violencia intrafamiliar agravada"],"articleSection":["Noticias","Seccional Cali","Violencia sexual e intrafamiliar"],"inLanguage":"es-CO"},{"@type":"WebPage","@id":"https:\/\/www.fiscalia.gov.co\/colombia\/noticias\/asegurado-abogado-como-presunto-responsable-de-maltratar-y-amenazar-a-su-companera-permanente-durante-tres-anos\/","url":"https:\/\/www.fiscalia.gov.co\/colombia\/noticias\/asegurado-abogado-como-presunto-responsable-de-maltratar-y-amenazar-a-su-companera-permanente-durante-tres-anos\/","name":"Fiscal\u00eda General de la Naci\u00f3n","isPartOf":{"@id":"https:\/\/www.fiscalia.gov.co\/colombia\/#website"},"primaryImageOfPage":{"@id":"https:\/\/www.fiscalia.gov.co\/colombia\/noticias\/asegurado-abogado-como-presunto-responsable-de-maltratar-y-amenazar-a-su-companera-permanente-durante-tres-anos\/#primaryimage"},"image":{"@id":"https:\/\/www.fiscalia.gov.co\/colombia\/noticias\/asegurado-abogado-como-presunto-responsable-de-maltratar-y-amenazar-a-su-companera-permanente-durante-tres-anos\/#primaryimage"},"thumbnailUrl":"https:\/\/www.fiscalia.gov.co\/colombia\/wp-content\/uploads\/Luis-Antonio-Caiza-Cordoba.-Violencia-intrafamiliar-agravada.-Cali-Valle.-225x300.jpg","datePublished":"2022-07-06T18:16:58+00:00","dateModified":"2022-07-06T18:16:58+00:00","description":"P\u00e1gina oficial de la Fiscal\u00eda General de la Naci\u00f3n \u2013 Colombia. Garantizamos el acceso efectivo a la justicia, la verdad y la reparaci\u00f3n de las v\u00edctimas de los delitos.","breadcrumb":{"@id":"https:\/\/www.fiscalia.gov.co\/colombia\/noticias\/asegurado-abogado-como-presunto-responsable-de-maltratar-y-amenazar-a-su-companera-permanente-durante-tres-anos\/#breadcrumb"},"inLanguage":"es-CO","potentialAction":[{"@type":"ReadAction","target":["https:\/\/www.fiscalia.gov.co\/colombia\/noticias\/asegurado-abogado-como-presunto-responsable-de-maltratar-y-amenazar-a-su-companera-permanente-durante-tres-anos\/"]}]},{"@type":"ImageObject","inLanguage":"es-CO","@id":"https:\/\/www.fiscalia.gov.co\/colombia\/noticias\/asegurado-abogado-como-presunto-responsable-de-maltratar-y-amenazar-a-su-companera-permanente-durante-tres-anos\/#primaryimage","url":"https:\/\/www.fiscalia.gov.co\/colombia\/wp-content\/uploads\/Luis-Antonio-Caiza-Cordoba.-Violencia-intrafamiliar-agravada.-Cali-Valle..jpg","contentUrl":"https:\/\/www.fiscalia.gov.co\/colombia\/wp-content\/uploads\/Luis-Antonio-Caiza-Cordoba.-Violencia-intrafamiliar-agravada.-Cali-Valle..jpg","width":959,"height":1280,"caption":"Luis Antonio Caiza C\u00f3rdoba, enviado a la c\u00e1rcel como presunto responsable de maltratar y amenazar a su compa\u00f1era permanente, en Cali (Valle)."},{"@type":"BreadcrumbList","@id":"https:\/\/www.fiscalia.gov.co\/colombia\/noticias\/asegurado-abogado-como-presunto-responsable-de-maltratar-y-amenazar-a-su-companera-permanente-durante-tres-anos\/#breadcrumb","itemListElement":[{"@type":"ListItem","position":1,"name":"Home","item":"https:\/\/www.fiscalia.gov.co\/colombia\/"},{"@type":"ListItem","position":2,"name":"Asegurado abogado como presunto responsable de maltratar y amenazar a su compa\u00f1era permanente durante tres a\u00f1os"}]},{"@type":"WebSite","@id":"https:\/\/www.fiscalia.gov.co\/colombia\/#website","url":"https:\/\/www.fiscalia.gov.co\/colombia\/","name":"Fiscal\u00eda General de la Naci\u00f3n","description":"P\u00e1gina oficial de la Fiscal\u00eda General de la Naci\u00f3n \u2013 Colombia. Garantizamos el acceso efectivo a la justicia, la verdad y la reparaci\u00f3n de las v\u00edctimas de los delitos.","publisher":{"@id":"https:\/\/www.fiscalia.gov.co\/colombia\/#organization"},"potentialAction":[{"@type":"SearchAction","target":{"@type":"EntryPoint","urlTemplate":"https:\/\/www.fiscalia.gov.co\/colombia\/?s={search_term_string}"},"query-input":{"@type":"PropertyValueSpecification","valueRequired":true,"valueName":"search_term_string"}}],"inLanguage":"es-CO"},{"@type":"Organization","@id":"https:\/\/www.fiscalia.gov.co\/colombia\/#organization","name":"Fiscal\u00eda General de la Naci\u00f3n","url":"https:\/\/www.fiscalia.gov.co\/colombia\/","logo":{"@type":"ImageObject","inLanguage":"es-CO","@id":"https:\/\/www.fiscalia.gov.co\/colombia\/#\/schema\/logo\/image\/","url":"https:\/\/www.fiscalia.gov.co\/colombia\/wp-content\/uploads\/LogoHorizontal_1.jpg","contentUrl":"https:\/\/www.fiscalia.gov.co\/colombia\/wp-content\/uploads\/LogoHorizontal_1.jpg","width":300,"height":90,"caption":"Fiscal\u00eda General de la Naci\u00f3n"},"image":{"@id":"https:\/\/www.fiscalia.gov.co\/colombia\/#\/schema\/logo\/image\/"},"sameAs":["https:\/\/www.facebook.com\/FiscaliaCol","https:\/\/x.com\/FiscaliaCol","https:\/\/www.instagram.com\/fiscaliacol","https:\/\/www.linkedin.com\/company\/fiscalia-general-de-la-naci-n\/","https:\/\/youtube.com\/@fiscaliageneraldelanacion-4668?si=6nN79nyQICPU5iTh"]},{"@type":"Person","@id":"https:\/\/www.fiscalia.gov.co\/colombia\/#\/schema\/person\/2e76b9aba5ecf875ed565ce4de0e0415","name":"Katherine Loaiza Mart\u00ednez","image":{"@type":"ImageObject","inLanguage":"es-CO","@id":"https:\/\/www.fiscalia.gov.co\/colombia\/#\/schema\/person\/image\/","url":"https:\/\/secure.gravatar.com\/avatar\/ab775a2f394c1b83b6d6f78680e57b50?s=96&d=mm&r=g","contentUrl":"https:\/\/secure.gravatar.com\/avatar\/ab775a2f394c1b83b6d6f78680e57b50?s=96&d=mm&r=g","caption":"Katherine Loaiza Mart\u00ednez"},"url":"https:\/\/www.fiscalia.gov.co\/colombia\/author\/kloaiza\/"}]}},"_links":{"self":[{"href":"https:\/\/www.fiscalia.gov.co\/colombia\/wp-json\/wp\/v2\/posts\/252081","targetHints":{"allow":["GET"]}}],"collection":[{"href":"https:\/\/www.fiscalia.gov.co\/colombia\/wp-json\/wp\/v2\/posts"}],"about":[{"href":"https:\/\/www.fiscalia.gov.co\/colombia\/wp-json\/wp\/v2\/types\/post"}],"author":[{"embeddable":true,"href":"https:\/\/www.fiscalia.gov.co\/colombia\/wp-json\/wp\/v2\/users\/175"}],"replies":[{"embeddable":true,"href":"https:\/\/www.fiscalia.gov.co\/colombia\/wp-json\/wp\/v2\/comments?post=252081"}],"version-history":[{"count":1,"href":"https:\/\/www.fiscalia.gov.co\/colombia\/wp-json\/wp\/v2\/posts\/252081\/revisions"}],"predecessor-version":[{"id":252083,"href":"https:\/\/www.fiscalia.gov.co\/colombia\/wp-json\/wp\/v2\/posts\/252081\/revisions\/252083"}],"wp:attachment":[{"href":"https:\/\/www.fiscalia.gov.co\/colombia\/wp-json\/wp\/v2\/media?parent=252081"}],"wp:term":[{"taxonomy":"category","embeddable":true,"href":"https:\/\/www.fiscalia.gov.co\/colombia\/wp-json\/wp\/v2\/categories?post=252081"},{"taxonomy":"post_tag","embeddable":true,"href":"https:\/\/www.fiscalia.gov.co\/colombia\/wp-json\/wp\/v2\/tags?post=252081"}],"curies":[{"name":"wp","href":"https:\/\/api.w.org\/{rel}","templated":true}]}}