{"id":251770,"date":"2022-06-30T13:51:07","date_gmt":"2022-06-30T18:51:07","guid":{"rendered":"https:\/\/www.fiscalia.gov.co\/colombia\/?p=251770"},"modified":"2022-06-30T13:51:07","modified_gmt":"2022-06-30T18:51:07","slug":"grupo-delincuencial-los-japoneses-fue-desmantelado-luego-de-varios-meses-de-seguimiento-por-parte-de-la-fiscalia-en-casanare","status":"publish","type":"post","link":"https:\/\/www.fiscalia.gov.co\/colombia\/noticias\/grupo-delincuencial-los-japoneses-fue-desmantelado-luego-de-varios-meses-de-seguimiento-por-parte-de-la-fiscalia-en-casanare\/","title":{"rendered":"Grupo delincuencial Los Japoneses fue desmantelado luego de varios meses de seguimiento por parte de la Fiscal\u00eda en Casanare"},"content":{"rendered":"<p>Luego de recibir varias denuncias, de seguimientos y recopilaci\u00f3n de elementos materiales probatorios, un fiscal adscrito a la Seccional Casanare logr\u00f3 que un juez del municipio de Aguazul (Casanare) asegurara a los presuntos integrantes de la banda delincuencial Los Japoneses, dedicada al parecer al tr\u00e1fico de estupefacientes.<\/p>\n<p>Seg\u00fan las investigaciones, estas personas se dedicaban\u00a0al\u00a0<a href=\"https:\/\/www.fiscalia.gov.co\/colombia\/noticias\/a-la-carcel-un-hombre-capturado-en-flagrancia-por-el-delito-de-trafico-fabricacion-o-porte-de-estupefacientes\/\" data-saferedirecturl=\"https:\/\/www.google.com\/url?q=https:\/\/www.fiscalia.gov.co\/colombia\/noticias\/a-la-carcel-un-hombre-capturado-en-flagrancia-por-el-delito-de-trafico-fabricacion-o-porte-de-estupefacientes\/&amp;source=gmail&amp;ust=1656699575959000&amp;usg=AOvVaw08kj2leiBhJkHpIuCQZ99G\"><strong>microtr\u00e1fico de estupefacientes<\/strong><\/a>, tales como bazuco, clorhidrato de coca\u00edna, marihuana y sus derivados en varios sectores del municipio de Yopal (Casanare), mediante la modalidad de instalaci\u00f3n fija y entregas a domicilio.<\/p>\n<p>Se trata de\u00a0\u00a0<strong>Milton Fabi\u00e1n Garc\u00eda Callejas<\/strong>\u00a0alias El Zarco, quien ser\u00eda el cabecilla;\u00a0<strong>Guillermo Vargas Galindo<\/strong>\u00a0quien se desempe\u00f1aba como proveedor de sustancias prohibidas;\u00a0<strong>Pedro Heraldo Rodr\u00edguez Ovejero<\/strong>\u00a0alias Chiqui, distribuidor y\u00a0<strong>Lady Johana Bonilla Mu\u00f1oz<\/strong>\u00a0alias La Flaca, a quienes la Fiscal\u00eda imput\u00f3 por los\u00a0 delitos de\u00a0\u00a0<a href=\"https:\/\/www.fiscalia.gov.co\/colombia\/noticias\/aseguradas-cinco-personas-por-trafico-fabricacion-o-porte-de-estupefacientes-en-caqueta\/\" data-saferedirecturl=\"https:\/\/www.google.com\/url?q=https:\/\/www.fiscalia.gov.co\/colombia\/noticias\/aseguradas-cinco-personas-por-trafico-fabricacion-o-porte-de-estupefacientes-en-caqueta\/&amp;source=gmail&amp;ust=1656699575960000&amp;usg=AOvVaw3YD4wuX9KaO_tdIeWE4gcq\"><strong>tr\u00e1fico, fabricaci\u00f3n o porte de estupefacientes<\/strong><\/a><strong>\u00a0y\u00a0<\/strong><a href=\"https:\/\/www.fiscalia.gov.co\/colombia\/noticias\/a-la-carcel-otro-presunto-miembro-de-las-disidencias-por-concierto-para-delinquir\/\" data-saferedirecturl=\"https:\/\/www.google.com\/url?q=https:\/\/www.fiscalia.gov.co\/colombia\/noticias\/a-la-carcel-otro-presunto-miembro-de-las-disidencias-por-concierto-para-delinquir\/&amp;source=gmail&amp;ust=1656699575960000&amp;usg=AOvVaw3egeIMfpjZVXbIp7fvp4lz\"><strong>concierto para delinquir<\/strong><\/a><strong>.<\/strong><\/p>\n<p>Durante las diligencias de allanamientos los efectivos de la Fiscal\u00eda y la polic\u00eda\u00a0 incautaron de un\u00a0<strong>r<\/strong>ev\u00f3lver calibre 38 largo, 19\u00a0<strong>cartuchos<\/strong>\u00a0calibre 38 largo, 1.115 gramos de bazuco, 53 gramos de\u00a0<a href=\"https:\/\/www.fiscalia.gov.co\/colombia\/noticias\/carcel-para-un-hombre-por-los-delitos-de-fabricacion-trafico-porte-o-tenencia-de-armas-en-concurso-heterogeneo-y-sucesivo-con-trafico-fabricacion-o-porte-de-estupefacientes\/\" data-saferedirecturl=\"https:\/\/www.google.com\/url?q=https:\/\/www.fiscalia.gov.co\/colombia\/noticias\/carcel-para-un-hombre-por-los-delitos-de-fabricacion-trafico-porte-o-tenencia-de-armas-en-concurso-heterogeneo-y-sucesivo-con-trafico-fabricacion-o-porte-de-estupefacientes\/&amp;source=gmail&amp;ust=1656699575960000&amp;usg=AOvVaw2Tm1ivCc-13wtHaOSWEgZl\"><strong>clorhidrato coca\u00edna<\/strong><\/a>\u00a0y elementos para la dosificaci\u00f3n de las sustancias alucin\u00f3genas.<\/p>\n<p><strong>Milton Fabi\u00e1n Garc\u00eda Callejas<\/strong>,\u00a0<strong>Guillermo Vargas Galindo<\/strong>\u00a0y\u00a0<strong>Pedro Heraldo Rodr\u00edguez Ovejero<\/strong>\u00a0fueron enviados a la c\u00e1rcel, mientras que\u00a0<strong>Lady Johana Bonilla<\/strong>\u00a0fue cobijada con medida domiciliaria.<\/p>\n<p>Esta informaci\u00f3n se publica por razones de inter\u00e9s general.<\/p>\n<p><strong>La Fiscal\u00eda habla con resultados.<\/strong><\/p>\n<p>&nbsp;<\/p>\n<p>&nbsp;<\/p>\n<p>&nbsp;<\/p>\n<p>LAZL\/CFG\/RLG\/DSC\/<\/p>\n<p>&nbsp;<\/p>\n<p>&nbsp;<\/p>\n<p>&nbsp;<\/p>\n<p><em>La informaci\u00f3n contenida en este bolet\u00edn de prensa corresponde a la narraci\u00f3n de los hechos noticiosos objetivos, y las investigaciones penales al interior de la Fiscal\u00eda General de la Naci\u00f3n. Para el momento de la divulgaci\u00f3n de este comunicado, la situaci\u00f3n jur\u00eddica de la(s) persona(s) relacionada(s) se encuentra pendiente de resolver por la autoridad judicial competente, siempre bajo los preceptos de la presunci\u00f3n de inocencia, consagrados en el art\u00edculo 29 de la Constituci\u00f3n Pol\u00edtica y el art\u00edculo 7\u00ba de la Ley 906 de 2004.<\/em><\/p>\n\n<div class=\"twitter-share\"><a href=\"https:\/\/twitter.com\/intent\/tweet?via=fiscaliacol\" class=\"twitter-share-button\">Tweet<\/a><\/div>\n","protected":false},"excerpt":{"rendered":"<p>Luego de recibir varias denuncias, de seguimientos y recopilaci\u00f3n de elementos materiales probatorios, un fiscal adscrito a la Seccional Casanare logr\u00f3 que un juez del municipio de Aguazul (Casanare) asegurara a los presuntos integrantes de la banda delincuencial Los Japoneses, dedicada al parecer al tr\u00e1fico de estupefacientes. Seg\u00fan las investigaciones, estas personas se dedicaban\u00a0al\u00a0microtr\u00e1fico de [&hellip;]<\/p>\n","protected":false},"author":177,"featured_media":0,"comment_status":"closed","ping_status":"open","sticky":false,"template":"","format":"standard","meta":{"_price":"","_stock":"","_tribe_ticket_header":"","_tribe_default_ticket_provider":"","_tribe_ticket_capacity":"0","_ticket_start_date":"","_ticket_end_date":"","_tribe_ticket_show_description":"","_tribe_ticket_show_not_going":false,"_tribe_ticket_use_global_stock":"","_tribe_ticket_global_stock_level":"","_global_stock_mode":"","_global_stock_cap":"","_tribe_rsvp_for_event":"","_tribe_ticket_going_count":"","_tribe_ticket_not_going_count":"","_tribe_tickets_list":"[]","_tribe_ticket_has_attendee_info_fields":false,"tdm_status":"","tdm_grid_status":"","footnotes":""},"categories":[1,24134,303,24099],"tags":[924,32149,1047,1185,916,24034],"class_list":{"0":"post-251770","1":"post","2":"type-post","3":"status-publish","4":"format-standard","6":"category-noticias","7":"category-seccional-yopal","8":"category-seccionales","9":"category-seguridad-territorial","10":"tag-captura","11":"tag-fabricacion-o-porte-de-estupefacientes-y-concierto-para-delinquir","12":"tag-fiscalia-general-de-la-nacion","13":"tag-medida-de-aseguramiento","14":"tag-trafico","15":"tag-yopal-casanare"},"yoast_head":"<!-- This site is optimized with the Yoast SEO plugin v24.3 - https:\/\/yoast.com\/wordpress\/plugins\/seo\/ -->\n<title>Fiscal\u00eda General de la Naci\u00f3n<\/title>\n<meta name=\"description\" content=\"P\u00e1gina oficial de la Fiscal\u00eda General de la Naci\u00f3n \u2013 Colombia. Garantizamos el acceso efectivo a la justicia, la verdad y la reparaci\u00f3n de las v\u00edctimas de los delitos.\" \/>\n<meta name=\"robots\" content=\"noindex, follow\" \/>\n<meta property=\"og:locale\" content=\"es_ES\" \/>\n<meta property=\"og:type\" content=\"article\" \/>\n<meta property=\"og:title\" content=\"Fiscal\u00eda General de la Naci\u00f3n\" \/>\n<meta property=\"og:description\" content=\"P\u00e1gina oficial de la Fiscal\u00eda General de la Naci\u00f3n \u2013 Colombia. Garantizamos el acceso efectivo a la justicia, la verdad y la reparaci\u00f3n de las v\u00edctimas de los delitos.\" \/>\n<meta property=\"og:url\" content=\"https:\/\/www.fiscalia.gov.co\/colombia\/noticias\/grupo-delincuencial-los-japoneses-fue-desmantelado-luego-de-varios-meses-de-seguimiento-por-parte-de-la-fiscalia-en-casanare\/\" \/>\n<meta property=\"og:site_name\" content=\"Fiscal\u00eda General de la Naci\u00f3n\" \/>\n<meta property=\"article:publisher\" content=\"https:\/\/www.facebook.com\/FiscaliaCol\" \/>\n<meta property=\"article:published_time\" content=\"2022-06-30T18:51:07+00:00\" \/>\n<meta name=\"author\" content=\"Jordan Leandro Oviedo Anzola\" \/>\n<meta name=\"twitter:card\" content=\"summary_large_image\" \/>\n<meta name=\"twitter:creator\" content=\"@FiscaliaCol\" \/>\n<meta name=\"twitter:site\" content=\"@FiscaliaCol\" \/>\n<meta name=\"twitter:label1\" content=\"Escrito por\" \/>\n\t<meta name=\"twitter:data1\" content=\"Jordan Leandro Oviedo Anzola\" \/>\n\t<meta name=\"twitter:label2\" content=\"Tiempo de lectura\" \/>\n\t<meta name=\"twitter:data2\" content=\"2 minutos\" \/>\n<script type=\"application\/ld+json\" class=\"yoast-schema-graph\">{\"@context\":\"https:\/\/schema.org\",\"@graph\":[{\"@type\":\"Article\",\"@id\":\"https:\/\/www.fiscalia.gov.co\/colombia\/noticias\/grupo-delincuencial-los-japoneses-fue-desmantelado-luego-de-varios-meses-de-seguimiento-por-parte-de-la-fiscalia-en-casanare\/#article\",\"isPartOf\":{\"@id\":\"https:\/\/www.fiscalia.gov.co\/colombia\/noticias\/grupo-delincuencial-los-japoneses-fue-desmantelado-luego-de-varios-meses-de-seguimiento-por-parte-de-la-fiscalia-en-casanare\/\"},\"author\":{\"name\":\"Jordan Leandro Oviedo Anzola\",\"@id\":\"https:\/\/www.fiscalia.gov.co\/colombia\/#\/schema\/person\/bf84402cf293a5393e9c70b111020b24\"},\"headline\":\"Grupo delincuencial Los Japoneses fue desmantelado luego de varios meses de seguimiento por parte de la Fiscal\u00eda en Casanare\",\"datePublished\":\"2022-06-30T18:51:07+00:00\",\"dateModified\":\"2022-06-30T18:51:07+00:00\",\"mainEntityOfPage\":{\"@id\":\"https:\/\/www.fiscalia.gov.co\/colombia\/noticias\/grupo-delincuencial-los-japoneses-fue-desmantelado-luego-de-varios-meses-de-seguimiento-por-parte-de-la-fiscalia-en-casanare\/\"},\"wordCount\":378,\"publisher\":{\"@id\":\"https:\/\/www.fiscalia.gov.co\/colombia\/#organization\"},\"keywords\":[\"Captura\",\"fabricaci\u00f3n o porte de estupefacientes y concierto para delinquir\",\"Fiscal\u00eda General de la Naci\u00f3n\",\"Medida de aseguramiento\",\"Tr\u00e1fico\",\"Yopal (Casanare)\"],\"articleSection\":[\"Noticias\",\"Seccional Yopal\",\"Seccionales\",\"Seguridad territorial\"],\"inLanguage\":\"es-CO\"},{\"@type\":\"WebPage\",\"@id\":\"https:\/\/www.fiscalia.gov.co\/colombia\/noticias\/grupo-delincuencial-los-japoneses-fue-desmantelado-luego-de-varios-meses-de-seguimiento-por-parte-de-la-fiscalia-en-casanare\/\",\"url\":\"https:\/\/www.fiscalia.gov.co\/colombia\/noticias\/grupo-delincuencial-los-japoneses-fue-desmantelado-luego-de-varios-meses-de-seguimiento-por-parte-de-la-fiscalia-en-casanare\/\",\"name\":\"Fiscal\u00eda General de la Naci\u00f3n\",\"isPartOf\":{\"@id\":\"https:\/\/www.fiscalia.gov.co\/colombia\/#website\"},\"datePublished\":\"2022-06-30T18:51:07+00:00\",\"dateModified\":\"2022-06-30T18:51:07+00:00\",\"description\":\"P\u00e1gina oficial de la Fiscal\u00eda General de la Naci\u00f3n \u2013 Colombia. Garantizamos el acceso efectivo a la justicia, la verdad y la reparaci\u00f3n de las v\u00edctimas de los delitos.\",\"breadcrumb\":{\"@id\":\"https:\/\/www.fiscalia.gov.co\/colombia\/noticias\/grupo-delincuencial-los-japoneses-fue-desmantelado-luego-de-varios-meses-de-seguimiento-por-parte-de-la-fiscalia-en-casanare\/#breadcrumb\"},\"inLanguage\":\"es-CO\",\"potentialAction\":[{\"@type\":\"ReadAction\",\"target\":[\"https:\/\/www.fiscalia.gov.co\/colombia\/noticias\/grupo-delincuencial-los-japoneses-fue-desmantelado-luego-de-varios-meses-de-seguimiento-por-parte-de-la-fiscalia-en-casanare\/\"]}]},{\"@type\":\"BreadcrumbList\",\"@id\":\"https:\/\/www.fiscalia.gov.co\/colombia\/noticias\/grupo-delincuencial-los-japoneses-fue-desmantelado-luego-de-varios-meses-de-seguimiento-por-parte-de-la-fiscalia-en-casanare\/#breadcrumb\",\"itemListElement\":[{\"@type\":\"ListItem\",\"position\":1,\"name\":\"Home\",\"item\":\"https:\/\/www.fiscalia.gov.co\/colombia\/\"},{\"@type\":\"ListItem\",\"position\":2,\"name\":\"Grupo delincuencial Los Japoneses fue desmantelado luego de varios meses de seguimiento por parte de la Fiscal\u00eda en Casanare\"}]},{\"@type\":\"WebSite\",\"@id\":\"https:\/\/www.fiscalia.gov.co\/colombia\/#website\",\"url\":\"https:\/\/www.fiscalia.gov.co\/colombia\/\",\"name\":\"Fiscal\u00eda General de la Naci\u00f3n\",\"description\":\"P\u00e1gina oficial de la Fiscal\u00eda General de la Naci\u00f3n \u2013 Colombia. Garantizamos el acceso efectivo a la justicia, la verdad y la reparaci\u00f3n de las v\u00edctimas de los delitos.\",\"publisher\":{\"@id\":\"https:\/\/www.fiscalia.gov.co\/colombia\/#organization\"},\"potentialAction\":[{\"@type\":\"SearchAction\",\"target\":{\"@type\":\"EntryPoint\",\"urlTemplate\":\"https:\/\/www.fiscalia.gov.co\/colombia\/?s={search_term_string}\"},\"query-input\":{\"@type\":\"PropertyValueSpecification\",\"valueRequired\":true,\"valueName\":\"search_term_string\"}}],\"inLanguage\":\"es-CO\"},{\"@type\":\"Organization\",\"@id\":\"https:\/\/www.fiscalia.gov.co\/colombia\/#organization\",\"name\":\"Fiscal\u00eda General de la Naci\u00f3n\",\"url\":\"https:\/\/www.fiscalia.gov.co\/colombia\/\",\"logo\":{\"@type\":\"ImageObject\",\"inLanguage\":\"es-CO\",\"@id\":\"https:\/\/www.fiscalia.gov.co\/colombia\/#\/schema\/logo\/image\/\",\"url\":\"https:\/\/www.fiscalia.gov.co\/colombia\/wp-content\/uploads\/LogoHorizontal_1.jpg\",\"contentUrl\":\"https:\/\/www.fiscalia.gov.co\/colombia\/wp-content\/uploads\/LogoHorizontal_1.jpg\",\"width\":300,\"height\":90,\"caption\":\"Fiscal\u00eda General de la Naci\u00f3n\"},\"image\":{\"@id\":\"https:\/\/www.fiscalia.gov.co\/colombia\/#\/schema\/logo\/image\/\"},\"sameAs\":[\"https:\/\/www.facebook.com\/FiscaliaCol\",\"https:\/\/x.com\/FiscaliaCol\",\"https:\/\/www.instagram.com\/fiscaliacol\",\"https:\/\/www.linkedin.com\/company\/fiscalia-general-de-la-naci-n\/\",\"https:\/\/youtube.com\/@fiscaliageneraldelanacion-4668?si=6nN79nyQICPU5iTh\"]},{\"@type\":\"Person\",\"@id\":\"https:\/\/www.fiscalia.gov.co\/colombia\/#\/schema\/person\/bf84402cf293a5393e9c70b111020b24\",\"name\":\"Jordan Leandro Oviedo Anzola\",\"image\":{\"@type\":\"ImageObject\",\"inLanguage\":\"es-CO\",\"@id\":\"https:\/\/www.fiscalia.gov.co\/colombia\/#\/schema\/person\/image\/\",\"url\":\"https:\/\/secure.gravatar.com\/avatar\/dabba4346fa9b9207d96adafa8f92721?s=96&d=mm&r=g\",\"contentUrl\":\"https:\/\/secure.gravatar.com\/avatar\/dabba4346fa9b9207d96adafa8f92721?s=96&d=mm&r=g\",\"caption\":\"Jordan Leandro Oviedo Anzola\"},\"url\":\"https:\/\/www.fiscalia.gov.co\/colombia\/author\/joviedo\/\"}]}<\/script>\n<!-- \/ Yoast SEO plugin. -->","yoast_head_json":{"title":"Fiscal\u00eda General de la Naci\u00f3n","description":"P\u00e1gina oficial de la Fiscal\u00eda General de la Naci\u00f3n \u2013 Colombia. Garantizamos el acceso efectivo a la justicia, la verdad y la reparaci\u00f3n de las v\u00edctimas de los delitos.","robots":{"index":"noindex","follow":"follow"},"og_locale":"es_ES","og_type":"article","og_title":"Fiscal\u00eda General de la Naci\u00f3n","og_description":"P\u00e1gina oficial de la Fiscal\u00eda General de la Naci\u00f3n \u2013 Colombia. Garantizamos el acceso efectivo a la justicia, la verdad y la reparaci\u00f3n de las v\u00edctimas de los delitos.","og_url":"https:\/\/www.fiscalia.gov.co\/colombia\/noticias\/grupo-delincuencial-los-japoneses-fue-desmantelado-luego-de-varios-meses-de-seguimiento-por-parte-de-la-fiscalia-en-casanare\/","og_site_name":"Fiscal\u00eda General de la Naci\u00f3n","article_publisher":"https:\/\/www.facebook.com\/FiscaliaCol","article_published_time":"2022-06-30T18:51:07+00:00","author":"Jordan Leandro Oviedo Anzola","twitter_card":"summary_large_image","twitter_creator":"@FiscaliaCol","twitter_site":"@FiscaliaCol","twitter_misc":{"Escrito por":"Jordan Leandro Oviedo Anzola","Tiempo de lectura":"2 minutos"},"schema":{"@context":"https:\/\/schema.org","@graph":[{"@type":"Article","@id":"https:\/\/www.fiscalia.gov.co\/colombia\/noticias\/grupo-delincuencial-los-japoneses-fue-desmantelado-luego-de-varios-meses-de-seguimiento-por-parte-de-la-fiscalia-en-casanare\/#article","isPartOf":{"@id":"https:\/\/www.fiscalia.gov.co\/colombia\/noticias\/grupo-delincuencial-los-japoneses-fue-desmantelado-luego-de-varios-meses-de-seguimiento-por-parte-de-la-fiscalia-en-casanare\/"},"author":{"name":"Jordan Leandro Oviedo Anzola","@id":"https:\/\/www.fiscalia.gov.co\/colombia\/#\/schema\/person\/bf84402cf293a5393e9c70b111020b24"},"headline":"Grupo delincuencial Los Japoneses fue desmantelado luego de varios meses de seguimiento por parte de la Fiscal\u00eda en Casanare","datePublished":"2022-06-30T18:51:07+00:00","dateModified":"2022-06-30T18:51:07+00:00","mainEntityOfPage":{"@id":"https:\/\/www.fiscalia.gov.co\/colombia\/noticias\/grupo-delincuencial-los-japoneses-fue-desmantelado-luego-de-varios-meses-de-seguimiento-por-parte-de-la-fiscalia-en-casanare\/"},"wordCount":378,"publisher":{"@id":"https:\/\/www.fiscalia.gov.co\/colombia\/#organization"},"keywords":["Captura","fabricaci\u00f3n o porte de estupefacientes y concierto para delinquir","Fiscal\u00eda General de la Naci\u00f3n","Medida de aseguramiento","Tr\u00e1fico","Yopal (Casanare)"],"articleSection":["Noticias","Seccional Yopal","Seccionales","Seguridad territorial"],"inLanguage":"es-CO"},{"@type":"WebPage","@id":"https:\/\/www.fiscalia.gov.co\/colombia\/noticias\/grupo-delincuencial-los-japoneses-fue-desmantelado-luego-de-varios-meses-de-seguimiento-por-parte-de-la-fiscalia-en-casanare\/","url":"https:\/\/www.fiscalia.gov.co\/colombia\/noticias\/grupo-delincuencial-los-japoneses-fue-desmantelado-luego-de-varios-meses-de-seguimiento-por-parte-de-la-fiscalia-en-casanare\/","name":"Fiscal\u00eda General de la Naci\u00f3n","isPartOf":{"@id":"https:\/\/www.fiscalia.gov.co\/colombia\/#website"},"datePublished":"2022-06-30T18:51:07+00:00","dateModified":"2022-06-30T18:51:07+00:00","description":"P\u00e1gina oficial de la Fiscal\u00eda General de la Naci\u00f3n \u2013 Colombia. Garantizamos el acceso efectivo a la justicia, la verdad y la reparaci\u00f3n de las v\u00edctimas de los delitos.","breadcrumb":{"@id":"https:\/\/www.fiscalia.gov.co\/colombia\/noticias\/grupo-delincuencial-los-japoneses-fue-desmantelado-luego-de-varios-meses-de-seguimiento-por-parte-de-la-fiscalia-en-casanare\/#breadcrumb"},"inLanguage":"es-CO","potentialAction":[{"@type":"ReadAction","target":["https:\/\/www.fiscalia.gov.co\/colombia\/noticias\/grupo-delincuencial-los-japoneses-fue-desmantelado-luego-de-varios-meses-de-seguimiento-por-parte-de-la-fiscalia-en-casanare\/"]}]},{"@type":"BreadcrumbList","@id":"https:\/\/www.fiscalia.gov.co\/colombia\/noticias\/grupo-delincuencial-los-japoneses-fue-desmantelado-luego-de-varios-meses-de-seguimiento-por-parte-de-la-fiscalia-en-casanare\/#breadcrumb","itemListElement":[{"@type":"ListItem","position":1,"name":"Home","item":"https:\/\/www.fiscalia.gov.co\/colombia\/"},{"@type":"ListItem","position":2,"name":"Grupo delincuencial Los Japoneses fue desmantelado luego de varios meses de seguimiento por parte de la Fiscal\u00eda en Casanare"}]},{"@type":"WebSite","@id":"https:\/\/www.fiscalia.gov.co\/colombia\/#website","url":"https:\/\/www.fiscalia.gov.co\/colombia\/","name":"Fiscal\u00eda General de la Naci\u00f3n","description":"P\u00e1gina oficial de la Fiscal\u00eda General de la Naci\u00f3n \u2013 Colombia. Garantizamos el acceso efectivo a la justicia, la verdad y la reparaci\u00f3n de las v\u00edctimas de los delitos.","publisher":{"@id":"https:\/\/www.fiscalia.gov.co\/colombia\/#organization"},"potentialAction":[{"@type":"SearchAction","target":{"@type":"EntryPoint","urlTemplate":"https:\/\/www.fiscalia.gov.co\/colombia\/?s={search_term_string}"},"query-input":{"@type":"PropertyValueSpecification","valueRequired":true,"valueName":"search_term_string"}}],"inLanguage":"es-CO"},{"@type":"Organization","@id":"https:\/\/www.fiscalia.gov.co\/colombia\/#organization","name":"Fiscal\u00eda General de la Naci\u00f3n","url":"https:\/\/www.fiscalia.gov.co\/colombia\/","logo":{"@type":"ImageObject","inLanguage":"es-CO","@id":"https:\/\/www.fiscalia.gov.co\/colombia\/#\/schema\/logo\/image\/","url":"https:\/\/www.fiscalia.gov.co\/colombia\/wp-content\/uploads\/LogoHorizontal_1.jpg","contentUrl":"https:\/\/www.fiscalia.gov.co\/colombia\/wp-content\/uploads\/LogoHorizontal_1.jpg","width":300,"height":90,"caption":"Fiscal\u00eda General de la Naci\u00f3n"},"image":{"@id":"https:\/\/www.fiscalia.gov.co\/colombia\/#\/schema\/logo\/image\/"},"sameAs":["https:\/\/www.facebook.com\/FiscaliaCol","https:\/\/x.com\/FiscaliaCol","https:\/\/www.instagram.com\/fiscaliacol","https:\/\/www.linkedin.com\/company\/fiscalia-general-de-la-naci-n\/","https:\/\/youtube.com\/@fiscaliageneraldelanacion-4668?si=6nN79nyQICPU5iTh"]},{"@type":"Person","@id":"https:\/\/www.fiscalia.gov.co\/colombia\/#\/schema\/person\/bf84402cf293a5393e9c70b111020b24","name":"Jordan Leandro Oviedo Anzola","image":{"@type":"ImageObject","inLanguage":"es-CO","@id":"https:\/\/www.fiscalia.gov.co\/colombia\/#\/schema\/person\/image\/","url":"https:\/\/secure.gravatar.com\/avatar\/dabba4346fa9b9207d96adafa8f92721?s=96&d=mm&r=g","contentUrl":"https:\/\/secure.gravatar.com\/avatar\/dabba4346fa9b9207d96adafa8f92721?s=96&d=mm&r=g","caption":"Jordan Leandro Oviedo Anzola"},"url":"https:\/\/www.fiscalia.gov.co\/colombia\/author\/joviedo\/"}]}},"_links":{"self":[{"href":"https:\/\/www.fiscalia.gov.co\/colombia\/wp-json\/wp\/v2\/posts\/251770","targetHints":{"allow":["GET"]}}],"collection":[{"href":"https:\/\/www.fiscalia.gov.co\/colombia\/wp-json\/wp\/v2\/posts"}],"about":[{"href":"https:\/\/www.fiscalia.gov.co\/colombia\/wp-json\/wp\/v2\/types\/post"}],"author":[{"embeddable":true,"href":"https:\/\/www.fiscalia.gov.co\/colombia\/wp-json\/wp\/v2\/users\/177"}],"replies":[{"embeddable":true,"href":"https:\/\/www.fiscalia.gov.co\/colombia\/wp-json\/wp\/v2\/comments?post=251770"}],"version-history":[{"count":1,"href":"https:\/\/www.fiscalia.gov.co\/colombia\/wp-json\/wp\/v2\/posts\/251770\/revisions"}],"predecessor-version":[{"id":251775,"href":"https:\/\/www.fiscalia.gov.co\/colombia\/wp-json\/wp\/v2\/posts\/251770\/revisions\/251775"}],"wp:attachment":[{"href":"https:\/\/www.fiscalia.gov.co\/colombia\/wp-json\/wp\/v2\/media?parent=251770"}],"wp:term":[{"taxonomy":"category","embeddable":true,"href":"https:\/\/www.fiscalia.gov.co\/colombia\/wp-json\/wp\/v2\/categories?post=251770"},{"taxonomy":"post_tag","embeddable":true,"href":"https:\/\/www.fiscalia.gov.co\/colombia\/wp-json\/wp\/v2\/tags?post=251770"}],"curies":[{"name":"wp","href":"https:\/\/api.w.org\/{rel}","templated":true}]}}