{"id":251734,"date":"2022-06-30T11:34:20","date_gmt":"2022-06-30T16:34:20","guid":{"rendered":"https:\/\/www.fiscalia.gov.co\/colombia\/?p=251734"},"modified":"2022-07-05T14:31:40","modified_gmt":"2022-07-05T19:31:40","slug":"a-carcel-alias-el-barba-quien-habria-participado-en-el-asesinato-y-desmembramiento-de-un-hombre-en-barranquilla","status":"publish","type":"post","link":"https:\/\/www.fiscalia.gov.co\/colombia\/noticias\/a-carcel-alias-el-barba-quien-habria-participado-en-el-asesinato-y-desmembramiento-de-un-hombre-en-barranquilla\/","title":{"rendered":"A c\u00e1rcel alias El Barba quien habr\u00eda participado en el asesinato y desmembramiento de un hombre en Barranquilla"},"content":{"rendered":"<p><span lang=\"ES-MX\">El material probatorio recaudado por la Fiscal\u00eda permiti\u00f3 que un juez enviara a la c\u00e1rcel a Absol\u00f3n David Noriega Vizca\u00edno, alias El Barba, quien estar\u00eda involucrado en el homicidio de un hombre que fue desmembrado y cuyos restos se encontraron en los barrios Las Cayenas, Gal\u00e1n y Los Laureles de Barranquilla.<u><\/u><u><\/u><\/span><\/p>\n<figure id=\"attachment_251735\" aria-describedby=\"caption-attachment-251735\" style=\"width: 696px\" class=\"wp-caption aligncenter\"><img loading=\"lazy\" decoding=\"async\" class=\"size-large wp-image-251735\" src=\"https:\/\/www.fiscalia.gov.co\/colombia\/wp-content\/uploads\/Fiscal-Barbosa-Absolon-David-Noriega-Vizcaino-alias-El-Barba-quien-estaria-involucrado-en-el-homicidio-de-un-hombre.--766x1024.jpeg\" alt=\"\" width=\"696\" height=\"930\" srcset=\"https:\/\/www.fiscalia.gov.co\/colombia\/wp-content\/uploads\/Fiscal-Barbosa-Absolon-David-Noriega-Vizcaino-alias-El-Barba-quien-estaria-involucrado-en-el-homicidio-de-un-hombre.--766x1024.jpeg 766w, https:\/\/www.fiscalia.gov.co\/colombia\/wp-content\/uploads\/Fiscal-Barbosa-Absolon-David-Noriega-Vizcaino-alias-El-Barba-quien-estaria-involucrado-en-el-homicidio-de-un-hombre.--224x300.jpeg 224w, https:\/\/www.fiscalia.gov.co\/colombia\/wp-content\/uploads\/Fiscal-Barbosa-Absolon-David-Noriega-Vizcaino-alias-El-Barba-quien-estaria-involucrado-en-el-homicidio-de-un-hombre.--768x1027.jpeg 768w, https:\/\/www.fiscalia.gov.co\/colombia\/wp-content\/uploads\/Fiscal-Barbosa-Absolon-David-Noriega-Vizcaino-alias-El-Barba-quien-estaria-involucrado-en-el-homicidio-de-un-hombre.--696x931.jpeg 696w, https:\/\/www.fiscalia.gov.co\/colombia\/wp-content\/uploads\/Fiscal-Barbosa-Absolon-David-Noriega-Vizcaino-alias-El-Barba-quien-estaria-involucrado-en-el-homicidio-de-un-hombre.--314x420.jpeg 314w, https:\/\/www.fiscalia.gov.co\/colombia\/wp-content\/uploads\/Fiscal-Barbosa-Absolon-David-Noriega-Vizcaino-alias-El-Barba-quien-estaria-involucrado-en-el-homicidio-de-un-hombre.-.jpeg 957w\" sizes=\"auto, (max-width: 696px) 100vw, 696px\" \/><figcaption id=\"caption-attachment-251735\" class=\"wp-caption-text\">Absol\u00f3n David Noriega Vizca\u00edno, alias El Barba, quien estar\u00eda involucrado en el homicidio de un hombre.<\/figcaption><\/figure>\n<p><span lang=\"ES-MX\">De acuerdo con la investigaci\u00f3n adelantada por un fiscal de la Unidad de Alertas Tempranas de Homicidios de la Seccional Atl\u00e1ntico, los hechos ocurrieron el pasado 5 de junio en un hotel de la ciudad donde el detenido, en compa\u00f1\u00eda de otras personas, habr\u00eda agredido y torturado a la v\u00edctima hasta causarle la muerte. Posteriormente el procesado, al parecer, film\u00f3 el desmembramiento del sujeto.<u><\/u><u><\/u><\/span><\/p>\n<p><span lang=\"ES-MX\">La indagaci\u00f3n tambi\u00e9n permiti\u00f3 establecer que alias El Barba ser\u00eda integrante de Los Rastrojos Coste\u00f1os, organizaci\u00f3n delincuencial implicada en homicidios, extorsiones, hurtos y tr\u00e1fico de estupefacientes.\u00a0<u><\/u><u><\/u><\/span><\/p>\n<p><span lang=\"ES-MX\">La Fiscal\u00eda lo imput\u00f3 por los delitos de homicidio agravado, tortura, secuestro simple, hurto calificado agravado y concierto para delinquir con fines de homicidio, extorsi\u00f3n y tr\u00e1fico de estupefacientes, a los cuales no se allan\u00f3.<u><\/u><u><\/u><\/span><\/p>\n<p><span lang=\"ES-MX\">La Fiscal\u00eda investiga si se produjo la participaci\u00f3n de otras personas en este crimen.<u><\/u><u><\/u><\/span><\/p>\n<p><b><span lang=\"ES-MX\">La Fiscal\u00eda habla con resultados.<u><\/u><u><\/u><\/span><\/b><\/p>\n<p><span lang=\"ES-MX\"><u><\/u>\u00a0<u><\/u><\/span><\/p>\n<p>&nbsp;<\/p>\n<p><span lang=\"ES-MX\">SKCR\/CFG\/RRRR\/DSA<\/span><\/p>\n<p>&nbsp;<\/p>\n<p>&nbsp;<\/p>\n<p><i>La informaci\u00f3n contenida en este bolet\u00edn de prensa corresponde a la narraci\u00f3n de los hechos noticiosos objetivos, suministrados por los funcionarios encargados de adelantar las investigaciones penales al interior de la Fiscal\u00eda General de la Naci\u00f3n. Para el momento de la divulgaci\u00f3n de este comunicado, la situaci\u00f3n jur\u00eddica de la(s) persona(s) relacionada(s) se encuentra pendiente de resolver por la autoridad judicial competente, siempre bajo los preceptos de la presunci\u00f3n de inocencia, consagrados en el art\u00edculo 29 de la Constituci\u00f3n Pol\u00edtica y el art\u00edculo 7\u00ba de la Ley 906 de 2004.\u00a0<\/i><\/p>\n\n<div class=\"twitter-share\"><a href=\"https:\/\/twitter.com\/intent\/tweet?via=fiscaliacol\" class=\"twitter-share-button\">Tweet<\/a><\/div>\n","protected":false},"excerpt":{"rendered":"<p>El material probatorio recaudado por la Fiscal\u00eda permiti\u00f3 que un juez enviara a la c\u00e1rcel a Absol\u00f3n David Noriega Vizca\u00edno, alias El Barba, quien estar\u00eda involucrado en el homicidio de un hombre que fue desmembrado y cuyos restos se encontraron en los barrios Las Cayenas, Gal\u00e1n y Los Laureles de Barranquilla. De acuerdo con la [&hellip;]<\/p>\n","protected":false},"author":177,"featured_media":0,"comment_status":"closed","ping_status":"open","sticky":false,"template":"","format":"video","meta":{"_price":"","_stock":"","_tribe_ticket_header":"","_tribe_default_ticket_provider":"","_tribe_ticket_capacity":"0","_ticket_start_date":"","_ticket_end_date":"","_tribe_ticket_show_description":"","_tribe_ticket_show_not_going":false,"_tribe_ticket_use_global_stock":"","_tribe_ticket_global_stock_level":"","_global_stock_mode":"","_global_stock_cap":"","_tribe_rsvp_for_event":"","_tribe_ticket_going_count":"","_tribe_ticket_not_going_count":"","_tribe_tickets_list":"[]","_tribe_ticket_has_attendee_info_fields":false,"tdm_status":"","tdm_grid_status":"","footnotes":""},"categories":[1,320,303,24099],"tags":[23982,11202,24185,24188,1047,409],"class_list":{"0":"post-251734","1":"post","2":"type-post","3":"status-publish","4":"format-video","6":"category-noticias","7":"category-seccional-barranquilla","8":"category-seccionales","9":"category-seguridad-territorial","10":"tag-barranquilla-atlantico","11":"tag-desmembramiento","12":"tag-fiscal-barbosa","13":"tag-fiscal-francisco-barbosa","14":"tag-fiscalia-general-de-la-nacion","15":"tag-homicidio","16":"post_format-post-format-video"},"yoast_head":"<!-- This site is optimized with the Yoast SEO plugin v24.3 - https:\/\/yoast.com\/wordpress\/plugins\/seo\/ -->\n<title>Fiscal\u00eda General de la Naci\u00f3n<\/title>\n<meta name=\"description\" content=\"P\u00e1gina oficial de la Fiscal\u00eda General de la Naci\u00f3n \u2013 Colombia. Garantizamos el acceso efectivo a la justicia, la verdad y la reparaci\u00f3n de las v\u00edctimas de los delitos.\" \/>\n<meta name=\"robots\" content=\"noindex, follow\" \/>\n<meta property=\"og:locale\" content=\"es_ES\" \/>\n<meta property=\"og:type\" content=\"article\" \/>\n<meta property=\"og:title\" content=\"Fiscal\u00eda General de la Naci\u00f3n\" \/>\n<meta property=\"og:description\" content=\"P\u00e1gina oficial de la Fiscal\u00eda General de la Naci\u00f3n \u2013 Colombia. Garantizamos el acceso efectivo a la justicia, la verdad y la reparaci\u00f3n de las v\u00edctimas de los delitos.\" \/>\n<meta property=\"og:url\" content=\"https:\/\/www.fiscalia.gov.co\/colombia\/noticias\/a-carcel-alias-el-barba-quien-habria-participado-en-el-asesinato-y-desmembramiento-de-un-hombre-en-barranquilla\/\" \/>\n<meta property=\"og:site_name\" content=\"Fiscal\u00eda General de la Naci\u00f3n\" \/>\n<meta property=\"article:publisher\" content=\"https:\/\/www.facebook.com\/FiscaliaCol\" \/>\n<meta property=\"article:published_time\" content=\"2022-06-30T16:34:20+00:00\" \/>\n<meta property=\"article:modified_time\" content=\"2022-07-05T19:31:40+00:00\" \/>\n<meta property=\"og:image\" content=\"https:\/\/www.fiscalia.gov.co\/colombia\/wp-content\/uploads\/Fiscal-Barbosa-Absolon-David-Noriega-Vizcaino-alias-El-Barba-quien-estaria-involucrado-en-el-homicidio-de-un-hombre.--766x1024.jpeg\" \/>\n<meta name=\"author\" content=\"Jordan Leandro Oviedo Anzola\" \/>\n<meta name=\"twitter:card\" content=\"summary_large_image\" \/>\n<meta name=\"twitter:creator\" content=\"@FiscaliaCol\" \/>\n<meta name=\"twitter:site\" content=\"@FiscaliaCol\" \/>\n<meta name=\"twitter:label1\" content=\"Escrito por\" \/>\n\t<meta name=\"twitter:data1\" content=\"Jordan Leandro Oviedo Anzola\" \/>\n\t<meta name=\"twitter:label2\" content=\"Tiempo de lectura\" \/>\n\t<meta name=\"twitter:data2\" content=\"2 minutos\" \/>\n<script type=\"application\/ld+json\" class=\"yoast-schema-graph\">{\"@context\":\"https:\/\/schema.org\",\"@graph\":[{\"@type\":\"Article\",\"@id\":\"https:\/\/www.fiscalia.gov.co\/colombia\/noticias\/a-carcel-alias-el-barba-quien-habria-participado-en-el-asesinato-y-desmembramiento-de-un-hombre-en-barranquilla\/#article\",\"isPartOf\":{\"@id\":\"https:\/\/www.fiscalia.gov.co\/colombia\/noticias\/a-carcel-alias-el-barba-quien-habria-participado-en-el-asesinato-y-desmembramiento-de-un-hombre-en-barranquilla\/\"},\"author\":{\"name\":\"Jordan Leandro Oviedo Anzola\",\"@id\":\"https:\/\/www.fiscalia.gov.co\/colombia\/#\/schema\/person\/bf84402cf293a5393e9c70b111020b24\"},\"headline\":\"A c\u00e1rcel alias El Barba quien habr\u00eda participado en el asesinato y desmembramiento de un hombre en Barranquilla\",\"datePublished\":\"2022-06-30T16:34:20+00:00\",\"dateModified\":\"2022-07-05T19:31:40+00:00\",\"mainEntityOfPage\":{\"@id\":\"https:\/\/www.fiscalia.gov.co\/colombia\/noticias\/a-carcel-alias-el-barba-quien-habria-participado-en-el-asesinato-y-desmembramiento-de-un-hombre-en-barranquilla\/\"},\"wordCount\":372,\"publisher\":{\"@id\":\"https:\/\/www.fiscalia.gov.co\/colombia\/#organization\"},\"image\":{\"@id\":\"https:\/\/www.fiscalia.gov.co\/colombia\/noticias\/a-carcel-alias-el-barba-quien-habria-participado-en-el-asesinato-y-desmembramiento-de-un-hombre-en-barranquilla\/#primaryimage\"},\"thumbnailUrl\":\"https:\/\/www.fiscalia.gov.co\/colombia\/wp-content\/uploads\/Fiscal-Barbosa-Absolon-David-Noriega-Vizcaino-alias-El-Barba-quien-estaria-involucrado-en-el-homicidio-de-un-hombre.--766x1024.jpeg\",\"keywords\":[\"Barranquilla (Atl\u00e1ntico)\",\"Desmembramiento\",\"Fiscal Barbosa\",\"Fiscal Francisco Barbosa\",\"Fiscal\u00eda General de la Naci\u00f3n\",\"Homicidio\"],\"articleSection\":[\"Noticias\",\"Seccional Barranquilla\",\"Seccionales\",\"Seguridad territorial\"],\"inLanguage\":\"es-CO\"},{\"@type\":\"WebPage\",\"@id\":\"https:\/\/www.fiscalia.gov.co\/colombia\/noticias\/a-carcel-alias-el-barba-quien-habria-participado-en-el-asesinato-y-desmembramiento-de-un-hombre-en-barranquilla\/\",\"url\":\"https:\/\/www.fiscalia.gov.co\/colombia\/noticias\/a-carcel-alias-el-barba-quien-habria-participado-en-el-asesinato-y-desmembramiento-de-un-hombre-en-barranquilla\/\",\"name\":\"Fiscal\u00eda General de la Naci\u00f3n\",\"isPartOf\":{\"@id\":\"https:\/\/www.fiscalia.gov.co\/colombia\/#website\"},\"primaryImageOfPage\":{\"@id\":\"https:\/\/www.fiscalia.gov.co\/colombia\/noticias\/a-carcel-alias-el-barba-quien-habria-participado-en-el-asesinato-y-desmembramiento-de-un-hombre-en-barranquilla\/#primaryimage\"},\"image\":{\"@id\":\"https:\/\/www.fiscalia.gov.co\/colombia\/noticias\/a-carcel-alias-el-barba-quien-habria-participado-en-el-asesinato-y-desmembramiento-de-un-hombre-en-barranquilla\/#primaryimage\"},\"thumbnailUrl\":\"https:\/\/www.fiscalia.gov.co\/colombia\/wp-content\/uploads\/Fiscal-Barbosa-Absolon-David-Noriega-Vizcaino-alias-El-Barba-quien-estaria-involucrado-en-el-homicidio-de-un-hombre.--766x1024.jpeg\",\"datePublished\":\"2022-06-30T16:34:20+00:00\",\"dateModified\":\"2022-07-05T19:31:40+00:00\",\"description\":\"P\u00e1gina oficial de la Fiscal\u00eda General de la Naci\u00f3n \u2013 Colombia. Garantizamos el acceso efectivo a la justicia, la verdad y la reparaci\u00f3n de las v\u00edctimas de los delitos.\",\"breadcrumb\":{\"@id\":\"https:\/\/www.fiscalia.gov.co\/colombia\/noticias\/a-carcel-alias-el-barba-quien-habria-participado-en-el-asesinato-y-desmembramiento-de-un-hombre-en-barranquilla\/#breadcrumb\"},\"inLanguage\":\"es-CO\",\"potentialAction\":[{\"@type\":\"ReadAction\",\"target\":[\"https:\/\/www.fiscalia.gov.co\/colombia\/noticias\/a-carcel-alias-el-barba-quien-habria-participado-en-el-asesinato-y-desmembramiento-de-un-hombre-en-barranquilla\/\"]}]},{\"@type\":\"ImageObject\",\"inLanguage\":\"es-CO\",\"@id\":\"https:\/\/www.fiscalia.gov.co\/colombia\/noticias\/a-carcel-alias-el-barba-quien-habria-participado-en-el-asesinato-y-desmembramiento-de-un-hombre-en-barranquilla\/#primaryimage\",\"url\":\"https:\/\/www.fiscalia.gov.co\/colombia\/wp-content\/uploads\/Fiscal-Barbosa-Absolon-David-Noriega-Vizcaino-alias-El-Barba-quien-estaria-involucrado-en-el-homicidio-de-un-hombre.--766x1024.jpeg\",\"contentUrl\":\"https:\/\/www.fiscalia.gov.co\/colombia\/wp-content\/uploads\/Fiscal-Barbosa-Absolon-David-Noriega-Vizcaino-alias-El-Barba-quien-estaria-involucrado-en-el-homicidio-de-un-hombre.--766x1024.jpeg\"},{\"@type\":\"BreadcrumbList\",\"@id\":\"https:\/\/www.fiscalia.gov.co\/colombia\/noticias\/a-carcel-alias-el-barba-quien-habria-participado-en-el-asesinato-y-desmembramiento-de-un-hombre-en-barranquilla\/#breadcrumb\",\"itemListElement\":[{\"@type\":\"ListItem\",\"position\":1,\"name\":\"Home\",\"item\":\"https:\/\/www.fiscalia.gov.co\/colombia\/\"},{\"@type\":\"ListItem\",\"position\":2,\"name\":\"A c\u00e1rcel alias El Barba quien habr\u00eda participado en el asesinato y desmembramiento de un hombre en Barranquilla\"}]},{\"@type\":\"WebSite\",\"@id\":\"https:\/\/www.fiscalia.gov.co\/colombia\/#website\",\"url\":\"https:\/\/www.fiscalia.gov.co\/colombia\/\",\"name\":\"Fiscal\u00eda General de la Naci\u00f3n\",\"description\":\"P\u00e1gina oficial de la Fiscal\u00eda General de la Naci\u00f3n \u2013 Colombia. Garantizamos el acceso efectivo a la justicia, la verdad y la reparaci\u00f3n de las v\u00edctimas de los delitos.\",\"publisher\":{\"@id\":\"https:\/\/www.fiscalia.gov.co\/colombia\/#organization\"},\"potentialAction\":[{\"@type\":\"SearchAction\",\"target\":{\"@type\":\"EntryPoint\",\"urlTemplate\":\"https:\/\/www.fiscalia.gov.co\/colombia\/?s={search_term_string}\"},\"query-input\":{\"@type\":\"PropertyValueSpecification\",\"valueRequired\":true,\"valueName\":\"search_term_string\"}}],\"inLanguage\":\"es-CO\"},{\"@type\":\"Organization\",\"@id\":\"https:\/\/www.fiscalia.gov.co\/colombia\/#organization\",\"name\":\"Fiscal\u00eda General de la Naci\u00f3n\",\"url\":\"https:\/\/www.fiscalia.gov.co\/colombia\/\",\"logo\":{\"@type\":\"ImageObject\",\"inLanguage\":\"es-CO\",\"@id\":\"https:\/\/www.fiscalia.gov.co\/colombia\/#\/schema\/logo\/image\/\",\"url\":\"https:\/\/www.fiscalia.gov.co\/colombia\/wp-content\/uploads\/LogoHorizontal_1.jpg\",\"contentUrl\":\"https:\/\/www.fiscalia.gov.co\/colombia\/wp-content\/uploads\/LogoHorizontal_1.jpg\",\"width\":300,\"height\":90,\"caption\":\"Fiscal\u00eda General de la Naci\u00f3n\"},\"image\":{\"@id\":\"https:\/\/www.fiscalia.gov.co\/colombia\/#\/schema\/logo\/image\/\"},\"sameAs\":[\"https:\/\/www.facebook.com\/FiscaliaCol\",\"https:\/\/x.com\/FiscaliaCol\",\"https:\/\/www.instagram.com\/fiscaliacol\",\"https:\/\/www.linkedin.com\/company\/fiscalia-general-de-la-naci-n\/\",\"https:\/\/youtube.com\/@fiscaliageneraldelanacion-4668?si=6nN79nyQICPU5iTh\"]},{\"@type\":\"Person\",\"@id\":\"https:\/\/www.fiscalia.gov.co\/colombia\/#\/schema\/person\/bf84402cf293a5393e9c70b111020b24\",\"name\":\"Jordan Leandro Oviedo Anzola\",\"image\":{\"@type\":\"ImageObject\",\"inLanguage\":\"es-CO\",\"@id\":\"https:\/\/www.fiscalia.gov.co\/colombia\/#\/schema\/person\/image\/\",\"url\":\"https:\/\/secure.gravatar.com\/avatar\/dabba4346fa9b9207d96adafa8f92721?s=96&d=mm&r=g\",\"contentUrl\":\"https:\/\/secure.gravatar.com\/avatar\/dabba4346fa9b9207d96adafa8f92721?s=96&d=mm&r=g\",\"caption\":\"Jordan Leandro Oviedo Anzola\"},\"url\":\"https:\/\/www.fiscalia.gov.co\/colombia\/author\/joviedo\/\"}]}<\/script>\n<!-- \/ Yoast SEO plugin. -->","yoast_head_json":{"title":"Fiscal\u00eda General de la Naci\u00f3n","description":"P\u00e1gina oficial de la Fiscal\u00eda General de la Naci\u00f3n \u2013 Colombia. Garantizamos el acceso efectivo a la justicia, la verdad y la reparaci\u00f3n de las v\u00edctimas de los delitos.","robots":{"index":"noindex","follow":"follow"},"og_locale":"es_ES","og_type":"article","og_title":"Fiscal\u00eda General de la Naci\u00f3n","og_description":"P\u00e1gina oficial de la Fiscal\u00eda General de la Naci\u00f3n \u2013 Colombia. Garantizamos el acceso efectivo a la justicia, la verdad y la reparaci\u00f3n de las v\u00edctimas de los delitos.","og_url":"https:\/\/www.fiscalia.gov.co\/colombia\/noticias\/a-carcel-alias-el-barba-quien-habria-participado-en-el-asesinato-y-desmembramiento-de-un-hombre-en-barranquilla\/","og_site_name":"Fiscal\u00eda General de la Naci\u00f3n","article_publisher":"https:\/\/www.facebook.com\/FiscaliaCol","article_published_time":"2022-06-30T16:34:20+00:00","article_modified_time":"2022-07-05T19:31:40+00:00","og_image":[{"url":"https:\/\/www.fiscalia.gov.co\/colombia\/wp-content\/uploads\/Fiscal-Barbosa-Absolon-David-Noriega-Vizcaino-alias-El-Barba-quien-estaria-involucrado-en-el-homicidio-de-un-hombre.--766x1024.jpeg","type":"","width":"","height":""}],"author":"Jordan Leandro Oviedo Anzola","twitter_card":"summary_large_image","twitter_creator":"@FiscaliaCol","twitter_site":"@FiscaliaCol","twitter_misc":{"Escrito por":"Jordan Leandro Oviedo Anzola","Tiempo de lectura":"2 minutos"},"schema":{"@context":"https:\/\/schema.org","@graph":[{"@type":"Article","@id":"https:\/\/www.fiscalia.gov.co\/colombia\/noticias\/a-carcel-alias-el-barba-quien-habria-participado-en-el-asesinato-y-desmembramiento-de-un-hombre-en-barranquilla\/#article","isPartOf":{"@id":"https:\/\/www.fiscalia.gov.co\/colombia\/noticias\/a-carcel-alias-el-barba-quien-habria-participado-en-el-asesinato-y-desmembramiento-de-un-hombre-en-barranquilla\/"},"author":{"name":"Jordan Leandro Oviedo Anzola","@id":"https:\/\/www.fiscalia.gov.co\/colombia\/#\/schema\/person\/bf84402cf293a5393e9c70b111020b24"},"headline":"A c\u00e1rcel alias El Barba quien habr\u00eda participado en el asesinato y desmembramiento de un hombre en Barranquilla","datePublished":"2022-06-30T16:34:20+00:00","dateModified":"2022-07-05T19:31:40+00:00","mainEntityOfPage":{"@id":"https:\/\/www.fiscalia.gov.co\/colombia\/noticias\/a-carcel-alias-el-barba-quien-habria-participado-en-el-asesinato-y-desmembramiento-de-un-hombre-en-barranquilla\/"},"wordCount":372,"publisher":{"@id":"https:\/\/www.fiscalia.gov.co\/colombia\/#organization"},"image":{"@id":"https:\/\/www.fiscalia.gov.co\/colombia\/noticias\/a-carcel-alias-el-barba-quien-habria-participado-en-el-asesinato-y-desmembramiento-de-un-hombre-en-barranquilla\/#primaryimage"},"thumbnailUrl":"https:\/\/www.fiscalia.gov.co\/colombia\/wp-content\/uploads\/Fiscal-Barbosa-Absolon-David-Noriega-Vizcaino-alias-El-Barba-quien-estaria-involucrado-en-el-homicidio-de-un-hombre.--766x1024.jpeg","keywords":["Barranquilla (Atl\u00e1ntico)","Desmembramiento","Fiscal Barbosa","Fiscal Francisco Barbosa","Fiscal\u00eda General de la Naci\u00f3n","Homicidio"],"articleSection":["Noticias","Seccional Barranquilla","Seccionales","Seguridad territorial"],"inLanguage":"es-CO"},{"@type":"WebPage","@id":"https:\/\/www.fiscalia.gov.co\/colombia\/noticias\/a-carcel-alias-el-barba-quien-habria-participado-en-el-asesinato-y-desmembramiento-de-un-hombre-en-barranquilla\/","url":"https:\/\/www.fiscalia.gov.co\/colombia\/noticias\/a-carcel-alias-el-barba-quien-habria-participado-en-el-asesinato-y-desmembramiento-de-un-hombre-en-barranquilla\/","name":"Fiscal\u00eda General de la Naci\u00f3n","isPartOf":{"@id":"https:\/\/www.fiscalia.gov.co\/colombia\/#website"},"primaryImageOfPage":{"@id":"https:\/\/www.fiscalia.gov.co\/colombia\/noticias\/a-carcel-alias-el-barba-quien-habria-participado-en-el-asesinato-y-desmembramiento-de-un-hombre-en-barranquilla\/#primaryimage"},"image":{"@id":"https:\/\/www.fiscalia.gov.co\/colombia\/noticias\/a-carcel-alias-el-barba-quien-habria-participado-en-el-asesinato-y-desmembramiento-de-un-hombre-en-barranquilla\/#primaryimage"},"thumbnailUrl":"https:\/\/www.fiscalia.gov.co\/colombia\/wp-content\/uploads\/Fiscal-Barbosa-Absolon-David-Noriega-Vizcaino-alias-El-Barba-quien-estaria-involucrado-en-el-homicidio-de-un-hombre.--766x1024.jpeg","datePublished":"2022-06-30T16:34:20+00:00","dateModified":"2022-07-05T19:31:40+00:00","description":"P\u00e1gina oficial de la Fiscal\u00eda General de la Naci\u00f3n \u2013 Colombia. Garantizamos el acceso efectivo a la justicia, la verdad y la reparaci\u00f3n de las v\u00edctimas de los delitos.","breadcrumb":{"@id":"https:\/\/www.fiscalia.gov.co\/colombia\/noticias\/a-carcel-alias-el-barba-quien-habria-participado-en-el-asesinato-y-desmembramiento-de-un-hombre-en-barranquilla\/#breadcrumb"},"inLanguage":"es-CO","potentialAction":[{"@type":"ReadAction","target":["https:\/\/www.fiscalia.gov.co\/colombia\/noticias\/a-carcel-alias-el-barba-quien-habria-participado-en-el-asesinato-y-desmembramiento-de-un-hombre-en-barranquilla\/"]}]},{"@type":"ImageObject","inLanguage":"es-CO","@id":"https:\/\/www.fiscalia.gov.co\/colombia\/noticias\/a-carcel-alias-el-barba-quien-habria-participado-en-el-asesinato-y-desmembramiento-de-un-hombre-en-barranquilla\/#primaryimage","url":"https:\/\/www.fiscalia.gov.co\/colombia\/wp-content\/uploads\/Fiscal-Barbosa-Absolon-David-Noriega-Vizcaino-alias-El-Barba-quien-estaria-involucrado-en-el-homicidio-de-un-hombre.--766x1024.jpeg","contentUrl":"https:\/\/www.fiscalia.gov.co\/colombia\/wp-content\/uploads\/Fiscal-Barbosa-Absolon-David-Noriega-Vizcaino-alias-El-Barba-quien-estaria-involucrado-en-el-homicidio-de-un-hombre.--766x1024.jpeg"},{"@type":"BreadcrumbList","@id":"https:\/\/www.fiscalia.gov.co\/colombia\/noticias\/a-carcel-alias-el-barba-quien-habria-participado-en-el-asesinato-y-desmembramiento-de-un-hombre-en-barranquilla\/#breadcrumb","itemListElement":[{"@type":"ListItem","position":1,"name":"Home","item":"https:\/\/www.fiscalia.gov.co\/colombia\/"},{"@type":"ListItem","position":2,"name":"A c\u00e1rcel alias El Barba quien habr\u00eda participado en el asesinato y desmembramiento de un hombre en Barranquilla"}]},{"@type":"WebSite","@id":"https:\/\/www.fiscalia.gov.co\/colombia\/#website","url":"https:\/\/www.fiscalia.gov.co\/colombia\/","name":"Fiscal\u00eda General de la Naci\u00f3n","description":"P\u00e1gina oficial de la Fiscal\u00eda General de la Naci\u00f3n \u2013 Colombia. Garantizamos el acceso efectivo a la justicia, la verdad y la reparaci\u00f3n de las v\u00edctimas de los delitos.","publisher":{"@id":"https:\/\/www.fiscalia.gov.co\/colombia\/#organization"},"potentialAction":[{"@type":"SearchAction","target":{"@type":"EntryPoint","urlTemplate":"https:\/\/www.fiscalia.gov.co\/colombia\/?s={search_term_string}"},"query-input":{"@type":"PropertyValueSpecification","valueRequired":true,"valueName":"search_term_string"}}],"inLanguage":"es-CO"},{"@type":"Organization","@id":"https:\/\/www.fiscalia.gov.co\/colombia\/#organization","name":"Fiscal\u00eda General de la Naci\u00f3n","url":"https:\/\/www.fiscalia.gov.co\/colombia\/","logo":{"@type":"ImageObject","inLanguage":"es-CO","@id":"https:\/\/www.fiscalia.gov.co\/colombia\/#\/schema\/logo\/image\/","url":"https:\/\/www.fiscalia.gov.co\/colombia\/wp-content\/uploads\/LogoHorizontal_1.jpg","contentUrl":"https:\/\/www.fiscalia.gov.co\/colombia\/wp-content\/uploads\/LogoHorizontal_1.jpg","width":300,"height":90,"caption":"Fiscal\u00eda General de la Naci\u00f3n"},"image":{"@id":"https:\/\/www.fiscalia.gov.co\/colombia\/#\/schema\/logo\/image\/"},"sameAs":["https:\/\/www.facebook.com\/FiscaliaCol","https:\/\/x.com\/FiscaliaCol","https:\/\/www.instagram.com\/fiscaliacol","https:\/\/www.linkedin.com\/company\/fiscalia-general-de-la-naci-n\/","https:\/\/youtube.com\/@fiscaliageneraldelanacion-4668?si=6nN79nyQICPU5iTh"]},{"@type":"Person","@id":"https:\/\/www.fiscalia.gov.co\/colombia\/#\/schema\/person\/bf84402cf293a5393e9c70b111020b24","name":"Jordan Leandro Oviedo Anzola","image":{"@type":"ImageObject","inLanguage":"es-CO","@id":"https:\/\/www.fiscalia.gov.co\/colombia\/#\/schema\/person\/image\/","url":"https:\/\/secure.gravatar.com\/avatar\/dabba4346fa9b9207d96adafa8f92721?s=96&d=mm&r=g","contentUrl":"https:\/\/secure.gravatar.com\/avatar\/dabba4346fa9b9207d96adafa8f92721?s=96&d=mm&r=g","caption":"Jordan Leandro Oviedo Anzola"},"url":"https:\/\/www.fiscalia.gov.co\/colombia\/author\/joviedo\/"}]}},"_links":{"self":[{"href":"https:\/\/www.fiscalia.gov.co\/colombia\/wp-json\/wp\/v2\/posts\/251734","targetHints":{"allow":["GET"]}}],"collection":[{"href":"https:\/\/www.fiscalia.gov.co\/colombia\/wp-json\/wp\/v2\/posts"}],"about":[{"href":"https:\/\/www.fiscalia.gov.co\/colombia\/wp-json\/wp\/v2\/types\/post"}],"author":[{"embeddable":true,"href":"https:\/\/www.fiscalia.gov.co\/colombia\/wp-json\/wp\/v2\/users\/177"}],"replies":[{"embeddable":true,"href":"https:\/\/www.fiscalia.gov.co\/colombia\/wp-json\/wp\/v2\/comments?post=251734"}],"version-history":[{"count":2,"href":"https:\/\/www.fiscalia.gov.co\/colombia\/wp-json\/wp\/v2\/posts\/251734\/revisions"}],"predecessor-version":[{"id":251994,"href":"https:\/\/www.fiscalia.gov.co\/colombia\/wp-json\/wp\/v2\/posts\/251734\/revisions\/251994"}],"wp:attachment":[{"href":"https:\/\/www.fiscalia.gov.co\/colombia\/wp-json\/wp\/v2\/media?parent=251734"}],"wp:term":[{"taxonomy":"category","embeddable":true,"href":"https:\/\/www.fiscalia.gov.co\/colombia\/wp-json\/wp\/v2\/categories?post=251734"},{"taxonomy":"post_tag","embeddable":true,"href":"https:\/\/www.fiscalia.gov.co\/colombia\/wp-json\/wp\/v2\/tags?post=251734"}],"curies":[{"name":"wp","href":"https:\/\/api.w.org\/{rel}","templated":true}]}}