{"id":251608,"date":"2022-06-28T12:37:09","date_gmt":"2022-06-28T17:37:09","guid":{"rendered":"https:\/\/www.fiscalia.gov.co\/colombia\/?p=251608"},"modified":"2022-06-28T12:37:09","modified_gmt":"2022-06-28T17:37:09","slug":"carcel-para-siete-presuntos-integrantes-de-una-estructura-delincuencial-dedicada-al-microtrafico-en-la-comuna-nueve-de-cucuta","status":"publish","type":"post","link":"https:\/\/www.fiscalia.gov.co\/colombia\/noticias\/carcel-para-siete-presuntos-integrantes-de-una-estructura-delincuencial-dedicada-al-microtrafico-en-la-comuna-nueve-de-cucuta\/","title":{"rendered":"C\u00e1rcel para siete presuntos integrantes de una estructura delincuencial dedicada al microtr\u00e1fico en la comuna nueve de C\u00facuta"},"content":{"rendered":"<p style=\"font-weight: 400;\">Una Fiscal\u00eda adscrita a la Unidad de Reacci\u00f3n Inmediata de C\u00facuta (Norte de Santander), en articulaci\u00f3n con la Polic\u00eda Nacional, captur\u00f3 este 23 de junio\u00a0a siete presuntos integrantes de una estructura delincuencial denominada Los Visajosos, dedicada a la\u00a0<a href=\"https:\/\/www.fiscalia.gov.co\/colombia\/noticias\/judicializadas-cuatro-personas-dedicadas-al-parecer-al-microtrafico-en-cucuta\/\" data-saferedirecturl=\"https:\/\/www.google.com\/url?q=https:\/\/www.fiscalia.gov.co\/colombia\/noticias\/judicializadas-cuatro-personas-dedicadas-al-parecer-al-microtrafico-en-cucuta\/&amp;source=gmail&amp;ust=1656522662995000&amp;usg=AOvVaw1vT1kNdMNJq_nsN5dUwlDP\">distribuci\u00f3n<\/a>\u00a0de sustancias il\u00edcitas.<\/p>\n<p style=\"font-weight: 400;\">Las diligencias de allanamiento y registro se realizaron en los barrios Carota, Pueblo Nuevo, Los Alpes y Bel\u00e9n de esta ciudad.<\/p>\n<p style=\"font-weight: 400;\">Los detenidos con orden judicial fueron identificados como:\u00a0Jaime Eduardo Silva Rojas, alias Rat\u00f3n; Isaac Gabriel Pineda L\u00f3pez, alias Toreto; Daniel Jos\u00e9 Carrasco Milano; Nicol\u00e1s Stivenson Moreno Torres, alias Chucho; Luis \u00c9merson Mart\u00ednez Santos, alias Lucho y Luis Alfonso Segovia Flores, alias Mono, judicializados por los delitos de concierto para delinquir, tr\u00e1fico, fabricaci\u00f3n o porte de estupefacientes y destinaci\u00f3n il\u00edcita de inmuebles.<\/p>\n<p style=\"font-weight: 400;\">En los procedimientos se captur\u00f3 en flagrancia a Ramiro Antonio Meza Bonilla, a quien la Fiscal\u00eda dem\u00e1s le imput\u00f3 por falsedad en documento p\u00fablico, ya que al momento de su detenci\u00f3n presento una identificaci\u00f3n falsa.<\/p>\n<p style=\"font-weight: 400;\">Las labores de polic\u00eda judicial adelantadas desde mayo reciente como compras controladas, agente en cubierto, reconocimientos fotogr\u00e1ficos, declaraciones y labores de vecindario permitieron evidenciar que estas personas presuntamente controlar\u00edan el expendio de sustancias estupefacientes en la comuna nueve de esta ciudad.<\/p>\n<p style=\"font-weight: 400;\">Tras la\u00a0<a href=\"http:\/\/iscalia.gov.co\/colombia\/noticias\/un-hombre-que-estaria-traficando-con-estupefacientes-en-zona-metropolitana-de-cucuta-fue-enviado-a-la-carcel\/\" data-saferedirecturl=\"https:\/\/www.google.com\/url?q=http:\/\/iscalia.gov.co\/colombia\/noticias\/un-hombre-que-estaria-traficando-con-estupefacientes-en-zona-metropolitana-de-cucuta-fue-enviado-a-la-carcel\/&amp;source=gmail&amp;ust=1656522662995000&amp;usg=AOvVaw2uch69JDJZlaB5VQ_Su0YZ\">imputaci\u00f3n<\/a>, los procesados no aceptaron cargos y fueron\u00a0cobijados con detenci\u00f3n intramuros\u00a0por determinaci\u00f3n de un juez con funciones de control de garant\u00edas de C\u00facuta.<\/p>\n<p style=\"font-weight: 400;\">Cabe anotar que los procesados registran anotaciones judiciales por los mismos hechos investigados.<\/p>\n<p style=\"font-weight: 400;\"><strong>La Fiscal\u00eda habla con resultados.<\/strong><\/p>\n<p>&nbsp;<\/p>\n<p>&nbsp;<\/p>\n<p>&nbsp;<\/p>\n<p style=\"font-weight: 400;\">MPHA\/CFG\/CHGA\/DSNS<\/p>\n<p>&nbsp;<\/p>\n<p>&nbsp;<\/p>\n<p>&nbsp;<\/p>\n<p style=\"font-weight: 400;\"><em>La informaci\u00f3n contenida en este bolet\u00edn\u00a0de\u00a0prensa corresponde a la narraci\u00f3n\u00a0de\u00a0los hechos noticiosos objetivos, suministrados por los funcionarios encargados\u00a0de\u00a0adelantar las investigaciones penales al interior\u00a0de\u00a0la Fiscal\u00eda General\u00a0de\u00a0la Naci\u00f3n. Para el momento\u00a0de\u00a0la divulgaci\u00f3n\u00a0de\u00a0este comunicado, la situaci\u00f3n jur\u00eddica\u00a0de\u00a0la(s) persona(s) relacionada(s) se encuentra pendiente\u00a0de\u00a0resolver por la autoridad judicial competente, siempre bajo los preceptos\u00a0de\u00a0la presunci\u00f3n\u00a0de\u00a0inocencia, consagrados en el art\u00edculo 29\u00a0de\u00a0la Constituci\u00f3n Pol\u00edtica y el art\u00edculo 7\u00ba\u00a0de\u00a0la Ley 906\u00a0de\u00a02004.\u00a0<\/em><\/p>\n\n<div class=\"twitter-share\"><a href=\"https:\/\/twitter.com\/intent\/tweet?via=fiscaliacol\" class=\"twitter-share-button\">Tweet<\/a><\/div>\n","protected":false},"excerpt":{"rendered":"<p>Una Fiscal\u00eda adscrita a la Unidad de Reacci\u00f3n Inmediata de C\u00facuta (Norte de Santander), en articulaci\u00f3n con la Polic\u00eda Nacional, captur\u00f3 este 23 de junio\u00a0a siete presuntos integrantes de una estructura delincuencial denominada Los Visajosos, dedicada a la\u00a0distribuci\u00f3n\u00a0de sustancias il\u00edcitas. Las diligencias de allanamiento y registro se realizaron en los barrios Carota, Pueblo Nuevo, Los [&hellip;]<\/p>\n","protected":false},"author":177,"featured_media":0,"comment_status":"closed","ping_status":"open","sticky":false,"template":"","format":"standard","meta":{"tdm_status":"","tdm_grid_status":"","footnotes":""},"categories":[1,326,303,24103],"tags":[9477,31730,4614,7169,29615,17967,19653],"class_list":{"0":"post-251608","1":"post","2":"type-post","3":"status-publish","4":"format-standard","6":"category-noticias","7":"category-seccional-cucuta","8":"category-seccionales","9":"category-trafico-de-estupefacientes","10":"tag-comunidad","11":"tag-cucuta-norte-de-santander","12":"tag-fiscalia-2","13":"tag-flagrancia","14":"tag-impacto","15":"tag-investigacion","16":"tag-sustancias-ilicitas"},"yoast_head":"<!-- This site is optimized with the Yoast SEO plugin v24.3 - https:\/\/yoast.com\/wordpress\/plugins\/seo\/ -->\n<title>Fiscal\u00eda General de la Naci\u00f3n<\/title>\n<meta name=\"description\" content=\"P\u00e1gina oficial de la Fiscal\u00eda General de la Naci\u00f3n \u2013 Colombia. Garantizamos el acceso efectivo a la justicia, la verdad y la reparaci\u00f3n de las v\u00edctimas de los delitos.\" \/>\n<meta name=\"robots\" content=\"noindex, follow\" \/>\n<meta property=\"og:locale\" content=\"es_ES\" \/>\n<meta property=\"og:type\" content=\"article\" \/>\n<meta property=\"og:title\" content=\"Fiscal\u00eda General de la Naci\u00f3n\" \/>\n<meta property=\"og:description\" content=\"P\u00e1gina oficial de la Fiscal\u00eda General de la Naci\u00f3n \u2013 Colombia. Garantizamos el acceso efectivo a la justicia, la verdad y la reparaci\u00f3n de las v\u00edctimas de los delitos.\" \/>\n<meta property=\"og:url\" content=\"https:\/\/www.fiscalia.gov.co\/colombia\/noticias\/carcel-para-siete-presuntos-integrantes-de-una-estructura-delincuencial-dedicada-al-microtrafico-en-la-comuna-nueve-de-cucuta\/\" \/>\n<meta property=\"og:site_name\" content=\"Fiscal\u00eda General de la Naci\u00f3n\" \/>\n<meta property=\"article:publisher\" content=\"https:\/\/www.facebook.com\/FiscaliaCol\" \/>\n<meta property=\"article:published_time\" content=\"2022-06-28T17:37:09+00:00\" \/>\n<meta name=\"author\" content=\"Jordan Leandro Oviedo Anzola\" \/>\n<meta name=\"twitter:card\" content=\"summary_large_image\" \/>\n<meta name=\"twitter:creator\" content=\"@FiscaliaCol\" \/>\n<meta name=\"twitter:site\" content=\"@FiscaliaCol\" \/>\n<meta name=\"twitter:label1\" content=\"Escrito por\" \/>\n\t<meta name=\"twitter:data1\" content=\"Jordan Leandro Oviedo Anzola\" \/>\n\t<meta name=\"twitter:label2\" content=\"Tiempo de lectura\" \/>\n\t<meta name=\"twitter:data2\" content=\"2 minutos\" \/>\n<script type=\"application\/ld+json\" class=\"yoast-schema-graph\">{\"@context\":\"https:\/\/schema.org\",\"@graph\":[{\"@type\":\"Article\",\"@id\":\"https:\/\/www.fiscalia.gov.co\/colombia\/noticias\/carcel-para-siete-presuntos-integrantes-de-una-estructura-delincuencial-dedicada-al-microtrafico-en-la-comuna-nueve-de-cucuta\/#article\",\"isPartOf\":{\"@id\":\"https:\/\/www.fiscalia.gov.co\/colombia\/noticias\/carcel-para-siete-presuntos-integrantes-de-una-estructura-delincuencial-dedicada-al-microtrafico-en-la-comuna-nueve-de-cucuta\/\"},\"author\":{\"name\":\"Jordan Leandro Oviedo Anzola\",\"@id\":\"https:\/\/www.fiscalia.gov.co\/colombia\/#\/schema\/person\/bf84402cf293a5393e9c70b111020b24\"},\"headline\":\"C\u00e1rcel para siete presuntos integrantes de una estructura delincuencial dedicada al microtr\u00e1fico en la comuna nueve de C\u00facuta\",\"datePublished\":\"2022-06-28T17:37:09+00:00\",\"dateModified\":\"2022-06-28T17:37:09+00:00\",\"mainEntityOfPage\":{\"@id\":\"https:\/\/www.fiscalia.gov.co\/colombia\/noticias\/carcel-para-siete-presuntos-integrantes-de-una-estructura-delincuencial-dedicada-al-microtrafico-en-la-comuna-nueve-de-cucuta\/\"},\"wordCount\":409,\"publisher\":{\"@id\":\"https:\/\/www.fiscalia.gov.co\/colombia\/#organization\"},\"keywords\":[\"Comunidad\",\"C\u00facuta (Norte de Santander)\",\"Fiscal\u00eda\",\"Flagrancia\",\"impacto\",\"Investigaci\u00f3n\",\"Sustancias il\u00edcitas\"],\"articleSection\":[\"Noticias\",\"Seccional C\u00facuta\",\"Seccionales\",\"Tr\u00e1fico de estupefacientes\"],\"inLanguage\":\"es-CO\"},{\"@type\":\"WebPage\",\"@id\":\"https:\/\/www.fiscalia.gov.co\/colombia\/noticias\/carcel-para-siete-presuntos-integrantes-de-una-estructura-delincuencial-dedicada-al-microtrafico-en-la-comuna-nueve-de-cucuta\/\",\"url\":\"https:\/\/www.fiscalia.gov.co\/colombia\/noticias\/carcel-para-siete-presuntos-integrantes-de-una-estructura-delincuencial-dedicada-al-microtrafico-en-la-comuna-nueve-de-cucuta\/\",\"name\":\"Fiscal\u00eda General de la Naci\u00f3n\",\"isPartOf\":{\"@id\":\"https:\/\/www.fiscalia.gov.co\/colombia\/#website\"},\"datePublished\":\"2022-06-28T17:37:09+00:00\",\"dateModified\":\"2022-06-28T17:37:09+00:00\",\"description\":\"P\u00e1gina oficial de la Fiscal\u00eda General de la Naci\u00f3n \u2013 Colombia. Garantizamos el acceso efectivo a la justicia, la verdad y la reparaci\u00f3n de las v\u00edctimas de los delitos.\",\"breadcrumb\":{\"@id\":\"https:\/\/www.fiscalia.gov.co\/colombia\/noticias\/carcel-para-siete-presuntos-integrantes-de-una-estructura-delincuencial-dedicada-al-microtrafico-en-la-comuna-nueve-de-cucuta\/#breadcrumb\"},\"inLanguage\":\"es-CO\",\"potentialAction\":[{\"@type\":\"ReadAction\",\"target\":[\"https:\/\/www.fiscalia.gov.co\/colombia\/noticias\/carcel-para-siete-presuntos-integrantes-de-una-estructura-delincuencial-dedicada-al-microtrafico-en-la-comuna-nueve-de-cucuta\/\"]}]},{\"@type\":\"BreadcrumbList\",\"@id\":\"https:\/\/www.fiscalia.gov.co\/colombia\/noticias\/carcel-para-siete-presuntos-integrantes-de-una-estructura-delincuencial-dedicada-al-microtrafico-en-la-comuna-nueve-de-cucuta\/#breadcrumb\",\"itemListElement\":[{\"@type\":\"ListItem\",\"position\":1,\"name\":\"Home\",\"item\":\"https:\/\/www.fiscalia.gov.co\/colombia\/\"},{\"@type\":\"ListItem\",\"position\":2,\"name\":\"C\u00e1rcel para siete presuntos integrantes de una estructura delincuencial dedicada al microtr\u00e1fico en la comuna nueve de C\u00facuta\"}]},{\"@type\":\"WebSite\",\"@id\":\"https:\/\/www.fiscalia.gov.co\/colombia\/#website\",\"url\":\"https:\/\/www.fiscalia.gov.co\/colombia\/\",\"name\":\"Fiscal\u00eda General de la Naci\u00f3n\",\"description\":\"P\u00e1gina oficial de la Fiscal\u00eda General de la Naci\u00f3n \u2013 Colombia. Garantizamos el acceso efectivo a la justicia, la verdad y la reparaci\u00f3n de las v\u00edctimas de los delitos.\",\"publisher\":{\"@id\":\"https:\/\/www.fiscalia.gov.co\/colombia\/#organization\"},\"potentialAction\":[{\"@type\":\"SearchAction\",\"target\":{\"@type\":\"EntryPoint\",\"urlTemplate\":\"https:\/\/www.fiscalia.gov.co\/colombia\/?s={search_term_string}\"},\"query-input\":{\"@type\":\"PropertyValueSpecification\",\"valueRequired\":true,\"valueName\":\"search_term_string\"}}],\"inLanguage\":\"es-CO\"},{\"@type\":\"Organization\",\"@id\":\"https:\/\/www.fiscalia.gov.co\/colombia\/#organization\",\"name\":\"Fiscal\u00eda General de la Naci\u00f3n\",\"url\":\"https:\/\/www.fiscalia.gov.co\/colombia\/\",\"logo\":{\"@type\":\"ImageObject\",\"inLanguage\":\"es-CO\",\"@id\":\"https:\/\/www.fiscalia.gov.co\/colombia\/#\/schema\/logo\/image\/\",\"url\":\"https:\/\/www.fiscalia.gov.co\/colombia\/wp-content\/uploads\/LogoHorizontal_1.jpg\",\"contentUrl\":\"https:\/\/www.fiscalia.gov.co\/colombia\/wp-content\/uploads\/LogoHorizontal_1.jpg\",\"width\":300,\"height\":90,\"caption\":\"Fiscal\u00eda General de la Naci\u00f3n\"},\"image\":{\"@id\":\"https:\/\/www.fiscalia.gov.co\/colombia\/#\/schema\/logo\/image\/\"},\"sameAs\":[\"https:\/\/www.facebook.com\/FiscaliaCol\",\"https:\/\/x.com\/FiscaliaCol\",\"https:\/\/www.instagram.com\/fiscaliacol\",\"https:\/\/www.linkedin.com\/company\/fiscalia-general-de-la-naci-n\/\",\"https:\/\/youtube.com\/@fiscaliageneraldelanacion-4668?si=6nN79nyQICPU5iTh\"]},{\"@type\":\"Person\",\"@id\":\"https:\/\/www.fiscalia.gov.co\/colombia\/#\/schema\/person\/bf84402cf293a5393e9c70b111020b24\",\"name\":\"Jordan Leandro Oviedo Anzola\",\"image\":{\"@type\":\"ImageObject\",\"inLanguage\":\"es-CO\",\"@id\":\"https:\/\/www.fiscalia.gov.co\/colombia\/#\/schema\/person\/image\/\",\"url\":\"https:\/\/secure.gravatar.com\/avatar\/dabba4346fa9b9207d96adafa8f92721?s=96&d=mm&r=g\",\"contentUrl\":\"https:\/\/secure.gravatar.com\/avatar\/dabba4346fa9b9207d96adafa8f92721?s=96&d=mm&r=g\",\"caption\":\"Jordan Leandro Oviedo Anzola\"},\"url\":\"https:\/\/www.fiscalia.gov.co\/colombia\/author\/joviedo\/\"}]}<\/script>\n<!-- \/ Yoast SEO plugin. -->","yoast_head_json":{"title":"Fiscal\u00eda General de la Naci\u00f3n","description":"P\u00e1gina oficial de la Fiscal\u00eda General de la Naci\u00f3n \u2013 Colombia. Garantizamos el acceso efectivo a la justicia, la verdad y la reparaci\u00f3n de las v\u00edctimas de los delitos.","robots":{"index":"noindex","follow":"follow"},"og_locale":"es_ES","og_type":"article","og_title":"Fiscal\u00eda General de la Naci\u00f3n","og_description":"P\u00e1gina oficial de la Fiscal\u00eda General de la Naci\u00f3n \u2013 Colombia. Garantizamos el acceso efectivo a la justicia, la verdad y la reparaci\u00f3n de las v\u00edctimas de los delitos.","og_url":"https:\/\/www.fiscalia.gov.co\/colombia\/noticias\/carcel-para-siete-presuntos-integrantes-de-una-estructura-delincuencial-dedicada-al-microtrafico-en-la-comuna-nueve-de-cucuta\/","og_site_name":"Fiscal\u00eda General de la Naci\u00f3n","article_publisher":"https:\/\/www.facebook.com\/FiscaliaCol","article_published_time":"2022-06-28T17:37:09+00:00","author":"Jordan Leandro Oviedo Anzola","twitter_card":"summary_large_image","twitter_creator":"@FiscaliaCol","twitter_site":"@FiscaliaCol","twitter_misc":{"Escrito por":"Jordan Leandro Oviedo Anzola","Tiempo de lectura":"2 minutos"},"schema":{"@context":"https:\/\/schema.org","@graph":[{"@type":"Article","@id":"https:\/\/www.fiscalia.gov.co\/colombia\/noticias\/carcel-para-siete-presuntos-integrantes-de-una-estructura-delincuencial-dedicada-al-microtrafico-en-la-comuna-nueve-de-cucuta\/#article","isPartOf":{"@id":"https:\/\/www.fiscalia.gov.co\/colombia\/noticias\/carcel-para-siete-presuntos-integrantes-de-una-estructura-delincuencial-dedicada-al-microtrafico-en-la-comuna-nueve-de-cucuta\/"},"author":{"name":"Jordan Leandro Oviedo Anzola","@id":"https:\/\/www.fiscalia.gov.co\/colombia\/#\/schema\/person\/bf84402cf293a5393e9c70b111020b24"},"headline":"C\u00e1rcel para siete presuntos integrantes de una estructura delincuencial dedicada al microtr\u00e1fico en la comuna nueve de C\u00facuta","datePublished":"2022-06-28T17:37:09+00:00","dateModified":"2022-06-28T17:37:09+00:00","mainEntityOfPage":{"@id":"https:\/\/www.fiscalia.gov.co\/colombia\/noticias\/carcel-para-siete-presuntos-integrantes-de-una-estructura-delincuencial-dedicada-al-microtrafico-en-la-comuna-nueve-de-cucuta\/"},"wordCount":409,"publisher":{"@id":"https:\/\/www.fiscalia.gov.co\/colombia\/#organization"},"keywords":["Comunidad","C\u00facuta (Norte de Santander)","Fiscal\u00eda","Flagrancia","impacto","Investigaci\u00f3n","Sustancias il\u00edcitas"],"articleSection":["Noticias","Seccional C\u00facuta","Seccionales","Tr\u00e1fico de estupefacientes"],"inLanguage":"es-CO"},{"@type":"WebPage","@id":"https:\/\/www.fiscalia.gov.co\/colombia\/noticias\/carcel-para-siete-presuntos-integrantes-de-una-estructura-delincuencial-dedicada-al-microtrafico-en-la-comuna-nueve-de-cucuta\/","url":"https:\/\/www.fiscalia.gov.co\/colombia\/noticias\/carcel-para-siete-presuntos-integrantes-de-una-estructura-delincuencial-dedicada-al-microtrafico-en-la-comuna-nueve-de-cucuta\/","name":"Fiscal\u00eda General de la Naci\u00f3n","isPartOf":{"@id":"https:\/\/www.fiscalia.gov.co\/colombia\/#website"},"datePublished":"2022-06-28T17:37:09+00:00","dateModified":"2022-06-28T17:37:09+00:00","description":"P\u00e1gina oficial de la Fiscal\u00eda General de la Naci\u00f3n \u2013 Colombia. Garantizamos el acceso efectivo a la justicia, la verdad y la reparaci\u00f3n de las v\u00edctimas de los delitos.","breadcrumb":{"@id":"https:\/\/www.fiscalia.gov.co\/colombia\/noticias\/carcel-para-siete-presuntos-integrantes-de-una-estructura-delincuencial-dedicada-al-microtrafico-en-la-comuna-nueve-de-cucuta\/#breadcrumb"},"inLanguage":"es-CO","potentialAction":[{"@type":"ReadAction","target":["https:\/\/www.fiscalia.gov.co\/colombia\/noticias\/carcel-para-siete-presuntos-integrantes-de-una-estructura-delincuencial-dedicada-al-microtrafico-en-la-comuna-nueve-de-cucuta\/"]}]},{"@type":"BreadcrumbList","@id":"https:\/\/www.fiscalia.gov.co\/colombia\/noticias\/carcel-para-siete-presuntos-integrantes-de-una-estructura-delincuencial-dedicada-al-microtrafico-en-la-comuna-nueve-de-cucuta\/#breadcrumb","itemListElement":[{"@type":"ListItem","position":1,"name":"Home","item":"https:\/\/www.fiscalia.gov.co\/colombia\/"},{"@type":"ListItem","position":2,"name":"C\u00e1rcel para siete presuntos integrantes de una estructura delincuencial dedicada al microtr\u00e1fico en la comuna nueve de C\u00facuta"}]},{"@type":"WebSite","@id":"https:\/\/www.fiscalia.gov.co\/colombia\/#website","url":"https:\/\/www.fiscalia.gov.co\/colombia\/","name":"Fiscal\u00eda General de la Naci\u00f3n","description":"P\u00e1gina oficial de la Fiscal\u00eda General de la Naci\u00f3n \u2013 Colombia. Garantizamos el acceso efectivo a la justicia, la verdad y la reparaci\u00f3n de las v\u00edctimas de los delitos.","publisher":{"@id":"https:\/\/www.fiscalia.gov.co\/colombia\/#organization"},"potentialAction":[{"@type":"SearchAction","target":{"@type":"EntryPoint","urlTemplate":"https:\/\/www.fiscalia.gov.co\/colombia\/?s={search_term_string}"},"query-input":{"@type":"PropertyValueSpecification","valueRequired":true,"valueName":"search_term_string"}}],"inLanguage":"es-CO"},{"@type":"Organization","@id":"https:\/\/www.fiscalia.gov.co\/colombia\/#organization","name":"Fiscal\u00eda General de la Naci\u00f3n","url":"https:\/\/www.fiscalia.gov.co\/colombia\/","logo":{"@type":"ImageObject","inLanguage":"es-CO","@id":"https:\/\/www.fiscalia.gov.co\/colombia\/#\/schema\/logo\/image\/","url":"https:\/\/www.fiscalia.gov.co\/colombia\/wp-content\/uploads\/LogoHorizontal_1.jpg","contentUrl":"https:\/\/www.fiscalia.gov.co\/colombia\/wp-content\/uploads\/LogoHorizontal_1.jpg","width":300,"height":90,"caption":"Fiscal\u00eda General de la Naci\u00f3n"},"image":{"@id":"https:\/\/www.fiscalia.gov.co\/colombia\/#\/schema\/logo\/image\/"},"sameAs":["https:\/\/www.facebook.com\/FiscaliaCol","https:\/\/x.com\/FiscaliaCol","https:\/\/www.instagram.com\/fiscaliacol","https:\/\/www.linkedin.com\/company\/fiscalia-general-de-la-naci-n\/","https:\/\/youtube.com\/@fiscaliageneraldelanacion-4668?si=6nN79nyQICPU5iTh"]},{"@type":"Person","@id":"https:\/\/www.fiscalia.gov.co\/colombia\/#\/schema\/person\/bf84402cf293a5393e9c70b111020b24","name":"Jordan Leandro Oviedo Anzola","image":{"@type":"ImageObject","inLanguage":"es-CO","@id":"https:\/\/www.fiscalia.gov.co\/colombia\/#\/schema\/person\/image\/","url":"https:\/\/secure.gravatar.com\/avatar\/dabba4346fa9b9207d96adafa8f92721?s=96&d=mm&r=g","contentUrl":"https:\/\/secure.gravatar.com\/avatar\/dabba4346fa9b9207d96adafa8f92721?s=96&d=mm&r=g","caption":"Jordan Leandro Oviedo Anzola"},"url":"https:\/\/www.fiscalia.gov.co\/colombia\/author\/joviedo\/"}]}},"_links":{"self":[{"href":"https:\/\/www.fiscalia.gov.co\/colombia\/wp-json\/wp\/v2\/posts\/251608","targetHints":{"allow":["GET"]}}],"collection":[{"href":"https:\/\/www.fiscalia.gov.co\/colombia\/wp-json\/wp\/v2\/posts"}],"about":[{"href":"https:\/\/www.fiscalia.gov.co\/colombia\/wp-json\/wp\/v2\/types\/post"}],"author":[{"embeddable":true,"href":"https:\/\/www.fiscalia.gov.co\/colombia\/wp-json\/wp\/v2\/users\/177"}],"replies":[{"embeddable":true,"href":"https:\/\/www.fiscalia.gov.co\/colombia\/wp-json\/wp\/v2\/comments?post=251608"}],"version-history":[{"count":2,"href":"https:\/\/www.fiscalia.gov.co\/colombia\/wp-json\/wp\/v2\/posts\/251608\/revisions"}],"predecessor-version":[{"id":251610,"href":"https:\/\/www.fiscalia.gov.co\/colombia\/wp-json\/wp\/v2\/posts\/251608\/revisions\/251610"}],"wp:attachment":[{"href":"https:\/\/www.fiscalia.gov.co\/colombia\/wp-json\/wp\/v2\/media?parent=251608"}],"wp:term":[{"taxonomy":"category","embeddable":true,"href":"https:\/\/www.fiscalia.gov.co\/colombia\/wp-json\/wp\/v2\/categories?post=251608"},{"taxonomy":"post_tag","embeddable":true,"href":"https:\/\/www.fiscalia.gov.co\/colombia\/wp-json\/wp\/v2\/tags?post=251608"}],"curies":[{"name":"wp","href":"https:\/\/api.w.org\/{rel}","templated":true}]}}