{"id":251602,"date":"2022-06-28T12:31:54","date_gmt":"2022-06-28T17:31:54","guid":{"rendered":"https:\/\/www.fiscalia.gov.co\/colombia\/?p=251602"},"modified":"2022-06-28T12:31:54","modified_gmt":"2022-06-28T17:31:54","slug":"asegurados-siete-presuntos-integrantes-de-banda-que-estaria-vendiendo-estupefacientes-en-un-sitio-turistico-de-cali","status":"publish","type":"post","link":"https:\/\/www.fiscalia.gov.co\/colombia\/noticias\/asegurados-siete-presuntos-integrantes-de-banda-que-estaria-vendiendo-estupefacientes-en-un-sitio-turistico-de-cali\/","title":{"rendered":"Asegurados siete presuntos integrantes de banda\u00a0que estar\u00eda vendiendo estupefacientes en un sitio tur\u00edstico de Cali"},"content":{"rendered":"<p>El trabajo de individualizaci\u00f3n y seguimientos a sus actividades permiti\u00f3 establecer que siete\u00a0 presuntos integrantes de la banda Los del Boulevard, entre ellos varios extranjeros, se estar\u00edan dedicando a la venta de estupefacientes en la modalidad de menudeo.<\/p>\n<figure id=\"attachment_251603\" aria-describedby=\"caption-attachment-251603\" style=\"width: 696px\" class=\"wp-caption aligncenter\"><img loading=\"lazy\" decoding=\"async\" class=\"size-large wp-image-251603\" src=\"https:\/\/www.fiscalia.gov.co\/colombia\/wp-content\/uploads\/Fiscal-Barbosa-Los-siete-presuntos-integrantes-de-la-banda-Los-del-Boulevard-enviados-a-la-carcel-al-parecer-distribuian-estupefacientes-a-turistas-y-visitantes-en-sector-turistico-de-Cali.-1024x700.jpg\" alt=\"\" width=\"696\" height=\"476\" srcset=\"https:\/\/www.fiscalia.gov.co\/colombia\/wp-content\/uploads\/Fiscal-Barbosa-Los-siete-presuntos-integrantes-de-la-banda-Los-del-Boulevard-enviados-a-la-carcel-al-parecer-distribuian-estupefacientes-a-turistas-y-visitantes-en-sector-turistico-de-Cali.-1024x700.jpg 1024w, https:\/\/www.fiscalia.gov.co\/colombia\/wp-content\/uploads\/Fiscal-Barbosa-Los-siete-presuntos-integrantes-de-la-banda-Los-del-Boulevard-enviados-a-la-carcel-al-parecer-distribuian-estupefacientes-a-turistas-y-visitantes-en-sector-turistico-de-Cali.-300x205.jpg 300w, https:\/\/www.fiscalia.gov.co\/colombia\/wp-content\/uploads\/Fiscal-Barbosa-Los-siete-presuntos-integrantes-de-la-banda-Los-del-Boulevard-enviados-a-la-carcel-al-parecer-distribuian-estupefacientes-a-turistas-y-visitantes-en-sector-turistico-de-Cali.-768x525.jpg 768w, https:\/\/www.fiscalia.gov.co\/colombia\/wp-content\/uploads\/Fiscal-Barbosa-Los-siete-presuntos-integrantes-de-la-banda-Los-del-Boulevard-enviados-a-la-carcel-al-parecer-distribuian-estupefacientes-a-turistas-y-visitantes-en-sector-turistico-de-Cali.-218x150.jpg 218w, https:\/\/www.fiscalia.gov.co\/colombia\/wp-content\/uploads\/Fiscal-Barbosa-Los-siete-presuntos-integrantes-de-la-banda-Los-del-Boulevard-enviados-a-la-carcel-al-parecer-distribuian-estupefacientes-a-turistas-y-visitantes-en-sector-turistico-de-Cali.-696x476.jpg 696w, https:\/\/www.fiscalia.gov.co\/colombia\/wp-content\/uploads\/Fiscal-Barbosa-Los-siete-presuntos-integrantes-de-la-banda-Los-del-Boulevard-enviados-a-la-carcel-al-parecer-distribuian-estupefacientes-a-turistas-y-visitantes-en-sector-turistico-de-Cali.-1068x730.jpg 1068w, https:\/\/www.fiscalia.gov.co\/colombia\/wp-content\/uploads\/Fiscal-Barbosa-Los-siete-presuntos-integrantes-de-la-banda-Los-del-Boulevard-enviados-a-la-carcel-al-parecer-distribuian-estupefacientes-a-turistas-y-visitantes-en-sector-turistico-de-Cali.-614x420.jpg 614w, https:\/\/www.fiscalia.gov.co\/colombia\/wp-content\/uploads\/Fiscal-Barbosa-Los-siete-presuntos-integrantes-de-la-banda-Los-del-Boulevard-enviados-a-la-carcel-al-parecer-distribuian-estupefacientes-a-turistas-y-visitantes-en-sector-turistico-de-Cali..jpg 1280w\" sizes=\"auto, (max-width: 696px) 100vw, 696px\" \/><figcaption id=\"caption-attachment-251603\" class=\"wp-caption-text\">Los siete presuntos integrantes de la banda Los del Boulevard, enviados a la c\u00e1rcel, al parecer distribu\u00edan estupefacientes a turistas y visitantes en sector tur\u00edstico de Cali.<\/figcaption><\/figure>\n<p>La comercializaci\u00f3n la llevaban a cabo bajo la fachada de vendedores ambulantes en el sitio tur\u00edstico del corredor del Boulevard del R\u00edo, en el barrio San Pedro de Cali.<\/p>\n<p>All\u00ed, presuntamente, le ofrec\u00edan a turistas y visitantes marihuana y bazuco que\u00a0 escond\u00edan\u00a0 en la vegetaci\u00f3n del lugar y en las sillas del Puente Ortiz.<\/p>\n<p>A trav\u00e9s de la infiltraci\u00f3n de un agente de Polic\u00eda Judicial, bajo la coordinaci\u00f3n de un fiscal de la Estructura de Apoyo, se logr\u00f3 establecer c\u00f3mo operaba la banda, la frecuencia de entrega de los estupefacientes, el ocultamiento de los mismos\u00a0\u00a0y el perfil de los consumidores habituales.<\/p>\n<p>Las capturas se llevaron a cabo a lo largo del corredor tur\u00edstico por agentes de la SIJ\u00cdN de la Polic\u00eda Metropolitana\u00a0cumpliendo las \u00f3rdenes emitidas por un juez penal de Cali.<\/p>\n<p>La Fiscal\u00eda los imput\u00f3 por su presunta coautor\u00eda en los delitos de concierto para delinquir y fabricaci\u00f3n, tr\u00e1fico y\u00a0<a href=\"https:\/\/www.fiscalia.gov.co\/colombia\/noticias\/asegurados-en-centro-de-reclusion-diez-personas-por-presunto-transporte-de-estupefacientes-en-huila\/\" data-saferedirecturl=\"https:\/\/www.google.com\/url?q=https:\/\/www.fiscalia.gov.co\/colombia\/noticias\/asegurados-en-centro-de-reclusion-diez-personas-por-presunto-transporte-de-estupefacientes-en-huila\/&amp;source=gmail&amp;ust=1656522663010000&amp;usg=AOvVaw1xuc5GLc6mjIEK3lDfzEJ1\">porte de estupefacientes<\/a>.<\/p>\n<p>Un juez penal aval\u00f3 la imputaci\u00f3n del ente investigador y dict\u00f3 medida de aseguramiento en contra de los siete supuestos miembros de la banda Los del Boulevard en establecimiento carcelario:<\/p>\n<p>Viviana Gamboa S\u00e1nchez, Michel Steven Cuero Ramos, Yan Edwin Gamboa Palacios, Harry Cipriano Caicedo Rodr\u00edguez, Jhon Fredy Qui\u00f1onez Caicedo, Miguel Armando Viveros Castillo, Lida Jimena Carabal\u00ed Ramos y Rub\u00e9n Dar\u00edo Caicedo Perlaza,<\/p>\n<p><strong>La Fiscal\u00eda habla con resultados.<\/strong><\/p>\n<p>Le puede interesar<strong>:\u00a0<\/strong><a href=\"https:\/\/www.fiscalia.gov.co\/colombia\/noticias\/fiscalia-judicializo-a-14-presuntos-integrantes-de-la-banda-los-lagos-implicada-en-trafico-de-estupefacientes-homicidios-y-el-porte-ilegal-de-armas\/\" data-saferedirecturl=\"https:\/\/www.google.com\/url?q=https:\/\/www.fiscalia.gov.co\/colombia\/noticias\/fiscalia-judicializo-a-14-presuntos-integrantes-de-la-banda-los-lagos-implicada-en-trafico-de-estupefacientes-homicidios-y-el-porte-ilegal-de-armas\/&amp;source=gmail&amp;ust=1656522663010000&amp;usg=AOvVaw2sGioPnZjaFD5_Z8tvuNtT\">Fiscal\u00eda judicializ\u00f3 a 14 presuntos integrantes de la banda Los Lagos, implicada en tr\u00e1fico de estupefacientes, homicidios y el porte ilegal de armas\u00a0<\/a><\/p>\n<p>&nbsp;<\/p>\n<p>&nbsp;<\/p>\n<p>JGP\/CFG\/SEG\/DSC<\/p>\n<p>&nbsp;<\/p>\n<p>&nbsp;<\/p>\n<p>&nbsp;<\/p>\n<p><em>La informaci\u00f3n contenida en este bolet\u00edn de prensa corresponde a la narraci\u00f3n de los hechos noticiosos objetivos, suministrados por los funcionarios encargados de adelantar las investigaciones penales al interior de la Fiscal\u00eda General de la Naci\u00f3n. Para el momento de la divulgaci\u00f3n de este comunicado, la situaci\u00f3n jur\u00eddica de la(s) persona(s) relacionada(s) se encuentra pendiente de resolver por la autoridad judicial competente, siempre bajo los preceptos de la presunci\u00f3n de inocencia, consagrados en el art\u00edculo 29 de la Constituci\u00f3n Pol\u00edtica y el art\u00edculo 7\u00ba de la Ley 906 de 2004.<\/em><\/p>\n\n<div class=\"twitter-share\"><a href=\"https:\/\/twitter.com\/intent\/tweet?via=fiscaliacol\" class=\"twitter-share-button\">Tweet<\/a><\/div>\n","protected":false},"excerpt":{"rendered":"<p>El trabajo de individualizaci\u00f3n y seguimientos a sus actividades permiti\u00f3 establecer que siete\u00a0 presuntos integrantes de la banda Los del Boulevard, entre ellos varios extranjeros, se estar\u00edan dedicando a la venta de estupefacientes en la modalidad de menudeo. La comercializaci\u00f3n la llevaban a cabo bajo la fachada de vendedores ambulantes en el sitio tur\u00edstico del [&hellip;]<\/p>\n","protected":false},"author":177,"featured_media":0,"comment_status":"closed","ping_status":"open","sticky":false,"template":"","format":"standard","meta":{"tdm_status":"","tdm_grid_status":"","footnotes":""},"categories":[1,324,303,24103],"tags":[5636,30077,24526,24481,1047,12161],"class_list":{"0":"post-251602","1":"post","2":"type-post","3":"status-publish","4":"format-standard","6":"category-noticias","7":"category-seccional-cali","8":"category-seccionales","9":"category-trafico-de-estupefacientes","10":"tag-bazuco","11":"tag-cali-valle-del-cauca","12":"tag-fiscal-general-francisco-barbosa-delgado","13":"tag-fiscalia-de-colombia","14":"tag-fiscalia-general-de-la-nacion","15":"tag-porte-de-estupefacientes"},"yoast_head":"<!-- This site is optimized with the Yoast SEO plugin v24.3 - https:\/\/yoast.com\/wordpress\/plugins\/seo\/ -->\n<title>Fiscal\u00eda General de la Naci\u00f3n<\/title>\n<meta name=\"description\" content=\"P\u00e1gina oficial de la Fiscal\u00eda General de la Naci\u00f3n \u2013 Colombia. Garantizamos el acceso efectivo a la justicia, la verdad y la reparaci\u00f3n de las v\u00edctimas de los delitos.\" \/>\n<meta name=\"robots\" content=\"noindex, follow\" \/>\n<meta property=\"og:locale\" content=\"es_ES\" \/>\n<meta property=\"og:type\" content=\"article\" \/>\n<meta property=\"og:title\" content=\"Fiscal\u00eda General de la Naci\u00f3n\" \/>\n<meta property=\"og:description\" content=\"P\u00e1gina oficial de la Fiscal\u00eda General de la Naci\u00f3n \u2013 Colombia. Garantizamos el acceso efectivo a la justicia, la verdad y la reparaci\u00f3n de las v\u00edctimas de los delitos.\" \/>\n<meta property=\"og:url\" content=\"https:\/\/www.fiscalia.gov.co\/colombia\/noticias\/asegurados-siete-presuntos-integrantes-de-banda-que-estaria-vendiendo-estupefacientes-en-un-sitio-turistico-de-cali\/\" \/>\n<meta property=\"og:site_name\" content=\"Fiscal\u00eda General de la Naci\u00f3n\" \/>\n<meta property=\"article:publisher\" content=\"https:\/\/www.facebook.com\/FiscaliaCol\" \/>\n<meta property=\"article:published_time\" content=\"2022-06-28T17:31:54+00:00\" \/>\n<meta property=\"og:image\" content=\"https:\/\/www.fiscalia.gov.co\/colombia\/wp-content\/uploads\/Fiscal-Barbosa-Los-siete-presuntos-integrantes-de-la-banda-Los-del-Boulevard-enviados-a-la-carcel-al-parecer-distribuian-estupefacientes-a-turistas-y-visitantes-en-sector-turistico-de-Cali.-1024x700.jpg\" \/>\n<meta name=\"author\" content=\"Jordan Leandro Oviedo Anzola\" \/>\n<meta name=\"twitter:card\" content=\"summary_large_image\" \/>\n<meta name=\"twitter:creator\" content=\"@FiscaliaCol\" \/>\n<meta name=\"twitter:site\" content=\"@FiscaliaCol\" \/>\n<meta name=\"twitter:label1\" content=\"Escrito por\" \/>\n\t<meta name=\"twitter:data1\" content=\"Jordan Leandro Oviedo Anzola\" \/>\n\t<meta name=\"twitter:label2\" content=\"Tiempo de lectura\" \/>\n\t<meta name=\"twitter:data2\" content=\"2 minutos\" \/>\n<script type=\"application\/ld+json\" class=\"yoast-schema-graph\">{\"@context\":\"https:\/\/schema.org\",\"@graph\":[{\"@type\":\"Article\",\"@id\":\"https:\/\/www.fiscalia.gov.co\/colombia\/noticias\/asegurados-siete-presuntos-integrantes-de-banda-que-estaria-vendiendo-estupefacientes-en-un-sitio-turistico-de-cali\/#article\",\"isPartOf\":{\"@id\":\"https:\/\/www.fiscalia.gov.co\/colombia\/noticias\/asegurados-siete-presuntos-integrantes-de-banda-que-estaria-vendiendo-estupefacientes-en-un-sitio-turistico-de-cali\/\"},\"author\":{\"name\":\"Jordan Leandro Oviedo Anzola\",\"@id\":\"https:\/\/www.fiscalia.gov.co\/colombia\/#\/schema\/person\/bf84402cf293a5393e9c70b111020b24\"},\"headline\":\"Asegurados siete presuntos integrantes de banda\u00a0que estar\u00eda vendiendo estupefacientes en un sitio tur\u00edstico de Cali\",\"datePublished\":\"2022-06-28T17:31:54+00:00\",\"dateModified\":\"2022-06-28T17:31:54+00:00\",\"mainEntityOfPage\":{\"@id\":\"https:\/\/www.fiscalia.gov.co\/colombia\/noticias\/asegurados-siete-presuntos-integrantes-de-banda-que-estaria-vendiendo-estupefacientes-en-un-sitio-turistico-de-cali\/\"},\"wordCount\":480,\"publisher\":{\"@id\":\"https:\/\/www.fiscalia.gov.co\/colombia\/#organization\"},\"image\":{\"@id\":\"https:\/\/www.fiscalia.gov.co\/colombia\/noticias\/asegurados-siete-presuntos-integrantes-de-banda-que-estaria-vendiendo-estupefacientes-en-un-sitio-turistico-de-cali\/#primaryimage\"},\"thumbnailUrl\":\"https:\/\/www.fiscalia.gov.co\/colombia\/wp-content\/uploads\/Fiscal-Barbosa-Los-siete-presuntos-integrantes-de-la-banda-Los-del-Boulevard-enviados-a-la-carcel-al-parecer-distribuian-estupefacientes-a-turistas-y-visitantes-en-sector-turistico-de-Cali.-1024x700.jpg\",\"keywords\":[\"Bazuco\",\"Cali (Valle del Cauca)\",\"Fiscal General Francisco Barbosa Delgado\",\"Fiscal\u00eda de Colombia\",\"Fiscal\u00eda General de la Naci\u00f3n\",\"Porte de estupefacientes\"],\"articleSection\":[\"Noticias\",\"Seccional Cali\",\"Seccionales\",\"Tr\u00e1fico de estupefacientes\"],\"inLanguage\":\"es-CO\"},{\"@type\":\"WebPage\",\"@id\":\"https:\/\/www.fiscalia.gov.co\/colombia\/noticias\/asegurados-siete-presuntos-integrantes-de-banda-que-estaria-vendiendo-estupefacientes-en-un-sitio-turistico-de-cali\/\",\"url\":\"https:\/\/www.fiscalia.gov.co\/colombia\/noticias\/asegurados-siete-presuntos-integrantes-de-banda-que-estaria-vendiendo-estupefacientes-en-un-sitio-turistico-de-cali\/\",\"name\":\"Fiscal\u00eda General de la Naci\u00f3n\",\"isPartOf\":{\"@id\":\"https:\/\/www.fiscalia.gov.co\/colombia\/#website\"},\"primaryImageOfPage\":{\"@id\":\"https:\/\/www.fiscalia.gov.co\/colombia\/noticias\/asegurados-siete-presuntos-integrantes-de-banda-que-estaria-vendiendo-estupefacientes-en-un-sitio-turistico-de-cali\/#primaryimage\"},\"image\":{\"@id\":\"https:\/\/www.fiscalia.gov.co\/colombia\/noticias\/asegurados-siete-presuntos-integrantes-de-banda-que-estaria-vendiendo-estupefacientes-en-un-sitio-turistico-de-cali\/#primaryimage\"},\"thumbnailUrl\":\"https:\/\/www.fiscalia.gov.co\/colombia\/wp-content\/uploads\/Fiscal-Barbosa-Los-siete-presuntos-integrantes-de-la-banda-Los-del-Boulevard-enviados-a-la-carcel-al-parecer-distribuian-estupefacientes-a-turistas-y-visitantes-en-sector-turistico-de-Cali.-1024x700.jpg\",\"datePublished\":\"2022-06-28T17:31:54+00:00\",\"dateModified\":\"2022-06-28T17:31:54+00:00\",\"description\":\"P\u00e1gina oficial de la Fiscal\u00eda General de la Naci\u00f3n \u2013 Colombia. Garantizamos el acceso efectivo a la justicia, la verdad y la reparaci\u00f3n de las v\u00edctimas de los delitos.\",\"breadcrumb\":{\"@id\":\"https:\/\/www.fiscalia.gov.co\/colombia\/noticias\/asegurados-siete-presuntos-integrantes-de-banda-que-estaria-vendiendo-estupefacientes-en-un-sitio-turistico-de-cali\/#breadcrumb\"},\"inLanguage\":\"es-CO\",\"potentialAction\":[{\"@type\":\"ReadAction\",\"target\":[\"https:\/\/www.fiscalia.gov.co\/colombia\/noticias\/asegurados-siete-presuntos-integrantes-de-banda-que-estaria-vendiendo-estupefacientes-en-un-sitio-turistico-de-cali\/\"]}]},{\"@type\":\"ImageObject\",\"inLanguage\":\"es-CO\",\"@id\":\"https:\/\/www.fiscalia.gov.co\/colombia\/noticias\/asegurados-siete-presuntos-integrantes-de-banda-que-estaria-vendiendo-estupefacientes-en-un-sitio-turistico-de-cali\/#primaryimage\",\"url\":\"https:\/\/www.fiscalia.gov.co\/colombia\/wp-content\/uploads\/Fiscal-Barbosa-Los-siete-presuntos-integrantes-de-la-banda-Los-del-Boulevard-enviados-a-la-carcel-al-parecer-distribuian-estupefacientes-a-turistas-y-visitantes-en-sector-turistico-de-Cali..jpg\",\"contentUrl\":\"https:\/\/www.fiscalia.gov.co\/colombia\/wp-content\/uploads\/Fiscal-Barbosa-Los-siete-presuntos-integrantes-de-la-banda-Los-del-Boulevard-enviados-a-la-carcel-al-parecer-distribuian-estupefacientes-a-turistas-y-visitantes-en-sector-turistico-de-Cali..jpg\",\"width\":1280,\"height\":875,\"caption\":\"Los siete presuntos integrantes de la banda Los del Boulevard, enviados a la c\u00e1rcel, al parecer distribu\u00edan estupefacientes a turistas y visitantes en sector tur\u00edstico de Cali.\"},{\"@type\":\"BreadcrumbList\",\"@id\":\"https:\/\/www.fiscalia.gov.co\/colombia\/noticias\/asegurados-siete-presuntos-integrantes-de-banda-que-estaria-vendiendo-estupefacientes-en-un-sitio-turistico-de-cali\/#breadcrumb\",\"itemListElement\":[{\"@type\":\"ListItem\",\"position\":1,\"name\":\"Home\",\"item\":\"https:\/\/www.fiscalia.gov.co\/colombia\/\"},{\"@type\":\"ListItem\",\"position\":2,\"name\":\"Asegurados siete presuntos integrantes de banda\u00a0que estar\u00eda vendiendo estupefacientes en un sitio tur\u00edstico de Cali\"}]},{\"@type\":\"WebSite\",\"@id\":\"https:\/\/www.fiscalia.gov.co\/colombia\/#website\",\"url\":\"https:\/\/www.fiscalia.gov.co\/colombia\/\",\"name\":\"Fiscal\u00eda General de la Naci\u00f3n\",\"description\":\"P\u00e1gina oficial de la Fiscal\u00eda General de la Naci\u00f3n \u2013 Colombia. Garantizamos el acceso efectivo a la justicia, la verdad y la reparaci\u00f3n de las v\u00edctimas de los delitos.\",\"publisher\":{\"@id\":\"https:\/\/www.fiscalia.gov.co\/colombia\/#organization\"},\"potentialAction\":[{\"@type\":\"SearchAction\",\"target\":{\"@type\":\"EntryPoint\",\"urlTemplate\":\"https:\/\/www.fiscalia.gov.co\/colombia\/?s={search_term_string}\"},\"query-input\":{\"@type\":\"PropertyValueSpecification\",\"valueRequired\":true,\"valueName\":\"search_term_string\"}}],\"inLanguage\":\"es-CO\"},{\"@type\":\"Organization\",\"@id\":\"https:\/\/www.fiscalia.gov.co\/colombia\/#organization\",\"name\":\"Fiscal\u00eda General de la Naci\u00f3n\",\"url\":\"https:\/\/www.fiscalia.gov.co\/colombia\/\",\"logo\":{\"@type\":\"ImageObject\",\"inLanguage\":\"es-CO\",\"@id\":\"https:\/\/www.fiscalia.gov.co\/colombia\/#\/schema\/logo\/image\/\",\"url\":\"https:\/\/www.fiscalia.gov.co\/colombia\/wp-content\/uploads\/LogoHorizontal_1.jpg\",\"contentUrl\":\"https:\/\/www.fiscalia.gov.co\/colombia\/wp-content\/uploads\/LogoHorizontal_1.jpg\",\"width\":300,\"height\":90,\"caption\":\"Fiscal\u00eda General de la Naci\u00f3n\"},\"image\":{\"@id\":\"https:\/\/www.fiscalia.gov.co\/colombia\/#\/schema\/logo\/image\/\"},\"sameAs\":[\"https:\/\/www.facebook.com\/FiscaliaCol\",\"https:\/\/x.com\/FiscaliaCol\",\"https:\/\/www.instagram.com\/fiscaliacol\",\"https:\/\/www.linkedin.com\/company\/fiscalia-general-de-la-naci-n\/\",\"https:\/\/youtube.com\/@fiscaliageneraldelanacion-4668?si=6nN79nyQICPU5iTh\"]},{\"@type\":\"Person\",\"@id\":\"https:\/\/www.fiscalia.gov.co\/colombia\/#\/schema\/person\/bf84402cf293a5393e9c70b111020b24\",\"name\":\"Jordan Leandro Oviedo Anzola\",\"image\":{\"@type\":\"ImageObject\",\"inLanguage\":\"es-CO\",\"@id\":\"https:\/\/www.fiscalia.gov.co\/colombia\/#\/schema\/person\/image\/\",\"url\":\"https:\/\/secure.gravatar.com\/avatar\/dabba4346fa9b9207d96adafa8f92721?s=96&d=mm&r=g\",\"contentUrl\":\"https:\/\/secure.gravatar.com\/avatar\/dabba4346fa9b9207d96adafa8f92721?s=96&d=mm&r=g\",\"caption\":\"Jordan Leandro Oviedo Anzola\"},\"url\":\"https:\/\/www.fiscalia.gov.co\/colombia\/author\/joviedo\/\"}]}<\/script>\n<!-- \/ Yoast SEO plugin. -->","yoast_head_json":{"title":"Fiscal\u00eda General de la Naci\u00f3n","description":"P\u00e1gina oficial de la Fiscal\u00eda General de la Naci\u00f3n \u2013 Colombia. Garantizamos el acceso efectivo a la justicia, la verdad y la reparaci\u00f3n de las v\u00edctimas de los delitos.","robots":{"index":"noindex","follow":"follow"},"og_locale":"es_ES","og_type":"article","og_title":"Fiscal\u00eda General de la Naci\u00f3n","og_description":"P\u00e1gina oficial de la Fiscal\u00eda General de la Naci\u00f3n \u2013 Colombia. Garantizamos el acceso efectivo a la justicia, la verdad y la reparaci\u00f3n de las v\u00edctimas de los delitos.","og_url":"https:\/\/www.fiscalia.gov.co\/colombia\/noticias\/asegurados-siete-presuntos-integrantes-de-banda-que-estaria-vendiendo-estupefacientes-en-un-sitio-turistico-de-cali\/","og_site_name":"Fiscal\u00eda General de la Naci\u00f3n","article_publisher":"https:\/\/www.facebook.com\/FiscaliaCol","article_published_time":"2022-06-28T17:31:54+00:00","og_image":[{"url":"https:\/\/www.fiscalia.gov.co\/colombia\/wp-content\/uploads\/Fiscal-Barbosa-Los-siete-presuntos-integrantes-de-la-banda-Los-del-Boulevard-enviados-a-la-carcel-al-parecer-distribuian-estupefacientes-a-turistas-y-visitantes-en-sector-turistico-de-Cali.-1024x700.jpg","type":"","width":"","height":""}],"author":"Jordan Leandro Oviedo Anzola","twitter_card":"summary_large_image","twitter_creator":"@FiscaliaCol","twitter_site":"@FiscaliaCol","twitter_misc":{"Escrito por":"Jordan Leandro Oviedo Anzola","Tiempo de lectura":"2 minutos"},"schema":{"@context":"https:\/\/schema.org","@graph":[{"@type":"Article","@id":"https:\/\/www.fiscalia.gov.co\/colombia\/noticias\/asegurados-siete-presuntos-integrantes-de-banda-que-estaria-vendiendo-estupefacientes-en-un-sitio-turistico-de-cali\/#article","isPartOf":{"@id":"https:\/\/www.fiscalia.gov.co\/colombia\/noticias\/asegurados-siete-presuntos-integrantes-de-banda-que-estaria-vendiendo-estupefacientes-en-un-sitio-turistico-de-cali\/"},"author":{"name":"Jordan Leandro Oviedo Anzola","@id":"https:\/\/www.fiscalia.gov.co\/colombia\/#\/schema\/person\/bf84402cf293a5393e9c70b111020b24"},"headline":"Asegurados siete presuntos integrantes de banda\u00a0que estar\u00eda vendiendo estupefacientes en un sitio tur\u00edstico de Cali","datePublished":"2022-06-28T17:31:54+00:00","dateModified":"2022-06-28T17:31:54+00:00","mainEntityOfPage":{"@id":"https:\/\/www.fiscalia.gov.co\/colombia\/noticias\/asegurados-siete-presuntos-integrantes-de-banda-que-estaria-vendiendo-estupefacientes-en-un-sitio-turistico-de-cali\/"},"wordCount":480,"publisher":{"@id":"https:\/\/www.fiscalia.gov.co\/colombia\/#organization"},"image":{"@id":"https:\/\/www.fiscalia.gov.co\/colombia\/noticias\/asegurados-siete-presuntos-integrantes-de-banda-que-estaria-vendiendo-estupefacientes-en-un-sitio-turistico-de-cali\/#primaryimage"},"thumbnailUrl":"https:\/\/www.fiscalia.gov.co\/colombia\/wp-content\/uploads\/Fiscal-Barbosa-Los-siete-presuntos-integrantes-de-la-banda-Los-del-Boulevard-enviados-a-la-carcel-al-parecer-distribuian-estupefacientes-a-turistas-y-visitantes-en-sector-turistico-de-Cali.-1024x700.jpg","keywords":["Bazuco","Cali (Valle del Cauca)","Fiscal General Francisco Barbosa Delgado","Fiscal\u00eda de Colombia","Fiscal\u00eda General de la Naci\u00f3n","Porte de estupefacientes"],"articleSection":["Noticias","Seccional Cali","Seccionales","Tr\u00e1fico de estupefacientes"],"inLanguage":"es-CO"},{"@type":"WebPage","@id":"https:\/\/www.fiscalia.gov.co\/colombia\/noticias\/asegurados-siete-presuntos-integrantes-de-banda-que-estaria-vendiendo-estupefacientes-en-un-sitio-turistico-de-cali\/","url":"https:\/\/www.fiscalia.gov.co\/colombia\/noticias\/asegurados-siete-presuntos-integrantes-de-banda-que-estaria-vendiendo-estupefacientes-en-un-sitio-turistico-de-cali\/","name":"Fiscal\u00eda General de la Naci\u00f3n","isPartOf":{"@id":"https:\/\/www.fiscalia.gov.co\/colombia\/#website"},"primaryImageOfPage":{"@id":"https:\/\/www.fiscalia.gov.co\/colombia\/noticias\/asegurados-siete-presuntos-integrantes-de-banda-que-estaria-vendiendo-estupefacientes-en-un-sitio-turistico-de-cali\/#primaryimage"},"image":{"@id":"https:\/\/www.fiscalia.gov.co\/colombia\/noticias\/asegurados-siete-presuntos-integrantes-de-banda-que-estaria-vendiendo-estupefacientes-en-un-sitio-turistico-de-cali\/#primaryimage"},"thumbnailUrl":"https:\/\/www.fiscalia.gov.co\/colombia\/wp-content\/uploads\/Fiscal-Barbosa-Los-siete-presuntos-integrantes-de-la-banda-Los-del-Boulevard-enviados-a-la-carcel-al-parecer-distribuian-estupefacientes-a-turistas-y-visitantes-en-sector-turistico-de-Cali.-1024x700.jpg","datePublished":"2022-06-28T17:31:54+00:00","dateModified":"2022-06-28T17:31:54+00:00","description":"P\u00e1gina oficial de la Fiscal\u00eda General de la Naci\u00f3n \u2013 Colombia. Garantizamos el acceso efectivo a la justicia, la verdad y la reparaci\u00f3n de las v\u00edctimas de los delitos.","breadcrumb":{"@id":"https:\/\/www.fiscalia.gov.co\/colombia\/noticias\/asegurados-siete-presuntos-integrantes-de-banda-que-estaria-vendiendo-estupefacientes-en-un-sitio-turistico-de-cali\/#breadcrumb"},"inLanguage":"es-CO","potentialAction":[{"@type":"ReadAction","target":["https:\/\/www.fiscalia.gov.co\/colombia\/noticias\/asegurados-siete-presuntos-integrantes-de-banda-que-estaria-vendiendo-estupefacientes-en-un-sitio-turistico-de-cali\/"]}]},{"@type":"ImageObject","inLanguage":"es-CO","@id":"https:\/\/www.fiscalia.gov.co\/colombia\/noticias\/asegurados-siete-presuntos-integrantes-de-banda-que-estaria-vendiendo-estupefacientes-en-un-sitio-turistico-de-cali\/#primaryimage","url":"https:\/\/www.fiscalia.gov.co\/colombia\/wp-content\/uploads\/Fiscal-Barbosa-Los-siete-presuntos-integrantes-de-la-banda-Los-del-Boulevard-enviados-a-la-carcel-al-parecer-distribuian-estupefacientes-a-turistas-y-visitantes-en-sector-turistico-de-Cali..jpg","contentUrl":"https:\/\/www.fiscalia.gov.co\/colombia\/wp-content\/uploads\/Fiscal-Barbosa-Los-siete-presuntos-integrantes-de-la-banda-Los-del-Boulevard-enviados-a-la-carcel-al-parecer-distribuian-estupefacientes-a-turistas-y-visitantes-en-sector-turistico-de-Cali..jpg","width":1280,"height":875,"caption":"Los siete presuntos integrantes de la banda Los del Boulevard, enviados a la c\u00e1rcel, al parecer distribu\u00edan estupefacientes a turistas y visitantes en sector tur\u00edstico de Cali."},{"@type":"BreadcrumbList","@id":"https:\/\/www.fiscalia.gov.co\/colombia\/noticias\/asegurados-siete-presuntos-integrantes-de-banda-que-estaria-vendiendo-estupefacientes-en-un-sitio-turistico-de-cali\/#breadcrumb","itemListElement":[{"@type":"ListItem","position":1,"name":"Home","item":"https:\/\/www.fiscalia.gov.co\/colombia\/"},{"@type":"ListItem","position":2,"name":"Asegurados siete presuntos integrantes de banda\u00a0que estar\u00eda vendiendo estupefacientes en un sitio tur\u00edstico de Cali"}]},{"@type":"WebSite","@id":"https:\/\/www.fiscalia.gov.co\/colombia\/#website","url":"https:\/\/www.fiscalia.gov.co\/colombia\/","name":"Fiscal\u00eda General de la Naci\u00f3n","description":"P\u00e1gina oficial de la Fiscal\u00eda General de la Naci\u00f3n \u2013 Colombia. Garantizamos el acceso efectivo a la justicia, la verdad y la reparaci\u00f3n de las v\u00edctimas de los delitos.","publisher":{"@id":"https:\/\/www.fiscalia.gov.co\/colombia\/#organization"},"potentialAction":[{"@type":"SearchAction","target":{"@type":"EntryPoint","urlTemplate":"https:\/\/www.fiscalia.gov.co\/colombia\/?s={search_term_string}"},"query-input":{"@type":"PropertyValueSpecification","valueRequired":true,"valueName":"search_term_string"}}],"inLanguage":"es-CO"},{"@type":"Organization","@id":"https:\/\/www.fiscalia.gov.co\/colombia\/#organization","name":"Fiscal\u00eda General de la Naci\u00f3n","url":"https:\/\/www.fiscalia.gov.co\/colombia\/","logo":{"@type":"ImageObject","inLanguage":"es-CO","@id":"https:\/\/www.fiscalia.gov.co\/colombia\/#\/schema\/logo\/image\/","url":"https:\/\/www.fiscalia.gov.co\/colombia\/wp-content\/uploads\/LogoHorizontal_1.jpg","contentUrl":"https:\/\/www.fiscalia.gov.co\/colombia\/wp-content\/uploads\/LogoHorizontal_1.jpg","width":300,"height":90,"caption":"Fiscal\u00eda General de la Naci\u00f3n"},"image":{"@id":"https:\/\/www.fiscalia.gov.co\/colombia\/#\/schema\/logo\/image\/"},"sameAs":["https:\/\/www.facebook.com\/FiscaliaCol","https:\/\/x.com\/FiscaliaCol","https:\/\/www.instagram.com\/fiscaliacol","https:\/\/www.linkedin.com\/company\/fiscalia-general-de-la-naci-n\/","https:\/\/youtube.com\/@fiscaliageneraldelanacion-4668?si=6nN79nyQICPU5iTh"]},{"@type":"Person","@id":"https:\/\/www.fiscalia.gov.co\/colombia\/#\/schema\/person\/bf84402cf293a5393e9c70b111020b24","name":"Jordan Leandro Oviedo Anzola","image":{"@type":"ImageObject","inLanguage":"es-CO","@id":"https:\/\/www.fiscalia.gov.co\/colombia\/#\/schema\/person\/image\/","url":"https:\/\/secure.gravatar.com\/avatar\/dabba4346fa9b9207d96adafa8f92721?s=96&d=mm&r=g","contentUrl":"https:\/\/secure.gravatar.com\/avatar\/dabba4346fa9b9207d96adafa8f92721?s=96&d=mm&r=g","caption":"Jordan Leandro Oviedo Anzola"},"url":"https:\/\/www.fiscalia.gov.co\/colombia\/author\/joviedo\/"}]}},"_links":{"self":[{"href":"https:\/\/www.fiscalia.gov.co\/colombia\/wp-json\/wp\/v2\/posts\/251602","targetHints":{"allow":["GET"]}}],"collection":[{"href":"https:\/\/www.fiscalia.gov.co\/colombia\/wp-json\/wp\/v2\/posts"}],"about":[{"href":"https:\/\/www.fiscalia.gov.co\/colombia\/wp-json\/wp\/v2\/types\/post"}],"author":[{"embeddable":true,"href":"https:\/\/www.fiscalia.gov.co\/colombia\/wp-json\/wp\/v2\/users\/177"}],"replies":[{"embeddable":true,"href":"https:\/\/www.fiscalia.gov.co\/colombia\/wp-json\/wp\/v2\/comments?post=251602"}],"version-history":[{"count":1,"href":"https:\/\/www.fiscalia.gov.co\/colombia\/wp-json\/wp\/v2\/posts\/251602\/revisions"}],"predecessor-version":[{"id":251604,"href":"https:\/\/www.fiscalia.gov.co\/colombia\/wp-json\/wp\/v2\/posts\/251602\/revisions\/251604"}],"wp:attachment":[{"href":"https:\/\/www.fiscalia.gov.co\/colombia\/wp-json\/wp\/v2\/media?parent=251602"}],"wp:term":[{"taxonomy":"category","embeddable":true,"href":"https:\/\/www.fiscalia.gov.co\/colombia\/wp-json\/wp\/v2\/categories?post=251602"},{"taxonomy":"post_tag","embeddable":true,"href":"https:\/\/www.fiscalia.gov.co\/colombia\/wp-json\/wp\/v2\/tags?post=251602"}],"curies":[{"name":"wp","href":"https:\/\/api.w.org\/{rel}","templated":true}]}}