{"id":251401,"date":"2022-06-23T16:51:32","date_gmt":"2022-06-23T21:51:32","guid":{"rendered":"https:\/\/www.fiscalia.gov.co\/colombia\/?p=251401"},"modified":"2022-06-23T16:51:32","modified_gmt":"2022-06-23T21:51:32","slug":"capturados-en-flagrancia-y-enviados-a-la-carcel-dos-hombres-por-el-delito-de-hurto-calificado-y-agravado","status":"publish","type":"post","link":"https:\/\/www.fiscalia.gov.co\/colombia\/noticias\/capturados-en-flagrancia-y-enviados-a-la-carcel-dos-hombres-por-el-delito-de-hurto-calificado-y-agravado\/","title":{"rendered":"Capturados en flagrancia y enviados a la c\u00e1rcel dos hombres por el delito de hurto calificado y agravado"},"content":{"rendered":"<div>\n<div dir=\"auto\">\n<div class=\"gmail_quote\" dir=\"auto\">\n<div dir=\"ltr\">\n<div id=\"m_3321735774480372729m_1021044626003247278m_2783599231606700635divtagdefaultwrapper\" dir=\"ltr\">\n<p style=\"text-align: left;\"><span lang=\"ES-MX\">Como\u00a0<b>Jos\u00e9 Manuel Vega Zorro<\/b>\u00a0y\u00a0<b>Darwin Esteban Garc\u00eda G\u00f3mez<\/b>\u00a0fueron identificados los dos hombres capturados en flagrancia minutos despu\u00e9s de que, al parecer,\u00a0<\/span><a href=\"https:\/\/www.fiscalia.gov.co\/colombia\/noticias\/carcel-para-hombres-por-el-delito-de-hurto-calificado-y-agravado-en-yopal-casanare\/\" target=\"_blank\" rel=\"noopener noreferrer\" data-saferedirecturl=\"https:\/\/www.google.com\/url?q=https:\/\/www.fiscalia.gov.co\/colombia\/noticias\/carcel-para-hombres-por-el-delito-de-hurto-calificado-y-agravado-en-yopal-casanare\/&amp;source=gmail&amp;ust=1656103385111000&amp;usg=AOvVaw0TLqDqGDVKj2kYcNOuYnEw\"><b><span lang=\"ES-MX\">hurtar<\/span><\/b><\/a>on<span lang=\"ES-MX\">\u00a0un celular a su v\u00edctima, quien estaba us\u00e1ndolo en una calle de la vereda Aguamaco del municipio de Tauramena, en Casanare.<\/span><\/p>\n<figure id=\"attachment_251402\" aria-describedby=\"caption-attachment-251402\" style=\"width: 1280px\" class=\"wp-caption aligncenter\"><img loading=\"lazy\" decoding=\"async\" class=\"size-full wp-image-251402\" src=\"https:\/\/www.fiscalia.gov.co\/colombia\/wp-content\/uploads\/foto-1-5.jpeg\" alt=\"\" width=\"1280\" height=\"960\" srcset=\"https:\/\/www.fiscalia.gov.co\/colombia\/wp-content\/uploads\/foto-1-5.jpeg 1280w, https:\/\/www.fiscalia.gov.co\/colombia\/wp-content\/uploads\/foto-1-5-300x225.jpeg 300w, https:\/\/www.fiscalia.gov.co\/colombia\/wp-content\/uploads\/foto-1-5-1024x768.jpeg 1024w, https:\/\/www.fiscalia.gov.co\/colombia\/wp-content\/uploads\/foto-1-5-768x576.jpeg 768w, https:\/\/www.fiscalia.gov.co\/colombia\/wp-content\/uploads\/foto-1-5-696x522.jpeg 696w, https:\/\/www.fiscalia.gov.co\/colombia\/wp-content\/uploads\/foto-1-5-1068x801.jpeg 1068w, https:\/\/www.fiscalia.gov.co\/colombia\/wp-content\/uploads\/foto-1-5-560x420.jpeg 560w, https:\/\/www.fiscalia.gov.co\/colombia\/wp-content\/uploads\/foto-1-5-80x60.jpeg 80w, https:\/\/www.fiscalia.gov.co\/colombia\/wp-content\/uploads\/foto-1-5-265x198.jpeg 265w\" sizes=\"auto, (max-width: 1280px) 100vw, 1280px\" \/><figcaption id=\"caption-attachment-251402\" class=\"wp-caption-text\">Los capturados\u00a0Jos\u00e9 Manuel Vega Zorro y Darwin Esteban Garc\u00eda G\u00f3mez, deber\u00e1n responder\u00a0por el delito de hurto calificado y agravado.<\/figcaption><\/figure>\n<p style=\"text-align: left;\"><span lang=\"ES-MX\">El pasado 17 de junio, los dos capturados habr\u00edan llegado hasta una esquina donde lo habr\u00edan abordado y sometido usando armas blancas para despojado de su equipo celular. Luego emprendieron la huida en una motocicleta, pero gracias a que se logr\u00f3 dar aviso a la polic\u00eda los uniformados lograron ubicarlos. En la requisa se les encontr\u00f3 el equipo celular\u00a0<\/span><a href=\"https:\/\/www.fiscalia.gov.co\/colombia\/noticias\/capturados-peligrosos-delincuentes-buscados-para-cumplir-una-condena-por-hurto-calificado-y-agravado\/\" target=\"_blank\" rel=\"noopener noreferrer\" data-saferedirecturl=\"https:\/\/www.google.com\/url?q=https:\/\/www.fiscalia.gov.co\/colombia\/noticias\/capturados-peligrosos-delincuentes-buscados-para-cumplir-una-condena-por-hurto-calificado-y-agravado\/&amp;source=gmail&amp;ust=1656103385111000&amp;usg=AOvVaw3tKmq4ROk-ezFyBCHTJ67C\"><b><span lang=\"ES-MX\">hurtado<\/span><\/b><\/a><span lang=\"ES-MX\">.<\/span><\/p>\n<p style=\"text-align: left;\"><span lang=\"ES-MX\">El pasado 20 de junio, un fiscal de la Seccional Casanare los imput\u00f3 como presuntos responsables del delito de\u00a0<\/span><a href=\"https:\/\/www.fiscalia.gov.co\/colombia\/noticias\/asegurado-hombre-senalado-por-el-delito-de-hurto-calificado-y-agravado\/\" target=\"_blank\" rel=\"noopener noreferrer\" data-saferedirecturl=\"https:\/\/www.google.com\/url?q=https:\/\/www.fiscalia.gov.co\/colombia\/noticias\/asegurado-hombre-senalado-por-el-delito-de-hurto-calificado-y-agravado\/&amp;source=gmail&amp;ust=1656103385111000&amp;usg=AOvVaw3sblFJTxoqySyeKMu0T9zZ\"><b><span lang=\"ES-MX\">hurto calificado y agravado<\/span><\/b><\/a><span lang=\"ES-MX\">, cargos que no aceptaron. Un juez del municipio de Sabanalarga (Casanare) acogi\u00f3 la solicitud de ente acusador de legalizar las diligencias de captura, incautaci\u00f3n y de decretar medida privativa de la libertad en centro carcelario.<\/span><\/p>\n<p style=\"text-align: left;\"><span lang=\"ES-MX\">Esta informaci\u00f3n se publica por razones de inter\u00e9s general.<\/span><\/p>\n<p style=\"text-align: left;\"><span lang=\"ES-MX\">La Fiscal\u00eda habla con resultados.<\/span><\/p>\n<p style=\"text-align: left;\">LAZL\/CFG\/MEMV\/DSC\/<\/p>\n<p><i>La informaci\u00f3n contenida en este bolet\u00edn de prensa corresponde a la narraci\u00f3n de los hechos noticiosos objetivos, suministrados por los funcionarios encargados de adelantar las investigaciones penales al interior de la Fiscal\u00eda General de la Naci\u00f3n. Para el momento de la divulgaci\u00f3n de este comunicado, la situaci\u00f3n jur\u00eddica de la(s) persona(s) relacionada(s) se encuentra pendiente de resolver por la autoridad judicial competente, siempre bajo los preceptos de la presunci\u00f3n de inocencia, consagrados en el art\u00edculo 29 de la Constituci\u00f3n Pol\u00edtica y el art\u00edculo 7\u00ba de la Ley 906 de 2004.\u00a0<\/i>\u00a0\u00a0<u><\/u>\u00a0<u><\/u><\/p>\n<\/div>\n<\/div>\n<div dir=\"ltr\">\n<div id=\"m_3321735774480372729m_1021044626003247278m_2783599231606700635divtagdefaultwrapper\" dir=\"ltr\">\n<p style=\"text-align: left;\">\n<\/div>\n<\/div>\n<\/div>\n<\/div>\n<\/div>\n\n<div class=\"twitter-share\"><a href=\"https:\/\/twitter.com\/intent\/tweet?via=fiscaliacol\" class=\"twitter-share-button\">Tweet<\/a><\/div>\n","protected":false},"excerpt":{"rendered":"<p>Como\u00a0Jos\u00e9 Manuel Vega Zorro\u00a0y\u00a0Darwin Esteban Garc\u00eda G\u00f3mez\u00a0fueron identificados los dos hombres capturados en flagrancia minutos despu\u00e9s de que, al parecer,\u00a0hurtaron\u00a0un celular a su v\u00edctima, quien estaba us\u00e1ndolo en una calle de la vereda Aguamaco del municipio de Tauramena, en Casanare. El pasado 17 de junio, los dos capturados habr\u00edan llegado hasta una esquina donde lo [&hellip;]<\/p>\n","protected":false},"author":175,"featured_media":0,"comment_status":"closed","ping_status":"open","sticky":false,"template":"","format":"standard","meta":{"tdm_status":"","tdm_grid_status":"","footnotes":""},"categories":[1,16751,24099],"tags":[924,1047,7451,1185],"class_list":{"0":"post-251401","1":"post","2":"type-post","3":"status-publish","4":"format-standard","6":"category-noticias","7":"category-seccional-casanare","8":"category-seguridad-territorial","9":"tag-captura","10":"tag-fiscalia-general-de-la-nacion","11":"tag-hurto-calificado-y-agravado","12":"tag-medida-de-aseguramiento"},"yoast_head":"<!-- This site is optimized with the Yoast SEO plugin v24.3 - https:\/\/yoast.com\/wordpress\/plugins\/seo\/ -->\n<title>Fiscal\u00eda General de la Naci\u00f3n<\/title>\n<meta name=\"description\" content=\"P\u00e1gina oficial de la Fiscal\u00eda General de la Naci\u00f3n \u2013 Colombia. Garantizamos el acceso efectivo a la justicia, la verdad y la reparaci\u00f3n de las v\u00edctimas de los delitos.\" \/>\n<meta name=\"robots\" content=\"noindex, follow\" \/>\n<meta property=\"og:locale\" content=\"es_ES\" \/>\n<meta property=\"og:type\" content=\"article\" \/>\n<meta property=\"og:title\" content=\"Fiscal\u00eda General de la Naci\u00f3n\" \/>\n<meta property=\"og:description\" content=\"P\u00e1gina oficial de la Fiscal\u00eda General de la Naci\u00f3n \u2013 Colombia. Garantizamos el acceso efectivo a la justicia, la verdad y la reparaci\u00f3n de las v\u00edctimas de los delitos.\" \/>\n<meta property=\"og:url\" content=\"https:\/\/www.fiscalia.gov.co\/colombia\/noticias\/capturados-en-flagrancia-y-enviados-a-la-carcel-dos-hombres-por-el-delito-de-hurto-calificado-y-agravado\/\" \/>\n<meta property=\"og:site_name\" content=\"Fiscal\u00eda General de la Naci\u00f3n\" \/>\n<meta property=\"article:publisher\" content=\"https:\/\/www.facebook.com\/FiscaliaCol\" \/>\n<meta property=\"article:published_time\" content=\"2022-06-23T21:51:32+00:00\" \/>\n<meta property=\"og:image\" content=\"https:\/\/www.fiscalia.gov.co\/colombia\/wp-content\/uploads\/foto-1-5.jpeg\" \/>\n<meta name=\"author\" content=\"Katherine Loaiza Mart\u00ednez\" \/>\n<meta name=\"twitter:card\" content=\"summary_large_image\" \/>\n<meta name=\"twitter:creator\" content=\"@FiscaliaCol\" \/>\n<meta name=\"twitter:site\" content=\"@FiscaliaCol\" \/>\n<meta name=\"twitter:label1\" content=\"Escrito por\" \/>\n\t<meta name=\"twitter:data1\" content=\"Katherine Loaiza Mart\u00ednez\" \/>\n\t<meta name=\"twitter:label2\" content=\"Tiempo de lectura\" \/>\n\t<meta name=\"twitter:data2\" content=\"2 minutos\" \/>\n<script type=\"application\/ld+json\" class=\"yoast-schema-graph\">{\"@context\":\"https:\/\/schema.org\",\"@graph\":[{\"@type\":\"Article\",\"@id\":\"https:\/\/www.fiscalia.gov.co\/colombia\/noticias\/capturados-en-flagrancia-y-enviados-a-la-carcel-dos-hombres-por-el-delito-de-hurto-calificado-y-agravado\/#article\",\"isPartOf\":{\"@id\":\"https:\/\/www.fiscalia.gov.co\/colombia\/noticias\/capturados-en-flagrancia-y-enviados-a-la-carcel-dos-hombres-por-el-delito-de-hurto-calificado-y-agravado\/\"},\"author\":{\"name\":\"Katherine Loaiza Mart\u00ednez\",\"@id\":\"https:\/\/www.fiscalia.gov.co\/colombia\/#\/schema\/person\/2e76b9aba5ecf875ed565ce4de0e0415\"},\"headline\":\"Capturados en flagrancia y enviados a la c\u00e1rcel dos hombres por el delito de hurto calificado y agravado\",\"datePublished\":\"2022-06-23T21:51:32+00:00\",\"dateModified\":\"2022-06-23T21:51:32+00:00\",\"mainEntityOfPage\":{\"@id\":\"https:\/\/www.fiscalia.gov.co\/colombia\/noticias\/capturados-en-flagrancia-y-enviados-a-la-carcel-dos-hombres-por-el-delito-de-hurto-calificado-y-agravado\/\"},\"wordCount\":345,\"publisher\":{\"@id\":\"https:\/\/www.fiscalia.gov.co\/colombia\/#organization\"},\"image\":{\"@id\":\"https:\/\/www.fiscalia.gov.co\/colombia\/noticias\/capturados-en-flagrancia-y-enviados-a-la-carcel-dos-hombres-por-el-delito-de-hurto-calificado-y-agravado\/#primaryimage\"},\"thumbnailUrl\":\"https:\/\/www.fiscalia.gov.co\/colombia\/wp-content\/uploads\/foto-1-5.jpeg\",\"keywords\":[\"Captura\",\"Fiscal\u00eda General de la Naci\u00f3n\",\"hurto calificado y agravado\",\"Medida de aseguramiento\"],\"articleSection\":[\"Noticias\",\"Seccional Casanare\",\"Seguridad territorial\"],\"inLanguage\":\"es-CO\"},{\"@type\":\"WebPage\",\"@id\":\"https:\/\/www.fiscalia.gov.co\/colombia\/noticias\/capturados-en-flagrancia-y-enviados-a-la-carcel-dos-hombres-por-el-delito-de-hurto-calificado-y-agravado\/\",\"url\":\"https:\/\/www.fiscalia.gov.co\/colombia\/noticias\/capturados-en-flagrancia-y-enviados-a-la-carcel-dos-hombres-por-el-delito-de-hurto-calificado-y-agravado\/\",\"name\":\"Fiscal\u00eda General de la Naci\u00f3n\",\"isPartOf\":{\"@id\":\"https:\/\/www.fiscalia.gov.co\/colombia\/#website\"},\"primaryImageOfPage\":{\"@id\":\"https:\/\/www.fiscalia.gov.co\/colombia\/noticias\/capturados-en-flagrancia-y-enviados-a-la-carcel-dos-hombres-por-el-delito-de-hurto-calificado-y-agravado\/#primaryimage\"},\"image\":{\"@id\":\"https:\/\/www.fiscalia.gov.co\/colombia\/noticias\/capturados-en-flagrancia-y-enviados-a-la-carcel-dos-hombres-por-el-delito-de-hurto-calificado-y-agravado\/#primaryimage\"},\"thumbnailUrl\":\"https:\/\/www.fiscalia.gov.co\/colombia\/wp-content\/uploads\/foto-1-5.jpeg\",\"datePublished\":\"2022-06-23T21:51:32+00:00\",\"dateModified\":\"2022-06-23T21:51:32+00:00\",\"description\":\"P\u00e1gina oficial de la Fiscal\u00eda General de la Naci\u00f3n \u2013 Colombia. Garantizamos el acceso efectivo a la justicia, la verdad y la reparaci\u00f3n de las v\u00edctimas de los delitos.\",\"breadcrumb\":{\"@id\":\"https:\/\/www.fiscalia.gov.co\/colombia\/noticias\/capturados-en-flagrancia-y-enviados-a-la-carcel-dos-hombres-por-el-delito-de-hurto-calificado-y-agravado\/#breadcrumb\"},\"inLanguage\":\"es-CO\",\"potentialAction\":[{\"@type\":\"ReadAction\",\"target\":[\"https:\/\/www.fiscalia.gov.co\/colombia\/noticias\/capturados-en-flagrancia-y-enviados-a-la-carcel-dos-hombres-por-el-delito-de-hurto-calificado-y-agravado\/\"]}]},{\"@type\":\"ImageObject\",\"inLanguage\":\"es-CO\",\"@id\":\"https:\/\/www.fiscalia.gov.co\/colombia\/noticias\/capturados-en-flagrancia-y-enviados-a-la-carcel-dos-hombres-por-el-delito-de-hurto-calificado-y-agravado\/#primaryimage\",\"url\":\"https:\/\/www.fiscalia.gov.co\/colombia\/wp-content\/uploads\/foto-1-5.jpeg\",\"contentUrl\":\"https:\/\/www.fiscalia.gov.co\/colombia\/wp-content\/uploads\/foto-1-5.jpeg\",\"width\":1280,\"height\":960,\"caption\":\"Los capturados\u00a0Jos\u00e9 Manuel Vega Zorro y Darwin Esteban Garc\u00eda G\u00f3mez, deber\u00e1n responder\u00a0por el delito de hurto calificado y agravado.\"},{\"@type\":\"BreadcrumbList\",\"@id\":\"https:\/\/www.fiscalia.gov.co\/colombia\/noticias\/capturados-en-flagrancia-y-enviados-a-la-carcel-dos-hombres-por-el-delito-de-hurto-calificado-y-agravado\/#breadcrumb\",\"itemListElement\":[{\"@type\":\"ListItem\",\"position\":1,\"name\":\"Home\",\"item\":\"https:\/\/www.fiscalia.gov.co\/colombia\/\"},{\"@type\":\"ListItem\",\"position\":2,\"name\":\"Capturados en flagrancia y enviados a la c\u00e1rcel dos hombres por el delito de hurto calificado y agravado\"}]},{\"@type\":\"WebSite\",\"@id\":\"https:\/\/www.fiscalia.gov.co\/colombia\/#website\",\"url\":\"https:\/\/www.fiscalia.gov.co\/colombia\/\",\"name\":\"Fiscal\u00eda General de la Naci\u00f3n\",\"description\":\"P\u00e1gina oficial de la Fiscal\u00eda General de la Naci\u00f3n \u2013 Colombia. Garantizamos el acceso efectivo a la justicia, la verdad y la reparaci\u00f3n de las v\u00edctimas de los delitos.\",\"publisher\":{\"@id\":\"https:\/\/www.fiscalia.gov.co\/colombia\/#organization\"},\"potentialAction\":[{\"@type\":\"SearchAction\",\"target\":{\"@type\":\"EntryPoint\",\"urlTemplate\":\"https:\/\/www.fiscalia.gov.co\/colombia\/?s={search_term_string}\"},\"query-input\":{\"@type\":\"PropertyValueSpecification\",\"valueRequired\":true,\"valueName\":\"search_term_string\"}}],\"inLanguage\":\"es-CO\"},{\"@type\":\"Organization\",\"@id\":\"https:\/\/www.fiscalia.gov.co\/colombia\/#organization\",\"name\":\"Fiscal\u00eda General de la Naci\u00f3n\",\"url\":\"https:\/\/www.fiscalia.gov.co\/colombia\/\",\"logo\":{\"@type\":\"ImageObject\",\"inLanguage\":\"es-CO\",\"@id\":\"https:\/\/www.fiscalia.gov.co\/colombia\/#\/schema\/logo\/image\/\",\"url\":\"https:\/\/www.fiscalia.gov.co\/colombia\/wp-content\/uploads\/LogoHorizontal_1.jpg\",\"contentUrl\":\"https:\/\/www.fiscalia.gov.co\/colombia\/wp-content\/uploads\/LogoHorizontal_1.jpg\",\"width\":300,\"height\":90,\"caption\":\"Fiscal\u00eda General de la Naci\u00f3n\"},\"image\":{\"@id\":\"https:\/\/www.fiscalia.gov.co\/colombia\/#\/schema\/logo\/image\/\"},\"sameAs\":[\"https:\/\/www.facebook.com\/FiscaliaCol\",\"https:\/\/x.com\/FiscaliaCol\",\"https:\/\/www.instagram.com\/fiscaliacol\",\"https:\/\/www.linkedin.com\/company\/fiscalia-general-de-la-naci-n\/\",\"https:\/\/youtube.com\/@fiscaliageneraldelanacion-4668?si=6nN79nyQICPU5iTh\"]},{\"@type\":\"Person\",\"@id\":\"https:\/\/www.fiscalia.gov.co\/colombia\/#\/schema\/person\/2e76b9aba5ecf875ed565ce4de0e0415\",\"name\":\"Katherine Loaiza Mart\u00ednez\",\"image\":{\"@type\":\"ImageObject\",\"inLanguage\":\"es-CO\",\"@id\":\"https:\/\/www.fiscalia.gov.co\/colombia\/#\/schema\/person\/image\/\",\"url\":\"https:\/\/secure.gravatar.com\/avatar\/ab775a2f394c1b83b6d6f78680e57b50?s=96&d=mm&r=g\",\"contentUrl\":\"https:\/\/secure.gravatar.com\/avatar\/ab775a2f394c1b83b6d6f78680e57b50?s=96&d=mm&r=g\",\"caption\":\"Katherine Loaiza Mart\u00ednez\"},\"url\":\"https:\/\/www.fiscalia.gov.co\/colombia\/author\/kloaiza\/\"}]}<\/script>\n<!-- \/ Yoast SEO plugin. -->","yoast_head_json":{"title":"Fiscal\u00eda General de la Naci\u00f3n","description":"P\u00e1gina oficial de la Fiscal\u00eda General de la Naci\u00f3n \u2013 Colombia. Garantizamos el acceso efectivo a la justicia, la verdad y la reparaci\u00f3n de las v\u00edctimas de los delitos.","robots":{"index":"noindex","follow":"follow"},"og_locale":"es_ES","og_type":"article","og_title":"Fiscal\u00eda General de la Naci\u00f3n","og_description":"P\u00e1gina oficial de la Fiscal\u00eda General de la Naci\u00f3n \u2013 Colombia. Garantizamos el acceso efectivo a la justicia, la verdad y la reparaci\u00f3n de las v\u00edctimas de los delitos.","og_url":"https:\/\/www.fiscalia.gov.co\/colombia\/noticias\/capturados-en-flagrancia-y-enviados-a-la-carcel-dos-hombres-por-el-delito-de-hurto-calificado-y-agravado\/","og_site_name":"Fiscal\u00eda General de la Naci\u00f3n","article_publisher":"https:\/\/www.facebook.com\/FiscaliaCol","article_published_time":"2022-06-23T21:51:32+00:00","og_image":[{"url":"https:\/\/www.fiscalia.gov.co\/colombia\/wp-content\/uploads\/foto-1-5.jpeg","type":"","width":"","height":""}],"author":"Katherine Loaiza Mart\u00ednez","twitter_card":"summary_large_image","twitter_creator":"@FiscaliaCol","twitter_site":"@FiscaliaCol","twitter_misc":{"Escrito por":"Katherine Loaiza Mart\u00ednez","Tiempo de lectura":"2 minutos"},"schema":{"@context":"https:\/\/schema.org","@graph":[{"@type":"Article","@id":"https:\/\/www.fiscalia.gov.co\/colombia\/noticias\/capturados-en-flagrancia-y-enviados-a-la-carcel-dos-hombres-por-el-delito-de-hurto-calificado-y-agravado\/#article","isPartOf":{"@id":"https:\/\/www.fiscalia.gov.co\/colombia\/noticias\/capturados-en-flagrancia-y-enviados-a-la-carcel-dos-hombres-por-el-delito-de-hurto-calificado-y-agravado\/"},"author":{"name":"Katherine Loaiza Mart\u00ednez","@id":"https:\/\/www.fiscalia.gov.co\/colombia\/#\/schema\/person\/2e76b9aba5ecf875ed565ce4de0e0415"},"headline":"Capturados en flagrancia y enviados a la c\u00e1rcel dos hombres por el delito de hurto calificado y agravado","datePublished":"2022-06-23T21:51:32+00:00","dateModified":"2022-06-23T21:51:32+00:00","mainEntityOfPage":{"@id":"https:\/\/www.fiscalia.gov.co\/colombia\/noticias\/capturados-en-flagrancia-y-enviados-a-la-carcel-dos-hombres-por-el-delito-de-hurto-calificado-y-agravado\/"},"wordCount":345,"publisher":{"@id":"https:\/\/www.fiscalia.gov.co\/colombia\/#organization"},"image":{"@id":"https:\/\/www.fiscalia.gov.co\/colombia\/noticias\/capturados-en-flagrancia-y-enviados-a-la-carcel-dos-hombres-por-el-delito-de-hurto-calificado-y-agravado\/#primaryimage"},"thumbnailUrl":"https:\/\/www.fiscalia.gov.co\/colombia\/wp-content\/uploads\/foto-1-5.jpeg","keywords":["Captura","Fiscal\u00eda General de la Naci\u00f3n","hurto calificado y agravado","Medida de aseguramiento"],"articleSection":["Noticias","Seccional Casanare","Seguridad territorial"],"inLanguage":"es-CO"},{"@type":"WebPage","@id":"https:\/\/www.fiscalia.gov.co\/colombia\/noticias\/capturados-en-flagrancia-y-enviados-a-la-carcel-dos-hombres-por-el-delito-de-hurto-calificado-y-agravado\/","url":"https:\/\/www.fiscalia.gov.co\/colombia\/noticias\/capturados-en-flagrancia-y-enviados-a-la-carcel-dos-hombres-por-el-delito-de-hurto-calificado-y-agravado\/","name":"Fiscal\u00eda General de la Naci\u00f3n","isPartOf":{"@id":"https:\/\/www.fiscalia.gov.co\/colombia\/#website"},"primaryImageOfPage":{"@id":"https:\/\/www.fiscalia.gov.co\/colombia\/noticias\/capturados-en-flagrancia-y-enviados-a-la-carcel-dos-hombres-por-el-delito-de-hurto-calificado-y-agravado\/#primaryimage"},"image":{"@id":"https:\/\/www.fiscalia.gov.co\/colombia\/noticias\/capturados-en-flagrancia-y-enviados-a-la-carcel-dos-hombres-por-el-delito-de-hurto-calificado-y-agravado\/#primaryimage"},"thumbnailUrl":"https:\/\/www.fiscalia.gov.co\/colombia\/wp-content\/uploads\/foto-1-5.jpeg","datePublished":"2022-06-23T21:51:32+00:00","dateModified":"2022-06-23T21:51:32+00:00","description":"P\u00e1gina oficial de la Fiscal\u00eda General de la Naci\u00f3n \u2013 Colombia. Garantizamos el acceso efectivo a la justicia, la verdad y la reparaci\u00f3n de las v\u00edctimas de los delitos.","breadcrumb":{"@id":"https:\/\/www.fiscalia.gov.co\/colombia\/noticias\/capturados-en-flagrancia-y-enviados-a-la-carcel-dos-hombres-por-el-delito-de-hurto-calificado-y-agravado\/#breadcrumb"},"inLanguage":"es-CO","potentialAction":[{"@type":"ReadAction","target":["https:\/\/www.fiscalia.gov.co\/colombia\/noticias\/capturados-en-flagrancia-y-enviados-a-la-carcel-dos-hombres-por-el-delito-de-hurto-calificado-y-agravado\/"]}]},{"@type":"ImageObject","inLanguage":"es-CO","@id":"https:\/\/www.fiscalia.gov.co\/colombia\/noticias\/capturados-en-flagrancia-y-enviados-a-la-carcel-dos-hombres-por-el-delito-de-hurto-calificado-y-agravado\/#primaryimage","url":"https:\/\/www.fiscalia.gov.co\/colombia\/wp-content\/uploads\/foto-1-5.jpeg","contentUrl":"https:\/\/www.fiscalia.gov.co\/colombia\/wp-content\/uploads\/foto-1-5.jpeg","width":1280,"height":960,"caption":"Los capturados\u00a0Jos\u00e9 Manuel Vega Zorro y Darwin Esteban Garc\u00eda G\u00f3mez, deber\u00e1n responder\u00a0por el delito de hurto calificado y agravado."},{"@type":"BreadcrumbList","@id":"https:\/\/www.fiscalia.gov.co\/colombia\/noticias\/capturados-en-flagrancia-y-enviados-a-la-carcel-dos-hombres-por-el-delito-de-hurto-calificado-y-agravado\/#breadcrumb","itemListElement":[{"@type":"ListItem","position":1,"name":"Home","item":"https:\/\/www.fiscalia.gov.co\/colombia\/"},{"@type":"ListItem","position":2,"name":"Capturados en flagrancia y enviados a la c\u00e1rcel dos hombres por el delito de hurto calificado y agravado"}]},{"@type":"WebSite","@id":"https:\/\/www.fiscalia.gov.co\/colombia\/#website","url":"https:\/\/www.fiscalia.gov.co\/colombia\/","name":"Fiscal\u00eda General de la Naci\u00f3n","description":"P\u00e1gina oficial de la Fiscal\u00eda General de la Naci\u00f3n \u2013 Colombia. Garantizamos el acceso efectivo a la justicia, la verdad y la reparaci\u00f3n de las v\u00edctimas de los delitos.","publisher":{"@id":"https:\/\/www.fiscalia.gov.co\/colombia\/#organization"},"potentialAction":[{"@type":"SearchAction","target":{"@type":"EntryPoint","urlTemplate":"https:\/\/www.fiscalia.gov.co\/colombia\/?s={search_term_string}"},"query-input":{"@type":"PropertyValueSpecification","valueRequired":true,"valueName":"search_term_string"}}],"inLanguage":"es-CO"},{"@type":"Organization","@id":"https:\/\/www.fiscalia.gov.co\/colombia\/#organization","name":"Fiscal\u00eda General de la Naci\u00f3n","url":"https:\/\/www.fiscalia.gov.co\/colombia\/","logo":{"@type":"ImageObject","inLanguage":"es-CO","@id":"https:\/\/www.fiscalia.gov.co\/colombia\/#\/schema\/logo\/image\/","url":"https:\/\/www.fiscalia.gov.co\/colombia\/wp-content\/uploads\/LogoHorizontal_1.jpg","contentUrl":"https:\/\/www.fiscalia.gov.co\/colombia\/wp-content\/uploads\/LogoHorizontal_1.jpg","width":300,"height":90,"caption":"Fiscal\u00eda General de la Naci\u00f3n"},"image":{"@id":"https:\/\/www.fiscalia.gov.co\/colombia\/#\/schema\/logo\/image\/"},"sameAs":["https:\/\/www.facebook.com\/FiscaliaCol","https:\/\/x.com\/FiscaliaCol","https:\/\/www.instagram.com\/fiscaliacol","https:\/\/www.linkedin.com\/company\/fiscalia-general-de-la-naci-n\/","https:\/\/youtube.com\/@fiscaliageneraldelanacion-4668?si=6nN79nyQICPU5iTh"]},{"@type":"Person","@id":"https:\/\/www.fiscalia.gov.co\/colombia\/#\/schema\/person\/2e76b9aba5ecf875ed565ce4de0e0415","name":"Katherine Loaiza Mart\u00ednez","image":{"@type":"ImageObject","inLanguage":"es-CO","@id":"https:\/\/www.fiscalia.gov.co\/colombia\/#\/schema\/person\/image\/","url":"https:\/\/secure.gravatar.com\/avatar\/ab775a2f394c1b83b6d6f78680e57b50?s=96&d=mm&r=g","contentUrl":"https:\/\/secure.gravatar.com\/avatar\/ab775a2f394c1b83b6d6f78680e57b50?s=96&d=mm&r=g","caption":"Katherine Loaiza Mart\u00ednez"},"url":"https:\/\/www.fiscalia.gov.co\/colombia\/author\/kloaiza\/"}]}},"_links":{"self":[{"href":"https:\/\/www.fiscalia.gov.co\/colombia\/wp-json\/wp\/v2\/posts\/251401","targetHints":{"allow":["GET"]}}],"collection":[{"href":"https:\/\/www.fiscalia.gov.co\/colombia\/wp-json\/wp\/v2\/posts"}],"about":[{"href":"https:\/\/www.fiscalia.gov.co\/colombia\/wp-json\/wp\/v2\/types\/post"}],"author":[{"embeddable":true,"href":"https:\/\/www.fiscalia.gov.co\/colombia\/wp-json\/wp\/v2\/users\/175"}],"replies":[{"embeddable":true,"href":"https:\/\/www.fiscalia.gov.co\/colombia\/wp-json\/wp\/v2\/comments?post=251401"}],"version-history":[{"count":1,"href":"https:\/\/www.fiscalia.gov.co\/colombia\/wp-json\/wp\/v2\/posts\/251401\/revisions"}],"predecessor-version":[{"id":251403,"href":"https:\/\/www.fiscalia.gov.co\/colombia\/wp-json\/wp\/v2\/posts\/251401\/revisions\/251403"}],"wp:attachment":[{"href":"https:\/\/www.fiscalia.gov.co\/colombia\/wp-json\/wp\/v2\/media?parent=251401"}],"wp:term":[{"taxonomy":"category","embeddable":true,"href":"https:\/\/www.fiscalia.gov.co\/colombia\/wp-json\/wp\/v2\/categories?post=251401"},{"taxonomy":"post_tag","embeddable":true,"href":"https:\/\/www.fiscalia.gov.co\/colombia\/wp-json\/wp\/v2\/tags?post=251401"}],"curies":[{"name":"wp","href":"https:\/\/api.w.org\/{rel}","templated":true}]}}