{"id":251273,"date":"2022-06-22T10:59:06","date_gmt":"2022-06-22T15:59:06","guid":{"rendered":"https:\/\/www.fiscalia.gov.co\/colombia\/?p=251273"},"modified":"2022-06-22T10:59:06","modified_gmt":"2022-06-22T15:59:06","slug":"fiscalia-radico-escrito-de-acusacion-en-contra-del-alcalde-de-ibague-quien-habria-utilizado-el-estadio-de-la-ciudad-para-celebrar-el-cumpleanos-a-su-hijo","status":"publish","type":"post","link":"https:\/\/www.fiscalia.gov.co\/colombia\/noticias\/fiscalia-radico-escrito-de-acusacion-en-contra-del-alcalde-de-ibague-quien-habria-utilizado-el-estadio-de-la-ciudad-para-celebrar-el-cumpleanos-a-su-hijo\/","title":{"rendered":"Fiscal\u00eda radic\u00f3 escrito de acusaci\u00f3n en contra del alcalde de Ibagu\u00e9 quien habr\u00eda utilizado el estadio de la ciudad para celebrar el cumplea\u00f1os a su hijo"},"content":{"rendered":"<blockquote>\n<h4 style=\"font-weight: 400; text-align: left;\"><strong><em>Por estos mismos hechos est\u00e1 siendo investigado el gerente del Instituto Municipal para el Deporte y la Recreaci\u00f3n (Imdri), Alejandro Ortiz Ortiz.:<\/em><\/strong><\/h4>\n<\/blockquote>\n<p style=\"font-weight: 400;\">\n<p style=\"font-weight: 400;\">La Fiscal\u00eda General de la Naci\u00f3n radic\u00f3 escrito de acusaci\u00f3n en contra del alcalde de Ibagu\u00e9, Andr\u00e9s Hurtado Barrera, y el gerente del Instituto Municipal para el Deporte y la Recreaci\u00f3n (Imdri), Alejandro Ortiz Ortiz, por haber utilizado, presuntamente, el Estadio de la ciudad para festejarle los cumplea\u00f1os al hijo del mandatario.<\/p>\n<p style=\"font-weight: 400;\">Los funcionarios fueron imputados en mayo pasado por el delito de peculado por uso en calidad de coautores por un delegado de la Unidad de Administraci\u00f3n P\u00fablica de la Fiscal\u00eda Seccional Tolima.<\/p>\n<p style=\"font-weight: 400;\"><strong>Los hechos<\/strong><\/p>\n<p style=\"font-weight: 400;\">De acuerdo con el material probatorio recaudado por la polic\u00eda judicial del Cuerpo T\u00e9cnico de Investigaci\u00f3n (CTI), el 6 de marzo de 2021, el escenario deportivo de los ibaguere\u00f1os habr\u00eda sido usado de forma indebida e injustificada para realizar el agasajo.<\/p>\n<p style=\"font-weight: 400;\">Las evidencias dan cuenta que hubo un partido de f\u00fatbol entre menores de edad, el cual fue narrado por periodistas deportivos y fue dirigido por miembros de la Escuela de \u00c1rbitros del Tolima.<\/p>\n<p style=\"font-weight: 400;\">As\u00ed mismo, que se habr\u00edan presentado otras irregularidades como que en el denominado camerino azul se llev\u00f3 a cabo la fiesta con repartici\u00f3n de comida, torta y regalos. Adem\u00e1s, se us\u00f3 un \u00e1rea del estadio como parqueadero de veh\u00edculos, la cual no est\u00e1 habilitada para ese fin.<\/p>\n<p style=\"font-weight: 400;\">\n<p style=\"font-weight: 400;\">Al evento, al parecer, asisti\u00f3 aparte de la familia del mandatario, allegados, funcionarios de su administraci\u00f3n y el gerente del Imdri, entre otros invitados.<\/p>\n<p style=\"font-weight: 400;\">La Fiscal\u00eda habla con resultados.<\/p>\n<p style=\"font-weight: 400;\">\n<p style=\"font-weight: 400;\">PAAM\/\/CSL\/DST \/FAGH<\/p>\n<p style=\"font-weight: 400;\"><em>La informaci\u00f3n contenida en este bolet\u00edn de prensa corresponde a la narraci\u00f3n de los hechos noticiosos objetivos, suministrados por los funcionarios encargados de adelantar las investigaciones penales al interior de la Fiscal\u00eda General de la Naci\u00f3n. Para el momento de la divulgaci\u00f3n de este comunicado, la situaci\u00f3n jur\u00eddica de la(s) persona(s) relacionada(s) se encuentra pendiente de resolver por la autoridad judicial competente, siempre bajo los preceptos de la presunci\u00f3n de inocencia, consagrados en el art\u00edculo 29 de la Constituci\u00f3n Pol\u00edtica y el art\u00edculo 7\u00ba de la Ley 906 de 2004.\u00a0<\/em><\/p>\n\n<div class=\"twitter-share\"><a href=\"https:\/\/twitter.com\/intent\/tweet?via=fiscaliacol\" class=\"twitter-share-button\">Tweet<\/a><\/div>\n","protected":false},"excerpt":{"rendered":"<p>Por estos mismos hechos est\u00e1 siendo investigado el gerente del Instituto Municipal para el Deporte y la Recreaci\u00f3n (Imdri), Alejandro Ortiz Ortiz.: La Fiscal\u00eda General de la Naci\u00f3n radic\u00f3 escrito de acusaci\u00f3n en contra del alcalde de Ibagu\u00e9, Andr\u00e9s Hurtado Barrera, y el gerente del Instituto Municipal para el Deporte y la Recreaci\u00f3n (Imdri), Alejandro [&hellip;]<\/p>\n","protected":false},"author":175,"featured_media":0,"comment_status":"closed","ping_status":"open","sticky":false,"template":"","format":"standard","meta":{"_price":"","_stock":"","_tribe_ticket_header":"","_tribe_default_ticket_provider":"","_tribe_ticket_capacity":"0","_ticket_start_date":"","_ticket_end_date":"","_tribe_ticket_show_description":"","_tribe_ticket_show_not_going":false,"_tribe_ticket_use_global_stock":"","_tribe_ticket_global_stock_level":"","_global_stock_mode":"","_global_stock_cap":"","_tribe_rsvp_for_event":"","_tribe_ticket_going_count":"","_tribe_ticket_not_going_count":"","_tribe_tickets_list":"[]","_tribe_ticket_has_attendee_info_fields":false,"tdm_status":"","tdm_grid_status":"","footnotes":""},"categories":[24107,24097,1,832],"tags":[24189,24526],"class_list":{"0":"post-251273","1":"post","2":"type-post","3":"status-publish","4":"format-standard","6":"category-lucha-contra-corrupcion","7":"category-corrupcion","8":"category-noticias","9":"category-contratos-ibague","10":"tag-fiscal-francisco-barbosa-delgado","11":"tag-fiscal-general-francisco-barbosa-delgado"},"yoast_head":"<!-- This site is optimized with the Yoast SEO plugin v24.3 - https:\/\/yoast.com\/wordpress\/plugins\/seo\/ -->\n<title>Fiscal\u00eda General de la Naci\u00f3n<\/title>\n<meta name=\"description\" content=\"P\u00e1gina oficial de la Fiscal\u00eda General de la Naci\u00f3n \u2013 Colombia. Garantizamos el acceso efectivo a la justicia, la verdad y la reparaci\u00f3n de las v\u00edctimas de los delitos.\" \/>\n<meta name=\"robots\" content=\"noindex, follow\" \/>\n<meta property=\"og:locale\" content=\"es_ES\" \/>\n<meta property=\"og:type\" content=\"article\" \/>\n<meta property=\"og:title\" content=\"Fiscal\u00eda General de la Naci\u00f3n\" \/>\n<meta property=\"og:description\" content=\"P\u00e1gina oficial de la Fiscal\u00eda General de la Naci\u00f3n \u2013 Colombia. Garantizamos el acceso efectivo a la justicia, la verdad y la reparaci\u00f3n de las v\u00edctimas de los delitos.\" \/>\n<meta property=\"og:url\" content=\"https:\/\/www.fiscalia.gov.co\/colombia\/noticias\/fiscalia-radico-escrito-de-acusacion-en-contra-del-alcalde-de-ibague-quien-habria-utilizado-el-estadio-de-la-ciudad-para-celebrar-el-cumpleanos-a-su-hijo\/\" \/>\n<meta property=\"og:site_name\" content=\"Fiscal\u00eda General de la Naci\u00f3n\" \/>\n<meta property=\"article:publisher\" content=\"https:\/\/www.facebook.com\/FiscaliaCol\" \/>\n<meta property=\"article:published_time\" content=\"2022-06-22T15:59:06+00:00\" \/>\n<meta name=\"author\" content=\"Katherine Loaiza Mart\u00ednez\" \/>\n<meta name=\"twitter:card\" content=\"summary_large_image\" \/>\n<meta name=\"twitter:creator\" content=\"@FiscaliaCol\" \/>\n<meta name=\"twitter:site\" content=\"@FiscaliaCol\" \/>\n<meta name=\"twitter:label1\" content=\"Escrito por\" \/>\n\t<meta name=\"twitter:data1\" content=\"Katherine Loaiza Mart\u00ednez\" \/>\n\t<meta name=\"twitter:label2\" content=\"Tiempo de lectura\" \/>\n\t<meta name=\"twitter:data2\" content=\"2 minutos\" \/>\n<script type=\"application\/ld+json\" class=\"yoast-schema-graph\">{\"@context\":\"https:\/\/schema.org\",\"@graph\":[{\"@type\":\"Article\",\"@id\":\"https:\/\/www.fiscalia.gov.co\/colombia\/noticias\/fiscalia-radico-escrito-de-acusacion-en-contra-del-alcalde-de-ibague-quien-habria-utilizado-el-estadio-de-la-ciudad-para-celebrar-el-cumpleanos-a-su-hijo\/#article\",\"isPartOf\":{\"@id\":\"https:\/\/www.fiscalia.gov.co\/colombia\/noticias\/fiscalia-radico-escrito-de-acusacion-en-contra-del-alcalde-de-ibague-quien-habria-utilizado-el-estadio-de-la-ciudad-para-celebrar-el-cumpleanos-a-su-hijo\/\"},\"author\":{\"name\":\"Katherine Loaiza Mart\u00ednez\",\"@id\":\"https:\/\/www.fiscalia.gov.co\/colombia\/#\/schema\/person\/2e76b9aba5ecf875ed565ce4de0e0415\"},\"headline\":\"Fiscal\u00eda radic\u00f3 escrito de acusaci\u00f3n en contra del alcalde de Ibagu\u00e9 quien habr\u00eda utilizado el estadio de la ciudad para celebrar el cumplea\u00f1os a su hijo\",\"datePublished\":\"2022-06-22T15:59:06+00:00\",\"dateModified\":\"2022-06-22T15:59:06+00:00\",\"mainEntityOfPage\":{\"@id\":\"https:\/\/www.fiscalia.gov.co\/colombia\/noticias\/fiscalia-radico-escrito-de-acusacion-en-contra-del-alcalde-de-ibague-quien-habria-utilizado-el-estadio-de-la-ciudad-para-celebrar-el-cumpleanos-a-su-hijo\/\"},\"wordCount\":414,\"publisher\":{\"@id\":\"https:\/\/www.fiscalia.gov.co\/colombia\/#organization\"},\"keywords\":[\"Fiscal Francisco Barbosa Delgado\",\"Fiscal General Francisco Barbosa Delgado\"],\"articleSection\":[\"Corrupci\u00f3n\",\"Corrupci\u00f3n\",\"Noticias\",\"Procesos Ibagu\u00e9\"],\"inLanguage\":\"es-CO\"},{\"@type\":\"WebPage\",\"@id\":\"https:\/\/www.fiscalia.gov.co\/colombia\/noticias\/fiscalia-radico-escrito-de-acusacion-en-contra-del-alcalde-de-ibague-quien-habria-utilizado-el-estadio-de-la-ciudad-para-celebrar-el-cumpleanos-a-su-hijo\/\",\"url\":\"https:\/\/www.fiscalia.gov.co\/colombia\/noticias\/fiscalia-radico-escrito-de-acusacion-en-contra-del-alcalde-de-ibague-quien-habria-utilizado-el-estadio-de-la-ciudad-para-celebrar-el-cumpleanos-a-su-hijo\/\",\"name\":\"Fiscal\u00eda General de la Naci\u00f3n\",\"isPartOf\":{\"@id\":\"https:\/\/www.fiscalia.gov.co\/colombia\/#website\"},\"datePublished\":\"2022-06-22T15:59:06+00:00\",\"dateModified\":\"2022-06-22T15:59:06+00:00\",\"description\":\"P\u00e1gina oficial de la Fiscal\u00eda General de la Naci\u00f3n \u2013 Colombia. Garantizamos el acceso efectivo a la justicia, la verdad y la reparaci\u00f3n de las v\u00edctimas de los delitos.\",\"breadcrumb\":{\"@id\":\"https:\/\/www.fiscalia.gov.co\/colombia\/noticias\/fiscalia-radico-escrito-de-acusacion-en-contra-del-alcalde-de-ibague-quien-habria-utilizado-el-estadio-de-la-ciudad-para-celebrar-el-cumpleanos-a-su-hijo\/#breadcrumb\"},\"inLanguage\":\"es-CO\",\"potentialAction\":[{\"@type\":\"ReadAction\",\"target\":[\"https:\/\/www.fiscalia.gov.co\/colombia\/noticias\/fiscalia-radico-escrito-de-acusacion-en-contra-del-alcalde-de-ibague-quien-habria-utilizado-el-estadio-de-la-ciudad-para-celebrar-el-cumpleanos-a-su-hijo\/\"]}]},{\"@type\":\"BreadcrumbList\",\"@id\":\"https:\/\/www.fiscalia.gov.co\/colombia\/noticias\/fiscalia-radico-escrito-de-acusacion-en-contra-del-alcalde-de-ibague-quien-habria-utilizado-el-estadio-de-la-ciudad-para-celebrar-el-cumpleanos-a-su-hijo\/#breadcrumb\",\"itemListElement\":[{\"@type\":\"ListItem\",\"position\":1,\"name\":\"Home\",\"item\":\"https:\/\/www.fiscalia.gov.co\/colombia\/\"},{\"@type\":\"ListItem\",\"position\":2,\"name\":\"Fiscal\u00eda radic\u00f3 escrito de acusaci\u00f3n en contra del alcalde de Ibagu\u00e9 quien habr\u00eda utilizado el estadio de la ciudad para celebrar el cumplea\u00f1os a su hijo\"}]},{\"@type\":\"WebSite\",\"@id\":\"https:\/\/www.fiscalia.gov.co\/colombia\/#website\",\"url\":\"https:\/\/www.fiscalia.gov.co\/colombia\/\",\"name\":\"Fiscal\u00eda General de la Naci\u00f3n\",\"description\":\"P\u00e1gina oficial de la Fiscal\u00eda General de la Naci\u00f3n \u2013 Colombia. Garantizamos el acceso efectivo a la justicia, la verdad y la reparaci\u00f3n de las v\u00edctimas de los delitos.\",\"publisher\":{\"@id\":\"https:\/\/www.fiscalia.gov.co\/colombia\/#organization\"},\"potentialAction\":[{\"@type\":\"SearchAction\",\"target\":{\"@type\":\"EntryPoint\",\"urlTemplate\":\"https:\/\/www.fiscalia.gov.co\/colombia\/?s={search_term_string}\"},\"query-input\":{\"@type\":\"PropertyValueSpecification\",\"valueRequired\":true,\"valueName\":\"search_term_string\"}}],\"inLanguage\":\"es-CO\"},{\"@type\":\"Organization\",\"@id\":\"https:\/\/www.fiscalia.gov.co\/colombia\/#organization\",\"name\":\"Fiscal\u00eda General de la Naci\u00f3n\",\"url\":\"https:\/\/www.fiscalia.gov.co\/colombia\/\",\"logo\":{\"@type\":\"ImageObject\",\"inLanguage\":\"es-CO\",\"@id\":\"https:\/\/www.fiscalia.gov.co\/colombia\/#\/schema\/logo\/image\/\",\"url\":\"https:\/\/www.fiscalia.gov.co\/colombia\/wp-content\/uploads\/LogoHorizontal_1.jpg\",\"contentUrl\":\"https:\/\/www.fiscalia.gov.co\/colombia\/wp-content\/uploads\/LogoHorizontal_1.jpg\",\"width\":300,\"height\":90,\"caption\":\"Fiscal\u00eda General de la Naci\u00f3n\"},\"image\":{\"@id\":\"https:\/\/www.fiscalia.gov.co\/colombia\/#\/schema\/logo\/image\/\"},\"sameAs\":[\"https:\/\/www.facebook.com\/FiscaliaCol\",\"https:\/\/x.com\/FiscaliaCol\",\"https:\/\/www.instagram.com\/fiscaliacol\",\"https:\/\/www.linkedin.com\/company\/fiscalia-general-de-la-naci-n\/\",\"https:\/\/youtube.com\/@fiscaliageneraldelanacion-4668?si=6nN79nyQICPU5iTh\"]},{\"@type\":\"Person\",\"@id\":\"https:\/\/www.fiscalia.gov.co\/colombia\/#\/schema\/person\/2e76b9aba5ecf875ed565ce4de0e0415\",\"name\":\"Katherine Loaiza Mart\u00ednez\",\"image\":{\"@type\":\"ImageObject\",\"inLanguage\":\"es-CO\",\"@id\":\"https:\/\/www.fiscalia.gov.co\/colombia\/#\/schema\/person\/image\/\",\"url\":\"https:\/\/secure.gravatar.com\/avatar\/ab775a2f394c1b83b6d6f78680e57b50?s=96&d=mm&r=g\",\"contentUrl\":\"https:\/\/secure.gravatar.com\/avatar\/ab775a2f394c1b83b6d6f78680e57b50?s=96&d=mm&r=g\",\"caption\":\"Katherine Loaiza Mart\u00ednez\"},\"url\":\"https:\/\/www.fiscalia.gov.co\/colombia\/author\/kloaiza\/\"}]}<\/script>\n<!-- \/ Yoast SEO plugin. -->","yoast_head_json":{"title":"Fiscal\u00eda General de la Naci\u00f3n","description":"P\u00e1gina oficial de la Fiscal\u00eda General de la Naci\u00f3n \u2013 Colombia. Garantizamos el acceso efectivo a la justicia, la verdad y la reparaci\u00f3n de las v\u00edctimas de los delitos.","robots":{"index":"noindex","follow":"follow"},"og_locale":"es_ES","og_type":"article","og_title":"Fiscal\u00eda General de la Naci\u00f3n","og_description":"P\u00e1gina oficial de la Fiscal\u00eda General de la Naci\u00f3n \u2013 Colombia. Garantizamos el acceso efectivo a la justicia, la verdad y la reparaci\u00f3n de las v\u00edctimas de los delitos.","og_url":"https:\/\/www.fiscalia.gov.co\/colombia\/noticias\/fiscalia-radico-escrito-de-acusacion-en-contra-del-alcalde-de-ibague-quien-habria-utilizado-el-estadio-de-la-ciudad-para-celebrar-el-cumpleanos-a-su-hijo\/","og_site_name":"Fiscal\u00eda General de la Naci\u00f3n","article_publisher":"https:\/\/www.facebook.com\/FiscaliaCol","article_published_time":"2022-06-22T15:59:06+00:00","author":"Katherine Loaiza Mart\u00ednez","twitter_card":"summary_large_image","twitter_creator":"@FiscaliaCol","twitter_site":"@FiscaliaCol","twitter_misc":{"Escrito por":"Katherine Loaiza Mart\u00ednez","Tiempo de lectura":"2 minutos"},"schema":{"@context":"https:\/\/schema.org","@graph":[{"@type":"Article","@id":"https:\/\/www.fiscalia.gov.co\/colombia\/noticias\/fiscalia-radico-escrito-de-acusacion-en-contra-del-alcalde-de-ibague-quien-habria-utilizado-el-estadio-de-la-ciudad-para-celebrar-el-cumpleanos-a-su-hijo\/#article","isPartOf":{"@id":"https:\/\/www.fiscalia.gov.co\/colombia\/noticias\/fiscalia-radico-escrito-de-acusacion-en-contra-del-alcalde-de-ibague-quien-habria-utilizado-el-estadio-de-la-ciudad-para-celebrar-el-cumpleanos-a-su-hijo\/"},"author":{"name":"Katherine Loaiza Mart\u00ednez","@id":"https:\/\/www.fiscalia.gov.co\/colombia\/#\/schema\/person\/2e76b9aba5ecf875ed565ce4de0e0415"},"headline":"Fiscal\u00eda radic\u00f3 escrito de acusaci\u00f3n en contra del alcalde de Ibagu\u00e9 quien habr\u00eda utilizado el estadio de la ciudad para celebrar el cumplea\u00f1os a su hijo","datePublished":"2022-06-22T15:59:06+00:00","dateModified":"2022-06-22T15:59:06+00:00","mainEntityOfPage":{"@id":"https:\/\/www.fiscalia.gov.co\/colombia\/noticias\/fiscalia-radico-escrito-de-acusacion-en-contra-del-alcalde-de-ibague-quien-habria-utilizado-el-estadio-de-la-ciudad-para-celebrar-el-cumpleanos-a-su-hijo\/"},"wordCount":414,"publisher":{"@id":"https:\/\/www.fiscalia.gov.co\/colombia\/#organization"},"keywords":["Fiscal Francisco Barbosa Delgado","Fiscal General Francisco Barbosa Delgado"],"articleSection":["Corrupci\u00f3n","Corrupci\u00f3n","Noticias","Procesos Ibagu\u00e9"],"inLanguage":"es-CO"},{"@type":"WebPage","@id":"https:\/\/www.fiscalia.gov.co\/colombia\/noticias\/fiscalia-radico-escrito-de-acusacion-en-contra-del-alcalde-de-ibague-quien-habria-utilizado-el-estadio-de-la-ciudad-para-celebrar-el-cumpleanos-a-su-hijo\/","url":"https:\/\/www.fiscalia.gov.co\/colombia\/noticias\/fiscalia-radico-escrito-de-acusacion-en-contra-del-alcalde-de-ibague-quien-habria-utilizado-el-estadio-de-la-ciudad-para-celebrar-el-cumpleanos-a-su-hijo\/","name":"Fiscal\u00eda General de la Naci\u00f3n","isPartOf":{"@id":"https:\/\/www.fiscalia.gov.co\/colombia\/#website"},"datePublished":"2022-06-22T15:59:06+00:00","dateModified":"2022-06-22T15:59:06+00:00","description":"P\u00e1gina oficial de la Fiscal\u00eda General de la Naci\u00f3n \u2013 Colombia. Garantizamos el acceso efectivo a la justicia, la verdad y la reparaci\u00f3n de las v\u00edctimas de los delitos.","breadcrumb":{"@id":"https:\/\/www.fiscalia.gov.co\/colombia\/noticias\/fiscalia-radico-escrito-de-acusacion-en-contra-del-alcalde-de-ibague-quien-habria-utilizado-el-estadio-de-la-ciudad-para-celebrar-el-cumpleanos-a-su-hijo\/#breadcrumb"},"inLanguage":"es-CO","potentialAction":[{"@type":"ReadAction","target":["https:\/\/www.fiscalia.gov.co\/colombia\/noticias\/fiscalia-radico-escrito-de-acusacion-en-contra-del-alcalde-de-ibague-quien-habria-utilizado-el-estadio-de-la-ciudad-para-celebrar-el-cumpleanos-a-su-hijo\/"]}]},{"@type":"BreadcrumbList","@id":"https:\/\/www.fiscalia.gov.co\/colombia\/noticias\/fiscalia-radico-escrito-de-acusacion-en-contra-del-alcalde-de-ibague-quien-habria-utilizado-el-estadio-de-la-ciudad-para-celebrar-el-cumpleanos-a-su-hijo\/#breadcrumb","itemListElement":[{"@type":"ListItem","position":1,"name":"Home","item":"https:\/\/www.fiscalia.gov.co\/colombia\/"},{"@type":"ListItem","position":2,"name":"Fiscal\u00eda radic\u00f3 escrito de acusaci\u00f3n en contra del alcalde de Ibagu\u00e9 quien habr\u00eda utilizado el estadio de la ciudad para celebrar el cumplea\u00f1os a su hijo"}]},{"@type":"WebSite","@id":"https:\/\/www.fiscalia.gov.co\/colombia\/#website","url":"https:\/\/www.fiscalia.gov.co\/colombia\/","name":"Fiscal\u00eda General de la Naci\u00f3n","description":"P\u00e1gina oficial de la Fiscal\u00eda General de la Naci\u00f3n \u2013 Colombia. Garantizamos el acceso efectivo a la justicia, la verdad y la reparaci\u00f3n de las v\u00edctimas de los delitos.","publisher":{"@id":"https:\/\/www.fiscalia.gov.co\/colombia\/#organization"},"potentialAction":[{"@type":"SearchAction","target":{"@type":"EntryPoint","urlTemplate":"https:\/\/www.fiscalia.gov.co\/colombia\/?s={search_term_string}"},"query-input":{"@type":"PropertyValueSpecification","valueRequired":true,"valueName":"search_term_string"}}],"inLanguage":"es-CO"},{"@type":"Organization","@id":"https:\/\/www.fiscalia.gov.co\/colombia\/#organization","name":"Fiscal\u00eda General de la Naci\u00f3n","url":"https:\/\/www.fiscalia.gov.co\/colombia\/","logo":{"@type":"ImageObject","inLanguage":"es-CO","@id":"https:\/\/www.fiscalia.gov.co\/colombia\/#\/schema\/logo\/image\/","url":"https:\/\/www.fiscalia.gov.co\/colombia\/wp-content\/uploads\/LogoHorizontal_1.jpg","contentUrl":"https:\/\/www.fiscalia.gov.co\/colombia\/wp-content\/uploads\/LogoHorizontal_1.jpg","width":300,"height":90,"caption":"Fiscal\u00eda General de la Naci\u00f3n"},"image":{"@id":"https:\/\/www.fiscalia.gov.co\/colombia\/#\/schema\/logo\/image\/"},"sameAs":["https:\/\/www.facebook.com\/FiscaliaCol","https:\/\/x.com\/FiscaliaCol","https:\/\/www.instagram.com\/fiscaliacol","https:\/\/www.linkedin.com\/company\/fiscalia-general-de-la-naci-n\/","https:\/\/youtube.com\/@fiscaliageneraldelanacion-4668?si=6nN79nyQICPU5iTh"]},{"@type":"Person","@id":"https:\/\/www.fiscalia.gov.co\/colombia\/#\/schema\/person\/2e76b9aba5ecf875ed565ce4de0e0415","name":"Katherine Loaiza Mart\u00ednez","image":{"@type":"ImageObject","inLanguage":"es-CO","@id":"https:\/\/www.fiscalia.gov.co\/colombia\/#\/schema\/person\/image\/","url":"https:\/\/secure.gravatar.com\/avatar\/ab775a2f394c1b83b6d6f78680e57b50?s=96&d=mm&r=g","contentUrl":"https:\/\/secure.gravatar.com\/avatar\/ab775a2f394c1b83b6d6f78680e57b50?s=96&d=mm&r=g","caption":"Katherine Loaiza Mart\u00ednez"},"url":"https:\/\/www.fiscalia.gov.co\/colombia\/author\/kloaiza\/"}]}},"_links":{"self":[{"href":"https:\/\/www.fiscalia.gov.co\/colombia\/wp-json\/wp\/v2\/posts\/251273","targetHints":{"allow":["GET"]}}],"collection":[{"href":"https:\/\/www.fiscalia.gov.co\/colombia\/wp-json\/wp\/v2\/posts"}],"about":[{"href":"https:\/\/www.fiscalia.gov.co\/colombia\/wp-json\/wp\/v2\/types\/post"}],"author":[{"embeddable":true,"href":"https:\/\/www.fiscalia.gov.co\/colombia\/wp-json\/wp\/v2\/users\/175"}],"replies":[{"embeddable":true,"href":"https:\/\/www.fiscalia.gov.co\/colombia\/wp-json\/wp\/v2\/comments?post=251273"}],"version-history":[{"count":1,"href":"https:\/\/www.fiscalia.gov.co\/colombia\/wp-json\/wp\/v2\/posts\/251273\/revisions"}],"predecessor-version":[{"id":251274,"href":"https:\/\/www.fiscalia.gov.co\/colombia\/wp-json\/wp\/v2\/posts\/251273\/revisions\/251274"}],"wp:attachment":[{"href":"https:\/\/www.fiscalia.gov.co\/colombia\/wp-json\/wp\/v2\/media?parent=251273"}],"wp:term":[{"taxonomy":"category","embeddable":true,"href":"https:\/\/www.fiscalia.gov.co\/colombia\/wp-json\/wp\/v2\/categories?post=251273"},{"taxonomy":"post_tag","embeddable":true,"href":"https:\/\/www.fiscalia.gov.co\/colombia\/wp-json\/wp\/v2\/tags?post=251273"}],"curies":[{"name":"wp","href":"https:\/\/api.w.org\/{rel}","templated":true}]}}