{"id":251108,"date":"2022-06-18T16:36:43","date_gmt":"2022-06-18T21:36:43","guid":{"rendered":"https:\/\/www.fiscalia.gov.co\/colombia\/?p=251108"},"modified":"2022-06-18T16:36:43","modified_gmt":"2022-06-18T21:36:43","slug":"cinco-personas-fueron-enviadas-a-la-carcel-por-su-presunta-participacion-en-un-secuestro-extorsivo-en-el-sur-del-tolima","status":"publish","type":"post","link":"https:\/\/www.fiscalia.gov.co\/colombia\/noticias\/cinco-personas-fueron-enviadas-a-la-carcel-por-su-presunta-participacion-en-un-secuestro-extorsivo-en-el-sur-del-tolima\/","title":{"rendered":"Cinco personas fueron enviadas a la c\u00e1rcel por su presunta participaci\u00f3n en un secuestro extorsivo en el sur del Tolima"},"content":{"rendered":"<p>Un fiscal seccional del municipio tolimense de Chaparral, logr\u00f3 fueran afectadas con medida de aseguramiento intramuros, cinco personas se\u00f1aladas de los delitos de secuestro extorsivo; fabricaci\u00f3n, tr\u00e1fico y porte ilegal de armas de fuego, y utilizaci\u00f3n de armas de menor letalidad o de letalidad reducida que ninguno acept\u00f3 haber cometido.<\/p>\n<p>Seg\u00fan la investigaci\u00f3n los hechos se presentaron entre el 13 y 14 de junio pasado cuando hombres armados se presentaron en una finca ubicada en la vereda Copete Delicias del citado municipio, y con armas de fuego presuntamente amedrentaron a quienes se encontraban en el lugar, llev\u00e1ndose a una mujer secuestrada.<\/p>\n<p>Es as\u00ed como su esposo fue obligado a desplazarse hasta el casco urbano para conseguir el dinero exigido, situaci\u00f3n que el finquero aprovech\u00f3 para dar aviso a las autoridades.<\/p>\n<p>La reacci\u00f3n inmediata permiti\u00f3 entonces que la mujer fuera rescatada de sus captores quienes la tuvieron retenida cerca de 24 horas en un campamento en zona boscosa en medio de la monta\u00f1a.<\/p>\n<p>Durante el rescate fueron detenidos por parte de unidades del Ej\u00e9rcito Nacional, Polic\u00eda Nacional y la Fuerza A\u00e9rea, Johan Andr\u00e9s Rubio \u00d1anguma, Darwin Estiven Cruz Medina, Brayan Andrey Grabada, Jonathan Andr\u00e9s D\u00edaz Quintero y Kevin Steven Bonilla Serrano. En el lugar les fueron incautadas cinco armas de fuego de corto y largo alcance como un fusil traum\u00e1tico y municiones para las mismas.<\/p>\n<p>Todos permanecer\u00e1n detenidos en centro carcelario como medida de aseguramiento preventiva mientras avanzan las investigaciones.<\/p>\n<p>La Fiscal\u00eda habla con resultados.<\/p>\n<p>PAAM\/FAGH\/JFRM\/DST<\/p>\n<p><em>La informaci\u00f3n contenida en este bolet\u00edn\u00a0de\u00a0prensa corresponde a la narraci\u00f3n\u00a0de\u00a0los hechos noticiosos objetivos, suministrados por los funcionarios encargados\u00a0de\u00a0adelantar las investigaciones penales al interior\u00a0de\u00a0la Fiscal\u00eda General\u00a0de\u00a0la Naci\u00f3n. Para el momento\u00a0de\u00a0la divulgaci\u00f3n\u00a0de\u00a0este comunicado, la situaci\u00f3n jur\u00eddica\u00a0de\u00a0la(s) persona(s) relacionada(s) se encuentra pendiente\u00a0de\u00a0resolver por la autoridad judicial competente, siempre bajo los preceptos\u00a0de\u00a0la presunci\u00f3n\u00a0de\u00a0inocencia, consagrados en el art\u00edculo 29\u00a0de\u00a0la Constituci\u00f3n Pol\u00edtica y el art\u00edculo 7\u00ba\u00a0de\u00a0la Ley 906\u00a0de\u00a02004.<\/em><em>\u00a0<\/em><\/p>\n\n<div class=\"twitter-share\"><a href=\"https:\/\/twitter.com\/intent\/tweet?via=fiscaliacol\" class=\"twitter-share-button\">Tweet<\/a><\/div>\n","protected":false},"excerpt":{"rendered":"<p>Un fiscal seccional del municipio tolimense de Chaparral, logr\u00f3 fueran afectadas con medida de aseguramiento intramuros, cinco personas se\u00f1aladas de los delitos de secuestro extorsivo; fabricaci\u00f3n, tr\u00e1fico y porte ilegal de armas de fuego, y utilizaci\u00f3n de armas de menor letalidad o de letalidad reducida que ninguno acept\u00f3 haber cometido. Seg\u00fan la investigaci\u00f3n los hechos [&hellip;]<\/p>\n","protected":false},"author":162,"featured_media":0,"comment_status":"closed","ping_status":"open","sticky":false,"template":"","format":"standard","meta":{"tdm_status":"","tdm_grid_status":"","footnotes":""},"categories":[1,329,303,24099],"tags":[30239],"class_list":{"0":"post-251108","1":"post","2":"type-post","3":"status-publish","4":"format-standard","6":"category-noticias","7":"category-seccional-ibague","8":"category-seccionales","9":"category-seguridad-territorial","10":"tag-seguridad-territorial"},"yoast_head":"<!-- This site is optimized with the Yoast SEO plugin v24.3 - https:\/\/yoast.com\/wordpress\/plugins\/seo\/ -->\n<title>Fiscal\u00eda General de la Naci\u00f3n<\/title>\n<meta name=\"description\" content=\"P\u00e1gina oficial de la Fiscal\u00eda General de la Naci\u00f3n \u2013 Colombia. Garantizamos el acceso efectivo a la justicia, la verdad y la reparaci\u00f3n de las v\u00edctimas de los delitos.\" \/>\n<meta name=\"robots\" content=\"noindex, follow\" \/>\n<meta property=\"og:locale\" content=\"es_ES\" \/>\n<meta property=\"og:type\" content=\"article\" \/>\n<meta property=\"og:title\" content=\"Fiscal\u00eda General de la Naci\u00f3n\" \/>\n<meta property=\"og:description\" content=\"P\u00e1gina oficial de la Fiscal\u00eda General de la Naci\u00f3n \u2013 Colombia. Garantizamos el acceso efectivo a la justicia, la verdad y la reparaci\u00f3n de las v\u00edctimas de los delitos.\" \/>\n<meta property=\"og:url\" content=\"https:\/\/www.fiscalia.gov.co\/colombia\/noticias\/cinco-personas-fueron-enviadas-a-la-carcel-por-su-presunta-participacion-en-un-secuestro-extorsivo-en-el-sur-del-tolima\/\" \/>\n<meta property=\"og:site_name\" content=\"Fiscal\u00eda General de la Naci\u00f3n\" \/>\n<meta property=\"article:publisher\" content=\"https:\/\/www.facebook.com\/FiscaliaCol\" \/>\n<meta property=\"article:published_time\" content=\"2022-06-18T21:36:43+00:00\" \/>\n<meta name=\"author\" content=\"Direcci\u00f3n de Comunicaciones Fiscal\u00eda General de la Naci\u00f3n\" \/>\n<meta name=\"twitter:card\" content=\"summary_large_image\" \/>\n<meta name=\"twitter:creator\" content=\"@FiscaliaCol\" \/>\n<meta name=\"twitter:site\" content=\"@FiscaliaCol\" \/>\n<meta name=\"twitter:label1\" content=\"Escrito por\" \/>\n\t<meta name=\"twitter:data1\" content=\"Direcci\u00f3n de Comunicaciones Fiscal\u00eda General de la Naci\u00f3n\" \/>\n\t<meta name=\"twitter:label2\" content=\"Tiempo de lectura\" \/>\n\t<meta name=\"twitter:data2\" content=\"2 minutos\" \/>\n<script type=\"application\/ld+json\" class=\"yoast-schema-graph\">{\"@context\":\"https:\/\/schema.org\",\"@graph\":[{\"@type\":\"Article\",\"@id\":\"https:\/\/www.fiscalia.gov.co\/colombia\/noticias\/cinco-personas-fueron-enviadas-a-la-carcel-por-su-presunta-participacion-en-un-secuestro-extorsivo-en-el-sur-del-tolima\/#article\",\"isPartOf\":{\"@id\":\"https:\/\/www.fiscalia.gov.co\/colombia\/noticias\/cinco-personas-fueron-enviadas-a-la-carcel-por-su-presunta-participacion-en-un-secuestro-extorsivo-en-el-sur-del-tolima\/\"},\"author\":{\"name\":\"Direcci\u00f3n de Comunicaciones Fiscal\u00eda General de la Naci\u00f3n\",\"@id\":\"https:\/\/www.fiscalia.gov.co\/colombia\/#\/schema\/person\/bf28d8ae7f1b287bbe3af484b04f43ea\"},\"headline\":\"Cinco personas fueron enviadas a la c\u00e1rcel por su presunta participaci\u00f3n en un secuestro extorsivo en el sur del Tolima\",\"datePublished\":\"2022-06-18T21:36:43+00:00\",\"dateModified\":\"2022-06-18T21:36:43+00:00\",\"mainEntityOfPage\":{\"@id\":\"https:\/\/www.fiscalia.gov.co\/colombia\/noticias\/cinco-personas-fueron-enviadas-a-la-carcel-por-su-presunta-participacion-en-un-secuestro-extorsivo-en-el-sur-del-tolima\/\"},\"wordCount\":388,\"publisher\":{\"@id\":\"https:\/\/www.fiscalia.gov.co\/colombia\/#organization\"},\"keywords\":[\"Seguridad territorial\"],\"articleSection\":[\"Noticias\",\"Seccional Ibagu\u00e9\",\"Seccionales\",\"Seguridad territorial\"],\"inLanguage\":\"es-CO\"},{\"@type\":\"WebPage\",\"@id\":\"https:\/\/www.fiscalia.gov.co\/colombia\/noticias\/cinco-personas-fueron-enviadas-a-la-carcel-por-su-presunta-participacion-en-un-secuestro-extorsivo-en-el-sur-del-tolima\/\",\"url\":\"https:\/\/www.fiscalia.gov.co\/colombia\/noticias\/cinco-personas-fueron-enviadas-a-la-carcel-por-su-presunta-participacion-en-un-secuestro-extorsivo-en-el-sur-del-tolima\/\",\"name\":\"Fiscal\u00eda General de la Naci\u00f3n\",\"isPartOf\":{\"@id\":\"https:\/\/www.fiscalia.gov.co\/colombia\/#website\"},\"datePublished\":\"2022-06-18T21:36:43+00:00\",\"dateModified\":\"2022-06-18T21:36:43+00:00\",\"description\":\"P\u00e1gina oficial de la Fiscal\u00eda General de la Naci\u00f3n \u2013 Colombia. Garantizamos el acceso efectivo a la justicia, la verdad y la reparaci\u00f3n de las v\u00edctimas de los delitos.\",\"breadcrumb\":{\"@id\":\"https:\/\/www.fiscalia.gov.co\/colombia\/noticias\/cinco-personas-fueron-enviadas-a-la-carcel-por-su-presunta-participacion-en-un-secuestro-extorsivo-en-el-sur-del-tolima\/#breadcrumb\"},\"inLanguage\":\"es-CO\",\"potentialAction\":[{\"@type\":\"ReadAction\",\"target\":[\"https:\/\/www.fiscalia.gov.co\/colombia\/noticias\/cinco-personas-fueron-enviadas-a-la-carcel-por-su-presunta-participacion-en-un-secuestro-extorsivo-en-el-sur-del-tolima\/\"]}]},{\"@type\":\"BreadcrumbList\",\"@id\":\"https:\/\/www.fiscalia.gov.co\/colombia\/noticias\/cinco-personas-fueron-enviadas-a-la-carcel-por-su-presunta-participacion-en-un-secuestro-extorsivo-en-el-sur-del-tolima\/#breadcrumb\",\"itemListElement\":[{\"@type\":\"ListItem\",\"position\":1,\"name\":\"Home\",\"item\":\"https:\/\/www.fiscalia.gov.co\/colombia\/\"},{\"@type\":\"ListItem\",\"position\":2,\"name\":\"Cinco personas fueron enviadas a la c\u00e1rcel por su presunta participaci\u00f3n en un secuestro extorsivo en el sur del Tolima\"}]},{\"@type\":\"WebSite\",\"@id\":\"https:\/\/www.fiscalia.gov.co\/colombia\/#website\",\"url\":\"https:\/\/www.fiscalia.gov.co\/colombia\/\",\"name\":\"Fiscal\u00eda General de la Naci\u00f3n\",\"description\":\"P\u00e1gina oficial de la Fiscal\u00eda General de la Naci\u00f3n \u2013 Colombia. Garantizamos el acceso efectivo a la justicia, la verdad y la reparaci\u00f3n de las v\u00edctimas de los delitos.\",\"publisher\":{\"@id\":\"https:\/\/www.fiscalia.gov.co\/colombia\/#organization\"},\"potentialAction\":[{\"@type\":\"SearchAction\",\"target\":{\"@type\":\"EntryPoint\",\"urlTemplate\":\"https:\/\/www.fiscalia.gov.co\/colombia\/?s={search_term_string}\"},\"query-input\":{\"@type\":\"PropertyValueSpecification\",\"valueRequired\":true,\"valueName\":\"search_term_string\"}}],\"inLanguage\":\"es-CO\"},{\"@type\":\"Organization\",\"@id\":\"https:\/\/www.fiscalia.gov.co\/colombia\/#organization\",\"name\":\"Fiscal\u00eda General de la Naci\u00f3n\",\"url\":\"https:\/\/www.fiscalia.gov.co\/colombia\/\",\"logo\":{\"@type\":\"ImageObject\",\"inLanguage\":\"es-CO\",\"@id\":\"https:\/\/www.fiscalia.gov.co\/colombia\/#\/schema\/logo\/image\/\",\"url\":\"https:\/\/www.fiscalia.gov.co\/colombia\/wp-content\/uploads\/LogoHorizontal_1.jpg\",\"contentUrl\":\"https:\/\/www.fiscalia.gov.co\/colombia\/wp-content\/uploads\/LogoHorizontal_1.jpg\",\"width\":300,\"height\":90,\"caption\":\"Fiscal\u00eda General de la Naci\u00f3n\"},\"image\":{\"@id\":\"https:\/\/www.fiscalia.gov.co\/colombia\/#\/schema\/logo\/image\/\"},\"sameAs\":[\"https:\/\/www.facebook.com\/FiscaliaCol\",\"https:\/\/x.com\/FiscaliaCol\",\"https:\/\/www.instagram.com\/fiscaliacol\",\"https:\/\/www.linkedin.com\/company\/fiscalia-general-de-la-naci-n\/\",\"https:\/\/youtube.com\/@fiscaliageneraldelanacion-4668?si=6nN79nyQICPU5iTh\"]},{\"@type\":\"Person\",\"@id\":\"https:\/\/www.fiscalia.gov.co\/colombia\/#\/schema\/person\/bf28d8ae7f1b287bbe3af484b04f43ea\",\"name\":\"Direcci\u00f3n de Comunicaciones Fiscal\u00eda General de la Naci\u00f3n\",\"image\":{\"@type\":\"ImageObject\",\"inLanguage\":\"es-CO\",\"@id\":\"https:\/\/www.fiscalia.gov.co\/colombia\/#\/schema\/person\/image\/\",\"url\":\"https:\/\/secure.gravatar.com\/avatar\/9d55ae161d32da16dbdd0b380c080a5f?s=96&d=mm&r=g\",\"contentUrl\":\"https:\/\/secure.gravatar.com\/avatar\/9d55ae161d32da16dbdd0b380c080a5f?s=96&d=mm&r=g\",\"caption\":\"Direcci\u00f3n de Comunicaciones Fiscal\u00eda General de la Naci\u00f3n\"},\"url\":\"https:\/\/www.fiscalia.gov.co\/colombia\/author\/kbonilla\/\"}]}<\/script>\n<!-- \/ Yoast SEO plugin. -->","yoast_head_json":{"title":"Fiscal\u00eda General de la Naci\u00f3n","description":"P\u00e1gina oficial de la Fiscal\u00eda General de la Naci\u00f3n \u2013 Colombia. Garantizamos el acceso efectivo a la justicia, la verdad y la reparaci\u00f3n de las v\u00edctimas de los delitos.","robots":{"index":"noindex","follow":"follow"},"og_locale":"es_ES","og_type":"article","og_title":"Fiscal\u00eda General de la Naci\u00f3n","og_description":"P\u00e1gina oficial de la Fiscal\u00eda General de la Naci\u00f3n \u2013 Colombia. Garantizamos el acceso efectivo a la justicia, la verdad y la reparaci\u00f3n de las v\u00edctimas de los delitos.","og_url":"https:\/\/www.fiscalia.gov.co\/colombia\/noticias\/cinco-personas-fueron-enviadas-a-la-carcel-por-su-presunta-participacion-en-un-secuestro-extorsivo-en-el-sur-del-tolima\/","og_site_name":"Fiscal\u00eda General de la Naci\u00f3n","article_publisher":"https:\/\/www.facebook.com\/FiscaliaCol","article_published_time":"2022-06-18T21:36:43+00:00","author":"Direcci\u00f3n de Comunicaciones Fiscal\u00eda General de la Naci\u00f3n","twitter_card":"summary_large_image","twitter_creator":"@FiscaliaCol","twitter_site":"@FiscaliaCol","twitter_misc":{"Escrito por":"Direcci\u00f3n de Comunicaciones Fiscal\u00eda General de la Naci\u00f3n","Tiempo de lectura":"2 minutos"},"schema":{"@context":"https:\/\/schema.org","@graph":[{"@type":"Article","@id":"https:\/\/www.fiscalia.gov.co\/colombia\/noticias\/cinco-personas-fueron-enviadas-a-la-carcel-por-su-presunta-participacion-en-un-secuestro-extorsivo-en-el-sur-del-tolima\/#article","isPartOf":{"@id":"https:\/\/www.fiscalia.gov.co\/colombia\/noticias\/cinco-personas-fueron-enviadas-a-la-carcel-por-su-presunta-participacion-en-un-secuestro-extorsivo-en-el-sur-del-tolima\/"},"author":{"name":"Direcci\u00f3n de Comunicaciones Fiscal\u00eda General de la Naci\u00f3n","@id":"https:\/\/www.fiscalia.gov.co\/colombia\/#\/schema\/person\/bf28d8ae7f1b287bbe3af484b04f43ea"},"headline":"Cinco personas fueron enviadas a la c\u00e1rcel por su presunta participaci\u00f3n en un secuestro extorsivo en el sur del Tolima","datePublished":"2022-06-18T21:36:43+00:00","dateModified":"2022-06-18T21:36:43+00:00","mainEntityOfPage":{"@id":"https:\/\/www.fiscalia.gov.co\/colombia\/noticias\/cinco-personas-fueron-enviadas-a-la-carcel-por-su-presunta-participacion-en-un-secuestro-extorsivo-en-el-sur-del-tolima\/"},"wordCount":388,"publisher":{"@id":"https:\/\/www.fiscalia.gov.co\/colombia\/#organization"},"keywords":["Seguridad territorial"],"articleSection":["Noticias","Seccional Ibagu\u00e9","Seccionales","Seguridad territorial"],"inLanguage":"es-CO"},{"@type":"WebPage","@id":"https:\/\/www.fiscalia.gov.co\/colombia\/noticias\/cinco-personas-fueron-enviadas-a-la-carcel-por-su-presunta-participacion-en-un-secuestro-extorsivo-en-el-sur-del-tolima\/","url":"https:\/\/www.fiscalia.gov.co\/colombia\/noticias\/cinco-personas-fueron-enviadas-a-la-carcel-por-su-presunta-participacion-en-un-secuestro-extorsivo-en-el-sur-del-tolima\/","name":"Fiscal\u00eda General de la Naci\u00f3n","isPartOf":{"@id":"https:\/\/www.fiscalia.gov.co\/colombia\/#website"},"datePublished":"2022-06-18T21:36:43+00:00","dateModified":"2022-06-18T21:36:43+00:00","description":"P\u00e1gina oficial de la Fiscal\u00eda General de la Naci\u00f3n \u2013 Colombia. Garantizamos el acceso efectivo a la justicia, la verdad y la reparaci\u00f3n de las v\u00edctimas de los delitos.","breadcrumb":{"@id":"https:\/\/www.fiscalia.gov.co\/colombia\/noticias\/cinco-personas-fueron-enviadas-a-la-carcel-por-su-presunta-participacion-en-un-secuestro-extorsivo-en-el-sur-del-tolima\/#breadcrumb"},"inLanguage":"es-CO","potentialAction":[{"@type":"ReadAction","target":["https:\/\/www.fiscalia.gov.co\/colombia\/noticias\/cinco-personas-fueron-enviadas-a-la-carcel-por-su-presunta-participacion-en-un-secuestro-extorsivo-en-el-sur-del-tolima\/"]}]},{"@type":"BreadcrumbList","@id":"https:\/\/www.fiscalia.gov.co\/colombia\/noticias\/cinco-personas-fueron-enviadas-a-la-carcel-por-su-presunta-participacion-en-un-secuestro-extorsivo-en-el-sur-del-tolima\/#breadcrumb","itemListElement":[{"@type":"ListItem","position":1,"name":"Home","item":"https:\/\/www.fiscalia.gov.co\/colombia\/"},{"@type":"ListItem","position":2,"name":"Cinco personas fueron enviadas a la c\u00e1rcel por su presunta participaci\u00f3n en un secuestro extorsivo en el sur del Tolima"}]},{"@type":"WebSite","@id":"https:\/\/www.fiscalia.gov.co\/colombia\/#website","url":"https:\/\/www.fiscalia.gov.co\/colombia\/","name":"Fiscal\u00eda General de la Naci\u00f3n","description":"P\u00e1gina oficial de la Fiscal\u00eda General de la Naci\u00f3n \u2013 Colombia. Garantizamos el acceso efectivo a la justicia, la verdad y la reparaci\u00f3n de las v\u00edctimas de los delitos.","publisher":{"@id":"https:\/\/www.fiscalia.gov.co\/colombia\/#organization"},"potentialAction":[{"@type":"SearchAction","target":{"@type":"EntryPoint","urlTemplate":"https:\/\/www.fiscalia.gov.co\/colombia\/?s={search_term_string}"},"query-input":{"@type":"PropertyValueSpecification","valueRequired":true,"valueName":"search_term_string"}}],"inLanguage":"es-CO"},{"@type":"Organization","@id":"https:\/\/www.fiscalia.gov.co\/colombia\/#organization","name":"Fiscal\u00eda General de la Naci\u00f3n","url":"https:\/\/www.fiscalia.gov.co\/colombia\/","logo":{"@type":"ImageObject","inLanguage":"es-CO","@id":"https:\/\/www.fiscalia.gov.co\/colombia\/#\/schema\/logo\/image\/","url":"https:\/\/www.fiscalia.gov.co\/colombia\/wp-content\/uploads\/LogoHorizontal_1.jpg","contentUrl":"https:\/\/www.fiscalia.gov.co\/colombia\/wp-content\/uploads\/LogoHorizontal_1.jpg","width":300,"height":90,"caption":"Fiscal\u00eda General de la Naci\u00f3n"},"image":{"@id":"https:\/\/www.fiscalia.gov.co\/colombia\/#\/schema\/logo\/image\/"},"sameAs":["https:\/\/www.facebook.com\/FiscaliaCol","https:\/\/x.com\/FiscaliaCol","https:\/\/www.instagram.com\/fiscaliacol","https:\/\/www.linkedin.com\/company\/fiscalia-general-de-la-naci-n\/","https:\/\/youtube.com\/@fiscaliageneraldelanacion-4668?si=6nN79nyQICPU5iTh"]},{"@type":"Person","@id":"https:\/\/www.fiscalia.gov.co\/colombia\/#\/schema\/person\/bf28d8ae7f1b287bbe3af484b04f43ea","name":"Direcci\u00f3n de Comunicaciones Fiscal\u00eda General de la Naci\u00f3n","image":{"@type":"ImageObject","inLanguage":"es-CO","@id":"https:\/\/www.fiscalia.gov.co\/colombia\/#\/schema\/person\/image\/","url":"https:\/\/secure.gravatar.com\/avatar\/9d55ae161d32da16dbdd0b380c080a5f?s=96&d=mm&r=g","contentUrl":"https:\/\/secure.gravatar.com\/avatar\/9d55ae161d32da16dbdd0b380c080a5f?s=96&d=mm&r=g","caption":"Direcci\u00f3n de Comunicaciones Fiscal\u00eda General de la Naci\u00f3n"},"url":"https:\/\/www.fiscalia.gov.co\/colombia\/author\/kbonilla\/"}]}},"_links":{"self":[{"href":"https:\/\/www.fiscalia.gov.co\/colombia\/wp-json\/wp\/v2\/posts\/251108","targetHints":{"allow":["GET"]}}],"collection":[{"href":"https:\/\/www.fiscalia.gov.co\/colombia\/wp-json\/wp\/v2\/posts"}],"about":[{"href":"https:\/\/www.fiscalia.gov.co\/colombia\/wp-json\/wp\/v2\/types\/post"}],"author":[{"embeddable":true,"href":"https:\/\/www.fiscalia.gov.co\/colombia\/wp-json\/wp\/v2\/users\/162"}],"replies":[{"embeddable":true,"href":"https:\/\/www.fiscalia.gov.co\/colombia\/wp-json\/wp\/v2\/comments?post=251108"}],"version-history":[{"count":1,"href":"https:\/\/www.fiscalia.gov.co\/colombia\/wp-json\/wp\/v2\/posts\/251108\/revisions"}],"predecessor-version":[{"id":251109,"href":"https:\/\/www.fiscalia.gov.co\/colombia\/wp-json\/wp\/v2\/posts\/251108\/revisions\/251109"}],"wp:attachment":[{"href":"https:\/\/www.fiscalia.gov.co\/colombia\/wp-json\/wp\/v2\/media?parent=251108"}],"wp:term":[{"taxonomy":"category","embeddable":true,"href":"https:\/\/www.fiscalia.gov.co\/colombia\/wp-json\/wp\/v2\/categories?post=251108"},{"taxonomy":"post_tag","embeddable":true,"href":"https:\/\/www.fiscalia.gov.co\/colombia\/wp-json\/wp\/v2\/tags?post=251108"}],"curies":[{"name":"wp","href":"https:\/\/api.w.org\/{rel}","templated":true}]}}