{"id":251084,"date":"2022-06-17T17:20:32","date_gmt":"2022-06-17T22:20:32","guid":{"rendered":"https:\/\/www.fiscalia.gov.co\/colombia\/?p=251084"},"modified":"2022-06-17T17:20:32","modified_gmt":"2022-06-17T22:20:32","slug":"aseguradas-cinco-personas-dedicadas-al-parecer-a-hurtar-en-la-plaza-de-mercado-de-ocana","status":"publish","type":"post","link":"https:\/\/www.fiscalia.gov.co\/colombia\/noticias\/aseguradas-cinco-personas-dedicadas-al-parecer-a-hurtar-en-la-plaza-de-mercado-de-ocana\/","title":{"rendered":"Aseguradas cinco personas dedicadas al parecer a hurtar en la plaza de mercado de Oca\u00f1a"},"content":{"rendered":"<p style=\"font-weight: 400;\">La Fiscal\u00eda y la Polic\u00eda Nacional capturaron el pasado 15 de junio a una mujer y a cuatro hombres, se\u00f1alados de varios\u00a0<a href=\"https:\/\/www.fiscalia.gov.co\/colombia\/noticias\/asegurado-hombre-investigado-por-el-delito-de-hurto-en-ocana-norte-de-santander\/\" data-saferedirecturl=\"https:\/\/www.google.com\/url?q=https:\/\/www.fiscalia.gov.co\/colombia\/noticias\/asegurado-hombre-investigado-por-el-delito-de-hurto-en-ocana-norte-de-santander\/&amp;source=gmail&amp;ust=1655590664210000&amp;usg=AOvVaw0k5fe8Ann1Oog01rOvkrH0\">hurtos<\/a>\u00a0en Oca\u00f1a (Norte de Santander) en los alrededores de la plaza de mercado y la zona c\u00e9ntrica de esta ciudad.<\/p>\n<figure id=\"attachment_251085\" aria-describedby=\"caption-attachment-251085\" style=\"width: 856px\" class=\"wp-caption aligncenter\"><img loading=\"lazy\" decoding=\"async\" class=\"size-full wp-image-251085\" src=\"https:\/\/www.fiscalia.gov.co\/colombia\/wp-content\/uploads\/Fiscal-Barbosa-Los-procesados-tendrian-como-zona-de-injerencia-la-plaza-de-mercado-para-atracar-en-grupl-a-comerciantes-y-visitantes..jpg\" alt=\"\" width=\"856\" height=\"642\" srcset=\"https:\/\/www.fiscalia.gov.co\/colombia\/wp-content\/uploads\/Fiscal-Barbosa-Los-procesados-tendrian-como-zona-de-injerencia-la-plaza-de-mercado-para-atracar-en-grupl-a-comerciantes-y-visitantes..jpg 856w, https:\/\/www.fiscalia.gov.co\/colombia\/wp-content\/uploads\/Fiscal-Barbosa-Los-procesados-tendrian-como-zona-de-injerencia-la-plaza-de-mercado-para-atracar-en-grupl-a-comerciantes-y-visitantes.-300x225.jpg 300w, https:\/\/www.fiscalia.gov.co\/colombia\/wp-content\/uploads\/Fiscal-Barbosa-Los-procesados-tendrian-como-zona-de-injerencia-la-plaza-de-mercado-para-atracar-en-grupl-a-comerciantes-y-visitantes.-768x576.jpg 768w, https:\/\/www.fiscalia.gov.co\/colombia\/wp-content\/uploads\/Fiscal-Barbosa-Los-procesados-tendrian-como-zona-de-injerencia-la-plaza-de-mercado-para-atracar-en-grupl-a-comerciantes-y-visitantes.-696x522.jpg 696w, https:\/\/www.fiscalia.gov.co\/colombia\/wp-content\/uploads\/Fiscal-Barbosa-Los-procesados-tendrian-como-zona-de-injerencia-la-plaza-de-mercado-para-atracar-en-grupl-a-comerciantes-y-visitantes.-560x420.jpg 560w, https:\/\/www.fiscalia.gov.co\/colombia\/wp-content\/uploads\/Fiscal-Barbosa-Los-procesados-tendrian-como-zona-de-injerencia-la-plaza-de-mercado-para-atracar-en-grupl-a-comerciantes-y-visitantes.-80x60.jpg 80w, https:\/\/www.fiscalia.gov.co\/colombia\/wp-content\/uploads\/Fiscal-Barbosa-Los-procesados-tendrian-como-zona-de-injerencia-la-plaza-de-mercado-para-atracar-en-grupl-a-comerciantes-y-visitantes.-265x198.jpg 265w\" sizes=\"auto, (max-width: 856px) 100vw, 856px\" \/><figcaption id=\"caption-attachment-251085\" class=\"wp-caption-text\">Los procesados tendr\u00edan como zona de injerencia la plaza de mercado para atracar en grupl a comerciantes y visitantes.<\/figcaption><\/figure>\n<p style=\"font-weight: 400;\">Seg\u00fan las indagaciones, delinqu\u00edan en la plaza de mercado de Oca\u00f1a, donde en grupo\u00a0<a href=\"https:\/\/www.fiscalia.gov.co\/colombia\/seccionales\/asegurado-un-hombre-involucrado-en-mas-de-cinco-hurtos-en-el-municipio-de-ocana-norte-de-santander-y-rio-de-oro-cesar\/\" data-saferedirecturl=\"https:\/\/www.google.com\/url?q=https:\/\/www.fiscalia.gov.co\/colombia\/seccionales\/asegurado-un-hombre-involucrado-en-mas-de-cinco-hurtos-en-el-municipio-de-ocana-norte-de-santander-y-rio-de-oro-cesar\/&amp;source=gmail&amp;ust=1655590664210000&amp;usg=AOvVaw06Shbg3RoWljWhfEhWdrj1\">\u00a0atracaban<\/a>\u00a0a los comerciantes y visitantes, intimid\u00e1ndolos con armas cortopunzantes.<\/p>\n<p style=\"font-weight: 400;\">La Fiscal\u00eda imput\u00f3 por los delitos de hurto calificado y agravado, los cuales no fueron aceptados, a las siguientes personas: Ingrith Jhoanna Cano Jim\u00e9nez, Alexis Gregorio Realza Rojas, Ra\u00fal Alberto Villazana Gonz\u00e1lez, alias Chino, Gregorio Josu\u00e9 D\u00edaz Machado y Yerixon Onel Hern\u00e1ndez Meza.<\/p>\n<p style=\"font-weight: 400;\">A la mujer, adem\u00e1s, se le imput\u00f3 el delito de lesiones personales por las heridas que al parecer le ocasion\u00f3 a una de las v\u00edctimas en medio de un atraco, en julio de 2021.<\/p>\n<p style=\"font-weight: 400;\">Se pudo establecer que los investigados se apoderaban de forma violenta de dinero en efectivo, equipos m\u00f3viles, documentos personales. As\u00ed mismo, que alias Chino habr\u00eda hurtado una motocicleta en abril reciente.<\/p>\n<p style=\"font-weight: 400;\">Un juez con funci\u00f3n de control de garant\u00edas aval\u00f3 los argumentos del ente acusador y profiri\u00f3\u00a0medida de aseguramiento privativa de la libertad en la\u00a0<a href=\"http:\/\/iscalia.gov.co\/colombia\/noticias\/medida-de-aseguramiento-para-un-hombre-que-habria-participado-en-varios-atracos-en-ocana-norte-de-santander\/\" data-saferedirecturl=\"https:\/\/www.google.com\/url?q=http:\/\/iscalia.gov.co\/colombia\/noticias\/medida-de-aseguramiento-para-un-hombre-que-habria-participado-en-varios-atracos-en-ocana-norte-de-santander\/&amp;source=gmail&amp;ust=1655590664210000&amp;usg=AOvVaw0Jn4SZ2JJCv8i9xTpx8Pua\">C\u00e1rcel<\/a>\u00a0de Oca\u00f1a<strong>.<\/strong><\/p>\n<p style=\"font-weight: 400;\"><strong>La Fiscal\u00eda habla con resultados.<\/strong><\/p>\n<p>&nbsp;<\/p>\n<p>&nbsp;<\/p>\n<p>&nbsp;<\/p>\n<p style=\"font-weight: 400;\">MPHA\/CFG\/ERS\/DSNS<\/p>\n<p>&nbsp;<\/p>\n<p>&nbsp;<\/p>\n<p style=\"font-weight: 400;\"><em>La informaci\u00f3n contenida en este bolet\u00edn de prensa corresponde a la narraci\u00f3n de los hechos noticiosos objetivos, suministrados por los funcionarios encargados de adelantar las investigaciones penales al interior de la Fiscal\u00eda General de la Naci\u00f3n. Para el momento de la divulgaci\u00f3n de este comunicado, la situaci\u00f3n jur\u00eddica de la(s) persona(s) relacionada(s) se encuentra pendiente de resolver por la autoridad judicial competente, siempre bajo los preceptos de la presunci\u00f3n de inocencia, consagrados en el art\u00edculo 29 de la Constituci\u00f3n Pol\u00edtica y el art\u00edculo 7\u00ba de la Ley 906 de 2004.<\/em><\/p>\n<p style=\"font-weight: 400;\">\n\n<div class=\"twitter-share\"><a href=\"https:\/\/twitter.com\/intent\/tweet?via=fiscaliacol\" class=\"twitter-share-button\">Tweet<\/a><\/div>\n","protected":false},"excerpt":{"rendered":"<p>La Fiscal\u00eda y la Polic\u00eda Nacional capturaron el pasado 15 de junio a una mujer y a cuatro hombres, se\u00f1alados de varios\u00a0hurtos\u00a0en Oca\u00f1a (Norte de Santander) en los alrededores de la plaza de mercado y la zona c\u00e9ntrica de esta ciudad. Seg\u00fan las indagaciones, delinqu\u00edan en la plaza de mercado de Oca\u00f1a, donde en grupo\u00a0\u00a0atracaban\u00a0a [&hellip;]<\/p>\n","protected":false},"author":177,"featured_media":0,"comment_status":"closed","ping_status":"open","sticky":false,"template":"","format":"standard","meta":{"tdm_status":"","tdm_grid_status":"","footnotes":""},"categories":[1,326,303,24099],"tags":[14550,1288,4614,23960,17967,25996,10084],"class_list":{"0":"post-251084","1":"post","2":"type-post","3":"status-publish","4":"format-standard","6":"category-noticias","7":"category-seccional-cucuta","8":"category-seccionales","9":"category-seguridad-territorial","10":"tag-carcel","11":"tag-denuncia","12":"tag-fiscalia-2","13":"tag-hurto","14":"tag-investigacion","15":"tag-ocana-norte-de-santander","16":"tag-seguridad"},"yoast_head":"<!-- This site is optimized with the Yoast SEO plugin v24.3 - https:\/\/yoast.com\/wordpress\/plugins\/seo\/ -->\n<title>Fiscal\u00eda General de la Naci\u00f3n<\/title>\n<meta name=\"description\" content=\"P\u00e1gina oficial de la Fiscal\u00eda General de la Naci\u00f3n \u2013 Colombia. Garantizamos el acceso efectivo a la justicia, la verdad y la reparaci\u00f3n de las v\u00edctimas de los delitos.\" \/>\n<meta name=\"robots\" content=\"noindex, follow\" \/>\n<meta property=\"og:locale\" content=\"es_ES\" \/>\n<meta property=\"og:type\" content=\"article\" \/>\n<meta property=\"og:title\" content=\"Fiscal\u00eda General de la Naci\u00f3n\" \/>\n<meta property=\"og:description\" content=\"P\u00e1gina oficial de la Fiscal\u00eda General de la Naci\u00f3n \u2013 Colombia. Garantizamos el acceso efectivo a la justicia, la verdad y la reparaci\u00f3n de las v\u00edctimas de los delitos.\" \/>\n<meta property=\"og:url\" content=\"https:\/\/www.fiscalia.gov.co\/colombia\/noticias\/aseguradas-cinco-personas-dedicadas-al-parecer-a-hurtar-en-la-plaza-de-mercado-de-ocana\/\" \/>\n<meta property=\"og:site_name\" content=\"Fiscal\u00eda General de la Naci\u00f3n\" \/>\n<meta property=\"article:publisher\" content=\"https:\/\/www.facebook.com\/FiscaliaCol\" \/>\n<meta property=\"article:published_time\" content=\"2022-06-17T22:20:32+00:00\" \/>\n<meta property=\"og:image\" content=\"https:\/\/www.fiscalia.gov.co\/colombia\/wp-content\/uploads\/Fiscal-Barbosa-Los-procesados-tendrian-como-zona-de-injerencia-la-plaza-de-mercado-para-atracar-en-grupl-a-comerciantes-y-visitantes..jpg\" \/>\n<meta name=\"author\" content=\"Jordan Leandro Oviedo Anzola\" \/>\n<meta name=\"twitter:card\" content=\"summary_large_image\" \/>\n<meta name=\"twitter:creator\" content=\"@FiscaliaCol\" \/>\n<meta name=\"twitter:site\" content=\"@FiscaliaCol\" \/>\n<meta name=\"twitter:label1\" content=\"Escrito por\" \/>\n\t<meta name=\"twitter:data1\" content=\"Jordan Leandro Oviedo Anzola\" \/>\n\t<meta name=\"twitter:label2\" content=\"Tiempo de lectura\" \/>\n\t<meta name=\"twitter:data2\" content=\"2 minutos\" \/>\n<script type=\"application\/ld+json\" class=\"yoast-schema-graph\">{\"@context\":\"https:\/\/schema.org\",\"@graph\":[{\"@type\":\"Article\",\"@id\":\"https:\/\/www.fiscalia.gov.co\/colombia\/noticias\/aseguradas-cinco-personas-dedicadas-al-parecer-a-hurtar-en-la-plaza-de-mercado-de-ocana\/#article\",\"isPartOf\":{\"@id\":\"https:\/\/www.fiscalia.gov.co\/colombia\/noticias\/aseguradas-cinco-personas-dedicadas-al-parecer-a-hurtar-en-la-plaza-de-mercado-de-ocana\/\"},\"author\":{\"name\":\"Jordan Leandro Oviedo Anzola\",\"@id\":\"https:\/\/www.fiscalia.gov.co\/colombia\/#\/schema\/person\/bf84402cf293a5393e9c70b111020b24\"},\"headline\":\"Aseguradas cinco personas dedicadas al parecer a hurtar en la plaza de mercado de Oca\u00f1a\",\"datePublished\":\"2022-06-17T22:20:32+00:00\",\"dateModified\":\"2022-06-17T22:20:32+00:00\",\"mainEntityOfPage\":{\"@id\":\"https:\/\/www.fiscalia.gov.co\/colombia\/noticias\/aseguradas-cinco-personas-dedicadas-al-parecer-a-hurtar-en-la-plaza-de-mercado-de-ocana\/\"},\"wordCount\":384,\"publisher\":{\"@id\":\"https:\/\/www.fiscalia.gov.co\/colombia\/#organization\"},\"image\":{\"@id\":\"https:\/\/www.fiscalia.gov.co\/colombia\/noticias\/aseguradas-cinco-personas-dedicadas-al-parecer-a-hurtar-en-la-plaza-de-mercado-de-ocana\/#primaryimage\"},\"thumbnailUrl\":\"https:\/\/www.fiscalia.gov.co\/colombia\/wp-content\/uploads\/Fiscal-Barbosa-Los-procesados-tendrian-como-zona-de-injerencia-la-plaza-de-mercado-para-atracar-en-grupl-a-comerciantes-y-visitantes..jpg\",\"keywords\":[\"C\u00e1rcel\",\"Denuncia\",\"Fiscal\u00eda\",\"Hurto\",\"Investigaci\u00f3n\",\"Oca\u00f1a (Norte de Santander)\",\"Seguridad\"],\"articleSection\":[\"Noticias\",\"Seccional C\u00facuta\",\"Seccionales\",\"Seguridad territorial\"],\"inLanguage\":\"es-CO\"},{\"@type\":\"WebPage\",\"@id\":\"https:\/\/www.fiscalia.gov.co\/colombia\/noticias\/aseguradas-cinco-personas-dedicadas-al-parecer-a-hurtar-en-la-plaza-de-mercado-de-ocana\/\",\"url\":\"https:\/\/www.fiscalia.gov.co\/colombia\/noticias\/aseguradas-cinco-personas-dedicadas-al-parecer-a-hurtar-en-la-plaza-de-mercado-de-ocana\/\",\"name\":\"Fiscal\u00eda General de la Naci\u00f3n\",\"isPartOf\":{\"@id\":\"https:\/\/www.fiscalia.gov.co\/colombia\/#website\"},\"primaryImageOfPage\":{\"@id\":\"https:\/\/www.fiscalia.gov.co\/colombia\/noticias\/aseguradas-cinco-personas-dedicadas-al-parecer-a-hurtar-en-la-plaza-de-mercado-de-ocana\/#primaryimage\"},\"image\":{\"@id\":\"https:\/\/www.fiscalia.gov.co\/colombia\/noticias\/aseguradas-cinco-personas-dedicadas-al-parecer-a-hurtar-en-la-plaza-de-mercado-de-ocana\/#primaryimage\"},\"thumbnailUrl\":\"https:\/\/www.fiscalia.gov.co\/colombia\/wp-content\/uploads\/Fiscal-Barbosa-Los-procesados-tendrian-como-zona-de-injerencia-la-plaza-de-mercado-para-atracar-en-grupl-a-comerciantes-y-visitantes..jpg\",\"datePublished\":\"2022-06-17T22:20:32+00:00\",\"dateModified\":\"2022-06-17T22:20:32+00:00\",\"description\":\"P\u00e1gina oficial de la Fiscal\u00eda General de la Naci\u00f3n \u2013 Colombia. Garantizamos el acceso efectivo a la justicia, la verdad y la reparaci\u00f3n de las v\u00edctimas de los delitos.\",\"breadcrumb\":{\"@id\":\"https:\/\/www.fiscalia.gov.co\/colombia\/noticias\/aseguradas-cinco-personas-dedicadas-al-parecer-a-hurtar-en-la-plaza-de-mercado-de-ocana\/#breadcrumb\"},\"inLanguage\":\"es-CO\",\"potentialAction\":[{\"@type\":\"ReadAction\",\"target\":[\"https:\/\/www.fiscalia.gov.co\/colombia\/noticias\/aseguradas-cinco-personas-dedicadas-al-parecer-a-hurtar-en-la-plaza-de-mercado-de-ocana\/\"]}]},{\"@type\":\"ImageObject\",\"inLanguage\":\"es-CO\",\"@id\":\"https:\/\/www.fiscalia.gov.co\/colombia\/noticias\/aseguradas-cinco-personas-dedicadas-al-parecer-a-hurtar-en-la-plaza-de-mercado-de-ocana\/#primaryimage\",\"url\":\"https:\/\/www.fiscalia.gov.co\/colombia\/wp-content\/uploads\/Fiscal-Barbosa-Los-procesados-tendrian-como-zona-de-injerencia-la-plaza-de-mercado-para-atracar-en-grupl-a-comerciantes-y-visitantes..jpg\",\"contentUrl\":\"https:\/\/www.fiscalia.gov.co\/colombia\/wp-content\/uploads\/Fiscal-Barbosa-Los-procesados-tendrian-como-zona-de-injerencia-la-plaza-de-mercado-para-atracar-en-grupl-a-comerciantes-y-visitantes..jpg\",\"width\":856,\"height\":642,\"caption\":\"Los procesados tendr\u00edan como zona de injerencia la plaza de mercado para atracar en grupl a comerciantes y visitantes.\"},{\"@type\":\"BreadcrumbList\",\"@id\":\"https:\/\/www.fiscalia.gov.co\/colombia\/noticias\/aseguradas-cinco-personas-dedicadas-al-parecer-a-hurtar-en-la-plaza-de-mercado-de-ocana\/#breadcrumb\",\"itemListElement\":[{\"@type\":\"ListItem\",\"position\":1,\"name\":\"Home\",\"item\":\"https:\/\/www.fiscalia.gov.co\/colombia\/\"},{\"@type\":\"ListItem\",\"position\":2,\"name\":\"Aseguradas cinco personas dedicadas al parecer a hurtar en la plaza de mercado de Oca\u00f1a\"}]},{\"@type\":\"WebSite\",\"@id\":\"https:\/\/www.fiscalia.gov.co\/colombia\/#website\",\"url\":\"https:\/\/www.fiscalia.gov.co\/colombia\/\",\"name\":\"Fiscal\u00eda General de la Naci\u00f3n\",\"description\":\"P\u00e1gina oficial de la Fiscal\u00eda General de la Naci\u00f3n \u2013 Colombia. Garantizamos el acceso efectivo a la justicia, la verdad y la reparaci\u00f3n de las v\u00edctimas de los delitos.\",\"publisher\":{\"@id\":\"https:\/\/www.fiscalia.gov.co\/colombia\/#organization\"},\"potentialAction\":[{\"@type\":\"SearchAction\",\"target\":{\"@type\":\"EntryPoint\",\"urlTemplate\":\"https:\/\/www.fiscalia.gov.co\/colombia\/?s={search_term_string}\"},\"query-input\":{\"@type\":\"PropertyValueSpecification\",\"valueRequired\":true,\"valueName\":\"search_term_string\"}}],\"inLanguage\":\"es-CO\"},{\"@type\":\"Organization\",\"@id\":\"https:\/\/www.fiscalia.gov.co\/colombia\/#organization\",\"name\":\"Fiscal\u00eda General de la Naci\u00f3n\",\"url\":\"https:\/\/www.fiscalia.gov.co\/colombia\/\",\"logo\":{\"@type\":\"ImageObject\",\"inLanguage\":\"es-CO\",\"@id\":\"https:\/\/www.fiscalia.gov.co\/colombia\/#\/schema\/logo\/image\/\",\"url\":\"https:\/\/www.fiscalia.gov.co\/colombia\/wp-content\/uploads\/LogoHorizontal_1.jpg\",\"contentUrl\":\"https:\/\/www.fiscalia.gov.co\/colombia\/wp-content\/uploads\/LogoHorizontal_1.jpg\",\"width\":300,\"height\":90,\"caption\":\"Fiscal\u00eda General de la Naci\u00f3n\"},\"image\":{\"@id\":\"https:\/\/www.fiscalia.gov.co\/colombia\/#\/schema\/logo\/image\/\"},\"sameAs\":[\"https:\/\/www.facebook.com\/FiscaliaCol\",\"https:\/\/x.com\/FiscaliaCol\",\"https:\/\/www.instagram.com\/fiscaliacol\",\"https:\/\/www.linkedin.com\/company\/fiscalia-general-de-la-naci-n\/\",\"https:\/\/youtube.com\/@fiscaliageneraldelanacion-4668?si=6nN79nyQICPU5iTh\"]},{\"@type\":\"Person\",\"@id\":\"https:\/\/www.fiscalia.gov.co\/colombia\/#\/schema\/person\/bf84402cf293a5393e9c70b111020b24\",\"name\":\"Jordan Leandro Oviedo Anzola\",\"image\":{\"@type\":\"ImageObject\",\"inLanguage\":\"es-CO\",\"@id\":\"https:\/\/www.fiscalia.gov.co\/colombia\/#\/schema\/person\/image\/\",\"url\":\"https:\/\/secure.gravatar.com\/avatar\/dabba4346fa9b9207d96adafa8f92721?s=96&d=mm&r=g\",\"contentUrl\":\"https:\/\/secure.gravatar.com\/avatar\/dabba4346fa9b9207d96adafa8f92721?s=96&d=mm&r=g\",\"caption\":\"Jordan Leandro Oviedo Anzola\"},\"url\":\"https:\/\/www.fiscalia.gov.co\/colombia\/author\/joviedo\/\"}]}<\/script>\n<!-- \/ Yoast SEO plugin. -->","yoast_head_json":{"title":"Fiscal\u00eda General de la Naci\u00f3n","description":"P\u00e1gina oficial de la Fiscal\u00eda General de la Naci\u00f3n \u2013 Colombia. Garantizamos el acceso efectivo a la justicia, la verdad y la reparaci\u00f3n de las v\u00edctimas de los delitos.","robots":{"index":"noindex","follow":"follow"},"og_locale":"es_ES","og_type":"article","og_title":"Fiscal\u00eda General de la Naci\u00f3n","og_description":"P\u00e1gina oficial de la Fiscal\u00eda General de la Naci\u00f3n \u2013 Colombia. Garantizamos el acceso efectivo a la justicia, la verdad y la reparaci\u00f3n de las v\u00edctimas de los delitos.","og_url":"https:\/\/www.fiscalia.gov.co\/colombia\/noticias\/aseguradas-cinco-personas-dedicadas-al-parecer-a-hurtar-en-la-plaza-de-mercado-de-ocana\/","og_site_name":"Fiscal\u00eda General de la Naci\u00f3n","article_publisher":"https:\/\/www.facebook.com\/FiscaliaCol","article_published_time":"2022-06-17T22:20:32+00:00","og_image":[{"url":"https:\/\/www.fiscalia.gov.co\/colombia\/wp-content\/uploads\/Fiscal-Barbosa-Los-procesados-tendrian-como-zona-de-injerencia-la-plaza-de-mercado-para-atracar-en-grupl-a-comerciantes-y-visitantes..jpg","type":"","width":"","height":""}],"author":"Jordan Leandro Oviedo Anzola","twitter_card":"summary_large_image","twitter_creator":"@FiscaliaCol","twitter_site":"@FiscaliaCol","twitter_misc":{"Escrito por":"Jordan Leandro Oviedo Anzola","Tiempo de lectura":"2 minutos"},"schema":{"@context":"https:\/\/schema.org","@graph":[{"@type":"Article","@id":"https:\/\/www.fiscalia.gov.co\/colombia\/noticias\/aseguradas-cinco-personas-dedicadas-al-parecer-a-hurtar-en-la-plaza-de-mercado-de-ocana\/#article","isPartOf":{"@id":"https:\/\/www.fiscalia.gov.co\/colombia\/noticias\/aseguradas-cinco-personas-dedicadas-al-parecer-a-hurtar-en-la-plaza-de-mercado-de-ocana\/"},"author":{"name":"Jordan Leandro Oviedo Anzola","@id":"https:\/\/www.fiscalia.gov.co\/colombia\/#\/schema\/person\/bf84402cf293a5393e9c70b111020b24"},"headline":"Aseguradas cinco personas dedicadas al parecer a hurtar en la plaza de mercado de Oca\u00f1a","datePublished":"2022-06-17T22:20:32+00:00","dateModified":"2022-06-17T22:20:32+00:00","mainEntityOfPage":{"@id":"https:\/\/www.fiscalia.gov.co\/colombia\/noticias\/aseguradas-cinco-personas-dedicadas-al-parecer-a-hurtar-en-la-plaza-de-mercado-de-ocana\/"},"wordCount":384,"publisher":{"@id":"https:\/\/www.fiscalia.gov.co\/colombia\/#organization"},"image":{"@id":"https:\/\/www.fiscalia.gov.co\/colombia\/noticias\/aseguradas-cinco-personas-dedicadas-al-parecer-a-hurtar-en-la-plaza-de-mercado-de-ocana\/#primaryimage"},"thumbnailUrl":"https:\/\/www.fiscalia.gov.co\/colombia\/wp-content\/uploads\/Fiscal-Barbosa-Los-procesados-tendrian-como-zona-de-injerencia-la-plaza-de-mercado-para-atracar-en-grupl-a-comerciantes-y-visitantes..jpg","keywords":["C\u00e1rcel","Denuncia","Fiscal\u00eda","Hurto","Investigaci\u00f3n","Oca\u00f1a (Norte de Santander)","Seguridad"],"articleSection":["Noticias","Seccional C\u00facuta","Seccionales","Seguridad territorial"],"inLanguage":"es-CO"},{"@type":"WebPage","@id":"https:\/\/www.fiscalia.gov.co\/colombia\/noticias\/aseguradas-cinco-personas-dedicadas-al-parecer-a-hurtar-en-la-plaza-de-mercado-de-ocana\/","url":"https:\/\/www.fiscalia.gov.co\/colombia\/noticias\/aseguradas-cinco-personas-dedicadas-al-parecer-a-hurtar-en-la-plaza-de-mercado-de-ocana\/","name":"Fiscal\u00eda General de la Naci\u00f3n","isPartOf":{"@id":"https:\/\/www.fiscalia.gov.co\/colombia\/#website"},"primaryImageOfPage":{"@id":"https:\/\/www.fiscalia.gov.co\/colombia\/noticias\/aseguradas-cinco-personas-dedicadas-al-parecer-a-hurtar-en-la-plaza-de-mercado-de-ocana\/#primaryimage"},"image":{"@id":"https:\/\/www.fiscalia.gov.co\/colombia\/noticias\/aseguradas-cinco-personas-dedicadas-al-parecer-a-hurtar-en-la-plaza-de-mercado-de-ocana\/#primaryimage"},"thumbnailUrl":"https:\/\/www.fiscalia.gov.co\/colombia\/wp-content\/uploads\/Fiscal-Barbosa-Los-procesados-tendrian-como-zona-de-injerencia-la-plaza-de-mercado-para-atracar-en-grupl-a-comerciantes-y-visitantes..jpg","datePublished":"2022-06-17T22:20:32+00:00","dateModified":"2022-06-17T22:20:32+00:00","description":"P\u00e1gina oficial de la Fiscal\u00eda General de la Naci\u00f3n \u2013 Colombia. Garantizamos el acceso efectivo a la justicia, la verdad y la reparaci\u00f3n de las v\u00edctimas de los delitos.","breadcrumb":{"@id":"https:\/\/www.fiscalia.gov.co\/colombia\/noticias\/aseguradas-cinco-personas-dedicadas-al-parecer-a-hurtar-en-la-plaza-de-mercado-de-ocana\/#breadcrumb"},"inLanguage":"es-CO","potentialAction":[{"@type":"ReadAction","target":["https:\/\/www.fiscalia.gov.co\/colombia\/noticias\/aseguradas-cinco-personas-dedicadas-al-parecer-a-hurtar-en-la-plaza-de-mercado-de-ocana\/"]}]},{"@type":"ImageObject","inLanguage":"es-CO","@id":"https:\/\/www.fiscalia.gov.co\/colombia\/noticias\/aseguradas-cinco-personas-dedicadas-al-parecer-a-hurtar-en-la-plaza-de-mercado-de-ocana\/#primaryimage","url":"https:\/\/www.fiscalia.gov.co\/colombia\/wp-content\/uploads\/Fiscal-Barbosa-Los-procesados-tendrian-como-zona-de-injerencia-la-plaza-de-mercado-para-atracar-en-grupl-a-comerciantes-y-visitantes..jpg","contentUrl":"https:\/\/www.fiscalia.gov.co\/colombia\/wp-content\/uploads\/Fiscal-Barbosa-Los-procesados-tendrian-como-zona-de-injerencia-la-plaza-de-mercado-para-atracar-en-grupl-a-comerciantes-y-visitantes..jpg","width":856,"height":642,"caption":"Los procesados tendr\u00edan como zona de injerencia la plaza de mercado para atracar en grupl a comerciantes y visitantes."},{"@type":"BreadcrumbList","@id":"https:\/\/www.fiscalia.gov.co\/colombia\/noticias\/aseguradas-cinco-personas-dedicadas-al-parecer-a-hurtar-en-la-plaza-de-mercado-de-ocana\/#breadcrumb","itemListElement":[{"@type":"ListItem","position":1,"name":"Home","item":"https:\/\/www.fiscalia.gov.co\/colombia\/"},{"@type":"ListItem","position":2,"name":"Aseguradas cinco personas dedicadas al parecer a hurtar en la plaza de mercado de Oca\u00f1a"}]},{"@type":"WebSite","@id":"https:\/\/www.fiscalia.gov.co\/colombia\/#website","url":"https:\/\/www.fiscalia.gov.co\/colombia\/","name":"Fiscal\u00eda General de la Naci\u00f3n","description":"P\u00e1gina oficial de la Fiscal\u00eda General de la Naci\u00f3n \u2013 Colombia. Garantizamos el acceso efectivo a la justicia, la verdad y la reparaci\u00f3n de las v\u00edctimas de los delitos.","publisher":{"@id":"https:\/\/www.fiscalia.gov.co\/colombia\/#organization"},"potentialAction":[{"@type":"SearchAction","target":{"@type":"EntryPoint","urlTemplate":"https:\/\/www.fiscalia.gov.co\/colombia\/?s={search_term_string}"},"query-input":{"@type":"PropertyValueSpecification","valueRequired":true,"valueName":"search_term_string"}}],"inLanguage":"es-CO"},{"@type":"Organization","@id":"https:\/\/www.fiscalia.gov.co\/colombia\/#organization","name":"Fiscal\u00eda General de la Naci\u00f3n","url":"https:\/\/www.fiscalia.gov.co\/colombia\/","logo":{"@type":"ImageObject","inLanguage":"es-CO","@id":"https:\/\/www.fiscalia.gov.co\/colombia\/#\/schema\/logo\/image\/","url":"https:\/\/www.fiscalia.gov.co\/colombia\/wp-content\/uploads\/LogoHorizontal_1.jpg","contentUrl":"https:\/\/www.fiscalia.gov.co\/colombia\/wp-content\/uploads\/LogoHorizontal_1.jpg","width":300,"height":90,"caption":"Fiscal\u00eda General de la Naci\u00f3n"},"image":{"@id":"https:\/\/www.fiscalia.gov.co\/colombia\/#\/schema\/logo\/image\/"},"sameAs":["https:\/\/www.facebook.com\/FiscaliaCol","https:\/\/x.com\/FiscaliaCol","https:\/\/www.instagram.com\/fiscaliacol","https:\/\/www.linkedin.com\/company\/fiscalia-general-de-la-naci-n\/","https:\/\/youtube.com\/@fiscaliageneraldelanacion-4668?si=6nN79nyQICPU5iTh"]},{"@type":"Person","@id":"https:\/\/www.fiscalia.gov.co\/colombia\/#\/schema\/person\/bf84402cf293a5393e9c70b111020b24","name":"Jordan Leandro Oviedo Anzola","image":{"@type":"ImageObject","inLanguage":"es-CO","@id":"https:\/\/www.fiscalia.gov.co\/colombia\/#\/schema\/person\/image\/","url":"https:\/\/secure.gravatar.com\/avatar\/dabba4346fa9b9207d96adafa8f92721?s=96&d=mm&r=g","contentUrl":"https:\/\/secure.gravatar.com\/avatar\/dabba4346fa9b9207d96adafa8f92721?s=96&d=mm&r=g","caption":"Jordan Leandro Oviedo Anzola"},"url":"https:\/\/www.fiscalia.gov.co\/colombia\/author\/joviedo\/"}]}},"_links":{"self":[{"href":"https:\/\/www.fiscalia.gov.co\/colombia\/wp-json\/wp\/v2\/posts\/251084","targetHints":{"allow":["GET"]}}],"collection":[{"href":"https:\/\/www.fiscalia.gov.co\/colombia\/wp-json\/wp\/v2\/posts"}],"about":[{"href":"https:\/\/www.fiscalia.gov.co\/colombia\/wp-json\/wp\/v2\/types\/post"}],"author":[{"embeddable":true,"href":"https:\/\/www.fiscalia.gov.co\/colombia\/wp-json\/wp\/v2\/users\/177"}],"replies":[{"embeddable":true,"href":"https:\/\/www.fiscalia.gov.co\/colombia\/wp-json\/wp\/v2\/comments?post=251084"}],"version-history":[{"count":1,"href":"https:\/\/www.fiscalia.gov.co\/colombia\/wp-json\/wp\/v2\/posts\/251084\/revisions"}],"predecessor-version":[{"id":251086,"href":"https:\/\/www.fiscalia.gov.co\/colombia\/wp-json\/wp\/v2\/posts\/251084\/revisions\/251086"}],"wp:attachment":[{"href":"https:\/\/www.fiscalia.gov.co\/colombia\/wp-json\/wp\/v2\/media?parent=251084"}],"wp:term":[{"taxonomy":"category","embeddable":true,"href":"https:\/\/www.fiscalia.gov.co\/colombia\/wp-json\/wp\/v2\/categories?post=251084"},{"taxonomy":"post_tag","embeddable":true,"href":"https:\/\/www.fiscalia.gov.co\/colombia\/wp-json\/wp\/v2\/tags?post=251084"}],"curies":[{"name":"wp","href":"https:\/\/api.w.org\/{rel}","templated":true}]}}