{"id":251076,"date":"2022-06-17T16:54:36","date_gmt":"2022-06-17T21:54:36","guid":{"rendered":"https:\/\/www.fiscalia.gov.co\/colombia\/?p=251076"},"modified":"2022-06-17T16:54:36","modified_gmt":"2022-06-17T21:54:36","slug":"a-la-carcel-el-padrastro-y-la-madre-de-un-nino-de-9-anos-que-esta-en-cuidados-intensivos-por-multiples-lesiones","status":"publish","type":"post","link":"https:\/\/www.fiscalia.gov.co\/colombia\/noticias\/a-la-carcel-el-padrastro-y-la-madre-de-un-nino-de-9-anos-que-esta-en-cuidados-intensivos-por-multiples-lesiones\/","title":{"rendered":"A la c\u00e1rcel el padrastro y la madre de un ni\u00f1o de 9 a\u00f1os que est\u00e1 en cuidados intensivos por m\u00faltiples lesiones"},"content":{"rendered":"<h4><strong><em>\u00a0Seg\u00fan el diagn\u00f3stico forense el menor al parecer fue amarrado en sus brazos y manos y presenta un trauma craneoencef\u00e1lico por elemento contundente.\u00a0<\/em><\/strong><\/h4>\n<p>Por la contundencia del material probatorio presentado por un fiscal de la Seccional Cali, un juez penal priv\u00f3 de la libertad en centro carcelario a la madre de un menor de 9 y a su compa\u00f1ero sentimental, quienes le habr\u00edan propinado golpizas reiterativas al menor que se encuentra en cuidados intensivos en el\u00a0Hospital Universitario del Valle (HUV).<\/p>\n<figure id=\"attachment_251077\" aria-describedby=\"caption-attachment-251077\" style=\"width: 696px\" class=\"wp-caption aligncenter\"><img loading=\"lazy\" decoding=\"async\" class=\"size-large wp-image-251077\" src=\"https:\/\/www.fiscalia.gov.co\/colombia\/wp-content\/uploads\/Fiscal-Barbosa-La-madre-del-menor-y-su-companero-sentimental-fueron-asegurados-por-un-juez-penal-de-Cali-por-el-delito-de-homicidio-agravado-en-grado-de-tentativa.-1024x576.jpg\" alt=\"\" width=\"696\" height=\"392\" srcset=\"https:\/\/www.fiscalia.gov.co\/colombia\/wp-content\/uploads\/Fiscal-Barbosa-La-madre-del-menor-y-su-companero-sentimental-fueron-asegurados-por-un-juez-penal-de-Cali-por-el-delito-de-homicidio-agravado-en-grado-de-tentativa.-1024x576.jpg 1024w, https:\/\/www.fiscalia.gov.co\/colombia\/wp-content\/uploads\/Fiscal-Barbosa-La-madre-del-menor-y-su-companero-sentimental-fueron-asegurados-por-un-juez-penal-de-Cali-por-el-delito-de-homicidio-agravado-en-grado-de-tentativa.-300x169.jpg 300w, https:\/\/www.fiscalia.gov.co\/colombia\/wp-content\/uploads\/Fiscal-Barbosa-La-madre-del-menor-y-su-companero-sentimental-fueron-asegurados-por-un-juez-penal-de-Cali-por-el-delito-de-homicidio-agravado-en-grado-de-tentativa.-768x432.jpg 768w, https:\/\/www.fiscalia.gov.co\/colombia\/wp-content\/uploads\/Fiscal-Barbosa-La-madre-del-menor-y-su-companero-sentimental-fueron-asegurados-por-un-juez-penal-de-Cali-por-el-delito-de-homicidio-agravado-en-grado-de-tentativa.-696x392.jpg 696w, https:\/\/www.fiscalia.gov.co\/colombia\/wp-content\/uploads\/Fiscal-Barbosa-La-madre-del-menor-y-su-companero-sentimental-fueron-asegurados-por-un-juez-penal-de-Cali-por-el-delito-de-homicidio-agravado-en-grado-de-tentativa.-1068x601.jpg 1068w, https:\/\/www.fiscalia.gov.co\/colombia\/wp-content\/uploads\/Fiscal-Barbosa-La-madre-del-menor-y-su-companero-sentimental-fueron-asegurados-por-un-juez-penal-de-Cali-por-el-delito-de-homicidio-agravado-en-grado-de-tentativa.-747x420.jpg 747w, https:\/\/www.fiscalia.gov.co\/colombia\/wp-content\/uploads\/Fiscal-Barbosa-La-madre-del-menor-y-su-companero-sentimental-fueron-asegurados-por-un-juez-penal-de-Cali-por-el-delito-de-homicidio-agravado-en-grado-de-tentativa..jpg 1280w\" sizes=\"auto, (max-width: 696px) 100vw, 696px\" \/><figcaption id=\"caption-attachment-251077\" class=\"wp-caption-text\">La madre del menor y su compa\u00f1ero sentimental fueron asegurados por un juez penal de Cali por el delito de homicidio agravado en grado de tentativa.<\/figcaption><\/figure>\n<p>M\u00e9dicos forenses del Instituto de Medicina Legal realizaron la valoraci\u00f3n m\u00e9dica del menor y encontraron un trauma craneoencef\u00e1lico provocado por un elemento contundente,\u00a0lesiones\u00a0progresivas causadas con diversos objetos contundentes, cicatrices antiguas y otras en proceso de cierre.\u00a0Igualmente, encontraron que el ni\u00f1o hab\u00eda sido azotado con un l\u00e1tigo por las laceraciones encontradas en su espalda.<\/p>\n<p>De acuerdo con el diagn\u00f3stico, el menor era amarrado con cuerdas en sus brazos y manos de acuerdo con las se\u00f1ales que presenta en sus mu\u00f1ecas y habr\u00eda sido encerrado en una habitaci\u00f3n de la casa.<\/p>\n<p>Los hechos por los cuales la pareja fue asegurada ocurrieron el pasado 21 de febrero de 2022, en la vereda Cachimbal del municipio de Vijes (Valle del Cauca), en donde el hijo de la asegurada fue objeto al parecer de una violenta golpiza y tuvo que ser remitido a un centro hospitalario en Restrepo.<\/p>\n<p>Debido al cuadro cl\u00ednico complejo de violencia en su cuerpo, la v\u00edctima fue trasladada a un centro asistencial de Buga, que finalmente debi\u00f3 remitirlo al\u00a0 HUV, en Cali, debido a la gravedad de sus heridas. Personal especializado del hospital inform\u00f3 a la Fiscal\u00eda del cuadro m\u00e9dico de cicatrices y lesiones que presentaba el menor en su cuerpo.<\/p>\n<p><strong>Custodia cr\u00edtica\u00a0<\/strong><\/p>\n<p>Seg\u00fan la investigaci\u00f3n, en octubre de 2021 la madre del menor habr\u00eda recibido la custodia del ni\u00f1o ya que el padre, quien lo cuidaba, muri\u00f3 por Covid-19. El diagn\u00f3stico m\u00e9dico certific\u00f3 que el menor ven\u00eda padeciendo el maltrato desde febrero de este a\u00f1o, fecha en la que ya estaba conviviendo con su mam\u00e1 y su padrastro.<\/p>\n<p>La pareja fue capturada el pasado 13 de junio de por servidores del Cuerpo T\u00e9cnico de Investigaci\u00f3n. El menor, entre tanto,\u00a0 permanece en cuidados intensivos en la Unidad de Pediatr\u00eda del HUV y est\u00e1 bajo la custodia del Instituto Colombiano de Bienestar Familiar.<\/p>\n<p>La Fiscal\u00eda los imput\u00f3 por los delitos de\u00a0homicidio agravado en grado de tentativa. Y el juez emiti\u00f3 la orden para que la mujer sea trasladada al pabell\u00f3n de mujeres de la C\u00e1rcel de Jamund\u00ed, mientras que su su compa\u00f1ero sentimental fue puesto a disposici\u00f3n del INPEC en la c\u00e1rcel de Villahermosa.<\/p>\n<p><strong>La Fiscal\u00eda habla con resultados.\u00a0<\/strong><\/p>\n<p>&nbsp;<\/p>\n<p>JGP\/CFG\/JLH\/DSC<\/p>\n<p>&nbsp;<\/p>\n<p>&nbsp;<\/p>\n<div class=\"td-post-content tagdiv-type\">\n<div class=\"td-post-content tagdiv-type\">\n<div class=\"td-post-content tagdiv-type\">\n<p><i>La informaci\u00f3n contenida en este bolet\u00edn de prensa corresponde a la narraci\u00f3n de los hechos noticiosos objetivos, suministrados por los funcionarios encargados de adelantar las investigaciones penales al interior de la Fiscal\u00eda General de la Naci\u00f3n. Para el momento de la divulgaci\u00f3n de este comunicado, la situaci\u00f3n jur\u00eddica de la(s) persona(s) relacionada(s) se encuentra pendiente de resolver por la autoridad judicial competente, siempre bajo los preceptos de la presunci\u00f3n de inocencia, consagrados en el art\u00edculo 29 de la Constituci\u00f3n Pol\u00edtica y el art\u00edculo 7\u00ba de la Ley 906 de 2004.\u00a0 \u00a0<\/i><\/p>\n<\/div>\n<\/div>\n<\/div>\n\n<div class=\"twitter-share\"><a href=\"https:\/\/twitter.com\/intent\/tweet?via=fiscaliacol\" class=\"twitter-share-button\">Tweet<\/a><\/div>\n","protected":false},"excerpt":{"rendered":"<p>\u00a0Seg\u00fan el diagn\u00f3stico forense el menor al parecer fue amarrado en sus brazos y manos y presenta un trauma craneoencef\u00e1lico por elemento contundente.\u00a0 Por la contundencia del material probatorio presentado por un fiscal de la Seccional Cali, un juez penal priv\u00f3 de la libertad en centro carcelario a la madre de un menor de 9 [&hellip;]<\/p>\n","protected":false},"author":177,"featured_media":0,"comment_status":"closed","ping_status":"open","sticky":false,"template":"","format":"standard","meta":{"tdm_status":"","tdm_grid_status":"","footnotes":""},"categories":[1,324,303,24127],"tags":[24526,24481,1047,11524,1144,31863],"class_list":{"0":"post-251076","1":"post","2":"type-post","3":"status-publish","4":"format-standard","6":"category-noticias","7":"category-seccional-cali","8":"category-seccionales","9":"category-violencia-sexual-e-intrafamiliar","10":"tag-fiscal-general-francisco-barbosa-delgado","11":"tag-fiscalia-de-colombia","12":"tag-fiscalia-general-de-la-nacion","13":"tag-homicidio-agravado-en-grado-de-tentativa","14":"tag-lesiones","15":"tag-vijes-valle-del-cauca"},"yoast_head":"<!-- This site is optimized with the Yoast SEO plugin v24.3 - https:\/\/yoast.com\/wordpress\/plugins\/seo\/ -->\n<title>Fiscal\u00eda General de la Naci\u00f3n<\/title>\n<meta name=\"description\" content=\"P\u00e1gina oficial de la Fiscal\u00eda General de la Naci\u00f3n \u2013 Colombia. Garantizamos el acceso efectivo a la justicia, la verdad y la reparaci\u00f3n de las v\u00edctimas de los delitos.\" \/>\n<meta name=\"robots\" content=\"noindex, follow\" \/>\n<meta property=\"og:locale\" content=\"es_ES\" \/>\n<meta property=\"og:type\" content=\"article\" \/>\n<meta property=\"og:title\" content=\"Fiscal\u00eda General de la Naci\u00f3n\" \/>\n<meta property=\"og:description\" content=\"P\u00e1gina oficial de la Fiscal\u00eda General de la Naci\u00f3n \u2013 Colombia. Garantizamos el acceso efectivo a la justicia, la verdad y la reparaci\u00f3n de las v\u00edctimas de los delitos.\" \/>\n<meta property=\"og:url\" content=\"https:\/\/www.fiscalia.gov.co\/colombia\/noticias\/a-la-carcel-el-padrastro-y-la-madre-de-un-nino-de-9-anos-que-esta-en-cuidados-intensivos-por-multiples-lesiones\/\" \/>\n<meta property=\"og:site_name\" content=\"Fiscal\u00eda General de la Naci\u00f3n\" \/>\n<meta property=\"article:publisher\" content=\"https:\/\/www.facebook.com\/FiscaliaCol\" \/>\n<meta property=\"article:published_time\" content=\"2022-06-17T21:54:36+00:00\" \/>\n<meta property=\"og:image\" content=\"https:\/\/www.fiscalia.gov.co\/colombia\/wp-content\/uploads\/Fiscal-Barbosa-La-madre-del-menor-y-su-companero-sentimental-fueron-asegurados-por-un-juez-penal-de-Cali-por-el-delito-de-homicidio-agravado-en-grado-de-tentativa.-1024x576.jpg\" \/>\n<meta name=\"author\" content=\"Jordan Leandro Oviedo Anzola\" \/>\n<meta name=\"twitter:card\" content=\"summary_large_image\" \/>\n<meta name=\"twitter:creator\" content=\"@FiscaliaCol\" \/>\n<meta name=\"twitter:site\" content=\"@FiscaliaCol\" \/>\n<meta name=\"twitter:label1\" content=\"Escrito por\" \/>\n\t<meta name=\"twitter:data1\" content=\"Jordan Leandro Oviedo Anzola\" \/>\n\t<meta name=\"twitter:label2\" content=\"Tiempo de lectura\" \/>\n\t<meta name=\"twitter:data2\" content=\"3 minutos\" \/>\n<script type=\"application\/ld+json\" class=\"yoast-schema-graph\">{\"@context\":\"https:\/\/schema.org\",\"@graph\":[{\"@type\":\"Article\",\"@id\":\"https:\/\/www.fiscalia.gov.co\/colombia\/noticias\/a-la-carcel-el-padrastro-y-la-madre-de-un-nino-de-9-anos-que-esta-en-cuidados-intensivos-por-multiples-lesiones\/#article\",\"isPartOf\":{\"@id\":\"https:\/\/www.fiscalia.gov.co\/colombia\/noticias\/a-la-carcel-el-padrastro-y-la-madre-de-un-nino-de-9-anos-que-esta-en-cuidados-intensivos-por-multiples-lesiones\/\"},\"author\":{\"name\":\"Jordan Leandro Oviedo Anzola\",\"@id\":\"https:\/\/www.fiscalia.gov.co\/colombia\/#\/schema\/person\/bf84402cf293a5393e9c70b111020b24\"},\"headline\":\"A la c\u00e1rcel el padrastro y la madre de un ni\u00f1o de 9 a\u00f1os que est\u00e1 en cuidados intensivos por m\u00faltiples lesiones\",\"datePublished\":\"2022-06-17T21:54:36+00:00\",\"dateModified\":\"2022-06-17T21:54:36+00:00\",\"mainEntityOfPage\":{\"@id\":\"https:\/\/www.fiscalia.gov.co\/colombia\/noticias\/a-la-carcel-el-padrastro-y-la-madre-de-un-nino-de-9-anos-que-esta-en-cuidados-intensivos-por-multiples-lesiones\/\"},\"wordCount\":645,\"publisher\":{\"@id\":\"https:\/\/www.fiscalia.gov.co\/colombia\/#organization\"},\"image\":{\"@id\":\"https:\/\/www.fiscalia.gov.co\/colombia\/noticias\/a-la-carcel-el-padrastro-y-la-madre-de-un-nino-de-9-anos-que-esta-en-cuidados-intensivos-por-multiples-lesiones\/#primaryimage\"},\"thumbnailUrl\":\"https:\/\/www.fiscalia.gov.co\/colombia\/wp-content\/uploads\/Fiscal-Barbosa-La-madre-del-menor-y-su-companero-sentimental-fueron-asegurados-por-un-juez-penal-de-Cali-por-el-delito-de-homicidio-agravado-en-grado-de-tentativa.-1024x576.jpg\",\"keywords\":[\"Fiscal General Francisco Barbosa Delgado\",\"Fiscal\u00eda de Colombia\",\"Fiscal\u00eda General de la Naci\u00f3n\",\"homicidio agravado en grado de tentativa\",\"Lesiones\",\"Vijes (Valle del Cauca)\"],\"articleSection\":[\"Noticias\",\"Seccional Cali\",\"Seccionales\",\"Violencia sexual e intrafamiliar\"],\"inLanguage\":\"es-CO\"},{\"@type\":\"WebPage\",\"@id\":\"https:\/\/www.fiscalia.gov.co\/colombia\/noticias\/a-la-carcel-el-padrastro-y-la-madre-de-un-nino-de-9-anos-que-esta-en-cuidados-intensivos-por-multiples-lesiones\/\",\"url\":\"https:\/\/www.fiscalia.gov.co\/colombia\/noticias\/a-la-carcel-el-padrastro-y-la-madre-de-un-nino-de-9-anos-que-esta-en-cuidados-intensivos-por-multiples-lesiones\/\",\"name\":\"Fiscal\u00eda General de la Naci\u00f3n\",\"isPartOf\":{\"@id\":\"https:\/\/www.fiscalia.gov.co\/colombia\/#website\"},\"primaryImageOfPage\":{\"@id\":\"https:\/\/www.fiscalia.gov.co\/colombia\/noticias\/a-la-carcel-el-padrastro-y-la-madre-de-un-nino-de-9-anos-que-esta-en-cuidados-intensivos-por-multiples-lesiones\/#primaryimage\"},\"image\":{\"@id\":\"https:\/\/www.fiscalia.gov.co\/colombia\/noticias\/a-la-carcel-el-padrastro-y-la-madre-de-un-nino-de-9-anos-que-esta-en-cuidados-intensivos-por-multiples-lesiones\/#primaryimage\"},\"thumbnailUrl\":\"https:\/\/www.fiscalia.gov.co\/colombia\/wp-content\/uploads\/Fiscal-Barbosa-La-madre-del-menor-y-su-companero-sentimental-fueron-asegurados-por-un-juez-penal-de-Cali-por-el-delito-de-homicidio-agravado-en-grado-de-tentativa.-1024x576.jpg\",\"datePublished\":\"2022-06-17T21:54:36+00:00\",\"dateModified\":\"2022-06-17T21:54:36+00:00\",\"description\":\"P\u00e1gina oficial de la Fiscal\u00eda General de la Naci\u00f3n \u2013 Colombia. Garantizamos el acceso efectivo a la justicia, la verdad y la reparaci\u00f3n de las v\u00edctimas de los delitos.\",\"breadcrumb\":{\"@id\":\"https:\/\/www.fiscalia.gov.co\/colombia\/noticias\/a-la-carcel-el-padrastro-y-la-madre-de-un-nino-de-9-anos-que-esta-en-cuidados-intensivos-por-multiples-lesiones\/#breadcrumb\"},\"inLanguage\":\"es-CO\",\"potentialAction\":[{\"@type\":\"ReadAction\",\"target\":[\"https:\/\/www.fiscalia.gov.co\/colombia\/noticias\/a-la-carcel-el-padrastro-y-la-madre-de-un-nino-de-9-anos-que-esta-en-cuidados-intensivos-por-multiples-lesiones\/\"]}]},{\"@type\":\"ImageObject\",\"inLanguage\":\"es-CO\",\"@id\":\"https:\/\/www.fiscalia.gov.co\/colombia\/noticias\/a-la-carcel-el-padrastro-y-la-madre-de-un-nino-de-9-anos-que-esta-en-cuidados-intensivos-por-multiples-lesiones\/#primaryimage\",\"url\":\"https:\/\/www.fiscalia.gov.co\/colombia\/wp-content\/uploads\/Fiscal-Barbosa-La-madre-del-menor-y-su-companero-sentimental-fueron-asegurados-por-un-juez-penal-de-Cali-por-el-delito-de-homicidio-agravado-en-grado-de-tentativa..jpg\",\"contentUrl\":\"https:\/\/www.fiscalia.gov.co\/colombia\/wp-content\/uploads\/Fiscal-Barbosa-La-madre-del-menor-y-su-companero-sentimental-fueron-asegurados-por-un-juez-penal-de-Cali-por-el-delito-de-homicidio-agravado-en-grado-de-tentativa..jpg\",\"width\":1280,\"height\":720,\"caption\":\"La madre del menor y su compa\u00f1ero sentimental fueron asegurados por un juez penal de Cali por el delito de homicidio agravado en grado de tentativa.\"},{\"@type\":\"BreadcrumbList\",\"@id\":\"https:\/\/www.fiscalia.gov.co\/colombia\/noticias\/a-la-carcel-el-padrastro-y-la-madre-de-un-nino-de-9-anos-que-esta-en-cuidados-intensivos-por-multiples-lesiones\/#breadcrumb\",\"itemListElement\":[{\"@type\":\"ListItem\",\"position\":1,\"name\":\"Home\",\"item\":\"https:\/\/www.fiscalia.gov.co\/colombia\/\"},{\"@type\":\"ListItem\",\"position\":2,\"name\":\"A la c\u00e1rcel el padrastro y la madre de un ni\u00f1o de 9 a\u00f1os que est\u00e1 en cuidados intensivos por m\u00faltiples lesiones\"}]},{\"@type\":\"WebSite\",\"@id\":\"https:\/\/www.fiscalia.gov.co\/colombia\/#website\",\"url\":\"https:\/\/www.fiscalia.gov.co\/colombia\/\",\"name\":\"Fiscal\u00eda General de la Naci\u00f3n\",\"description\":\"P\u00e1gina oficial de la Fiscal\u00eda General de la Naci\u00f3n \u2013 Colombia. Garantizamos el acceso efectivo a la justicia, la verdad y la reparaci\u00f3n de las v\u00edctimas de los delitos.\",\"publisher\":{\"@id\":\"https:\/\/www.fiscalia.gov.co\/colombia\/#organization\"},\"potentialAction\":[{\"@type\":\"SearchAction\",\"target\":{\"@type\":\"EntryPoint\",\"urlTemplate\":\"https:\/\/www.fiscalia.gov.co\/colombia\/?s={search_term_string}\"},\"query-input\":{\"@type\":\"PropertyValueSpecification\",\"valueRequired\":true,\"valueName\":\"search_term_string\"}}],\"inLanguage\":\"es-CO\"},{\"@type\":\"Organization\",\"@id\":\"https:\/\/www.fiscalia.gov.co\/colombia\/#organization\",\"name\":\"Fiscal\u00eda General de la Naci\u00f3n\",\"url\":\"https:\/\/www.fiscalia.gov.co\/colombia\/\",\"logo\":{\"@type\":\"ImageObject\",\"inLanguage\":\"es-CO\",\"@id\":\"https:\/\/www.fiscalia.gov.co\/colombia\/#\/schema\/logo\/image\/\",\"url\":\"https:\/\/www.fiscalia.gov.co\/colombia\/wp-content\/uploads\/LogoHorizontal_1.jpg\",\"contentUrl\":\"https:\/\/www.fiscalia.gov.co\/colombia\/wp-content\/uploads\/LogoHorizontal_1.jpg\",\"width\":300,\"height\":90,\"caption\":\"Fiscal\u00eda General de la Naci\u00f3n\"},\"image\":{\"@id\":\"https:\/\/www.fiscalia.gov.co\/colombia\/#\/schema\/logo\/image\/\"},\"sameAs\":[\"https:\/\/www.facebook.com\/FiscaliaCol\",\"https:\/\/x.com\/FiscaliaCol\",\"https:\/\/www.instagram.com\/fiscaliacol\",\"https:\/\/www.linkedin.com\/company\/fiscalia-general-de-la-naci-n\/\",\"https:\/\/youtube.com\/@fiscaliageneraldelanacion-4668?si=6nN79nyQICPU5iTh\"]},{\"@type\":\"Person\",\"@id\":\"https:\/\/www.fiscalia.gov.co\/colombia\/#\/schema\/person\/bf84402cf293a5393e9c70b111020b24\",\"name\":\"Jordan Leandro Oviedo Anzola\",\"image\":{\"@type\":\"ImageObject\",\"inLanguage\":\"es-CO\",\"@id\":\"https:\/\/www.fiscalia.gov.co\/colombia\/#\/schema\/person\/image\/\",\"url\":\"https:\/\/secure.gravatar.com\/avatar\/dabba4346fa9b9207d96adafa8f92721?s=96&d=mm&r=g\",\"contentUrl\":\"https:\/\/secure.gravatar.com\/avatar\/dabba4346fa9b9207d96adafa8f92721?s=96&d=mm&r=g\",\"caption\":\"Jordan Leandro Oviedo Anzola\"},\"url\":\"https:\/\/www.fiscalia.gov.co\/colombia\/author\/joviedo\/\"}]}<\/script>\n<!-- \/ Yoast SEO plugin. -->","yoast_head_json":{"title":"Fiscal\u00eda General de la Naci\u00f3n","description":"P\u00e1gina oficial de la Fiscal\u00eda General de la Naci\u00f3n \u2013 Colombia. Garantizamos el acceso efectivo a la justicia, la verdad y la reparaci\u00f3n de las v\u00edctimas de los delitos.","robots":{"index":"noindex","follow":"follow"},"og_locale":"es_ES","og_type":"article","og_title":"Fiscal\u00eda General de la Naci\u00f3n","og_description":"P\u00e1gina oficial de la Fiscal\u00eda General de la Naci\u00f3n \u2013 Colombia. Garantizamos el acceso efectivo a la justicia, la verdad y la reparaci\u00f3n de las v\u00edctimas de los delitos.","og_url":"https:\/\/www.fiscalia.gov.co\/colombia\/noticias\/a-la-carcel-el-padrastro-y-la-madre-de-un-nino-de-9-anos-que-esta-en-cuidados-intensivos-por-multiples-lesiones\/","og_site_name":"Fiscal\u00eda General de la Naci\u00f3n","article_publisher":"https:\/\/www.facebook.com\/FiscaliaCol","article_published_time":"2022-06-17T21:54:36+00:00","og_image":[{"url":"https:\/\/www.fiscalia.gov.co\/colombia\/wp-content\/uploads\/Fiscal-Barbosa-La-madre-del-menor-y-su-companero-sentimental-fueron-asegurados-por-un-juez-penal-de-Cali-por-el-delito-de-homicidio-agravado-en-grado-de-tentativa.-1024x576.jpg","type":"","width":"","height":""}],"author":"Jordan Leandro Oviedo Anzola","twitter_card":"summary_large_image","twitter_creator":"@FiscaliaCol","twitter_site":"@FiscaliaCol","twitter_misc":{"Escrito por":"Jordan Leandro Oviedo Anzola","Tiempo de lectura":"3 minutos"},"schema":{"@context":"https:\/\/schema.org","@graph":[{"@type":"Article","@id":"https:\/\/www.fiscalia.gov.co\/colombia\/noticias\/a-la-carcel-el-padrastro-y-la-madre-de-un-nino-de-9-anos-que-esta-en-cuidados-intensivos-por-multiples-lesiones\/#article","isPartOf":{"@id":"https:\/\/www.fiscalia.gov.co\/colombia\/noticias\/a-la-carcel-el-padrastro-y-la-madre-de-un-nino-de-9-anos-que-esta-en-cuidados-intensivos-por-multiples-lesiones\/"},"author":{"name":"Jordan Leandro Oviedo Anzola","@id":"https:\/\/www.fiscalia.gov.co\/colombia\/#\/schema\/person\/bf84402cf293a5393e9c70b111020b24"},"headline":"A la c\u00e1rcel el padrastro y la madre de un ni\u00f1o de 9 a\u00f1os que est\u00e1 en cuidados intensivos por m\u00faltiples lesiones","datePublished":"2022-06-17T21:54:36+00:00","dateModified":"2022-06-17T21:54:36+00:00","mainEntityOfPage":{"@id":"https:\/\/www.fiscalia.gov.co\/colombia\/noticias\/a-la-carcel-el-padrastro-y-la-madre-de-un-nino-de-9-anos-que-esta-en-cuidados-intensivos-por-multiples-lesiones\/"},"wordCount":645,"publisher":{"@id":"https:\/\/www.fiscalia.gov.co\/colombia\/#organization"},"image":{"@id":"https:\/\/www.fiscalia.gov.co\/colombia\/noticias\/a-la-carcel-el-padrastro-y-la-madre-de-un-nino-de-9-anos-que-esta-en-cuidados-intensivos-por-multiples-lesiones\/#primaryimage"},"thumbnailUrl":"https:\/\/www.fiscalia.gov.co\/colombia\/wp-content\/uploads\/Fiscal-Barbosa-La-madre-del-menor-y-su-companero-sentimental-fueron-asegurados-por-un-juez-penal-de-Cali-por-el-delito-de-homicidio-agravado-en-grado-de-tentativa.-1024x576.jpg","keywords":["Fiscal General Francisco Barbosa Delgado","Fiscal\u00eda de Colombia","Fiscal\u00eda General de la Naci\u00f3n","homicidio agravado en grado de tentativa","Lesiones","Vijes (Valle del Cauca)"],"articleSection":["Noticias","Seccional Cali","Seccionales","Violencia sexual e intrafamiliar"],"inLanguage":"es-CO"},{"@type":"WebPage","@id":"https:\/\/www.fiscalia.gov.co\/colombia\/noticias\/a-la-carcel-el-padrastro-y-la-madre-de-un-nino-de-9-anos-que-esta-en-cuidados-intensivos-por-multiples-lesiones\/","url":"https:\/\/www.fiscalia.gov.co\/colombia\/noticias\/a-la-carcel-el-padrastro-y-la-madre-de-un-nino-de-9-anos-que-esta-en-cuidados-intensivos-por-multiples-lesiones\/","name":"Fiscal\u00eda General de la Naci\u00f3n","isPartOf":{"@id":"https:\/\/www.fiscalia.gov.co\/colombia\/#website"},"primaryImageOfPage":{"@id":"https:\/\/www.fiscalia.gov.co\/colombia\/noticias\/a-la-carcel-el-padrastro-y-la-madre-de-un-nino-de-9-anos-que-esta-en-cuidados-intensivos-por-multiples-lesiones\/#primaryimage"},"image":{"@id":"https:\/\/www.fiscalia.gov.co\/colombia\/noticias\/a-la-carcel-el-padrastro-y-la-madre-de-un-nino-de-9-anos-que-esta-en-cuidados-intensivos-por-multiples-lesiones\/#primaryimage"},"thumbnailUrl":"https:\/\/www.fiscalia.gov.co\/colombia\/wp-content\/uploads\/Fiscal-Barbosa-La-madre-del-menor-y-su-companero-sentimental-fueron-asegurados-por-un-juez-penal-de-Cali-por-el-delito-de-homicidio-agravado-en-grado-de-tentativa.-1024x576.jpg","datePublished":"2022-06-17T21:54:36+00:00","dateModified":"2022-06-17T21:54:36+00:00","description":"P\u00e1gina oficial de la Fiscal\u00eda General de la Naci\u00f3n \u2013 Colombia. Garantizamos el acceso efectivo a la justicia, la verdad y la reparaci\u00f3n de las v\u00edctimas de los delitos.","breadcrumb":{"@id":"https:\/\/www.fiscalia.gov.co\/colombia\/noticias\/a-la-carcel-el-padrastro-y-la-madre-de-un-nino-de-9-anos-que-esta-en-cuidados-intensivos-por-multiples-lesiones\/#breadcrumb"},"inLanguage":"es-CO","potentialAction":[{"@type":"ReadAction","target":["https:\/\/www.fiscalia.gov.co\/colombia\/noticias\/a-la-carcel-el-padrastro-y-la-madre-de-un-nino-de-9-anos-que-esta-en-cuidados-intensivos-por-multiples-lesiones\/"]}]},{"@type":"ImageObject","inLanguage":"es-CO","@id":"https:\/\/www.fiscalia.gov.co\/colombia\/noticias\/a-la-carcel-el-padrastro-y-la-madre-de-un-nino-de-9-anos-que-esta-en-cuidados-intensivos-por-multiples-lesiones\/#primaryimage","url":"https:\/\/www.fiscalia.gov.co\/colombia\/wp-content\/uploads\/Fiscal-Barbosa-La-madre-del-menor-y-su-companero-sentimental-fueron-asegurados-por-un-juez-penal-de-Cali-por-el-delito-de-homicidio-agravado-en-grado-de-tentativa..jpg","contentUrl":"https:\/\/www.fiscalia.gov.co\/colombia\/wp-content\/uploads\/Fiscal-Barbosa-La-madre-del-menor-y-su-companero-sentimental-fueron-asegurados-por-un-juez-penal-de-Cali-por-el-delito-de-homicidio-agravado-en-grado-de-tentativa..jpg","width":1280,"height":720,"caption":"La madre del menor y su compa\u00f1ero sentimental fueron asegurados por un juez penal de Cali por el delito de homicidio agravado en grado de tentativa."},{"@type":"BreadcrumbList","@id":"https:\/\/www.fiscalia.gov.co\/colombia\/noticias\/a-la-carcel-el-padrastro-y-la-madre-de-un-nino-de-9-anos-que-esta-en-cuidados-intensivos-por-multiples-lesiones\/#breadcrumb","itemListElement":[{"@type":"ListItem","position":1,"name":"Home","item":"https:\/\/www.fiscalia.gov.co\/colombia\/"},{"@type":"ListItem","position":2,"name":"A la c\u00e1rcel el padrastro y la madre de un ni\u00f1o de 9 a\u00f1os que est\u00e1 en cuidados intensivos por m\u00faltiples lesiones"}]},{"@type":"WebSite","@id":"https:\/\/www.fiscalia.gov.co\/colombia\/#website","url":"https:\/\/www.fiscalia.gov.co\/colombia\/","name":"Fiscal\u00eda General de la Naci\u00f3n","description":"P\u00e1gina oficial de la Fiscal\u00eda General de la Naci\u00f3n \u2013 Colombia. Garantizamos el acceso efectivo a la justicia, la verdad y la reparaci\u00f3n de las v\u00edctimas de los delitos.","publisher":{"@id":"https:\/\/www.fiscalia.gov.co\/colombia\/#organization"},"potentialAction":[{"@type":"SearchAction","target":{"@type":"EntryPoint","urlTemplate":"https:\/\/www.fiscalia.gov.co\/colombia\/?s={search_term_string}"},"query-input":{"@type":"PropertyValueSpecification","valueRequired":true,"valueName":"search_term_string"}}],"inLanguage":"es-CO"},{"@type":"Organization","@id":"https:\/\/www.fiscalia.gov.co\/colombia\/#organization","name":"Fiscal\u00eda General de la Naci\u00f3n","url":"https:\/\/www.fiscalia.gov.co\/colombia\/","logo":{"@type":"ImageObject","inLanguage":"es-CO","@id":"https:\/\/www.fiscalia.gov.co\/colombia\/#\/schema\/logo\/image\/","url":"https:\/\/www.fiscalia.gov.co\/colombia\/wp-content\/uploads\/LogoHorizontal_1.jpg","contentUrl":"https:\/\/www.fiscalia.gov.co\/colombia\/wp-content\/uploads\/LogoHorizontal_1.jpg","width":300,"height":90,"caption":"Fiscal\u00eda General de la Naci\u00f3n"},"image":{"@id":"https:\/\/www.fiscalia.gov.co\/colombia\/#\/schema\/logo\/image\/"},"sameAs":["https:\/\/www.facebook.com\/FiscaliaCol","https:\/\/x.com\/FiscaliaCol","https:\/\/www.instagram.com\/fiscaliacol","https:\/\/www.linkedin.com\/company\/fiscalia-general-de-la-naci-n\/","https:\/\/youtube.com\/@fiscaliageneraldelanacion-4668?si=6nN79nyQICPU5iTh"]},{"@type":"Person","@id":"https:\/\/www.fiscalia.gov.co\/colombia\/#\/schema\/person\/bf84402cf293a5393e9c70b111020b24","name":"Jordan Leandro Oviedo Anzola","image":{"@type":"ImageObject","inLanguage":"es-CO","@id":"https:\/\/www.fiscalia.gov.co\/colombia\/#\/schema\/person\/image\/","url":"https:\/\/secure.gravatar.com\/avatar\/dabba4346fa9b9207d96adafa8f92721?s=96&d=mm&r=g","contentUrl":"https:\/\/secure.gravatar.com\/avatar\/dabba4346fa9b9207d96adafa8f92721?s=96&d=mm&r=g","caption":"Jordan Leandro Oviedo Anzola"},"url":"https:\/\/www.fiscalia.gov.co\/colombia\/author\/joviedo\/"}]}},"_links":{"self":[{"href":"https:\/\/www.fiscalia.gov.co\/colombia\/wp-json\/wp\/v2\/posts\/251076","targetHints":{"allow":["GET"]}}],"collection":[{"href":"https:\/\/www.fiscalia.gov.co\/colombia\/wp-json\/wp\/v2\/posts"}],"about":[{"href":"https:\/\/www.fiscalia.gov.co\/colombia\/wp-json\/wp\/v2\/types\/post"}],"author":[{"embeddable":true,"href":"https:\/\/www.fiscalia.gov.co\/colombia\/wp-json\/wp\/v2\/users\/177"}],"replies":[{"embeddable":true,"href":"https:\/\/www.fiscalia.gov.co\/colombia\/wp-json\/wp\/v2\/comments?post=251076"}],"version-history":[{"count":1,"href":"https:\/\/www.fiscalia.gov.co\/colombia\/wp-json\/wp\/v2\/posts\/251076\/revisions"}],"predecessor-version":[{"id":251078,"href":"https:\/\/www.fiscalia.gov.co\/colombia\/wp-json\/wp\/v2\/posts\/251076\/revisions\/251078"}],"wp:attachment":[{"href":"https:\/\/www.fiscalia.gov.co\/colombia\/wp-json\/wp\/v2\/media?parent=251076"}],"wp:term":[{"taxonomy":"category","embeddable":true,"href":"https:\/\/www.fiscalia.gov.co\/colombia\/wp-json\/wp\/v2\/categories?post=251076"},{"taxonomy":"post_tag","embeddable":true,"href":"https:\/\/www.fiscalia.gov.co\/colombia\/wp-json\/wp\/v2\/tags?post=251076"}],"curies":[{"name":"wp","href":"https:\/\/api.w.org\/{rel}","templated":true}]}}