{"id":251030,"date":"2022-06-17T12:19:28","date_gmt":"2022-06-17T17:19:28","guid":{"rendered":"https:\/\/www.fiscalia.gov.co\/colombia\/?p=251030"},"modified":"2022-06-17T12:19:28","modified_gmt":"2022-06-17T17:19:28","slug":"a-prision-fue-enviado-un-hombre-presuntamente-implicado-en-el-maltrato-contra-su-tia","status":"publish","type":"post","link":"https:\/\/www.fiscalia.gov.co\/colombia\/noticias\/a-prision-fue-enviado-un-hombre-presuntamente-implicado-en-el-maltrato-contra-su-tia\/","title":{"rendered":"A prisi\u00f3n fue enviado un hombre, presuntamente, implicado en el maltrato contra su t\u00eda"},"content":{"rendered":"<p style=\"font-weight: 400;\">Medida de aseguramiento privativa de la libertad en centro carcelario le fue impuesta a Jhon Jairo S\u00e1nchez Mart\u00ednez, de 31 a\u00f1os, presuntamente, responsable de maltratar f\u00edsica y psicol\u00f3gicamente a su t\u00eda.<\/p>\n<figure id=\"attachment_251031\" aria-describedby=\"caption-attachment-251031\" style=\"width: 696px\" class=\"wp-caption aligncenter\"><img loading=\"lazy\" decoding=\"async\" class=\"size-large wp-image-251031\" src=\"https:\/\/www.fiscalia.gov.co\/colombia\/wp-content\/uploads\/Fiscal-Barbosa-Jhon-Jairo-Sanchez-Martinez.-Violencia-intrafamiliar.-Toro-Valle.-1024x881.jpg\" alt=\"\" width=\"696\" height=\"599\" srcset=\"https:\/\/www.fiscalia.gov.co\/colombia\/wp-content\/uploads\/Fiscal-Barbosa-Jhon-Jairo-Sanchez-Martinez.-Violencia-intrafamiliar.-Toro-Valle.-1024x881.jpg 1024w, https:\/\/www.fiscalia.gov.co\/colombia\/wp-content\/uploads\/Fiscal-Barbosa-Jhon-Jairo-Sanchez-Martinez.-Violencia-intrafamiliar.-Toro-Valle.-300x258.jpg 300w, https:\/\/www.fiscalia.gov.co\/colombia\/wp-content\/uploads\/Fiscal-Barbosa-Jhon-Jairo-Sanchez-Martinez.-Violencia-intrafamiliar.-Toro-Valle.-768x661.jpg 768w, https:\/\/www.fiscalia.gov.co\/colombia\/wp-content\/uploads\/Fiscal-Barbosa-Jhon-Jairo-Sanchez-Martinez.-Violencia-intrafamiliar.-Toro-Valle.-696x599.jpg 696w, https:\/\/www.fiscalia.gov.co\/colombia\/wp-content\/uploads\/Fiscal-Barbosa-Jhon-Jairo-Sanchez-Martinez.-Violencia-intrafamiliar.-Toro-Valle.-1068x919.jpg 1068w, https:\/\/www.fiscalia.gov.co\/colombia\/wp-content\/uploads\/Fiscal-Barbosa-Jhon-Jairo-Sanchez-Martinez.-Violencia-intrafamiliar.-Toro-Valle.-488x420.jpg 488w, https:\/\/www.fiscalia.gov.co\/colombia\/wp-content\/uploads\/Fiscal-Barbosa-Jhon-Jairo-Sanchez-Martinez.-Violencia-intrafamiliar.-Toro-Valle..jpg 1204w\" sizes=\"auto, (max-width: 696px) 100vw, 696px\" \/><figcaption id=\"caption-attachment-251031\" class=\"wp-caption-text\">Jhon Jairo S\u00e1nchez Mart\u00ednez, privado de la libertad como presunto responsable de maltratar f\u00edsica y psicol\u00f3gicamente a su t\u00eda, en Toro (Valle).<\/figcaption><\/figure>\n<p style=\"font-weight: 400;\">Esta decisi\u00f3n fue adoptada por un juez de control de garant\u00edas ante la petici\u00f3n que en tal sentido propuso la Fiscal\u00eda General de la Naci\u00f3n que imput\u00f3 al procesado por el delito de\u00a0<a href=\"https:\/\/www.fiscalia.gov.co\/colombia\/noticias\/judicializados-dos-hombres-presuntamente-implicados-en-hechos-de-violencia-intrafamiliar\/\" data-saferedirecturl=\"https:\/\/www.google.com\/url?q=https:\/\/www.fiscalia.gov.co\/colombia\/noticias\/judicializados-dos-hombres-presuntamente-implicados-en-hechos-de-violencia-intrafamiliar\/&amp;source=gmail&amp;ust=1655572371794000&amp;usg=AOvVaw1_HOTsNSXTDrpJaO99R0Ya\">violencia intrafamiliar<\/a>, por hechos ocurridos en el municipio de Toro (Valle del Cauca)<\/p>\n<p style=\"font-weight: 400;\">Seg\u00fan la Fiscal\u00eda, S\u00e1nchez Mart\u00ednez habr\u00eda golpeado a una t\u00eda suya, de 55 a\u00f1os; a quien adem\u00e1s, se presume, insult\u00f3 y amenaz\u00f3 con asesinarla. De igual forma, se cree el presunto implicado desentech\u00f3 la habitaci\u00f3n donde vive la mujer y arrojado sus enseres a la calle.<\/p>\n<p style=\"font-weight: 400;\">S\u00e1nchez Mart\u00ednez\u00a0fue capturado por servidores del Cuerpo T\u00e9cnico de Investigaci\u00f3n (CTI) y la Polic\u00eda Nacional en el Callej\u00f3n La Verbena, corregimiento San Francisco, del municipio de Toro.<\/p>\n<p style=\"font-weight: 400;\">El presunto implicado no acept\u00f3 cargos.<\/p>\n<p style=\"font-weight: 400;\">Esta informaci\u00f3n se publica por razones de inter\u00e9s general.<\/p>\n<p style=\"font-weight: 400;\"><strong>La Fiscal\u00eda habla con resultados.<\/strong><\/p>\n<p>&nbsp;<\/p>\n<p>&nbsp;<\/p>\n<p>&nbsp;<\/p>\n<p style=\"font-weight: 400;\">MAP\/MAGA\/SMLR\/DSVC\/<\/p>\n<p style=\"font-weight: 400;\">\n<p style=\"font-weight: 400;\">\n<p style=\"font-weight: 400;\">\n<p style=\"font-weight: 400;\"><em>La informaci\u00f3n contenida en este bolet\u00edn de prensa corresponde a la narraci\u00f3n de los hechos noticiosos objetivos, suministrados por los funcionarios encargados de adelantar las investigaciones penales al interior de la Fiscal\u00eda General de la Naci\u00f3n. Para el momento de la divulgaci\u00f3n de este comunicado, la situaci\u00f3n jur\u00eddica de la(s) persona(s) relacionada(s) se encuentra pendiente de resolver por la autoridad judicial competente, siempre bajo los preceptos de la presunci\u00f3n de inocencia, consagrados en el art\u00edculo 29 de la Constituci\u00f3n Pol\u00edtica y el art\u00edculo 7\u00ba de la Ley 906 de 2004.\u00a0<\/em><\/p>\n\n<div class=\"twitter-share\"><a href=\"https:\/\/twitter.com\/intent\/tweet?via=fiscaliacol\" class=\"twitter-share-button\">Tweet<\/a><\/div>\n","protected":false},"excerpt":{"rendered":"<p>Medida de aseguramiento privativa de la libertad en centro carcelario le fue impuesta a Jhon Jairo S\u00e1nchez Mart\u00ednez, de 31 a\u00f1os, presuntamente, responsable de maltratar f\u00edsica y psicol\u00f3gicamente a su t\u00eda. Esta decisi\u00f3n fue adoptada por un juez de control de garant\u00edas ante la petici\u00f3n que en tal sentido propuso la Fiscal\u00eda General de la [&hellip;]<\/p>\n","protected":false},"author":177,"featured_media":0,"comment_status":"closed","ping_status":"open","sticky":false,"template":"","format":"standard","meta":{"_price":"","_stock":"","_tribe_ticket_header":"","_tribe_default_ticket_provider":"","_tribe_ticket_capacity":"0","_ticket_start_date":"","_ticket_end_date":"","_tribe_ticket_show_description":"","_tribe_ticket_show_not_going":false,"_tribe_ticket_use_global_stock":"","_tribe_ticket_global_stock_level":"","_global_stock_mode":"","_global_stock_cap":"","_tribe_rsvp_for_event":"","_tribe_ticket_going_count":"","_tribe_ticket_not_going_count":"","_tribe_tickets_list":"[]","_tribe_ticket_has_attendee_info_fields":false,"tdm_status":"","tdm_grid_status":"","footnotes":""},"categories":[1,324,303,24127],"tags":[12424,24551,78,24187,1185,24549,24584,29437,32047,682],"class_list":{"0":"post-251030","1":"post","2":"type-post","3":"status-publish","4":"format-standard","6":"category-noticias","7":"category-seccional-cali","8":"category-seccionales","9":"category-violencia-sexual-e-intrafamiliar","10":"tag-capturado","11":"tag-centro-carcelario","12":"tag-fiscal-general-de-la-nacion","13":"tag-fiscalia-colombia","14":"tag-medida-de-aseguramiento","15":"tag-orden-judicial","16":"tag-privativa-de-la-libertad","17":"tag-seccional-valle-del-cauca","18":"tag-toro-valle-del-cauca","19":"tag-violencia-intrafamiliar"},"yoast_head":"<!-- This site is optimized with the Yoast SEO plugin v24.3 - https:\/\/yoast.com\/wordpress\/plugins\/seo\/ -->\n<title>Fiscal\u00eda General de la Naci\u00f3n<\/title>\n<meta name=\"description\" content=\"P\u00e1gina oficial de la Fiscal\u00eda General de la Naci\u00f3n \u2013 Colombia. Garantizamos el acceso efectivo a la justicia, la verdad y la reparaci\u00f3n de las v\u00edctimas de los delitos.\" \/>\n<meta name=\"robots\" content=\"noindex, follow\" \/>\n<meta property=\"og:locale\" content=\"es_ES\" \/>\n<meta property=\"og:type\" content=\"article\" \/>\n<meta property=\"og:title\" content=\"Fiscal\u00eda General de la Naci\u00f3n\" \/>\n<meta property=\"og:description\" content=\"P\u00e1gina oficial de la Fiscal\u00eda General de la Naci\u00f3n \u2013 Colombia. Garantizamos el acceso efectivo a la justicia, la verdad y la reparaci\u00f3n de las v\u00edctimas de los delitos.\" \/>\n<meta property=\"og:url\" content=\"https:\/\/www.fiscalia.gov.co\/colombia\/noticias\/a-prision-fue-enviado-un-hombre-presuntamente-implicado-en-el-maltrato-contra-su-tia\/\" \/>\n<meta property=\"og:site_name\" content=\"Fiscal\u00eda General de la Naci\u00f3n\" \/>\n<meta property=\"article:publisher\" content=\"https:\/\/www.facebook.com\/FiscaliaCol\" \/>\n<meta property=\"article:published_time\" content=\"2022-06-17T17:19:28+00:00\" \/>\n<meta property=\"og:image\" content=\"https:\/\/www.fiscalia.gov.co\/colombia\/wp-content\/uploads\/Fiscal-Barbosa-Jhon-Jairo-Sanchez-Martinez.-Violencia-intrafamiliar.-Toro-Valle.-1024x881.jpg\" \/>\n<meta name=\"author\" content=\"Jordan Leandro Oviedo Anzola\" \/>\n<meta name=\"twitter:card\" content=\"summary_large_image\" \/>\n<meta name=\"twitter:creator\" content=\"@FiscaliaCol\" \/>\n<meta name=\"twitter:site\" content=\"@FiscaliaCol\" \/>\n<meta name=\"twitter:label1\" content=\"Escrito por\" \/>\n\t<meta name=\"twitter:data1\" content=\"Jordan Leandro Oviedo Anzola\" \/>\n\t<meta name=\"twitter:label2\" content=\"Tiempo de lectura\" \/>\n\t<meta name=\"twitter:data2\" content=\"2 minutos\" \/>\n<script type=\"application\/ld+json\" class=\"yoast-schema-graph\">{\"@context\":\"https:\/\/schema.org\",\"@graph\":[{\"@type\":\"Article\",\"@id\":\"https:\/\/www.fiscalia.gov.co\/colombia\/noticias\/a-prision-fue-enviado-un-hombre-presuntamente-implicado-en-el-maltrato-contra-su-tia\/#article\",\"isPartOf\":{\"@id\":\"https:\/\/www.fiscalia.gov.co\/colombia\/noticias\/a-prision-fue-enviado-un-hombre-presuntamente-implicado-en-el-maltrato-contra-su-tia\/\"},\"author\":{\"name\":\"Jordan Leandro Oviedo Anzola\",\"@id\":\"https:\/\/www.fiscalia.gov.co\/colombia\/#\/schema\/person\/bf84402cf293a5393e9c70b111020b24\"},\"headline\":\"A prisi\u00f3n fue enviado un hombre, presuntamente, implicado en el maltrato contra su t\u00eda\",\"datePublished\":\"2022-06-17T17:19:28+00:00\",\"dateModified\":\"2022-06-17T17:19:28+00:00\",\"mainEntityOfPage\":{\"@id\":\"https:\/\/www.fiscalia.gov.co\/colombia\/noticias\/a-prision-fue-enviado-un-hombre-presuntamente-implicado-en-el-maltrato-contra-su-tia\/\"},\"wordCount\":357,\"publisher\":{\"@id\":\"https:\/\/www.fiscalia.gov.co\/colombia\/#organization\"},\"image\":{\"@id\":\"https:\/\/www.fiscalia.gov.co\/colombia\/noticias\/a-prision-fue-enviado-un-hombre-presuntamente-implicado-en-el-maltrato-contra-su-tia\/#primaryimage\"},\"thumbnailUrl\":\"https:\/\/www.fiscalia.gov.co\/colombia\/wp-content\/uploads\/Fiscal-Barbosa-Jhon-Jairo-Sanchez-Martinez.-Violencia-intrafamiliar.-Toro-Valle.-1024x881.jpg\",\"keywords\":[\"Capturado\",\"centro carcelario\",\"Fiscal General de la Naci\u00f3n\",\"Fiscal\u00eda Colombia\",\"Medida de aseguramiento\",\"orden judicial\",\"privativa de la libertad.\",\"Seccional Valle del Cauca\",\"Toro (Valle del Cauca)\",\"Violencia intrafamiliar\"],\"articleSection\":[\"Noticias\",\"Seccional Cali\",\"Seccionales\",\"Violencia sexual e intrafamiliar\"],\"inLanguage\":\"es-CO\"},{\"@type\":\"WebPage\",\"@id\":\"https:\/\/www.fiscalia.gov.co\/colombia\/noticias\/a-prision-fue-enviado-un-hombre-presuntamente-implicado-en-el-maltrato-contra-su-tia\/\",\"url\":\"https:\/\/www.fiscalia.gov.co\/colombia\/noticias\/a-prision-fue-enviado-un-hombre-presuntamente-implicado-en-el-maltrato-contra-su-tia\/\",\"name\":\"Fiscal\u00eda General de la Naci\u00f3n\",\"isPartOf\":{\"@id\":\"https:\/\/www.fiscalia.gov.co\/colombia\/#website\"},\"primaryImageOfPage\":{\"@id\":\"https:\/\/www.fiscalia.gov.co\/colombia\/noticias\/a-prision-fue-enviado-un-hombre-presuntamente-implicado-en-el-maltrato-contra-su-tia\/#primaryimage\"},\"image\":{\"@id\":\"https:\/\/www.fiscalia.gov.co\/colombia\/noticias\/a-prision-fue-enviado-un-hombre-presuntamente-implicado-en-el-maltrato-contra-su-tia\/#primaryimage\"},\"thumbnailUrl\":\"https:\/\/www.fiscalia.gov.co\/colombia\/wp-content\/uploads\/Fiscal-Barbosa-Jhon-Jairo-Sanchez-Martinez.-Violencia-intrafamiliar.-Toro-Valle.-1024x881.jpg\",\"datePublished\":\"2022-06-17T17:19:28+00:00\",\"dateModified\":\"2022-06-17T17:19:28+00:00\",\"description\":\"P\u00e1gina oficial de la Fiscal\u00eda General de la Naci\u00f3n \u2013 Colombia. Garantizamos el acceso efectivo a la justicia, la verdad y la reparaci\u00f3n de las v\u00edctimas de los delitos.\",\"breadcrumb\":{\"@id\":\"https:\/\/www.fiscalia.gov.co\/colombia\/noticias\/a-prision-fue-enviado-un-hombre-presuntamente-implicado-en-el-maltrato-contra-su-tia\/#breadcrumb\"},\"inLanguage\":\"es-CO\",\"potentialAction\":[{\"@type\":\"ReadAction\",\"target\":[\"https:\/\/www.fiscalia.gov.co\/colombia\/noticias\/a-prision-fue-enviado-un-hombre-presuntamente-implicado-en-el-maltrato-contra-su-tia\/\"]}]},{\"@type\":\"ImageObject\",\"inLanguage\":\"es-CO\",\"@id\":\"https:\/\/www.fiscalia.gov.co\/colombia\/noticias\/a-prision-fue-enviado-un-hombre-presuntamente-implicado-en-el-maltrato-contra-su-tia\/#primaryimage\",\"url\":\"https:\/\/www.fiscalia.gov.co\/colombia\/wp-content\/uploads\/Fiscal-Barbosa-Jhon-Jairo-Sanchez-Martinez.-Violencia-intrafamiliar.-Toro-Valle..jpg\",\"contentUrl\":\"https:\/\/www.fiscalia.gov.co\/colombia\/wp-content\/uploads\/Fiscal-Barbosa-Jhon-Jairo-Sanchez-Martinez.-Violencia-intrafamiliar.-Toro-Valle..jpg\",\"width\":1204,\"height\":1036,\"caption\":\"Jhon Jairo S\u00e1nchez Mart\u00ednez, privado de la libertad como presunto responsable de maltratar f\u00edsica y psicol\u00f3gicamente a su t\u00eda, en Toro (Valle).\u00a0\"},{\"@type\":\"BreadcrumbList\",\"@id\":\"https:\/\/www.fiscalia.gov.co\/colombia\/noticias\/a-prision-fue-enviado-un-hombre-presuntamente-implicado-en-el-maltrato-contra-su-tia\/#breadcrumb\",\"itemListElement\":[{\"@type\":\"ListItem\",\"position\":1,\"name\":\"Home\",\"item\":\"https:\/\/www.fiscalia.gov.co\/colombia\/\"},{\"@type\":\"ListItem\",\"position\":2,\"name\":\"A prisi\u00f3n fue enviado un hombre, presuntamente, implicado en el maltrato contra su t\u00eda\"}]},{\"@type\":\"WebSite\",\"@id\":\"https:\/\/www.fiscalia.gov.co\/colombia\/#website\",\"url\":\"https:\/\/www.fiscalia.gov.co\/colombia\/\",\"name\":\"Fiscal\u00eda General de la Naci\u00f3n\",\"description\":\"P\u00e1gina oficial de la Fiscal\u00eda General de la Naci\u00f3n \u2013 Colombia. Garantizamos el acceso efectivo a la justicia, la verdad y la reparaci\u00f3n de las v\u00edctimas de los delitos.\",\"publisher\":{\"@id\":\"https:\/\/www.fiscalia.gov.co\/colombia\/#organization\"},\"potentialAction\":[{\"@type\":\"SearchAction\",\"target\":{\"@type\":\"EntryPoint\",\"urlTemplate\":\"https:\/\/www.fiscalia.gov.co\/colombia\/?s={search_term_string}\"},\"query-input\":{\"@type\":\"PropertyValueSpecification\",\"valueRequired\":true,\"valueName\":\"search_term_string\"}}],\"inLanguage\":\"es-CO\"},{\"@type\":\"Organization\",\"@id\":\"https:\/\/www.fiscalia.gov.co\/colombia\/#organization\",\"name\":\"Fiscal\u00eda General de la Naci\u00f3n\",\"url\":\"https:\/\/www.fiscalia.gov.co\/colombia\/\",\"logo\":{\"@type\":\"ImageObject\",\"inLanguage\":\"es-CO\",\"@id\":\"https:\/\/www.fiscalia.gov.co\/colombia\/#\/schema\/logo\/image\/\",\"url\":\"https:\/\/www.fiscalia.gov.co\/colombia\/wp-content\/uploads\/LogoHorizontal_1.jpg\",\"contentUrl\":\"https:\/\/www.fiscalia.gov.co\/colombia\/wp-content\/uploads\/LogoHorizontal_1.jpg\",\"width\":300,\"height\":90,\"caption\":\"Fiscal\u00eda General de la Naci\u00f3n\"},\"image\":{\"@id\":\"https:\/\/www.fiscalia.gov.co\/colombia\/#\/schema\/logo\/image\/\"},\"sameAs\":[\"https:\/\/www.facebook.com\/FiscaliaCol\",\"https:\/\/x.com\/FiscaliaCol\",\"https:\/\/www.instagram.com\/fiscaliacol\",\"https:\/\/www.linkedin.com\/company\/fiscalia-general-de-la-naci-n\/\",\"https:\/\/youtube.com\/@fiscaliageneraldelanacion-4668?si=6nN79nyQICPU5iTh\"]},{\"@type\":\"Person\",\"@id\":\"https:\/\/www.fiscalia.gov.co\/colombia\/#\/schema\/person\/bf84402cf293a5393e9c70b111020b24\",\"name\":\"Jordan Leandro Oviedo Anzola\",\"image\":{\"@type\":\"ImageObject\",\"inLanguage\":\"es-CO\",\"@id\":\"https:\/\/www.fiscalia.gov.co\/colombia\/#\/schema\/person\/image\/\",\"url\":\"https:\/\/secure.gravatar.com\/avatar\/dabba4346fa9b9207d96adafa8f92721?s=96&d=mm&r=g\",\"contentUrl\":\"https:\/\/secure.gravatar.com\/avatar\/dabba4346fa9b9207d96adafa8f92721?s=96&d=mm&r=g\",\"caption\":\"Jordan Leandro Oviedo Anzola\"},\"url\":\"https:\/\/www.fiscalia.gov.co\/colombia\/author\/joviedo\/\"}]}<\/script>\n<!-- \/ Yoast SEO plugin. -->","yoast_head_json":{"title":"Fiscal\u00eda General de la Naci\u00f3n","description":"P\u00e1gina oficial de la Fiscal\u00eda General de la Naci\u00f3n \u2013 Colombia. Garantizamos el acceso efectivo a la justicia, la verdad y la reparaci\u00f3n de las v\u00edctimas de los delitos.","robots":{"index":"noindex","follow":"follow"},"og_locale":"es_ES","og_type":"article","og_title":"Fiscal\u00eda General de la Naci\u00f3n","og_description":"P\u00e1gina oficial de la Fiscal\u00eda General de la Naci\u00f3n \u2013 Colombia. Garantizamos el acceso efectivo a la justicia, la verdad y la reparaci\u00f3n de las v\u00edctimas de los delitos.","og_url":"https:\/\/www.fiscalia.gov.co\/colombia\/noticias\/a-prision-fue-enviado-un-hombre-presuntamente-implicado-en-el-maltrato-contra-su-tia\/","og_site_name":"Fiscal\u00eda General de la Naci\u00f3n","article_publisher":"https:\/\/www.facebook.com\/FiscaliaCol","article_published_time":"2022-06-17T17:19:28+00:00","og_image":[{"url":"https:\/\/www.fiscalia.gov.co\/colombia\/wp-content\/uploads\/Fiscal-Barbosa-Jhon-Jairo-Sanchez-Martinez.-Violencia-intrafamiliar.-Toro-Valle.-1024x881.jpg","type":"","width":"","height":""}],"author":"Jordan Leandro Oviedo Anzola","twitter_card":"summary_large_image","twitter_creator":"@FiscaliaCol","twitter_site":"@FiscaliaCol","twitter_misc":{"Escrito por":"Jordan Leandro Oviedo Anzola","Tiempo de lectura":"2 minutos"},"schema":{"@context":"https:\/\/schema.org","@graph":[{"@type":"Article","@id":"https:\/\/www.fiscalia.gov.co\/colombia\/noticias\/a-prision-fue-enviado-un-hombre-presuntamente-implicado-en-el-maltrato-contra-su-tia\/#article","isPartOf":{"@id":"https:\/\/www.fiscalia.gov.co\/colombia\/noticias\/a-prision-fue-enviado-un-hombre-presuntamente-implicado-en-el-maltrato-contra-su-tia\/"},"author":{"name":"Jordan Leandro Oviedo Anzola","@id":"https:\/\/www.fiscalia.gov.co\/colombia\/#\/schema\/person\/bf84402cf293a5393e9c70b111020b24"},"headline":"A prisi\u00f3n fue enviado un hombre, presuntamente, implicado en el maltrato contra su t\u00eda","datePublished":"2022-06-17T17:19:28+00:00","dateModified":"2022-06-17T17:19:28+00:00","mainEntityOfPage":{"@id":"https:\/\/www.fiscalia.gov.co\/colombia\/noticias\/a-prision-fue-enviado-un-hombre-presuntamente-implicado-en-el-maltrato-contra-su-tia\/"},"wordCount":357,"publisher":{"@id":"https:\/\/www.fiscalia.gov.co\/colombia\/#organization"},"image":{"@id":"https:\/\/www.fiscalia.gov.co\/colombia\/noticias\/a-prision-fue-enviado-un-hombre-presuntamente-implicado-en-el-maltrato-contra-su-tia\/#primaryimage"},"thumbnailUrl":"https:\/\/www.fiscalia.gov.co\/colombia\/wp-content\/uploads\/Fiscal-Barbosa-Jhon-Jairo-Sanchez-Martinez.-Violencia-intrafamiliar.-Toro-Valle.-1024x881.jpg","keywords":["Capturado","centro carcelario","Fiscal General de la Naci\u00f3n","Fiscal\u00eda Colombia","Medida de aseguramiento","orden judicial","privativa de la libertad.","Seccional Valle del Cauca","Toro (Valle del Cauca)","Violencia intrafamiliar"],"articleSection":["Noticias","Seccional Cali","Seccionales","Violencia sexual e intrafamiliar"],"inLanguage":"es-CO"},{"@type":"WebPage","@id":"https:\/\/www.fiscalia.gov.co\/colombia\/noticias\/a-prision-fue-enviado-un-hombre-presuntamente-implicado-en-el-maltrato-contra-su-tia\/","url":"https:\/\/www.fiscalia.gov.co\/colombia\/noticias\/a-prision-fue-enviado-un-hombre-presuntamente-implicado-en-el-maltrato-contra-su-tia\/","name":"Fiscal\u00eda General de la Naci\u00f3n","isPartOf":{"@id":"https:\/\/www.fiscalia.gov.co\/colombia\/#website"},"primaryImageOfPage":{"@id":"https:\/\/www.fiscalia.gov.co\/colombia\/noticias\/a-prision-fue-enviado-un-hombre-presuntamente-implicado-en-el-maltrato-contra-su-tia\/#primaryimage"},"image":{"@id":"https:\/\/www.fiscalia.gov.co\/colombia\/noticias\/a-prision-fue-enviado-un-hombre-presuntamente-implicado-en-el-maltrato-contra-su-tia\/#primaryimage"},"thumbnailUrl":"https:\/\/www.fiscalia.gov.co\/colombia\/wp-content\/uploads\/Fiscal-Barbosa-Jhon-Jairo-Sanchez-Martinez.-Violencia-intrafamiliar.-Toro-Valle.-1024x881.jpg","datePublished":"2022-06-17T17:19:28+00:00","dateModified":"2022-06-17T17:19:28+00:00","description":"P\u00e1gina oficial de la Fiscal\u00eda General de la Naci\u00f3n \u2013 Colombia. Garantizamos el acceso efectivo a la justicia, la verdad y la reparaci\u00f3n de las v\u00edctimas de los delitos.","breadcrumb":{"@id":"https:\/\/www.fiscalia.gov.co\/colombia\/noticias\/a-prision-fue-enviado-un-hombre-presuntamente-implicado-en-el-maltrato-contra-su-tia\/#breadcrumb"},"inLanguage":"es-CO","potentialAction":[{"@type":"ReadAction","target":["https:\/\/www.fiscalia.gov.co\/colombia\/noticias\/a-prision-fue-enviado-un-hombre-presuntamente-implicado-en-el-maltrato-contra-su-tia\/"]}]},{"@type":"ImageObject","inLanguage":"es-CO","@id":"https:\/\/www.fiscalia.gov.co\/colombia\/noticias\/a-prision-fue-enviado-un-hombre-presuntamente-implicado-en-el-maltrato-contra-su-tia\/#primaryimage","url":"https:\/\/www.fiscalia.gov.co\/colombia\/wp-content\/uploads\/Fiscal-Barbosa-Jhon-Jairo-Sanchez-Martinez.-Violencia-intrafamiliar.-Toro-Valle..jpg","contentUrl":"https:\/\/www.fiscalia.gov.co\/colombia\/wp-content\/uploads\/Fiscal-Barbosa-Jhon-Jairo-Sanchez-Martinez.-Violencia-intrafamiliar.-Toro-Valle..jpg","width":1204,"height":1036,"caption":"Jhon Jairo S\u00e1nchez Mart\u00ednez, privado de la libertad como presunto responsable de maltratar f\u00edsica y psicol\u00f3gicamente a su t\u00eda, en Toro (Valle).\u00a0"},{"@type":"BreadcrumbList","@id":"https:\/\/www.fiscalia.gov.co\/colombia\/noticias\/a-prision-fue-enviado-un-hombre-presuntamente-implicado-en-el-maltrato-contra-su-tia\/#breadcrumb","itemListElement":[{"@type":"ListItem","position":1,"name":"Home","item":"https:\/\/www.fiscalia.gov.co\/colombia\/"},{"@type":"ListItem","position":2,"name":"A prisi\u00f3n fue enviado un hombre, presuntamente, implicado en el maltrato contra su t\u00eda"}]},{"@type":"WebSite","@id":"https:\/\/www.fiscalia.gov.co\/colombia\/#website","url":"https:\/\/www.fiscalia.gov.co\/colombia\/","name":"Fiscal\u00eda General de la Naci\u00f3n","description":"P\u00e1gina oficial de la Fiscal\u00eda General de la Naci\u00f3n \u2013 Colombia. Garantizamos el acceso efectivo a la justicia, la verdad y la reparaci\u00f3n de las v\u00edctimas de los delitos.","publisher":{"@id":"https:\/\/www.fiscalia.gov.co\/colombia\/#organization"},"potentialAction":[{"@type":"SearchAction","target":{"@type":"EntryPoint","urlTemplate":"https:\/\/www.fiscalia.gov.co\/colombia\/?s={search_term_string}"},"query-input":{"@type":"PropertyValueSpecification","valueRequired":true,"valueName":"search_term_string"}}],"inLanguage":"es-CO"},{"@type":"Organization","@id":"https:\/\/www.fiscalia.gov.co\/colombia\/#organization","name":"Fiscal\u00eda General de la Naci\u00f3n","url":"https:\/\/www.fiscalia.gov.co\/colombia\/","logo":{"@type":"ImageObject","inLanguage":"es-CO","@id":"https:\/\/www.fiscalia.gov.co\/colombia\/#\/schema\/logo\/image\/","url":"https:\/\/www.fiscalia.gov.co\/colombia\/wp-content\/uploads\/LogoHorizontal_1.jpg","contentUrl":"https:\/\/www.fiscalia.gov.co\/colombia\/wp-content\/uploads\/LogoHorizontal_1.jpg","width":300,"height":90,"caption":"Fiscal\u00eda General de la Naci\u00f3n"},"image":{"@id":"https:\/\/www.fiscalia.gov.co\/colombia\/#\/schema\/logo\/image\/"},"sameAs":["https:\/\/www.facebook.com\/FiscaliaCol","https:\/\/x.com\/FiscaliaCol","https:\/\/www.instagram.com\/fiscaliacol","https:\/\/www.linkedin.com\/company\/fiscalia-general-de-la-naci-n\/","https:\/\/youtube.com\/@fiscaliageneraldelanacion-4668?si=6nN79nyQICPU5iTh"]},{"@type":"Person","@id":"https:\/\/www.fiscalia.gov.co\/colombia\/#\/schema\/person\/bf84402cf293a5393e9c70b111020b24","name":"Jordan Leandro Oviedo Anzola","image":{"@type":"ImageObject","inLanguage":"es-CO","@id":"https:\/\/www.fiscalia.gov.co\/colombia\/#\/schema\/person\/image\/","url":"https:\/\/secure.gravatar.com\/avatar\/dabba4346fa9b9207d96adafa8f92721?s=96&d=mm&r=g","contentUrl":"https:\/\/secure.gravatar.com\/avatar\/dabba4346fa9b9207d96adafa8f92721?s=96&d=mm&r=g","caption":"Jordan Leandro Oviedo Anzola"},"url":"https:\/\/www.fiscalia.gov.co\/colombia\/author\/joviedo\/"}]}},"_links":{"self":[{"href":"https:\/\/www.fiscalia.gov.co\/colombia\/wp-json\/wp\/v2\/posts\/251030","targetHints":{"allow":["GET"]}}],"collection":[{"href":"https:\/\/www.fiscalia.gov.co\/colombia\/wp-json\/wp\/v2\/posts"}],"about":[{"href":"https:\/\/www.fiscalia.gov.co\/colombia\/wp-json\/wp\/v2\/types\/post"}],"author":[{"embeddable":true,"href":"https:\/\/www.fiscalia.gov.co\/colombia\/wp-json\/wp\/v2\/users\/177"}],"replies":[{"embeddable":true,"href":"https:\/\/www.fiscalia.gov.co\/colombia\/wp-json\/wp\/v2\/comments?post=251030"}],"version-history":[{"count":1,"href":"https:\/\/www.fiscalia.gov.co\/colombia\/wp-json\/wp\/v2\/posts\/251030\/revisions"}],"predecessor-version":[{"id":251032,"href":"https:\/\/www.fiscalia.gov.co\/colombia\/wp-json\/wp\/v2\/posts\/251030\/revisions\/251032"}],"wp:attachment":[{"href":"https:\/\/www.fiscalia.gov.co\/colombia\/wp-json\/wp\/v2\/media?parent=251030"}],"wp:term":[{"taxonomy":"category","embeddable":true,"href":"https:\/\/www.fiscalia.gov.co\/colombia\/wp-json\/wp\/v2\/categories?post=251030"},{"taxonomy":"post_tag","embeddable":true,"href":"https:\/\/www.fiscalia.gov.co\/colombia\/wp-json\/wp\/v2\/tags?post=251030"}],"curies":[{"name":"wp","href":"https:\/\/api.w.org\/{rel}","templated":true}]}}