{"id":250920,"date":"2022-06-16T14:12:50","date_gmt":"2022-06-16T19:12:50","guid":{"rendered":"https:\/\/www.fiscalia.gov.co\/colombia\/?p=250920"},"modified":"2022-06-16T14:12:50","modified_gmt":"2022-06-16T19:12:50","slug":"asegurado-el-conductor-de-un-tractocamion-en-el-que-fueron-encontradas-mas-de-tres-toneladas-de-marihuana","status":"publish","type":"post","link":"https:\/\/www.fiscalia.gov.co\/colombia\/noticias\/asegurado-el-conductor-de-un-tractocamion-en-el-que-fueron-encontradas-mas-de-tres-toneladas-de-marihuana\/","title":{"rendered":"Asegurado el conductor de un tractocami\u00f3n en el que fueron encontradas m\u00e1s de tres toneladas de marihuana\u00a0"},"content":{"rendered":"<p style=\"font-weight: 400;\">La Fiscal\u00eda General de la Naci\u00f3n judicializ\u00f3 ante un juez de control de garant\u00edas a \u00c1lvaro Renter\u00eda Reyes, capturado en flagrancia con 3.040 kilos de\u00a0<a href=\"https:\/\/www.fiscalia.gov.co\/colombia\/noticias\/fiscalia-investiga-el-hallazgo-de-143-kilos-de-marihuana-en-8-canecas-arrojadas-a-un-canal-de-aguas-lluvias-en-el-norte-de-cali\/\" data-saferedirecturl=\"https:\/\/www.google.com\/url?q=https:\/\/www.fiscalia.gov.co\/colombia\/noticias\/fiscalia-investiga-el-hallazgo-de-143-kilos-de-marihuana-en-8-canecas-arrojadas-a-un-canal-de-aguas-lluvias-en-el-norte-de-cali\/&amp;source=gmail&amp;ust=1655492640708000&amp;usg=AOvVaw295ZfRHMQjACOddRXgwOV4\">marihuana tipo creepy<\/a>. La detenci\u00f3n se produjo cuando el hombre se movilizaba en el automotor por el municipio de Yotoco (Valle del Cauca).<\/p>\n<figure id=\"attachment_250921\" aria-describedby=\"caption-attachment-250921\" style=\"width: 696px\" class=\"wp-caption aligncenter\"><img loading=\"lazy\" decoding=\"async\" class=\"size-large wp-image-250921\" src=\"https:\/\/www.fiscalia.gov.co\/colombia\/wp-content\/uploads\/Fiscal-Barbosa-Alvaro-Renteria-Reyes.-Estupefacientes.-Yotoco-Valle.-1024x581.jpg\" alt=\"\" width=\"696\" height=\"395\" srcset=\"https:\/\/www.fiscalia.gov.co\/colombia\/wp-content\/uploads\/Fiscal-Barbosa-Alvaro-Renteria-Reyes.-Estupefacientes.-Yotoco-Valle.-1024x581.jpg 1024w, https:\/\/www.fiscalia.gov.co\/colombia\/wp-content\/uploads\/Fiscal-Barbosa-Alvaro-Renteria-Reyes.-Estupefacientes.-Yotoco-Valle.-300x170.jpg 300w, https:\/\/www.fiscalia.gov.co\/colombia\/wp-content\/uploads\/Fiscal-Barbosa-Alvaro-Renteria-Reyes.-Estupefacientes.-Yotoco-Valle.-768x435.jpg 768w, https:\/\/www.fiscalia.gov.co\/colombia\/wp-content\/uploads\/Fiscal-Barbosa-Alvaro-Renteria-Reyes.-Estupefacientes.-Yotoco-Valle.-696x395.jpg 696w, https:\/\/www.fiscalia.gov.co\/colombia\/wp-content\/uploads\/Fiscal-Barbosa-Alvaro-Renteria-Reyes.-Estupefacientes.-Yotoco-Valle.-1068x605.jpg 1068w, https:\/\/www.fiscalia.gov.co\/colombia\/wp-content\/uploads\/Fiscal-Barbosa-Alvaro-Renteria-Reyes.-Estupefacientes.-Yotoco-Valle.-741x420.jpg 741w, https:\/\/www.fiscalia.gov.co\/colombia\/wp-content\/uploads\/Fiscal-Barbosa-Alvaro-Renteria-Reyes.-Estupefacientes.-Yotoco-Valle..jpg 1270w\" sizes=\"auto, (max-width: 696px) 100vw, 696px\" \/><figcaption id=\"caption-attachment-250921\" class=\"wp-caption-text\">\u00c1lvaro Renter\u00eda Reyes, asegurado como presunto responsable de transportar 3.040 kilos de marihuana tipo creepy, cuando se movilizaba por jurisdicci\u00f3n del municipio de Yotoco (Valle).<\/figcaption><\/figure>\n<p style=\"font-weight: 400;\">El trabajo articulado entre la Direcci\u00f3n Especializada contra del Narcotr\u00e1fico de la Fiscal\u00eda y la Polic\u00eda Nacional permiti\u00f3 incautar el estupefaciente en la v\u00eda que de Buenaventura conduce a Guadalajara de Buga (Valle del Cauca).<\/p>\n<p style=\"font-weight: 400;\">Durante la inspecci\u00f3n, adelantada por las autoridades al tractocami\u00f3n, se constat\u00f3 que en su interior iban camuflados 108 bultos empacados en bolsas pl\u00e1sticas negras los cuales conten\u00edan 840 paquetes con la sustancia que, al parecer, sali\u00f3 del municipio de Yumbo (Valle del Cauca) con destino a Medell\u00edn (Antioquia).<\/p>\n<p style=\"font-weight: 400;\">La Fiscal\u00eda imput\u00f3 al procesado el delito de tr\u00e1fico, fabricaci\u00f3n y porte de estupefacientes agravado. Renter\u00eda Reyes deber\u00e1 cumplir la medida de aseguramiento en su lugar de residencia.<\/p>\n<p style=\"font-weight: 400;\">Esta informaci\u00f3n se publica por razones de inter\u00e9s general.<\/p>\n<p style=\"font-weight: 400;\"><strong>La Fiscal\u00eda habla con resultados.<\/strong><\/p>\n<p>&nbsp;<\/p>\n<p>&nbsp;<\/p>\n<p>&nbsp;<\/p>\n<p style=\"font-weight: 400;\">MAP\/MAGA\/SMLR\/DSVC\/<\/p>\n<p style=\"font-weight: 400;\"><strong>\u00a0<\/strong><\/p>\n<p style=\"font-weight: 400;\">\n<p style=\"font-weight: 400;\">\n<p style=\"font-weight: 400;\"><em>La informaci\u00f3n contenida en este bolet\u00edn de prensa corresponde a la narraci\u00f3n de los hechos noticiosos objetivos, suministrados por los funcionarios encargados de adelantar las investigaciones penales al interior de la Fiscal\u00eda General de la Naci\u00f3n. Para el momento de la divulgaci\u00f3n de este comunicado, la situaci\u00f3n jur\u00eddica de la(s) persona(s) relacionada(s) se encuentra pendiente de resolver por la autoridad judicial competente, siempre bajo los preceptos de la presunci\u00f3n de inocencia, consagrados en el art\u00edculo 29 de la Constituci\u00f3n Pol\u00edtica y el art\u00edculo 7\u00ba de la Ley 906 de 2004.<\/em><em>\u00a0<\/em><\/p>\n\n<div class=\"twitter-share\"><a href=\"https:\/\/twitter.com\/intent\/tweet?via=fiscaliacol\" class=\"twitter-share-button\">Tweet<\/a><\/div>\n","protected":false},"excerpt":{"rendered":"<p>La Fiscal\u00eda General de la Naci\u00f3n judicializ\u00f3 ante un juez de control de garant\u00edas a \u00c1lvaro Renter\u00eda Reyes, capturado en flagrancia con 3.040 kilos de\u00a0marihuana tipo creepy. La detenci\u00f3n se produjo cuando el hombre se movilizaba en el automotor por el municipio de Yotoco (Valle del Cauca). El trabajo articulado entre la Direcci\u00f3n Especializada contra [&hellip;]<\/p>\n","protected":false},"author":177,"featured_media":0,"comment_status":"closed","ping_status":"open","sticky":false,"template":"","format":"standard","meta":{"tdm_status":"","tdm_grid_status":"","footnotes":""},"categories":[1,324,303,24103],"tags":[12424,24478,12941,78,24187,7169,1264,1185,12158,26556,916,32035],"class_list":{"0":"post-250920","1":"post","2":"type-post","3":"status-publish","4":"format-standard","6":"category-noticias","7":"category-seccional-cali","8":"category-seccionales","9":"category-trafico-de-estupefacientes","10":"tag-capturado","11":"tag-domiciliaria","12":"tag-fabricacion-o-porte-de-estupefacientes-agravado","13":"tag-fiscal-general-de-la-nacion","14":"tag-fiscalia-colombia","15":"tag-flagrancia","16":"tag-marihuana","17":"tag-medida-de-aseguramiento","18":"tag-residencia","19":"tag-seccional-cauca","20":"tag-trafico","21":"tag-yotoco-valle-del-cauca"},"yoast_head":"<!-- This site is optimized with the Yoast SEO plugin v24.3 - https:\/\/yoast.com\/wordpress\/plugins\/seo\/ -->\n<title>Fiscal\u00eda General de la Naci\u00f3n<\/title>\n<meta name=\"description\" content=\"P\u00e1gina oficial de la Fiscal\u00eda General de la Naci\u00f3n \u2013 Colombia. Garantizamos el acceso efectivo a la justicia, la verdad y la reparaci\u00f3n de las v\u00edctimas de los delitos.\" \/>\n<meta name=\"robots\" content=\"noindex, follow\" \/>\n<meta property=\"og:locale\" content=\"es_ES\" \/>\n<meta property=\"og:type\" content=\"article\" \/>\n<meta property=\"og:title\" content=\"Fiscal\u00eda General de la Naci\u00f3n\" \/>\n<meta property=\"og:description\" content=\"P\u00e1gina oficial de la Fiscal\u00eda General de la Naci\u00f3n \u2013 Colombia. Garantizamos el acceso efectivo a la justicia, la verdad y la reparaci\u00f3n de las v\u00edctimas de los delitos.\" \/>\n<meta property=\"og:url\" content=\"https:\/\/www.fiscalia.gov.co\/colombia\/noticias\/asegurado-el-conductor-de-un-tractocamion-en-el-que-fueron-encontradas-mas-de-tres-toneladas-de-marihuana\/\" \/>\n<meta property=\"og:site_name\" content=\"Fiscal\u00eda General de la Naci\u00f3n\" \/>\n<meta property=\"article:publisher\" content=\"https:\/\/www.facebook.com\/FiscaliaCol\" \/>\n<meta property=\"article:published_time\" content=\"2022-06-16T19:12:50+00:00\" \/>\n<meta property=\"og:image\" content=\"https:\/\/www.fiscalia.gov.co\/colombia\/wp-content\/uploads\/Fiscal-Barbosa-Alvaro-Renteria-Reyes.-Estupefacientes.-Yotoco-Valle.-1024x581.jpg\" \/>\n<meta name=\"author\" content=\"Jordan Leandro Oviedo Anzola\" \/>\n<meta name=\"twitter:card\" content=\"summary_large_image\" \/>\n<meta name=\"twitter:creator\" content=\"@FiscaliaCol\" \/>\n<meta name=\"twitter:site\" content=\"@FiscaliaCol\" \/>\n<meta name=\"twitter:label1\" content=\"Escrito por\" \/>\n\t<meta name=\"twitter:data1\" content=\"Jordan Leandro Oviedo Anzola\" \/>\n\t<meta name=\"twitter:label2\" content=\"Tiempo de lectura\" \/>\n\t<meta name=\"twitter:data2\" content=\"2 minutos\" \/>\n<script type=\"application\/ld+json\" class=\"yoast-schema-graph\">{\"@context\":\"https:\/\/schema.org\",\"@graph\":[{\"@type\":\"Article\",\"@id\":\"https:\/\/www.fiscalia.gov.co\/colombia\/noticias\/asegurado-el-conductor-de-un-tractocamion-en-el-que-fueron-encontradas-mas-de-tres-toneladas-de-marihuana\/#article\",\"isPartOf\":{\"@id\":\"https:\/\/www.fiscalia.gov.co\/colombia\/noticias\/asegurado-el-conductor-de-un-tractocamion-en-el-que-fueron-encontradas-mas-de-tres-toneladas-de-marihuana\/\"},\"author\":{\"name\":\"Jordan Leandro Oviedo Anzola\",\"@id\":\"https:\/\/www.fiscalia.gov.co\/colombia\/#\/schema\/person\/bf84402cf293a5393e9c70b111020b24\"},\"headline\":\"Asegurado el conductor de un tractocami\u00f3n en el que fueron encontradas m\u00e1s de tres toneladas de marihuana\u00a0\",\"datePublished\":\"2022-06-16T19:12:50+00:00\",\"dateModified\":\"2022-06-16T19:12:50+00:00\",\"mainEntityOfPage\":{\"@id\":\"https:\/\/www.fiscalia.gov.co\/colombia\/noticias\/asegurado-el-conductor-de-un-tractocamion-en-el-que-fueron-encontradas-mas-de-tres-toneladas-de-marihuana\/\"},\"wordCount\":353,\"publisher\":{\"@id\":\"https:\/\/www.fiscalia.gov.co\/colombia\/#organization\"},\"image\":{\"@id\":\"https:\/\/www.fiscalia.gov.co\/colombia\/noticias\/asegurado-el-conductor-de-un-tractocamion-en-el-que-fueron-encontradas-mas-de-tres-toneladas-de-marihuana\/#primaryimage\"},\"thumbnailUrl\":\"https:\/\/www.fiscalia.gov.co\/colombia\/wp-content\/uploads\/Fiscal-Barbosa-Alvaro-Renteria-Reyes.-Estupefacientes.-Yotoco-Valle.-1024x581.jpg\",\"keywords\":[\"Capturado\",\"domiciliaria\",\"fabricaci\u00f3n o porte de estupefacientes agravado\",\"Fiscal General de la Naci\u00f3n\",\"Fiscal\u00eda Colombia\",\"Flagrancia\",\"Marihuana\",\"Medida de aseguramiento\",\"Residencia\",\"Seccional Cauca\",\"Tr\u00e1fico\",\"Yotoco (Valle del Cauca)\"],\"articleSection\":[\"Noticias\",\"Seccional Cali\",\"Seccionales\",\"Tr\u00e1fico de estupefacientes\"],\"inLanguage\":\"es-CO\"},{\"@type\":\"WebPage\",\"@id\":\"https:\/\/www.fiscalia.gov.co\/colombia\/noticias\/asegurado-el-conductor-de-un-tractocamion-en-el-que-fueron-encontradas-mas-de-tres-toneladas-de-marihuana\/\",\"url\":\"https:\/\/www.fiscalia.gov.co\/colombia\/noticias\/asegurado-el-conductor-de-un-tractocamion-en-el-que-fueron-encontradas-mas-de-tres-toneladas-de-marihuana\/\",\"name\":\"Fiscal\u00eda General de la Naci\u00f3n\",\"isPartOf\":{\"@id\":\"https:\/\/www.fiscalia.gov.co\/colombia\/#website\"},\"primaryImageOfPage\":{\"@id\":\"https:\/\/www.fiscalia.gov.co\/colombia\/noticias\/asegurado-el-conductor-de-un-tractocamion-en-el-que-fueron-encontradas-mas-de-tres-toneladas-de-marihuana\/#primaryimage\"},\"image\":{\"@id\":\"https:\/\/www.fiscalia.gov.co\/colombia\/noticias\/asegurado-el-conductor-de-un-tractocamion-en-el-que-fueron-encontradas-mas-de-tres-toneladas-de-marihuana\/#primaryimage\"},\"thumbnailUrl\":\"https:\/\/www.fiscalia.gov.co\/colombia\/wp-content\/uploads\/Fiscal-Barbosa-Alvaro-Renteria-Reyes.-Estupefacientes.-Yotoco-Valle.-1024x581.jpg\",\"datePublished\":\"2022-06-16T19:12:50+00:00\",\"dateModified\":\"2022-06-16T19:12:50+00:00\",\"description\":\"P\u00e1gina oficial de la Fiscal\u00eda General de la Naci\u00f3n \u2013 Colombia. Garantizamos el acceso efectivo a la justicia, la verdad y la reparaci\u00f3n de las v\u00edctimas de los delitos.\",\"breadcrumb\":{\"@id\":\"https:\/\/www.fiscalia.gov.co\/colombia\/noticias\/asegurado-el-conductor-de-un-tractocamion-en-el-que-fueron-encontradas-mas-de-tres-toneladas-de-marihuana\/#breadcrumb\"},\"inLanguage\":\"es-CO\",\"potentialAction\":[{\"@type\":\"ReadAction\",\"target\":[\"https:\/\/www.fiscalia.gov.co\/colombia\/noticias\/asegurado-el-conductor-de-un-tractocamion-en-el-que-fueron-encontradas-mas-de-tres-toneladas-de-marihuana\/\"]}]},{\"@type\":\"ImageObject\",\"inLanguage\":\"es-CO\",\"@id\":\"https:\/\/www.fiscalia.gov.co\/colombia\/noticias\/asegurado-el-conductor-de-un-tractocamion-en-el-que-fueron-encontradas-mas-de-tres-toneladas-de-marihuana\/#primaryimage\",\"url\":\"https:\/\/www.fiscalia.gov.co\/colombia\/wp-content\/uploads\/Fiscal-Barbosa-Alvaro-Renteria-Reyes.-Estupefacientes.-Yotoco-Valle..jpg\",\"contentUrl\":\"https:\/\/www.fiscalia.gov.co\/colombia\/wp-content\/uploads\/Fiscal-Barbosa-Alvaro-Renteria-Reyes.-Estupefacientes.-Yotoco-Valle..jpg\",\"width\":1270,\"height\":720,\"caption\":\"\u00c1lvaro Renter\u00eda Reyes, asegurado como presunto responsable de transportar 3.040 kilos de marihuana tipo creepy, cuando se movilizaba por jurisdicci\u00f3n del municipio de Yotoco (Valle).\u00a0\"},{\"@type\":\"BreadcrumbList\",\"@id\":\"https:\/\/www.fiscalia.gov.co\/colombia\/noticias\/asegurado-el-conductor-de-un-tractocamion-en-el-que-fueron-encontradas-mas-de-tres-toneladas-de-marihuana\/#breadcrumb\",\"itemListElement\":[{\"@type\":\"ListItem\",\"position\":1,\"name\":\"Home\",\"item\":\"https:\/\/www.fiscalia.gov.co\/colombia\/\"},{\"@type\":\"ListItem\",\"position\":2,\"name\":\"Asegurado el conductor de un tractocami\u00f3n en el que fueron encontradas m\u00e1s de tres toneladas de marihuana\u00a0\"}]},{\"@type\":\"WebSite\",\"@id\":\"https:\/\/www.fiscalia.gov.co\/colombia\/#website\",\"url\":\"https:\/\/www.fiscalia.gov.co\/colombia\/\",\"name\":\"Fiscal\u00eda General de la Naci\u00f3n\",\"description\":\"P\u00e1gina oficial de la Fiscal\u00eda General de la Naci\u00f3n \u2013 Colombia. Garantizamos el acceso efectivo a la justicia, la verdad y la reparaci\u00f3n de las v\u00edctimas de los delitos.\",\"publisher\":{\"@id\":\"https:\/\/www.fiscalia.gov.co\/colombia\/#organization\"},\"potentialAction\":[{\"@type\":\"SearchAction\",\"target\":{\"@type\":\"EntryPoint\",\"urlTemplate\":\"https:\/\/www.fiscalia.gov.co\/colombia\/?s={search_term_string}\"},\"query-input\":{\"@type\":\"PropertyValueSpecification\",\"valueRequired\":true,\"valueName\":\"search_term_string\"}}],\"inLanguage\":\"es-CO\"},{\"@type\":\"Organization\",\"@id\":\"https:\/\/www.fiscalia.gov.co\/colombia\/#organization\",\"name\":\"Fiscal\u00eda General de la Naci\u00f3n\",\"url\":\"https:\/\/www.fiscalia.gov.co\/colombia\/\",\"logo\":{\"@type\":\"ImageObject\",\"inLanguage\":\"es-CO\",\"@id\":\"https:\/\/www.fiscalia.gov.co\/colombia\/#\/schema\/logo\/image\/\",\"url\":\"https:\/\/www.fiscalia.gov.co\/colombia\/wp-content\/uploads\/LogoHorizontal_1.jpg\",\"contentUrl\":\"https:\/\/www.fiscalia.gov.co\/colombia\/wp-content\/uploads\/LogoHorizontal_1.jpg\",\"width\":300,\"height\":90,\"caption\":\"Fiscal\u00eda General de la Naci\u00f3n\"},\"image\":{\"@id\":\"https:\/\/www.fiscalia.gov.co\/colombia\/#\/schema\/logo\/image\/\"},\"sameAs\":[\"https:\/\/www.facebook.com\/FiscaliaCol\",\"https:\/\/x.com\/FiscaliaCol\",\"https:\/\/www.instagram.com\/fiscaliacol\",\"https:\/\/www.linkedin.com\/company\/fiscalia-general-de-la-naci-n\/\",\"https:\/\/youtube.com\/@fiscaliageneraldelanacion-4668?si=6nN79nyQICPU5iTh\"]},{\"@type\":\"Person\",\"@id\":\"https:\/\/www.fiscalia.gov.co\/colombia\/#\/schema\/person\/bf84402cf293a5393e9c70b111020b24\",\"name\":\"Jordan Leandro Oviedo Anzola\",\"image\":{\"@type\":\"ImageObject\",\"inLanguage\":\"es-CO\",\"@id\":\"https:\/\/www.fiscalia.gov.co\/colombia\/#\/schema\/person\/image\/\",\"url\":\"https:\/\/secure.gravatar.com\/avatar\/dabba4346fa9b9207d96adafa8f92721?s=96&d=mm&r=g\",\"contentUrl\":\"https:\/\/secure.gravatar.com\/avatar\/dabba4346fa9b9207d96adafa8f92721?s=96&d=mm&r=g\",\"caption\":\"Jordan Leandro Oviedo Anzola\"},\"url\":\"https:\/\/www.fiscalia.gov.co\/colombia\/author\/joviedo\/\"}]}<\/script>\n<!-- \/ Yoast SEO plugin. -->","yoast_head_json":{"title":"Fiscal\u00eda General de la Naci\u00f3n","description":"P\u00e1gina oficial de la Fiscal\u00eda General de la Naci\u00f3n \u2013 Colombia. Garantizamos el acceso efectivo a la justicia, la verdad y la reparaci\u00f3n de las v\u00edctimas de los delitos.","robots":{"index":"noindex","follow":"follow"},"og_locale":"es_ES","og_type":"article","og_title":"Fiscal\u00eda General de la Naci\u00f3n","og_description":"P\u00e1gina oficial de la Fiscal\u00eda General de la Naci\u00f3n \u2013 Colombia. Garantizamos el acceso efectivo a la justicia, la verdad y la reparaci\u00f3n de las v\u00edctimas de los delitos.","og_url":"https:\/\/www.fiscalia.gov.co\/colombia\/noticias\/asegurado-el-conductor-de-un-tractocamion-en-el-que-fueron-encontradas-mas-de-tres-toneladas-de-marihuana\/","og_site_name":"Fiscal\u00eda General de la Naci\u00f3n","article_publisher":"https:\/\/www.facebook.com\/FiscaliaCol","article_published_time":"2022-06-16T19:12:50+00:00","og_image":[{"url":"https:\/\/www.fiscalia.gov.co\/colombia\/wp-content\/uploads\/Fiscal-Barbosa-Alvaro-Renteria-Reyes.-Estupefacientes.-Yotoco-Valle.-1024x581.jpg","type":"","width":"","height":""}],"author":"Jordan Leandro Oviedo Anzola","twitter_card":"summary_large_image","twitter_creator":"@FiscaliaCol","twitter_site":"@FiscaliaCol","twitter_misc":{"Escrito por":"Jordan Leandro Oviedo Anzola","Tiempo de lectura":"2 minutos"},"schema":{"@context":"https:\/\/schema.org","@graph":[{"@type":"Article","@id":"https:\/\/www.fiscalia.gov.co\/colombia\/noticias\/asegurado-el-conductor-de-un-tractocamion-en-el-que-fueron-encontradas-mas-de-tres-toneladas-de-marihuana\/#article","isPartOf":{"@id":"https:\/\/www.fiscalia.gov.co\/colombia\/noticias\/asegurado-el-conductor-de-un-tractocamion-en-el-que-fueron-encontradas-mas-de-tres-toneladas-de-marihuana\/"},"author":{"name":"Jordan Leandro Oviedo Anzola","@id":"https:\/\/www.fiscalia.gov.co\/colombia\/#\/schema\/person\/bf84402cf293a5393e9c70b111020b24"},"headline":"Asegurado el conductor de un tractocami\u00f3n en el que fueron encontradas m\u00e1s de tres toneladas de marihuana\u00a0","datePublished":"2022-06-16T19:12:50+00:00","dateModified":"2022-06-16T19:12:50+00:00","mainEntityOfPage":{"@id":"https:\/\/www.fiscalia.gov.co\/colombia\/noticias\/asegurado-el-conductor-de-un-tractocamion-en-el-que-fueron-encontradas-mas-de-tres-toneladas-de-marihuana\/"},"wordCount":353,"publisher":{"@id":"https:\/\/www.fiscalia.gov.co\/colombia\/#organization"},"image":{"@id":"https:\/\/www.fiscalia.gov.co\/colombia\/noticias\/asegurado-el-conductor-de-un-tractocamion-en-el-que-fueron-encontradas-mas-de-tres-toneladas-de-marihuana\/#primaryimage"},"thumbnailUrl":"https:\/\/www.fiscalia.gov.co\/colombia\/wp-content\/uploads\/Fiscal-Barbosa-Alvaro-Renteria-Reyes.-Estupefacientes.-Yotoco-Valle.-1024x581.jpg","keywords":["Capturado","domiciliaria","fabricaci\u00f3n o porte de estupefacientes agravado","Fiscal General de la Naci\u00f3n","Fiscal\u00eda Colombia","Flagrancia","Marihuana","Medida de aseguramiento","Residencia","Seccional Cauca","Tr\u00e1fico","Yotoco (Valle del Cauca)"],"articleSection":["Noticias","Seccional Cali","Seccionales","Tr\u00e1fico de estupefacientes"],"inLanguage":"es-CO"},{"@type":"WebPage","@id":"https:\/\/www.fiscalia.gov.co\/colombia\/noticias\/asegurado-el-conductor-de-un-tractocamion-en-el-que-fueron-encontradas-mas-de-tres-toneladas-de-marihuana\/","url":"https:\/\/www.fiscalia.gov.co\/colombia\/noticias\/asegurado-el-conductor-de-un-tractocamion-en-el-que-fueron-encontradas-mas-de-tres-toneladas-de-marihuana\/","name":"Fiscal\u00eda General de la Naci\u00f3n","isPartOf":{"@id":"https:\/\/www.fiscalia.gov.co\/colombia\/#website"},"primaryImageOfPage":{"@id":"https:\/\/www.fiscalia.gov.co\/colombia\/noticias\/asegurado-el-conductor-de-un-tractocamion-en-el-que-fueron-encontradas-mas-de-tres-toneladas-de-marihuana\/#primaryimage"},"image":{"@id":"https:\/\/www.fiscalia.gov.co\/colombia\/noticias\/asegurado-el-conductor-de-un-tractocamion-en-el-que-fueron-encontradas-mas-de-tres-toneladas-de-marihuana\/#primaryimage"},"thumbnailUrl":"https:\/\/www.fiscalia.gov.co\/colombia\/wp-content\/uploads\/Fiscal-Barbosa-Alvaro-Renteria-Reyes.-Estupefacientes.-Yotoco-Valle.-1024x581.jpg","datePublished":"2022-06-16T19:12:50+00:00","dateModified":"2022-06-16T19:12:50+00:00","description":"P\u00e1gina oficial de la Fiscal\u00eda General de la Naci\u00f3n \u2013 Colombia. Garantizamos el acceso efectivo a la justicia, la verdad y la reparaci\u00f3n de las v\u00edctimas de los delitos.","breadcrumb":{"@id":"https:\/\/www.fiscalia.gov.co\/colombia\/noticias\/asegurado-el-conductor-de-un-tractocamion-en-el-que-fueron-encontradas-mas-de-tres-toneladas-de-marihuana\/#breadcrumb"},"inLanguage":"es-CO","potentialAction":[{"@type":"ReadAction","target":["https:\/\/www.fiscalia.gov.co\/colombia\/noticias\/asegurado-el-conductor-de-un-tractocamion-en-el-que-fueron-encontradas-mas-de-tres-toneladas-de-marihuana\/"]}]},{"@type":"ImageObject","inLanguage":"es-CO","@id":"https:\/\/www.fiscalia.gov.co\/colombia\/noticias\/asegurado-el-conductor-de-un-tractocamion-en-el-que-fueron-encontradas-mas-de-tres-toneladas-de-marihuana\/#primaryimage","url":"https:\/\/www.fiscalia.gov.co\/colombia\/wp-content\/uploads\/Fiscal-Barbosa-Alvaro-Renteria-Reyes.-Estupefacientes.-Yotoco-Valle..jpg","contentUrl":"https:\/\/www.fiscalia.gov.co\/colombia\/wp-content\/uploads\/Fiscal-Barbosa-Alvaro-Renteria-Reyes.-Estupefacientes.-Yotoco-Valle..jpg","width":1270,"height":720,"caption":"\u00c1lvaro Renter\u00eda Reyes, asegurado como presunto responsable de transportar 3.040 kilos de marihuana tipo creepy, cuando se movilizaba por jurisdicci\u00f3n del municipio de Yotoco (Valle).\u00a0"},{"@type":"BreadcrumbList","@id":"https:\/\/www.fiscalia.gov.co\/colombia\/noticias\/asegurado-el-conductor-de-un-tractocamion-en-el-que-fueron-encontradas-mas-de-tres-toneladas-de-marihuana\/#breadcrumb","itemListElement":[{"@type":"ListItem","position":1,"name":"Home","item":"https:\/\/www.fiscalia.gov.co\/colombia\/"},{"@type":"ListItem","position":2,"name":"Asegurado el conductor de un tractocami\u00f3n en el que fueron encontradas m\u00e1s de tres toneladas de marihuana\u00a0"}]},{"@type":"WebSite","@id":"https:\/\/www.fiscalia.gov.co\/colombia\/#website","url":"https:\/\/www.fiscalia.gov.co\/colombia\/","name":"Fiscal\u00eda General de la Naci\u00f3n","description":"P\u00e1gina oficial de la Fiscal\u00eda General de la Naci\u00f3n \u2013 Colombia. Garantizamos el acceso efectivo a la justicia, la verdad y la reparaci\u00f3n de las v\u00edctimas de los delitos.","publisher":{"@id":"https:\/\/www.fiscalia.gov.co\/colombia\/#organization"},"potentialAction":[{"@type":"SearchAction","target":{"@type":"EntryPoint","urlTemplate":"https:\/\/www.fiscalia.gov.co\/colombia\/?s={search_term_string}"},"query-input":{"@type":"PropertyValueSpecification","valueRequired":true,"valueName":"search_term_string"}}],"inLanguage":"es-CO"},{"@type":"Organization","@id":"https:\/\/www.fiscalia.gov.co\/colombia\/#organization","name":"Fiscal\u00eda General de la Naci\u00f3n","url":"https:\/\/www.fiscalia.gov.co\/colombia\/","logo":{"@type":"ImageObject","inLanguage":"es-CO","@id":"https:\/\/www.fiscalia.gov.co\/colombia\/#\/schema\/logo\/image\/","url":"https:\/\/www.fiscalia.gov.co\/colombia\/wp-content\/uploads\/LogoHorizontal_1.jpg","contentUrl":"https:\/\/www.fiscalia.gov.co\/colombia\/wp-content\/uploads\/LogoHorizontal_1.jpg","width":300,"height":90,"caption":"Fiscal\u00eda General de la Naci\u00f3n"},"image":{"@id":"https:\/\/www.fiscalia.gov.co\/colombia\/#\/schema\/logo\/image\/"},"sameAs":["https:\/\/www.facebook.com\/FiscaliaCol","https:\/\/x.com\/FiscaliaCol","https:\/\/www.instagram.com\/fiscaliacol","https:\/\/www.linkedin.com\/company\/fiscalia-general-de-la-naci-n\/","https:\/\/youtube.com\/@fiscaliageneraldelanacion-4668?si=6nN79nyQICPU5iTh"]},{"@type":"Person","@id":"https:\/\/www.fiscalia.gov.co\/colombia\/#\/schema\/person\/bf84402cf293a5393e9c70b111020b24","name":"Jordan Leandro Oviedo Anzola","image":{"@type":"ImageObject","inLanguage":"es-CO","@id":"https:\/\/www.fiscalia.gov.co\/colombia\/#\/schema\/person\/image\/","url":"https:\/\/secure.gravatar.com\/avatar\/dabba4346fa9b9207d96adafa8f92721?s=96&d=mm&r=g","contentUrl":"https:\/\/secure.gravatar.com\/avatar\/dabba4346fa9b9207d96adafa8f92721?s=96&d=mm&r=g","caption":"Jordan Leandro Oviedo Anzola"},"url":"https:\/\/www.fiscalia.gov.co\/colombia\/author\/joviedo\/"}]}},"_links":{"self":[{"href":"https:\/\/www.fiscalia.gov.co\/colombia\/wp-json\/wp\/v2\/posts\/250920","targetHints":{"allow":["GET"]}}],"collection":[{"href":"https:\/\/www.fiscalia.gov.co\/colombia\/wp-json\/wp\/v2\/posts"}],"about":[{"href":"https:\/\/www.fiscalia.gov.co\/colombia\/wp-json\/wp\/v2\/types\/post"}],"author":[{"embeddable":true,"href":"https:\/\/www.fiscalia.gov.co\/colombia\/wp-json\/wp\/v2\/users\/177"}],"replies":[{"embeddable":true,"href":"https:\/\/www.fiscalia.gov.co\/colombia\/wp-json\/wp\/v2\/comments?post=250920"}],"version-history":[{"count":1,"href":"https:\/\/www.fiscalia.gov.co\/colombia\/wp-json\/wp\/v2\/posts\/250920\/revisions"}],"predecessor-version":[{"id":250922,"href":"https:\/\/www.fiscalia.gov.co\/colombia\/wp-json\/wp\/v2\/posts\/250920\/revisions\/250922"}],"wp:attachment":[{"href":"https:\/\/www.fiscalia.gov.co\/colombia\/wp-json\/wp\/v2\/media?parent=250920"}],"wp:term":[{"taxonomy":"category","embeddable":true,"href":"https:\/\/www.fiscalia.gov.co\/colombia\/wp-json\/wp\/v2\/categories?post=250920"},{"taxonomy":"post_tag","embeddable":true,"href":"https:\/\/www.fiscalia.gov.co\/colombia\/wp-json\/wp\/v2\/tags?post=250920"}],"curies":[{"name":"wp","href":"https:\/\/api.w.org\/{rel}","templated":true}]}}