{"id":250906,"date":"2022-06-16T12:38:14","date_gmt":"2022-06-16T17:38:14","guid":{"rendered":"https:\/\/www.fiscalia.gov.co\/colombia\/?p=250906"},"modified":"2022-06-24T10:08:32","modified_gmt":"2022-06-24T15:08:32","slug":"judicializado-extranjero-quien-habria-herido-a-una-menor-para-hurtarle-su-celular-en-bucaramanga","status":"publish","type":"post","link":"https:\/\/www.fiscalia.gov.co\/colombia\/noticias\/judicializado-extranjero-quien-habria-herido-a-una-menor-para-hurtarle-su-celular-en-bucaramanga\/","title":{"rendered":"Judicializado extranjero quien habr\u00eda herido a una menor para hurtarle su celular en Bucaramanga"},"content":{"rendered":"<p style=\"font-weight: 400;\">Un fiscal adscrito a la direcci\u00f3n Seccional de Fiscal\u00edas de Santander judicializ\u00f3 a Francisco Alejandro S\u00e1nchez Guill\u00e9n, de nacionalidad extranjera, quien habr\u00eda herido en un brazo con un pu\u00f1al a una estudiante de 12 a\u00f1os para hurtarle su tel\u00e9fono celular.<\/p>\n<figure id=\"attachment_250907\" aria-describedby=\"caption-attachment-250907\" style=\"width: 696px\" class=\"wp-caption aligncenter\"><img loading=\"lazy\" decoding=\"async\" class=\"size-large wp-image-250907\" src=\"https:\/\/www.fiscalia.gov.co\/colombia\/wp-content\/uploads\/Fiscal-barbosa-A-Francisco-Alejandro-Sanchez-Guillen-de-nacionalidad-extranjera-la-Fiscalia-le-imputo-el-delito-de-hurto-calificado-y-agravado.-1024x572.jpg\" alt=\"\" width=\"696\" height=\"389\" srcset=\"https:\/\/www.fiscalia.gov.co\/colombia\/wp-content\/uploads\/Fiscal-barbosa-A-Francisco-Alejandro-Sanchez-Guillen-de-nacionalidad-extranjera-la-Fiscalia-le-imputo-el-delito-de-hurto-calificado-y-agravado.-1024x572.jpg 1024w, https:\/\/www.fiscalia.gov.co\/colombia\/wp-content\/uploads\/Fiscal-barbosa-A-Francisco-Alejandro-Sanchez-Guillen-de-nacionalidad-extranjera-la-Fiscalia-le-imputo-el-delito-de-hurto-calificado-y-agravado.-300x168.jpg 300w, https:\/\/www.fiscalia.gov.co\/colombia\/wp-content\/uploads\/Fiscal-barbosa-A-Francisco-Alejandro-Sanchez-Guillen-de-nacionalidad-extranjera-la-Fiscalia-le-imputo-el-delito-de-hurto-calificado-y-agravado.-768x429.jpg 768w, https:\/\/www.fiscalia.gov.co\/colombia\/wp-content\/uploads\/Fiscal-barbosa-A-Francisco-Alejandro-Sanchez-Guillen-de-nacionalidad-extranjera-la-Fiscalia-le-imputo-el-delito-de-hurto-calificado-y-agravado.-696x389.jpg 696w, https:\/\/www.fiscalia.gov.co\/colombia\/wp-content\/uploads\/Fiscal-barbosa-A-Francisco-Alejandro-Sanchez-Guillen-de-nacionalidad-extranjera-la-Fiscalia-le-imputo-el-delito-de-hurto-calificado-y-agravado.-1068x597.jpg 1068w, https:\/\/www.fiscalia.gov.co\/colombia\/wp-content\/uploads\/Fiscal-barbosa-A-Francisco-Alejandro-Sanchez-Guillen-de-nacionalidad-extranjera-la-Fiscalia-le-imputo-el-delito-de-hurto-calificado-y-agravado.-752x420.jpg 752w, https:\/\/www.fiscalia.gov.co\/colombia\/wp-content\/uploads\/Fiscal-barbosa-A-Francisco-Alejandro-Sanchez-Guillen-de-nacionalidad-extranjera-la-Fiscalia-le-imputo-el-delito-de-hurto-calificado-y-agravado..jpg 1280w\" sizes=\"auto, (max-width: 696px) 100vw, 696px\" \/><figcaption id=\"caption-attachment-250907\" class=\"wp-caption-text\">A Francisco Alejandro S\u00e1nchez Guill\u00e9n, de nacionalidad extranjera, la Fiscal\u00eda\u00a0\u00a0le imput\u00f3 el delito de hurto calificado y agravado.<\/figcaption><\/figure>\n<p style=\"font-weight: 400;\">Los hechos tuvieron lugar este 9 de junio en inmediaciones de un establecimiento educativo ubicado en el sector de Provenza, al sur de Bucaramanga (Santander), donde el sujeto abord\u00f3 a la menor cuando sal\u00eda de clases.<\/p>\n<p style=\"font-weight: 400;\">Gracias a la investigaci\u00f3n realizada por la Fiscal\u00eda, en coordinaci\u00f3n con la Polic\u00eda Nacional, se logr\u00f3 la r\u00e1pida identificaci\u00f3n y captura del presunto agresor, a quien se le imput\u00f3 el delito de hurto calificado y agravado.<\/p>\n<p style=\"font-weight: 400;\">Un juez con funci\u00f3n de control de garant\u00edas cobij\u00f3 a S\u00e1nchez Guill\u00e9n con medida de aseguramiento en centro carcelario.<\/p>\n<p style=\"font-weight: 400;\"><strong>La Fiscal\u00eda habla con resultados.<\/strong><\/p>\n<p>&nbsp;<\/p>\n<p style=\"font-weight: 400;\">DRA\/CFG\/ODA\/DSSER<\/p>\n<p>&nbsp;<\/p>\n<div class=\"td-post-content tagdiv-type\">\n<div class=\"td-post-content tagdiv-type\">\n<p><em>La informaci\u00f3n contenida en este bolet\u00edn de prensa corresponde a la narraci\u00f3n de los hechos noticiosos objetivos, suministrados por los funcionarios encargados de adelantar las investigaciones penales al interior de la Fiscal\u00eda General de la Naci\u00f3n. Para el momento de la divulgaci\u00f3n de este comunicado, la situaci\u00f3n jur\u00eddica de la(s) persona(s) relacionada(s) se encuentra pendiente de resolver por la autoridad judicial competente, siempre bajo los preceptos de la presunci\u00f3n de inocencia, consagrados en el art\u00edculo 29 de la Constituci\u00f3n Pol\u00edtica y el art\u00edculo 7\u00ba de la Ley 906 de 2004.<\/em><\/p>\n<\/div>\n<\/div>\n<p style=\"font-weight: 400;\">\n\n<div class=\"twitter-share\"><a href=\"https:\/\/twitter.com\/intent\/tweet?via=fiscaliacol\" class=\"twitter-share-button\">Tweet<\/a><\/div>\n","protected":false},"excerpt":{"rendered":"<p>Un fiscal adscrito a la direcci\u00f3n Seccional de Fiscal\u00edas de Santander judicializ\u00f3 a Francisco Alejandro S\u00e1nchez Guill\u00e9n, de nacionalidad extranjera, quien habr\u00eda herido en un brazo con un pu\u00f1al a una estudiante de 12 a\u00f1os para hurtarle su tel\u00e9fono celular. Los hechos tuvieron lugar este 9 de junio en inmediaciones de un establecimiento educativo ubicado [&hellip;]<\/p>\n","protected":false},"author":177,"featured_media":0,"comment_status":"closed","ping_status":"open","sticky":false,"template":"","format":"video","meta":{"_price":"","_stock":"","_tribe_ticket_header":"","_tribe_default_ticket_provider":"","_tribe_ticket_capacity":"0","_ticket_start_date":"","_ticket_end_date":"","_tribe_ticket_show_description":"","_tribe_ticket_show_not_going":false,"_tribe_ticket_use_global_stock":"","_tribe_ticket_global_stock_level":"","_global_stock_mode":"","_global_stock_cap":"","_tribe_rsvp_for_event":"","_tribe_ticket_going_count":"","_tribe_ticket_not_going_count":"","_tribe_tickets_list":"[]","_tribe_ticket_has_attendee_info_fields":false,"tdm_status":"","tdm_grid_status":"","footnotes":""},"categories":[1,322,303,24099],"tags":[24131,4645,24185,24188,1047,23960],"class_list":{"0":"post-250906","1":"post","2":"type-post","3":"status-publish","4":"format-video","6":"category-noticias","7":"category-seccional-bucaramanga","8":"category-seccionales","9":"category-seguridad-territorial","10":"tag-bucaramanga-santander","11":"tag-celular","12":"tag-fiscal-barbosa","13":"tag-fiscal-francisco-barbosa","14":"tag-fiscalia-general-de-la-nacion","15":"tag-hurto","16":"post_format-post-format-video"},"yoast_head":"<!-- This site is optimized with the Yoast SEO plugin v24.3 - https:\/\/yoast.com\/wordpress\/plugins\/seo\/ -->\n<title>Fiscal\u00eda General de la Naci\u00f3n<\/title>\n<meta name=\"description\" content=\"P\u00e1gina oficial de la Fiscal\u00eda General de la Naci\u00f3n \u2013 Colombia. Garantizamos el acceso efectivo a la justicia, la verdad y la reparaci\u00f3n de las v\u00edctimas de los delitos.\" \/>\n<meta name=\"robots\" content=\"noindex, follow\" \/>\n<meta property=\"og:locale\" content=\"es_ES\" \/>\n<meta property=\"og:type\" content=\"article\" \/>\n<meta property=\"og:title\" content=\"Fiscal\u00eda General de la Naci\u00f3n\" \/>\n<meta property=\"og:description\" content=\"P\u00e1gina oficial de la Fiscal\u00eda General de la Naci\u00f3n \u2013 Colombia. Garantizamos el acceso efectivo a la justicia, la verdad y la reparaci\u00f3n de las v\u00edctimas de los delitos.\" \/>\n<meta property=\"og:url\" content=\"https:\/\/www.fiscalia.gov.co\/colombia\/noticias\/judicializado-extranjero-quien-habria-herido-a-una-menor-para-hurtarle-su-celular-en-bucaramanga\/\" \/>\n<meta property=\"og:site_name\" content=\"Fiscal\u00eda General de la Naci\u00f3n\" \/>\n<meta property=\"article:publisher\" content=\"https:\/\/www.facebook.com\/FiscaliaCol\" \/>\n<meta property=\"article:published_time\" content=\"2022-06-16T17:38:14+00:00\" \/>\n<meta property=\"article:modified_time\" content=\"2022-06-24T15:08:32+00:00\" \/>\n<meta property=\"og:image\" content=\"https:\/\/www.fiscalia.gov.co\/colombia\/wp-content\/uploads\/Fiscal-barbosa-A-Francisco-Alejandro-Sanchez-Guillen-de-nacionalidad-extranjera-la-Fiscalia-le-imputo-el-delito-de-hurto-calificado-y-agravado.-1024x572.jpg\" \/>\n<meta name=\"author\" content=\"Jordan Leandro Oviedo Anzola\" \/>\n<meta name=\"twitter:card\" content=\"summary_large_image\" \/>\n<meta name=\"twitter:creator\" content=\"@FiscaliaCol\" \/>\n<meta name=\"twitter:site\" content=\"@FiscaliaCol\" \/>\n<meta name=\"twitter:label1\" content=\"Escrito por\" \/>\n\t<meta name=\"twitter:data1\" content=\"Jordan Leandro Oviedo Anzola\" \/>\n\t<meta name=\"twitter:label2\" content=\"Tiempo de lectura\" \/>\n\t<meta name=\"twitter:data2\" content=\"1 minuto\" \/>\n<script type=\"application\/ld+json\" class=\"yoast-schema-graph\">{\"@context\":\"https:\/\/schema.org\",\"@graph\":[{\"@type\":\"Article\",\"@id\":\"https:\/\/www.fiscalia.gov.co\/colombia\/noticias\/judicializado-extranjero-quien-habria-herido-a-una-menor-para-hurtarle-su-celular-en-bucaramanga\/#article\",\"isPartOf\":{\"@id\":\"https:\/\/www.fiscalia.gov.co\/colombia\/noticias\/judicializado-extranjero-quien-habria-herido-a-una-menor-para-hurtarle-su-celular-en-bucaramanga\/\"},\"author\":{\"name\":\"Jordan Leandro Oviedo Anzola\",\"@id\":\"https:\/\/www.fiscalia.gov.co\/colombia\/#\/schema\/person\/bf84402cf293a5393e9c70b111020b24\"},\"headline\":\"Judicializado extranjero quien habr\u00eda herido a una menor para hurtarle su celular en Bucaramanga\",\"datePublished\":\"2022-06-16T17:38:14+00:00\",\"dateModified\":\"2022-06-24T15:08:32+00:00\",\"mainEntityOfPage\":{\"@id\":\"https:\/\/www.fiscalia.gov.co\/colombia\/noticias\/judicializado-extranjero-quien-habria-herido-a-una-menor-para-hurtarle-su-celular-en-bucaramanga\/\"},\"wordCount\":306,\"publisher\":{\"@id\":\"https:\/\/www.fiscalia.gov.co\/colombia\/#organization\"},\"image\":{\"@id\":\"https:\/\/www.fiscalia.gov.co\/colombia\/noticias\/judicializado-extranjero-quien-habria-herido-a-una-menor-para-hurtarle-su-celular-en-bucaramanga\/#primaryimage\"},\"thumbnailUrl\":\"https:\/\/www.fiscalia.gov.co\/colombia\/wp-content\/uploads\/Fiscal-barbosa-A-Francisco-Alejandro-Sanchez-Guillen-de-nacionalidad-extranjera-la-Fiscalia-le-imputo-el-delito-de-hurto-calificado-y-agravado.-1024x572.jpg\",\"keywords\":[\"Bucaramanga (Santander)\",\"Celular\",\"Fiscal Barbosa\",\"Fiscal Francisco Barbosa\",\"Fiscal\u00eda General de la Naci\u00f3n\",\"Hurto\"],\"articleSection\":[\"Noticias\",\"Seccional Bucaramanga\",\"Seccionales\",\"Seguridad territorial\"],\"inLanguage\":\"es-CO\"},{\"@type\":\"WebPage\",\"@id\":\"https:\/\/www.fiscalia.gov.co\/colombia\/noticias\/judicializado-extranjero-quien-habria-herido-a-una-menor-para-hurtarle-su-celular-en-bucaramanga\/\",\"url\":\"https:\/\/www.fiscalia.gov.co\/colombia\/noticias\/judicializado-extranjero-quien-habria-herido-a-una-menor-para-hurtarle-su-celular-en-bucaramanga\/\",\"name\":\"Fiscal\u00eda General de la Naci\u00f3n\",\"isPartOf\":{\"@id\":\"https:\/\/www.fiscalia.gov.co\/colombia\/#website\"},\"primaryImageOfPage\":{\"@id\":\"https:\/\/www.fiscalia.gov.co\/colombia\/noticias\/judicializado-extranjero-quien-habria-herido-a-una-menor-para-hurtarle-su-celular-en-bucaramanga\/#primaryimage\"},\"image\":{\"@id\":\"https:\/\/www.fiscalia.gov.co\/colombia\/noticias\/judicializado-extranjero-quien-habria-herido-a-una-menor-para-hurtarle-su-celular-en-bucaramanga\/#primaryimage\"},\"thumbnailUrl\":\"https:\/\/www.fiscalia.gov.co\/colombia\/wp-content\/uploads\/Fiscal-barbosa-A-Francisco-Alejandro-Sanchez-Guillen-de-nacionalidad-extranjera-la-Fiscalia-le-imputo-el-delito-de-hurto-calificado-y-agravado.-1024x572.jpg\",\"datePublished\":\"2022-06-16T17:38:14+00:00\",\"dateModified\":\"2022-06-24T15:08:32+00:00\",\"description\":\"P\u00e1gina oficial de la Fiscal\u00eda General de la Naci\u00f3n \u2013 Colombia. Garantizamos el acceso efectivo a la justicia, la verdad y la reparaci\u00f3n de las v\u00edctimas de los delitos.\",\"breadcrumb\":{\"@id\":\"https:\/\/www.fiscalia.gov.co\/colombia\/noticias\/judicializado-extranjero-quien-habria-herido-a-una-menor-para-hurtarle-su-celular-en-bucaramanga\/#breadcrumb\"},\"inLanguage\":\"es-CO\",\"potentialAction\":[{\"@type\":\"ReadAction\",\"target\":[\"https:\/\/www.fiscalia.gov.co\/colombia\/noticias\/judicializado-extranjero-quien-habria-herido-a-una-menor-para-hurtarle-su-celular-en-bucaramanga\/\"]}]},{\"@type\":\"ImageObject\",\"inLanguage\":\"es-CO\",\"@id\":\"https:\/\/www.fiscalia.gov.co\/colombia\/noticias\/judicializado-extranjero-quien-habria-herido-a-una-menor-para-hurtarle-su-celular-en-bucaramanga\/#primaryimage\",\"url\":\"https:\/\/www.fiscalia.gov.co\/colombia\/wp-content\/uploads\/Fiscal-barbosa-A-Francisco-Alejandro-Sanchez-Guillen-de-nacionalidad-extranjera-la-Fiscalia-le-imputo-el-delito-de-hurto-calificado-y-agravado..jpg\",\"contentUrl\":\"https:\/\/www.fiscalia.gov.co\/colombia\/wp-content\/uploads\/Fiscal-barbosa-A-Francisco-Alejandro-Sanchez-Guillen-de-nacionalidad-extranjera-la-Fiscalia-le-imputo-el-delito-de-hurto-calificado-y-agravado..jpg\",\"width\":1280,\"height\":715,\"caption\":\"A Francisco Alejandro S\u00e1nchez Guill\u00e9n, de nacionalidad extranjera, la Fiscal\u00eda\u00a0\u00a0le imput\u00f3 el delito de hurto calificado y agravado.\"},{\"@type\":\"BreadcrumbList\",\"@id\":\"https:\/\/www.fiscalia.gov.co\/colombia\/noticias\/judicializado-extranjero-quien-habria-herido-a-una-menor-para-hurtarle-su-celular-en-bucaramanga\/#breadcrumb\",\"itemListElement\":[{\"@type\":\"ListItem\",\"position\":1,\"name\":\"Home\",\"item\":\"https:\/\/www.fiscalia.gov.co\/colombia\/\"},{\"@type\":\"ListItem\",\"position\":2,\"name\":\"Judicializado extranjero quien habr\u00eda herido a una menor para hurtarle su celular en Bucaramanga\"}]},{\"@type\":\"WebSite\",\"@id\":\"https:\/\/www.fiscalia.gov.co\/colombia\/#website\",\"url\":\"https:\/\/www.fiscalia.gov.co\/colombia\/\",\"name\":\"Fiscal\u00eda General de la Naci\u00f3n\",\"description\":\"P\u00e1gina oficial de la Fiscal\u00eda General de la Naci\u00f3n \u2013 Colombia. Garantizamos el acceso efectivo a la justicia, la verdad y la reparaci\u00f3n de las v\u00edctimas de los delitos.\",\"publisher\":{\"@id\":\"https:\/\/www.fiscalia.gov.co\/colombia\/#organization\"},\"potentialAction\":[{\"@type\":\"SearchAction\",\"target\":{\"@type\":\"EntryPoint\",\"urlTemplate\":\"https:\/\/www.fiscalia.gov.co\/colombia\/?s={search_term_string}\"},\"query-input\":{\"@type\":\"PropertyValueSpecification\",\"valueRequired\":true,\"valueName\":\"search_term_string\"}}],\"inLanguage\":\"es-CO\"},{\"@type\":\"Organization\",\"@id\":\"https:\/\/www.fiscalia.gov.co\/colombia\/#organization\",\"name\":\"Fiscal\u00eda General de la Naci\u00f3n\",\"url\":\"https:\/\/www.fiscalia.gov.co\/colombia\/\",\"logo\":{\"@type\":\"ImageObject\",\"inLanguage\":\"es-CO\",\"@id\":\"https:\/\/www.fiscalia.gov.co\/colombia\/#\/schema\/logo\/image\/\",\"url\":\"https:\/\/www.fiscalia.gov.co\/colombia\/wp-content\/uploads\/LogoHorizontal_1.jpg\",\"contentUrl\":\"https:\/\/www.fiscalia.gov.co\/colombia\/wp-content\/uploads\/LogoHorizontal_1.jpg\",\"width\":300,\"height\":90,\"caption\":\"Fiscal\u00eda General de la Naci\u00f3n\"},\"image\":{\"@id\":\"https:\/\/www.fiscalia.gov.co\/colombia\/#\/schema\/logo\/image\/\"},\"sameAs\":[\"https:\/\/www.facebook.com\/FiscaliaCol\",\"https:\/\/x.com\/FiscaliaCol\",\"https:\/\/www.instagram.com\/fiscaliacol\",\"https:\/\/www.linkedin.com\/company\/fiscalia-general-de-la-naci-n\/\",\"https:\/\/youtube.com\/@fiscaliageneraldelanacion-4668?si=6nN79nyQICPU5iTh\"]},{\"@type\":\"Person\",\"@id\":\"https:\/\/www.fiscalia.gov.co\/colombia\/#\/schema\/person\/bf84402cf293a5393e9c70b111020b24\",\"name\":\"Jordan Leandro Oviedo Anzola\",\"image\":{\"@type\":\"ImageObject\",\"inLanguage\":\"es-CO\",\"@id\":\"https:\/\/www.fiscalia.gov.co\/colombia\/#\/schema\/person\/image\/\",\"url\":\"https:\/\/secure.gravatar.com\/avatar\/dabba4346fa9b9207d96adafa8f92721?s=96&d=mm&r=g\",\"contentUrl\":\"https:\/\/secure.gravatar.com\/avatar\/dabba4346fa9b9207d96adafa8f92721?s=96&d=mm&r=g\",\"caption\":\"Jordan Leandro Oviedo Anzola\"},\"url\":\"https:\/\/www.fiscalia.gov.co\/colombia\/author\/joviedo\/\"}]}<\/script>\n<!-- \/ Yoast SEO plugin. -->","yoast_head_json":{"title":"Fiscal\u00eda General de la Naci\u00f3n","description":"P\u00e1gina oficial de la Fiscal\u00eda General de la Naci\u00f3n \u2013 Colombia. Garantizamos el acceso efectivo a la justicia, la verdad y la reparaci\u00f3n de las v\u00edctimas de los delitos.","robots":{"index":"noindex","follow":"follow"},"og_locale":"es_ES","og_type":"article","og_title":"Fiscal\u00eda General de la Naci\u00f3n","og_description":"P\u00e1gina oficial de la Fiscal\u00eda General de la Naci\u00f3n \u2013 Colombia. Garantizamos el acceso efectivo a la justicia, la verdad y la reparaci\u00f3n de las v\u00edctimas de los delitos.","og_url":"https:\/\/www.fiscalia.gov.co\/colombia\/noticias\/judicializado-extranjero-quien-habria-herido-a-una-menor-para-hurtarle-su-celular-en-bucaramanga\/","og_site_name":"Fiscal\u00eda General de la Naci\u00f3n","article_publisher":"https:\/\/www.facebook.com\/FiscaliaCol","article_published_time":"2022-06-16T17:38:14+00:00","article_modified_time":"2022-06-24T15:08:32+00:00","og_image":[{"url":"https:\/\/www.fiscalia.gov.co\/colombia\/wp-content\/uploads\/Fiscal-barbosa-A-Francisco-Alejandro-Sanchez-Guillen-de-nacionalidad-extranjera-la-Fiscalia-le-imputo-el-delito-de-hurto-calificado-y-agravado.-1024x572.jpg","type":"","width":"","height":""}],"author":"Jordan Leandro Oviedo Anzola","twitter_card":"summary_large_image","twitter_creator":"@FiscaliaCol","twitter_site":"@FiscaliaCol","twitter_misc":{"Escrito por":"Jordan Leandro Oviedo Anzola","Tiempo de lectura":"1 minuto"},"schema":{"@context":"https:\/\/schema.org","@graph":[{"@type":"Article","@id":"https:\/\/www.fiscalia.gov.co\/colombia\/noticias\/judicializado-extranjero-quien-habria-herido-a-una-menor-para-hurtarle-su-celular-en-bucaramanga\/#article","isPartOf":{"@id":"https:\/\/www.fiscalia.gov.co\/colombia\/noticias\/judicializado-extranjero-quien-habria-herido-a-una-menor-para-hurtarle-su-celular-en-bucaramanga\/"},"author":{"name":"Jordan Leandro Oviedo Anzola","@id":"https:\/\/www.fiscalia.gov.co\/colombia\/#\/schema\/person\/bf84402cf293a5393e9c70b111020b24"},"headline":"Judicializado extranjero quien habr\u00eda herido a una menor para hurtarle su celular en Bucaramanga","datePublished":"2022-06-16T17:38:14+00:00","dateModified":"2022-06-24T15:08:32+00:00","mainEntityOfPage":{"@id":"https:\/\/www.fiscalia.gov.co\/colombia\/noticias\/judicializado-extranjero-quien-habria-herido-a-una-menor-para-hurtarle-su-celular-en-bucaramanga\/"},"wordCount":306,"publisher":{"@id":"https:\/\/www.fiscalia.gov.co\/colombia\/#organization"},"image":{"@id":"https:\/\/www.fiscalia.gov.co\/colombia\/noticias\/judicializado-extranjero-quien-habria-herido-a-una-menor-para-hurtarle-su-celular-en-bucaramanga\/#primaryimage"},"thumbnailUrl":"https:\/\/www.fiscalia.gov.co\/colombia\/wp-content\/uploads\/Fiscal-barbosa-A-Francisco-Alejandro-Sanchez-Guillen-de-nacionalidad-extranjera-la-Fiscalia-le-imputo-el-delito-de-hurto-calificado-y-agravado.-1024x572.jpg","keywords":["Bucaramanga (Santander)","Celular","Fiscal Barbosa","Fiscal Francisco Barbosa","Fiscal\u00eda General de la Naci\u00f3n","Hurto"],"articleSection":["Noticias","Seccional Bucaramanga","Seccionales","Seguridad territorial"],"inLanguage":"es-CO"},{"@type":"WebPage","@id":"https:\/\/www.fiscalia.gov.co\/colombia\/noticias\/judicializado-extranjero-quien-habria-herido-a-una-menor-para-hurtarle-su-celular-en-bucaramanga\/","url":"https:\/\/www.fiscalia.gov.co\/colombia\/noticias\/judicializado-extranjero-quien-habria-herido-a-una-menor-para-hurtarle-su-celular-en-bucaramanga\/","name":"Fiscal\u00eda General de la Naci\u00f3n","isPartOf":{"@id":"https:\/\/www.fiscalia.gov.co\/colombia\/#website"},"primaryImageOfPage":{"@id":"https:\/\/www.fiscalia.gov.co\/colombia\/noticias\/judicializado-extranjero-quien-habria-herido-a-una-menor-para-hurtarle-su-celular-en-bucaramanga\/#primaryimage"},"image":{"@id":"https:\/\/www.fiscalia.gov.co\/colombia\/noticias\/judicializado-extranjero-quien-habria-herido-a-una-menor-para-hurtarle-su-celular-en-bucaramanga\/#primaryimage"},"thumbnailUrl":"https:\/\/www.fiscalia.gov.co\/colombia\/wp-content\/uploads\/Fiscal-barbosa-A-Francisco-Alejandro-Sanchez-Guillen-de-nacionalidad-extranjera-la-Fiscalia-le-imputo-el-delito-de-hurto-calificado-y-agravado.-1024x572.jpg","datePublished":"2022-06-16T17:38:14+00:00","dateModified":"2022-06-24T15:08:32+00:00","description":"P\u00e1gina oficial de la Fiscal\u00eda General de la Naci\u00f3n \u2013 Colombia. Garantizamos el acceso efectivo a la justicia, la verdad y la reparaci\u00f3n de las v\u00edctimas de los delitos.","breadcrumb":{"@id":"https:\/\/www.fiscalia.gov.co\/colombia\/noticias\/judicializado-extranjero-quien-habria-herido-a-una-menor-para-hurtarle-su-celular-en-bucaramanga\/#breadcrumb"},"inLanguage":"es-CO","potentialAction":[{"@type":"ReadAction","target":["https:\/\/www.fiscalia.gov.co\/colombia\/noticias\/judicializado-extranjero-quien-habria-herido-a-una-menor-para-hurtarle-su-celular-en-bucaramanga\/"]}]},{"@type":"ImageObject","inLanguage":"es-CO","@id":"https:\/\/www.fiscalia.gov.co\/colombia\/noticias\/judicializado-extranjero-quien-habria-herido-a-una-menor-para-hurtarle-su-celular-en-bucaramanga\/#primaryimage","url":"https:\/\/www.fiscalia.gov.co\/colombia\/wp-content\/uploads\/Fiscal-barbosa-A-Francisco-Alejandro-Sanchez-Guillen-de-nacionalidad-extranjera-la-Fiscalia-le-imputo-el-delito-de-hurto-calificado-y-agravado..jpg","contentUrl":"https:\/\/www.fiscalia.gov.co\/colombia\/wp-content\/uploads\/Fiscal-barbosa-A-Francisco-Alejandro-Sanchez-Guillen-de-nacionalidad-extranjera-la-Fiscalia-le-imputo-el-delito-de-hurto-calificado-y-agravado..jpg","width":1280,"height":715,"caption":"A Francisco Alejandro S\u00e1nchez Guill\u00e9n, de nacionalidad extranjera, la Fiscal\u00eda\u00a0\u00a0le imput\u00f3 el delito de hurto calificado y agravado."},{"@type":"BreadcrumbList","@id":"https:\/\/www.fiscalia.gov.co\/colombia\/noticias\/judicializado-extranjero-quien-habria-herido-a-una-menor-para-hurtarle-su-celular-en-bucaramanga\/#breadcrumb","itemListElement":[{"@type":"ListItem","position":1,"name":"Home","item":"https:\/\/www.fiscalia.gov.co\/colombia\/"},{"@type":"ListItem","position":2,"name":"Judicializado extranjero quien habr\u00eda herido a una menor para hurtarle su celular en Bucaramanga"}]},{"@type":"WebSite","@id":"https:\/\/www.fiscalia.gov.co\/colombia\/#website","url":"https:\/\/www.fiscalia.gov.co\/colombia\/","name":"Fiscal\u00eda General de la Naci\u00f3n","description":"P\u00e1gina oficial de la Fiscal\u00eda General de la Naci\u00f3n \u2013 Colombia. Garantizamos el acceso efectivo a la justicia, la verdad y la reparaci\u00f3n de las v\u00edctimas de los delitos.","publisher":{"@id":"https:\/\/www.fiscalia.gov.co\/colombia\/#organization"},"potentialAction":[{"@type":"SearchAction","target":{"@type":"EntryPoint","urlTemplate":"https:\/\/www.fiscalia.gov.co\/colombia\/?s={search_term_string}"},"query-input":{"@type":"PropertyValueSpecification","valueRequired":true,"valueName":"search_term_string"}}],"inLanguage":"es-CO"},{"@type":"Organization","@id":"https:\/\/www.fiscalia.gov.co\/colombia\/#organization","name":"Fiscal\u00eda General de la Naci\u00f3n","url":"https:\/\/www.fiscalia.gov.co\/colombia\/","logo":{"@type":"ImageObject","inLanguage":"es-CO","@id":"https:\/\/www.fiscalia.gov.co\/colombia\/#\/schema\/logo\/image\/","url":"https:\/\/www.fiscalia.gov.co\/colombia\/wp-content\/uploads\/LogoHorizontal_1.jpg","contentUrl":"https:\/\/www.fiscalia.gov.co\/colombia\/wp-content\/uploads\/LogoHorizontal_1.jpg","width":300,"height":90,"caption":"Fiscal\u00eda General de la Naci\u00f3n"},"image":{"@id":"https:\/\/www.fiscalia.gov.co\/colombia\/#\/schema\/logo\/image\/"},"sameAs":["https:\/\/www.facebook.com\/FiscaliaCol","https:\/\/x.com\/FiscaliaCol","https:\/\/www.instagram.com\/fiscaliacol","https:\/\/www.linkedin.com\/company\/fiscalia-general-de-la-naci-n\/","https:\/\/youtube.com\/@fiscaliageneraldelanacion-4668?si=6nN79nyQICPU5iTh"]},{"@type":"Person","@id":"https:\/\/www.fiscalia.gov.co\/colombia\/#\/schema\/person\/bf84402cf293a5393e9c70b111020b24","name":"Jordan Leandro Oviedo Anzola","image":{"@type":"ImageObject","inLanguage":"es-CO","@id":"https:\/\/www.fiscalia.gov.co\/colombia\/#\/schema\/person\/image\/","url":"https:\/\/secure.gravatar.com\/avatar\/dabba4346fa9b9207d96adafa8f92721?s=96&d=mm&r=g","contentUrl":"https:\/\/secure.gravatar.com\/avatar\/dabba4346fa9b9207d96adafa8f92721?s=96&d=mm&r=g","caption":"Jordan Leandro Oviedo Anzola"},"url":"https:\/\/www.fiscalia.gov.co\/colombia\/author\/joviedo\/"}]}},"_links":{"self":[{"href":"https:\/\/www.fiscalia.gov.co\/colombia\/wp-json\/wp\/v2\/posts\/250906","targetHints":{"allow":["GET"]}}],"collection":[{"href":"https:\/\/www.fiscalia.gov.co\/colombia\/wp-json\/wp\/v2\/posts"}],"about":[{"href":"https:\/\/www.fiscalia.gov.co\/colombia\/wp-json\/wp\/v2\/types\/post"}],"author":[{"embeddable":true,"href":"https:\/\/www.fiscalia.gov.co\/colombia\/wp-json\/wp\/v2\/users\/177"}],"replies":[{"embeddable":true,"href":"https:\/\/www.fiscalia.gov.co\/colombia\/wp-json\/wp\/v2\/comments?post=250906"}],"version-history":[{"count":3,"href":"https:\/\/www.fiscalia.gov.co\/colombia\/wp-json\/wp\/v2\/posts\/250906\/revisions"}],"predecessor-version":[{"id":251467,"href":"https:\/\/www.fiscalia.gov.co\/colombia\/wp-json\/wp\/v2\/posts\/250906\/revisions\/251467"}],"wp:attachment":[{"href":"https:\/\/www.fiscalia.gov.co\/colombia\/wp-json\/wp\/v2\/media?parent=250906"}],"wp:term":[{"taxonomy":"category","embeddable":true,"href":"https:\/\/www.fiscalia.gov.co\/colombia\/wp-json\/wp\/v2\/categories?post=250906"},{"taxonomy":"post_tag","embeddable":true,"href":"https:\/\/www.fiscalia.gov.co\/colombia\/wp-json\/wp\/v2\/tags?post=250906"}],"curies":[{"name":"wp","href":"https:\/\/api.w.org\/{rel}","templated":true}]}}