{"id":250822,"date":"2022-06-15T17:44:22","date_gmt":"2022-06-15T22:44:22","guid":{"rendered":"https:\/\/www.fiscalia.gov.co\/colombia\/?p=250822"},"modified":"2022-06-15T17:44:22","modified_gmt":"2022-06-15T22:44:22","slug":"un-hombre-que-llego-a-la-fiscalia-a-indagar-por-un-proceso-fue-judicializado","status":"publish","type":"post","link":"https:\/\/www.fiscalia.gov.co\/colombia\/noticias\/un-hombre-que-llego-a-la-fiscalia-a-indagar-por-un-proceso-fue-judicializado\/","title":{"rendered":"Un hombre que lleg\u00f3 a la Fiscal\u00eda a indagar por un proceso fue judicializado"},"content":{"rendered":"<p>Por solicitud de un fiscal de la Unidad de Vida de Cartagena, un juez de control de garant\u00edas profiri\u00f3 medida de aseguramiento contra Jhon Jairo Olivares V\u00e1squez, presuntamente, responsable del homicidio de Rodrigo Mart\u00edn Aguilar.<u><\/u>\u00a0<u><\/u><\/p>\n<p>Los hechos materia de investigaci\u00f3n ocurrieron el 21 de marzo pasado cuando la v\u00edctima fue asesinada mientras estaba en su residencia, ubicada en el barrio Nari\u00f1o de Cartagena.<u><\/u>\u00a0<u><\/u><\/p>\n<p>Labores de polic\u00eda judicial establecieron que Olivares, de 45 a\u00f1os, tendr\u00eda diferencias con la v\u00edctima, las mismas que presumiblemente generaron el ataque con arma de fuego que terminaron con la vida de Mart\u00edn Aguilar.<u><\/u>\u00a0<u><\/u><\/p>\n<p>El pasado 13 de junio el procesado se acerc\u00f3 a las instalaciones de la Fiscal\u00eda en Cartagena para averiguar por el estado de una denuncia que hab\u00eda colocado y funcionarios del CTI hicieron efectiva la orden de captura contra esta persona, por su presunta responsabilidad en el delito de homicidio.<u><\/u>\u00a0<u><\/u><\/p>\n<p>La Fiscal\u00eda imput\u00f3 al procesado cargos por su presunta responsabilidad en los delitos de homicidio agravado y porte ilegal de armas.<u><\/u>\u00a0<u><\/u>\u00a0<u><\/u><\/p>\n<p>Por disposici\u00f3n del juez Jhon Jairo Olivares V\u00e1squez deber\u00e1 ser recluido en la c\u00e1rcel Ternera de La Heroica.<u><\/u>\u00a0<u><\/u><\/p>\n<p>Esta informaci\u00f3n se publica por razones de inter\u00e9s general.\u00a0<u><\/u>\u00a0<u><\/u><\/p>\n<p><b>La Fiscal\u00eda General habla con resultados.<\/b><u><\/u><\/p>\n<p><em><b><span lang=\"ES\">Le puede interesar:<\/span><\/b><\/em><u><\/u><\/p>\n<p><a title=\"La Fiscal\u00eda judicializ\u00f3 a menor de 17 a\u00f1os quien habr\u00eda asesinado a un hombre caus\u00e1ndole graves heridas en el t\u00f3rax y su est\u00f3mago\" href=\"https:\/\/www.fiscalia.gov.co\/colombia\/noticias\/la-fiscalia-judicializo-a-menor-de-17-anos-quien-habria-asesinado-a-un-hombre-causandole-graves-heridas-en-el-torax-y-su-estomago\/\" target=\"_blank\" rel=\"noopener\" data-saferedirecturl=\"https:\/\/www.google.com\/url?q=https:\/\/www.fiscalia.gov.co\/colombia\/noticias\/la-fiscalia-judicializo-a-menor-de-17-anos-quien-habria-asesinado-a-un-hombre-causandole-graves-heridas-en-el-torax-y-su-estomago\/&amp;source=gmail&amp;ust=1655418449284000&amp;usg=AOvVaw37et0j-uA10KFh4Ev88ddY\">La Fiscal\u00eda judicializ\u00f3 a menor de 17 a\u00f1os quien habr\u00eda asesinado a un hombre caus\u00e1ndole graves heridas en el t\u00f3rax y su est\u00f3mago<\/a><u><\/u>\u00a0<u><\/u><\/p>\n<p><a title=\"A la c\u00e1rcel dos hombres se\u00f1alados del homicidio de una persona en La Dorada (Caldas)\" href=\"https:\/\/www.fiscalia.gov.co\/colombia\/noticias\/a-la-carcel-dos-hombres-senalados-del-homicidio-de-una-persona-en-la-dorada-caldas\/\" target=\"_blank\" rel=\"noopener\" data-saferedirecturl=\"https:\/\/www.google.com\/url?q=https:\/\/www.fiscalia.gov.co\/colombia\/noticias\/a-la-carcel-dos-hombres-senalados-del-homicidio-de-una-persona-en-la-dorada-caldas\/&amp;source=gmail&amp;ust=1655418449284000&amp;usg=AOvVaw3wZKNfiGT_L5a7eeqO_Y36\">A la c\u00e1rcel dos hombres se\u00f1alados del homicidio de una persona en La Dorada (Caldas)<\/a><u><\/u><\/p>\n<p>&nbsp;<\/p>\n<p>&nbsp;<\/p>\n<p>&nbsp;<\/p>\n<p>MEVA\/MAGA\/JS\/DSB<u><\/u>\u00a0<u><\/u><\/p>\n<p><u><\/u>\u00a0<u><\/u><\/p>\n<p>&nbsp;<\/p>\n<p align=\"center\"><b>\u00a0<\/b><u><\/u>\u00a0<u><\/u><\/p>\n<p><em><span lang=\"ES\">La informaci\u00f3n contenida en este bolet\u00edn de prensa corresponde a la narraci\u00f3n de los hechos noticiosos objetivos, suministrados por los funcionarios encargados de adelantar las investigaciones penales al interior de la Fiscal\u00eda General de la Naci\u00f3n. Para el momento de la divulgaci\u00f3n de este comunicado, la situaci\u00f3n jur\u00eddica de la(s) persona(s) relacionada(s) se encuentra pendiente de resolver por la autoridad judicial competente, siempre bajo los preceptos de la presunci\u00f3n de inocencia, consagrados en el art\u00edculo 29 de la Constituci\u00f3n Pol\u00edtica y el art\u00edculo 7\u00ba de la Ley 906 de 2004.<\/span><\/em><u><\/u>\u00a0<u><\/u><\/p>\n\n<div class=\"twitter-share\"><a href=\"https:\/\/twitter.com\/intent\/tweet?via=fiscaliacol\" class=\"twitter-share-button\">Tweet<\/a><\/div>\n","protected":false},"excerpt":{"rendered":"<p>Por solicitud de un fiscal de la Unidad de Vida de Cartagena, un juez de control de garant\u00edas profiri\u00f3 medida de aseguramiento contra Jhon Jairo Olivares V\u00e1squez, presuntamente, responsable del homicidio de Rodrigo Mart\u00edn Aguilar.\u00a0 Los hechos materia de investigaci\u00f3n ocurrieron el 21 de marzo pasado cuando la v\u00edctima fue asesinada mientras estaba en su [&hellip;]<\/p>\n","protected":false},"author":177,"featured_media":0,"comment_status":"closed","ping_status":"open","sticky":false,"template":"","format":"standard","meta":{"tdm_status":"","tdm_grid_status":"","footnotes":""},"categories":[1,325,303,24099],"tags":[924,23819,23998,45,24185,24188,24187,1047,409,24237],"class_list":{"0":"post-250822","1":"post","2":"type-post","3":"status-publish","4":"format-standard","6":"category-noticias","7":"category-seccional-cartagena","8":"category-seccionales","9":"category-seguridad-territorial","10":"tag-captura","11":"tag-cartagena","12":"tag-cartagena-bolivar","13":"tag-cti","14":"tag-fiscal-barbosa","15":"tag-fiscal-francisco-barbosa","16":"tag-fiscalia-colombia","17":"tag-fiscalia-general-de-la-nacion","18":"tag-homicidio","19":"tag-prision"},"yoast_head":"<!-- This site is optimized with the Yoast SEO plugin v24.3 - https:\/\/yoast.com\/wordpress\/plugins\/seo\/ -->\n<title>Fiscal\u00eda General de la Naci\u00f3n<\/title>\n<meta name=\"description\" content=\"P\u00e1gina oficial de la Fiscal\u00eda General de la Naci\u00f3n \u2013 Colombia. Garantizamos el acceso efectivo a la justicia, la verdad y la reparaci\u00f3n de las v\u00edctimas de los delitos.\" \/>\n<meta name=\"robots\" content=\"noindex, follow\" \/>\n<meta property=\"og:locale\" content=\"es_ES\" \/>\n<meta property=\"og:type\" content=\"article\" \/>\n<meta property=\"og:title\" content=\"Fiscal\u00eda General de la Naci\u00f3n\" \/>\n<meta property=\"og:description\" content=\"P\u00e1gina oficial de la Fiscal\u00eda General de la Naci\u00f3n \u2013 Colombia. Garantizamos el acceso efectivo a la justicia, la verdad y la reparaci\u00f3n de las v\u00edctimas de los delitos.\" \/>\n<meta property=\"og:url\" content=\"https:\/\/www.fiscalia.gov.co\/colombia\/noticias\/un-hombre-que-llego-a-la-fiscalia-a-indagar-por-un-proceso-fue-judicializado\/\" \/>\n<meta property=\"og:site_name\" content=\"Fiscal\u00eda General de la Naci\u00f3n\" \/>\n<meta property=\"article:publisher\" content=\"https:\/\/www.facebook.com\/FiscaliaCol\" \/>\n<meta property=\"article:published_time\" content=\"2022-06-15T22:44:22+00:00\" \/>\n<meta name=\"author\" content=\"Jordan Leandro Oviedo Anzola\" \/>\n<meta name=\"twitter:card\" content=\"summary_large_image\" \/>\n<meta name=\"twitter:creator\" content=\"@FiscaliaCol\" \/>\n<meta name=\"twitter:site\" content=\"@FiscaliaCol\" \/>\n<meta name=\"twitter:label1\" content=\"Escrito por\" \/>\n\t<meta name=\"twitter:data1\" content=\"Jordan Leandro Oviedo Anzola\" \/>\n\t<meta name=\"twitter:label2\" content=\"Tiempo de lectura\" \/>\n\t<meta name=\"twitter:data2\" content=\"2 minutos\" \/>\n<script type=\"application\/ld+json\" class=\"yoast-schema-graph\">{\"@context\":\"https:\/\/schema.org\",\"@graph\":[{\"@type\":\"Article\",\"@id\":\"https:\/\/www.fiscalia.gov.co\/colombia\/noticias\/un-hombre-que-llego-a-la-fiscalia-a-indagar-por-un-proceso-fue-judicializado\/#article\",\"isPartOf\":{\"@id\":\"https:\/\/www.fiscalia.gov.co\/colombia\/noticias\/un-hombre-que-llego-a-la-fiscalia-a-indagar-por-un-proceso-fue-judicializado\/\"},\"author\":{\"name\":\"Jordan Leandro Oviedo Anzola\",\"@id\":\"https:\/\/www.fiscalia.gov.co\/colombia\/#\/schema\/person\/bf84402cf293a5393e9c70b111020b24\"},\"headline\":\"Un hombre que lleg\u00f3 a la Fiscal\u00eda a indagar por un proceso fue judicializado\",\"datePublished\":\"2022-06-15T22:44:22+00:00\",\"dateModified\":\"2022-06-15T22:44:22+00:00\",\"mainEntityOfPage\":{\"@id\":\"https:\/\/www.fiscalia.gov.co\/colombia\/noticias\/un-hombre-que-llego-a-la-fiscalia-a-indagar-por-un-proceso-fue-judicializado\/\"},\"wordCount\":391,\"publisher\":{\"@id\":\"https:\/\/www.fiscalia.gov.co\/colombia\/#organization\"},\"keywords\":[\"Captura\",\"Cartagena\",\"Cartagena (Bol\u00edvar)\",\"CTI\",\"Fiscal Barbosa\",\"Fiscal Francisco Barbosa\",\"Fiscal\u00eda Colombia\",\"Fiscal\u00eda General de la Naci\u00f3n\",\"Homicidio\",\"prisi\u00f3n\"],\"articleSection\":[\"Noticias\",\"Seccional Cartagena\",\"Seccionales\",\"Seguridad territorial\"],\"inLanguage\":\"es-CO\"},{\"@type\":\"WebPage\",\"@id\":\"https:\/\/www.fiscalia.gov.co\/colombia\/noticias\/un-hombre-que-llego-a-la-fiscalia-a-indagar-por-un-proceso-fue-judicializado\/\",\"url\":\"https:\/\/www.fiscalia.gov.co\/colombia\/noticias\/un-hombre-que-llego-a-la-fiscalia-a-indagar-por-un-proceso-fue-judicializado\/\",\"name\":\"Fiscal\u00eda General de la Naci\u00f3n\",\"isPartOf\":{\"@id\":\"https:\/\/www.fiscalia.gov.co\/colombia\/#website\"},\"datePublished\":\"2022-06-15T22:44:22+00:00\",\"dateModified\":\"2022-06-15T22:44:22+00:00\",\"description\":\"P\u00e1gina oficial de la Fiscal\u00eda General de la Naci\u00f3n \u2013 Colombia. Garantizamos el acceso efectivo a la justicia, la verdad y la reparaci\u00f3n de las v\u00edctimas de los delitos.\",\"breadcrumb\":{\"@id\":\"https:\/\/www.fiscalia.gov.co\/colombia\/noticias\/un-hombre-que-llego-a-la-fiscalia-a-indagar-por-un-proceso-fue-judicializado\/#breadcrumb\"},\"inLanguage\":\"es-CO\",\"potentialAction\":[{\"@type\":\"ReadAction\",\"target\":[\"https:\/\/www.fiscalia.gov.co\/colombia\/noticias\/un-hombre-que-llego-a-la-fiscalia-a-indagar-por-un-proceso-fue-judicializado\/\"]}]},{\"@type\":\"BreadcrumbList\",\"@id\":\"https:\/\/www.fiscalia.gov.co\/colombia\/noticias\/un-hombre-que-llego-a-la-fiscalia-a-indagar-por-un-proceso-fue-judicializado\/#breadcrumb\",\"itemListElement\":[{\"@type\":\"ListItem\",\"position\":1,\"name\":\"Home\",\"item\":\"https:\/\/www.fiscalia.gov.co\/colombia\/\"},{\"@type\":\"ListItem\",\"position\":2,\"name\":\"Un hombre que lleg\u00f3 a la Fiscal\u00eda a indagar por un proceso fue judicializado\"}]},{\"@type\":\"WebSite\",\"@id\":\"https:\/\/www.fiscalia.gov.co\/colombia\/#website\",\"url\":\"https:\/\/www.fiscalia.gov.co\/colombia\/\",\"name\":\"Fiscal\u00eda General de la Naci\u00f3n\",\"description\":\"P\u00e1gina oficial de la Fiscal\u00eda General de la Naci\u00f3n \u2013 Colombia. Garantizamos el acceso efectivo a la justicia, la verdad y la reparaci\u00f3n de las v\u00edctimas de los delitos.\",\"publisher\":{\"@id\":\"https:\/\/www.fiscalia.gov.co\/colombia\/#organization\"},\"potentialAction\":[{\"@type\":\"SearchAction\",\"target\":{\"@type\":\"EntryPoint\",\"urlTemplate\":\"https:\/\/www.fiscalia.gov.co\/colombia\/?s={search_term_string}\"},\"query-input\":{\"@type\":\"PropertyValueSpecification\",\"valueRequired\":true,\"valueName\":\"search_term_string\"}}],\"inLanguage\":\"es-CO\"},{\"@type\":\"Organization\",\"@id\":\"https:\/\/www.fiscalia.gov.co\/colombia\/#organization\",\"name\":\"Fiscal\u00eda General de la Naci\u00f3n\",\"url\":\"https:\/\/www.fiscalia.gov.co\/colombia\/\",\"logo\":{\"@type\":\"ImageObject\",\"inLanguage\":\"es-CO\",\"@id\":\"https:\/\/www.fiscalia.gov.co\/colombia\/#\/schema\/logo\/image\/\",\"url\":\"https:\/\/www.fiscalia.gov.co\/colombia\/wp-content\/uploads\/LogoHorizontal_1.jpg\",\"contentUrl\":\"https:\/\/www.fiscalia.gov.co\/colombia\/wp-content\/uploads\/LogoHorizontal_1.jpg\",\"width\":300,\"height\":90,\"caption\":\"Fiscal\u00eda General de la Naci\u00f3n\"},\"image\":{\"@id\":\"https:\/\/www.fiscalia.gov.co\/colombia\/#\/schema\/logo\/image\/\"},\"sameAs\":[\"https:\/\/www.facebook.com\/FiscaliaCol\",\"https:\/\/x.com\/FiscaliaCol\",\"https:\/\/www.instagram.com\/fiscaliacol\",\"https:\/\/www.linkedin.com\/company\/fiscalia-general-de-la-naci-n\/\",\"https:\/\/youtube.com\/@fiscaliageneraldelanacion-4668?si=6nN79nyQICPU5iTh\"]},{\"@type\":\"Person\",\"@id\":\"https:\/\/www.fiscalia.gov.co\/colombia\/#\/schema\/person\/bf84402cf293a5393e9c70b111020b24\",\"name\":\"Jordan Leandro Oviedo Anzola\",\"image\":{\"@type\":\"ImageObject\",\"inLanguage\":\"es-CO\",\"@id\":\"https:\/\/www.fiscalia.gov.co\/colombia\/#\/schema\/person\/image\/\",\"url\":\"https:\/\/secure.gravatar.com\/avatar\/dabba4346fa9b9207d96adafa8f92721?s=96&d=mm&r=g\",\"contentUrl\":\"https:\/\/secure.gravatar.com\/avatar\/dabba4346fa9b9207d96adafa8f92721?s=96&d=mm&r=g\",\"caption\":\"Jordan Leandro Oviedo Anzola\"},\"url\":\"https:\/\/www.fiscalia.gov.co\/colombia\/author\/joviedo\/\"}]}<\/script>\n<!-- \/ Yoast SEO plugin. -->","yoast_head_json":{"title":"Fiscal\u00eda General de la Naci\u00f3n","description":"P\u00e1gina oficial de la Fiscal\u00eda General de la Naci\u00f3n \u2013 Colombia. Garantizamos el acceso efectivo a la justicia, la verdad y la reparaci\u00f3n de las v\u00edctimas de los delitos.","robots":{"index":"noindex","follow":"follow"},"og_locale":"es_ES","og_type":"article","og_title":"Fiscal\u00eda General de la Naci\u00f3n","og_description":"P\u00e1gina oficial de la Fiscal\u00eda General de la Naci\u00f3n \u2013 Colombia. Garantizamos el acceso efectivo a la justicia, la verdad y la reparaci\u00f3n de las v\u00edctimas de los delitos.","og_url":"https:\/\/www.fiscalia.gov.co\/colombia\/noticias\/un-hombre-que-llego-a-la-fiscalia-a-indagar-por-un-proceso-fue-judicializado\/","og_site_name":"Fiscal\u00eda General de la Naci\u00f3n","article_publisher":"https:\/\/www.facebook.com\/FiscaliaCol","article_published_time":"2022-06-15T22:44:22+00:00","author":"Jordan Leandro Oviedo Anzola","twitter_card":"summary_large_image","twitter_creator":"@FiscaliaCol","twitter_site":"@FiscaliaCol","twitter_misc":{"Escrito por":"Jordan Leandro Oviedo Anzola","Tiempo de lectura":"2 minutos"},"schema":{"@context":"https:\/\/schema.org","@graph":[{"@type":"Article","@id":"https:\/\/www.fiscalia.gov.co\/colombia\/noticias\/un-hombre-que-llego-a-la-fiscalia-a-indagar-por-un-proceso-fue-judicializado\/#article","isPartOf":{"@id":"https:\/\/www.fiscalia.gov.co\/colombia\/noticias\/un-hombre-que-llego-a-la-fiscalia-a-indagar-por-un-proceso-fue-judicializado\/"},"author":{"name":"Jordan Leandro Oviedo Anzola","@id":"https:\/\/www.fiscalia.gov.co\/colombia\/#\/schema\/person\/bf84402cf293a5393e9c70b111020b24"},"headline":"Un hombre que lleg\u00f3 a la Fiscal\u00eda a indagar por un proceso fue judicializado","datePublished":"2022-06-15T22:44:22+00:00","dateModified":"2022-06-15T22:44:22+00:00","mainEntityOfPage":{"@id":"https:\/\/www.fiscalia.gov.co\/colombia\/noticias\/un-hombre-que-llego-a-la-fiscalia-a-indagar-por-un-proceso-fue-judicializado\/"},"wordCount":391,"publisher":{"@id":"https:\/\/www.fiscalia.gov.co\/colombia\/#organization"},"keywords":["Captura","Cartagena","Cartagena (Bol\u00edvar)","CTI","Fiscal Barbosa","Fiscal Francisco Barbosa","Fiscal\u00eda Colombia","Fiscal\u00eda General de la Naci\u00f3n","Homicidio","prisi\u00f3n"],"articleSection":["Noticias","Seccional Cartagena","Seccionales","Seguridad territorial"],"inLanguage":"es-CO"},{"@type":"WebPage","@id":"https:\/\/www.fiscalia.gov.co\/colombia\/noticias\/un-hombre-que-llego-a-la-fiscalia-a-indagar-por-un-proceso-fue-judicializado\/","url":"https:\/\/www.fiscalia.gov.co\/colombia\/noticias\/un-hombre-que-llego-a-la-fiscalia-a-indagar-por-un-proceso-fue-judicializado\/","name":"Fiscal\u00eda General de la Naci\u00f3n","isPartOf":{"@id":"https:\/\/www.fiscalia.gov.co\/colombia\/#website"},"datePublished":"2022-06-15T22:44:22+00:00","dateModified":"2022-06-15T22:44:22+00:00","description":"P\u00e1gina oficial de la Fiscal\u00eda General de la Naci\u00f3n \u2013 Colombia. Garantizamos el acceso efectivo a la justicia, la verdad y la reparaci\u00f3n de las v\u00edctimas de los delitos.","breadcrumb":{"@id":"https:\/\/www.fiscalia.gov.co\/colombia\/noticias\/un-hombre-que-llego-a-la-fiscalia-a-indagar-por-un-proceso-fue-judicializado\/#breadcrumb"},"inLanguage":"es-CO","potentialAction":[{"@type":"ReadAction","target":["https:\/\/www.fiscalia.gov.co\/colombia\/noticias\/un-hombre-que-llego-a-la-fiscalia-a-indagar-por-un-proceso-fue-judicializado\/"]}]},{"@type":"BreadcrumbList","@id":"https:\/\/www.fiscalia.gov.co\/colombia\/noticias\/un-hombre-que-llego-a-la-fiscalia-a-indagar-por-un-proceso-fue-judicializado\/#breadcrumb","itemListElement":[{"@type":"ListItem","position":1,"name":"Home","item":"https:\/\/www.fiscalia.gov.co\/colombia\/"},{"@type":"ListItem","position":2,"name":"Un hombre que lleg\u00f3 a la Fiscal\u00eda a indagar por un proceso fue judicializado"}]},{"@type":"WebSite","@id":"https:\/\/www.fiscalia.gov.co\/colombia\/#website","url":"https:\/\/www.fiscalia.gov.co\/colombia\/","name":"Fiscal\u00eda General de la Naci\u00f3n","description":"P\u00e1gina oficial de la Fiscal\u00eda General de la Naci\u00f3n \u2013 Colombia. Garantizamos el acceso efectivo a la justicia, la verdad y la reparaci\u00f3n de las v\u00edctimas de los delitos.","publisher":{"@id":"https:\/\/www.fiscalia.gov.co\/colombia\/#organization"},"potentialAction":[{"@type":"SearchAction","target":{"@type":"EntryPoint","urlTemplate":"https:\/\/www.fiscalia.gov.co\/colombia\/?s={search_term_string}"},"query-input":{"@type":"PropertyValueSpecification","valueRequired":true,"valueName":"search_term_string"}}],"inLanguage":"es-CO"},{"@type":"Organization","@id":"https:\/\/www.fiscalia.gov.co\/colombia\/#organization","name":"Fiscal\u00eda General de la Naci\u00f3n","url":"https:\/\/www.fiscalia.gov.co\/colombia\/","logo":{"@type":"ImageObject","inLanguage":"es-CO","@id":"https:\/\/www.fiscalia.gov.co\/colombia\/#\/schema\/logo\/image\/","url":"https:\/\/www.fiscalia.gov.co\/colombia\/wp-content\/uploads\/LogoHorizontal_1.jpg","contentUrl":"https:\/\/www.fiscalia.gov.co\/colombia\/wp-content\/uploads\/LogoHorizontal_1.jpg","width":300,"height":90,"caption":"Fiscal\u00eda General de la Naci\u00f3n"},"image":{"@id":"https:\/\/www.fiscalia.gov.co\/colombia\/#\/schema\/logo\/image\/"},"sameAs":["https:\/\/www.facebook.com\/FiscaliaCol","https:\/\/x.com\/FiscaliaCol","https:\/\/www.instagram.com\/fiscaliacol","https:\/\/www.linkedin.com\/company\/fiscalia-general-de-la-naci-n\/","https:\/\/youtube.com\/@fiscaliageneraldelanacion-4668?si=6nN79nyQICPU5iTh"]},{"@type":"Person","@id":"https:\/\/www.fiscalia.gov.co\/colombia\/#\/schema\/person\/bf84402cf293a5393e9c70b111020b24","name":"Jordan Leandro Oviedo Anzola","image":{"@type":"ImageObject","inLanguage":"es-CO","@id":"https:\/\/www.fiscalia.gov.co\/colombia\/#\/schema\/person\/image\/","url":"https:\/\/secure.gravatar.com\/avatar\/dabba4346fa9b9207d96adafa8f92721?s=96&d=mm&r=g","contentUrl":"https:\/\/secure.gravatar.com\/avatar\/dabba4346fa9b9207d96adafa8f92721?s=96&d=mm&r=g","caption":"Jordan Leandro Oviedo Anzola"},"url":"https:\/\/www.fiscalia.gov.co\/colombia\/author\/joviedo\/"}]}},"_links":{"self":[{"href":"https:\/\/www.fiscalia.gov.co\/colombia\/wp-json\/wp\/v2\/posts\/250822","targetHints":{"allow":["GET"]}}],"collection":[{"href":"https:\/\/www.fiscalia.gov.co\/colombia\/wp-json\/wp\/v2\/posts"}],"about":[{"href":"https:\/\/www.fiscalia.gov.co\/colombia\/wp-json\/wp\/v2\/types\/post"}],"author":[{"embeddable":true,"href":"https:\/\/www.fiscalia.gov.co\/colombia\/wp-json\/wp\/v2\/users\/177"}],"replies":[{"embeddable":true,"href":"https:\/\/www.fiscalia.gov.co\/colombia\/wp-json\/wp\/v2\/comments?post=250822"}],"version-history":[{"count":1,"href":"https:\/\/www.fiscalia.gov.co\/colombia\/wp-json\/wp\/v2\/posts\/250822\/revisions"}],"predecessor-version":[{"id":250823,"href":"https:\/\/www.fiscalia.gov.co\/colombia\/wp-json\/wp\/v2\/posts\/250822\/revisions\/250823"}],"wp:attachment":[{"href":"https:\/\/www.fiscalia.gov.co\/colombia\/wp-json\/wp\/v2\/media?parent=250822"}],"wp:term":[{"taxonomy":"category","embeddable":true,"href":"https:\/\/www.fiscalia.gov.co\/colombia\/wp-json\/wp\/v2\/categories?post=250822"},{"taxonomy":"post_tag","embeddable":true,"href":"https:\/\/www.fiscalia.gov.co\/colombia\/wp-json\/wp\/v2\/tags?post=250822"}],"curies":[{"name":"wp","href":"https:\/\/api.w.org\/{rel}","templated":true}]}}