{"id":250810,"date":"2022-06-15T17:19:49","date_gmt":"2022-06-15T22:19:49","guid":{"rendered":"https:\/\/www.fiscalia.gov.co\/colombia\/?p=250810"},"modified":"2022-06-15T17:19:49","modified_gmt":"2022-06-15T22:19:49","slug":"judicializados-dos-hombres-presuntamente-implicados-en-hechos-de-violencia-intrafamiliar","status":"publish","type":"post","link":"https:\/\/www.fiscalia.gov.co\/colombia\/noticias\/judicializados-dos-hombres-presuntamente-implicados-en-hechos-de-violencia-intrafamiliar\/","title":{"rendered":"Judicializados dos hombres, presuntamente, implicados en hechos de violencia intrafamiliar\u00a0"},"content":{"rendered":"<p>En hechos aislados dos hombres fueron privados de la libertad por presuntamente ser responsables de maltratar a sus compa\u00f1eras permanentes. Los hechos se presentaron en los municipios de Santander de Quilichao y Guachen\u00e9 (Cauca).<u><\/u>\u00a0<u><\/u><\/p>\n<p>Las medidas carcelarias se dieron a petici\u00f3n de Fiscal\u00eda General de la Naci\u00f3n y cobijan a\u00a0Jehy S\u00e1nder Cabezas Z\u00fa\u00f1iga y Jorge Luis Gonz\u00e1lez.<u><\/u>\u00a0<u><\/u><\/p>\n<p>Uno de los casos ocurri\u00f3 en el barrio Olaya Herrera de Santander de Quilichao. All\u00ed fue capturado Cabezas Z\u00fa\u00f1iga se\u00f1alado de, presuntamente, maltratar f\u00edsica, verbal y psicol\u00f3gicamente a su compa\u00f1era permanente.<u><\/u>\u00a0<u><\/u>\u00a0<u><\/u><\/p>\n<figure id=\"attachment_250812\" aria-describedby=\"caption-attachment-250812\" style=\"width: 876px\" class=\"wp-caption aligncenter\"><img loading=\"lazy\" decoding=\"async\" class=\"size-full wp-image-250812\" src=\"https:\/\/www.fiscalia.gov.co\/colombia\/wp-content\/uploads\/Fiscal-Barbosa-Jehy-Sander-Cabezas-Zuniga.-Violencia-intrafamiliar.-Guachene-Cauca..jpg\" alt=\"\" width=\"876\" height=\"657\" srcset=\"https:\/\/www.fiscalia.gov.co\/colombia\/wp-content\/uploads\/Fiscal-Barbosa-Jehy-Sander-Cabezas-Zuniga.-Violencia-intrafamiliar.-Guachene-Cauca..jpg 876w, https:\/\/www.fiscalia.gov.co\/colombia\/wp-content\/uploads\/Fiscal-Barbosa-Jehy-Sander-Cabezas-Zuniga.-Violencia-intrafamiliar.-Guachene-Cauca.-300x225.jpg 300w, https:\/\/www.fiscalia.gov.co\/colombia\/wp-content\/uploads\/Fiscal-Barbosa-Jehy-Sander-Cabezas-Zuniga.-Violencia-intrafamiliar.-Guachene-Cauca.-768x576.jpg 768w, https:\/\/www.fiscalia.gov.co\/colombia\/wp-content\/uploads\/Fiscal-Barbosa-Jehy-Sander-Cabezas-Zuniga.-Violencia-intrafamiliar.-Guachene-Cauca.-696x522.jpg 696w, https:\/\/www.fiscalia.gov.co\/colombia\/wp-content\/uploads\/Fiscal-Barbosa-Jehy-Sander-Cabezas-Zuniga.-Violencia-intrafamiliar.-Guachene-Cauca.-560x420.jpg 560w, https:\/\/www.fiscalia.gov.co\/colombia\/wp-content\/uploads\/Fiscal-Barbosa-Jehy-Sander-Cabezas-Zuniga.-Violencia-intrafamiliar.-Guachene-Cauca.-80x60.jpg 80w, https:\/\/www.fiscalia.gov.co\/colombia\/wp-content\/uploads\/Fiscal-Barbosa-Jehy-Sander-Cabezas-Zuniga.-Violencia-intrafamiliar.-Guachene-Cauca.-265x198.jpg 265w\" sizes=\"auto, (max-width: 876px) 100vw, 876px\" \/><figcaption id=\"caption-attachment-250812\" class=\"wp-caption-text\">Jehy S\u00e1nder Cabezas Z\u00fa\u00f1iga.<\/figcaption><\/figure>\n<p>En otro caso, ocurrido en la vereda San Jacinto, jurisdicci\u00f3n de Guachen\u00e9 (Cauca) Gonz\u00e1lez fue detenido por, supuestamente, maltratar a su compa\u00f1era permanente. Las agresiones, se cree, se vendr\u00edan presentando desde el a\u00f1o 2018.<u><\/u>\u00a0<u><\/u>\u00a0<u><\/u><\/p>\n<figure id=\"attachment_250813\" aria-describedby=\"caption-attachment-250813\" style=\"width: 696px\" class=\"wp-caption aligncenter\"><img loading=\"lazy\" decoding=\"async\" class=\"size-large wp-image-250813\" src=\"https:\/\/www.fiscalia.gov.co\/colombia\/wp-content\/uploads\/Fiscal-Barbosa-Jorge-Luis-Gonzalez.-Violencia-intrafamiliar.-Santander-de-Quilichao-Cauca.-1024x768.jpg\" alt=\"\" width=\"696\" height=\"522\" srcset=\"https:\/\/www.fiscalia.gov.co\/colombia\/wp-content\/uploads\/Fiscal-Barbosa-Jorge-Luis-Gonzalez.-Violencia-intrafamiliar.-Santander-de-Quilichao-Cauca.-1024x768.jpg 1024w, https:\/\/www.fiscalia.gov.co\/colombia\/wp-content\/uploads\/Fiscal-Barbosa-Jorge-Luis-Gonzalez.-Violencia-intrafamiliar.-Santander-de-Quilichao-Cauca.-300x225.jpg 300w, https:\/\/www.fiscalia.gov.co\/colombia\/wp-content\/uploads\/Fiscal-Barbosa-Jorge-Luis-Gonzalez.-Violencia-intrafamiliar.-Santander-de-Quilichao-Cauca.-768x576.jpg 768w, https:\/\/www.fiscalia.gov.co\/colombia\/wp-content\/uploads\/Fiscal-Barbosa-Jorge-Luis-Gonzalez.-Violencia-intrafamiliar.-Santander-de-Quilichao-Cauca.-696x522.jpg 696w, https:\/\/www.fiscalia.gov.co\/colombia\/wp-content\/uploads\/Fiscal-Barbosa-Jorge-Luis-Gonzalez.-Violencia-intrafamiliar.-Santander-de-Quilichao-Cauca.-1068x801.jpg 1068w, https:\/\/www.fiscalia.gov.co\/colombia\/wp-content\/uploads\/Fiscal-Barbosa-Jorge-Luis-Gonzalez.-Violencia-intrafamiliar.-Santander-de-Quilichao-Cauca.-560x420.jpg 560w, https:\/\/www.fiscalia.gov.co\/colombia\/wp-content\/uploads\/Fiscal-Barbosa-Jorge-Luis-Gonzalez.-Violencia-intrafamiliar.-Santander-de-Quilichao-Cauca.-80x60.jpg 80w, https:\/\/www.fiscalia.gov.co\/colombia\/wp-content\/uploads\/Fiscal-Barbosa-Jorge-Luis-Gonzalez.-Violencia-intrafamiliar.-Santander-de-Quilichao-Cauca.-265x198.jpg 265w, https:\/\/www.fiscalia.gov.co\/colombia\/wp-content\/uploads\/Fiscal-Barbosa-Jorge-Luis-Gonzalez.-Violencia-intrafamiliar.-Santander-de-Quilichao-Cauca..jpg 1280w\" sizes=\"auto, (max-width: 696px) 100vw, 696px\" \/><figcaption id=\"caption-attachment-250813\" class=\"wp-caption-text\">Jorge Luis Gonz\u00e1lez<\/figcaption><\/figure>\n<p>Los procedimientos de captura estuvieron a cargo de personal del Cuerpo T\u00e9cnico de Investigaci\u00f3n (CTI) de la Seccional Cauca, apoyados por la Polic\u00eda Nacional y el Ej\u00e9rcito Nacional.<u><\/u>\u00a0<u><\/u><\/p>\n<p>La Fiscal\u00eda imput\u00f3 a los presuntos agresores por el delito de\u00a0<a href=\"https:\/\/www.fiscalia.gov.co\/colombia\/noticias\/capturan-un-hombre-para-cumplir-una-condena-por-violencia-intrafamiliar-en-meta\/\" target=\"_blank\" rel=\"noopener\" data-saferedirecturl=\"https:\/\/www.google.com\/url?q=https:\/\/www.fiscalia.gov.co\/colombia\/noticias\/capturan-un-hombre-para-cumplir-una-condena-por-violencia-intrafamiliar-en-meta\/&amp;source=gmail&amp;ust=1655417401857000&amp;usg=AOvVaw1HODtBq5v6zBHBb4WoLPb7\">violencia intrafamiliar<\/a>. Ninguno acept\u00f3 los cargos.<u><\/u>\u00a0<u><\/u><\/p>\n<p><span lang=\"ES-MX\">Esta informaci\u00f3n se publica por razones de inter\u00e9s general.\u00a0<\/span><u><\/u>\u00a0<u><\/u><\/p>\n<p><b><span lang=\"ES-MX\">La Fiscal\u00eda habla con resultados.<\/span><\/b><u><\/u><\/p>\n<p>&nbsp;<\/p>\n<p>&nbsp;<\/p>\n<p>&nbsp;<\/p>\n<p><span lang=\"ES-MX\">MAP\/MAGA\/GAMM\/DSC\/<\/span><u><\/u>\u00a0<u><\/u><\/p>\n<p><b><span lang=\"ES-MX\"><u><\/u>\u00a0<u><\/u><\/span><\/b><\/p>\n<p>&nbsp;<\/p>\n<p><u><\/u>\u00a0<u><\/u><\/p>\n<p><em><span lang=\"ES\">La informaci\u00f3n contenida en este bolet\u00edn de prensa corresponde a la narraci\u00f3n de los hechos noticiosos objetivos, suministrados por los funcionarios encargados de adelantar las investigaciones penales al interior de la Fiscal\u00eda General de la Naci\u00f3n. Para el momento de la divulgaci\u00f3n de este comunicado, la situaci\u00f3n jur\u00eddica de la(s) persona(s) relacionada(s) se encuentra pendiente de resolver por la autoridad judicial competente, siempre bajo los preceptos de la presunci\u00f3n de inocencia, consagrados en el art\u00edculo 29 de la Constituci\u00f3n Pol\u00edtica y el art\u00edculo 7\u00ba de la Ley 906 de 2004.<\/span><\/em><b><u><\/u>\u00a0<u><\/u><\/b><\/p>\n\n<div class=\"twitter-share\"><a href=\"https:\/\/twitter.com\/intent\/tweet?via=fiscaliacol\" class=\"twitter-share-button\">Tweet<\/a><\/div>\n","protected":false},"excerpt":{"rendered":"<p>En hechos aislados dos hombres fueron privados de la libertad por presuntamente ser responsables de maltratar a sus compa\u00f1eras permanentes. Los hechos se presentaron en los municipios de Santander de Quilichao y Guachen\u00e9 (Cauca).\u00a0 Las medidas carcelarias se dieron a petici\u00f3n de Fiscal\u00eda General de la Naci\u00f3n y cobijan a\u00a0Jehy S\u00e1nder Cabezas Z\u00fa\u00f1iga y Jorge [&hellip;]<\/p>\n","protected":false},"author":177,"featured_media":0,"comment_status":"closed","ping_status":"open","sticky":false,"template":"","format":"standard","meta":{"_price":"","_stock":"","_tribe_ticket_header":"","_tribe_default_ticket_provider":"","_tribe_ticket_capacity":"0","_ticket_start_date":"","_ticket_end_date":"","_tribe_ticket_show_description":"","_tribe_ticket_show_not_going":false,"_tribe_ticket_use_global_stock":"","_tribe_ticket_global_stock_level":"","_global_stock_mode":"","_global_stock_cap":"","_tribe_rsvp_for_event":"","_tribe_ticket_going_count":"","_tribe_ticket_not_going_count":"","_tribe_tickets_list":"[]","_tribe_ticket_has_attendee_info_fields":false,"tdm_status":"","tdm_grid_status":"","footnotes":""},"categories":[1,336,303,24127],"tags":[8010,25070,32023,78,24187,1185,24549,32022,26556,682],"class_list":{"0":"post-250810","1":"post","2":"type-post","3":"status-publish","4":"format-standard","6":"category-noticias","7":"category-seccional-popayan","8":"category-seccionales","9":"category-violencia-sexual-e-intrafamiliar","10":"tag-capturados","11":"tag-centros-carcelarios","12":"tag-companeras-permanentes","13":"tag-fiscal-general-de-la-nacion","14":"tag-fiscalia-colombia","15":"tag-medida-de-aseguramiento","16":"tag-orden-judicial","17":"tag-santander-de-quilichao-y-guachene-cauca","18":"tag-seccional-cauca","19":"tag-violencia-intrafamiliar"},"yoast_head":"<!-- This site is optimized with the Yoast SEO plugin v24.3 - https:\/\/yoast.com\/wordpress\/plugins\/seo\/ -->\n<title>Fiscal\u00eda General de la Naci\u00f3n<\/title>\n<meta name=\"description\" content=\"P\u00e1gina oficial de la Fiscal\u00eda General de la Naci\u00f3n \u2013 Colombia. Garantizamos el acceso efectivo a la justicia, la verdad y la reparaci\u00f3n de las v\u00edctimas de los delitos.\" \/>\n<meta name=\"robots\" content=\"noindex, follow\" \/>\n<meta property=\"og:locale\" content=\"es_ES\" \/>\n<meta property=\"og:type\" content=\"article\" \/>\n<meta property=\"og:title\" content=\"Fiscal\u00eda General de la Naci\u00f3n\" \/>\n<meta property=\"og:description\" content=\"P\u00e1gina oficial de la Fiscal\u00eda General de la Naci\u00f3n \u2013 Colombia. Garantizamos el acceso efectivo a la justicia, la verdad y la reparaci\u00f3n de las v\u00edctimas de los delitos.\" \/>\n<meta property=\"og:url\" content=\"https:\/\/www.fiscalia.gov.co\/colombia\/noticias\/judicializados-dos-hombres-presuntamente-implicados-en-hechos-de-violencia-intrafamiliar\/\" \/>\n<meta property=\"og:site_name\" content=\"Fiscal\u00eda General de la Naci\u00f3n\" \/>\n<meta property=\"article:publisher\" content=\"https:\/\/www.facebook.com\/FiscaliaCol\" \/>\n<meta property=\"article:published_time\" content=\"2022-06-15T22:19:49+00:00\" \/>\n<meta property=\"og:image\" content=\"https:\/\/www.fiscalia.gov.co\/colombia\/wp-content\/uploads\/Fiscal-Barbosa-Jehy-Sander-Cabezas-Zuniga.-Violencia-intrafamiliar.-Guachene-Cauca..jpg\" \/>\n<meta name=\"author\" content=\"Jordan Leandro Oviedo Anzola\" \/>\n<meta name=\"twitter:card\" content=\"summary_large_image\" \/>\n<meta name=\"twitter:creator\" content=\"@FiscaliaCol\" \/>\n<meta name=\"twitter:site\" content=\"@FiscaliaCol\" \/>\n<meta name=\"twitter:label1\" content=\"Escrito por\" \/>\n\t<meta name=\"twitter:data1\" content=\"Jordan Leandro Oviedo Anzola\" \/>\n\t<meta name=\"twitter:label2\" content=\"Tiempo de lectura\" \/>\n\t<meta name=\"twitter:data2\" content=\"2 minutos\" \/>\n<script type=\"application\/ld+json\" class=\"yoast-schema-graph\">{\"@context\":\"https:\/\/schema.org\",\"@graph\":[{\"@type\":\"Article\",\"@id\":\"https:\/\/www.fiscalia.gov.co\/colombia\/noticias\/judicializados-dos-hombres-presuntamente-implicados-en-hechos-de-violencia-intrafamiliar\/#article\",\"isPartOf\":{\"@id\":\"https:\/\/www.fiscalia.gov.co\/colombia\/noticias\/judicializados-dos-hombres-presuntamente-implicados-en-hechos-de-violencia-intrafamiliar\/\"},\"author\":{\"name\":\"Jordan Leandro Oviedo Anzola\",\"@id\":\"https:\/\/www.fiscalia.gov.co\/colombia\/#\/schema\/person\/bf84402cf293a5393e9c70b111020b24\"},\"headline\":\"Judicializados dos hombres, presuntamente, implicados en hechos de violencia intrafamiliar\u00a0\",\"datePublished\":\"2022-06-15T22:19:49+00:00\",\"dateModified\":\"2022-06-15T22:19:49+00:00\",\"mainEntityOfPage\":{\"@id\":\"https:\/\/www.fiscalia.gov.co\/colombia\/noticias\/judicializados-dos-hombres-presuntamente-implicados-en-hechos-de-violencia-intrafamiliar\/\"},\"wordCount\":350,\"publisher\":{\"@id\":\"https:\/\/www.fiscalia.gov.co\/colombia\/#organization\"},\"image\":{\"@id\":\"https:\/\/www.fiscalia.gov.co\/colombia\/noticias\/judicializados-dos-hombres-presuntamente-implicados-en-hechos-de-violencia-intrafamiliar\/#primaryimage\"},\"thumbnailUrl\":\"https:\/\/www.fiscalia.gov.co\/colombia\/wp-content\/uploads\/Fiscal-Barbosa-Jehy-Sander-Cabezas-Zuniga.-Violencia-intrafamiliar.-Guachene-Cauca..jpg\",\"keywords\":[\"Capturados\",\"centros carcelarios\",\"compa\u00f1eras permanentes\",\"Fiscal General de la Naci\u00f3n\",\"Fiscal\u00eda Colombia\",\"Medida de aseguramiento\",\"orden judicial\",\"Santander de Quilichao y Guachen\u00e9 (Cauca)\",\"Seccional Cauca\",\"Violencia intrafamiliar\"],\"articleSection\":[\"Noticias\",\"Seccional Popay\u00e1n\",\"Seccionales\",\"Violencia sexual e intrafamiliar\"],\"inLanguage\":\"es-CO\"},{\"@type\":\"WebPage\",\"@id\":\"https:\/\/www.fiscalia.gov.co\/colombia\/noticias\/judicializados-dos-hombres-presuntamente-implicados-en-hechos-de-violencia-intrafamiliar\/\",\"url\":\"https:\/\/www.fiscalia.gov.co\/colombia\/noticias\/judicializados-dos-hombres-presuntamente-implicados-en-hechos-de-violencia-intrafamiliar\/\",\"name\":\"Fiscal\u00eda General de la Naci\u00f3n\",\"isPartOf\":{\"@id\":\"https:\/\/www.fiscalia.gov.co\/colombia\/#website\"},\"primaryImageOfPage\":{\"@id\":\"https:\/\/www.fiscalia.gov.co\/colombia\/noticias\/judicializados-dos-hombres-presuntamente-implicados-en-hechos-de-violencia-intrafamiliar\/#primaryimage\"},\"image\":{\"@id\":\"https:\/\/www.fiscalia.gov.co\/colombia\/noticias\/judicializados-dos-hombres-presuntamente-implicados-en-hechos-de-violencia-intrafamiliar\/#primaryimage\"},\"thumbnailUrl\":\"https:\/\/www.fiscalia.gov.co\/colombia\/wp-content\/uploads\/Fiscal-Barbosa-Jehy-Sander-Cabezas-Zuniga.-Violencia-intrafamiliar.-Guachene-Cauca..jpg\",\"datePublished\":\"2022-06-15T22:19:49+00:00\",\"dateModified\":\"2022-06-15T22:19:49+00:00\",\"description\":\"P\u00e1gina oficial de la Fiscal\u00eda General de la Naci\u00f3n \u2013 Colombia. Garantizamos el acceso efectivo a la justicia, la verdad y la reparaci\u00f3n de las v\u00edctimas de los delitos.\",\"breadcrumb\":{\"@id\":\"https:\/\/www.fiscalia.gov.co\/colombia\/noticias\/judicializados-dos-hombres-presuntamente-implicados-en-hechos-de-violencia-intrafamiliar\/#breadcrumb\"},\"inLanguage\":\"es-CO\",\"potentialAction\":[{\"@type\":\"ReadAction\",\"target\":[\"https:\/\/www.fiscalia.gov.co\/colombia\/noticias\/judicializados-dos-hombres-presuntamente-implicados-en-hechos-de-violencia-intrafamiliar\/\"]}]},{\"@type\":\"ImageObject\",\"inLanguage\":\"es-CO\",\"@id\":\"https:\/\/www.fiscalia.gov.co\/colombia\/noticias\/judicializados-dos-hombres-presuntamente-implicados-en-hechos-de-violencia-intrafamiliar\/#primaryimage\",\"url\":\"https:\/\/www.fiscalia.gov.co\/colombia\/wp-content\/uploads\/Fiscal-Barbosa-Jehy-Sander-Cabezas-Zuniga.-Violencia-intrafamiliar.-Guachene-Cauca..jpg\",\"contentUrl\":\"https:\/\/www.fiscalia.gov.co\/colombia\/wp-content\/uploads\/Fiscal-Barbosa-Jehy-Sander-Cabezas-Zuniga.-Violencia-intrafamiliar.-Guachene-Cauca..jpg\",\"width\":876,\"height\":657,\"caption\":\"Jehy S\u00e1nder Cabezas Z\u00fa\u00f1iga.\"},{\"@type\":\"BreadcrumbList\",\"@id\":\"https:\/\/www.fiscalia.gov.co\/colombia\/noticias\/judicializados-dos-hombres-presuntamente-implicados-en-hechos-de-violencia-intrafamiliar\/#breadcrumb\",\"itemListElement\":[{\"@type\":\"ListItem\",\"position\":1,\"name\":\"Home\",\"item\":\"https:\/\/www.fiscalia.gov.co\/colombia\/\"},{\"@type\":\"ListItem\",\"position\":2,\"name\":\"Judicializados dos hombres, presuntamente, implicados en hechos de violencia intrafamiliar\u00a0\"}]},{\"@type\":\"WebSite\",\"@id\":\"https:\/\/www.fiscalia.gov.co\/colombia\/#website\",\"url\":\"https:\/\/www.fiscalia.gov.co\/colombia\/\",\"name\":\"Fiscal\u00eda General de la Naci\u00f3n\",\"description\":\"P\u00e1gina oficial de la Fiscal\u00eda General de la Naci\u00f3n \u2013 Colombia. Garantizamos el acceso efectivo a la justicia, la verdad y la reparaci\u00f3n de las v\u00edctimas de los delitos.\",\"publisher\":{\"@id\":\"https:\/\/www.fiscalia.gov.co\/colombia\/#organization\"},\"potentialAction\":[{\"@type\":\"SearchAction\",\"target\":{\"@type\":\"EntryPoint\",\"urlTemplate\":\"https:\/\/www.fiscalia.gov.co\/colombia\/?s={search_term_string}\"},\"query-input\":{\"@type\":\"PropertyValueSpecification\",\"valueRequired\":true,\"valueName\":\"search_term_string\"}}],\"inLanguage\":\"es-CO\"},{\"@type\":\"Organization\",\"@id\":\"https:\/\/www.fiscalia.gov.co\/colombia\/#organization\",\"name\":\"Fiscal\u00eda General de la Naci\u00f3n\",\"url\":\"https:\/\/www.fiscalia.gov.co\/colombia\/\",\"logo\":{\"@type\":\"ImageObject\",\"inLanguage\":\"es-CO\",\"@id\":\"https:\/\/www.fiscalia.gov.co\/colombia\/#\/schema\/logo\/image\/\",\"url\":\"https:\/\/www.fiscalia.gov.co\/colombia\/wp-content\/uploads\/LogoHorizontal_1.jpg\",\"contentUrl\":\"https:\/\/www.fiscalia.gov.co\/colombia\/wp-content\/uploads\/LogoHorizontal_1.jpg\",\"width\":300,\"height\":90,\"caption\":\"Fiscal\u00eda General de la Naci\u00f3n\"},\"image\":{\"@id\":\"https:\/\/www.fiscalia.gov.co\/colombia\/#\/schema\/logo\/image\/\"},\"sameAs\":[\"https:\/\/www.facebook.com\/FiscaliaCol\",\"https:\/\/x.com\/FiscaliaCol\",\"https:\/\/www.instagram.com\/fiscaliacol\",\"https:\/\/www.linkedin.com\/company\/fiscalia-general-de-la-naci-n\/\",\"https:\/\/youtube.com\/@fiscaliageneraldelanacion-4668?si=6nN79nyQICPU5iTh\"]},{\"@type\":\"Person\",\"@id\":\"https:\/\/www.fiscalia.gov.co\/colombia\/#\/schema\/person\/bf84402cf293a5393e9c70b111020b24\",\"name\":\"Jordan Leandro Oviedo Anzola\",\"image\":{\"@type\":\"ImageObject\",\"inLanguage\":\"es-CO\",\"@id\":\"https:\/\/www.fiscalia.gov.co\/colombia\/#\/schema\/person\/image\/\",\"url\":\"https:\/\/secure.gravatar.com\/avatar\/dabba4346fa9b9207d96adafa8f92721?s=96&d=mm&r=g\",\"contentUrl\":\"https:\/\/secure.gravatar.com\/avatar\/dabba4346fa9b9207d96adafa8f92721?s=96&d=mm&r=g\",\"caption\":\"Jordan Leandro Oviedo Anzola\"},\"url\":\"https:\/\/www.fiscalia.gov.co\/colombia\/author\/joviedo\/\"}]}<\/script>\n<!-- \/ Yoast SEO plugin. -->","yoast_head_json":{"title":"Fiscal\u00eda General de la Naci\u00f3n","description":"P\u00e1gina oficial de la Fiscal\u00eda General de la Naci\u00f3n \u2013 Colombia. Garantizamos el acceso efectivo a la justicia, la verdad y la reparaci\u00f3n de las v\u00edctimas de los delitos.","robots":{"index":"noindex","follow":"follow"},"og_locale":"es_ES","og_type":"article","og_title":"Fiscal\u00eda General de la Naci\u00f3n","og_description":"P\u00e1gina oficial de la Fiscal\u00eda General de la Naci\u00f3n \u2013 Colombia. Garantizamos el acceso efectivo a la justicia, la verdad y la reparaci\u00f3n de las v\u00edctimas de los delitos.","og_url":"https:\/\/www.fiscalia.gov.co\/colombia\/noticias\/judicializados-dos-hombres-presuntamente-implicados-en-hechos-de-violencia-intrafamiliar\/","og_site_name":"Fiscal\u00eda General de la Naci\u00f3n","article_publisher":"https:\/\/www.facebook.com\/FiscaliaCol","article_published_time":"2022-06-15T22:19:49+00:00","og_image":[{"url":"https:\/\/www.fiscalia.gov.co\/colombia\/wp-content\/uploads\/Fiscal-Barbosa-Jehy-Sander-Cabezas-Zuniga.-Violencia-intrafamiliar.-Guachene-Cauca..jpg","type":"","width":"","height":""}],"author":"Jordan Leandro Oviedo Anzola","twitter_card":"summary_large_image","twitter_creator":"@FiscaliaCol","twitter_site":"@FiscaliaCol","twitter_misc":{"Escrito por":"Jordan Leandro Oviedo Anzola","Tiempo de lectura":"2 minutos"},"schema":{"@context":"https:\/\/schema.org","@graph":[{"@type":"Article","@id":"https:\/\/www.fiscalia.gov.co\/colombia\/noticias\/judicializados-dos-hombres-presuntamente-implicados-en-hechos-de-violencia-intrafamiliar\/#article","isPartOf":{"@id":"https:\/\/www.fiscalia.gov.co\/colombia\/noticias\/judicializados-dos-hombres-presuntamente-implicados-en-hechos-de-violencia-intrafamiliar\/"},"author":{"name":"Jordan Leandro Oviedo Anzola","@id":"https:\/\/www.fiscalia.gov.co\/colombia\/#\/schema\/person\/bf84402cf293a5393e9c70b111020b24"},"headline":"Judicializados dos hombres, presuntamente, implicados en hechos de violencia intrafamiliar\u00a0","datePublished":"2022-06-15T22:19:49+00:00","dateModified":"2022-06-15T22:19:49+00:00","mainEntityOfPage":{"@id":"https:\/\/www.fiscalia.gov.co\/colombia\/noticias\/judicializados-dos-hombres-presuntamente-implicados-en-hechos-de-violencia-intrafamiliar\/"},"wordCount":350,"publisher":{"@id":"https:\/\/www.fiscalia.gov.co\/colombia\/#organization"},"image":{"@id":"https:\/\/www.fiscalia.gov.co\/colombia\/noticias\/judicializados-dos-hombres-presuntamente-implicados-en-hechos-de-violencia-intrafamiliar\/#primaryimage"},"thumbnailUrl":"https:\/\/www.fiscalia.gov.co\/colombia\/wp-content\/uploads\/Fiscal-Barbosa-Jehy-Sander-Cabezas-Zuniga.-Violencia-intrafamiliar.-Guachene-Cauca..jpg","keywords":["Capturados","centros carcelarios","compa\u00f1eras permanentes","Fiscal General de la Naci\u00f3n","Fiscal\u00eda Colombia","Medida de aseguramiento","orden judicial","Santander de Quilichao y Guachen\u00e9 (Cauca)","Seccional Cauca","Violencia intrafamiliar"],"articleSection":["Noticias","Seccional Popay\u00e1n","Seccionales","Violencia sexual e intrafamiliar"],"inLanguage":"es-CO"},{"@type":"WebPage","@id":"https:\/\/www.fiscalia.gov.co\/colombia\/noticias\/judicializados-dos-hombres-presuntamente-implicados-en-hechos-de-violencia-intrafamiliar\/","url":"https:\/\/www.fiscalia.gov.co\/colombia\/noticias\/judicializados-dos-hombres-presuntamente-implicados-en-hechos-de-violencia-intrafamiliar\/","name":"Fiscal\u00eda General de la Naci\u00f3n","isPartOf":{"@id":"https:\/\/www.fiscalia.gov.co\/colombia\/#website"},"primaryImageOfPage":{"@id":"https:\/\/www.fiscalia.gov.co\/colombia\/noticias\/judicializados-dos-hombres-presuntamente-implicados-en-hechos-de-violencia-intrafamiliar\/#primaryimage"},"image":{"@id":"https:\/\/www.fiscalia.gov.co\/colombia\/noticias\/judicializados-dos-hombres-presuntamente-implicados-en-hechos-de-violencia-intrafamiliar\/#primaryimage"},"thumbnailUrl":"https:\/\/www.fiscalia.gov.co\/colombia\/wp-content\/uploads\/Fiscal-Barbosa-Jehy-Sander-Cabezas-Zuniga.-Violencia-intrafamiliar.-Guachene-Cauca..jpg","datePublished":"2022-06-15T22:19:49+00:00","dateModified":"2022-06-15T22:19:49+00:00","description":"P\u00e1gina oficial de la Fiscal\u00eda General de la Naci\u00f3n \u2013 Colombia. Garantizamos el acceso efectivo a la justicia, la verdad y la reparaci\u00f3n de las v\u00edctimas de los delitos.","breadcrumb":{"@id":"https:\/\/www.fiscalia.gov.co\/colombia\/noticias\/judicializados-dos-hombres-presuntamente-implicados-en-hechos-de-violencia-intrafamiliar\/#breadcrumb"},"inLanguage":"es-CO","potentialAction":[{"@type":"ReadAction","target":["https:\/\/www.fiscalia.gov.co\/colombia\/noticias\/judicializados-dos-hombres-presuntamente-implicados-en-hechos-de-violencia-intrafamiliar\/"]}]},{"@type":"ImageObject","inLanguage":"es-CO","@id":"https:\/\/www.fiscalia.gov.co\/colombia\/noticias\/judicializados-dos-hombres-presuntamente-implicados-en-hechos-de-violencia-intrafamiliar\/#primaryimage","url":"https:\/\/www.fiscalia.gov.co\/colombia\/wp-content\/uploads\/Fiscal-Barbosa-Jehy-Sander-Cabezas-Zuniga.-Violencia-intrafamiliar.-Guachene-Cauca..jpg","contentUrl":"https:\/\/www.fiscalia.gov.co\/colombia\/wp-content\/uploads\/Fiscal-Barbosa-Jehy-Sander-Cabezas-Zuniga.-Violencia-intrafamiliar.-Guachene-Cauca..jpg","width":876,"height":657,"caption":"Jehy S\u00e1nder Cabezas Z\u00fa\u00f1iga."},{"@type":"BreadcrumbList","@id":"https:\/\/www.fiscalia.gov.co\/colombia\/noticias\/judicializados-dos-hombres-presuntamente-implicados-en-hechos-de-violencia-intrafamiliar\/#breadcrumb","itemListElement":[{"@type":"ListItem","position":1,"name":"Home","item":"https:\/\/www.fiscalia.gov.co\/colombia\/"},{"@type":"ListItem","position":2,"name":"Judicializados dos hombres, presuntamente, implicados en hechos de violencia intrafamiliar\u00a0"}]},{"@type":"WebSite","@id":"https:\/\/www.fiscalia.gov.co\/colombia\/#website","url":"https:\/\/www.fiscalia.gov.co\/colombia\/","name":"Fiscal\u00eda General de la Naci\u00f3n","description":"P\u00e1gina oficial de la Fiscal\u00eda General de la Naci\u00f3n \u2013 Colombia. Garantizamos el acceso efectivo a la justicia, la verdad y la reparaci\u00f3n de las v\u00edctimas de los delitos.","publisher":{"@id":"https:\/\/www.fiscalia.gov.co\/colombia\/#organization"},"potentialAction":[{"@type":"SearchAction","target":{"@type":"EntryPoint","urlTemplate":"https:\/\/www.fiscalia.gov.co\/colombia\/?s={search_term_string}"},"query-input":{"@type":"PropertyValueSpecification","valueRequired":true,"valueName":"search_term_string"}}],"inLanguage":"es-CO"},{"@type":"Organization","@id":"https:\/\/www.fiscalia.gov.co\/colombia\/#organization","name":"Fiscal\u00eda General de la Naci\u00f3n","url":"https:\/\/www.fiscalia.gov.co\/colombia\/","logo":{"@type":"ImageObject","inLanguage":"es-CO","@id":"https:\/\/www.fiscalia.gov.co\/colombia\/#\/schema\/logo\/image\/","url":"https:\/\/www.fiscalia.gov.co\/colombia\/wp-content\/uploads\/LogoHorizontal_1.jpg","contentUrl":"https:\/\/www.fiscalia.gov.co\/colombia\/wp-content\/uploads\/LogoHorizontal_1.jpg","width":300,"height":90,"caption":"Fiscal\u00eda General de la Naci\u00f3n"},"image":{"@id":"https:\/\/www.fiscalia.gov.co\/colombia\/#\/schema\/logo\/image\/"},"sameAs":["https:\/\/www.facebook.com\/FiscaliaCol","https:\/\/x.com\/FiscaliaCol","https:\/\/www.instagram.com\/fiscaliacol","https:\/\/www.linkedin.com\/company\/fiscalia-general-de-la-naci-n\/","https:\/\/youtube.com\/@fiscaliageneraldelanacion-4668?si=6nN79nyQICPU5iTh"]},{"@type":"Person","@id":"https:\/\/www.fiscalia.gov.co\/colombia\/#\/schema\/person\/bf84402cf293a5393e9c70b111020b24","name":"Jordan Leandro Oviedo Anzola","image":{"@type":"ImageObject","inLanguage":"es-CO","@id":"https:\/\/www.fiscalia.gov.co\/colombia\/#\/schema\/person\/image\/","url":"https:\/\/secure.gravatar.com\/avatar\/dabba4346fa9b9207d96adafa8f92721?s=96&d=mm&r=g","contentUrl":"https:\/\/secure.gravatar.com\/avatar\/dabba4346fa9b9207d96adafa8f92721?s=96&d=mm&r=g","caption":"Jordan Leandro Oviedo Anzola"},"url":"https:\/\/www.fiscalia.gov.co\/colombia\/author\/joviedo\/"}]}},"_links":{"self":[{"href":"https:\/\/www.fiscalia.gov.co\/colombia\/wp-json\/wp\/v2\/posts\/250810","targetHints":{"allow":["GET"]}}],"collection":[{"href":"https:\/\/www.fiscalia.gov.co\/colombia\/wp-json\/wp\/v2\/posts"}],"about":[{"href":"https:\/\/www.fiscalia.gov.co\/colombia\/wp-json\/wp\/v2\/types\/post"}],"author":[{"embeddable":true,"href":"https:\/\/www.fiscalia.gov.co\/colombia\/wp-json\/wp\/v2\/users\/177"}],"replies":[{"embeddable":true,"href":"https:\/\/www.fiscalia.gov.co\/colombia\/wp-json\/wp\/v2\/comments?post=250810"}],"version-history":[{"count":1,"href":"https:\/\/www.fiscalia.gov.co\/colombia\/wp-json\/wp\/v2\/posts\/250810\/revisions"}],"predecessor-version":[{"id":250814,"href":"https:\/\/www.fiscalia.gov.co\/colombia\/wp-json\/wp\/v2\/posts\/250810\/revisions\/250814"}],"wp:attachment":[{"href":"https:\/\/www.fiscalia.gov.co\/colombia\/wp-json\/wp\/v2\/media?parent=250810"}],"wp:term":[{"taxonomy":"category","embeddable":true,"href":"https:\/\/www.fiscalia.gov.co\/colombia\/wp-json\/wp\/v2\/categories?post=250810"},{"taxonomy":"post_tag","embeddable":true,"href":"https:\/\/www.fiscalia.gov.co\/colombia\/wp-json\/wp\/v2\/tags?post=250810"}],"curies":[{"name":"wp","href":"https:\/\/api.w.org\/{rel}","templated":true}]}}