{"id":250764,"date":"2022-06-15T12:09:07","date_gmt":"2022-06-15T17:09:07","guid":{"rendered":"https:\/\/www.fiscalia.gov.co\/colombia\/?p=250764"},"modified":"2022-06-23T14:30:37","modified_gmt":"2022-06-23T19:30:37","slug":"asegurado-joven-que-habria-secuestrado-y-abusado-sexualmente-de-una-menor-en-medellin","status":"publish","type":"post","link":"https:\/\/www.fiscalia.gov.co\/colombia\/noticias\/asegurado-joven-que-habria-secuestrado-y-abusado-sexualmente-de-una-menor-en-medellin\/","title":{"rendered":"Asegurado joven que habr\u00eda secuestrado y abusado sexualmente de una menor en Medell\u00edn"},"content":{"rendered":"<p>Un fiscal de la Seccional Medell\u00edn logr\u00f3 que un juez de control de garant\u00edas de la capital antioque\u00f1a impusiera medida de aseguramiento privativa de la libertad en centro carcelario contra un joven de 19 a\u00f1os, que habr\u00eda incurrido en varios hechos de violencia f\u00edsica y sexual contra una menor de edad.<\/p>\n<p>Las agresiones, presumiblemente, iniciaron el pasado 24 de febrero cuando el investigado habr\u00eda llevado a la v\u00edctima a una zona boscosa del corregimiento San Antonio de Prado de Medell\u00edn donde, presumiblemente, la at\u00f3 a un \u00e1rbol durante dos horas; tiempo en que adem\u00e1s la habr\u00eda accedido carnalmente en compa\u00f1\u00eda de otros tres hombres.<\/p>\n<p>Tres d\u00edas despu\u00e9s el presunto agresor, al parecer, de nuevo ubic\u00f3 a la menor y le realiz\u00f3 tocamientos de \u00edndole sexual.<\/p>\n<p>La investigaci\u00f3n, adelantada por un fiscal del Centro de Atenci\u00f3n Integral a V\u00edctimas de Abuso Sexual (Caivas), evidenci\u00f3 otro hecho de violencia contra la menor; esta vez el pasado 3 de marzo cuando, mediante enga\u00f1os, llev\u00f3 a la joven a un lugar poco habitado y con una cuchilla le dibuj\u00f3 en la piel la letra S. Se investiga si en este hecho intervino una tercera persona.<\/p>\n<p>Por estos hechos el hombre fue capturado por la Polic\u00eda Nacional el pasado 8 de junio y fue puesto a disposici\u00f3n de un fiscal que lo imput\u00f3 por los delitos de secuestro simple agravado, acceso carnal violento agravado, acto sexual violento y violencia intrafamiliar agravada.<\/p>\n<p>En desarrollo de las audiencias concentradas el supuesto implicado neg\u00f3 su responsabilidad en cuanto a los cargos imputados por la Fiscal\u00eda.<\/p>\n<p><strong>La Fiscal\u00eda habla con resultados.<\/strong><\/p>\n<p>&nbsp;<\/p>\n<p>&nbsp;<\/p>\n<p>LFML\/MAGA\/PA\/DSM\/MRC.<\/p>\n<p>&nbsp;<\/p>\n<p>&nbsp;<\/p>\n<div class=\"td-post-content tagdiv-type\">\n<div class=\"td-post-content tagdiv-type\">\n<div class=\"td-post-content tagdiv-type\">\n<p><em>La informaci\u00f3n contenida en este bolet\u00edn de prensa corresponde a la narraci\u00f3n de los hechos noticiosos objetivos, suministrados por los funcionarios encargados de adelantar las investigaciones penales al interior de la Fiscal\u00eda General de la Naci\u00f3n. Para el momento de la divulgaci\u00f3n de este comunicado, la situaci\u00f3n jur\u00eddica de la(s) persona(s) relacionada(s) se encuentra pendiente de resolver por la autoridad judicial competente, siempre bajo los preceptos de la presunci\u00f3n de inocencia, consagrados en el art\u00edculo 29 de la Constituci\u00f3n Pol\u00edtica y el art\u00edculo 7\u00ba de la Ley 906 de 2004.<\/em><\/p>\n<\/div>\n<\/div>\n<\/div>\n\n<div class=\"twitter-share\"><a href=\"https:\/\/twitter.com\/intent\/tweet?via=fiscaliacol\" class=\"twitter-share-button\">Tweet<\/a><\/div>\n","protected":false},"excerpt":{"rendered":"<p>Un fiscal de la Seccional Medell\u00edn logr\u00f3 que un juez de control de garant\u00edas de la capital antioque\u00f1a impusiera medida de aseguramiento privativa de la libertad en centro carcelario contra [&hellip;]<\/p>\n","protected":false},"author":177,"featured_media":251366,"comment_status":"closed","ping_status":"open","sticky":false,"template":"","format":"video","meta":{"tdm_status":"","tdm_grid_status":"","footnotes":""},"categories":[1,318,331,303,24127],"tags":[801,24185,24188,1047,23985,23964,32015],"class_list":["post-250764","post","type-post","status-publish","format-video","has-post-thumbnail","category-noticias","category-seccional-antioquia","category-seccional-medellin","category-seccionales","category-violencia-sexual-e-intrafamiliar","tag-abuso-sexual","tag-fiscal-barbosa","tag-fiscal-francisco-barbosa","tag-fiscalia-general-de-la-nacion","tag-medellin-antioquia","tag-secuestro","tag-violencia-fisica-y-sexual-contra-una-menor-de-edad","post_format-post-format-video"],"yoast_head":"<!-- This site is optimized with the Yoast SEO plugin v24.3 - https:\/\/yoast.com\/wordpress\/plugins\/seo\/ -->\n<title>Fiscal\u00eda General de la Naci\u00f3n<\/title>\n<meta name=\"description\" content=\"P\u00e1gina oficial de la Fiscal\u00eda General de la Naci\u00f3n \u2013 Colombia. Garantizamos el acceso efectivo a la justicia, la verdad y la reparaci\u00f3n de las v\u00edctimas de los delitos.\" \/>\n<meta name=\"robots\" content=\"noindex, follow\" \/>\n<meta property=\"og:locale\" content=\"es_ES\" \/>\n<meta property=\"og:type\" content=\"article\" \/>\n<meta property=\"og:title\" content=\"Fiscal\u00eda General de la Naci\u00f3n\" \/>\n<meta property=\"og:description\" content=\"P\u00e1gina oficial de la Fiscal\u00eda General de la Naci\u00f3n \u2013 Colombia. Garantizamos el acceso efectivo a la justicia, la verdad y la reparaci\u00f3n de las v\u00edctimas de los delitos.\" \/>\n<meta property=\"og:url\" content=\"https:\/\/www.fiscalia.gov.co\/colombia\/noticias\/asegurado-joven-que-habria-secuestrado-y-abusado-sexualmente-de-una-menor-en-medellin\/\" \/>\n<meta property=\"og:site_name\" content=\"Fiscal\u00eda General de la Naci\u00f3n\" \/>\n<meta property=\"article:publisher\" content=\"https:\/\/www.facebook.com\/FiscaliaCol\" \/>\n<meta property=\"article:published_time\" content=\"2022-06-15T17:09:07+00:00\" \/>\n<meta property=\"article:modified_time\" content=\"2022-06-23T19:30:37+00:00\" \/>\n<meta property=\"og:image\" content=\"https:\/\/www.fiscalia.gov.co\/colombia\/wp-content\/uploads\/maxresdefault-541.jpg\" \/>\n\t<meta property=\"og:image:width\" content=\"1280\" \/>\n\t<meta property=\"og:image:height\" content=\"720\" \/>\n\t<meta property=\"og:image:type\" content=\"image\/jpeg\" \/>\n<meta name=\"author\" content=\"Jordan Leandro Oviedo Anzola\" \/>\n<meta name=\"twitter:card\" content=\"summary_large_image\" \/>\n<meta name=\"twitter:creator\" content=\"@FiscaliaCol\" \/>\n<meta name=\"twitter:site\" content=\"@FiscaliaCol\" \/>\n<meta name=\"twitter:label1\" content=\"Escrito por\" \/>\n\t<meta name=\"twitter:data1\" content=\"Jordan Leandro Oviedo Anzola\" \/>\n\t<meta name=\"twitter:label2\" content=\"Tiempo de lectura\" \/>\n\t<meta name=\"twitter:data2\" content=\"2 minutos\" \/>\n<script type=\"application\/ld+json\" class=\"yoast-schema-graph\">{\"@context\":\"https:\/\/schema.org\",\"@graph\":[{\"@type\":\"Article\",\"@id\":\"https:\/\/www.fiscalia.gov.co\/colombia\/noticias\/asegurado-joven-que-habria-secuestrado-y-abusado-sexualmente-de-una-menor-en-medellin\/#article\",\"isPartOf\":{\"@id\":\"https:\/\/www.fiscalia.gov.co\/colombia\/noticias\/asegurado-joven-que-habria-secuestrado-y-abusado-sexualmente-de-una-menor-en-medellin\/\"},\"author\":{\"name\":\"Jordan Leandro Oviedo Anzola\",\"@id\":\"https:\/\/www.fiscalia.gov.co\/colombia\/#\/schema\/person\/bf84402cf293a5393e9c70b111020b24\"},\"headline\":\"Asegurado joven que habr\u00eda secuestrado y abusado sexualmente de una menor en Medell\u00edn\",\"datePublished\":\"2022-06-15T17:09:07+00:00\",\"dateModified\":\"2022-06-23T19:30:37+00:00\",\"mainEntityOfPage\":{\"@id\":\"https:\/\/www.fiscalia.gov.co\/colombia\/noticias\/asegurado-joven-que-habria-secuestrado-y-abusado-sexualmente-de-una-menor-en-medellin\/\"},\"wordCount\":406,\"publisher\":{\"@id\":\"https:\/\/www.fiscalia.gov.co\/colombia\/#organization\"},\"image\":{\"@id\":\"https:\/\/www.fiscalia.gov.co\/colombia\/noticias\/asegurado-joven-que-habria-secuestrado-y-abusado-sexualmente-de-una-menor-en-medellin\/#primaryimage\"},\"thumbnailUrl\":\"https:\/\/www.fiscalia.gov.co\/colombia\/wp-content\/uploads\/maxresdefault-541.jpg\",\"keywords\":[\"Abuso sexual\",\"Fiscal Barbosa\",\"Fiscal Francisco Barbosa\",\"Fiscal\u00eda General de la Naci\u00f3n\",\"Medell\u00edn (Antioquia)\",\"Secuestro\",\"violencia f\u00edsica y sexual contra una menor de edad\"],\"articleSection\":[\"Noticias\",\"Seccional Antioquia\",\"Seccional Medell\u00edn\",\"Seccionales\",\"Violencia sexual e intrafamiliar\"],\"inLanguage\":\"es-CO\"},{\"@type\":\"WebPage\",\"@id\":\"https:\/\/www.fiscalia.gov.co\/colombia\/noticias\/asegurado-joven-que-habria-secuestrado-y-abusado-sexualmente-de-una-menor-en-medellin\/\",\"url\":\"https:\/\/www.fiscalia.gov.co\/colombia\/noticias\/asegurado-joven-que-habria-secuestrado-y-abusado-sexualmente-de-una-menor-en-medellin\/\",\"name\":\"Fiscal\u00eda General de la Naci\u00f3n\",\"isPartOf\":{\"@id\":\"https:\/\/www.fiscalia.gov.co\/colombia\/#website\"},\"primaryImageOfPage\":{\"@id\":\"https:\/\/www.fiscalia.gov.co\/colombia\/noticias\/asegurado-joven-que-habria-secuestrado-y-abusado-sexualmente-de-una-menor-en-medellin\/#primaryimage\"},\"image\":{\"@id\":\"https:\/\/www.fiscalia.gov.co\/colombia\/noticias\/asegurado-joven-que-habria-secuestrado-y-abusado-sexualmente-de-una-menor-en-medellin\/#primaryimage\"},\"thumbnailUrl\":\"https:\/\/www.fiscalia.gov.co\/colombia\/wp-content\/uploads\/maxresdefault-541.jpg\",\"datePublished\":\"2022-06-15T17:09:07+00:00\",\"dateModified\":\"2022-06-23T19:30:37+00:00\",\"description\":\"P\u00e1gina oficial de la Fiscal\u00eda General de la Naci\u00f3n \u2013 Colombia. Garantizamos el acceso efectivo a la justicia, la verdad y la reparaci\u00f3n de las v\u00edctimas de los delitos.\",\"breadcrumb\":{\"@id\":\"https:\/\/www.fiscalia.gov.co\/colombia\/noticias\/asegurado-joven-que-habria-secuestrado-y-abusado-sexualmente-de-una-menor-en-medellin\/#breadcrumb\"},\"inLanguage\":\"es-CO\",\"potentialAction\":[{\"@type\":\"ReadAction\",\"target\":[\"https:\/\/www.fiscalia.gov.co\/colombia\/noticias\/asegurado-joven-que-habria-secuestrado-y-abusado-sexualmente-de-una-menor-en-medellin\/\"]}]},{\"@type\":\"ImageObject\",\"inLanguage\":\"es-CO\",\"@id\":\"https:\/\/www.fiscalia.gov.co\/colombia\/noticias\/asegurado-joven-que-habria-secuestrado-y-abusado-sexualmente-de-una-menor-en-medellin\/#primaryimage\",\"url\":\"https:\/\/www.fiscalia.gov.co\/colombia\/wp-content\/uploads\/maxresdefault-541.jpg\",\"contentUrl\":\"https:\/\/www.fiscalia.gov.co\/colombia\/wp-content\/uploads\/maxresdefault-541.jpg\",\"width\":1280,\"height\":720},{\"@type\":\"BreadcrumbList\",\"@id\":\"https:\/\/www.fiscalia.gov.co\/colombia\/noticias\/asegurado-joven-que-habria-secuestrado-y-abusado-sexualmente-de-una-menor-en-medellin\/#breadcrumb\",\"itemListElement\":[{\"@type\":\"ListItem\",\"position\":1,\"name\":\"Home\",\"item\":\"https:\/\/www.fiscalia.gov.co\/colombia\/\"},{\"@type\":\"ListItem\",\"position\":2,\"name\":\"Asegurado joven que habr\u00eda secuestrado y abusado sexualmente de una menor en Medell\u00edn\"}]},{\"@type\":\"WebSite\",\"@id\":\"https:\/\/www.fiscalia.gov.co\/colombia\/#website\",\"url\":\"https:\/\/www.fiscalia.gov.co\/colombia\/\",\"name\":\"Fiscal\u00eda General de la Naci\u00f3n\",\"description\":\"P\u00e1gina oficial de la Fiscal\u00eda General de la Naci\u00f3n \u2013 Colombia. Garantizamos el acceso efectivo a la justicia, la verdad y la reparaci\u00f3n de las v\u00edctimas de los delitos.\",\"publisher\":{\"@id\":\"https:\/\/www.fiscalia.gov.co\/colombia\/#organization\"},\"potentialAction\":[{\"@type\":\"SearchAction\",\"target\":{\"@type\":\"EntryPoint\",\"urlTemplate\":\"https:\/\/www.fiscalia.gov.co\/colombia\/?s={search_term_string}\"},\"query-input\":{\"@type\":\"PropertyValueSpecification\",\"valueRequired\":true,\"valueName\":\"search_term_string\"}}],\"inLanguage\":\"es-CO\"},{\"@type\":\"Organization\",\"@id\":\"https:\/\/www.fiscalia.gov.co\/colombia\/#organization\",\"name\":\"Fiscal\u00eda General de la Naci\u00f3n\",\"url\":\"https:\/\/www.fiscalia.gov.co\/colombia\/\",\"logo\":{\"@type\":\"ImageObject\",\"inLanguage\":\"es-CO\",\"@id\":\"https:\/\/www.fiscalia.gov.co\/colombia\/#\/schema\/logo\/image\/\",\"url\":\"https:\/\/www.fiscalia.gov.co\/colombia\/wp-content\/uploads\/LogoHorizontal_1.jpg\",\"contentUrl\":\"https:\/\/www.fiscalia.gov.co\/colombia\/wp-content\/uploads\/LogoHorizontal_1.jpg\",\"width\":300,\"height\":90,\"caption\":\"Fiscal\u00eda General de la Naci\u00f3n\"},\"image\":{\"@id\":\"https:\/\/www.fiscalia.gov.co\/colombia\/#\/schema\/logo\/image\/\"},\"sameAs\":[\"https:\/\/www.facebook.com\/FiscaliaCol\",\"https:\/\/x.com\/FiscaliaCol\",\"https:\/\/www.instagram.com\/fiscaliacol\",\"https:\/\/www.linkedin.com\/company\/fiscalia-general-de-la-naci-n\/\",\"https:\/\/youtube.com\/@fiscaliageneraldelanacion-4668?si=6nN79nyQICPU5iTh\"]},{\"@type\":\"Person\",\"@id\":\"https:\/\/www.fiscalia.gov.co\/colombia\/#\/schema\/person\/bf84402cf293a5393e9c70b111020b24\",\"name\":\"Jordan Leandro Oviedo Anzola\",\"image\":{\"@type\":\"ImageObject\",\"inLanguage\":\"es-CO\",\"@id\":\"https:\/\/www.fiscalia.gov.co\/colombia\/#\/schema\/person\/image\/\",\"url\":\"https:\/\/secure.gravatar.com\/avatar\/dabba4346fa9b9207d96adafa8f92721?s=96&d=mm&r=g\",\"contentUrl\":\"https:\/\/secure.gravatar.com\/avatar\/dabba4346fa9b9207d96adafa8f92721?s=96&d=mm&r=g\",\"caption\":\"Jordan Leandro Oviedo Anzola\"},\"url\":\"https:\/\/www.fiscalia.gov.co\/colombia\/author\/joviedo\/\"}]}<\/script>\n<!-- \/ Yoast SEO plugin. -->","yoast_head_json":{"title":"Fiscal\u00eda General de la Naci\u00f3n","description":"P\u00e1gina oficial de la Fiscal\u00eda General de la Naci\u00f3n \u2013 Colombia. Garantizamos el acceso efectivo a la justicia, la verdad y la reparaci\u00f3n de las v\u00edctimas de los delitos.","robots":{"index":"noindex","follow":"follow"},"og_locale":"es_ES","og_type":"article","og_title":"Fiscal\u00eda General de la Naci\u00f3n","og_description":"P\u00e1gina oficial de la Fiscal\u00eda General de la Naci\u00f3n \u2013 Colombia. Garantizamos el acceso efectivo a la justicia, la verdad y la reparaci\u00f3n de las v\u00edctimas de los delitos.","og_url":"https:\/\/www.fiscalia.gov.co\/colombia\/noticias\/asegurado-joven-que-habria-secuestrado-y-abusado-sexualmente-de-una-menor-en-medellin\/","og_site_name":"Fiscal\u00eda General de la Naci\u00f3n","article_publisher":"https:\/\/www.facebook.com\/FiscaliaCol","article_published_time":"2022-06-15T17:09:07+00:00","article_modified_time":"2022-06-23T19:30:37+00:00","og_image":[{"width":1280,"height":720,"url":"https:\/\/www.fiscalia.gov.co\/colombia\/wp-content\/uploads\/maxresdefault-541.jpg","type":"image\/jpeg"}],"author":"Jordan Leandro Oviedo Anzola","twitter_card":"summary_large_image","twitter_creator":"@FiscaliaCol","twitter_site":"@FiscaliaCol","twitter_misc":{"Escrito por":"Jordan Leandro Oviedo Anzola","Tiempo de lectura":"2 minutos"},"schema":{"@context":"https:\/\/schema.org","@graph":[{"@type":"Article","@id":"https:\/\/www.fiscalia.gov.co\/colombia\/noticias\/asegurado-joven-que-habria-secuestrado-y-abusado-sexualmente-de-una-menor-en-medellin\/#article","isPartOf":{"@id":"https:\/\/www.fiscalia.gov.co\/colombia\/noticias\/asegurado-joven-que-habria-secuestrado-y-abusado-sexualmente-de-una-menor-en-medellin\/"},"author":{"name":"Jordan Leandro Oviedo Anzola","@id":"https:\/\/www.fiscalia.gov.co\/colombia\/#\/schema\/person\/bf84402cf293a5393e9c70b111020b24"},"headline":"Asegurado joven que habr\u00eda secuestrado y abusado sexualmente de una menor en Medell\u00edn","datePublished":"2022-06-15T17:09:07+00:00","dateModified":"2022-06-23T19:30:37+00:00","mainEntityOfPage":{"@id":"https:\/\/www.fiscalia.gov.co\/colombia\/noticias\/asegurado-joven-que-habria-secuestrado-y-abusado-sexualmente-de-una-menor-en-medellin\/"},"wordCount":406,"publisher":{"@id":"https:\/\/www.fiscalia.gov.co\/colombia\/#organization"},"image":{"@id":"https:\/\/www.fiscalia.gov.co\/colombia\/noticias\/asegurado-joven-que-habria-secuestrado-y-abusado-sexualmente-de-una-menor-en-medellin\/#primaryimage"},"thumbnailUrl":"https:\/\/www.fiscalia.gov.co\/colombia\/wp-content\/uploads\/maxresdefault-541.jpg","keywords":["Abuso sexual","Fiscal Barbosa","Fiscal Francisco Barbosa","Fiscal\u00eda General de la Naci\u00f3n","Medell\u00edn (Antioquia)","Secuestro","violencia f\u00edsica y sexual contra una menor de edad"],"articleSection":["Noticias","Seccional Antioquia","Seccional Medell\u00edn","Seccionales","Violencia sexual e intrafamiliar"],"inLanguage":"es-CO"},{"@type":"WebPage","@id":"https:\/\/www.fiscalia.gov.co\/colombia\/noticias\/asegurado-joven-que-habria-secuestrado-y-abusado-sexualmente-de-una-menor-en-medellin\/","url":"https:\/\/www.fiscalia.gov.co\/colombia\/noticias\/asegurado-joven-que-habria-secuestrado-y-abusado-sexualmente-de-una-menor-en-medellin\/","name":"Fiscal\u00eda General de la Naci\u00f3n","isPartOf":{"@id":"https:\/\/www.fiscalia.gov.co\/colombia\/#website"},"primaryImageOfPage":{"@id":"https:\/\/www.fiscalia.gov.co\/colombia\/noticias\/asegurado-joven-que-habria-secuestrado-y-abusado-sexualmente-de-una-menor-en-medellin\/#primaryimage"},"image":{"@id":"https:\/\/www.fiscalia.gov.co\/colombia\/noticias\/asegurado-joven-que-habria-secuestrado-y-abusado-sexualmente-de-una-menor-en-medellin\/#primaryimage"},"thumbnailUrl":"https:\/\/www.fiscalia.gov.co\/colombia\/wp-content\/uploads\/maxresdefault-541.jpg","datePublished":"2022-06-15T17:09:07+00:00","dateModified":"2022-06-23T19:30:37+00:00","description":"P\u00e1gina oficial de la Fiscal\u00eda General de la Naci\u00f3n \u2013 Colombia. Garantizamos el acceso efectivo a la justicia, la verdad y la reparaci\u00f3n de las v\u00edctimas de los delitos.","breadcrumb":{"@id":"https:\/\/www.fiscalia.gov.co\/colombia\/noticias\/asegurado-joven-que-habria-secuestrado-y-abusado-sexualmente-de-una-menor-en-medellin\/#breadcrumb"},"inLanguage":"es-CO","potentialAction":[{"@type":"ReadAction","target":["https:\/\/www.fiscalia.gov.co\/colombia\/noticias\/asegurado-joven-que-habria-secuestrado-y-abusado-sexualmente-de-una-menor-en-medellin\/"]}]},{"@type":"ImageObject","inLanguage":"es-CO","@id":"https:\/\/www.fiscalia.gov.co\/colombia\/noticias\/asegurado-joven-que-habria-secuestrado-y-abusado-sexualmente-de-una-menor-en-medellin\/#primaryimage","url":"https:\/\/www.fiscalia.gov.co\/colombia\/wp-content\/uploads\/maxresdefault-541.jpg","contentUrl":"https:\/\/www.fiscalia.gov.co\/colombia\/wp-content\/uploads\/maxresdefault-541.jpg","width":1280,"height":720},{"@type":"BreadcrumbList","@id":"https:\/\/www.fiscalia.gov.co\/colombia\/noticias\/asegurado-joven-que-habria-secuestrado-y-abusado-sexualmente-de-una-menor-en-medellin\/#breadcrumb","itemListElement":[{"@type":"ListItem","position":1,"name":"Home","item":"https:\/\/www.fiscalia.gov.co\/colombia\/"},{"@type":"ListItem","position":2,"name":"Asegurado joven que habr\u00eda secuestrado y abusado sexualmente de una menor en Medell\u00edn"}]},{"@type":"WebSite","@id":"https:\/\/www.fiscalia.gov.co\/colombia\/#website","url":"https:\/\/www.fiscalia.gov.co\/colombia\/","name":"Fiscal\u00eda General de la Naci\u00f3n","description":"P\u00e1gina oficial de la Fiscal\u00eda General de la Naci\u00f3n \u2013 Colombia. Garantizamos el acceso efectivo a la justicia, la verdad y la reparaci\u00f3n de las v\u00edctimas de los delitos.","publisher":{"@id":"https:\/\/www.fiscalia.gov.co\/colombia\/#organization"},"potentialAction":[{"@type":"SearchAction","target":{"@type":"EntryPoint","urlTemplate":"https:\/\/www.fiscalia.gov.co\/colombia\/?s={search_term_string}"},"query-input":{"@type":"PropertyValueSpecification","valueRequired":true,"valueName":"search_term_string"}}],"inLanguage":"es-CO"},{"@type":"Organization","@id":"https:\/\/www.fiscalia.gov.co\/colombia\/#organization","name":"Fiscal\u00eda General de la Naci\u00f3n","url":"https:\/\/www.fiscalia.gov.co\/colombia\/","logo":{"@type":"ImageObject","inLanguage":"es-CO","@id":"https:\/\/www.fiscalia.gov.co\/colombia\/#\/schema\/logo\/image\/","url":"https:\/\/www.fiscalia.gov.co\/colombia\/wp-content\/uploads\/LogoHorizontal_1.jpg","contentUrl":"https:\/\/www.fiscalia.gov.co\/colombia\/wp-content\/uploads\/LogoHorizontal_1.jpg","width":300,"height":90,"caption":"Fiscal\u00eda General de la Naci\u00f3n"},"image":{"@id":"https:\/\/www.fiscalia.gov.co\/colombia\/#\/schema\/logo\/image\/"},"sameAs":["https:\/\/www.facebook.com\/FiscaliaCol","https:\/\/x.com\/FiscaliaCol","https:\/\/www.instagram.com\/fiscaliacol","https:\/\/www.linkedin.com\/company\/fiscalia-general-de-la-naci-n\/","https:\/\/youtube.com\/@fiscaliageneraldelanacion-4668?si=6nN79nyQICPU5iTh"]},{"@type":"Person","@id":"https:\/\/www.fiscalia.gov.co\/colombia\/#\/schema\/person\/bf84402cf293a5393e9c70b111020b24","name":"Jordan Leandro Oviedo Anzola","image":{"@type":"ImageObject","inLanguage":"es-CO","@id":"https:\/\/www.fiscalia.gov.co\/colombia\/#\/schema\/person\/image\/","url":"https:\/\/secure.gravatar.com\/avatar\/dabba4346fa9b9207d96adafa8f92721?s=96&d=mm&r=g","contentUrl":"https:\/\/secure.gravatar.com\/avatar\/dabba4346fa9b9207d96adafa8f92721?s=96&d=mm&r=g","caption":"Jordan Leandro Oviedo Anzola"},"url":"https:\/\/www.fiscalia.gov.co\/colombia\/author\/joviedo\/"}]}},"_links":{"self":[{"href":"https:\/\/www.fiscalia.gov.co\/colombia\/wp-json\/wp\/v2\/posts\/250764","targetHints":{"allow":["GET"]}}],"collection":[{"href":"https:\/\/www.fiscalia.gov.co\/colombia\/wp-json\/wp\/v2\/posts"}],"about":[{"href":"https:\/\/www.fiscalia.gov.co\/colombia\/wp-json\/wp\/v2\/types\/post"}],"author":[{"embeddable":true,"href":"https:\/\/www.fiscalia.gov.co\/colombia\/wp-json\/wp\/v2\/users\/177"}],"replies":[{"embeddable":true,"href":"https:\/\/www.fiscalia.gov.co\/colombia\/wp-json\/wp\/v2\/comments?post=250764"}],"version-history":[{"count":2,"href":"https:\/\/www.fiscalia.gov.co\/colombia\/wp-json\/wp\/v2\/posts\/250764\/revisions"}],"predecessor-version":[{"id":251365,"href":"https:\/\/www.fiscalia.gov.co\/colombia\/wp-json\/wp\/v2\/posts\/250764\/revisions\/251365"}],"wp:featuredmedia":[{"embeddable":true,"href":"https:\/\/www.fiscalia.gov.co\/colombia\/wp-json\/wp\/v2\/media\/251366"}],"wp:attachment":[{"href":"https:\/\/www.fiscalia.gov.co\/colombia\/wp-json\/wp\/v2\/media?parent=250764"}],"wp:term":[{"taxonomy":"category","embeddable":true,"href":"https:\/\/www.fiscalia.gov.co\/colombia\/wp-json\/wp\/v2\/categories?post=250764"},{"taxonomy":"post_tag","embeddable":true,"href":"https:\/\/www.fiscalia.gov.co\/colombia\/wp-json\/wp\/v2\/tags?post=250764"}],"curies":[{"name":"wp","href":"https:\/\/api.w.org\/{rel}","templated":true}]}}